{"id":977341,"date":"2018-04-24T20:12:15","date_gmt":"2018-04-24T20:12:15","guid":{"rendered":"http:\/\/www.eldigitaldeasturias.com\/noticias\/?p=977341"},"modified":"2018-04-24T20:12:15","modified_gmt":"2018-04-24T20:12:15","slug":"fernando-benzo-los-derechos-de-propiedad-intelectual-deben-protegerse-en-el-entorno-digital","status":"publish","type":"post","link":"https:\/\/www.eldigitaldeasturias.com\/noticias\/fernando-benzo-los-derechos-de-propiedad-intelectual-deben-protegerse-en-el-entorno-digital\/","title":{"rendered":"Fernando Benzo: \u00abLos derechos de propiedad intelectual deben protegerse en el entorno digital\u00bb"},"content":{"rendered":"<p><img loading=\"lazy\" decoding=\"async\" class=\"alignleft size-medium wp-image-977342\" src=\"https:\/\/www.eldigitaldeasturias.com\/noticias\/wp-content\/uploads\/2018\/04\/240418DiaPropiedadIntelectual-360x239.jpg\" alt=\"\" width=\"360\" height=\"239\" \/>El secretario de Estado de Cultura, Fernando Benzo, ha ratificado su compromiso de \u00abproteger los derechos de propiedad intelectual con las mismas garant\u00edas tanto en el \u00e1mbito anal\u00f3gico como en el digital\u00bb.<\/p>\n<p>Benzo ha hecho estas declaraciones en el acto conmemorativo del D\u00eda Mundial de la Propiedad Intelectual, celebrado en el Senado, que ha organizado la Coalici\u00f3n de Creadores y al que han asistido el secretario de Estado de Agenda Digital, Jos\u00e9 Mar\u00eda Lassalle, los portavoces de cultura de los grupos parlamentarios y de la agregada del Gobierno de Estados Unidos para la Propiedad Intelectual en la Comisi\u00f3n Europea.<\/p>\n<p>En su intervenci\u00f3n, el secretario de Estado de Cultura ha desgranado las l\u00edneas de actuaci\u00f3n, contenidas en Plan Cultura 2020, que contemplan iniciativas en la lucha contra la pirater\u00eda en el \u00e1mbito normativo, formativo y de oferta legal de contenidos.<\/p>\n<p>Entre otras actuaciones \u00abhemos reforzado los medios para ejecutar el procedimiento administrativo-judicial de restablecimiento de la legalidad a trav\u00e9s del cual la Secci\u00f3n Segunda de la Comisi\u00f3n de Propiedad Intelectual cumple con su funci\u00f3n de salvaguarda en Internet\u00bb, ha afirmado Benzo. Como resultado se han reducido los tiempos de tramitaci\u00f3n de los procedimientos administrativo-judiciales en m\u00e1s del 60% con respecto a 2017.<\/p>\n<p>Tambi\u00e9n ha hecho referencia a los \u00faltimos datos del &#8216;Observatorio de la pirater\u00eda y h\u00e1bitos de consumo de contenidos digitales&#8217; que recoge que la pirater\u00eda digital ha descendido por segundo a\u00f1o consecutivo. Estos datos acreditan que las medidas adoptadas por la Secretar\u00eda de Estado de Cultura son \u00abmuy positivas\u00bb, y que \u00abjunto a las nuevas actuaciones previstas, nos mantendr\u00e1n en la senda de disminuci\u00f3n de estas conductas il\u00edcitas\u00bb.<\/p>\n<p>Benzo ha destacado tambi\u00e9n el incremento de m\u00e1s del 45% (600.000 euros) del presupuesto de la Comisi\u00f3n de Propiedad Intelectual en el proyecto de Presupuestos Generales del Estado para 2018, incluido por un acuerdo con el grupo parlamentario de Ciudadanos.<\/p>\n<p><strong>La concienciaci\u00f3n es clave<\/strong><\/p>\n<p>\u00abLa concienciaci\u00f3n de la ciudadan\u00eda es un aspecto clave de en el respeto y defensa de los derechos de propiedad intelectual\u00bb, ha dicho el titular de Cultura y ha informado que este a\u00f1o se celebrar\u00e1n las primeras jornadas en centros escolares sobre la necesidad de respetar la propiedad intelectual en el entorno de las nuevas tecnolog\u00edas gracias al acuerdo alcanzado con el Ministerio del Interior.<\/p>\n<p>Las actuaciones de sensibilizaci\u00f3n puestas en marcha por la Secretaria de Estado de Cultura incluyen la campa\u00f1a de publicidad &#8216;No piratees tu futuro&#8217;, que cuenta con la participaci\u00f3n voluntaria y desinteresada de entidades y empresas como Disney Channel, LaLiga, Mediapro, RTVE, ADIF, Atresmedia, FECE, Telef\u00f3nica-Movistar, Vodafone, Discovery Channel, la Federaci\u00f3n de Gremios de Editores de Espa\u00f1a, DigitalES, Google o la Fundaci\u00f3n Germ\u00e1n S\u00e1nchez Ruip\u00e9rez, entre otros.<\/p>\n<p>Igualmente, las Secretar\u00edas de Estado de Cultura y de Agenda Digital han promovido un C\u00f3digo de Conducta Voluntario, que ha sido propuesto a titulares de derechos, servicios de intermediaci\u00f3n en Internet y servicios de publicidad, para impulsar su colaboraci\u00f3n voluntaria contra los servicios de la sociedad de la informaci\u00f3n vulneradores de derechos de propiedad intelectual.<\/p>\n<p>En la lucha contra la pirater\u00eda, ha finalizado el secretario de Estado de Cultura, \u00abbuscamos la colaboraci\u00f3n y cooperaci\u00f3n entre los agentes implicados y la interadministrativa o gubernamental\u00bb, ya que \u00abs\u00f3lo a trav\u00e9s de estas alianzas podremos desarrollar acciones que redunden en el crecimiento de las oportunidades para crear riqueza y puestos de trabajo, en un apoyo y protecci\u00f3n a los creadores de cultura, y en un mayor beneficio para el conjunto de los ciudadanos que acceden a los contenidos culturales digitales\u00bb.<\/p>\n","protected":false},"excerpt":{"rendered":"<p>El secretario de Estado de Cultura, Fernando Benzo, ha ratificado su compromiso de \u00abproteger los derechos de propiedad intelectual con las mismas garant\u00edas tanto en el \u00e1mbito anal\u00f3gico como en el digital\u00bb. Benzo ha hecho estas declaraciones en el acto conmemorativo del D\u00eda Mundial de la Propiedad Intelectual, celebrado en el Senado, que ha organizado [&hellip;]<\/p>\n","protected":false},"author":1,"featured_media":977342,"comment_status":"closed","ping_status":"closed","sticky":false,"template":"","format":"standard","meta":{"footnotes":""},"categories":[1],"tags":[],"class_list":["post-977341","post","type-post","status-publish","format-standard","has-post-thumbnail","hentry","category-actualidad"],"aioseo_notices":[],"aioseo_head":"\n\t\t<!-- All in One SEO Pro 5.0.1 - aioseo.com -->\n\t<meta name=\"description\" content=\"El secretario de Estado de Cultura, Fernando Benzo, ha ratificado su compromiso de &quot;proteger los derechos de propiedad intelectual con las mismas garant\u00edas tanto en el \u00e1mbito anal\u00f3gico como en el digital&quot;. Benzo ha hecho estas declaraciones en el acto conmemorativo del D\u00eda Mundial de la Propiedad Intelectual, celebrado en el Senado, que ha organizado\" \/>\n\t<meta name=\"robots\" content=\"max-image-preview:large\" \/>\n\t<meta name=\"author\" content=\"El Digital de Asturias\"\/>\n\t<meta name=\"google-site-verification\" content=\"UA-38556648-1\" \/>\n\t<meta name=\"msvalidate.01\" content=\"7dfe9f3f1b24437ab69f4f2559babe99\" \/>\n\t<meta name=\"keywords\" content=\"actualidad\" \/>\n\t<link rel=\"canonical\" href=\"https:\/\/www.eldigitaldeasturias.com\/noticias\/fernando-benzo-los-derechos-de-propiedad-intelectual-deben-protegerse-en-el-entorno-digital\/\" \/>\n\t<meta name=\"generator\" content=\"All in One SEO Pro (AIOSEO) 5.0.1\" \/>\n\t\t<meta property=\"og:locale\" content=\"es_ES\" \/>\n\t\t<meta property=\"og:site_name\" content=\"El Digital de Asturias\" \/>\n\t\t<meta property=\"og:type\" content=\"article\" \/>\n\t\t<meta property=\"og:title\" content=\"Fernando Benzo: \u00abLos derechos de propiedad intelectual deben protegerse en el entorno digital\u00bb - El Digital de Asturias\" \/>\n\t\t<meta property=\"og:description\" content=\"El secretario de Estado de Cultura, Fernando Benzo, ha ratificado su compromiso de &quot;proteger los derechos de propiedad intelectual con las mismas garant\u00edas tanto en el \u00e1mbito anal\u00f3gico como en el digital&quot;. Benzo ha hecho estas declaraciones en el acto conmemorativo del D\u00eda Mundial de la Propiedad Intelectual, celebrado en el Senado, que ha organizado\" \/>\n\t\t<meta property=\"og:url\" content=\"https:\/\/www.eldigitaldeasturias.com\/noticias\/fernando-benzo-los-derechos-de-propiedad-intelectual-deben-protegerse-en-el-entorno-digital\/\" \/>\n\t\t<meta property=\"article:tag\" content=\"actualidad\" \/>\n\t\t<meta property=\"article:published_time\" content=\"2018-04-24T20:12:15+00:00\" \/>\n\t\t<meta property=\"article:modified_time\" content=\"2018-04-24T20:12:15+00:00\" \/>\n\t\t<meta property=\"article:publisher\" content=\"https:\/\/facebook.com\/eldigitaldeasturias\" \/>\n\t\t<meta name=\"twitter:card\" content=\"summary_large_image\" \/>\n\t\t<meta name=\"twitter:title\" content=\"Fernando Benzo: \u00abLos derechos de propiedad intelectual deben protegerse en el entorno digital\u00bb - El Digital de Asturias\" \/>\n\t\t<meta name=\"twitter:description\" content=\"El secretario de Estado de Cultura, Fernando Benzo, ha ratificado su compromiso de &quot;proteger los derechos de propiedad intelectual con las mismas garant\u00edas tanto en el \u00e1mbito anal\u00f3gico como en el digital&quot;. Benzo ha hecho estas declaraciones en el acto conmemorativo del D\u00eda Mundial de la Propiedad Intelectual, celebrado en el Senado, que ha organizado\" \/>\n\t\t<meta name=\"twitter:image\" content=\"https:\/\/www.eldigitaldeasturias.com\/noticias\/wp-content\/uploads\/2020\/12\/EDA-1.jpg\" \/>\n\t\t<meta name=\"twitter:label1\" content=\"Escrito por\" \/>\n\t\t<meta name=\"twitter:data1\" content=\"El Digital de Asturias\" \/>\n\t\t<meta name=\"twitter:label2\" content=\"Tiempo de lectura estimado\" \/>\n\t\t<meta name=\"twitter:data2\" content=\"3 minutos\" \/>\n\t\t<script type=\"application\/ld+json\" class=\"aioseo-schema\">\n\t\t\t{\"@context\":\"https:\\\/\\\/schema.org\",\"@graph\":[{\"@type\":\"BlogPosting\",\"@id\":\"https:\\\/\\\/www.eldigitaldeasturias.com\\\/noticias\\\/fernando-benzo-los-derechos-de-propiedad-intelectual-deben-protegerse-en-el-entorno-digital\\\/#blogposting\",\"name\":\"Fernando Benzo: \\u00abLos derechos de propiedad intelectual deben protegerse en el entorno digital\\u00bb - El Digital de Asturias\",\"headline\":\"Fernando Benzo: \\u00abLos derechos de propiedad intelectual deben protegerse en el entorno digital\\u00bb\",\"author\":{\"@id\":\"https:\\\/\\\/www.eldigitaldeasturias.com\\\/noticias\\\/author\\\/admin\\\/#author\"},\"publisher\":{\"@id\":\"https:\\\/\\\/www.eldigitaldeasturias.com\\\/noticias\\\/#organization\"},\"image\":{\"@type\":\"ImageObject\",\"url\":977342},\"datePublished\":\"2018-04-24T20:12:15+02:00\",\"dateModified\":\"2018-04-24T20:12:15+02:00\",\"inLanguage\":\"es-ES\",\"mainEntityOfPage\":{\"@id\":\"https:\\\/\\\/www.eldigitaldeasturias.com\\\/noticias\\\/fernando-benzo-los-derechos-de-propiedad-intelectual-deben-protegerse-en-el-entorno-digital\\\/#webpage\"},\"isPartOf\":{\"@id\":\"https:\\\/\\\/www.eldigitaldeasturias.com\\\/noticias\\\/fernando-benzo-los-derechos-de-propiedad-intelectual-deben-protegerse-en-el-entorno-digital\\\/#webpage\"},\"articleSection\":\"Actualidad\"},{\"@type\":\"BreadcrumbList\",\"@id\":\"https:\\\/\\\/www.eldigitaldeasturias.com\\\/noticias\\\/fernando-benzo-los-derechos-de-propiedad-intelectual-deben-protegerse-en-el-entorno-digital\\\/#breadcrumblist\",\"itemListElement\":[{\"@type\":\"ListItem\",\"@id\":\"https:\\\/\\\/www.eldigitaldeasturias.com\\\/noticias#listItem\",\"position\":1,\"name\":\"Home\",\"item\":\"https:\\\/\\\/www.eldigitaldeasturias.com\\\/noticias\",\"nextItem\":{\"@type\":\"ListItem\",\"@id\":\"https:\\\/\\\/www.eldigitaldeasturias.com\\\/noticias\\\/category\\\/actualidad\\\/#listItem\",\"name\":\"Actualidad\"}},{\"@type\":\"ListItem\",\"@id\":\"https:\\\/\\\/www.eldigitaldeasturias.com\\\/noticias\\\/category\\\/actualidad\\\/#listItem\",\"position\":2,\"name\":\"Actualidad\",\"item\":\"https:\\\/\\\/www.eldigitaldeasturias.com\\\/noticias\\\/category\\\/actualidad\\\/\",\"nextItem\":{\"@type\":\"ListItem\",\"@id\":\"https:\\\/\\\/www.eldigitaldeasturias.com\\\/noticias\\\/fernando-benzo-los-derechos-de-propiedad-intelectual-deben-protegerse-en-el-entorno-digital\\\/#listItem\",\"name\":\"Fernando Benzo: \\u00abLos derechos de propiedad intelectual deben protegerse en el entorno digital\\u00bb\"},\"previousItem\":{\"@type\":\"ListItem\",\"@id\":\"https:\\\/\\\/www.eldigitaldeasturias.com\\\/noticias#listItem\",\"name\":\"Home\"}},{\"@type\":\"ListItem\",\"@id\":\"https:\\\/\\\/www.eldigitaldeasturias.com\\\/noticias\\\/fernando-benzo-los-derechos-de-propiedad-intelectual-deben-protegerse-en-el-entorno-digital\\\/#listItem\",\"position\":3,\"name\":\"Fernando Benzo: \\u00abLos derechos de propiedad intelectual deben protegerse en el entorno digital\\u00bb\",\"previousItem\":{\"@type\":\"ListItem\",\"@id\":\"https:\\\/\\\/www.eldigitaldeasturias.com\\\/noticias\\\/category\\\/actualidad\\\/#listItem\",\"name\":\"Actualidad\"}}]},{\"@type\":\"Organization\",\"@id\":\"https:\\\/\\\/www.eldigitaldeasturias.com\\\/noticias\\\/#organization\",\"name\":\"El Digital de Asturias\",\"description\":\"Hemeroteca\",\"url\":\"https:\\\/\\\/www.eldigitaldeasturias.com\\\/noticias\\\/\",\"email\":\"info@eldigitaldeasturias.com\",\"telephone\":\"+34652131393\",\"logo\":{\"@type\":\"ImageObject\",\"url\":\"https:\\\/\\\/www.eldigitaldeasturias.com\\\/noticias\\\/wp-content\\\/uploads\\\/2020\\\/12\\\/EDA.jpg\",\"@id\":\"https:\\\/\\\/www.eldigitaldeasturias.com\\\/noticias\\\/fernando-benzo-los-derechos-de-propiedad-intelectual-deben-protegerse-en-el-entorno-digital\\\/#organizationLogo\"},\"image\":{\"@id\":\"https:\\\/\\\/www.eldigitaldeasturias.com\\\/noticias\\\/fernando-benzo-los-derechos-de-propiedad-intelectual-deben-protegerse-en-el-entorno-digital\\\/#organizationLogo\"},\"sameAs\":[\"https:\\\/\\\/facebook.com\\\/eldigitaldeasturias\",\"https:\\\/\\\/www.youtube.com\\\/channel\\\/UCZP-2wLEB9Rv6erhFmqVnvg\"],\"address\":{\"@id\":\"https:\\\/\\\/www.eldigitaldeasturias.com\\\/noticias\\\/#postaladdress\",\"@type\":\"PostalAddress\",\"streetAddress\":\"san antonio 4\",\"postalCode\":\"33430\",\"addressLocality\":\"Cand\\u00e1s\",\"addressRegion\":\"Asturias\",\"addressCountry\":\"ES\"}},{\"@type\":\"Person\",\"@id\":\"https:\\\/\\\/www.eldigitaldeasturias.com\\\/noticias\\\/author\\\/admin\\\/#author\",\"url\":\"https:\\\/\\\/www.eldigitaldeasturias.com\\\/noticias\\\/author\\\/admin\\\/\",\"name\":\"El Digital de Asturias\",\"image\":{\"@type\":\"ImageObject\",\"@id\":\"https:\\\/\\\/www.eldigitaldeasturias.com\\\/noticias\\\/fernando-benzo-los-derechos-de-propiedad-intelectual-deben-protegerse-en-el-entorno-digital\\\/#authorImage\",\"url\":\"https:\\\/\\\/secure.gravatar.com\\\/avatar\\\/df2aeffc32bcd13f8d26072ef8a91b623d677766deac7f97ca815868cd41bf5e?s=96&d=mm&r=g\",\"width\":96,\"height\":96,\"caption\":\"El Digital de Asturias\"}},{\"@type\":\"WebPage\",\"@id\":\"https:\\\/\\\/www.eldigitaldeasturias.com\\\/noticias\\\/fernando-benzo-los-derechos-de-propiedad-intelectual-deben-protegerse-en-el-entorno-digital\\\/#webpage\",\"url\":\"https:\\\/\\\/www.eldigitaldeasturias.com\\\/noticias\\\/fernando-benzo-los-derechos-de-propiedad-intelectual-deben-protegerse-en-el-entorno-digital\\\/\",\"name\":\"Fernando Benzo: \\u00abLos derechos de propiedad intelectual deben protegerse en el entorno digital\\u00bb - El Digital de Asturias\",\"description\":\"El secretario de Estado de Cultura, Fernando Benzo, ha ratificado su compromiso de \\\"proteger los derechos de propiedad intelectual con las mismas garant\\u00edas tanto en el \\u00e1mbito anal\\u00f3gico como en el digital\\\". Benzo ha hecho estas declaraciones en el acto conmemorativo del D\\u00eda Mundial de la Propiedad Intelectual, celebrado en el Senado, que ha organizado\",\"inLanguage\":\"es-ES\",\"isPartOf\":{\"@id\":\"https:\\\/\\\/www.eldigitaldeasturias.com\\\/noticias\\\/#website\"},\"breadcrumb\":{\"@id\":\"https:\\\/\\\/www.eldigitaldeasturias.com\\\/noticias\\\/fernando-benzo-los-derechos-de-propiedad-intelectual-deben-protegerse-en-el-entorno-digital\\\/#breadcrumblist\"},\"author\":{\"@id\":\"https:\\\/\\\/www.eldigitaldeasturias.com\\\/noticias\\\/author\\\/admin\\\/#author\"},\"creator\":{\"@id\":\"https:\\\/\\\/www.eldigitaldeasturias.com\\\/noticias\\\/author\\\/admin\\\/#author\"},\"image\":{\"@type\":\"ImageObject\",\"url\":977342,\"@id\":\"https:\\\/\\\/www.eldigitaldeasturias.com\\\/noticias\\\/fernando-benzo-los-derechos-de-propiedad-intelectual-deben-protegerse-en-el-entorno-digital\\\/#mainImage\"},\"primaryImageOfPage\":{\"@id\":\"https:\\\/\\\/www.eldigitaldeasturias.com\\\/noticias\\\/fernando-benzo-los-derechos-de-propiedad-intelectual-deben-protegerse-en-el-entorno-digital\\\/#mainImage\"},\"datePublished\":\"2018-04-24T20:12:15+02:00\",\"dateModified\":\"2018-04-24T20:12:15+02:00\"},{\"@type\":\"WebSite\",\"@id\":\"https:\\\/\\\/www.eldigitaldeasturias.com\\\/noticias\\\/#website\",\"url\":\"https:\\\/\\\/www.eldigitaldeasturias.com\\\/noticias\\\/\",\"name\":\"El Digital de Asturias - Diario de actualidad y noticias\",\"alternateName\":\"El Digital de Asturias - Diario de actualidad y noticias\",\"description\":\"Hemeroteca\",\"inLanguage\":\"es-ES\",\"publisher\":{\"@id\":\"https:\\\/\\\/www.eldigitaldeasturias.com\\\/noticias\\\/#organization\"}}]}\n\t\t<\/script>\n\t\t<!-- All in One SEO Pro -->\r\n\t\t<title>Fernando Benzo: \u00abLos derechos de propiedad intelectual deben protegerse en el entorno digital\u00bb - El Digital de Asturias<\/title>\n\n","aioseo_head_json":{"title":"Fernando Benzo: \u00abLos derechos de propiedad intelectual deben protegerse en el entorno digital\u00bb - El Digital de Asturias","description":"El secretario de Estado de Cultura, Fernando Benzo, ha ratificado su compromiso de \"proteger los derechos de propiedad intelectual con las mismas garant\u00edas tanto en el \u00e1mbito anal\u00f3gico como en el digital\". Benzo ha hecho estas declaraciones en el acto conmemorativo del D\u00eda Mundial de la Propiedad Intelectual, celebrado en el Senado, que ha organizado","canonical_url":"https:\/\/www.eldigitaldeasturias.com\/noticias\/fernando-benzo-los-derechos-de-propiedad-intelectual-deben-protegerse-en-el-entorno-digital\/","robots":"max-image-preview:large","keywords":"actualidad","webmasterTools":{"google-site-verification":"UA-38556648-1","msvalidate.01":"7dfe9f3f1b24437ab69f4f2559babe99","miscellaneous":""},"schema":{"@context":"https:\/\/schema.org","@graph":[{"@type":"BlogPosting","@id":"https:\/\/www.eldigitaldeasturias.com\/noticias\/fernando-benzo-los-derechos-de-propiedad-intelectual-deben-protegerse-en-el-entorno-digital\/#blogposting","name":"Fernando Benzo: \u00abLos derechos de propiedad intelectual deben protegerse en el entorno digital\u00bb - El Digital de Asturias","headline":"Fernando Benzo: \u00abLos derechos de propiedad intelectual deben protegerse en el entorno digital\u00bb","author":{"@id":"https:\/\/www.eldigitaldeasturias.com\/noticias\/author\/admin\/#author"},"publisher":{"@id":"https:\/\/www.eldigitaldeasturias.com\/noticias\/#organization"},"image":{"@type":"ImageObject","url":977342},"datePublished":"2018-04-24T20:12:15+02:00","dateModified":"2018-04-24T20:12:15+02:00","inLanguage":"es-ES","mainEntityOfPage":{"@id":"https:\/\/www.eldigitaldeasturias.com\/noticias\/fernando-benzo-los-derechos-de-propiedad-intelectual-deben-protegerse-en-el-entorno-digital\/#webpage"},"isPartOf":{"@id":"https:\/\/www.eldigitaldeasturias.com\/noticias\/fernando-benzo-los-derechos-de-propiedad-intelectual-deben-protegerse-en-el-entorno-digital\/#webpage"},"articleSection":"Actualidad"},{"@type":"BreadcrumbList","@id":"https:\/\/www.eldigitaldeasturias.com\/noticias\/fernando-benzo-los-derechos-de-propiedad-intelectual-deben-protegerse-en-el-entorno-digital\/#breadcrumblist","itemListElement":[{"@type":"ListItem","@id":"https:\/\/www.eldigitaldeasturias.com\/noticias#listItem","position":1,"name":"Home","item":"https:\/\/www.eldigitaldeasturias.com\/noticias","nextItem":{"@type":"ListItem","@id":"https:\/\/www.eldigitaldeasturias.com\/noticias\/category\/actualidad\/#listItem","name":"Actualidad"}},{"@type":"ListItem","@id":"https:\/\/www.eldigitaldeasturias.com\/noticias\/category\/actualidad\/#listItem","position":2,"name":"Actualidad","item":"https:\/\/www.eldigitaldeasturias.com\/noticias\/category\/actualidad\/","nextItem":{"@type":"ListItem","@id":"https:\/\/www.eldigitaldeasturias.com\/noticias\/fernando-benzo-los-derechos-de-propiedad-intelectual-deben-protegerse-en-el-entorno-digital\/#listItem","name":"Fernando Benzo: \u00abLos derechos de propiedad intelectual deben protegerse en el entorno digital\u00bb"},"previousItem":{"@type":"ListItem","@id":"https:\/\/www.eldigitaldeasturias.com\/noticias#listItem","name":"Home"}},{"@type":"ListItem","@id":"https:\/\/www.eldigitaldeasturias.com\/noticias\/fernando-benzo-los-derechos-de-propiedad-intelectual-deben-protegerse-en-el-entorno-digital\/#listItem","position":3,"name":"Fernando Benzo: \u00abLos derechos de propiedad intelectual deben protegerse en el entorno digital\u00bb","previousItem":{"@type":"ListItem","@id":"https:\/\/www.eldigitaldeasturias.com\/noticias\/category\/actualidad\/#listItem","name":"Actualidad"}}]},{"@type":"Organization","@id":"https:\/\/www.eldigitaldeasturias.com\/noticias\/#organization","name":"El Digital de Asturias","description":"Hemeroteca","url":"https:\/\/www.eldigitaldeasturias.com\/noticias\/","email":"info@eldigitaldeasturias.com","telephone":"+34652131393","logo":{"@type":"ImageObject","url":"https:\/\/www.eldigitaldeasturias.com\/noticias\/wp-content\/uploads\/2020\/12\/EDA.jpg","@id":"https:\/\/www.eldigitaldeasturias.com\/noticias\/fernando-benzo-los-derechos-de-propiedad-intelectual-deben-protegerse-en-el-entorno-digital\/#organizationLogo"},"image":{"@id":"https:\/\/www.eldigitaldeasturias.com\/noticias\/fernando-benzo-los-derechos-de-propiedad-intelectual-deben-protegerse-en-el-entorno-digital\/#organizationLogo"},"sameAs":["https:\/\/facebook.com\/eldigitaldeasturias","https:\/\/www.youtube.com\/channel\/UCZP-2wLEB9Rv6erhFmqVnvg"],"address":{"@id":"https:\/\/www.eldigitaldeasturias.com\/noticias\/#postaladdress","@type":"PostalAddress","streetAddress":"san antonio 4","postalCode":"33430","addressLocality":"Cand\u00e1s","addressRegion":"Asturias","addressCountry":"ES"}},{"@type":"Person","@id":"https:\/\/www.eldigitaldeasturias.com\/noticias\/author\/admin\/#author","url":"https:\/\/www.eldigitaldeasturias.com\/noticias\/author\/admin\/","name":"El Digital de Asturias","image":{"@type":"ImageObject","@id":"https:\/\/www.eldigitaldeasturias.com\/noticias\/fernando-benzo-los-derechos-de-propiedad-intelectual-deben-protegerse-en-el-entorno-digital\/#authorImage","url":"https:\/\/secure.gravatar.com\/avatar\/df2aeffc32bcd13f8d26072ef8a91b623d677766deac7f97ca815868cd41bf5e?s=96&d=mm&r=g","width":96,"height":96,"caption":"El Digital de Asturias"}},{"@type":"WebPage","@id":"https:\/\/www.eldigitaldeasturias.com\/noticias\/fernando-benzo-los-derechos-de-propiedad-intelectual-deben-protegerse-en-el-entorno-digital\/#webpage","url":"https:\/\/www.eldigitaldeasturias.com\/noticias\/fernando-benzo-los-derechos-de-propiedad-intelectual-deben-protegerse-en-el-entorno-digital\/","name":"Fernando Benzo: \u00abLos derechos de propiedad intelectual deben protegerse en el entorno digital\u00bb - El Digital de Asturias","description":"El secretario de Estado de Cultura, Fernando Benzo, ha ratificado su compromiso de \"proteger los derechos de propiedad intelectual con las mismas garant\u00edas tanto en el \u00e1mbito anal\u00f3gico como en el digital\". Benzo ha hecho estas declaraciones en el acto conmemorativo del D\u00eda Mundial de la Propiedad Intelectual, celebrado en el Senado, que ha organizado","inLanguage":"es-ES","isPartOf":{"@id":"https:\/\/www.eldigitaldeasturias.com\/noticias\/#website"},"breadcrumb":{"@id":"https:\/\/www.eldigitaldeasturias.com\/noticias\/fernando-benzo-los-derechos-de-propiedad-intelectual-deben-protegerse-en-el-entorno-digital\/#breadcrumblist"},"author":{"@id":"https:\/\/www.eldigitaldeasturias.com\/noticias\/author\/admin\/#author"},"creator":{"@id":"https:\/\/www.eldigitaldeasturias.com\/noticias\/author\/admin\/#author"},"image":{"@type":"ImageObject","url":977342,"@id":"https:\/\/www.eldigitaldeasturias.com\/noticias\/fernando-benzo-los-derechos-de-propiedad-intelectual-deben-protegerse-en-el-entorno-digital\/#mainImage"},"primaryImageOfPage":{"@id":"https:\/\/www.eldigitaldeasturias.com\/noticias\/fernando-benzo-los-derechos-de-propiedad-intelectual-deben-protegerse-en-el-entorno-digital\/#mainImage"},"datePublished":"2018-04-24T20:12:15+02:00","dateModified":"2018-04-24T20:12:15+02:00"},{"@type":"WebSite","@id":"https:\/\/www.eldigitaldeasturias.com\/noticias\/#website","url":"https:\/\/www.eldigitaldeasturias.com\/noticias\/","name":"El Digital de Asturias - Diario de actualidad y noticias","alternateName":"El Digital de Asturias - Diario de actualidad y noticias","description":"Hemeroteca","inLanguage":"es-ES","publisher":{"@id":"https:\/\/www.eldigitaldeasturias.com\/noticias\/#organization"}}]},"og:locale":"es_ES","og:site_name":"El Digital de Asturias","og:type":"article","og:title":"Fernando Benzo: \u00abLos derechos de propiedad intelectual deben protegerse en el entorno digital\u00bb - El Digital de Asturias","og:description":"El secretario de Estado de Cultura, Fernando Benzo, ha ratificado su compromiso de &quot;proteger los derechos de propiedad intelectual con las mismas garant\u00edas tanto en el \u00e1mbito anal\u00f3gico como en el digital&quot;. Benzo ha hecho estas declaraciones en el acto conmemorativo del D\u00eda Mundial de la Propiedad Intelectual, celebrado en el Senado, que ha organizado","og:url":"https:\/\/www.eldigitaldeasturias.com\/noticias\/fernando-benzo-los-derechos-de-propiedad-intelectual-deben-protegerse-en-el-entorno-digital\/","article:tag":["actualidad"],"article:published_time":"2018-04-24T20:12:15+00:00","article:modified_time":"2018-04-24T20:12:15+00:00","article:publisher":"https:\/\/facebook.com\/eldigitaldeasturias","twitter:card":"summary_large_image","twitter:title":"Fernando Benzo: \u00abLos derechos de propiedad intelectual deben protegerse en el entorno digital\u00bb - El Digital de Asturias","twitter:description":"El secretario de Estado de Cultura, Fernando Benzo, ha ratificado su compromiso de &quot;proteger los derechos de propiedad intelectual con las mismas garant\u00edas tanto en el \u00e1mbito anal\u00f3gico como en el digital&quot;. Benzo ha hecho estas declaraciones en el acto conmemorativo del D\u00eda Mundial de la Propiedad Intelectual, celebrado en el Senado, que ha organizado","twitter:image":"https:\/\/www.eldigitaldeasturias.com\/noticias\/wp-content\/uploads\/2020\/12\/EDA-1.jpg","twitter:label1":"Escrito por","twitter:data1":"El Digital de Asturias","twitter:label2":"Tiempo de lectura estimado","twitter:data2":"3 minutos"},"aioseo_meta_data":{"post_id":"977341","title":null,"description":null,"keywords":null,"keyphrases":null,"primary_term":null,"canonical_url":null,"og_title":null,"og_description":null,"og_object_type":"default","og_image_type":"default","og_image_url":null,"og_image_width":null,"og_image_height":null,"og_image_custom_url":null,"og_image_custom_fields":null,"og_video":null,"og_custom_url":null,"og_article_section":null,"og_article_tags":null,"twitter_use_og":false,"twitter_card":"default","twitter_image_type":"default","twitter_image_url":null,"twitter_image_custom_url":null,"twitter_image_custom_fields":null,"twitter_title":null,"twitter_description":null,"schema":{"blockGraphs":[],"customGraphs":[],"default":{"data":{"Article":[],"Course":[],"Dataset":[],"FAQPage":[],"Movie":[],"Person":[],"Product":[],"ProductReview":[],"Car":[],"Recipe":[],"Service":[],"SoftwareApplication":[],"WebPage":[]},"graphName":"","isEnabled":true},"graphs":[],"defaultGraph":"","defaultPostTypeGraph":""},"schema_type":null,"schema_type_options":null,"pillar_content":false,"robots_default":true,"robots_noindex":false,"robots_noarchive":false,"robots_nosnippet":false,"robots_nofollow":false,"robots_noimageindex":false,"robots_noodp":false,"robots_notranslate":false,"robots_max_snippet":null,"robots_max_videopreview":null,"robots_max_imagepreview":"large","priority":null,"frequency":null,"local_seo":null,"seo_analyzer_scan_date":"2025-10-08 07:06:07","breadcrumb_settings":null,"limit_modified_date":false,"open_ai":null,"ai":null,"created":"2020-12-21 12:05:37","updated":"2025-10-08 07:06:07","focus_keyword":null,"additional_keywords":null,"truseo_locale":null},"aioseo_breadcrumb":"<div class=\"aioseo-breadcrumbs\"><span class=\"aioseo-breadcrumb\">\n\t<a href=\"https:\/\/www.eldigitaldeasturias.com\/noticias\" title=\"Home\">Home<\/a>\n<\/span><span class=\"aioseo-breadcrumb-separator\">\u2013<\/span><span class=\"aioseo-breadcrumb\">\n\t<a href=\"https:\/\/www.eldigitaldeasturias.com\/noticias\/category\/actualidad\/\" title=\"Actualidad\">Actualidad<\/a>\n<\/span><span class=\"aioseo-breadcrumb-separator\">\u2013<\/span><span class=\"aioseo-breadcrumb\">\n\t<a href=\"https:\/\/www.eldigitaldeasturias.com\/noticias\/fernando-benzo-los-derechos-de-propiedad-intelectual-deben-protegerse-en-el-entorno-digital\/\" title=\"Fernando Benzo: \u00abLos derechos de propiedad intelectual deben protegerse en el entorno digital\u00bb\">Fernando Benzo: \u00abLos derechos de propiedad intelectual deben protegerse en el entorno digital\u00bb<\/a>\n<\/span><\/div>","aioseo_breadcrumb_json":[{"label":"Home","link":"https:\/\/www.eldigitaldeasturias.com\/noticias"},{"label":"Actualidad","link":"https:\/\/www.eldigitaldeasturias.com\/noticias\/category\/actualidad\/"},{"label":"Fernando Benzo: \u00abLos derechos de propiedad intelectual deben protegerse en el entorno digital\u00bb","link":"https:\/\/www.eldigitaldeasturias.com\/noticias\/fernando-benzo-los-derechos-de-propiedad-intelectual-deben-protegerse-en-el-entorno-digital\/"}],"_links":{"self":[{"href":"https:\/\/www.eldigitaldeasturias.com\/noticias\/wp-json\/wp\/v2\/posts\/977341","targetHints":{"allow":["GET"]}}],"collection":[{"href":"https:\/\/www.eldigitaldeasturias.com\/noticias\/wp-json\/wp\/v2\/posts"}],"about":[{"href":"https:\/\/www.eldigitaldeasturias.com\/noticias\/wp-json\/wp\/v2\/types\/post"}],"author":[{"embeddable":true,"href":"https:\/\/www.eldigitaldeasturias.com\/noticias\/wp-json\/wp\/v2\/users\/1"}],"replies":[{"embeddable":true,"href":"https:\/\/www.eldigitaldeasturias.com\/noticias\/wp-json\/wp\/v2\/comments?post=977341"}],"version-history":[{"count":0,"href":"https:\/\/www.eldigitaldeasturias.com\/noticias\/wp-json\/wp\/v2\/posts\/977341\/revisions"}],"wp:attachment":[{"href":"https:\/\/www.eldigitaldeasturias.com\/noticias\/wp-json\/wp\/v2\/media?parent=977341"}],"wp:term":[{"taxonomy":"category","embeddable":true,"href":"https:\/\/www.eldigitaldeasturias.com\/noticias\/wp-json\/wp\/v2\/categories?post=977341"},{"taxonomy":"post_tag","embeddable":true,"href":"https:\/\/www.eldigitaldeasturias.com\/noticias\/wp-json\/wp\/v2\/tags?post=977341"}],"curies":[{"name":"wp","href":"https:\/\/api.w.org\/{rel}","templated":true}]}}