{"id":977332,"date":"2018-04-24T20:05:13","date_gmt":"2018-04-24T20:05:13","guid":{"rendered":"http:\/\/www.eldigitaldeasturias.com\/noticias\/?p=977332"},"modified":"2018-04-24T20:05:13","modified_gmt":"2018-04-24T20:05:13","slug":"zoido-mali-es-un-socio-imprescindible-de-espana","status":"publish","type":"post","link":"https:\/\/www.eldigitaldeasturias.com\/noticias\/zoido-mali-es-un-socio-imprescindible-de-espana\/","title":{"rendered":"Zoido: \u00abMali es un socio imprescindible de Espa\u00f1a\u201d"},"content":{"rendered":"<p><img loading=\"lazy\" decoding=\"async\" class=\"alignleft size-medium wp-image-977333\" src=\"https:\/\/www.eldigitaldeasturias.com\/noticias\/wp-content\/uploads\/2018\/04\/230418-zoido-360x239.jpg\" alt=\"\" width=\"360\" height=\"239\" \/>El ministro del Interior, Juan Ignacio Zoido, se ha reunido en la sede del Ministerio del Interior, en Madrid, con el ministro de Malienses en el Exterior y de la Integraci\u00f3n Africana de Mali, Abdramane Sylla.<\/p>\n<p>\u200bDurante este encuentro, en el que los ministros han abordado diversos asuntos relacionados con la cooperaci\u00f3n bilateral entre Espa\u00f1a y Mali, Juan Ignacio Zoido les ha transmitido que Mali es un pa\u00eds de inter\u00e9s prioritario para Espa\u00f1a as\u00ed como el Sahel en su conjunto. Adem\u00e1s, ha subrayado que \u00abel compromiso con Mali y el Sahel es multidisciplinar y, por ello, apoyamos las iniciativas que se centran en el \u00e1mbito de la seguridad pero tambi\u00e9n en materia de cooperaci\u00f3n al desarrollo como son las iniciativas G5 Sahel, la Fuerza Conjunta G5 Sahel o la Alianza Sahel\u00bb.<\/p>\n<p>El ministro del Interior ha se\u00f1alado en esta reuni\u00f3n el inter\u00e9s de Espa\u00f1a de seguir manteniendo la \u00abexcelente cooperaci\u00f3n bilateral\u00bb que existe en materia migratoria con Mali. En este sentido, les ha trasladado que en materia de lucha contra la inmigraci\u00f3n irregular la mejor f\u00f3rmula para combatir a las redes que trafican con seres humanos es la prevenci\u00f3n en origen y la cooperaci\u00f3n \u00abfranca y sincera\u00bb con los pa\u00edses que son origen y tr\u00e1nsito de los flujos migratorios.<\/p>\n<p>Zoido ha afirmado, y as\u00ed se lo ha trasladado a los ministros malienses, que Mali es un ejemplo claro de colaboraci\u00f3n y un socio imprescindible de Espa\u00f1a para controlar los flujos migratorios irregulares y les ha agradecido su colaboraci\u00f3n en materia de repatriaciones del pasado.<\/p>\n<p><strong>Cooperaci\u00f3n policial internacional<\/strong><\/p>\n<p>Juan Ignacio Zoido se ha comprometido a seguir invitando a los miembros de las Fuerzas y Cuerpos de Seguridad de Mali a participar en los cursos de formaci\u00f3n y de especializaci\u00f3n en las academias de la Polic\u00eda Nacional y de la Guardia Civil; desde el a\u00f1o 2008 cerca de 100 agentes malienses han participado en diversos cursos policiales en Espa\u00f1a.<\/p>\n<p>Adem\u00e1s, el ministro ha asegurado que en el marco de la Uni\u00f3n Europea, Espa\u00f1a seguir\u00e1 trabajando e impulsando proyectos que ayuden a Mali a la creaci\u00f3n de estructuras y capacidades que supongan una mejora de la gesti\u00f3n de la seguridad.<\/p>\n<p>En este punto, ha recordado algunos proyectos de gran importancia como el GAR-SI Sahel, el Blue Sahel, la misi\u00f3n EUCAP Sahel Mali, entre otros, as\u00ed como el MINUSMA (Misi\u00f3n Multidisciplinar Integral de Estabilizaci\u00f3n en Mali) de Naciones Unidas con expertos de las Fuerzas y Cuerpos de Seguridad del Estado para asesorar en materia de inteligencia criminal.<\/p>\n<p>&nbsp;<\/p>\n","protected":false},"excerpt":{"rendered":"<p>El ministro del Interior, Juan Ignacio Zoido, se ha reunido en la sede del Ministerio del Interior, en Madrid, con el ministro de Malienses en el Exterior y de la Integraci\u00f3n Africana de Mali, Abdramane Sylla. \u200bDurante este encuentro, en el que los ministros han abordado diversos asuntos relacionados con la cooperaci\u00f3n bilateral entre Espa\u00f1a [&hellip;]<\/p>\n","protected":false},"author":1,"featured_media":977333,"comment_status":"closed","ping_status":"closed","sticky":false,"template":"","format":"standard","meta":{"footnotes":""},"categories":[1],"tags":[],"class_list":["post-977332","post","type-post","status-publish","format-standard","has-post-thumbnail","hentry","category-actualidad"],"aioseo_notices":[],"aioseo_head":"\n\t\t<!-- All in One SEO Pro 5.0.1 - aioseo.com -->\n\t<meta name=\"description\" content=\"El ministro del Interior, Juan Ignacio Zoido, se ha reunido en la sede del Ministerio del Interior, en Madrid, con el ministro de Malienses en el Exterior y de la Integraci\u00f3n Africana de Mali, Abdramane Sylla. \u200bDurante este encuentro, en el que los ministros han abordado diversos asuntos relacionados con la cooperaci\u00f3n bilateral entre Espa\u00f1a\" \/>\n\t<meta name=\"robots\" content=\"max-image-preview:large\" \/>\n\t<meta name=\"author\" content=\"El Digital de Asturias\"\/>\n\t<meta name=\"google-site-verification\" content=\"UA-38556648-1\" \/>\n\t<meta name=\"msvalidate.01\" content=\"7dfe9f3f1b24437ab69f4f2559babe99\" \/>\n\t<meta name=\"keywords\" content=\"actualidad\" \/>\n\t<link rel=\"canonical\" href=\"https:\/\/www.eldigitaldeasturias.com\/noticias\/zoido-mali-es-un-socio-imprescindible-de-espana\/\" \/>\n\t<meta name=\"generator\" content=\"All in One SEO Pro (AIOSEO) 5.0.1\" \/>\n\t\t<meta property=\"og:locale\" content=\"es_ES\" \/>\n\t\t<meta property=\"og:site_name\" content=\"El Digital de Asturias\" \/>\n\t\t<meta property=\"og:type\" content=\"article\" \/>\n\t\t<meta property=\"og:title\" content=\"Zoido: \u00abMali es un socio imprescindible de Espa\u00f1a\u201d - El Digital de Asturias\" \/>\n\t\t<meta property=\"og:description\" content=\"El ministro del Interior, Juan Ignacio Zoido, se ha reunido en la sede del Ministerio del Interior, en Madrid, con el ministro de Malienses en el Exterior y de la Integraci\u00f3n Africana de Mali, Abdramane Sylla. \u200bDurante este encuentro, en el que los ministros han abordado diversos asuntos relacionados con la cooperaci\u00f3n bilateral entre Espa\u00f1a\" \/>\n\t\t<meta property=\"og:url\" content=\"https:\/\/www.eldigitaldeasturias.com\/noticias\/zoido-mali-es-un-socio-imprescindible-de-espana\/\" \/>\n\t\t<meta property=\"article:tag\" content=\"actualidad\" \/>\n\t\t<meta property=\"article:published_time\" content=\"2018-04-24T20:05:13+00:00\" \/>\n\t\t<meta property=\"article:modified_time\" content=\"2018-04-24T20:05:13+00:00\" \/>\n\t\t<meta property=\"article:publisher\" content=\"https:\/\/facebook.com\/eldigitaldeasturias\" \/>\n\t\t<meta name=\"twitter:card\" content=\"summary_large_image\" \/>\n\t\t<meta name=\"twitter:title\" content=\"Zoido: \u00abMali es un socio imprescindible de Espa\u00f1a\u201d - El Digital de Asturias\" \/>\n\t\t<meta name=\"twitter:description\" content=\"El ministro del Interior, Juan Ignacio Zoido, se ha reunido en la sede del Ministerio del Interior, en Madrid, con el ministro de Malienses en el Exterior y de la Integraci\u00f3n Africana de Mali, Abdramane Sylla. \u200bDurante este encuentro, en el que los ministros han abordado diversos asuntos relacionados con la cooperaci\u00f3n bilateral entre Espa\u00f1a\" \/>\n\t\t<meta name=\"twitter:image\" content=\"https:\/\/www.eldigitaldeasturias.com\/noticias\/wp-content\/uploads\/2020\/12\/EDA-1.jpg\" \/>\n\t\t<meta name=\"twitter:label1\" content=\"Escrito por\" \/>\n\t\t<meta name=\"twitter:data1\" content=\"El Digital de Asturias\" \/>\n\t\t<meta name=\"twitter:label2\" content=\"Tiempo de lectura estimado\" \/>\n\t\t<meta name=\"twitter:data2\" content=\"2 minutos\" \/>\n\t\t<script type=\"application\/ld+json\" class=\"aioseo-schema\">\n\t\t\t{\"@context\":\"https:\\\/\\\/schema.org\",\"@graph\":[{\"@type\":\"BlogPosting\",\"@id\":\"https:\\\/\\\/www.eldigitaldeasturias.com\\\/noticias\\\/zoido-mali-es-un-socio-imprescindible-de-espana\\\/#blogposting\",\"name\":\"Zoido: \\u00abMali es un socio imprescindible de Espa\\u00f1a\\u201d - El Digital de Asturias\",\"headline\":\"Zoido: \\u00abMali es un socio imprescindible de Espa\\u00f1a\\u201d\",\"author\":{\"@id\":\"https:\\\/\\\/www.eldigitaldeasturias.com\\\/noticias\\\/author\\\/admin\\\/#author\"},\"publisher\":{\"@id\":\"https:\\\/\\\/www.eldigitaldeasturias.com\\\/noticias\\\/#organization\"},\"image\":{\"@type\":\"ImageObject\",\"url\":977333},\"datePublished\":\"2018-04-24T20:05:13+02:00\",\"dateModified\":\"2018-04-24T20:05:13+02:00\",\"inLanguage\":\"es-ES\",\"mainEntityOfPage\":{\"@id\":\"https:\\\/\\\/www.eldigitaldeasturias.com\\\/noticias\\\/zoido-mali-es-un-socio-imprescindible-de-espana\\\/#webpage\"},\"isPartOf\":{\"@id\":\"https:\\\/\\\/www.eldigitaldeasturias.com\\\/noticias\\\/zoido-mali-es-un-socio-imprescindible-de-espana\\\/#webpage\"},\"articleSection\":\"Actualidad\"},{\"@type\":\"BreadcrumbList\",\"@id\":\"https:\\\/\\\/www.eldigitaldeasturias.com\\\/noticias\\\/zoido-mali-es-un-socio-imprescindible-de-espana\\\/#breadcrumblist\",\"itemListElement\":[{\"@type\":\"ListItem\",\"@id\":\"https:\\\/\\\/www.eldigitaldeasturias.com\\\/noticias#listItem\",\"position\":1,\"name\":\"Home\",\"item\":\"https:\\\/\\\/www.eldigitaldeasturias.com\\\/noticias\",\"nextItem\":{\"@type\":\"ListItem\",\"@id\":\"https:\\\/\\\/www.eldigitaldeasturias.com\\\/noticias\\\/category\\\/actualidad\\\/#listItem\",\"name\":\"Actualidad\"}},{\"@type\":\"ListItem\",\"@id\":\"https:\\\/\\\/www.eldigitaldeasturias.com\\\/noticias\\\/category\\\/actualidad\\\/#listItem\",\"position\":2,\"name\":\"Actualidad\",\"item\":\"https:\\\/\\\/www.eldigitaldeasturias.com\\\/noticias\\\/category\\\/actualidad\\\/\",\"nextItem\":{\"@type\":\"ListItem\",\"@id\":\"https:\\\/\\\/www.eldigitaldeasturias.com\\\/noticias\\\/zoido-mali-es-un-socio-imprescindible-de-espana\\\/#listItem\",\"name\":\"Zoido: \\u00abMali es un socio imprescindible de Espa\\u00f1a\\u201d\"},\"previousItem\":{\"@type\":\"ListItem\",\"@id\":\"https:\\\/\\\/www.eldigitaldeasturias.com\\\/noticias#listItem\",\"name\":\"Home\"}},{\"@type\":\"ListItem\",\"@id\":\"https:\\\/\\\/www.eldigitaldeasturias.com\\\/noticias\\\/zoido-mali-es-un-socio-imprescindible-de-espana\\\/#listItem\",\"position\":3,\"name\":\"Zoido: \\u00abMali es un socio imprescindible de Espa\\u00f1a\\u201d\",\"previousItem\":{\"@type\":\"ListItem\",\"@id\":\"https:\\\/\\\/www.eldigitaldeasturias.com\\\/noticias\\\/category\\\/actualidad\\\/#listItem\",\"name\":\"Actualidad\"}}]},{\"@type\":\"Organization\",\"@id\":\"https:\\\/\\\/www.eldigitaldeasturias.com\\\/noticias\\\/#organization\",\"name\":\"El Digital de Asturias\",\"description\":\"Hemeroteca\",\"url\":\"https:\\\/\\\/www.eldigitaldeasturias.com\\\/noticias\\\/\",\"email\":\"info@eldigitaldeasturias.com\",\"telephone\":\"+34652131393\",\"logo\":{\"@type\":\"ImageObject\",\"url\":\"https:\\\/\\\/www.eldigitaldeasturias.com\\\/noticias\\\/wp-content\\\/uploads\\\/2020\\\/12\\\/EDA.jpg\",\"@id\":\"https:\\\/\\\/www.eldigitaldeasturias.com\\\/noticias\\\/zoido-mali-es-un-socio-imprescindible-de-espana\\\/#organizationLogo\"},\"image\":{\"@id\":\"https:\\\/\\\/www.eldigitaldeasturias.com\\\/noticias\\\/zoido-mali-es-un-socio-imprescindible-de-espana\\\/#organizationLogo\"},\"sameAs\":[\"https:\\\/\\\/facebook.com\\\/eldigitaldeasturias\",\"https:\\\/\\\/www.youtube.com\\\/channel\\\/UCZP-2wLEB9Rv6erhFmqVnvg\"],\"address\":{\"@id\":\"https:\\\/\\\/www.eldigitaldeasturias.com\\\/noticias\\\/#postaladdress\",\"@type\":\"PostalAddress\",\"streetAddress\":\"san antonio 4\",\"postalCode\":\"33430\",\"addressLocality\":\"Cand\\u00e1s\",\"addressRegion\":\"Asturias\",\"addressCountry\":\"ES\"}},{\"@type\":\"Person\",\"@id\":\"https:\\\/\\\/www.eldigitaldeasturias.com\\\/noticias\\\/author\\\/admin\\\/#author\",\"url\":\"https:\\\/\\\/www.eldigitaldeasturias.com\\\/noticias\\\/author\\\/admin\\\/\",\"name\":\"El Digital de Asturias\",\"image\":{\"@type\":\"ImageObject\",\"@id\":\"https:\\\/\\\/www.eldigitaldeasturias.com\\\/noticias\\\/zoido-mali-es-un-socio-imprescindible-de-espana\\\/#authorImage\",\"url\":\"https:\\\/\\\/secure.gravatar.com\\\/avatar\\\/df2aeffc32bcd13f8d26072ef8a91b623d677766deac7f97ca815868cd41bf5e?s=96&d=mm&r=g\",\"width\":96,\"height\":96,\"caption\":\"El Digital de Asturias\"}},{\"@type\":\"WebPage\",\"@id\":\"https:\\\/\\\/www.eldigitaldeasturias.com\\\/noticias\\\/zoido-mali-es-un-socio-imprescindible-de-espana\\\/#webpage\",\"url\":\"https:\\\/\\\/www.eldigitaldeasturias.com\\\/noticias\\\/zoido-mali-es-un-socio-imprescindible-de-espana\\\/\",\"name\":\"Zoido: \\u00abMali es un socio imprescindible de Espa\\u00f1a\\u201d - El Digital de Asturias\",\"description\":\"El ministro del Interior, Juan Ignacio Zoido, se ha reunido en la sede del Ministerio del Interior, en Madrid, con el ministro de Malienses en el Exterior y de la Integraci\\u00f3n Africana de Mali, Abdramane Sylla. \\u200bDurante este encuentro, en el que los ministros han abordado diversos asuntos relacionados con la cooperaci\\u00f3n bilateral entre Espa\\u00f1a\",\"inLanguage\":\"es-ES\",\"isPartOf\":{\"@id\":\"https:\\\/\\\/www.eldigitaldeasturias.com\\\/noticias\\\/#website\"},\"breadcrumb\":{\"@id\":\"https:\\\/\\\/www.eldigitaldeasturias.com\\\/noticias\\\/zoido-mali-es-un-socio-imprescindible-de-espana\\\/#breadcrumblist\"},\"author\":{\"@id\":\"https:\\\/\\\/www.eldigitaldeasturias.com\\\/noticias\\\/author\\\/admin\\\/#author\"},\"creator\":{\"@id\":\"https:\\\/\\\/www.eldigitaldeasturias.com\\\/noticias\\\/author\\\/admin\\\/#author\"},\"image\":{\"@type\":\"ImageObject\",\"url\":977333,\"@id\":\"https:\\\/\\\/www.eldigitaldeasturias.com\\\/noticias\\\/zoido-mali-es-un-socio-imprescindible-de-espana\\\/#mainImage\"},\"primaryImageOfPage\":{\"@id\":\"https:\\\/\\\/www.eldigitaldeasturias.com\\\/noticias\\\/zoido-mali-es-un-socio-imprescindible-de-espana\\\/#mainImage\"},\"datePublished\":\"2018-04-24T20:05:13+02:00\",\"dateModified\":\"2018-04-24T20:05:13+02:00\"},{\"@type\":\"WebSite\",\"@id\":\"https:\\\/\\\/www.eldigitaldeasturias.com\\\/noticias\\\/#website\",\"url\":\"https:\\\/\\\/www.eldigitaldeasturias.com\\\/noticias\\\/\",\"name\":\"El Digital de Asturias - Diario de actualidad y noticias\",\"alternateName\":\"El Digital de Asturias - Diario de actualidad y noticias\",\"description\":\"Hemeroteca\",\"inLanguage\":\"es-ES\",\"publisher\":{\"@id\":\"https:\\\/\\\/www.eldigitaldeasturias.com\\\/noticias\\\/#organization\"}}]}\n\t\t<\/script>\n\t\t<!-- All in One SEO Pro -->\r\n\t\t<title>Zoido: \u00abMali es un socio imprescindible de Espa\u00f1a\u201d - El Digital de Asturias<\/title>\n\n","aioseo_head_json":{"title":"Zoido: \u00abMali es un socio imprescindible de Espa\u00f1a\u201d - El Digital de Asturias","description":"El ministro del Interior, Juan Ignacio Zoido, se ha reunido en la sede del Ministerio del Interior, en Madrid, con el ministro de Malienses en el Exterior y de la Integraci\u00f3n Africana de Mali, Abdramane Sylla. \u200bDurante este encuentro, en el que los ministros han abordado diversos asuntos relacionados con la cooperaci\u00f3n bilateral entre Espa\u00f1a","canonical_url":"https:\/\/www.eldigitaldeasturias.com\/noticias\/zoido-mali-es-un-socio-imprescindible-de-espana\/","robots":"max-image-preview:large","keywords":"actualidad","webmasterTools":{"google-site-verification":"UA-38556648-1","msvalidate.01":"7dfe9f3f1b24437ab69f4f2559babe99","miscellaneous":""},"schema":{"@context":"https:\/\/schema.org","@graph":[{"@type":"BlogPosting","@id":"https:\/\/www.eldigitaldeasturias.com\/noticias\/zoido-mali-es-un-socio-imprescindible-de-espana\/#blogposting","name":"Zoido: \u00abMali es un socio imprescindible de Espa\u00f1a\u201d - El Digital de Asturias","headline":"Zoido: \u00abMali es un socio imprescindible de Espa\u00f1a\u201d","author":{"@id":"https:\/\/www.eldigitaldeasturias.com\/noticias\/author\/admin\/#author"},"publisher":{"@id":"https:\/\/www.eldigitaldeasturias.com\/noticias\/#organization"},"image":{"@type":"ImageObject","url":977333},"datePublished":"2018-04-24T20:05:13+02:00","dateModified":"2018-04-24T20:05:13+02:00","inLanguage":"es-ES","mainEntityOfPage":{"@id":"https:\/\/www.eldigitaldeasturias.com\/noticias\/zoido-mali-es-un-socio-imprescindible-de-espana\/#webpage"},"isPartOf":{"@id":"https:\/\/www.eldigitaldeasturias.com\/noticias\/zoido-mali-es-un-socio-imprescindible-de-espana\/#webpage"},"articleSection":"Actualidad"},{"@type":"BreadcrumbList","@id":"https:\/\/www.eldigitaldeasturias.com\/noticias\/zoido-mali-es-un-socio-imprescindible-de-espana\/#breadcrumblist","itemListElement":[{"@type":"ListItem","@id":"https:\/\/www.eldigitaldeasturias.com\/noticias#listItem","position":1,"name":"Home","item":"https:\/\/www.eldigitaldeasturias.com\/noticias","nextItem":{"@type":"ListItem","@id":"https:\/\/www.eldigitaldeasturias.com\/noticias\/category\/actualidad\/#listItem","name":"Actualidad"}},{"@type":"ListItem","@id":"https:\/\/www.eldigitaldeasturias.com\/noticias\/category\/actualidad\/#listItem","position":2,"name":"Actualidad","item":"https:\/\/www.eldigitaldeasturias.com\/noticias\/category\/actualidad\/","nextItem":{"@type":"ListItem","@id":"https:\/\/www.eldigitaldeasturias.com\/noticias\/zoido-mali-es-un-socio-imprescindible-de-espana\/#listItem","name":"Zoido: \u00abMali es un socio imprescindible de Espa\u00f1a\u201d"},"previousItem":{"@type":"ListItem","@id":"https:\/\/www.eldigitaldeasturias.com\/noticias#listItem","name":"Home"}},{"@type":"ListItem","@id":"https:\/\/www.eldigitaldeasturias.com\/noticias\/zoido-mali-es-un-socio-imprescindible-de-espana\/#listItem","position":3,"name":"Zoido: \u00abMali es un socio imprescindible de Espa\u00f1a\u201d","previousItem":{"@type":"ListItem","@id":"https:\/\/www.eldigitaldeasturias.com\/noticias\/category\/actualidad\/#listItem","name":"Actualidad"}}]},{"@type":"Organization","@id":"https:\/\/www.eldigitaldeasturias.com\/noticias\/#organization","name":"El Digital de Asturias","description":"Hemeroteca","url":"https:\/\/www.eldigitaldeasturias.com\/noticias\/","email":"info@eldigitaldeasturias.com","telephone":"+34652131393","logo":{"@type":"ImageObject","url":"https:\/\/www.eldigitaldeasturias.com\/noticias\/wp-content\/uploads\/2020\/12\/EDA.jpg","@id":"https:\/\/www.eldigitaldeasturias.com\/noticias\/zoido-mali-es-un-socio-imprescindible-de-espana\/#organizationLogo"},"image":{"@id":"https:\/\/www.eldigitaldeasturias.com\/noticias\/zoido-mali-es-un-socio-imprescindible-de-espana\/#organizationLogo"},"sameAs":["https:\/\/facebook.com\/eldigitaldeasturias","https:\/\/www.youtube.com\/channel\/UCZP-2wLEB9Rv6erhFmqVnvg"],"address":{"@id":"https:\/\/www.eldigitaldeasturias.com\/noticias\/#postaladdress","@type":"PostalAddress","streetAddress":"san antonio 4","postalCode":"33430","addressLocality":"Cand\u00e1s","addressRegion":"Asturias","addressCountry":"ES"}},{"@type":"Person","@id":"https:\/\/www.eldigitaldeasturias.com\/noticias\/author\/admin\/#author","url":"https:\/\/www.eldigitaldeasturias.com\/noticias\/author\/admin\/","name":"El Digital de Asturias","image":{"@type":"ImageObject","@id":"https:\/\/www.eldigitaldeasturias.com\/noticias\/zoido-mali-es-un-socio-imprescindible-de-espana\/#authorImage","url":"https:\/\/secure.gravatar.com\/avatar\/df2aeffc32bcd13f8d26072ef8a91b623d677766deac7f97ca815868cd41bf5e?s=96&d=mm&r=g","width":96,"height":96,"caption":"El Digital de Asturias"}},{"@type":"WebPage","@id":"https:\/\/www.eldigitaldeasturias.com\/noticias\/zoido-mali-es-un-socio-imprescindible-de-espana\/#webpage","url":"https:\/\/www.eldigitaldeasturias.com\/noticias\/zoido-mali-es-un-socio-imprescindible-de-espana\/","name":"Zoido: \u00abMali es un socio imprescindible de Espa\u00f1a\u201d - El Digital de Asturias","description":"El ministro del Interior, Juan Ignacio Zoido, se ha reunido en la sede del Ministerio del Interior, en Madrid, con el ministro de Malienses en el Exterior y de la Integraci\u00f3n Africana de Mali, Abdramane Sylla. \u200bDurante este encuentro, en el que los ministros han abordado diversos asuntos relacionados con la cooperaci\u00f3n bilateral entre Espa\u00f1a","inLanguage":"es-ES","isPartOf":{"@id":"https:\/\/www.eldigitaldeasturias.com\/noticias\/#website"},"breadcrumb":{"@id":"https:\/\/www.eldigitaldeasturias.com\/noticias\/zoido-mali-es-un-socio-imprescindible-de-espana\/#breadcrumblist"},"author":{"@id":"https:\/\/www.eldigitaldeasturias.com\/noticias\/author\/admin\/#author"},"creator":{"@id":"https:\/\/www.eldigitaldeasturias.com\/noticias\/author\/admin\/#author"},"image":{"@type":"ImageObject","url":977333,"@id":"https:\/\/www.eldigitaldeasturias.com\/noticias\/zoido-mali-es-un-socio-imprescindible-de-espana\/#mainImage"},"primaryImageOfPage":{"@id":"https:\/\/www.eldigitaldeasturias.com\/noticias\/zoido-mali-es-un-socio-imprescindible-de-espana\/#mainImage"},"datePublished":"2018-04-24T20:05:13+02:00","dateModified":"2018-04-24T20:05:13+02:00"},{"@type":"WebSite","@id":"https:\/\/www.eldigitaldeasturias.com\/noticias\/#website","url":"https:\/\/www.eldigitaldeasturias.com\/noticias\/","name":"El Digital de Asturias - Diario de actualidad y noticias","alternateName":"El Digital de Asturias - Diario de actualidad y noticias","description":"Hemeroteca","inLanguage":"es-ES","publisher":{"@id":"https:\/\/www.eldigitaldeasturias.com\/noticias\/#organization"}}]},"og:locale":"es_ES","og:site_name":"El Digital de Asturias","og:type":"article","og:title":"Zoido: \u00abMali es un socio imprescindible de Espa\u00f1a\u201d - El Digital de Asturias","og:description":"El ministro del Interior, Juan Ignacio Zoido, se ha reunido en la sede del Ministerio del Interior, en Madrid, con el ministro de Malienses en el Exterior y de la Integraci\u00f3n Africana de Mali, Abdramane Sylla. \u200bDurante este encuentro, en el que los ministros han abordado diversos asuntos relacionados con la cooperaci\u00f3n bilateral entre Espa\u00f1a","og:url":"https:\/\/www.eldigitaldeasturias.com\/noticias\/zoido-mali-es-un-socio-imprescindible-de-espana\/","article:tag":["actualidad"],"article:published_time":"2018-04-24T20:05:13+00:00","article:modified_time":"2018-04-24T20:05:13+00:00","article:publisher":"https:\/\/facebook.com\/eldigitaldeasturias","twitter:card":"summary_large_image","twitter:title":"Zoido: \u00abMali es un socio imprescindible de Espa\u00f1a\u201d - El Digital de Asturias","twitter:description":"El ministro del Interior, Juan Ignacio Zoido, se ha reunido en la sede del Ministerio del Interior, en Madrid, con el ministro de Malienses en el Exterior y de la Integraci\u00f3n Africana de Mali, Abdramane Sylla. \u200bDurante este encuentro, en el que los ministros han abordado diversos asuntos relacionados con la cooperaci\u00f3n bilateral entre Espa\u00f1a","twitter:image":"https:\/\/www.eldigitaldeasturias.com\/noticias\/wp-content\/uploads\/2020\/12\/EDA-1.jpg","twitter:label1":"Escrito por","twitter:data1":"El Digital de Asturias","twitter:label2":"Tiempo de lectura estimado","twitter:data2":"2 minutos"},"aioseo_meta_data":{"post_id":"977332","title":null,"description":null,"keywords":null,"keyphrases":null,"primary_term":null,"canonical_url":null,"og_title":null,"og_description":null,"og_object_type":"default","og_image_type":"default","og_image_url":null,"og_image_width":null,"og_image_height":null,"og_image_custom_url":null,"og_image_custom_fields":null,"og_video":null,"og_custom_url":null,"og_article_section":null,"og_article_tags":null,"twitter_use_og":false,"twitter_card":"default","twitter_image_type":"default","twitter_image_url":null,"twitter_image_custom_url":null,"twitter_image_custom_fields":null,"twitter_title":null,"twitter_description":null,"schema":{"blockGraphs":[],"customGraphs":[],"default":{"data":{"Article":[],"Course":[],"Dataset":[],"FAQPage":[],"Movie":[],"Person":[],"Product":[],"ProductReview":[],"Car":[],"Recipe":[],"Service":[],"SoftwareApplication":[],"WebPage":[]},"graphName":"","isEnabled":true},"graphs":[],"defaultGraph":"","defaultPostTypeGraph":""},"schema_type":null,"schema_type_options":null,"pillar_content":false,"robots_default":true,"robots_noindex":false,"robots_noarchive":false,"robots_nosnippet":false,"robots_nofollow":false,"robots_noimageindex":false,"robots_noodp":false,"robots_notranslate":false,"robots_max_snippet":null,"robots_max_videopreview":null,"robots_max_imagepreview":"large","priority":null,"frequency":null,"local_seo":null,"seo_analyzer_scan_date":"2025-10-08 07:04:08","breadcrumb_settings":null,"limit_modified_date":false,"open_ai":null,"ai":null,"created":"2020-12-21 12:05:37","updated":"2025-10-08 07:04:08","focus_keyword":null,"additional_keywords":null,"truseo_locale":null},"aioseo_breadcrumb":"<div class=\"aioseo-breadcrumbs\"><span class=\"aioseo-breadcrumb\">\n\t<a href=\"https:\/\/www.eldigitaldeasturias.com\/noticias\" title=\"Home\">Home<\/a>\n<\/span><span class=\"aioseo-breadcrumb-separator\">\u2013<\/span><span class=\"aioseo-breadcrumb\">\n\t<a href=\"https:\/\/www.eldigitaldeasturias.com\/noticias\/category\/actualidad\/\" title=\"Actualidad\">Actualidad<\/a>\n<\/span><span class=\"aioseo-breadcrumb-separator\">\u2013<\/span><span class=\"aioseo-breadcrumb\">\n\t<a href=\"https:\/\/www.eldigitaldeasturias.com\/noticias\/zoido-mali-es-un-socio-imprescindible-de-espana\/\" title=\"Zoido: \u00abMali es un socio imprescindible de Espa\u00f1a\u201d\">Zoido: \u00abMali es un socio imprescindible de Espa\u00f1a\u201d<\/a>\n<\/span><\/div>","aioseo_breadcrumb_json":[{"label":"Home","link":"https:\/\/www.eldigitaldeasturias.com\/noticias"},{"label":"Actualidad","link":"https:\/\/www.eldigitaldeasturias.com\/noticias\/category\/actualidad\/"},{"label":"Zoido: \u00abMali es un socio imprescindible de Espa\u00f1a\u201d","link":"https:\/\/www.eldigitaldeasturias.com\/noticias\/zoido-mali-es-un-socio-imprescindible-de-espana\/"}],"_links":{"self":[{"href":"https:\/\/www.eldigitaldeasturias.com\/noticias\/wp-json\/wp\/v2\/posts\/977332","targetHints":{"allow":["GET"]}}],"collection":[{"href":"https:\/\/www.eldigitaldeasturias.com\/noticias\/wp-json\/wp\/v2\/posts"}],"about":[{"href":"https:\/\/www.eldigitaldeasturias.com\/noticias\/wp-json\/wp\/v2\/types\/post"}],"author":[{"embeddable":true,"href":"https:\/\/www.eldigitaldeasturias.com\/noticias\/wp-json\/wp\/v2\/users\/1"}],"replies":[{"embeddable":true,"href":"https:\/\/www.eldigitaldeasturias.com\/noticias\/wp-json\/wp\/v2\/comments?post=977332"}],"version-history":[{"count":0,"href":"https:\/\/www.eldigitaldeasturias.com\/noticias\/wp-json\/wp\/v2\/posts\/977332\/revisions"}],"wp:attachment":[{"href":"https:\/\/www.eldigitaldeasturias.com\/noticias\/wp-json\/wp\/v2\/media?parent=977332"}],"wp:term":[{"taxonomy":"category","embeddable":true,"href":"https:\/\/www.eldigitaldeasturias.com\/noticias\/wp-json\/wp\/v2\/categories?post=977332"},{"taxonomy":"post_tag","embeddable":true,"href":"https:\/\/www.eldigitaldeasturias.com\/noticias\/wp-json\/wp\/v2\/tags?post=977332"}],"curies":[{"name":"wp","href":"https:\/\/api.w.org\/{rel}","templated":true}]}}