{"id":977293,"date":"2018-04-24T12:30:15","date_gmt":"2018-04-24T12:30:15","guid":{"rendered":"http:\/\/www.eldigitaldeasturias.com\/noticias\/?p=977293"},"modified":"2018-04-24T12:30:15","modified_gmt":"2018-04-24T12:30:15","slug":"adriana-lastra-no-parece-razonable-la-intervencion-policial-para-quitar-camisetas-amarillas","status":"publish","type":"post","link":"https:\/\/www.eldigitaldeasturias.com\/noticias\/adriana-lastra-no-parece-razonable-la-intervencion-policial-para-quitar-camisetas-amarillas\/","title":{"rendered":"Adriana Lastra: \u201cNo parece razonable la intervenci\u00f3n policial para quitar camisetas amarillas\u201d"},"content":{"rendered":"<p><img loading=\"lazy\" decoding=\"async\" class=\"alignleft size-medium wp-image-977294\" src=\"https:\/\/www.eldigitaldeasturias.com\/noticias\/wp-content\/uploads\/2018\/04\/Lastra-360x122.png\" alt=\"\" width=\"360\" height=\"122\" \/>La vicesecretaria general, Adriana Lastra, asegur\u00f3 hoy que en Madrid, \u201co hay cambio o el recambio no sirve\u201d. As\u00ed lo asegur\u00f3 en una entrevista en \u201cLos Desayunos\u201d de TVE, donde defendi\u00f3 la \u201cmoci\u00f3n de la dignidad\u201d que lidera el PSOE madrile\u00f1o, con \u00c1ngel Gabilondo como candidato alternativo a Cifuentes.<\/p>\n<p>Lastra ha exigido a Ciudadanos que opte \u201cpor regenerar Madrid o por apuntalar al PP\u201d, ya que una hipot\u00e9tica salida a la murciana no garantizar\u00e1 la limpieza institucional en la comunidad madrile\u00f1a. En su opini\u00f3n, Ciudadanos no debe apoyar a otro candidato del PP sustitutivo de Cristina Cifuentes porque el PP de Madrid ya tiene una larga trayectoria: \u201cEl PP rob\u00f3 unas elecciones hace 15 a\u00f1os, el PP rob\u00f3 en G\u00fcrtel, P\u00fanica y Lezo y ahora, el PP ha robado el prestigio a la universidad p\u00fablica y a las instituciones de Madrid\u201d. \u201c\u00bfC\u00f3mo va a apoyar Ciudadanos a otro candidato del PP si hace 15 d\u00edas aplaud\u00edan a Cifuentes tras conocerse todas sus mentiras sobre el m\u00e1ster?\u201d, se pregunt\u00f3.<\/p>\n<p>Lo que queda claro, dijo Lastra, es que \u201cCiudadanos no ha venido a regenerar la vida pol\u00edtica, sino a apuntalar al PP\u201d. \u201cCifuentes no parece que vaya a dimitir y s\u00f3lo queda ir a una moci\u00f3n de censura encabezada por Gabilondo como alternativa\u201d, explic\u00f3. Una salida que traer\u00e1 \u201cla dignidad perdida a las instituciones madrile\u00f1as y que limpiar\u00e1 todos los cajones\u201d, a\u00f1adi\u00f3.<\/p>\n<p><strong>Memoria Hist\u00f3rica \u201cpor la dignidad de la democracia\u201d<\/strong><\/p>\n<p>Durante la entrevista, Lastra ha valorado como \u201cgran noticia\u201d la resoluci\u00f3n judicial que permiti\u00f3, este lunes, y por primera vez en democracia, la entrada de t\u00e9cnicos de Patrimonio Nacional en la cripta del Valle de los Ca\u00eddos para recuperar los cuerpos de v\u00edctimas del r\u00e9gimen franquista. \u201cPero es insuficiente\u201d, ha asegurado la vicesecretaria general.<\/p>\n<p>Por eso, la vicesecretaria general ha destacado la importancia de la proposici\u00f3n de ley que ha registrado en el Parlamento el Grupo Socialista de reforma y modificaci\u00f3n de la Ley de Memoria Hist\u00f3rica. Se trata de una iniciativa que establece que el Estado debe liderar, con fondos p\u00fablicos, la localizaci\u00f3n de fosas y la exhumaci\u00f3n. Seg\u00fan el c\u00e1lculo del Comisario para los Derechos Humanos del Consejo de Europa se ha documentado la desaparici\u00f3n de m\u00e1s de 114.000 personas.<\/p>\n<p>Una proposici\u00f3n de ley, por cierto, \u201cvetada por el PP con el inestimable apoyo de Ciudadanos\u201d, como ha se\u00f1alado Lastra. \u201cEste pa\u00eds no ser\u00e1 digno hasta que no saque de las cunetas a todas sus v\u00edctimas\u201d. \u201cSe trata de que el Estado d\u00e9 un impulso al cumplimiento de la ley para que haya una verdadera reconciliaci\u00f3n democr\u00e1tica\u201d, argumenta, \u201cpor la dignidad de nuestra democracia\u201d.<\/p>\n<p><strong>Catalu\u00f1a<\/strong><\/p>\n<p>Respecto a la situaci\u00f3n en Catalu\u00f1a, Lastra asegur\u00f3 que lo que tienen que hacer los independentistas, \u201cque tienen mayor\u00eda absoluta en la C\u00e1mara\u201d, es elegir \u201cun candidato viable, que gobierne para el 100% de los catalanes y que supere de una vez esta pol\u00edtica de bloques, de frentes que no hace m\u00e1s que generar una ruptura social\u201d y por supuestos \u201crespetando la Constituci\u00f3n y el Estatuto de Autonom\u00eda de todos los catalanes\u201d.<\/p>\n<p>Preguntada por la posici\u00f3n del PNV, que ha ligado su apoyo a los PGE a que se supere la aplicaci\u00f3n del 155, Lastra record\u00f3 que \u201cel 155 concluir\u00e1 cuando haya un gobierno en Catalu\u00f1a y eso est\u00e1 en manos del independentismo, no del resto de partidos. Por tanto, si la aplicaci\u00f3n del 155 sigue vigente es por la irresponsabilidad del independentismo y el PNV tendr\u00e1 que dirimir qu\u00e9 es lo que quiere hacer\u201d.<\/p>\n<p>La responsable socialista explic\u00f3 tambi\u00e9n que \u201cante la incomparecencia del ministro de Asuntos Exteriores y del Gobierno de la naci\u00f3n\u201d, Pedro S\u00e1nchez va llevar a cabo una gira europea \u201cpara defender a Espa\u00f1a ante las agresiones del independentismo a nivel internacional\u201d, como ya hizo el pasado domingo en el Congreso del SPD. En cualquier caso, subray\u00f3 que eso es algo que el PSOE lleva haciendo todo este tiempo, como se ha visto, por ejemplo, en resoluciones del Parlamento Europeo impulsadas por los socialistas.<\/p>\n<p>Sobre la retirada de camisetas amarillas en la final de la Copa del Rey, Lastra asegur\u00f3 que \u201chay una l\u00ednea muy fina entre la seguridad y la libertad\u201d y que \u201cno parece que una camiseta amarilla vaya a generar violencia por s\u00ed sola\u201d, por lo que los consider\u00f3 \u201cun exceso\u201d. \u201cNo parece razonable la intervenci\u00f3n policial para quitar camisetas amarillas\u201d, insisti\u00f3. En cualquier caso record\u00f3 que el ministro del Interior \u201cse ha desmarcado de las actuaciones policiales y tendremos que conocer qui\u00e9n dio esa orden\u201d.<\/p>\n","protected":false},"excerpt":{"rendered":"<p>La vicesecretaria general, Adriana Lastra, asegur\u00f3 hoy que en Madrid, \u201co hay cambio o el recambio no sirve\u201d. As\u00ed lo asegur\u00f3 en una entrevista en \u201cLos Desayunos\u201d de TVE, donde defendi\u00f3 la \u201cmoci\u00f3n de la dignidad\u201d que lidera el PSOE madrile\u00f1o, con \u00c1ngel Gabilondo como candidato alternativo a Cifuentes. Lastra ha exigido a Ciudadanos que [&hellip;]<\/p>\n","protected":false},"author":1,"featured_media":977294,"comment_status":"closed","ping_status":"closed","sticky":false,"template":"","format":"standard","meta":{"footnotes":""},"categories":[1],"tags":[],"class_list":["post-977293","post","type-post","status-publish","format-standard","has-post-thumbnail","hentry","category-actualidad"],"aioseo_notices":[],"aioseo_head":"\n\t\t<!-- All in One SEO Pro 5.0.1 - aioseo.com -->\n\t<meta name=\"description\" content=\"La vicesecretaria general, Adriana Lastra, asegur\u00f3 hoy que en Madrid, \u201co hay cambio o el recambio no sirve\u201d. As\u00ed lo asegur\u00f3 en una entrevista en \u201cLos Desayunos\u201d de TVE, donde defendi\u00f3 la \u201cmoci\u00f3n de la dignidad\u201d que lidera el PSOE madrile\u00f1o, con \u00c1ngel Gabilondo como candidato alternativo a Cifuentes. Lastra ha exigido a Ciudadanos que\" \/>\n\t<meta name=\"robots\" content=\"max-image-preview:large\" \/>\n\t<meta name=\"author\" content=\"El Digital de Asturias\"\/>\n\t<meta name=\"google-site-verification\" content=\"UA-38556648-1\" \/>\n\t<meta name=\"msvalidate.01\" content=\"7dfe9f3f1b24437ab69f4f2559babe99\" \/>\n\t<meta name=\"keywords\" content=\"actualidad\" \/>\n\t<link rel=\"canonical\" href=\"https:\/\/www.eldigitaldeasturias.com\/noticias\/adriana-lastra-no-parece-razonable-la-intervencion-policial-para-quitar-camisetas-amarillas\/\" \/>\n\t<meta name=\"generator\" content=\"All in One SEO Pro (AIOSEO) 5.0.1\" \/>\n\t\t<meta property=\"og:locale\" content=\"es_ES\" \/>\n\t\t<meta property=\"og:site_name\" content=\"El Digital de Asturias\" \/>\n\t\t<meta property=\"og:type\" content=\"article\" \/>\n\t\t<meta property=\"og:title\" content=\"Adriana Lastra: \u201cNo parece razonable la intervenci\u00f3n policial para quitar camisetas amarillas\u201d - El Digital de Asturias\" \/>\n\t\t<meta property=\"og:description\" content=\"La vicesecretaria general, Adriana Lastra, asegur\u00f3 hoy que en Madrid, \u201co hay cambio o el recambio no sirve\u201d. As\u00ed lo asegur\u00f3 en una entrevista en \u201cLos Desayunos\u201d de TVE, donde defendi\u00f3 la \u201cmoci\u00f3n de la dignidad\u201d que lidera el PSOE madrile\u00f1o, con \u00c1ngel Gabilondo como candidato alternativo a Cifuentes. Lastra ha exigido a Ciudadanos que\" \/>\n\t\t<meta property=\"og:url\" content=\"https:\/\/www.eldigitaldeasturias.com\/noticias\/adriana-lastra-no-parece-razonable-la-intervencion-policial-para-quitar-camisetas-amarillas\/\" \/>\n\t\t<meta property=\"article:tag\" content=\"actualidad\" \/>\n\t\t<meta property=\"article:published_time\" content=\"2018-04-24T12:30:15+00:00\" \/>\n\t\t<meta property=\"article:modified_time\" content=\"2018-04-24T12:30:15+00:00\" \/>\n\t\t<meta property=\"article:publisher\" content=\"https:\/\/facebook.com\/eldigitaldeasturias\" \/>\n\t\t<meta name=\"twitter:card\" content=\"summary_large_image\" \/>\n\t\t<meta name=\"twitter:title\" content=\"Adriana Lastra: \u201cNo parece razonable la intervenci\u00f3n policial para quitar camisetas amarillas\u201d - El Digital de Asturias\" \/>\n\t\t<meta name=\"twitter:description\" content=\"La vicesecretaria general, Adriana Lastra, asegur\u00f3 hoy que en Madrid, \u201co hay cambio o el recambio no sirve\u201d. As\u00ed lo asegur\u00f3 en una entrevista en \u201cLos Desayunos\u201d de TVE, donde defendi\u00f3 la \u201cmoci\u00f3n de la dignidad\u201d que lidera el PSOE madrile\u00f1o, con \u00c1ngel Gabilondo como candidato alternativo a Cifuentes. Lastra ha exigido a Ciudadanos que\" \/>\n\t\t<meta name=\"twitter:image\" content=\"https:\/\/www.eldigitaldeasturias.com\/noticias\/wp-content\/uploads\/2020\/12\/EDA-1.jpg\" \/>\n\t\t<meta name=\"twitter:label1\" content=\"Escrito por\" \/>\n\t\t<meta name=\"twitter:data1\" content=\"El Digital de Asturias\" \/>\n\t\t<meta name=\"twitter:label2\" content=\"Tiempo de lectura estimado\" \/>\n\t\t<meta name=\"twitter:data2\" content=\"4 minutos\" \/>\n\t\t<script type=\"application\/ld+json\" class=\"aioseo-schema\">\n\t\t\t{\"@context\":\"https:\\\/\\\/schema.org\",\"@graph\":[{\"@type\":\"BlogPosting\",\"@id\":\"https:\\\/\\\/www.eldigitaldeasturias.com\\\/noticias\\\/adriana-lastra-no-parece-razonable-la-intervencion-policial-para-quitar-camisetas-amarillas\\\/#blogposting\",\"name\":\"Adriana Lastra: \\u201cNo parece razonable la intervenci\\u00f3n policial para quitar camisetas amarillas\\u201d - El Digital de Asturias\",\"headline\":\"Adriana Lastra: \\u201cNo parece razonable la intervenci\\u00f3n policial para quitar camisetas amarillas\\u201d\",\"author\":{\"@id\":\"https:\\\/\\\/www.eldigitaldeasturias.com\\\/noticias\\\/author\\\/admin\\\/#author\"},\"publisher\":{\"@id\":\"https:\\\/\\\/www.eldigitaldeasturias.com\\\/noticias\\\/#organization\"},\"image\":{\"@type\":\"ImageObject\",\"url\":977294},\"datePublished\":\"2018-04-24T12:30:15+02:00\",\"dateModified\":\"2018-04-24T12:30:15+02:00\",\"inLanguage\":\"es-ES\",\"mainEntityOfPage\":{\"@id\":\"https:\\\/\\\/www.eldigitaldeasturias.com\\\/noticias\\\/adriana-lastra-no-parece-razonable-la-intervencion-policial-para-quitar-camisetas-amarillas\\\/#webpage\"},\"isPartOf\":{\"@id\":\"https:\\\/\\\/www.eldigitaldeasturias.com\\\/noticias\\\/adriana-lastra-no-parece-razonable-la-intervencion-policial-para-quitar-camisetas-amarillas\\\/#webpage\"},\"articleSection\":\"Actualidad\"},{\"@type\":\"BreadcrumbList\",\"@id\":\"https:\\\/\\\/www.eldigitaldeasturias.com\\\/noticias\\\/adriana-lastra-no-parece-razonable-la-intervencion-policial-para-quitar-camisetas-amarillas\\\/#breadcrumblist\",\"itemListElement\":[{\"@type\":\"ListItem\",\"@id\":\"https:\\\/\\\/www.eldigitaldeasturias.com\\\/noticias#listItem\",\"position\":1,\"name\":\"Home\",\"item\":\"https:\\\/\\\/www.eldigitaldeasturias.com\\\/noticias\",\"nextItem\":{\"@type\":\"ListItem\",\"@id\":\"https:\\\/\\\/www.eldigitaldeasturias.com\\\/noticias\\\/category\\\/actualidad\\\/#listItem\",\"name\":\"Actualidad\"}},{\"@type\":\"ListItem\",\"@id\":\"https:\\\/\\\/www.eldigitaldeasturias.com\\\/noticias\\\/category\\\/actualidad\\\/#listItem\",\"position\":2,\"name\":\"Actualidad\",\"item\":\"https:\\\/\\\/www.eldigitaldeasturias.com\\\/noticias\\\/category\\\/actualidad\\\/\",\"nextItem\":{\"@type\":\"ListItem\",\"@id\":\"https:\\\/\\\/www.eldigitaldeasturias.com\\\/noticias\\\/adriana-lastra-no-parece-razonable-la-intervencion-policial-para-quitar-camisetas-amarillas\\\/#listItem\",\"name\":\"Adriana Lastra: \\u201cNo parece razonable la intervenci\\u00f3n policial para quitar camisetas amarillas\\u201d\"},\"previousItem\":{\"@type\":\"ListItem\",\"@id\":\"https:\\\/\\\/www.eldigitaldeasturias.com\\\/noticias#listItem\",\"name\":\"Home\"}},{\"@type\":\"ListItem\",\"@id\":\"https:\\\/\\\/www.eldigitaldeasturias.com\\\/noticias\\\/adriana-lastra-no-parece-razonable-la-intervencion-policial-para-quitar-camisetas-amarillas\\\/#listItem\",\"position\":3,\"name\":\"Adriana Lastra: \\u201cNo parece razonable la intervenci\\u00f3n policial para quitar camisetas amarillas\\u201d\",\"previousItem\":{\"@type\":\"ListItem\",\"@id\":\"https:\\\/\\\/www.eldigitaldeasturias.com\\\/noticias\\\/category\\\/actualidad\\\/#listItem\",\"name\":\"Actualidad\"}}]},{\"@type\":\"Organization\",\"@id\":\"https:\\\/\\\/www.eldigitaldeasturias.com\\\/noticias\\\/#organization\",\"name\":\"El Digital de Asturias\",\"description\":\"Hemeroteca\",\"url\":\"https:\\\/\\\/www.eldigitaldeasturias.com\\\/noticias\\\/\",\"email\":\"info@eldigitaldeasturias.com\",\"telephone\":\"+34652131393\",\"logo\":{\"@type\":\"ImageObject\",\"url\":\"https:\\\/\\\/www.eldigitaldeasturias.com\\\/noticias\\\/wp-content\\\/uploads\\\/2020\\\/12\\\/EDA.jpg\",\"@id\":\"https:\\\/\\\/www.eldigitaldeasturias.com\\\/noticias\\\/adriana-lastra-no-parece-razonable-la-intervencion-policial-para-quitar-camisetas-amarillas\\\/#organizationLogo\"},\"image\":{\"@id\":\"https:\\\/\\\/www.eldigitaldeasturias.com\\\/noticias\\\/adriana-lastra-no-parece-razonable-la-intervencion-policial-para-quitar-camisetas-amarillas\\\/#organizationLogo\"},\"sameAs\":[\"https:\\\/\\\/facebook.com\\\/eldigitaldeasturias\",\"https:\\\/\\\/www.youtube.com\\\/channel\\\/UCZP-2wLEB9Rv6erhFmqVnvg\"],\"address\":{\"@id\":\"https:\\\/\\\/www.eldigitaldeasturias.com\\\/noticias\\\/#postaladdress\",\"@type\":\"PostalAddress\",\"streetAddress\":\"san antonio 4\",\"postalCode\":\"33430\",\"addressLocality\":\"Cand\\u00e1s\",\"addressRegion\":\"Asturias\",\"addressCountry\":\"ES\"}},{\"@type\":\"Person\",\"@id\":\"https:\\\/\\\/www.eldigitaldeasturias.com\\\/noticias\\\/author\\\/admin\\\/#author\",\"url\":\"https:\\\/\\\/www.eldigitaldeasturias.com\\\/noticias\\\/author\\\/admin\\\/\",\"name\":\"El Digital de Asturias\",\"image\":{\"@type\":\"ImageObject\",\"@id\":\"https:\\\/\\\/www.eldigitaldeasturias.com\\\/noticias\\\/adriana-lastra-no-parece-razonable-la-intervencion-policial-para-quitar-camisetas-amarillas\\\/#authorImage\",\"url\":\"https:\\\/\\\/secure.gravatar.com\\\/avatar\\\/df2aeffc32bcd13f8d26072ef8a91b623d677766deac7f97ca815868cd41bf5e?s=96&d=mm&r=g\",\"width\":96,\"height\":96,\"caption\":\"El Digital de Asturias\"}},{\"@type\":\"WebPage\",\"@id\":\"https:\\\/\\\/www.eldigitaldeasturias.com\\\/noticias\\\/adriana-lastra-no-parece-razonable-la-intervencion-policial-para-quitar-camisetas-amarillas\\\/#webpage\",\"url\":\"https:\\\/\\\/www.eldigitaldeasturias.com\\\/noticias\\\/adriana-lastra-no-parece-razonable-la-intervencion-policial-para-quitar-camisetas-amarillas\\\/\",\"name\":\"Adriana Lastra: \\u201cNo parece razonable la intervenci\\u00f3n policial para quitar camisetas amarillas\\u201d - El Digital de Asturias\",\"description\":\"La vicesecretaria general, Adriana Lastra, asegur\\u00f3 hoy que en Madrid, \\u201co hay cambio o el recambio no sirve\\u201d. As\\u00ed lo asegur\\u00f3 en una entrevista en \\u201cLos Desayunos\\u201d de TVE, donde defendi\\u00f3 la \\u201cmoci\\u00f3n de la dignidad\\u201d que lidera el PSOE madrile\\u00f1o, con \\u00c1ngel Gabilondo como candidato alternativo a Cifuentes. Lastra ha exigido a Ciudadanos que\",\"inLanguage\":\"es-ES\",\"isPartOf\":{\"@id\":\"https:\\\/\\\/www.eldigitaldeasturias.com\\\/noticias\\\/#website\"},\"breadcrumb\":{\"@id\":\"https:\\\/\\\/www.eldigitaldeasturias.com\\\/noticias\\\/adriana-lastra-no-parece-razonable-la-intervencion-policial-para-quitar-camisetas-amarillas\\\/#breadcrumblist\"},\"author\":{\"@id\":\"https:\\\/\\\/www.eldigitaldeasturias.com\\\/noticias\\\/author\\\/admin\\\/#author\"},\"creator\":{\"@id\":\"https:\\\/\\\/www.eldigitaldeasturias.com\\\/noticias\\\/author\\\/admin\\\/#author\"},\"image\":{\"@type\":\"ImageObject\",\"url\":977294,\"@id\":\"https:\\\/\\\/www.eldigitaldeasturias.com\\\/noticias\\\/adriana-lastra-no-parece-razonable-la-intervencion-policial-para-quitar-camisetas-amarillas\\\/#mainImage\"},\"primaryImageOfPage\":{\"@id\":\"https:\\\/\\\/www.eldigitaldeasturias.com\\\/noticias\\\/adriana-lastra-no-parece-razonable-la-intervencion-policial-para-quitar-camisetas-amarillas\\\/#mainImage\"},\"datePublished\":\"2018-04-24T12:30:15+02:00\",\"dateModified\":\"2018-04-24T12:30:15+02:00\"},{\"@type\":\"WebSite\",\"@id\":\"https:\\\/\\\/www.eldigitaldeasturias.com\\\/noticias\\\/#website\",\"url\":\"https:\\\/\\\/www.eldigitaldeasturias.com\\\/noticias\\\/\",\"name\":\"El Digital de Asturias - Diario de actualidad y noticias\",\"alternateName\":\"El Digital de Asturias - Diario de actualidad y noticias\",\"description\":\"Hemeroteca\",\"inLanguage\":\"es-ES\",\"publisher\":{\"@id\":\"https:\\\/\\\/www.eldigitaldeasturias.com\\\/noticias\\\/#organization\"}}]}\n\t\t<\/script>\n\t\t<!-- All in One SEO Pro -->\r\n\t\t<title>Adriana Lastra: \u201cNo parece razonable la intervenci\u00f3n policial para quitar camisetas amarillas\u201d - El Digital de Asturias<\/title>\n\n","aioseo_head_json":{"title":"Adriana Lastra: \u201cNo parece razonable la intervenci\u00f3n policial para quitar camisetas amarillas\u201d - El Digital de Asturias","description":"La vicesecretaria general, Adriana Lastra, asegur\u00f3 hoy que en Madrid, \u201co hay cambio o el recambio no sirve\u201d. As\u00ed lo asegur\u00f3 en una entrevista en \u201cLos Desayunos\u201d de TVE, donde defendi\u00f3 la \u201cmoci\u00f3n de la dignidad\u201d que lidera el PSOE madrile\u00f1o, con \u00c1ngel Gabilondo como candidato alternativo a Cifuentes. Lastra ha exigido a Ciudadanos que","canonical_url":"https:\/\/www.eldigitaldeasturias.com\/noticias\/adriana-lastra-no-parece-razonable-la-intervencion-policial-para-quitar-camisetas-amarillas\/","robots":"max-image-preview:large","keywords":"actualidad","webmasterTools":{"google-site-verification":"UA-38556648-1","msvalidate.01":"7dfe9f3f1b24437ab69f4f2559babe99","miscellaneous":""},"schema":{"@context":"https:\/\/schema.org","@graph":[{"@type":"BlogPosting","@id":"https:\/\/www.eldigitaldeasturias.com\/noticias\/adriana-lastra-no-parece-razonable-la-intervencion-policial-para-quitar-camisetas-amarillas\/#blogposting","name":"Adriana Lastra: \u201cNo parece razonable la intervenci\u00f3n policial para quitar camisetas amarillas\u201d - El Digital de Asturias","headline":"Adriana Lastra: \u201cNo parece razonable la intervenci\u00f3n policial para quitar camisetas amarillas\u201d","author":{"@id":"https:\/\/www.eldigitaldeasturias.com\/noticias\/author\/admin\/#author"},"publisher":{"@id":"https:\/\/www.eldigitaldeasturias.com\/noticias\/#organization"},"image":{"@type":"ImageObject","url":977294},"datePublished":"2018-04-24T12:30:15+02:00","dateModified":"2018-04-24T12:30:15+02:00","inLanguage":"es-ES","mainEntityOfPage":{"@id":"https:\/\/www.eldigitaldeasturias.com\/noticias\/adriana-lastra-no-parece-razonable-la-intervencion-policial-para-quitar-camisetas-amarillas\/#webpage"},"isPartOf":{"@id":"https:\/\/www.eldigitaldeasturias.com\/noticias\/adriana-lastra-no-parece-razonable-la-intervencion-policial-para-quitar-camisetas-amarillas\/#webpage"},"articleSection":"Actualidad"},{"@type":"BreadcrumbList","@id":"https:\/\/www.eldigitaldeasturias.com\/noticias\/adriana-lastra-no-parece-razonable-la-intervencion-policial-para-quitar-camisetas-amarillas\/#breadcrumblist","itemListElement":[{"@type":"ListItem","@id":"https:\/\/www.eldigitaldeasturias.com\/noticias#listItem","position":1,"name":"Home","item":"https:\/\/www.eldigitaldeasturias.com\/noticias","nextItem":{"@type":"ListItem","@id":"https:\/\/www.eldigitaldeasturias.com\/noticias\/category\/actualidad\/#listItem","name":"Actualidad"}},{"@type":"ListItem","@id":"https:\/\/www.eldigitaldeasturias.com\/noticias\/category\/actualidad\/#listItem","position":2,"name":"Actualidad","item":"https:\/\/www.eldigitaldeasturias.com\/noticias\/category\/actualidad\/","nextItem":{"@type":"ListItem","@id":"https:\/\/www.eldigitaldeasturias.com\/noticias\/adriana-lastra-no-parece-razonable-la-intervencion-policial-para-quitar-camisetas-amarillas\/#listItem","name":"Adriana Lastra: \u201cNo parece razonable la intervenci\u00f3n policial para quitar camisetas amarillas\u201d"},"previousItem":{"@type":"ListItem","@id":"https:\/\/www.eldigitaldeasturias.com\/noticias#listItem","name":"Home"}},{"@type":"ListItem","@id":"https:\/\/www.eldigitaldeasturias.com\/noticias\/adriana-lastra-no-parece-razonable-la-intervencion-policial-para-quitar-camisetas-amarillas\/#listItem","position":3,"name":"Adriana Lastra: \u201cNo parece razonable la intervenci\u00f3n policial para quitar camisetas amarillas\u201d","previousItem":{"@type":"ListItem","@id":"https:\/\/www.eldigitaldeasturias.com\/noticias\/category\/actualidad\/#listItem","name":"Actualidad"}}]},{"@type":"Organization","@id":"https:\/\/www.eldigitaldeasturias.com\/noticias\/#organization","name":"El Digital de Asturias","description":"Hemeroteca","url":"https:\/\/www.eldigitaldeasturias.com\/noticias\/","email":"info@eldigitaldeasturias.com","telephone":"+34652131393","logo":{"@type":"ImageObject","url":"https:\/\/www.eldigitaldeasturias.com\/noticias\/wp-content\/uploads\/2020\/12\/EDA.jpg","@id":"https:\/\/www.eldigitaldeasturias.com\/noticias\/adriana-lastra-no-parece-razonable-la-intervencion-policial-para-quitar-camisetas-amarillas\/#organizationLogo"},"image":{"@id":"https:\/\/www.eldigitaldeasturias.com\/noticias\/adriana-lastra-no-parece-razonable-la-intervencion-policial-para-quitar-camisetas-amarillas\/#organizationLogo"},"sameAs":["https:\/\/facebook.com\/eldigitaldeasturias","https:\/\/www.youtube.com\/channel\/UCZP-2wLEB9Rv6erhFmqVnvg"],"address":{"@id":"https:\/\/www.eldigitaldeasturias.com\/noticias\/#postaladdress","@type":"PostalAddress","streetAddress":"san antonio 4","postalCode":"33430","addressLocality":"Cand\u00e1s","addressRegion":"Asturias","addressCountry":"ES"}},{"@type":"Person","@id":"https:\/\/www.eldigitaldeasturias.com\/noticias\/author\/admin\/#author","url":"https:\/\/www.eldigitaldeasturias.com\/noticias\/author\/admin\/","name":"El Digital de Asturias","image":{"@type":"ImageObject","@id":"https:\/\/www.eldigitaldeasturias.com\/noticias\/adriana-lastra-no-parece-razonable-la-intervencion-policial-para-quitar-camisetas-amarillas\/#authorImage","url":"https:\/\/secure.gravatar.com\/avatar\/df2aeffc32bcd13f8d26072ef8a91b623d677766deac7f97ca815868cd41bf5e?s=96&d=mm&r=g","width":96,"height":96,"caption":"El Digital de Asturias"}},{"@type":"WebPage","@id":"https:\/\/www.eldigitaldeasturias.com\/noticias\/adriana-lastra-no-parece-razonable-la-intervencion-policial-para-quitar-camisetas-amarillas\/#webpage","url":"https:\/\/www.eldigitaldeasturias.com\/noticias\/adriana-lastra-no-parece-razonable-la-intervencion-policial-para-quitar-camisetas-amarillas\/","name":"Adriana Lastra: \u201cNo parece razonable la intervenci\u00f3n policial para quitar camisetas amarillas\u201d - El Digital de Asturias","description":"La vicesecretaria general, Adriana Lastra, asegur\u00f3 hoy que en Madrid, \u201co hay cambio o el recambio no sirve\u201d. As\u00ed lo asegur\u00f3 en una entrevista en \u201cLos Desayunos\u201d de TVE, donde defendi\u00f3 la \u201cmoci\u00f3n de la dignidad\u201d que lidera el PSOE madrile\u00f1o, con \u00c1ngel Gabilondo como candidato alternativo a Cifuentes. Lastra ha exigido a Ciudadanos que","inLanguage":"es-ES","isPartOf":{"@id":"https:\/\/www.eldigitaldeasturias.com\/noticias\/#website"},"breadcrumb":{"@id":"https:\/\/www.eldigitaldeasturias.com\/noticias\/adriana-lastra-no-parece-razonable-la-intervencion-policial-para-quitar-camisetas-amarillas\/#breadcrumblist"},"author":{"@id":"https:\/\/www.eldigitaldeasturias.com\/noticias\/author\/admin\/#author"},"creator":{"@id":"https:\/\/www.eldigitaldeasturias.com\/noticias\/author\/admin\/#author"},"image":{"@type":"ImageObject","url":977294,"@id":"https:\/\/www.eldigitaldeasturias.com\/noticias\/adriana-lastra-no-parece-razonable-la-intervencion-policial-para-quitar-camisetas-amarillas\/#mainImage"},"primaryImageOfPage":{"@id":"https:\/\/www.eldigitaldeasturias.com\/noticias\/adriana-lastra-no-parece-razonable-la-intervencion-policial-para-quitar-camisetas-amarillas\/#mainImage"},"datePublished":"2018-04-24T12:30:15+02:00","dateModified":"2018-04-24T12:30:15+02:00"},{"@type":"WebSite","@id":"https:\/\/www.eldigitaldeasturias.com\/noticias\/#website","url":"https:\/\/www.eldigitaldeasturias.com\/noticias\/","name":"El Digital de Asturias - Diario de actualidad y noticias","alternateName":"El Digital de Asturias - Diario de actualidad y noticias","description":"Hemeroteca","inLanguage":"es-ES","publisher":{"@id":"https:\/\/www.eldigitaldeasturias.com\/noticias\/#organization"}}]},"og:locale":"es_ES","og:site_name":"El Digital de Asturias","og:type":"article","og:title":"Adriana Lastra: \u201cNo parece razonable la intervenci\u00f3n policial para quitar camisetas amarillas\u201d - El Digital de Asturias","og:description":"La vicesecretaria general, Adriana Lastra, asegur\u00f3 hoy que en Madrid, \u201co hay cambio o el recambio no sirve\u201d. As\u00ed lo asegur\u00f3 en una entrevista en \u201cLos Desayunos\u201d de TVE, donde defendi\u00f3 la \u201cmoci\u00f3n de la dignidad\u201d que lidera el PSOE madrile\u00f1o, con \u00c1ngel Gabilondo como candidato alternativo a Cifuentes. Lastra ha exigido a Ciudadanos que","og:url":"https:\/\/www.eldigitaldeasturias.com\/noticias\/adriana-lastra-no-parece-razonable-la-intervencion-policial-para-quitar-camisetas-amarillas\/","article:tag":["actualidad"],"article:published_time":"2018-04-24T12:30:15+00:00","article:modified_time":"2018-04-24T12:30:15+00:00","article:publisher":"https:\/\/facebook.com\/eldigitaldeasturias","twitter:card":"summary_large_image","twitter:title":"Adriana Lastra: \u201cNo parece razonable la intervenci\u00f3n policial para quitar camisetas amarillas\u201d - El Digital de Asturias","twitter:description":"La vicesecretaria general, Adriana Lastra, asegur\u00f3 hoy que en Madrid, \u201co hay cambio o el recambio no sirve\u201d. As\u00ed lo asegur\u00f3 en una entrevista en \u201cLos Desayunos\u201d de TVE, donde defendi\u00f3 la \u201cmoci\u00f3n de la dignidad\u201d que lidera el PSOE madrile\u00f1o, con \u00c1ngel Gabilondo como candidato alternativo a Cifuentes. Lastra ha exigido a Ciudadanos que","twitter:image":"https:\/\/www.eldigitaldeasturias.com\/noticias\/wp-content\/uploads\/2020\/12\/EDA-1.jpg","twitter:label1":"Escrito por","twitter:data1":"El Digital de Asturias","twitter:label2":"Tiempo de lectura estimado","twitter:data2":"4 minutos"},"aioseo_meta_data":{"post_id":"977293","title":null,"description":null,"keywords":null,"keyphrases":null,"primary_term":null,"canonical_url":null,"og_title":null,"og_description":null,"og_object_type":"default","og_image_type":"default","og_image_url":null,"og_image_width":null,"og_image_height":null,"og_image_custom_url":null,"og_image_custom_fields":null,"og_video":null,"og_custom_url":null,"og_article_section":null,"og_article_tags":null,"twitter_use_og":false,"twitter_card":"default","twitter_image_type":"default","twitter_image_url":null,"twitter_image_custom_url":null,"twitter_image_custom_fields":null,"twitter_title":null,"twitter_description":null,"schema":{"blockGraphs":[],"customGraphs":[],"default":{"data":{"Article":[],"Course":[],"Dataset":[],"FAQPage":[],"Movie":[],"Person":[],"Product":[],"ProductReview":[],"Car":[],"Recipe":[],"Service":[],"SoftwareApplication":[],"WebPage":[]},"graphName":"","isEnabled":true},"graphs":[],"defaultGraph":"","defaultPostTypeGraph":""},"schema_type":null,"schema_type_options":null,"pillar_content":false,"robots_default":true,"robots_noindex":false,"robots_noarchive":false,"robots_nosnippet":false,"robots_nofollow":false,"robots_noimageindex":false,"robots_noodp":false,"robots_notranslate":false,"robots_max_snippet":null,"robots_max_videopreview":null,"robots_max_imagepreview":"large","priority":null,"frequency":null,"local_seo":null,"seo_analyzer_scan_date":"2025-10-08 06:56:26","breadcrumb_settings":null,"limit_modified_date":false,"open_ai":null,"ai":null,"created":"2020-12-21 12:05:37","updated":"2025-10-08 06:56:26","focus_keyword":null,"additional_keywords":null,"truseo_locale":null},"aioseo_breadcrumb":"<div class=\"aioseo-breadcrumbs\"><span class=\"aioseo-breadcrumb\">\n\t<a href=\"https:\/\/www.eldigitaldeasturias.com\/noticias\" title=\"Home\">Home<\/a>\n<\/span><span class=\"aioseo-breadcrumb-separator\">\u2013<\/span><span class=\"aioseo-breadcrumb\">\n\t<a href=\"https:\/\/www.eldigitaldeasturias.com\/noticias\/category\/actualidad\/\" title=\"Actualidad\">Actualidad<\/a>\n<\/span><span class=\"aioseo-breadcrumb-separator\">\u2013<\/span><span class=\"aioseo-breadcrumb\">\n\t<a href=\"https:\/\/www.eldigitaldeasturias.com\/noticias\/adriana-lastra-no-parece-razonable-la-intervencion-policial-para-quitar-camisetas-amarillas\/\" title=\"Adriana Lastra: \u201cNo parece razonable la intervenci\u00f3n policial para quitar camisetas amarillas\u201d\">Adriana Lastra: \u201cNo parece razonable la intervenci\u00f3n policial para quitar camisetas amarillas\u201d<\/a>\n<\/span><\/div>","aioseo_breadcrumb_json":[{"label":"Home","link":"https:\/\/www.eldigitaldeasturias.com\/noticias"},{"label":"Actualidad","link":"https:\/\/www.eldigitaldeasturias.com\/noticias\/category\/actualidad\/"},{"label":"Adriana Lastra: \u201cNo parece razonable la intervenci\u00f3n policial para quitar camisetas amarillas\u201d","link":"https:\/\/www.eldigitaldeasturias.com\/noticias\/adriana-lastra-no-parece-razonable-la-intervencion-policial-para-quitar-camisetas-amarillas\/"}],"_links":{"self":[{"href":"https:\/\/www.eldigitaldeasturias.com\/noticias\/wp-json\/wp\/v2\/posts\/977293","targetHints":{"allow":["GET"]}}],"collection":[{"href":"https:\/\/www.eldigitaldeasturias.com\/noticias\/wp-json\/wp\/v2\/posts"}],"about":[{"href":"https:\/\/www.eldigitaldeasturias.com\/noticias\/wp-json\/wp\/v2\/types\/post"}],"author":[{"embeddable":true,"href":"https:\/\/www.eldigitaldeasturias.com\/noticias\/wp-json\/wp\/v2\/users\/1"}],"replies":[{"embeddable":true,"href":"https:\/\/www.eldigitaldeasturias.com\/noticias\/wp-json\/wp\/v2\/comments?post=977293"}],"version-history":[{"count":0,"href":"https:\/\/www.eldigitaldeasturias.com\/noticias\/wp-json\/wp\/v2\/posts\/977293\/revisions"}],"wp:attachment":[{"href":"https:\/\/www.eldigitaldeasturias.com\/noticias\/wp-json\/wp\/v2\/media?parent=977293"}],"wp:term":[{"taxonomy":"category","embeddable":true,"href":"https:\/\/www.eldigitaldeasturias.com\/noticias\/wp-json\/wp\/v2\/categories?post=977293"},{"taxonomy":"post_tag","embeddable":true,"href":"https:\/\/www.eldigitaldeasturias.com\/noticias\/wp-json\/wp\/v2\/tags?post=977293"}],"curies":[{"name":"wp","href":"https:\/\/api.w.org\/{rel}","templated":true}]}}