{"id":977274,"date":"2018-04-24T01:58:06","date_gmt":"2018-04-24T01:58:06","guid":{"rendered":"http:\/\/www.eldigitaldeasturias.com\/noticias\/?p=977274"},"modified":"2018-04-24T01:58:06","modified_gmt":"2018-04-24T01:58:06","slug":"record-historico-del-metro-de-sevilla-durante-la-feria","status":"publish","type":"post","link":"https:\/\/www.eldigitaldeasturias.com\/noticias\/record-historico-del-metro-de-sevilla-durante-la-feria\/","title":{"rendered":"R\u00e9cord hist\u00f3rico del metro de Sevilla durante la Feria"},"content":{"rendered":"<p><img loading=\"lazy\" decoding=\"async\" class=\"alignleft size-medium wp-image-977275\" src=\"https:\/\/www.eldigitaldeasturias.com\/noticias\/wp-content\/uploads\/2018\/04\/1524488226043metroestandardn-360x212.jpg\" alt=\"\" width=\"360\" height=\"212\" \/>Metro de Sevilla, sociedad concesionaria de la Junta de Andaluc\u00eda, ha transportado un total de 942.503 viajeros durante el dispositivo especial de Feria de Abril, que ha prestado servicio ininterrumpido desde el s\u00e1bado 14 de abril previo a la feria hasta el domingo 22 de abril, posterior a la jornada de los fuegos artificiales.<\/p>\n<p>El volumen de usuarios registrado durante todo el periodo, en el que se ha alcanzado cifra r\u00e9cord de demanda desde la inauguraci\u00f3n del metro en 2009, supone un incremento de un 2,46% respecto a 2017, en el que se transportaron un total de 919.864 viajeros de s\u00e1bado a domingo.<\/p>\n<p>La semana de Feria, que se ha consolidado desde la entrada en servicio del ferrocarril metropolitano -en abril de 2009- como la de mayor demanda de viajeros en el conjunto del a\u00f1o, ha arrojado en esta edici\u00f3n un promedio de 104.723 usuarios d\u00eda, frente a los 102.207 usuarios\/d\u00eda del a\u00f1o anterior.<\/p>\n<p>El s\u00e1bado 14 de abril, primer d\u00eda de dispositivo especial de Feria, Metro de Sevilla transport\u00f3 113.972 viajeros y el domingo 15 de abril, 107.635. El lunes 16 fueron 97.493 los usuarios que utilizaron el metro; el martes 17, 143.496; el mi\u00e9rcoles se contabilizaron 133.464 viajeros y el jueves, 122.464. De viernes a domingo, \u00faltimos d\u00edas del dispositivo especial de Feria de Abril se registr\u00f3 una demanda de 129.979, 73.253 y 20.747 usuarios, respectivamente.<\/p>\n<p>El martes de Feria fue el d\u00eda r\u00e9cord de asistencia, ya que le metro dio servicio a la noche previa al d\u00eda de fiesta local, jornada en la que los sevillanos acudieron masivamente a la Feria. De hecho martes 17, mi\u00e9rcoles 18 y viernes 20 fueron los d\u00edas que acumularon las mayores afluencia.<\/p>\n<p>La Consejer\u00eda de Fomento y Vivienda agradece a los ciudadanos que hayan optado por el metro de Sevilla y el transporte p\u00fablico, en general, para llegar a la Feria, ya que por seguridad y comodidad supone la mejor opci\u00f3n para acudir al Real. El dispositivo especial de Feria de Abril se ha llevado a cabo sin incidencias destacables, teniendo en cuenta la gran afluencia de p\u00fablico y el gran requerimiento que exige la prestaci\u00f3n de un servicio p\u00fablico durante m\u00e1s de 200 horas seguidas.<\/p>\n<p>Adem\u00e1s, hay que agradecer la colaboraci\u00f3n con el servicio especial de Metro de Sevilla a los organismos e instituciones que participan en el Centro de Coordinaci\u00f3n Operativa (CECOP), como la direcci\u00f3n municipal de Movilidad, la Polic\u00eda Local y Nacional y los servicios de Emasesa y Lipasam.<\/p>\n","protected":false},"excerpt":{"rendered":"<p>Metro de Sevilla, sociedad concesionaria de la Junta de Andaluc\u00eda, ha transportado un total de 942.503 viajeros durante el dispositivo especial de Feria de Abril, que ha prestado servicio ininterrumpido desde el s\u00e1bado 14 de abril previo a la feria hasta el domingo 22 de abril, posterior a la jornada de los fuegos artificiales. El [&hellip;]<\/p>\n","protected":false},"author":1,"featured_media":977275,"comment_status":"closed","ping_status":"closed","sticky":false,"template":"","format":"standard","meta":{"footnotes":""},"categories":[1],"tags":[],"class_list":["post-977274","post","type-post","status-publish","format-standard","has-post-thumbnail","hentry","category-actualidad"],"aioseo_notices":[],"aioseo_head":"\n\t\t<!-- All in One SEO Pro 5.0.1 - aioseo.com -->\n\t<meta name=\"description\" content=\"Metro de Sevilla, sociedad concesionaria de la Junta de Andaluc\u00eda, ha transportado un total de 942.503 viajeros durante el dispositivo especial de Feria de Abril, que ha prestado servicio ininterrumpido desde el s\u00e1bado 14 de abril previo a la feria hasta el domingo 22 de abril, posterior a la jornada de los fuegos artificiales. El\" \/>\n\t<meta name=\"robots\" content=\"max-image-preview:large\" \/>\n\t<meta name=\"author\" content=\"El Digital de Asturias\"\/>\n\t<meta name=\"google-site-verification\" content=\"UA-38556648-1\" \/>\n\t<meta name=\"msvalidate.01\" content=\"7dfe9f3f1b24437ab69f4f2559babe99\" \/>\n\t<meta name=\"keywords\" content=\"actualidad\" \/>\n\t<link rel=\"canonical\" href=\"https:\/\/www.eldigitaldeasturias.com\/noticias\/record-historico-del-metro-de-sevilla-durante-la-feria\/\" \/>\n\t<meta name=\"generator\" content=\"All in One SEO Pro (AIOSEO) 5.0.1\" \/>\n\t\t<meta property=\"og:locale\" content=\"es_ES\" \/>\n\t\t<meta property=\"og:site_name\" content=\"El Digital de Asturias\" \/>\n\t\t<meta property=\"og:type\" content=\"article\" \/>\n\t\t<meta property=\"og:title\" content=\"R\u00e9cord hist\u00f3rico del metro de Sevilla durante la Feria - El Digital de Asturias\" \/>\n\t\t<meta property=\"og:description\" content=\"Metro de Sevilla, sociedad concesionaria de la Junta de Andaluc\u00eda, ha transportado un total de 942.503 viajeros durante el dispositivo especial de Feria de Abril, que ha prestado servicio ininterrumpido desde el s\u00e1bado 14 de abril previo a la feria hasta el domingo 22 de abril, posterior a la jornada de los fuegos artificiales. El\" \/>\n\t\t<meta property=\"og:url\" content=\"https:\/\/www.eldigitaldeasturias.com\/noticias\/record-historico-del-metro-de-sevilla-durante-la-feria\/\" \/>\n\t\t<meta property=\"article:tag\" content=\"actualidad\" \/>\n\t\t<meta property=\"article:published_time\" content=\"2018-04-24T01:58:06+00:00\" \/>\n\t\t<meta property=\"article:modified_time\" content=\"2018-04-24T01:58:06+00:00\" \/>\n\t\t<meta property=\"article:publisher\" content=\"https:\/\/facebook.com\/eldigitaldeasturias\" \/>\n\t\t<meta name=\"twitter:card\" content=\"summary_large_image\" \/>\n\t\t<meta name=\"twitter:title\" content=\"R\u00e9cord hist\u00f3rico del metro de Sevilla durante la Feria - El Digital de Asturias\" \/>\n\t\t<meta name=\"twitter:description\" content=\"Metro de Sevilla, sociedad concesionaria de la Junta de Andaluc\u00eda, ha transportado un total de 942.503 viajeros durante el dispositivo especial de Feria de Abril, que ha prestado servicio ininterrumpido desde el s\u00e1bado 14 de abril previo a la feria hasta el domingo 22 de abril, posterior a la jornada de los fuegos artificiales. El\" \/>\n\t\t<meta name=\"twitter:image\" content=\"https:\/\/www.eldigitaldeasturias.com\/noticias\/wp-content\/uploads\/2020\/12\/EDA-1.jpg\" \/>\n\t\t<meta name=\"twitter:label1\" content=\"Escrito por\" \/>\n\t\t<meta name=\"twitter:data1\" content=\"El Digital de Asturias\" \/>\n\t\t<meta name=\"twitter:label2\" content=\"Tiempo de lectura estimado\" \/>\n\t\t<meta name=\"twitter:data2\" content=\"2 minutos\" \/>\n\t\t<script type=\"application\/ld+json\" class=\"aioseo-schema\">\n\t\t\t{\"@context\":\"https:\\\/\\\/schema.org\",\"@graph\":[{\"@type\":\"BlogPosting\",\"@id\":\"https:\\\/\\\/www.eldigitaldeasturias.com\\\/noticias\\\/record-historico-del-metro-de-sevilla-durante-la-feria\\\/#blogposting\",\"name\":\"R\\u00e9cord hist\\u00f3rico del metro de Sevilla durante la Feria - El Digital de Asturias\",\"headline\":\"R\\u00e9cord hist\\u00f3rico del metro de Sevilla durante la Feria\",\"author\":{\"@id\":\"https:\\\/\\\/www.eldigitaldeasturias.com\\\/noticias\\\/author\\\/admin\\\/#author\"},\"publisher\":{\"@id\":\"https:\\\/\\\/www.eldigitaldeasturias.com\\\/noticias\\\/#organization\"},\"image\":{\"@type\":\"ImageObject\",\"url\":977275},\"datePublished\":\"2018-04-24T01:58:06+02:00\",\"dateModified\":\"2018-04-24T01:58:06+02:00\",\"inLanguage\":\"es-ES\",\"mainEntityOfPage\":{\"@id\":\"https:\\\/\\\/www.eldigitaldeasturias.com\\\/noticias\\\/record-historico-del-metro-de-sevilla-durante-la-feria\\\/#webpage\"},\"isPartOf\":{\"@id\":\"https:\\\/\\\/www.eldigitaldeasturias.com\\\/noticias\\\/record-historico-del-metro-de-sevilla-durante-la-feria\\\/#webpage\"},\"articleSection\":\"Actualidad\"},{\"@type\":\"BreadcrumbList\",\"@id\":\"https:\\\/\\\/www.eldigitaldeasturias.com\\\/noticias\\\/record-historico-del-metro-de-sevilla-durante-la-feria\\\/#breadcrumblist\",\"itemListElement\":[{\"@type\":\"ListItem\",\"@id\":\"https:\\\/\\\/www.eldigitaldeasturias.com\\\/noticias#listItem\",\"position\":1,\"name\":\"Home\",\"item\":\"https:\\\/\\\/www.eldigitaldeasturias.com\\\/noticias\",\"nextItem\":{\"@type\":\"ListItem\",\"@id\":\"https:\\\/\\\/www.eldigitaldeasturias.com\\\/noticias\\\/category\\\/actualidad\\\/#listItem\",\"name\":\"Actualidad\"}},{\"@type\":\"ListItem\",\"@id\":\"https:\\\/\\\/www.eldigitaldeasturias.com\\\/noticias\\\/category\\\/actualidad\\\/#listItem\",\"position\":2,\"name\":\"Actualidad\",\"item\":\"https:\\\/\\\/www.eldigitaldeasturias.com\\\/noticias\\\/category\\\/actualidad\\\/\",\"nextItem\":{\"@type\":\"ListItem\",\"@id\":\"https:\\\/\\\/www.eldigitaldeasturias.com\\\/noticias\\\/record-historico-del-metro-de-sevilla-durante-la-feria\\\/#listItem\",\"name\":\"R\\u00e9cord hist\\u00f3rico del metro de Sevilla durante la Feria\"},\"previousItem\":{\"@type\":\"ListItem\",\"@id\":\"https:\\\/\\\/www.eldigitaldeasturias.com\\\/noticias#listItem\",\"name\":\"Home\"}},{\"@type\":\"ListItem\",\"@id\":\"https:\\\/\\\/www.eldigitaldeasturias.com\\\/noticias\\\/record-historico-del-metro-de-sevilla-durante-la-feria\\\/#listItem\",\"position\":3,\"name\":\"R\\u00e9cord hist\\u00f3rico del metro de Sevilla durante la Feria\",\"previousItem\":{\"@type\":\"ListItem\",\"@id\":\"https:\\\/\\\/www.eldigitaldeasturias.com\\\/noticias\\\/category\\\/actualidad\\\/#listItem\",\"name\":\"Actualidad\"}}]},{\"@type\":\"Organization\",\"@id\":\"https:\\\/\\\/www.eldigitaldeasturias.com\\\/noticias\\\/#organization\",\"name\":\"El Digital de Asturias\",\"description\":\"Hemeroteca\",\"url\":\"https:\\\/\\\/www.eldigitaldeasturias.com\\\/noticias\\\/\",\"email\":\"info@eldigitaldeasturias.com\",\"telephone\":\"+34652131393\",\"logo\":{\"@type\":\"ImageObject\",\"url\":\"https:\\\/\\\/www.eldigitaldeasturias.com\\\/noticias\\\/wp-content\\\/uploads\\\/2020\\\/12\\\/EDA.jpg\",\"@id\":\"https:\\\/\\\/www.eldigitaldeasturias.com\\\/noticias\\\/record-historico-del-metro-de-sevilla-durante-la-feria\\\/#organizationLogo\"},\"image\":{\"@id\":\"https:\\\/\\\/www.eldigitaldeasturias.com\\\/noticias\\\/record-historico-del-metro-de-sevilla-durante-la-feria\\\/#organizationLogo\"},\"sameAs\":[\"https:\\\/\\\/facebook.com\\\/eldigitaldeasturias\",\"https:\\\/\\\/www.youtube.com\\\/channel\\\/UCZP-2wLEB9Rv6erhFmqVnvg\"],\"address\":{\"@id\":\"https:\\\/\\\/www.eldigitaldeasturias.com\\\/noticias\\\/#postaladdress\",\"@type\":\"PostalAddress\",\"streetAddress\":\"san antonio 4\",\"postalCode\":\"33430\",\"addressLocality\":\"Cand\\u00e1s\",\"addressRegion\":\"Asturias\",\"addressCountry\":\"ES\"}},{\"@type\":\"Person\",\"@id\":\"https:\\\/\\\/www.eldigitaldeasturias.com\\\/noticias\\\/author\\\/admin\\\/#author\",\"url\":\"https:\\\/\\\/www.eldigitaldeasturias.com\\\/noticias\\\/author\\\/admin\\\/\",\"name\":\"El Digital de Asturias\",\"image\":{\"@type\":\"ImageObject\",\"@id\":\"https:\\\/\\\/www.eldigitaldeasturias.com\\\/noticias\\\/record-historico-del-metro-de-sevilla-durante-la-feria\\\/#authorImage\",\"url\":\"https:\\\/\\\/secure.gravatar.com\\\/avatar\\\/df2aeffc32bcd13f8d26072ef8a91b623d677766deac7f97ca815868cd41bf5e?s=96&d=mm&r=g\",\"width\":96,\"height\":96,\"caption\":\"El Digital de Asturias\"}},{\"@type\":\"WebPage\",\"@id\":\"https:\\\/\\\/www.eldigitaldeasturias.com\\\/noticias\\\/record-historico-del-metro-de-sevilla-durante-la-feria\\\/#webpage\",\"url\":\"https:\\\/\\\/www.eldigitaldeasturias.com\\\/noticias\\\/record-historico-del-metro-de-sevilla-durante-la-feria\\\/\",\"name\":\"R\\u00e9cord hist\\u00f3rico del metro de Sevilla durante la Feria - El Digital de Asturias\",\"description\":\"Metro de Sevilla, sociedad concesionaria de la Junta de Andaluc\\u00eda, ha transportado un total de 942.503 viajeros durante el dispositivo especial de Feria de Abril, que ha prestado servicio ininterrumpido desde el s\\u00e1bado 14 de abril previo a la feria hasta el domingo 22 de abril, posterior a la jornada de los fuegos artificiales. El\",\"inLanguage\":\"es-ES\",\"isPartOf\":{\"@id\":\"https:\\\/\\\/www.eldigitaldeasturias.com\\\/noticias\\\/#website\"},\"breadcrumb\":{\"@id\":\"https:\\\/\\\/www.eldigitaldeasturias.com\\\/noticias\\\/record-historico-del-metro-de-sevilla-durante-la-feria\\\/#breadcrumblist\"},\"author\":{\"@id\":\"https:\\\/\\\/www.eldigitaldeasturias.com\\\/noticias\\\/author\\\/admin\\\/#author\"},\"creator\":{\"@id\":\"https:\\\/\\\/www.eldigitaldeasturias.com\\\/noticias\\\/author\\\/admin\\\/#author\"},\"image\":{\"@type\":\"ImageObject\",\"url\":977275,\"@id\":\"https:\\\/\\\/www.eldigitaldeasturias.com\\\/noticias\\\/record-historico-del-metro-de-sevilla-durante-la-feria\\\/#mainImage\"},\"primaryImageOfPage\":{\"@id\":\"https:\\\/\\\/www.eldigitaldeasturias.com\\\/noticias\\\/record-historico-del-metro-de-sevilla-durante-la-feria\\\/#mainImage\"},\"datePublished\":\"2018-04-24T01:58:06+02:00\",\"dateModified\":\"2018-04-24T01:58:06+02:00\"},{\"@type\":\"WebSite\",\"@id\":\"https:\\\/\\\/www.eldigitaldeasturias.com\\\/noticias\\\/#website\",\"url\":\"https:\\\/\\\/www.eldigitaldeasturias.com\\\/noticias\\\/\",\"name\":\"El Digital de Asturias - Diario de actualidad y noticias\",\"alternateName\":\"El Digital de Asturias - Diario de actualidad y noticias\",\"description\":\"Hemeroteca\",\"inLanguage\":\"es-ES\",\"publisher\":{\"@id\":\"https:\\\/\\\/www.eldigitaldeasturias.com\\\/noticias\\\/#organization\"}}]}\n\t\t<\/script>\n\t\t<!-- All in One SEO Pro -->\r\n\t\t<title>R\u00e9cord hist\u00f3rico del metro de Sevilla durante la Feria - El Digital de Asturias<\/title>\n\n","aioseo_head_json":{"title":"R\u00e9cord hist\u00f3rico del metro de Sevilla durante la Feria - El Digital de Asturias","description":"Metro de Sevilla, sociedad concesionaria de la Junta de Andaluc\u00eda, ha transportado un total de 942.503 viajeros durante el dispositivo especial de Feria de Abril, que ha prestado servicio ininterrumpido desde el s\u00e1bado 14 de abril previo a la feria hasta el domingo 22 de abril, posterior a la jornada de los fuegos artificiales. El","canonical_url":"https:\/\/www.eldigitaldeasturias.com\/noticias\/record-historico-del-metro-de-sevilla-durante-la-feria\/","robots":"max-image-preview:large","keywords":"actualidad","webmasterTools":{"google-site-verification":"UA-38556648-1","msvalidate.01":"7dfe9f3f1b24437ab69f4f2559babe99","miscellaneous":""},"schema":{"@context":"https:\/\/schema.org","@graph":[{"@type":"BlogPosting","@id":"https:\/\/www.eldigitaldeasturias.com\/noticias\/record-historico-del-metro-de-sevilla-durante-la-feria\/#blogposting","name":"R\u00e9cord hist\u00f3rico del metro de Sevilla durante la Feria - El Digital de Asturias","headline":"R\u00e9cord hist\u00f3rico del metro de Sevilla durante la Feria","author":{"@id":"https:\/\/www.eldigitaldeasturias.com\/noticias\/author\/admin\/#author"},"publisher":{"@id":"https:\/\/www.eldigitaldeasturias.com\/noticias\/#organization"},"image":{"@type":"ImageObject","url":977275},"datePublished":"2018-04-24T01:58:06+02:00","dateModified":"2018-04-24T01:58:06+02:00","inLanguage":"es-ES","mainEntityOfPage":{"@id":"https:\/\/www.eldigitaldeasturias.com\/noticias\/record-historico-del-metro-de-sevilla-durante-la-feria\/#webpage"},"isPartOf":{"@id":"https:\/\/www.eldigitaldeasturias.com\/noticias\/record-historico-del-metro-de-sevilla-durante-la-feria\/#webpage"},"articleSection":"Actualidad"},{"@type":"BreadcrumbList","@id":"https:\/\/www.eldigitaldeasturias.com\/noticias\/record-historico-del-metro-de-sevilla-durante-la-feria\/#breadcrumblist","itemListElement":[{"@type":"ListItem","@id":"https:\/\/www.eldigitaldeasturias.com\/noticias#listItem","position":1,"name":"Home","item":"https:\/\/www.eldigitaldeasturias.com\/noticias","nextItem":{"@type":"ListItem","@id":"https:\/\/www.eldigitaldeasturias.com\/noticias\/category\/actualidad\/#listItem","name":"Actualidad"}},{"@type":"ListItem","@id":"https:\/\/www.eldigitaldeasturias.com\/noticias\/category\/actualidad\/#listItem","position":2,"name":"Actualidad","item":"https:\/\/www.eldigitaldeasturias.com\/noticias\/category\/actualidad\/","nextItem":{"@type":"ListItem","@id":"https:\/\/www.eldigitaldeasturias.com\/noticias\/record-historico-del-metro-de-sevilla-durante-la-feria\/#listItem","name":"R\u00e9cord hist\u00f3rico del metro de Sevilla durante la Feria"},"previousItem":{"@type":"ListItem","@id":"https:\/\/www.eldigitaldeasturias.com\/noticias#listItem","name":"Home"}},{"@type":"ListItem","@id":"https:\/\/www.eldigitaldeasturias.com\/noticias\/record-historico-del-metro-de-sevilla-durante-la-feria\/#listItem","position":3,"name":"R\u00e9cord hist\u00f3rico del metro de Sevilla durante la Feria","previousItem":{"@type":"ListItem","@id":"https:\/\/www.eldigitaldeasturias.com\/noticias\/category\/actualidad\/#listItem","name":"Actualidad"}}]},{"@type":"Organization","@id":"https:\/\/www.eldigitaldeasturias.com\/noticias\/#organization","name":"El Digital de Asturias","description":"Hemeroteca","url":"https:\/\/www.eldigitaldeasturias.com\/noticias\/","email":"info@eldigitaldeasturias.com","telephone":"+34652131393","logo":{"@type":"ImageObject","url":"https:\/\/www.eldigitaldeasturias.com\/noticias\/wp-content\/uploads\/2020\/12\/EDA.jpg","@id":"https:\/\/www.eldigitaldeasturias.com\/noticias\/record-historico-del-metro-de-sevilla-durante-la-feria\/#organizationLogo"},"image":{"@id":"https:\/\/www.eldigitaldeasturias.com\/noticias\/record-historico-del-metro-de-sevilla-durante-la-feria\/#organizationLogo"},"sameAs":["https:\/\/facebook.com\/eldigitaldeasturias","https:\/\/www.youtube.com\/channel\/UCZP-2wLEB9Rv6erhFmqVnvg"],"address":{"@id":"https:\/\/www.eldigitaldeasturias.com\/noticias\/#postaladdress","@type":"PostalAddress","streetAddress":"san antonio 4","postalCode":"33430","addressLocality":"Cand\u00e1s","addressRegion":"Asturias","addressCountry":"ES"}},{"@type":"Person","@id":"https:\/\/www.eldigitaldeasturias.com\/noticias\/author\/admin\/#author","url":"https:\/\/www.eldigitaldeasturias.com\/noticias\/author\/admin\/","name":"El Digital de Asturias","image":{"@type":"ImageObject","@id":"https:\/\/www.eldigitaldeasturias.com\/noticias\/record-historico-del-metro-de-sevilla-durante-la-feria\/#authorImage","url":"https:\/\/secure.gravatar.com\/avatar\/df2aeffc32bcd13f8d26072ef8a91b623d677766deac7f97ca815868cd41bf5e?s=96&d=mm&r=g","width":96,"height":96,"caption":"El Digital de Asturias"}},{"@type":"WebPage","@id":"https:\/\/www.eldigitaldeasturias.com\/noticias\/record-historico-del-metro-de-sevilla-durante-la-feria\/#webpage","url":"https:\/\/www.eldigitaldeasturias.com\/noticias\/record-historico-del-metro-de-sevilla-durante-la-feria\/","name":"R\u00e9cord hist\u00f3rico del metro de Sevilla durante la Feria - El Digital de Asturias","description":"Metro de Sevilla, sociedad concesionaria de la Junta de Andaluc\u00eda, ha transportado un total de 942.503 viajeros durante el dispositivo especial de Feria de Abril, que ha prestado servicio ininterrumpido desde el s\u00e1bado 14 de abril previo a la feria hasta el domingo 22 de abril, posterior a la jornada de los fuegos artificiales. El","inLanguage":"es-ES","isPartOf":{"@id":"https:\/\/www.eldigitaldeasturias.com\/noticias\/#website"},"breadcrumb":{"@id":"https:\/\/www.eldigitaldeasturias.com\/noticias\/record-historico-del-metro-de-sevilla-durante-la-feria\/#breadcrumblist"},"author":{"@id":"https:\/\/www.eldigitaldeasturias.com\/noticias\/author\/admin\/#author"},"creator":{"@id":"https:\/\/www.eldigitaldeasturias.com\/noticias\/author\/admin\/#author"},"image":{"@type":"ImageObject","url":977275,"@id":"https:\/\/www.eldigitaldeasturias.com\/noticias\/record-historico-del-metro-de-sevilla-durante-la-feria\/#mainImage"},"primaryImageOfPage":{"@id":"https:\/\/www.eldigitaldeasturias.com\/noticias\/record-historico-del-metro-de-sevilla-durante-la-feria\/#mainImage"},"datePublished":"2018-04-24T01:58:06+02:00","dateModified":"2018-04-24T01:58:06+02:00"},{"@type":"WebSite","@id":"https:\/\/www.eldigitaldeasturias.com\/noticias\/#website","url":"https:\/\/www.eldigitaldeasturias.com\/noticias\/","name":"El Digital de Asturias - Diario de actualidad y noticias","alternateName":"El Digital de Asturias - Diario de actualidad y noticias","description":"Hemeroteca","inLanguage":"es-ES","publisher":{"@id":"https:\/\/www.eldigitaldeasturias.com\/noticias\/#organization"}}]},"og:locale":"es_ES","og:site_name":"El Digital de Asturias","og:type":"article","og:title":"R\u00e9cord hist\u00f3rico del metro de Sevilla durante la Feria - El Digital de Asturias","og:description":"Metro de Sevilla, sociedad concesionaria de la Junta de Andaluc\u00eda, ha transportado un total de 942.503 viajeros durante el dispositivo especial de Feria de Abril, que ha prestado servicio ininterrumpido desde el s\u00e1bado 14 de abril previo a la feria hasta el domingo 22 de abril, posterior a la jornada de los fuegos artificiales. El","og:url":"https:\/\/www.eldigitaldeasturias.com\/noticias\/record-historico-del-metro-de-sevilla-durante-la-feria\/","article:tag":["actualidad"],"article:published_time":"2018-04-24T01:58:06+00:00","article:modified_time":"2018-04-24T01:58:06+00:00","article:publisher":"https:\/\/facebook.com\/eldigitaldeasturias","twitter:card":"summary_large_image","twitter:title":"R\u00e9cord hist\u00f3rico del metro de Sevilla durante la Feria - El Digital de Asturias","twitter:description":"Metro de Sevilla, sociedad concesionaria de la Junta de Andaluc\u00eda, ha transportado un total de 942.503 viajeros durante el dispositivo especial de Feria de Abril, que ha prestado servicio ininterrumpido desde el s\u00e1bado 14 de abril previo a la feria hasta el domingo 22 de abril, posterior a la jornada de los fuegos artificiales. El","twitter:image":"https:\/\/www.eldigitaldeasturias.com\/noticias\/wp-content\/uploads\/2020\/12\/EDA-1.jpg","twitter:label1":"Escrito por","twitter:data1":"El Digital de Asturias","twitter:label2":"Tiempo de lectura estimado","twitter:data2":"2 minutos"},"aioseo_meta_data":{"post_id":"977274","title":null,"description":null,"keywords":null,"keyphrases":null,"primary_term":null,"canonical_url":null,"og_title":null,"og_description":null,"og_object_type":"default","og_image_type":"default","og_image_url":null,"og_image_width":null,"og_image_height":null,"og_image_custom_url":null,"og_image_custom_fields":null,"og_video":null,"og_custom_url":null,"og_article_section":null,"og_article_tags":null,"twitter_use_og":false,"twitter_card":"default","twitter_image_type":"default","twitter_image_url":null,"twitter_image_custom_url":null,"twitter_image_custom_fields":null,"twitter_title":null,"twitter_description":null,"schema":{"blockGraphs":[],"customGraphs":[],"default":{"data":{"Article":[],"Course":[],"Dataset":[],"FAQPage":[],"Movie":[],"Person":[],"Product":[],"ProductReview":[],"Car":[],"Recipe":[],"Service":[],"SoftwareApplication":[],"WebPage":[]},"graphName":"","isEnabled":true},"graphs":[],"defaultGraph":"","defaultPostTypeGraph":""},"schema_type":null,"schema_type_options":null,"pillar_content":false,"robots_default":true,"robots_noindex":false,"robots_noarchive":false,"robots_nosnippet":false,"robots_nofollow":false,"robots_noimageindex":false,"robots_noodp":false,"robots_notranslate":false,"robots_max_snippet":null,"robots_max_videopreview":null,"robots_max_imagepreview":"large","priority":null,"frequency":null,"local_seo":null,"seo_analyzer_scan_date":"2025-10-08 06:51:10","breadcrumb_settings":null,"limit_modified_date":false,"open_ai":null,"ai":null,"created":"2020-12-21 12:05:37","updated":"2025-10-08 06:51:10","focus_keyword":null,"additional_keywords":null,"truseo_locale":null},"aioseo_breadcrumb":"<div class=\"aioseo-breadcrumbs\"><span class=\"aioseo-breadcrumb\">\n\t<a href=\"https:\/\/www.eldigitaldeasturias.com\/noticias\" title=\"Home\">Home<\/a>\n<\/span><span class=\"aioseo-breadcrumb-separator\">\u2013<\/span><span class=\"aioseo-breadcrumb\">\n\t<a href=\"https:\/\/www.eldigitaldeasturias.com\/noticias\/category\/actualidad\/\" title=\"Actualidad\">Actualidad<\/a>\n<\/span><span class=\"aioseo-breadcrumb-separator\">\u2013<\/span><span class=\"aioseo-breadcrumb\">\n\t<a href=\"https:\/\/www.eldigitaldeasturias.com\/noticias\/record-historico-del-metro-de-sevilla-durante-la-feria\/\" title=\"R\u00e9cord hist\u00f3rico del metro de Sevilla durante la Feria\">R\u00e9cord hist\u00f3rico del metro de Sevilla durante la Feria<\/a>\n<\/span><\/div>","aioseo_breadcrumb_json":[{"label":"Home","link":"https:\/\/www.eldigitaldeasturias.com\/noticias"},{"label":"Actualidad","link":"https:\/\/www.eldigitaldeasturias.com\/noticias\/category\/actualidad\/"},{"label":"R\u00e9cord hist\u00f3rico del metro de Sevilla durante la Feria","link":"https:\/\/www.eldigitaldeasturias.com\/noticias\/record-historico-del-metro-de-sevilla-durante-la-feria\/"}],"_links":{"self":[{"href":"https:\/\/www.eldigitaldeasturias.com\/noticias\/wp-json\/wp\/v2\/posts\/977274","targetHints":{"allow":["GET"]}}],"collection":[{"href":"https:\/\/www.eldigitaldeasturias.com\/noticias\/wp-json\/wp\/v2\/posts"}],"about":[{"href":"https:\/\/www.eldigitaldeasturias.com\/noticias\/wp-json\/wp\/v2\/types\/post"}],"author":[{"embeddable":true,"href":"https:\/\/www.eldigitaldeasturias.com\/noticias\/wp-json\/wp\/v2\/users\/1"}],"replies":[{"embeddable":true,"href":"https:\/\/www.eldigitaldeasturias.com\/noticias\/wp-json\/wp\/v2\/comments?post=977274"}],"version-history":[{"count":0,"href":"https:\/\/www.eldigitaldeasturias.com\/noticias\/wp-json\/wp\/v2\/posts\/977274\/revisions"}],"wp:attachment":[{"href":"https:\/\/www.eldigitaldeasturias.com\/noticias\/wp-json\/wp\/v2\/media?parent=977274"}],"wp:term":[{"taxonomy":"category","embeddable":true,"href":"https:\/\/www.eldigitaldeasturias.com\/noticias\/wp-json\/wp\/v2\/categories?post=977274"},{"taxonomy":"post_tag","embeddable":true,"href":"https:\/\/www.eldigitaldeasturias.com\/noticias\/wp-json\/wp\/v2\/tags?post=977274"}],"curies":[{"name":"wp","href":"https:\/\/api.w.org\/{rel}","templated":true}]}}