{"id":977238,"date":"2018-04-24T00:12:57","date_gmt":"2018-04-24T00:12:57","guid":{"rendered":"http:\/\/www.eldigitaldeasturias.com\/noticias\/?p=977238"},"modified":"2018-04-24T00:12:57","modified_gmt":"2018-04-24T00:12:57","slug":"daniel-ortega-el-ex-guerrillero-se-enfrenta-a-una-rebelion","status":"publish","type":"post","link":"https:\/\/www.eldigitaldeasturias.com\/noticias\/daniel-ortega-el-ex-guerrillero-se-enfrenta-a-una-rebelion\/","title":{"rendered":"Daniel Ortega, el ex guerrillero se enfrenta a una rebeli\u00f3n"},"content":{"rendered":"<p><img loading=\"lazy\" decoding=\"async\" class=\"alignleft size-medium wp-image-581461\" src=\"https:\/\/www.eldigitaldeasturias.com\/noticias\/wp-content\/uploads\/2014\/08\/6555334w-360x241.jpg\" alt=\"\" width=\"360\" height=\"241\" \/>Managua, 23 abr (dpa) \u2013 Las protestas estudiantiles ocurridas en Nicaragua por una pol\u00e9mica reforma a la seguridad social, derogada ayer domingo, pusieron por primera vez en jaque al Gobierno de Daniel Ortega, tras 11 a\u00f1os de relativa paz social.<\/p>\n<p>A sus 72 a\u00f1os, el ex guerrillero sandinista Ortega alcanz\u00f3 la estabilidad tejiendo alianzas con grupos econ\u00f3micos poderosos, sus antiguos adversarios, las que se fracturaron a ra\u00edz de la sorpresiva acci\u00f3n policial contra los universitarios y la ruptura del dialogo con el sector privado.<\/p>\n<p>Si bien las protesta se iniciaron en las universidades en Managua, se extendieron pronto a una decena de ciudades. Los manifestantes fueron atacados por grupos de choque del Gobierno y polic\u00edas antimotines, lo que dej\u00f3 diez muertos de acuerdo con datos oficiales y al menos 26 seg\u00fan organismos de derechos humanos.<\/p>\n<p>Daniel Ortega fue presidente por primera vez durante la revoluci\u00f3n de la d\u00e9cada de 1980, un convulso per\u00edodo que atrajo la simpat\u00eda de miles de personas en el mundo pero que estuvo marcado por una cruenta guerra entre los sandinistas y los \u201ccontras\u201d, apoyados por Estados Unidos.<\/p>\n<p>En 1990 pas\u00f3 a la oposici\u00f3n, tras ser derrotado sorpresivamente en las urnas por una alianza de partidos de derecha y su candidata, Violeta Chamorro, viuda del periodista asesinado por la dictadura de Anastasio Somoza en enero de 1978, Pedro Joaqu\u00edn Chamorro.<\/p>\n<p>Despu\u00e9s de 17 a\u00f1os y tres fracasos electorales, Ortega volvi\u00f3 al poder en 2007. Desde entonces se ha reelegido en dos ocasiones (2011 y 2016) tras eliminar un art\u00edculo constitucional que le imped\u00eda continuar al frente del Gobierno.<\/p>\n<p>Acosado por sus detractores de reiteradas denuncias de fraude, el gobernante mantuvo el poder gracias al apoyo financiero venezolano y el capital privado local, con los que estableci\u00f3 una \u201calianza estrat\u00e9gica\u201d a cambio de importantes exoneraciones fiscales y otros beneficios econ\u00f3micos.<\/p>\n<p>Por primera vez en 11 a\u00f1os, Ortega escuch\u00f3 el grito de j\u00f3venes que pidieron su renuncia al cargo y la de su esposa, la vicepresidenta Rosario Murillo. \u201cNo tenemos miedo\u201d, coreaban los manifestantes, cuya reacci\u00f3n sorprendi\u00f3 a la clase pol\u00edtica, que cuestionaba su aparente apat\u00eda frente a la realidad.<\/p>\n<p>Las redes sociales, a las que el Gobierno ha amenazado con controlar, desempe\u00f1aron un papel clave en la difusi\u00f3n y organizaci\u00f3n de las protestas, seg\u00fan analistas locales. Televisoras independientes censuradas por el Gobierno se mantuvieron en pie y salieron al aire por Internet.<\/p>\n<p>Ortega y Murillo han acusado a \u201cgrupos pol\u00edticos\u201d de estar detr\u00e1s de una \u201cconspiraci\u00f3n\u201d para desestabilizarlos. Y aunque finalmente el mandatario accedi\u00f3 a conversar con el sector privado y los obispos para revisar la situaci\u00f3n del Seguro Social, evit\u00f3 adelantar si invitar\u00e1 a otros sectores influyentes de la sociedad.<\/p>\n","protected":false},"excerpt":{"rendered":"<p>Managua, 23 abr (dpa) \u2013 Las protestas estudiantiles ocurridas en Nicaragua por una pol\u00e9mica reforma a la seguridad social, derogada ayer domingo, pusieron por primera vez en jaque al Gobierno de Daniel Ortega, tras 11 a\u00f1os de relativa paz social. A sus 72 a\u00f1os, el ex guerrillero sandinista Ortega alcanz\u00f3 la estabilidad tejiendo alianzas con [&hellip;]<\/p>\n","protected":false},"author":1,"featured_media":581461,"comment_status":"closed","ping_status":"closed","sticky":false,"template":"","format":"standard","meta":{"footnotes":""},"categories":[1],"tags":[],"class_list":["post-977238","post","type-post","status-publish","format-standard","has-post-thumbnail","hentry","category-actualidad"],"aioseo_notices":[],"aioseo_head":"\n\t\t<!-- All in One SEO Pro 5.0.1 - aioseo.com -->\n\t<meta name=\"description\" content=\"Managua, 23 abr (dpa) \u2013 Las protestas estudiantiles ocurridas en Nicaragua por una pol\u00e9mica reforma a la seguridad social, derogada ayer domingo, pusieron por primera vez en jaque al Gobierno de Daniel Ortega, tras 11 a\u00f1os de relativa paz social. A sus 72 a\u00f1os, el ex guerrillero sandinista Ortega alcanz\u00f3 la estabilidad tejiendo alianzas con\" \/>\n\t<meta name=\"robots\" content=\"max-image-preview:large\" \/>\n\t<meta name=\"author\" content=\"El Digital de Asturias\"\/>\n\t<meta name=\"google-site-verification\" content=\"UA-38556648-1\" \/>\n\t<meta name=\"msvalidate.01\" content=\"7dfe9f3f1b24437ab69f4f2559babe99\" \/>\n\t<meta name=\"keywords\" content=\"actualidad\" \/>\n\t<link rel=\"canonical\" href=\"https:\/\/www.eldigitaldeasturias.com\/noticias\/daniel-ortega-el-ex-guerrillero-se-enfrenta-a-una-rebelion\/\" \/>\n\t<meta name=\"generator\" content=\"All in One SEO Pro (AIOSEO) 5.0.1\" \/>\n\t\t<meta property=\"og:locale\" content=\"es_ES\" \/>\n\t\t<meta property=\"og:site_name\" content=\"El Digital de Asturias\" \/>\n\t\t<meta property=\"og:type\" content=\"article\" \/>\n\t\t<meta property=\"og:title\" content=\"Daniel Ortega, el ex guerrillero se enfrenta a una rebeli\u00f3n - El Digital de Asturias\" \/>\n\t\t<meta property=\"og:description\" content=\"Managua, 23 abr (dpa) \u2013 Las protestas estudiantiles ocurridas en Nicaragua por una pol\u00e9mica reforma a la seguridad social, derogada ayer domingo, pusieron por primera vez en jaque al Gobierno de Daniel Ortega, tras 11 a\u00f1os de relativa paz social. A sus 72 a\u00f1os, el ex guerrillero sandinista Ortega alcanz\u00f3 la estabilidad tejiendo alianzas con\" \/>\n\t\t<meta property=\"og:url\" content=\"https:\/\/www.eldigitaldeasturias.com\/noticias\/daniel-ortega-el-ex-guerrillero-se-enfrenta-a-una-rebelion\/\" \/>\n\t\t<meta property=\"article:tag\" content=\"actualidad\" \/>\n\t\t<meta property=\"article:published_time\" content=\"2018-04-24T00:12:57+00:00\" \/>\n\t\t<meta property=\"article:modified_time\" content=\"2018-04-24T00:12:57+00:00\" \/>\n\t\t<meta property=\"article:publisher\" content=\"https:\/\/facebook.com\/eldigitaldeasturias\" \/>\n\t\t<meta name=\"twitter:card\" content=\"summary_large_image\" \/>\n\t\t<meta name=\"twitter:title\" content=\"Daniel Ortega, el ex guerrillero se enfrenta a una rebeli\u00f3n - El Digital de Asturias\" \/>\n\t\t<meta name=\"twitter:description\" content=\"Managua, 23 abr (dpa) \u2013 Las protestas estudiantiles ocurridas en Nicaragua por una pol\u00e9mica reforma a la seguridad social, derogada ayer domingo, pusieron por primera vez en jaque al Gobierno de Daniel Ortega, tras 11 a\u00f1os de relativa paz social. A sus 72 a\u00f1os, el ex guerrillero sandinista Ortega alcanz\u00f3 la estabilidad tejiendo alianzas con\" \/>\n\t\t<meta name=\"twitter:image\" content=\"https:\/\/www.eldigitaldeasturias.com\/noticias\/wp-content\/uploads\/2020\/12\/EDA-1.jpg\" \/>\n\t\t<meta name=\"twitter:label1\" content=\"Escrito por\" \/>\n\t\t<meta name=\"twitter:data1\" content=\"El Digital de Asturias\" \/>\n\t\t<meta name=\"twitter:label2\" content=\"Tiempo de lectura estimado\" \/>\n\t\t<meta name=\"twitter:data2\" content=\"2 minutos\" \/>\n\t\t<script type=\"application\/ld+json\" class=\"aioseo-schema\">\n\t\t\t{\"@context\":\"https:\\\/\\\/schema.org\",\"@graph\":[{\"@type\":\"BlogPosting\",\"@id\":\"https:\\\/\\\/www.eldigitaldeasturias.com\\\/noticias\\\/daniel-ortega-el-ex-guerrillero-se-enfrenta-a-una-rebelion\\\/#blogposting\",\"name\":\"Daniel Ortega, el ex guerrillero se enfrenta a una rebeli\\u00f3n - El Digital de Asturias\",\"headline\":\"Daniel Ortega, el ex guerrillero se enfrenta a una rebeli\\u00f3n\",\"author\":{\"@id\":\"https:\\\/\\\/www.eldigitaldeasturias.com\\\/noticias\\\/author\\\/admin\\\/#author\"},\"publisher\":{\"@id\":\"https:\\\/\\\/www.eldigitaldeasturias.com\\\/noticias\\\/#organization\"},\"image\":{\"@type\":\"ImageObject\",\"url\":581461},\"datePublished\":\"2018-04-24T00:12:57+02:00\",\"dateModified\":\"2018-04-24T00:12:57+02:00\",\"inLanguage\":\"es-ES\",\"mainEntityOfPage\":{\"@id\":\"https:\\\/\\\/www.eldigitaldeasturias.com\\\/noticias\\\/daniel-ortega-el-ex-guerrillero-se-enfrenta-a-una-rebelion\\\/#webpage\"},\"isPartOf\":{\"@id\":\"https:\\\/\\\/www.eldigitaldeasturias.com\\\/noticias\\\/daniel-ortega-el-ex-guerrillero-se-enfrenta-a-una-rebelion\\\/#webpage\"},\"articleSection\":\"Actualidad\"},{\"@type\":\"BreadcrumbList\",\"@id\":\"https:\\\/\\\/www.eldigitaldeasturias.com\\\/noticias\\\/daniel-ortega-el-ex-guerrillero-se-enfrenta-a-una-rebelion\\\/#breadcrumblist\",\"itemListElement\":[{\"@type\":\"ListItem\",\"@id\":\"https:\\\/\\\/www.eldigitaldeasturias.com\\\/noticias#listItem\",\"position\":1,\"name\":\"Home\",\"item\":\"https:\\\/\\\/www.eldigitaldeasturias.com\\\/noticias\",\"nextItem\":{\"@type\":\"ListItem\",\"@id\":\"https:\\\/\\\/www.eldigitaldeasturias.com\\\/noticias\\\/category\\\/actualidad\\\/#listItem\",\"name\":\"Actualidad\"}},{\"@type\":\"ListItem\",\"@id\":\"https:\\\/\\\/www.eldigitaldeasturias.com\\\/noticias\\\/category\\\/actualidad\\\/#listItem\",\"position\":2,\"name\":\"Actualidad\",\"item\":\"https:\\\/\\\/www.eldigitaldeasturias.com\\\/noticias\\\/category\\\/actualidad\\\/\",\"nextItem\":{\"@type\":\"ListItem\",\"@id\":\"https:\\\/\\\/www.eldigitaldeasturias.com\\\/noticias\\\/daniel-ortega-el-ex-guerrillero-se-enfrenta-a-una-rebelion\\\/#listItem\",\"name\":\"Daniel Ortega, el ex guerrillero se enfrenta a una rebeli\\u00f3n\"},\"previousItem\":{\"@type\":\"ListItem\",\"@id\":\"https:\\\/\\\/www.eldigitaldeasturias.com\\\/noticias#listItem\",\"name\":\"Home\"}},{\"@type\":\"ListItem\",\"@id\":\"https:\\\/\\\/www.eldigitaldeasturias.com\\\/noticias\\\/daniel-ortega-el-ex-guerrillero-se-enfrenta-a-una-rebelion\\\/#listItem\",\"position\":3,\"name\":\"Daniel Ortega, el ex guerrillero se enfrenta a una rebeli\\u00f3n\",\"previousItem\":{\"@type\":\"ListItem\",\"@id\":\"https:\\\/\\\/www.eldigitaldeasturias.com\\\/noticias\\\/category\\\/actualidad\\\/#listItem\",\"name\":\"Actualidad\"}}]},{\"@type\":\"Organization\",\"@id\":\"https:\\\/\\\/www.eldigitaldeasturias.com\\\/noticias\\\/#organization\",\"name\":\"El Digital de Asturias\",\"description\":\"Hemeroteca\",\"url\":\"https:\\\/\\\/www.eldigitaldeasturias.com\\\/noticias\\\/\",\"email\":\"info@eldigitaldeasturias.com\",\"telephone\":\"+34652131393\",\"logo\":{\"@type\":\"ImageObject\",\"url\":\"https:\\\/\\\/www.eldigitaldeasturias.com\\\/noticias\\\/wp-content\\\/uploads\\\/2020\\\/12\\\/EDA.jpg\",\"@id\":\"https:\\\/\\\/www.eldigitaldeasturias.com\\\/noticias\\\/daniel-ortega-el-ex-guerrillero-se-enfrenta-a-una-rebelion\\\/#organizationLogo\"},\"image\":{\"@id\":\"https:\\\/\\\/www.eldigitaldeasturias.com\\\/noticias\\\/daniel-ortega-el-ex-guerrillero-se-enfrenta-a-una-rebelion\\\/#organizationLogo\"},\"sameAs\":[\"https:\\\/\\\/facebook.com\\\/eldigitaldeasturias\",\"https:\\\/\\\/www.youtube.com\\\/channel\\\/UCZP-2wLEB9Rv6erhFmqVnvg\"],\"address\":{\"@id\":\"https:\\\/\\\/www.eldigitaldeasturias.com\\\/noticias\\\/#postaladdress\",\"@type\":\"PostalAddress\",\"streetAddress\":\"san antonio 4\",\"postalCode\":\"33430\",\"addressLocality\":\"Cand\\u00e1s\",\"addressRegion\":\"Asturias\",\"addressCountry\":\"ES\"}},{\"@type\":\"Person\",\"@id\":\"https:\\\/\\\/www.eldigitaldeasturias.com\\\/noticias\\\/author\\\/admin\\\/#author\",\"url\":\"https:\\\/\\\/www.eldigitaldeasturias.com\\\/noticias\\\/author\\\/admin\\\/\",\"name\":\"El Digital de Asturias\",\"image\":{\"@type\":\"ImageObject\",\"@id\":\"https:\\\/\\\/www.eldigitaldeasturias.com\\\/noticias\\\/daniel-ortega-el-ex-guerrillero-se-enfrenta-a-una-rebelion\\\/#authorImage\",\"url\":\"https:\\\/\\\/secure.gravatar.com\\\/avatar\\\/df2aeffc32bcd13f8d26072ef8a91b623d677766deac7f97ca815868cd41bf5e?s=96&d=mm&r=g\",\"width\":96,\"height\":96,\"caption\":\"El Digital de Asturias\"}},{\"@type\":\"WebPage\",\"@id\":\"https:\\\/\\\/www.eldigitaldeasturias.com\\\/noticias\\\/daniel-ortega-el-ex-guerrillero-se-enfrenta-a-una-rebelion\\\/#webpage\",\"url\":\"https:\\\/\\\/www.eldigitaldeasturias.com\\\/noticias\\\/daniel-ortega-el-ex-guerrillero-se-enfrenta-a-una-rebelion\\\/\",\"name\":\"Daniel Ortega, el ex guerrillero se enfrenta a una rebeli\\u00f3n - El Digital de Asturias\",\"description\":\"Managua, 23 abr (dpa) \\u2013 Las protestas estudiantiles ocurridas en Nicaragua por una pol\\u00e9mica reforma a la seguridad social, derogada ayer domingo, pusieron por primera vez en jaque al Gobierno de Daniel Ortega, tras 11 a\\u00f1os de relativa paz social. A sus 72 a\\u00f1os, el ex guerrillero sandinista Ortega alcanz\\u00f3 la estabilidad tejiendo alianzas con\",\"inLanguage\":\"es-ES\",\"isPartOf\":{\"@id\":\"https:\\\/\\\/www.eldigitaldeasturias.com\\\/noticias\\\/#website\"},\"breadcrumb\":{\"@id\":\"https:\\\/\\\/www.eldigitaldeasturias.com\\\/noticias\\\/daniel-ortega-el-ex-guerrillero-se-enfrenta-a-una-rebelion\\\/#breadcrumblist\"},\"author\":{\"@id\":\"https:\\\/\\\/www.eldigitaldeasturias.com\\\/noticias\\\/author\\\/admin\\\/#author\"},\"creator\":{\"@id\":\"https:\\\/\\\/www.eldigitaldeasturias.com\\\/noticias\\\/author\\\/admin\\\/#author\"},\"image\":{\"@type\":\"ImageObject\",\"url\":581461,\"@id\":\"https:\\\/\\\/www.eldigitaldeasturias.com\\\/noticias\\\/daniel-ortega-el-ex-guerrillero-se-enfrenta-a-una-rebelion\\\/#mainImage\"},\"primaryImageOfPage\":{\"@id\":\"https:\\\/\\\/www.eldigitaldeasturias.com\\\/noticias\\\/daniel-ortega-el-ex-guerrillero-se-enfrenta-a-una-rebelion\\\/#mainImage\"},\"datePublished\":\"2018-04-24T00:12:57+02:00\",\"dateModified\":\"2018-04-24T00:12:57+02:00\"},{\"@type\":\"WebSite\",\"@id\":\"https:\\\/\\\/www.eldigitaldeasturias.com\\\/noticias\\\/#website\",\"url\":\"https:\\\/\\\/www.eldigitaldeasturias.com\\\/noticias\\\/\",\"name\":\"El Digital de Asturias - Diario de actualidad y noticias\",\"alternateName\":\"El Digital de Asturias - Diario de actualidad y noticias\",\"description\":\"Hemeroteca\",\"inLanguage\":\"es-ES\",\"publisher\":{\"@id\":\"https:\\\/\\\/www.eldigitaldeasturias.com\\\/noticias\\\/#organization\"}}]}\n\t\t<\/script>\n\t\t<!-- All in One SEO Pro -->\r\n\t\t<title>Daniel Ortega, el ex guerrillero se enfrenta a una rebeli\u00f3n - El Digital de Asturias<\/title>\n\n","aioseo_head_json":{"title":"Daniel Ortega, el ex guerrillero se enfrenta a una rebeli\u00f3n - El Digital de Asturias","description":"Managua, 23 abr (dpa) \u2013 Las protestas estudiantiles ocurridas en Nicaragua por una pol\u00e9mica reforma a la seguridad social, derogada ayer domingo, pusieron por primera vez en jaque al Gobierno de Daniel Ortega, tras 11 a\u00f1os de relativa paz social. A sus 72 a\u00f1os, el ex guerrillero sandinista Ortega alcanz\u00f3 la estabilidad tejiendo alianzas con","canonical_url":"https:\/\/www.eldigitaldeasturias.com\/noticias\/daniel-ortega-el-ex-guerrillero-se-enfrenta-a-una-rebelion\/","robots":"max-image-preview:large","keywords":"actualidad","webmasterTools":{"google-site-verification":"UA-38556648-1","msvalidate.01":"7dfe9f3f1b24437ab69f4f2559babe99","miscellaneous":""},"schema":{"@context":"https:\/\/schema.org","@graph":[{"@type":"BlogPosting","@id":"https:\/\/www.eldigitaldeasturias.com\/noticias\/daniel-ortega-el-ex-guerrillero-se-enfrenta-a-una-rebelion\/#blogposting","name":"Daniel Ortega, el ex guerrillero se enfrenta a una rebeli\u00f3n - El Digital de Asturias","headline":"Daniel Ortega, el ex guerrillero se enfrenta a una rebeli\u00f3n","author":{"@id":"https:\/\/www.eldigitaldeasturias.com\/noticias\/author\/admin\/#author"},"publisher":{"@id":"https:\/\/www.eldigitaldeasturias.com\/noticias\/#organization"},"image":{"@type":"ImageObject","url":581461},"datePublished":"2018-04-24T00:12:57+02:00","dateModified":"2018-04-24T00:12:57+02:00","inLanguage":"es-ES","mainEntityOfPage":{"@id":"https:\/\/www.eldigitaldeasturias.com\/noticias\/daniel-ortega-el-ex-guerrillero-se-enfrenta-a-una-rebelion\/#webpage"},"isPartOf":{"@id":"https:\/\/www.eldigitaldeasturias.com\/noticias\/daniel-ortega-el-ex-guerrillero-se-enfrenta-a-una-rebelion\/#webpage"},"articleSection":"Actualidad"},{"@type":"BreadcrumbList","@id":"https:\/\/www.eldigitaldeasturias.com\/noticias\/daniel-ortega-el-ex-guerrillero-se-enfrenta-a-una-rebelion\/#breadcrumblist","itemListElement":[{"@type":"ListItem","@id":"https:\/\/www.eldigitaldeasturias.com\/noticias#listItem","position":1,"name":"Home","item":"https:\/\/www.eldigitaldeasturias.com\/noticias","nextItem":{"@type":"ListItem","@id":"https:\/\/www.eldigitaldeasturias.com\/noticias\/category\/actualidad\/#listItem","name":"Actualidad"}},{"@type":"ListItem","@id":"https:\/\/www.eldigitaldeasturias.com\/noticias\/category\/actualidad\/#listItem","position":2,"name":"Actualidad","item":"https:\/\/www.eldigitaldeasturias.com\/noticias\/category\/actualidad\/","nextItem":{"@type":"ListItem","@id":"https:\/\/www.eldigitaldeasturias.com\/noticias\/daniel-ortega-el-ex-guerrillero-se-enfrenta-a-una-rebelion\/#listItem","name":"Daniel Ortega, el ex guerrillero se enfrenta a una rebeli\u00f3n"},"previousItem":{"@type":"ListItem","@id":"https:\/\/www.eldigitaldeasturias.com\/noticias#listItem","name":"Home"}},{"@type":"ListItem","@id":"https:\/\/www.eldigitaldeasturias.com\/noticias\/daniel-ortega-el-ex-guerrillero-se-enfrenta-a-una-rebelion\/#listItem","position":3,"name":"Daniel Ortega, el ex guerrillero se enfrenta a una rebeli\u00f3n","previousItem":{"@type":"ListItem","@id":"https:\/\/www.eldigitaldeasturias.com\/noticias\/category\/actualidad\/#listItem","name":"Actualidad"}}]},{"@type":"Organization","@id":"https:\/\/www.eldigitaldeasturias.com\/noticias\/#organization","name":"El Digital de Asturias","description":"Hemeroteca","url":"https:\/\/www.eldigitaldeasturias.com\/noticias\/","email":"info@eldigitaldeasturias.com","telephone":"+34652131393","logo":{"@type":"ImageObject","url":"https:\/\/www.eldigitaldeasturias.com\/noticias\/wp-content\/uploads\/2020\/12\/EDA.jpg","@id":"https:\/\/www.eldigitaldeasturias.com\/noticias\/daniel-ortega-el-ex-guerrillero-se-enfrenta-a-una-rebelion\/#organizationLogo"},"image":{"@id":"https:\/\/www.eldigitaldeasturias.com\/noticias\/daniel-ortega-el-ex-guerrillero-se-enfrenta-a-una-rebelion\/#organizationLogo"},"sameAs":["https:\/\/facebook.com\/eldigitaldeasturias","https:\/\/www.youtube.com\/channel\/UCZP-2wLEB9Rv6erhFmqVnvg"],"address":{"@id":"https:\/\/www.eldigitaldeasturias.com\/noticias\/#postaladdress","@type":"PostalAddress","streetAddress":"san antonio 4","postalCode":"33430","addressLocality":"Cand\u00e1s","addressRegion":"Asturias","addressCountry":"ES"}},{"@type":"Person","@id":"https:\/\/www.eldigitaldeasturias.com\/noticias\/author\/admin\/#author","url":"https:\/\/www.eldigitaldeasturias.com\/noticias\/author\/admin\/","name":"El Digital de Asturias","image":{"@type":"ImageObject","@id":"https:\/\/www.eldigitaldeasturias.com\/noticias\/daniel-ortega-el-ex-guerrillero-se-enfrenta-a-una-rebelion\/#authorImage","url":"https:\/\/secure.gravatar.com\/avatar\/df2aeffc32bcd13f8d26072ef8a91b623d677766deac7f97ca815868cd41bf5e?s=96&d=mm&r=g","width":96,"height":96,"caption":"El Digital de Asturias"}},{"@type":"WebPage","@id":"https:\/\/www.eldigitaldeasturias.com\/noticias\/daniel-ortega-el-ex-guerrillero-se-enfrenta-a-una-rebelion\/#webpage","url":"https:\/\/www.eldigitaldeasturias.com\/noticias\/daniel-ortega-el-ex-guerrillero-se-enfrenta-a-una-rebelion\/","name":"Daniel Ortega, el ex guerrillero se enfrenta a una rebeli\u00f3n - El Digital de Asturias","description":"Managua, 23 abr (dpa) \u2013 Las protestas estudiantiles ocurridas en Nicaragua por una pol\u00e9mica reforma a la seguridad social, derogada ayer domingo, pusieron por primera vez en jaque al Gobierno de Daniel Ortega, tras 11 a\u00f1os de relativa paz social. A sus 72 a\u00f1os, el ex guerrillero sandinista Ortega alcanz\u00f3 la estabilidad tejiendo alianzas con","inLanguage":"es-ES","isPartOf":{"@id":"https:\/\/www.eldigitaldeasturias.com\/noticias\/#website"},"breadcrumb":{"@id":"https:\/\/www.eldigitaldeasturias.com\/noticias\/daniel-ortega-el-ex-guerrillero-se-enfrenta-a-una-rebelion\/#breadcrumblist"},"author":{"@id":"https:\/\/www.eldigitaldeasturias.com\/noticias\/author\/admin\/#author"},"creator":{"@id":"https:\/\/www.eldigitaldeasturias.com\/noticias\/author\/admin\/#author"},"image":{"@type":"ImageObject","url":581461,"@id":"https:\/\/www.eldigitaldeasturias.com\/noticias\/daniel-ortega-el-ex-guerrillero-se-enfrenta-a-una-rebelion\/#mainImage"},"primaryImageOfPage":{"@id":"https:\/\/www.eldigitaldeasturias.com\/noticias\/daniel-ortega-el-ex-guerrillero-se-enfrenta-a-una-rebelion\/#mainImage"},"datePublished":"2018-04-24T00:12:57+02:00","dateModified":"2018-04-24T00:12:57+02:00"},{"@type":"WebSite","@id":"https:\/\/www.eldigitaldeasturias.com\/noticias\/#website","url":"https:\/\/www.eldigitaldeasturias.com\/noticias\/","name":"El Digital de Asturias - Diario de actualidad y noticias","alternateName":"El Digital de Asturias - Diario de actualidad y noticias","description":"Hemeroteca","inLanguage":"es-ES","publisher":{"@id":"https:\/\/www.eldigitaldeasturias.com\/noticias\/#organization"}}]},"og:locale":"es_ES","og:site_name":"El Digital de Asturias","og:type":"article","og:title":"Daniel Ortega, el ex guerrillero se enfrenta a una rebeli\u00f3n - El Digital de Asturias","og:description":"Managua, 23 abr (dpa) \u2013 Las protestas estudiantiles ocurridas en Nicaragua por una pol\u00e9mica reforma a la seguridad social, derogada ayer domingo, pusieron por primera vez en jaque al Gobierno de Daniel Ortega, tras 11 a\u00f1os de relativa paz social. A sus 72 a\u00f1os, el ex guerrillero sandinista Ortega alcanz\u00f3 la estabilidad tejiendo alianzas con","og:url":"https:\/\/www.eldigitaldeasturias.com\/noticias\/daniel-ortega-el-ex-guerrillero-se-enfrenta-a-una-rebelion\/","article:tag":["actualidad"],"article:published_time":"2018-04-24T00:12:57+00:00","article:modified_time":"2018-04-24T00:12:57+00:00","article:publisher":"https:\/\/facebook.com\/eldigitaldeasturias","twitter:card":"summary_large_image","twitter:title":"Daniel Ortega, el ex guerrillero se enfrenta a una rebeli\u00f3n - El Digital de Asturias","twitter:description":"Managua, 23 abr (dpa) \u2013 Las protestas estudiantiles ocurridas en Nicaragua por una pol\u00e9mica reforma a la seguridad social, derogada ayer domingo, pusieron por primera vez en jaque al Gobierno de Daniel Ortega, tras 11 a\u00f1os de relativa paz social. A sus 72 a\u00f1os, el ex guerrillero sandinista Ortega alcanz\u00f3 la estabilidad tejiendo alianzas con","twitter:image":"https:\/\/www.eldigitaldeasturias.com\/noticias\/wp-content\/uploads\/2020\/12\/EDA-1.jpg","twitter:label1":"Escrito por","twitter:data1":"El Digital de Asturias","twitter:label2":"Tiempo de lectura estimado","twitter:data2":"2 minutos"},"aioseo_meta_data":{"post_id":"977238","title":null,"description":null,"keywords":null,"keyphrases":null,"primary_term":null,"canonical_url":null,"og_title":null,"og_description":null,"og_object_type":"default","og_image_type":"default","og_image_url":null,"og_image_width":null,"og_image_height":null,"og_image_custom_url":null,"og_image_custom_fields":null,"og_video":null,"og_custom_url":null,"og_article_section":null,"og_article_tags":null,"twitter_use_og":false,"twitter_card":"default","twitter_image_type":"default","twitter_image_url":null,"twitter_image_custom_url":null,"twitter_image_custom_fields":null,"twitter_title":null,"twitter_description":null,"schema":{"blockGraphs":[],"customGraphs":[],"default":{"data":{"Article":[],"Course":[],"Dataset":[],"FAQPage":[],"Movie":[],"Person":[],"Product":[],"ProductReview":[],"Car":[],"Recipe":[],"Service":[],"SoftwareApplication":[],"WebPage":[]},"graphName":"","isEnabled":true},"graphs":[],"defaultGraph":"","defaultPostTypeGraph":""},"schema_type":null,"schema_type_options":null,"pillar_content":false,"robots_default":true,"robots_noindex":false,"robots_noarchive":false,"robots_nosnippet":false,"robots_nofollow":false,"robots_noimageindex":false,"robots_noodp":false,"robots_notranslate":false,"robots_max_snippet":null,"robots_max_videopreview":null,"robots_max_imagepreview":"large","priority":null,"frequency":null,"local_seo":null,"seo_analyzer_scan_date":"2025-10-08 06:42:02","breadcrumb_settings":null,"limit_modified_date":false,"open_ai":null,"ai":null,"created":"2020-12-21 12:05:37","updated":"2025-10-08 06:42:02","focus_keyword":null,"additional_keywords":null,"truseo_locale":null},"aioseo_breadcrumb":"<div class=\"aioseo-breadcrumbs\"><span class=\"aioseo-breadcrumb\">\n\t<a href=\"https:\/\/www.eldigitaldeasturias.com\/noticias\" title=\"Home\">Home<\/a>\n<\/span><span class=\"aioseo-breadcrumb-separator\">\u2013<\/span><span class=\"aioseo-breadcrumb\">\n\t<a href=\"https:\/\/www.eldigitaldeasturias.com\/noticias\/category\/actualidad\/\" title=\"Actualidad\">Actualidad<\/a>\n<\/span><span class=\"aioseo-breadcrumb-separator\">\u2013<\/span><span class=\"aioseo-breadcrumb\">\n\t<a href=\"https:\/\/www.eldigitaldeasturias.com\/noticias\/daniel-ortega-el-ex-guerrillero-se-enfrenta-a-una-rebelion\/\" title=\"Daniel Ortega, el ex guerrillero se enfrenta a una rebeli\u00f3n\">Daniel Ortega, el ex guerrillero se enfrenta a una rebeli\u00f3n<\/a>\n<\/span><\/div>","aioseo_breadcrumb_json":[{"label":"Home","link":"https:\/\/www.eldigitaldeasturias.com\/noticias"},{"label":"Actualidad","link":"https:\/\/www.eldigitaldeasturias.com\/noticias\/category\/actualidad\/"},{"label":"Daniel Ortega, el ex guerrillero se enfrenta a una rebeli\u00f3n","link":"https:\/\/www.eldigitaldeasturias.com\/noticias\/daniel-ortega-el-ex-guerrillero-se-enfrenta-a-una-rebelion\/"}],"_links":{"self":[{"href":"https:\/\/www.eldigitaldeasturias.com\/noticias\/wp-json\/wp\/v2\/posts\/977238","targetHints":{"allow":["GET"]}}],"collection":[{"href":"https:\/\/www.eldigitaldeasturias.com\/noticias\/wp-json\/wp\/v2\/posts"}],"about":[{"href":"https:\/\/www.eldigitaldeasturias.com\/noticias\/wp-json\/wp\/v2\/types\/post"}],"author":[{"embeddable":true,"href":"https:\/\/www.eldigitaldeasturias.com\/noticias\/wp-json\/wp\/v2\/users\/1"}],"replies":[{"embeddable":true,"href":"https:\/\/www.eldigitaldeasturias.com\/noticias\/wp-json\/wp\/v2\/comments?post=977238"}],"version-history":[{"count":0,"href":"https:\/\/www.eldigitaldeasturias.com\/noticias\/wp-json\/wp\/v2\/posts\/977238\/revisions"}],"wp:attachment":[{"href":"https:\/\/www.eldigitaldeasturias.com\/noticias\/wp-json\/wp\/v2\/media?parent=977238"}],"wp:term":[{"taxonomy":"category","embeddable":true,"href":"https:\/\/www.eldigitaldeasturias.com\/noticias\/wp-json\/wp\/v2\/categories?post=977238"},{"taxonomy":"post_tag","embeddable":true,"href":"https:\/\/www.eldigitaldeasturias.com\/noticias\/wp-json\/wp\/v2\/tags?post=977238"}],"curies":[{"name":"wp","href":"https:\/\/api.w.org\/{rel}","templated":true}]}}