{"id":977234,"date":"2018-04-24T00:08:32","date_gmt":"2018-04-24T00:08:32","guid":{"rendered":"http:\/\/www.eldigitaldeasturias.com\/noticias\/?p=977234"},"modified":"2018-04-24T00:08:32","modified_gmt":"2018-04-24T00:08:32","slug":"miguel-diaz-canel-se-reune-con-evo-morales-para-respaldar-la-nueva-etapa","status":"publish","type":"post","link":"https:\/\/www.eldigitaldeasturias.com\/noticias\/miguel-diaz-canel-se-reune-con-evo-morales-para-respaldar-la-nueva-etapa\/","title":{"rendered":"Miguel D\u00edaz-Canel se re\u00fane con Evo Morales para respaldar la nueva etapa"},"content":{"rendered":"<p><img loading=\"lazy\" decoding=\"async\" class=\"alignleft size-medium wp-image-976323\" src=\"https:\/\/www.eldigitaldeasturias.com\/noticias\/wp-content\/uploads\/2018\/04\/city-3245250_960_720-360x240.jpg\" alt=\"\" width=\"360\" height=\"240\" \/>La Habana, 23 abr (dpa) &#8211; El nuevo presidente cubano Miguel D\u00edaz-Canel se reuni\u00f3 hoy con el presidente boliviano, Evo Morales, para respaldar la relaci\u00f3n entre ambos pa\u00edses en la nueva etapa gubernamental cubana.<\/p>\n<p>Morales se\u00f1al\u00f3 a medios oficiales que el objetivo de su viaje era tratar con D\u00edaz-Canel que la agenda entre Cuba y Bolivia \u00abcontin\u00fae con el legado de Fidel Castro\u00bb.<\/p>\n<p>\u00abVengo a reunirme con el presidente cubano y programar acuerdos de car\u00e1cter comercial, y en funci\u00f3n de la integraci\u00f3n\u00bb, se\u00f1al\u00f3 Morales a la televisi\u00f3n estatal cubana.<\/p>\n<p>El presidente boliviano asegur\u00f3 que la reuni\u00f3n tambi\u00e9n es una oportunidad para retomar la agenda de la Alianza Bolivariana para los Pueblos de Nuestra Tierra (ALBA), de la que ambos pa\u00edses forman parte y que fue fundada inicialmente en 2004 por Fidel Castro y Hugo Ch\u00e1vez para hacer frente com\u00fan a las pol\u00edticas de Washington en la regi\u00f3n.<\/p>\n<p>Morales fue recibido con una guardia militar en el emblem\u00e1tico Palacio de la Revoluci\u00f3n de La Habana y posteriormente se reuni\u00f3n a puerta cerrada con D\u00edaz-Canel.<\/p>\n<p>El pol\u00edtico boliviano es el segundo Jefe de Estado que se re\u00fane con D\u00edaz-Canel, despu\u00e9s que el s\u00e1bado el presidente venezolano Nicol\u00e1s Maduro mantuviese un encuentro oficial con su hom\u00f3logo cubano, que fue elegido el pasado jueves en remplazo de Ra\u00fal Castro.<\/p>\n<p>Dentro de su agenda oficial, Morales visitar\u00e1 hoy el Centro de Ingenieria Gen\u00e9tica y Biotecnolog\u00eda de La Habana, que fabrica productos como el medicamento Heberprot-P, empleado contra la \u00falcera de pie di\u00e1betico.<\/p>\n","protected":false},"excerpt":{"rendered":"<p>La Habana, 23 abr (dpa) &#8211; El nuevo presidente cubano Miguel D\u00edaz-Canel se reuni\u00f3 hoy con el presidente boliviano, Evo Morales, para respaldar la relaci\u00f3n entre ambos pa\u00edses en la nueva etapa gubernamental cubana. Morales se\u00f1al\u00f3 a medios oficiales que el objetivo de su viaje era tratar con D\u00edaz-Canel que la agenda entre Cuba y [&hellip;]<\/p>\n","protected":false},"author":1,"featured_media":976323,"comment_status":"closed","ping_status":"closed","sticky":false,"template":"","format":"standard","meta":{"footnotes":""},"categories":[1],"tags":[],"class_list":["post-977234","post","type-post","status-publish","format-standard","has-post-thumbnail","hentry","category-actualidad"],"aioseo_notices":[],"aioseo_head":"\n\t\t<!-- All in One SEO Pro 5.0.1 - aioseo.com -->\n\t<meta name=\"description\" content=\"La Habana, 23 abr (dpa) - El nuevo presidente cubano Miguel D\u00edaz-Canel se reuni\u00f3 hoy con el presidente boliviano, Evo Morales, para respaldar la relaci\u00f3n entre ambos pa\u00edses en la nueva etapa gubernamental cubana. Morales se\u00f1al\u00f3 a medios oficiales que el objetivo de su viaje era tratar con D\u00edaz-Canel que la agenda entre Cuba y\" \/>\n\t<meta name=\"robots\" content=\"max-image-preview:large\" \/>\n\t<meta name=\"author\" content=\"El Digital de Asturias\"\/>\n\t<meta name=\"google-site-verification\" content=\"UA-38556648-1\" \/>\n\t<meta name=\"msvalidate.01\" content=\"7dfe9f3f1b24437ab69f4f2559babe99\" \/>\n\t<meta name=\"keywords\" content=\"actualidad\" \/>\n\t<link rel=\"canonical\" href=\"https:\/\/www.eldigitaldeasturias.com\/noticias\/miguel-diaz-canel-se-reune-con-evo-morales-para-respaldar-la-nueva-etapa\/\" \/>\n\t<meta name=\"generator\" content=\"All in One SEO Pro (AIOSEO) 5.0.1\" \/>\n\t\t<meta property=\"og:locale\" content=\"es_ES\" \/>\n\t\t<meta property=\"og:site_name\" content=\"El Digital de Asturias\" \/>\n\t\t<meta property=\"og:type\" content=\"article\" \/>\n\t\t<meta property=\"og:title\" content=\"Miguel D\u00edaz-Canel se re\u00fane con Evo Morales para respaldar la nueva etapa - El Digital de Asturias\" \/>\n\t\t<meta property=\"og:description\" content=\"La Habana, 23 abr (dpa) - El nuevo presidente cubano Miguel D\u00edaz-Canel se reuni\u00f3 hoy con el presidente boliviano, Evo Morales, para respaldar la relaci\u00f3n entre ambos pa\u00edses en la nueva etapa gubernamental cubana. Morales se\u00f1al\u00f3 a medios oficiales que el objetivo de su viaje era tratar con D\u00edaz-Canel que la agenda entre Cuba y\" \/>\n\t\t<meta property=\"og:url\" content=\"https:\/\/www.eldigitaldeasturias.com\/noticias\/miguel-diaz-canel-se-reune-con-evo-morales-para-respaldar-la-nueva-etapa\/\" \/>\n\t\t<meta property=\"article:tag\" content=\"actualidad\" \/>\n\t\t<meta property=\"article:published_time\" content=\"2018-04-24T00:08:32+00:00\" \/>\n\t\t<meta property=\"article:modified_time\" content=\"2018-04-24T00:08:32+00:00\" \/>\n\t\t<meta property=\"article:publisher\" content=\"https:\/\/facebook.com\/eldigitaldeasturias\" \/>\n\t\t<meta name=\"twitter:card\" content=\"summary_large_image\" \/>\n\t\t<meta name=\"twitter:title\" content=\"Miguel D\u00edaz-Canel se re\u00fane con Evo Morales para respaldar la nueva etapa - El Digital de Asturias\" \/>\n\t\t<meta name=\"twitter:description\" content=\"La Habana, 23 abr (dpa) - El nuevo presidente cubano Miguel D\u00edaz-Canel se reuni\u00f3 hoy con el presidente boliviano, Evo Morales, para respaldar la relaci\u00f3n entre ambos pa\u00edses en la nueva etapa gubernamental cubana. Morales se\u00f1al\u00f3 a medios oficiales que el objetivo de su viaje era tratar con D\u00edaz-Canel que la agenda entre Cuba y\" \/>\n\t\t<meta name=\"twitter:image\" content=\"https:\/\/www.eldigitaldeasturias.com\/noticias\/wp-content\/uploads\/2020\/12\/EDA-1.jpg\" \/>\n\t\t<meta name=\"twitter:label1\" content=\"Escrito por\" \/>\n\t\t<meta name=\"twitter:data1\" content=\"El Digital de Asturias\" \/>\n\t\t<meta name=\"twitter:label2\" content=\"Tiempo de lectura estimado\" \/>\n\t\t<meta name=\"twitter:data2\" content=\"1 minuto\" \/>\n\t\t<script type=\"application\/ld+json\" class=\"aioseo-schema\">\n\t\t\t{\"@context\":\"https:\\\/\\\/schema.org\",\"@graph\":[{\"@type\":\"BlogPosting\",\"@id\":\"https:\\\/\\\/www.eldigitaldeasturias.com\\\/noticias\\\/miguel-diaz-canel-se-reune-con-evo-morales-para-respaldar-la-nueva-etapa\\\/#blogposting\",\"name\":\"Miguel D\\u00edaz-Canel se re\\u00fane con Evo Morales para respaldar la nueva etapa - El Digital de Asturias\",\"headline\":\"Miguel D\\u00edaz-Canel se re\\u00fane con Evo Morales para respaldar la nueva etapa\",\"author\":{\"@id\":\"https:\\\/\\\/www.eldigitaldeasturias.com\\\/noticias\\\/author\\\/admin\\\/#author\"},\"publisher\":{\"@id\":\"https:\\\/\\\/www.eldigitaldeasturias.com\\\/noticias\\\/#organization\"},\"image\":{\"@type\":\"ImageObject\",\"url\":976323},\"datePublished\":\"2018-04-24T00:08:32+02:00\",\"dateModified\":\"2018-04-24T00:08:32+02:00\",\"inLanguage\":\"es-ES\",\"mainEntityOfPage\":{\"@id\":\"https:\\\/\\\/www.eldigitaldeasturias.com\\\/noticias\\\/miguel-diaz-canel-se-reune-con-evo-morales-para-respaldar-la-nueva-etapa\\\/#webpage\"},\"isPartOf\":{\"@id\":\"https:\\\/\\\/www.eldigitaldeasturias.com\\\/noticias\\\/miguel-diaz-canel-se-reune-con-evo-morales-para-respaldar-la-nueva-etapa\\\/#webpage\"},\"articleSection\":\"Actualidad\"},{\"@type\":\"BreadcrumbList\",\"@id\":\"https:\\\/\\\/www.eldigitaldeasturias.com\\\/noticias\\\/miguel-diaz-canel-se-reune-con-evo-morales-para-respaldar-la-nueva-etapa\\\/#breadcrumblist\",\"itemListElement\":[{\"@type\":\"ListItem\",\"@id\":\"https:\\\/\\\/www.eldigitaldeasturias.com\\\/noticias#listItem\",\"position\":1,\"name\":\"Home\",\"item\":\"https:\\\/\\\/www.eldigitaldeasturias.com\\\/noticias\",\"nextItem\":{\"@type\":\"ListItem\",\"@id\":\"https:\\\/\\\/www.eldigitaldeasturias.com\\\/noticias\\\/category\\\/actualidad\\\/#listItem\",\"name\":\"Actualidad\"}},{\"@type\":\"ListItem\",\"@id\":\"https:\\\/\\\/www.eldigitaldeasturias.com\\\/noticias\\\/category\\\/actualidad\\\/#listItem\",\"position\":2,\"name\":\"Actualidad\",\"item\":\"https:\\\/\\\/www.eldigitaldeasturias.com\\\/noticias\\\/category\\\/actualidad\\\/\",\"nextItem\":{\"@type\":\"ListItem\",\"@id\":\"https:\\\/\\\/www.eldigitaldeasturias.com\\\/noticias\\\/miguel-diaz-canel-se-reune-con-evo-morales-para-respaldar-la-nueva-etapa\\\/#listItem\",\"name\":\"Miguel D\\u00edaz-Canel se re\\u00fane con Evo Morales para respaldar la nueva etapa\"},\"previousItem\":{\"@type\":\"ListItem\",\"@id\":\"https:\\\/\\\/www.eldigitaldeasturias.com\\\/noticias#listItem\",\"name\":\"Home\"}},{\"@type\":\"ListItem\",\"@id\":\"https:\\\/\\\/www.eldigitaldeasturias.com\\\/noticias\\\/miguel-diaz-canel-se-reune-con-evo-morales-para-respaldar-la-nueva-etapa\\\/#listItem\",\"position\":3,\"name\":\"Miguel D\\u00edaz-Canel se re\\u00fane con Evo Morales para respaldar la nueva etapa\",\"previousItem\":{\"@type\":\"ListItem\",\"@id\":\"https:\\\/\\\/www.eldigitaldeasturias.com\\\/noticias\\\/category\\\/actualidad\\\/#listItem\",\"name\":\"Actualidad\"}}]},{\"@type\":\"Organization\",\"@id\":\"https:\\\/\\\/www.eldigitaldeasturias.com\\\/noticias\\\/#organization\",\"name\":\"El Digital de Asturias\",\"description\":\"Hemeroteca\",\"url\":\"https:\\\/\\\/www.eldigitaldeasturias.com\\\/noticias\\\/\",\"email\":\"info@eldigitaldeasturias.com\",\"telephone\":\"+34652131393\",\"logo\":{\"@type\":\"ImageObject\",\"url\":\"https:\\\/\\\/www.eldigitaldeasturias.com\\\/noticias\\\/wp-content\\\/uploads\\\/2020\\\/12\\\/EDA.jpg\",\"@id\":\"https:\\\/\\\/www.eldigitaldeasturias.com\\\/noticias\\\/miguel-diaz-canel-se-reune-con-evo-morales-para-respaldar-la-nueva-etapa\\\/#organizationLogo\"},\"image\":{\"@id\":\"https:\\\/\\\/www.eldigitaldeasturias.com\\\/noticias\\\/miguel-diaz-canel-se-reune-con-evo-morales-para-respaldar-la-nueva-etapa\\\/#organizationLogo\"},\"sameAs\":[\"https:\\\/\\\/facebook.com\\\/eldigitaldeasturias\",\"https:\\\/\\\/www.youtube.com\\\/channel\\\/UCZP-2wLEB9Rv6erhFmqVnvg\"],\"address\":{\"@id\":\"https:\\\/\\\/www.eldigitaldeasturias.com\\\/noticias\\\/#postaladdress\",\"@type\":\"PostalAddress\",\"streetAddress\":\"san antonio 4\",\"postalCode\":\"33430\",\"addressLocality\":\"Cand\\u00e1s\",\"addressRegion\":\"Asturias\",\"addressCountry\":\"ES\"}},{\"@type\":\"Person\",\"@id\":\"https:\\\/\\\/www.eldigitaldeasturias.com\\\/noticias\\\/author\\\/admin\\\/#author\",\"url\":\"https:\\\/\\\/www.eldigitaldeasturias.com\\\/noticias\\\/author\\\/admin\\\/\",\"name\":\"El Digital de Asturias\",\"image\":{\"@type\":\"ImageObject\",\"@id\":\"https:\\\/\\\/www.eldigitaldeasturias.com\\\/noticias\\\/miguel-diaz-canel-se-reune-con-evo-morales-para-respaldar-la-nueva-etapa\\\/#authorImage\",\"url\":\"https:\\\/\\\/secure.gravatar.com\\\/avatar\\\/df2aeffc32bcd13f8d26072ef8a91b623d677766deac7f97ca815868cd41bf5e?s=96&d=mm&r=g\",\"width\":96,\"height\":96,\"caption\":\"El Digital de Asturias\"}},{\"@type\":\"WebPage\",\"@id\":\"https:\\\/\\\/www.eldigitaldeasturias.com\\\/noticias\\\/miguel-diaz-canel-se-reune-con-evo-morales-para-respaldar-la-nueva-etapa\\\/#webpage\",\"url\":\"https:\\\/\\\/www.eldigitaldeasturias.com\\\/noticias\\\/miguel-diaz-canel-se-reune-con-evo-morales-para-respaldar-la-nueva-etapa\\\/\",\"name\":\"Miguel D\\u00edaz-Canel se re\\u00fane con Evo Morales para respaldar la nueva etapa - El Digital de Asturias\",\"description\":\"La Habana, 23 abr (dpa) - El nuevo presidente cubano Miguel D\\u00edaz-Canel se reuni\\u00f3 hoy con el presidente boliviano, Evo Morales, para respaldar la relaci\\u00f3n entre ambos pa\\u00edses en la nueva etapa gubernamental cubana. Morales se\\u00f1al\\u00f3 a medios oficiales que el objetivo de su viaje era tratar con D\\u00edaz-Canel que la agenda entre Cuba y\",\"inLanguage\":\"es-ES\",\"isPartOf\":{\"@id\":\"https:\\\/\\\/www.eldigitaldeasturias.com\\\/noticias\\\/#website\"},\"breadcrumb\":{\"@id\":\"https:\\\/\\\/www.eldigitaldeasturias.com\\\/noticias\\\/miguel-diaz-canel-se-reune-con-evo-morales-para-respaldar-la-nueva-etapa\\\/#breadcrumblist\"},\"author\":{\"@id\":\"https:\\\/\\\/www.eldigitaldeasturias.com\\\/noticias\\\/author\\\/admin\\\/#author\"},\"creator\":{\"@id\":\"https:\\\/\\\/www.eldigitaldeasturias.com\\\/noticias\\\/author\\\/admin\\\/#author\"},\"image\":{\"@type\":\"ImageObject\",\"url\":976323,\"@id\":\"https:\\\/\\\/www.eldigitaldeasturias.com\\\/noticias\\\/miguel-diaz-canel-se-reune-con-evo-morales-para-respaldar-la-nueva-etapa\\\/#mainImage\"},\"primaryImageOfPage\":{\"@id\":\"https:\\\/\\\/www.eldigitaldeasturias.com\\\/noticias\\\/miguel-diaz-canel-se-reune-con-evo-morales-para-respaldar-la-nueva-etapa\\\/#mainImage\"},\"datePublished\":\"2018-04-24T00:08:32+02:00\",\"dateModified\":\"2018-04-24T00:08:32+02:00\"},{\"@type\":\"WebSite\",\"@id\":\"https:\\\/\\\/www.eldigitaldeasturias.com\\\/noticias\\\/#website\",\"url\":\"https:\\\/\\\/www.eldigitaldeasturias.com\\\/noticias\\\/\",\"name\":\"El Digital de Asturias - Diario de actualidad y noticias\",\"alternateName\":\"El Digital de Asturias - Diario de actualidad y noticias\",\"description\":\"Hemeroteca\",\"inLanguage\":\"es-ES\",\"publisher\":{\"@id\":\"https:\\\/\\\/www.eldigitaldeasturias.com\\\/noticias\\\/#organization\"}}]}\n\t\t<\/script>\n\t\t<!-- All in One SEO Pro -->\r\n\t\t<title>Miguel D\u00edaz-Canel se re\u00fane con Evo Morales para respaldar la nueva etapa - El Digital de Asturias<\/title>\n\n","aioseo_head_json":{"title":"Miguel D\u00edaz-Canel se re\u00fane con Evo Morales para respaldar la nueva etapa - El Digital de Asturias","description":"La Habana, 23 abr (dpa) - El nuevo presidente cubano Miguel D\u00edaz-Canel se reuni\u00f3 hoy con el presidente boliviano, Evo Morales, para respaldar la relaci\u00f3n entre ambos pa\u00edses en la nueva etapa gubernamental cubana. Morales se\u00f1al\u00f3 a medios oficiales que el objetivo de su viaje era tratar con D\u00edaz-Canel que la agenda entre Cuba y","canonical_url":"https:\/\/www.eldigitaldeasturias.com\/noticias\/miguel-diaz-canel-se-reune-con-evo-morales-para-respaldar-la-nueva-etapa\/","robots":"max-image-preview:large","keywords":"actualidad","webmasterTools":{"google-site-verification":"UA-38556648-1","msvalidate.01":"7dfe9f3f1b24437ab69f4f2559babe99","miscellaneous":""},"schema":{"@context":"https:\/\/schema.org","@graph":[{"@type":"BlogPosting","@id":"https:\/\/www.eldigitaldeasturias.com\/noticias\/miguel-diaz-canel-se-reune-con-evo-morales-para-respaldar-la-nueva-etapa\/#blogposting","name":"Miguel D\u00edaz-Canel se re\u00fane con Evo Morales para respaldar la nueva etapa - El Digital de Asturias","headline":"Miguel D\u00edaz-Canel se re\u00fane con Evo Morales para respaldar la nueva etapa","author":{"@id":"https:\/\/www.eldigitaldeasturias.com\/noticias\/author\/admin\/#author"},"publisher":{"@id":"https:\/\/www.eldigitaldeasturias.com\/noticias\/#organization"},"image":{"@type":"ImageObject","url":976323},"datePublished":"2018-04-24T00:08:32+02:00","dateModified":"2018-04-24T00:08:32+02:00","inLanguage":"es-ES","mainEntityOfPage":{"@id":"https:\/\/www.eldigitaldeasturias.com\/noticias\/miguel-diaz-canel-se-reune-con-evo-morales-para-respaldar-la-nueva-etapa\/#webpage"},"isPartOf":{"@id":"https:\/\/www.eldigitaldeasturias.com\/noticias\/miguel-diaz-canel-se-reune-con-evo-morales-para-respaldar-la-nueva-etapa\/#webpage"},"articleSection":"Actualidad"},{"@type":"BreadcrumbList","@id":"https:\/\/www.eldigitaldeasturias.com\/noticias\/miguel-diaz-canel-se-reune-con-evo-morales-para-respaldar-la-nueva-etapa\/#breadcrumblist","itemListElement":[{"@type":"ListItem","@id":"https:\/\/www.eldigitaldeasturias.com\/noticias#listItem","position":1,"name":"Home","item":"https:\/\/www.eldigitaldeasturias.com\/noticias","nextItem":{"@type":"ListItem","@id":"https:\/\/www.eldigitaldeasturias.com\/noticias\/category\/actualidad\/#listItem","name":"Actualidad"}},{"@type":"ListItem","@id":"https:\/\/www.eldigitaldeasturias.com\/noticias\/category\/actualidad\/#listItem","position":2,"name":"Actualidad","item":"https:\/\/www.eldigitaldeasturias.com\/noticias\/category\/actualidad\/","nextItem":{"@type":"ListItem","@id":"https:\/\/www.eldigitaldeasturias.com\/noticias\/miguel-diaz-canel-se-reune-con-evo-morales-para-respaldar-la-nueva-etapa\/#listItem","name":"Miguel D\u00edaz-Canel se re\u00fane con Evo Morales para respaldar la nueva etapa"},"previousItem":{"@type":"ListItem","@id":"https:\/\/www.eldigitaldeasturias.com\/noticias#listItem","name":"Home"}},{"@type":"ListItem","@id":"https:\/\/www.eldigitaldeasturias.com\/noticias\/miguel-diaz-canel-se-reune-con-evo-morales-para-respaldar-la-nueva-etapa\/#listItem","position":3,"name":"Miguel D\u00edaz-Canel se re\u00fane con Evo Morales para respaldar la nueva etapa","previousItem":{"@type":"ListItem","@id":"https:\/\/www.eldigitaldeasturias.com\/noticias\/category\/actualidad\/#listItem","name":"Actualidad"}}]},{"@type":"Organization","@id":"https:\/\/www.eldigitaldeasturias.com\/noticias\/#organization","name":"El Digital de Asturias","description":"Hemeroteca","url":"https:\/\/www.eldigitaldeasturias.com\/noticias\/","email":"info@eldigitaldeasturias.com","telephone":"+34652131393","logo":{"@type":"ImageObject","url":"https:\/\/www.eldigitaldeasturias.com\/noticias\/wp-content\/uploads\/2020\/12\/EDA.jpg","@id":"https:\/\/www.eldigitaldeasturias.com\/noticias\/miguel-diaz-canel-se-reune-con-evo-morales-para-respaldar-la-nueva-etapa\/#organizationLogo"},"image":{"@id":"https:\/\/www.eldigitaldeasturias.com\/noticias\/miguel-diaz-canel-se-reune-con-evo-morales-para-respaldar-la-nueva-etapa\/#organizationLogo"},"sameAs":["https:\/\/facebook.com\/eldigitaldeasturias","https:\/\/www.youtube.com\/channel\/UCZP-2wLEB9Rv6erhFmqVnvg"],"address":{"@id":"https:\/\/www.eldigitaldeasturias.com\/noticias\/#postaladdress","@type":"PostalAddress","streetAddress":"san antonio 4","postalCode":"33430","addressLocality":"Cand\u00e1s","addressRegion":"Asturias","addressCountry":"ES"}},{"@type":"Person","@id":"https:\/\/www.eldigitaldeasturias.com\/noticias\/author\/admin\/#author","url":"https:\/\/www.eldigitaldeasturias.com\/noticias\/author\/admin\/","name":"El Digital de Asturias","image":{"@type":"ImageObject","@id":"https:\/\/www.eldigitaldeasturias.com\/noticias\/miguel-diaz-canel-se-reune-con-evo-morales-para-respaldar-la-nueva-etapa\/#authorImage","url":"https:\/\/secure.gravatar.com\/avatar\/df2aeffc32bcd13f8d26072ef8a91b623d677766deac7f97ca815868cd41bf5e?s=96&d=mm&r=g","width":96,"height":96,"caption":"El Digital de Asturias"}},{"@type":"WebPage","@id":"https:\/\/www.eldigitaldeasturias.com\/noticias\/miguel-diaz-canel-se-reune-con-evo-morales-para-respaldar-la-nueva-etapa\/#webpage","url":"https:\/\/www.eldigitaldeasturias.com\/noticias\/miguel-diaz-canel-se-reune-con-evo-morales-para-respaldar-la-nueva-etapa\/","name":"Miguel D\u00edaz-Canel se re\u00fane con Evo Morales para respaldar la nueva etapa - El Digital de Asturias","description":"La Habana, 23 abr (dpa) - El nuevo presidente cubano Miguel D\u00edaz-Canel se reuni\u00f3 hoy con el presidente boliviano, Evo Morales, para respaldar la relaci\u00f3n entre ambos pa\u00edses en la nueva etapa gubernamental cubana. Morales se\u00f1al\u00f3 a medios oficiales que el objetivo de su viaje era tratar con D\u00edaz-Canel que la agenda entre Cuba y","inLanguage":"es-ES","isPartOf":{"@id":"https:\/\/www.eldigitaldeasturias.com\/noticias\/#website"},"breadcrumb":{"@id":"https:\/\/www.eldigitaldeasturias.com\/noticias\/miguel-diaz-canel-se-reune-con-evo-morales-para-respaldar-la-nueva-etapa\/#breadcrumblist"},"author":{"@id":"https:\/\/www.eldigitaldeasturias.com\/noticias\/author\/admin\/#author"},"creator":{"@id":"https:\/\/www.eldigitaldeasturias.com\/noticias\/author\/admin\/#author"},"image":{"@type":"ImageObject","url":976323,"@id":"https:\/\/www.eldigitaldeasturias.com\/noticias\/miguel-diaz-canel-se-reune-con-evo-morales-para-respaldar-la-nueva-etapa\/#mainImage"},"primaryImageOfPage":{"@id":"https:\/\/www.eldigitaldeasturias.com\/noticias\/miguel-diaz-canel-se-reune-con-evo-morales-para-respaldar-la-nueva-etapa\/#mainImage"},"datePublished":"2018-04-24T00:08:32+02:00","dateModified":"2018-04-24T00:08:32+02:00"},{"@type":"WebSite","@id":"https:\/\/www.eldigitaldeasturias.com\/noticias\/#website","url":"https:\/\/www.eldigitaldeasturias.com\/noticias\/","name":"El Digital de Asturias - Diario de actualidad y noticias","alternateName":"El Digital de Asturias - Diario de actualidad y noticias","description":"Hemeroteca","inLanguage":"es-ES","publisher":{"@id":"https:\/\/www.eldigitaldeasturias.com\/noticias\/#organization"}}]},"og:locale":"es_ES","og:site_name":"El Digital de Asturias","og:type":"article","og:title":"Miguel D\u00edaz-Canel se re\u00fane con Evo Morales para respaldar la nueva etapa - El Digital de Asturias","og:description":"La Habana, 23 abr (dpa) - El nuevo presidente cubano Miguel D\u00edaz-Canel se reuni\u00f3 hoy con el presidente boliviano, Evo Morales, para respaldar la relaci\u00f3n entre ambos pa\u00edses en la nueva etapa gubernamental cubana. Morales se\u00f1al\u00f3 a medios oficiales que el objetivo de su viaje era tratar con D\u00edaz-Canel que la agenda entre Cuba y","og:url":"https:\/\/www.eldigitaldeasturias.com\/noticias\/miguel-diaz-canel-se-reune-con-evo-morales-para-respaldar-la-nueva-etapa\/","article:tag":["actualidad"],"article:published_time":"2018-04-24T00:08:32+00:00","article:modified_time":"2018-04-24T00:08:32+00:00","article:publisher":"https:\/\/facebook.com\/eldigitaldeasturias","twitter:card":"summary_large_image","twitter:title":"Miguel D\u00edaz-Canel se re\u00fane con Evo Morales para respaldar la nueva etapa - El Digital de Asturias","twitter:description":"La Habana, 23 abr (dpa) - El nuevo presidente cubano Miguel D\u00edaz-Canel se reuni\u00f3 hoy con el presidente boliviano, Evo Morales, para respaldar la relaci\u00f3n entre ambos pa\u00edses en la nueva etapa gubernamental cubana. Morales se\u00f1al\u00f3 a medios oficiales que el objetivo de su viaje era tratar con D\u00edaz-Canel que la agenda entre Cuba y","twitter:image":"https:\/\/www.eldigitaldeasturias.com\/noticias\/wp-content\/uploads\/2020\/12\/EDA-1.jpg","twitter:label1":"Escrito por","twitter:data1":"El Digital de Asturias","twitter:label2":"Tiempo de lectura estimado","twitter:data2":"1 minuto"},"aioseo_meta_data":{"post_id":"977234","title":null,"description":null,"keywords":null,"keyphrases":null,"primary_term":null,"canonical_url":null,"og_title":null,"og_description":null,"og_object_type":"default","og_image_type":"default","og_image_url":null,"og_image_width":null,"og_image_height":null,"og_image_custom_url":null,"og_image_custom_fields":null,"og_video":null,"og_custom_url":null,"og_article_section":null,"og_article_tags":null,"twitter_use_og":false,"twitter_card":"default","twitter_image_type":"default","twitter_image_url":null,"twitter_image_custom_url":null,"twitter_image_custom_fields":null,"twitter_title":null,"twitter_description":null,"schema":{"blockGraphs":[],"customGraphs":[],"default":{"data":{"Article":[],"Course":[],"Dataset":[],"FAQPage":[],"Movie":[],"Person":[],"Product":[],"ProductReview":[],"Car":[],"Recipe":[],"Service":[],"SoftwareApplication":[],"WebPage":[]},"graphName":"","isEnabled":true},"graphs":[],"defaultGraph":"","defaultPostTypeGraph":""},"schema_type":null,"schema_type_options":null,"pillar_content":false,"robots_default":true,"robots_noindex":false,"robots_noarchive":false,"robots_nosnippet":false,"robots_nofollow":false,"robots_noimageindex":false,"robots_noodp":false,"robots_notranslate":false,"robots_max_snippet":null,"robots_max_videopreview":null,"robots_max_imagepreview":"large","priority":null,"frequency":null,"local_seo":null,"seo_analyzer_scan_date":"2025-10-08 06:40:03","breadcrumb_settings":null,"limit_modified_date":false,"open_ai":null,"ai":null,"created":"2020-12-21 12:05:38","updated":"2025-10-08 06:40:03","focus_keyword":null,"additional_keywords":null,"truseo_locale":null},"aioseo_breadcrumb":"<div class=\"aioseo-breadcrumbs\"><span class=\"aioseo-breadcrumb\">\n\t<a href=\"https:\/\/www.eldigitaldeasturias.com\/noticias\" title=\"Home\">Home<\/a>\n<\/span><span class=\"aioseo-breadcrumb-separator\">\u2013<\/span><span class=\"aioseo-breadcrumb\">\n\t<a href=\"https:\/\/www.eldigitaldeasturias.com\/noticias\/category\/actualidad\/\" title=\"Actualidad\">Actualidad<\/a>\n<\/span><span class=\"aioseo-breadcrumb-separator\">\u2013<\/span><span class=\"aioseo-breadcrumb\">\n\t<a href=\"https:\/\/www.eldigitaldeasturias.com\/noticias\/miguel-diaz-canel-se-reune-con-evo-morales-para-respaldar-la-nueva-etapa\/\" title=\"Miguel D\u00edaz-Canel se re\u00fane con Evo Morales para respaldar la nueva etapa\">Miguel D\u00edaz-Canel se re\u00fane con Evo Morales para respaldar la nueva etapa<\/a>\n<\/span><\/div>","aioseo_breadcrumb_json":[{"label":"Home","link":"https:\/\/www.eldigitaldeasturias.com\/noticias"},{"label":"Actualidad","link":"https:\/\/www.eldigitaldeasturias.com\/noticias\/category\/actualidad\/"},{"label":"Miguel D\u00edaz-Canel se re\u00fane con Evo Morales para respaldar la nueva etapa","link":"https:\/\/www.eldigitaldeasturias.com\/noticias\/miguel-diaz-canel-se-reune-con-evo-morales-para-respaldar-la-nueva-etapa\/"}],"_links":{"self":[{"href":"https:\/\/www.eldigitaldeasturias.com\/noticias\/wp-json\/wp\/v2\/posts\/977234","targetHints":{"allow":["GET"]}}],"collection":[{"href":"https:\/\/www.eldigitaldeasturias.com\/noticias\/wp-json\/wp\/v2\/posts"}],"about":[{"href":"https:\/\/www.eldigitaldeasturias.com\/noticias\/wp-json\/wp\/v2\/types\/post"}],"author":[{"embeddable":true,"href":"https:\/\/www.eldigitaldeasturias.com\/noticias\/wp-json\/wp\/v2\/users\/1"}],"replies":[{"embeddable":true,"href":"https:\/\/www.eldigitaldeasturias.com\/noticias\/wp-json\/wp\/v2\/comments?post=977234"}],"version-history":[{"count":0,"href":"https:\/\/www.eldigitaldeasturias.com\/noticias\/wp-json\/wp\/v2\/posts\/977234\/revisions"}],"wp:attachment":[{"href":"https:\/\/www.eldigitaldeasturias.com\/noticias\/wp-json\/wp\/v2\/media?parent=977234"}],"wp:term":[{"taxonomy":"category","embeddable":true,"href":"https:\/\/www.eldigitaldeasturias.com\/noticias\/wp-json\/wp\/v2\/categories?post=977234"},{"taxonomy":"post_tag","embeddable":true,"href":"https:\/\/www.eldigitaldeasturias.com\/noticias\/wp-json\/wp\/v2\/tags?post=977234"}],"curies":[{"name":"wp","href":"https:\/\/api.w.org\/{rel}","templated":true}]}}