{"id":977222,"date":"2018-04-23T23:59:39","date_gmt":"2018-04-23T23:59:39","guid":{"rendered":"http:\/\/www.eldigitaldeasturias.com\/noticias\/?p=977222"},"modified":"2018-04-23T23:59:39","modified_gmt":"2018-04-23T23:59:39","slug":"mueren-otros-dos-palestinos-heridos-en-la-franja-de-gaza","status":"publish","type":"post","link":"https:\/\/www.eldigitaldeasturias.com\/noticias\/mueren-otros-dos-palestinos-heridos-en-la-franja-de-gaza\/","title":{"rendered":"Mueren otros dos palestinos heridos en la Franja de Gaza"},"content":{"rendered":"<p><img loading=\"lazy\" decoding=\"async\" class=\"alignleft size-medium wp-image-974234\" src=\"https:\/\/www.eldigitaldeasturias.com\/noticias\/wp-content\/uploads\/2018\/03\/gaza-678979_1280-360x240.jpg\" alt=\"\" width=\"360\" height=\"240\" \/>Gaza\/Tel Aviv, 23 abr (dpa) &#8211; Otros dos palestinos han muerto a causa de las heridas que sufrieron durante enfrentamientos con las fuerzas de seguridad israel\u00edes en el l\u00edmite de la Franja de Gaza, inform\u00f3 hoy un portavoz del Ministerio de Salud palestino en la ciudad de Gaza.<\/p>\n<p>Un palestino 20 a\u00f1os sucumbi\u00f3 la noche del domingo a las heridas que hab\u00eda sufrido el viernes, mientras que este lunes falleci\u00f3 un adolescente de 16 a\u00f1os que hab\u00eda sufrido una herida de bala en el vientre.<\/p>\n<p>De esta manera se eleva a 41 el n\u00famero de palestinos que han perdido la vida en los disturbios que estallaron hace poco m\u00e1s de tres semanas. Adem\u00e1s, cientos de palestinos fueron heridos de bala o sufrieron intoxicaciones por inhalaci\u00f3n de gases lacrim\u00f3genos.<\/p>\n<p>Las protestas palestinas se desataron con motivo del 70 aniversario de la fundaci\u00f3n del Estado de Irael, el 14 de mayo de 1948, d\u00eda que los palestinos recuerdan como la Naqba (cat\u00e1strofe).<\/p>\n<p>Miles de palestinos se manifestaron el viernes por cuarta semana consecutiva en la frontera de la Franja de Gaza con Israel para reclamar el derecho a retornar a los hogares, situados en territorio israel\u00ed, de los que sus antepasados fueron expulsados o obligados a huir a ra\u00edz de la fundaci\u00f3n del Estado de Israel.<\/p>\n<p>Entre tanto, un miembro del movimiento radical Hamas muri\u00f3 al explotar un cohete que estaba manipulando en la Franja de Gaza, seg\u00fan inform\u00f3 el brazo armado de la organizaci\u00f3n islamista, las Brigadas Al Qassam, que agreg\u00f3 que otros dos palestinos resultaron heridos en el incidente.<\/p>\n","protected":false},"excerpt":{"rendered":"<p>Gaza\/Tel Aviv, 23 abr (dpa) &#8211; Otros dos palestinos han muerto a causa de las heridas que sufrieron durante enfrentamientos con las fuerzas de seguridad israel\u00edes en el l\u00edmite de la Franja de Gaza, inform\u00f3 hoy un portavoz del Ministerio de Salud palestino en la ciudad de Gaza. Un palestino 20 a\u00f1os sucumbi\u00f3 la noche [&hellip;]<\/p>\n","protected":false},"author":1,"featured_media":974234,"comment_status":"closed","ping_status":"closed","sticky":false,"template":"","format":"standard","meta":{"footnotes":""},"categories":[1],"tags":[],"class_list":["post-977222","post","type-post","status-publish","format-standard","has-post-thumbnail","hentry","category-actualidad"],"aioseo_notices":[],"aioseo_head":"\n\t\t<!-- All in One SEO Pro 5.0.1 - aioseo.com -->\n\t<meta name=\"description\" content=\"Gaza\/Tel Aviv, 23 abr (dpa) - Otros dos palestinos han muerto a causa de las heridas que sufrieron durante enfrentamientos con las fuerzas de seguridad israel\u00edes en el l\u00edmite de la Franja de Gaza, inform\u00f3 hoy un portavoz del Ministerio de Salud palestino en la ciudad de Gaza. Un palestino 20 a\u00f1os sucumbi\u00f3 la noche\" \/>\n\t<meta name=\"robots\" content=\"max-image-preview:large\" \/>\n\t<meta name=\"author\" content=\"El Digital de Asturias\"\/>\n\t<meta name=\"google-site-verification\" content=\"UA-38556648-1\" \/>\n\t<meta name=\"msvalidate.01\" content=\"7dfe9f3f1b24437ab69f4f2559babe99\" \/>\n\t<meta name=\"keywords\" content=\"actualidad\" \/>\n\t<link rel=\"canonical\" href=\"https:\/\/www.eldigitaldeasturias.com\/noticias\/mueren-otros-dos-palestinos-heridos-en-la-franja-de-gaza\/\" \/>\n\t<meta name=\"generator\" content=\"All in One SEO Pro (AIOSEO) 5.0.1\" \/>\n\t\t<meta property=\"og:locale\" content=\"es_ES\" \/>\n\t\t<meta property=\"og:site_name\" content=\"El Digital de Asturias\" \/>\n\t\t<meta property=\"og:type\" content=\"article\" \/>\n\t\t<meta property=\"og:title\" content=\"Mueren otros dos palestinos heridos en la Franja de Gaza - El Digital de Asturias\" \/>\n\t\t<meta property=\"og:description\" content=\"Gaza\/Tel Aviv, 23 abr (dpa) - Otros dos palestinos han muerto a causa de las heridas que sufrieron durante enfrentamientos con las fuerzas de seguridad israel\u00edes en el l\u00edmite de la Franja de Gaza, inform\u00f3 hoy un portavoz del Ministerio de Salud palestino en la ciudad de Gaza. Un palestino 20 a\u00f1os sucumbi\u00f3 la noche\" \/>\n\t\t<meta property=\"og:url\" content=\"https:\/\/www.eldigitaldeasturias.com\/noticias\/mueren-otros-dos-palestinos-heridos-en-la-franja-de-gaza\/\" \/>\n\t\t<meta property=\"article:tag\" content=\"actualidad\" \/>\n\t\t<meta property=\"article:published_time\" content=\"2018-04-23T23:59:39+00:00\" \/>\n\t\t<meta property=\"article:modified_time\" content=\"2018-04-23T23:59:39+00:00\" \/>\n\t\t<meta property=\"article:publisher\" content=\"https:\/\/facebook.com\/eldigitaldeasturias\" \/>\n\t\t<meta name=\"twitter:card\" content=\"summary_large_image\" \/>\n\t\t<meta name=\"twitter:title\" content=\"Mueren otros dos palestinos heridos en la Franja de Gaza - El Digital de Asturias\" \/>\n\t\t<meta name=\"twitter:description\" content=\"Gaza\/Tel Aviv, 23 abr (dpa) - Otros dos palestinos han muerto a causa de las heridas que sufrieron durante enfrentamientos con las fuerzas de seguridad israel\u00edes en el l\u00edmite de la Franja de Gaza, inform\u00f3 hoy un portavoz del Ministerio de Salud palestino en la ciudad de Gaza. Un palestino 20 a\u00f1os sucumbi\u00f3 la noche\" \/>\n\t\t<meta name=\"twitter:image\" content=\"https:\/\/www.eldigitaldeasturias.com\/noticias\/wp-content\/uploads\/2020\/12\/EDA-1.jpg\" \/>\n\t\t<meta name=\"twitter:label1\" content=\"Escrito por\" \/>\n\t\t<meta name=\"twitter:data1\" content=\"El Digital de Asturias\" \/>\n\t\t<meta name=\"twitter:label2\" content=\"Tiempo de lectura estimado\" \/>\n\t\t<meta name=\"twitter:data2\" content=\"1 minuto\" \/>\n\t\t<script type=\"application\/ld+json\" class=\"aioseo-schema\">\n\t\t\t{\"@context\":\"https:\\\/\\\/schema.org\",\"@graph\":[{\"@type\":\"BlogPosting\",\"@id\":\"https:\\\/\\\/www.eldigitaldeasturias.com\\\/noticias\\\/mueren-otros-dos-palestinos-heridos-en-la-franja-de-gaza\\\/#blogposting\",\"name\":\"Mueren otros dos palestinos heridos en la Franja de Gaza - El Digital de Asturias\",\"headline\":\"Mueren otros dos palestinos heridos en la Franja de Gaza\",\"author\":{\"@id\":\"https:\\\/\\\/www.eldigitaldeasturias.com\\\/noticias\\\/author\\\/admin\\\/#author\"},\"publisher\":{\"@id\":\"https:\\\/\\\/www.eldigitaldeasturias.com\\\/noticias\\\/#organization\"},\"image\":{\"@type\":\"ImageObject\",\"url\":974234},\"datePublished\":\"2018-04-23T23:59:39+02:00\",\"dateModified\":\"2018-04-23T23:59:39+02:00\",\"inLanguage\":\"es-ES\",\"mainEntityOfPage\":{\"@id\":\"https:\\\/\\\/www.eldigitaldeasturias.com\\\/noticias\\\/mueren-otros-dos-palestinos-heridos-en-la-franja-de-gaza\\\/#webpage\"},\"isPartOf\":{\"@id\":\"https:\\\/\\\/www.eldigitaldeasturias.com\\\/noticias\\\/mueren-otros-dos-palestinos-heridos-en-la-franja-de-gaza\\\/#webpage\"},\"articleSection\":\"Actualidad\"},{\"@type\":\"BreadcrumbList\",\"@id\":\"https:\\\/\\\/www.eldigitaldeasturias.com\\\/noticias\\\/mueren-otros-dos-palestinos-heridos-en-la-franja-de-gaza\\\/#breadcrumblist\",\"itemListElement\":[{\"@type\":\"ListItem\",\"@id\":\"https:\\\/\\\/www.eldigitaldeasturias.com\\\/noticias#listItem\",\"position\":1,\"name\":\"Home\",\"item\":\"https:\\\/\\\/www.eldigitaldeasturias.com\\\/noticias\",\"nextItem\":{\"@type\":\"ListItem\",\"@id\":\"https:\\\/\\\/www.eldigitaldeasturias.com\\\/noticias\\\/category\\\/actualidad\\\/#listItem\",\"name\":\"Actualidad\"}},{\"@type\":\"ListItem\",\"@id\":\"https:\\\/\\\/www.eldigitaldeasturias.com\\\/noticias\\\/category\\\/actualidad\\\/#listItem\",\"position\":2,\"name\":\"Actualidad\",\"item\":\"https:\\\/\\\/www.eldigitaldeasturias.com\\\/noticias\\\/category\\\/actualidad\\\/\",\"nextItem\":{\"@type\":\"ListItem\",\"@id\":\"https:\\\/\\\/www.eldigitaldeasturias.com\\\/noticias\\\/mueren-otros-dos-palestinos-heridos-en-la-franja-de-gaza\\\/#listItem\",\"name\":\"Mueren otros dos palestinos heridos en la Franja de Gaza\"},\"previousItem\":{\"@type\":\"ListItem\",\"@id\":\"https:\\\/\\\/www.eldigitaldeasturias.com\\\/noticias#listItem\",\"name\":\"Home\"}},{\"@type\":\"ListItem\",\"@id\":\"https:\\\/\\\/www.eldigitaldeasturias.com\\\/noticias\\\/mueren-otros-dos-palestinos-heridos-en-la-franja-de-gaza\\\/#listItem\",\"position\":3,\"name\":\"Mueren otros dos palestinos heridos en la Franja de Gaza\",\"previousItem\":{\"@type\":\"ListItem\",\"@id\":\"https:\\\/\\\/www.eldigitaldeasturias.com\\\/noticias\\\/category\\\/actualidad\\\/#listItem\",\"name\":\"Actualidad\"}}]},{\"@type\":\"Organization\",\"@id\":\"https:\\\/\\\/www.eldigitaldeasturias.com\\\/noticias\\\/#organization\",\"name\":\"El Digital de Asturias\",\"description\":\"Hemeroteca\",\"url\":\"https:\\\/\\\/www.eldigitaldeasturias.com\\\/noticias\\\/\",\"email\":\"info@eldigitaldeasturias.com\",\"telephone\":\"+34652131393\",\"logo\":{\"@type\":\"ImageObject\",\"url\":\"https:\\\/\\\/www.eldigitaldeasturias.com\\\/noticias\\\/wp-content\\\/uploads\\\/2020\\\/12\\\/EDA.jpg\",\"@id\":\"https:\\\/\\\/www.eldigitaldeasturias.com\\\/noticias\\\/mueren-otros-dos-palestinos-heridos-en-la-franja-de-gaza\\\/#organizationLogo\"},\"image\":{\"@id\":\"https:\\\/\\\/www.eldigitaldeasturias.com\\\/noticias\\\/mueren-otros-dos-palestinos-heridos-en-la-franja-de-gaza\\\/#organizationLogo\"},\"sameAs\":[\"https:\\\/\\\/facebook.com\\\/eldigitaldeasturias\",\"https:\\\/\\\/www.youtube.com\\\/channel\\\/UCZP-2wLEB9Rv6erhFmqVnvg\"],\"address\":{\"@id\":\"https:\\\/\\\/www.eldigitaldeasturias.com\\\/noticias\\\/#postaladdress\",\"@type\":\"PostalAddress\",\"streetAddress\":\"san antonio 4\",\"postalCode\":\"33430\",\"addressLocality\":\"Cand\\u00e1s\",\"addressRegion\":\"Asturias\",\"addressCountry\":\"ES\"}},{\"@type\":\"Person\",\"@id\":\"https:\\\/\\\/www.eldigitaldeasturias.com\\\/noticias\\\/author\\\/admin\\\/#author\",\"url\":\"https:\\\/\\\/www.eldigitaldeasturias.com\\\/noticias\\\/author\\\/admin\\\/\",\"name\":\"El Digital de Asturias\",\"image\":{\"@type\":\"ImageObject\",\"@id\":\"https:\\\/\\\/www.eldigitaldeasturias.com\\\/noticias\\\/mueren-otros-dos-palestinos-heridos-en-la-franja-de-gaza\\\/#authorImage\",\"url\":\"https:\\\/\\\/secure.gravatar.com\\\/avatar\\\/df2aeffc32bcd13f8d26072ef8a91b623d677766deac7f97ca815868cd41bf5e?s=96&d=mm&r=g\",\"width\":96,\"height\":96,\"caption\":\"El Digital de Asturias\"}},{\"@type\":\"WebPage\",\"@id\":\"https:\\\/\\\/www.eldigitaldeasturias.com\\\/noticias\\\/mueren-otros-dos-palestinos-heridos-en-la-franja-de-gaza\\\/#webpage\",\"url\":\"https:\\\/\\\/www.eldigitaldeasturias.com\\\/noticias\\\/mueren-otros-dos-palestinos-heridos-en-la-franja-de-gaza\\\/\",\"name\":\"Mueren otros dos palestinos heridos en la Franja de Gaza - El Digital de Asturias\",\"description\":\"Gaza\\\/Tel Aviv, 23 abr (dpa) - Otros dos palestinos han muerto a causa de las heridas que sufrieron durante enfrentamientos con las fuerzas de seguridad israel\\u00edes en el l\\u00edmite de la Franja de Gaza, inform\\u00f3 hoy un portavoz del Ministerio de Salud palestino en la ciudad de Gaza. Un palestino 20 a\\u00f1os sucumbi\\u00f3 la noche\",\"inLanguage\":\"es-ES\",\"isPartOf\":{\"@id\":\"https:\\\/\\\/www.eldigitaldeasturias.com\\\/noticias\\\/#website\"},\"breadcrumb\":{\"@id\":\"https:\\\/\\\/www.eldigitaldeasturias.com\\\/noticias\\\/mueren-otros-dos-palestinos-heridos-en-la-franja-de-gaza\\\/#breadcrumblist\"},\"author\":{\"@id\":\"https:\\\/\\\/www.eldigitaldeasturias.com\\\/noticias\\\/author\\\/admin\\\/#author\"},\"creator\":{\"@id\":\"https:\\\/\\\/www.eldigitaldeasturias.com\\\/noticias\\\/author\\\/admin\\\/#author\"},\"image\":{\"@type\":\"ImageObject\",\"url\":974234,\"@id\":\"https:\\\/\\\/www.eldigitaldeasturias.com\\\/noticias\\\/mueren-otros-dos-palestinos-heridos-en-la-franja-de-gaza\\\/#mainImage\"},\"primaryImageOfPage\":{\"@id\":\"https:\\\/\\\/www.eldigitaldeasturias.com\\\/noticias\\\/mueren-otros-dos-palestinos-heridos-en-la-franja-de-gaza\\\/#mainImage\"},\"datePublished\":\"2018-04-23T23:59:39+02:00\",\"dateModified\":\"2018-04-23T23:59:39+02:00\"},{\"@type\":\"WebSite\",\"@id\":\"https:\\\/\\\/www.eldigitaldeasturias.com\\\/noticias\\\/#website\",\"url\":\"https:\\\/\\\/www.eldigitaldeasturias.com\\\/noticias\\\/\",\"name\":\"El Digital de Asturias - Diario de actualidad y noticias\",\"alternateName\":\"El Digital de Asturias - Diario de actualidad y noticias\",\"description\":\"Hemeroteca\",\"inLanguage\":\"es-ES\",\"publisher\":{\"@id\":\"https:\\\/\\\/www.eldigitaldeasturias.com\\\/noticias\\\/#organization\"}}]}\n\t\t<\/script>\n\t\t<!-- All in One SEO Pro -->\r\n\t\t<title>Mueren otros dos palestinos heridos en la Franja de Gaza - El Digital de Asturias<\/title>\n\n","aioseo_head_json":{"title":"Mueren otros dos palestinos heridos en la Franja de Gaza - El Digital de Asturias","description":"Gaza\/Tel Aviv, 23 abr (dpa) - Otros dos palestinos han muerto a causa de las heridas que sufrieron durante enfrentamientos con las fuerzas de seguridad israel\u00edes en el l\u00edmite de la Franja de Gaza, inform\u00f3 hoy un portavoz del Ministerio de Salud palestino en la ciudad de Gaza. Un palestino 20 a\u00f1os sucumbi\u00f3 la noche","canonical_url":"https:\/\/www.eldigitaldeasturias.com\/noticias\/mueren-otros-dos-palestinos-heridos-en-la-franja-de-gaza\/","robots":"max-image-preview:large","keywords":"actualidad","webmasterTools":{"google-site-verification":"UA-38556648-1","msvalidate.01":"7dfe9f3f1b24437ab69f4f2559babe99","miscellaneous":""},"schema":{"@context":"https:\/\/schema.org","@graph":[{"@type":"BlogPosting","@id":"https:\/\/www.eldigitaldeasturias.com\/noticias\/mueren-otros-dos-palestinos-heridos-en-la-franja-de-gaza\/#blogposting","name":"Mueren otros dos palestinos heridos en la Franja de Gaza - El Digital de Asturias","headline":"Mueren otros dos palestinos heridos en la Franja de Gaza","author":{"@id":"https:\/\/www.eldigitaldeasturias.com\/noticias\/author\/admin\/#author"},"publisher":{"@id":"https:\/\/www.eldigitaldeasturias.com\/noticias\/#organization"},"image":{"@type":"ImageObject","url":974234},"datePublished":"2018-04-23T23:59:39+02:00","dateModified":"2018-04-23T23:59:39+02:00","inLanguage":"es-ES","mainEntityOfPage":{"@id":"https:\/\/www.eldigitaldeasturias.com\/noticias\/mueren-otros-dos-palestinos-heridos-en-la-franja-de-gaza\/#webpage"},"isPartOf":{"@id":"https:\/\/www.eldigitaldeasturias.com\/noticias\/mueren-otros-dos-palestinos-heridos-en-la-franja-de-gaza\/#webpage"},"articleSection":"Actualidad"},{"@type":"BreadcrumbList","@id":"https:\/\/www.eldigitaldeasturias.com\/noticias\/mueren-otros-dos-palestinos-heridos-en-la-franja-de-gaza\/#breadcrumblist","itemListElement":[{"@type":"ListItem","@id":"https:\/\/www.eldigitaldeasturias.com\/noticias#listItem","position":1,"name":"Home","item":"https:\/\/www.eldigitaldeasturias.com\/noticias","nextItem":{"@type":"ListItem","@id":"https:\/\/www.eldigitaldeasturias.com\/noticias\/category\/actualidad\/#listItem","name":"Actualidad"}},{"@type":"ListItem","@id":"https:\/\/www.eldigitaldeasturias.com\/noticias\/category\/actualidad\/#listItem","position":2,"name":"Actualidad","item":"https:\/\/www.eldigitaldeasturias.com\/noticias\/category\/actualidad\/","nextItem":{"@type":"ListItem","@id":"https:\/\/www.eldigitaldeasturias.com\/noticias\/mueren-otros-dos-palestinos-heridos-en-la-franja-de-gaza\/#listItem","name":"Mueren otros dos palestinos heridos en la Franja de Gaza"},"previousItem":{"@type":"ListItem","@id":"https:\/\/www.eldigitaldeasturias.com\/noticias#listItem","name":"Home"}},{"@type":"ListItem","@id":"https:\/\/www.eldigitaldeasturias.com\/noticias\/mueren-otros-dos-palestinos-heridos-en-la-franja-de-gaza\/#listItem","position":3,"name":"Mueren otros dos palestinos heridos en la Franja de Gaza","previousItem":{"@type":"ListItem","@id":"https:\/\/www.eldigitaldeasturias.com\/noticias\/category\/actualidad\/#listItem","name":"Actualidad"}}]},{"@type":"Organization","@id":"https:\/\/www.eldigitaldeasturias.com\/noticias\/#organization","name":"El Digital de Asturias","description":"Hemeroteca","url":"https:\/\/www.eldigitaldeasturias.com\/noticias\/","email":"info@eldigitaldeasturias.com","telephone":"+34652131393","logo":{"@type":"ImageObject","url":"https:\/\/www.eldigitaldeasturias.com\/noticias\/wp-content\/uploads\/2020\/12\/EDA.jpg","@id":"https:\/\/www.eldigitaldeasturias.com\/noticias\/mueren-otros-dos-palestinos-heridos-en-la-franja-de-gaza\/#organizationLogo"},"image":{"@id":"https:\/\/www.eldigitaldeasturias.com\/noticias\/mueren-otros-dos-palestinos-heridos-en-la-franja-de-gaza\/#organizationLogo"},"sameAs":["https:\/\/facebook.com\/eldigitaldeasturias","https:\/\/www.youtube.com\/channel\/UCZP-2wLEB9Rv6erhFmqVnvg"],"address":{"@id":"https:\/\/www.eldigitaldeasturias.com\/noticias\/#postaladdress","@type":"PostalAddress","streetAddress":"san antonio 4","postalCode":"33430","addressLocality":"Cand\u00e1s","addressRegion":"Asturias","addressCountry":"ES"}},{"@type":"Person","@id":"https:\/\/www.eldigitaldeasturias.com\/noticias\/author\/admin\/#author","url":"https:\/\/www.eldigitaldeasturias.com\/noticias\/author\/admin\/","name":"El Digital de Asturias","image":{"@type":"ImageObject","@id":"https:\/\/www.eldigitaldeasturias.com\/noticias\/mueren-otros-dos-palestinos-heridos-en-la-franja-de-gaza\/#authorImage","url":"https:\/\/secure.gravatar.com\/avatar\/df2aeffc32bcd13f8d26072ef8a91b623d677766deac7f97ca815868cd41bf5e?s=96&d=mm&r=g","width":96,"height":96,"caption":"El Digital de Asturias"}},{"@type":"WebPage","@id":"https:\/\/www.eldigitaldeasturias.com\/noticias\/mueren-otros-dos-palestinos-heridos-en-la-franja-de-gaza\/#webpage","url":"https:\/\/www.eldigitaldeasturias.com\/noticias\/mueren-otros-dos-palestinos-heridos-en-la-franja-de-gaza\/","name":"Mueren otros dos palestinos heridos en la Franja de Gaza - El Digital de Asturias","description":"Gaza\/Tel Aviv, 23 abr (dpa) - Otros dos palestinos han muerto a causa de las heridas que sufrieron durante enfrentamientos con las fuerzas de seguridad israel\u00edes en el l\u00edmite de la Franja de Gaza, inform\u00f3 hoy un portavoz del Ministerio de Salud palestino en la ciudad de Gaza. Un palestino 20 a\u00f1os sucumbi\u00f3 la noche","inLanguage":"es-ES","isPartOf":{"@id":"https:\/\/www.eldigitaldeasturias.com\/noticias\/#website"},"breadcrumb":{"@id":"https:\/\/www.eldigitaldeasturias.com\/noticias\/mueren-otros-dos-palestinos-heridos-en-la-franja-de-gaza\/#breadcrumblist"},"author":{"@id":"https:\/\/www.eldigitaldeasturias.com\/noticias\/author\/admin\/#author"},"creator":{"@id":"https:\/\/www.eldigitaldeasturias.com\/noticias\/author\/admin\/#author"},"image":{"@type":"ImageObject","url":974234,"@id":"https:\/\/www.eldigitaldeasturias.com\/noticias\/mueren-otros-dos-palestinos-heridos-en-la-franja-de-gaza\/#mainImage"},"primaryImageOfPage":{"@id":"https:\/\/www.eldigitaldeasturias.com\/noticias\/mueren-otros-dos-palestinos-heridos-en-la-franja-de-gaza\/#mainImage"},"datePublished":"2018-04-23T23:59:39+02:00","dateModified":"2018-04-23T23:59:39+02:00"},{"@type":"WebSite","@id":"https:\/\/www.eldigitaldeasturias.com\/noticias\/#website","url":"https:\/\/www.eldigitaldeasturias.com\/noticias\/","name":"El Digital de Asturias - Diario de actualidad y noticias","alternateName":"El Digital de Asturias - Diario de actualidad y noticias","description":"Hemeroteca","inLanguage":"es-ES","publisher":{"@id":"https:\/\/www.eldigitaldeasturias.com\/noticias\/#organization"}}]},"og:locale":"es_ES","og:site_name":"El Digital de Asturias","og:type":"article","og:title":"Mueren otros dos palestinos heridos en la Franja de Gaza - El Digital de Asturias","og:description":"Gaza\/Tel Aviv, 23 abr (dpa) - Otros dos palestinos han muerto a causa de las heridas que sufrieron durante enfrentamientos con las fuerzas de seguridad israel\u00edes en el l\u00edmite de la Franja de Gaza, inform\u00f3 hoy un portavoz del Ministerio de Salud palestino en la ciudad de Gaza. Un palestino 20 a\u00f1os sucumbi\u00f3 la noche","og:url":"https:\/\/www.eldigitaldeasturias.com\/noticias\/mueren-otros-dos-palestinos-heridos-en-la-franja-de-gaza\/","article:tag":["actualidad"],"article:published_time":"2018-04-23T23:59:39+00:00","article:modified_time":"2018-04-23T23:59:39+00:00","article:publisher":"https:\/\/facebook.com\/eldigitaldeasturias","twitter:card":"summary_large_image","twitter:title":"Mueren otros dos palestinos heridos en la Franja de Gaza - El Digital de Asturias","twitter:description":"Gaza\/Tel Aviv, 23 abr (dpa) - Otros dos palestinos han muerto a causa de las heridas que sufrieron durante enfrentamientos con las fuerzas de seguridad israel\u00edes en el l\u00edmite de la Franja de Gaza, inform\u00f3 hoy un portavoz del Ministerio de Salud palestino en la ciudad de Gaza. Un palestino 20 a\u00f1os sucumbi\u00f3 la noche","twitter:image":"https:\/\/www.eldigitaldeasturias.com\/noticias\/wp-content\/uploads\/2020\/12\/EDA-1.jpg","twitter:label1":"Escrito por","twitter:data1":"El Digital de Asturias","twitter:label2":"Tiempo de lectura estimado","twitter:data2":"1 minuto"},"aioseo_meta_data":{"post_id":"977222","title":null,"description":null,"keywords":null,"keyphrases":null,"primary_term":null,"canonical_url":null,"og_title":null,"og_description":null,"og_object_type":"default","og_image_type":"default","og_image_url":null,"og_image_width":null,"og_image_height":null,"og_image_custom_url":null,"og_image_custom_fields":null,"og_video":null,"og_custom_url":null,"og_article_section":null,"og_article_tags":null,"twitter_use_og":false,"twitter_card":"default","twitter_image_type":"default","twitter_image_url":null,"twitter_image_custom_url":null,"twitter_image_custom_fields":null,"twitter_title":null,"twitter_description":null,"schema":{"blockGraphs":[],"customGraphs":[],"default":{"data":{"Article":[],"Course":[],"Dataset":[],"FAQPage":[],"Movie":[],"Person":[],"Product":[],"ProductReview":[],"Car":[],"Recipe":[],"Service":[],"SoftwareApplication":[],"WebPage":[]},"graphName":"","isEnabled":true},"graphs":[],"defaultGraph":"","defaultPostTypeGraph":""},"schema_type":null,"schema_type_options":null,"pillar_content":false,"robots_default":true,"robots_noindex":false,"robots_noarchive":false,"robots_nosnippet":false,"robots_nofollow":false,"robots_noimageindex":false,"robots_noodp":false,"robots_notranslate":false,"robots_max_snippet":null,"robots_max_videopreview":null,"robots_max_imagepreview":"large","priority":null,"frequency":null,"local_seo":null,"seo_analyzer_scan_date":"2025-10-08 06:38:07","breadcrumb_settings":null,"limit_modified_date":false,"open_ai":null,"ai":null,"created":"2020-12-21 12:05:38","updated":"2025-10-08 06:38:07","focus_keyword":null,"additional_keywords":null,"truseo_locale":null},"aioseo_breadcrumb":"<div class=\"aioseo-breadcrumbs\"><span class=\"aioseo-breadcrumb\">\n\t<a href=\"https:\/\/www.eldigitaldeasturias.com\/noticias\" title=\"Home\">Home<\/a>\n<\/span><span class=\"aioseo-breadcrumb-separator\">\u2013<\/span><span class=\"aioseo-breadcrumb\">\n\t<a href=\"https:\/\/www.eldigitaldeasturias.com\/noticias\/category\/actualidad\/\" title=\"Actualidad\">Actualidad<\/a>\n<\/span><span class=\"aioseo-breadcrumb-separator\">\u2013<\/span><span class=\"aioseo-breadcrumb\">\n\t<a href=\"https:\/\/www.eldigitaldeasturias.com\/noticias\/mueren-otros-dos-palestinos-heridos-en-la-franja-de-gaza\/\" title=\"Mueren otros dos palestinos heridos en la Franja de Gaza\">Mueren otros dos palestinos heridos en la Franja de Gaza<\/a>\n<\/span><\/div>","aioseo_breadcrumb_json":[{"label":"Home","link":"https:\/\/www.eldigitaldeasturias.com\/noticias"},{"label":"Actualidad","link":"https:\/\/www.eldigitaldeasturias.com\/noticias\/category\/actualidad\/"},{"label":"Mueren otros dos palestinos heridos en la Franja de Gaza","link":"https:\/\/www.eldigitaldeasturias.com\/noticias\/mueren-otros-dos-palestinos-heridos-en-la-franja-de-gaza\/"}],"_links":{"self":[{"href":"https:\/\/www.eldigitaldeasturias.com\/noticias\/wp-json\/wp\/v2\/posts\/977222","targetHints":{"allow":["GET"]}}],"collection":[{"href":"https:\/\/www.eldigitaldeasturias.com\/noticias\/wp-json\/wp\/v2\/posts"}],"about":[{"href":"https:\/\/www.eldigitaldeasturias.com\/noticias\/wp-json\/wp\/v2\/types\/post"}],"author":[{"embeddable":true,"href":"https:\/\/www.eldigitaldeasturias.com\/noticias\/wp-json\/wp\/v2\/users\/1"}],"replies":[{"embeddable":true,"href":"https:\/\/www.eldigitaldeasturias.com\/noticias\/wp-json\/wp\/v2\/comments?post=977222"}],"version-history":[{"count":0,"href":"https:\/\/www.eldigitaldeasturias.com\/noticias\/wp-json\/wp\/v2\/posts\/977222\/revisions"}],"wp:attachment":[{"href":"https:\/\/www.eldigitaldeasturias.com\/noticias\/wp-json\/wp\/v2\/media?parent=977222"}],"wp:term":[{"taxonomy":"category","embeddable":true,"href":"https:\/\/www.eldigitaldeasturias.com\/noticias\/wp-json\/wp\/v2\/categories?post=977222"},{"taxonomy":"post_tag","embeddable":true,"href":"https:\/\/www.eldigitaldeasturias.com\/noticias\/wp-json\/wp\/v2\/tags?post=977222"}],"curies":[{"name":"wp","href":"https:\/\/api.w.org\/{rel}","templated":true}]}}