{"id":977214,"date":"2018-04-23T23:43:35","date_gmt":"2018-04-23T23:43:35","guid":{"rendered":"http:\/\/www.eldigitaldeasturias.com\/noticias\/?p=977214"},"modified":"2018-04-23T23:43:35","modified_gmt":"2018-04-23T23:43:35","slug":"victor-hugo-tinoco-la-solucion-es-la-salida-de-ortega-del-poder","status":"publish","type":"post","link":"https:\/\/www.eldigitaldeasturias.com\/noticias\/victor-hugo-tinoco-la-solucion-es-la-salida-de-ortega-del-poder\/","title":{"rendered":"V\u00edctor Hugo Tinoco: \u00abLa soluci\u00f3n es la salida de Ortega del poder\u00bb"},"content":{"rendered":"<p><img loading=\"lazy\" decoding=\"async\" class=\"alignleft size-medium wp-image-977212\" src=\"https:\/\/www.eldigitaldeasturias.com\/noticias\/wp-content\/uploads\/2018\/04\/flag-2528952_960_720-360x270.jpg\" alt=\"\" width=\"360\" height=\"270\" \/>Managua, 23 abr (dpa) &#8211; El ex vicecanciller sandinista V\u00edctor Hugo Tinoco, opositor al Gobierno de Nicaragua, dijo hoy que la \u00fanica soluci\u00f3n a la crisis del pa\u00eds \u00abes la salida del presidente Daniel Ortega del poder\u00bb mediante una convocatoria a elecciones libres.<\/p>\n<p>En entrevista con dpa, Tinoco declar\u00f3 que las protestas que estallaron hace seis d\u00edas a causa de una reforma al Seguro Social, derogada por Ortega ayer domingo, se han convertido en una suerte de \u00abinsurrecci\u00f3n popular\u00bb que podr\u00eda derivar en un cambio de Gobierno a corto plazo.<\/p>\n<p>\u00abEstas protestas son reflejo de la profundizaci\u00f3n de las contradicciones entre el pueblo y la dictadura. La gente no acepta la derogaci\u00f3n de la reforma como soluci\u00f3n a la crisis. La gente quiere que se ponga fin a los atropellos cometidos durante a\u00f1os contra la institucionalidad del pa\u00eds\u00bb, asever\u00f3.<\/p>\n<p>Dijo que eso pasa por \u00abla convocatoria urgente a una elecci\u00f3n libre y democr\u00e1tica que permita la salida de Ortega del Gobierno\u00bb, asever\u00f3.<\/p>\n<p>Opin\u00f3 sin embargo que cualquier nueva elecci\u00f3n no ser\u00eda confiable si no se sustituye previamente a los directivos del tribunal electoral, acusados por la oposici\u00f3n de cometer fraude a favor del gobernante Frente Sandinista en los \u00faltimos cuatro comicios.<\/p>\n<p>\u00abA Ortega le ha explotado en las manos una insurrecci\u00f3n c\u00edvica, de miles de personas que han salido a las calles a protestar sin armas\u00bb, afirm\u00f3 el ex diputado del disidente Movimiento Renovador Sandinista (MRS, izquierda).<\/p>\n<p>Tinoco neg\u00f3 que su partido est\u00e9 detr\u00e1s de la revuelta, como afirman voceros oficialistas. \u00abEste es un movimiento c\u00edvico y espont\u00e1neo, lidereado por j\u00f3venes sin militancias partidarias, y eso justamente lo hace masivo y popular\u00bb, asegur\u00f3.<\/p>\n<p>El pol\u00edtico, que como parte del primer gobierno sandinista tuvo a su cargo en 1988 y 1989 las negociaciones de Manzanillo y Sapo\u00e1 para poner fin a la guerra con los \u00abcontras\u00bb, opin\u00f3 que Ortega est\u00e1 actualmente \u00abcercado por una fuerte presi\u00f3n internacional\u00bb.<\/p>\n<p>\u00abLa mayor\u00eda de gobiernos de Am\u00e9rica Latina, adem\u00e1s de la OEA, de Estados Unidos, Espa\u00f1a, Alemania y la Uni\u00f3n Europea est\u00e1n llamando a detener la violencia. Eso depende exclusivamente del presidente Ortega y \u00e9l lo sabe\u00bb, a\u00f1adi\u00f3.<\/p>\n<p>Sobre el papel del Ej\u00e9rcito en las protestas, consider\u00f3 que a diferencia de la Polic\u00eda, que ha reprimido con violencia, los militares \u00abhan tenido hasta hoy una actitud prudente, que esperamos se mantega a\u00fan y cuando se agrave la situaci\u00f3n en las calles\u00bb.<\/p>\n<p>Seg\u00fan organismos de derechos humanos, una treintena de personas, incluido un periodista, murieron en los \u00faltimos seis dias en el pa\u00eds, donde adem\u00e1s se han reportado al menos 70 heridos y decenas de estudiantes detenidos. El Gobierno no ha actualizado sus cifras y mantiene en \u00abcasi 10\u00bb el n\u00famero de fallecidos.<\/p>\n<p><i class=\"lang-es\"><span class=\" readonly\" title=\"\">Por Gabriela Selser (dpa)<\/span><\/i><\/p>\n","protected":false},"excerpt":{"rendered":"<p>Managua, 23 abr (dpa) &#8211; El ex vicecanciller sandinista V\u00edctor Hugo Tinoco, opositor al Gobierno de Nicaragua, dijo hoy que la \u00fanica soluci\u00f3n a la crisis del pa\u00eds \u00abes la salida del presidente Daniel Ortega del poder\u00bb mediante una convocatoria a elecciones libres. En entrevista con dpa, Tinoco declar\u00f3 que las protestas que estallaron hace [&hellip;]<\/p>\n","protected":false},"author":1,"featured_media":977212,"comment_status":"closed","ping_status":"closed","sticky":false,"template":"","format":"standard","meta":{"footnotes":""},"categories":[1],"tags":[],"class_list":["post-977214","post","type-post","status-publish","format-standard","has-post-thumbnail","hentry","category-actualidad"],"aioseo_notices":[],"aioseo_head":"\n\t\t<!-- All in One SEO Pro 5.0.1 - aioseo.com -->\n\t<meta name=\"description\" content=\"Managua, 23 abr (dpa) - El ex vicecanciller sandinista V\u00edctor Hugo Tinoco, opositor al Gobierno de Nicaragua, dijo hoy que la \u00fanica soluci\u00f3n a la crisis del pa\u00eds &quot;es la salida del presidente Daniel Ortega del poder&quot; mediante una convocatoria a elecciones libres. En entrevista con dpa, Tinoco declar\u00f3 que las protestas que estallaron hace\" \/>\n\t<meta name=\"robots\" content=\"max-image-preview:large\" \/>\n\t<meta name=\"author\" content=\"El Digital de Asturias\"\/>\n\t<meta name=\"google-site-verification\" content=\"UA-38556648-1\" \/>\n\t<meta name=\"msvalidate.01\" content=\"7dfe9f3f1b24437ab69f4f2559babe99\" \/>\n\t<meta name=\"keywords\" content=\"actualidad\" \/>\n\t<link rel=\"canonical\" href=\"https:\/\/www.eldigitaldeasturias.com\/noticias\/victor-hugo-tinoco-la-solucion-es-la-salida-de-ortega-del-poder\/\" \/>\n\t<meta name=\"generator\" content=\"All in One SEO Pro (AIOSEO) 5.0.1\" \/>\n\t\t<meta property=\"og:locale\" content=\"es_ES\" \/>\n\t\t<meta property=\"og:site_name\" content=\"El Digital de Asturias\" \/>\n\t\t<meta property=\"og:type\" content=\"article\" \/>\n\t\t<meta property=\"og:title\" content=\"V\u00edctor Hugo Tinoco: \u00abLa soluci\u00f3n es la salida de Ortega del poder\u00bb - El Digital de Asturias\" \/>\n\t\t<meta property=\"og:description\" content=\"Managua, 23 abr (dpa) - El ex vicecanciller sandinista V\u00edctor Hugo Tinoco, opositor al Gobierno de Nicaragua, dijo hoy que la \u00fanica soluci\u00f3n a la crisis del pa\u00eds &quot;es la salida del presidente Daniel Ortega del poder&quot; mediante una convocatoria a elecciones libres. En entrevista con dpa, Tinoco declar\u00f3 que las protestas que estallaron hace\" \/>\n\t\t<meta property=\"og:url\" content=\"https:\/\/www.eldigitaldeasturias.com\/noticias\/victor-hugo-tinoco-la-solucion-es-la-salida-de-ortega-del-poder\/\" \/>\n\t\t<meta property=\"article:tag\" content=\"actualidad\" \/>\n\t\t<meta property=\"article:published_time\" content=\"2018-04-23T23:43:35+00:00\" \/>\n\t\t<meta property=\"article:modified_time\" content=\"2018-04-23T23:43:35+00:00\" \/>\n\t\t<meta property=\"article:publisher\" content=\"https:\/\/facebook.com\/eldigitaldeasturias\" \/>\n\t\t<meta name=\"twitter:card\" content=\"summary_large_image\" \/>\n\t\t<meta name=\"twitter:title\" content=\"V\u00edctor Hugo Tinoco: \u00abLa soluci\u00f3n es la salida de Ortega del poder\u00bb - El Digital de Asturias\" \/>\n\t\t<meta name=\"twitter:description\" content=\"Managua, 23 abr (dpa) - El ex vicecanciller sandinista V\u00edctor Hugo Tinoco, opositor al Gobierno de Nicaragua, dijo hoy que la \u00fanica soluci\u00f3n a la crisis del pa\u00eds &quot;es la salida del presidente Daniel Ortega del poder&quot; mediante una convocatoria a elecciones libres. En entrevista con dpa, Tinoco declar\u00f3 que las protestas que estallaron hace\" \/>\n\t\t<meta name=\"twitter:image\" content=\"https:\/\/www.eldigitaldeasturias.com\/noticias\/wp-content\/uploads\/2020\/12\/EDA-1.jpg\" \/>\n\t\t<meta name=\"twitter:label1\" content=\"Escrito por\" \/>\n\t\t<meta name=\"twitter:data1\" content=\"El Digital de Asturias\" \/>\n\t\t<meta name=\"twitter:label2\" content=\"Tiempo de lectura estimado\" \/>\n\t\t<meta name=\"twitter:data2\" content=\"2 minutos\" \/>\n\t\t<script type=\"application\/ld+json\" class=\"aioseo-schema\">\n\t\t\t{\"@context\":\"https:\\\/\\\/schema.org\",\"@graph\":[{\"@type\":\"BlogPosting\",\"@id\":\"https:\\\/\\\/www.eldigitaldeasturias.com\\\/noticias\\\/victor-hugo-tinoco-la-solucion-es-la-salida-de-ortega-del-poder\\\/#blogposting\",\"name\":\"V\\u00edctor Hugo Tinoco: \\u00abLa soluci\\u00f3n es la salida de Ortega del poder\\u00bb - El Digital de Asturias\",\"headline\":\"V\\u00edctor Hugo Tinoco: \\u00abLa soluci\\u00f3n es la salida de Ortega del poder\\u00bb\",\"author\":{\"@id\":\"https:\\\/\\\/www.eldigitaldeasturias.com\\\/noticias\\\/author\\\/admin\\\/#author\"},\"publisher\":{\"@id\":\"https:\\\/\\\/www.eldigitaldeasturias.com\\\/noticias\\\/#organization\"},\"image\":{\"@type\":\"ImageObject\",\"url\":977212},\"datePublished\":\"2018-04-23T23:43:35+02:00\",\"dateModified\":\"2018-04-23T23:43:35+02:00\",\"inLanguage\":\"es-ES\",\"mainEntityOfPage\":{\"@id\":\"https:\\\/\\\/www.eldigitaldeasturias.com\\\/noticias\\\/victor-hugo-tinoco-la-solucion-es-la-salida-de-ortega-del-poder\\\/#webpage\"},\"isPartOf\":{\"@id\":\"https:\\\/\\\/www.eldigitaldeasturias.com\\\/noticias\\\/victor-hugo-tinoco-la-solucion-es-la-salida-de-ortega-del-poder\\\/#webpage\"},\"articleSection\":\"Actualidad\"},{\"@type\":\"BreadcrumbList\",\"@id\":\"https:\\\/\\\/www.eldigitaldeasturias.com\\\/noticias\\\/victor-hugo-tinoco-la-solucion-es-la-salida-de-ortega-del-poder\\\/#breadcrumblist\",\"itemListElement\":[{\"@type\":\"ListItem\",\"@id\":\"https:\\\/\\\/www.eldigitaldeasturias.com\\\/noticias#listItem\",\"position\":1,\"name\":\"Home\",\"item\":\"https:\\\/\\\/www.eldigitaldeasturias.com\\\/noticias\",\"nextItem\":{\"@type\":\"ListItem\",\"@id\":\"https:\\\/\\\/www.eldigitaldeasturias.com\\\/noticias\\\/category\\\/actualidad\\\/#listItem\",\"name\":\"Actualidad\"}},{\"@type\":\"ListItem\",\"@id\":\"https:\\\/\\\/www.eldigitaldeasturias.com\\\/noticias\\\/category\\\/actualidad\\\/#listItem\",\"position\":2,\"name\":\"Actualidad\",\"item\":\"https:\\\/\\\/www.eldigitaldeasturias.com\\\/noticias\\\/category\\\/actualidad\\\/\",\"nextItem\":{\"@type\":\"ListItem\",\"@id\":\"https:\\\/\\\/www.eldigitaldeasturias.com\\\/noticias\\\/victor-hugo-tinoco-la-solucion-es-la-salida-de-ortega-del-poder\\\/#listItem\",\"name\":\"V\\u00edctor Hugo Tinoco: \\u00abLa soluci\\u00f3n es la salida de Ortega del poder\\u00bb\"},\"previousItem\":{\"@type\":\"ListItem\",\"@id\":\"https:\\\/\\\/www.eldigitaldeasturias.com\\\/noticias#listItem\",\"name\":\"Home\"}},{\"@type\":\"ListItem\",\"@id\":\"https:\\\/\\\/www.eldigitaldeasturias.com\\\/noticias\\\/victor-hugo-tinoco-la-solucion-es-la-salida-de-ortega-del-poder\\\/#listItem\",\"position\":3,\"name\":\"V\\u00edctor Hugo Tinoco: \\u00abLa soluci\\u00f3n es la salida de Ortega del poder\\u00bb\",\"previousItem\":{\"@type\":\"ListItem\",\"@id\":\"https:\\\/\\\/www.eldigitaldeasturias.com\\\/noticias\\\/category\\\/actualidad\\\/#listItem\",\"name\":\"Actualidad\"}}]},{\"@type\":\"Organization\",\"@id\":\"https:\\\/\\\/www.eldigitaldeasturias.com\\\/noticias\\\/#organization\",\"name\":\"El Digital de Asturias\",\"description\":\"Hemeroteca\",\"url\":\"https:\\\/\\\/www.eldigitaldeasturias.com\\\/noticias\\\/\",\"email\":\"info@eldigitaldeasturias.com\",\"telephone\":\"+34652131393\",\"logo\":{\"@type\":\"ImageObject\",\"url\":\"https:\\\/\\\/www.eldigitaldeasturias.com\\\/noticias\\\/wp-content\\\/uploads\\\/2020\\\/12\\\/EDA.jpg\",\"@id\":\"https:\\\/\\\/www.eldigitaldeasturias.com\\\/noticias\\\/victor-hugo-tinoco-la-solucion-es-la-salida-de-ortega-del-poder\\\/#organizationLogo\"},\"image\":{\"@id\":\"https:\\\/\\\/www.eldigitaldeasturias.com\\\/noticias\\\/victor-hugo-tinoco-la-solucion-es-la-salida-de-ortega-del-poder\\\/#organizationLogo\"},\"sameAs\":[\"https:\\\/\\\/facebook.com\\\/eldigitaldeasturias\",\"https:\\\/\\\/www.youtube.com\\\/channel\\\/UCZP-2wLEB9Rv6erhFmqVnvg\"],\"address\":{\"@id\":\"https:\\\/\\\/www.eldigitaldeasturias.com\\\/noticias\\\/#postaladdress\",\"@type\":\"PostalAddress\",\"streetAddress\":\"san antonio 4\",\"postalCode\":\"33430\",\"addressLocality\":\"Cand\\u00e1s\",\"addressRegion\":\"Asturias\",\"addressCountry\":\"ES\"}},{\"@type\":\"Person\",\"@id\":\"https:\\\/\\\/www.eldigitaldeasturias.com\\\/noticias\\\/author\\\/admin\\\/#author\",\"url\":\"https:\\\/\\\/www.eldigitaldeasturias.com\\\/noticias\\\/author\\\/admin\\\/\",\"name\":\"El Digital de Asturias\",\"image\":{\"@type\":\"ImageObject\",\"@id\":\"https:\\\/\\\/www.eldigitaldeasturias.com\\\/noticias\\\/victor-hugo-tinoco-la-solucion-es-la-salida-de-ortega-del-poder\\\/#authorImage\",\"url\":\"https:\\\/\\\/secure.gravatar.com\\\/avatar\\\/df2aeffc32bcd13f8d26072ef8a91b623d677766deac7f97ca815868cd41bf5e?s=96&d=mm&r=g\",\"width\":96,\"height\":96,\"caption\":\"El Digital de Asturias\"}},{\"@type\":\"WebPage\",\"@id\":\"https:\\\/\\\/www.eldigitaldeasturias.com\\\/noticias\\\/victor-hugo-tinoco-la-solucion-es-la-salida-de-ortega-del-poder\\\/#webpage\",\"url\":\"https:\\\/\\\/www.eldigitaldeasturias.com\\\/noticias\\\/victor-hugo-tinoco-la-solucion-es-la-salida-de-ortega-del-poder\\\/\",\"name\":\"V\\u00edctor Hugo Tinoco: \\u00abLa soluci\\u00f3n es la salida de Ortega del poder\\u00bb - El Digital de Asturias\",\"description\":\"Managua, 23 abr (dpa) - El ex vicecanciller sandinista V\\u00edctor Hugo Tinoco, opositor al Gobierno de Nicaragua, dijo hoy que la \\u00fanica soluci\\u00f3n a la crisis del pa\\u00eds \\\"es la salida del presidente Daniel Ortega del poder\\\" mediante una convocatoria a elecciones libres. En entrevista con dpa, Tinoco declar\\u00f3 que las protestas que estallaron hace\",\"inLanguage\":\"es-ES\",\"isPartOf\":{\"@id\":\"https:\\\/\\\/www.eldigitaldeasturias.com\\\/noticias\\\/#website\"},\"breadcrumb\":{\"@id\":\"https:\\\/\\\/www.eldigitaldeasturias.com\\\/noticias\\\/victor-hugo-tinoco-la-solucion-es-la-salida-de-ortega-del-poder\\\/#breadcrumblist\"},\"author\":{\"@id\":\"https:\\\/\\\/www.eldigitaldeasturias.com\\\/noticias\\\/author\\\/admin\\\/#author\"},\"creator\":{\"@id\":\"https:\\\/\\\/www.eldigitaldeasturias.com\\\/noticias\\\/author\\\/admin\\\/#author\"},\"image\":{\"@type\":\"ImageObject\",\"url\":977212,\"@id\":\"https:\\\/\\\/www.eldigitaldeasturias.com\\\/noticias\\\/victor-hugo-tinoco-la-solucion-es-la-salida-de-ortega-del-poder\\\/#mainImage\"},\"primaryImageOfPage\":{\"@id\":\"https:\\\/\\\/www.eldigitaldeasturias.com\\\/noticias\\\/victor-hugo-tinoco-la-solucion-es-la-salida-de-ortega-del-poder\\\/#mainImage\"},\"datePublished\":\"2018-04-23T23:43:35+02:00\",\"dateModified\":\"2018-04-23T23:43:35+02:00\"},{\"@type\":\"WebSite\",\"@id\":\"https:\\\/\\\/www.eldigitaldeasturias.com\\\/noticias\\\/#website\",\"url\":\"https:\\\/\\\/www.eldigitaldeasturias.com\\\/noticias\\\/\",\"name\":\"El Digital de Asturias - Diario de actualidad y noticias\",\"alternateName\":\"El Digital de Asturias - Diario de actualidad y noticias\",\"description\":\"Hemeroteca\",\"inLanguage\":\"es-ES\",\"publisher\":{\"@id\":\"https:\\\/\\\/www.eldigitaldeasturias.com\\\/noticias\\\/#organization\"}}]}\n\t\t<\/script>\n\t\t<!-- All in One SEO Pro -->\r\n\t\t<title>V\u00edctor Hugo Tinoco: \u00abLa soluci\u00f3n es la salida de Ortega del poder\u00bb - El Digital de Asturias<\/title>\n\n","aioseo_head_json":{"title":"V\u00edctor Hugo Tinoco: \u00abLa soluci\u00f3n es la salida de Ortega del poder\u00bb - El Digital de Asturias","description":"Managua, 23 abr (dpa) - El ex vicecanciller sandinista V\u00edctor Hugo Tinoco, opositor al Gobierno de Nicaragua, dijo hoy que la \u00fanica soluci\u00f3n a la crisis del pa\u00eds \"es la salida del presidente Daniel Ortega del poder\" mediante una convocatoria a elecciones libres. En entrevista con dpa, Tinoco declar\u00f3 que las protestas que estallaron hace","canonical_url":"https:\/\/www.eldigitaldeasturias.com\/noticias\/victor-hugo-tinoco-la-solucion-es-la-salida-de-ortega-del-poder\/","robots":"max-image-preview:large","keywords":"actualidad","webmasterTools":{"google-site-verification":"UA-38556648-1","msvalidate.01":"7dfe9f3f1b24437ab69f4f2559babe99","miscellaneous":""},"schema":{"@context":"https:\/\/schema.org","@graph":[{"@type":"BlogPosting","@id":"https:\/\/www.eldigitaldeasturias.com\/noticias\/victor-hugo-tinoco-la-solucion-es-la-salida-de-ortega-del-poder\/#blogposting","name":"V\u00edctor Hugo Tinoco: \u00abLa soluci\u00f3n es la salida de Ortega del poder\u00bb - El Digital de Asturias","headline":"V\u00edctor Hugo Tinoco: \u00abLa soluci\u00f3n es la salida de Ortega del poder\u00bb","author":{"@id":"https:\/\/www.eldigitaldeasturias.com\/noticias\/author\/admin\/#author"},"publisher":{"@id":"https:\/\/www.eldigitaldeasturias.com\/noticias\/#organization"},"image":{"@type":"ImageObject","url":977212},"datePublished":"2018-04-23T23:43:35+02:00","dateModified":"2018-04-23T23:43:35+02:00","inLanguage":"es-ES","mainEntityOfPage":{"@id":"https:\/\/www.eldigitaldeasturias.com\/noticias\/victor-hugo-tinoco-la-solucion-es-la-salida-de-ortega-del-poder\/#webpage"},"isPartOf":{"@id":"https:\/\/www.eldigitaldeasturias.com\/noticias\/victor-hugo-tinoco-la-solucion-es-la-salida-de-ortega-del-poder\/#webpage"},"articleSection":"Actualidad"},{"@type":"BreadcrumbList","@id":"https:\/\/www.eldigitaldeasturias.com\/noticias\/victor-hugo-tinoco-la-solucion-es-la-salida-de-ortega-del-poder\/#breadcrumblist","itemListElement":[{"@type":"ListItem","@id":"https:\/\/www.eldigitaldeasturias.com\/noticias#listItem","position":1,"name":"Home","item":"https:\/\/www.eldigitaldeasturias.com\/noticias","nextItem":{"@type":"ListItem","@id":"https:\/\/www.eldigitaldeasturias.com\/noticias\/category\/actualidad\/#listItem","name":"Actualidad"}},{"@type":"ListItem","@id":"https:\/\/www.eldigitaldeasturias.com\/noticias\/category\/actualidad\/#listItem","position":2,"name":"Actualidad","item":"https:\/\/www.eldigitaldeasturias.com\/noticias\/category\/actualidad\/","nextItem":{"@type":"ListItem","@id":"https:\/\/www.eldigitaldeasturias.com\/noticias\/victor-hugo-tinoco-la-solucion-es-la-salida-de-ortega-del-poder\/#listItem","name":"V\u00edctor Hugo Tinoco: \u00abLa soluci\u00f3n es la salida de Ortega del poder\u00bb"},"previousItem":{"@type":"ListItem","@id":"https:\/\/www.eldigitaldeasturias.com\/noticias#listItem","name":"Home"}},{"@type":"ListItem","@id":"https:\/\/www.eldigitaldeasturias.com\/noticias\/victor-hugo-tinoco-la-solucion-es-la-salida-de-ortega-del-poder\/#listItem","position":3,"name":"V\u00edctor Hugo Tinoco: \u00abLa soluci\u00f3n es la salida de Ortega del poder\u00bb","previousItem":{"@type":"ListItem","@id":"https:\/\/www.eldigitaldeasturias.com\/noticias\/category\/actualidad\/#listItem","name":"Actualidad"}}]},{"@type":"Organization","@id":"https:\/\/www.eldigitaldeasturias.com\/noticias\/#organization","name":"El Digital de Asturias","description":"Hemeroteca","url":"https:\/\/www.eldigitaldeasturias.com\/noticias\/","email":"info@eldigitaldeasturias.com","telephone":"+34652131393","logo":{"@type":"ImageObject","url":"https:\/\/www.eldigitaldeasturias.com\/noticias\/wp-content\/uploads\/2020\/12\/EDA.jpg","@id":"https:\/\/www.eldigitaldeasturias.com\/noticias\/victor-hugo-tinoco-la-solucion-es-la-salida-de-ortega-del-poder\/#organizationLogo"},"image":{"@id":"https:\/\/www.eldigitaldeasturias.com\/noticias\/victor-hugo-tinoco-la-solucion-es-la-salida-de-ortega-del-poder\/#organizationLogo"},"sameAs":["https:\/\/facebook.com\/eldigitaldeasturias","https:\/\/www.youtube.com\/channel\/UCZP-2wLEB9Rv6erhFmqVnvg"],"address":{"@id":"https:\/\/www.eldigitaldeasturias.com\/noticias\/#postaladdress","@type":"PostalAddress","streetAddress":"san antonio 4","postalCode":"33430","addressLocality":"Cand\u00e1s","addressRegion":"Asturias","addressCountry":"ES"}},{"@type":"Person","@id":"https:\/\/www.eldigitaldeasturias.com\/noticias\/author\/admin\/#author","url":"https:\/\/www.eldigitaldeasturias.com\/noticias\/author\/admin\/","name":"El Digital de Asturias","image":{"@type":"ImageObject","@id":"https:\/\/www.eldigitaldeasturias.com\/noticias\/victor-hugo-tinoco-la-solucion-es-la-salida-de-ortega-del-poder\/#authorImage","url":"https:\/\/secure.gravatar.com\/avatar\/df2aeffc32bcd13f8d26072ef8a91b623d677766deac7f97ca815868cd41bf5e?s=96&d=mm&r=g","width":96,"height":96,"caption":"El Digital de Asturias"}},{"@type":"WebPage","@id":"https:\/\/www.eldigitaldeasturias.com\/noticias\/victor-hugo-tinoco-la-solucion-es-la-salida-de-ortega-del-poder\/#webpage","url":"https:\/\/www.eldigitaldeasturias.com\/noticias\/victor-hugo-tinoco-la-solucion-es-la-salida-de-ortega-del-poder\/","name":"V\u00edctor Hugo Tinoco: \u00abLa soluci\u00f3n es la salida de Ortega del poder\u00bb - El Digital de Asturias","description":"Managua, 23 abr (dpa) - El ex vicecanciller sandinista V\u00edctor Hugo Tinoco, opositor al Gobierno de Nicaragua, dijo hoy que la \u00fanica soluci\u00f3n a la crisis del pa\u00eds \"es la salida del presidente Daniel Ortega del poder\" mediante una convocatoria a elecciones libres. En entrevista con dpa, Tinoco declar\u00f3 que las protestas que estallaron hace","inLanguage":"es-ES","isPartOf":{"@id":"https:\/\/www.eldigitaldeasturias.com\/noticias\/#website"},"breadcrumb":{"@id":"https:\/\/www.eldigitaldeasturias.com\/noticias\/victor-hugo-tinoco-la-solucion-es-la-salida-de-ortega-del-poder\/#breadcrumblist"},"author":{"@id":"https:\/\/www.eldigitaldeasturias.com\/noticias\/author\/admin\/#author"},"creator":{"@id":"https:\/\/www.eldigitaldeasturias.com\/noticias\/author\/admin\/#author"},"image":{"@type":"ImageObject","url":977212,"@id":"https:\/\/www.eldigitaldeasturias.com\/noticias\/victor-hugo-tinoco-la-solucion-es-la-salida-de-ortega-del-poder\/#mainImage"},"primaryImageOfPage":{"@id":"https:\/\/www.eldigitaldeasturias.com\/noticias\/victor-hugo-tinoco-la-solucion-es-la-salida-de-ortega-del-poder\/#mainImage"},"datePublished":"2018-04-23T23:43:35+02:00","dateModified":"2018-04-23T23:43:35+02:00"},{"@type":"WebSite","@id":"https:\/\/www.eldigitaldeasturias.com\/noticias\/#website","url":"https:\/\/www.eldigitaldeasturias.com\/noticias\/","name":"El Digital de Asturias - Diario de actualidad y noticias","alternateName":"El Digital de Asturias - Diario de actualidad y noticias","description":"Hemeroteca","inLanguage":"es-ES","publisher":{"@id":"https:\/\/www.eldigitaldeasturias.com\/noticias\/#organization"}}]},"og:locale":"es_ES","og:site_name":"El Digital de Asturias","og:type":"article","og:title":"V\u00edctor Hugo Tinoco: \u00abLa soluci\u00f3n es la salida de Ortega del poder\u00bb - El Digital de Asturias","og:description":"Managua, 23 abr (dpa) - El ex vicecanciller sandinista V\u00edctor Hugo Tinoco, opositor al Gobierno de Nicaragua, dijo hoy que la \u00fanica soluci\u00f3n a la crisis del pa\u00eds &quot;es la salida del presidente Daniel Ortega del poder&quot; mediante una convocatoria a elecciones libres. En entrevista con dpa, Tinoco declar\u00f3 que las protestas que estallaron hace","og:url":"https:\/\/www.eldigitaldeasturias.com\/noticias\/victor-hugo-tinoco-la-solucion-es-la-salida-de-ortega-del-poder\/","article:tag":["actualidad"],"article:published_time":"2018-04-23T23:43:35+00:00","article:modified_time":"2018-04-23T23:43:35+00:00","article:publisher":"https:\/\/facebook.com\/eldigitaldeasturias","twitter:card":"summary_large_image","twitter:title":"V\u00edctor Hugo Tinoco: \u00abLa soluci\u00f3n es la salida de Ortega del poder\u00bb - El Digital de Asturias","twitter:description":"Managua, 23 abr (dpa) - El ex vicecanciller sandinista V\u00edctor Hugo Tinoco, opositor al Gobierno de Nicaragua, dijo hoy que la \u00fanica soluci\u00f3n a la crisis del pa\u00eds &quot;es la salida del presidente Daniel Ortega del poder&quot; mediante una convocatoria a elecciones libres. En entrevista con dpa, Tinoco declar\u00f3 que las protestas que estallaron hace","twitter:image":"https:\/\/www.eldigitaldeasturias.com\/noticias\/wp-content\/uploads\/2020\/12\/EDA-1.jpg","twitter:label1":"Escrito por","twitter:data1":"El Digital de Asturias","twitter:label2":"Tiempo de lectura estimado","twitter:data2":"2 minutos"},"aioseo_meta_data":{"post_id":"977214","title":null,"description":null,"keywords":null,"keyphrases":null,"primary_term":null,"canonical_url":null,"og_title":null,"og_description":null,"og_object_type":"default","og_image_type":"default","og_image_url":null,"og_image_width":null,"og_image_height":null,"og_image_custom_url":null,"og_image_custom_fields":null,"og_video":null,"og_custom_url":null,"og_article_section":null,"og_article_tags":null,"twitter_use_og":false,"twitter_card":"default","twitter_image_type":"default","twitter_image_url":null,"twitter_image_custom_url":null,"twitter_image_custom_fields":null,"twitter_title":null,"twitter_description":null,"schema":{"blockGraphs":[],"customGraphs":[],"default":{"data":{"Article":[],"Course":[],"Dataset":[],"FAQPage":[],"Movie":[],"Person":[],"Product":[],"ProductReview":[],"Car":[],"Recipe":[],"Service":[],"SoftwareApplication":[],"WebPage":[]},"graphName":"","isEnabled":true},"graphs":[],"defaultGraph":"","defaultPostTypeGraph":""},"schema_type":null,"schema_type_options":null,"pillar_content":false,"robots_default":true,"robots_noindex":false,"robots_noarchive":false,"robots_nosnippet":false,"robots_nofollow":false,"robots_noimageindex":false,"robots_noodp":false,"robots_notranslate":false,"robots_max_snippet":null,"robots_max_videopreview":null,"robots_max_imagepreview":"large","priority":null,"frequency":null,"local_seo":null,"seo_analyzer_scan_date":"2025-10-08 06:36:03","breadcrumb_settings":null,"limit_modified_date":false,"open_ai":null,"ai":null,"created":"2020-12-21 12:05:38","updated":"2025-10-08 06:36:03","focus_keyword":null,"additional_keywords":null,"truseo_locale":null},"aioseo_breadcrumb":"<div class=\"aioseo-breadcrumbs\"><span class=\"aioseo-breadcrumb\">\n\t<a href=\"https:\/\/www.eldigitaldeasturias.com\/noticias\" title=\"Home\">Home<\/a>\n<\/span><span class=\"aioseo-breadcrumb-separator\">\u2013<\/span><span class=\"aioseo-breadcrumb\">\n\t<a href=\"https:\/\/www.eldigitaldeasturias.com\/noticias\/category\/actualidad\/\" title=\"Actualidad\">Actualidad<\/a>\n<\/span><span class=\"aioseo-breadcrumb-separator\">\u2013<\/span><span class=\"aioseo-breadcrumb\">\n\t<a href=\"https:\/\/www.eldigitaldeasturias.com\/noticias\/victor-hugo-tinoco-la-solucion-es-la-salida-de-ortega-del-poder\/\" title=\"V\u00edctor Hugo Tinoco: \u00abLa soluci\u00f3n es la salida de Ortega del poder\u00bb\">V\u00edctor Hugo Tinoco: \u00abLa soluci\u00f3n es la salida de Ortega del poder\u00bb<\/a>\n<\/span><\/div>","aioseo_breadcrumb_json":[{"label":"Home","link":"https:\/\/www.eldigitaldeasturias.com\/noticias"},{"label":"Actualidad","link":"https:\/\/www.eldigitaldeasturias.com\/noticias\/category\/actualidad\/"},{"label":"V\u00edctor Hugo Tinoco: \u00abLa soluci\u00f3n es la salida de Ortega del poder\u00bb","link":"https:\/\/www.eldigitaldeasturias.com\/noticias\/victor-hugo-tinoco-la-solucion-es-la-salida-de-ortega-del-poder\/"}],"_links":{"self":[{"href":"https:\/\/www.eldigitaldeasturias.com\/noticias\/wp-json\/wp\/v2\/posts\/977214","targetHints":{"allow":["GET"]}}],"collection":[{"href":"https:\/\/www.eldigitaldeasturias.com\/noticias\/wp-json\/wp\/v2\/posts"}],"about":[{"href":"https:\/\/www.eldigitaldeasturias.com\/noticias\/wp-json\/wp\/v2\/types\/post"}],"author":[{"embeddable":true,"href":"https:\/\/www.eldigitaldeasturias.com\/noticias\/wp-json\/wp\/v2\/users\/1"}],"replies":[{"embeddable":true,"href":"https:\/\/www.eldigitaldeasturias.com\/noticias\/wp-json\/wp\/v2\/comments?post=977214"}],"version-history":[{"count":0,"href":"https:\/\/www.eldigitaldeasturias.com\/noticias\/wp-json\/wp\/v2\/posts\/977214\/revisions"}],"wp:attachment":[{"href":"https:\/\/www.eldigitaldeasturias.com\/noticias\/wp-json\/wp\/v2\/media?parent=977214"}],"wp:term":[{"taxonomy":"category","embeddable":true,"href":"https:\/\/www.eldigitaldeasturias.com\/noticias\/wp-json\/wp\/v2\/categories?post=977214"},{"taxonomy":"post_tag","embeddable":true,"href":"https:\/\/www.eldigitaldeasturias.com\/noticias\/wp-json\/wp\/v2\/tags?post=977214"}],"curies":[{"name":"wp","href":"https:\/\/api.w.org\/{rel}","templated":true}]}}