{"id":977211,"date":"2018-04-23T23:41:29","date_gmt":"2018-04-23T23:41:29","guid":{"rendered":"http:\/\/www.eldigitaldeasturias.com\/noticias\/?p=977211"},"modified":"2018-04-23T23:41:29","modified_gmt":"2018-04-23T23:41:29","slug":"cinco-claves-de-las-violentas-protestas-en-nicaragua","status":"publish","type":"post","link":"https:\/\/www.eldigitaldeasturias.com\/noticias\/cinco-claves-de-las-violentas-protestas-en-nicaragua\/","title":{"rendered":"Cinco claves de las violentas protestas en Nicaragua"},"content":{"rendered":"<p><img loading=\"lazy\" decoding=\"async\" class=\"alignleft size-medium wp-image-977212\" src=\"https:\/\/www.eldigitaldeasturias.com\/noticias\/wp-content\/uploads\/2018\/04\/flag-2528952_960_720-360x270.jpg\" alt=\"\" width=\"360\" height=\"270\" \/>Managua, 23 abr (dpa) \u2013 La incertidumbre se ha apoderado de Nicaragua debido a las violentas protestas que estallaron el pasado martes y que han dejado ya varios muertos, heridos y destrucci\u00f3n en Managua y otras ciudades, en un hecho in\u00e9dito en las \u00faltimas d\u00e9cadas.<\/p>\n<p>El presidente Daniel Ortega derog\u00f3 el domingo una pol\u00e9mica reforma del Seguro Social, origen del conflicto. Sin embargo, la respuesta ha resultado insuficiente para poner fin a los enfrentamientos entre estudiantes universitarios y las fuerzas policiales en Managua, principal foco de tensi\u00f3n, y en 14 otras ciudades del interior, incluidas Le\u00f3n y Granada.<\/p>\n<p>Estas son las principales claves de la crisis:<\/p>\n<p><strong>\u00bfComo surgi\u00f3 el conflicto?<\/strong><\/p>\n<p>El detonante fue un decreto unilateral de reforma de la Seguridad Social para aumentar entre el 11 y el 22,5 por ciento las cuotas de cotizaci\u00f3n de unos 700.00 trabajadores del sector formal y de los empresarios, y aplicar un impuesto del cinco por ciento a las pensiones de miles de jubilados. El argumento del Gobierno es que la reforma es necesaria porque la Seguridad Social est\u00e1 amenazada de quiebra por un d\u00e9ficit estimado en 75 millones de d\u00f3lares.<\/p>\n<p>Las primeras manifestaciones pac\u00edficas de j\u00f3venes universitarios de la capital fueron reprimidas por grupos de choque de la Juventud Sandinista y posteriormente por fuerzas antimotines de la Polic\u00eda, lo que provoc\u00f3 que otros sectores se sumaran a la protesta, seg\u00fan organizaciones de derechos humanos.<\/p>\n<p>La situaci\u00f3n se deterior\u00f3 r\u00e1pidamente con choques entre universitarios y la Polic\u00eda que lanz\u00f3 bombas lacrim\u00f3genas, balas de goma y posteriormente us\u00f3 armas de fuego.<\/p>\n<p><strong>\u00bfPor qu\u00e9 es pol\u00e9mico el decreto presidencial?<\/strong><\/p>\n<p>Seg\u00fan el Consejo Superior de la Empresa Privada (COSEP), la reforma no permitir\u00e1 aumentar la base de cotizantes de la Seguridad Social sino que, por el contrario, causar\u00e1 m\u00e1s desempleo, menos consumo, menos competitividad y tendr\u00e1 un impacto directo en el clima de negocios.<\/p>\n<p>La reforma fue \u201cun grave error pol\u00edtico, t\u00e9cnico y legal\u201d, afirma tambi\u00e9n el ex comandante de la llamada \u201cdirecci\u00f3n nacional\u201d del del Frente Sandinista Jaime Wheelock. En sus palabras la enmienda afecta a los derechos econ\u00f3micos adquiridos y los ahorros de casi un mill\u00f3n de cabezas de familias sin dar soluci\u00f3n pr\u00e1ctica a la grave situaci\u00f3n financiera del Instituto Nicarag\u00fcense de Seguridad Social.<\/p>\n<p><strong>\u00bfPor qu\u00e9 el conflicto ha sido tan violento?<\/strong><\/p>\n<p>Analistas consideran que la forma de actuar de las autoridades policiales ha sido desproporcionada, tomando en cuenta que los j\u00f3venes comenzaron a protestar de forma pac\u00edfica. La situaci\u00f3n se agrav\u00f3 en los pasados d\u00edas al involucrarse en el conflicto pobladores de los barrios organizados en grupos de ayuda, los cuales apoyan a los manifestantes con el suministro de alimentos, agua y equipos de primeros auxilios para atender a los heridos y afectados por los gases lacrim\u00f3genos.<\/p>\n<p>A esto se suma la acci\u00f3n de grupos incontrolables de \u00abmaras\u00bb o pandillas que tambi\u00e9n atacan a la Polic\u00eda y a los estudiantes y siembran el casos mediante el saqueo y destrucci\u00f3n de establecimientos comerciales en Managua y en otras ciudades.<\/p>\n<p><strong>\u00bfHay posibilidad de di\u00e1logo?<\/strong><\/p>\n<p>En el cuarto d\u00eda de disturbios, el presidente Ortega llam\u00f3 a la calma y accedi\u00f3 a un di\u00e1logo propuesto por el sector privado para revisar el tema de la reforma. Los empresarios respondieron condiconando cualquier di\u00e1logo al \u00abcese de la represi\u00f3n\u00bb y al establecimietno de garant\u00edas para la libre movilizaci\u00f3n de las personas, adem\u00e1s de la excarcelaci\u00f3n de los estudiantes detenidos y el levantamiento de la censura al canal 15 de televisi\u00f3n, cuya se\u00f1al de cable permanece bloqueada por el Gobierno.<\/p>\n<p>El domingo, al anunciar la derogaci\u00f3n de la reforma, Ortega rechaz\u00f3 el emplazamiento del sector privado, se\u00f1alando que \u00abning\u00fan di\u00e1logo puede realizarse bajo condicionamientos\u00bb, lo que deja en suspenso un eventual inicio de las negociaciones.<\/p>\n<p>El presidente s\u00ed invit\u00f3 al di\u00e1logo a representantes de la Iglesia Cat\u00f3lica, pero no se han definido temas de agenda ni fecha de inicio de las conversaciones.<\/p>\n<p><strong>\u00bfPor qu\u00e9 los empresarios se enfrentan al Gobierno?<\/strong><\/p>\n<p>Las organizaciones empresariales manten\u00edan una llamada alianza estrat\u00e9gica con el Gobierno, como la ha denominado Otega. Sin embargo, el pacto se resquebraj\u00f3 a ra\u00edz de la reforma unilateral de la Seguridad Social. Para el l\u00edder empresarial, Jos\u00e9 Ad\u00e1n Aguerri, ahora el di\u00e1logo ha transcendido a puntos vitales: democracia, respeto a derechos humanos, pol\u00edticos y libertad de expresi\u00f3n, entre otros.<\/p>\n<p><i class=\"lang-es\"><span class=\" readonly\" title=\"\">Por Sonia Gonz\u00e1lez (dpa)<\/span><\/i><\/p>\n","protected":false},"excerpt":{"rendered":"<p>Managua, 23 abr (dpa) \u2013 La incertidumbre se ha apoderado de Nicaragua debido a las violentas protestas que estallaron el pasado martes y que han dejado ya varios muertos, heridos y destrucci\u00f3n en Managua y otras ciudades, en un hecho in\u00e9dito en las \u00faltimas d\u00e9cadas. El presidente Daniel Ortega derog\u00f3 el domingo una pol\u00e9mica reforma [&hellip;]<\/p>\n","protected":false},"author":1,"featured_media":977212,"comment_status":"closed","ping_status":"closed","sticky":false,"template":"","format":"standard","meta":{"footnotes":""},"categories":[1],"tags":[],"class_list":["post-977211","post","type-post","status-publish","format-standard","has-post-thumbnail","hentry","category-actualidad"],"aioseo_notices":[],"aioseo_head":"\n\t\t<!-- All in One SEO Pro 5.0.1 - aioseo.com -->\n\t<meta name=\"description\" content=\"Managua, 23 abr (dpa) \u2013 La incertidumbre se ha apoderado de Nicaragua debido a las violentas protestas que estallaron el pasado martes y que han dejado ya varios muertos, heridos y destrucci\u00f3n en Managua y otras ciudades, en un hecho in\u00e9dito en las \u00faltimas d\u00e9cadas. El presidente Daniel Ortega derog\u00f3 el domingo una pol\u00e9mica reforma\" \/>\n\t<meta name=\"robots\" content=\"max-image-preview:large\" \/>\n\t<meta name=\"author\" content=\"El Digital de Asturias\"\/>\n\t<meta name=\"google-site-verification\" content=\"UA-38556648-1\" \/>\n\t<meta name=\"msvalidate.01\" content=\"7dfe9f3f1b24437ab69f4f2559babe99\" \/>\n\t<meta name=\"keywords\" content=\"actualidad\" \/>\n\t<link rel=\"canonical\" href=\"https:\/\/www.eldigitaldeasturias.com\/noticias\/cinco-claves-de-las-violentas-protestas-en-nicaragua\/\" \/>\n\t<meta name=\"generator\" content=\"All in One SEO Pro (AIOSEO) 5.0.1\" \/>\n\t\t<meta property=\"og:locale\" content=\"es_ES\" \/>\n\t\t<meta property=\"og:site_name\" content=\"El Digital de Asturias\" \/>\n\t\t<meta property=\"og:type\" content=\"article\" \/>\n\t\t<meta property=\"og:title\" content=\"Cinco claves de las violentas protestas en Nicaragua - El Digital de Asturias\" \/>\n\t\t<meta property=\"og:description\" content=\"Managua, 23 abr (dpa) \u2013 La incertidumbre se ha apoderado de Nicaragua debido a las violentas protestas que estallaron el pasado martes y que han dejado ya varios muertos, heridos y destrucci\u00f3n en Managua y otras ciudades, en un hecho in\u00e9dito en las \u00faltimas d\u00e9cadas. El presidente Daniel Ortega derog\u00f3 el domingo una pol\u00e9mica reforma\" \/>\n\t\t<meta property=\"og:url\" content=\"https:\/\/www.eldigitaldeasturias.com\/noticias\/cinco-claves-de-las-violentas-protestas-en-nicaragua\/\" \/>\n\t\t<meta property=\"article:tag\" content=\"actualidad\" \/>\n\t\t<meta property=\"article:published_time\" content=\"2018-04-23T23:41:29+00:00\" \/>\n\t\t<meta property=\"article:modified_time\" content=\"2018-04-23T23:41:29+00:00\" \/>\n\t\t<meta property=\"article:publisher\" content=\"https:\/\/facebook.com\/eldigitaldeasturias\" \/>\n\t\t<meta name=\"twitter:card\" content=\"summary_large_image\" \/>\n\t\t<meta name=\"twitter:title\" content=\"Cinco claves de las violentas protestas en Nicaragua - El Digital de Asturias\" \/>\n\t\t<meta name=\"twitter:description\" content=\"Managua, 23 abr (dpa) \u2013 La incertidumbre se ha apoderado de Nicaragua debido a las violentas protestas que estallaron el pasado martes y que han dejado ya varios muertos, heridos y destrucci\u00f3n en Managua y otras ciudades, en un hecho in\u00e9dito en las \u00faltimas d\u00e9cadas. El presidente Daniel Ortega derog\u00f3 el domingo una pol\u00e9mica reforma\" \/>\n\t\t<meta name=\"twitter:image\" content=\"https:\/\/www.eldigitaldeasturias.com\/noticias\/wp-content\/uploads\/2020\/12\/EDA-1.jpg\" \/>\n\t\t<meta name=\"twitter:label1\" content=\"Escrito por\" \/>\n\t\t<meta name=\"twitter:data1\" content=\"El Digital de Asturias\" \/>\n\t\t<meta name=\"twitter:label2\" content=\"Tiempo de lectura estimado\" \/>\n\t\t<meta name=\"twitter:data2\" content=\"4 minutos\" \/>\n\t\t<script type=\"application\/ld+json\" class=\"aioseo-schema\">\n\t\t\t{\"@context\":\"https:\\\/\\\/schema.org\",\"@graph\":[{\"@type\":\"BlogPosting\",\"@id\":\"https:\\\/\\\/www.eldigitaldeasturias.com\\\/noticias\\\/cinco-claves-de-las-violentas-protestas-en-nicaragua\\\/#blogposting\",\"name\":\"Cinco claves de las violentas protestas en Nicaragua - El Digital de Asturias\",\"headline\":\"Cinco claves de las violentas protestas en Nicaragua\",\"author\":{\"@id\":\"https:\\\/\\\/www.eldigitaldeasturias.com\\\/noticias\\\/author\\\/admin\\\/#author\"},\"publisher\":{\"@id\":\"https:\\\/\\\/www.eldigitaldeasturias.com\\\/noticias\\\/#organization\"},\"image\":{\"@type\":\"ImageObject\",\"url\":977212},\"datePublished\":\"2018-04-23T23:41:29+02:00\",\"dateModified\":\"2018-04-23T23:41:29+02:00\",\"inLanguage\":\"es-ES\",\"mainEntityOfPage\":{\"@id\":\"https:\\\/\\\/www.eldigitaldeasturias.com\\\/noticias\\\/cinco-claves-de-las-violentas-protestas-en-nicaragua\\\/#webpage\"},\"isPartOf\":{\"@id\":\"https:\\\/\\\/www.eldigitaldeasturias.com\\\/noticias\\\/cinco-claves-de-las-violentas-protestas-en-nicaragua\\\/#webpage\"},\"articleSection\":\"Actualidad\"},{\"@type\":\"BreadcrumbList\",\"@id\":\"https:\\\/\\\/www.eldigitaldeasturias.com\\\/noticias\\\/cinco-claves-de-las-violentas-protestas-en-nicaragua\\\/#breadcrumblist\",\"itemListElement\":[{\"@type\":\"ListItem\",\"@id\":\"https:\\\/\\\/www.eldigitaldeasturias.com\\\/noticias#listItem\",\"position\":1,\"name\":\"Home\",\"item\":\"https:\\\/\\\/www.eldigitaldeasturias.com\\\/noticias\",\"nextItem\":{\"@type\":\"ListItem\",\"@id\":\"https:\\\/\\\/www.eldigitaldeasturias.com\\\/noticias\\\/category\\\/actualidad\\\/#listItem\",\"name\":\"Actualidad\"}},{\"@type\":\"ListItem\",\"@id\":\"https:\\\/\\\/www.eldigitaldeasturias.com\\\/noticias\\\/category\\\/actualidad\\\/#listItem\",\"position\":2,\"name\":\"Actualidad\",\"item\":\"https:\\\/\\\/www.eldigitaldeasturias.com\\\/noticias\\\/category\\\/actualidad\\\/\",\"nextItem\":{\"@type\":\"ListItem\",\"@id\":\"https:\\\/\\\/www.eldigitaldeasturias.com\\\/noticias\\\/cinco-claves-de-las-violentas-protestas-en-nicaragua\\\/#listItem\",\"name\":\"Cinco claves de las violentas protestas en Nicaragua\"},\"previousItem\":{\"@type\":\"ListItem\",\"@id\":\"https:\\\/\\\/www.eldigitaldeasturias.com\\\/noticias#listItem\",\"name\":\"Home\"}},{\"@type\":\"ListItem\",\"@id\":\"https:\\\/\\\/www.eldigitaldeasturias.com\\\/noticias\\\/cinco-claves-de-las-violentas-protestas-en-nicaragua\\\/#listItem\",\"position\":3,\"name\":\"Cinco claves de las violentas protestas en Nicaragua\",\"previousItem\":{\"@type\":\"ListItem\",\"@id\":\"https:\\\/\\\/www.eldigitaldeasturias.com\\\/noticias\\\/category\\\/actualidad\\\/#listItem\",\"name\":\"Actualidad\"}}]},{\"@type\":\"Organization\",\"@id\":\"https:\\\/\\\/www.eldigitaldeasturias.com\\\/noticias\\\/#organization\",\"name\":\"El Digital de Asturias\",\"description\":\"Hemeroteca\",\"url\":\"https:\\\/\\\/www.eldigitaldeasturias.com\\\/noticias\\\/\",\"email\":\"info@eldigitaldeasturias.com\",\"telephone\":\"+34652131393\",\"logo\":{\"@type\":\"ImageObject\",\"url\":\"https:\\\/\\\/www.eldigitaldeasturias.com\\\/noticias\\\/wp-content\\\/uploads\\\/2020\\\/12\\\/EDA.jpg\",\"@id\":\"https:\\\/\\\/www.eldigitaldeasturias.com\\\/noticias\\\/cinco-claves-de-las-violentas-protestas-en-nicaragua\\\/#organizationLogo\"},\"image\":{\"@id\":\"https:\\\/\\\/www.eldigitaldeasturias.com\\\/noticias\\\/cinco-claves-de-las-violentas-protestas-en-nicaragua\\\/#organizationLogo\"},\"sameAs\":[\"https:\\\/\\\/facebook.com\\\/eldigitaldeasturias\",\"https:\\\/\\\/www.youtube.com\\\/channel\\\/UCZP-2wLEB9Rv6erhFmqVnvg\"],\"address\":{\"@id\":\"https:\\\/\\\/www.eldigitaldeasturias.com\\\/noticias\\\/#postaladdress\",\"@type\":\"PostalAddress\",\"streetAddress\":\"san antonio 4\",\"postalCode\":\"33430\",\"addressLocality\":\"Cand\\u00e1s\",\"addressRegion\":\"Asturias\",\"addressCountry\":\"ES\"}},{\"@type\":\"Person\",\"@id\":\"https:\\\/\\\/www.eldigitaldeasturias.com\\\/noticias\\\/author\\\/admin\\\/#author\",\"url\":\"https:\\\/\\\/www.eldigitaldeasturias.com\\\/noticias\\\/author\\\/admin\\\/\",\"name\":\"El Digital de Asturias\",\"image\":{\"@type\":\"ImageObject\",\"@id\":\"https:\\\/\\\/www.eldigitaldeasturias.com\\\/noticias\\\/cinco-claves-de-las-violentas-protestas-en-nicaragua\\\/#authorImage\",\"url\":\"https:\\\/\\\/secure.gravatar.com\\\/avatar\\\/df2aeffc32bcd13f8d26072ef8a91b623d677766deac7f97ca815868cd41bf5e?s=96&d=mm&r=g\",\"width\":96,\"height\":96,\"caption\":\"El Digital de Asturias\"}},{\"@type\":\"WebPage\",\"@id\":\"https:\\\/\\\/www.eldigitaldeasturias.com\\\/noticias\\\/cinco-claves-de-las-violentas-protestas-en-nicaragua\\\/#webpage\",\"url\":\"https:\\\/\\\/www.eldigitaldeasturias.com\\\/noticias\\\/cinco-claves-de-las-violentas-protestas-en-nicaragua\\\/\",\"name\":\"Cinco claves de las violentas protestas en Nicaragua - El Digital de Asturias\",\"description\":\"Managua, 23 abr (dpa) \\u2013 La incertidumbre se ha apoderado de Nicaragua debido a las violentas protestas que estallaron el pasado martes y que han dejado ya varios muertos, heridos y destrucci\\u00f3n en Managua y otras ciudades, en un hecho in\\u00e9dito en las \\u00faltimas d\\u00e9cadas. El presidente Daniel Ortega derog\\u00f3 el domingo una pol\\u00e9mica reforma\",\"inLanguage\":\"es-ES\",\"isPartOf\":{\"@id\":\"https:\\\/\\\/www.eldigitaldeasturias.com\\\/noticias\\\/#website\"},\"breadcrumb\":{\"@id\":\"https:\\\/\\\/www.eldigitaldeasturias.com\\\/noticias\\\/cinco-claves-de-las-violentas-protestas-en-nicaragua\\\/#breadcrumblist\"},\"author\":{\"@id\":\"https:\\\/\\\/www.eldigitaldeasturias.com\\\/noticias\\\/author\\\/admin\\\/#author\"},\"creator\":{\"@id\":\"https:\\\/\\\/www.eldigitaldeasturias.com\\\/noticias\\\/author\\\/admin\\\/#author\"},\"image\":{\"@type\":\"ImageObject\",\"url\":977212,\"@id\":\"https:\\\/\\\/www.eldigitaldeasturias.com\\\/noticias\\\/cinco-claves-de-las-violentas-protestas-en-nicaragua\\\/#mainImage\"},\"primaryImageOfPage\":{\"@id\":\"https:\\\/\\\/www.eldigitaldeasturias.com\\\/noticias\\\/cinco-claves-de-las-violentas-protestas-en-nicaragua\\\/#mainImage\"},\"datePublished\":\"2018-04-23T23:41:29+02:00\",\"dateModified\":\"2018-04-23T23:41:29+02:00\"},{\"@type\":\"WebSite\",\"@id\":\"https:\\\/\\\/www.eldigitaldeasturias.com\\\/noticias\\\/#website\",\"url\":\"https:\\\/\\\/www.eldigitaldeasturias.com\\\/noticias\\\/\",\"name\":\"El Digital de Asturias - Diario de actualidad y noticias\",\"alternateName\":\"El Digital de Asturias - Diario de actualidad y noticias\",\"description\":\"Hemeroteca\",\"inLanguage\":\"es-ES\",\"publisher\":{\"@id\":\"https:\\\/\\\/www.eldigitaldeasturias.com\\\/noticias\\\/#organization\"}}]}\n\t\t<\/script>\n\t\t<!-- All in One SEO Pro -->\r\n\t\t<title>Cinco claves de las violentas protestas en Nicaragua - El Digital de Asturias<\/title>\n\n","aioseo_head_json":{"title":"Cinco claves de las violentas protestas en Nicaragua - El Digital de Asturias","description":"Managua, 23 abr (dpa) \u2013 La incertidumbre se ha apoderado de Nicaragua debido a las violentas protestas que estallaron el pasado martes y que han dejado ya varios muertos, heridos y destrucci\u00f3n en Managua y otras ciudades, en un hecho in\u00e9dito en las \u00faltimas d\u00e9cadas. El presidente Daniel Ortega derog\u00f3 el domingo una pol\u00e9mica reforma","canonical_url":"https:\/\/www.eldigitaldeasturias.com\/noticias\/cinco-claves-de-las-violentas-protestas-en-nicaragua\/","robots":"max-image-preview:large","keywords":"actualidad","webmasterTools":{"google-site-verification":"UA-38556648-1","msvalidate.01":"7dfe9f3f1b24437ab69f4f2559babe99","miscellaneous":""},"schema":{"@context":"https:\/\/schema.org","@graph":[{"@type":"BlogPosting","@id":"https:\/\/www.eldigitaldeasturias.com\/noticias\/cinco-claves-de-las-violentas-protestas-en-nicaragua\/#blogposting","name":"Cinco claves de las violentas protestas en Nicaragua - El Digital de Asturias","headline":"Cinco claves de las violentas protestas en Nicaragua","author":{"@id":"https:\/\/www.eldigitaldeasturias.com\/noticias\/author\/admin\/#author"},"publisher":{"@id":"https:\/\/www.eldigitaldeasturias.com\/noticias\/#organization"},"image":{"@type":"ImageObject","url":977212},"datePublished":"2018-04-23T23:41:29+02:00","dateModified":"2018-04-23T23:41:29+02:00","inLanguage":"es-ES","mainEntityOfPage":{"@id":"https:\/\/www.eldigitaldeasturias.com\/noticias\/cinco-claves-de-las-violentas-protestas-en-nicaragua\/#webpage"},"isPartOf":{"@id":"https:\/\/www.eldigitaldeasturias.com\/noticias\/cinco-claves-de-las-violentas-protestas-en-nicaragua\/#webpage"},"articleSection":"Actualidad"},{"@type":"BreadcrumbList","@id":"https:\/\/www.eldigitaldeasturias.com\/noticias\/cinco-claves-de-las-violentas-protestas-en-nicaragua\/#breadcrumblist","itemListElement":[{"@type":"ListItem","@id":"https:\/\/www.eldigitaldeasturias.com\/noticias#listItem","position":1,"name":"Home","item":"https:\/\/www.eldigitaldeasturias.com\/noticias","nextItem":{"@type":"ListItem","@id":"https:\/\/www.eldigitaldeasturias.com\/noticias\/category\/actualidad\/#listItem","name":"Actualidad"}},{"@type":"ListItem","@id":"https:\/\/www.eldigitaldeasturias.com\/noticias\/category\/actualidad\/#listItem","position":2,"name":"Actualidad","item":"https:\/\/www.eldigitaldeasturias.com\/noticias\/category\/actualidad\/","nextItem":{"@type":"ListItem","@id":"https:\/\/www.eldigitaldeasturias.com\/noticias\/cinco-claves-de-las-violentas-protestas-en-nicaragua\/#listItem","name":"Cinco claves de las violentas protestas en Nicaragua"},"previousItem":{"@type":"ListItem","@id":"https:\/\/www.eldigitaldeasturias.com\/noticias#listItem","name":"Home"}},{"@type":"ListItem","@id":"https:\/\/www.eldigitaldeasturias.com\/noticias\/cinco-claves-de-las-violentas-protestas-en-nicaragua\/#listItem","position":3,"name":"Cinco claves de las violentas protestas en Nicaragua","previousItem":{"@type":"ListItem","@id":"https:\/\/www.eldigitaldeasturias.com\/noticias\/category\/actualidad\/#listItem","name":"Actualidad"}}]},{"@type":"Organization","@id":"https:\/\/www.eldigitaldeasturias.com\/noticias\/#organization","name":"El Digital de Asturias","description":"Hemeroteca","url":"https:\/\/www.eldigitaldeasturias.com\/noticias\/","email":"info@eldigitaldeasturias.com","telephone":"+34652131393","logo":{"@type":"ImageObject","url":"https:\/\/www.eldigitaldeasturias.com\/noticias\/wp-content\/uploads\/2020\/12\/EDA.jpg","@id":"https:\/\/www.eldigitaldeasturias.com\/noticias\/cinco-claves-de-las-violentas-protestas-en-nicaragua\/#organizationLogo"},"image":{"@id":"https:\/\/www.eldigitaldeasturias.com\/noticias\/cinco-claves-de-las-violentas-protestas-en-nicaragua\/#organizationLogo"},"sameAs":["https:\/\/facebook.com\/eldigitaldeasturias","https:\/\/www.youtube.com\/channel\/UCZP-2wLEB9Rv6erhFmqVnvg"],"address":{"@id":"https:\/\/www.eldigitaldeasturias.com\/noticias\/#postaladdress","@type":"PostalAddress","streetAddress":"san antonio 4","postalCode":"33430","addressLocality":"Cand\u00e1s","addressRegion":"Asturias","addressCountry":"ES"}},{"@type":"Person","@id":"https:\/\/www.eldigitaldeasturias.com\/noticias\/author\/admin\/#author","url":"https:\/\/www.eldigitaldeasturias.com\/noticias\/author\/admin\/","name":"El Digital de Asturias","image":{"@type":"ImageObject","@id":"https:\/\/www.eldigitaldeasturias.com\/noticias\/cinco-claves-de-las-violentas-protestas-en-nicaragua\/#authorImage","url":"https:\/\/secure.gravatar.com\/avatar\/df2aeffc32bcd13f8d26072ef8a91b623d677766deac7f97ca815868cd41bf5e?s=96&d=mm&r=g","width":96,"height":96,"caption":"El Digital de Asturias"}},{"@type":"WebPage","@id":"https:\/\/www.eldigitaldeasturias.com\/noticias\/cinco-claves-de-las-violentas-protestas-en-nicaragua\/#webpage","url":"https:\/\/www.eldigitaldeasturias.com\/noticias\/cinco-claves-de-las-violentas-protestas-en-nicaragua\/","name":"Cinco claves de las violentas protestas en Nicaragua - El Digital de Asturias","description":"Managua, 23 abr (dpa) \u2013 La incertidumbre se ha apoderado de Nicaragua debido a las violentas protestas que estallaron el pasado martes y que han dejado ya varios muertos, heridos y destrucci\u00f3n en Managua y otras ciudades, en un hecho in\u00e9dito en las \u00faltimas d\u00e9cadas. El presidente Daniel Ortega derog\u00f3 el domingo una pol\u00e9mica reforma","inLanguage":"es-ES","isPartOf":{"@id":"https:\/\/www.eldigitaldeasturias.com\/noticias\/#website"},"breadcrumb":{"@id":"https:\/\/www.eldigitaldeasturias.com\/noticias\/cinco-claves-de-las-violentas-protestas-en-nicaragua\/#breadcrumblist"},"author":{"@id":"https:\/\/www.eldigitaldeasturias.com\/noticias\/author\/admin\/#author"},"creator":{"@id":"https:\/\/www.eldigitaldeasturias.com\/noticias\/author\/admin\/#author"},"image":{"@type":"ImageObject","url":977212,"@id":"https:\/\/www.eldigitaldeasturias.com\/noticias\/cinco-claves-de-las-violentas-protestas-en-nicaragua\/#mainImage"},"primaryImageOfPage":{"@id":"https:\/\/www.eldigitaldeasturias.com\/noticias\/cinco-claves-de-las-violentas-protestas-en-nicaragua\/#mainImage"},"datePublished":"2018-04-23T23:41:29+02:00","dateModified":"2018-04-23T23:41:29+02:00"},{"@type":"WebSite","@id":"https:\/\/www.eldigitaldeasturias.com\/noticias\/#website","url":"https:\/\/www.eldigitaldeasturias.com\/noticias\/","name":"El Digital de Asturias - Diario de actualidad y noticias","alternateName":"El Digital de Asturias - Diario de actualidad y noticias","description":"Hemeroteca","inLanguage":"es-ES","publisher":{"@id":"https:\/\/www.eldigitaldeasturias.com\/noticias\/#organization"}}]},"og:locale":"es_ES","og:site_name":"El Digital de Asturias","og:type":"article","og:title":"Cinco claves de las violentas protestas en Nicaragua - El Digital de Asturias","og:description":"Managua, 23 abr (dpa) \u2013 La incertidumbre se ha apoderado de Nicaragua debido a las violentas protestas que estallaron el pasado martes y que han dejado ya varios muertos, heridos y destrucci\u00f3n en Managua y otras ciudades, en un hecho in\u00e9dito en las \u00faltimas d\u00e9cadas. El presidente Daniel Ortega derog\u00f3 el domingo una pol\u00e9mica reforma","og:url":"https:\/\/www.eldigitaldeasturias.com\/noticias\/cinco-claves-de-las-violentas-protestas-en-nicaragua\/","article:tag":["actualidad"],"article:published_time":"2018-04-23T23:41:29+00:00","article:modified_time":"2018-04-23T23:41:29+00:00","article:publisher":"https:\/\/facebook.com\/eldigitaldeasturias","twitter:card":"summary_large_image","twitter:title":"Cinco claves de las violentas protestas en Nicaragua - El Digital de Asturias","twitter:description":"Managua, 23 abr (dpa) \u2013 La incertidumbre se ha apoderado de Nicaragua debido a las violentas protestas que estallaron el pasado martes y que han dejado ya varios muertos, heridos y destrucci\u00f3n en Managua y otras ciudades, en un hecho in\u00e9dito en las \u00faltimas d\u00e9cadas. El presidente Daniel Ortega derog\u00f3 el domingo una pol\u00e9mica reforma","twitter:image":"https:\/\/www.eldigitaldeasturias.com\/noticias\/wp-content\/uploads\/2020\/12\/EDA-1.jpg","twitter:label1":"Escrito por","twitter:data1":"El Digital de Asturias","twitter:label2":"Tiempo de lectura estimado","twitter:data2":"4 minutos"},"aioseo_meta_data":{"post_id":"977211","title":null,"description":null,"keywords":null,"keyphrases":null,"primary_term":null,"canonical_url":null,"og_title":null,"og_description":null,"og_object_type":"default","og_image_type":"default","og_image_url":null,"og_image_width":null,"og_image_height":null,"og_image_custom_url":null,"og_image_custom_fields":null,"og_video":null,"og_custom_url":null,"og_article_section":null,"og_article_tags":null,"twitter_use_og":false,"twitter_card":"default","twitter_image_type":"default","twitter_image_url":null,"twitter_image_custom_url":null,"twitter_image_custom_fields":null,"twitter_title":null,"twitter_description":null,"schema":{"blockGraphs":[],"customGraphs":[],"default":{"data":{"Article":[],"Course":[],"Dataset":[],"FAQPage":[],"Movie":[],"Person":[],"Product":[],"ProductReview":[],"Car":[],"Recipe":[],"Service":[],"SoftwareApplication":[],"WebPage":[]},"graphName":"","isEnabled":true},"graphs":[],"defaultGraph":"","defaultPostTypeGraph":""},"schema_type":null,"schema_type_options":null,"pillar_content":false,"robots_default":true,"robots_noindex":false,"robots_noarchive":false,"robots_nosnippet":false,"robots_nofollow":false,"robots_noimageindex":false,"robots_noodp":false,"robots_notranslate":false,"robots_max_snippet":null,"robots_max_videopreview":null,"robots_max_imagepreview":"large","priority":null,"frequency":null,"local_seo":null,"seo_analyzer_scan_date":"2025-10-08 06:36:02","breadcrumb_settings":null,"limit_modified_date":false,"open_ai":null,"ai":null,"created":"2020-12-21 11:01:36","updated":"2025-10-08 06:36:02","focus_keyword":null,"additional_keywords":null,"truseo_locale":null},"aioseo_breadcrumb":"<div class=\"aioseo-breadcrumbs\"><span class=\"aioseo-breadcrumb\">\n\t<a href=\"https:\/\/www.eldigitaldeasturias.com\/noticias\" title=\"Home\">Home<\/a>\n<\/span><span class=\"aioseo-breadcrumb-separator\">\u2013<\/span><span class=\"aioseo-breadcrumb\">\n\t<a href=\"https:\/\/www.eldigitaldeasturias.com\/noticias\/category\/actualidad\/\" title=\"Actualidad\">Actualidad<\/a>\n<\/span><span class=\"aioseo-breadcrumb-separator\">\u2013<\/span><span class=\"aioseo-breadcrumb\">\n\t<a href=\"https:\/\/www.eldigitaldeasturias.com\/noticias\/cinco-claves-de-las-violentas-protestas-en-nicaragua\/\" title=\"Cinco claves de las violentas protestas en Nicaragua\">Cinco claves de las violentas protestas en Nicaragua<\/a>\n<\/span><\/div>","aioseo_breadcrumb_json":[{"label":"Home","link":"https:\/\/www.eldigitaldeasturias.com\/noticias"},{"label":"Actualidad","link":"https:\/\/www.eldigitaldeasturias.com\/noticias\/category\/actualidad\/"},{"label":"Cinco claves de las violentas protestas en Nicaragua","link":"https:\/\/www.eldigitaldeasturias.com\/noticias\/cinco-claves-de-las-violentas-protestas-en-nicaragua\/"}],"_links":{"self":[{"href":"https:\/\/www.eldigitaldeasturias.com\/noticias\/wp-json\/wp\/v2\/posts\/977211","targetHints":{"allow":["GET"]}}],"collection":[{"href":"https:\/\/www.eldigitaldeasturias.com\/noticias\/wp-json\/wp\/v2\/posts"}],"about":[{"href":"https:\/\/www.eldigitaldeasturias.com\/noticias\/wp-json\/wp\/v2\/types\/post"}],"author":[{"embeddable":true,"href":"https:\/\/www.eldigitaldeasturias.com\/noticias\/wp-json\/wp\/v2\/users\/1"}],"replies":[{"embeddable":true,"href":"https:\/\/www.eldigitaldeasturias.com\/noticias\/wp-json\/wp\/v2\/comments?post=977211"}],"version-history":[{"count":0,"href":"https:\/\/www.eldigitaldeasturias.com\/noticias\/wp-json\/wp\/v2\/posts\/977211\/revisions"}],"wp:attachment":[{"href":"https:\/\/www.eldigitaldeasturias.com\/noticias\/wp-json\/wp\/v2\/media?parent=977211"}],"wp:term":[{"taxonomy":"category","embeddable":true,"href":"https:\/\/www.eldigitaldeasturias.com\/noticias\/wp-json\/wp\/v2\/categories?post=977211"},{"taxonomy":"post_tag","embeddable":true,"href":"https:\/\/www.eldigitaldeasturias.com\/noticias\/wp-json\/wp\/v2\/tags?post=977211"}],"curies":[{"name":"wp","href":"https:\/\/api.w.org\/{rel}","templated":true}]}}