{"id":977207,"date":"2018-04-23T23:36:17","date_gmt":"2018-04-23T23:36:17","guid":{"rendered":"http:\/\/www.eldigitaldeasturias.com\/noticias\/?p=977207"},"modified":"2018-04-23T23:36:17","modified_gmt":"2018-04-23T23:36:17","slug":"migracion-y-nafta-el-dia-de-trump-en-las-redes","status":"publish","type":"post","link":"https:\/\/www.eldigitaldeasturias.com\/noticias\/migracion-y-nafta-el-dia-de-trump-en-las-redes\/","title":{"rendered":"Migraci\u00f3n y Nafta: El d\u00eda de Trump en las redes"},"content":{"rendered":"<p>Washington, 23 abr (dpa) &#8211; El presidente de Estados Unidos, Donald Trump, amenaz\u00f3 hoy con condicionar un acuerdo en la renegociaci\u00f3n del Nafta, el tratado de libre comercio de Am\u00e9rica del Norte, a que M\u00e9xico frene los flujos migratorios ilegales hacia Estados Unidos.<\/p>\n<p><img loading=\"lazy\" decoding=\"async\" class=\"aligncenter size-large wp-image-977208\" src=\"https:\/\/www.eldigitaldeasturias.com\/noticias\/wp-content\/uploads\/2018\/04\/trumpredes-650x328.jpg\" alt=\"\" width=\"650\" height=\"328\" \/><\/p>\n<p>No es la primera vez que el mandatario republicano expresa su af\u00e1n por vincular el \u00e9xito de la renegociaci\u00f3n del tambi\u00e9n llamado TLCAN al tema migratorio, pero esta vez lo ha hecho en medio de las expectativas de que en las pr\u00f3ximas semanas se anuncie un acuerdo entre Estados Unidos, M\u00e9xico y Canad\u00e1, los tres socios del Nafta.<\/p>\n<p>\u00abM\u00e9xico, cuyas leyes migratorias son muy duras, debe frenar a la gente que atraviesa M\u00e9xico hacia Estados Unidos. Podr\u00edamos hacer de esto una condici\u00f3n para el nuevo acuerdo sobre Nafta\u00bb, escribi\u00f3 Trump en Twitter. \u00ab\u00a1Nuestro pa\u00eds no puede aceptar lo que ocurre! Tenemos que obtener financiaci\u00f3n para el muro r\u00e1pidamente\u00bb, a\u00f1adi\u00f3.<\/p>\n<p>El republicano lanz\u00f3 hoy dos tuits seguidos sobre migraci\u00f3n, defendiendo en ambos la construcci\u00f3n del pol\u00e9mico muro que quiere levantar en la frontera con M\u00e9xico. En ella ha desplegado recientemente efectivos de la Guardia Nacional que pretende tener all\u00ed hasta que est\u00e9 lista la barrera.<\/p>\n<p>El Gobierno mexicano de Enrique Pe\u00f1a Nieto ha rechazado en todo momento la vinculaci\u00f3n de la pol\u00edtica migratoria a las negociaciones del Nafta, que arrancaron en agosto del a\u00f1o pasado por imposici\u00f3n de Trump. \u00abM\u00e9xico decide su pol\u00edtica migratoria de manera soberana\u00bb, respondi\u00f3 hoy a Trump su ministro de Exteriores, Luis Videgaray, en la misma red social en la que el mandatario lanz\u00f3 su mensaje.<\/p>\n<p>El canciller mexicano destac\u00f3 adem\u00e1s que la que cooperaci\u00f3n migratoria con Estados Unidos tiene lugar porque a su pa\u00eds le conviene. \u00abSer\u00eda inaceptable condicionar la renegociaci\u00f3n del TLCAN a acciones migratorias fuera de este marco de cooperaci\u00f3n\u00bb, a\u00f1adi\u00f3.<\/p>\n<p>Trump ha amenazado reiteradamente con sacar a Estados Unidos del Nafta, que est\u00e1 en vigor desde 1994 y que \u00e9l califica como el peor acuerdo firmado nunca por Estados Unidos, asegurando que ha beneficiado a M\u00e9xico y a Canad\u00e1 pero perjudicado a su pa\u00eds.<\/p>\n<p>En noviembre, Videgaray advirti\u00f3 al mandatario estadounidense de que la decisi\u00f3n que tome sobre el tratado tendr\u00e1 un impacto en la cooperaci\u00f3n de su pa\u00eds en temas de seguridad y migraci\u00f3n.<\/p>\n<p>En un tuit escrito apenas diez minutos antes de su advertencia sobre Nafta, Trump asegur\u00f3 que ha dado orden a la secretaria de Seguridad Nacional, Kirstjen Nielsen, de \u00abfrenar las grandes caravanas de gente\u00bb que entran en Estados Unidos.<\/p>\n<p>Unos 1.500 inmigrantes centroamericanos que cruzaban M\u00e9xico hacia Estados Unidos desataron a principios de mes la ira de Trump, quien a trav\u00e9s de incendiarios tuits exigi\u00f3 al Gobierno de Pe\u00f1a Nieto que la frenara.<\/p>\n<p>Esa caravana, que lleva por nombre \u00abviacrucis migrante\u00bb, se realiza anualmente desde 2008 para visibilizar las dificultades que enfrentan los inmigrantes que cruzan M\u00e9xico con el objetivo, en la mayor\u00eda de los casos, de entrar en Estados Unidos.<\/p>\n<p>\u00abEl presidente continua monitoreando la situaci\u00f3n\u00bb, dijo hoy la portavoz de la Casa Blanca, Sarah Sanders, al ser preguntada en rueda de prensa sobre ese tuit. \u00abQuien llegue a Estados Unidos ilegalmente, d\u00e9jenme ser clara, est\u00e1 violando la ley\u00bb, a\u00f1adi\u00f3.<\/p>\n<p>La mayor parte de la caravana se disolvi\u00f3, aunque hubo inmigrantes que continuaron hacia el norte con la intenci\u00f3n de pedir asilo en Estados Unidos. Medios estadounidenses informaron el viernes de que en torno a medio centenar hab\u00eda llegado ya a la frontera en Tijuana.<\/p>\n<p>La secretaria de Seguridad Nacional asegur\u00f3 hoy que su Departamento contin\u00faa monitoreando \u00ablos remanentes\u00bb de la caravana.<\/p>\n<p>\u00abSi miembros de la &#8216;caravana&#8217; entran en el pa\u00eds ilegalmente, ser\u00e1n perseguidos legalmente por entrada ilegal de acuerdo con la ley vigente\u00bb, manifest\u00f3 Nielsen, quien advirti\u00f3 de que los que buscan asilo podr\u00e1n ser detenidos mientras se estudia su caso y expulsados de inmediato si se determina que no existe base para conced\u00e9rselo.<\/p>\n","protected":false},"excerpt":{"rendered":"<p>Washington, 23 abr (dpa) &#8211; El presidente de Estados Unidos, Donald Trump, amenaz\u00f3 hoy con condicionar un acuerdo en la renegociaci\u00f3n del Nafta, el tratado de libre comercio de Am\u00e9rica del Norte, a que M\u00e9xico frene los flujos migratorios ilegales hacia Estados Unidos. No es la primera vez que el mandatario republicano expresa su af\u00e1n [&hellip;]<\/p>\n","protected":false},"author":1,"featured_media":971766,"comment_status":"closed","ping_status":"closed","sticky":false,"template":"","format":"standard","meta":{"footnotes":""},"categories":[1],"tags":[],"class_list":["post-977207","post","type-post","status-publish","format-standard","has-post-thumbnail","hentry","category-actualidad"],"aioseo_notices":[],"aioseo_head":"\n\t\t<!-- All in One SEO Pro 5.0.1 - aioseo.com -->\n\t<meta name=\"description\" content=\"Washington, 23 abr (dpa) - El presidente de Estados Unidos, Donald Trump, amenaz\u00f3 hoy con condicionar un acuerdo en la renegociaci\u00f3n del Nafta, el tratado de libre comercio de Am\u00e9rica del Norte, a que M\u00e9xico frene los flujos migratorios ilegales hacia Estados Unidos. No es la primera vez que el mandatario republicano expresa su af\u00e1n\" \/>\n\t<meta name=\"robots\" content=\"max-image-preview:large\" \/>\n\t<meta name=\"author\" content=\"El Digital de Asturias\"\/>\n\t<meta name=\"google-site-verification\" content=\"UA-38556648-1\" \/>\n\t<meta name=\"msvalidate.01\" content=\"7dfe9f3f1b24437ab69f4f2559babe99\" \/>\n\t<meta name=\"keywords\" content=\"actualidad\" \/>\n\t<link rel=\"canonical\" href=\"https:\/\/www.eldigitaldeasturias.com\/noticias\/migracion-y-nafta-el-dia-de-trump-en-las-redes\/\" \/>\n\t<meta name=\"generator\" content=\"All in One SEO Pro (AIOSEO) 5.0.1\" \/>\n\t\t<meta property=\"og:locale\" content=\"es_ES\" \/>\n\t\t<meta property=\"og:site_name\" content=\"El Digital de Asturias\" \/>\n\t\t<meta property=\"og:type\" content=\"article\" \/>\n\t\t<meta property=\"og:title\" content=\"Migraci\u00f3n y Nafta: El d\u00eda de Trump en las redes - El Digital de Asturias\" \/>\n\t\t<meta property=\"og:description\" content=\"Washington, 23 abr (dpa) - El presidente de Estados Unidos, Donald Trump, amenaz\u00f3 hoy con condicionar un acuerdo en la renegociaci\u00f3n del Nafta, el tratado de libre comercio de Am\u00e9rica del Norte, a que M\u00e9xico frene los flujos migratorios ilegales hacia Estados Unidos. No es la primera vez que el mandatario republicano expresa su af\u00e1n\" \/>\n\t\t<meta property=\"og:url\" content=\"https:\/\/www.eldigitaldeasturias.com\/noticias\/migracion-y-nafta-el-dia-de-trump-en-las-redes\/\" \/>\n\t\t<meta property=\"article:tag\" content=\"actualidad\" \/>\n\t\t<meta property=\"article:published_time\" content=\"2018-04-23T23:36:17+00:00\" \/>\n\t\t<meta property=\"article:modified_time\" content=\"2018-04-23T23:36:17+00:00\" \/>\n\t\t<meta property=\"article:publisher\" content=\"https:\/\/facebook.com\/eldigitaldeasturias\" \/>\n\t\t<meta name=\"twitter:card\" content=\"summary_large_image\" \/>\n\t\t<meta name=\"twitter:title\" content=\"Migraci\u00f3n y Nafta: El d\u00eda de Trump en las redes - El Digital de Asturias\" \/>\n\t\t<meta name=\"twitter:description\" content=\"Washington, 23 abr (dpa) - El presidente de Estados Unidos, Donald Trump, amenaz\u00f3 hoy con condicionar un acuerdo en la renegociaci\u00f3n del Nafta, el tratado de libre comercio de Am\u00e9rica del Norte, a que M\u00e9xico frene los flujos migratorios ilegales hacia Estados Unidos. No es la primera vez que el mandatario republicano expresa su af\u00e1n\" \/>\n\t\t<meta name=\"twitter:image\" content=\"https:\/\/www.eldigitaldeasturias.com\/noticias\/wp-content\/uploads\/2020\/12\/EDA-1.jpg\" \/>\n\t\t<meta name=\"twitter:label1\" content=\"Escrito por\" \/>\n\t\t<meta name=\"twitter:data1\" content=\"El Digital de Asturias\" \/>\n\t\t<meta name=\"twitter:label2\" content=\"Tiempo de lectura estimado\" \/>\n\t\t<meta name=\"twitter:data2\" content=\"3 minutos\" \/>\n\t\t<script type=\"application\/ld+json\" class=\"aioseo-schema\">\n\t\t\t{\"@context\":\"https:\\\/\\\/schema.org\",\"@graph\":[{\"@type\":\"BlogPosting\",\"@id\":\"https:\\\/\\\/www.eldigitaldeasturias.com\\\/noticias\\\/migracion-y-nafta-el-dia-de-trump-en-las-redes\\\/#blogposting\",\"name\":\"Migraci\\u00f3n y Nafta: El d\\u00eda de Trump en las redes - El Digital de Asturias\",\"headline\":\"Migraci\\u00f3n y Nafta: El d\\u00eda de Trump en las redes\",\"author\":{\"@id\":\"https:\\\/\\\/www.eldigitaldeasturias.com\\\/noticias\\\/author\\\/admin\\\/#author\"},\"publisher\":{\"@id\":\"https:\\\/\\\/www.eldigitaldeasturias.com\\\/noticias\\\/#organization\"},\"image\":{\"@type\":\"ImageObject\",\"url\":971766},\"datePublished\":\"2018-04-23T23:36:17+02:00\",\"dateModified\":\"2018-04-23T23:36:17+02:00\",\"inLanguage\":\"es-ES\",\"mainEntityOfPage\":{\"@id\":\"https:\\\/\\\/www.eldigitaldeasturias.com\\\/noticias\\\/migracion-y-nafta-el-dia-de-trump-en-las-redes\\\/#webpage\"},\"isPartOf\":{\"@id\":\"https:\\\/\\\/www.eldigitaldeasturias.com\\\/noticias\\\/migracion-y-nafta-el-dia-de-trump-en-las-redes\\\/#webpage\"},\"articleSection\":\"Actualidad\"},{\"@type\":\"BreadcrumbList\",\"@id\":\"https:\\\/\\\/www.eldigitaldeasturias.com\\\/noticias\\\/migracion-y-nafta-el-dia-de-trump-en-las-redes\\\/#breadcrumblist\",\"itemListElement\":[{\"@type\":\"ListItem\",\"@id\":\"https:\\\/\\\/www.eldigitaldeasturias.com\\\/noticias#listItem\",\"position\":1,\"name\":\"Home\",\"item\":\"https:\\\/\\\/www.eldigitaldeasturias.com\\\/noticias\",\"nextItem\":{\"@type\":\"ListItem\",\"@id\":\"https:\\\/\\\/www.eldigitaldeasturias.com\\\/noticias\\\/category\\\/actualidad\\\/#listItem\",\"name\":\"Actualidad\"}},{\"@type\":\"ListItem\",\"@id\":\"https:\\\/\\\/www.eldigitaldeasturias.com\\\/noticias\\\/category\\\/actualidad\\\/#listItem\",\"position\":2,\"name\":\"Actualidad\",\"item\":\"https:\\\/\\\/www.eldigitaldeasturias.com\\\/noticias\\\/category\\\/actualidad\\\/\",\"nextItem\":{\"@type\":\"ListItem\",\"@id\":\"https:\\\/\\\/www.eldigitaldeasturias.com\\\/noticias\\\/migracion-y-nafta-el-dia-de-trump-en-las-redes\\\/#listItem\",\"name\":\"Migraci\\u00f3n y Nafta: El d\\u00eda de Trump en las redes\"},\"previousItem\":{\"@type\":\"ListItem\",\"@id\":\"https:\\\/\\\/www.eldigitaldeasturias.com\\\/noticias#listItem\",\"name\":\"Home\"}},{\"@type\":\"ListItem\",\"@id\":\"https:\\\/\\\/www.eldigitaldeasturias.com\\\/noticias\\\/migracion-y-nafta-el-dia-de-trump-en-las-redes\\\/#listItem\",\"position\":3,\"name\":\"Migraci\\u00f3n y Nafta: El d\\u00eda de Trump en las redes\",\"previousItem\":{\"@type\":\"ListItem\",\"@id\":\"https:\\\/\\\/www.eldigitaldeasturias.com\\\/noticias\\\/category\\\/actualidad\\\/#listItem\",\"name\":\"Actualidad\"}}]},{\"@type\":\"Organization\",\"@id\":\"https:\\\/\\\/www.eldigitaldeasturias.com\\\/noticias\\\/#organization\",\"name\":\"El Digital de Asturias\",\"description\":\"Hemeroteca\",\"url\":\"https:\\\/\\\/www.eldigitaldeasturias.com\\\/noticias\\\/\",\"email\":\"info@eldigitaldeasturias.com\",\"telephone\":\"+34652131393\",\"logo\":{\"@type\":\"ImageObject\",\"url\":\"https:\\\/\\\/www.eldigitaldeasturias.com\\\/noticias\\\/wp-content\\\/uploads\\\/2020\\\/12\\\/EDA.jpg\",\"@id\":\"https:\\\/\\\/www.eldigitaldeasturias.com\\\/noticias\\\/migracion-y-nafta-el-dia-de-trump-en-las-redes\\\/#organizationLogo\"},\"image\":{\"@id\":\"https:\\\/\\\/www.eldigitaldeasturias.com\\\/noticias\\\/migracion-y-nafta-el-dia-de-trump-en-las-redes\\\/#organizationLogo\"},\"sameAs\":[\"https:\\\/\\\/facebook.com\\\/eldigitaldeasturias\",\"https:\\\/\\\/www.youtube.com\\\/channel\\\/UCZP-2wLEB9Rv6erhFmqVnvg\"],\"address\":{\"@id\":\"https:\\\/\\\/www.eldigitaldeasturias.com\\\/noticias\\\/#postaladdress\",\"@type\":\"PostalAddress\",\"streetAddress\":\"san antonio 4\",\"postalCode\":\"33430\",\"addressLocality\":\"Cand\\u00e1s\",\"addressRegion\":\"Asturias\",\"addressCountry\":\"ES\"}},{\"@type\":\"Person\",\"@id\":\"https:\\\/\\\/www.eldigitaldeasturias.com\\\/noticias\\\/author\\\/admin\\\/#author\",\"url\":\"https:\\\/\\\/www.eldigitaldeasturias.com\\\/noticias\\\/author\\\/admin\\\/\",\"name\":\"El Digital de Asturias\",\"image\":{\"@type\":\"ImageObject\",\"@id\":\"https:\\\/\\\/www.eldigitaldeasturias.com\\\/noticias\\\/migracion-y-nafta-el-dia-de-trump-en-las-redes\\\/#authorImage\",\"url\":\"https:\\\/\\\/secure.gravatar.com\\\/avatar\\\/df2aeffc32bcd13f8d26072ef8a91b623d677766deac7f97ca815868cd41bf5e?s=96&d=mm&r=g\",\"width\":96,\"height\":96,\"caption\":\"El Digital de Asturias\"}},{\"@type\":\"WebPage\",\"@id\":\"https:\\\/\\\/www.eldigitaldeasturias.com\\\/noticias\\\/migracion-y-nafta-el-dia-de-trump-en-las-redes\\\/#webpage\",\"url\":\"https:\\\/\\\/www.eldigitaldeasturias.com\\\/noticias\\\/migracion-y-nafta-el-dia-de-trump-en-las-redes\\\/\",\"name\":\"Migraci\\u00f3n y Nafta: El d\\u00eda de Trump en las redes - El Digital de Asturias\",\"description\":\"Washington, 23 abr (dpa) - El presidente de Estados Unidos, Donald Trump, amenaz\\u00f3 hoy con condicionar un acuerdo en la renegociaci\\u00f3n del Nafta, el tratado de libre comercio de Am\\u00e9rica del Norte, a que M\\u00e9xico frene los flujos migratorios ilegales hacia Estados Unidos. No es la primera vez que el mandatario republicano expresa su af\\u00e1n\",\"inLanguage\":\"es-ES\",\"isPartOf\":{\"@id\":\"https:\\\/\\\/www.eldigitaldeasturias.com\\\/noticias\\\/#website\"},\"breadcrumb\":{\"@id\":\"https:\\\/\\\/www.eldigitaldeasturias.com\\\/noticias\\\/migracion-y-nafta-el-dia-de-trump-en-las-redes\\\/#breadcrumblist\"},\"author\":{\"@id\":\"https:\\\/\\\/www.eldigitaldeasturias.com\\\/noticias\\\/author\\\/admin\\\/#author\"},\"creator\":{\"@id\":\"https:\\\/\\\/www.eldigitaldeasturias.com\\\/noticias\\\/author\\\/admin\\\/#author\"},\"image\":{\"@type\":\"ImageObject\",\"url\":971766,\"@id\":\"https:\\\/\\\/www.eldigitaldeasturias.com\\\/noticias\\\/migracion-y-nafta-el-dia-de-trump-en-las-redes\\\/#mainImage\"},\"primaryImageOfPage\":{\"@id\":\"https:\\\/\\\/www.eldigitaldeasturias.com\\\/noticias\\\/migracion-y-nafta-el-dia-de-trump-en-las-redes\\\/#mainImage\"},\"datePublished\":\"2018-04-23T23:36:17+02:00\",\"dateModified\":\"2018-04-23T23:36:17+02:00\"},{\"@type\":\"WebSite\",\"@id\":\"https:\\\/\\\/www.eldigitaldeasturias.com\\\/noticias\\\/#website\",\"url\":\"https:\\\/\\\/www.eldigitaldeasturias.com\\\/noticias\\\/\",\"name\":\"El Digital de Asturias - Diario de actualidad y noticias\",\"alternateName\":\"El Digital de Asturias - Diario de actualidad y noticias\",\"description\":\"Hemeroteca\",\"inLanguage\":\"es-ES\",\"publisher\":{\"@id\":\"https:\\\/\\\/www.eldigitaldeasturias.com\\\/noticias\\\/#organization\"}}]}\n\t\t<\/script>\n\t\t<!-- All in One SEO Pro -->\r\n\t\t<title>Migraci\u00f3n y Nafta: El d\u00eda de Trump en las redes - El Digital de Asturias<\/title>\n\n","aioseo_head_json":{"title":"Migraci\u00f3n y Nafta: El d\u00eda de Trump en las redes - El Digital de Asturias","description":"Washington, 23 abr (dpa) - El presidente de Estados Unidos, Donald Trump, amenaz\u00f3 hoy con condicionar un acuerdo en la renegociaci\u00f3n del Nafta, el tratado de libre comercio de Am\u00e9rica del Norte, a que M\u00e9xico frene los flujos migratorios ilegales hacia Estados Unidos. No es la primera vez que el mandatario republicano expresa su af\u00e1n","canonical_url":"https:\/\/www.eldigitaldeasturias.com\/noticias\/migracion-y-nafta-el-dia-de-trump-en-las-redes\/","robots":"max-image-preview:large","keywords":"actualidad","webmasterTools":{"google-site-verification":"UA-38556648-1","msvalidate.01":"7dfe9f3f1b24437ab69f4f2559babe99","miscellaneous":""},"schema":{"@context":"https:\/\/schema.org","@graph":[{"@type":"BlogPosting","@id":"https:\/\/www.eldigitaldeasturias.com\/noticias\/migracion-y-nafta-el-dia-de-trump-en-las-redes\/#blogposting","name":"Migraci\u00f3n y Nafta: El d\u00eda de Trump en las redes - El Digital de Asturias","headline":"Migraci\u00f3n y Nafta: El d\u00eda de Trump en las redes","author":{"@id":"https:\/\/www.eldigitaldeasturias.com\/noticias\/author\/admin\/#author"},"publisher":{"@id":"https:\/\/www.eldigitaldeasturias.com\/noticias\/#organization"},"image":{"@type":"ImageObject","url":971766},"datePublished":"2018-04-23T23:36:17+02:00","dateModified":"2018-04-23T23:36:17+02:00","inLanguage":"es-ES","mainEntityOfPage":{"@id":"https:\/\/www.eldigitaldeasturias.com\/noticias\/migracion-y-nafta-el-dia-de-trump-en-las-redes\/#webpage"},"isPartOf":{"@id":"https:\/\/www.eldigitaldeasturias.com\/noticias\/migracion-y-nafta-el-dia-de-trump-en-las-redes\/#webpage"},"articleSection":"Actualidad"},{"@type":"BreadcrumbList","@id":"https:\/\/www.eldigitaldeasturias.com\/noticias\/migracion-y-nafta-el-dia-de-trump-en-las-redes\/#breadcrumblist","itemListElement":[{"@type":"ListItem","@id":"https:\/\/www.eldigitaldeasturias.com\/noticias#listItem","position":1,"name":"Home","item":"https:\/\/www.eldigitaldeasturias.com\/noticias","nextItem":{"@type":"ListItem","@id":"https:\/\/www.eldigitaldeasturias.com\/noticias\/category\/actualidad\/#listItem","name":"Actualidad"}},{"@type":"ListItem","@id":"https:\/\/www.eldigitaldeasturias.com\/noticias\/category\/actualidad\/#listItem","position":2,"name":"Actualidad","item":"https:\/\/www.eldigitaldeasturias.com\/noticias\/category\/actualidad\/","nextItem":{"@type":"ListItem","@id":"https:\/\/www.eldigitaldeasturias.com\/noticias\/migracion-y-nafta-el-dia-de-trump-en-las-redes\/#listItem","name":"Migraci\u00f3n y Nafta: El d\u00eda de Trump en las redes"},"previousItem":{"@type":"ListItem","@id":"https:\/\/www.eldigitaldeasturias.com\/noticias#listItem","name":"Home"}},{"@type":"ListItem","@id":"https:\/\/www.eldigitaldeasturias.com\/noticias\/migracion-y-nafta-el-dia-de-trump-en-las-redes\/#listItem","position":3,"name":"Migraci\u00f3n y Nafta: El d\u00eda de Trump en las redes","previousItem":{"@type":"ListItem","@id":"https:\/\/www.eldigitaldeasturias.com\/noticias\/category\/actualidad\/#listItem","name":"Actualidad"}}]},{"@type":"Organization","@id":"https:\/\/www.eldigitaldeasturias.com\/noticias\/#organization","name":"El Digital de Asturias","description":"Hemeroteca","url":"https:\/\/www.eldigitaldeasturias.com\/noticias\/","email":"info@eldigitaldeasturias.com","telephone":"+34652131393","logo":{"@type":"ImageObject","url":"https:\/\/www.eldigitaldeasturias.com\/noticias\/wp-content\/uploads\/2020\/12\/EDA.jpg","@id":"https:\/\/www.eldigitaldeasturias.com\/noticias\/migracion-y-nafta-el-dia-de-trump-en-las-redes\/#organizationLogo"},"image":{"@id":"https:\/\/www.eldigitaldeasturias.com\/noticias\/migracion-y-nafta-el-dia-de-trump-en-las-redes\/#organizationLogo"},"sameAs":["https:\/\/facebook.com\/eldigitaldeasturias","https:\/\/www.youtube.com\/channel\/UCZP-2wLEB9Rv6erhFmqVnvg"],"address":{"@id":"https:\/\/www.eldigitaldeasturias.com\/noticias\/#postaladdress","@type":"PostalAddress","streetAddress":"san antonio 4","postalCode":"33430","addressLocality":"Cand\u00e1s","addressRegion":"Asturias","addressCountry":"ES"}},{"@type":"Person","@id":"https:\/\/www.eldigitaldeasturias.com\/noticias\/author\/admin\/#author","url":"https:\/\/www.eldigitaldeasturias.com\/noticias\/author\/admin\/","name":"El Digital de Asturias","image":{"@type":"ImageObject","@id":"https:\/\/www.eldigitaldeasturias.com\/noticias\/migracion-y-nafta-el-dia-de-trump-en-las-redes\/#authorImage","url":"https:\/\/secure.gravatar.com\/avatar\/df2aeffc32bcd13f8d26072ef8a91b623d677766deac7f97ca815868cd41bf5e?s=96&d=mm&r=g","width":96,"height":96,"caption":"El Digital de Asturias"}},{"@type":"WebPage","@id":"https:\/\/www.eldigitaldeasturias.com\/noticias\/migracion-y-nafta-el-dia-de-trump-en-las-redes\/#webpage","url":"https:\/\/www.eldigitaldeasturias.com\/noticias\/migracion-y-nafta-el-dia-de-trump-en-las-redes\/","name":"Migraci\u00f3n y Nafta: El d\u00eda de Trump en las redes - El Digital de Asturias","description":"Washington, 23 abr (dpa) - El presidente de Estados Unidos, Donald Trump, amenaz\u00f3 hoy con condicionar un acuerdo en la renegociaci\u00f3n del Nafta, el tratado de libre comercio de Am\u00e9rica del Norte, a que M\u00e9xico frene los flujos migratorios ilegales hacia Estados Unidos. No es la primera vez que el mandatario republicano expresa su af\u00e1n","inLanguage":"es-ES","isPartOf":{"@id":"https:\/\/www.eldigitaldeasturias.com\/noticias\/#website"},"breadcrumb":{"@id":"https:\/\/www.eldigitaldeasturias.com\/noticias\/migracion-y-nafta-el-dia-de-trump-en-las-redes\/#breadcrumblist"},"author":{"@id":"https:\/\/www.eldigitaldeasturias.com\/noticias\/author\/admin\/#author"},"creator":{"@id":"https:\/\/www.eldigitaldeasturias.com\/noticias\/author\/admin\/#author"},"image":{"@type":"ImageObject","url":971766,"@id":"https:\/\/www.eldigitaldeasturias.com\/noticias\/migracion-y-nafta-el-dia-de-trump-en-las-redes\/#mainImage"},"primaryImageOfPage":{"@id":"https:\/\/www.eldigitaldeasturias.com\/noticias\/migracion-y-nafta-el-dia-de-trump-en-las-redes\/#mainImage"},"datePublished":"2018-04-23T23:36:17+02:00","dateModified":"2018-04-23T23:36:17+02:00"},{"@type":"WebSite","@id":"https:\/\/www.eldigitaldeasturias.com\/noticias\/#website","url":"https:\/\/www.eldigitaldeasturias.com\/noticias\/","name":"El Digital de Asturias - Diario de actualidad y noticias","alternateName":"El Digital de Asturias - Diario de actualidad y noticias","description":"Hemeroteca","inLanguage":"es-ES","publisher":{"@id":"https:\/\/www.eldigitaldeasturias.com\/noticias\/#organization"}}]},"og:locale":"es_ES","og:site_name":"El Digital de Asturias","og:type":"article","og:title":"Migraci\u00f3n y Nafta: El d\u00eda de Trump en las redes - El Digital de Asturias","og:description":"Washington, 23 abr (dpa) - El presidente de Estados Unidos, Donald Trump, amenaz\u00f3 hoy con condicionar un acuerdo en la renegociaci\u00f3n del Nafta, el tratado de libre comercio de Am\u00e9rica del Norte, a que M\u00e9xico frene los flujos migratorios ilegales hacia Estados Unidos. No es la primera vez que el mandatario republicano expresa su af\u00e1n","og:url":"https:\/\/www.eldigitaldeasturias.com\/noticias\/migracion-y-nafta-el-dia-de-trump-en-las-redes\/","article:tag":["actualidad"],"article:published_time":"2018-04-23T23:36:17+00:00","article:modified_time":"2018-04-23T23:36:17+00:00","article:publisher":"https:\/\/facebook.com\/eldigitaldeasturias","twitter:card":"summary_large_image","twitter:title":"Migraci\u00f3n y Nafta: El d\u00eda de Trump en las redes - El Digital de Asturias","twitter:description":"Washington, 23 abr (dpa) - El presidente de Estados Unidos, Donald Trump, amenaz\u00f3 hoy con condicionar un acuerdo en la renegociaci\u00f3n del Nafta, el tratado de libre comercio de Am\u00e9rica del Norte, a que M\u00e9xico frene los flujos migratorios ilegales hacia Estados Unidos. No es la primera vez que el mandatario republicano expresa su af\u00e1n","twitter:image":"https:\/\/www.eldigitaldeasturias.com\/noticias\/wp-content\/uploads\/2020\/12\/EDA-1.jpg","twitter:label1":"Escrito por","twitter:data1":"El Digital de Asturias","twitter:label2":"Tiempo de lectura estimado","twitter:data2":"3 minutos"},"aioseo_meta_data":{"post_id":"977207","title":null,"description":null,"keywords":null,"keyphrases":null,"primary_term":null,"canonical_url":null,"og_title":null,"og_description":null,"og_object_type":"default","og_image_type":"default","og_image_url":null,"og_image_width":null,"og_image_height":null,"og_image_custom_url":null,"og_image_custom_fields":null,"og_video":null,"og_custom_url":null,"og_article_section":null,"og_article_tags":null,"twitter_use_og":false,"twitter_card":"default","twitter_image_type":"default","twitter_image_url":null,"twitter_image_custom_url":null,"twitter_image_custom_fields":null,"twitter_title":null,"twitter_description":null,"schema":{"blockGraphs":[],"customGraphs":[],"default":{"data":{"Article":[],"Course":[],"Dataset":[],"FAQPage":[],"Movie":[],"Person":[],"Product":[],"ProductReview":[],"Car":[],"Recipe":[],"Service":[],"SoftwareApplication":[],"WebPage":[]},"graphName":"","isEnabled":true},"graphs":[],"defaultGraph":"","defaultPostTypeGraph":""},"schema_type":null,"schema_type_options":null,"pillar_content":false,"robots_default":true,"robots_noindex":false,"robots_noarchive":false,"robots_nosnippet":false,"robots_nofollow":false,"robots_noimageindex":false,"robots_noodp":false,"robots_notranslate":false,"robots_max_snippet":null,"robots_max_videopreview":null,"robots_max_imagepreview":"large","priority":null,"frequency":null,"local_seo":null,"seo_analyzer_scan_date":"2025-10-08 06:36:01","breadcrumb_settings":null,"limit_modified_date":false,"open_ai":null,"ai":null,"created":"2020-12-21 12:05:38","updated":"2025-10-08 06:36:01","focus_keyword":null,"additional_keywords":null,"truseo_locale":null},"aioseo_breadcrumb":"<div class=\"aioseo-breadcrumbs\"><span class=\"aioseo-breadcrumb\">\n\t<a href=\"https:\/\/www.eldigitaldeasturias.com\/noticias\" title=\"Home\">Home<\/a>\n<\/span><span class=\"aioseo-breadcrumb-separator\">\u2013<\/span><span class=\"aioseo-breadcrumb\">\n\t<a href=\"https:\/\/www.eldigitaldeasturias.com\/noticias\/category\/actualidad\/\" title=\"Actualidad\">Actualidad<\/a>\n<\/span><span class=\"aioseo-breadcrumb-separator\">\u2013<\/span><span class=\"aioseo-breadcrumb\">\n\t<a href=\"https:\/\/www.eldigitaldeasturias.com\/noticias\/migracion-y-nafta-el-dia-de-trump-en-las-redes\/\" title=\"Migraci\u00f3n y Nafta: El d\u00eda de Trump en las redes\">Migraci\u00f3n y Nafta: El d\u00eda de Trump en las redes<\/a>\n<\/span><\/div>","aioseo_breadcrumb_json":[{"label":"Home","link":"https:\/\/www.eldigitaldeasturias.com\/noticias"},{"label":"Actualidad","link":"https:\/\/www.eldigitaldeasturias.com\/noticias\/category\/actualidad\/"},{"label":"Migraci\u00f3n y Nafta: El d\u00eda de Trump en las redes","link":"https:\/\/www.eldigitaldeasturias.com\/noticias\/migracion-y-nafta-el-dia-de-trump-en-las-redes\/"}],"_links":{"self":[{"href":"https:\/\/www.eldigitaldeasturias.com\/noticias\/wp-json\/wp\/v2\/posts\/977207","targetHints":{"allow":["GET"]}}],"collection":[{"href":"https:\/\/www.eldigitaldeasturias.com\/noticias\/wp-json\/wp\/v2\/posts"}],"about":[{"href":"https:\/\/www.eldigitaldeasturias.com\/noticias\/wp-json\/wp\/v2\/types\/post"}],"author":[{"embeddable":true,"href":"https:\/\/www.eldigitaldeasturias.com\/noticias\/wp-json\/wp\/v2\/users\/1"}],"replies":[{"embeddable":true,"href":"https:\/\/www.eldigitaldeasturias.com\/noticias\/wp-json\/wp\/v2\/comments?post=977207"}],"version-history":[{"count":0,"href":"https:\/\/www.eldigitaldeasturias.com\/noticias\/wp-json\/wp\/v2\/posts\/977207\/revisions"}],"wp:attachment":[{"href":"https:\/\/www.eldigitaldeasturias.com\/noticias\/wp-json\/wp\/v2\/media?parent=977207"}],"wp:term":[{"taxonomy":"category","embeddable":true,"href":"https:\/\/www.eldigitaldeasturias.com\/noticias\/wp-json\/wp\/v2\/categories?post=977207"},{"taxonomy":"post_tag","embeddable":true,"href":"https:\/\/www.eldigitaldeasturias.com\/noticias\/wp-json\/wp\/v2\/tags?post=977207"}],"curies":[{"name":"wp","href":"https:\/\/api.w.org\/{rel}","templated":true}]}}