{"id":977180,"date":"2018-04-23T22:21:49","date_gmt":"2018-04-23T22:21:49","guid":{"rendered":"http:\/\/www.eldigitaldeasturias.com\/noticias\/?p=977180"},"modified":"2018-04-23T22:21:49","modified_gmt":"2018-04-23T22:21:49","slug":"los-reyes-de-espana-entregan-el-premio-cervantes-2017-a-sergio-ramirez","status":"publish","type":"post","link":"https:\/\/www.eldigitaldeasturias.com\/noticias\/los-reyes-de-espana-entregan-el-premio-cervantes-2017-a-sergio-ramirez\/","title":{"rendered":"Los Reyes de Espa\u00f1a entregan el Premio Cervantes 2017 a Sergio Ram\u00edrez"},"content":{"rendered":"<p><img loading=\"lazy\" decoding=\"async\" class=\"alignleft size-medium wp-image-977181\" src=\"https:\/\/www.eldigitaldeasturias.com\/noticias\/wp-content\/uploads\/2018\/04\/230418PremioCervantes2017-360x239.jpg\" alt=\"\" width=\"360\" height=\"239\" \/>Sus Majestades los Reyes de Espa\u00f1a han entregado el Premio de Literatura en Lengua Castellana Miguel de Cervantes 2017 al escritor nicarag\u00fcense Sergio Ram\u00edrez. Al acto, que se ha celebrado en el Paraninfo de la Universidad de Alcal\u00e1, han asistido el presidente del Gobierno, Mariano Rajoy; el ministro de Educaci\u00f3n, Cultura y Deporte, \u00cd\u00f1igo M\u00e9ndez de Vigo; el secretario de Estado de Cultura, Fernando Benzo, y numerosas personalidades de la pol\u00edtica y la cultura.<\/p>\n<p>\u200bEl Ministerio de Educaci\u00f3n, Cultura y Deporte concede el Premio Miguel de Cervantes, dotado con 125.000 euros, a los escritores que contribuyen con obras de notable calidad a enriquecer el legado literario hisp\u00e1nico.<\/p>\n<p>Se otorg\u00f3 por primera vez en 1976 a Jorge Guill\u00e9n y desde entonces han sido 42 los autores galardonados. En 1979 el Premio se concedi\u00f3 ex aequo a Jorge Luis Borges y Gerardo Diego. Desde entonces, la orden de convocatoria contempla que el Premio no puede ser dividido, declarado desierto o concedido a t\u00edtulo p\u00f3stumo.<\/p>\n<p><strong>Jurado<\/strong><\/p>\n<p>El jurado que otorg\u00f3 el Premio Cervantes a Sergio Ram\u00edrez el pasado 16 de noviembre estuvo compuesto por Dar\u00edo Villanueva, representante de la Real Academia Espa\u00f1ola; Eduardo Mendoza, autor galardonado en 2016; designada por la Academia Nacional de Letras de Uruguay, Beatriz Vegh; por la Conferencia de Rectores de las Universidades Espa\u00f1olas (CRUE), Carmen Ruiz; por la Uni\u00f3n de Universidades de Am\u00e9rica Latina (UDUAL), Diego Valad\u00e9s; por el director del Instituto Cervantes, Esperanza L\u00f3pez Parada; por el ministro de Educaci\u00f3n, Cultura y Deporte, Antonio Pau; por la Federaci\u00f3n de Asociaciones de Periodistas de Espa\u00f1a (FAPE), M\u00aa del Carmen P\u00e9rez de Armi\u00f1\u00e1n, por la Federaci\u00f3n Latinoamericana de Periodistas (FELAP), Ileana Alamilla; y por la Asociaci\u00f3n Internacional de Hispanistas, Mar\u00eda Augusta da Costa.<\/p>\n<p>\u00d3scar S\u00e1enz de Santa Mar\u00eda, director general de Industrias Culturales y del Libro, actu\u00f3 como secretario (con voz pero sin voto); y como secretario de actas (tambi\u00e9n con voz pero sin voto) Javier Pascual, subdirector general del Libro, la Lectura y las Letras Espa\u00f1olas.<\/p>\n<p><strong>Biograf\u00eda<\/strong><\/p>\n<p>Sergio Ram\u00edrez Mercado (Masatepe, Nicaragua, 1942) es doctor en Derecho por la Universidad Nacional Aut\u00f3noma de Nicaragua. Dirige la revista electr\u00f3nica Car\u00e1tula y publica en el blog literario Boomerang del diario El Pa\u00eds. Sus art\u00edculos de prensa se publican en diarios y revistas de veinte pa\u00edses.<\/p>\n<p>Fund\u00f3 la Editorial Universitaria Centroamericana (EDUCA) y la revista Ventana en 1960, y encabez\u00f3 con Fernando Gordillo el movimiento literario del mismo nombre. En 1977 encabez\u00f3 el Grupo de los Doce, formado por intelectuales, empresarios, sacerdotes y dirigentes civiles, en lucha contra el r\u00e9gimen de Somoza. Tras el triunfo electoral del Frente Sandinista, fue elegido vicepresidente de Nicaragua. Desde el gobierno presidi\u00f3 el Consejo Nacional de Educaci\u00f3n y fund\u00f3 la editorial Nueva Nicaragua. Despu\u00e9s de 1996 decidi\u00f3 abandonar la pol\u00edtica para volver a escribir.<\/p>\n<p>Ram\u00edrez cultiva una pluralidad de g\u00e9neros, alternando los cuentos, con las novelas, el ensayo y los art\u00edculos period\u00edsticos. Entre sus cuentos destacan, entre muchos, &#8216;El reino animal&#8217;, &#8216;Perd\u00f3n y olvido&#8217;, &#8216;Catalina y Catalina&#8217;, &#8216;Flores oscuras&#8217; o &#8216;La viuda Carlota y otros cuentos&#8217;; y entre las novelas, &#8216;Margarita, est\u00e1 linda la mar&#8217;, &#8216;Sombras nada m\u00e1s&#8217;, &#8216;Mil y una muertes&#8217;, &#8216;La fugitiva&#8217; o &#8216;Sara&#8217;.<\/p>\n<p>Algunos de sus t\u00edtulos ensay\u00edsticos son &#8216;Oficios compartidos&#8217;, &#8216;Tambor olvidado&#8217; o &#8216;La manzana de oro&#8217;. Ha escrito tambi\u00e9n varios t\u00edtulos de tem\u00e1tica gastron\u00f3mica como &#8216;Lo que sabe el paladar: diccionario de los alimentos de Nicaragua&#8217; o &#8216;A la mesa con Rub\u00e9n Dar\u00edo&#8217;.<\/p>\n<p>Ha recibido numerosos galardones como el Premio Bruno Kreisky de Austria (1988), la Orden de Caballero de las Artes y las Letras de Francia (1993), la Medalla Presidencial del centenario Pablo Neruda otorgada por el gobierno de Chile (2004), el Premio Rafael Heliodoro Valle de la Rep\u00fablica de Honduras (2007) o la Orden al M\u00e9rito de la Rep\u00fablica Federal de Alemania (2007).<\/p>\n<p>Es doctor honoris causa por la Universidad Central de Ecuador, por la Universidad Blaise Pascal de Clermont-Ferrand (Francia) y por la Universidad de Catamarca (Argentina). Fue secretario general de la Confederaci\u00f3n de Universidades Centroamericanas; miembro de la Academia Nicarag\u00fcense de la Lengua, de la Real Academia Espa\u00f1ola, de la Academia Puertorrique\u00f1a de la Lengua, y de la Academia Paname\u00f1a de la Lengua. Es miembro del Patronato del Instituto Cervantes, presidente del Consejo Honorario del Instituto Iberoamericano, y presidente del Encuentro Internacional de Escritores Centroam\u00e9rica Cuenta.<\/p>\n","protected":false},"excerpt":{"rendered":"<p>Sus Majestades los Reyes de Espa\u00f1a han entregado el Premio de Literatura en Lengua Castellana Miguel de Cervantes 2017 al escritor nicarag\u00fcense Sergio Ram\u00edrez. Al acto, que se ha celebrado en el Paraninfo de la Universidad de Alcal\u00e1, han asistido el presidente del Gobierno, Mariano Rajoy; el ministro de Educaci\u00f3n, Cultura y Deporte, \u00cd\u00f1igo M\u00e9ndez [&hellip;]<\/p>\n","protected":false},"author":1,"featured_media":977181,"comment_status":"closed","ping_status":"closed","sticky":false,"template":"","format":"standard","meta":{"footnotes":""},"categories":[1],"tags":[],"class_list":["post-977180","post","type-post","status-publish","format-standard","has-post-thumbnail","hentry","category-actualidad"],"aioseo_notices":[],"aioseo_head":"\n\t\t<!-- All in One SEO Pro 5.0.1 - aioseo.com -->\n\t<meta name=\"description\" content=\"Sus Majestades los Reyes de Espa\u00f1a han entregado el Premio de Literatura en Lengua Castellana Miguel de Cervantes 2017 al escritor nicarag\u00fcense Sergio Ram\u00edrez. Al acto, que se ha celebrado en el Paraninfo de la Universidad de Alcal\u00e1, han asistido el presidente del Gobierno, Mariano Rajoy; el ministro de Educaci\u00f3n, Cultura y Deporte, \u00cd\u00f1igo M\u00e9ndez\" \/>\n\t<meta name=\"robots\" content=\"max-image-preview:large\" \/>\n\t<meta name=\"author\" content=\"El Digital de Asturias\"\/>\n\t<meta name=\"google-site-verification\" content=\"UA-38556648-1\" \/>\n\t<meta name=\"msvalidate.01\" content=\"7dfe9f3f1b24437ab69f4f2559babe99\" \/>\n\t<meta name=\"keywords\" content=\"actualidad\" \/>\n\t<link rel=\"canonical\" href=\"https:\/\/www.eldigitaldeasturias.com\/noticias\/los-reyes-de-espana-entregan-el-premio-cervantes-2017-a-sergio-ramirez\/\" \/>\n\t<meta name=\"generator\" content=\"All in One SEO Pro (AIOSEO) 5.0.1\" \/>\n\t\t<meta property=\"og:locale\" content=\"es_ES\" \/>\n\t\t<meta property=\"og:site_name\" content=\"El Digital de Asturias\" \/>\n\t\t<meta property=\"og:type\" content=\"article\" \/>\n\t\t<meta property=\"og:title\" content=\"Los Reyes de Espa\u00f1a entregan el Premio Cervantes 2017 a Sergio Ram\u00edrez - El Digital de Asturias\" \/>\n\t\t<meta property=\"og:description\" content=\"Sus Majestades los Reyes de Espa\u00f1a han entregado el Premio de Literatura en Lengua Castellana Miguel de Cervantes 2017 al escritor nicarag\u00fcense Sergio Ram\u00edrez. Al acto, que se ha celebrado en el Paraninfo de la Universidad de Alcal\u00e1, han asistido el presidente del Gobierno, Mariano Rajoy; el ministro de Educaci\u00f3n, Cultura y Deporte, \u00cd\u00f1igo M\u00e9ndez\" \/>\n\t\t<meta property=\"og:url\" content=\"https:\/\/www.eldigitaldeasturias.com\/noticias\/los-reyes-de-espana-entregan-el-premio-cervantes-2017-a-sergio-ramirez\/\" \/>\n\t\t<meta property=\"article:tag\" content=\"actualidad\" \/>\n\t\t<meta property=\"article:published_time\" content=\"2018-04-23T22:21:49+00:00\" \/>\n\t\t<meta property=\"article:modified_time\" content=\"2018-04-23T22:21:49+00:00\" \/>\n\t\t<meta property=\"article:publisher\" content=\"https:\/\/facebook.com\/eldigitaldeasturias\" \/>\n\t\t<meta name=\"twitter:card\" content=\"summary_large_image\" \/>\n\t\t<meta name=\"twitter:title\" content=\"Los Reyes de Espa\u00f1a entregan el Premio Cervantes 2017 a Sergio Ram\u00edrez - El Digital de Asturias\" \/>\n\t\t<meta name=\"twitter:description\" content=\"Sus Majestades los Reyes de Espa\u00f1a han entregado el Premio de Literatura en Lengua Castellana Miguel de Cervantes 2017 al escritor nicarag\u00fcense Sergio Ram\u00edrez. Al acto, que se ha celebrado en el Paraninfo de la Universidad de Alcal\u00e1, han asistido el presidente del Gobierno, Mariano Rajoy; el ministro de Educaci\u00f3n, Cultura y Deporte, \u00cd\u00f1igo M\u00e9ndez\" \/>\n\t\t<meta name=\"twitter:image\" content=\"https:\/\/www.eldigitaldeasturias.com\/noticias\/wp-content\/uploads\/2020\/12\/EDA-1.jpg\" \/>\n\t\t<meta name=\"twitter:label1\" content=\"Escrito por\" \/>\n\t\t<meta name=\"twitter:data1\" content=\"El Digital de Asturias\" \/>\n\t\t<meta name=\"twitter:label2\" content=\"Tiempo de lectura estimado\" \/>\n\t\t<meta name=\"twitter:data2\" content=\"4 minutos\" \/>\n\t\t<script type=\"application\/ld+json\" class=\"aioseo-schema\">\n\t\t\t{\"@context\":\"https:\\\/\\\/schema.org\",\"@graph\":[{\"@type\":\"BlogPosting\",\"@id\":\"https:\\\/\\\/www.eldigitaldeasturias.com\\\/noticias\\\/los-reyes-de-espana-entregan-el-premio-cervantes-2017-a-sergio-ramirez\\\/#blogposting\",\"name\":\"Los Reyes de Espa\\u00f1a entregan el Premio Cervantes 2017 a Sergio Ram\\u00edrez - El Digital de Asturias\",\"headline\":\"Los Reyes de Espa\\u00f1a entregan el Premio Cervantes 2017 a Sergio Ram\\u00edrez\",\"author\":{\"@id\":\"https:\\\/\\\/www.eldigitaldeasturias.com\\\/noticias\\\/author\\\/admin\\\/#author\"},\"publisher\":{\"@id\":\"https:\\\/\\\/www.eldigitaldeasturias.com\\\/noticias\\\/#organization\"},\"image\":{\"@type\":\"ImageObject\",\"url\":977181},\"datePublished\":\"2018-04-23T22:21:49+02:00\",\"dateModified\":\"2018-04-23T22:21:49+02:00\",\"inLanguage\":\"es-ES\",\"mainEntityOfPage\":{\"@id\":\"https:\\\/\\\/www.eldigitaldeasturias.com\\\/noticias\\\/los-reyes-de-espana-entregan-el-premio-cervantes-2017-a-sergio-ramirez\\\/#webpage\"},\"isPartOf\":{\"@id\":\"https:\\\/\\\/www.eldigitaldeasturias.com\\\/noticias\\\/los-reyes-de-espana-entregan-el-premio-cervantes-2017-a-sergio-ramirez\\\/#webpage\"},\"articleSection\":\"Actualidad\"},{\"@type\":\"BreadcrumbList\",\"@id\":\"https:\\\/\\\/www.eldigitaldeasturias.com\\\/noticias\\\/los-reyes-de-espana-entregan-el-premio-cervantes-2017-a-sergio-ramirez\\\/#breadcrumblist\",\"itemListElement\":[{\"@type\":\"ListItem\",\"@id\":\"https:\\\/\\\/www.eldigitaldeasturias.com\\\/noticias#listItem\",\"position\":1,\"name\":\"Home\",\"item\":\"https:\\\/\\\/www.eldigitaldeasturias.com\\\/noticias\",\"nextItem\":{\"@type\":\"ListItem\",\"@id\":\"https:\\\/\\\/www.eldigitaldeasturias.com\\\/noticias\\\/category\\\/actualidad\\\/#listItem\",\"name\":\"Actualidad\"}},{\"@type\":\"ListItem\",\"@id\":\"https:\\\/\\\/www.eldigitaldeasturias.com\\\/noticias\\\/category\\\/actualidad\\\/#listItem\",\"position\":2,\"name\":\"Actualidad\",\"item\":\"https:\\\/\\\/www.eldigitaldeasturias.com\\\/noticias\\\/category\\\/actualidad\\\/\",\"nextItem\":{\"@type\":\"ListItem\",\"@id\":\"https:\\\/\\\/www.eldigitaldeasturias.com\\\/noticias\\\/los-reyes-de-espana-entregan-el-premio-cervantes-2017-a-sergio-ramirez\\\/#listItem\",\"name\":\"Los Reyes de Espa\\u00f1a entregan el Premio Cervantes 2017 a Sergio Ram\\u00edrez\"},\"previousItem\":{\"@type\":\"ListItem\",\"@id\":\"https:\\\/\\\/www.eldigitaldeasturias.com\\\/noticias#listItem\",\"name\":\"Home\"}},{\"@type\":\"ListItem\",\"@id\":\"https:\\\/\\\/www.eldigitaldeasturias.com\\\/noticias\\\/los-reyes-de-espana-entregan-el-premio-cervantes-2017-a-sergio-ramirez\\\/#listItem\",\"position\":3,\"name\":\"Los Reyes de Espa\\u00f1a entregan el Premio Cervantes 2017 a Sergio Ram\\u00edrez\",\"previousItem\":{\"@type\":\"ListItem\",\"@id\":\"https:\\\/\\\/www.eldigitaldeasturias.com\\\/noticias\\\/category\\\/actualidad\\\/#listItem\",\"name\":\"Actualidad\"}}]},{\"@type\":\"Organization\",\"@id\":\"https:\\\/\\\/www.eldigitaldeasturias.com\\\/noticias\\\/#organization\",\"name\":\"El Digital de Asturias\",\"description\":\"Hemeroteca\",\"url\":\"https:\\\/\\\/www.eldigitaldeasturias.com\\\/noticias\\\/\",\"email\":\"info@eldigitaldeasturias.com\",\"telephone\":\"+34652131393\",\"logo\":{\"@type\":\"ImageObject\",\"url\":\"https:\\\/\\\/www.eldigitaldeasturias.com\\\/noticias\\\/wp-content\\\/uploads\\\/2020\\\/12\\\/EDA.jpg\",\"@id\":\"https:\\\/\\\/www.eldigitaldeasturias.com\\\/noticias\\\/los-reyes-de-espana-entregan-el-premio-cervantes-2017-a-sergio-ramirez\\\/#organizationLogo\"},\"image\":{\"@id\":\"https:\\\/\\\/www.eldigitaldeasturias.com\\\/noticias\\\/los-reyes-de-espana-entregan-el-premio-cervantes-2017-a-sergio-ramirez\\\/#organizationLogo\"},\"sameAs\":[\"https:\\\/\\\/facebook.com\\\/eldigitaldeasturias\",\"https:\\\/\\\/www.youtube.com\\\/channel\\\/UCZP-2wLEB9Rv6erhFmqVnvg\"],\"address\":{\"@id\":\"https:\\\/\\\/www.eldigitaldeasturias.com\\\/noticias\\\/#postaladdress\",\"@type\":\"PostalAddress\",\"streetAddress\":\"san antonio 4\",\"postalCode\":\"33430\",\"addressLocality\":\"Cand\\u00e1s\",\"addressRegion\":\"Asturias\",\"addressCountry\":\"ES\"}},{\"@type\":\"Person\",\"@id\":\"https:\\\/\\\/www.eldigitaldeasturias.com\\\/noticias\\\/author\\\/admin\\\/#author\",\"url\":\"https:\\\/\\\/www.eldigitaldeasturias.com\\\/noticias\\\/author\\\/admin\\\/\",\"name\":\"El Digital de Asturias\",\"image\":{\"@type\":\"ImageObject\",\"@id\":\"https:\\\/\\\/www.eldigitaldeasturias.com\\\/noticias\\\/los-reyes-de-espana-entregan-el-premio-cervantes-2017-a-sergio-ramirez\\\/#authorImage\",\"url\":\"https:\\\/\\\/secure.gravatar.com\\\/avatar\\\/df2aeffc32bcd13f8d26072ef8a91b623d677766deac7f97ca815868cd41bf5e?s=96&d=mm&r=g\",\"width\":96,\"height\":96,\"caption\":\"El Digital de Asturias\"}},{\"@type\":\"WebPage\",\"@id\":\"https:\\\/\\\/www.eldigitaldeasturias.com\\\/noticias\\\/los-reyes-de-espana-entregan-el-premio-cervantes-2017-a-sergio-ramirez\\\/#webpage\",\"url\":\"https:\\\/\\\/www.eldigitaldeasturias.com\\\/noticias\\\/los-reyes-de-espana-entregan-el-premio-cervantes-2017-a-sergio-ramirez\\\/\",\"name\":\"Los Reyes de Espa\\u00f1a entregan el Premio Cervantes 2017 a Sergio Ram\\u00edrez - El Digital de Asturias\",\"description\":\"Sus Majestades los Reyes de Espa\\u00f1a han entregado el Premio de Literatura en Lengua Castellana Miguel de Cervantes 2017 al escritor nicarag\\u00fcense Sergio Ram\\u00edrez. Al acto, que se ha celebrado en el Paraninfo de la Universidad de Alcal\\u00e1, han asistido el presidente del Gobierno, Mariano Rajoy; el ministro de Educaci\\u00f3n, Cultura y Deporte, \\u00cd\\u00f1igo M\\u00e9ndez\",\"inLanguage\":\"es-ES\",\"isPartOf\":{\"@id\":\"https:\\\/\\\/www.eldigitaldeasturias.com\\\/noticias\\\/#website\"},\"breadcrumb\":{\"@id\":\"https:\\\/\\\/www.eldigitaldeasturias.com\\\/noticias\\\/los-reyes-de-espana-entregan-el-premio-cervantes-2017-a-sergio-ramirez\\\/#breadcrumblist\"},\"author\":{\"@id\":\"https:\\\/\\\/www.eldigitaldeasturias.com\\\/noticias\\\/author\\\/admin\\\/#author\"},\"creator\":{\"@id\":\"https:\\\/\\\/www.eldigitaldeasturias.com\\\/noticias\\\/author\\\/admin\\\/#author\"},\"image\":{\"@type\":\"ImageObject\",\"url\":977181,\"@id\":\"https:\\\/\\\/www.eldigitaldeasturias.com\\\/noticias\\\/los-reyes-de-espana-entregan-el-premio-cervantes-2017-a-sergio-ramirez\\\/#mainImage\"},\"primaryImageOfPage\":{\"@id\":\"https:\\\/\\\/www.eldigitaldeasturias.com\\\/noticias\\\/los-reyes-de-espana-entregan-el-premio-cervantes-2017-a-sergio-ramirez\\\/#mainImage\"},\"datePublished\":\"2018-04-23T22:21:49+02:00\",\"dateModified\":\"2018-04-23T22:21:49+02:00\"},{\"@type\":\"WebSite\",\"@id\":\"https:\\\/\\\/www.eldigitaldeasturias.com\\\/noticias\\\/#website\",\"url\":\"https:\\\/\\\/www.eldigitaldeasturias.com\\\/noticias\\\/\",\"name\":\"El Digital de Asturias - Diario de actualidad y noticias\",\"alternateName\":\"El Digital de Asturias - Diario de actualidad y noticias\",\"description\":\"Hemeroteca\",\"inLanguage\":\"es-ES\",\"publisher\":{\"@id\":\"https:\\\/\\\/www.eldigitaldeasturias.com\\\/noticias\\\/#organization\"}}]}\n\t\t<\/script>\n\t\t<!-- All in One SEO Pro -->\r\n\t\t<title>Los Reyes de Espa\u00f1a entregan el Premio Cervantes 2017 a Sergio Ram\u00edrez - El Digital de Asturias<\/title>\n\n","aioseo_head_json":{"title":"Los Reyes de Espa\u00f1a entregan el Premio Cervantes 2017 a Sergio Ram\u00edrez - El Digital de Asturias","description":"Sus Majestades los Reyes de Espa\u00f1a han entregado el Premio de Literatura en Lengua Castellana Miguel de Cervantes 2017 al escritor nicarag\u00fcense Sergio Ram\u00edrez. Al acto, que se ha celebrado en el Paraninfo de la Universidad de Alcal\u00e1, han asistido el presidente del Gobierno, Mariano Rajoy; el ministro de Educaci\u00f3n, Cultura y Deporte, \u00cd\u00f1igo M\u00e9ndez","canonical_url":"https:\/\/www.eldigitaldeasturias.com\/noticias\/los-reyes-de-espana-entregan-el-premio-cervantes-2017-a-sergio-ramirez\/","robots":"max-image-preview:large","keywords":"actualidad","webmasterTools":{"google-site-verification":"UA-38556648-1","msvalidate.01":"7dfe9f3f1b24437ab69f4f2559babe99","miscellaneous":""},"schema":{"@context":"https:\/\/schema.org","@graph":[{"@type":"BlogPosting","@id":"https:\/\/www.eldigitaldeasturias.com\/noticias\/los-reyes-de-espana-entregan-el-premio-cervantes-2017-a-sergio-ramirez\/#blogposting","name":"Los Reyes de Espa\u00f1a entregan el Premio Cervantes 2017 a Sergio Ram\u00edrez - El Digital de Asturias","headline":"Los Reyes de Espa\u00f1a entregan el Premio Cervantes 2017 a Sergio Ram\u00edrez","author":{"@id":"https:\/\/www.eldigitaldeasturias.com\/noticias\/author\/admin\/#author"},"publisher":{"@id":"https:\/\/www.eldigitaldeasturias.com\/noticias\/#organization"},"image":{"@type":"ImageObject","url":977181},"datePublished":"2018-04-23T22:21:49+02:00","dateModified":"2018-04-23T22:21:49+02:00","inLanguage":"es-ES","mainEntityOfPage":{"@id":"https:\/\/www.eldigitaldeasturias.com\/noticias\/los-reyes-de-espana-entregan-el-premio-cervantes-2017-a-sergio-ramirez\/#webpage"},"isPartOf":{"@id":"https:\/\/www.eldigitaldeasturias.com\/noticias\/los-reyes-de-espana-entregan-el-premio-cervantes-2017-a-sergio-ramirez\/#webpage"},"articleSection":"Actualidad"},{"@type":"BreadcrumbList","@id":"https:\/\/www.eldigitaldeasturias.com\/noticias\/los-reyes-de-espana-entregan-el-premio-cervantes-2017-a-sergio-ramirez\/#breadcrumblist","itemListElement":[{"@type":"ListItem","@id":"https:\/\/www.eldigitaldeasturias.com\/noticias#listItem","position":1,"name":"Home","item":"https:\/\/www.eldigitaldeasturias.com\/noticias","nextItem":{"@type":"ListItem","@id":"https:\/\/www.eldigitaldeasturias.com\/noticias\/category\/actualidad\/#listItem","name":"Actualidad"}},{"@type":"ListItem","@id":"https:\/\/www.eldigitaldeasturias.com\/noticias\/category\/actualidad\/#listItem","position":2,"name":"Actualidad","item":"https:\/\/www.eldigitaldeasturias.com\/noticias\/category\/actualidad\/","nextItem":{"@type":"ListItem","@id":"https:\/\/www.eldigitaldeasturias.com\/noticias\/los-reyes-de-espana-entregan-el-premio-cervantes-2017-a-sergio-ramirez\/#listItem","name":"Los Reyes de Espa\u00f1a entregan el Premio Cervantes 2017 a Sergio Ram\u00edrez"},"previousItem":{"@type":"ListItem","@id":"https:\/\/www.eldigitaldeasturias.com\/noticias#listItem","name":"Home"}},{"@type":"ListItem","@id":"https:\/\/www.eldigitaldeasturias.com\/noticias\/los-reyes-de-espana-entregan-el-premio-cervantes-2017-a-sergio-ramirez\/#listItem","position":3,"name":"Los Reyes de Espa\u00f1a entregan el Premio Cervantes 2017 a Sergio Ram\u00edrez","previousItem":{"@type":"ListItem","@id":"https:\/\/www.eldigitaldeasturias.com\/noticias\/category\/actualidad\/#listItem","name":"Actualidad"}}]},{"@type":"Organization","@id":"https:\/\/www.eldigitaldeasturias.com\/noticias\/#organization","name":"El Digital de Asturias","description":"Hemeroteca","url":"https:\/\/www.eldigitaldeasturias.com\/noticias\/","email":"info@eldigitaldeasturias.com","telephone":"+34652131393","logo":{"@type":"ImageObject","url":"https:\/\/www.eldigitaldeasturias.com\/noticias\/wp-content\/uploads\/2020\/12\/EDA.jpg","@id":"https:\/\/www.eldigitaldeasturias.com\/noticias\/los-reyes-de-espana-entregan-el-premio-cervantes-2017-a-sergio-ramirez\/#organizationLogo"},"image":{"@id":"https:\/\/www.eldigitaldeasturias.com\/noticias\/los-reyes-de-espana-entregan-el-premio-cervantes-2017-a-sergio-ramirez\/#organizationLogo"},"sameAs":["https:\/\/facebook.com\/eldigitaldeasturias","https:\/\/www.youtube.com\/channel\/UCZP-2wLEB9Rv6erhFmqVnvg"],"address":{"@id":"https:\/\/www.eldigitaldeasturias.com\/noticias\/#postaladdress","@type":"PostalAddress","streetAddress":"san antonio 4","postalCode":"33430","addressLocality":"Cand\u00e1s","addressRegion":"Asturias","addressCountry":"ES"}},{"@type":"Person","@id":"https:\/\/www.eldigitaldeasturias.com\/noticias\/author\/admin\/#author","url":"https:\/\/www.eldigitaldeasturias.com\/noticias\/author\/admin\/","name":"El Digital de Asturias","image":{"@type":"ImageObject","@id":"https:\/\/www.eldigitaldeasturias.com\/noticias\/los-reyes-de-espana-entregan-el-premio-cervantes-2017-a-sergio-ramirez\/#authorImage","url":"https:\/\/secure.gravatar.com\/avatar\/df2aeffc32bcd13f8d26072ef8a91b623d677766deac7f97ca815868cd41bf5e?s=96&d=mm&r=g","width":96,"height":96,"caption":"El Digital de Asturias"}},{"@type":"WebPage","@id":"https:\/\/www.eldigitaldeasturias.com\/noticias\/los-reyes-de-espana-entregan-el-premio-cervantes-2017-a-sergio-ramirez\/#webpage","url":"https:\/\/www.eldigitaldeasturias.com\/noticias\/los-reyes-de-espana-entregan-el-premio-cervantes-2017-a-sergio-ramirez\/","name":"Los Reyes de Espa\u00f1a entregan el Premio Cervantes 2017 a Sergio Ram\u00edrez - El Digital de Asturias","description":"Sus Majestades los Reyes de Espa\u00f1a han entregado el Premio de Literatura en Lengua Castellana Miguel de Cervantes 2017 al escritor nicarag\u00fcense Sergio Ram\u00edrez. Al acto, que se ha celebrado en el Paraninfo de la Universidad de Alcal\u00e1, han asistido el presidente del Gobierno, Mariano Rajoy; el ministro de Educaci\u00f3n, Cultura y Deporte, \u00cd\u00f1igo M\u00e9ndez","inLanguage":"es-ES","isPartOf":{"@id":"https:\/\/www.eldigitaldeasturias.com\/noticias\/#website"},"breadcrumb":{"@id":"https:\/\/www.eldigitaldeasturias.com\/noticias\/los-reyes-de-espana-entregan-el-premio-cervantes-2017-a-sergio-ramirez\/#breadcrumblist"},"author":{"@id":"https:\/\/www.eldigitaldeasturias.com\/noticias\/author\/admin\/#author"},"creator":{"@id":"https:\/\/www.eldigitaldeasturias.com\/noticias\/author\/admin\/#author"},"image":{"@type":"ImageObject","url":977181,"@id":"https:\/\/www.eldigitaldeasturias.com\/noticias\/los-reyes-de-espana-entregan-el-premio-cervantes-2017-a-sergio-ramirez\/#mainImage"},"primaryImageOfPage":{"@id":"https:\/\/www.eldigitaldeasturias.com\/noticias\/los-reyes-de-espana-entregan-el-premio-cervantes-2017-a-sergio-ramirez\/#mainImage"},"datePublished":"2018-04-23T22:21:49+02:00","dateModified":"2018-04-23T22:21:49+02:00"},{"@type":"WebSite","@id":"https:\/\/www.eldigitaldeasturias.com\/noticias\/#website","url":"https:\/\/www.eldigitaldeasturias.com\/noticias\/","name":"El Digital de Asturias - Diario de actualidad y noticias","alternateName":"El Digital de Asturias - Diario de actualidad y noticias","description":"Hemeroteca","inLanguage":"es-ES","publisher":{"@id":"https:\/\/www.eldigitaldeasturias.com\/noticias\/#organization"}}]},"og:locale":"es_ES","og:site_name":"El Digital de Asturias","og:type":"article","og:title":"Los Reyes de Espa\u00f1a entregan el Premio Cervantes 2017 a Sergio Ram\u00edrez - El Digital de Asturias","og:description":"Sus Majestades los Reyes de Espa\u00f1a han entregado el Premio de Literatura en Lengua Castellana Miguel de Cervantes 2017 al escritor nicarag\u00fcense Sergio Ram\u00edrez. Al acto, que se ha celebrado en el Paraninfo de la Universidad de Alcal\u00e1, han asistido el presidente del Gobierno, Mariano Rajoy; el ministro de Educaci\u00f3n, Cultura y Deporte, \u00cd\u00f1igo M\u00e9ndez","og:url":"https:\/\/www.eldigitaldeasturias.com\/noticias\/los-reyes-de-espana-entregan-el-premio-cervantes-2017-a-sergio-ramirez\/","article:tag":["actualidad"],"article:published_time":"2018-04-23T22:21:49+00:00","article:modified_time":"2018-04-23T22:21:49+00:00","article:publisher":"https:\/\/facebook.com\/eldigitaldeasturias","twitter:card":"summary_large_image","twitter:title":"Los Reyes de Espa\u00f1a entregan el Premio Cervantes 2017 a Sergio Ram\u00edrez - El Digital de Asturias","twitter:description":"Sus Majestades los Reyes de Espa\u00f1a han entregado el Premio de Literatura en Lengua Castellana Miguel de Cervantes 2017 al escritor nicarag\u00fcense Sergio Ram\u00edrez. Al acto, que se ha celebrado en el Paraninfo de la Universidad de Alcal\u00e1, han asistido el presidente del Gobierno, Mariano Rajoy; el ministro de Educaci\u00f3n, Cultura y Deporte, \u00cd\u00f1igo M\u00e9ndez","twitter:image":"https:\/\/www.eldigitaldeasturias.com\/noticias\/wp-content\/uploads\/2020\/12\/EDA-1.jpg","twitter:label1":"Escrito por","twitter:data1":"El Digital de Asturias","twitter:label2":"Tiempo de lectura estimado","twitter:data2":"4 minutos"},"aioseo_meta_data":{"post_id":"977180","title":null,"description":null,"keywords":null,"keyphrases":null,"primary_term":null,"canonical_url":null,"og_title":null,"og_description":null,"og_object_type":"default","og_image_type":"default","og_image_url":null,"og_image_width":null,"og_image_height":null,"og_image_custom_url":null,"og_image_custom_fields":null,"og_video":null,"og_custom_url":null,"og_article_section":null,"og_article_tags":null,"twitter_use_og":false,"twitter_card":"default","twitter_image_type":"default","twitter_image_url":null,"twitter_image_custom_url":null,"twitter_image_custom_fields":null,"twitter_title":null,"twitter_description":null,"schema":{"blockGraphs":[],"customGraphs":[],"default":{"data":{"Article":[],"Course":[],"Dataset":[],"FAQPage":[],"Movie":[],"Person":[],"Product":[],"ProductReview":[],"Car":[],"Recipe":[],"Service":[],"SoftwareApplication":[],"WebPage":[]},"graphName":"","isEnabled":true},"graphs":[],"defaultGraph":"","defaultPostTypeGraph":""},"schema_type":null,"schema_type_options":null,"pillar_content":false,"robots_default":true,"robots_noindex":false,"robots_noarchive":false,"robots_nosnippet":false,"robots_nofollow":false,"robots_noimageindex":false,"robots_noodp":false,"robots_notranslate":false,"robots_max_snippet":null,"robots_max_videopreview":null,"robots_max_imagepreview":"large","priority":null,"frequency":null,"local_seo":null,"seo_analyzer_scan_date":"2025-10-08 06:29:56","breadcrumb_settings":null,"limit_modified_date":false,"open_ai":null,"ai":null,"created":"2020-12-21 12:05:38","updated":"2025-10-08 06:29:56","focus_keyword":null,"additional_keywords":null,"truseo_locale":null},"aioseo_breadcrumb":"<div class=\"aioseo-breadcrumbs\"><span class=\"aioseo-breadcrumb\">\n\t<a href=\"https:\/\/www.eldigitaldeasturias.com\/noticias\" title=\"Home\">Home<\/a>\n<\/span><span class=\"aioseo-breadcrumb-separator\">\u2013<\/span><span class=\"aioseo-breadcrumb\">\n\t<a href=\"https:\/\/www.eldigitaldeasturias.com\/noticias\/category\/actualidad\/\" title=\"Actualidad\">Actualidad<\/a>\n<\/span><span class=\"aioseo-breadcrumb-separator\">\u2013<\/span><span class=\"aioseo-breadcrumb\">\n\t<a href=\"https:\/\/www.eldigitaldeasturias.com\/noticias\/los-reyes-de-espana-entregan-el-premio-cervantes-2017-a-sergio-ramirez\/\" title=\"Los Reyes de Espa\u00f1a entregan el Premio Cervantes 2017 a Sergio Ram\u00edrez\">Los Reyes de Espa\u00f1a entregan el Premio Cervantes 2017 a Sergio Ram\u00edrez<\/a>\n<\/span><\/div>","aioseo_breadcrumb_json":[{"label":"Home","link":"https:\/\/www.eldigitaldeasturias.com\/noticias"},{"label":"Actualidad","link":"https:\/\/www.eldigitaldeasturias.com\/noticias\/category\/actualidad\/"},{"label":"Los Reyes de Espa\u00f1a entregan el Premio Cervantes 2017 a Sergio Ram\u00edrez","link":"https:\/\/www.eldigitaldeasturias.com\/noticias\/los-reyes-de-espana-entregan-el-premio-cervantes-2017-a-sergio-ramirez\/"}],"_links":{"self":[{"href":"https:\/\/www.eldigitaldeasturias.com\/noticias\/wp-json\/wp\/v2\/posts\/977180","targetHints":{"allow":["GET"]}}],"collection":[{"href":"https:\/\/www.eldigitaldeasturias.com\/noticias\/wp-json\/wp\/v2\/posts"}],"about":[{"href":"https:\/\/www.eldigitaldeasturias.com\/noticias\/wp-json\/wp\/v2\/types\/post"}],"author":[{"embeddable":true,"href":"https:\/\/www.eldigitaldeasturias.com\/noticias\/wp-json\/wp\/v2\/users\/1"}],"replies":[{"embeddable":true,"href":"https:\/\/www.eldigitaldeasturias.com\/noticias\/wp-json\/wp\/v2\/comments?post=977180"}],"version-history":[{"count":0,"href":"https:\/\/www.eldigitaldeasturias.com\/noticias\/wp-json\/wp\/v2\/posts\/977180\/revisions"}],"wp:attachment":[{"href":"https:\/\/www.eldigitaldeasturias.com\/noticias\/wp-json\/wp\/v2\/media?parent=977180"}],"wp:term":[{"taxonomy":"category","embeddable":true,"href":"https:\/\/www.eldigitaldeasturias.com\/noticias\/wp-json\/wp\/v2\/categories?post=977180"},{"taxonomy":"post_tag","embeddable":true,"href":"https:\/\/www.eldigitaldeasturias.com\/noticias\/wp-json\/wp\/v2\/tags?post=977180"}],"curies":[{"name":"wp","href":"https:\/\/api.w.org\/{rel}","templated":true}]}}