{"id":977173,"date":"2018-04-23T22:10:28","date_gmt":"2018-04-23T22:10:28","guid":{"rendered":"http:\/\/www.eldigitaldeasturias.com\/noticias\/?p=977173"},"modified":"2018-04-23T22:10:28","modified_gmt":"2018-04-23T22:10:28","slug":"la-duquesa-catalina-de-cambridge-da-a-luz-a-un-nino","status":"publish","type":"post","link":"https:\/\/www.eldigitaldeasturias.com\/noticias\/la-duquesa-catalina-de-cambridge-da-a-luz-a-un-nino\/","title":{"rendered":"La duquesa Catalina de Cambridge da a luz a un ni\u00f1o"},"content":{"rendered":"<p><img loading=\"lazy\" decoding=\"async\" class=\"alignleft size-medium wp-image-976680\" src=\"https:\/\/www.eldigitaldeasturias.com\/noticias\/wp-content\/uploads\/2018\/04\/london-1081820_960_720-360x240.jpg\" alt=\"\" width=\"360\" height=\"240\" \/>Londres, 23 abr (dpa) &#8211; La duquesa Catalina de Cambrigde, esposa del pr\u00edncipe Guillermo de Inglaterra, dio hoy a luz a un ni\u00f1o, el tercer hijo de la pareja, inform\u00f3 el Palacio de Kensington.<\/p>\n<p>El beb\u00e9 naci\u00f3 a las 11:01 hora local (10:01 GMT) y pes\u00f3 3,8 kilogramos. El pr\u00edncipe Guillermo estuvo presente en el parto y la madre y el ni\u00f1o se encuentran bien.<\/p>\n<p>La reina Isabel II, su esposo el pr\u00edncipe Felipe, as\u00ed como el pr\u00edncipe Carlos, su esposa Camila y el pr\u00edncipe Harry fueron informados y est\u00e1n \u00abencantados\u00bb con la noticia, afirm\u00f3 el Palacio de Kensington en su cuenta de Twitter.<\/p>\n<p>La pareja ya tiene dos hijos: el pr\u00edncipe Jorge, de cuatro a\u00f1os, y la princesa Carlota, de dos. El nuevo miembro de la familia real es el sexto bisnieto de la reina Isabel II y ocupar\u00e1 el quinto puesto en la l\u00ednea sucesoria, por detr\u00e1s de su abuelo Carlos, su padre Guillermo y sus hermanos Jorge y Carlota. El pr\u00edncipe Harry pasa ahora a ocupar al sexto puesto en la l\u00ednea sucesoria.<\/p>\n<p>Catalina, de 36 a\u00f1os, hab\u00eda sido ingresada la ma\u00f1ana del lunes en el hospital Saint Mary&#8217;s de Londres tras empezar a sentir las primeras contracciones. Cientos de curiosos y periodistas se hab\u00edan congregado desde entonces frente a la cl\u00ednica. Algunos fans de la familia real llevaban dos semanas acampados a la espera de este momento.<\/p>\n<p>Seguramente habr\u00e1 que esperar m\u00e1s para conocer el nombre elegido para el beb\u00e9. En las casas de apuestas est\u00e1n en alza Arturo, Alberto, Federico, Jaime y Felipe.<\/p>\n<p>Por ahora se desconoce cu\u00e1ndo ser\u00e1 presentado ante las c\u00e1maras el nuevo miembro de la familia. En el caso de la princesa Carlota fue ese mismo d\u00eda, pero con el pr\u00edncipe Jorge se esper\u00f3 hasta el siguiente.<\/p>\n","protected":false},"excerpt":{"rendered":"<p>Londres, 23 abr (dpa) &#8211; La duquesa Catalina de Cambrigde, esposa del pr\u00edncipe Guillermo de Inglaterra, dio hoy a luz a un ni\u00f1o, el tercer hijo de la pareja, inform\u00f3 el Palacio de Kensington. El beb\u00e9 naci\u00f3 a las 11:01 hora local (10:01 GMT) y pes\u00f3 3,8 kilogramos. El pr\u00edncipe Guillermo estuvo presente en el [&hellip;]<\/p>\n","protected":false},"author":1,"featured_media":976680,"comment_status":"closed","ping_status":"closed","sticky":false,"template":"","format":"standard","meta":{"footnotes":""},"categories":[1],"tags":[],"class_list":["post-977173","post","type-post","status-publish","format-standard","has-post-thumbnail","hentry","category-actualidad"],"aioseo_notices":[],"aioseo_head":"\n\t\t<!-- All in One SEO Pro 5.0.1 - aioseo.com -->\n\t<meta name=\"description\" content=\"Londres, 23 abr (dpa) - La duquesa Catalina de Cambrigde, esposa del pr\u00edncipe Guillermo de Inglaterra, dio hoy a luz a un ni\u00f1o, el tercer hijo de la pareja, inform\u00f3 el Palacio de Kensington. El beb\u00e9 naci\u00f3 a las 11:01 hora local (10:01 GMT) y pes\u00f3 3,8 kilogramos. El pr\u00edncipe Guillermo estuvo presente en el\" \/>\n\t<meta name=\"robots\" content=\"max-image-preview:large\" \/>\n\t<meta name=\"author\" content=\"El Digital de Asturias\"\/>\n\t<meta name=\"google-site-verification\" content=\"UA-38556648-1\" \/>\n\t<meta name=\"msvalidate.01\" content=\"7dfe9f3f1b24437ab69f4f2559babe99\" \/>\n\t<meta name=\"keywords\" content=\"actualidad\" \/>\n\t<link rel=\"canonical\" href=\"https:\/\/www.eldigitaldeasturias.com\/noticias\/la-duquesa-catalina-de-cambridge-da-a-luz-a-un-nino\/\" \/>\n\t<meta name=\"generator\" content=\"All in One SEO Pro (AIOSEO) 5.0.1\" \/>\n\t\t<meta property=\"og:locale\" content=\"es_ES\" \/>\n\t\t<meta property=\"og:site_name\" content=\"El Digital de Asturias\" \/>\n\t\t<meta property=\"og:type\" content=\"article\" \/>\n\t\t<meta property=\"og:title\" content=\"La duquesa Catalina de Cambridge da a luz a un ni\u00f1o - El Digital de Asturias\" \/>\n\t\t<meta property=\"og:description\" content=\"Londres, 23 abr (dpa) - La duquesa Catalina de Cambrigde, esposa del pr\u00edncipe Guillermo de Inglaterra, dio hoy a luz a un ni\u00f1o, el tercer hijo de la pareja, inform\u00f3 el Palacio de Kensington. El beb\u00e9 naci\u00f3 a las 11:01 hora local (10:01 GMT) y pes\u00f3 3,8 kilogramos. El pr\u00edncipe Guillermo estuvo presente en el\" \/>\n\t\t<meta property=\"og:url\" content=\"https:\/\/www.eldigitaldeasturias.com\/noticias\/la-duquesa-catalina-de-cambridge-da-a-luz-a-un-nino\/\" \/>\n\t\t<meta property=\"article:tag\" content=\"actualidad\" \/>\n\t\t<meta property=\"article:published_time\" content=\"2018-04-23T22:10:28+00:00\" \/>\n\t\t<meta property=\"article:modified_time\" content=\"2018-04-23T22:10:28+00:00\" \/>\n\t\t<meta property=\"article:publisher\" content=\"https:\/\/facebook.com\/eldigitaldeasturias\" \/>\n\t\t<meta name=\"twitter:card\" content=\"summary_large_image\" \/>\n\t\t<meta name=\"twitter:title\" content=\"La duquesa Catalina de Cambridge da a luz a un ni\u00f1o - El Digital de Asturias\" \/>\n\t\t<meta name=\"twitter:description\" content=\"Londres, 23 abr (dpa) - La duquesa Catalina de Cambrigde, esposa del pr\u00edncipe Guillermo de Inglaterra, dio hoy a luz a un ni\u00f1o, el tercer hijo de la pareja, inform\u00f3 el Palacio de Kensington. El beb\u00e9 naci\u00f3 a las 11:01 hora local (10:01 GMT) y pes\u00f3 3,8 kilogramos. El pr\u00edncipe Guillermo estuvo presente en el\" \/>\n\t\t<meta name=\"twitter:image\" content=\"https:\/\/www.eldigitaldeasturias.com\/noticias\/wp-content\/uploads\/2020\/12\/EDA-1.jpg\" \/>\n\t\t<meta name=\"twitter:label1\" content=\"Escrito por\" \/>\n\t\t<meta name=\"twitter:data1\" content=\"El Digital de Asturias\" \/>\n\t\t<meta name=\"twitter:label2\" content=\"Tiempo de lectura estimado\" \/>\n\t\t<meta name=\"twitter:data2\" content=\"2 minutos\" \/>\n\t\t<script type=\"application\/ld+json\" class=\"aioseo-schema\">\n\t\t\t{\"@context\":\"https:\\\/\\\/schema.org\",\"@graph\":[{\"@type\":\"BlogPosting\",\"@id\":\"https:\\\/\\\/www.eldigitaldeasturias.com\\\/noticias\\\/la-duquesa-catalina-de-cambridge-da-a-luz-a-un-nino\\\/#blogposting\",\"name\":\"La duquesa Catalina de Cambridge da a luz a un ni\\u00f1o - El Digital de Asturias\",\"headline\":\"La duquesa Catalina de Cambridge da a luz a un ni\\u00f1o\",\"author\":{\"@id\":\"https:\\\/\\\/www.eldigitaldeasturias.com\\\/noticias\\\/author\\\/admin\\\/#author\"},\"publisher\":{\"@id\":\"https:\\\/\\\/www.eldigitaldeasturias.com\\\/noticias\\\/#organization\"},\"image\":{\"@type\":\"ImageObject\",\"url\":976680},\"datePublished\":\"2018-04-23T22:10:28+02:00\",\"dateModified\":\"2018-04-23T22:10:28+02:00\",\"inLanguage\":\"es-ES\",\"mainEntityOfPage\":{\"@id\":\"https:\\\/\\\/www.eldigitaldeasturias.com\\\/noticias\\\/la-duquesa-catalina-de-cambridge-da-a-luz-a-un-nino\\\/#webpage\"},\"isPartOf\":{\"@id\":\"https:\\\/\\\/www.eldigitaldeasturias.com\\\/noticias\\\/la-duquesa-catalina-de-cambridge-da-a-luz-a-un-nino\\\/#webpage\"},\"articleSection\":\"Actualidad\"},{\"@type\":\"BreadcrumbList\",\"@id\":\"https:\\\/\\\/www.eldigitaldeasturias.com\\\/noticias\\\/la-duquesa-catalina-de-cambridge-da-a-luz-a-un-nino\\\/#breadcrumblist\",\"itemListElement\":[{\"@type\":\"ListItem\",\"@id\":\"https:\\\/\\\/www.eldigitaldeasturias.com\\\/noticias#listItem\",\"position\":1,\"name\":\"Home\",\"item\":\"https:\\\/\\\/www.eldigitaldeasturias.com\\\/noticias\",\"nextItem\":{\"@type\":\"ListItem\",\"@id\":\"https:\\\/\\\/www.eldigitaldeasturias.com\\\/noticias\\\/category\\\/actualidad\\\/#listItem\",\"name\":\"Actualidad\"}},{\"@type\":\"ListItem\",\"@id\":\"https:\\\/\\\/www.eldigitaldeasturias.com\\\/noticias\\\/category\\\/actualidad\\\/#listItem\",\"position\":2,\"name\":\"Actualidad\",\"item\":\"https:\\\/\\\/www.eldigitaldeasturias.com\\\/noticias\\\/category\\\/actualidad\\\/\",\"nextItem\":{\"@type\":\"ListItem\",\"@id\":\"https:\\\/\\\/www.eldigitaldeasturias.com\\\/noticias\\\/la-duquesa-catalina-de-cambridge-da-a-luz-a-un-nino\\\/#listItem\",\"name\":\"La duquesa Catalina de Cambridge da a luz a un ni\\u00f1o\"},\"previousItem\":{\"@type\":\"ListItem\",\"@id\":\"https:\\\/\\\/www.eldigitaldeasturias.com\\\/noticias#listItem\",\"name\":\"Home\"}},{\"@type\":\"ListItem\",\"@id\":\"https:\\\/\\\/www.eldigitaldeasturias.com\\\/noticias\\\/la-duquesa-catalina-de-cambridge-da-a-luz-a-un-nino\\\/#listItem\",\"position\":3,\"name\":\"La duquesa Catalina de Cambridge da a luz a un ni\\u00f1o\",\"previousItem\":{\"@type\":\"ListItem\",\"@id\":\"https:\\\/\\\/www.eldigitaldeasturias.com\\\/noticias\\\/category\\\/actualidad\\\/#listItem\",\"name\":\"Actualidad\"}}]},{\"@type\":\"Organization\",\"@id\":\"https:\\\/\\\/www.eldigitaldeasturias.com\\\/noticias\\\/#organization\",\"name\":\"El Digital de Asturias\",\"description\":\"Hemeroteca\",\"url\":\"https:\\\/\\\/www.eldigitaldeasturias.com\\\/noticias\\\/\",\"email\":\"info@eldigitaldeasturias.com\",\"telephone\":\"+34652131393\",\"logo\":{\"@type\":\"ImageObject\",\"url\":\"https:\\\/\\\/www.eldigitaldeasturias.com\\\/noticias\\\/wp-content\\\/uploads\\\/2020\\\/12\\\/EDA.jpg\",\"@id\":\"https:\\\/\\\/www.eldigitaldeasturias.com\\\/noticias\\\/la-duquesa-catalina-de-cambridge-da-a-luz-a-un-nino\\\/#organizationLogo\"},\"image\":{\"@id\":\"https:\\\/\\\/www.eldigitaldeasturias.com\\\/noticias\\\/la-duquesa-catalina-de-cambridge-da-a-luz-a-un-nino\\\/#organizationLogo\"},\"sameAs\":[\"https:\\\/\\\/facebook.com\\\/eldigitaldeasturias\",\"https:\\\/\\\/www.youtube.com\\\/channel\\\/UCZP-2wLEB9Rv6erhFmqVnvg\"],\"address\":{\"@id\":\"https:\\\/\\\/www.eldigitaldeasturias.com\\\/noticias\\\/#postaladdress\",\"@type\":\"PostalAddress\",\"streetAddress\":\"san antonio 4\",\"postalCode\":\"33430\",\"addressLocality\":\"Cand\\u00e1s\",\"addressRegion\":\"Asturias\",\"addressCountry\":\"ES\"}},{\"@type\":\"Person\",\"@id\":\"https:\\\/\\\/www.eldigitaldeasturias.com\\\/noticias\\\/author\\\/admin\\\/#author\",\"url\":\"https:\\\/\\\/www.eldigitaldeasturias.com\\\/noticias\\\/author\\\/admin\\\/\",\"name\":\"El Digital de Asturias\",\"image\":{\"@type\":\"ImageObject\",\"@id\":\"https:\\\/\\\/www.eldigitaldeasturias.com\\\/noticias\\\/la-duquesa-catalina-de-cambridge-da-a-luz-a-un-nino\\\/#authorImage\",\"url\":\"https:\\\/\\\/secure.gravatar.com\\\/avatar\\\/df2aeffc32bcd13f8d26072ef8a91b623d677766deac7f97ca815868cd41bf5e?s=96&d=mm&r=g\",\"width\":96,\"height\":96,\"caption\":\"El Digital de Asturias\"}},{\"@type\":\"WebPage\",\"@id\":\"https:\\\/\\\/www.eldigitaldeasturias.com\\\/noticias\\\/la-duquesa-catalina-de-cambridge-da-a-luz-a-un-nino\\\/#webpage\",\"url\":\"https:\\\/\\\/www.eldigitaldeasturias.com\\\/noticias\\\/la-duquesa-catalina-de-cambridge-da-a-luz-a-un-nino\\\/\",\"name\":\"La duquesa Catalina de Cambridge da a luz a un ni\\u00f1o - El Digital de Asturias\",\"description\":\"Londres, 23 abr (dpa) - La duquesa Catalina de Cambrigde, esposa del pr\\u00edncipe Guillermo de Inglaterra, dio hoy a luz a un ni\\u00f1o, el tercer hijo de la pareja, inform\\u00f3 el Palacio de Kensington. El beb\\u00e9 naci\\u00f3 a las 11:01 hora local (10:01 GMT) y pes\\u00f3 3,8 kilogramos. El pr\\u00edncipe Guillermo estuvo presente en el\",\"inLanguage\":\"es-ES\",\"isPartOf\":{\"@id\":\"https:\\\/\\\/www.eldigitaldeasturias.com\\\/noticias\\\/#website\"},\"breadcrumb\":{\"@id\":\"https:\\\/\\\/www.eldigitaldeasturias.com\\\/noticias\\\/la-duquesa-catalina-de-cambridge-da-a-luz-a-un-nino\\\/#breadcrumblist\"},\"author\":{\"@id\":\"https:\\\/\\\/www.eldigitaldeasturias.com\\\/noticias\\\/author\\\/admin\\\/#author\"},\"creator\":{\"@id\":\"https:\\\/\\\/www.eldigitaldeasturias.com\\\/noticias\\\/author\\\/admin\\\/#author\"},\"image\":{\"@type\":\"ImageObject\",\"url\":976680,\"@id\":\"https:\\\/\\\/www.eldigitaldeasturias.com\\\/noticias\\\/la-duquesa-catalina-de-cambridge-da-a-luz-a-un-nino\\\/#mainImage\"},\"primaryImageOfPage\":{\"@id\":\"https:\\\/\\\/www.eldigitaldeasturias.com\\\/noticias\\\/la-duquesa-catalina-de-cambridge-da-a-luz-a-un-nino\\\/#mainImage\"},\"datePublished\":\"2018-04-23T22:10:28+02:00\",\"dateModified\":\"2018-04-23T22:10:28+02:00\"},{\"@type\":\"WebSite\",\"@id\":\"https:\\\/\\\/www.eldigitaldeasturias.com\\\/noticias\\\/#website\",\"url\":\"https:\\\/\\\/www.eldigitaldeasturias.com\\\/noticias\\\/\",\"name\":\"El Digital de Asturias - Diario de actualidad y noticias\",\"alternateName\":\"El Digital de Asturias - Diario de actualidad y noticias\",\"description\":\"Hemeroteca\",\"inLanguage\":\"es-ES\",\"publisher\":{\"@id\":\"https:\\\/\\\/www.eldigitaldeasturias.com\\\/noticias\\\/#organization\"}}]}\n\t\t<\/script>\n\t\t<!-- All in One SEO Pro -->\r\n\t\t<title>La duquesa Catalina de Cambridge da a luz a un ni\u00f1o - El Digital de Asturias<\/title>\n\n","aioseo_head_json":{"title":"La duquesa Catalina de Cambridge da a luz a un ni\u00f1o - El Digital de Asturias","description":"Londres, 23 abr (dpa) - La duquesa Catalina de Cambrigde, esposa del pr\u00edncipe Guillermo de Inglaterra, dio hoy a luz a un ni\u00f1o, el tercer hijo de la pareja, inform\u00f3 el Palacio de Kensington. El beb\u00e9 naci\u00f3 a las 11:01 hora local (10:01 GMT) y pes\u00f3 3,8 kilogramos. El pr\u00edncipe Guillermo estuvo presente en el","canonical_url":"https:\/\/www.eldigitaldeasturias.com\/noticias\/la-duquesa-catalina-de-cambridge-da-a-luz-a-un-nino\/","robots":"max-image-preview:large","keywords":"actualidad","webmasterTools":{"google-site-verification":"UA-38556648-1","msvalidate.01":"7dfe9f3f1b24437ab69f4f2559babe99","miscellaneous":""},"schema":{"@context":"https:\/\/schema.org","@graph":[{"@type":"BlogPosting","@id":"https:\/\/www.eldigitaldeasturias.com\/noticias\/la-duquesa-catalina-de-cambridge-da-a-luz-a-un-nino\/#blogposting","name":"La duquesa Catalina de Cambridge da a luz a un ni\u00f1o - El Digital de Asturias","headline":"La duquesa Catalina de Cambridge da a luz a un ni\u00f1o","author":{"@id":"https:\/\/www.eldigitaldeasturias.com\/noticias\/author\/admin\/#author"},"publisher":{"@id":"https:\/\/www.eldigitaldeasturias.com\/noticias\/#organization"},"image":{"@type":"ImageObject","url":976680},"datePublished":"2018-04-23T22:10:28+02:00","dateModified":"2018-04-23T22:10:28+02:00","inLanguage":"es-ES","mainEntityOfPage":{"@id":"https:\/\/www.eldigitaldeasturias.com\/noticias\/la-duquesa-catalina-de-cambridge-da-a-luz-a-un-nino\/#webpage"},"isPartOf":{"@id":"https:\/\/www.eldigitaldeasturias.com\/noticias\/la-duquesa-catalina-de-cambridge-da-a-luz-a-un-nino\/#webpage"},"articleSection":"Actualidad"},{"@type":"BreadcrumbList","@id":"https:\/\/www.eldigitaldeasturias.com\/noticias\/la-duquesa-catalina-de-cambridge-da-a-luz-a-un-nino\/#breadcrumblist","itemListElement":[{"@type":"ListItem","@id":"https:\/\/www.eldigitaldeasturias.com\/noticias#listItem","position":1,"name":"Home","item":"https:\/\/www.eldigitaldeasturias.com\/noticias","nextItem":{"@type":"ListItem","@id":"https:\/\/www.eldigitaldeasturias.com\/noticias\/category\/actualidad\/#listItem","name":"Actualidad"}},{"@type":"ListItem","@id":"https:\/\/www.eldigitaldeasturias.com\/noticias\/category\/actualidad\/#listItem","position":2,"name":"Actualidad","item":"https:\/\/www.eldigitaldeasturias.com\/noticias\/category\/actualidad\/","nextItem":{"@type":"ListItem","@id":"https:\/\/www.eldigitaldeasturias.com\/noticias\/la-duquesa-catalina-de-cambridge-da-a-luz-a-un-nino\/#listItem","name":"La duquesa Catalina de Cambridge da a luz a un ni\u00f1o"},"previousItem":{"@type":"ListItem","@id":"https:\/\/www.eldigitaldeasturias.com\/noticias#listItem","name":"Home"}},{"@type":"ListItem","@id":"https:\/\/www.eldigitaldeasturias.com\/noticias\/la-duquesa-catalina-de-cambridge-da-a-luz-a-un-nino\/#listItem","position":3,"name":"La duquesa Catalina de Cambridge da a luz a un ni\u00f1o","previousItem":{"@type":"ListItem","@id":"https:\/\/www.eldigitaldeasturias.com\/noticias\/category\/actualidad\/#listItem","name":"Actualidad"}}]},{"@type":"Organization","@id":"https:\/\/www.eldigitaldeasturias.com\/noticias\/#organization","name":"El Digital de Asturias","description":"Hemeroteca","url":"https:\/\/www.eldigitaldeasturias.com\/noticias\/","email":"info@eldigitaldeasturias.com","telephone":"+34652131393","logo":{"@type":"ImageObject","url":"https:\/\/www.eldigitaldeasturias.com\/noticias\/wp-content\/uploads\/2020\/12\/EDA.jpg","@id":"https:\/\/www.eldigitaldeasturias.com\/noticias\/la-duquesa-catalina-de-cambridge-da-a-luz-a-un-nino\/#organizationLogo"},"image":{"@id":"https:\/\/www.eldigitaldeasturias.com\/noticias\/la-duquesa-catalina-de-cambridge-da-a-luz-a-un-nino\/#organizationLogo"},"sameAs":["https:\/\/facebook.com\/eldigitaldeasturias","https:\/\/www.youtube.com\/channel\/UCZP-2wLEB9Rv6erhFmqVnvg"],"address":{"@id":"https:\/\/www.eldigitaldeasturias.com\/noticias\/#postaladdress","@type":"PostalAddress","streetAddress":"san antonio 4","postalCode":"33430","addressLocality":"Cand\u00e1s","addressRegion":"Asturias","addressCountry":"ES"}},{"@type":"Person","@id":"https:\/\/www.eldigitaldeasturias.com\/noticias\/author\/admin\/#author","url":"https:\/\/www.eldigitaldeasturias.com\/noticias\/author\/admin\/","name":"El Digital de Asturias","image":{"@type":"ImageObject","@id":"https:\/\/www.eldigitaldeasturias.com\/noticias\/la-duquesa-catalina-de-cambridge-da-a-luz-a-un-nino\/#authorImage","url":"https:\/\/secure.gravatar.com\/avatar\/df2aeffc32bcd13f8d26072ef8a91b623d677766deac7f97ca815868cd41bf5e?s=96&d=mm&r=g","width":96,"height":96,"caption":"El Digital de Asturias"}},{"@type":"WebPage","@id":"https:\/\/www.eldigitaldeasturias.com\/noticias\/la-duquesa-catalina-de-cambridge-da-a-luz-a-un-nino\/#webpage","url":"https:\/\/www.eldigitaldeasturias.com\/noticias\/la-duquesa-catalina-de-cambridge-da-a-luz-a-un-nino\/","name":"La duquesa Catalina de Cambridge da a luz a un ni\u00f1o - El Digital de Asturias","description":"Londres, 23 abr (dpa) - La duquesa Catalina de Cambrigde, esposa del pr\u00edncipe Guillermo de Inglaterra, dio hoy a luz a un ni\u00f1o, el tercer hijo de la pareja, inform\u00f3 el Palacio de Kensington. El beb\u00e9 naci\u00f3 a las 11:01 hora local (10:01 GMT) y pes\u00f3 3,8 kilogramos. El pr\u00edncipe Guillermo estuvo presente en el","inLanguage":"es-ES","isPartOf":{"@id":"https:\/\/www.eldigitaldeasturias.com\/noticias\/#website"},"breadcrumb":{"@id":"https:\/\/www.eldigitaldeasturias.com\/noticias\/la-duquesa-catalina-de-cambridge-da-a-luz-a-un-nino\/#breadcrumblist"},"author":{"@id":"https:\/\/www.eldigitaldeasturias.com\/noticias\/author\/admin\/#author"},"creator":{"@id":"https:\/\/www.eldigitaldeasturias.com\/noticias\/author\/admin\/#author"},"image":{"@type":"ImageObject","url":976680,"@id":"https:\/\/www.eldigitaldeasturias.com\/noticias\/la-duquesa-catalina-de-cambridge-da-a-luz-a-un-nino\/#mainImage"},"primaryImageOfPage":{"@id":"https:\/\/www.eldigitaldeasturias.com\/noticias\/la-duquesa-catalina-de-cambridge-da-a-luz-a-un-nino\/#mainImage"},"datePublished":"2018-04-23T22:10:28+02:00","dateModified":"2018-04-23T22:10:28+02:00"},{"@type":"WebSite","@id":"https:\/\/www.eldigitaldeasturias.com\/noticias\/#website","url":"https:\/\/www.eldigitaldeasturias.com\/noticias\/","name":"El Digital de Asturias - Diario de actualidad y noticias","alternateName":"El Digital de Asturias - Diario de actualidad y noticias","description":"Hemeroteca","inLanguage":"es-ES","publisher":{"@id":"https:\/\/www.eldigitaldeasturias.com\/noticias\/#organization"}}]},"og:locale":"es_ES","og:site_name":"El Digital de Asturias","og:type":"article","og:title":"La duquesa Catalina de Cambridge da a luz a un ni\u00f1o - El Digital de Asturias","og:description":"Londres, 23 abr (dpa) - La duquesa Catalina de Cambrigde, esposa del pr\u00edncipe Guillermo de Inglaterra, dio hoy a luz a un ni\u00f1o, el tercer hijo de la pareja, inform\u00f3 el Palacio de Kensington. El beb\u00e9 naci\u00f3 a las 11:01 hora local (10:01 GMT) y pes\u00f3 3,8 kilogramos. El pr\u00edncipe Guillermo estuvo presente en el","og:url":"https:\/\/www.eldigitaldeasturias.com\/noticias\/la-duquesa-catalina-de-cambridge-da-a-luz-a-un-nino\/","article:tag":["actualidad"],"article:published_time":"2018-04-23T22:10:28+00:00","article:modified_time":"2018-04-23T22:10:28+00:00","article:publisher":"https:\/\/facebook.com\/eldigitaldeasturias","twitter:card":"summary_large_image","twitter:title":"La duquesa Catalina de Cambridge da a luz a un ni\u00f1o - El Digital de Asturias","twitter:description":"Londres, 23 abr (dpa) - La duquesa Catalina de Cambrigde, esposa del pr\u00edncipe Guillermo de Inglaterra, dio hoy a luz a un ni\u00f1o, el tercer hijo de la pareja, inform\u00f3 el Palacio de Kensington. El beb\u00e9 naci\u00f3 a las 11:01 hora local (10:01 GMT) y pes\u00f3 3,8 kilogramos. El pr\u00edncipe Guillermo estuvo presente en el","twitter:image":"https:\/\/www.eldigitaldeasturias.com\/noticias\/wp-content\/uploads\/2020\/12\/EDA-1.jpg","twitter:label1":"Escrito por","twitter:data1":"El Digital de Asturias","twitter:label2":"Tiempo de lectura estimado","twitter:data2":"2 minutos"},"aioseo_meta_data":{"post_id":"977173","title":null,"description":null,"keywords":null,"keyphrases":null,"primary_term":null,"canonical_url":null,"og_title":null,"og_description":null,"og_object_type":"default","og_image_type":"default","og_image_url":null,"og_image_width":null,"og_image_height":null,"og_image_custom_url":null,"og_image_custom_fields":null,"og_video":null,"og_custom_url":null,"og_article_section":null,"og_article_tags":null,"twitter_use_og":false,"twitter_card":"default","twitter_image_type":"default","twitter_image_url":null,"twitter_image_custom_url":null,"twitter_image_custom_fields":null,"twitter_title":null,"twitter_description":null,"schema":{"blockGraphs":[],"customGraphs":[],"default":{"data":{"Article":[],"Course":[],"Dataset":[],"FAQPage":[],"Movie":[],"Person":[],"Product":[],"ProductReview":[],"Car":[],"Recipe":[],"Service":[],"SoftwareApplication":[],"WebPage":[]},"graphName":"","isEnabled":true},"graphs":[],"defaultGraph":"","defaultPostTypeGraph":""},"schema_type":null,"schema_type_options":null,"pillar_content":false,"robots_default":true,"robots_noindex":false,"robots_noarchive":false,"robots_nosnippet":false,"robots_nofollow":false,"robots_noimageindex":false,"robots_noodp":false,"robots_notranslate":false,"robots_max_snippet":null,"robots_max_videopreview":null,"robots_max_imagepreview":"large","priority":null,"frequency":null,"local_seo":null,"seo_analyzer_scan_date":"2025-10-08 06:27:02","breadcrumb_settings":null,"limit_modified_date":false,"open_ai":null,"ai":null,"created":"2020-12-21 12:05:38","updated":"2025-10-08 06:27:02","focus_keyword":null,"additional_keywords":null,"truseo_locale":null},"aioseo_breadcrumb":"<div class=\"aioseo-breadcrumbs\"><span class=\"aioseo-breadcrumb\">\n\t<a href=\"https:\/\/www.eldigitaldeasturias.com\/noticias\" title=\"Home\">Home<\/a>\n<\/span><span class=\"aioseo-breadcrumb-separator\">\u2013<\/span><span class=\"aioseo-breadcrumb\">\n\t<a href=\"https:\/\/www.eldigitaldeasturias.com\/noticias\/category\/actualidad\/\" title=\"Actualidad\">Actualidad<\/a>\n<\/span><span class=\"aioseo-breadcrumb-separator\">\u2013<\/span><span class=\"aioseo-breadcrumb\">\n\t<a href=\"https:\/\/www.eldigitaldeasturias.com\/noticias\/la-duquesa-catalina-de-cambridge-da-a-luz-a-un-nino\/\" title=\"La duquesa Catalina de Cambridge da a luz a un ni\u00f1o\">La duquesa Catalina de Cambridge da a luz a un ni\u00f1o<\/a>\n<\/span><\/div>","aioseo_breadcrumb_json":[{"label":"Home","link":"https:\/\/www.eldigitaldeasturias.com\/noticias"},{"label":"Actualidad","link":"https:\/\/www.eldigitaldeasturias.com\/noticias\/category\/actualidad\/"},{"label":"La duquesa Catalina de Cambridge da a luz a un ni\u00f1o","link":"https:\/\/www.eldigitaldeasturias.com\/noticias\/la-duquesa-catalina-de-cambridge-da-a-luz-a-un-nino\/"}],"_links":{"self":[{"href":"https:\/\/www.eldigitaldeasturias.com\/noticias\/wp-json\/wp\/v2\/posts\/977173","targetHints":{"allow":["GET"]}}],"collection":[{"href":"https:\/\/www.eldigitaldeasturias.com\/noticias\/wp-json\/wp\/v2\/posts"}],"about":[{"href":"https:\/\/www.eldigitaldeasturias.com\/noticias\/wp-json\/wp\/v2\/types\/post"}],"author":[{"embeddable":true,"href":"https:\/\/www.eldigitaldeasturias.com\/noticias\/wp-json\/wp\/v2\/users\/1"}],"replies":[{"embeddable":true,"href":"https:\/\/www.eldigitaldeasturias.com\/noticias\/wp-json\/wp\/v2\/comments?post=977173"}],"version-history":[{"count":0,"href":"https:\/\/www.eldigitaldeasturias.com\/noticias\/wp-json\/wp\/v2\/posts\/977173\/revisions"}],"wp:attachment":[{"href":"https:\/\/www.eldigitaldeasturias.com\/noticias\/wp-json\/wp\/v2\/media?parent=977173"}],"wp:term":[{"taxonomy":"category","embeddable":true,"href":"https:\/\/www.eldigitaldeasturias.com\/noticias\/wp-json\/wp\/v2\/categories?post=977173"},{"taxonomy":"post_tag","embeddable":true,"href":"https:\/\/www.eldigitaldeasturias.com\/noticias\/wp-json\/wp\/v2\/tags?post=977173"}],"curies":[{"name":"wp","href":"https:\/\/api.w.org\/{rel}","templated":true}]}}