{"id":977171,"date":"2018-04-23T22:07:49","date_gmt":"2018-04-23T22:07:49","guid":{"rendered":"http:\/\/www.eldigitaldeasturias.com\/noticias\/?p=977171"},"modified":"2018-04-23T22:07:49","modified_gmt":"2018-04-23T22:07:49","slug":"malos-tiempos-para-la-izquierda-de-america-latina-tras-las-elecciones-de-paraguay","status":"publish","type":"post","link":"https:\/\/www.eldigitaldeasturias.com\/noticias\/malos-tiempos-para-la-izquierda-de-america-latina-tras-las-elecciones-de-paraguay\/","title":{"rendered":"Malos tiempos para la izquierda de Am\u00e9rica Latina tras las elecciones de Paraguay"},"content":{"rendered":"<p><img loading=\"lazy\" decoding=\"async\" src=\"https:\/\/www.eldigitaldeasturias.com\/noticias\/wp-content\/uploads\/2018\/04\/flag-2529009_960_720-360x270.jpg\" alt=\"\" width=\"360\" height=\"270\" class=\"alignleft size-medium wp-image-976822\" \/>Asunci\u00f3n, 23 abr (dpa) \u2013 Paraguay amaneci\u00f3 hoy sin demasiados sobresaltos: sabe que el presidente \u00abcolorado\u00bb Horacio Cartes ser\u00e1 sucedido por su correligionario Mario Abdo Ben\u00edtez, quien garantiza la continuidad del modelo econ\u00f3mico liberal aplicado desde hace d\u00e9cadas.<\/p>\n<p>El pa\u00eds sabe tambi\u00e9n que posiblemente podr\u00e1 mantener, e incluso quiz\u00e1s aumentar, la tasa de crecimiento econ\u00f3mico del 4,5 por ciento que exhibe orgullosamente cada a\u00f1o desde hace 15, gracias al negocio de la soja y sobre todo la maquila.<\/p>\n<p>Pero el modelo tiene una contracara dif\u00edcil de ocultar cuando el mismo Palacio de Gobierno, en la capital, est\u00e1 rodeado por un populoso barrio marginal: en Paraguay casi una de cada tres personas vive en la pobreza o la extrema pobreza.<\/p>\n<p>Con el resultado de las elecciones generales de este domingo, Paraguay mostr\u00f3 a sus inversionistas, muchos de ellos de Brasil, que es un pa\u00eds estable. Y tambi\u00e9n que est\u00e1 en consonancia con el rumbo pol\u00edtico que est\u00e1 tomando su vecino y otras naciones del continente en un a\u00f1o de varias citas electorales.<\/p>\n<p>As\u00ed, en Brasil resuena con fuerza el nombre del ultraderechista Jair Bolsonaro a medida que se avanza hacia las elecciones generales de octubre.<\/p>\n<p>En recientes sondeos de Datafolha, el ex militar aparece segundo en la intenci\u00f3n de voto. Est\u00e1 16 puntos porcentuales por debajo del ex presidente Luiz In\u00e1cio Lula da Silva, pero eso no sirve de mucho si el m\u00e1ximo favorito cumple en prisi\u00f3n una condena a 12 a\u00f1os por corrupci\u00f3n.<\/p>\n<p>\u201cYo lo llamo un golpe preventivo. Es uno de los recursos disponibles en este momento para frenar toda posibilidad de Gobiernos progresistas en la regi\u00f3n, tal como lo han sido los golpes disfrazados de juicios pol\u00edticos\u201d, afirma la soci\u00f3loga Marielle Palau, del centro de investigaciones paraguayo Baseis.<\/p>\n<p>El 8 de abril, al d\u00eda siguiente de que Lula se entregara a las autoridades, el diario conservador uruguayo \u00abEl Pa\u00eds\u00bb titulaba en portada: \u00abEl principal referente de la izquierda sudamericana se entreg\u00f3 anoche\u00bb, con lo que daba cuenta de la importancia que ese hecho ten\u00eda para todo el continente.<\/p>\n<p>La \u00fanica opci\u00f3n que se vislumbra para rearmar una punta de lanza progresista en la regi\u00f3n se centra actualmente en el candidato presidencial mexicano Andr\u00e9s Manuel L\u00f3pez Obrador, quien lleva una ventaja de m\u00e1s de diez puntos porcentuales en las encuestas de cara a las elecciones del 1 de julio.<\/p>\n<p>En opini\u00f3n de Palau, Paraguay perdi\u00f3 en estas elecciones la oportunidad de constituirse en esa punta de lanza mediante una coalici\u00f3n que, si bien inclu\u00eda a sectores liberales, ten\u00eda entre sus filas al ex presidente Fernando Lugo (2008-2012).<\/p>\n<p>\u00abParaguay podr\u00eda haber sido el inicio de un proceso de recuperaci\u00f3n del progresismo en la regi\u00f3n, pero eso no ocurri\u00f3\u00bb, se\u00f1al\u00f3.<\/p>\n<p>Ninguno de los otros pa\u00edses donde hubo o habr\u00e1 elecciones presidenciales este a\u00f1o (Costa Rica, Colombia, y Venezuela), como tampoco Cuba, est\u00e1n hoy en condiciones de erigirse en vanguardia para retomar el rumbo progresista que hab\u00eda tomado el continente en las dos d\u00e9cadas pasadas, afirma el analista colombiano Christian Arias, profesor de Teor\u00eda Cr\u00edtica Latinoamericana en la Universidad de Buenos Aires.<\/p>\n<p>\u00abCon Hugo Ch\u00e1vez, Venezuela ten\u00eda liderazgo regional. Hoy, Venezuela est\u00e1 en una retaguardia incesante, tratando de sobrellevar las dificultades econ\u00f3micas en medio del bloqueo financiero y del aislamiento pol\u00edtico\u00bb, explica Arias.<\/p>\n<p>En cambio, sigue vigente en Bolivia la figura de Evo Morales, cuyas aspiraciones de reelecci\u00f3n para los comicios de 2019 fueron rechazadas por la poblaci\u00f3n en un refer\u00e9ndum cuyo resultado \u00e9l consider\u00f3 producto de una campa\u00f1a de desprestigio en su contra.<\/p>\n<p>Con este cambio de rumbo continental, los movimientos populares, que est\u00e1n ya bastante golpeados en varios de estos pa\u00edses, tienen por desaf\u00edo resistir para no perder las conquistas sociales logradas en los a\u00f1os pasados.<\/p>\n<p>Por Ivonne Jeannot Laens (dpa)<\/p>\n","protected":false},"excerpt":{"rendered":"<p>Asunci\u00f3n, 23 abr (dpa) \u2013 Paraguay amaneci\u00f3 hoy sin demasiados sobresaltos: sabe que el presidente \u00abcolorado\u00bb Horacio Cartes ser\u00e1 sucedido por su correligionario Mario Abdo Ben\u00edtez, quien garantiza la continuidad del modelo econ\u00f3mico liberal aplicado desde hace d\u00e9cadas. El pa\u00eds sabe tambi\u00e9n que posiblemente podr\u00e1 mantener, e incluso quiz\u00e1s aumentar, la tasa de crecimiento econ\u00f3mico [&hellip;]<\/p>\n","protected":false},"author":1,"featured_media":976822,"comment_status":"closed","ping_status":"closed","sticky":false,"template":"","format":"standard","meta":{"footnotes":""},"categories":[1],"tags":[],"class_list":["post-977171","post","type-post","status-publish","format-standard","has-post-thumbnail","hentry","category-actualidad"],"aioseo_notices":[],"aioseo_head":"\n\t\t<!-- All in One SEO Pro 5.0.1 - aioseo.com -->\n\t<meta name=\"description\" content=\"Asunci\u00f3n, 23 abr (dpa) \u2013 Paraguay amaneci\u00f3 hoy sin demasiados sobresaltos: sabe que el presidente &quot;colorado&quot; Horacio Cartes ser\u00e1 sucedido por su correligionario Mario Abdo Ben\u00edtez, quien garantiza la continuidad del modelo econ\u00f3mico liberal aplicado desde hace d\u00e9cadas. El pa\u00eds sabe tambi\u00e9n que posiblemente podr\u00e1 mantener, e incluso quiz\u00e1s aumentar, la tasa de crecimiento econ\u00f3mico\" \/>\n\t<meta name=\"robots\" content=\"max-image-preview:large\" \/>\n\t<meta name=\"author\" content=\"El Digital de Asturias\"\/>\n\t<meta name=\"google-site-verification\" content=\"UA-38556648-1\" \/>\n\t<meta name=\"msvalidate.01\" content=\"7dfe9f3f1b24437ab69f4f2559babe99\" \/>\n\t<meta name=\"keywords\" content=\"actualidad\" \/>\n\t<link rel=\"canonical\" href=\"https:\/\/www.eldigitaldeasturias.com\/noticias\/malos-tiempos-para-la-izquierda-de-america-latina-tras-las-elecciones-de-paraguay\/\" \/>\n\t<meta name=\"generator\" content=\"All in One SEO Pro (AIOSEO) 5.0.1\" \/>\n\t\t<meta property=\"og:locale\" content=\"es_ES\" \/>\n\t\t<meta property=\"og:site_name\" content=\"El Digital de Asturias\" \/>\n\t\t<meta property=\"og:type\" content=\"article\" \/>\n\t\t<meta property=\"og:title\" content=\"Malos tiempos para la izquierda de Am\u00e9rica Latina tras las elecciones de Paraguay - El Digital de Asturias\" \/>\n\t\t<meta property=\"og:description\" content=\"Asunci\u00f3n, 23 abr (dpa) \u2013 Paraguay amaneci\u00f3 hoy sin demasiados sobresaltos: sabe que el presidente &quot;colorado&quot; Horacio Cartes ser\u00e1 sucedido por su correligionario Mario Abdo Ben\u00edtez, quien garantiza la continuidad del modelo econ\u00f3mico liberal aplicado desde hace d\u00e9cadas. El pa\u00eds sabe tambi\u00e9n que posiblemente podr\u00e1 mantener, e incluso quiz\u00e1s aumentar, la tasa de crecimiento econ\u00f3mico\" \/>\n\t\t<meta property=\"og:url\" content=\"https:\/\/www.eldigitaldeasturias.com\/noticias\/malos-tiempos-para-la-izquierda-de-america-latina-tras-las-elecciones-de-paraguay\/\" \/>\n\t\t<meta property=\"article:tag\" content=\"actualidad\" \/>\n\t\t<meta property=\"article:published_time\" content=\"2018-04-23T22:07:49+00:00\" \/>\n\t\t<meta property=\"article:modified_time\" content=\"2018-04-23T22:07:49+00:00\" \/>\n\t\t<meta property=\"article:publisher\" content=\"https:\/\/facebook.com\/eldigitaldeasturias\" \/>\n\t\t<meta name=\"twitter:card\" content=\"summary_large_image\" \/>\n\t\t<meta name=\"twitter:title\" content=\"Malos tiempos para la izquierda de Am\u00e9rica Latina tras las elecciones de Paraguay - El Digital de Asturias\" \/>\n\t\t<meta name=\"twitter:description\" content=\"Asunci\u00f3n, 23 abr (dpa) \u2013 Paraguay amaneci\u00f3 hoy sin demasiados sobresaltos: sabe que el presidente &quot;colorado&quot; Horacio Cartes ser\u00e1 sucedido por su correligionario Mario Abdo Ben\u00edtez, quien garantiza la continuidad del modelo econ\u00f3mico liberal aplicado desde hace d\u00e9cadas. El pa\u00eds sabe tambi\u00e9n que posiblemente podr\u00e1 mantener, e incluso quiz\u00e1s aumentar, la tasa de crecimiento econ\u00f3mico\" \/>\n\t\t<meta name=\"twitter:image\" content=\"https:\/\/www.eldigitaldeasturias.com\/noticias\/wp-content\/uploads\/2020\/12\/EDA-1.jpg\" \/>\n\t\t<meta name=\"twitter:label1\" content=\"Escrito por\" \/>\n\t\t<meta name=\"twitter:data1\" content=\"El Digital de Asturias\" \/>\n\t\t<meta name=\"twitter:label2\" content=\"Tiempo de lectura estimado\" \/>\n\t\t<meta name=\"twitter:data2\" content=\"3 minutos\" \/>\n\t\t<script type=\"application\/ld+json\" class=\"aioseo-schema\">\n\t\t\t{\"@context\":\"https:\\\/\\\/schema.org\",\"@graph\":[{\"@type\":\"BlogPosting\",\"@id\":\"https:\\\/\\\/www.eldigitaldeasturias.com\\\/noticias\\\/malos-tiempos-para-la-izquierda-de-america-latina-tras-las-elecciones-de-paraguay\\\/#blogposting\",\"name\":\"Malos tiempos para la izquierda de Am\\u00e9rica Latina tras las elecciones de Paraguay - El Digital de Asturias\",\"headline\":\"Malos tiempos para la izquierda de Am\\u00e9rica Latina tras las elecciones de Paraguay\",\"author\":{\"@id\":\"https:\\\/\\\/www.eldigitaldeasturias.com\\\/noticias\\\/author\\\/admin\\\/#author\"},\"publisher\":{\"@id\":\"https:\\\/\\\/www.eldigitaldeasturias.com\\\/noticias\\\/#organization\"},\"image\":{\"@type\":\"ImageObject\",\"url\":976822},\"datePublished\":\"2018-04-23T22:07:49+02:00\",\"dateModified\":\"2018-04-23T22:07:49+02:00\",\"inLanguage\":\"es-ES\",\"mainEntityOfPage\":{\"@id\":\"https:\\\/\\\/www.eldigitaldeasturias.com\\\/noticias\\\/malos-tiempos-para-la-izquierda-de-america-latina-tras-las-elecciones-de-paraguay\\\/#webpage\"},\"isPartOf\":{\"@id\":\"https:\\\/\\\/www.eldigitaldeasturias.com\\\/noticias\\\/malos-tiempos-para-la-izquierda-de-america-latina-tras-las-elecciones-de-paraguay\\\/#webpage\"},\"articleSection\":\"Actualidad\"},{\"@type\":\"BreadcrumbList\",\"@id\":\"https:\\\/\\\/www.eldigitaldeasturias.com\\\/noticias\\\/malos-tiempos-para-la-izquierda-de-america-latina-tras-las-elecciones-de-paraguay\\\/#breadcrumblist\",\"itemListElement\":[{\"@type\":\"ListItem\",\"@id\":\"https:\\\/\\\/www.eldigitaldeasturias.com\\\/noticias#listItem\",\"position\":1,\"name\":\"Home\",\"item\":\"https:\\\/\\\/www.eldigitaldeasturias.com\\\/noticias\",\"nextItem\":{\"@type\":\"ListItem\",\"@id\":\"https:\\\/\\\/www.eldigitaldeasturias.com\\\/noticias\\\/category\\\/actualidad\\\/#listItem\",\"name\":\"Actualidad\"}},{\"@type\":\"ListItem\",\"@id\":\"https:\\\/\\\/www.eldigitaldeasturias.com\\\/noticias\\\/category\\\/actualidad\\\/#listItem\",\"position\":2,\"name\":\"Actualidad\",\"item\":\"https:\\\/\\\/www.eldigitaldeasturias.com\\\/noticias\\\/category\\\/actualidad\\\/\",\"nextItem\":{\"@type\":\"ListItem\",\"@id\":\"https:\\\/\\\/www.eldigitaldeasturias.com\\\/noticias\\\/malos-tiempos-para-la-izquierda-de-america-latina-tras-las-elecciones-de-paraguay\\\/#listItem\",\"name\":\"Malos tiempos para la izquierda de Am\\u00e9rica Latina tras las elecciones de Paraguay\"},\"previousItem\":{\"@type\":\"ListItem\",\"@id\":\"https:\\\/\\\/www.eldigitaldeasturias.com\\\/noticias#listItem\",\"name\":\"Home\"}},{\"@type\":\"ListItem\",\"@id\":\"https:\\\/\\\/www.eldigitaldeasturias.com\\\/noticias\\\/malos-tiempos-para-la-izquierda-de-america-latina-tras-las-elecciones-de-paraguay\\\/#listItem\",\"position\":3,\"name\":\"Malos tiempos para la izquierda de Am\\u00e9rica Latina tras las elecciones de Paraguay\",\"previousItem\":{\"@type\":\"ListItem\",\"@id\":\"https:\\\/\\\/www.eldigitaldeasturias.com\\\/noticias\\\/category\\\/actualidad\\\/#listItem\",\"name\":\"Actualidad\"}}]},{\"@type\":\"Organization\",\"@id\":\"https:\\\/\\\/www.eldigitaldeasturias.com\\\/noticias\\\/#organization\",\"name\":\"El Digital de Asturias\",\"description\":\"Hemeroteca\",\"url\":\"https:\\\/\\\/www.eldigitaldeasturias.com\\\/noticias\\\/\",\"email\":\"info@eldigitaldeasturias.com\",\"telephone\":\"+34652131393\",\"logo\":{\"@type\":\"ImageObject\",\"url\":\"https:\\\/\\\/www.eldigitaldeasturias.com\\\/noticias\\\/wp-content\\\/uploads\\\/2020\\\/12\\\/EDA.jpg\",\"@id\":\"https:\\\/\\\/www.eldigitaldeasturias.com\\\/noticias\\\/malos-tiempos-para-la-izquierda-de-america-latina-tras-las-elecciones-de-paraguay\\\/#organizationLogo\"},\"image\":{\"@id\":\"https:\\\/\\\/www.eldigitaldeasturias.com\\\/noticias\\\/malos-tiempos-para-la-izquierda-de-america-latina-tras-las-elecciones-de-paraguay\\\/#organizationLogo\"},\"sameAs\":[\"https:\\\/\\\/facebook.com\\\/eldigitaldeasturias\",\"https:\\\/\\\/www.youtube.com\\\/channel\\\/UCZP-2wLEB9Rv6erhFmqVnvg\"],\"address\":{\"@id\":\"https:\\\/\\\/www.eldigitaldeasturias.com\\\/noticias\\\/#postaladdress\",\"@type\":\"PostalAddress\",\"streetAddress\":\"san antonio 4\",\"postalCode\":\"33430\",\"addressLocality\":\"Cand\\u00e1s\",\"addressRegion\":\"Asturias\",\"addressCountry\":\"ES\"}},{\"@type\":\"Person\",\"@id\":\"https:\\\/\\\/www.eldigitaldeasturias.com\\\/noticias\\\/author\\\/admin\\\/#author\",\"url\":\"https:\\\/\\\/www.eldigitaldeasturias.com\\\/noticias\\\/author\\\/admin\\\/\",\"name\":\"El Digital de Asturias\",\"image\":{\"@type\":\"ImageObject\",\"@id\":\"https:\\\/\\\/www.eldigitaldeasturias.com\\\/noticias\\\/malos-tiempos-para-la-izquierda-de-america-latina-tras-las-elecciones-de-paraguay\\\/#authorImage\",\"url\":\"https:\\\/\\\/secure.gravatar.com\\\/avatar\\\/df2aeffc32bcd13f8d26072ef8a91b623d677766deac7f97ca815868cd41bf5e?s=96&d=mm&r=g\",\"width\":96,\"height\":96,\"caption\":\"El Digital de Asturias\"}},{\"@type\":\"WebPage\",\"@id\":\"https:\\\/\\\/www.eldigitaldeasturias.com\\\/noticias\\\/malos-tiempos-para-la-izquierda-de-america-latina-tras-las-elecciones-de-paraguay\\\/#webpage\",\"url\":\"https:\\\/\\\/www.eldigitaldeasturias.com\\\/noticias\\\/malos-tiempos-para-la-izquierda-de-america-latina-tras-las-elecciones-de-paraguay\\\/\",\"name\":\"Malos tiempos para la izquierda de Am\\u00e9rica Latina tras las elecciones de Paraguay - El Digital de Asturias\",\"description\":\"Asunci\\u00f3n, 23 abr (dpa) \\u2013 Paraguay amaneci\\u00f3 hoy sin demasiados sobresaltos: sabe que el presidente \\\"colorado\\\" Horacio Cartes ser\\u00e1 sucedido por su correligionario Mario Abdo Ben\\u00edtez, quien garantiza la continuidad del modelo econ\\u00f3mico liberal aplicado desde hace d\\u00e9cadas. El pa\\u00eds sabe tambi\\u00e9n que posiblemente podr\\u00e1 mantener, e incluso quiz\\u00e1s aumentar, la tasa de crecimiento econ\\u00f3mico\",\"inLanguage\":\"es-ES\",\"isPartOf\":{\"@id\":\"https:\\\/\\\/www.eldigitaldeasturias.com\\\/noticias\\\/#website\"},\"breadcrumb\":{\"@id\":\"https:\\\/\\\/www.eldigitaldeasturias.com\\\/noticias\\\/malos-tiempos-para-la-izquierda-de-america-latina-tras-las-elecciones-de-paraguay\\\/#breadcrumblist\"},\"author\":{\"@id\":\"https:\\\/\\\/www.eldigitaldeasturias.com\\\/noticias\\\/author\\\/admin\\\/#author\"},\"creator\":{\"@id\":\"https:\\\/\\\/www.eldigitaldeasturias.com\\\/noticias\\\/author\\\/admin\\\/#author\"},\"image\":{\"@type\":\"ImageObject\",\"url\":976822,\"@id\":\"https:\\\/\\\/www.eldigitaldeasturias.com\\\/noticias\\\/malos-tiempos-para-la-izquierda-de-america-latina-tras-las-elecciones-de-paraguay\\\/#mainImage\"},\"primaryImageOfPage\":{\"@id\":\"https:\\\/\\\/www.eldigitaldeasturias.com\\\/noticias\\\/malos-tiempos-para-la-izquierda-de-america-latina-tras-las-elecciones-de-paraguay\\\/#mainImage\"},\"datePublished\":\"2018-04-23T22:07:49+02:00\",\"dateModified\":\"2018-04-23T22:07:49+02:00\"},{\"@type\":\"WebSite\",\"@id\":\"https:\\\/\\\/www.eldigitaldeasturias.com\\\/noticias\\\/#website\",\"url\":\"https:\\\/\\\/www.eldigitaldeasturias.com\\\/noticias\\\/\",\"name\":\"El Digital de Asturias - Diario de actualidad y noticias\",\"alternateName\":\"El Digital de Asturias - Diario de actualidad y noticias\",\"description\":\"Hemeroteca\",\"inLanguage\":\"es-ES\",\"publisher\":{\"@id\":\"https:\\\/\\\/www.eldigitaldeasturias.com\\\/noticias\\\/#organization\"}}]}\n\t\t<\/script>\n\t\t<!-- All in One SEO Pro -->\r\n\t\t<title>Malos tiempos para la izquierda de Am\u00e9rica Latina tras las elecciones de Paraguay - El Digital de Asturias<\/title>\n\n","aioseo_head_json":{"title":"Malos tiempos para la izquierda de Am\u00e9rica Latina tras las elecciones de Paraguay - El Digital de Asturias","description":"Asunci\u00f3n, 23 abr (dpa) \u2013 Paraguay amaneci\u00f3 hoy sin demasiados sobresaltos: sabe que el presidente \"colorado\" Horacio Cartes ser\u00e1 sucedido por su correligionario Mario Abdo Ben\u00edtez, quien garantiza la continuidad del modelo econ\u00f3mico liberal aplicado desde hace d\u00e9cadas. El pa\u00eds sabe tambi\u00e9n que posiblemente podr\u00e1 mantener, e incluso quiz\u00e1s aumentar, la tasa de crecimiento econ\u00f3mico","canonical_url":"https:\/\/www.eldigitaldeasturias.com\/noticias\/malos-tiempos-para-la-izquierda-de-america-latina-tras-las-elecciones-de-paraguay\/","robots":"max-image-preview:large","keywords":"actualidad","webmasterTools":{"google-site-verification":"UA-38556648-1","msvalidate.01":"7dfe9f3f1b24437ab69f4f2559babe99","miscellaneous":""},"schema":{"@context":"https:\/\/schema.org","@graph":[{"@type":"BlogPosting","@id":"https:\/\/www.eldigitaldeasturias.com\/noticias\/malos-tiempos-para-la-izquierda-de-america-latina-tras-las-elecciones-de-paraguay\/#blogposting","name":"Malos tiempos para la izquierda de Am\u00e9rica Latina tras las elecciones de Paraguay - El Digital de Asturias","headline":"Malos tiempos para la izquierda de Am\u00e9rica Latina tras las elecciones de Paraguay","author":{"@id":"https:\/\/www.eldigitaldeasturias.com\/noticias\/author\/admin\/#author"},"publisher":{"@id":"https:\/\/www.eldigitaldeasturias.com\/noticias\/#organization"},"image":{"@type":"ImageObject","url":976822},"datePublished":"2018-04-23T22:07:49+02:00","dateModified":"2018-04-23T22:07:49+02:00","inLanguage":"es-ES","mainEntityOfPage":{"@id":"https:\/\/www.eldigitaldeasturias.com\/noticias\/malos-tiempos-para-la-izquierda-de-america-latina-tras-las-elecciones-de-paraguay\/#webpage"},"isPartOf":{"@id":"https:\/\/www.eldigitaldeasturias.com\/noticias\/malos-tiempos-para-la-izquierda-de-america-latina-tras-las-elecciones-de-paraguay\/#webpage"},"articleSection":"Actualidad"},{"@type":"BreadcrumbList","@id":"https:\/\/www.eldigitaldeasturias.com\/noticias\/malos-tiempos-para-la-izquierda-de-america-latina-tras-las-elecciones-de-paraguay\/#breadcrumblist","itemListElement":[{"@type":"ListItem","@id":"https:\/\/www.eldigitaldeasturias.com\/noticias#listItem","position":1,"name":"Home","item":"https:\/\/www.eldigitaldeasturias.com\/noticias","nextItem":{"@type":"ListItem","@id":"https:\/\/www.eldigitaldeasturias.com\/noticias\/category\/actualidad\/#listItem","name":"Actualidad"}},{"@type":"ListItem","@id":"https:\/\/www.eldigitaldeasturias.com\/noticias\/category\/actualidad\/#listItem","position":2,"name":"Actualidad","item":"https:\/\/www.eldigitaldeasturias.com\/noticias\/category\/actualidad\/","nextItem":{"@type":"ListItem","@id":"https:\/\/www.eldigitaldeasturias.com\/noticias\/malos-tiempos-para-la-izquierda-de-america-latina-tras-las-elecciones-de-paraguay\/#listItem","name":"Malos tiempos para la izquierda de Am\u00e9rica Latina tras las elecciones de Paraguay"},"previousItem":{"@type":"ListItem","@id":"https:\/\/www.eldigitaldeasturias.com\/noticias#listItem","name":"Home"}},{"@type":"ListItem","@id":"https:\/\/www.eldigitaldeasturias.com\/noticias\/malos-tiempos-para-la-izquierda-de-america-latina-tras-las-elecciones-de-paraguay\/#listItem","position":3,"name":"Malos tiempos para la izquierda de Am\u00e9rica Latina tras las elecciones de Paraguay","previousItem":{"@type":"ListItem","@id":"https:\/\/www.eldigitaldeasturias.com\/noticias\/category\/actualidad\/#listItem","name":"Actualidad"}}]},{"@type":"Organization","@id":"https:\/\/www.eldigitaldeasturias.com\/noticias\/#organization","name":"El Digital de Asturias","description":"Hemeroteca","url":"https:\/\/www.eldigitaldeasturias.com\/noticias\/","email":"info@eldigitaldeasturias.com","telephone":"+34652131393","logo":{"@type":"ImageObject","url":"https:\/\/www.eldigitaldeasturias.com\/noticias\/wp-content\/uploads\/2020\/12\/EDA.jpg","@id":"https:\/\/www.eldigitaldeasturias.com\/noticias\/malos-tiempos-para-la-izquierda-de-america-latina-tras-las-elecciones-de-paraguay\/#organizationLogo"},"image":{"@id":"https:\/\/www.eldigitaldeasturias.com\/noticias\/malos-tiempos-para-la-izquierda-de-america-latina-tras-las-elecciones-de-paraguay\/#organizationLogo"},"sameAs":["https:\/\/facebook.com\/eldigitaldeasturias","https:\/\/www.youtube.com\/channel\/UCZP-2wLEB9Rv6erhFmqVnvg"],"address":{"@id":"https:\/\/www.eldigitaldeasturias.com\/noticias\/#postaladdress","@type":"PostalAddress","streetAddress":"san antonio 4","postalCode":"33430","addressLocality":"Cand\u00e1s","addressRegion":"Asturias","addressCountry":"ES"}},{"@type":"Person","@id":"https:\/\/www.eldigitaldeasturias.com\/noticias\/author\/admin\/#author","url":"https:\/\/www.eldigitaldeasturias.com\/noticias\/author\/admin\/","name":"El Digital de Asturias","image":{"@type":"ImageObject","@id":"https:\/\/www.eldigitaldeasturias.com\/noticias\/malos-tiempos-para-la-izquierda-de-america-latina-tras-las-elecciones-de-paraguay\/#authorImage","url":"https:\/\/secure.gravatar.com\/avatar\/df2aeffc32bcd13f8d26072ef8a91b623d677766deac7f97ca815868cd41bf5e?s=96&d=mm&r=g","width":96,"height":96,"caption":"El Digital de Asturias"}},{"@type":"WebPage","@id":"https:\/\/www.eldigitaldeasturias.com\/noticias\/malos-tiempos-para-la-izquierda-de-america-latina-tras-las-elecciones-de-paraguay\/#webpage","url":"https:\/\/www.eldigitaldeasturias.com\/noticias\/malos-tiempos-para-la-izquierda-de-america-latina-tras-las-elecciones-de-paraguay\/","name":"Malos tiempos para la izquierda de Am\u00e9rica Latina tras las elecciones de Paraguay - El Digital de Asturias","description":"Asunci\u00f3n, 23 abr (dpa) \u2013 Paraguay amaneci\u00f3 hoy sin demasiados sobresaltos: sabe que el presidente \"colorado\" Horacio Cartes ser\u00e1 sucedido por su correligionario Mario Abdo Ben\u00edtez, quien garantiza la continuidad del modelo econ\u00f3mico liberal aplicado desde hace d\u00e9cadas. El pa\u00eds sabe tambi\u00e9n que posiblemente podr\u00e1 mantener, e incluso quiz\u00e1s aumentar, la tasa de crecimiento econ\u00f3mico","inLanguage":"es-ES","isPartOf":{"@id":"https:\/\/www.eldigitaldeasturias.com\/noticias\/#website"},"breadcrumb":{"@id":"https:\/\/www.eldigitaldeasturias.com\/noticias\/malos-tiempos-para-la-izquierda-de-america-latina-tras-las-elecciones-de-paraguay\/#breadcrumblist"},"author":{"@id":"https:\/\/www.eldigitaldeasturias.com\/noticias\/author\/admin\/#author"},"creator":{"@id":"https:\/\/www.eldigitaldeasturias.com\/noticias\/author\/admin\/#author"},"image":{"@type":"ImageObject","url":976822,"@id":"https:\/\/www.eldigitaldeasturias.com\/noticias\/malos-tiempos-para-la-izquierda-de-america-latina-tras-las-elecciones-de-paraguay\/#mainImage"},"primaryImageOfPage":{"@id":"https:\/\/www.eldigitaldeasturias.com\/noticias\/malos-tiempos-para-la-izquierda-de-america-latina-tras-las-elecciones-de-paraguay\/#mainImage"},"datePublished":"2018-04-23T22:07:49+02:00","dateModified":"2018-04-23T22:07:49+02:00"},{"@type":"WebSite","@id":"https:\/\/www.eldigitaldeasturias.com\/noticias\/#website","url":"https:\/\/www.eldigitaldeasturias.com\/noticias\/","name":"El Digital de Asturias - Diario de actualidad y noticias","alternateName":"El Digital de Asturias - Diario de actualidad y noticias","description":"Hemeroteca","inLanguage":"es-ES","publisher":{"@id":"https:\/\/www.eldigitaldeasturias.com\/noticias\/#organization"}}]},"og:locale":"es_ES","og:site_name":"El Digital de Asturias","og:type":"article","og:title":"Malos tiempos para la izquierda de Am\u00e9rica Latina tras las elecciones de Paraguay - El Digital de Asturias","og:description":"Asunci\u00f3n, 23 abr (dpa) \u2013 Paraguay amaneci\u00f3 hoy sin demasiados sobresaltos: sabe que el presidente &quot;colorado&quot; Horacio Cartes ser\u00e1 sucedido por su correligionario Mario Abdo Ben\u00edtez, quien garantiza la continuidad del modelo econ\u00f3mico liberal aplicado desde hace d\u00e9cadas. El pa\u00eds sabe tambi\u00e9n que posiblemente podr\u00e1 mantener, e incluso quiz\u00e1s aumentar, la tasa de crecimiento econ\u00f3mico","og:url":"https:\/\/www.eldigitaldeasturias.com\/noticias\/malos-tiempos-para-la-izquierda-de-america-latina-tras-las-elecciones-de-paraguay\/","article:tag":["actualidad"],"article:published_time":"2018-04-23T22:07:49+00:00","article:modified_time":"2018-04-23T22:07:49+00:00","article:publisher":"https:\/\/facebook.com\/eldigitaldeasturias","twitter:card":"summary_large_image","twitter:title":"Malos tiempos para la izquierda de Am\u00e9rica Latina tras las elecciones de Paraguay - El Digital de Asturias","twitter:description":"Asunci\u00f3n, 23 abr (dpa) \u2013 Paraguay amaneci\u00f3 hoy sin demasiados sobresaltos: sabe que el presidente &quot;colorado&quot; Horacio Cartes ser\u00e1 sucedido por su correligionario Mario Abdo Ben\u00edtez, quien garantiza la continuidad del modelo econ\u00f3mico liberal aplicado desde hace d\u00e9cadas. El pa\u00eds sabe tambi\u00e9n que posiblemente podr\u00e1 mantener, e incluso quiz\u00e1s aumentar, la tasa de crecimiento econ\u00f3mico","twitter:image":"https:\/\/www.eldigitaldeasturias.com\/noticias\/wp-content\/uploads\/2020\/12\/EDA-1.jpg","twitter:label1":"Escrito por","twitter:data1":"El Digital de Asturias","twitter:label2":"Tiempo de lectura estimado","twitter:data2":"3 minutos"},"aioseo_meta_data":{"post_id":"977171","title":null,"description":null,"keywords":null,"keyphrases":null,"primary_term":null,"canonical_url":null,"og_title":null,"og_description":null,"og_object_type":"default","og_image_type":"default","og_image_url":null,"og_image_width":null,"og_image_height":null,"og_image_custom_url":null,"og_image_custom_fields":null,"og_video":null,"og_custom_url":null,"og_article_section":null,"og_article_tags":null,"twitter_use_og":false,"twitter_card":"default","twitter_image_type":"default","twitter_image_url":null,"twitter_image_custom_url":null,"twitter_image_custom_fields":null,"twitter_title":null,"twitter_description":null,"schema":{"blockGraphs":[],"customGraphs":[],"default":{"data":{"Article":[],"Course":[],"Dataset":[],"FAQPage":[],"Movie":[],"Person":[],"Product":[],"ProductReview":[],"Car":[],"Recipe":[],"Service":[],"SoftwareApplication":[],"WebPage":[]},"graphName":"","isEnabled":true},"graphs":[],"defaultGraph":"","defaultPostTypeGraph":""},"schema_type":null,"schema_type_options":null,"pillar_content":false,"robots_default":true,"robots_noindex":false,"robots_noarchive":false,"robots_nosnippet":false,"robots_nofollow":false,"robots_noimageindex":false,"robots_noodp":false,"robots_notranslate":false,"robots_max_snippet":null,"robots_max_videopreview":null,"robots_max_imagepreview":"large","priority":null,"frequency":null,"local_seo":null,"seo_analyzer_scan_date":"2025-10-08 06:27:01","breadcrumb_settings":null,"limit_modified_date":false,"open_ai":null,"ai":null,"created":"2020-12-21 12:05:38","updated":"2025-10-08 06:27:01","focus_keyword":null,"additional_keywords":null,"truseo_locale":null},"aioseo_breadcrumb":"<div class=\"aioseo-breadcrumbs\"><span class=\"aioseo-breadcrumb\">\n\t<a href=\"https:\/\/www.eldigitaldeasturias.com\/noticias\" title=\"Home\">Home<\/a>\n<\/span><span class=\"aioseo-breadcrumb-separator\">\u2013<\/span><span class=\"aioseo-breadcrumb\">\n\t<a href=\"https:\/\/www.eldigitaldeasturias.com\/noticias\/category\/actualidad\/\" title=\"Actualidad\">Actualidad<\/a>\n<\/span><span class=\"aioseo-breadcrumb-separator\">\u2013<\/span><span class=\"aioseo-breadcrumb\">\n\t<a href=\"https:\/\/www.eldigitaldeasturias.com\/noticias\/malos-tiempos-para-la-izquierda-de-america-latina-tras-las-elecciones-de-paraguay\/\" title=\"Malos tiempos para la izquierda de Am\u00e9rica Latina tras las elecciones de Paraguay\">Malos tiempos para la izquierda de Am\u00e9rica Latina tras las elecciones de Paraguay<\/a>\n<\/span><\/div>","aioseo_breadcrumb_json":[{"label":"Home","link":"https:\/\/www.eldigitaldeasturias.com\/noticias"},{"label":"Actualidad","link":"https:\/\/www.eldigitaldeasturias.com\/noticias\/category\/actualidad\/"},{"label":"Malos tiempos para la izquierda de Am\u00e9rica Latina tras las elecciones de Paraguay","link":"https:\/\/www.eldigitaldeasturias.com\/noticias\/malos-tiempos-para-la-izquierda-de-america-latina-tras-las-elecciones-de-paraguay\/"}],"_links":{"self":[{"href":"https:\/\/www.eldigitaldeasturias.com\/noticias\/wp-json\/wp\/v2\/posts\/977171","targetHints":{"allow":["GET"]}}],"collection":[{"href":"https:\/\/www.eldigitaldeasturias.com\/noticias\/wp-json\/wp\/v2\/posts"}],"about":[{"href":"https:\/\/www.eldigitaldeasturias.com\/noticias\/wp-json\/wp\/v2\/types\/post"}],"author":[{"embeddable":true,"href":"https:\/\/www.eldigitaldeasturias.com\/noticias\/wp-json\/wp\/v2\/users\/1"}],"replies":[{"embeddable":true,"href":"https:\/\/www.eldigitaldeasturias.com\/noticias\/wp-json\/wp\/v2\/comments?post=977171"}],"version-history":[{"count":0,"href":"https:\/\/www.eldigitaldeasturias.com\/noticias\/wp-json\/wp\/v2\/posts\/977171\/revisions"}],"wp:attachment":[{"href":"https:\/\/www.eldigitaldeasturias.com\/noticias\/wp-json\/wp\/v2\/media?parent=977171"}],"wp:term":[{"taxonomy":"category","embeddable":true,"href":"https:\/\/www.eldigitaldeasturias.com\/noticias\/wp-json\/wp\/v2\/categories?post=977171"},{"taxonomy":"post_tag","embeddable":true,"href":"https:\/\/www.eldigitaldeasturias.com\/noticias\/wp-json\/wp\/v2\/tags?post=977171"}],"curies":[{"name":"wp","href":"https:\/\/api.w.org\/{rel}","templated":true}]}}