{"id":977155,"date":"2018-04-23T21:05:15","date_gmt":"2018-04-23T21:05:15","guid":{"rendered":"http:\/\/www.eldigitaldeasturias.com\/noticias\/?p=977155"},"modified":"2018-04-23T21:05:15","modified_gmt":"2018-04-23T21:05:15","slug":"macron-y-merkel-en-washington-conseguiran-que-trump-los-escuche","status":"publish","type":"post","link":"https:\/\/www.eldigitaldeasturias.com\/noticias\/macron-y-merkel-en-washington-conseguiran-que-trump-los-escuche\/","title":{"rendered":"Macron y Merkel en Washington: \u00bfConseguir\u00e1n que Trump los escuche?"},"content":{"rendered":"<p><img loading=\"lazy\" decoding=\"async\" class=\"alignleft size-medium wp-image-971860\" src=\"https:\/\/www.eldigitaldeasturias.com\/noticias\/wp-content\/uploads\/2018\/03\/administration-1846270_1280-360x270.jpg\" alt=\"\" width=\"360\" height=\"270\" \/>Berl\u00edn\/Par\u00eds, 23 abr (dpa) &#8211; Mal que le pese, el presidente de Estados Unidos, Donald Trump, tendr\u00e1 que ocuparse esta semana de las inquietudes y penas de los europeos. El jefe de Estado franc\u00e9s, Emmanuel Macron, y la canciller alemana, Angela Merkel, viajan esta semana a Washington.<\/p>\n<p>Pero el car\u00e1cter de las visitas no podr\u00eda ser m\u00e1s diferente. Mientras que Macron ser\u00e1 recibido con toda la pompa, la corta visita de Merkel del pr\u00f3ximo viernes no pasar\u00e1 de una reuni\u00f3n de trabajo desprovista de todo adorno.<\/p>\n<p>Para Merkel ser\u00e1 la segunda visita al actual inquilino de la Casa Blanca. Desde aquel 17 de marzo de 2017 han pasado muchas cosas. Entonces faltaban seis meses para las elecciones generales en Alemania y el diario \u00abNew York Times\u00bb ensalzaba a la democristiana como \u00abl\u00edder del mundo libre\u00bb.<\/p>\n<p>Ya nadie otorgar\u00e1 este t\u00edtulo a Merkel. Demasiado tiempo necesit\u00f3 la conservadora para formar Gobierno, unos seis meses en los que Alemania desapareci\u00f3 de los titulares de la pol\u00edtica mundial.<\/p>\n<p>Ahora, con una tercera gran coalici\u00f3n a sus \u00f3rdenes, Merkel se mantuvo ajena al ataque militar de Estados Unidos, Francia y el Reino Unido a Siria. Hubo contactos, s\u00ed, pero nadie consult\u00f3 verdaderamente a Berl\u00edn.<\/p>\n<p>En 2017, Merkel fue a Washington acompa\u00f1ada de una gran delegaci\u00f3n empresarial. Pero esta vez no es el caso. Tampoco est\u00e1n previstas reuniones con Ivanka Trump u otros allegados al presidente. De aquel primer encuentro qued\u00f3 como recuerdo el debate sobre si Trump se neg\u00f3 o no a estrecharle la mano a Merkel a pedido de los fot\u00f3grafos.<\/p>\n<p>\u00bfViaja entonces Macron a Estados Unidos como el nuevo \u00abhombre fuerte\u00bb de Europa? El mandatario franc\u00e9s hablar\u00e1 el mi\u00e9rcoles ante el Congreso de Estados Unidos en un discurso en el que destacar\u00e1 los lazos centenarios de ambos pa\u00edses, desde sus inicios hasta hoy.<\/p>\n<p>En su primera visita de Estado en la era Trump, los estadounidenses desplegar\u00e1n la alfombra roja para el l\u00edder galo. Una se\u00f1al de que el joven pol\u00edtico franc\u00e9s se ha ganado la simpat\u00eda del impulsivo presidente estadounidense, al que llama amigo. Los dos parecen sintonizar.<\/p>\n<p>\u00abEs el \u00fanico a nivel internacional que le puede decir a Trump las cosas que le dice\u00bb, se\u00f1alan los medios estadounidenses.<\/p>\n<p>Otra cosa es si este encuentro pueda arrojar alg\u00fan resultado sustancial. Por lo pronto, el norteamericano se afana por mostrar al franc\u00e9s que tambi\u00e9n \u00e9l puede montar una gran marcha militar y hacer gala de la gloriosa historia y el orgullo de su pa\u00eds.<\/p>\n<p>Macron recibi\u00f3 a Donald y Melania Trump en julio de 2017 con bombos y platillos, incluida una cena en la Torre Eiffel, algo que complaci\u00f3 mucho al estadounidense.<\/p>\n<p>Macron se ha ganado la confianza de Trump, dijo el ministro de Econom\u00eda franc\u00e9s Bruno Le Maire al diario \u00abLe Monde\u00bb. \u00abIncluso logr\u00f3 convertirse en el \u00fanico interlocutor de Trump en Europa\u00bb.<\/p>\n<p>As\u00ed, Trump tiene previsto un amplio programa para complacer a su amigo franc\u00e9s. Al inicio de la visita, los Trump ofrecer\u00e1n a Emmanuel y Brigitte Macron una cena privada en Mount Vernon, la residencia del primer presidente de Estados Unidos, George Washington. El lugar tiene una vista fant\u00e1stica al r\u00edo Potomac.<\/p>\n<p>La parte oficial de la visita de Macron comienza el martes e incluye todo lo que el manda el protocolo. Casa Blanca, paseo por el jard\u00edn. Tras celebrar conversaciones bilaterales de alto nivel, los mandatarios visitar\u00e1n el cementerio militar de Arlington. Posteriormente ofrecer\u00e1n una conferencia de prensa en el rosedal de la Casa Blanca.<\/p>\n<p>Por la noche, Trump ofrecer\u00e1 un banquete bajo la supervisi\u00f3n personal de Melania, quien prescindi\u00f3 de un organizador de eventos y se encarga junto con su equipo de la porcelana, las flores y los dem\u00e1s detalles.<\/p>\n<p>Esta cena ser\u00e1 completamente diferente de las que ofrec\u00edan en la Casa Blanca los Obama. Nada de estrellas, nada de Hollywood ni de pop. Entre los cerca de 150 invitados no figura ning\u00fan miembro del Partido Dem\u00f3crata ni representante de los grandes medios de informaci\u00f3n. Trump no los invit\u00f3.<\/p>\n<p>Merkel, la sobria protestante, es considerada poco afecta a los desfiles militares y al redoble de tambores. Y su relaci\u00f3n con Trump no es de las mejores. En 2016, el estadounidense hizo campa\u00f1a atacando valores que importan a Merkel. Cuando lo felicit\u00f3 por la elecci\u00f3n, la germana le record\u00f3 estos valores y mencion\u00f3 la libertad, el juego limpio y la democracia, un gesto que probablemente Trump no olvid\u00f3.<\/p>\n<p>Asimismo, Merkel agend\u00f3 este corto encuentro en abril porque en mayo se avecinan fechas muy importantes para Alemania. Trump tiene previsto tomar hasta el 1 de mayo una decisi\u00f3n sobre si contin\u00faa eximiendo a los europeos del pago de aranceles para las importaciones de acero y aluminio.<\/p>\n<p>Seg\u00fan trascendi\u00f3 en Washington, el hecho de que las visitas se sucedan tan r\u00e1pidamente es bueno para resaltar la importancia de Europa. Un presidente franc\u00e9s fuerte que abogue por Europa es bueno para todos, agregan.<\/p>\n<p>Otra fecha clave es la del 12 de mayo, cuando Trump se pronuncie sobre el acuerdo sobre el programa nuclear de Ir\u00e1n, que Europa espera que siga en vigencia.<\/p>\n<p>La Casa Blanca anunci\u00f3 que durante la visita de Merkel, los mandatarios reafirmar\u00e1n \u00abla cooperaci\u00f3n germano-estadounidense como base de las relaciones transatl\u00e1nticas y de la cooperaci\u00f3n en el marco de la OTAN\u00bb.<\/p>\n<p>Merkel dijo d\u00edas atr\u00e1s que los lazos transatl\u00e1nticos son importantes a\u00fan cuando haya diferencias de opini\u00f3n. Y agreg\u00f3 una frase inusualmente sentimental: \u00abLa alianza transatl\u00e1ntica es (&#8230;) un gran tesoro que por lo menos yo quisiera alimentar y cultivar\u00bb.<\/p>\n<p><i class=\"lang-es\"><span class=\" readonly\" title=\"\">Por Sebastian Kunigkeit, Thomas Lanig y Martin Bialecki (dpa)<\/span><\/i><\/p>\n","protected":false},"excerpt":{"rendered":"<p>Berl\u00edn\/Par\u00eds, 23 abr (dpa) &#8211; Mal que le pese, el presidente de Estados Unidos, Donald Trump, tendr\u00e1 que ocuparse esta semana de las inquietudes y penas de los europeos. El jefe de Estado franc\u00e9s, Emmanuel Macron, y la canciller alemana, Angela Merkel, viajan esta semana a Washington. Pero el car\u00e1cter de las visitas no podr\u00eda [&hellip;]<\/p>\n","protected":false},"author":1,"featured_media":971860,"comment_status":"closed","ping_status":"closed","sticky":false,"template":"","format":"standard","meta":{"footnotes":""},"categories":[1],"tags":[],"class_list":["post-977155","post","type-post","status-publish","format-standard","has-post-thumbnail","hentry","category-actualidad"],"aioseo_notices":[],"aioseo_head":"\n\t\t<!-- All in One SEO Pro 5.0.1 - aioseo.com -->\n\t<meta name=\"description\" content=\"Berl\u00edn\/Par\u00eds, 23 abr (dpa) - Mal que le pese, el presidente de Estados Unidos, Donald Trump, tendr\u00e1 que ocuparse esta semana de las inquietudes y penas de los europeos. El jefe de Estado franc\u00e9s, Emmanuel Macron, y la canciller alemana, Angela Merkel, viajan esta semana a Washington. Pero el car\u00e1cter de las visitas no podr\u00eda\" \/>\n\t<meta name=\"robots\" content=\"max-image-preview:large\" \/>\n\t<meta name=\"author\" content=\"El Digital de Asturias\"\/>\n\t<meta name=\"google-site-verification\" content=\"UA-38556648-1\" \/>\n\t<meta name=\"msvalidate.01\" content=\"7dfe9f3f1b24437ab69f4f2559babe99\" \/>\n\t<meta name=\"keywords\" content=\"actualidad\" \/>\n\t<link rel=\"canonical\" href=\"https:\/\/www.eldigitaldeasturias.com\/noticias\/macron-y-merkel-en-washington-conseguiran-que-trump-los-escuche\/\" \/>\n\t<meta name=\"generator\" content=\"All in One SEO Pro (AIOSEO) 5.0.1\" \/>\n\t\t<meta property=\"og:locale\" content=\"es_ES\" \/>\n\t\t<meta property=\"og:site_name\" content=\"El Digital de Asturias\" \/>\n\t\t<meta property=\"og:type\" content=\"article\" \/>\n\t\t<meta property=\"og:title\" content=\"Macron y Merkel en Washington: \u00bfConseguir\u00e1n que Trump los escuche? - El Digital de Asturias\" \/>\n\t\t<meta property=\"og:description\" content=\"Berl\u00edn\/Par\u00eds, 23 abr (dpa) - Mal que le pese, el presidente de Estados Unidos, Donald Trump, tendr\u00e1 que ocuparse esta semana de las inquietudes y penas de los europeos. El jefe de Estado franc\u00e9s, Emmanuel Macron, y la canciller alemana, Angela Merkel, viajan esta semana a Washington. Pero el car\u00e1cter de las visitas no podr\u00eda\" \/>\n\t\t<meta property=\"og:url\" content=\"https:\/\/www.eldigitaldeasturias.com\/noticias\/macron-y-merkel-en-washington-conseguiran-que-trump-los-escuche\/\" \/>\n\t\t<meta property=\"article:tag\" content=\"actualidad\" \/>\n\t\t<meta property=\"article:published_time\" content=\"2018-04-23T21:05:15+00:00\" \/>\n\t\t<meta property=\"article:modified_time\" content=\"2018-04-23T21:05:15+00:00\" \/>\n\t\t<meta property=\"article:publisher\" content=\"https:\/\/facebook.com\/eldigitaldeasturias\" \/>\n\t\t<meta name=\"twitter:card\" content=\"summary_large_image\" \/>\n\t\t<meta name=\"twitter:title\" content=\"Macron y Merkel en Washington: \u00bfConseguir\u00e1n que Trump los escuche? - El Digital de Asturias\" \/>\n\t\t<meta name=\"twitter:description\" content=\"Berl\u00edn\/Par\u00eds, 23 abr (dpa) - Mal que le pese, el presidente de Estados Unidos, Donald Trump, tendr\u00e1 que ocuparse esta semana de las inquietudes y penas de los europeos. El jefe de Estado franc\u00e9s, Emmanuel Macron, y la canciller alemana, Angela Merkel, viajan esta semana a Washington. Pero el car\u00e1cter de las visitas no podr\u00eda\" \/>\n\t\t<meta name=\"twitter:image\" content=\"https:\/\/www.eldigitaldeasturias.com\/noticias\/wp-content\/uploads\/2020\/12\/EDA-1.jpg\" \/>\n\t\t<meta name=\"twitter:label1\" content=\"Escrito por\" \/>\n\t\t<meta name=\"twitter:data1\" content=\"El Digital de Asturias\" \/>\n\t\t<meta name=\"twitter:label2\" content=\"Tiempo de lectura estimado\" \/>\n\t\t<meta name=\"twitter:data2\" content=\"5 minutos\" \/>\n\t\t<script type=\"application\/ld+json\" class=\"aioseo-schema\">\n\t\t\t{\"@context\":\"https:\\\/\\\/schema.org\",\"@graph\":[{\"@type\":\"BlogPosting\",\"@id\":\"https:\\\/\\\/www.eldigitaldeasturias.com\\\/noticias\\\/macron-y-merkel-en-washington-conseguiran-que-trump-los-escuche\\\/#blogposting\",\"name\":\"Macron y Merkel en Washington: \\u00bfConseguir\\u00e1n que Trump los escuche? - El Digital de Asturias\",\"headline\":\"Macron y Merkel en Washington: \\u00bfConseguir\\u00e1n que Trump los escuche?\",\"author\":{\"@id\":\"https:\\\/\\\/www.eldigitaldeasturias.com\\\/noticias\\\/author\\\/admin\\\/#author\"},\"publisher\":{\"@id\":\"https:\\\/\\\/www.eldigitaldeasturias.com\\\/noticias\\\/#organization\"},\"image\":{\"@type\":\"ImageObject\",\"url\":971860},\"datePublished\":\"2018-04-23T21:05:15+02:00\",\"dateModified\":\"2018-04-23T21:05:15+02:00\",\"inLanguage\":\"es-ES\",\"mainEntityOfPage\":{\"@id\":\"https:\\\/\\\/www.eldigitaldeasturias.com\\\/noticias\\\/macron-y-merkel-en-washington-conseguiran-que-trump-los-escuche\\\/#webpage\"},\"isPartOf\":{\"@id\":\"https:\\\/\\\/www.eldigitaldeasturias.com\\\/noticias\\\/macron-y-merkel-en-washington-conseguiran-que-trump-los-escuche\\\/#webpage\"},\"articleSection\":\"Actualidad\"},{\"@type\":\"BreadcrumbList\",\"@id\":\"https:\\\/\\\/www.eldigitaldeasturias.com\\\/noticias\\\/macron-y-merkel-en-washington-conseguiran-que-trump-los-escuche\\\/#breadcrumblist\",\"itemListElement\":[{\"@type\":\"ListItem\",\"@id\":\"https:\\\/\\\/www.eldigitaldeasturias.com\\\/noticias#listItem\",\"position\":1,\"name\":\"Home\",\"item\":\"https:\\\/\\\/www.eldigitaldeasturias.com\\\/noticias\",\"nextItem\":{\"@type\":\"ListItem\",\"@id\":\"https:\\\/\\\/www.eldigitaldeasturias.com\\\/noticias\\\/category\\\/actualidad\\\/#listItem\",\"name\":\"Actualidad\"}},{\"@type\":\"ListItem\",\"@id\":\"https:\\\/\\\/www.eldigitaldeasturias.com\\\/noticias\\\/category\\\/actualidad\\\/#listItem\",\"position\":2,\"name\":\"Actualidad\",\"item\":\"https:\\\/\\\/www.eldigitaldeasturias.com\\\/noticias\\\/category\\\/actualidad\\\/\",\"nextItem\":{\"@type\":\"ListItem\",\"@id\":\"https:\\\/\\\/www.eldigitaldeasturias.com\\\/noticias\\\/macron-y-merkel-en-washington-conseguiran-que-trump-los-escuche\\\/#listItem\",\"name\":\"Macron y Merkel en Washington: \\u00bfConseguir\\u00e1n que Trump los escuche?\"},\"previousItem\":{\"@type\":\"ListItem\",\"@id\":\"https:\\\/\\\/www.eldigitaldeasturias.com\\\/noticias#listItem\",\"name\":\"Home\"}},{\"@type\":\"ListItem\",\"@id\":\"https:\\\/\\\/www.eldigitaldeasturias.com\\\/noticias\\\/macron-y-merkel-en-washington-conseguiran-que-trump-los-escuche\\\/#listItem\",\"position\":3,\"name\":\"Macron y Merkel en Washington: \\u00bfConseguir\\u00e1n que Trump los escuche?\",\"previousItem\":{\"@type\":\"ListItem\",\"@id\":\"https:\\\/\\\/www.eldigitaldeasturias.com\\\/noticias\\\/category\\\/actualidad\\\/#listItem\",\"name\":\"Actualidad\"}}]},{\"@type\":\"Organization\",\"@id\":\"https:\\\/\\\/www.eldigitaldeasturias.com\\\/noticias\\\/#organization\",\"name\":\"El Digital de Asturias\",\"description\":\"Hemeroteca\",\"url\":\"https:\\\/\\\/www.eldigitaldeasturias.com\\\/noticias\\\/\",\"email\":\"info@eldigitaldeasturias.com\",\"telephone\":\"+34652131393\",\"logo\":{\"@type\":\"ImageObject\",\"url\":\"https:\\\/\\\/www.eldigitaldeasturias.com\\\/noticias\\\/wp-content\\\/uploads\\\/2020\\\/12\\\/EDA.jpg\",\"@id\":\"https:\\\/\\\/www.eldigitaldeasturias.com\\\/noticias\\\/macron-y-merkel-en-washington-conseguiran-que-trump-los-escuche\\\/#organizationLogo\"},\"image\":{\"@id\":\"https:\\\/\\\/www.eldigitaldeasturias.com\\\/noticias\\\/macron-y-merkel-en-washington-conseguiran-que-trump-los-escuche\\\/#organizationLogo\"},\"sameAs\":[\"https:\\\/\\\/facebook.com\\\/eldigitaldeasturias\",\"https:\\\/\\\/www.youtube.com\\\/channel\\\/UCZP-2wLEB9Rv6erhFmqVnvg\"],\"address\":{\"@id\":\"https:\\\/\\\/www.eldigitaldeasturias.com\\\/noticias\\\/#postaladdress\",\"@type\":\"PostalAddress\",\"streetAddress\":\"san antonio 4\",\"postalCode\":\"33430\",\"addressLocality\":\"Cand\\u00e1s\",\"addressRegion\":\"Asturias\",\"addressCountry\":\"ES\"}},{\"@type\":\"Person\",\"@id\":\"https:\\\/\\\/www.eldigitaldeasturias.com\\\/noticias\\\/author\\\/admin\\\/#author\",\"url\":\"https:\\\/\\\/www.eldigitaldeasturias.com\\\/noticias\\\/author\\\/admin\\\/\",\"name\":\"El Digital de Asturias\",\"image\":{\"@type\":\"ImageObject\",\"@id\":\"https:\\\/\\\/www.eldigitaldeasturias.com\\\/noticias\\\/macron-y-merkel-en-washington-conseguiran-que-trump-los-escuche\\\/#authorImage\",\"url\":\"https:\\\/\\\/secure.gravatar.com\\\/avatar\\\/df2aeffc32bcd13f8d26072ef8a91b623d677766deac7f97ca815868cd41bf5e?s=96&d=mm&r=g\",\"width\":96,\"height\":96,\"caption\":\"El Digital de Asturias\"}},{\"@type\":\"WebPage\",\"@id\":\"https:\\\/\\\/www.eldigitaldeasturias.com\\\/noticias\\\/macron-y-merkel-en-washington-conseguiran-que-trump-los-escuche\\\/#webpage\",\"url\":\"https:\\\/\\\/www.eldigitaldeasturias.com\\\/noticias\\\/macron-y-merkel-en-washington-conseguiran-que-trump-los-escuche\\\/\",\"name\":\"Macron y Merkel en Washington: \\u00bfConseguir\\u00e1n que Trump los escuche? - El Digital de Asturias\",\"description\":\"Berl\\u00edn\\\/Par\\u00eds, 23 abr (dpa) - Mal que le pese, el presidente de Estados Unidos, Donald Trump, tendr\\u00e1 que ocuparse esta semana de las inquietudes y penas de los europeos. El jefe de Estado franc\\u00e9s, Emmanuel Macron, y la canciller alemana, Angela Merkel, viajan esta semana a Washington. Pero el car\\u00e1cter de las visitas no podr\\u00eda\",\"inLanguage\":\"es-ES\",\"isPartOf\":{\"@id\":\"https:\\\/\\\/www.eldigitaldeasturias.com\\\/noticias\\\/#website\"},\"breadcrumb\":{\"@id\":\"https:\\\/\\\/www.eldigitaldeasturias.com\\\/noticias\\\/macron-y-merkel-en-washington-conseguiran-que-trump-los-escuche\\\/#breadcrumblist\"},\"author\":{\"@id\":\"https:\\\/\\\/www.eldigitaldeasturias.com\\\/noticias\\\/author\\\/admin\\\/#author\"},\"creator\":{\"@id\":\"https:\\\/\\\/www.eldigitaldeasturias.com\\\/noticias\\\/author\\\/admin\\\/#author\"},\"image\":{\"@type\":\"ImageObject\",\"url\":971860,\"@id\":\"https:\\\/\\\/www.eldigitaldeasturias.com\\\/noticias\\\/macron-y-merkel-en-washington-conseguiran-que-trump-los-escuche\\\/#mainImage\"},\"primaryImageOfPage\":{\"@id\":\"https:\\\/\\\/www.eldigitaldeasturias.com\\\/noticias\\\/macron-y-merkel-en-washington-conseguiran-que-trump-los-escuche\\\/#mainImage\"},\"datePublished\":\"2018-04-23T21:05:15+02:00\",\"dateModified\":\"2018-04-23T21:05:15+02:00\"},{\"@type\":\"WebSite\",\"@id\":\"https:\\\/\\\/www.eldigitaldeasturias.com\\\/noticias\\\/#website\",\"url\":\"https:\\\/\\\/www.eldigitaldeasturias.com\\\/noticias\\\/\",\"name\":\"El Digital de Asturias - Diario de actualidad y noticias\",\"alternateName\":\"El Digital de Asturias - Diario de actualidad y noticias\",\"description\":\"Hemeroteca\",\"inLanguage\":\"es-ES\",\"publisher\":{\"@id\":\"https:\\\/\\\/www.eldigitaldeasturias.com\\\/noticias\\\/#organization\"}}]}\n\t\t<\/script>\n\t\t<!-- All in One SEO Pro -->\r\n\t\t<title>Macron y Merkel en Washington: \u00bfConseguir\u00e1n que Trump los escuche? - El Digital de Asturias<\/title>\n\n","aioseo_head_json":{"title":"Macron y Merkel en Washington: \u00bfConseguir\u00e1n que Trump los escuche? - El Digital de Asturias","description":"Berl\u00edn\/Par\u00eds, 23 abr (dpa) - Mal que le pese, el presidente de Estados Unidos, Donald Trump, tendr\u00e1 que ocuparse esta semana de las inquietudes y penas de los europeos. El jefe de Estado franc\u00e9s, Emmanuel Macron, y la canciller alemana, Angela Merkel, viajan esta semana a Washington. Pero el car\u00e1cter de las visitas no podr\u00eda","canonical_url":"https:\/\/www.eldigitaldeasturias.com\/noticias\/macron-y-merkel-en-washington-conseguiran-que-trump-los-escuche\/","robots":"max-image-preview:large","keywords":"actualidad","webmasterTools":{"google-site-verification":"UA-38556648-1","msvalidate.01":"7dfe9f3f1b24437ab69f4f2559babe99","miscellaneous":""},"schema":{"@context":"https:\/\/schema.org","@graph":[{"@type":"BlogPosting","@id":"https:\/\/www.eldigitaldeasturias.com\/noticias\/macron-y-merkel-en-washington-conseguiran-que-trump-los-escuche\/#blogposting","name":"Macron y Merkel en Washington: \u00bfConseguir\u00e1n que Trump los escuche? - El Digital de Asturias","headline":"Macron y Merkel en Washington: \u00bfConseguir\u00e1n que Trump los escuche?","author":{"@id":"https:\/\/www.eldigitaldeasturias.com\/noticias\/author\/admin\/#author"},"publisher":{"@id":"https:\/\/www.eldigitaldeasturias.com\/noticias\/#organization"},"image":{"@type":"ImageObject","url":971860},"datePublished":"2018-04-23T21:05:15+02:00","dateModified":"2018-04-23T21:05:15+02:00","inLanguage":"es-ES","mainEntityOfPage":{"@id":"https:\/\/www.eldigitaldeasturias.com\/noticias\/macron-y-merkel-en-washington-conseguiran-que-trump-los-escuche\/#webpage"},"isPartOf":{"@id":"https:\/\/www.eldigitaldeasturias.com\/noticias\/macron-y-merkel-en-washington-conseguiran-que-trump-los-escuche\/#webpage"},"articleSection":"Actualidad"},{"@type":"BreadcrumbList","@id":"https:\/\/www.eldigitaldeasturias.com\/noticias\/macron-y-merkel-en-washington-conseguiran-que-trump-los-escuche\/#breadcrumblist","itemListElement":[{"@type":"ListItem","@id":"https:\/\/www.eldigitaldeasturias.com\/noticias#listItem","position":1,"name":"Home","item":"https:\/\/www.eldigitaldeasturias.com\/noticias","nextItem":{"@type":"ListItem","@id":"https:\/\/www.eldigitaldeasturias.com\/noticias\/category\/actualidad\/#listItem","name":"Actualidad"}},{"@type":"ListItem","@id":"https:\/\/www.eldigitaldeasturias.com\/noticias\/category\/actualidad\/#listItem","position":2,"name":"Actualidad","item":"https:\/\/www.eldigitaldeasturias.com\/noticias\/category\/actualidad\/","nextItem":{"@type":"ListItem","@id":"https:\/\/www.eldigitaldeasturias.com\/noticias\/macron-y-merkel-en-washington-conseguiran-que-trump-los-escuche\/#listItem","name":"Macron y Merkel en Washington: \u00bfConseguir\u00e1n que Trump los escuche?"},"previousItem":{"@type":"ListItem","@id":"https:\/\/www.eldigitaldeasturias.com\/noticias#listItem","name":"Home"}},{"@type":"ListItem","@id":"https:\/\/www.eldigitaldeasturias.com\/noticias\/macron-y-merkel-en-washington-conseguiran-que-trump-los-escuche\/#listItem","position":3,"name":"Macron y Merkel en Washington: \u00bfConseguir\u00e1n que Trump los escuche?","previousItem":{"@type":"ListItem","@id":"https:\/\/www.eldigitaldeasturias.com\/noticias\/category\/actualidad\/#listItem","name":"Actualidad"}}]},{"@type":"Organization","@id":"https:\/\/www.eldigitaldeasturias.com\/noticias\/#organization","name":"El Digital de Asturias","description":"Hemeroteca","url":"https:\/\/www.eldigitaldeasturias.com\/noticias\/","email":"info@eldigitaldeasturias.com","telephone":"+34652131393","logo":{"@type":"ImageObject","url":"https:\/\/www.eldigitaldeasturias.com\/noticias\/wp-content\/uploads\/2020\/12\/EDA.jpg","@id":"https:\/\/www.eldigitaldeasturias.com\/noticias\/macron-y-merkel-en-washington-conseguiran-que-trump-los-escuche\/#organizationLogo"},"image":{"@id":"https:\/\/www.eldigitaldeasturias.com\/noticias\/macron-y-merkel-en-washington-conseguiran-que-trump-los-escuche\/#organizationLogo"},"sameAs":["https:\/\/facebook.com\/eldigitaldeasturias","https:\/\/www.youtube.com\/channel\/UCZP-2wLEB9Rv6erhFmqVnvg"],"address":{"@id":"https:\/\/www.eldigitaldeasturias.com\/noticias\/#postaladdress","@type":"PostalAddress","streetAddress":"san antonio 4","postalCode":"33430","addressLocality":"Cand\u00e1s","addressRegion":"Asturias","addressCountry":"ES"}},{"@type":"Person","@id":"https:\/\/www.eldigitaldeasturias.com\/noticias\/author\/admin\/#author","url":"https:\/\/www.eldigitaldeasturias.com\/noticias\/author\/admin\/","name":"El Digital de Asturias","image":{"@type":"ImageObject","@id":"https:\/\/www.eldigitaldeasturias.com\/noticias\/macron-y-merkel-en-washington-conseguiran-que-trump-los-escuche\/#authorImage","url":"https:\/\/secure.gravatar.com\/avatar\/df2aeffc32bcd13f8d26072ef8a91b623d677766deac7f97ca815868cd41bf5e?s=96&d=mm&r=g","width":96,"height":96,"caption":"El Digital de Asturias"}},{"@type":"WebPage","@id":"https:\/\/www.eldigitaldeasturias.com\/noticias\/macron-y-merkel-en-washington-conseguiran-que-trump-los-escuche\/#webpage","url":"https:\/\/www.eldigitaldeasturias.com\/noticias\/macron-y-merkel-en-washington-conseguiran-que-trump-los-escuche\/","name":"Macron y Merkel en Washington: \u00bfConseguir\u00e1n que Trump los escuche? - El Digital de Asturias","description":"Berl\u00edn\/Par\u00eds, 23 abr (dpa) - Mal que le pese, el presidente de Estados Unidos, Donald Trump, tendr\u00e1 que ocuparse esta semana de las inquietudes y penas de los europeos. El jefe de Estado franc\u00e9s, Emmanuel Macron, y la canciller alemana, Angela Merkel, viajan esta semana a Washington. Pero el car\u00e1cter de las visitas no podr\u00eda","inLanguage":"es-ES","isPartOf":{"@id":"https:\/\/www.eldigitaldeasturias.com\/noticias\/#website"},"breadcrumb":{"@id":"https:\/\/www.eldigitaldeasturias.com\/noticias\/macron-y-merkel-en-washington-conseguiran-que-trump-los-escuche\/#breadcrumblist"},"author":{"@id":"https:\/\/www.eldigitaldeasturias.com\/noticias\/author\/admin\/#author"},"creator":{"@id":"https:\/\/www.eldigitaldeasturias.com\/noticias\/author\/admin\/#author"},"image":{"@type":"ImageObject","url":971860,"@id":"https:\/\/www.eldigitaldeasturias.com\/noticias\/macron-y-merkel-en-washington-conseguiran-que-trump-los-escuche\/#mainImage"},"primaryImageOfPage":{"@id":"https:\/\/www.eldigitaldeasturias.com\/noticias\/macron-y-merkel-en-washington-conseguiran-que-trump-los-escuche\/#mainImage"},"datePublished":"2018-04-23T21:05:15+02:00","dateModified":"2018-04-23T21:05:15+02:00"},{"@type":"WebSite","@id":"https:\/\/www.eldigitaldeasturias.com\/noticias\/#website","url":"https:\/\/www.eldigitaldeasturias.com\/noticias\/","name":"El Digital de Asturias - Diario de actualidad y noticias","alternateName":"El Digital de Asturias - Diario de actualidad y noticias","description":"Hemeroteca","inLanguage":"es-ES","publisher":{"@id":"https:\/\/www.eldigitaldeasturias.com\/noticias\/#organization"}}]},"og:locale":"es_ES","og:site_name":"El Digital de Asturias","og:type":"article","og:title":"Macron y Merkel en Washington: \u00bfConseguir\u00e1n que Trump los escuche? - El Digital de Asturias","og:description":"Berl\u00edn\/Par\u00eds, 23 abr (dpa) - Mal que le pese, el presidente de Estados Unidos, Donald Trump, tendr\u00e1 que ocuparse esta semana de las inquietudes y penas de los europeos. El jefe de Estado franc\u00e9s, Emmanuel Macron, y la canciller alemana, Angela Merkel, viajan esta semana a Washington. Pero el car\u00e1cter de las visitas no podr\u00eda","og:url":"https:\/\/www.eldigitaldeasturias.com\/noticias\/macron-y-merkel-en-washington-conseguiran-que-trump-los-escuche\/","article:tag":["actualidad"],"article:published_time":"2018-04-23T21:05:15+00:00","article:modified_time":"2018-04-23T21:05:15+00:00","article:publisher":"https:\/\/facebook.com\/eldigitaldeasturias","twitter:card":"summary_large_image","twitter:title":"Macron y Merkel en Washington: \u00bfConseguir\u00e1n que Trump los escuche? - El Digital de Asturias","twitter:description":"Berl\u00edn\/Par\u00eds, 23 abr (dpa) - Mal que le pese, el presidente de Estados Unidos, Donald Trump, tendr\u00e1 que ocuparse esta semana de las inquietudes y penas de los europeos. El jefe de Estado franc\u00e9s, Emmanuel Macron, y la canciller alemana, Angela Merkel, viajan esta semana a Washington. Pero el car\u00e1cter de las visitas no podr\u00eda","twitter:image":"https:\/\/www.eldigitaldeasturias.com\/noticias\/wp-content\/uploads\/2020\/12\/EDA-1.jpg","twitter:label1":"Escrito por","twitter:data1":"El Digital de Asturias","twitter:label2":"Tiempo de lectura estimado","twitter:data2":"5 minutos"},"aioseo_meta_data":{"post_id":"977155","title":null,"description":null,"keywords":null,"keyphrases":null,"primary_term":null,"canonical_url":null,"og_title":null,"og_description":null,"og_object_type":"default","og_image_type":"default","og_image_url":null,"og_image_width":null,"og_image_height":null,"og_image_custom_url":null,"og_image_custom_fields":null,"og_video":null,"og_custom_url":null,"og_article_section":null,"og_article_tags":null,"twitter_use_og":false,"twitter_card":"default","twitter_image_type":"default","twitter_image_url":null,"twitter_image_custom_url":null,"twitter_image_custom_fields":null,"twitter_title":null,"twitter_description":null,"schema":{"blockGraphs":[],"customGraphs":[],"default":{"data":{"Article":[],"Course":[],"Dataset":[],"FAQPage":[],"Movie":[],"Person":[],"Product":[],"ProductReview":[],"Car":[],"Recipe":[],"Service":[],"SoftwareApplication":[],"WebPage":[]},"graphName":"","isEnabled":true},"graphs":[],"defaultGraph":"","defaultPostTypeGraph":""},"schema_type":null,"schema_type_options":null,"pillar_content":false,"robots_default":true,"robots_noindex":false,"robots_noarchive":false,"robots_nosnippet":false,"robots_nofollow":false,"robots_noimageindex":false,"robots_noodp":false,"robots_notranslate":false,"robots_max_snippet":null,"robots_max_videopreview":null,"robots_max_imagepreview":"large","priority":null,"frequency":null,"local_seo":null,"seo_analyzer_scan_date":"2025-10-08 06:23:06","breadcrumb_settings":null,"limit_modified_date":false,"open_ai":null,"ai":null,"created":"2020-12-21 12:06:38","updated":"2025-10-08 06:23:06","focus_keyword":null,"additional_keywords":null,"truseo_locale":null},"aioseo_breadcrumb":"<div class=\"aioseo-breadcrumbs\"><span class=\"aioseo-breadcrumb\">\n\t<a href=\"https:\/\/www.eldigitaldeasturias.com\/noticias\" title=\"Home\">Home<\/a>\n<\/span><span class=\"aioseo-breadcrumb-separator\">\u2013<\/span><span class=\"aioseo-breadcrumb\">\n\t<a href=\"https:\/\/www.eldigitaldeasturias.com\/noticias\/category\/actualidad\/\" title=\"Actualidad\">Actualidad<\/a>\n<\/span><span class=\"aioseo-breadcrumb-separator\">\u2013<\/span><span class=\"aioseo-breadcrumb\">\n\t<a href=\"https:\/\/www.eldigitaldeasturias.com\/noticias\/macron-y-merkel-en-washington-conseguiran-que-trump-los-escuche\/\" title=\"Macron y Merkel en Washington: \u00bfConseguir\u00e1n que Trump los escuche?\">Macron y Merkel en Washington: \u00bfConseguir\u00e1n que Trump los escuche?<\/a>\n<\/span><\/div>","aioseo_breadcrumb_json":[{"label":"Home","link":"https:\/\/www.eldigitaldeasturias.com\/noticias"},{"label":"Actualidad","link":"https:\/\/www.eldigitaldeasturias.com\/noticias\/category\/actualidad\/"},{"label":"Macron y Merkel en Washington: \u00bfConseguir\u00e1n que Trump los escuche?","link":"https:\/\/www.eldigitaldeasturias.com\/noticias\/macron-y-merkel-en-washington-conseguiran-que-trump-los-escuche\/"}],"_links":{"self":[{"href":"https:\/\/www.eldigitaldeasturias.com\/noticias\/wp-json\/wp\/v2\/posts\/977155","targetHints":{"allow":["GET"]}}],"collection":[{"href":"https:\/\/www.eldigitaldeasturias.com\/noticias\/wp-json\/wp\/v2\/posts"}],"about":[{"href":"https:\/\/www.eldigitaldeasturias.com\/noticias\/wp-json\/wp\/v2\/types\/post"}],"author":[{"embeddable":true,"href":"https:\/\/www.eldigitaldeasturias.com\/noticias\/wp-json\/wp\/v2\/users\/1"}],"replies":[{"embeddable":true,"href":"https:\/\/www.eldigitaldeasturias.com\/noticias\/wp-json\/wp\/v2\/comments?post=977155"}],"version-history":[{"count":0,"href":"https:\/\/www.eldigitaldeasturias.com\/noticias\/wp-json\/wp\/v2\/posts\/977155\/revisions"}],"wp:attachment":[{"href":"https:\/\/www.eldigitaldeasturias.com\/noticias\/wp-json\/wp\/v2\/media?parent=977155"}],"wp:term":[{"taxonomy":"category","embeddable":true,"href":"https:\/\/www.eldigitaldeasturias.com\/noticias\/wp-json\/wp\/v2\/categories?post=977155"},{"taxonomy":"post_tag","embeddable":true,"href":"https:\/\/www.eldigitaldeasturias.com\/noticias\/wp-json\/wp\/v2\/tags?post=977155"}],"curies":[{"name":"wp","href":"https:\/\/api.w.org\/{rel}","templated":true}]}}