{"id":977082,"date":"2018-04-23T04:16:17","date_gmt":"2018-04-23T04:16:17","guid":{"rendered":"http:\/\/www.eldigitaldeasturias.com\/noticias\/?p=977082"},"modified":"2018-04-23T04:16:17","modified_gmt":"2018-04-23T04:16:17","slug":"mario-abdo-benitez-nuevo-presidente-del-paraguay","status":"publish","type":"post","link":"https:\/\/www.eldigitaldeasturias.com\/noticias\/mario-abdo-benitez-nuevo-presidente-del-paraguay\/","title":{"rendered":"Mario Abdo Ben\u00edtez nuevo presidente del Paraguay"},"content":{"rendered":"<p><img loading=\"lazy\" decoding=\"async\" class=\"alignleft size-medium wp-image-976822\" src=\"https:\/\/www.eldigitaldeasturias.com\/noticias\/wp-content\/uploads\/2018\/04\/flag-2529009_960_720-360x270.jpg\" alt=\"\" width=\"360\" height=\"270\" \/>Asunci\u00f3n, 22 abr (dpa) &#8211; El oficialista y conservador Mario Abdo Ben\u00edtez se consagr\u00f3 hoy nuevo presidente del Paraguay, tras una apretada contienda electoral que lo dej\u00f3 a menos de cuatro puntos porcentuales de su principal contrincante, Efra\u00edn Alegre, de la alianza GANAR, seg\u00fan confirm\u00f3 el tribunal electoral.<\/p>\n<p>Escrutado casi un 99 por ciento de los votos, el candidato de la Asociaci\u00f3n Nacional Republicana-Partido Colorado (ANR) se alz\u00f3 con un 46,47 por ciento de los votos, frente a un 42,72 por ciento de Alegre.<\/p>\n<p>Otros ocho candidatos compitieron por la presidencia, pero sin posibilidades de alcanzarla, seg\u00fan las primeras encuestas preelectorales realizadas en este pa\u00eds donde no hay segunda vuelta.<\/p>\n<p>\u00abHoy retumba en el mundo la noticia de que en Paraguay la democracia est\u00e1 consolidada\u00bb, dijo Abdo ante miles de seguidores que se agruparon en la sede del partido, en el centro de Asunci\u00f3n, para celebrar los resultados.<\/p>\n<p>De esta forma, el presidente electo reafirmaba una vez m\u00e1s su compromiso democr\u00e1tico, en un nuevo intento por desmarcarse de su origen familiar, vinculado a la dictadura de Alfredo Stroessner (1954-1989).<\/p>\n<p>\u00abLes doy mi compromiso &#8216;inclaudicable&#8217; para tratar de ganarme, con nuestra gesti\u00f3n, la confianza de aquellos que hoy no nos han acompa\u00f1ado y a quienes invito a ser parte de esta historia que vamos a construir juntos\u00bb, a\u00f1adi\u00f3.<\/p>\n<p>Abdo asumir\u00e1 el 15 de agosto junto a su compa\u00f1ero de f\u00f3rmula, Hugo Vel\u00e1zquez.<\/p>\n<p>En sus primeras declaraciones, Alegre se mostr\u00f3 molesto por la divulgaci\u00f3n de resultados de boca de urna s\u00f3lo con porcentajes durante la votaci\u00f3n y dijo que, aunque no daban nombres, buscaron torcer la voluntad del electorado.<\/p>\n<p>\u00abTomamos los resultados como lo que son, resultados preliminares\u00bb, advirti\u00f3 el representante de esta alianza de amplio espectro en la que est\u00e1 incluido el Frente Guas\u00fa, del ex mandatario Fernando Lugo (2008-2012).<\/p>\n<p>En este sentido, anunci\u00f3 que su equipo trabajar\u00e1 para analizar las actas y garantizar la exactitud del resultado final en todos los puestos en juego en el Congreso y las gobernaciones, que tambi\u00e9n se defin\u00edan en estos comicios.<\/p>\n<p>\u00abCreemos que el cambio en el Paraguay es irreversible, tarde o temprano, as\u00ed que no nos vamos a desalentar\u00bb, a\u00f1adi\u00f3, y asegur\u00f3 que la alianza seguir\u00e1 unida.<\/p>\n<p>Los festejos en la sede del Partido Colorado, con mariachis incluidos, empezaron varias horas antes de que se conocieran los resultados definitivos.<\/p>\n<p>Las calles circundantes a la sede partidaria se llenaron de gente, mientras desde los autom\u00f3viles se celebraba a bocinazos el triunfo de esta agrupaci\u00f3n que lleva d\u00e9cadas en el poder y que apoy\u00f3 el r\u00e9gimen de Stroessner.<\/p>\n<p>La capacidad de maniobra que tendr\u00e1 el nuevo Gobierno colorado estar\u00e1 determinada por la conformaci\u00f3n del Congreso que se renovar\u00e1 totalmente a mediados de a\u00f1o.<\/p>\n<p>Actualmente, los colorados cuentan con mayor\u00eda en la C\u00e1mara de Diputados, pero por escaso margen son minor\u00eda en el Senado, que preside Lugo. En las pr\u00f3ximas horas se sabr\u00e1 cual ser\u00e1 la proporci\u00f3n de fuerzas de cara al futuro.<\/p>\n<p>En cuanto a las gobernaciones, los colorados arrasaron y se quedaron con 13 de las 17 existentes, incluyendo la del Departamento Central, una de las regiones con mayor cantidad de poblaci\u00f3n. Los nuevos gobernadores asumir\u00e1n el 15 de agosto.<\/p>\n<p>Unos 4,2 millones de ciudadanos estaban convocados a las urnas, incluyendo 38.000 en el exterior. Paraguay tiene casi 7 millones de habitantes, de los cuales alrededor del 30 por ciento vive en la pobreza o extrema pobreza.<\/p>\n<p>El pa\u00eds sudamericano es uno de los mayores productores de cannabis del mundo y el cuarto exportador de soja, mientras que importa el 90 por ciento de los vegetales que se consumen en su territorio.<\/p>\n<p>Es adem\u00e1s, junto a Argentina, Brasil y Uruguay, socio fundador del Mercosur. Los representantes paraguayos en el Parlamento de este bloque de integraci\u00f3n regional tambi\u00e9n fueron elegidos en estos comicios.<\/p>\n<p><i class=\"lang-es\"><span class=\" readonly\" title=\"\">Por Ivonne Jeannot Laens (dpa)<\/span><\/i><\/p>\n<p>&nbsp;<\/p>\n","protected":false},"excerpt":{"rendered":"<p>Asunci\u00f3n, 22 abr (dpa) &#8211; El oficialista y conservador Mario Abdo Ben\u00edtez se consagr\u00f3 hoy nuevo presidente del Paraguay, tras una apretada contienda electoral que lo dej\u00f3 a menos de cuatro puntos porcentuales de su principal contrincante, Efra\u00edn Alegre, de la alianza GANAR, seg\u00fan confirm\u00f3 el tribunal electoral. Escrutado casi un 99 por ciento de [&hellip;]<\/p>\n","protected":false},"author":1,"featured_media":976822,"comment_status":"closed","ping_status":"closed","sticky":false,"template":"","format":"standard","meta":{"footnotes":""},"categories":[1],"tags":[],"class_list":["post-977082","post","type-post","status-publish","format-standard","has-post-thumbnail","hentry","category-actualidad"],"aioseo_notices":[],"aioseo_head":"\n\t\t<!-- All in One SEO Pro 5.0.1 - aioseo.com -->\n\t<meta name=\"description\" content=\"Asunci\u00f3n, 22 abr (dpa) - El oficialista y conservador Mario Abdo Ben\u00edtez se consagr\u00f3 hoy nuevo presidente del Paraguay, tras una apretada contienda electoral que lo dej\u00f3 a menos de cuatro puntos porcentuales de su principal contrincante, Efra\u00edn Alegre, de la alianza GANAR, seg\u00fan confirm\u00f3 el tribunal electoral. Escrutado casi un 99 por ciento de\" \/>\n\t<meta name=\"robots\" content=\"max-image-preview:large\" \/>\n\t<meta name=\"author\" content=\"El Digital de Asturias\"\/>\n\t<meta name=\"google-site-verification\" content=\"UA-38556648-1\" \/>\n\t<meta name=\"msvalidate.01\" content=\"7dfe9f3f1b24437ab69f4f2559babe99\" \/>\n\t<meta name=\"keywords\" content=\"actualidad\" \/>\n\t<link rel=\"canonical\" href=\"https:\/\/www.eldigitaldeasturias.com\/noticias\/mario-abdo-benitez-nuevo-presidente-del-paraguay\/\" \/>\n\t<meta name=\"generator\" content=\"All in One SEO Pro (AIOSEO) 5.0.1\" \/>\n\t\t<meta property=\"og:locale\" content=\"es_ES\" \/>\n\t\t<meta property=\"og:site_name\" content=\"El Digital de Asturias\" \/>\n\t\t<meta property=\"og:type\" content=\"article\" \/>\n\t\t<meta property=\"og:title\" content=\"Mario Abdo Ben\u00edtez nuevo presidente del Paraguay - El Digital de Asturias\" \/>\n\t\t<meta property=\"og:description\" content=\"Asunci\u00f3n, 22 abr (dpa) - El oficialista y conservador Mario Abdo Ben\u00edtez se consagr\u00f3 hoy nuevo presidente del Paraguay, tras una apretada contienda electoral que lo dej\u00f3 a menos de cuatro puntos porcentuales de su principal contrincante, Efra\u00edn Alegre, de la alianza GANAR, seg\u00fan confirm\u00f3 el tribunal electoral. Escrutado casi un 99 por ciento de\" \/>\n\t\t<meta property=\"og:url\" content=\"https:\/\/www.eldigitaldeasturias.com\/noticias\/mario-abdo-benitez-nuevo-presidente-del-paraguay\/\" \/>\n\t\t<meta property=\"article:tag\" content=\"actualidad\" \/>\n\t\t<meta property=\"article:published_time\" content=\"2018-04-23T04:16:17+00:00\" \/>\n\t\t<meta property=\"article:modified_time\" content=\"2018-04-23T04:16:17+00:00\" \/>\n\t\t<meta property=\"article:publisher\" content=\"https:\/\/facebook.com\/eldigitaldeasturias\" \/>\n\t\t<meta name=\"twitter:card\" content=\"summary_large_image\" \/>\n\t\t<meta name=\"twitter:title\" content=\"Mario Abdo Ben\u00edtez nuevo presidente del Paraguay - El Digital de Asturias\" \/>\n\t\t<meta name=\"twitter:description\" content=\"Asunci\u00f3n, 22 abr (dpa) - El oficialista y conservador Mario Abdo Ben\u00edtez se consagr\u00f3 hoy nuevo presidente del Paraguay, tras una apretada contienda electoral que lo dej\u00f3 a menos de cuatro puntos porcentuales de su principal contrincante, Efra\u00edn Alegre, de la alianza GANAR, seg\u00fan confirm\u00f3 el tribunal electoral. Escrutado casi un 99 por ciento de\" \/>\n\t\t<meta name=\"twitter:image\" content=\"https:\/\/www.eldigitaldeasturias.com\/noticias\/wp-content\/uploads\/2020\/12\/EDA-1.jpg\" \/>\n\t\t<meta name=\"twitter:label1\" content=\"Escrito por\" \/>\n\t\t<meta name=\"twitter:data1\" content=\"El Digital de Asturias\" \/>\n\t\t<meta name=\"twitter:label2\" content=\"Tiempo de lectura estimado\" \/>\n\t\t<meta name=\"twitter:data2\" content=\"3 minutos\" \/>\n\t\t<script type=\"application\/ld+json\" class=\"aioseo-schema\">\n\t\t\t{\"@context\":\"https:\\\/\\\/schema.org\",\"@graph\":[{\"@type\":\"BlogPosting\",\"@id\":\"https:\\\/\\\/www.eldigitaldeasturias.com\\\/noticias\\\/mario-abdo-benitez-nuevo-presidente-del-paraguay\\\/#blogposting\",\"name\":\"Mario Abdo Ben\\u00edtez nuevo presidente del Paraguay - El Digital de Asturias\",\"headline\":\"Mario Abdo Ben\\u00edtez nuevo presidente del Paraguay\",\"author\":{\"@id\":\"https:\\\/\\\/www.eldigitaldeasturias.com\\\/noticias\\\/author\\\/admin\\\/#author\"},\"publisher\":{\"@id\":\"https:\\\/\\\/www.eldigitaldeasturias.com\\\/noticias\\\/#organization\"},\"image\":{\"@type\":\"ImageObject\",\"url\":976822},\"datePublished\":\"2018-04-23T04:16:17+02:00\",\"dateModified\":\"2018-04-23T04:16:17+02:00\",\"inLanguage\":\"es-ES\",\"mainEntityOfPage\":{\"@id\":\"https:\\\/\\\/www.eldigitaldeasturias.com\\\/noticias\\\/mario-abdo-benitez-nuevo-presidente-del-paraguay\\\/#webpage\"},\"isPartOf\":{\"@id\":\"https:\\\/\\\/www.eldigitaldeasturias.com\\\/noticias\\\/mario-abdo-benitez-nuevo-presidente-del-paraguay\\\/#webpage\"},\"articleSection\":\"Actualidad\"},{\"@type\":\"BreadcrumbList\",\"@id\":\"https:\\\/\\\/www.eldigitaldeasturias.com\\\/noticias\\\/mario-abdo-benitez-nuevo-presidente-del-paraguay\\\/#breadcrumblist\",\"itemListElement\":[{\"@type\":\"ListItem\",\"@id\":\"https:\\\/\\\/www.eldigitaldeasturias.com\\\/noticias#listItem\",\"position\":1,\"name\":\"Home\",\"item\":\"https:\\\/\\\/www.eldigitaldeasturias.com\\\/noticias\",\"nextItem\":{\"@type\":\"ListItem\",\"@id\":\"https:\\\/\\\/www.eldigitaldeasturias.com\\\/noticias\\\/category\\\/actualidad\\\/#listItem\",\"name\":\"Actualidad\"}},{\"@type\":\"ListItem\",\"@id\":\"https:\\\/\\\/www.eldigitaldeasturias.com\\\/noticias\\\/category\\\/actualidad\\\/#listItem\",\"position\":2,\"name\":\"Actualidad\",\"item\":\"https:\\\/\\\/www.eldigitaldeasturias.com\\\/noticias\\\/category\\\/actualidad\\\/\",\"nextItem\":{\"@type\":\"ListItem\",\"@id\":\"https:\\\/\\\/www.eldigitaldeasturias.com\\\/noticias\\\/mario-abdo-benitez-nuevo-presidente-del-paraguay\\\/#listItem\",\"name\":\"Mario Abdo Ben\\u00edtez nuevo presidente del Paraguay\"},\"previousItem\":{\"@type\":\"ListItem\",\"@id\":\"https:\\\/\\\/www.eldigitaldeasturias.com\\\/noticias#listItem\",\"name\":\"Home\"}},{\"@type\":\"ListItem\",\"@id\":\"https:\\\/\\\/www.eldigitaldeasturias.com\\\/noticias\\\/mario-abdo-benitez-nuevo-presidente-del-paraguay\\\/#listItem\",\"position\":3,\"name\":\"Mario Abdo Ben\\u00edtez nuevo presidente del Paraguay\",\"previousItem\":{\"@type\":\"ListItem\",\"@id\":\"https:\\\/\\\/www.eldigitaldeasturias.com\\\/noticias\\\/category\\\/actualidad\\\/#listItem\",\"name\":\"Actualidad\"}}]},{\"@type\":\"Organization\",\"@id\":\"https:\\\/\\\/www.eldigitaldeasturias.com\\\/noticias\\\/#organization\",\"name\":\"El Digital de Asturias\",\"description\":\"Hemeroteca\",\"url\":\"https:\\\/\\\/www.eldigitaldeasturias.com\\\/noticias\\\/\",\"email\":\"info@eldigitaldeasturias.com\",\"telephone\":\"+34652131393\",\"logo\":{\"@type\":\"ImageObject\",\"url\":\"https:\\\/\\\/www.eldigitaldeasturias.com\\\/noticias\\\/wp-content\\\/uploads\\\/2020\\\/12\\\/EDA.jpg\",\"@id\":\"https:\\\/\\\/www.eldigitaldeasturias.com\\\/noticias\\\/mario-abdo-benitez-nuevo-presidente-del-paraguay\\\/#organizationLogo\"},\"image\":{\"@id\":\"https:\\\/\\\/www.eldigitaldeasturias.com\\\/noticias\\\/mario-abdo-benitez-nuevo-presidente-del-paraguay\\\/#organizationLogo\"},\"sameAs\":[\"https:\\\/\\\/facebook.com\\\/eldigitaldeasturias\",\"https:\\\/\\\/www.youtube.com\\\/channel\\\/UCZP-2wLEB9Rv6erhFmqVnvg\"],\"address\":{\"@id\":\"https:\\\/\\\/www.eldigitaldeasturias.com\\\/noticias\\\/#postaladdress\",\"@type\":\"PostalAddress\",\"streetAddress\":\"san antonio 4\",\"postalCode\":\"33430\",\"addressLocality\":\"Cand\\u00e1s\",\"addressRegion\":\"Asturias\",\"addressCountry\":\"ES\"}},{\"@type\":\"Person\",\"@id\":\"https:\\\/\\\/www.eldigitaldeasturias.com\\\/noticias\\\/author\\\/admin\\\/#author\",\"url\":\"https:\\\/\\\/www.eldigitaldeasturias.com\\\/noticias\\\/author\\\/admin\\\/\",\"name\":\"El Digital de Asturias\",\"image\":{\"@type\":\"ImageObject\",\"@id\":\"https:\\\/\\\/www.eldigitaldeasturias.com\\\/noticias\\\/mario-abdo-benitez-nuevo-presidente-del-paraguay\\\/#authorImage\",\"url\":\"https:\\\/\\\/secure.gravatar.com\\\/avatar\\\/df2aeffc32bcd13f8d26072ef8a91b623d677766deac7f97ca815868cd41bf5e?s=96&d=mm&r=g\",\"width\":96,\"height\":96,\"caption\":\"El Digital de Asturias\"}},{\"@type\":\"WebPage\",\"@id\":\"https:\\\/\\\/www.eldigitaldeasturias.com\\\/noticias\\\/mario-abdo-benitez-nuevo-presidente-del-paraguay\\\/#webpage\",\"url\":\"https:\\\/\\\/www.eldigitaldeasturias.com\\\/noticias\\\/mario-abdo-benitez-nuevo-presidente-del-paraguay\\\/\",\"name\":\"Mario Abdo Ben\\u00edtez nuevo presidente del Paraguay - El Digital de Asturias\",\"description\":\"Asunci\\u00f3n, 22 abr (dpa) - El oficialista y conservador Mario Abdo Ben\\u00edtez se consagr\\u00f3 hoy nuevo presidente del Paraguay, tras una apretada contienda electoral que lo dej\\u00f3 a menos de cuatro puntos porcentuales de su principal contrincante, Efra\\u00edn Alegre, de la alianza GANAR, seg\\u00fan confirm\\u00f3 el tribunal electoral. Escrutado casi un 99 por ciento de\",\"inLanguage\":\"es-ES\",\"isPartOf\":{\"@id\":\"https:\\\/\\\/www.eldigitaldeasturias.com\\\/noticias\\\/#website\"},\"breadcrumb\":{\"@id\":\"https:\\\/\\\/www.eldigitaldeasturias.com\\\/noticias\\\/mario-abdo-benitez-nuevo-presidente-del-paraguay\\\/#breadcrumblist\"},\"author\":{\"@id\":\"https:\\\/\\\/www.eldigitaldeasturias.com\\\/noticias\\\/author\\\/admin\\\/#author\"},\"creator\":{\"@id\":\"https:\\\/\\\/www.eldigitaldeasturias.com\\\/noticias\\\/author\\\/admin\\\/#author\"},\"image\":{\"@type\":\"ImageObject\",\"url\":976822,\"@id\":\"https:\\\/\\\/www.eldigitaldeasturias.com\\\/noticias\\\/mario-abdo-benitez-nuevo-presidente-del-paraguay\\\/#mainImage\"},\"primaryImageOfPage\":{\"@id\":\"https:\\\/\\\/www.eldigitaldeasturias.com\\\/noticias\\\/mario-abdo-benitez-nuevo-presidente-del-paraguay\\\/#mainImage\"},\"datePublished\":\"2018-04-23T04:16:17+02:00\",\"dateModified\":\"2018-04-23T04:16:17+02:00\"},{\"@type\":\"WebSite\",\"@id\":\"https:\\\/\\\/www.eldigitaldeasturias.com\\\/noticias\\\/#website\",\"url\":\"https:\\\/\\\/www.eldigitaldeasturias.com\\\/noticias\\\/\",\"name\":\"El Digital de Asturias - Diario de actualidad y noticias\",\"alternateName\":\"El Digital de Asturias - Diario de actualidad y noticias\",\"description\":\"Hemeroteca\",\"inLanguage\":\"es-ES\",\"publisher\":{\"@id\":\"https:\\\/\\\/www.eldigitaldeasturias.com\\\/noticias\\\/#organization\"}}]}\n\t\t<\/script>\n\t\t<!-- All in One SEO Pro -->\r\n\t\t<title>Mario Abdo Ben\u00edtez nuevo presidente del Paraguay - El Digital de Asturias<\/title>\n\n","aioseo_head_json":{"title":"Mario Abdo Ben\u00edtez nuevo presidente del Paraguay - El Digital de Asturias","description":"Asunci\u00f3n, 22 abr (dpa) - El oficialista y conservador Mario Abdo Ben\u00edtez se consagr\u00f3 hoy nuevo presidente del Paraguay, tras una apretada contienda electoral que lo dej\u00f3 a menos de cuatro puntos porcentuales de su principal contrincante, Efra\u00edn Alegre, de la alianza GANAR, seg\u00fan confirm\u00f3 el tribunal electoral. Escrutado casi un 99 por ciento de","canonical_url":"https:\/\/www.eldigitaldeasturias.com\/noticias\/mario-abdo-benitez-nuevo-presidente-del-paraguay\/","robots":"max-image-preview:large","keywords":"actualidad","webmasterTools":{"google-site-verification":"UA-38556648-1","msvalidate.01":"7dfe9f3f1b24437ab69f4f2559babe99","miscellaneous":""},"schema":{"@context":"https:\/\/schema.org","@graph":[{"@type":"BlogPosting","@id":"https:\/\/www.eldigitaldeasturias.com\/noticias\/mario-abdo-benitez-nuevo-presidente-del-paraguay\/#blogposting","name":"Mario Abdo Ben\u00edtez nuevo presidente del Paraguay - El Digital de Asturias","headline":"Mario Abdo Ben\u00edtez nuevo presidente del Paraguay","author":{"@id":"https:\/\/www.eldigitaldeasturias.com\/noticias\/author\/admin\/#author"},"publisher":{"@id":"https:\/\/www.eldigitaldeasturias.com\/noticias\/#organization"},"image":{"@type":"ImageObject","url":976822},"datePublished":"2018-04-23T04:16:17+02:00","dateModified":"2018-04-23T04:16:17+02:00","inLanguage":"es-ES","mainEntityOfPage":{"@id":"https:\/\/www.eldigitaldeasturias.com\/noticias\/mario-abdo-benitez-nuevo-presidente-del-paraguay\/#webpage"},"isPartOf":{"@id":"https:\/\/www.eldigitaldeasturias.com\/noticias\/mario-abdo-benitez-nuevo-presidente-del-paraguay\/#webpage"},"articleSection":"Actualidad"},{"@type":"BreadcrumbList","@id":"https:\/\/www.eldigitaldeasturias.com\/noticias\/mario-abdo-benitez-nuevo-presidente-del-paraguay\/#breadcrumblist","itemListElement":[{"@type":"ListItem","@id":"https:\/\/www.eldigitaldeasturias.com\/noticias#listItem","position":1,"name":"Home","item":"https:\/\/www.eldigitaldeasturias.com\/noticias","nextItem":{"@type":"ListItem","@id":"https:\/\/www.eldigitaldeasturias.com\/noticias\/category\/actualidad\/#listItem","name":"Actualidad"}},{"@type":"ListItem","@id":"https:\/\/www.eldigitaldeasturias.com\/noticias\/category\/actualidad\/#listItem","position":2,"name":"Actualidad","item":"https:\/\/www.eldigitaldeasturias.com\/noticias\/category\/actualidad\/","nextItem":{"@type":"ListItem","@id":"https:\/\/www.eldigitaldeasturias.com\/noticias\/mario-abdo-benitez-nuevo-presidente-del-paraguay\/#listItem","name":"Mario Abdo Ben\u00edtez nuevo presidente del Paraguay"},"previousItem":{"@type":"ListItem","@id":"https:\/\/www.eldigitaldeasturias.com\/noticias#listItem","name":"Home"}},{"@type":"ListItem","@id":"https:\/\/www.eldigitaldeasturias.com\/noticias\/mario-abdo-benitez-nuevo-presidente-del-paraguay\/#listItem","position":3,"name":"Mario Abdo Ben\u00edtez nuevo presidente del Paraguay","previousItem":{"@type":"ListItem","@id":"https:\/\/www.eldigitaldeasturias.com\/noticias\/category\/actualidad\/#listItem","name":"Actualidad"}}]},{"@type":"Organization","@id":"https:\/\/www.eldigitaldeasturias.com\/noticias\/#organization","name":"El Digital de Asturias","description":"Hemeroteca","url":"https:\/\/www.eldigitaldeasturias.com\/noticias\/","email":"info@eldigitaldeasturias.com","telephone":"+34652131393","logo":{"@type":"ImageObject","url":"https:\/\/www.eldigitaldeasturias.com\/noticias\/wp-content\/uploads\/2020\/12\/EDA.jpg","@id":"https:\/\/www.eldigitaldeasturias.com\/noticias\/mario-abdo-benitez-nuevo-presidente-del-paraguay\/#organizationLogo"},"image":{"@id":"https:\/\/www.eldigitaldeasturias.com\/noticias\/mario-abdo-benitez-nuevo-presidente-del-paraguay\/#organizationLogo"},"sameAs":["https:\/\/facebook.com\/eldigitaldeasturias","https:\/\/www.youtube.com\/channel\/UCZP-2wLEB9Rv6erhFmqVnvg"],"address":{"@id":"https:\/\/www.eldigitaldeasturias.com\/noticias\/#postaladdress","@type":"PostalAddress","streetAddress":"san antonio 4","postalCode":"33430","addressLocality":"Cand\u00e1s","addressRegion":"Asturias","addressCountry":"ES"}},{"@type":"Person","@id":"https:\/\/www.eldigitaldeasturias.com\/noticias\/author\/admin\/#author","url":"https:\/\/www.eldigitaldeasturias.com\/noticias\/author\/admin\/","name":"El Digital de Asturias","image":{"@type":"ImageObject","@id":"https:\/\/www.eldigitaldeasturias.com\/noticias\/mario-abdo-benitez-nuevo-presidente-del-paraguay\/#authorImage","url":"https:\/\/secure.gravatar.com\/avatar\/df2aeffc32bcd13f8d26072ef8a91b623d677766deac7f97ca815868cd41bf5e?s=96&d=mm&r=g","width":96,"height":96,"caption":"El Digital de Asturias"}},{"@type":"WebPage","@id":"https:\/\/www.eldigitaldeasturias.com\/noticias\/mario-abdo-benitez-nuevo-presidente-del-paraguay\/#webpage","url":"https:\/\/www.eldigitaldeasturias.com\/noticias\/mario-abdo-benitez-nuevo-presidente-del-paraguay\/","name":"Mario Abdo Ben\u00edtez nuevo presidente del Paraguay - El Digital de Asturias","description":"Asunci\u00f3n, 22 abr (dpa) - El oficialista y conservador Mario Abdo Ben\u00edtez se consagr\u00f3 hoy nuevo presidente del Paraguay, tras una apretada contienda electoral que lo dej\u00f3 a menos de cuatro puntos porcentuales de su principal contrincante, Efra\u00edn Alegre, de la alianza GANAR, seg\u00fan confirm\u00f3 el tribunal electoral. Escrutado casi un 99 por ciento de","inLanguage":"es-ES","isPartOf":{"@id":"https:\/\/www.eldigitaldeasturias.com\/noticias\/#website"},"breadcrumb":{"@id":"https:\/\/www.eldigitaldeasturias.com\/noticias\/mario-abdo-benitez-nuevo-presidente-del-paraguay\/#breadcrumblist"},"author":{"@id":"https:\/\/www.eldigitaldeasturias.com\/noticias\/author\/admin\/#author"},"creator":{"@id":"https:\/\/www.eldigitaldeasturias.com\/noticias\/author\/admin\/#author"},"image":{"@type":"ImageObject","url":976822,"@id":"https:\/\/www.eldigitaldeasturias.com\/noticias\/mario-abdo-benitez-nuevo-presidente-del-paraguay\/#mainImage"},"primaryImageOfPage":{"@id":"https:\/\/www.eldigitaldeasturias.com\/noticias\/mario-abdo-benitez-nuevo-presidente-del-paraguay\/#mainImage"},"datePublished":"2018-04-23T04:16:17+02:00","dateModified":"2018-04-23T04:16:17+02:00"},{"@type":"WebSite","@id":"https:\/\/www.eldigitaldeasturias.com\/noticias\/#website","url":"https:\/\/www.eldigitaldeasturias.com\/noticias\/","name":"El Digital de Asturias - Diario de actualidad y noticias","alternateName":"El Digital de Asturias - Diario de actualidad y noticias","description":"Hemeroteca","inLanguage":"es-ES","publisher":{"@id":"https:\/\/www.eldigitaldeasturias.com\/noticias\/#organization"}}]},"og:locale":"es_ES","og:site_name":"El Digital de Asturias","og:type":"article","og:title":"Mario Abdo Ben\u00edtez nuevo presidente del Paraguay - El Digital de Asturias","og:description":"Asunci\u00f3n, 22 abr (dpa) - El oficialista y conservador Mario Abdo Ben\u00edtez se consagr\u00f3 hoy nuevo presidente del Paraguay, tras una apretada contienda electoral que lo dej\u00f3 a menos de cuatro puntos porcentuales de su principal contrincante, Efra\u00edn Alegre, de la alianza GANAR, seg\u00fan confirm\u00f3 el tribunal electoral. Escrutado casi un 99 por ciento de","og:url":"https:\/\/www.eldigitaldeasturias.com\/noticias\/mario-abdo-benitez-nuevo-presidente-del-paraguay\/","article:tag":["actualidad"],"article:published_time":"2018-04-23T04:16:17+00:00","article:modified_time":"2018-04-23T04:16:17+00:00","article:publisher":"https:\/\/facebook.com\/eldigitaldeasturias","twitter:card":"summary_large_image","twitter:title":"Mario Abdo Ben\u00edtez nuevo presidente del Paraguay - El Digital de Asturias","twitter:description":"Asunci\u00f3n, 22 abr (dpa) - El oficialista y conservador Mario Abdo Ben\u00edtez se consagr\u00f3 hoy nuevo presidente del Paraguay, tras una apretada contienda electoral que lo dej\u00f3 a menos de cuatro puntos porcentuales de su principal contrincante, Efra\u00edn Alegre, de la alianza GANAR, seg\u00fan confirm\u00f3 el tribunal electoral. Escrutado casi un 99 por ciento de","twitter:image":"https:\/\/www.eldigitaldeasturias.com\/noticias\/wp-content\/uploads\/2020\/12\/EDA-1.jpg","twitter:label1":"Escrito por","twitter:data1":"El Digital de Asturias","twitter:label2":"Tiempo de lectura estimado","twitter:data2":"3 minutos"},"aioseo_meta_data":{"post_id":"977082","title":null,"description":null,"keywords":null,"keyphrases":null,"primary_term":null,"canonical_url":null,"og_title":null,"og_description":null,"og_object_type":"default","og_image_type":"default","og_image_url":null,"og_image_width":null,"og_image_height":null,"og_image_custom_url":null,"og_image_custom_fields":null,"og_video":null,"og_custom_url":null,"og_article_section":null,"og_article_tags":null,"twitter_use_og":false,"twitter_card":"default","twitter_image_type":"default","twitter_image_url":null,"twitter_image_custom_url":null,"twitter_image_custom_fields":null,"twitter_title":null,"twitter_description":null,"schema":{"blockGraphs":[],"customGraphs":[],"default":{"data":{"Article":[],"Course":[],"Dataset":[],"FAQPage":[],"Movie":[],"Person":[],"Product":[],"ProductReview":[],"Car":[],"Recipe":[],"Service":[],"SoftwareApplication":[],"WebPage":[]},"graphName":"","isEnabled":true},"graphs":[],"defaultGraph":"","defaultPostTypeGraph":""},"schema_type":null,"schema_type_options":null,"pillar_content":false,"robots_default":true,"robots_noindex":false,"robots_noarchive":false,"robots_nosnippet":false,"robots_nofollow":false,"robots_noimageindex":false,"robots_noodp":false,"robots_notranslate":false,"robots_max_snippet":null,"robots_max_videopreview":null,"robots_max_imagepreview":"large","priority":null,"frequency":null,"local_seo":null,"seo_analyzer_scan_date":"2025-10-08 06:07:37","breadcrumb_settings":null,"limit_modified_date":false,"open_ai":null,"ai":null,"created":"2020-12-21 12:06:38","updated":"2025-10-08 06:07:37","focus_keyword":null,"additional_keywords":null,"truseo_locale":null},"aioseo_breadcrumb":"<div class=\"aioseo-breadcrumbs\"><span class=\"aioseo-breadcrumb\">\n\t<a href=\"https:\/\/www.eldigitaldeasturias.com\/noticias\" title=\"Home\">Home<\/a>\n<\/span><span class=\"aioseo-breadcrumb-separator\">\u2013<\/span><span class=\"aioseo-breadcrumb\">\n\t<a href=\"https:\/\/www.eldigitaldeasturias.com\/noticias\/category\/actualidad\/\" title=\"Actualidad\">Actualidad<\/a>\n<\/span><span class=\"aioseo-breadcrumb-separator\">\u2013<\/span><span class=\"aioseo-breadcrumb\">\n\t<a href=\"https:\/\/www.eldigitaldeasturias.com\/noticias\/mario-abdo-benitez-nuevo-presidente-del-paraguay\/\" title=\"Mario Abdo Ben\u00edtez nuevo presidente del Paraguay\">Mario Abdo Ben\u00edtez nuevo presidente del Paraguay<\/a>\n<\/span><\/div>","aioseo_breadcrumb_json":[{"label":"Home","link":"https:\/\/www.eldigitaldeasturias.com\/noticias"},{"label":"Actualidad","link":"https:\/\/www.eldigitaldeasturias.com\/noticias\/category\/actualidad\/"},{"label":"Mario Abdo Ben\u00edtez nuevo presidente del Paraguay","link":"https:\/\/www.eldigitaldeasturias.com\/noticias\/mario-abdo-benitez-nuevo-presidente-del-paraguay\/"}],"_links":{"self":[{"href":"https:\/\/www.eldigitaldeasturias.com\/noticias\/wp-json\/wp\/v2\/posts\/977082","targetHints":{"allow":["GET"]}}],"collection":[{"href":"https:\/\/www.eldigitaldeasturias.com\/noticias\/wp-json\/wp\/v2\/posts"}],"about":[{"href":"https:\/\/www.eldigitaldeasturias.com\/noticias\/wp-json\/wp\/v2\/types\/post"}],"author":[{"embeddable":true,"href":"https:\/\/www.eldigitaldeasturias.com\/noticias\/wp-json\/wp\/v2\/users\/1"}],"replies":[{"embeddable":true,"href":"https:\/\/www.eldigitaldeasturias.com\/noticias\/wp-json\/wp\/v2\/comments?post=977082"}],"version-history":[{"count":0,"href":"https:\/\/www.eldigitaldeasturias.com\/noticias\/wp-json\/wp\/v2\/posts\/977082\/revisions"}],"wp:attachment":[{"href":"https:\/\/www.eldigitaldeasturias.com\/noticias\/wp-json\/wp\/v2\/media?parent=977082"}],"wp:term":[{"taxonomy":"category","embeddable":true,"href":"https:\/\/www.eldigitaldeasturias.com\/noticias\/wp-json\/wp\/v2\/categories?post=977082"},{"taxonomy":"post_tag","embeddable":true,"href":"https:\/\/www.eldigitaldeasturias.com\/noticias\/wp-json\/wp\/v2\/tags?post=977082"}],"curies":[{"name":"wp","href":"https:\/\/api.w.org\/{rel}","templated":true}]}}