{"id":977080,"date":"2018-04-23T04:13:30","date_gmt":"2018-04-23T04:13:30","guid":{"rendered":"http:\/\/www.eldigitaldeasturias.com\/noticias\/?p=977080"},"modified":"2018-04-23T04:13:30","modified_gmt":"2018-04-23T04:13:30","slug":"lula-pude-haber-huido-pero-no-quise","status":"publish","type":"post","link":"https:\/\/www.eldigitaldeasturias.com\/noticias\/lula-pude-haber-huido-pero-no-quise\/","title":{"rendered":"Lula: \u00abPude haber huido, pero no quise\u00bb"},"content":{"rendered":"<p><img loading=\"lazy\" decoding=\"async\" class=\"alignleft size-medium wp-image-868078\" src=\"https:\/\/www.eldigitaldeasturias.com\/noticias\/wp-content\/uploads\/2016\/03\/fotonoticia_20160321102713_800-360x240.jpg\" alt=\"\" width=\"360\" height=\"240\" \/>R\u00edo de Janeiro, 22 abr (dpa) &#8211; El ex presidente brasile\u00f1o Luiz In\u00e1cio Lula da Silva, encarcelado desde hace dos semanas, afirm\u00f3 que pudo haber huido da la Polic\u00eda pero que eligi\u00f3 no hacerlo, en un video filmado antes de ingresar a la prisi\u00f3n Y divulgado hoy en las redes sociales del Partido de los Trabajadores (PT).<\/p>\n<p>\u00abEstuve en la frontera de Paraguay con Brasil. Estuve en Foz de Iguaz\u00fa. Podr\u00eda haber ido a alguna embajada, pero no quise huir porque quien es inocente no corre\u00bb, dice Lula en el video, filmado momentos antes de entregarse a la Polic\u00eda.<\/p>\n<p>Adem\u00e1s, agrega: \u00abNo tengo miedo de las denuncias contra m\u00ed, porque soy inocente y no s\u00e9 si mis acusadores son inocentes\u00bb.<\/p>\n<p>Los testimonios de Lula hacen referencia a la gira de campa\u00f1a por el Sur de Brasil, que estaba realizando antes de ser detenido, y por la que visit\u00f3 varias ciudades pr\u00f3ximas a Argentina, Brasil, Uruguay y Paraguay.<\/p>\n<p>Lula, presidente de Brasil entre 2003 y 2010, fue condenado en segunda instancia a 12 a\u00f1os de prisi\u00f3n por corrupci\u00f3n, en el marco del caso \u00abLava Jato\u00bb, y se encuentra detenido desde el 7 de abril pasado en la sure\u00f1a ciudad de Curitiba.<\/p>\n<p>A pesar de estar en prisi\u00f3n, el ex mandatario contin\u00faa liderando las encuestas de cara a las elecciones presidenciales de octubre. Todav\u00eda es una inc\u00f3gnita si podr\u00e1 continuar participando en la contienda electoral.<\/p>\n<p>&nbsp;<\/p>\n","protected":false},"excerpt":{"rendered":"<p>R\u00edo de Janeiro, 22 abr (dpa) &#8211; El ex presidente brasile\u00f1o Luiz In\u00e1cio Lula da Silva, encarcelado desde hace dos semanas, afirm\u00f3 que pudo haber huido da la Polic\u00eda pero que eligi\u00f3 no hacerlo, en un video filmado antes de ingresar a la prisi\u00f3n Y divulgado hoy en las redes sociales del Partido de los [&hellip;]<\/p>\n","protected":false},"author":1,"featured_media":868078,"comment_status":"closed","ping_status":"closed","sticky":false,"template":"","format":"standard","meta":{"footnotes":""},"categories":[1],"tags":[],"class_list":["post-977080","post","type-post","status-publish","format-standard","has-post-thumbnail","hentry","category-actualidad"],"aioseo_notices":[],"aioseo_head":"\n\t\t<!-- All in One SEO Pro 5.0.1 - aioseo.com -->\n\t<meta name=\"description\" content=\"R\u00edo de Janeiro, 22 abr (dpa) - El ex presidente brasile\u00f1o Luiz In\u00e1cio Lula da Silva, encarcelado desde hace dos semanas, afirm\u00f3 que pudo haber huido da la Polic\u00eda pero que eligi\u00f3 no hacerlo, en un video filmado antes de ingresar a la prisi\u00f3n Y divulgado hoy en las redes sociales del Partido de los\" \/>\n\t<meta name=\"robots\" content=\"max-image-preview:large\" \/>\n\t<meta name=\"author\" content=\"El Digital de Asturias\"\/>\n\t<meta name=\"google-site-verification\" content=\"UA-38556648-1\" \/>\n\t<meta name=\"msvalidate.01\" content=\"7dfe9f3f1b24437ab69f4f2559babe99\" \/>\n\t<meta name=\"keywords\" content=\"actualidad\" \/>\n\t<link rel=\"canonical\" href=\"https:\/\/www.eldigitaldeasturias.com\/noticias\/lula-pude-haber-huido-pero-no-quise\/\" \/>\n\t<meta name=\"generator\" content=\"All in One SEO Pro (AIOSEO) 5.0.1\" \/>\n\t\t<meta property=\"og:locale\" content=\"es_ES\" \/>\n\t\t<meta property=\"og:site_name\" content=\"El Digital de Asturias\" \/>\n\t\t<meta property=\"og:type\" content=\"article\" \/>\n\t\t<meta property=\"og:title\" content=\"Lula: \u00abPude haber huido, pero no quise\u00bb - El Digital de Asturias\" \/>\n\t\t<meta property=\"og:description\" content=\"R\u00edo de Janeiro, 22 abr (dpa) - El ex presidente brasile\u00f1o Luiz In\u00e1cio Lula da Silva, encarcelado desde hace dos semanas, afirm\u00f3 que pudo haber huido da la Polic\u00eda pero que eligi\u00f3 no hacerlo, en un video filmado antes de ingresar a la prisi\u00f3n Y divulgado hoy en las redes sociales del Partido de los\" \/>\n\t\t<meta property=\"og:url\" content=\"https:\/\/www.eldigitaldeasturias.com\/noticias\/lula-pude-haber-huido-pero-no-quise\/\" \/>\n\t\t<meta property=\"article:tag\" content=\"actualidad\" \/>\n\t\t<meta property=\"article:published_time\" content=\"2018-04-23T04:13:30+00:00\" \/>\n\t\t<meta property=\"article:modified_time\" content=\"2018-04-23T04:13:30+00:00\" \/>\n\t\t<meta property=\"article:publisher\" content=\"https:\/\/facebook.com\/eldigitaldeasturias\" \/>\n\t\t<meta name=\"twitter:card\" content=\"summary_large_image\" \/>\n\t\t<meta name=\"twitter:title\" content=\"Lula: \u00abPude haber huido, pero no quise\u00bb - El Digital de Asturias\" \/>\n\t\t<meta name=\"twitter:description\" content=\"R\u00edo de Janeiro, 22 abr (dpa) - El ex presidente brasile\u00f1o Luiz In\u00e1cio Lula da Silva, encarcelado desde hace dos semanas, afirm\u00f3 que pudo haber huido da la Polic\u00eda pero que eligi\u00f3 no hacerlo, en un video filmado antes de ingresar a la prisi\u00f3n Y divulgado hoy en las redes sociales del Partido de los\" \/>\n\t\t<meta name=\"twitter:image\" content=\"https:\/\/www.eldigitaldeasturias.com\/noticias\/wp-content\/uploads\/2020\/12\/EDA-1.jpg\" \/>\n\t\t<meta name=\"twitter:label1\" content=\"Escrito por\" \/>\n\t\t<meta name=\"twitter:data1\" content=\"El Digital de Asturias\" \/>\n\t\t<meta name=\"twitter:label2\" content=\"Tiempo de lectura estimado\" \/>\n\t\t<meta name=\"twitter:data2\" content=\"1 minuto\" \/>\n\t\t<script type=\"application\/ld+json\" class=\"aioseo-schema\">\n\t\t\t{\"@context\":\"https:\\\/\\\/schema.org\",\"@graph\":[{\"@type\":\"BlogPosting\",\"@id\":\"https:\\\/\\\/www.eldigitaldeasturias.com\\\/noticias\\\/lula-pude-haber-huido-pero-no-quise\\\/#blogposting\",\"name\":\"Lula: \\u00abPude haber huido, pero no quise\\u00bb - El Digital de Asturias\",\"headline\":\"Lula: \\u00abPude haber huido, pero no quise\\u00bb\",\"author\":{\"@id\":\"https:\\\/\\\/www.eldigitaldeasturias.com\\\/noticias\\\/author\\\/admin\\\/#author\"},\"publisher\":{\"@id\":\"https:\\\/\\\/www.eldigitaldeasturias.com\\\/noticias\\\/#organization\"},\"image\":{\"@type\":\"ImageObject\",\"url\":868078},\"datePublished\":\"2018-04-23T04:13:30+02:00\",\"dateModified\":\"2018-04-23T04:13:30+02:00\",\"inLanguage\":\"es-ES\",\"mainEntityOfPage\":{\"@id\":\"https:\\\/\\\/www.eldigitaldeasturias.com\\\/noticias\\\/lula-pude-haber-huido-pero-no-quise\\\/#webpage\"},\"isPartOf\":{\"@id\":\"https:\\\/\\\/www.eldigitaldeasturias.com\\\/noticias\\\/lula-pude-haber-huido-pero-no-quise\\\/#webpage\"},\"articleSection\":\"Actualidad\"},{\"@type\":\"BreadcrumbList\",\"@id\":\"https:\\\/\\\/www.eldigitaldeasturias.com\\\/noticias\\\/lula-pude-haber-huido-pero-no-quise\\\/#breadcrumblist\",\"itemListElement\":[{\"@type\":\"ListItem\",\"@id\":\"https:\\\/\\\/www.eldigitaldeasturias.com\\\/noticias#listItem\",\"position\":1,\"name\":\"Home\",\"item\":\"https:\\\/\\\/www.eldigitaldeasturias.com\\\/noticias\",\"nextItem\":{\"@type\":\"ListItem\",\"@id\":\"https:\\\/\\\/www.eldigitaldeasturias.com\\\/noticias\\\/category\\\/actualidad\\\/#listItem\",\"name\":\"Actualidad\"}},{\"@type\":\"ListItem\",\"@id\":\"https:\\\/\\\/www.eldigitaldeasturias.com\\\/noticias\\\/category\\\/actualidad\\\/#listItem\",\"position\":2,\"name\":\"Actualidad\",\"item\":\"https:\\\/\\\/www.eldigitaldeasturias.com\\\/noticias\\\/category\\\/actualidad\\\/\",\"nextItem\":{\"@type\":\"ListItem\",\"@id\":\"https:\\\/\\\/www.eldigitaldeasturias.com\\\/noticias\\\/lula-pude-haber-huido-pero-no-quise\\\/#listItem\",\"name\":\"Lula: \\u00abPude haber huido, pero no quise\\u00bb\"},\"previousItem\":{\"@type\":\"ListItem\",\"@id\":\"https:\\\/\\\/www.eldigitaldeasturias.com\\\/noticias#listItem\",\"name\":\"Home\"}},{\"@type\":\"ListItem\",\"@id\":\"https:\\\/\\\/www.eldigitaldeasturias.com\\\/noticias\\\/lula-pude-haber-huido-pero-no-quise\\\/#listItem\",\"position\":3,\"name\":\"Lula: \\u00abPude haber huido, pero no quise\\u00bb\",\"previousItem\":{\"@type\":\"ListItem\",\"@id\":\"https:\\\/\\\/www.eldigitaldeasturias.com\\\/noticias\\\/category\\\/actualidad\\\/#listItem\",\"name\":\"Actualidad\"}}]},{\"@type\":\"Organization\",\"@id\":\"https:\\\/\\\/www.eldigitaldeasturias.com\\\/noticias\\\/#organization\",\"name\":\"El Digital de Asturias\",\"description\":\"Hemeroteca\",\"url\":\"https:\\\/\\\/www.eldigitaldeasturias.com\\\/noticias\\\/\",\"email\":\"info@eldigitaldeasturias.com\",\"telephone\":\"+34652131393\",\"logo\":{\"@type\":\"ImageObject\",\"url\":\"https:\\\/\\\/www.eldigitaldeasturias.com\\\/noticias\\\/wp-content\\\/uploads\\\/2020\\\/12\\\/EDA.jpg\",\"@id\":\"https:\\\/\\\/www.eldigitaldeasturias.com\\\/noticias\\\/lula-pude-haber-huido-pero-no-quise\\\/#organizationLogo\"},\"image\":{\"@id\":\"https:\\\/\\\/www.eldigitaldeasturias.com\\\/noticias\\\/lula-pude-haber-huido-pero-no-quise\\\/#organizationLogo\"},\"sameAs\":[\"https:\\\/\\\/facebook.com\\\/eldigitaldeasturias\",\"https:\\\/\\\/www.youtube.com\\\/channel\\\/UCZP-2wLEB9Rv6erhFmqVnvg\"],\"address\":{\"@id\":\"https:\\\/\\\/www.eldigitaldeasturias.com\\\/noticias\\\/#postaladdress\",\"@type\":\"PostalAddress\",\"streetAddress\":\"san antonio 4\",\"postalCode\":\"33430\",\"addressLocality\":\"Cand\\u00e1s\",\"addressRegion\":\"Asturias\",\"addressCountry\":\"ES\"}},{\"@type\":\"Person\",\"@id\":\"https:\\\/\\\/www.eldigitaldeasturias.com\\\/noticias\\\/author\\\/admin\\\/#author\",\"url\":\"https:\\\/\\\/www.eldigitaldeasturias.com\\\/noticias\\\/author\\\/admin\\\/\",\"name\":\"El Digital de Asturias\",\"image\":{\"@type\":\"ImageObject\",\"@id\":\"https:\\\/\\\/www.eldigitaldeasturias.com\\\/noticias\\\/lula-pude-haber-huido-pero-no-quise\\\/#authorImage\",\"url\":\"https:\\\/\\\/secure.gravatar.com\\\/avatar\\\/df2aeffc32bcd13f8d26072ef8a91b623d677766deac7f97ca815868cd41bf5e?s=96&d=mm&r=g\",\"width\":96,\"height\":96,\"caption\":\"El Digital de Asturias\"}},{\"@type\":\"WebPage\",\"@id\":\"https:\\\/\\\/www.eldigitaldeasturias.com\\\/noticias\\\/lula-pude-haber-huido-pero-no-quise\\\/#webpage\",\"url\":\"https:\\\/\\\/www.eldigitaldeasturias.com\\\/noticias\\\/lula-pude-haber-huido-pero-no-quise\\\/\",\"name\":\"Lula: \\u00abPude haber huido, pero no quise\\u00bb - El Digital de Asturias\",\"description\":\"R\\u00edo de Janeiro, 22 abr (dpa) - El ex presidente brasile\\u00f1o Luiz In\\u00e1cio Lula da Silva, encarcelado desde hace dos semanas, afirm\\u00f3 que pudo haber huido da la Polic\\u00eda pero que eligi\\u00f3 no hacerlo, en un video filmado antes de ingresar a la prisi\\u00f3n Y divulgado hoy en las redes sociales del Partido de los\",\"inLanguage\":\"es-ES\",\"isPartOf\":{\"@id\":\"https:\\\/\\\/www.eldigitaldeasturias.com\\\/noticias\\\/#website\"},\"breadcrumb\":{\"@id\":\"https:\\\/\\\/www.eldigitaldeasturias.com\\\/noticias\\\/lula-pude-haber-huido-pero-no-quise\\\/#breadcrumblist\"},\"author\":{\"@id\":\"https:\\\/\\\/www.eldigitaldeasturias.com\\\/noticias\\\/author\\\/admin\\\/#author\"},\"creator\":{\"@id\":\"https:\\\/\\\/www.eldigitaldeasturias.com\\\/noticias\\\/author\\\/admin\\\/#author\"},\"image\":{\"@type\":\"ImageObject\",\"url\":868078,\"@id\":\"https:\\\/\\\/www.eldigitaldeasturias.com\\\/noticias\\\/lula-pude-haber-huido-pero-no-quise\\\/#mainImage\"},\"primaryImageOfPage\":{\"@id\":\"https:\\\/\\\/www.eldigitaldeasturias.com\\\/noticias\\\/lula-pude-haber-huido-pero-no-quise\\\/#mainImage\"},\"datePublished\":\"2018-04-23T04:13:30+02:00\",\"dateModified\":\"2018-04-23T04:13:30+02:00\"},{\"@type\":\"WebSite\",\"@id\":\"https:\\\/\\\/www.eldigitaldeasturias.com\\\/noticias\\\/#website\",\"url\":\"https:\\\/\\\/www.eldigitaldeasturias.com\\\/noticias\\\/\",\"name\":\"El Digital de Asturias - Diario de actualidad y noticias\",\"alternateName\":\"El Digital de Asturias - Diario de actualidad y noticias\",\"description\":\"Hemeroteca\",\"inLanguage\":\"es-ES\",\"publisher\":{\"@id\":\"https:\\\/\\\/www.eldigitaldeasturias.com\\\/noticias\\\/#organization\"}}]}\n\t\t<\/script>\n\t\t<!-- All in One SEO Pro -->\r\n\t\t<title>Lula: \u00abPude haber huido, pero no quise\u00bb - El Digital de Asturias<\/title>\n\n","aioseo_head_json":{"title":"Lula: \u00abPude haber huido, pero no quise\u00bb - El Digital de Asturias","description":"R\u00edo de Janeiro, 22 abr (dpa) - El ex presidente brasile\u00f1o Luiz In\u00e1cio Lula da Silva, encarcelado desde hace dos semanas, afirm\u00f3 que pudo haber huido da la Polic\u00eda pero que eligi\u00f3 no hacerlo, en un video filmado antes de ingresar a la prisi\u00f3n Y divulgado hoy en las redes sociales del Partido de los","canonical_url":"https:\/\/www.eldigitaldeasturias.com\/noticias\/lula-pude-haber-huido-pero-no-quise\/","robots":"max-image-preview:large","keywords":"actualidad","webmasterTools":{"google-site-verification":"UA-38556648-1","msvalidate.01":"7dfe9f3f1b24437ab69f4f2559babe99","miscellaneous":""},"schema":{"@context":"https:\/\/schema.org","@graph":[{"@type":"BlogPosting","@id":"https:\/\/www.eldigitaldeasturias.com\/noticias\/lula-pude-haber-huido-pero-no-quise\/#blogposting","name":"Lula: \u00abPude haber huido, pero no quise\u00bb - El Digital de Asturias","headline":"Lula: \u00abPude haber huido, pero no quise\u00bb","author":{"@id":"https:\/\/www.eldigitaldeasturias.com\/noticias\/author\/admin\/#author"},"publisher":{"@id":"https:\/\/www.eldigitaldeasturias.com\/noticias\/#organization"},"image":{"@type":"ImageObject","url":868078},"datePublished":"2018-04-23T04:13:30+02:00","dateModified":"2018-04-23T04:13:30+02:00","inLanguage":"es-ES","mainEntityOfPage":{"@id":"https:\/\/www.eldigitaldeasturias.com\/noticias\/lula-pude-haber-huido-pero-no-quise\/#webpage"},"isPartOf":{"@id":"https:\/\/www.eldigitaldeasturias.com\/noticias\/lula-pude-haber-huido-pero-no-quise\/#webpage"},"articleSection":"Actualidad"},{"@type":"BreadcrumbList","@id":"https:\/\/www.eldigitaldeasturias.com\/noticias\/lula-pude-haber-huido-pero-no-quise\/#breadcrumblist","itemListElement":[{"@type":"ListItem","@id":"https:\/\/www.eldigitaldeasturias.com\/noticias#listItem","position":1,"name":"Home","item":"https:\/\/www.eldigitaldeasturias.com\/noticias","nextItem":{"@type":"ListItem","@id":"https:\/\/www.eldigitaldeasturias.com\/noticias\/category\/actualidad\/#listItem","name":"Actualidad"}},{"@type":"ListItem","@id":"https:\/\/www.eldigitaldeasturias.com\/noticias\/category\/actualidad\/#listItem","position":2,"name":"Actualidad","item":"https:\/\/www.eldigitaldeasturias.com\/noticias\/category\/actualidad\/","nextItem":{"@type":"ListItem","@id":"https:\/\/www.eldigitaldeasturias.com\/noticias\/lula-pude-haber-huido-pero-no-quise\/#listItem","name":"Lula: \u00abPude haber huido, pero no quise\u00bb"},"previousItem":{"@type":"ListItem","@id":"https:\/\/www.eldigitaldeasturias.com\/noticias#listItem","name":"Home"}},{"@type":"ListItem","@id":"https:\/\/www.eldigitaldeasturias.com\/noticias\/lula-pude-haber-huido-pero-no-quise\/#listItem","position":3,"name":"Lula: \u00abPude haber huido, pero no quise\u00bb","previousItem":{"@type":"ListItem","@id":"https:\/\/www.eldigitaldeasturias.com\/noticias\/category\/actualidad\/#listItem","name":"Actualidad"}}]},{"@type":"Organization","@id":"https:\/\/www.eldigitaldeasturias.com\/noticias\/#organization","name":"El Digital de Asturias","description":"Hemeroteca","url":"https:\/\/www.eldigitaldeasturias.com\/noticias\/","email":"info@eldigitaldeasturias.com","telephone":"+34652131393","logo":{"@type":"ImageObject","url":"https:\/\/www.eldigitaldeasturias.com\/noticias\/wp-content\/uploads\/2020\/12\/EDA.jpg","@id":"https:\/\/www.eldigitaldeasturias.com\/noticias\/lula-pude-haber-huido-pero-no-quise\/#organizationLogo"},"image":{"@id":"https:\/\/www.eldigitaldeasturias.com\/noticias\/lula-pude-haber-huido-pero-no-quise\/#organizationLogo"},"sameAs":["https:\/\/facebook.com\/eldigitaldeasturias","https:\/\/www.youtube.com\/channel\/UCZP-2wLEB9Rv6erhFmqVnvg"],"address":{"@id":"https:\/\/www.eldigitaldeasturias.com\/noticias\/#postaladdress","@type":"PostalAddress","streetAddress":"san antonio 4","postalCode":"33430","addressLocality":"Cand\u00e1s","addressRegion":"Asturias","addressCountry":"ES"}},{"@type":"Person","@id":"https:\/\/www.eldigitaldeasturias.com\/noticias\/author\/admin\/#author","url":"https:\/\/www.eldigitaldeasturias.com\/noticias\/author\/admin\/","name":"El Digital de Asturias","image":{"@type":"ImageObject","@id":"https:\/\/www.eldigitaldeasturias.com\/noticias\/lula-pude-haber-huido-pero-no-quise\/#authorImage","url":"https:\/\/secure.gravatar.com\/avatar\/df2aeffc32bcd13f8d26072ef8a91b623d677766deac7f97ca815868cd41bf5e?s=96&d=mm&r=g","width":96,"height":96,"caption":"El Digital de Asturias"}},{"@type":"WebPage","@id":"https:\/\/www.eldigitaldeasturias.com\/noticias\/lula-pude-haber-huido-pero-no-quise\/#webpage","url":"https:\/\/www.eldigitaldeasturias.com\/noticias\/lula-pude-haber-huido-pero-no-quise\/","name":"Lula: \u00abPude haber huido, pero no quise\u00bb - El Digital de Asturias","description":"R\u00edo de Janeiro, 22 abr (dpa) - El ex presidente brasile\u00f1o Luiz In\u00e1cio Lula da Silva, encarcelado desde hace dos semanas, afirm\u00f3 que pudo haber huido da la Polic\u00eda pero que eligi\u00f3 no hacerlo, en un video filmado antes de ingresar a la prisi\u00f3n Y divulgado hoy en las redes sociales del Partido de los","inLanguage":"es-ES","isPartOf":{"@id":"https:\/\/www.eldigitaldeasturias.com\/noticias\/#website"},"breadcrumb":{"@id":"https:\/\/www.eldigitaldeasturias.com\/noticias\/lula-pude-haber-huido-pero-no-quise\/#breadcrumblist"},"author":{"@id":"https:\/\/www.eldigitaldeasturias.com\/noticias\/author\/admin\/#author"},"creator":{"@id":"https:\/\/www.eldigitaldeasturias.com\/noticias\/author\/admin\/#author"},"image":{"@type":"ImageObject","url":868078,"@id":"https:\/\/www.eldigitaldeasturias.com\/noticias\/lula-pude-haber-huido-pero-no-quise\/#mainImage"},"primaryImageOfPage":{"@id":"https:\/\/www.eldigitaldeasturias.com\/noticias\/lula-pude-haber-huido-pero-no-quise\/#mainImage"},"datePublished":"2018-04-23T04:13:30+02:00","dateModified":"2018-04-23T04:13:30+02:00"},{"@type":"WebSite","@id":"https:\/\/www.eldigitaldeasturias.com\/noticias\/#website","url":"https:\/\/www.eldigitaldeasturias.com\/noticias\/","name":"El Digital de Asturias - Diario de actualidad y noticias","alternateName":"El Digital de Asturias - Diario de actualidad y noticias","description":"Hemeroteca","inLanguage":"es-ES","publisher":{"@id":"https:\/\/www.eldigitaldeasturias.com\/noticias\/#organization"}}]},"og:locale":"es_ES","og:site_name":"El Digital de Asturias","og:type":"article","og:title":"Lula: \u00abPude haber huido, pero no quise\u00bb - El Digital de Asturias","og:description":"R\u00edo de Janeiro, 22 abr (dpa) - El ex presidente brasile\u00f1o Luiz In\u00e1cio Lula da Silva, encarcelado desde hace dos semanas, afirm\u00f3 que pudo haber huido da la Polic\u00eda pero que eligi\u00f3 no hacerlo, en un video filmado antes de ingresar a la prisi\u00f3n Y divulgado hoy en las redes sociales del Partido de los","og:url":"https:\/\/www.eldigitaldeasturias.com\/noticias\/lula-pude-haber-huido-pero-no-quise\/","article:tag":["actualidad"],"article:published_time":"2018-04-23T04:13:30+00:00","article:modified_time":"2018-04-23T04:13:30+00:00","article:publisher":"https:\/\/facebook.com\/eldigitaldeasturias","twitter:card":"summary_large_image","twitter:title":"Lula: \u00abPude haber huido, pero no quise\u00bb - El Digital de Asturias","twitter:description":"R\u00edo de Janeiro, 22 abr (dpa) - El ex presidente brasile\u00f1o Luiz In\u00e1cio Lula da Silva, encarcelado desde hace dos semanas, afirm\u00f3 que pudo haber huido da la Polic\u00eda pero que eligi\u00f3 no hacerlo, en un video filmado antes de ingresar a la prisi\u00f3n Y divulgado hoy en las redes sociales del Partido de los","twitter:image":"https:\/\/www.eldigitaldeasturias.com\/noticias\/wp-content\/uploads\/2020\/12\/EDA-1.jpg","twitter:label1":"Escrito por","twitter:data1":"El Digital de Asturias","twitter:label2":"Tiempo de lectura estimado","twitter:data2":"1 minuto"},"aioseo_meta_data":{"post_id":"977080","title":null,"description":null,"keywords":null,"keyphrases":null,"primary_term":null,"canonical_url":null,"og_title":null,"og_description":null,"og_object_type":"default","og_image_type":"default","og_image_url":null,"og_image_width":null,"og_image_height":null,"og_image_custom_url":null,"og_image_custom_fields":null,"og_video":null,"og_custom_url":null,"og_article_section":null,"og_article_tags":null,"twitter_use_og":false,"twitter_card":"default","twitter_image_type":"default","twitter_image_url":null,"twitter_image_custom_url":null,"twitter_image_custom_fields":null,"twitter_title":null,"twitter_description":null,"schema":{"blockGraphs":[],"customGraphs":[],"default":{"data":{"Article":[],"Course":[],"Dataset":[],"FAQPage":[],"Movie":[],"Person":[],"Product":[],"ProductReview":[],"Car":[],"Recipe":[],"Service":[],"SoftwareApplication":[],"WebPage":[]},"graphName":"","isEnabled":true},"graphs":[],"defaultGraph":"","defaultPostTypeGraph":""},"schema_type":null,"schema_type_options":null,"pillar_content":false,"robots_default":true,"robots_noindex":false,"robots_noarchive":false,"robots_nosnippet":false,"robots_nofollow":false,"robots_noimageindex":false,"robots_noodp":false,"robots_notranslate":false,"robots_max_snippet":null,"robots_max_videopreview":null,"robots_max_imagepreview":"large","priority":null,"frequency":null,"local_seo":null,"seo_analyzer_scan_date":"2025-10-08 06:07:37","breadcrumb_settings":null,"limit_modified_date":false,"open_ai":null,"ai":null,"created":"2020-12-21 12:06:38","updated":"2025-10-08 06:07:37","focus_keyword":null,"additional_keywords":null,"truseo_locale":null},"aioseo_breadcrumb":"<div class=\"aioseo-breadcrumbs\"><span class=\"aioseo-breadcrumb\">\n\t<a href=\"https:\/\/www.eldigitaldeasturias.com\/noticias\" title=\"Home\">Home<\/a>\n<\/span><span class=\"aioseo-breadcrumb-separator\">\u2013<\/span><span class=\"aioseo-breadcrumb\">\n\t<a href=\"https:\/\/www.eldigitaldeasturias.com\/noticias\/category\/actualidad\/\" title=\"Actualidad\">Actualidad<\/a>\n<\/span><span class=\"aioseo-breadcrumb-separator\">\u2013<\/span><span class=\"aioseo-breadcrumb\">\n\t<a href=\"https:\/\/www.eldigitaldeasturias.com\/noticias\/lula-pude-haber-huido-pero-no-quise\/\" title=\"Lula: \u00abPude haber huido, pero no quise\u00bb\">Lula: \u00abPude haber huido, pero no quise\u00bb<\/a>\n<\/span><\/div>","aioseo_breadcrumb_json":[{"label":"Home","link":"https:\/\/www.eldigitaldeasturias.com\/noticias"},{"label":"Actualidad","link":"https:\/\/www.eldigitaldeasturias.com\/noticias\/category\/actualidad\/"},{"label":"Lula: \u00abPude haber huido, pero no quise\u00bb","link":"https:\/\/www.eldigitaldeasturias.com\/noticias\/lula-pude-haber-huido-pero-no-quise\/"}],"_links":{"self":[{"href":"https:\/\/www.eldigitaldeasturias.com\/noticias\/wp-json\/wp\/v2\/posts\/977080","targetHints":{"allow":["GET"]}}],"collection":[{"href":"https:\/\/www.eldigitaldeasturias.com\/noticias\/wp-json\/wp\/v2\/posts"}],"about":[{"href":"https:\/\/www.eldigitaldeasturias.com\/noticias\/wp-json\/wp\/v2\/types\/post"}],"author":[{"embeddable":true,"href":"https:\/\/www.eldigitaldeasturias.com\/noticias\/wp-json\/wp\/v2\/users\/1"}],"replies":[{"embeddable":true,"href":"https:\/\/www.eldigitaldeasturias.com\/noticias\/wp-json\/wp\/v2\/comments?post=977080"}],"version-history":[{"count":0,"href":"https:\/\/www.eldigitaldeasturias.com\/noticias\/wp-json\/wp\/v2\/posts\/977080\/revisions"}],"wp:attachment":[{"href":"https:\/\/www.eldigitaldeasturias.com\/noticias\/wp-json\/wp\/v2\/media?parent=977080"}],"wp:term":[{"taxonomy":"category","embeddable":true,"href":"https:\/\/www.eldigitaldeasturias.com\/noticias\/wp-json\/wp\/v2\/categories?post=977080"},{"taxonomy":"post_tag","embeddable":true,"href":"https:\/\/www.eldigitaldeasturias.com\/noticias\/wp-json\/wp\/v2\/tags?post=977080"}],"curies":[{"name":"wp","href":"https:\/\/api.w.org\/{rel}","templated":true}]}}