{"id":977077,"date":"2018-04-23T04:12:09","date_gmt":"2018-04-23T04:12:09","guid":{"rendered":"http:\/\/www.eldigitaldeasturias.com\/noticias\/?p=977077"},"modified":"2018-04-23T04:12:09","modified_gmt":"2018-04-23T04:12:09","slug":"emmanuel-macron-no-tenemos-un-plan-b-para-iran","status":"publish","type":"post","link":"https:\/\/www.eldigitaldeasturias.com\/noticias\/emmanuel-macron-no-tenemos-un-plan-b-para-iran\/","title":{"rendered":"Emmanuel Macron: \u00abNo tenemos un plan B para Ir\u00e1n\u00bb"},"content":{"rendered":"<p><img loading=\"lazy\" decoding=\"async\" class=\"alignleft size-medium wp-image-653067\" src=\"https:\/\/www.eldigitaldeasturias.com\/noticias\/wp-content\/uploads\/2014\/10\/6773324w-360x250.jpg\" alt=\"\" width=\"360\" height=\"250\" \/>Washington\/Par\u00eds, 22 abr (dpa) &#8211; El presidente franc\u00e9s, Emmanuel Macron, que estar\u00e1 a partir del lunes en Estados Unidos, inst\u00f3 a su colega Donald Trump a no retirarse del acuerdo nuclear con Ir\u00e1n.<\/p>\n<p>\u00abNo tenemos un plan B para Ir\u00e1n\u00bb, dijo Macron en una entrevista emitida hoy por la cadena estadounidense Fox News, en la que reconoci\u00f3 que el acuerdo alcanzado no es perfecto, pero que no hay ninguno mejor.<\/p>\n<p>\u00abMi mensaje es: no nos bajemos ahora del acuerdo\u00bb, se\u00f1al\u00f3. De todas formas, Macron dijo que trabajar\u00e1 para reducir la influencia iran\u00ed en la regi\u00f3n.<\/p>\n<p>Trump ha cuestionado fuertemente el acuerdo alcanzado en 2015 por Ir\u00e1n con Estados Unidos, China, Rusia, Francia, Reino Unido y Alemania y asegura que lo abandonar\u00e1 si no es revisado. Teher\u00e1n, por su parte, rechaza nuevas negociaciones sobre el pacto.<\/p>\n<p>El acuerdo obliga al pa\u00eds persa a restringir durante al menos una d\u00e9cada partes esenciales de su programa nuclear. Como contrapartida se levantaron las sanciones impuestas a Teher\u00e1n y se prometi\u00f3 normalizar las relaciones entre Occidente e Ir\u00e1n.<\/p>\n<p>El 12 de mayo es considerado como posible fecha para que Estados Unidos restablezca sus sanciones a Ir\u00e1n, lo que podr\u00eda significar el fin del acuerdo.<\/p>\n<p>Macron llega el lunes a una visita de tres d\u00edas a Estados Unidos, la primera que realiza desde que asumi\u00f3 Trump.<\/p>\n","protected":false},"excerpt":{"rendered":"<p>Washington\/Par\u00eds, 22 abr (dpa) &#8211; El presidente franc\u00e9s, Emmanuel Macron, que estar\u00e1 a partir del lunes en Estados Unidos, inst\u00f3 a su colega Donald Trump a no retirarse del acuerdo nuclear con Ir\u00e1n. \u00abNo tenemos un plan B para Ir\u00e1n\u00bb, dijo Macron en una entrevista emitida hoy por la cadena estadounidense Fox News, en la [&hellip;]<\/p>\n","protected":false},"author":1,"featured_media":653067,"comment_status":"closed","ping_status":"closed","sticky":false,"template":"","format":"standard","meta":{"footnotes":""},"categories":[1],"tags":[],"class_list":["post-977077","post","type-post","status-publish","format-standard","has-post-thumbnail","hentry","category-actualidad"],"aioseo_notices":[],"aioseo_head":"\n\t\t<!-- All in One SEO Pro 5.0.1 - aioseo.com -->\n\t<meta name=\"description\" content=\"Washington\/Par\u00eds, 22 abr (dpa) - El presidente franc\u00e9s, Emmanuel Macron, que estar\u00e1 a partir del lunes en Estados Unidos, inst\u00f3 a su colega Donald Trump a no retirarse del acuerdo nuclear con Ir\u00e1n. &quot;No tenemos un plan B para Ir\u00e1n&quot;, dijo Macron en una entrevista emitida hoy por la cadena estadounidense Fox News, en la\" \/>\n\t<meta name=\"robots\" content=\"max-image-preview:large\" \/>\n\t<meta name=\"author\" content=\"El Digital de Asturias\"\/>\n\t<meta name=\"google-site-verification\" content=\"UA-38556648-1\" \/>\n\t<meta name=\"msvalidate.01\" content=\"7dfe9f3f1b24437ab69f4f2559babe99\" \/>\n\t<meta name=\"keywords\" content=\"actualidad\" \/>\n\t<link rel=\"canonical\" href=\"https:\/\/www.eldigitaldeasturias.com\/noticias\/emmanuel-macron-no-tenemos-un-plan-b-para-iran\/\" \/>\n\t<meta name=\"generator\" content=\"All in One SEO Pro (AIOSEO) 5.0.1\" \/>\n\t\t<meta property=\"og:locale\" content=\"es_ES\" \/>\n\t\t<meta property=\"og:site_name\" content=\"El Digital de Asturias\" \/>\n\t\t<meta property=\"og:type\" content=\"article\" \/>\n\t\t<meta property=\"og:title\" content=\"Emmanuel Macron: \u00abNo tenemos un plan B para Ir\u00e1n\u00bb - El Digital de Asturias\" \/>\n\t\t<meta property=\"og:description\" content=\"Washington\/Par\u00eds, 22 abr (dpa) - El presidente franc\u00e9s, Emmanuel Macron, que estar\u00e1 a partir del lunes en Estados Unidos, inst\u00f3 a su colega Donald Trump a no retirarse del acuerdo nuclear con Ir\u00e1n. &quot;No tenemos un plan B para Ir\u00e1n&quot;, dijo Macron en una entrevista emitida hoy por la cadena estadounidense Fox News, en la\" \/>\n\t\t<meta property=\"og:url\" content=\"https:\/\/www.eldigitaldeasturias.com\/noticias\/emmanuel-macron-no-tenemos-un-plan-b-para-iran\/\" \/>\n\t\t<meta property=\"article:tag\" content=\"actualidad\" \/>\n\t\t<meta property=\"article:published_time\" content=\"2018-04-23T04:12:09+00:00\" \/>\n\t\t<meta property=\"article:modified_time\" content=\"2018-04-23T04:12:09+00:00\" \/>\n\t\t<meta property=\"article:publisher\" content=\"https:\/\/facebook.com\/eldigitaldeasturias\" \/>\n\t\t<meta name=\"twitter:card\" content=\"summary_large_image\" \/>\n\t\t<meta name=\"twitter:title\" content=\"Emmanuel Macron: \u00abNo tenemos un plan B para Ir\u00e1n\u00bb - El Digital de Asturias\" \/>\n\t\t<meta name=\"twitter:description\" content=\"Washington\/Par\u00eds, 22 abr (dpa) - El presidente franc\u00e9s, Emmanuel Macron, que estar\u00e1 a partir del lunes en Estados Unidos, inst\u00f3 a su colega Donald Trump a no retirarse del acuerdo nuclear con Ir\u00e1n. &quot;No tenemos un plan B para Ir\u00e1n&quot;, dijo Macron en una entrevista emitida hoy por la cadena estadounidense Fox News, en la\" \/>\n\t\t<meta name=\"twitter:image\" content=\"https:\/\/www.eldigitaldeasturias.com\/noticias\/wp-content\/uploads\/2020\/12\/EDA-1.jpg\" \/>\n\t\t<meta name=\"twitter:label1\" content=\"Escrito por\" \/>\n\t\t<meta name=\"twitter:data1\" content=\"El Digital de Asturias\" \/>\n\t\t<meta name=\"twitter:label2\" content=\"Tiempo de lectura estimado\" \/>\n\t\t<meta name=\"twitter:data2\" content=\"1 minuto\" \/>\n\t\t<script type=\"application\/ld+json\" class=\"aioseo-schema\">\n\t\t\t{\"@context\":\"https:\\\/\\\/schema.org\",\"@graph\":[{\"@type\":\"BlogPosting\",\"@id\":\"https:\\\/\\\/www.eldigitaldeasturias.com\\\/noticias\\\/emmanuel-macron-no-tenemos-un-plan-b-para-iran\\\/#blogposting\",\"name\":\"Emmanuel Macron: \\u00abNo tenemos un plan B para Ir\\u00e1n\\u00bb - El Digital de Asturias\",\"headline\":\"Emmanuel Macron: \\u00abNo tenemos un plan B para Ir\\u00e1n\\u00bb\",\"author\":{\"@id\":\"https:\\\/\\\/www.eldigitaldeasturias.com\\\/noticias\\\/author\\\/admin\\\/#author\"},\"publisher\":{\"@id\":\"https:\\\/\\\/www.eldigitaldeasturias.com\\\/noticias\\\/#organization\"},\"image\":{\"@type\":\"ImageObject\",\"url\":653067},\"datePublished\":\"2018-04-23T04:12:09+02:00\",\"dateModified\":\"2018-04-23T04:12:09+02:00\",\"inLanguage\":\"es-ES\",\"mainEntityOfPage\":{\"@id\":\"https:\\\/\\\/www.eldigitaldeasturias.com\\\/noticias\\\/emmanuel-macron-no-tenemos-un-plan-b-para-iran\\\/#webpage\"},\"isPartOf\":{\"@id\":\"https:\\\/\\\/www.eldigitaldeasturias.com\\\/noticias\\\/emmanuel-macron-no-tenemos-un-plan-b-para-iran\\\/#webpage\"},\"articleSection\":\"Actualidad\"},{\"@type\":\"BreadcrumbList\",\"@id\":\"https:\\\/\\\/www.eldigitaldeasturias.com\\\/noticias\\\/emmanuel-macron-no-tenemos-un-plan-b-para-iran\\\/#breadcrumblist\",\"itemListElement\":[{\"@type\":\"ListItem\",\"@id\":\"https:\\\/\\\/www.eldigitaldeasturias.com\\\/noticias#listItem\",\"position\":1,\"name\":\"Home\",\"item\":\"https:\\\/\\\/www.eldigitaldeasturias.com\\\/noticias\",\"nextItem\":{\"@type\":\"ListItem\",\"@id\":\"https:\\\/\\\/www.eldigitaldeasturias.com\\\/noticias\\\/category\\\/actualidad\\\/#listItem\",\"name\":\"Actualidad\"}},{\"@type\":\"ListItem\",\"@id\":\"https:\\\/\\\/www.eldigitaldeasturias.com\\\/noticias\\\/category\\\/actualidad\\\/#listItem\",\"position\":2,\"name\":\"Actualidad\",\"item\":\"https:\\\/\\\/www.eldigitaldeasturias.com\\\/noticias\\\/category\\\/actualidad\\\/\",\"nextItem\":{\"@type\":\"ListItem\",\"@id\":\"https:\\\/\\\/www.eldigitaldeasturias.com\\\/noticias\\\/emmanuel-macron-no-tenemos-un-plan-b-para-iran\\\/#listItem\",\"name\":\"Emmanuel Macron: \\u00abNo tenemos un plan B para Ir\\u00e1n\\u00bb\"},\"previousItem\":{\"@type\":\"ListItem\",\"@id\":\"https:\\\/\\\/www.eldigitaldeasturias.com\\\/noticias#listItem\",\"name\":\"Home\"}},{\"@type\":\"ListItem\",\"@id\":\"https:\\\/\\\/www.eldigitaldeasturias.com\\\/noticias\\\/emmanuel-macron-no-tenemos-un-plan-b-para-iran\\\/#listItem\",\"position\":3,\"name\":\"Emmanuel Macron: \\u00abNo tenemos un plan B para Ir\\u00e1n\\u00bb\",\"previousItem\":{\"@type\":\"ListItem\",\"@id\":\"https:\\\/\\\/www.eldigitaldeasturias.com\\\/noticias\\\/category\\\/actualidad\\\/#listItem\",\"name\":\"Actualidad\"}}]},{\"@type\":\"Organization\",\"@id\":\"https:\\\/\\\/www.eldigitaldeasturias.com\\\/noticias\\\/#organization\",\"name\":\"El Digital de Asturias\",\"description\":\"Hemeroteca\",\"url\":\"https:\\\/\\\/www.eldigitaldeasturias.com\\\/noticias\\\/\",\"email\":\"info@eldigitaldeasturias.com\",\"telephone\":\"+34652131393\",\"logo\":{\"@type\":\"ImageObject\",\"url\":\"https:\\\/\\\/www.eldigitaldeasturias.com\\\/noticias\\\/wp-content\\\/uploads\\\/2020\\\/12\\\/EDA.jpg\",\"@id\":\"https:\\\/\\\/www.eldigitaldeasturias.com\\\/noticias\\\/emmanuel-macron-no-tenemos-un-plan-b-para-iran\\\/#organizationLogo\"},\"image\":{\"@id\":\"https:\\\/\\\/www.eldigitaldeasturias.com\\\/noticias\\\/emmanuel-macron-no-tenemos-un-plan-b-para-iran\\\/#organizationLogo\"},\"sameAs\":[\"https:\\\/\\\/facebook.com\\\/eldigitaldeasturias\",\"https:\\\/\\\/www.youtube.com\\\/channel\\\/UCZP-2wLEB9Rv6erhFmqVnvg\"],\"address\":{\"@id\":\"https:\\\/\\\/www.eldigitaldeasturias.com\\\/noticias\\\/#postaladdress\",\"@type\":\"PostalAddress\",\"streetAddress\":\"san antonio 4\",\"postalCode\":\"33430\",\"addressLocality\":\"Cand\\u00e1s\",\"addressRegion\":\"Asturias\",\"addressCountry\":\"ES\"}},{\"@type\":\"Person\",\"@id\":\"https:\\\/\\\/www.eldigitaldeasturias.com\\\/noticias\\\/author\\\/admin\\\/#author\",\"url\":\"https:\\\/\\\/www.eldigitaldeasturias.com\\\/noticias\\\/author\\\/admin\\\/\",\"name\":\"El Digital de Asturias\",\"image\":{\"@type\":\"ImageObject\",\"@id\":\"https:\\\/\\\/www.eldigitaldeasturias.com\\\/noticias\\\/emmanuel-macron-no-tenemos-un-plan-b-para-iran\\\/#authorImage\",\"url\":\"https:\\\/\\\/secure.gravatar.com\\\/avatar\\\/df2aeffc32bcd13f8d26072ef8a91b623d677766deac7f97ca815868cd41bf5e?s=96&d=mm&r=g\",\"width\":96,\"height\":96,\"caption\":\"El Digital de Asturias\"}},{\"@type\":\"WebPage\",\"@id\":\"https:\\\/\\\/www.eldigitaldeasturias.com\\\/noticias\\\/emmanuel-macron-no-tenemos-un-plan-b-para-iran\\\/#webpage\",\"url\":\"https:\\\/\\\/www.eldigitaldeasturias.com\\\/noticias\\\/emmanuel-macron-no-tenemos-un-plan-b-para-iran\\\/\",\"name\":\"Emmanuel Macron: \\u00abNo tenemos un plan B para Ir\\u00e1n\\u00bb - El Digital de Asturias\",\"description\":\"Washington\\\/Par\\u00eds, 22 abr (dpa) - El presidente franc\\u00e9s, Emmanuel Macron, que estar\\u00e1 a partir del lunes en Estados Unidos, inst\\u00f3 a su colega Donald Trump a no retirarse del acuerdo nuclear con Ir\\u00e1n. \\\"No tenemos un plan B para Ir\\u00e1n\\\", dijo Macron en una entrevista emitida hoy por la cadena estadounidense Fox News, en la\",\"inLanguage\":\"es-ES\",\"isPartOf\":{\"@id\":\"https:\\\/\\\/www.eldigitaldeasturias.com\\\/noticias\\\/#website\"},\"breadcrumb\":{\"@id\":\"https:\\\/\\\/www.eldigitaldeasturias.com\\\/noticias\\\/emmanuel-macron-no-tenemos-un-plan-b-para-iran\\\/#breadcrumblist\"},\"author\":{\"@id\":\"https:\\\/\\\/www.eldigitaldeasturias.com\\\/noticias\\\/author\\\/admin\\\/#author\"},\"creator\":{\"@id\":\"https:\\\/\\\/www.eldigitaldeasturias.com\\\/noticias\\\/author\\\/admin\\\/#author\"},\"image\":{\"@type\":\"ImageObject\",\"url\":653067,\"@id\":\"https:\\\/\\\/www.eldigitaldeasturias.com\\\/noticias\\\/emmanuel-macron-no-tenemos-un-plan-b-para-iran\\\/#mainImage\"},\"primaryImageOfPage\":{\"@id\":\"https:\\\/\\\/www.eldigitaldeasturias.com\\\/noticias\\\/emmanuel-macron-no-tenemos-un-plan-b-para-iran\\\/#mainImage\"},\"datePublished\":\"2018-04-23T04:12:09+02:00\",\"dateModified\":\"2018-04-23T04:12:09+02:00\"},{\"@type\":\"WebSite\",\"@id\":\"https:\\\/\\\/www.eldigitaldeasturias.com\\\/noticias\\\/#website\",\"url\":\"https:\\\/\\\/www.eldigitaldeasturias.com\\\/noticias\\\/\",\"name\":\"El Digital de Asturias - Diario de actualidad y noticias\",\"alternateName\":\"El Digital de Asturias - Diario de actualidad y noticias\",\"description\":\"Hemeroteca\",\"inLanguage\":\"es-ES\",\"publisher\":{\"@id\":\"https:\\\/\\\/www.eldigitaldeasturias.com\\\/noticias\\\/#organization\"}}]}\n\t\t<\/script>\n\t\t<!-- All in One SEO Pro -->\r\n\t\t<title>Emmanuel Macron: \u00abNo tenemos un plan B para Ir\u00e1n\u00bb - El Digital de Asturias<\/title>\n\n","aioseo_head_json":{"title":"Emmanuel Macron: \u00abNo tenemos un plan B para Ir\u00e1n\u00bb - El Digital de Asturias","description":"Washington\/Par\u00eds, 22 abr (dpa) - El presidente franc\u00e9s, Emmanuel Macron, que estar\u00e1 a partir del lunes en Estados Unidos, inst\u00f3 a su colega Donald Trump a no retirarse del acuerdo nuclear con Ir\u00e1n. \"No tenemos un plan B para Ir\u00e1n\", dijo Macron en una entrevista emitida hoy por la cadena estadounidense Fox News, en la","canonical_url":"https:\/\/www.eldigitaldeasturias.com\/noticias\/emmanuel-macron-no-tenemos-un-plan-b-para-iran\/","robots":"max-image-preview:large","keywords":"actualidad","webmasterTools":{"google-site-verification":"UA-38556648-1","msvalidate.01":"7dfe9f3f1b24437ab69f4f2559babe99","miscellaneous":""},"schema":{"@context":"https:\/\/schema.org","@graph":[{"@type":"BlogPosting","@id":"https:\/\/www.eldigitaldeasturias.com\/noticias\/emmanuel-macron-no-tenemos-un-plan-b-para-iran\/#blogposting","name":"Emmanuel Macron: \u00abNo tenemos un plan B para Ir\u00e1n\u00bb - El Digital de Asturias","headline":"Emmanuel Macron: \u00abNo tenemos un plan B para Ir\u00e1n\u00bb","author":{"@id":"https:\/\/www.eldigitaldeasturias.com\/noticias\/author\/admin\/#author"},"publisher":{"@id":"https:\/\/www.eldigitaldeasturias.com\/noticias\/#organization"},"image":{"@type":"ImageObject","url":653067},"datePublished":"2018-04-23T04:12:09+02:00","dateModified":"2018-04-23T04:12:09+02:00","inLanguage":"es-ES","mainEntityOfPage":{"@id":"https:\/\/www.eldigitaldeasturias.com\/noticias\/emmanuel-macron-no-tenemos-un-plan-b-para-iran\/#webpage"},"isPartOf":{"@id":"https:\/\/www.eldigitaldeasturias.com\/noticias\/emmanuel-macron-no-tenemos-un-plan-b-para-iran\/#webpage"},"articleSection":"Actualidad"},{"@type":"BreadcrumbList","@id":"https:\/\/www.eldigitaldeasturias.com\/noticias\/emmanuel-macron-no-tenemos-un-plan-b-para-iran\/#breadcrumblist","itemListElement":[{"@type":"ListItem","@id":"https:\/\/www.eldigitaldeasturias.com\/noticias#listItem","position":1,"name":"Home","item":"https:\/\/www.eldigitaldeasturias.com\/noticias","nextItem":{"@type":"ListItem","@id":"https:\/\/www.eldigitaldeasturias.com\/noticias\/category\/actualidad\/#listItem","name":"Actualidad"}},{"@type":"ListItem","@id":"https:\/\/www.eldigitaldeasturias.com\/noticias\/category\/actualidad\/#listItem","position":2,"name":"Actualidad","item":"https:\/\/www.eldigitaldeasturias.com\/noticias\/category\/actualidad\/","nextItem":{"@type":"ListItem","@id":"https:\/\/www.eldigitaldeasturias.com\/noticias\/emmanuel-macron-no-tenemos-un-plan-b-para-iran\/#listItem","name":"Emmanuel Macron: \u00abNo tenemos un plan B para Ir\u00e1n\u00bb"},"previousItem":{"@type":"ListItem","@id":"https:\/\/www.eldigitaldeasturias.com\/noticias#listItem","name":"Home"}},{"@type":"ListItem","@id":"https:\/\/www.eldigitaldeasturias.com\/noticias\/emmanuel-macron-no-tenemos-un-plan-b-para-iran\/#listItem","position":3,"name":"Emmanuel Macron: \u00abNo tenemos un plan B para Ir\u00e1n\u00bb","previousItem":{"@type":"ListItem","@id":"https:\/\/www.eldigitaldeasturias.com\/noticias\/category\/actualidad\/#listItem","name":"Actualidad"}}]},{"@type":"Organization","@id":"https:\/\/www.eldigitaldeasturias.com\/noticias\/#organization","name":"El Digital de Asturias","description":"Hemeroteca","url":"https:\/\/www.eldigitaldeasturias.com\/noticias\/","email":"info@eldigitaldeasturias.com","telephone":"+34652131393","logo":{"@type":"ImageObject","url":"https:\/\/www.eldigitaldeasturias.com\/noticias\/wp-content\/uploads\/2020\/12\/EDA.jpg","@id":"https:\/\/www.eldigitaldeasturias.com\/noticias\/emmanuel-macron-no-tenemos-un-plan-b-para-iran\/#organizationLogo"},"image":{"@id":"https:\/\/www.eldigitaldeasturias.com\/noticias\/emmanuel-macron-no-tenemos-un-plan-b-para-iran\/#organizationLogo"},"sameAs":["https:\/\/facebook.com\/eldigitaldeasturias","https:\/\/www.youtube.com\/channel\/UCZP-2wLEB9Rv6erhFmqVnvg"],"address":{"@id":"https:\/\/www.eldigitaldeasturias.com\/noticias\/#postaladdress","@type":"PostalAddress","streetAddress":"san antonio 4","postalCode":"33430","addressLocality":"Cand\u00e1s","addressRegion":"Asturias","addressCountry":"ES"}},{"@type":"Person","@id":"https:\/\/www.eldigitaldeasturias.com\/noticias\/author\/admin\/#author","url":"https:\/\/www.eldigitaldeasturias.com\/noticias\/author\/admin\/","name":"El Digital de Asturias","image":{"@type":"ImageObject","@id":"https:\/\/www.eldigitaldeasturias.com\/noticias\/emmanuel-macron-no-tenemos-un-plan-b-para-iran\/#authorImage","url":"https:\/\/secure.gravatar.com\/avatar\/df2aeffc32bcd13f8d26072ef8a91b623d677766deac7f97ca815868cd41bf5e?s=96&d=mm&r=g","width":96,"height":96,"caption":"El Digital de Asturias"}},{"@type":"WebPage","@id":"https:\/\/www.eldigitaldeasturias.com\/noticias\/emmanuel-macron-no-tenemos-un-plan-b-para-iran\/#webpage","url":"https:\/\/www.eldigitaldeasturias.com\/noticias\/emmanuel-macron-no-tenemos-un-plan-b-para-iran\/","name":"Emmanuel Macron: \u00abNo tenemos un plan B para Ir\u00e1n\u00bb - El Digital de Asturias","description":"Washington\/Par\u00eds, 22 abr (dpa) - El presidente franc\u00e9s, Emmanuel Macron, que estar\u00e1 a partir del lunes en Estados Unidos, inst\u00f3 a su colega Donald Trump a no retirarse del acuerdo nuclear con Ir\u00e1n. \"No tenemos un plan B para Ir\u00e1n\", dijo Macron en una entrevista emitida hoy por la cadena estadounidense Fox News, en la","inLanguage":"es-ES","isPartOf":{"@id":"https:\/\/www.eldigitaldeasturias.com\/noticias\/#website"},"breadcrumb":{"@id":"https:\/\/www.eldigitaldeasturias.com\/noticias\/emmanuel-macron-no-tenemos-un-plan-b-para-iran\/#breadcrumblist"},"author":{"@id":"https:\/\/www.eldigitaldeasturias.com\/noticias\/author\/admin\/#author"},"creator":{"@id":"https:\/\/www.eldigitaldeasturias.com\/noticias\/author\/admin\/#author"},"image":{"@type":"ImageObject","url":653067,"@id":"https:\/\/www.eldigitaldeasturias.com\/noticias\/emmanuel-macron-no-tenemos-un-plan-b-para-iran\/#mainImage"},"primaryImageOfPage":{"@id":"https:\/\/www.eldigitaldeasturias.com\/noticias\/emmanuel-macron-no-tenemos-un-plan-b-para-iran\/#mainImage"},"datePublished":"2018-04-23T04:12:09+02:00","dateModified":"2018-04-23T04:12:09+02:00"},{"@type":"WebSite","@id":"https:\/\/www.eldigitaldeasturias.com\/noticias\/#website","url":"https:\/\/www.eldigitaldeasturias.com\/noticias\/","name":"El Digital de Asturias - Diario de actualidad y noticias","alternateName":"El Digital de Asturias - Diario de actualidad y noticias","description":"Hemeroteca","inLanguage":"es-ES","publisher":{"@id":"https:\/\/www.eldigitaldeasturias.com\/noticias\/#organization"}}]},"og:locale":"es_ES","og:site_name":"El Digital de Asturias","og:type":"article","og:title":"Emmanuel Macron: \u00abNo tenemos un plan B para Ir\u00e1n\u00bb - El Digital de Asturias","og:description":"Washington\/Par\u00eds, 22 abr (dpa) - El presidente franc\u00e9s, Emmanuel Macron, que estar\u00e1 a partir del lunes en Estados Unidos, inst\u00f3 a su colega Donald Trump a no retirarse del acuerdo nuclear con Ir\u00e1n. &quot;No tenemos un plan B para Ir\u00e1n&quot;, dijo Macron en una entrevista emitida hoy por la cadena estadounidense Fox News, en la","og:url":"https:\/\/www.eldigitaldeasturias.com\/noticias\/emmanuel-macron-no-tenemos-un-plan-b-para-iran\/","article:tag":["actualidad"],"article:published_time":"2018-04-23T04:12:09+00:00","article:modified_time":"2018-04-23T04:12:09+00:00","article:publisher":"https:\/\/facebook.com\/eldigitaldeasturias","twitter:card":"summary_large_image","twitter:title":"Emmanuel Macron: \u00abNo tenemos un plan B para Ir\u00e1n\u00bb - El Digital de Asturias","twitter:description":"Washington\/Par\u00eds, 22 abr (dpa) - El presidente franc\u00e9s, Emmanuel Macron, que estar\u00e1 a partir del lunes en Estados Unidos, inst\u00f3 a su colega Donald Trump a no retirarse del acuerdo nuclear con Ir\u00e1n. &quot;No tenemos un plan B para Ir\u00e1n&quot;, dijo Macron en una entrevista emitida hoy por la cadena estadounidense Fox News, en la","twitter:image":"https:\/\/www.eldigitaldeasturias.com\/noticias\/wp-content\/uploads\/2020\/12\/EDA-1.jpg","twitter:label1":"Escrito por","twitter:data1":"El Digital de Asturias","twitter:label2":"Tiempo de lectura estimado","twitter:data2":"1 minuto"},"aioseo_meta_data":{"post_id":"977077","title":null,"description":null,"keywords":null,"keyphrases":null,"primary_term":null,"canonical_url":null,"og_title":null,"og_description":null,"og_object_type":"default","og_image_type":"default","og_image_url":null,"og_image_width":null,"og_image_height":null,"og_image_custom_url":null,"og_image_custom_fields":null,"og_video":null,"og_custom_url":null,"og_article_section":null,"og_article_tags":null,"twitter_use_og":false,"twitter_card":"default","twitter_image_type":"default","twitter_image_url":null,"twitter_image_custom_url":null,"twitter_image_custom_fields":null,"twitter_title":null,"twitter_description":null,"schema":{"blockGraphs":[],"customGraphs":[],"default":{"data":{"Article":[],"Course":[],"Dataset":[],"FAQPage":[],"Movie":[],"Person":[],"Product":[],"ProductReview":[],"Car":[],"Recipe":[],"Service":[],"SoftwareApplication":[],"WebPage":[]},"graphName":"","isEnabled":true},"graphs":[],"defaultGraph":"","defaultPostTypeGraph":""},"schema_type":null,"schema_type_options":null,"pillar_content":false,"robots_default":true,"robots_noindex":false,"robots_noarchive":false,"robots_nosnippet":false,"robots_nofollow":false,"robots_noimageindex":false,"robots_noodp":false,"robots_notranslate":false,"robots_max_snippet":null,"robots_max_videopreview":null,"robots_max_imagepreview":"large","priority":null,"frequency":null,"local_seo":null,"seo_analyzer_scan_date":"2025-10-08 06:07:36","breadcrumb_settings":null,"limit_modified_date":false,"open_ai":null,"ai":null,"created":"2020-12-21 12:06:38","updated":"2025-10-08 06:07:36","focus_keyword":null,"additional_keywords":null,"truseo_locale":null},"aioseo_breadcrumb":"<div class=\"aioseo-breadcrumbs\"><span class=\"aioseo-breadcrumb\">\n\t<a href=\"https:\/\/www.eldigitaldeasturias.com\/noticias\" title=\"Home\">Home<\/a>\n<\/span><span class=\"aioseo-breadcrumb-separator\">\u2013<\/span><span class=\"aioseo-breadcrumb\">\n\t<a href=\"https:\/\/www.eldigitaldeasturias.com\/noticias\/category\/actualidad\/\" title=\"Actualidad\">Actualidad<\/a>\n<\/span><span class=\"aioseo-breadcrumb-separator\">\u2013<\/span><span class=\"aioseo-breadcrumb\">\n\t<a href=\"https:\/\/www.eldigitaldeasturias.com\/noticias\/emmanuel-macron-no-tenemos-un-plan-b-para-iran\/\" title=\"Emmanuel Macron: \u00abNo tenemos un plan B para Ir\u00e1n\u00bb\">Emmanuel Macron: \u00abNo tenemos un plan B para Ir\u00e1n\u00bb<\/a>\n<\/span><\/div>","aioseo_breadcrumb_json":[{"label":"Home","link":"https:\/\/www.eldigitaldeasturias.com\/noticias"},{"label":"Actualidad","link":"https:\/\/www.eldigitaldeasturias.com\/noticias\/category\/actualidad\/"},{"label":"Emmanuel Macron: \u00abNo tenemos un plan B para Ir\u00e1n\u00bb","link":"https:\/\/www.eldigitaldeasturias.com\/noticias\/emmanuel-macron-no-tenemos-un-plan-b-para-iran\/"}],"_links":{"self":[{"href":"https:\/\/www.eldigitaldeasturias.com\/noticias\/wp-json\/wp\/v2\/posts\/977077","targetHints":{"allow":["GET"]}}],"collection":[{"href":"https:\/\/www.eldigitaldeasturias.com\/noticias\/wp-json\/wp\/v2\/posts"}],"about":[{"href":"https:\/\/www.eldigitaldeasturias.com\/noticias\/wp-json\/wp\/v2\/types\/post"}],"author":[{"embeddable":true,"href":"https:\/\/www.eldigitaldeasturias.com\/noticias\/wp-json\/wp\/v2\/users\/1"}],"replies":[{"embeddable":true,"href":"https:\/\/www.eldigitaldeasturias.com\/noticias\/wp-json\/wp\/v2\/comments?post=977077"}],"version-history":[{"count":0,"href":"https:\/\/www.eldigitaldeasturias.com\/noticias\/wp-json\/wp\/v2\/posts\/977077\/revisions"}],"wp:attachment":[{"href":"https:\/\/www.eldigitaldeasturias.com\/noticias\/wp-json\/wp\/v2\/media?parent=977077"}],"wp:term":[{"taxonomy":"category","embeddable":true,"href":"https:\/\/www.eldigitaldeasturias.com\/noticias\/wp-json\/wp\/v2\/categories?post=977077"},{"taxonomy":"post_tag","embeddable":true,"href":"https:\/\/www.eldigitaldeasturias.com\/noticias\/wp-json\/wp\/v2\/tags?post=977077"}],"curies":[{"name":"wp","href":"https:\/\/api.w.org\/{rel}","templated":true}]}}