{"id":977071,"date":"2018-04-23T03:58:35","date_gmt":"2018-04-23T03:58:35","guid":{"rendered":"http:\/\/www.eldigitaldeasturias.com\/noticias\/?p=977071"},"modified":"2018-04-23T03:58:35","modified_gmt":"2018-04-23T03:58:35","slug":"ortega-deroga-la-polemica-reforma-y-las-protestas-siguen-en-nicaragua","status":"publish","type":"post","link":"https:\/\/www.eldigitaldeasturias.com\/noticias\/ortega-deroga-la-polemica-reforma-y-las-protestas-siguen-en-nicaragua\/","title":{"rendered":"Ortega deroga la pol\u00e9mica reforma y las protestas siguen en Nicaragua"},"content":{"rendered":"<p><img loading=\"lazy\" decoding=\"async\" class=\"alignleft size-medium wp-image-581461\" src=\"https:\/\/www.eldigitaldeasturias.com\/noticias\/wp-content\/uploads\/2014\/08\/6555334w-360x241.jpg\" alt=\"\" width=\"360\" height=\"241\" \/>Managua, 22 abr (dpa) &#8211; El presidente de Nicaragua, Daniel Ortega, anunci\u00f3 hoy la derogaci\u00f3n de una pol\u00e9mica reforma al Seguro Social que deton\u00f3 una ola de protestas hace cinco d\u00edas en el pa\u00eds y que caus\u00f3 al menos diez muertos y decenas de heridos.<\/p>\n<p>Hablando en cadena de radio y televisi\u00f3n, Ortega dijo que la decisi\u00f3n busca \u00abfacilitar la discusi\u00f3n y el di\u00e1logo amplio\u00bb entre el Gobierno, trabajadores, empleadores y \u00abque se restablezca la paz\u00bb.<\/p>\n<p>Tras el discurso del presidente, que compareci\u00f3 acompa\u00f1ado por inversionistas extranjeros de zonas francas, estudiantes realizaron una nueva manifestaci\u00f3n en Managua, donde exigieron la liberaci\u00f3n de al menos 43 j\u00f3venes arrestados por la Polic\u00eda.<\/p>\n<p>Portando cartulinas con los nombres de los muertos en las protestas (diez de acuerdo con el Gobierno y al menos 26 seg\u00fan organismos de derechos humanos), los manifestantes detuvieron el tr\u00e1fico en una c\u00e9ntrica zona de la capital y dijeron que seguir\u00e1n saliendo a las calles hasta que los detenidos sean excarcelados.<\/p>\n<p>La reforma al Seguro Social, que preve\u00eda un aumento de las cuotas de trabajadores y patronales hasta en 22,5 por ciento y gravar con un 5 por ciento las pensiones de los jubilados, provoc\u00f3 un fuerte rechazo y protestas en todo el pa\u00eds, sobre todo tras la violenta reacci\u00f3n policial.<\/p>\n<p>Ortega inst\u00f3 al di\u00e1logo pero rechaz\u00f3 la posici\u00f3n del sector privado que lo condicion\u00f3 al cese de la represi\u00f3n policial contra universitarios. \u00abUn di\u00e1logo no se puede condicionar\u00bb, les advirti\u00f3.<\/p>\n<p>En cambio, invit\u00f3 a formar parte de las conversaciones al cardenal Leopoldo Brenes, presidente de la Conferencia Episcopal, en vista de que el papa Francisco se uni\u00f3 hoy al clamor de los obispos nicarag\u00fcenses para que cese la violencia.<\/p>\n<p>Ortega no dijo si retirar\u00e1 a las tropas antimotines de las calles y, por el contrario, anunci\u00f3 que se procesar\u00e1 a las personas detenidas durante los disturbios, incluyendo supuestos pandilleros que habr\u00edan saqueado una veintena de tiendas y supermercados en Managua y en el interior en las \u00faltimas horas.<\/p>\n<p>Tampoco se refiri\u00f3 a las dos marchas previstas para el lunes en Managua, una convocada por empresarios y otra por el opositor Partido Liberal Constitucionalista.<\/p>\n<p>Las protestas comenzaron el martes protagonizadas por universitarios y se extendieron a varias ciudades del pa\u00eds, donde fueron atacados por fuerzas de choque del Gobierno y por tropas antimotines de la Polic\u00eda, que los dispersaron a balazos y con bombas lacrim\u00f3genas.<\/p>\n<p>La violencia en Nicaragua llam\u00f3 la atenci\u00f3n del papa Francisco, que hoy en la plaza San Pedro del Vaticano se declar\u00f3 \u00abpreocupado\u00bb y pidi\u00f3 \u00abque se evite un derramamiento in\u00fatil de sangre\u00bb.<\/p>\n<p>\u00abManifiesto mi cercan\u00eda con la oraci\u00f3n por este amado pa\u00eds y me uno a los obispos para pedir que cese toda violencia, se evite un derramamiento in\u00fatil de sangre y que las cuestiones abiertas se resuelvan pac\u00edficamente, con sentido de responsabilidad\u00bb, afirm\u00f3.<\/p>\n<p>Mientras, en Madrid, donde ma\u00f1ana lunes recibir\u00e1 el Premio Cervantes de Literatura, el escritor Sergio Ram\u00edrez demand\u00f3 al Gobierno de Nicaragua que \u00abdevuelva la libertad y la democracia\u00bb a sus ciudadanos, al asistir a una nutrida manifestaci\u00f3n en la c\u00e9ntrica Puerta del Sol de Madrid.<\/p>\n<p>Ram\u00edrez estuvo acompa\u00f1ado por la poeta Gioconda Belli, quien elogi\u00f3 \u00abla valent\u00eda de los j\u00f3venes\u00bb durante las protestas. \u00abEste es el primer paso para lograr un cambio\u00bb en el pa\u00eds, expres\u00f3 Belli.<\/p>\n<p>En Managua, decenas de tiendas y comercios fueron destruidos y saqueados, mientras las estaciones de gasolina luc\u00edan abarrotadas por temor a una eventual escasez de combustibles.<\/p>\n<p>El gerente de Walmart Nicaragua, Germ\u00e1n Brenes, inform\u00f3 que al menos 14 tiendas de la cadena estadounidense fueron afectadas por saqueos el fin de semana. L\u00edderes estudiantiles han culpado del vandalismo a grupos movilizados por el Gobierno.<\/p>\n<p>Tras supuestas amenazas de ataque al hospital \u00abSolidaridad\u00bb, el Ej\u00e9rcito despleg\u00f3 en Managua soldados con fusiles y cascos de guerra, seg\u00fan im\u00e1genes transmitidas por el oficialista canal 4 de televisi\u00f3n.<\/p>\n<p>Si bien las cifras de muertos y heridos difieren entre los datos oficiales y los de organismos humanitarios, el Gobierno confirm\u00f3 el asesinato de un periodista abatido de un tiro en la cabeza mientras cubr\u00eda una protesta el s\u00e1bado en la ciudad de Bluefields (surcaribe).<\/p>\n<p>El crimen contra Angel Eduardo Gahona qued\u00f3 registrado en dos impactantes videos que se viralizaron en las redes sociales.<\/p>\n<p>Por Gabriela Selser (dpa)<\/p>\n","protected":false},"excerpt":{"rendered":"<p>Managua, 22 abr (dpa) &#8211; El presidente de Nicaragua, Daniel Ortega, anunci\u00f3 hoy la derogaci\u00f3n de una pol\u00e9mica reforma al Seguro Social que deton\u00f3 una ola de protestas hace cinco d\u00edas en el pa\u00eds y que caus\u00f3 al menos diez muertos y decenas de heridos. Hablando en cadena de radio y televisi\u00f3n, Ortega dijo que [&hellip;]<\/p>\n","protected":false},"author":1,"featured_media":581461,"comment_status":"closed","ping_status":"closed","sticky":false,"template":"","format":"standard","meta":{"footnotes":""},"categories":[1],"tags":[],"class_list":["post-977071","post","type-post","status-publish","format-standard","has-post-thumbnail","hentry","category-actualidad"],"aioseo_notices":[],"aioseo_head":"\n\t\t<!-- All in One SEO Pro 5.0.1 - aioseo.com -->\n\t<meta name=\"description\" content=\"Managua, 22 abr (dpa) - El presidente de Nicaragua, Daniel Ortega, anunci\u00f3 hoy la derogaci\u00f3n de una pol\u00e9mica reforma al Seguro Social que deton\u00f3 una ola de protestas hace cinco d\u00edas en el pa\u00eds y que caus\u00f3 al menos diez muertos y decenas de heridos. Hablando en cadena de radio y televisi\u00f3n, Ortega dijo que\" \/>\n\t<meta name=\"robots\" content=\"max-image-preview:large\" \/>\n\t<meta name=\"author\" content=\"El Digital de Asturias\"\/>\n\t<meta name=\"google-site-verification\" content=\"UA-38556648-1\" \/>\n\t<meta name=\"msvalidate.01\" content=\"7dfe9f3f1b24437ab69f4f2559babe99\" \/>\n\t<meta name=\"keywords\" content=\"actualidad\" \/>\n\t<link rel=\"canonical\" href=\"https:\/\/www.eldigitaldeasturias.com\/noticias\/ortega-deroga-la-polemica-reforma-y-las-protestas-siguen-en-nicaragua\/\" \/>\n\t<meta name=\"generator\" content=\"All in One SEO Pro (AIOSEO) 5.0.1\" \/>\n\t\t<meta property=\"og:locale\" content=\"es_ES\" \/>\n\t\t<meta property=\"og:site_name\" content=\"El Digital de Asturias\" \/>\n\t\t<meta property=\"og:type\" content=\"article\" \/>\n\t\t<meta property=\"og:title\" content=\"Ortega deroga la pol\u00e9mica reforma y las protestas siguen en Nicaragua - El Digital de Asturias\" \/>\n\t\t<meta property=\"og:description\" content=\"Managua, 22 abr (dpa) - El presidente de Nicaragua, Daniel Ortega, anunci\u00f3 hoy la derogaci\u00f3n de una pol\u00e9mica reforma al Seguro Social que deton\u00f3 una ola de protestas hace cinco d\u00edas en el pa\u00eds y que caus\u00f3 al menos diez muertos y decenas de heridos. Hablando en cadena de radio y televisi\u00f3n, Ortega dijo que\" \/>\n\t\t<meta property=\"og:url\" content=\"https:\/\/www.eldigitaldeasturias.com\/noticias\/ortega-deroga-la-polemica-reforma-y-las-protestas-siguen-en-nicaragua\/\" \/>\n\t\t<meta property=\"article:tag\" content=\"actualidad\" \/>\n\t\t<meta property=\"article:published_time\" content=\"2018-04-23T03:58:35+00:00\" \/>\n\t\t<meta property=\"article:modified_time\" content=\"2018-04-23T03:58:35+00:00\" \/>\n\t\t<meta property=\"article:publisher\" content=\"https:\/\/facebook.com\/eldigitaldeasturias\" \/>\n\t\t<meta name=\"twitter:card\" content=\"summary_large_image\" \/>\n\t\t<meta name=\"twitter:title\" content=\"Ortega deroga la pol\u00e9mica reforma y las protestas siguen en Nicaragua - El Digital de Asturias\" \/>\n\t\t<meta name=\"twitter:description\" content=\"Managua, 22 abr (dpa) - El presidente de Nicaragua, Daniel Ortega, anunci\u00f3 hoy la derogaci\u00f3n de una pol\u00e9mica reforma al Seguro Social que deton\u00f3 una ola de protestas hace cinco d\u00edas en el pa\u00eds y que caus\u00f3 al menos diez muertos y decenas de heridos. Hablando en cadena de radio y televisi\u00f3n, Ortega dijo que\" \/>\n\t\t<meta name=\"twitter:image\" content=\"https:\/\/www.eldigitaldeasturias.com\/noticias\/wp-content\/uploads\/2020\/12\/EDA-1.jpg\" \/>\n\t\t<meta name=\"twitter:label1\" content=\"Escrito por\" \/>\n\t\t<meta name=\"twitter:data1\" content=\"El Digital de Asturias\" \/>\n\t\t<meta name=\"twitter:label2\" content=\"Tiempo de lectura estimado\" \/>\n\t\t<meta name=\"twitter:data2\" content=\"4 minutos\" \/>\n\t\t<script type=\"application\/ld+json\" class=\"aioseo-schema\">\n\t\t\t{\"@context\":\"https:\\\/\\\/schema.org\",\"@graph\":[{\"@type\":\"BlogPosting\",\"@id\":\"https:\\\/\\\/www.eldigitaldeasturias.com\\\/noticias\\\/ortega-deroga-la-polemica-reforma-y-las-protestas-siguen-en-nicaragua\\\/#blogposting\",\"name\":\"Ortega deroga la pol\\u00e9mica reforma y las protestas siguen en Nicaragua - El Digital de Asturias\",\"headline\":\"Ortega deroga la pol\\u00e9mica reforma y las protestas siguen en Nicaragua\",\"author\":{\"@id\":\"https:\\\/\\\/www.eldigitaldeasturias.com\\\/noticias\\\/author\\\/admin\\\/#author\"},\"publisher\":{\"@id\":\"https:\\\/\\\/www.eldigitaldeasturias.com\\\/noticias\\\/#organization\"},\"image\":{\"@type\":\"ImageObject\",\"url\":581461},\"datePublished\":\"2018-04-23T03:58:35+02:00\",\"dateModified\":\"2018-04-23T03:58:35+02:00\",\"inLanguage\":\"es-ES\",\"mainEntityOfPage\":{\"@id\":\"https:\\\/\\\/www.eldigitaldeasturias.com\\\/noticias\\\/ortega-deroga-la-polemica-reforma-y-las-protestas-siguen-en-nicaragua\\\/#webpage\"},\"isPartOf\":{\"@id\":\"https:\\\/\\\/www.eldigitaldeasturias.com\\\/noticias\\\/ortega-deroga-la-polemica-reforma-y-las-protestas-siguen-en-nicaragua\\\/#webpage\"},\"articleSection\":\"Actualidad\"},{\"@type\":\"BreadcrumbList\",\"@id\":\"https:\\\/\\\/www.eldigitaldeasturias.com\\\/noticias\\\/ortega-deroga-la-polemica-reforma-y-las-protestas-siguen-en-nicaragua\\\/#breadcrumblist\",\"itemListElement\":[{\"@type\":\"ListItem\",\"@id\":\"https:\\\/\\\/www.eldigitaldeasturias.com\\\/noticias#listItem\",\"position\":1,\"name\":\"Home\",\"item\":\"https:\\\/\\\/www.eldigitaldeasturias.com\\\/noticias\",\"nextItem\":{\"@type\":\"ListItem\",\"@id\":\"https:\\\/\\\/www.eldigitaldeasturias.com\\\/noticias\\\/category\\\/actualidad\\\/#listItem\",\"name\":\"Actualidad\"}},{\"@type\":\"ListItem\",\"@id\":\"https:\\\/\\\/www.eldigitaldeasturias.com\\\/noticias\\\/category\\\/actualidad\\\/#listItem\",\"position\":2,\"name\":\"Actualidad\",\"item\":\"https:\\\/\\\/www.eldigitaldeasturias.com\\\/noticias\\\/category\\\/actualidad\\\/\",\"nextItem\":{\"@type\":\"ListItem\",\"@id\":\"https:\\\/\\\/www.eldigitaldeasturias.com\\\/noticias\\\/ortega-deroga-la-polemica-reforma-y-las-protestas-siguen-en-nicaragua\\\/#listItem\",\"name\":\"Ortega deroga la pol\\u00e9mica reforma y las protestas siguen en Nicaragua\"},\"previousItem\":{\"@type\":\"ListItem\",\"@id\":\"https:\\\/\\\/www.eldigitaldeasturias.com\\\/noticias#listItem\",\"name\":\"Home\"}},{\"@type\":\"ListItem\",\"@id\":\"https:\\\/\\\/www.eldigitaldeasturias.com\\\/noticias\\\/ortega-deroga-la-polemica-reforma-y-las-protestas-siguen-en-nicaragua\\\/#listItem\",\"position\":3,\"name\":\"Ortega deroga la pol\\u00e9mica reforma y las protestas siguen en Nicaragua\",\"previousItem\":{\"@type\":\"ListItem\",\"@id\":\"https:\\\/\\\/www.eldigitaldeasturias.com\\\/noticias\\\/category\\\/actualidad\\\/#listItem\",\"name\":\"Actualidad\"}}]},{\"@type\":\"Organization\",\"@id\":\"https:\\\/\\\/www.eldigitaldeasturias.com\\\/noticias\\\/#organization\",\"name\":\"El Digital de Asturias\",\"description\":\"Hemeroteca\",\"url\":\"https:\\\/\\\/www.eldigitaldeasturias.com\\\/noticias\\\/\",\"email\":\"info@eldigitaldeasturias.com\",\"telephone\":\"+34652131393\",\"logo\":{\"@type\":\"ImageObject\",\"url\":\"https:\\\/\\\/www.eldigitaldeasturias.com\\\/noticias\\\/wp-content\\\/uploads\\\/2020\\\/12\\\/EDA.jpg\",\"@id\":\"https:\\\/\\\/www.eldigitaldeasturias.com\\\/noticias\\\/ortega-deroga-la-polemica-reforma-y-las-protestas-siguen-en-nicaragua\\\/#organizationLogo\"},\"image\":{\"@id\":\"https:\\\/\\\/www.eldigitaldeasturias.com\\\/noticias\\\/ortega-deroga-la-polemica-reforma-y-las-protestas-siguen-en-nicaragua\\\/#organizationLogo\"},\"sameAs\":[\"https:\\\/\\\/facebook.com\\\/eldigitaldeasturias\",\"https:\\\/\\\/www.youtube.com\\\/channel\\\/UCZP-2wLEB9Rv6erhFmqVnvg\"],\"address\":{\"@id\":\"https:\\\/\\\/www.eldigitaldeasturias.com\\\/noticias\\\/#postaladdress\",\"@type\":\"PostalAddress\",\"streetAddress\":\"san antonio 4\",\"postalCode\":\"33430\",\"addressLocality\":\"Cand\\u00e1s\",\"addressRegion\":\"Asturias\",\"addressCountry\":\"ES\"}},{\"@type\":\"Person\",\"@id\":\"https:\\\/\\\/www.eldigitaldeasturias.com\\\/noticias\\\/author\\\/admin\\\/#author\",\"url\":\"https:\\\/\\\/www.eldigitaldeasturias.com\\\/noticias\\\/author\\\/admin\\\/\",\"name\":\"El Digital de Asturias\",\"image\":{\"@type\":\"ImageObject\",\"@id\":\"https:\\\/\\\/www.eldigitaldeasturias.com\\\/noticias\\\/ortega-deroga-la-polemica-reforma-y-las-protestas-siguen-en-nicaragua\\\/#authorImage\",\"url\":\"https:\\\/\\\/secure.gravatar.com\\\/avatar\\\/df2aeffc32bcd13f8d26072ef8a91b623d677766deac7f97ca815868cd41bf5e?s=96&d=mm&r=g\",\"width\":96,\"height\":96,\"caption\":\"El Digital de Asturias\"}},{\"@type\":\"WebPage\",\"@id\":\"https:\\\/\\\/www.eldigitaldeasturias.com\\\/noticias\\\/ortega-deroga-la-polemica-reforma-y-las-protestas-siguen-en-nicaragua\\\/#webpage\",\"url\":\"https:\\\/\\\/www.eldigitaldeasturias.com\\\/noticias\\\/ortega-deroga-la-polemica-reforma-y-las-protestas-siguen-en-nicaragua\\\/\",\"name\":\"Ortega deroga la pol\\u00e9mica reforma y las protestas siguen en Nicaragua - El Digital de Asturias\",\"description\":\"Managua, 22 abr (dpa) - El presidente de Nicaragua, Daniel Ortega, anunci\\u00f3 hoy la derogaci\\u00f3n de una pol\\u00e9mica reforma al Seguro Social que deton\\u00f3 una ola de protestas hace cinco d\\u00edas en el pa\\u00eds y que caus\\u00f3 al menos diez muertos y decenas de heridos. Hablando en cadena de radio y televisi\\u00f3n, Ortega dijo que\",\"inLanguage\":\"es-ES\",\"isPartOf\":{\"@id\":\"https:\\\/\\\/www.eldigitaldeasturias.com\\\/noticias\\\/#website\"},\"breadcrumb\":{\"@id\":\"https:\\\/\\\/www.eldigitaldeasturias.com\\\/noticias\\\/ortega-deroga-la-polemica-reforma-y-las-protestas-siguen-en-nicaragua\\\/#breadcrumblist\"},\"author\":{\"@id\":\"https:\\\/\\\/www.eldigitaldeasturias.com\\\/noticias\\\/author\\\/admin\\\/#author\"},\"creator\":{\"@id\":\"https:\\\/\\\/www.eldigitaldeasturias.com\\\/noticias\\\/author\\\/admin\\\/#author\"},\"image\":{\"@type\":\"ImageObject\",\"url\":581461,\"@id\":\"https:\\\/\\\/www.eldigitaldeasturias.com\\\/noticias\\\/ortega-deroga-la-polemica-reforma-y-las-protestas-siguen-en-nicaragua\\\/#mainImage\"},\"primaryImageOfPage\":{\"@id\":\"https:\\\/\\\/www.eldigitaldeasturias.com\\\/noticias\\\/ortega-deroga-la-polemica-reforma-y-las-protestas-siguen-en-nicaragua\\\/#mainImage\"},\"datePublished\":\"2018-04-23T03:58:35+02:00\",\"dateModified\":\"2018-04-23T03:58:35+02:00\"},{\"@type\":\"WebSite\",\"@id\":\"https:\\\/\\\/www.eldigitaldeasturias.com\\\/noticias\\\/#website\",\"url\":\"https:\\\/\\\/www.eldigitaldeasturias.com\\\/noticias\\\/\",\"name\":\"El Digital de Asturias - Diario de actualidad y noticias\",\"alternateName\":\"El Digital de Asturias - Diario de actualidad y noticias\",\"description\":\"Hemeroteca\",\"inLanguage\":\"es-ES\",\"publisher\":{\"@id\":\"https:\\\/\\\/www.eldigitaldeasturias.com\\\/noticias\\\/#organization\"}}]}\n\t\t<\/script>\n\t\t<!-- All in One SEO Pro -->\r\n\t\t<title>Ortega deroga la pol\u00e9mica reforma y las protestas siguen en Nicaragua - El Digital de Asturias<\/title>\n\n","aioseo_head_json":{"title":"Ortega deroga la pol\u00e9mica reforma y las protestas siguen en Nicaragua - El Digital de Asturias","description":"Managua, 22 abr (dpa) - El presidente de Nicaragua, Daniel Ortega, anunci\u00f3 hoy la derogaci\u00f3n de una pol\u00e9mica reforma al Seguro Social que deton\u00f3 una ola de protestas hace cinco d\u00edas en el pa\u00eds y que caus\u00f3 al menos diez muertos y decenas de heridos. Hablando en cadena de radio y televisi\u00f3n, Ortega dijo que","canonical_url":"https:\/\/www.eldigitaldeasturias.com\/noticias\/ortega-deroga-la-polemica-reforma-y-las-protestas-siguen-en-nicaragua\/","robots":"max-image-preview:large","keywords":"actualidad","webmasterTools":{"google-site-verification":"UA-38556648-1","msvalidate.01":"7dfe9f3f1b24437ab69f4f2559babe99","miscellaneous":""},"schema":{"@context":"https:\/\/schema.org","@graph":[{"@type":"BlogPosting","@id":"https:\/\/www.eldigitaldeasturias.com\/noticias\/ortega-deroga-la-polemica-reforma-y-las-protestas-siguen-en-nicaragua\/#blogposting","name":"Ortega deroga la pol\u00e9mica reforma y las protestas siguen en Nicaragua - El Digital de Asturias","headline":"Ortega deroga la pol\u00e9mica reforma y las protestas siguen en Nicaragua","author":{"@id":"https:\/\/www.eldigitaldeasturias.com\/noticias\/author\/admin\/#author"},"publisher":{"@id":"https:\/\/www.eldigitaldeasturias.com\/noticias\/#organization"},"image":{"@type":"ImageObject","url":581461},"datePublished":"2018-04-23T03:58:35+02:00","dateModified":"2018-04-23T03:58:35+02:00","inLanguage":"es-ES","mainEntityOfPage":{"@id":"https:\/\/www.eldigitaldeasturias.com\/noticias\/ortega-deroga-la-polemica-reforma-y-las-protestas-siguen-en-nicaragua\/#webpage"},"isPartOf":{"@id":"https:\/\/www.eldigitaldeasturias.com\/noticias\/ortega-deroga-la-polemica-reforma-y-las-protestas-siguen-en-nicaragua\/#webpage"},"articleSection":"Actualidad"},{"@type":"BreadcrumbList","@id":"https:\/\/www.eldigitaldeasturias.com\/noticias\/ortega-deroga-la-polemica-reforma-y-las-protestas-siguen-en-nicaragua\/#breadcrumblist","itemListElement":[{"@type":"ListItem","@id":"https:\/\/www.eldigitaldeasturias.com\/noticias#listItem","position":1,"name":"Home","item":"https:\/\/www.eldigitaldeasturias.com\/noticias","nextItem":{"@type":"ListItem","@id":"https:\/\/www.eldigitaldeasturias.com\/noticias\/category\/actualidad\/#listItem","name":"Actualidad"}},{"@type":"ListItem","@id":"https:\/\/www.eldigitaldeasturias.com\/noticias\/category\/actualidad\/#listItem","position":2,"name":"Actualidad","item":"https:\/\/www.eldigitaldeasturias.com\/noticias\/category\/actualidad\/","nextItem":{"@type":"ListItem","@id":"https:\/\/www.eldigitaldeasturias.com\/noticias\/ortega-deroga-la-polemica-reforma-y-las-protestas-siguen-en-nicaragua\/#listItem","name":"Ortega deroga la pol\u00e9mica reforma y las protestas siguen en Nicaragua"},"previousItem":{"@type":"ListItem","@id":"https:\/\/www.eldigitaldeasturias.com\/noticias#listItem","name":"Home"}},{"@type":"ListItem","@id":"https:\/\/www.eldigitaldeasturias.com\/noticias\/ortega-deroga-la-polemica-reforma-y-las-protestas-siguen-en-nicaragua\/#listItem","position":3,"name":"Ortega deroga la pol\u00e9mica reforma y las protestas siguen en Nicaragua","previousItem":{"@type":"ListItem","@id":"https:\/\/www.eldigitaldeasturias.com\/noticias\/category\/actualidad\/#listItem","name":"Actualidad"}}]},{"@type":"Organization","@id":"https:\/\/www.eldigitaldeasturias.com\/noticias\/#organization","name":"El Digital de Asturias","description":"Hemeroteca","url":"https:\/\/www.eldigitaldeasturias.com\/noticias\/","email":"info@eldigitaldeasturias.com","telephone":"+34652131393","logo":{"@type":"ImageObject","url":"https:\/\/www.eldigitaldeasturias.com\/noticias\/wp-content\/uploads\/2020\/12\/EDA.jpg","@id":"https:\/\/www.eldigitaldeasturias.com\/noticias\/ortega-deroga-la-polemica-reforma-y-las-protestas-siguen-en-nicaragua\/#organizationLogo"},"image":{"@id":"https:\/\/www.eldigitaldeasturias.com\/noticias\/ortega-deroga-la-polemica-reforma-y-las-protestas-siguen-en-nicaragua\/#organizationLogo"},"sameAs":["https:\/\/facebook.com\/eldigitaldeasturias","https:\/\/www.youtube.com\/channel\/UCZP-2wLEB9Rv6erhFmqVnvg"],"address":{"@id":"https:\/\/www.eldigitaldeasturias.com\/noticias\/#postaladdress","@type":"PostalAddress","streetAddress":"san antonio 4","postalCode":"33430","addressLocality":"Cand\u00e1s","addressRegion":"Asturias","addressCountry":"ES"}},{"@type":"Person","@id":"https:\/\/www.eldigitaldeasturias.com\/noticias\/author\/admin\/#author","url":"https:\/\/www.eldigitaldeasturias.com\/noticias\/author\/admin\/","name":"El Digital de Asturias","image":{"@type":"ImageObject","@id":"https:\/\/www.eldigitaldeasturias.com\/noticias\/ortega-deroga-la-polemica-reforma-y-las-protestas-siguen-en-nicaragua\/#authorImage","url":"https:\/\/secure.gravatar.com\/avatar\/df2aeffc32bcd13f8d26072ef8a91b623d677766deac7f97ca815868cd41bf5e?s=96&d=mm&r=g","width":96,"height":96,"caption":"El Digital de Asturias"}},{"@type":"WebPage","@id":"https:\/\/www.eldigitaldeasturias.com\/noticias\/ortega-deroga-la-polemica-reforma-y-las-protestas-siguen-en-nicaragua\/#webpage","url":"https:\/\/www.eldigitaldeasturias.com\/noticias\/ortega-deroga-la-polemica-reforma-y-las-protestas-siguen-en-nicaragua\/","name":"Ortega deroga la pol\u00e9mica reforma y las protestas siguen en Nicaragua - El Digital de Asturias","description":"Managua, 22 abr (dpa) - El presidente de Nicaragua, Daniel Ortega, anunci\u00f3 hoy la derogaci\u00f3n de una pol\u00e9mica reforma al Seguro Social que deton\u00f3 una ola de protestas hace cinco d\u00edas en el pa\u00eds y que caus\u00f3 al menos diez muertos y decenas de heridos. Hablando en cadena de radio y televisi\u00f3n, Ortega dijo que","inLanguage":"es-ES","isPartOf":{"@id":"https:\/\/www.eldigitaldeasturias.com\/noticias\/#website"},"breadcrumb":{"@id":"https:\/\/www.eldigitaldeasturias.com\/noticias\/ortega-deroga-la-polemica-reforma-y-las-protestas-siguen-en-nicaragua\/#breadcrumblist"},"author":{"@id":"https:\/\/www.eldigitaldeasturias.com\/noticias\/author\/admin\/#author"},"creator":{"@id":"https:\/\/www.eldigitaldeasturias.com\/noticias\/author\/admin\/#author"},"image":{"@type":"ImageObject","url":581461,"@id":"https:\/\/www.eldigitaldeasturias.com\/noticias\/ortega-deroga-la-polemica-reforma-y-las-protestas-siguen-en-nicaragua\/#mainImage"},"primaryImageOfPage":{"@id":"https:\/\/www.eldigitaldeasturias.com\/noticias\/ortega-deroga-la-polemica-reforma-y-las-protestas-siguen-en-nicaragua\/#mainImage"},"datePublished":"2018-04-23T03:58:35+02:00","dateModified":"2018-04-23T03:58:35+02:00"},{"@type":"WebSite","@id":"https:\/\/www.eldigitaldeasturias.com\/noticias\/#website","url":"https:\/\/www.eldigitaldeasturias.com\/noticias\/","name":"El Digital de Asturias - Diario de actualidad y noticias","alternateName":"El Digital de Asturias - Diario de actualidad y noticias","description":"Hemeroteca","inLanguage":"es-ES","publisher":{"@id":"https:\/\/www.eldigitaldeasturias.com\/noticias\/#organization"}}]},"og:locale":"es_ES","og:site_name":"El Digital de Asturias","og:type":"article","og:title":"Ortega deroga la pol\u00e9mica reforma y las protestas siguen en Nicaragua - El Digital de Asturias","og:description":"Managua, 22 abr (dpa) - El presidente de Nicaragua, Daniel Ortega, anunci\u00f3 hoy la derogaci\u00f3n de una pol\u00e9mica reforma al Seguro Social que deton\u00f3 una ola de protestas hace cinco d\u00edas en el pa\u00eds y que caus\u00f3 al menos diez muertos y decenas de heridos. Hablando en cadena de radio y televisi\u00f3n, Ortega dijo que","og:url":"https:\/\/www.eldigitaldeasturias.com\/noticias\/ortega-deroga-la-polemica-reforma-y-las-protestas-siguen-en-nicaragua\/","article:tag":["actualidad"],"article:published_time":"2018-04-23T03:58:35+00:00","article:modified_time":"2018-04-23T03:58:35+00:00","article:publisher":"https:\/\/facebook.com\/eldigitaldeasturias","twitter:card":"summary_large_image","twitter:title":"Ortega deroga la pol\u00e9mica reforma y las protestas siguen en Nicaragua - El Digital de Asturias","twitter:description":"Managua, 22 abr (dpa) - El presidente de Nicaragua, Daniel Ortega, anunci\u00f3 hoy la derogaci\u00f3n de una pol\u00e9mica reforma al Seguro Social que deton\u00f3 una ola de protestas hace cinco d\u00edas en el pa\u00eds y que caus\u00f3 al menos diez muertos y decenas de heridos. Hablando en cadena de radio y televisi\u00f3n, Ortega dijo que","twitter:image":"https:\/\/www.eldigitaldeasturias.com\/noticias\/wp-content\/uploads\/2020\/12\/EDA-1.jpg","twitter:label1":"Escrito por","twitter:data1":"El Digital de Asturias","twitter:label2":"Tiempo de lectura estimado","twitter:data2":"4 minutos"},"aioseo_meta_data":{"post_id":"977071","title":null,"description":null,"keywords":null,"keyphrases":null,"primary_term":null,"canonical_url":null,"og_title":null,"og_description":null,"og_object_type":"default","og_image_type":"default","og_image_url":null,"og_image_width":null,"og_image_height":null,"og_image_custom_url":null,"og_image_custom_fields":null,"og_video":null,"og_custom_url":null,"og_article_section":null,"og_article_tags":null,"twitter_use_og":false,"twitter_card":"default","twitter_image_type":"default","twitter_image_url":null,"twitter_image_custom_url":null,"twitter_image_custom_fields":null,"twitter_title":null,"twitter_description":null,"schema":{"blockGraphs":[],"customGraphs":[],"default":{"data":{"Article":[],"Course":[],"Dataset":[],"FAQPage":[],"Movie":[],"Person":[],"Product":[],"ProductReview":[],"Car":[],"Recipe":[],"Service":[],"SoftwareApplication":[],"WebPage":[]},"graphName":"","isEnabled":true},"graphs":[],"defaultGraph":"","defaultPostTypeGraph":""},"schema_type":null,"schema_type_options":null,"pillar_content":false,"robots_default":true,"robots_noindex":false,"robots_noarchive":false,"robots_nosnippet":false,"robots_nofollow":false,"robots_noimageindex":false,"robots_noodp":false,"robots_notranslate":false,"robots_max_snippet":null,"robots_max_videopreview":null,"robots_max_imagepreview":"large","priority":null,"frequency":null,"local_seo":null,"seo_analyzer_scan_date":"2025-10-08 06:05:08","breadcrumb_settings":null,"limit_modified_date":false,"open_ai":null,"ai":null,"created":"2020-12-21 12:06:38","updated":"2025-10-08 06:05:08","focus_keyword":null,"additional_keywords":null,"truseo_locale":null},"aioseo_breadcrumb":"<div class=\"aioseo-breadcrumbs\"><span class=\"aioseo-breadcrumb\">\n\t<a href=\"https:\/\/www.eldigitaldeasturias.com\/noticias\" title=\"Home\">Home<\/a>\n<\/span><span class=\"aioseo-breadcrumb-separator\">\u2013<\/span><span class=\"aioseo-breadcrumb\">\n\t<a href=\"https:\/\/www.eldigitaldeasturias.com\/noticias\/category\/actualidad\/\" title=\"Actualidad\">Actualidad<\/a>\n<\/span><span class=\"aioseo-breadcrumb-separator\">\u2013<\/span><span class=\"aioseo-breadcrumb\">\n\t<a href=\"https:\/\/www.eldigitaldeasturias.com\/noticias\/ortega-deroga-la-polemica-reforma-y-las-protestas-siguen-en-nicaragua\/\" title=\"Ortega deroga la pol\u00e9mica reforma y las protestas siguen en Nicaragua\">Ortega deroga la pol\u00e9mica reforma y las protestas siguen en Nicaragua<\/a>\n<\/span><\/div>","aioseo_breadcrumb_json":[{"label":"Home","link":"https:\/\/www.eldigitaldeasturias.com\/noticias"},{"label":"Actualidad","link":"https:\/\/www.eldigitaldeasturias.com\/noticias\/category\/actualidad\/"},{"label":"Ortega deroga la pol\u00e9mica reforma y las protestas siguen en Nicaragua","link":"https:\/\/www.eldigitaldeasturias.com\/noticias\/ortega-deroga-la-polemica-reforma-y-las-protestas-siguen-en-nicaragua\/"}],"_links":{"self":[{"href":"https:\/\/www.eldigitaldeasturias.com\/noticias\/wp-json\/wp\/v2\/posts\/977071","targetHints":{"allow":["GET"]}}],"collection":[{"href":"https:\/\/www.eldigitaldeasturias.com\/noticias\/wp-json\/wp\/v2\/posts"}],"about":[{"href":"https:\/\/www.eldigitaldeasturias.com\/noticias\/wp-json\/wp\/v2\/types\/post"}],"author":[{"embeddable":true,"href":"https:\/\/www.eldigitaldeasturias.com\/noticias\/wp-json\/wp\/v2\/users\/1"}],"replies":[{"embeddable":true,"href":"https:\/\/www.eldigitaldeasturias.com\/noticias\/wp-json\/wp\/v2\/comments?post=977071"}],"version-history":[{"count":0,"href":"https:\/\/www.eldigitaldeasturias.com\/noticias\/wp-json\/wp\/v2\/posts\/977071\/revisions"}],"wp:attachment":[{"href":"https:\/\/www.eldigitaldeasturias.com\/noticias\/wp-json\/wp\/v2\/media?parent=977071"}],"wp:term":[{"taxonomy":"category","embeddable":true,"href":"https:\/\/www.eldigitaldeasturias.com\/noticias\/wp-json\/wp\/v2\/categories?post=977071"},{"taxonomy":"post_tag","embeddable":true,"href":"https:\/\/www.eldigitaldeasturias.com\/noticias\/wp-json\/wp\/v2\/tags?post=977071"}],"curies":[{"name":"wp","href":"https:\/\/api.w.org\/{rel}","templated":true}]}}