{"id":977043,"date":"2018-04-23T03:06:26","date_gmt":"2018-04-23T03:06:26","guid":{"rendered":"http:\/\/www.eldigitaldeasturias.com\/noticias\/?p=977043"},"modified":"2018-04-23T03:06:26","modified_gmt":"2018-04-23T03:06:26","slug":"managua-sumida-en-el-caos-por-la-ola-de-violencia","status":"publish","type":"post","link":"https:\/\/www.eldigitaldeasturias.com\/noticias\/managua-sumida-en-el-caos-por-la-ola-de-violencia\/","title":{"rendered":"Managua sumida en el caos por la ola de violencia"},"content":{"rendered":"<p><img loading=\"lazy\" decoding=\"async\" class=\"alignleft size-medium wp-image-581461\" src=\"https:\/\/www.eldigitaldeasturias.com\/noticias\/wp-content\/uploads\/2014\/08\/6555334w-360x241.jpg\" alt=\"\" width=\"360\" height=\"241\" \/>Managua, 22 abr (dpa) &#8211; Tiendas y comercios destruidos y saqueados, calles polvosas bloqueadas por barricadas de piedras y estaciones de gasolina atiborradas de veh\u00edculos era el panorama de hoy en la capital de Nicaragua, en el sexto d\u00eda de protestas contra el Gobierno de Daniel Ortega.<\/p>\n<p>\u00abLlevo m\u00e1s de una hora en esta fila y ahora dicen que van a cerrar porque ya se les acabaron los productos\u00bb, se queja una mujer que espera ingresar a un supermercado en la zona de Plaza Espa\u00f1a, en un transitado sector de Managua.<\/p>\n<p>Junto a las puertas de vidrio, al menos 15 polic\u00edas custodian el acceso al centro de compras ante el peligro de que una \u00abturba\u00bb, como le llaman a los grupos de saqueadores, irrumpa en el lugar, seg\u00fan comenta uno de los impacientes compradores.<\/p>\n<p>Largas filas de personas con rostros de angustia y temor se han formado tambi\u00e9n frente a edificios bancarios y a cajeros autom\u00e1ticos en las gasolineras, las que amanecieron repletas de conductores desesperados por comprar combustible antes que se agote la reserva.<\/p>\n<p>En barrios populosos de Managua, como la colonia Rafaela Herrera o el reparto Shick, las calles han quedado alfombradas de piedras, como un feroz campo de batalla, por los enfrentamientos de las \u00faltimas horas entre manifestantes y polic\u00edas antimotines.<\/p>\n<p>A falta de polic\u00edas, el Ej\u00e9rcito moviliz\u00f3 en Managua este domingo soldados con fusiles y cascos de guerra, tras supuestas amenazas de ataque al hospital \u00abSolidaridad\u00bb, entidad del Seguro Social en el sector oriental capitalino, seg\u00fan im\u00e1genes transmitidas por el oficialista canal 4 de televisi\u00f3n.<\/p>\n<p>Las protestas iniciaron el martes pasado en una universidad de Managua en contra de una reforma que busca aumentar hasta en 22,5 por ciento las cuotas de 700.000 trabajadores y de empresarios al Seguro Social, adem\u00e1s de aplicar un impuesto del 5 por ciento a las pensiones de miles de jubilados.<\/p>\n<p>Si bien las primeras movilizaciones fueron protagonizadas por j\u00f3venes, la violenta acci\u00f3n policial contra los manifestantes sum\u00f3 a su causa a cientos de pobladores de Managua y de al menos 14 ciudades del interior donde siguen ocurriendo disturbios.<\/p>\n<p>\u00abEsa reforma fue la chispa que encendi\u00f3 todo este polvor\u00edn&#8230; ahora lo que la gente quiere es botar a Ortega\u00bb, dice Rafael Padilla, un mec\u00e1nico que se qued\u00f3 sin clientela hace cinco d\u00edas y sobrevive vendiendo agua a los sedientos polic\u00edas que pasan frente a su taller.<\/p>\n<p>Sobre los saqueos, Padilla cree que no son obra de los manifestantes, en su mayor\u00eda universitarios, sino de \u00abgrupos de pandilleros que manda el Gobierno para culpar a los chavalos (j\u00f3venes)\u00bb. Uno y otro sector se acusan mutuamente por el caos.<\/p>\n<p>En sus casi 20 radios y televisoras, el Gobierno acusa a \u00abdelincuentes de la derecha\u00bb por la tensa situaci\u00f3n en Managua, centro pol\u00edtico y principal ciudad, con 1,6 millones de habitantes. Las protestas han dejado al menos 10 muertos seg\u00fan el Gobierno y m\u00e1s de 30 seg\u00fan medios de prensa independientes.<\/p>\n<p>\u00abSon criminales que quieren desestabilizar al pa\u00eds y ahuyentar el turismo\u00bb, dijo el presidente Ortega en su \u00fanico discurso el s\u00e1bado, cuando accedi\u00f3 a dialogar con la empresa privada para revisar la pol\u00e9mica reforma, sin desmovilizar a la Polic\u00eda ni al Ej\u00e9rcito.<\/p>\n<p>Pero el sector privado cerr\u00f3 filas a favor de los que protestan y condicion\u00f3 cualquier di\u00e1logo al cese de la represi\u00f3n y el restablecimiento de plenas garant\u00edas de movilizaci\u00f3n en el pa\u00eds.<\/p>\n<p><i class=\"lang-es\"><span class=\" readonly\" title=\"\">Por Gabriela Selser (dpa)<\/span><\/i><\/p>\n","protected":false},"excerpt":{"rendered":"<p>Managua, 22 abr (dpa) &#8211; Tiendas y comercios destruidos y saqueados, calles polvosas bloqueadas por barricadas de piedras y estaciones de gasolina atiborradas de veh\u00edculos era el panorama de hoy en la capital de Nicaragua, en el sexto d\u00eda de protestas contra el Gobierno de Daniel Ortega. \u00abLlevo m\u00e1s de una hora en esta fila [&hellip;]<\/p>\n","protected":false},"author":1,"featured_media":581461,"comment_status":"closed","ping_status":"closed","sticky":false,"template":"","format":"standard","meta":{"footnotes":""},"categories":[1],"tags":[],"class_list":["post-977043","post","type-post","status-publish","format-standard","has-post-thumbnail","hentry","category-actualidad"],"aioseo_notices":[],"aioseo_head":"\n\t\t<!-- All in One SEO Pro 5.0.1 - aioseo.com -->\n\t<meta name=\"description\" content=\"Managua, 22 abr (dpa) - Tiendas y comercios destruidos y saqueados, calles polvosas bloqueadas por barricadas de piedras y estaciones de gasolina atiborradas de veh\u00edculos era el panorama de hoy en la capital de Nicaragua, en el sexto d\u00eda de protestas contra el Gobierno de Daniel Ortega. &quot;Llevo m\u00e1s de una hora en esta fila\" \/>\n\t<meta name=\"robots\" content=\"max-image-preview:large\" \/>\n\t<meta name=\"author\" content=\"El Digital de Asturias\"\/>\n\t<meta name=\"google-site-verification\" content=\"UA-38556648-1\" \/>\n\t<meta name=\"msvalidate.01\" content=\"7dfe9f3f1b24437ab69f4f2559babe99\" \/>\n\t<meta name=\"keywords\" content=\"actualidad\" \/>\n\t<link rel=\"canonical\" href=\"https:\/\/www.eldigitaldeasturias.com\/noticias\/managua-sumida-en-el-caos-por-la-ola-de-violencia\/\" \/>\n\t<meta name=\"generator\" content=\"All in One SEO Pro (AIOSEO) 5.0.1\" \/>\n\t\t<meta property=\"og:locale\" content=\"es_ES\" \/>\n\t\t<meta property=\"og:site_name\" content=\"El Digital de Asturias\" \/>\n\t\t<meta property=\"og:type\" content=\"article\" \/>\n\t\t<meta property=\"og:title\" content=\"Managua sumida en el caos por la ola de violencia - El Digital de Asturias\" \/>\n\t\t<meta property=\"og:description\" content=\"Managua, 22 abr (dpa) - Tiendas y comercios destruidos y saqueados, calles polvosas bloqueadas por barricadas de piedras y estaciones de gasolina atiborradas de veh\u00edculos era el panorama de hoy en la capital de Nicaragua, en el sexto d\u00eda de protestas contra el Gobierno de Daniel Ortega. &quot;Llevo m\u00e1s de una hora en esta fila\" \/>\n\t\t<meta property=\"og:url\" content=\"https:\/\/www.eldigitaldeasturias.com\/noticias\/managua-sumida-en-el-caos-por-la-ola-de-violencia\/\" \/>\n\t\t<meta property=\"article:tag\" content=\"actualidad\" \/>\n\t\t<meta property=\"article:published_time\" content=\"2018-04-23T03:06:26+00:00\" \/>\n\t\t<meta property=\"article:modified_time\" content=\"2018-04-23T03:06:26+00:00\" \/>\n\t\t<meta property=\"article:publisher\" content=\"https:\/\/facebook.com\/eldigitaldeasturias\" \/>\n\t\t<meta name=\"twitter:card\" content=\"summary_large_image\" \/>\n\t\t<meta name=\"twitter:title\" content=\"Managua sumida en el caos por la ola de violencia - El Digital de Asturias\" \/>\n\t\t<meta name=\"twitter:description\" content=\"Managua, 22 abr (dpa) - Tiendas y comercios destruidos y saqueados, calles polvosas bloqueadas por barricadas de piedras y estaciones de gasolina atiborradas de veh\u00edculos era el panorama de hoy en la capital de Nicaragua, en el sexto d\u00eda de protestas contra el Gobierno de Daniel Ortega. &quot;Llevo m\u00e1s de una hora en esta fila\" \/>\n\t\t<meta name=\"twitter:image\" content=\"https:\/\/www.eldigitaldeasturias.com\/noticias\/wp-content\/uploads\/2020\/12\/EDA-1.jpg\" \/>\n\t\t<meta name=\"twitter:label1\" content=\"Escrito por\" \/>\n\t\t<meta name=\"twitter:data1\" content=\"El Digital de Asturias\" \/>\n\t\t<meta name=\"twitter:label2\" content=\"Tiempo de lectura estimado\" \/>\n\t\t<meta name=\"twitter:data2\" content=\"3 minutos\" \/>\n\t\t<script type=\"application\/ld+json\" class=\"aioseo-schema\">\n\t\t\t{\"@context\":\"https:\\\/\\\/schema.org\",\"@graph\":[{\"@type\":\"BlogPosting\",\"@id\":\"https:\\\/\\\/www.eldigitaldeasturias.com\\\/noticias\\\/managua-sumida-en-el-caos-por-la-ola-de-violencia\\\/#blogposting\",\"name\":\"Managua sumida en el caos por la ola de violencia - El Digital de Asturias\",\"headline\":\"Managua sumida en el caos por la ola de violencia\",\"author\":{\"@id\":\"https:\\\/\\\/www.eldigitaldeasturias.com\\\/noticias\\\/author\\\/admin\\\/#author\"},\"publisher\":{\"@id\":\"https:\\\/\\\/www.eldigitaldeasturias.com\\\/noticias\\\/#organization\"},\"image\":{\"@type\":\"ImageObject\",\"url\":581461},\"datePublished\":\"2018-04-23T03:06:26+02:00\",\"dateModified\":\"2018-04-23T03:06:26+02:00\",\"inLanguage\":\"es-ES\",\"mainEntityOfPage\":{\"@id\":\"https:\\\/\\\/www.eldigitaldeasturias.com\\\/noticias\\\/managua-sumida-en-el-caos-por-la-ola-de-violencia\\\/#webpage\"},\"isPartOf\":{\"@id\":\"https:\\\/\\\/www.eldigitaldeasturias.com\\\/noticias\\\/managua-sumida-en-el-caos-por-la-ola-de-violencia\\\/#webpage\"},\"articleSection\":\"Actualidad\"},{\"@type\":\"BreadcrumbList\",\"@id\":\"https:\\\/\\\/www.eldigitaldeasturias.com\\\/noticias\\\/managua-sumida-en-el-caos-por-la-ola-de-violencia\\\/#breadcrumblist\",\"itemListElement\":[{\"@type\":\"ListItem\",\"@id\":\"https:\\\/\\\/www.eldigitaldeasturias.com\\\/noticias#listItem\",\"position\":1,\"name\":\"Home\",\"item\":\"https:\\\/\\\/www.eldigitaldeasturias.com\\\/noticias\",\"nextItem\":{\"@type\":\"ListItem\",\"@id\":\"https:\\\/\\\/www.eldigitaldeasturias.com\\\/noticias\\\/category\\\/actualidad\\\/#listItem\",\"name\":\"Actualidad\"}},{\"@type\":\"ListItem\",\"@id\":\"https:\\\/\\\/www.eldigitaldeasturias.com\\\/noticias\\\/category\\\/actualidad\\\/#listItem\",\"position\":2,\"name\":\"Actualidad\",\"item\":\"https:\\\/\\\/www.eldigitaldeasturias.com\\\/noticias\\\/category\\\/actualidad\\\/\",\"nextItem\":{\"@type\":\"ListItem\",\"@id\":\"https:\\\/\\\/www.eldigitaldeasturias.com\\\/noticias\\\/managua-sumida-en-el-caos-por-la-ola-de-violencia\\\/#listItem\",\"name\":\"Managua sumida en el caos por la ola de violencia\"},\"previousItem\":{\"@type\":\"ListItem\",\"@id\":\"https:\\\/\\\/www.eldigitaldeasturias.com\\\/noticias#listItem\",\"name\":\"Home\"}},{\"@type\":\"ListItem\",\"@id\":\"https:\\\/\\\/www.eldigitaldeasturias.com\\\/noticias\\\/managua-sumida-en-el-caos-por-la-ola-de-violencia\\\/#listItem\",\"position\":3,\"name\":\"Managua sumida en el caos por la ola de violencia\",\"previousItem\":{\"@type\":\"ListItem\",\"@id\":\"https:\\\/\\\/www.eldigitaldeasturias.com\\\/noticias\\\/category\\\/actualidad\\\/#listItem\",\"name\":\"Actualidad\"}}]},{\"@type\":\"Organization\",\"@id\":\"https:\\\/\\\/www.eldigitaldeasturias.com\\\/noticias\\\/#organization\",\"name\":\"El Digital de Asturias\",\"description\":\"Hemeroteca\",\"url\":\"https:\\\/\\\/www.eldigitaldeasturias.com\\\/noticias\\\/\",\"email\":\"info@eldigitaldeasturias.com\",\"telephone\":\"+34652131393\",\"logo\":{\"@type\":\"ImageObject\",\"url\":\"https:\\\/\\\/www.eldigitaldeasturias.com\\\/noticias\\\/wp-content\\\/uploads\\\/2020\\\/12\\\/EDA.jpg\",\"@id\":\"https:\\\/\\\/www.eldigitaldeasturias.com\\\/noticias\\\/managua-sumida-en-el-caos-por-la-ola-de-violencia\\\/#organizationLogo\"},\"image\":{\"@id\":\"https:\\\/\\\/www.eldigitaldeasturias.com\\\/noticias\\\/managua-sumida-en-el-caos-por-la-ola-de-violencia\\\/#organizationLogo\"},\"sameAs\":[\"https:\\\/\\\/facebook.com\\\/eldigitaldeasturias\",\"https:\\\/\\\/www.youtube.com\\\/channel\\\/UCZP-2wLEB9Rv6erhFmqVnvg\"],\"address\":{\"@id\":\"https:\\\/\\\/www.eldigitaldeasturias.com\\\/noticias\\\/#postaladdress\",\"@type\":\"PostalAddress\",\"streetAddress\":\"san antonio 4\",\"postalCode\":\"33430\",\"addressLocality\":\"Cand\\u00e1s\",\"addressRegion\":\"Asturias\",\"addressCountry\":\"ES\"}},{\"@type\":\"Person\",\"@id\":\"https:\\\/\\\/www.eldigitaldeasturias.com\\\/noticias\\\/author\\\/admin\\\/#author\",\"url\":\"https:\\\/\\\/www.eldigitaldeasturias.com\\\/noticias\\\/author\\\/admin\\\/\",\"name\":\"El Digital de Asturias\",\"image\":{\"@type\":\"ImageObject\",\"@id\":\"https:\\\/\\\/www.eldigitaldeasturias.com\\\/noticias\\\/managua-sumida-en-el-caos-por-la-ola-de-violencia\\\/#authorImage\",\"url\":\"https:\\\/\\\/secure.gravatar.com\\\/avatar\\\/df2aeffc32bcd13f8d26072ef8a91b623d677766deac7f97ca815868cd41bf5e?s=96&d=mm&r=g\",\"width\":96,\"height\":96,\"caption\":\"El Digital de Asturias\"}},{\"@type\":\"WebPage\",\"@id\":\"https:\\\/\\\/www.eldigitaldeasturias.com\\\/noticias\\\/managua-sumida-en-el-caos-por-la-ola-de-violencia\\\/#webpage\",\"url\":\"https:\\\/\\\/www.eldigitaldeasturias.com\\\/noticias\\\/managua-sumida-en-el-caos-por-la-ola-de-violencia\\\/\",\"name\":\"Managua sumida en el caos por la ola de violencia - El Digital de Asturias\",\"description\":\"Managua, 22 abr (dpa) - Tiendas y comercios destruidos y saqueados, calles polvosas bloqueadas por barricadas de piedras y estaciones de gasolina atiborradas de veh\\u00edculos era el panorama de hoy en la capital de Nicaragua, en el sexto d\\u00eda de protestas contra el Gobierno de Daniel Ortega. \\\"Llevo m\\u00e1s de una hora en esta fila\",\"inLanguage\":\"es-ES\",\"isPartOf\":{\"@id\":\"https:\\\/\\\/www.eldigitaldeasturias.com\\\/noticias\\\/#website\"},\"breadcrumb\":{\"@id\":\"https:\\\/\\\/www.eldigitaldeasturias.com\\\/noticias\\\/managua-sumida-en-el-caos-por-la-ola-de-violencia\\\/#breadcrumblist\"},\"author\":{\"@id\":\"https:\\\/\\\/www.eldigitaldeasturias.com\\\/noticias\\\/author\\\/admin\\\/#author\"},\"creator\":{\"@id\":\"https:\\\/\\\/www.eldigitaldeasturias.com\\\/noticias\\\/author\\\/admin\\\/#author\"},\"image\":{\"@type\":\"ImageObject\",\"url\":581461,\"@id\":\"https:\\\/\\\/www.eldigitaldeasturias.com\\\/noticias\\\/managua-sumida-en-el-caos-por-la-ola-de-violencia\\\/#mainImage\"},\"primaryImageOfPage\":{\"@id\":\"https:\\\/\\\/www.eldigitaldeasturias.com\\\/noticias\\\/managua-sumida-en-el-caos-por-la-ola-de-violencia\\\/#mainImage\"},\"datePublished\":\"2018-04-23T03:06:26+02:00\",\"dateModified\":\"2018-04-23T03:06:26+02:00\"},{\"@type\":\"WebSite\",\"@id\":\"https:\\\/\\\/www.eldigitaldeasturias.com\\\/noticias\\\/#website\",\"url\":\"https:\\\/\\\/www.eldigitaldeasturias.com\\\/noticias\\\/\",\"name\":\"El Digital de Asturias - Diario de actualidad y noticias\",\"alternateName\":\"El Digital de Asturias - Diario de actualidad y noticias\",\"description\":\"Hemeroteca\",\"inLanguage\":\"es-ES\",\"publisher\":{\"@id\":\"https:\\\/\\\/www.eldigitaldeasturias.com\\\/noticias\\\/#organization\"}}]}\n\t\t<\/script>\n\t\t<!-- All in One SEO Pro -->\r\n\t\t<title>Managua sumida en el caos por la ola de violencia - El Digital de Asturias<\/title>\n\n","aioseo_head_json":{"title":"Managua sumida en el caos por la ola de violencia - El Digital de Asturias","description":"Managua, 22 abr (dpa) - Tiendas y comercios destruidos y saqueados, calles polvosas bloqueadas por barricadas de piedras y estaciones de gasolina atiborradas de veh\u00edculos era el panorama de hoy en la capital de Nicaragua, en el sexto d\u00eda de protestas contra el Gobierno de Daniel Ortega. \"Llevo m\u00e1s de una hora en esta fila","canonical_url":"https:\/\/www.eldigitaldeasturias.com\/noticias\/managua-sumida-en-el-caos-por-la-ola-de-violencia\/","robots":"max-image-preview:large","keywords":"actualidad","webmasterTools":{"google-site-verification":"UA-38556648-1","msvalidate.01":"7dfe9f3f1b24437ab69f4f2559babe99","miscellaneous":""},"schema":{"@context":"https:\/\/schema.org","@graph":[{"@type":"BlogPosting","@id":"https:\/\/www.eldigitaldeasturias.com\/noticias\/managua-sumida-en-el-caos-por-la-ola-de-violencia\/#blogposting","name":"Managua sumida en el caos por la ola de violencia - El Digital de Asturias","headline":"Managua sumida en el caos por la ola de violencia","author":{"@id":"https:\/\/www.eldigitaldeasturias.com\/noticias\/author\/admin\/#author"},"publisher":{"@id":"https:\/\/www.eldigitaldeasturias.com\/noticias\/#organization"},"image":{"@type":"ImageObject","url":581461},"datePublished":"2018-04-23T03:06:26+02:00","dateModified":"2018-04-23T03:06:26+02:00","inLanguage":"es-ES","mainEntityOfPage":{"@id":"https:\/\/www.eldigitaldeasturias.com\/noticias\/managua-sumida-en-el-caos-por-la-ola-de-violencia\/#webpage"},"isPartOf":{"@id":"https:\/\/www.eldigitaldeasturias.com\/noticias\/managua-sumida-en-el-caos-por-la-ola-de-violencia\/#webpage"},"articleSection":"Actualidad"},{"@type":"BreadcrumbList","@id":"https:\/\/www.eldigitaldeasturias.com\/noticias\/managua-sumida-en-el-caos-por-la-ola-de-violencia\/#breadcrumblist","itemListElement":[{"@type":"ListItem","@id":"https:\/\/www.eldigitaldeasturias.com\/noticias#listItem","position":1,"name":"Home","item":"https:\/\/www.eldigitaldeasturias.com\/noticias","nextItem":{"@type":"ListItem","@id":"https:\/\/www.eldigitaldeasturias.com\/noticias\/category\/actualidad\/#listItem","name":"Actualidad"}},{"@type":"ListItem","@id":"https:\/\/www.eldigitaldeasturias.com\/noticias\/category\/actualidad\/#listItem","position":2,"name":"Actualidad","item":"https:\/\/www.eldigitaldeasturias.com\/noticias\/category\/actualidad\/","nextItem":{"@type":"ListItem","@id":"https:\/\/www.eldigitaldeasturias.com\/noticias\/managua-sumida-en-el-caos-por-la-ola-de-violencia\/#listItem","name":"Managua sumida en el caos por la ola de violencia"},"previousItem":{"@type":"ListItem","@id":"https:\/\/www.eldigitaldeasturias.com\/noticias#listItem","name":"Home"}},{"@type":"ListItem","@id":"https:\/\/www.eldigitaldeasturias.com\/noticias\/managua-sumida-en-el-caos-por-la-ola-de-violencia\/#listItem","position":3,"name":"Managua sumida en el caos por la ola de violencia","previousItem":{"@type":"ListItem","@id":"https:\/\/www.eldigitaldeasturias.com\/noticias\/category\/actualidad\/#listItem","name":"Actualidad"}}]},{"@type":"Organization","@id":"https:\/\/www.eldigitaldeasturias.com\/noticias\/#organization","name":"El Digital de Asturias","description":"Hemeroteca","url":"https:\/\/www.eldigitaldeasturias.com\/noticias\/","email":"info@eldigitaldeasturias.com","telephone":"+34652131393","logo":{"@type":"ImageObject","url":"https:\/\/www.eldigitaldeasturias.com\/noticias\/wp-content\/uploads\/2020\/12\/EDA.jpg","@id":"https:\/\/www.eldigitaldeasturias.com\/noticias\/managua-sumida-en-el-caos-por-la-ola-de-violencia\/#organizationLogo"},"image":{"@id":"https:\/\/www.eldigitaldeasturias.com\/noticias\/managua-sumida-en-el-caos-por-la-ola-de-violencia\/#organizationLogo"},"sameAs":["https:\/\/facebook.com\/eldigitaldeasturias","https:\/\/www.youtube.com\/channel\/UCZP-2wLEB9Rv6erhFmqVnvg"],"address":{"@id":"https:\/\/www.eldigitaldeasturias.com\/noticias\/#postaladdress","@type":"PostalAddress","streetAddress":"san antonio 4","postalCode":"33430","addressLocality":"Cand\u00e1s","addressRegion":"Asturias","addressCountry":"ES"}},{"@type":"Person","@id":"https:\/\/www.eldigitaldeasturias.com\/noticias\/author\/admin\/#author","url":"https:\/\/www.eldigitaldeasturias.com\/noticias\/author\/admin\/","name":"El Digital de Asturias","image":{"@type":"ImageObject","@id":"https:\/\/www.eldigitaldeasturias.com\/noticias\/managua-sumida-en-el-caos-por-la-ola-de-violencia\/#authorImage","url":"https:\/\/secure.gravatar.com\/avatar\/df2aeffc32bcd13f8d26072ef8a91b623d677766deac7f97ca815868cd41bf5e?s=96&d=mm&r=g","width":96,"height":96,"caption":"El Digital de Asturias"}},{"@type":"WebPage","@id":"https:\/\/www.eldigitaldeasturias.com\/noticias\/managua-sumida-en-el-caos-por-la-ola-de-violencia\/#webpage","url":"https:\/\/www.eldigitaldeasturias.com\/noticias\/managua-sumida-en-el-caos-por-la-ola-de-violencia\/","name":"Managua sumida en el caos por la ola de violencia - El Digital de Asturias","description":"Managua, 22 abr (dpa) - Tiendas y comercios destruidos y saqueados, calles polvosas bloqueadas por barricadas de piedras y estaciones de gasolina atiborradas de veh\u00edculos era el panorama de hoy en la capital de Nicaragua, en el sexto d\u00eda de protestas contra el Gobierno de Daniel Ortega. \"Llevo m\u00e1s de una hora en esta fila","inLanguage":"es-ES","isPartOf":{"@id":"https:\/\/www.eldigitaldeasturias.com\/noticias\/#website"},"breadcrumb":{"@id":"https:\/\/www.eldigitaldeasturias.com\/noticias\/managua-sumida-en-el-caos-por-la-ola-de-violencia\/#breadcrumblist"},"author":{"@id":"https:\/\/www.eldigitaldeasturias.com\/noticias\/author\/admin\/#author"},"creator":{"@id":"https:\/\/www.eldigitaldeasturias.com\/noticias\/author\/admin\/#author"},"image":{"@type":"ImageObject","url":581461,"@id":"https:\/\/www.eldigitaldeasturias.com\/noticias\/managua-sumida-en-el-caos-por-la-ola-de-violencia\/#mainImage"},"primaryImageOfPage":{"@id":"https:\/\/www.eldigitaldeasturias.com\/noticias\/managua-sumida-en-el-caos-por-la-ola-de-violencia\/#mainImage"},"datePublished":"2018-04-23T03:06:26+02:00","dateModified":"2018-04-23T03:06:26+02:00"},{"@type":"WebSite","@id":"https:\/\/www.eldigitaldeasturias.com\/noticias\/#website","url":"https:\/\/www.eldigitaldeasturias.com\/noticias\/","name":"El Digital de Asturias - Diario de actualidad y noticias","alternateName":"El Digital de Asturias - Diario de actualidad y noticias","description":"Hemeroteca","inLanguage":"es-ES","publisher":{"@id":"https:\/\/www.eldigitaldeasturias.com\/noticias\/#organization"}}]},"og:locale":"es_ES","og:site_name":"El Digital de Asturias","og:type":"article","og:title":"Managua sumida en el caos por la ola de violencia - El Digital de Asturias","og:description":"Managua, 22 abr (dpa) - Tiendas y comercios destruidos y saqueados, calles polvosas bloqueadas por barricadas de piedras y estaciones de gasolina atiborradas de veh\u00edculos era el panorama de hoy en la capital de Nicaragua, en el sexto d\u00eda de protestas contra el Gobierno de Daniel Ortega. &quot;Llevo m\u00e1s de una hora en esta fila","og:url":"https:\/\/www.eldigitaldeasturias.com\/noticias\/managua-sumida-en-el-caos-por-la-ola-de-violencia\/","article:tag":["actualidad"],"article:published_time":"2018-04-23T03:06:26+00:00","article:modified_time":"2018-04-23T03:06:26+00:00","article:publisher":"https:\/\/facebook.com\/eldigitaldeasturias","twitter:card":"summary_large_image","twitter:title":"Managua sumida en el caos por la ola de violencia - El Digital de Asturias","twitter:description":"Managua, 22 abr (dpa) - Tiendas y comercios destruidos y saqueados, calles polvosas bloqueadas por barricadas de piedras y estaciones de gasolina atiborradas de veh\u00edculos era el panorama de hoy en la capital de Nicaragua, en el sexto d\u00eda de protestas contra el Gobierno de Daniel Ortega. &quot;Llevo m\u00e1s de una hora en esta fila","twitter:image":"https:\/\/www.eldigitaldeasturias.com\/noticias\/wp-content\/uploads\/2020\/12\/EDA-1.jpg","twitter:label1":"Escrito por","twitter:data1":"El Digital de Asturias","twitter:label2":"Tiempo de lectura estimado","twitter:data2":"3 minutos"},"aioseo_meta_data":{"post_id":"977043","title":null,"description":null,"keywords":null,"keyphrases":null,"primary_term":null,"canonical_url":null,"og_title":null,"og_description":null,"og_object_type":"default","og_image_type":"default","og_image_url":null,"og_image_width":null,"og_image_height":null,"og_image_custom_url":null,"og_image_custom_fields":null,"og_video":null,"og_custom_url":null,"og_article_section":null,"og_article_tags":null,"twitter_use_og":false,"twitter_card":"default","twitter_image_type":"default","twitter_image_url":null,"twitter_image_custom_url":null,"twitter_image_custom_fields":null,"twitter_title":null,"twitter_description":null,"schema":{"blockGraphs":[],"customGraphs":[],"default":{"data":{"Article":[],"Course":[],"Dataset":[],"FAQPage":[],"Movie":[],"Person":[],"Product":[],"ProductReview":[],"Car":[],"Recipe":[],"Service":[],"SoftwareApplication":[],"WebPage":[]},"graphName":"","isEnabled":true},"graphs":[],"defaultGraph":"","defaultPostTypeGraph":""},"schema_type":null,"schema_type_options":null,"pillar_content":false,"robots_default":true,"robots_noindex":false,"robots_noarchive":false,"robots_nosnippet":false,"robots_nofollow":false,"robots_noimageindex":false,"robots_noodp":false,"robots_notranslate":false,"robots_max_snippet":null,"robots_max_videopreview":null,"robots_max_imagepreview":"large","priority":null,"frequency":null,"local_seo":null,"seo_analyzer_scan_date":"2025-10-08 05:59:40","breadcrumb_settings":null,"limit_modified_date":false,"open_ai":null,"ai":null,"created":"2020-12-21 12:06:38","updated":"2025-10-08 05:59:40","focus_keyword":null,"additional_keywords":null,"truseo_locale":null},"aioseo_breadcrumb":"<div class=\"aioseo-breadcrumbs\"><span class=\"aioseo-breadcrumb\">\n\t<a href=\"https:\/\/www.eldigitaldeasturias.com\/noticias\" title=\"Home\">Home<\/a>\n<\/span><span class=\"aioseo-breadcrumb-separator\">\u2013<\/span><span class=\"aioseo-breadcrumb\">\n\t<a href=\"https:\/\/www.eldigitaldeasturias.com\/noticias\/category\/actualidad\/\" title=\"Actualidad\">Actualidad<\/a>\n<\/span><span class=\"aioseo-breadcrumb-separator\">\u2013<\/span><span class=\"aioseo-breadcrumb\">\n\t<a href=\"https:\/\/www.eldigitaldeasturias.com\/noticias\/managua-sumida-en-el-caos-por-la-ola-de-violencia\/\" title=\"Managua sumida en el caos por la ola de violencia\">Managua sumida en el caos por la ola de violencia<\/a>\n<\/span><\/div>","aioseo_breadcrumb_json":[{"label":"Home","link":"https:\/\/www.eldigitaldeasturias.com\/noticias"},{"label":"Actualidad","link":"https:\/\/www.eldigitaldeasturias.com\/noticias\/category\/actualidad\/"},{"label":"Managua sumida en el caos por la ola de violencia","link":"https:\/\/www.eldigitaldeasturias.com\/noticias\/managua-sumida-en-el-caos-por-la-ola-de-violencia\/"}],"_links":{"self":[{"href":"https:\/\/www.eldigitaldeasturias.com\/noticias\/wp-json\/wp\/v2\/posts\/977043","targetHints":{"allow":["GET"]}}],"collection":[{"href":"https:\/\/www.eldigitaldeasturias.com\/noticias\/wp-json\/wp\/v2\/posts"}],"about":[{"href":"https:\/\/www.eldigitaldeasturias.com\/noticias\/wp-json\/wp\/v2\/types\/post"}],"author":[{"embeddable":true,"href":"https:\/\/www.eldigitaldeasturias.com\/noticias\/wp-json\/wp\/v2\/users\/1"}],"replies":[{"embeddable":true,"href":"https:\/\/www.eldigitaldeasturias.com\/noticias\/wp-json\/wp\/v2\/comments?post=977043"}],"version-history":[{"count":0,"href":"https:\/\/www.eldigitaldeasturias.com\/noticias\/wp-json\/wp\/v2\/posts\/977043\/revisions"}],"wp:attachment":[{"href":"https:\/\/www.eldigitaldeasturias.com\/noticias\/wp-json\/wp\/v2\/media?parent=977043"}],"wp:term":[{"taxonomy":"category","embeddable":true,"href":"https:\/\/www.eldigitaldeasturias.com\/noticias\/wp-json\/wp\/v2\/categories?post=977043"},{"taxonomy":"post_tag","embeddable":true,"href":"https:\/\/www.eldigitaldeasturias.com\/noticias\/wp-json\/wp\/v2\/tags?post=977043"}],"curies":[{"name":"wp","href":"https:\/\/api.w.org\/{rel}","templated":true}]}}