{"id":977032,"date":"2018-04-23T02:49:47","date_gmt":"2018-04-23T02:49:47","guid":{"rendered":"http:\/\/www.eldigitaldeasturias.com\/noticias\/?p=977032"},"modified":"2018-04-23T02:49:47","modified_gmt":"2018-04-23T02:49:47","slug":"57-muertos-en-un-atentado-suicida-del-estado-islamico-en-afganistan","status":"publish","type":"post","link":"https:\/\/www.eldigitaldeasturias.com\/noticias\/57-muertos-en-un-atentado-suicida-del-estado-islamico-en-afganistan\/","title":{"rendered":"57 muertos en un atentado suicida del Estado Isl\u00e1mico en Afganist\u00e1n"},"content":{"rendered":"<p><img loading=\"lazy\" decoding=\"async\" class=\"alignleft size-medium wp-image-873757\" src=\"https:\/\/www.eldigitaldeasturias.com\/noticias\/wp-content\/uploads\/2016\/04\/Estado-Isl\u00e1mico-360x198.jpg\" alt=\"\" width=\"360\" height=\"198\" \/>Kabul, 22 abr (dpa) &#8211; Un atentado suicida perpetrado por el grupo terrorista Estado Isl\u00e1mico (EI) en una oficina de tramitaci\u00f3n de documentos de Kabul, la capital de Afganist\u00e1n, dej\u00f3 al menos 57 muertos y 119 heridos, inform\u00f3 hoy a dpa un portavoz del Ministerio de Salud.<\/p>\n<p>Entre los fallecidos hay 21 mujeres y cinco ni\u00f1os, explic\u00f3 el portavoz ministerial.<\/p>\n<p>El atacante que llevaba el chaleco-bomba se acerc\u00f3 a pie hasta el lugar en un barrio chiita en el oeste de la capital. En el edificio los ciudadanos pod\u00edan solicitar su documentaci\u00f3n para participar en las elecciones parlamentarias y provinciales previstas para el 20 de octubre de este a\u00f1o. Para abril de 2019 est\u00e1n convocadas a su vez las presidenciales.<\/p>\n<p>El Gobierno ha instalado varios de estos centros para tratar de aumentar la participaci\u00f3n, ya que aquellos ciudadanos que no tienen documentos de identidad no pueden recibir una tarjeta de registro electoral. Por ahora no hay un padr\u00f3n oficial de los electores entre los 30 millones de habitantes del pa\u00eds.<\/p>\n<p>El EI reivindic\u00f3 el atentado a trav\u00e9s de su \u00f3rgano de propaganda, la agencia Amaq. La milicia yihadista comenz\u00f3 a actuar en Afganist\u00e1n a principios de 2015 y quiere establecer una provincia en ese pa\u00eds y en Pakist\u00e1n.<\/p>\n<p>El Gobierno afgano y Estados Unidos combaten a los terroristas desde entonces y en varias ocasiones se dio al EI pr\u00e1cticamente por derrotado en el pa\u00eds. Sin embargo, los extremistas sunitas siguieron atentando contra chiitas y edificios del Gobierno, sobre todo en la capital. En marzo reivindicaron una atentado suicida cerca de una mezquita de Kabul con al menos 26 muertos.<\/p>\n<p>Tanto el presidente del pa\u00eds, Ashraf Ghani, como el n\u00famero dos del Gobierno, Abdul\u00e1 Abdul\u00e1, condenaron hoy este nuevo atentado.<\/p>\n<p>La seguridad es una de las principales preocupaciones en Afganist\u00e1n para el registro de los votantes y los comicios, debido a que la insurgencia contin\u00faa golpeando con dureza a las fuerzas afganas en todo el territorio del pa\u00eds.<\/p>\n<p>M\u00e1s del 40 por ciento de los locales de votaci\u00f3n en las elecciones parlamentarias enfrentan riesgos de seguridad que podr\u00edan influir en la participaci\u00f3n, se\u00f1al\u00f3 en un informe el Foro para las Elecciones Libres y Justas de Afganist\u00e1n (FEFA, por sus siglas en ingl\u00e9s).<\/p>\n<p>Mohammad Yusuf Rashed, director ejecutivo de FEFA, se\u00f1al\u00f3 a dpa que de los aproximadamente 7.400 locales electorales que se instalar\u00e1n para votar, 948 est\u00e1n \u00abfuera del control del Gobierno\u00bb, es decir en manos de los talibanes.<\/p>\n<p>Hoy se produjo tambi\u00e9n otro incidente en el que murieron cinco personas y cuatro resultaron heridas cuando una camioneta deton\u00f3 una bomba en una carretera en la provincia de Baghlan, inform\u00f3 Zabi Shuja, portavoz del Gobierno local. El ataque se produjo cerca de un centro de registro de votantes pero \u00e9ste no era el objetivo, indicaron las autoridades.<\/p>\n<p>Baghlan es una de las provincias m\u00e1s violentas del norte de Afganist\u00e1n, fronteriza con Kunduz, que es un basti\u00f3n de los talibanes.<\/p>\n<p>Por otra parte, frente a la sede de la misi\u00f3n Resolute Support (RS) de la OTAN en Kabul un convoy de la organizaci\u00f3n atropell\u00f3 hoy por accidente a un ni\u00f1o que muri\u00f3 m\u00e1s tarde en el hospital. El menor fue llevado a un centro m\u00e9dico despu\u00e9s de que las fuerzas de la Alianza lo atendieran, asegur\u00f3 el portavoz Martin O\u2019Donnell en un comunicado.<\/p>\n<p>Hashmatullah Stanakzay, portavoz de la Polic\u00eda de Kabul, confirm\u00f3 a dpa el fallecimiento y dijo que provoc\u00f3 una indignada protesta en el \u00e1rea. La Polic\u00eda lanz\u00f3 disparos de advertencia para dispersar a los manifestantes, que continuaron reunidos pero en calma, indic\u00f3.<\/p>\n","protected":false},"excerpt":{"rendered":"<p>Kabul, 22 abr (dpa) &#8211; Un atentado suicida perpetrado por el grupo terrorista Estado Isl\u00e1mico (EI) en una oficina de tramitaci\u00f3n de documentos de Kabul, la capital de Afganist\u00e1n, dej\u00f3 al menos 57 muertos y 119 heridos, inform\u00f3 hoy a dpa un portavoz del Ministerio de Salud. Entre los fallecidos hay 21 mujeres y cinco [&hellip;]<\/p>\n","protected":false},"author":1,"featured_media":873757,"comment_status":"closed","ping_status":"closed","sticky":false,"template":"","format":"standard","meta":{"footnotes":""},"categories":[1],"tags":[],"class_list":["post-977032","post","type-post","status-publish","format-standard","has-post-thumbnail","hentry","category-actualidad"],"aioseo_notices":[],"aioseo_head":"\n\t\t<!-- All in One SEO Pro 5.0.1 - aioseo.com -->\n\t<meta name=\"description\" content=\"Kabul, 22 abr (dpa) - Un atentado suicida perpetrado por el grupo terrorista Estado Isl\u00e1mico (EI) en una oficina de tramitaci\u00f3n de documentos de Kabul, la capital de Afganist\u00e1n, dej\u00f3 al menos 57 muertos y 119 heridos, inform\u00f3 hoy a dpa un portavoz del Ministerio de Salud. Entre los fallecidos hay 21 mujeres y cinco\" \/>\n\t<meta name=\"robots\" content=\"max-image-preview:large\" \/>\n\t<meta name=\"author\" content=\"El Digital de Asturias\"\/>\n\t<meta name=\"google-site-verification\" content=\"UA-38556648-1\" \/>\n\t<meta name=\"msvalidate.01\" content=\"7dfe9f3f1b24437ab69f4f2559babe99\" \/>\n\t<meta name=\"keywords\" content=\"actualidad\" \/>\n\t<link rel=\"canonical\" href=\"https:\/\/www.eldigitaldeasturias.com\/noticias\/57-muertos-en-un-atentado-suicida-del-estado-islamico-en-afganistan\/\" \/>\n\t<meta name=\"generator\" content=\"All in One SEO Pro (AIOSEO) 5.0.1\" \/>\n\t\t<meta property=\"og:locale\" content=\"es_ES\" \/>\n\t\t<meta property=\"og:site_name\" content=\"El Digital de Asturias\" \/>\n\t\t<meta property=\"og:type\" content=\"article\" \/>\n\t\t<meta property=\"og:title\" content=\"57 muertos en un atentado suicida del Estado Isl\u00e1mico en Afganist\u00e1n - El Digital de Asturias\" \/>\n\t\t<meta property=\"og:description\" content=\"Kabul, 22 abr (dpa) - Un atentado suicida perpetrado por el grupo terrorista Estado Isl\u00e1mico (EI) en una oficina de tramitaci\u00f3n de documentos de Kabul, la capital de Afganist\u00e1n, dej\u00f3 al menos 57 muertos y 119 heridos, inform\u00f3 hoy a dpa un portavoz del Ministerio de Salud. Entre los fallecidos hay 21 mujeres y cinco\" \/>\n\t\t<meta property=\"og:url\" content=\"https:\/\/www.eldigitaldeasturias.com\/noticias\/57-muertos-en-un-atentado-suicida-del-estado-islamico-en-afganistan\/\" \/>\n\t\t<meta property=\"article:tag\" content=\"actualidad\" \/>\n\t\t<meta property=\"article:published_time\" content=\"2018-04-23T02:49:47+00:00\" \/>\n\t\t<meta property=\"article:modified_time\" content=\"2018-04-23T02:49:47+00:00\" \/>\n\t\t<meta property=\"article:publisher\" content=\"https:\/\/facebook.com\/eldigitaldeasturias\" \/>\n\t\t<meta name=\"twitter:card\" content=\"summary_large_image\" \/>\n\t\t<meta name=\"twitter:title\" content=\"57 muertos en un atentado suicida del Estado Isl\u00e1mico en Afganist\u00e1n - El Digital de Asturias\" \/>\n\t\t<meta name=\"twitter:description\" content=\"Kabul, 22 abr (dpa) - Un atentado suicida perpetrado por el grupo terrorista Estado Isl\u00e1mico (EI) en una oficina de tramitaci\u00f3n de documentos de Kabul, la capital de Afganist\u00e1n, dej\u00f3 al menos 57 muertos y 119 heridos, inform\u00f3 hoy a dpa un portavoz del Ministerio de Salud. Entre los fallecidos hay 21 mujeres y cinco\" \/>\n\t\t<meta name=\"twitter:image\" content=\"https:\/\/www.eldigitaldeasturias.com\/noticias\/wp-content\/uploads\/2020\/12\/EDA-1.jpg\" \/>\n\t\t<meta name=\"twitter:label1\" content=\"Escrito por\" \/>\n\t\t<meta name=\"twitter:data1\" content=\"El Digital de Asturias\" \/>\n\t\t<meta name=\"twitter:label2\" content=\"Tiempo de lectura estimado\" \/>\n\t\t<meta name=\"twitter:data2\" content=\"3 minutos\" \/>\n\t\t<script type=\"application\/ld+json\" class=\"aioseo-schema\">\n\t\t\t{\"@context\":\"https:\\\/\\\/schema.org\",\"@graph\":[{\"@type\":\"BlogPosting\",\"@id\":\"https:\\\/\\\/www.eldigitaldeasturias.com\\\/noticias\\\/57-muertos-en-un-atentado-suicida-del-estado-islamico-en-afganistan\\\/#blogposting\",\"name\":\"57 muertos en un atentado suicida del Estado Isl\\u00e1mico en Afganist\\u00e1n - El Digital de Asturias\",\"headline\":\"57 muertos en un atentado suicida del Estado Isl\\u00e1mico en Afganist\\u00e1n\",\"author\":{\"@id\":\"https:\\\/\\\/www.eldigitaldeasturias.com\\\/noticias\\\/author\\\/admin\\\/#author\"},\"publisher\":{\"@id\":\"https:\\\/\\\/www.eldigitaldeasturias.com\\\/noticias\\\/#organization\"},\"image\":{\"@type\":\"ImageObject\",\"url\":873757},\"datePublished\":\"2018-04-23T02:49:47+02:00\",\"dateModified\":\"2018-04-23T02:49:47+02:00\",\"inLanguage\":\"es-ES\",\"mainEntityOfPage\":{\"@id\":\"https:\\\/\\\/www.eldigitaldeasturias.com\\\/noticias\\\/57-muertos-en-un-atentado-suicida-del-estado-islamico-en-afganistan\\\/#webpage\"},\"isPartOf\":{\"@id\":\"https:\\\/\\\/www.eldigitaldeasturias.com\\\/noticias\\\/57-muertos-en-un-atentado-suicida-del-estado-islamico-en-afganistan\\\/#webpage\"},\"articleSection\":\"Actualidad\"},{\"@type\":\"BreadcrumbList\",\"@id\":\"https:\\\/\\\/www.eldigitaldeasturias.com\\\/noticias\\\/57-muertos-en-un-atentado-suicida-del-estado-islamico-en-afganistan\\\/#breadcrumblist\",\"itemListElement\":[{\"@type\":\"ListItem\",\"@id\":\"https:\\\/\\\/www.eldigitaldeasturias.com\\\/noticias#listItem\",\"position\":1,\"name\":\"Home\",\"item\":\"https:\\\/\\\/www.eldigitaldeasturias.com\\\/noticias\",\"nextItem\":{\"@type\":\"ListItem\",\"@id\":\"https:\\\/\\\/www.eldigitaldeasturias.com\\\/noticias\\\/category\\\/actualidad\\\/#listItem\",\"name\":\"Actualidad\"}},{\"@type\":\"ListItem\",\"@id\":\"https:\\\/\\\/www.eldigitaldeasturias.com\\\/noticias\\\/category\\\/actualidad\\\/#listItem\",\"position\":2,\"name\":\"Actualidad\",\"item\":\"https:\\\/\\\/www.eldigitaldeasturias.com\\\/noticias\\\/category\\\/actualidad\\\/\",\"nextItem\":{\"@type\":\"ListItem\",\"@id\":\"https:\\\/\\\/www.eldigitaldeasturias.com\\\/noticias\\\/57-muertos-en-un-atentado-suicida-del-estado-islamico-en-afganistan\\\/#listItem\",\"name\":\"57 muertos en un atentado suicida del Estado Isl\\u00e1mico en Afganist\\u00e1n\"},\"previousItem\":{\"@type\":\"ListItem\",\"@id\":\"https:\\\/\\\/www.eldigitaldeasturias.com\\\/noticias#listItem\",\"name\":\"Home\"}},{\"@type\":\"ListItem\",\"@id\":\"https:\\\/\\\/www.eldigitaldeasturias.com\\\/noticias\\\/57-muertos-en-un-atentado-suicida-del-estado-islamico-en-afganistan\\\/#listItem\",\"position\":3,\"name\":\"57 muertos en un atentado suicida del Estado Isl\\u00e1mico en Afganist\\u00e1n\",\"previousItem\":{\"@type\":\"ListItem\",\"@id\":\"https:\\\/\\\/www.eldigitaldeasturias.com\\\/noticias\\\/category\\\/actualidad\\\/#listItem\",\"name\":\"Actualidad\"}}]},{\"@type\":\"Organization\",\"@id\":\"https:\\\/\\\/www.eldigitaldeasturias.com\\\/noticias\\\/#organization\",\"name\":\"El Digital de Asturias\",\"description\":\"Hemeroteca\",\"url\":\"https:\\\/\\\/www.eldigitaldeasturias.com\\\/noticias\\\/\",\"email\":\"info@eldigitaldeasturias.com\",\"telephone\":\"+34652131393\",\"logo\":{\"@type\":\"ImageObject\",\"url\":\"https:\\\/\\\/www.eldigitaldeasturias.com\\\/noticias\\\/wp-content\\\/uploads\\\/2020\\\/12\\\/EDA.jpg\",\"@id\":\"https:\\\/\\\/www.eldigitaldeasturias.com\\\/noticias\\\/57-muertos-en-un-atentado-suicida-del-estado-islamico-en-afganistan\\\/#organizationLogo\"},\"image\":{\"@id\":\"https:\\\/\\\/www.eldigitaldeasturias.com\\\/noticias\\\/57-muertos-en-un-atentado-suicida-del-estado-islamico-en-afganistan\\\/#organizationLogo\"},\"sameAs\":[\"https:\\\/\\\/facebook.com\\\/eldigitaldeasturias\",\"https:\\\/\\\/www.youtube.com\\\/channel\\\/UCZP-2wLEB9Rv6erhFmqVnvg\"],\"address\":{\"@id\":\"https:\\\/\\\/www.eldigitaldeasturias.com\\\/noticias\\\/#postaladdress\",\"@type\":\"PostalAddress\",\"streetAddress\":\"san antonio 4\",\"postalCode\":\"33430\",\"addressLocality\":\"Cand\\u00e1s\",\"addressRegion\":\"Asturias\",\"addressCountry\":\"ES\"}},{\"@type\":\"Person\",\"@id\":\"https:\\\/\\\/www.eldigitaldeasturias.com\\\/noticias\\\/author\\\/admin\\\/#author\",\"url\":\"https:\\\/\\\/www.eldigitaldeasturias.com\\\/noticias\\\/author\\\/admin\\\/\",\"name\":\"El Digital de Asturias\",\"image\":{\"@type\":\"ImageObject\",\"@id\":\"https:\\\/\\\/www.eldigitaldeasturias.com\\\/noticias\\\/57-muertos-en-un-atentado-suicida-del-estado-islamico-en-afganistan\\\/#authorImage\",\"url\":\"https:\\\/\\\/secure.gravatar.com\\\/avatar\\\/df2aeffc32bcd13f8d26072ef8a91b623d677766deac7f97ca815868cd41bf5e?s=96&d=mm&r=g\",\"width\":96,\"height\":96,\"caption\":\"El Digital de Asturias\"}},{\"@type\":\"WebPage\",\"@id\":\"https:\\\/\\\/www.eldigitaldeasturias.com\\\/noticias\\\/57-muertos-en-un-atentado-suicida-del-estado-islamico-en-afganistan\\\/#webpage\",\"url\":\"https:\\\/\\\/www.eldigitaldeasturias.com\\\/noticias\\\/57-muertos-en-un-atentado-suicida-del-estado-islamico-en-afganistan\\\/\",\"name\":\"57 muertos en un atentado suicida del Estado Isl\\u00e1mico en Afganist\\u00e1n - El Digital de Asturias\",\"description\":\"Kabul, 22 abr (dpa) - Un atentado suicida perpetrado por el grupo terrorista Estado Isl\\u00e1mico (EI) en una oficina de tramitaci\\u00f3n de documentos de Kabul, la capital de Afganist\\u00e1n, dej\\u00f3 al menos 57 muertos y 119 heridos, inform\\u00f3 hoy a dpa un portavoz del Ministerio de Salud. Entre los fallecidos hay 21 mujeres y cinco\",\"inLanguage\":\"es-ES\",\"isPartOf\":{\"@id\":\"https:\\\/\\\/www.eldigitaldeasturias.com\\\/noticias\\\/#website\"},\"breadcrumb\":{\"@id\":\"https:\\\/\\\/www.eldigitaldeasturias.com\\\/noticias\\\/57-muertos-en-un-atentado-suicida-del-estado-islamico-en-afganistan\\\/#breadcrumblist\"},\"author\":{\"@id\":\"https:\\\/\\\/www.eldigitaldeasturias.com\\\/noticias\\\/author\\\/admin\\\/#author\"},\"creator\":{\"@id\":\"https:\\\/\\\/www.eldigitaldeasturias.com\\\/noticias\\\/author\\\/admin\\\/#author\"},\"image\":{\"@type\":\"ImageObject\",\"url\":873757,\"@id\":\"https:\\\/\\\/www.eldigitaldeasturias.com\\\/noticias\\\/57-muertos-en-un-atentado-suicida-del-estado-islamico-en-afganistan\\\/#mainImage\"},\"primaryImageOfPage\":{\"@id\":\"https:\\\/\\\/www.eldigitaldeasturias.com\\\/noticias\\\/57-muertos-en-un-atentado-suicida-del-estado-islamico-en-afganistan\\\/#mainImage\"},\"datePublished\":\"2018-04-23T02:49:47+02:00\",\"dateModified\":\"2018-04-23T02:49:47+02:00\"},{\"@type\":\"WebSite\",\"@id\":\"https:\\\/\\\/www.eldigitaldeasturias.com\\\/noticias\\\/#website\",\"url\":\"https:\\\/\\\/www.eldigitaldeasturias.com\\\/noticias\\\/\",\"name\":\"El Digital de Asturias - Diario de actualidad y noticias\",\"alternateName\":\"El Digital de Asturias - Diario de actualidad y noticias\",\"description\":\"Hemeroteca\",\"inLanguage\":\"es-ES\",\"publisher\":{\"@id\":\"https:\\\/\\\/www.eldigitaldeasturias.com\\\/noticias\\\/#organization\"}}]}\n\t\t<\/script>\n\t\t<!-- All in One SEO Pro -->\r\n\t\t<title>57 muertos en un atentado suicida del Estado Isl\u00e1mico en Afganist\u00e1n - El Digital de Asturias<\/title>\n\n","aioseo_head_json":{"title":"57 muertos en un atentado suicida del Estado Isl\u00e1mico en Afganist\u00e1n - El Digital de Asturias","description":"Kabul, 22 abr (dpa) - Un atentado suicida perpetrado por el grupo terrorista Estado Isl\u00e1mico (EI) en una oficina de tramitaci\u00f3n de documentos de Kabul, la capital de Afganist\u00e1n, dej\u00f3 al menos 57 muertos y 119 heridos, inform\u00f3 hoy a dpa un portavoz del Ministerio de Salud. Entre los fallecidos hay 21 mujeres y cinco","canonical_url":"https:\/\/www.eldigitaldeasturias.com\/noticias\/57-muertos-en-un-atentado-suicida-del-estado-islamico-en-afganistan\/","robots":"max-image-preview:large","keywords":"actualidad","webmasterTools":{"google-site-verification":"UA-38556648-1","msvalidate.01":"7dfe9f3f1b24437ab69f4f2559babe99","miscellaneous":""},"schema":{"@context":"https:\/\/schema.org","@graph":[{"@type":"BlogPosting","@id":"https:\/\/www.eldigitaldeasturias.com\/noticias\/57-muertos-en-un-atentado-suicida-del-estado-islamico-en-afganistan\/#blogposting","name":"57 muertos en un atentado suicida del Estado Isl\u00e1mico en Afganist\u00e1n - El Digital de Asturias","headline":"57 muertos en un atentado suicida del Estado Isl\u00e1mico en Afganist\u00e1n","author":{"@id":"https:\/\/www.eldigitaldeasturias.com\/noticias\/author\/admin\/#author"},"publisher":{"@id":"https:\/\/www.eldigitaldeasturias.com\/noticias\/#organization"},"image":{"@type":"ImageObject","url":873757},"datePublished":"2018-04-23T02:49:47+02:00","dateModified":"2018-04-23T02:49:47+02:00","inLanguage":"es-ES","mainEntityOfPage":{"@id":"https:\/\/www.eldigitaldeasturias.com\/noticias\/57-muertos-en-un-atentado-suicida-del-estado-islamico-en-afganistan\/#webpage"},"isPartOf":{"@id":"https:\/\/www.eldigitaldeasturias.com\/noticias\/57-muertos-en-un-atentado-suicida-del-estado-islamico-en-afganistan\/#webpage"},"articleSection":"Actualidad"},{"@type":"BreadcrumbList","@id":"https:\/\/www.eldigitaldeasturias.com\/noticias\/57-muertos-en-un-atentado-suicida-del-estado-islamico-en-afganistan\/#breadcrumblist","itemListElement":[{"@type":"ListItem","@id":"https:\/\/www.eldigitaldeasturias.com\/noticias#listItem","position":1,"name":"Home","item":"https:\/\/www.eldigitaldeasturias.com\/noticias","nextItem":{"@type":"ListItem","@id":"https:\/\/www.eldigitaldeasturias.com\/noticias\/category\/actualidad\/#listItem","name":"Actualidad"}},{"@type":"ListItem","@id":"https:\/\/www.eldigitaldeasturias.com\/noticias\/category\/actualidad\/#listItem","position":2,"name":"Actualidad","item":"https:\/\/www.eldigitaldeasturias.com\/noticias\/category\/actualidad\/","nextItem":{"@type":"ListItem","@id":"https:\/\/www.eldigitaldeasturias.com\/noticias\/57-muertos-en-un-atentado-suicida-del-estado-islamico-en-afganistan\/#listItem","name":"57 muertos en un atentado suicida del Estado Isl\u00e1mico en Afganist\u00e1n"},"previousItem":{"@type":"ListItem","@id":"https:\/\/www.eldigitaldeasturias.com\/noticias#listItem","name":"Home"}},{"@type":"ListItem","@id":"https:\/\/www.eldigitaldeasturias.com\/noticias\/57-muertos-en-un-atentado-suicida-del-estado-islamico-en-afganistan\/#listItem","position":3,"name":"57 muertos en un atentado suicida del Estado Isl\u00e1mico en Afganist\u00e1n","previousItem":{"@type":"ListItem","@id":"https:\/\/www.eldigitaldeasturias.com\/noticias\/category\/actualidad\/#listItem","name":"Actualidad"}}]},{"@type":"Organization","@id":"https:\/\/www.eldigitaldeasturias.com\/noticias\/#organization","name":"El Digital de Asturias","description":"Hemeroteca","url":"https:\/\/www.eldigitaldeasturias.com\/noticias\/","email":"info@eldigitaldeasturias.com","telephone":"+34652131393","logo":{"@type":"ImageObject","url":"https:\/\/www.eldigitaldeasturias.com\/noticias\/wp-content\/uploads\/2020\/12\/EDA.jpg","@id":"https:\/\/www.eldigitaldeasturias.com\/noticias\/57-muertos-en-un-atentado-suicida-del-estado-islamico-en-afganistan\/#organizationLogo"},"image":{"@id":"https:\/\/www.eldigitaldeasturias.com\/noticias\/57-muertos-en-un-atentado-suicida-del-estado-islamico-en-afganistan\/#organizationLogo"},"sameAs":["https:\/\/facebook.com\/eldigitaldeasturias","https:\/\/www.youtube.com\/channel\/UCZP-2wLEB9Rv6erhFmqVnvg"],"address":{"@id":"https:\/\/www.eldigitaldeasturias.com\/noticias\/#postaladdress","@type":"PostalAddress","streetAddress":"san antonio 4","postalCode":"33430","addressLocality":"Cand\u00e1s","addressRegion":"Asturias","addressCountry":"ES"}},{"@type":"Person","@id":"https:\/\/www.eldigitaldeasturias.com\/noticias\/author\/admin\/#author","url":"https:\/\/www.eldigitaldeasturias.com\/noticias\/author\/admin\/","name":"El Digital de Asturias","image":{"@type":"ImageObject","@id":"https:\/\/www.eldigitaldeasturias.com\/noticias\/57-muertos-en-un-atentado-suicida-del-estado-islamico-en-afganistan\/#authorImage","url":"https:\/\/secure.gravatar.com\/avatar\/df2aeffc32bcd13f8d26072ef8a91b623d677766deac7f97ca815868cd41bf5e?s=96&d=mm&r=g","width":96,"height":96,"caption":"El Digital de Asturias"}},{"@type":"WebPage","@id":"https:\/\/www.eldigitaldeasturias.com\/noticias\/57-muertos-en-un-atentado-suicida-del-estado-islamico-en-afganistan\/#webpage","url":"https:\/\/www.eldigitaldeasturias.com\/noticias\/57-muertos-en-un-atentado-suicida-del-estado-islamico-en-afganistan\/","name":"57 muertos en un atentado suicida del Estado Isl\u00e1mico en Afganist\u00e1n - El Digital de Asturias","description":"Kabul, 22 abr (dpa) - Un atentado suicida perpetrado por el grupo terrorista Estado Isl\u00e1mico (EI) en una oficina de tramitaci\u00f3n de documentos de Kabul, la capital de Afganist\u00e1n, dej\u00f3 al menos 57 muertos y 119 heridos, inform\u00f3 hoy a dpa un portavoz del Ministerio de Salud. Entre los fallecidos hay 21 mujeres y cinco","inLanguage":"es-ES","isPartOf":{"@id":"https:\/\/www.eldigitaldeasturias.com\/noticias\/#website"},"breadcrumb":{"@id":"https:\/\/www.eldigitaldeasturias.com\/noticias\/57-muertos-en-un-atentado-suicida-del-estado-islamico-en-afganistan\/#breadcrumblist"},"author":{"@id":"https:\/\/www.eldigitaldeasturias.com\/noticias\/author\/admin\/#author"},"creator":{"@id":"https:\/\/www.eldigitaldeasturias.com\/noticias\/author\/admin\/#author"},"image":{"@type":"ImageObject","url":873757,"@id":"https:\/\/www.eldigitaldeasturias.com\/noticias\/57-muertos-en-un-atentado-suicida-del-estado-islamico-en-afganistan\/#mainImage"},"primaryImageOfPage":{"@id":"https:\/\/www.eldigitaldeasturias.com\/noticias\/57-muertos-en-un-atentado-suicida-del-estado-islamico-en-afganistan\/#mainImage"},"datePublished":"2018-04-23T02:49:47+02:00","dateModified":"2018-04-23T02:49:47+02:00"},{"@type":"WebSite","@id":"https:\/\/www.eldigitaldeasturias.com\/noticias\/#website","url":"https:\/\/www.eldigitaldeasturias.com\/noticias\/","name":"El Digital de Asturias - Diario de actualidad y noticias","alternateName":"El Digital de Asturias - Diario de actualidad y noticias","description":"Hemeroteca","inLanguage":"es-ES","publisher":{"@id":"https:\/\/www.eldigitaldeasturias.com\/noticias\/#organization"}}]},"og:locale":"es_ES","og:site_name":"El Digital de Asturias","og:type":"article","og:title":"57 muertos en un atentado suicida del Estado Isl\u00e1mico en Afganist\u00e1n - El Digital de Asturias","og:description":"Kabul, 22 abr (dpa) - Un atentado suicida perpetrado por el grupo terrorista Estado Isl\u00e1mico (EI) en una oficina de tramitaci\u00f3n de documentos de Kabul, la capital de Afganist\u00e1n, dej\u00f3 al menos 57 muertos y 119 heridos, inform\u00f3 hoy a dpa un portavoz del Ministerio de Salud. Entre los fallecidos hay 21 mujeres y cinco","og:url":"https:\/\/www.eldigitaldeasturias.com\/noticias\/57-muertos-en-un-atentado-suicida-del-estado-islamico-en-afganistan\/","article:tag":["actualidad"],"article:published_time":"2018-04-23T02:49:47+00:00","article:modified_time":"2018-04-23T02:49:47+00:00","article:publisher":"https:\/\/facebook.com\/eldigitaldeasturias","twitter:card":"summary_large_image","twitter:title":"57 muertos en un atentado suicida del Estado Isl\u00e1mico en Afganist\u00e1n - El Digital de Asturias","twitter:description":"Kabul, 22 abr (dpa) - Un atentado suicida perpetrado por el grupo terrorista Estado Isl\u00e1mico (EI) en una oficina de tramitaci\u00f3n de documentos de Kabul, la capital de Afganist\u00e1n, dej\u00f3 al menos 57 muertos y 119 heridos, inform\u00f3 hoy a dpa un portavoz del Ministerio de Salud. Entre los fallecidos hay 21 mujeres y cinco","twitter:image":"https:\/\/www.eldigitaldeasturias.com\/noticias\/wp-content\/uploads\/2020\/12\/EDA-1.jpg","twitter:label1":"Escrito por","twitter:data1":"El Digital de Asturias","twitter:label2":"Tiempo de lectura estimado","twitter:data2":"3 minutos"},"aioseo_meta_data":{"post_id":"977032","title":null,"description":null,"keywords":null,"keyphrases":null,"primary_term":null,"canonical_url":null,"og_title":null,"og_description":null,"og_object_type":"default","og_image_type":"default","og_image_url":null,"og_image_width":null,"og_image_height":null,"og_image_custom_url":null,"og_image_custom_fields":null,"og_video":null,"og_custom_url":null,"og_article_section":null,"og_article_tags":null,"twitter_use_og":false,"twitter_card":"default","twitter_image_type":"default","twitter_image_url":null,"twitter_image_custom_url":null,"twitter_image_custom_fields":null,"twitter_title":null,"twitter_description":null,"schema":{"blockGraphs":[],"customGraphs":[],"default":{"data":{"Article":[],"Course":[],"Dataset":[],"FAQPage":[],"Movie":[],"Person":[],"Product":[],"ProductReview":[],"Car":[],"Recipe":[],"Service":[],"SoftwareApplication":[],"WebPage":[]},"graphName":"","isEnabled":true},"graphs":[],"defaultGraph":"","defaultPostTypeGraph":""},"schema_type":null,"schema_type_options":null,"pillar_content":false,"robots_default":true,"robots_noindex":false,"robots_noarchive":false,"robots_nosnippet":false,"robots_nofollow":false,"robots_noimageindex":false,"robots_noodp":false,"robots_notranslate":false,"robots_max_snippet":null,"robots_max_videopreview":null,"robots_max_imagepreview":"large","priority":null,"frequency":null,"local_seo":null,"seo_analyzer_scan_date":"2025-10-08 05:56:57","breadcrumb_settings":null,"limit_modified_date":false,"open_ai":null,"ai":null,"created":"2020-12-21 12:06:38","updated":"2025-10-08 05:56:57","focus_keyword":null,"additional_keywords":null,"truseo_locale":null},"aioseo_breadcrumb":"<div class=\"aioseo-breadcrumbs\"><span class=\"aioseo-breadcrumb\">\n\t<a href=\"https:\/\/www.eldigitaldeasturias.com\/noticias\" title=\"Home\">Home<\/a>\n<\/span><span class=\"aioseo-breadcrumb-separator\">\u2013<\/span><span class=\"aioseo-breadcrumb\">\n\t<a href=\"https:\/\/www.eldigitaldeasturias.com\/noticias\/category\/actualidad\/\" title=\"Actualidad\">Actualidad<\/a>\n<\/span><span class=\"aioseo-breadcrumb-separator\">\u2013<\/span><span class=\"aioseo-breadcrumb\">\n\t<a href=\"https:\/\/www.eldigitaldeasturias.com\/noticias\/57-muertos-en-un-atentado-suicida-del-estado-islamico-en-afganistan\/\" title=\"57 muertos en un atentado suicida del Estado Isl\u00e1mico en Afganist\u00e1n\">57 muertos en un atentado suicida del Estado Isl\u00e1mico en Afganist\u00e1n<\/a>\n<\/span><\/div>","aioseo_breadcrumb_json":[{"label":"Home","link":"https:\/\/www.eldigitaldeasturias.com\/noticias"},{"label":"Actualidad","link":"https:\/\/www.eldigitaldeasturias.com\/noticias\/category\/actualidad\/"},{"label":"57 muertos en un atentado suicida del Estado Isl\u00e1mico en Afganist\u00e1n","link":"https:\/\/www.eldigitaldeasturias.com\/noticias\/57-muertos-en-un-atentado-suicida-del-estado-islamico-en-afganistan\/"}],"_links":{"self":[{"href":"https:\/\/www.eldigitaldeasturias.com\/noticias\/wp-json\/wp\/v2\/posts\/977032","targetHints":{"allow":["GET"]}}],"collection":[{"href":"https:\/\/www.eldigitaldeasturias.com\/noticias\/wp-json\/wp\/v2\/posts"}],"about":[{"href":"https:\/\/www.eldigitaldeasturias.com\/noticias\/wp-json\/wp\/v2\/types\/post"}],"author":[{"embeddable":true,"href":"https:\/\/www.eldigitaldeasturias.com\/noticias\/wp-json\/wp\/v2\/users\/1"}],"replies":[{"embeddable":true,"href":"https:\/\/www.eldigitaldeasturias.com\/noticias\/wp-json\/wp\/v2\/comments?post=977032"}],"version-history":[{"count":0,"href":"https:\/\/www.eldigitaldeasturias.com\/noticias\/wp-json\/wp\/v2\/posts\/977032\/revisions"}],"wp:attachment":[{"href":"https:\/\/www.eldigitaldeasturias.com\/noticias\/wp-json\/wp\/v2\/media?parent=977032"}],"wp:term":[{"taxonomy":"category","embeddable":true,"href":"https:\/\/www.eldigitaldeasturias.com\/noticias\/wp-json\/wp\/v2\/categories?post=977032"},{"taxonomy":"post_tag","embeddable":true,"href":"https:\/\/www.eldigitaldeasturias.com\/noticias\/wp-json\/wp\/v2\/tags?post=977032"}],"curies":[{"name":"wp","href":"https:\/\/api.w.org\/{rel}","templated":true}]}}