{"id":977001,"date":"2018-04-22T18:17:38","date_gmt":"2018-04-22T18:17:38","guid":{"rendered":"http:\/\/www.eldigitaldeasturias.com\/noticias\/?p=977001"},"modified":"2018-04-22T18:17:38","modified_gmt":"2018-04-22T18:17:38","slug":"pedro-sanchez-aqui-estan-en-juego-los-valores-europeos","status":"publish","type":"post","link":"https:\/\/www.eldigitaldeasturias.com\/noticias\/pedro-sanchez-aqui-estan-en-juego-los-valores-europeos\/","title":{"rendered":"Pedro S\u00e1nchez: \u00abAqu\u00ed est\u00e1n en juego los valores europeos\u00bb"},"content":{"rendered":"<p><img loading=\"lazy\" decoding=\"async\" class=\"alignleft size-medium wp-image-977002\" src=\"https:\/\/www.eldigitaldeasturias.com\/noticias\/wp-content\/uploads\/2018\/04\/Pedro-S\u00e1nchez-SPD-360x122.jpg\" alt=\"\" width=\"360\" height=\"122\" \/>Wiesbaden (Alemania), 22 abr &#8211; El secretario general del Partido Socialista Obrero Espa\u00f1ol (PSOE), Pedro S\u00e1nchez, defendi\u00f3 hoy en Alemania la postura del Gobierno de su pa\u00eds frente a las aspiraciones independentistas en Catalu\u00f1a, que calific\u00f3 de amenaza para toda Europa.<\/p>\n<p>\u00abQueridos amigos, el desaf\u00edo del secesonismo en Catalu\u00f1a no es s\u00f3lo una amenaza para la integridad de Espa\u00f1a, sino para el proyecto europeo en su conjunto\u00bb, dijo S\u00e1nchez en una comparecencia en el congreso extraordinario del Partido Socialdem\u00f3crata de Alemania (SPD).<\/p>\n<p>El l\u00edder socialista record\u00f3 a sus pares alemanes la importancia de la cooperaci\u00f3n judicial entre sus pa\u00edses, sin mencionar el caso del dirigente soberanista Carles Puigdemont, que espera en Berl\u00edn que un tribunal alem\u00e1n decida si lo entrega a Espa\u00f1a, donde est\u00e1 acusado en relaci\u00f3n con el proceso independentista.<\/p>\n<p>\u00abHoy, mis queridos amigos, Espa\u00f1a es una democracia consolidada (&#8230;), una democracia que enfrenta amenazas en la historia reciente de Europa como el secesionismo\u00bb, se\u00f1al\u00f3 ante unos 600 delegados socialdem\u00f3cratas reunidos en la ciudad de Wiesbaden para elegir a su nueva presidenta.<\/p>\n<p>\u00abAqu\u00ed lo que est\u00e1 en juego son los valores europeos\u00bb, advirti\u00f3.<\/p>\n","protected":false},"excerpt":{"rendered":"<p>Wiesbaden (Alemania), 22 abr &#8211; El secretario general del Partido Socialista Obrero Espa\u00f1ol (PSOE), Pedro S\u00e1nchez, defendi\u00f3 hoy en Alemania la postura del Gobierno de su pa\u00eds frente a las aspiraciones independentistas en Catalu\u00f1a, que calific\u00f3 de amenaza para toda Europa. \u00abQueridos amigos, el desaf\u00edo del secesonismo en Catalu\u00f1a no es s\u00f3lo una amenaza para [&hellip;]<\/p>\n","protected":false},"author":1,"featured_media":977002,"comment_status":"closed","ping_status":"closed","sticky":false,"template":"","format":"standard","meta":{"footnotes":""},"categories":[1],"tags":[],"class_list":["post-977001","post","type-post","status-publish","format-standard","has-post-thumbnail","hentry","category-actualidad"],"aioseo_notices":[],"aioseo_head":"\n\t\t<!-- All in One SEO Pro 5.0.1 - aioseo.com -->\n\t<meta name=\"description\" content=\"Wiesbaden (Alemania), 22 abr - El secretario general del Partido Socialista Obrero Espa\u00f1ol (PSOE), Pedro S\u00e1nchez, defendi\u00f3 hoy en Alemania la postura del Gobierno de su pa\u00eds frente a las aspiraciones independentistas en Catalu\u00f1a, que calific\u00f3 de amenaza para toda Europa. &quot;Queridos amigos, el desaf\u00edo del secesonismo en Catalu\u00f1a no es s\u00f3lo una amenaza para\" \/>\n\t<meta name=\"robots\" content=\"max-image-preview:large\" \/>\n\t<meta name=\"author\" content=\"El Digital de Asturias\"\/>\n\t<meta name=\"google-site-verification\" content=\"UA-38556648-1\" \/>\n\t<meta name=\"msvalidate.01\" content=\"7dfe9f3f1b24437ab69f4f2559babe99\" \/>\n\t<meta name=\"keywords\" content=\"actualidad\" \/>\n\t<link rel=\"canonical\" href=\"https:\/\/www.eldigitaldeasturias.com\/noticias\/pedro-sanchez-aqui-estan-en-juego-los-valores-europeos\/\" \/>\n\t<meta name=\"generator\" content=\"All in One SEO Pro (AIOSEO) 5.0.1\" \/>\n\t\t<meta property=\"og:locale\" content=\"es_ES\" \/>\n\t\t<meta property=\"og:site_name\" content=\"El Digital de Asturias\" \/>\n\t\t<meta property=\"og:type\" content=\"article\" \/>\n\t\t<meta property=\"og:title\" content=\"Pedro S\u00e1nchez: \u00abAqu\u00ed est\u00e1n en juego los valores europeos\u00bb - El Digital de Asturias\" \/>\n\t\t<meta property=\"og:description\" content=\"Wiesbaden (Alemania), 22 abr - El secretario general del Partido Socialista Obrero Espa\u00f1ol (PSOE), Pedro S\u00e1nchez, defendi\u00f3 hoy en Alemania la postura del Gobierno de su pa\u00eds frente a las aspiraciones independentistas en Catalu\u00f1a, que calific\u00f3 de amenaza para toda Europa. &quot;Queridos amigos, el desaf\u00edo del secesonismo en Catalu\u00f1a no es s\u00f3lo una amenaza para\" \/>\n\t\t<meta property=\"og:url\" content=\"https:\/\/www.eldigitaldeasturias.com\/noticias\/pedro-sanchez-aqui-estan-en-juego-los-valores-europeos\/\" \/>\n\t\t<meta property=\"article:tag\" content=\"actualidad\" \/>\n\t\t<meta property=\"article:published_time\" content=\"2018-04-22T18:17:38+00:00\" \/>\n\t\t<meta property=\"article:modified_time\" content=\"2018-04-22T18:17:38+00:00\" \/>\n\t\t<meta property=\"article:publisher\" content=\"https:\/\/facebook.com\/eldigitaldeasturias\" \/>\n\t\t<meta name=\"twitter:card\" content=\"summary_large_image\" \/>\n\t\t<meta name=\"twitter:title\" content=\"Pedro S\u00e1nchez: \u00abAqu\u00ed est\u00e1n en juego los valores europeos\u00bb - El Digital de Asturias\" \/>\n\t\t<meta name=\"twitter:description\" content=\"Wiesbaden (Alemania), 22 abr - El secretario general del Partido Socialista Obrero Espa\u00f1ol (PSOE), Pedro S\u00e1nchez, defendi\u00f3 hoy en Alemania la postura del Gobierno de su pa\u00eds frente a las aspiraciones independentistas en Catalu\u00f1a, que calific\u00f3 de amenaza para toda Europa. &quot;Queridos amigos, el desaf\u00edo del secesonismo en Catalu\u00f1a no es s\u00f3lo una amenaza para\" \/>\n\t\t<meta name=\"twitter:image\" content=\"https:\/\/www.eldigitaldeasturias.com\/noticias\/wp-content\/uploads\/2020\/12\/EDA-1.jpg\" \/>\n\t\t<meta name=\"twitter:label1\" content=\"Escrito por\" \/>\n\t\t<meta name=\"twitter:data1\" content=\"El Digital de Asturias\" \/>\n\t\t<meta name=\"twitter:label2\" content=\"Tiempo de lectura estimado\" \/>\n\t\t<meta name=\"twitter:data2\" content=\"1 minuto\" \/>\n\t\t<script type=\"application\/ld+json\" class=\"aioseo-schema\">\n\t\t\t{\"@context\":\"https:\\\/\\\/schema.org\",\"@graph\":[{\"@type\":\"BlogPosting\",\"@id\":\"https:\\\/\\\/www.eldigitaldeasturias.com\\\/noticias\\\/pedro-sanchez-aqui-estan-en-juego-los-valores-europeos\\\/#blogposting\",\"name\":\"Pedro S\\u00e1nchez: \\u00abAqu\\u00ed est\\u00e1n en juego los valores europeos\\u00bb - El Digital de Asturias\",\"headline\":\"Pedro S\\u00e1nchez: \\u00abAqu\\u00ed est\\u00e1n en juego los valores europeos\\u00bb\",\"author\":{\"@id\":\"https:\\\/\\\/www.eldigitaldeasturias.com\\\/noticias\\\/author\\\/admin\\\/#author\"},\"publisher\":{\"@id\":\"https:\\\/\\\/www.eldigitaldeasturias.com\\\/noticias\\\/#organization\"},\"image\":{\"@type\":\"ImageObject\",\"url\":977002},\"datePublished\":\"2018-04-22T18:17:38+02:00\",\"dateModified\":\"2018-04-22T18:17:38+02:00\",\"inLanguage\":\"es-ES\",\"mainEntityOfPage\":{\"@id\":\"https:\\\/\\\/www.eldigitaldeasturias.com\\\/noticias\\\/pedro-sanchez-aqui-estan-en-juego-los-valores-europeos\\\/#webpage\"},\"isPartOf\":{\"@id\":\"https:\\\/\\\/www.eldigitaldeasturias.com\\\/noticias\\\/pedro-sanchez-aqui-estan-en-juego-los-valores-europeos\\\/#webpage\"},\"articleSection\":\"Actualidad\"},{\"@type\":\"BreadcrumbList\",\"@id\":\"https:\\\/\\\/www.eldigitaldeasturias.com\\\/noticias\\\/pedro-sanchez-aqui-estan-en-juego-los-valores-europeos\\\/#breadcrumblist\",\"itemListElement\":[{\"@type\":\"ListItem\",\"@id\":\"https:\\\/\\\/www.eldigitaldeasturias.com\\\/noticias#listItem\",\"position\":1,\"name\":\"Home\",\"item\":\"https:\\\/\\\/www.eldigitaldeasturias.com\\\/noticias\",\"nextItem\":{\"@type\":\"ListItem\",\"@id\":\"https:\\\/\\\/www.eldigitaldeasturias.com\\\/noticias\\\/category\\\/actualidad\\\/#listItem\",\"name\":\"Actualidad\"}},{\"@type\":\"ListItem\",\"@id\":\"https:\\\/\\\/www.eldigitaldeasturias.com\\\/noticias\\\/category\\\/actualidad\\\/#listItem\",\"position\":2,\"name\":\"Actualidad\",\"item\":\"https:\\\/\\\/www.eldigitaldeasturias.com\\\/noticias\\\/category\\\/actualidad\\\/\",\"nextItem\":{\"@type\":\"ListItem\",\"@id\":\"https:\\\/\\\/www.eldigitaldeasturias.com\\\/noticias\\\/pedro-sanchez-aqui-estan-en-juego-los-valores-europeos\\\/#listItem\",\"name\":\"Pedro S\\u00e1nchez: \\u00abAqu\\u00ed est\\u00e1n en juego los valores europeos\\u00bb\"},\"previousItem\":{\"@type\":\"ListItem\",\"@id\":\"https:\\\/\\\/www.eldigitaldeasturias.com\\\/noticias#listItem\",\"name\":\"Home\"}},{\"@type\":\"ListItem\",\"@id\":\"https:\\\/\\\/www.eldigitaldeasturias.com\\\/noticias\\\/pedro-sanchez-aqui-estan-en-juego-los-valores-europeos\\\/#listItem\",\"position\":3,\"name\":\"Pedro S\\u00e1nchez: \\u00abAqu\\u00ed est\\u00e1n en juego los valores europeos\\u00bb\",\"previousItem\":{\"@type\":\"ListItem\",\"@id\":\"https:\\\/\\\/www.eldigitaldeasturias.com\\\/noticias\\\/category\\\/actualidad\\\/#listItem\",\"name\":\"Actualidad\"}}]},{\"@type\":\"Organization\",\"@id\":\"https:\\\/\\\/www.eldigitaldeasturias.com\\\/noticias\\\/#organization\",\"name\":\"El Digital de Asturias\",\"description\":\"Hemeroteca\",\"url\":\"https:\\\/\\\/www.eldigitaldeasturias.com\\\/noticias\\\/\",\"email\":\"info@eldigitaldeasturias.com\",\"telephone\":\"+34652131393\",\"logo\":{\"@type\":\"ImageObject\",\"url\":\"https:\\\/\\\/www.eldigitaldeasturias.com\\\/noticias\\\/wp-content\\\/uploads\\\/2020\\\/12\\\/EDA.jpg\",\"@id\":\"https:\\\/\\\/www.eldigitaldeasturias.com\\\/noticias\\\/pedro-sanchez-aqui-estan-en-juego-los-valores-europeos\\\/#organizationLogo\"},\"image\":{\"@id\":\"https:\\\/\\\/www.eldigitaldeasturias.com\\\/noticias\\\/pedro-sanchez-aqui-estan-en-juego-los-valores-europeos\\\/#organizationLogo\"},\"sameAs\":[\"https:\\\/\\\/facebook.com\\\/eldigitaldeasturias\",\"https:\\\/\\\/www.youtube.com\\\/channel\\\/UCZP-2wLEB9Rv6erhFmqVnvg\"],\"address\":{\"@id\":\"https:\\\/\\\/www.eldigitaldeasturias.com\\\/noticias\\\/#postaladdress\",\"@type\":\"PostalAddress\",\"streetAddress\":\"san antonio 4\",\"postalCode\":\"33430\",\"addressLocality\":\"Cand\\u00e1s\",\"addressRegion\":\"Asturias\",\"addressCountry\":\"ES\"}},{\"@type\":\"Person\",\"@id\":\"https:\\\/\\\/www.eldigitaldeasturias.com\\\/noticias\\\/author\\\/admin\\\/#author\",\"url\":\"https:\\\/\\\/www.eldigitaldeasturias.com\\\/noticias\\\/author\\\/admin\\\/\",\"name\":\"El Digital de Asturias\",\"image\":{\"@type\":\"ImageObject\",\"@id\":\"https:\\\/\\\/www.eldigitaldeasturias.com\\\/noticias\\\/pedro-sanchez-aqui-estan-en-juego-los-valores-europeos\\\/#authorImage\",\"url\":\"https:\\\/\\\/secure.gravatar.com\\\/avatar\\\/df2aeffc32bcd13f8d26072ef8a91b623d677766deac7f97ca815868cd41bf5e?s=96&d=mm&r=g\",\"width\":96,\"height\":96,\"caption\":\"El Digital de Asturias\"}},{\"@type\":\"WebPage\",\"@id\":\"https:\\\/\\\/www.eldigitaldeasturias.com\\\/noticias\\\/pedro-sanchez-aqui-estan-en-juego-los-valores-europeos\\\/#webpage\",\"url\":\"https:\\\/\\\/www.eldigitaldeasturias.com\\\/noticias\\\/pedro-sanchez-aqui-estan-en-juego-los-valores-europeos\\\/\",\"name\":\"Pedro S\\u00e1nchez: \\u00abAqu\\u00ed est\\u00e1n en juego los valores europeos\\u00bb - El Digital de Asturias\",\"description\":\"Wiesbaden (Alemania), 22 abr - El secretario general del Partido Socialista Obrero Espa\\u00f1ol (PSOE), Pedro S\\u00e1nchez, defendi\\u00f3 hoy en Alemania la postura del Gobierno de su pa\\u00eds frente a las aspiraciones independentistas en Catalu\\u00f1a, que calific\\u00f3 de amenaza para toda Europa. \\\"Queridos amigos, el desaf\\u00edo del secesonismo en Catalu\\u00f1a no es s\\u00f3lo una amenaza para\",\"inLanguage\":\"es-ES\",\"isPartOf\":{\"@id\":\"https:\\\/\\\/www.eldigitaldeasturias.com\\\/noticias\\\/#website\"},\"breadcrumb\":{\"@id\":\"https:\\\/\\\/www.eldigitaldeasturias.com\\\/noticias\\\/pedro-sanchez-aqui-estan-en-juego-los-valores-europeos\\\/#breadcrumblist\"},\"author\":{\"@id\":\"https:\\\/\\\/www.eldigitaldeasturias.com\\\/noticias\\\/author\\\/admin\\\/#author\"},\"creator\":{\"@id\":\"https:\\\/\\\/www.eldigitaldeasturias.com\\\/noticias\\\/author\\\/admin\\\/#author\"},\"image\":{\"@type\":\"ImageObject\",\"url\":977002,\"@id\":\"https:\\\/\\\/www.eldigitaldeasturias.com\\\/noticias\\\/pedro-sanchez-aqui-estan-en-juego-los-valores-europeos\\\/#mainImage\"},\"primaryImageOfPage\":{\"@id\":\"https:\\\/\\\/www.eldigitaldeasturias.com\\\/noticias\\\/pedro-sanchez-aqui-estan-en-juego-los-valores-europeos\\\/#mainImage\"},\"datePublished\":\"2018-04-22T18:17:38+02:00\",\"dateModified\":\"2018-04-22T18:17:38+02:00\"},{\"@type\":\"WebSite\",\"@id\":\"https:\\\/\\\/www.eldigitaldeasturias.com\\\/noticias\\\/#website\",\"url\":\"https:\\\/\\\/www.eldigitaldeasturias.com\\\/noticias\\\/\",\"name\":\"El Digital de Asturias - Diario de actualidad y noticias\",\"alternateName\":\"El Digital de Asturias - Diario de actualidad y noticias\",\"description\":\"Hemeroteca\",\"inLanguage\":\"es-ES\",\"publisher\":{\"@id\":\"https:\\\/\\\/www.eldigitaldeasturias.com\\\/noticias\\\/#organization\"}}]}\n\t\t<\/script>\n\t\t<!-- All in One SEO Pro -->\r\n\t\t<title>Pedro S\u00e1nchez: \u00abAqu\u00ed est\u00e1n en juego los valores europeos\u00bb - El Digital de Asturias<\/title>\n\n","aioseo_head_json":{"title":"Pedro S\u00e1nchez: \u00abAqu\u00ed est\u00e1n en juego los valores europeos\u00bb - El Digital de Asturias","description":"Wiesbaden (Alemania), 22 abr - El secretario general del Partido Socialista Obrero Espa\u00f1ol (PSOE), Pedro S\u00e1nchez, defendi\u00f3 hoy en Alemania la postura del Gobierno de su pa\u00eds frente a las aspiraciones independentistas en Catalu\u00f1a, que calific\u00f3 de amenaza para toda Europa. \"Queridos amigos, el desaf\u00edo del secesonismo en Catalu\u00f1a no es s\u00f3lo una amenaza para","canonical_url":"https:\/\/www.eldigitaldeasturias.com\/noticias\/pedro-sanchez-aqui-estan-en-juego-los-valores-europeos\/","robots":"max-image-preview:large","keywords":"actualidad","webmasterTools":{"google-site-verification":"UA-38556648-1","msvalidate.01":"7dfe9f3f1b24437ab69f4f2559babe99","miscellaneous":""},"schema":{"@context":"https:\/\/schema.org","@graph":[{"@type":"BlogPosting","@id":"https:\/\/www.eldigitaldeasturias.com\/noticias\/pedro-sanchez-aqui-estan-en-juego-los-valores-europeos\/#blogposting","name":"Pedro S\u00e1nchez: \u00abAqu\u00ed est\u00e1n en juego los valores europeos\u00bb - El Digital de Asturias","headline":"Pedro S\u00e1nchez: \u00abAqu\u00ed est\u00e1n en juego los valores europeos\u00bb","author":{"@id":"https:\/\/www.eldigitaldeasturias.com\/noticias\/author\/admin\/#author"},"publisher":{"@id":"https:\/\/www.eldigitaldeasturias.com\/noticias\/#organization"},"image":{"@type":"ImageObject","url":977002},"datePublished":"2018-04-22T18:17:38+02:00","dateModified":"2018-04-22T18:17:38+02:00","inLanguage":"es-ES","mainEntityOfPage":{"@id":"https:\/\/www.eldigitaldeasturias.com\/noticias\/pedro-sanchez-aqui-estan-en-juego-los-valores-europeos\/#webpage"},"isPartOf":{"@id":"https:\/\/www.eldigitaldeasturias.com\/noticias\/pedro-sanchez-aqui-estan-en-juego-los-valores-europeos\/#webpage"},"articleSection":"Actualidad"},{"@type":"BreadcrumbList","@id":"https:\/\/www.eldigitaldeasturias.com\/noticias\/pedro-sanchez-aqui-estan-en-juego-los-valores-europeos\/#breadcrumblist","itemListElement":[{"@type":"ListItem","@id":"https:\/\/www.eldigitaldeasturias.com\/noticias#listItem","position":1,"name":"Home","item":"https:\/\/www.eldigitaldeasturias.com\/noticias","nextItem":{"@type":"ListItem","@id":"https:\/\/www.eldigitaldeasturias.com\/noticias\/category\/actualidad\/#listItem","name":"Actualidad"}},{"@type":"ListItem","@id":"https:\/\/www.eldigitaldeasturias.com\/noticias\/category\/actualidad\/#listItem","position":2,"name":"Actualidad","item":"https:\/\/www.eldigitaldeasturias.com\/noticias\/category\/actualidad\/","nextItem":{"@type":"ListItem","@id":"https:\/\/www.eldigitaldeasturias.com\/noticias\/pedro-sanchez-aqui-estan-en-juego-los-valores-europeos\/#listItem","name":"Pedro S\u00e1nchez: \u00abAqu\u00ed est\u00e1n en juego los valores europeos\u00bb"},"previousItem":{"@type":"ListItem","@id":"https:\/\/www.eldigitaldeasturias.com\/noticias#listItem","name":"Home"}},{"@type":"ListItem","@id":"https:\/\/www.eldigitaldeasturias.com\/noticias\/pedro-sanchez-aqui-estan-en-juego-los-valores-europeos\/#listItem","position":3,"name":"Pedro S\u00e1nchez: \u00abAqu\u00ed est\u00e1n en juego los valores europeos\u00bb","previousItem":{"@type":"ListItem","@id":"https:\/\/www.eldigitaldeasturias.com\/noticias\/category\/actualidad\/#listItem","name":"Actualidad"}}]},{"@type":"Organization","@id":"https:\/\/www.eldigitaldeasturias.com\/noticias\/#organization","name":"El Digital de Asturias","description":"Hemeroteca","url":"https:\/\/www.eldigitaldeasturias.com\/noticias\/","email":"info@eldigitaldeasturias.com","telephone":"+34652131393","logo":{"@type":"ImageObject","url":"https:\/\/www.eldigitaldeasturias.com\/noticias\/wp-content\/uploads\/2020\/12\/EDA.jpg","@id":"https:\/\/www.eldigitaldeasturias.com\/noticias\/pedro-sanchez-aqui-estan-en-juego-los-valores-europeos\/#organizationLogo"},"image":{"@id":"https:\/\/www.eldigitaldeasturias.com\/noticias\/pedro-sanchez-aqui-estan-en-juego-los-valores-europeos\/#organizationLogo"},"sameAs":["https:\/\/facebook.com\/eldigitaldeasturias","https:\/\/www.youtube.com\/channel\/UCZP-2wLEB9Rv6erhFmqVnvg"],"address":{"@id":"https:\/\/www.eldigitaldeasturias.com\/noticias\/#postaladdress","@type":"PostalAddress","streetAddress":"san antonio 4","postalCode":"33430","addressLocality":"Cand\u00e1s","addressRegion":"Asturias","addressCountry":"ES"}},{"@type":"Person","@id":"https:\/\/www.eldigitaldeasturias.com\/noticias\/author\/admin\/#author","url":"https:\/\/www.eldigitaldeasturias.com\/noticias\/author\/admin\/","name":"El Digital de Asturias","image":{"@type":"ImageObject","@id":"https:\/\/www.eldigitaldeasturias.com\/noticias\/pedro-sanchez-aqui-estan-en-juego-los-valores-europeos\/#authorImage","url":"https:\/\/secure.gravatar.com\/avatar\/df2aeffc32bcd13f8d26072ef8a91b623d677766deac7f97ca815868cd41bf5e?s=96&d=mm&r=g","width":96,"height":96,"caption":"El Digital de Asturias"}},{"@type":"WebPage","@id":"https:\/\/www.eldigitaldeasturias.com\/noticias\/pedro-sanchez-aqui-estan-en-juego-los-valores-europeos\/#webpage","url":"https:\/\/www.eldigitaldeasturias.com\/noticias\/pedro-sanchez-aqui-estan-en-juego-los-valores-europeos\/","name":"Pedro S\u00e1nchez: \u00abAqu\u00ed est\u00e1n en juego los valores europeos\u00bb - El Digital de Asturias","description":"Wiesbaden (Alemania), 22 abr - El secretario general del Partido Socialista Obrero Espa\u00f1ol (PSOE), Pedro S\u00e1nchez, defendi\u00f3 hoy en Alemania la postura del Gobierno de su pa\u00eds frente a las aspiraciones independentistas en Catalu\u00f1a, que calific\u00f3 de amenaza para toda Europa. \"Queridos amigos, el desaf\u00edo del secesonismo en Catalu\u00f1a no es s\u00f3lo una amenaza para","inLanguage":"es-ES","isPartOf":{"@id":"https:\/\/www.eldigitaldeasturias.com\/noticias\/#website"},"breadcrumb":{"@id":"https:\/\/www.eldigitaldeasturias.com\/noticias\/pedro-sanchez-aqui-estan-en-juego-los-valores-europeos\/#breadcrumblist"},"author":{"@id":"https:\/\/www.eldigitaldeasturias.com\/noticias\/author\/admin\/#author"},"creator":{"@id":"https:\/\/www.eldigitaldeasturias.com\/noticias\/author\/admin\/#author"},"image":{"@type":"ImageObject","url":977002,"@id":"https:\/\/www.eldigitaldeasturias.com\/noticias\/pedro-sanchez-aqui-estan-en-juego-los-valores-europeos\/#mainImage"},"primaryImageOfPage":{"@id":"https:\/\/www.eldigitaldeasturias.com\/noticias\/pedro-sanchez-aqui-estan-en-juego-los-valores-europeos\/#mainImage"},"datePublished":"2018-04-22T18:17:38+02:00","dateModified":"2018-04-22T18:17:38+02:00"},{"@type":"WebSite","@id":"https:\/\/www.eldigitaldeasturias.com\/noticias\/#website","url":"https:\/\/www.eldigitaldeasturias.com\/noticias\/","name":"El Digital de Asturias - Diario de actualidad y noticias","alternateName":"El Digital de Asturias - Diario de actualidad y noticias","description":"Hemeroteca","inLanguage":"es-ES","publisher":{"@id":"https:\/\/www.eldigitaldeasturias.com\/noticias\/#organization"}}]},"og:locale":"es_ES","og:site_name":"El Digital de Asturias","og:type":"article","og:title":"Pedro S\u00e1nchez: \u00abAqu\u00ed est\u00e1n en juego los valores europeos\u00bb - El Digital de Asturias","og:description":"Wiesbaden (Alemania), 22 abr - El secretario general del Partido Socialista Obrero Espa\u00f1ol (PSOE), Pedro S\u00e1nchez, defendi\u00f3 hoy en Alemania la postura del Gobierno de su pa\u00eds frente a las aspiraciones independentistas en Catalu\u00f1a, que calific\u00f3 de amenaza para toda Europa. &quot;Queridos amigos, el desaf\u00edo del secesonismo en Catalu\u00f1a no es s\u00f3lo una amenaza para","og:url":"https:\/\/www.eldigitaldeasturias.com\/noticias\/pedro-sanchez-aqui-estan-en-juego-los-valores-europeos\/","article:tag":["actualidad"],"article:published_time":"2018-04-22T18:17:38+00:00","article:modified_time":"2018-04-22T18:17:38+00:00","article:publisher":"https:\/\/facebook.com\/eldigitaldeasturias","twitter:card":"summary_large_image","twitter:title":"Pedro S\u00e1nchez: \u00abAqu\u00ed est\u00e1n en juego los valores europeos\u00bb - El Digital de Asturias","twitter:description":"Wiesbaden (Alemania), 22 abr - El secretario general del Partido Socialista Obrero Espa\u00f1ol (PSOE), Pedro S\u00e1nchez, defendi\u00f3 hoy en Alemania la postura del Gobierno de su pa\u00eds frente a las aspiraciones independentistas en Catalu\u00f1a, que calific\u00f3 de amenaza para toda Europa. &quot;Queridos amigos, el desaf\u00edo del secesonismo en Catalu\u00f1a no es s\u00f3lo una amenaza para","twitter:image":"https:\/\/www.eldigitaldeasturias.com\/noticias\/wp-content\/uploads\/2020\/12\/EDA-1.jpg","twitter:label1":"Escrito por","twitter:data1":"El Digital de Asturias","twitter:label2":"Tiempo de lectura estimado","twitter:data2":"1 minuto"},"aioseo_meta_data":{"post_id":"977001","title":null,"description":null,"keywords":null,"keyphrases":null,"primary_term":null,"canonical_url":null,"og_title":null,"og_description":null,"og_object_type":"default","og_image_type":"default","og_image_url":null,"og_image_width":null,"og_image_height":null,"og_image_custom_url":null,"og_image_custom_fields":null,"og_video":null,"og_custom_url":null,"og_article_section":null,"og_article_tags":null,"twitter_use_og":false,"twitter_card":"default","twitter_image_type":"default","twitter_image_url":null,"twitter_image_custom_url":null,"twitter_image_custom_fields":null,"twitter_title":null,"twitter_description":null,"schema":{"blockGraphs":[],"customGraphs":[],"default":{"data":{"Article":[],"Course":[],"Dataset":[],"FAQPage":[],"Movie":[],"Person":[],"Product":[],"ProductReview":[],"Car":[],"Recipe":[],"Service":[],"SoftwareApplication":[],"WebPage":[]},"graphName":"","isEnabled":true},"graphs":[],"defaultGraph":"","defaultPostTypeGraph":""},"schema_type":null,"schema_type_options":null,"pillar_content":false,"robots_default":true,"robots_noindex":false,"robots_noarchive":false,"robots_nosnippet":false,"robots_nofollow":false,"robots_noimageindex":false,"robots_noodp":false,"robots_notranslate":false,"robots_max_snippet":null,"robots_max_videopreview":null,"robots_max_imagepreview":"large","priority":null,"frequency":null,"local_seo":null,"seo_analyzer_scan_date":"2025-10-08 05:51:05","breadcrumb_settings":null,"limit_modified_date":false,"open_ai":null,"ai":null,"created":"2020-12-21 12:06:39","updated":"2025-10-08 05:51:05","focus_keyword":null,"additional_keywords":null,"truseo_locale":null},"aioseo_breadcrumb":"<div class=\"aioseo-breadcrumbs\"><span class=\"aioseo-breadcrumb\">\n\t<a href=\"https:\/\/www.eldigitaldeasturias.com\/noticias\" title=\"Home\">Home<\/a>\n<\/span><span class=\"aioseo-breadcrumb-separator\">\u2013<\/span><span class=\"aioseo-breadcrumb\">\n\t<a href=\"https:\/\/www.eldigitaldeasturias.com\/noticias\/category\/actualidad\/\" title=\"Actualidad\">Actualidad<\/a>\n<\/span><span class=\"aioseo-breadcrumb-separator\">\u2013<\/span><span class=\"aioseo-breadcrumb\">\n\t<a href=\"https:\/\/www.eldigitaldeasturias.com\/noticias\/pedro-sanchez-aqui-estan-en-juego-los-valores-europeos\/\" title=\"Pedro S\u00e1nchez: \u00abAqu\u00ed est\u00e1n en juego los valores europeos\u00bb\">Pedro S\u00e1nchez: \u00abAqu\u00ed est\u00e1n en juego los valores europeos\u00bb<\/a>\n<\/span><\/div>","aioseo_breadcrumb_json":[{"label":"Home","link":"https:\/\/www.eldigitaldeasturias.com\/noticias"},{"label":"Actualidad","link":"https:\/\/www.eldigitaldeasturias.com\/noticias\/category\/actualidad\/"},{"label":"Pedro S\u00e1nchez: \u00abAqu\u00ed est\u00e1n en juego los valores europeos\u00bb","link":"https:\/\/www.eldigitaldeasturias.com\/noticias\/pedro-sanchez-aqui-estan-en-juego-los-valores-europeos\/"}],"_links":{"self":[{"href":"https:\/\/www.eldigitaldeasturias.com\/noticias\/wp-json\/wp\/v2\/posts\/977001","targetHints":{"allow":["GET"]}}],"collection":[{"href":"https:\/\/www.eldigitaldeasturias.com\/noticias\/wp-json\/wp\/v2\/posts"}],"about":[{"href":"https:\/\/www.eldigitaldeasturias.com\/noticias\/wp-json\/wp\/v2\/types\/post"}],"author":[{"embeddable":true,"href":"https:\/\/www.eldigitaldeasturias.com\/noticias\/wp-json\/wp\/v2\/users\/1"}],"replies":[{"embeddable":true,"href":"https:\/\/www.eldigitaldeasturias.com\/noticias\/wp-json\/wp\/v2\/comments?post=977001"}],"version-history":[{"count":0,"href":"https:\/\/www.eldigitaldeasturias.com\/noticias\/wp-json\/wp\/v2\/posts\/977001\/revisions"}],"wp:attachment":[{"href":"https:\/\/www.eldigitaldeasturias.com\/noticias\/wp-json\/wp\/v2\/media?parent=977001"}],"wp:term":[{"taxonomy":"category","embeddable":true,"href":"https:\/\/www.eldigitaldeasturias.com\/noticias\/wp-json\/wp\/v2\/categories?post=977001"},{"taxonomy":"post_tag","embeddable":true,"href":"https:\/\/www.eldigitaldeasturias.com\/noticias\/wp-json\/wp\/v2\/tags?post=977001"}],"curies":[{"name":"wp","href":"https:\/\/api.w.org\/{rel}","templated":true}]}}