{"id":976954,"date":"2018-04-22T06:11:12","date_gmt":"2018-04-22T06:11:12","guid":{"rendered":"http:\/\/www.eldigitaldeasturias.com\/noticias\/?p=976954"},"modified":"2018-04-22T06:11:12","modified_gmt":"2018-04-22T06:11:12","slug":"albert-rivera-queremos-gobernar-para-reformar-espana","status":"publish","type":"post","link":"https:\/\/www.eldigitaldeasturias.com\/noticias\/albert-rivera-queremos-gobernar-para-reformar-espana\/","title":{"rendered":"Albert Rivera: \u00abQueremos gobernar para reformar Espa\u00f1a\u00bb"},"content":{"rendered":"<p><img loading=\"lazy\" decoding=\"async\" class=\"alignleft size-medium wp-image-976955\" src=\"https:\/\/www.eldigitaldeasturias.com\/noticias\/wp-content\/uploads\/2018\/04\/Rivera-1-360x240.jpg\" alt=\"\" width=\"360\" height=\"240\" \/>Ciudadanos est\u00e1 preparado para gobernar y para transformar Espa\u00f1a&#8217;, ha asegurado el presidente de la formaci\u00f3n liberal, Albert Rivera, que se ha mostrado convencido de que &#8216;si logramos que la pol\u00edtica espa\u00f1ola se parezca un poco m\u00e1s a nuestra sociedad, Ciudadanos ser\u00e1 imparable&#8217;. El l\u00edder del partido naranja ha explicado que &#8216;hay que ganar porque, para transformar Espa\u00f1a, hay que gobernar&#8217;, se ha mostrado convencido de que Cs &#8216;est\u00e1 preparado para gobernar&#8217; y ha recordado que este es &#8216;un partido sin corrupci\u00f3n que quiere cambiar las cosas&#8217;.<\/p>\n<p>En una intervenci\u00f3n en abierto a los medios de comunicaci\u00f3n durante el I Encuentro Nacional de Cs que se ha celebrado este viernes y s\u00e1bado en San Lorenzo de El Escorial, Rivera ha afirmado que en el partido hay mucho talento, pero ha advertido que &#8216;para gobernar un pa\u00eds hace falta mucha gente buena&#8217; y, por este motivo, &#8216;no hay que tener miedo al talento de fuera, sino que hay que tener miedo a la mediocridad&#8217;. &#8216;Van a venir m\u00e1s independientes&#8217;, ha asegurado Rivera en relaci\u00f3n al anuncio del exprimer ministro franc\u00e9s Manuel Valls de presentarse a las primarias de Cs como alcaldable por Barcelona. &#8216;Frente a Puigdemont y Colau imaginaros lo que ser\u00eda Valls&#8217;, ha enfatizado.<\/p>\n<p>&#8216;Estos d\u00edas nos hemos conjurado para ganar al bipartidismo porque queremos gobernar para reformar Espa\u00f1a&#8217;, ha dicho Rivera, que ha insistido en que &#8216;lo importante es ganar para transformar&#8217;. El presidente del partido liberal se ha mostrado convencido de que &#8216;los espa\u00f1oles est\u00e1n hartos de malas noticias&#8217; y se ha propuesto &#8216;dar buenas noticias&#8217;, como &#8216;una bajada de impuestos, m\u00e1s permisos de paternidad, ayudas a familias que quieren tener hijos o la equiparaci\u00f3n salarial de polic\u00edas y guardias civiles&#8217; que ha conseguido Cs &#8216;negociando y pactando&#8217; en los Presupuestos Generales del Estado para este a\u00f1o.<\/p>\n<p>Adem\u00e1s, Rivera ha alertado sobre el nacionalismo y el populismo. &#8216;Al nacionalismo no se le gana imit\u00e1ndoles como hace el PSOE ni pactando como hace el PP con el PNV&#8217;, ha asegurado el presidente de Cs, que ha a\u00f1adido que los liberales deben dar la batalla intelectual al populismo. &#8216;Ciudadanos va a ofrecer una alternativa constitucionalista sin complejos&#8217;, ha afirmado.<\/p>\n<p>Para el l\u00edder de la formaci\u00f3n naranja, &#8216;los de las malas noticias son los del bipartidismo, que est\u00e1n encantados de haberse conocido y se ayudan para tapar sus problemas&#8217;. &#8216;Los \u00fanicos que hemos puesto un cortafuegos contra la corrupci\u00f3n en los pactos de investidura hemos sido nosotros&#8217;, ha declarado Rivera, que ha recordado casos de corrupci\u00f3n que afectan a PP y a PSOE como G\u00fcrtel o los EREs en Andaluc\u00eda.<\/p>\n<p>En referencia a la presidenta de la Comunidad de Madrid, Rivera ha vuelto a insistir a Rajoy en que &#8216;por una vez tome una decisi\u00f3n y ponga un candidato interino que est\u00e9 libre de corrupci\u00f3n&#8217;. &#8216;Somos tan exigentes porque si no fuera por Ciudadanos ni Cristina Cifuentes, ni Susana D\u00edaz ni Pedro Antonio S\u00e1nchez hubieran sido presidentes auton\u00f3micos&#8217;, ha dicho el l\u00edder de la formaci\u00f3n naranja.<\/p>\n","protected":false},"excerpt":{"rendered":"<p>Ciudadanos est\u00e1 preparado para gobernar y para transformar Espa\u00f1a&#8217;, ha asegurado el presidente de la formaci\u00f3n liberal, Albert Rivera, que se ha mostrado convencido de que &#8216;si logramos que la pol\u00edtica espa\u00f1ola se parezca un poco m\u00e1s a nuestra sociedad, Ciudadanos ser\u00e1 imparable&#8217;. El l\u00edder del partido naranja ha explicado que &#8216;hay que ganar porque, [&hellip;]<\/p>\n","protected":false},"author":1,"featured_media":976955,"comment_status":"closed","ping_status":"closed","sticky":false,"template":"","format":"standard","meta":{"footnotes":""},"categories":[1],"tags":[],"class_list":["post-976954","post","type-post","status-publish","format-standard","has-post-thumbnail","hentry","category-actualidad"],"aioseo_notices":[],"aioseo_head":"\n\t\t<!-- All in One SEO Pro 5.0.1 - aioseo.com -->\n\t<meta name=\"description\" content=\"Ciudadanos est\u00e1 preparado para gobernar y para transformar Espa\u00f1a&#039;, ha asegurado el presidente de la formaci\u00f3n liberal, Albert Rivera, que se ha mostrado convencido de que &#039;si logramos que la pol\u00edtica espa\u00f1ola se parezca un poco m\u00e1s a nuestra sociedad, Ciudadanos ser\u00e1 imparable&#039;. El l\u00edder del partido naranja ha explicado que &#039;hay que ganar porque,\" \/>\n\t<meta name=\"robots\" content=\"max-image-preview:large\" \/>\n\t<meta name=\"author\" content=\"El Digital de Asturias\"\/>\n\t<meta name=\"google-site-verification\" content=\"UA-38556648-1\" \/>\n\t<meta name=\"msvalidate.01\" content=\"7dfe9f3f1b24437ab69f4f2559babe99\" \/>\n\t<meta name=\"keywords\" content=\"actualidad\" \/>\n\t<link rel=\"canonical\" href=\"https:\/\/www.eldigitaldeasturias.com\/noticias\/albert-rivera-queremos-gobernar-para-reformar-espana\/\" \/>\n\t<meta name=\"generator\" content=\"All in One SEO Pro (AIOSEO) 5.0.1\" \/>\n\t\t<meta property=\"og:locale\" content=\"es_ES\" \/>\n\t\t<meta property=\"og:site_name\" content=\"El Digital de Asturias\" \/>\n\t\t<meta property=\"og:type\" content=\"article\" \/>\n\t\t<meta property=\"og:title\" content=\"Albert Rivera: \u00abQueremos gobernar para reformar Espa\u00f1a\u00bb - El Digital de Asturias\" \/>\n\t\t<meta property=\"og:description\" content=\"Ciudadanos est\u00e1 preparado para gobernar y para transformar Espa\u00f1a&#039;, ha asegurado el presidente de la formaci\u00f3n liberal, Albert Rivera, que se ha mostrado convencido de que &#039;si logramos que la pol\u00edtica espa\u00f1ola se parezca un poco m\u00e1s a nuestra sociedad, Ciudadanos ser\u00e1 imparable&#039;. El l\u00edder del partido naranja ha explicado que &#039;hay que ganar porque,\" \/>\n\t\t<meta property=\"og:url\" content=\"https:\/\/www.eldigitaldeasturias.com\/noticias\/albert-rivera-queremos-gobernar-para-reformar-espana\/\" \/>\n\t\t<meta property=\"article:tag\" content=\"actualidad\" \/>\n\t\t<meta property=\"article:published_time\" content=\"2018-04-22T06:11:12+00:00\" \/>\n\t\t<meta property=\"article:modified_time\" content=\"2018-04-22T06:11:12+00:00\" \/>\n\t\t<meta property=\"article:publisher\" content=\"https:\/\/facebook.com\/eldigitaldeasturias\" \/>\n\t\t<meta name=\"twitter:card\" content=\"summary_large_image\" \/>\n\t\t<meta name=\"twitter:title\" content=\"Albert Rivera: \u00abQueremos gobernar para reformar Espa\u00f1a\u00bb - El Digital de Asturias\" \/>\n\t\t<meta name=\"twitter:description\" content=\"Ciudadanos est\u00e1 preparado para gobernar y para transformar Espa\u00f1a&#039;, ha asegurado el presidente de la formaci\u00f3n liberal, Albert Rivera, que se ha mostrado convencido de que &#039;si logramos que la pol\u00edtica espa\u00f1ola se parezca un poco m\u00e1s a nuestra sociedad, Ciudadanos ser\u00e1 imparable&#039;. El l\u00edder del partido naranja ha explicado que &#039;hay que ganar porque,\" \/>\n\t\t<meta name=\"twitter:image\" content=\"https:\/\/www.eldigitaldeasturias.com\/noticias\/wp-content\/uploads\/2020\/12\/EDA-1.jpg\" \/>\n\t\t<meta name=\"twitter:label1\" content=\"Escrito por\" \/>\n\t\t<meta name=\"twitter:data1\" content=\"El Digital de Asturias\" \/>\n\t\t<meta name=\"twitter:label2\" content=\"Tiempo de lectura estimado\" \/>\n\t\t<meta name=\"twitter:data2\" content=\"3 minutos\" \/>\n\t\t<script type=\"application\/ld+json\" class=\"aioseo-schema\">\n\t\t\t{\"@context\":\"https:\\\/\\\/schema.org\",\"@graph\":[{\"@type\":\"BlogPosting\",\"@id\":\"https:\\\/\\\/www.eldigitaldeasturias.com\\\/noticias\\\/albert-rivera-queremos-gobernar-para-reformar-espana\\\/#blogposting\",\"name\":\"Albert Rivera: \\u00abQueremos gobernar para reformar Espa\\u00f1a\\u00bb - El Digital de Asturias\",\"headline\":\"Albert Rivera: \\u00abQueremos gobernar para reformar Espa\\u00f1a\\u00bb\",\"author\":{\"@id\":\"https:\\\/\\\/www.eldigitaldeasturias.com\\\/noticias\\\/author\\\/admin\\\/#author\"},\"publisher\":{\"@id\":\"https:\\\/\\\/www.eldigitaldeasturias.com\\\/noticias\\\/#organization\"},\"image\":{\"@type\":\"ImageObject\",\"url\":976955},\"datePublished\":\"2018-04-22T06:11:12+02:00\",\"dateModified\":\"2018-04-22T06:11:12+02:00\",\"inLanguage\":\"es-ES\",\"mainEntityOfPage\":{\"@id\":\"https:\\\/\\\/www.eldigitaldeasturias.com\\\/noticias\\\/albert-rivera-queremos-gobernar-para-reformar-espana\\\/#webpage\"},\"isPartOf\":{\"@id\":\"https:\\\/\\\/www.eldigitaldeasturias.com\\\/noticias\\\/albert-rivera-queremos-gobernar-para-reformar-espana\\\/#webpage\"},\"articleSection\":\"Actualidad\"},{\"@type\":\"BreadcrumbList\",\"@id\":\"https:\\\/\\\/www.eldigitaldeasturias.com\\\/noticias\\\/albert-rivera-queremos-gobernar-para-reformar-espana\\\/#breadcrumblist\",\"itemListElement\":[{\"@type\":\"ListItem\",\"@id\":\"https:\\\/\\\/www.eldigitaldeasturias.com\\\/noticias#listItem\",\"position\":1,\"name\":\"Home\",\"item\":\"https:\\\/\\\/www.eldigitaldeasturias.com\\\/noticias\",\"nextItem\":{\"@type\":\"ListItem\",\"@id\":\"https:\\\/\\\/www.eldigitaldeasturias.com\\\/noticias\\\/category\\\/actualidad\\\/#listItem\",\"name\":\"Actualidad\"}},{\"@type\":\"ListItem\",\"@id\":\"https:\\\/\\\/www.eldigitaldeasturias.com\\\/noticias\\\/category\\\/actualidad\\\/#listItem\",\"position\":2,\"name\":\"Actualidad\",\"item\":\"https:\\\/\\\/www.eldigitaldeasturias.com\\\/noticias\\\/category\\\/actualidad\\\/\",\"nextItem\":{\"@type\":\"ListItem\",\"@id\":\"https:\\\/\\\/www.eldigitaldeasturias.com\\\/noticias\\\/albert-rivera-queremos-gobernar-para-reformar-espana\\\/#listItem\",\"name\":\"Albert Rivera: \\u00abQueremos gobernar para reformar Espa\\u00f1a\\u00bb\"},\"previousItem\":{\"@type\":\"ListItem\",\"@id\":\"https:\\\/\\\/www.eldigitaldeasturias.com\\\/noticias#listItem\",\"name\":\"Home\"}},{\"@type\":\"ListItem\",\"@id\":\"https:\\\/\\\/www.eldigitaldeasturias.com\\\/noticias\\\/albert-rivera-queremos-gobernar-para-reformar-espana\\\/#listItem\",\"position\":3,\"name\":\"Albert Rivera: \\u00abQueremos gobernar para reformar Espa\\u00f1a\\u00bb\",\"previousItem\":{\"@type\":\"ListItem\",\"@id\":\"https:\\\/\\\/www.eldigitaldeasturias.com\\\/noticias\\\/category\\\/actualidad\\\/#listItem\",\"name\":\"Actualidad\"}}]},{\"@type\":\"Organization\",\"@id\":\"https:\\\/\\\/www.eldigitaldeasturias.com\\\/noticias\\\/#organization\",\"name\":\"El Digital de Asturias\",\"description\":\"Hemeroteca\",\"url\":\"https:\\\/\\\/www.eldigitaldeasturias.com\\\/noticias\\\/\",\"email\":\"info@eldigitaldeasturias.com\",\"telephone\":\"+34652131393\",\"logo\":{\"@type\":\"ImageObject\",\"url\":\"https:\\\/\\\/www.eldigitaldeasturias.com\\\/noticias\\\/wp-content\\\/uploads\\\/2020\\\/12\\\/EDA.jpg\",\"@id\":\"https:\\\/\\\/www.eldigitaldeasturias.com\\\/noticias\\\/albert-rivera-queremos-gobernar-para-reformar-espana\\\/#organizationLogo\"},\"image\":{\"@id\":\"https:\\\/\\\/www.eldigitaldeasturias.com\\\/noticias\\\/albert-rivera-queremos-gobernar-para-reformar-espana\\\/#organizationLogo\"},\"sameAs\":[\"https:\\\/\\\/facebook.com\\\/eldigitaldeasturias\",\"https:\\\/\\\/www.youtube.com\\\/channel\\\/UCZP-2wLEB9Rv6erhFmqVnvg\"],\"address\":{\"@id\":\"https:\\\/\\\/www.eldigitaldeasturias.com\\\/noticias\\\/#postaladdress\",\"@type\":\"PostalAddress\",\"streetAddress\":\"san antonio 4\",\"postalCode\":\"33430\",\"addressLocality\":\"Cand\\u00e1s\",\"addressRegion\":\"Asturias\",\"addressCountry\":\"ES\"}},{\"@type\":\"Person\",\"@id\":\"https:\\\/\\\/www.eldigitaldeasturias.com\\\/noticias\\\/author\\\/admin\\\/#author\",\"url\":\"https:\\\/\\\/www.eldigitaldeasturias.com\\\/noticias\\\/author\\\/admin\\\/\",\"name\":\"El Digital de Asturias\",\"image\":{\"@type\":\"ImageObject\",\"@id\":\"https:\\\/\\\/www.eldigitaldeasturias.com\\\/noticias\\\/albert-rivera-queremos-gobernar-para-reformar-espana\\\/#authorImage\",\"url\":\"https:\\\/\\\/secure.gravatar.com\\\/avatar\\\/df2aeffc32bcd13f8d26072ef8a91b623d677766deac7f97ca815868cd41bf5e?s=96&d=mm&r=g\",\"width\":96,\"height\":96,\"caption\":\"El Digital de Asturias\"}},{\"@type\":\"WebPage\",\"@id\":\"https:\\\/\\\/www.eldigitaldeasturias.com\\\/noticias\\\/albert-rivera-queremos-gobernar-para-reformar-espana\\\/#webpage\",\"url\":\"https:\\\/\\\/www.eldigitaldeasturias.com\\\/noticias\\\/albert-rivera-queremos-gobernar-para-reformar-espana\\\/\",\"name\":\"Albert Rivera: \\u00abQueremos gobernar para reformar Espa\\u00f1a\\u00bb - El Digital de Asturias\",\"description\":\"Ciudadanos est\\u00e1 preparado para gobernar y para transformar Espa\\u00f1a', ha asegurado el presidente de la formaci\\u00f3n liberal, Albert Rivera, que se ha mostrado convencido de que 'si logramos que la pol\\u00edtica espa\\u00f1ola se parezca un poco m\\u00e1s a nuestra sociedad, Ciudadanos ser\\u00e1 imparable'. El l\\u00edder del partido naranja ha explicado que 'hay que ganar porque,\",\"inLanguage\":\"es-ES\",\"isPartOf\":{\"@id\":\"https:\\\/\\\/www.eldigitaldeasturias.com\\\/noticias\\\/#website\"},\"breadcrumb\":{\"@id\":\"https:\\\/\\\/www.eldigitaldeasturias.com\\\/noticias\\\/albert-rivera-queremos-gobernar-para-reformar-espana\\\/#breadcrumblist\"},\"author\":{\"@id\":\"https:\\\/\\\/www.eldigitaldeasturias.com\\\/noticias\\\/author\\\/admin\\\/#author\"},\"creator\":{\"@id\":\"https:\\\/\\\/www.eldigitaldeasturias.com\\\/noticias\\\/author\\\/admin\\\/#author\"},\"image\":{\"@type\":\"ImageObject\",\"url\":976955,\"@id\":\"https:\\\/\\\/www.eldigitaldeasturias.com\\\/noticias\\\/albert-rivera-queremos-gobernar-para-reformar-espana\\\/#mainImage\"},\"primaryImageOfPage\":{\"@id\":\"https:\\\/\\\/www.eldigitaldeasturias.com\\\/noticias\\\/albert-rivera-queremos-gobernar-para-reformar-espana\\\/#mainImage\"},\"datePublished\":\"2018-04-22T06:11:12+02:00\",\"dateModified\":\"2018-04-22T06:11:12+02:00\"},{\"@type\":\"WebSite\",\"@id\":\"https:\\\/\\\/www.eldigitaldeasturias.com\\\/noticias\\\/#website\",\"url\":\"https:\\\/\\\/www.eldigitaldeasturias.com\\\/noticias\\\/\",\"name\":\"El Digital de Asturias - Diario de actualidad y noticias\",\"alternateName\":\"El Digital de Asturias - Diario de actualidad y noticias\",\"description\":\"Hemeroteca\",\"inLanguage\":\"es-ES\",\"publisher\":{\"@id\":\"https:\\\/\\\/www.eldigitaldeasturias.com\\\/noticias\\\/#organization\"}}]}\n\t\t<\/script>\n\t\t<!-- All in One SEO Pro -->\r\n\t\t<title>Albert Rivera: \u00abQueremos gobernar para reformar Espa\u00f1a\u00bb - El Digital de Asturias<\/title>\n\n","aioseo_head_json":{"title":"Albert Rivera: \u00abQueremos gobernar para reformar Espa\u00f1a\u00bb - El Digital de Asturias","description":"Ciudadanos est\u00e1 preparado para gobernar y para transformar Espa\u00f1a', ha asegurado el presidente de la formaci\u00f3n liberal, Albert Rivera, que se ha mostrado convencido de que 'si logramos que la pol\u00edtica espa\u00f1ola se parezca un poco m\u00e1s a nuestra sociedad, Ciudadanos ser\u00e1 imparable'. El l\u00edder del partido naranja ha explicado que 'hay que ganar porque,","canonical_url":"https:\/\/www.eldigitaldeasturias.com\/noticias\/albert-rivera-queremos-gobernar-para-reformar-espana\/","robots":"max-image-preview:large","keywords":"actualidad","webmasterTools":{"google-site-verification":"UA-38556648-1","msvalidate.01":"7dfe9f3f1b24437ab69f4f2559babe99","miscellaneous":""},"schema":{"@context":"https:\/\/schema.org","@graph":[{"@type":"BlogPosting","@id":"https:\/\/www.eldigitaldeasturias.com\/noticias\/albert-rivera-queremos-gobernar-para-reformar-espana\/#blogposting","name":"Albert Rivera: \u00abQueremos gobernar para reformar Espa\u00f1a\u00bb - El Digital de Asturias","headline":"Albert Rivera: \u00abQueremos gobernar para reformar Espa\u00f1a\u00bb","author":{"@id":"https:\/\/www.eldigitaldeasturias.com\/noticias\/author\/admin\/#author"},"publisher":{"@id":"https:\/\/www.eldigitaldeasturias.com\/noticias\/#organization"},"image":{"@type":"ImageObject","url":976955},"datePublished":"2018-04-22T06:11:12+02:00","dateModified":"2018-04-22T06:11:12+02:00","inLanguage":"es-ES","mainEntityOfPage":{"@id":"https:\/\/www.eldigitaldeasturias.com\/noticias\/albert-rivera-queremos-gobernar-para-reformar-espana\/#webpage"},"isPartOf":{"@id":"https:\/\/www.eldigitaldeasturias.com\/noticias\/albert-rivera-queremos-gobernar-para-reformar-espana\/#webpage"},"articleSection":"Actualidad"},{"@type":"BreadcrumbList","@id":"https:\/\/www.eldigitaldeasturias.com\/noticias\/albert-rivera-queremos-gobernar-para-reformar-espana\/#breadcrumblist","itemListElement":[{"@type":"ListItem","@id":"https:\/\/www.eldigitaldeasturias.com\/noticias#listItem","position":1,"name":"Home","item":"https:\/\/www.eldigitaldeasturias.com\/noticias","nextItem":{"@type":"ListItem","@id":"https:\/\/www.eldigitaldeasturias.com\/noticias\/category\/actualidad\/#listItem","name":"Actualidad"}},{"@type":"ListItem","@id":"https:\/\/www.eldigitaldeasturias.com\/noticias\/category\/actualidad\/#listItem","position":2,"name":"Actualidad","item":"https:\/\/www.eldigitaldeasturias.com\/noticias\/category\/actualidad\/","nextItem":{"@type":"ListItem","@id":"https:\/\/www.eldigitaldeasturias.com\/noticias\/albert-rivera-queremos-gobernar-para-reformar-espana\/#listItem","name":"Albert Rivera: \u00abQueremos gobernar para reformar Espa\u00f1a\u00bb"},"previousItem":{"@type":"ListItem","@id":"https:\/\/www.eldigitaldeasturias.com\/noticias#listItem","name":"Home"}},{"@type":"ListItem","@id":"https:\/\/www.eldigitaldeasturias.com\/noticias\/albert-rivera-queremos-gobernar-para-reformar-espana\/#listItem","position":3,"name":"Albert Rivera: \u00abQueremos gobernar para reformar Espa\u00f1a\u00bb","previousItem":{"@type":"ListItem","@id":"https:\/\/www.eldigitaldeasturias.com\/noticias\/category\/actualidad\/#listItem","name":"Actualidad"}}]},{"@type":"Organization","@id":"https:\/\/www.eldigitaldeasturias.com\/noticias\/#organization","name":"El Digital de Asturias","description":"Hemeroteca","url":"https:\/\/www.eldigitaldeasturias.com\/noticias\/","email":"info@eldigitaldeasturias.com","telephone":"+34652131393","logo":{"@type":"ImageObject","url":"https:\/\/www.eldigitaldeasturias.com\/noticias\/wp-content\/uploads\/2020\/12\/EDA.jpg","@id":"https:\/\/www.eldigitaldeasturias.com\/noticias\/albert-rivera-queremos-gobernar-para-reformar-espana\/#organizationLogo"},"image":{"@id":"https:\/\/www.eldigitaldeasturias.com\/noticias\/albert-rivera-queremos-gobernar-para-reformar-espana\/#organizationLogo"},"sameAs":["https:\/\/facebook.com\/eldigitaldeasturias","https:\/\/www.youtube.com\/channel\/UCZP-2wLEB9Rv6erhFmqVnvg"],"address":{"@id":"https:\/\/www.eldigitaldeasturias.com\/noticias\/#postaladdress","@type":"PostalAddress","streetAddress":"san antonio 4","postalCode":"33430","addressLocality":"Cand\u00e1s","addressRegion":"Asturias","addressCountry":"ES"}},{"@type":"Person","@id":"https:\/\/www.eldigitaldeasturias.com\/noticias\/author\/admin\/#author","url":"https:\/\/www.eldigitaldeasturias.com\/noticias\/author\/admin\/","name":"El Digital de Asturias","image":{"@type":"ImageObject","@id":"https:\/\/www.eldigitaldeasturias.com\/noticias\/albert-rivera-queremos-gobernar-para-reformar-espana\/#authorImage","url":"https:\/\/secure.gravatar.com\/avatar\/df2aeffc32bcd13f8d26072ef8a91b623d677766deac7f97ca815868cd41bf5e?s=96&d=mm&r=g","width":96,"height":96,"caption":"El Digital de Asturias"}},{"@type":"WebPage","@id":"https:\/\/www.eldigitaldeasturias.com\/noticias\/albert-rivera-queremos-gobernar-para-reformar-espana\/#webpage","url":"https:\/\/www.eldigitaldeasturias.com\/noticias\/albert-rivera-queremos-gobernar-para-reformar-espana\/","name":"Albert Rivera: \u00abQueremos gobernar para reformar Espa\u00f1a\u00bb - El Digital de Asturias","description":"Ciudadanos est\u00e1 preparado para gobernar y para transformar Espa\u00f1a', ha asegurado el presidente de la formaci\u00f3n liberal, Albert Rivera, que se ha mostrado convencido de que 'si logramos que la pol\u00edtica espa\u00f1ola se parezca un poco m\u00e1s a nuestra sociedad, Ciudadanos ser\u00e1 imparable'. El l\u00edder del partido naranja ha explicado que 'hay que ganar porque,","inLanguage":"es-ES","isPartOf":{"@id":"https:\/\/www.eldigitaldeasturias.com\/noticias\/#website"},"breadcrumb":{"@id":"https:\/\/www.eldigitaldeasturias.com\/noticias\/albert-rivera-queremos-gobernar-para-reformar-espana\/#breadcrumblist"},"author":{"@id":"https:\/\/www.eldigitaldeasturias.com\/noticias\/author\/admin\/#author"},"creator":{"@id":"https:\/\/www.eldigitaldeasturias.com\/noticias\/author\/admin\/#author"},"image":{"@type":"ImageObject","url":976955,"@id":"https:\/\/www.eldigitaldeasturias.com\/noticias\/albert-rivera-queremos-gobernar-para-reformar-espana\/#mainImage"},"primaryImageOfPage":{"@id":"https:\/\/www.eldigitaldeasturias.com\/noticias\/albert-rivera-queremos-gobernar-para-reformar-espana\/#mainImage"},"datePublished":"2018-04-22T06:11:12+02:00","dateModified":"2018-04-22T06:11:12+02:00"},{"@type":"WebSite","@id":"https:\/\/www.eldigitaldeasturias.com\/noticias\/#website","url":"https:\/\/www.eldigitaldeasturias.com\/noticias\/","name":"El Digital de Asturias - Diario de actualidad y noticias","alternateName":"El Digital de Asturias - Diario de actualidad y noticias","description":"Hemeroteca","inLanguage":"es-ES","publisher":{"@id":"https:\/\/www.eldigitaldeasturias.com\/noticias\/#organization"}}]},"og:locale":"es_ES","og:site_name":"El Digital de Asturias","og:type":"article","og:title":"Albert Rivera: \u00abQueremos gobernar para reformar Espa\u00f1a\u00bb - El Digital de Asturias","og:description":"Ciudadanos est\u00e1 preparado para gobernar y para transformar Espa\u00f1a', ha asegurado el presidente de la formaci\u00f3n liberal, Albert Rivera, que se ha mostrado convencido de que 'si logramos que la pol\u00edtica espa\u00f1ola se parezca un poco m\u00e1s a nuestra sociedad, Ciudadanos ser\u00e1 imparable'. El l\u00edder del partido naranja ha explicado que 'hay que ganar porque,","og:url":"https:\/\/www.eldigitaldeasturias.com\/noticias\/albert-rivera-queremos-gobernar-para-reformar-espana\/","article:tag":["actualidad"],"article:published_time":"2018-04-22T06:11:12+00:00","article:modified_time":"2018-04-22T06:11:12+00:00","article:publisher":"https:\/\/facebook.com\/eldigitaldeasturias","twitter:card":"summary_large_image","twitter:title":"Albert Rivera: \u00abQueremos gobernar para reformar Espa\u00f1a\u00bb - El Digital de Asturias","twitter:description":"Ciudadanos est\u00e1 preparado para gobernar y para transformar Espa\u00f1a', ha asegurado el presidente de la formaci\u00f3n liberal, Albert Rivera, que se ha mostrado convencido de que 'si logramos que la pol\u00edtica espa\u00f1ola se parezca un poco m\u00e1s a nuestra sociedad, Ciudadanos ser\u00e1 imparable'. El l\u00edder del partido naranja ha explicado que 'hay que ganar porque,","twitter:image":"https:\/\/www.eldigitaldeasturias.com\/noticias\/wp-content\/uploads\/2020\/12\/EDA-1.jpg","twitter:label1":"Escrito por","twitter:data1":"El Digital de Asturias","twitter:label2":"Tiempo de lectura estimado","twitter:data2":"3 minutos"},"aioseo_meta_data":{"post_id":"976954","title":null,"description":null,"keywords":null,"keyphrases":null,"primary_term":null,"canonical_url":null,"og_title":null,"og_description":null,"og_object_type":"default","og_image_type":"default","og_image_url":null,"og_image_width":null,"og_image_height":null,"og_image_custom_url":null,"og_image_custom_fields":null,"og_video":null,"og_custom_url":null,"og_article_section":null,"og_article_tags":null,"twitter_use_og":false,"twitter_card":"default","twitter_image_type":"default","twitter_image_url":null,"twitter_image_custom_url":null,"twitter_image_custom_fields":null,"twitter_title":null,"twitter_description":null,"schema":{"blockGraphs":[],"customGraphs":[],"default":{"data":{"Article":[],"Course":[],"Dataset":[],"FAQPage":[],"Movie":[],"Person":[],"Product":[],"ProductReview":[],"Car":[],"Recipe":[],"Service":[],"SoftwareApplication":[],"WebPage":[]},"graphName":"","isEnabled":true},"graphs":[],"defaultGraph":"","defaultPostTypeGraph":""},"schema_type":null,"schema_type_options":null,"pillar_content":false,"robots_default":true,"robots_noindex":false,"robots_noarchive":false,"robots_nosnippet":false,"robots_nofollow":false,"robots_noimageindex":false,"robots_noodp":false,"robots_notranslate":false,"robots_max_snippet":null,"robots_max_videopreview":null,"robots_max_imagepreview":"large","priority":null,"frequency":null,"local_seo":null,"seo_analyzer_scan_date":"2025-10-08 05:41:29","breadcrumb_settings":null,"limit_modified_date":false,"open_ai":null,"ai":null,"created":"2020-12-21 12:06:39","updated":"2025-10-08 05:41:29","focus_keyword":null,"additional_keywords":null,"truseo_locale":null},"aioseo_breadcrumb":"<div class=\"aioseo-breadcrumbs\"><span class=\"aioseo-breadcrumb\">\n\t<a href=\"https:\/\/www.eldigitaldeasturias.com\/noticias\" title=\"Home\">Home<\/a>\n<\/span><span class=\"aioseo-breadcrumb-separator\">\u2013<\/span><span class=\"aioseo-breadcrumb\">\n\t<a href=\"https:\/\/www.eldigitaldeasturias.com\/noticias\/category\/actualidad\/\" title=\"Actualidad\">Actualidad<\/a>\n<\/span><span class=\"aioseo-breadcrumb-separator\">\u2013<\/span><span class=\"aioseo-breadcrumb\">\n\t<a href=\"https:\/\/www.eldigitaldeasturias.com\/noticias\/albert-rivera-queremos-gobernar-para-reformar-espana\/\" title=\"Albert Rivera: \u00abQueremos gobernar para reformar Espa\u00f1a\u00bb\">Albert Rivera: \u00abQueremos gobernar para reformar Espa\u00f1a\u00bb<\/a>\n<\/span><\/div>","aioseo_breadcrumb_json":[{"label":"Home","link":"https:\/\/www.eldigitaldeasturias.com\/noticias"},{"label":"Actualidad","link":"https:\/\/www.eldigitaldeasturias.com\/noticias\/category\/actualidad\/"},{"label":"Albert Rivera: \u00abQueremos gobernar para reformar Espa\u00f1a\u00bb","link":"https:\/\/www.eldigitaldeasturias.com\/noticias\/albert-rivera-queremos-gobernar-para-reformar-espana\/"}],"_links":{"self":[{"href":"https:\/\/www.eldigitaldeasturias.com\/noticias\/wp-json\/wp\/v2\/posts\/976954","targetHints":{"allow":["GET"]}}],"collection":[{"href":"https:\/\/www.eldigitaldeasturias.com\/noticias\/wp-json\/wp\/v2\/posts"}],"about":[{"href":"https:\/\/www.eldigitaldeasturias.com\/noticias\/wp-json\/wp\/v2\/types\/post"}],"author":[{"embeddable":true,"href":"https:\/\/www.eldigitaldeasturias.com\/noticias\/wp-json\/wp\/v2\/users\/1"}],"replies":[{"embeddable":true,"href":"https:\/\/www.eldigitaldeasturias.com\/noticias\/wp-json\/wp\/v2\/comments?post=976954"}],"version-history":[{"count":0,"href":"https:\/\/www.eldigitaldeasturias.com\/noticias\/wp-json\/wp\/v2\/posts\/976954\/revisions"}],"wp:attachment":[{"href":"https:\/\/www.eldigitaldeasturias.com\/noticias\/wp-json\/wp\/v2\/media?parent=976954"}],"wp:term":[{"taxonomy":"category","embeddable":true,"href":"https:\/\/www.eldigitaldeasturias.com\/noticias\/wp-json\/wp\/v2\/categories?post=976954"},{"taxonomy":"post_tag","embeddable":true,"href":"https:\/\/www.eldigitaldeasturias.com\/noticias\/wp-json\/wp\/v2\/tags?post=976954"}],"curies":[{"name":"wp","href":"https:\/\/api.w.org\/{rel}","templated":true}]}}