{"id":976951,"date":"2018-04-22T06:07:13","date_gmt":"2018-04-22T06:07:13","guid":{"rendered":"http:\/\/www.eldigitaldeasturias.com\/noticias\/?p=976951"},"modified":"2018-04-22T06:07:13","modified_gmt":"2018-04-22T06:07:13","slug":"biel-company-critica-la-turismofobia-del-govern-balear","status":"publish","type":"post","link":"https:\/\/www.eldigitaldeasturias.com\/noticias\/biel-company-critica-la-turismofobia-del-govern-balear\/","title":{"rendered":"Biel Company critica la \u201cturismofobia\u201d del Govern balear"},"content":{"rendered":"<p><img loading=\"lazy\" decoding=\"async\" class=\"alignleft size-medium wp-image-976952\" src=\"https:\/\/www.eldigitaldeasturias.com\/noticias\/wp-content\/uploads\/2018\/04\/mjm4116-360x163.jpg\" alt=\"\" width=\"360\" height=\"163\" \/>El presidente auton\u00f3mico del Partido Popular de las Illes Balears, Biel Company, se ha comprometido a reactivar medidas que recog\u00eda la Ley de Turismo aprobada la pasada legislatura por el Govern del PP para seguir fomentando la modernizaci\u00f3n y la reconversi\u00f3n de los establecimientos de alojamientos tur\u00edsticos. Adem\u00e1s, ha criticado la \u201cturismofobia\u201d del Govern de izquierdas balear que preside la socialista Armengol, a quien ha acusado de \u201cquerer el dinero del turismo, pero sin los turistas\u201d. Por eso ha llegado a decir que \u201clo que sobra es un Gobierno incapaz de gestionar el \u00e9xito y si hay saturaci\u00f3n, es de pol\u00edticos instalados en la negaci\u00f3n de todo lo que pueda generar riqueza y desarrollo econ\u00f3mico\u201d.<\/p>\n<p><iframe loading=\"lazy\" src=\"https:\/\/www.youtube.com\/embed\/PxejfFI4lKU\" width=\"650\" height=\"480\" frameborder=\"0\" allowfullscreen=\"allowfullscreen\"><span data-mce-type=\"bookmark\" style=\"display: inline-block; width: 0px; overflow: hidden; line-height: 0;\" class=\"mce_SELRES_start\">\ufeff<\/span><\/iframe><\/p>\n<p>Durante su intervenci\u00f3n en la clausura de la Convenci\u00f3n de Turismo del PP celebrada en Palma de Mallorca, Company ha sido muy cr\u00edtico con la que ha calificado como \u201cpol\u00edtica del \u2018No es No\u2019\u201d practicada por el Govern de la comunidad balear. Una forma de hacer pol\u00edtica basada \u201cen la prohibici\u00f3n, la derogaci\u00f3n y la imposici\u00f3n\u201d que amenaza, precisamente, el principal sector productivo de la econom\u00eda del archipi\u00e9lago, que supone el 80% del PIB de las islas.<\/p>\n<p>\u201cDesgraciadamente, aqu\u00ed en Baleares tenemos un ejemplo de esa pol\u00edtica turismof\u00f3bica, con la se\u00f1ora Armengol al frente de un Gobierno de izquierdas radical y sectario, que ni cree, ni sabe ni entiende de turismo\u201d, ha lamentado el presidente popular en las islas. Por eso, ha dicho que frente a una izquierda \u201ctrasnochada y antiturismo\u201d que no quiere turistas, el PP dice \u201cs\u00ed al turismo\u201d.<\/p>\n<p>Company ha defendido las medidas adoptadas por el Govern del PP la pasada legislatura y que el actual pacto de izquierdas ha derogado \u201cpor sectarismo pol\u00edtico\u201d. As\u00ed, ha recordado que dichas medidas permitieron la inversi\u00f3n de m\u00e1s de 1.500 millones de euros entre 2012 y 2017 en el sector hotelero; m\u00e1s de 200 establecimientos incrementaron su categor\u00eda; y se generaron m\u00e1s de 7.500 puestos de trabajo solo en el sector del alojamiento.<\/p>\n<p>El presidente de los populares baleares ha defendido la \u201cpol\u00edtica en positivo\u201d del PP para buscar acuerdos y solucionar los problemas de la gente \u201cen lugar de crearlos\u201d. As\u00ed, se ha referido a la negativa del Govern de Armengol de rebajar los impuestos a las rentas medias y bajas \u201ccuando ahora tienen 1.350 millones de euros m\u00e1s de ingresos que el 2012\u201d o a la imposici\u00f3n del catal\u00e1n en muchos \u00e1mbitos, como en el sanitario. \u201cA este paso, acabar\u00e1n por pedirle conocimientos de catal\u00e1n a los turistas para que puedan venir\u201d, ha ironizado.<\/p>\n<p><strong>UNOS PRESUPUESTOS POSITIVOS PARA BALEARES<\/strong><\/p>\n<p>Company tambi\u00e9n ha criticado la postura de Armengol y del PSOE respecto a los Presupuestos Generales del Estado de 2018, que ha calificado de \u201cpositivos\u201d para los ciudadanos y ciudadanas de las Illes Balears. As\u00ed, se ha referido al incremento de las pensiones y de los salarios de los funcionarios, pero tambi\u00e9n a medidas espec\u00edficas para las Illes Balears, como el 75% del descuento de residente en los viajes a la pen\u00ednsula o el R\u00e9gimen Econ\u00f3mico Fiscal para las islas.<\/p>\n<p>El l\u00edder popular en Baleares se ha mostrado optimista sobre la aprobaci\u00f3n de las cuentas nacionales, aunque ha advertido que \u201csi esas medidas y otras no llegaran a aplicarse, los principales culpables ser\u00edan la se\u00f1ora Armengol y el se\u00f1or S\u00e1nchez, con su pol\u00edtica del \u00b4No es No\u2019\u201d.<\/p>\n<p><strong>DEFENSA DE LOS INTERESES DE BALEARES<\/strong><\/p>\n<p>Por \u00faltimo, Company ha manifestado su compromiso y el del PP balear con el proyecto com\u00fan de Espa\u00f1a, aunque ha admitido que defender\u00e1 siempre los intereses de los ciudadanos de las islas \u201cante quien haga falta, reclamando lo que consideramos necesario para nuestras gentes, pero sin caer en el victimismo patol\u00f3gico de algunos\u201d.<\/p>\n<p><strong>EL PP, UN PARTIDO DE GOBIERNO EN BALEARES<\/strong><\/p>\n<p>El presidente balear ha concluido su intervenci\u00f3n defendiendo las fortalezas del PP, entre las que enumerado su experiencia de gesti\u00f3n, su estructura y la gran cantidad de afiliados y simpatizantes que tiene. Por eso, ha manifestado que el reto es recuperar las instituciones insulares el 2019 \u201cpara volver a poner en pr\u00e1ctica pol\u00edticas positivas y beneficiosas para los habitantes de estas islas\u201d.<\/p>\n","protected":false},"excerpt":{"rendered":"<p>El presidente auton\u00f3mico del Partido Popular de las Illes Balears, Biel Company, se ha comprometido a reactivar medidas que recog\u00eda la Ley de Turismo aprobada la pasada legislatura por el Govern del PP para seguir fomentando la modernizaci\u00f3n y la reconversi\u00f3n de los establecimientos de alojamientos tur\u00edsticos. Adem\u00e1s, ha criticado la \u201cturismofobia\u201d del Govern de [&hellip;]<\/p>\n","protected":false},"author":1,"featured_media":976952,"comment_status":"closed","ping_status":"closed","sticky":false,"template":"","format":"standard","meta":{"footnotes":""},"categories":[1],"tags":[],"class_list":["post-976951","post","type-post","status-publish","format-standard","has-post-thumbnail","hentry","category-actualidad"],"aioseo_notices":[],"aioseo_head":"\n\t\t<!-- All in One SEO Pro 5.0.1 - aioseo.com -->\n\t<meta name=\"description\" content=\"El presidente auton\u00f3mico del Partido Popular de las Illes Balears, Biel Company, se ha comprometido a reactivar medidas que recog\u00eda la Ley de Turismo aprobada la pasada legislatura por el Govern del PP para seguir fomentando la modernizaci\u00f3n y la reconversi\u00f3n de los establecimientos de alojamientos tur\u00edsticos. Adem\u00e1s, ha criticado la \u201cturismofobia\u201d del Govern de\" \/>\n\t<meta name=\"robots\" content=\"max-image-preview:large\" \/>\n\t<meta name=\"author\" content=\"El Digital de Asturias\"\/>\n\t<meta name=\"google-site-verification\" content=\"UA-38556648-1\" \/>\n\t<meta name=\"msvalidate.01\" content=\"7dfe9f3f1b24437ab69f4f2559babe99\" \/>\n\t<meta name=\"keywords\" content=\"actualidad\" \/>\n\t<link rel=\"canonical\" href=\"https:\/\/www.eldigitaldeasturias.com\/noticias\/biel-company-critica-la-turismofobia-del-govern-balear\/\" \/>\n\t<meta name=\"generator\" content=\"All in One SEO Pro (AIOSEO) 5.0.1\" \/>\n\t\t<meta property=\"og:locale\" content=\"es_ES\" \/>\n\t\t<meta property=\"og:site_name\" content=\"El Digital de Asturias\" \/>\n\t\t<meta property=\"og:type\" content=\"article\" \/>\n\t\t<meta property=\"og:title\" content=\"Biel Company critica la \u201cturismofobia\u201d del Govern balear - El Digital de Asturias\" \/>\n\t\t<meta property=\"og:description\" content=\"El presidente auton\u00f3mico del Partido Popular de las Illes Balears, Biel Company, se ha comprometido a reactivar medidas que recog\u00eda la Ley de Turismo aprobada la pasada legislatura por el Govern del PP para seguir fomentando la modernizaci\u00f3n y la reconversi\u00f3n de los establecimientos de alojamientos tur\u00edsticos. Adem\u00e1s, ha criticado la \u201cturismofobia\u201d del Govern de\" \/>\n\t\t<meta property=\"og:url\" content=\"https:\/\/www.eldigitaldeasturias.com\/noticias\/biel-company-critica-la-turismofobia-del-govern-balear\/\" \/>\n\t\t<meta property=\"article:tag\" content=\"actualidad\" \/>\n\t\t<meta property=\"article:published_time\" content=\"2018-04-22T06:07:13+00:00\" \/>\n\t\t<meta property=\"article:modified_time\" content=\"2018-04-22T06:07:13+00:00\" \/>\n\t\t<meta property=\"article:publisher\" content=\"https:\/\/facebook.com\/eldigitaldeasturias\" \/>\n\t\t<meta name=\"twitter:card\" content=\"summary_large_image\" \/>\n\t\t<meta name=\"twitter:title\" content=\"Biel Company critica la \u201cturismofobia\u201d del Govern balear - El Digital de Asturias\" \/>\n\t\t<meta name=\"twitter:description\" content=\"El presidente auton\u00f3mico del Partido Popular de las Illes Balears, Biel Company, se ha comprometido a reactivar medidas que recog\u00eda la Ley de Turismo aprobada la pasada legislatura por el Govern del PP para seguir fomentando la modernizaci\u00f3n y la reconversi\u00f3n de los establecimientos de alojamientos tur\u00edsticos. Adem\u00e1s, ha criticado la \u201cturismofobia\u201d del Govern de\" \/>\n\t\t<meta name=\"twitter:image\" content=\"https:\/\/www.eldigitaldeasturias.com\/noticias\/wp-content\/uploads\/2020\/12\/EDA-1.jpg\" \/>\n\t\t<meta name=\"twitter:label1\" content=\"Escrito por\" \/>\n\t\t<meta name=\"twitter:data1\" content=\"El Digital de Asturias\" \/>\n\t\t<meta name=\"twitter:label2\" content=\"Tiempo de lectura estimado\" \/>\n\t\t<meta name=\"twitter:data2\" content=\"4 minutos\" \/>\n\t\t<script type=\"application\/ld+json\" class=\"aioseo-schema\">\n\t\t\t{\"@context\":\"https:\\\/\\\/schema.org\",\"@graph\":[{\"@type\":\"BlogPosting\",\"@id\":\"https:\\\/\\\/www.eldigitaldeasturias.com\\\/noticias\\\/biel-company-critica-la-turismofobia-del-govern-balear\\\/#blogposting\",\"name\":\"Biel Company critica la \\u201cturismofobia\\u201d del Govern balear - El Digital de Asturias\",\"headline\":\"Biel Company critica la \\u201cturismofobia\\u201d del Govern balear\",\"author\":{\"@id\":\"https:\\\/\\\/www.eldigitaldeasturias.com\\\/noticias\\\/author\\\/admin\\\/#author\"},\"publisher\":{\"@id\":\"https:\\\/\\\/www.eldigitaldeasturias.com\\\/noticias\\\/#organization\"},\"image\":{\"@type\":\"ImageObject\",\"url\":976952},\"datePublished\":\"2018-04-22T06:07:13+02:00\",\"dateModified\":\"2018-04-22T06:07:13+02:00\",\"inLanguage\":\"es-ES\",\"mainEntityOfPage\":{\"@id\":\"https:\\\/\\\/www.eldigitaldeasturias.com\\\/noticias\\\/biel-company-critica-la-turismofobia-del-govern-balear\\\/#webpage\"},\"isPartOf\":{\"@id\":\"https:\\\/\\\/www.eldigitaldeasturias.com\\\/noticias\\\/biel-company-critica-la-turismofobia-del-govern-balear\\\/#webpage\"},\"articleSection\":\"Actualidad\"},{\"@type\":\"BreadcrumbList\",\"@id\":\"https:\\\/\\\/www.eldigitaldeasturias.com\\\/noticias\\\/biel-company-critica-la-turismofobia-del-govern-balear\\\/#breadcrumblist\",\"itemListElement\":[{\"@type\":\"ListItem\",\"@id\":\"https:\\\/\\\/www.eldigitaldeasturias.com\\\/noticias#listItem\",\"position\":1,\"name\":\"Home\",\"item\":\"https:\\\/\\\/www.eldigitaldeasturias.com\\\/noticias\",\"nextItem\":{\"@type\":\"ListItem\",\"@id\":\"https:\\\/\\\/www.eldigitaldeasturias.com\\\/noticias\\\/category\\\/actualidad\\\/#listItem\",\"name\":\"Actualidad\"}},{\"@type\":\"ListItem\",\"@id\":\"https:\\\/\\\/www.eldigitaldeasturias.com\\\/noticias\\\/category\\\/actualidad\\\/#listItem\",\"position\":2,\"name\":\"Actualidad\",\"item\":\"https:\\\/\\\/www.eldigitaldeasturias.com\\\/noticias\\\/category\\\/actualidad\\\/\",\"nextItem\":{\"@type\":\"ListItem\",\"@id\":\"https:\\\/\\\/www.eldigitaldeasturias.com\\\/noticias\\\/biel-company-critica-la-turismofobia-del-govern-balear\\\/#listItem\",\"name\":\"Biel Company critica la \\u201cturismofobia\\u201d del Govern balear\"},\"previousItem\":{\"@type\":\"ListItem\",\"@id\":\"https:\\\/\\\/www.eldigitaldeasturias.com\\\/noticias#listItem\",\"name\":\"Home\"}},{\"@type\":\"ListItem\",\"@id\":\"https:\\\/\\\/www.eldigitaldeasturias.com\\\/noticias\\\/biel-company-critica-la-turismofobia-del-govern-balear\\\/#listItem\",\"position\":3,\"name\":\"Biel Company critica la \\u201cturismofobia\\u201d del Govern balear\",\"previousItem\":{\"@type\":\"ListItem\",\"@id\":\"https:\\\/\\\/www.eldigitaldeasturias.com\\\/noticias\\\/category\\\/actualidad\\\/#listItem\",\"name\":\"Actualidad\"}}]},{\"@type\":\"Organization\",\"@id\":\"https:\\\/\\\/www.eldigitaldeasturias.com\\\/noticias\\\/#organization\",\"name\":\"El Digital de Asturias\",\"description\":\"Hemeroteca\",\"url\":\"https:\\\/\\\/www.eldigitaldeasturias.com\\\/noticias\\\/\",\"email\":\"info@eldigitaldeasturias.com\",\"telephone\":\"+34652131393\",\"logo\":{\"@type\":\"ImageObject\",\"url\":\"https:\\\/\\\/www.eldigitaldeasturias.com\\\/noticias\\\/wp-content\\\/uploads\\\/2020\\\/12\\\/EDA.jpg\",\"@id\":\"https:\\\/\\\/www.eldigitaldeasturias.com\\\/noticias\\\/biel-company-critica-la-turismofobia-del-govern-balear\\\/#organizationLogo\"},\"image\":{\"@id\":\"https:\\\/\\\/www.eldigitaldeasturias.com\\\/noticias\\\/biel-company-critica-la-turismofobia-del-govern-balear\\\/#organizationLogo\"},\"sameAs\":[\"https:\\\/\\\/facebook.com\\\/eldigitaldeasturias\",\"https:\\\/\\\/www.youtube.com\\\/channel\\\/UCZP-2wLEB9Rv6erhFmqVnvg\"],\"address\":{\"@id\":\"https:\\\/\\\/www.eldigitaldeasturias.com\\\/noticias\\\/#postaladdress\",\"@type\":\"PostalAddress\",\"streetAddress\":\"san antonio 4\",\"postalCode\":\"33430\",\"addressLocality\":\"Cand\\u00e1s\",\"addressRegion\":\"Asturias\",\"addressCountry\":\"ES\"}},{\"@type\":\"Person\",\"@id\":\"https:\\\/\\\/www.eldigitaldeasturias.com\\\/noticias\\\/author\\\/admin\\\/#author\",\"url\":\"https:\\\/\\\/www.eldigitaldeasturias.com\\\/noticias\\\/author\\\/admin\\\/\",\"name\":\"El Digital de Asturias\",\"image\":{\"@type\":\"ImageObject\",\"@id\":\"https:\\\/\\\/www.eldigitaldeasturias.com\\\/noticias\\\/biel-company-critica-la-turismofobia-del-govern-balear\\\/#authorImage\",\"url\":\"https:\\\/\\\/secure.gravatar.com\\\/avatar\\\/df2aeffc32bcd13f8d26072ef8a91b623d677766deac7f97ca815868cd41bf5e?s=96&d=mm&r=g\",\"width\":96,\"height\":96,\"caption\":\"El Digital de Asturias\"}},{\"@type\":\"WebPage\",\"@id\":\"https:\\\/\\\/www.eldigitaldeasturias.com\\\/noticias\\\/biel-company-critica-la-turismofobia-del-govern-balear\\\/#webpage\",\"url\":\"https:\\\/\\\/www.eldigitaldeasturias.com\\\/noticias\\\/biel-company-critica-la-turismofobia-del-govern-balear\\\/\",\"name\":\"Biel Company critica la \\u201cturismofobia\\u201d del Govern balear - El Digital de Asturias\",\"description\":\"El presidente auton\\u00f3mico del Partido Popular de las Illes Balears, Biel Company, se ha comprometido a reactivar medidas que recog\\u00eda la Ley de Turismo aprobada la pasada legislatura por el Govern del PP para seguir fomentando la modernizaci\\u00f3n y la reconversi\\u00f3n de los establecimientos de alojamientos tur\\u00edsticos. Adem\\u00e1s, ha criticado la \\u201cturismofobia\\u201d del Govern de\",\"inLanguage\":\"es-ES\",\"isPartOf\":{\"@id\":\"https:\\\/\\\/www.eldigitaldeasturias.com\\\/noticias\\\/#website\"},\"breadcrumb\":{\"@id\":\"https:\\\/\\\/www.eldigitaldeasturias.com\\\/noticias\\\/biel-company-critica-la-turismofobia-del-govern-balear\\\/#breadcrumblist\"},\"author\":{\"@id\":\"https:\\\/\\\/www.eldigitaldeasturias.com\\\/noticias\\\/author\\\/admin\\\/#author\"},\"creator\":{\"@id\":\"https:\\\/\\\/www.eldigitaldeasturias.com\\\/noticias\\\/author\\\/admin\\\/#author\"},\"image\":{\"@type\":\"ImageObject\",\"url\":976952,\"@id\":\"https:\\\/\\\/www.eldigitaldeasturias.com\\\/noticias\\\/biel-company-critica-la-turismofobia-del-govern-balear\\\/#mainImage\"},\"primaryImageOfPage\":{\"@id\":\"https:\\\/\\\/www.eldigitaldeasturias.com\\\/noticias\\\/biel-company-critica-la-turismofobia-del-govern-balear\\\/#mainImage\"},\"datePublished\":\"2018-04-22T06:07:13+02:00\",\"dateModified\":\"2018-04-22T06:07:13+02:00\"},{\"@type\":\"WebSite\",\"@id\":\"https:\\\/\\\/www.eldigitaldeasturias.com\\\/noticias\\\/#website\",\"url\":\"https:\\\/\\\/www.eldigitaldeasturias.com\\\/noticias\\\/\",\"name\":\"El Digital de Asturias - Diario de actualidad y noticias\",\"alternateName\":\"El Digital de Asturias - Diario de actualidad y noticias\",\"description\":\"Hemeroteca\",\"inLanguage\":\"es-ES\",\"publisher\":{\"@id\":\"https:\\\/\\\/www.eldigitaldeasturias.com\\\/noticias\\\/#organization\"}}]}\n\t\t<\/script>\n\t\t<!-- All in One SEO Pro -->\r\n\t\t<title>Biel Company critica la \u201cturismofobia\u201d del Govern balear - El Digital de Asturias<\/title>\n\n","aioseo_head_json":{"title":"Biel Company critica la \u201cturismofobia\u201d del Govern balear - El Digital de Asturias","description":"El presidente auton\u00f3mico del Partido Popular de las Illes Balears, Biel Company, se ha comprometido a reactivar medidas que recog\u00eda la Ley de Turismo aprobada la pasada legislatura por el Govern del PP para seguir fomentando la modernizaci\u00f3n y la reconversi\u00f3n de los establecimientos de alojamientos tur\u00edsticos. Adem\u00e1s, ha criticado la \u201cturismofobia\u201d del Govern de","canonical_url":"https:\/\/www.eldigitaldeasturias.com\/noticias\/biel-company-critica-la-turismofobia-del-govern-balear\/","robots":"max-image-preview:large","keywords":"actualidad","webmasterTools":{"google-site-verification":"UA-38556648-1","msvalidate.01":"7dfe9f3f1b24437ab69f4f2559babe99","miscellaneous":""},"schema":{"@context":"https:\/\/schema.org","@graph":[{"@type":"BlogPosting","@id":"https:\/\/www.eldigitaldeasturias.com\/noticias\/biel-company-critica-la-turismofobia-del-govern-balear\/#blogposting","name":"Biel Company critica la \u201cturismofobia\u201d del Govern balear - El Digital de Asturias","headline":"Biel Company critica la \u201cturismofobia\u201d del Govern balear","author":{"@id":"https:\/\/www.eldigitaldeasturias.com\/noticias\/author\/admin\/#author"},"publisher":{"@id":"https:\/\/www.eldigitaldeasturias.com\/noticias\/#organization"},"image":{"@type":"ImageObject","url":976952},"datePublished":"2018-04-22T06:07:13+02:00","dateModified":"2018-04-22T06:07:13+02:00","inLanguage":"es-ES","mainEntityOfPage":{"@id":"https:\/\/www.eldigitaldeasturias.com\/noticias\/biel-company-critica-la-turismofobia-del-govern-balear\/#webpage"},"isPartOf":{"@id":"https:\/\/www.eldigitaldeasturias.com\/noticias\/biel-company-critica-la-turismofobia-del-govern-balear\/#webpage"},"articleSection":"Actualidad"},{"@type":"BreadcrumbList","@id":"https:\/\/www.eldigitaldeasturias.com\/noticias\/biel-company-critica-la-turismofobia-del-govern-balear\/#breadcrumblist","itemListElement":[{"@type":"ListItem","@id":"https:\/\/www.eldigitaldeasturias.com\/noticias#listItem","position":1,"name":"Home","item":"https:\/\/www.eldigitaldeasturias.com\/noticias","nextItem":{"@type":"ListItem","@id":"https:\/\/www.eldigitaldeasturias.com\/noticias\/category\/actualidad\/#listItem","name":"Actualidad"}},{"@type":"ListItem","@id":"https:\/\/www.eldigitaldeasturias.com\/noticias\/category\/actualidad\/#listItem","position":2,"name":"Actualidad","item":"https:\/\/www.eldigitaldeasturias.com\/noticias\/category\/actualidad\/","nextItem":{"@type":"ListItem","@id":"https:\/\/www.eldigitaldeasturias.com\/noticias\/biel-company-critica-la-turismofobia-del-govern-balear\/#listItem","name":"Biel Company critica la \u201cturismofobia\u201d del Govern balear"},"previousItem":{"@type":"ListItem","@id":"https:\/\/www.eldigitaldeasturias.com\/noticias#listItem","name":"Home"}},{"@type":"ListItem","@id":"https:\/\/www.eldigitaldeasturias.com\/noticias\/biel-company-critica-la-turismofobia-del-govern-balear\/#listItem","position":3,"name":"Biel Company critica la \u201cturismofobia\u201d del Govern balear","previousItem":{"@type":"ListItem","@id":"https:\/\/www.eldigitaldeasturias.com\/noticias\/category\/actualidad\/#listItem","name":"Actualidad"}}]},{"@type":"Organization","@id":"https:\/\/www.eldigitaldeasturias.com\/noticias\/#organization","name":"El Digital de Asturias","description":"Hemeroteca","url":"https:\/\/www.eldigitaldeasturias.com\/noticias\/","email":"info@eldigitaldeasturias.com","telephone":"+34652131393","logo":{"@type":"ImageObject","url":"https:\/\/www.eldigitaldeasturias.com\/noticias\/wp-content\/uploads\/2020\/12\/EDA.jpg","@id":"https:\/\/www.eldigitaldeasturias.com\/noticias\/biel-company-critica-la-turismofobia-del-govern-balear\/#organizationLogo"},"image":{"@id":"https:\/\/www.eldigitaldeasturias.com\/noticias\/biel-company-critica-la-turismofobia-del-govern-balear\/#organizationLogo"},"sameAs":["https:\/\/facebook.com\/eldigitaldeasturias","https:\/\/www.youtube.com\/channel\/UCZP-2wLEB9Rv6erhFmqVnvg"],"address":{"@id":"https:\/\/www.eldigitaldeasturias.com\/noticias\/#postaladdress","@type":"PostalAddress","streetAddress":"san antonio 4","postalCode":"33430","addressLocality":"Cand\u00e1s","addressRegion":"Asturias","addressCountry":"ES"}},{"@type":"Person","@id":"https:\/\/www.eldigitaldeasturias.com\/noticias\/author\/admin\/#author","url":"https:\/\/www.eldigitaldeasturias.com\/noticias\/author\/admin\/","name":"El Digital de Asturias","image":{"@type":"ImageObject","@id":"https:\/\/www.eldigitaldeasturias.com\/noticias\/biel-company-critica-la-turismofobia-del-govern-balear\/#authorImage","url":"https:\/\/secure.gravatar.com\/avatar\/df2aeffc32bcd13f8d26072ef8a91b623d677766deac7f97ca815868cd41bf5e?s=96&d=mm&r=g","width":96,"height":96,"caption":"El Digital de Asturias"}},{"@type":"WebPage","@id":"https:\/\/www.eldigitaldeasturias.com\/noticias\/biel-company-critica-la-turismofobia-del-govern-balear\/#webpage","url":"https:\/\/www.eldigitaldeasturias.com\/noticias\/biel-company-critica-la-turismofobia-del-govern-balear\/","name":"Biel Company critica la \u201cturismofobia\u201d del Govern balear - El Digital de Asturias","description":"El presidente auton\u00f3mico del Partido Popular de las Illes Balears, Biel Company, se ha comprometido a reactivar medidas que recog\u00eda la Ley de Turismo aprobada la pasada legislatura por el Govern del PP para seguir fomentando la modernizaci\u00f3n y la reconversi\u00f3n de los establecimientos de alojamientos tur\u00edsticos. Adem\u00e1s, ha criticado la \u201cturismofobia\u201d del Govern de","inLanguage":"es-ES","isPartOf":{"@id":"https:\/\/www.eldigitaldeasturias.com\/noticias\/#website"},"breadcrumb":{"@id":"https:\/\/www.eldigitaldeasturias.com\/noticias\/biel-company-critica-la-turismofobia-del-govern-balear\/#breadcrumblist"},"author":{"@id":"https:\/\/www.eldigitaldeasturias.com\/noticias\/author\/admin\/#author"},"creator":{"@id":"https:\/\/www.eldigitaldeasturias.com\/noticias\/author\/admin\/#author"},"image":{"@type":"ImageObject","url":976952,"@id":"https:\/\/www.eldigitaldeasturias.com\/noticias\/biel-company-critica-la-turismofobia-del-govern-balear\/#mainImage"},"primaryImageOfPage":{"@id":"https:\/\/www.eldigitaldeasturias.com\/noticias\/biel-company-critica-la-turismofobia-del-govern-balear\/#mainImage"},"datePublished":"2018-04-22T06:07:13+02:00","dateModified":"2018-04-22T06:07:13+02:00"},{"@type":"WebSite","@id":"https:\/\/www.eldigitaldeasturias.com\/noticias\/#website","url":"https:\/\/www.eldigitaldeasturias.com\/noticias\/","name":"El Digital de Asturias - Diario de actualidad y noticias","alternateName":"El Digital de Asturias - Diario de actualidad y noticias","description":"Hemeroteca","inLanguage":"es-ES","publisher":{"@id":"https:\/\/www.eldigitaldeasturias.com\/noticias\/#organization"}}]},"og:locale":"es_ES","og:site_name":"El Digital de Asturias","og:type":"article","og:title":"Biel Company critica la \u201cturismofobia\u201d del Govern balear - El Digital de Asturias","og:description":"El presidente auton\u00f3mico del Partido Popular de las Illes Balears, Biel Company, se ha comprometido a reactivar medidas que recog\u00eda la Ley de Turismo aprobada la pasada legislatura por el Govern del PP para seguir fomentando la modernizaci\u00f3n y la reconversi\u00f3n de los establecimientos de alojamientos tur\u00edsticos. Adem\u00e1s, ha criticado la \u201cturismofobia\u201d del Govern de","og:url":"https:\/\/www.eldigitaldeasturias.com\/noticias\/biel-company-critica-la-turismofobia-del-govern-balear\/","article:tag":["actualidad"],"article:published_time":"2018-04-22T06:07:13+00:00","article:modified_time":"2018-04-22T06:07:13+00:00","article:publisher":"https:\/\/facebook.com\/eldigitaldeasturias","twitter:card":"summary_large_image","twitter:title":"Biel Company critica la \u201cturismofobia\u201d del Govern balear - El Digital de Asturias","twitter:description":"El presidente auton\u00f3mico del Partido Popular de las Illes Balears, Biel Company, se ha comprometido a reactivar medidas que recog\u00eda la Ley de Turismo aprobada la pasada legislatura por el Govern del PP para seguir fomentando la modernizaci\u00f3n y la reconversi\u00f3n de los establecimientos de alojamientos tur\u00edsticos. Adem\u00e1s, ha criticado la \u201cturismofobia\u201d del Govern de","twitter:image":"https:\/\/www.eldigitaldeasturias.com\/noticias\/wp-content\/uploads\/2020\/12\/EDA-1.jpg","twitter:label1":"Escrito por","twitter:data1":"El Digital de Asturias","twitter:label2":"Tiempo de lectura estimado","twitter:data2":"4 minutos"},"aioseo_meta_data":{"post_id":"976951","title":null,"description":null,"keywords":null,"keyphrases":null,"primary_term":null,"canonical_url":null,"og_title":null,"og_description":null,"og_object_type":"default","og_image_type":"default","og_image_url":null,"og_image_width":null,"og_image_height":null,"og_image_custom_url":null,"og_image_custom_fields":null,"og_video":null,"og_custom_url":null,"og_article_section":null,"og_article_tags":null,"twitter_use_og":false,"twitter_card":"default","twitter_image_type":"default","twitter_image_url":null,"twitter_image_custom_url":null,"twitter_image_custom_fields":null,"twitter_title":null,"twitter_description":null,"schema":{"blockGraphs":[],"customGraphs":[],"default":{"data":{"Article":[],"Course":[],"Dataset":[],"FAQPage":[],"Movie":[],"Person":[],"Product":[],"ProductReview":[],"Car":[],"Recipe":[],"Service":[],"SoftwareApplication":[],"WebPage":[]},"graphName":"","isEnabled":true},"graphs":[],"defaultGraph":"","defaultPostTypeGraph":""},"schema_type":null,"schema_type_options":null,"pillar_content":false,"robots_default":true,"robots_noindex":false,"robots_noarchive":false,"robots_nosnippet":false,"robots_nofollow":false,"robots_noimageindex":false,"robots_noodp":false,"robots_notranslate":false,"robots_max_snippet":null,"robots_max_videopreview":null,"robots_max_imagepreview":"large","priority":null,"frequency":null,"local_seo":null,"seo_analyzer_scan_date":"2025-10-08 05:41:28","breadcrumb_settings":null,"limit_modified_date":false,"open_ai":null,"ai":null,"created":"2020-12-21 12:06:39","updated":"2025-10-08 05:41:28","focus_keyword":null,"additional_keywords":null,"truseo_locale":null},"aioseo_breadcrumb":"<div class=\"aioseo-breadcrumbs\"><span class=\"aioseo-breadcrumb\">\n\t<a href=\"https:\/\/www.eldigitaldeasturias.com\/noticias\" title=\"Home\">Home<\/a>\n<\/span><span class=\"aioseo-breadcrumb-separator\">\u2013<\/span><span class=\"aioseo-breadcrumb\">\n\t<a href=\"https:\/\/www.eldigitaldeasturias.com\/noticias\/category\/actualidad\/\" title=\"Actualidad\">Actualidad<\/a>\n<\/span><span class=\"aioseo-breadcrumb-separator\">\u2013<\/span><span class=\"aioseo-breadcrumb\">\n\t<a href=\"https:\/\/www.eldigitaldeasturias.com\/noticias\/biel-company-critica-la-turismofobia-del-govern-balear\/\" title=\"Biel Company critica la \u201cturismofobia\u201d del Govern balear\">Biel Company critica la \u201cturismofobia\u201d del Govern balear<\/a>\n<\/span><\/div>","aioseo_breadcrumb_json":[{"label":"Home","link":"https:\/\/www.eldigitaldeasturias.com\/noticias"},{"label":"Actualidad","link":"https:\/\/www.eldigitaldeasturias.com\/noticias\/category\/actualidad\/"},{"label":"Biel Company critica la \u201cturismofobia\u201d del Govern balear","link":"https:\/\/www.eldigitaldeasturias.com\/noticias\/biel-company-critica-la-turismofobia-del-govern-balear\/"}],"_links":{"self":[{"href":"https:\/\/www.eldigitaldeasturias.com\/noticias\/wp-json\/wp\/v2\/posts\/976951","targetHints":{"allow":["GET"]}}],"collection":[{"href":"https:\/\/www.eldigitaldeasturias.com\/noticias\/wp-json\/wp\/v2\/posts"}],"about":[{"href":"https:\/\/www.eldigitaldeasturias.com\/noticias\/wp-json\/wp\/v2\/types\/post"}],"author":[{"embeddable":true,"href":"https:\/\/www.eldigitaldeasturias.com\/noticias\/wp-json\/wp\/v2\/users\/1"}],"replies":[{"embeddable":true,"href":"https:\/\/www.eldigitaldeasturias.com\/noticias\/wp-json\/wp\/v2\/comments?post=976951"}],"version-history":[{"count":0,"href":"https:\/\/www.eldigitaldeasturias.com\/noticias\/wp-json\/wp\/v2\/posts\/976951\/revisions"}],"wp:attachment":[{"href":"https:\/\/www.eldigitaldeasturias.com\/noticias\/wp-json\/wp\/v2\/media?parent=976951"}],"wp:term":[{"taxonomy":"category","embeddable":true,"href":"https:\/\/www.eldigitaldeasturias.com\/noticias\/wp-json\/wp\/v2\/categories?post=976951"},{"taxonomy":"post_tag","embeddable":true,"href":"https:\/\/www.eldigitaldeasturias.com\/noticias\/wp-json\/wp\/v2\/tags?post=976951"}],"curies":[{"name":"wp","href":"https:\/\/api.w.org\/{rel}","templated":true}]}}