{"id":976933,"date":"2018-04-22T05:49:07","date_gmt":"2018-04-22T05:49:07","guid":{"rendered":"http:\/\/www.eldigitaldeasturias.com\/noticias\/?p=976933"},"modified":"2018-04-22T05:49:07","modified_gmt":"2018-04-22T05:49:07","slug":"zoido-se-reune-con-consuelo-ordonez-presidenta-de-covite","status":"publish","type":"post","link":"https:\/\/www.eldigitaldeasturias.com\/noticias\/zoido-se-reune-con-consuelo-ordonez-presidenta-de-covite\/","title":{"rendered":"Zoido se re\u00fane con Consuelo Ord\u00f3\u00f1ez, presidenta de Covite"},"content":{"rendered":"<p><img loading=\"lazy\" decoding=\"async\" class=\"alignleft size-medium wp-image-976934\" src=\"https:\/\/www.eldigitaldeasturias.com\/noticias\/wp-content\/uploads\/2018\/04\/190418-interior-360x239.jpg\" alt=\"\" width=\"360\" height=\"239\" \/>El ministro del Interior, Juan Ignacio Zoido, se ha reunido con la presidenta del Colectivo de V\u00edctimas del Terrorismo (Covite), Consuelo Ord\u00f3\u00f1ez, a quien ha reiterado el firme apoyo y compromiso del Gobierno para que prevalezca siempre la dignidad, justicia, memoria y la verdad de las personas que sufren la barbarie terrorista.<\/p>\n<p>\u200bEn la reuni\u00f3n, que ha durado casi dos horas, el ministro del Interior ha estado acompa\u00f1ado por la directora general de Apoyo a V\u00edctimas del Terrorismo del Ministerio del Interior, Sonia Ramos, y por parte de Covite tambi\u00e9n ha asistido Irene Mu\u00f1oz, responsable de esta asociaci\u00f3n en materia internacional.<\/p>\n<p>Durante el encuentro el ministro del Interior ha trasladado a Consuelo Ord\u00f3\u00f1ez que la derrota de ETA es el triunfo del Estado de Derecho gracias a la incansable labor de las Fuerzas y Cuerpos de Seguridad del Estado, que contin\u00faan trabajando para la detenci\u00f3n de los terroristas que a\u00fan est\u00e1n huidos y para el esclarecimiento de todos los atentados que permanecen sin resolver. Zoido ha subrayado que el fin de ETA ser\u00e1 sin contraprestaci\u00f3n y que, en ning\u00fan caso, disoluci\u00f3n significar\u00e1 impunidad.<\/p>\n<p>El ministro del Interior ha explicado a Consuelo Ord\u00f3\u00f1ez que, aunque desaparezcan las siglas de ETA, no desaparecer\u00e1n los delitos ni el inmenso sufrimiento que los terroristas han provocado. Zoido ha resaltado que no habr\u00e1 atajos ni trato de favor para aquellos que han cubierto de sangre inocente la historia de nuestra democracia, ya que no se olvidar\u00e1 el inmenso dolor de las v\u00edctimas ni, por supuesto, la responsabilidad penal por los asesinatos.<\/p>\n<p>Tambi\u00e9n ha trasladado a la presidenta de Covite que el Ministerio del Interior y el Gobierno comparten con las v\u00edctimas la misma visi\u00f3n del final de ETA, un final en el que el triunfo del Estado de Derecho se acompa\u00f1e del relato de lo ocurrido desde el punto de vista de las v\u00edctimas y de sus familias. La construcci\u00f3n de ese relato es la garant\u00eda de que no exista riesgo de que vuelva a ocurrir y es una exigencia para que prevalezca la memoria de quienes perdieron sus vidas, fueron heridos o han tenido que convivir con la amenaza o la extorsi\u00f3n de ETA y su entorno.<\/p>\n<p>En esa l\u00ednea, el ministro del Interior ha expresado en la reuni\u00f3n su apoyo y solidaridad con los guardias civiles y sus parejas agredidos en Alsasua (Navarra), cuyo juicio se est\u00e1 celebrando estos d\u00edas en la Audiencia Nacional, as\u00ed como ha elogiado la labor de Covite, que ejerce la acusaci\u00f3n popular. Tambi\u00e9n est\u00e1n asistiendo a este juicio la directora general de Apoyo a V\u00edctimas del Terrorismo del Ministerio del Interior y su equipo en apoyo a los agredidos y sus familias.<\/p>\n<p>&nbsp;<\/p>\n","protected":false},"excerpt":{"rendered":"<p>El ministro del Interior, Juan Ignacio Zoido, se ha reunido con la presidenta del Colectivo de V\u00edctimas del Terrorismo (Covite), Consuelo Ord\u00f3\u00f1ez, a quien ha reiterado el firme apoyo y compromiso del Gobierno para que prevalezca siempre la dignidad, justicia, memoria y la verdad de las personas que sufren la barbarie terrorista. \u200bEn la reuni\u00f3n, [&hellip;]<\/p>\n","protected":false},"author":1,"featured_media":976934,"comment_status":"closed","ping_status":"closed","sticky":false,"template":"","format":"standard","meta":{"footnotes":""},"categories":[1],"tags":[],"class_list":["post-976933","post","type-post","status-publish","format-standard","has-post-thumbnail","hentry","category-actualidad"],"aioseo_notices":[],"aioseo_head":"\n\t\t<!-- All in One SEO Pro 5.0.1 - aioseo.com -->\n\t<meta name=\"description\" content=\"El ministro del Interior, Juan Ignacio Zoido, se ha reunido con la presidenta del Colectivo de V\u00edctimas del Terrorismo (Covite), Consuelo Ord\u00f3\u00f1ez, a quien ha reiterado el firme apoyo y compromiso del Gobierno para que prevalezca siempre la dignidad, justicia, memoria y la verdad de las personas que sufren la barbarie terrorista. \u200bEn la reuni\u00f3n,\" \/>\n\t<meta name=\"robots\" content=\"max-image-preview:large\" \/>\n\t<meta name=\"author\" content=\"El Digital de Asturias\"\/>\n\t<meta name=\"google-site-verification\" content=\"UA-38556648-1\" \/>\n\t<meta name=\"msvalidate.01\" content=\"7dfe9f3f1b24437ab69f4f2559babe99\" \/>\n\t<meta name=\"keywords\" content=\"actualidad\" \/>\n\t<link rel=\"canonical\" href=\"https:\/\/www.eldigitaldeasturias.com\/noticias\/zoido-se-reune-con-consuelo-ordonez-presidenta-de-covite\/\" \/>\n\t<meta name=\"generator\" content=\"All in One SEO Pro (AIOSEO) 5.0.1\" \/>\n\t\t<meta property=\"og:locale\" content=\"es_ES\" \/>\n\t\t<meta property=\"og:site_name\" content=\"El Digital de Asturias\" \/>\n\t\t<meta property=\"og:type\" content=\"article\" \/>\n\t\t<meta property=\"og:title\" content=\"Zoido se re\u00fane con Consuelo Ord\u00f3\u00f1ez, presidenta de Covite - El Digital de Asturias\" \/>\n\t\t<meta property=\"og:description\" content=\"El ministro del Interior, Juan Ignacio Zoido, se ha reunido con la presidenta del Colectivo de V\u00edctimas del Terrorismo (Covite), Consuelo Ord\u00f3\u00f1ez, a quien ha reiterado el firme apoyo y compromiso del Gobierno para que prevalezca siempre la dignidad, justicia, memoria y la verdad de las personas que sufren la barbarie terrorista. \u200bEn la reuni\u00f3n,\" \/>\n\t\t<meta property=\"og:url\" content=\"https:\/\/www.eldigitaldeasturias.com\/noticias\/zoido-se-reune-con-consuelo-ordonez-presidenta-de-covite\/\" \/>\n\t\t<meta property=\"article:tag\" content=\"actualidad\" \/>\n\t\t<meta property=\"article:published_time\" content=\"2018-04-22T05:49:07+00:00\" \/>\n\t\t<meta property=\"article:modified_time\" content=\"2018-04-22T05:49:07+00:00\" \/>\n\t\t<meta property=\"article:publisher\" content=\"https:\/\/facebook.com\/eldigitaldeasturias\" \/>\n\t\t<meta name=\"twitter:card\" content=\"summary_large_image\" \/>\n\t\t<meta name=\"twitter:title\" content=\"Zoido se re\u00fane con Consuelo Ord\u00f3\u00f1ez, presidenta de Covite - El Digital de Asturias\" \/>\n\t\t<meta name=\"twitter:description\" content=\"El ministro del Interior, Juan Ignacio Zoido, se ha reunido con la presidenta del Colectivo de V\u00edctimas del Terrorismo (Covite), Consuelo Ord\u00f3\u00f1ez, a quien ha reiterado el firme apoyo y compromiso del Gobierno para que prevalezca siempre la dignidad, justicia, memoria y la verdad de las personas que sufren la barbarie terrorista. \u200bEn la reuni\u00f3n,\" \/>\n\t\t<meta name=\"twitter:image\" content=\"https:\/\/www.eldigitaldeasturias.com\/noticias\/wp-content\/uploads\/2020\/12\/EDA-1.jpg\" \/>\n\t\t<meta name=\"twitter:label1\" content=\"Escrito por\" \/>\n\t\t<meta name=\"twitter:data1\" content=\"El Digital de Asturias\" \/>\n\t\t<meta name=\"twitter:label2\" content=\"Tiempo de lectura estimado\" \/>\n\t\t<meta name=\"twitter:data2\" content=\"2 minutos\" \/>\n\t\t<script type=\"application\/ld+json\" class=\"aioseo-schema\">\n\t\t\t{\"@context\":\"https:\\\/\\\/schema.org\",\"@graph\":[{\"@type\":\"BlogPosting\",\"@id\":\"https:\\\/\\\/www.eldigitaldeasturias.com\\\/noticias\\\/zoido-se-reune-con-consuelo-ordonez-presidenta-de-covite\\\/#blogposting\",\"name\":\"Zoido se re\\u00fane con Consuelo Ord\\u00f3\\u00f1ez, presidenta de Covite - El Digital de Asturias\",\"headline\":\"Zoido se re\\u00fane con Consuelo Ord\\u00f3\\u00f1ez, presidenta de Covite\",\"author\":{\"@id\":\"https:\\\/\\\/www.eldigitaldeasturias.com\\\/noticias\\\/author\\\/admin\\\/#author\"},\"publisher\":{\"@id\":\"https:\\\/\\\/www.eldigitaldeasturias.com\\\/noticias\\\/#organization\"},\"image\":{\"@type\":\"ImageObject\",\"url\":976934},\"datePublished\":\"2018-04-22T05:49:07+02:00\",\"dateModified\":\"2018-04-22T05:49:07+02:00\",\"inLanguage\":\"es-ES\",\"mainEntityOfPage\":{\"@id\":\"https:\\\/\\\/www.eldigitaldeasturias.com\\\/noticias\\\/zoido-se-reune-con-consuelo-ordonez-presidenta-de-covite\\\/#webpage\"},\"isPartOf\":{\"@id\":\"https:\\\/\\\/www.eldigitaldeasturias.com\\\/noticias\\\/zoido-se-reune-con-consuelo-ordonez-presidenta-de-covite\\\/#webpage\"},\"articleSection\":\"Actualidad\"},{\"@type\":\"BreadcrumbList\",\"@id\":\"https:\\\/\\\/www.eldigitaldeasturias.com\\\/noticias\\\/zoido-se-reune-con-consuelo-ordonez-presidenta-de-covite\\\/#breadcrumblist\",\"itemListElement\":[{\"@type\":\"ListItem\",\"@id\":\"https:\\\/\\\/www.eldigitaldeasturias.com\\\/noticias#listItem\",\"position\":1,\"name\":\"Home\",\"item\":\"https:\\\/\\\/www.eldigitaldeasturias.com\\\/noticias\",\"nextItem\":{\"@type\":\"ListItem\",\"@id\":\"https:\\\/\\\/www.eldigitaldeasturias.com\\\/noticias\\\/category\\\/actualidad\\\/#listItem\",\"name\":\"Actualidad\"}},{\"@type\":\"ListItem\",\"@id\":\"https:\\\/\\\/www.eldigitaldeasturias.com\\\/noticias\\\/category\\\/actualidad\\\/#listItem\",\"position\":2,\"name\":\"Actualidad\",\"item\":\"https:\\\/\\\/www.eldigitaldeasturias.com\\\/noticias\\\/category\\\/actualidad\\\/\",\"nextItem\":{\"@type\":\"ListItem\",\"@id\":\"https:\\\/\\\/www.eldigitaldeasturias.com\\\/noticias\\\/zoido-se-reune-con-consuelo-ordonez-presidenta-de-covite\\\/#listItem\",\"name\":\"Zoido se re\\u00fane con Consuelo Ord\\u00f3\\u00f1ez, presidenta de Covite\"},\"previousItem\":{\"@type\":\"ListItem\",\"@id\":\"https:\\\/\\\/www.eldigitaldeasturias.com\\\/noticias#listItem\",\"name\":\"Home\"}},{\"@type\":\"ListItem\",\"@id\":\"https:\\\/\\\/www.eldigitaldeasturias.com\\\/noticias\\\/zoido-se-reune-con-consuelo-ordonez-presidenta-de-covite\\\/#listItem\",\"position\":3,\"name\":\"Zoido se re\\u00fane con Consuelo Ord\\u00f3\\u00f1ez, presidenta de Covite\",\"previousItem\":{\"@type\":\"ListItem\",\"@id\":\"https:\\\/\\\/www.eldigitaldeasturias.com\\\/noticias\\\/category\\\/actualidad\\\/#listItem\",\"name\":\"Actualidad\"}}]},{\"@type\":\"Organization\",\"@id\":\"https:\\\/\\\/www.eldigitaldeasturias.com\\\/noticias\\\/#organization\",\"name\":\"El Digital de Asturias\",\"description\":\"Hemeroteca\",\"url\":\"https:\\\/\\\/www.eldigitaldeasturias.com\\\/noticias\\\/\",\"email\":\"info@eldigitaldeasturias.com\",\"telephone\":\"+34652131393\",\"logo\":{\"@type\":\"ImageObject\",\"url\":\"https:\\\/\\\/www.eldigitaldeasturias.com\\\/noticias\\\/wp-content\\\/uploads\\\/2020\\\/12\\\/EDA.jpg\",\"@id\":\"https:\\\/\\\/www.eldigitaldeasturias.com\\\/noticias\\\/zoido-se-reune-con-consuelo-ordonez-presidenta-de-covite\\\/#organizationLogo\"},\"image\":{\"@id\":\"https:\\\/\\\/www.eldigitaldeasturias.com\\\/noticias\\\/zoido-se-reune-con-consuelo-ordonez-presidenta-de-covite\\\/#organizationLogo\"},\"sameAs\":[\"https:\\\/\\\/facebook.com\\\/eldigitaldeasturias\",\"https:\\\/\\\/www.youtube.com\\\/channel\\\/UCZP-2wLEB9Rv6erhFmqVnvg\"],\"address\":{\"@id\":\"https:\\\/\\\/www.eldigitaldeasturias.com\\\/noticias\\\/#postaladdress\",\"@type\":\"PostalAddress\",\"streetAddress\":\"san antonio 4\",\"postalCode\":\"33430\",\"addressLocality\":\"Cand\\u00e1s\",\"addressRegion\":\"Asturias\",\"addressCountry\":\"ES\"}},{\"@type\":\"Person\",\"@id\":\"https:\\\/\\\/www.eldigitaldeasturias.com\\\/noticias\\\/author\\\/admin\\\/#author\",\"url\":\"https:\\\/\\\/www.eldigitaldeasturias.com\\\/noticias\\\/author\\\/admin\\\/\",\"name\":\"El Digital de Asturias\",\"image\":{\"@type\":\"ImageObject\",\"@id\":\"https:\\\/\\\/www.eldigitaldeasturias.com\\\/noticias\\\/zoido-se-reune-con-consuelo-ordonez-presidenta-de-covite\\\/#authorImage\",\"url\":\"https:\\\/\\\/secure.gravatar.com\\\/avatar\\\/df2aeffc32bcd13f8d26072ef8a91b623d677766deac7f97ca815868cd41bf5e?s=96&d=mm&r=g\",\"width\":96,\"height\":96,\"caption\":\"El Digital de Asturias\"}},{\"@type\":\"WebPage\",\"@id\":\"https:\\\/\\\/www.eldigitaldeasturias.com\\\/noticias\\\/zoido-se-reune-con-consuelo-ordonez-presidenta-de-covite\\\/#webpage\",\"url\":\"https:\\\/\\\/www.eldigitaldeasturias.com\\\/noticias\\\/zoido-se-reune-con-consuelo-ordonez-presidenta-de-covite\\\/\",\"name\":\"Zoido se re\\u00fane con Consuelo Ord\\u00f3\\u00f1ez, presidenta de Covite - El Digital de Asturias\",\"description\":\"El ministro del Interior, Juan Ignacio Zoido, se ha reunido con la presidenta del Colectivo de V\\u00edctimas del Terrorismo (Covite), Consuelo Ord\\u00f3\\u00f1ez, a quien ha reiterado el firme apoyo y compromiso del Gobierno para que prevalezca siempre la dignidad, justicia, memoria y la verdad de las personas que sufren la barbarie terrorista. \\u200bEn la reuni\\u00f3n,\",\"inLanguage\":\"es-ES\",\"isPartOf\":{\"@id\":\"https:\\\/\\\/www.eldigitaldeasturias.com\\\/noticias\\\/#website\"},\"breadcrumb\":{\"@id\":\"https:\\\/\\\/www.eldigitaldeasturias.com\\\/noticias\\\/zoido-se-reune-con-consuelo-ordonez-presidenta-de-covite\\\/#breadcrumblist\"},\"author\":{\"@id\":\"https:\\\/\\\/www.eldigitaldeasturias.com\\\/noticias\\\/author\\\/admin\\\/#author\"},\"creator\":{\"@id\":\"https:\\\/\\\/www.eldigitaldeasturias.com\\\/noticias\\\/author\\\/admin\\\/#author\"},\"image\":{\"@type\":\"ImageObject\",\"url\":976934,\"@id\":\"https:\\\/\\\/www.eldigitaldeasturias.com\\\/noticias\\\/zoido-se-reune-con-consuelo-ordonez-presidenta-de-covite\\\/#mainImage\"},\"primaryImageOfPage\":{\"@id\":\"https:\\\/\\\/www.eldigitaldeasturias.com\\\/noticias\\\/zoido-se-reune-con-consuelo-ordonez-presidenta-de-covite\\\/#mainImage\"},\"datePublished\":\"2018-04-22T05:49:07+02:00\",\"dateModified\":\"2018-04-22T05:49:07+02:00\"},{\"@type\":\"WebSite\",\"@id\":\"https:\\\/\\\/www.eldigitaldeasturias.com\\\/noticias\\\/#website\",\"url\":\"https:\\\/\\\/www.eldigitaldeasturias.com\\\/noticias\\\/\",\"name\":\"El Digital de Asturias - Diario de actualidad y noticias\",\"alternateName\":\"El Digital de Asturias - Diario de actualidad y noticias\",\"description\":\"Hemeroteca\",\"inLanguage\":\"es-ES\",\"publisher\":{\"@id\":\"https:\\\/\\\/www.eldigitaldeasturias.com\\\/noticias\\\/#organization\"}}]}\n\t\t<\/script>\n\t\t<!-- All in One SEO Pro -->\r\n\t\t<title>Zoido se re\u00fane con Consuelo Ord\u00f3\u00f1ez, presidenta de Covite - El Digital de Asturias<\/title>\n\n","aioseo_head_json":{"title":"Zoido se re\u00fane con Consuelo Ord\u00f3\u00f1ez, presidenta de Covite - El Digital de Asturias","description":"El ministro del Interior, Juan Ignacio Zoido, se ha reunido con la presidenta del Colectivo de V\u00edctimas del Terrorismo (Covite), Consuelo Ord\u00f3\u00f1ez, a quien ha reiterado el firme apoyo y compromiso del Gobierno para que prevalezca siempre la dignidad, justicia, memoria y la verdad de las personas que sufren la barbarie terrorista. \u200bEn la reuni\u00f3n,","canonical_url":"https:\/\/www.eldigitaldeasturias.com\/noticias\/zoido-se-reune-con-consuelo-ordonez-presidenta-de-covite\/","robots":"max-image-preview:large","keywords":"actualidad","webmasterTools":{"google-site-verification":"UA-38556648-1","msvalidate.01":"7dfe9f3f1b24437ab69f4f2559babe99","miscellaneous":""},"schema":{"@context":"https:\/\/schema.org","@graph":[{"@type":"BlogPosting","@id":"https:\/\/www.eldigitaldeasturias.com\/noticias\/zoido-se-reune-con-consuelo-ordonez-presidenta-de-covite\/#blogposting","name":"Zoido se re\u00fane con Consuelo Ord\u00f3\u00f1ez, presidenta de Covite - El Digital de Asturias","headline":"Zoido se re\u00fane con Consuelo Ord\u00f3\u00f1ez, presidenta de Covite","author":{"@id":"https:\/\/www.eldigitaldeasturias.com\/noticias\/author\/admin\/#author"},"publisher":{"@id":"https:\/\/www.eldigitaldeasturias.com\/noticias\/#organization"},"image":{"@type":"ImageObject","url":976934},"datePublished":"2018-04-22T05:49:07+02:00","dateModified":"2018-04-22T05:49:07+02:00","inLanguage":"es-ES","mainEntityOfPage":{"@id":"https:\/\/www.eldigitaldeasturias.com\/noticias\/zoido-se-reune-con-consuelo-ordonez-presidenta-de-covite\/#webpage"},"isPartOf":{"@id":"https:\/\/www.eldigitaldeasturias.com\/noticias\/zoido-se-reune-con-consuelo-ordonez-presidenta-de-covite\/#webpage"},"articleSection":"Actualidad"},{"@type":"BreadcrumbList","@id":"https:\/\/www.eldigitaldeasturias.com\/noticias\/zoido-se-reune-con-consuelo-ordonez-presidenta-de-covite\/#breadcrumblist","itemListElement":[{"@type":"ListItem","@id":"https:\/\/www.eldigitaldeasturias.com\/noticias#listItem","position":1,"name":"Home","item":"https:\/\/www.eldigitaldeasturias.com\/noticias","nextItem":{"@type":"ListItem","@id":"https:\/\/www.eldigitaldeasturias.com\/noticias\/category\/actualidad\/#listItem","name":"Actualidad"}},{"@type":"ListItem","@id":"https:\/\/www.eldigitaldeasturias.com\/noticias\/category\/actualidad\/#listItem","position":2,"name":"Actualidad","item":"https:\/\/www.eldigitaldeasturias.com\/noticias\/category\/actualidad\/","nextItem":{"@type":"ListItem","@id":"https:\/\/www.eldigitaldeasturias.com\/noticias\/zoido-se-reune-con-consuelo-ordonez-presidenta-de-covite\/#listItem","name":"Zoido se re\u00fane con Consuelo Ord\u00f3\u00f1ez, presidenta de Covite"},"previousItem":{"@type":"ListItem","@id":"https:\/\/www.eldigitaldeasturias.com\/noticias#listItem","name":"Home"}},{"@type":"ListItem","@id":"https:\/\/www.eldigitaldeasturias.com\/noticias\/zoido-se-reune-con-consuelo-ordonez-presidenta-de-covite\/#listItem","position":3,"name":"Zoido se re\u00fane con Consuelo Ord\u00f3\u00f1ez, presidenta de Covite","previousItem":{"@type":"ListItem","@id":"https:\/\/www.eldigitaldeasturias.com\/noticias\/category\/actualidad\/#listItem","name":"Actualidad"}}]},{"@type":"Organization","@id":"https:\/\/www.eldigitaldeasturias.com\/noticias\/#organization","name":"El Digital de Asturias","description":"Hemeroteca","url":"https:\/\/www.eldigitaldeasturias.com\/noticias\/","email":"info@eldigitaldeasturias.com","telephone":"+34652131393","logo":{"@type":"ImageObject","url":"https:\/\/www.eldigitaldeasturias.com\/noticias\/wp-content\/uploads\/2020\/12\/EDA.jpg","@id":"https:\/\/www.eldigitaldeasturias.com\/noticias\/zoido-se-reune-con-consuelo-ordonez-presidenta-de-covite\/#organizationLogo"},"image":{"@id":"https:\/\/www.eldigitaldeasturias.com\/noticias\/zoido-se-reune-con-consuelo-ordonez-presidenta-de-covite\/#organizationLogo"},"sameAs":["https:\/\/facebook.com\/eldigitaldeasturias","https:\/\/www.youtube.com\/channel\/UCZP-2wLEB9Rv6erhFmqVnvg"],"address":{"@id":"https:\/\/www.eldigitaldeasturias.com\/noticias\/#postaladdress","@type":"PostalAddress","streetAddress":"san antonio 4","postalCode":"33430","addressLocality":"Cand\u00e1s","addressRegion":"Asturias","addressCountry":"ES"}},{"@type":"Person","@id":"https:\/\/www.eldigitaldeasturias.com\/noticias\/author\/admin\/#author","url":"https:\/\/www.eldigitaldeasturias.com\/noticias\/author\/admin\/","name":"El Digital de Asturias","image":{"@type":"ImageObject","@id":"https:\/\/www.eldigitaldeasturias.com\/noticias\/zoido-se-reune-con-consuelo-ordonez-presidenta-de-covite\/#authorImage","url":"https:\/\/secure.gravatar.com\/avatar\/df2aeffc32bcd13f8d26072ef8a91b623d677766deac7f97ca815868cd41bf5e?s=96&d=mm&r=g","width":96,"height":96,"caption":"El Digital de Asturias"}},{"@type":"WebPage","@id":"https:\/\/www.eldigitaldeasturias.com\/noticias\/zoido-se-reune-con-consuelo-ordonez-presidenta-de-covite\/#webpage","url":"https:\/\/www.eldigitaldeasturias.com\/noticias\/zoido-se-reune-con-consuelo-ordonez-presidenta-de-covite\/","name":"Zoido se re\u00fane con Consuelo Ord\u00f3\u00f1ez, presidenta de Covite - El Digital de Asturias","description":"El ministro del Interior, Juan Ignacio Zoido, se ha reunido con la presidenta del Colectivo de V\u00edctimas del Terrorismo (Covite), Consuelo Ord\u00f3\u00f1ez, a quien ha reiterado el firme apoyo y compromiso del Gobierno para que prevalezca siempre la dignidad, justicia, memoria y la verdad de las personas que sufren la barbarie terrorista. \u200bEn la reuni\u00f3n,","inLanguage":"es-ES","isPartOf":{"@id":"https:\/\/www.eldigitaldeasturias.com\/noticias\/#website"},"breadcrumb":{"@id":"https:\/\/www.eldigitaldeasturias.com\/noticias\/zoido-se-reune-con-consuelo-ordonez-presidenta-de-covite\/#breadcrumblist"},"author":{"@id":"https:\/\/www.eldigitaldeasturias.com\/noticias\/author\/admin\/#author"},"creator":{"@id":"https:\/\/www.eldigitaldeasturias.com\/noticias\/author\/admin\/#author"},"image":{"@type":"ImageObject","url":976934,"@id":"https:\/\/www.eldigitaldeasturias.com\/noticias\/zoido-se-reune-con-consuelo-ordonez-presidenta-de-covite\/#mainImage"},"primaryImageOfPage":{"@id":"https:\/\/www.eldigitaldeasturias.com\/noticias\/zoido-se-reune-con-consuelo-ordonez-presidenta-de-covite\/#mainImage"},"datePublished":"2018-04-22T05:49:07+02:00","dateModified":"2018-04-22T05:49:07+02:00"},{"@type":"WebSite","@id":"https:\/\/www.eldigitaldeasturias.com\/noticias\/#website","url":"https:\/\/www.eldigitaldeasturias.com\/noticias\/","name":"El Digital de Asturias - Diario de actualidad y noticias","alternateName":"El Digital de Asturias - Diario de actualidad y noticias","description":"Hemeroteca","inLanguage":"es-ES","publisher":{"@id":"https:\/\/www.eldigitaldeasturias.com\/noticias\/#organization"}}]},"og:locale":"es_ES","og:site_name":"El Digital de Asturias","og:type":"article","og:title":"Zoido se re\u00fane con Consuelo Ord\u00f3\u00f1ez, presidenta de Covite - El Digital de Asturias","og:description":"El ministro del Interior, Juan Ignacio Zoido, se ha reunido con la presidenta del Colectivo de V\u00edctimas del Terrorismo (Covite), Consuelo Ord\u00f3\u00f1ez, a quien ha reiterado el firme apoyo y compromiso del Gobierno para que prevalezca siempre la dignidad, justicia, memoria y la verdad de las personas que sufren la barbarie terrorista. \u200bEn la reuni\u00f3n,","og:url":"https:\/\/www.eldigitaldeasturias.com\/noticias\/zoido-se-reune-con-consuelo-ordonez-presidenta-de-covite\/","article:tag":["actualidad"],"article:published_time":"2018-04-22T05:49:07+00:00","article:modified_time":"2018-04-22T05:49:07+00:00","article:publisher":"https:\/\/facebook.com\/eldigitaldeasturias","twitter:card":"summary_large_image","twitter:title":"Zoido se re\u00fane con Consuelo Ord\u00f3\u00f1ez, presidenta de Covite - El Digital de Asturias","twitter:description":"El ministro del Interior, Juan Ignacio Zoido, se ha reunido con la presidenta del Colectivo de V\u00edctimas del Terrorismo (Covite), Consuelo Ord\u00f3\u00f1ez, a quien ha reiterado el firme apoyo y compromiso del Gobierno para que prevalezca siempre la dignidad, justicia, memoria y la verdad de las personas que sufren la barbarie terrorista. \u200bEn la reuni\u00f3n,","twitter:image":"https:\/\/www.eldigitaldeasturias.com\/noticias\/wp-content\/uploads\/2020\/12\/EDA-1.jpg","twitter:label1":"Escrito por","twitter:data1":"El Digital de Asturias","twitter:label2":"Tiempo de lectura estimado","twitter:data2":"2 minutos"},"aioseo_meta_data":{"post_id":"976933","title":null,"description":null,"keywords":null,"keyphrases":null,"primary_term":null,"canonical_url":null,"og_title":null,"og_description":null,"og_object_type":"default","og_image_type":"default","og_image_url":null,"og_image_width":null,"og_image_height":null,"og_image_custom_url":null,"og_image_custom_fields":null,"og_video":null,"og_custom_url":null,"og_article_section":null,"og_article_tags":null,"twitter_use_og":false,"twitter_card":"default","twitter_image_type":"default","twitter_image_url":null,"twitter_image_custom_url":null,"twitter_image_custom_fields":null,"twitter_title":null,"twitter_description":null,"schema":{"blockGraphs":[],"customGraphs":[],"default":{"data":{"Article":[],"Course":[],"Dataset":[],"FAQPage":[],"Movie":[],"Person":[],"Product":[],"ProductReview":[],"Car":[],"Recipe":[],"Service":[],"SoftwareApplication":[],"WebPage":[]},"graphName":"","isEnabled":true},"graphs":[],"defaultGraph":"","defaultPostTypeGraph":""},"schema_type":null,"schema_type_options":null,"pillar_content":false,"robots_default":true,"robots_noindex":false,"robots_noarchive":false,"robots_nosnippet":false,"robots_nofollow":false,"robots_noimageindex":false,"robots_noodp":false,"robots_notranslate":false,"robots_max_snippet":null,"robots_max_videopreview":null,"robots_max_imagepreview":"large","priority":null,"frequency":null,"local_seo":null,"seo_analyzer_scan_date":"2025-10-08 05:37:11","breadcrumb_settings":null,"limit_modified_date":false,"open_ai":null,"ai":null,"created":"2020-12-21 12:06:39","updated":"2025-10-08 05:37:11","focus_keyword":null,"additional_keywords":null,"truseo_locale":null},"aioseo_breadcrumb":"<div class=\"aioseo-breadcrumbs\"><span class=\"aioseo-breadcrumb\">\n\t<a href=\"https:\/\/www.eldigitaldeasturias.com\/noticias\" title=\"Home\">Home<\/a>\n<\/span><span class=\"aioseo-breadcrumb-separator\">\u2013<\/span><span class=\"aioseo-breadcrumb\">\n\t<a href=\"https:\/\/www.eldigitaldeasturias.com\/noticias\/category\/actualidad\/\" title=\"Actualidad\">Actualidad<\/a>\n<\/span><span class=\"aioseo-breadcrumb-separator\">\u2013<\/span><span class=\"aioseo-breadcrumb\">\n\t<a href=\"https:\/\/www.eldigitaldeasturias.com\/noticias\/zoido-se-reune-con-consuelo-ordonez-presidenta-de-covite\/\" title=\"Zoido se re\u00fane con Consuelo Ord\u00f3\u00f1ez, presidenta de Covite\">Zoido se re\u00fane con Consuelo Ord\u00f3\u00f1ez, presidenta de Covite<\/a>\n<\/span><\/div>","aioseo_breadcrumb_json":[{"label":"Home","link":"https:\/\/www.eldigitaldeasturias.com\/noticias"},{"label":"Actualidad","link":"https:\/\/www.eldigitaldeasturias.com\/noticias\/category\/actualidad\/"},{"label":"Zoido se re\u00fane con Consuelo Ord\u00f3\u00f1ez, presidenta de Covite","link":"https:\/\/www.eldigitaldeasturias.com\/noticias\/zoido-se-reune-con-consuelo-ordonez-presidenta-de-covite\/"}],"_links":{"self":[{"href":"https:\/\/www.eldigitaldeasturias.com\/noticias\/wp-json\/wp\/v2\/posts\/976933","targetHints":{"allow":["GET"]}}],"collection":[{"href":"https:\/\/www.eldigitaldeasturias.com\/noticias\/wp-json\/wp\/v2\/posts"}],"about":[{"href":"https:\/\/www.eldigitaldeasturias.com\/noticias\/wp-json\/wp\/v2\/types\/post"}],"author":[{"embeddable":true,"href":"https:\/\/www.eldigitaldeasturias.com\/noticias\/wp-json\/wp\/v2\/users\/1"}],"replies":[{"embeddable":true,"href":"https:\/\/www.eldigitaldeasturias.com\/noticias\/wp-json\/wp\/v2\/comments?post=976933"}],"version-history":[{"count":0,"href":"https:\/\/www.eldigitaldeasturias.com\/noticias\/wp-json\/wp\/v2\/posts\/976933\/revisions"}],"wp:attachment":[{"href":"https:\/\/www.eldigitaldeasturias.com\/noticias\/wp-json\/wp\/v2\/media?parent=976933"}],"wp:term":[{"taxonomy":"category","embeddable":true,"href":"https:\/\/www.eldigitaldeasturias.com\/noticias\/wp-json\/wp\/v2\/categories?post=976933"},{"taxonomy":"post_tag","embeddable":true,"href":"https:\/\/www.eldigitaldeasturias.com\/noticias\/wp-json\/wp\/v2\/tags?post=976933"}],"curies":[{"name":"wp","href":"https:\/\/api.w.org\/{rel}","templated":true}]}}