{"id":976917,"date":"2018-04-22T05:30:02","date_gmt":"2018-04-22T05:30:02","guid":{"rendered":"http:\/\/www.eldigitaldeasturias.com\/noticias\/?p=976917"},"modified":"2018-04-22T05:30:02","modified_gmt":"2018-04-22T05:30:02","slug":"pedro-sanchez-se-trata-de-conviccion-no-de-encuestas","status":"publish","type":"post","link":"https:\/\/www.eldigitaldeasturias.com\/noticias\/pedro-sanchez-se-trata-de-conviccion-no-de-encuestas\/","title":{"rendered":"Pedro S\u00e1nchez: \u201cSe trata de convicci\u00f3n, no de encuestas\u201d"},"content":{"rendered":"<p><img loading=\"lazy\" decoding=\"async\" class=\"alignleft size-medium wp-image-793321\" src=\"https:\/\/www.eldigitaldeasturias.com\/noticias\/wp-content\/uploads\/2015\/07\/pedro-sanchez-360x240.jpg\" alt=\"\" width=\"360\" height=\"240\" \/>\u201cEstamos hablando de ejemplaridad y de la necesidad de que se vaya de la presidencia de la Comunidad de Madrid la persona que ha mentido y que ha desprestigiado las instituciones madrile\u00f1as\u201d, ha explicado el secretario general del PSOE en Tele 5. Pedro S\u00e1nchez coloca la responsabilidad del PSOE frente a las actitudes de PP y de Ciudadanos: Los socialistas han presentado una moci\u00f3n de censura que es \u201cla moci\u00f3n de la dignidad\u201d. Frente a este escenario, est\u00e1 el PP apoyando a Cifuentes y a Rivera que hace de \u201cpe\u00f3n de brega\u201d de Rajoy porque liga toda su estrategia a c\u00e1lculos electorales y tacticistas. Y para S\u00e1nchez, esto va de otra cosa: \u201cEs una cuesti\u00f3n de convicciones, no de encuestas\u201d.<\/p>\n<p>Adem\u00e1s, el l\u00edder socialista, en \u201cEl programa de Ana Rosa\u201d, ha vuelto a lamentar el papel de la presidenta de la Asamblea de Madrid, que sigue sin fijar la fecha para el debate de la moci\u00f3n de censura. \u201cDebe fijarse ya el pleno\u201d, exige S\u00e1nchez, porque, a\u00f1ade, \u201ces intolerable que el PP, con la aquiescencia de Ciudadanos, use de forma partidista la c\u00e1mara madrile\u00f1a\u201d.<\/p>\n<p>El PSOE lleva varios d\u00edas emplazando a la fijaci\u00f3n de la fecha para la moci\u00f3n. En una acci\u00f3n en redes sociales, los socialistas se\u00f1alan la actitud de la presidenta de la Asamblea madrile\u00f1a, Paloma Adrados, con preguntas como \u201cQu\u00e9 d\u00eda va a ser el debate de la moci\u00f3n de censura presentada por el PSOE-M? . Con el hashtag #PalomaPonFecha , los mensajes en redes inciden en que Adrados debe dejar de proteger a Cifuentes porque \u201cla regeneraci\u00f3n no puede esperar\u201d.<\/p>\n<p>De otras cuestiones, durante la entrevista con Ana Rosa Quintana, S\u00e1nchez se ha referido a la necesaria revisi\u00f3n del modelo de financiaci\u00f3n auton\u00f3mica que Rajoy abrir\u00e1, por fin, con la convocatoria en mayo de un Consejo de Pol\u00edtica Fiscal y Financiera. \u201cSoy bastante exc\u00e9ptico\u201d, ha comentado el dirigente socialista, porque \u201cno creo que ni el PP ni el gobierno tengan el liderazgo, ni el inter\u00e9s en poner sobre la mesa una propuesta\u201d. Sobre la tramitaci\u00f3n parlamentaria de los PGE, cuyo debate de totalidad tendr\u00e1 lugar la semana que viene con una enmienda de totalidad del Grupo Parlamentario Socialista, S\u00e1nchez ha recordado que si el ejecutivo de Rajoy no es capaz de aprobar la que es la ley principal de un gobierno, \u201cRajoy debe someterse a una cuesti\u00f3n de confianza\u201d.<\/p>\n","protected":false},"excerpt":{"rendered":"<p>\u201cEstamos hablando de ejemplaridad y de la necesidad de que se vaya de la presidencia de la Comunidad de Madrid la persona que ha mentido y que ha desprestigiado las instituciones madrile\u00f1as\u201d, ha explicado el secretario general del PSOE en Tele 5. Pedro S\u00e1nchez coloca la responsabilidad del PSOE frente a las actitudes de PP [&hellip;]<\/p>\n","protected":false},"author":1,"featured_media":793321,"comment_status":"closed","ping_status":"closed","sticky":false,"template":"","format":"standard","meta":{"footnotes":""},"categories":[1],"tags":[],"class_list":["post-976917","post","type-post","status-publish","format-standard","has-post-thumbnail","hentry","category-actualidad"],"aioseo_notices":[],"aioseo_head":"\n\t\t<!-- All in One SEO Pro 5.0.1 - aioseo.com -->\n\t<meta name=\"description\" content=\"\u201cEstamos hablando de ejemplaridad y de la necesidad de que se vaya de la presidencia de la Comunidad de Madrid la persona que ha mentido y que ha desprestigiado las instituciones madrile\u00f1as\u201d, ha explicado el secretario general del PSOE en Tele 5. Pedro S\u00e1nchez coloca la responsabilidad del PSOE frente a las actitudes de PP\" \/>\n\t<meta name=\"robots\" content=\"max-image-preview:large\" \/>\n\t<meta name=\"author\" content=\"El Digital de Asturias\"\/>\n\t<meta name=\"google-site-verification\" content=\"UA-38556648-1\" \/>\n\t<meta name=\"msvalidate.01\" content=\"7dfe9f3f1b24437ab69f4f2559babe99\" \/>\n\t<meta name=\"keywords\" content=\"actualidad\" \/>\n\t<link rel=\"canonical\" href=\"https:\/\/www.eldigitaldeasturias.com\/noticias\/pedro-sanchez-se-trata-de-conviccion-no-de-encuestas\/\" \/>\n\t<meta name=\"generator\" content=\"All in One SEO Pro (AIOSEO) 5.0.1\" \/>\n\t\t<meta property=\"og:locale\" content=\"es_ES\" \/>\n\t\t<meta property=\"og:site_name\" content=\"El Digital de Asturias\" \/>\n\t\t<meta property=\"og:type\" content=\"article\" \/>\n\t\t<meta property=\"og:title\" content=\"Pedro S\u00e1nchez: \u201cSe trata de convicci\u00f3n, no de encuestas\u201d - El Digital de Asturias\" \/>\n\t\t<meta property=\"og:description\" content=\"\u201cEstamos hablando de ejemplaridad y de la necesidad de que se vaya de la presidencia de la Comunidad de Madrid la persona que ha mentido y que ha desprestigiado las instituciones madrile\u00f1as\u201d, ha explicado el secretario general del PSOE en Tele 5. Pedro S\u00e1nchez coloca la responsabilidad del PSOE frente a las actitudes de PP\" \/>\n\t\t<meta property=\"og:url\" content=\"https:\/\/www.eldigitaldeasturias.com\/noticias\/pedro-sanchez-se-trata-de-conviccion-no-de-encuestas\/\" \/>\n\t\t<meta property=\"article:tag\" content=\"actualidad\" \/>\n\t\t<meta property=\"article:published_time\" content=\"2018-04-22T05:30:02+00:00\" \/>\n\t\t<meta property=\"article:modified_time\" content=\"2018-04-22T05:30:02+00:00\" \/>\n\t\t<meta property=\"article:publisher\" content=\"https:\/\/facebook.com\/eldigitaldeasturias\" \/>\n\t\t<meta name=\"twitter:card\" content=\"summary_large_image\" \/>\n\t\t<meta name=\"twitter:title\" content=\"Pedro S\u00e1nchez: \u201cSe trata de convicci\u00f3n, no de encuestas\u201d - El Digital de Asturias\" \/>\n\t\t<meta name=\"twitter:description\" content=\"\u201cEstamos hablando de ejemplaridad y de la necesidad de que se vaya de la presidencia de la Comunidad de Madrid la persona que ha mentido y que ha desprestigiado las instituciones madrile\u00f1as\u201d, ha explicado el secretario general del PSOE en Tele 5. Pedro S\u00e1nchez coloca la responsabilidad del PSOE frente a las actitudes de PP\" \/>\n\t\t<meta name=\"twitter:image\" content=\"https:\/\/www.eldigitaldeasturias.com\/noticias\/wp-content\/uploads\/2020\/12\/EDA-1.jpg\" \/>\n\t\t<meta name=\"twitter:label1\" content=\"Escrito por\" \/>\n\t\t<meta name=\"twitter:data1\" content=\"El Digital de Asturias\" \/>\n\t\t<meta name=\"twitter:label2\" content=\"Tiempo de lectura estimado\" \/>\n\t\t<meta name=\"twitter:data2\" content=\"2 minutos\" \/>\n\t\t<script type=\"application\/ld+json\" class=\"aioseo-schema\">\n\t\t\t{\"@context\":\"https:\\\/\\\/schema.org\",\"@graph\":[{\"@type\":\"BlogPosting\",\"@id\":\"https:\\\/\\\/www.eldigitaldeasturias.com\\\/noticias\\\/pedro-sanchez-se-trata-de-conviccion-no-de-encuestas\\\/#blogposting\",\"name\":\"Pedro S\\u00e1nchez: \\u201cSe trata de convicci\\u00f3n, no de encuestas\\u201d - El Digital de Asturias\",\"headline\":\"Pedro S\\u00e1nchez: \\u201cSe trata de convicci\\u00f3n, no de encuestas\\u201d\",\"author\":{\"@id\":\"https:\\\/\\\/www.eldigitaldeasturias.com\\\/noticias\\\/author\\\/admin\\\/#author\"},\"publisher\":{\"@id\":\"https:\\\/\\\/www.eldigitaldeasturias.com\\\/noticias\\\/#organization\"},\"image\":{\"@type\":\"ImageObject\",\"url\":793321},\"datePublished\":\"2018-04-22T05:30:02+02:00\",\"dateModified\":\"2018-04-22T05:30:02+02:00\",\"inLanguage\":\"es-ES\",\"mainEntityOfPage\":{\"@id\":\"https:\\\/\\\/www.eldigitaldeasturias.com\\\/noticias\\\/pedro-sanchez-se-trata-de-conviccion-no-de-encuestas\\\/#webpage\"},\"isPartOf\":{\"@id\":\"https:\\\/\\\/www.eldigitaldeasturias.com\\\/noticias\\\/pedro-sanchez-se-trata-de-conviccion-no-de-encuestas\\\/#webpage\"},\"articleSection\":\"Actualidad\"},{\"@type\":\"BreadcrumbList\",\"@id\":\"https:\\\/\\\/www.eldigitaldeasturias.com\\\/noticias\\\/pedro-sanchez-se-trata-de-conviccion-no-de-encuestas\\\/#breadcrumblist\",\"itemListElement\":[{\"@type\":\"ListItem\",\"@id\":\"https:\\\/\\\/www.eldigitaldeasturias.com\\\/noticias#listItem\",\"position\":1,\"name\":\"Home\",\"item\":\"https:\\\/\\\/www.eldigitaldeasturias.com\\\/noticias\",\"nextItem\":{\"@type\":\"ListItem\",\"@id\":\"https:\\\/\\\/www.eldigitaldeasturias.com\\\/noticias\\\/category\\\/actualidad\\\/#listItem\",\"name\":\"Actualidad\"}},{\"@type\":\"ListItem\",\"@id\":\"https:\\\/\\\/www.eldigitaldeasturias.com\\\/noticias\\\/category\\\/actualidad\\\/#listItem\",\"position\":2,\"name\":\"Actualidad\",\"item\":\"https:\\\/\\\/www.eldigitaldeasturias.com\\\/noticias\\\/category\\\/actualidad\\\/\",\"nextItem\":{\"@type\":\"ListItem\",\"@id\":\"https:\\\/\\\/www.eldigitaldeasturias.com\\\/noticias\\\/pedro-sanchez-se-trata-de-conviccion-no-de-encuestas\\\/#listItem\",\"name\":\"Pedro S\\u00e1nchez: \\u201cSe trata de convicci\\u00f3n, no de encuestas\\u201d\"},\"previousItem\":{\"@type\":\"ListItem\",\"@id\":\"https:\\\/\\\/www.eldigitaldeasturias.com\\\/noticias#listItem\",\"name\":\"Home\"}},{\"@type\":\"ListItem\",\"@id\":\"https:\\\/\\\/www.eldigitaldeasturias.com\\\/noticias\\\/pedro-sanchez-se-trata-de-conviccion-no-de-encuestas\\\/#listItem\",\"position\":3,\"name\":\"Pedro S\\u00e1nchez: \\u201cSe trata de convicci\\u00f3n, no de encuestas\\u201d\",\"previousItem\":{\"@type\":\"ListItem\",\"@id\":\"https:\\\/\\\/www.eldigitaldeasturias.com\\\/noticias\\\/category\\\/actualidad\\\/#listItem\",\"name\":\"Actualidad\"}}]},{\"@type\":\"Organization\",\"@id\":\"https:\\\/\\\/www.eldigitaldeasturias.com\\\/noticias\\\/#organization\",\"name\":\"El Digital de Asturias\",\"description\":\"Hemeroteca\",\"url\":\"https:\\\/\\\/www.eldigitaldeasturias.com\\\/noticias\\\/\",\"email\":\"info@eldigitaldeasturias.com\",\"telephone\":\"+34652131393\",\"logo\":{\"@type\":\"ImageObject\",\"url\":\"https:\\\/\\\/www.eldigitaldeasturias.com\\\/noticias\\\/wp-content\\\/uploads\\\/2020\\\/12\\\/EDA.jpg\",\"@id\":\"https:\\\/\\\/www.eldigitaldeasturias.com\\\/noticias\\\/pedro-sanchez-se-trata-de-conviccion-no-de-encuestas\\\/#organizationLogo\"},\"image\":{\"@id\":\"https:\\\/\\\/www.eldigitaldeasturias.com\\\/noticias\\\/pedro-sanchez-se-trata-de-conviccion-no-de-encuestas\\\/#organizationLogo\"},\"sameAs\":[\"https:\\\/\\\/facebook.com\\\/eldigitaldeasturias\",\"https:\\\/\\\/www.youtube.com\\\/channel\\\/UCZP-2wLEB9Rv6erhFmqVnvg\"],\"address\":{\"@id\":\"https:\\\/\\\/www.eldigitaldeasturias.com\\\/noticias\\\/#postaladdress\",\"@type\":\"PostalAddress\",\"streetAddress\":\"san antonio 4\",\"postalCode\":\"33430\",\"addressLocality\":\"Cand\\u00e1s\",\"addressRegion\":\"Asturias\",\"addressCountry\":\"ES\"}},{\"@type\":\"Person\",\"@id\":\"https:\\\/\\\/www.eldigitaldeasturias.com\\\/noticias\\\/author\\\/admin\\\/#author\",\"url\":\"https:\\\/\\\/www.eldigitaldeasturias.com\\\/noticias\\\/author\\\/admin\\\/\",\"name\":\"El Digital de Asturias\",\"image\":{\"@type\":\"ImageObject\",\"@id\":\"https:\\\/\\\/www.eldigitaldeasturias.com\\\/noticias\\\/pedro-sanchez-se-trata-de-conviccion-no-de-encuestas\\\/#authorImage\",\"url\":\"https:\\\/\\\/secure.gravatar.com\\\/avatar\\\/df2aeffc32bcd13f8d26072ef8a91b623d677766deac7f97ca815868cd41bf5e?s=96&d=mm&r=g\",\"width\":96,\"height\":96,\"caption\":\"El Digital de Asturias\"}},{\"@type\":\"WebPage\",\"@id\":\"https:\\\/\\\/www.eldigitaldeasturias.com\\\/noticias\\\/pedro-sanchez-se-trata-de-conviccion-no-de-encuestas\\\/#webpage\",\"url\":\"https:\\\/\\\/www.eldigitaldeasturias.com\\\/noticias\\\/pedro-sanchez-se-trata-de-conviccion-no-de-encuestas\\\/\",\"name\":\"Pedro S\\u00e1nchez: \\u201cSe trata de convicci\\u00f3n, no de encuestas\\u201d - El Digital de Asturias\",\"description\":\"\\u201cEstamos hablando de ejemplaridad y de la necesidad de que se vaya de la presidencia de la Comunidad de Madrid la persona que ha mentido y que ha desprestigiado las instituciones madrile\\u00f1as\\u201d, ha explicado el secretario general del PSOE en Tele 5. Pedro S\\u00e1nchez coloca la responsabilidad del PSOE frente a las actitudes de PP\",\"inLanguage\":\"es-ES\",\"isPartOf\":{\"@id\":\"https:\\\/\\\/www.eldigitaldeasturias.com\\\/noticias\\\/#website\"},\"breadcrumb\":{\"@id\":\"https:\\\/\\\/www.eldigitaldeasturias.com\\\/noticias\\\/pedro-sanchez-se-trata-de-conviccion-no-de-encuestas\\\/#breadcrumblist\"},\"author\":{\"@id\":\"https:\\\/\\\/www.eldigitaldeasturias.com\\\/noticias\\\/author\\\/admin\\\/#author\"},\"creator\":{\"@id\":\"https:\\\/\\\/www.eldigitaldeasturias.com\\\/noticias\\\/author\\\/admin\\\/#author\"},\"image\":{\"@type\":\"ImageObject\",\"url\":793321,\"@id\":\"https:\\\/\\\/www.eldigitaldeasturias.com\\\/noticias\\\/pedro-sanchez-se-trata-de-conviccion-no-de-encuestas\\\/#mainImage\"},\"primaryImageOfPage\":{\"@id\":\"https:\\\/\\\/www.eldigitaldeasturias.com\\\/noticias\\\/pedro-sanchez-se-trata-de-conviccion-no-de-encuestas\\\/#mainImage\"},\"datePublished\":\"2018-04-22T05:30:02+02:00\",\"dateModified\":\"2018-04-22T05:30:02+02:00\"},{\"@type\":\"WebSite\",\"@id\":\"https:\\\/\\\/www.eldigitaldeasturias.com\\\/noticias\\\/#website\",\"url\":\"https:\\\/\\\/www.eldigitaldeasturias.com\\\/noticias\\\/\",\"name\":\"El Digital de Asturias - Diario de actualidad y noticias\",\"alternateName\":\"El Digital de Asturias - Diario de actualidad y noticias\",\"description\":\"Hemeroteca\",\"inLanguage\":\"es-ES\",\"publisher\":{\"@id\":\"https:\\\/\\\/www.eldigitaldeasturias.com\\\/noticias\\\/#organization\"}}]}\n\t\t<\/script>\n\t\t<!-- All in One SEO Pro -->\r\n\t\t<title>Pedro S\u00e1nchez: \u201cSe trata de convicci\u00f3n, no de encuestas\u201d - El Digital de Asturias<\/title>\n\n","aioseo_head_json":{"title":"Pedro S\u00e1nchez: \u201cSe trata de convicci\u00f3n, no de encuestas\u201d - El Digital de Asturias","description":"\u201cEstamos hablando de ejemplaridad y de la necesidad de que se vaya de la presidencia de la Comunidad de Madrid la persona que ha mentido y que ha desprestigiado las instituciones madrile\u00f1as\u201d, ha explicado el secretario general del PSOE en Tele 5. Pedro S\u00e1nchez coloca la responsabilidad del PSOE frente a las actitudes de PP","canonical_url":"https:\/\/www.eldigitaldeasturias.com\/noticias\/pedro-sanchez-se-trata-de-conviccion-no-de-encuestas\/","robots":"max-image-preview:large","keywords":"actualidad","webmasterTools":{"google-site-verification":"UA-38556648-1","msvalidate.01":"7dfe9f3f1b24437ab69f4f2559babe99","miscellaneous":""},"schema":{"@context":"https:\/\/schema.org","@graph":[{"@type":"BlogPosting","@id":"https:\/\/www.eldigitaldeasturias.com\/noticias\/pedro-sanchez-se-trata-de-conviccion-no-de-encuestas\/#blogposting","name":"Pedro S\u00e1nchez: \u201cSe trata de convicci\u00f3n, no de encuestas\u201d - El Digital de Asturias","headline":"Pedro S\u00e1nchez: \u201cSe trata de convicci\u00f3n, no de encuestas\u201d","author":{"@id":"https:\/\/www.eldigitaldeasturias.com\/noticias\/author\/admin\/#author"},"publisher":{"@id":"https:\/\/www.eldigitaldeasturias.com\/noticias\/#organization"},"image":{"@type":"ImageObject","url":793321},"datePublished":"2018-04-22T05:30:02+02:00","dateModified":"2018-04-22T05:30:02+02:00","inLanguage":"es-ES","mainEntityOfPage":{"@id":"https:\/\/www.eldigitaldeasturias.com\/noticias\/pedro-sanchez-se-trata-de-conviccion-no-de-encuestas\/#webpage"},"isPartOf":{"@id":"https:\/\/www.eldigitaldeasturias.com\/noticias\/pedro-sanchez-se-trata-de-conviccion-no-de-encuestas\/#webpage"},"articleSection":"Actualidad"},{"@type":"BreadcrumbList","@id":"https:\/\/www.eldigitaldeasturias.com\/noticias\/pedro-sanchez-se-trata-de-conviccion-no-de-encuestas\/#breadcrumblist","itemListElement":[{"@type":"ListItem","@id":"https:\/\/www.eldigitaldeasturias.com\/noticias#listItem","position":1,"name":"Home","item":"https:\/\/www.eldigitaldeasturias.com\/noticias","nextItem":{"@type":"ListItem","@id":"https:\/\/www.eldigitaldeasturias.com\/noticias\/category\/actualidad\/#listItem","name":"Actualidad"}},{"@type":"ListItem","@id":"https:\/\/www.eldigitaldeasturias.com\/noticias\/category\/actualidad\/#listItem","position":2,"name":"Actualidad","item":"https:\/\/www.eldigitaldeasturias.com\/noticias\/category\/actualidad\/","nextItem":{"@type":"ListItem","@id":"https:\/\/www.eldigitaldeasturias.com\/noticias\/pedro-sanchez-se-trata-de-conviccion-no-de-encuestas\/#listItem","name":"Pedro S\u00e1nchez: \u201cSe trata de convicci\u00f3n, no de encuestas\u201d"},"previousItem":{"@type":"ListItem","@id":"https:\/\/www.eldigitaldeasturias.com\/noticias#listItem","name":"Home"}},{"@type":"ListItem","@id":"https:\/\/www.eldigitaldeasturias.com\/noticias\/pedro-sanchez-se-trata-de-conviccion-no-de-encuestas\/#listItem","position":3,"name":"Pedro S\u00e1nchez: \u201cSe trata de convicci\u00f3n, no de encuestas\u201d","previousItem":{"@type":"ListItem","@id":"https:\/\/www.eldigitaldeasturias.com\/noticias\/category\/actualidad\/#listItem","name":"Actualidad"}}]},{"@type":"Organization","@id":"https:\/\/www.eldigitaldeasturias.com\/noticias\/#organization","name":"El Digital de Asturias","description":"Hemeroteca","url":"https:\/\/www.eldigitaldeasturias.com\/noticias\/","email":"info@eldigitaldeasturias.com","telephone":"+34652131393","logo":{"@type":"ImageObject","url":"https:\/\/www.eldigitaldeasturias.com\/noticias\/wp-content\/uploads\/2020\/12\/EDA.jpg","@id":"https:\/\/www.eldigitaldeasturias.com\/noticias\/pedro-sanchez-se-trata-de-conviccion-no-de-encuestas\/#organizationLogo"},"image":{"@id":"https:\/\/www.eldigitaldeasturias.com\/noticias\/pedro-sanchez-se-trata-de-conviccion-no-de-encuestas\/#organizationLogo"},"sameAs":["https:\/\/facebook.com\/eldigitaldeasturias","https:\/\/www.youtube.com\/channel\/UCZP-2wLEB9Rv6erhFmqVnvg"],"address":{"@id":"https:\/\/www.eldigitaldeasturias.com\/noticias\/#postaladdress","@type":"PostalAddress","streetAddress":"san antonio 4","postalCode":"33430","addressLocality":"Cand\u00e1s","addressRegion":"Asturias","addressCountry":"ES"}},{"@type":"Person","@id":"https:\/\/www.eldigitaldeasturias.com\/noticias\/author\/admin\/#author","url":"https:\/\/www.eldigitaldeasturias.com\/noticias\/author\/admin\/","name":"El Digital de Asturias","image":{"@type":"ImageObject","@id":"https:\/\/www.eldigitaldeasturias.com\/noticias\/pedro-sanchez-se-trata-de-conviccion-no-de-encuestas\/#authorImage","url":"https:\/\/secure.gravatar.com\/avatar\/df2aeffc32bcd13f8d26072ef8a91b623d677766deac7f97ca815868cd41bf5e?s=96&d=mm&r=g","width":96,"height":96,"caption":"El Digital de Asturias"}},{"@type":"WebPage","@id":"https:\/\/www.eldigitaldeasturias.com\/noticias\/pedro-sanchez-se-trata-de-conviccion-no-de-encuestas\/#webpage","url":"https:\/\/www.eldigitaldeasturias.com\/noticias\/pedro-sanchez-se-trata-de-conviccion-no-de-encuestas\/","name":"Pedro S\u00e1nchez: \u201cSe trata de convicci\u00f3n, no de encuestas\u201d - El Digital de Asturias","description":"\u201cEstamos hablando de ejemplaridad y de la necesidad de que se vaya de la presidencia de la Comunidad de Madrid la persona que ha mentido y que ha desprestigiado las instituciones madrile\u00f1as\u201d, ha explicado el secretario general del PSOE en Tele 5. Pedro S\u00e1nchez coloca la responsabilidad del PSOE frente a las actitudes de PP","inLanguage":"es-ES","isPartOf":{"@id":"https:\/\/www.eldigitaldeasturias.com\/noticias\/#website"},"breadcrumb":{"@id":"https:\/\/www.eldigitaldeasturias.com\/noticias\/pedro-sanchez-se-trata-de-conviccion-no-de-encuestas\/#breadcrumblist"},"author":{"@id":"https:\/\/www.eldigitaldeasturias.com\/noticias\/author\/admin\/#author"},"creator":{"@id":"https:\/\/www.eldigitaldeasturias.com\/noticias\/author\/admin\/#author"},"image":{"@type":"ImageObject","url":793321,"@id":"https:\/\/www.eldigitaldeasturias.com\/noticias\/pedro-sanchez-se-trata-de-conviccion-no-de-encuestas\/#mainImage"},"primaryImageOfPage":{"@id":"https:\/\/www.eldigitaldeasturias.com\/noticias\/pedro-sanchez-se-trata-de-conviccion-no-de-encuestas\/#mainImage"},"datePublished":"2018-04-22T05:30:02+02:00","dateModified":"2018-04-22T05:30:02+02:00"},{"@type":"WebSite","@id":"https:\/\/www.eldigitaldeasturias.com\/noticias\/#website","url":"https:\/\/www.eldigitaldeasturias.com\/noticias\/","name":"El Digital de Asturias - Diario de actualidad y noticias","alternateName":"El Digital de Asturias - Diario de actualidad y noticias","description":"Hemeroteca","inLanguage":"es-ES","publisher":{"@id":"https:\/\/www.eldigitaldeasturias.com\/noticias\/#organization"}}]},"og:locale":"es_ES","og:site_name":"El Digital de Asturias","og:type":"article","og:title":"Pedro S\u00e1nchez: \u201cSe trata de convicci\u00f3n, no de encuestas\u201d - El Digital de Asturias","og:description":"\u201cEstamos hablando de ejemplaridad y de la necesidad de que se vaya de la presidencia de la Comunidad de Madrid la persona que ha mentido y que ha desprestigiado las instituciones madrile\u00f1as\u201d, ha explicado el secretario general del PSOE en Tele 5. Pedro S\u00e1nchez coloca la responsabilidad del PSOE frente a las actitudes de PP","og:url":"https:\/\/www.eldigitaldeasturias.com\/noticias\/pedro-sanchez-se-trata-de-conviccion-no-de-encuestas\/","article:tag":["actualidad"],"article:published_time":"2018-04-22T05:30:02+00:00","article:modified_time":"2018-04-22T05:30:02+00:00","article:publisher":"https:\/\/facebook.com\/eldigitaldeasturias","twitter:card":"summary_large_image","twitter:title":"Pedro S\u00e1nchez: \u201cSe trata de convicci\u00f3n, no de encuestas\u201d - El Digital de Asturias","twitter:description":"\u201cEstamos hablando de ejemplaridad y de la necesidad de que se vaya de la presidencia de la Comunidad de Madrid la persona que ha mentido y que ha desprestigiado las instituciones madrile\u00f1as\u201d, ha explicado el secretario general del PSOE en Tele 5. Pedro S\u00e1nchez coloca la responsabilidad del PSOE frente a las actitudes de PP","twitter:image":"https:\/\/www.eldigitaldeasturias.com\/noticias\/wp-content\/uploads\/2020\/12\/EDA-1.jpg","twitter:label1":"Escrito por","twitter:data1":"El Digital de Asturias","twitter:label2":"Tiempo de lectura estimado","twitter:data2":"2 minutos"},"aioseo_meta_data":{"post_id":"976917","title":null,"description":null,"keywords":null,"keyphrases":null,"primary_term":null,"canonical_url":null,"og_title":null,"og_description":null,"og_object_type":"default","og_image_type":"default","og_image_url":null,"og_image_width":null,"og_image_height":null,"og_image_custom_url":null,"og_image_custom_fields":null,"og_video":null,"og_custom_url":null,"og_article_section":null,"og_article_tags":null,"twitter_use_og":false,"twitter_card":"default","twitter_image_type":"default","twitter_image_url":null,"twitter_image_custom_url":null,"twitter_image_custom_fields":null,"twitter_title":null,"twitter_description":null,"schema":{"blockGraphs":[],"customGraphs":[],"default":{"data":{"Article":[],"Course":[],"Dataset":[],"FAQPage":[],"Movie":[],"Person":[],"Product":[],"ProductReview":[],"Car":[],"Recipe":[],"Service":[],"SoftwareApplication":[],"WebPage":[]},"graphName":"","isEnabled":true},"graphs":[],"defaultGraph":"","defaultPostTypeGraph":""},"schema_type":null,"schema_type_options":null,"pillar_content":false,"robots_default":true,"robots_noindex":false,"robots_noarchive":false,"robots_nosnippet":false,"robots_nofollow":false,"robots_noimageindex":false,"robots_noodp":false,"robots_notranslate":false,"robots_max_snippet":null,"robots_max_videopreview":null,"robots_max_imagepreview":"large","priority":null,"frequency":null,"local_seo":null,"seo_analyzer_scan_date":"2025-10-08 05:35:06","breadcrumb_settings":null,"limit_modified_date":false,"open_ai":null,"ai":null,"created":"2020-12-21 12:06:39","updated":"2025-10-08 05:35:06","focus_keyword":null,"additional_keywords":null,"truseo_locale":null},"aioseo_breadcrumb":"<div class=\"aioseo-breadcrumbs\"><span class=\"aioseo-breadcrumb\">\n\t<a href=\"https:\/\/www.eldigitaldeasturias.com\/noticias\" title=\"Home\">Home<\/a>\n<\/span><span class=\"aioseo-breadcrumb-separator\">\u2013<\/span><span class=\"aioseo-breadcrumb\">\n\t<a href=\"https:\/\/www.eldigitaldeasturias.com\/noticias\/category\/actualidad\/\" title=\"Actualidad\">Actualidad<\/a>\n<\/span><span class=\"aioseo-breadcrumb-separator\">\u2013<\/span><span class=\"aioseo-breadcrumb\">\n\t<a href=\"https:\/\/www.eldigitaldeasturias.com\/noticias\/pedro-sanchez-se-trata-de-conviccion-no-de-encuestas\/\" title=\"Pedro S\u00e1nchez: \u201cSe trata de convicci\u00f3n, no de encuestas\u201d\">Pedro S\u00e1nchez: \u201cSe trata de convicci\u00f3n, no de encuestas\u201d<\/a>\n<\/span><\/div>","aioseo_breadcrumb_json":[{"label":"Home","link":"https:\/\/www.eldigitaldeasturias.com\/noticias"},{"label":"Actualidad","link":"https:\/\/www.eldigitaldeasturias.com\/noticias\/category\/actualidad\/"},{"label":"Pedro S\u00e1nchez: \u201cSe trata de convicci\u00f3n, no de encuestas\u201d","link":"https:\/\/www.eldigitaldeasturias.com\/noticias\/pedro-sanchez-se-trata-de-conviccion-no-de-encuestas\/"}],"_links":{"self":[{"href":"https:\/\/www.eldigitaldeasturias.com\/noticias\/wp-json\/wp\/v2\/posts\/976917","targetHints":{"allow":["GET"]}}],"collection":[{"href":"https:\/\/www.eldigitaldeasturias.com\/noticias\/wp-json\/wp\/v2\/posts"}],"about":[{"href":"https:\/\/www.eldigitaldeasturias.com\/noticias\/wp-json\/wp\/v2\/types\/post"}],"author":[{"embeddable":true,"href":"https:\/\/www.eldigitaldeasturias.com\/noticias\/wp-json\/wp\/v2\/users\/1"}],"replies":[{"embeddable":true,"href":"https:\/\/www.eldigitaldeasturias.com\/noticias\/wp-json\/wp\/v2\/comments?post=976917"}],"version-history":[{"count":0,"href":"https:\/\/www.eldigitaldeasturias.com\/noticias\/wp-json\/wp\/v2\/posts\/976917\/revisions"}],"wp:attachment":[{"href":"https:\/\/www.eldigitaldeasturias.com\/noticias\/wp-json\/wp\/v2\/media?parent=976917"}],"wp:term":[{"taxonomy":"category","embeddable":true,"href":"https:\/\/www.eldigitaldeasturias.com\/noticias\/wp-json\/wp\/v2\/categories?post=976917"},{"taxonomy":"post_tag","embeddable":true,"href":"https:\/\/www.eldigitaldeasturias.com\/noticias\/wp-json\/wp\/v2\/tags?post=976917"}],"curies":[{"name":"wp","href":"https:\/\/api.w.org\/{rel}","templated":true}]}}