{"id":976888,"date":"2018-04-22T00:53:05","date_gmt":"2018-04-22T00:53:05","guid":{"rendered":"http:\/\/www.eldigitaldeasturias.com\/noticias\/?p=976888"},"modified":"2018-04-22T00:53:05","modified_gmt":"2018-04-22T00:53:05","slug":"miguel-diaz-canel-inicia-su-presidencia-recibiendo-a-nicolas-maduro","status":"publish","type":"post","link":"https:\/\/www.eldigitaldeasturias.com\/noticias\/miguel-diaz-canel-inicia-su-presidencia-recibiendo-a-nicolas-maduro\/","title":{"rendered":"Miguel D\u00edaz-Canel inicia su presidencia recibiendo a Nicol\u00e1s Maduro"},"content":{"rendered":"<p><img loading=\"lazy\" decoding=\"async\" class=\"alignleft size-medium wp-image-976323\" src=\"https:\/\/www.eldigitaldeasturias.com\/noticias\/wp-content\/uploads\/2018\/04\/city-3245250_960_720-360x240.jpg\" alt=\"\" width=\"360\" height=\"240\" \/>La Habana, 21 abr (dpa) &#8211; El presidente cubano Miguel D\u00edaz-Canel se reuni\u00f3 hoy con el mandatario venezolano Nicol\u00e1s Maduro, en lo que fue el primer acto oficial de su presidencia.<\/p>\n<p>Maduro comenz\u00f3 su agenda este s\u00e1bado con una ofrenda floral al H\u00e9roe Nacional cubano Jos\u00e9 Mart\u00ed, acompa\u00f1ado por el canciller venezolano, Jorge Arreaza y el vicepresidente y ministro de Educaci\u00f3n, El\u00edas Jaua.<\/p>\n<p>Posteriormente fue recibido con honores militares en el emblem\u00e1tico Palacio de la Revoluci\u00f3n de La Habana, donde mantuvo un encuentro a puerta cerrada con el nuevo presidente cubano, seg\u00fan im\u00e1genes de la televisi\u00f3n estatal.<\/p>\n<p>Como novedad en el protocolo cubano, la esposa de D\u00edaz-Canel, Lis Cuesta, ejerci\u00f3 como Primera Dama en el encuentro del Palacio de la Revoluci\u00f3n, algo que es novedoso en la Revoluci\u00f3n cubana que no ha tenido antes ese tipo de figura.<\/p>\n<p>D\u00edaz-Canel fue proclamado el pasado jueves como nuevo presidente cubano sucediendo a Ra\u00fal Castro, que termin\u00f3 su segundo mandato y a partir de ahora se mantendr\u00e1 como Primer Secretario del Partido Comunista de Cuba (PCC) hasta el 2021.<\/p>\n<p>Su primer acto oficial fue recibir al aliado Nicol\u00e1s Maduro y est\u00e1 previsto que el lunes pr\u00f3ximo se re\u00fana en La Habana con el mandatario boliviano, Evo Morales.<\/p>\n<p>Al llegar al Aeropuerto Internacional Jos\u00e9 Mart\u00ed en la noche del viernes, Maduro asegur\u00f3 que Cuba y Venezuela \u00abtienen todas las potencialidades para continuar la colaboraci\u00f3n y la cooperaci\u00f3n en diversas materias a favor del desarrollo de los pueblos de Am\u00e9rica Latina y el Caribe\u00bb.<\/p>\n<p>Cuba y Venezuela mantienen fuertes lazos desde la \u00e9poca de los expresidentes Fidel Castro y Hugo Ch\u00e1vez, con acuerdos por lo que La Habana presta servicios profesionales, especialmente m\u00e9dicos, a cambio del env\u00edo de petr\u00f3leo venezolano a previos preferenciales.<\/p>\n<p>Aunque la crisis pol\u00edtica y econ\u00f3mica que vive Caracas ha significado la reducci\u00f3n a la mitad de los env\u00edos con los que se iniciaron los acuerdos llegando actualmente a poco m\u00e1s de 50.000 barriles diarios.<\/p>\n","protected":false},"excerpt":{"rendered":"<p>La Habana, 21 abr (dpa) &#8211; El presidente cubano Miguel D\u00edaz-Canel se reuni\u00f3 hoy con el mandatario venezolano Nicol\u00e1s Maduro, en lo que fue el primer acto oficial de su presidencia. Maduro comenz\u00f3 su agenda este s\u00e1bado con una ofrenda floral al H\u00e9roe Nacional cubano Jos\u00e9 Mart\u00ed, acompa\u00f1ado por el canciller venezolano, Jorge Arreaza y [&hellip;]<\/p>\n","protected":false},"author":1,"featured_media":976326,"comment_status":"closed","ping_status":"closed","sticky":false,"template":"","format":"standard","meta":{"footnotes":""},"categories":[1],"tags":[],"class_list":["post-976888","post","type-post","status-publish","format-standard","has-post-thumbnail","hentry","category-actualidad"],"aioseo_notices":[],"aioseo_head":"\n\t\t<!-- All in One SEO Pro 5.0.1 - aioseo.com -->\n\t<meta name=\"description\" content=\"La Habana, 21 abr (dpa) - El presidente cubano Miguel D\u00edaz-Canel se reuni\u00f3 hoy con el mandatario venezolano Nicol\u00e1s Maduro, en lo que fue el primer acto oficial de su presidencia. Maduro comenz\u00f3 su agenda este s\u00e1bado con una ofrenda floral al H\u00e9roe Nacional cubano Jos\u00e9 Mart\u00ed, acompa\u00f1ado por el canciller venezolano, Jorge Arreaza y\" \/>\n\t<meta name=\"robots\" content=\"max-image-preview:large\" \/>\n\t<meta name=\"author\" content=\"El Digital de Asturias\"\/>\n\t<meta name=\"google-site-verification\" content=\"UA-38556648-1\" \/>\n\t<meta name=\"msvalidate.01\" content=\"7dfe9f3f1b24437ab69f4f2559babe99\" \/>\n\t<meta name=\"keywords\" content=\"actualidad\" \/>\n\t<link rel=\"canonical\" href=\"https:\/\/www.eldigitaldeasturias.com\/noticias\/miguel-diaz-canel-inicia-su-presidencia-recibiendo-a-nicolas-maduro\/\" \/>\n\t<meta name=\"generator\" content=\"All in One SEO Pro (AIOSEO) 5.0.1\" \/>\n\t\t<meta property=\"og:locale\" content=\"es_ES\" \/>\n\t\t<meta property=\"og:site_name\" content=\"El Digital de Asturias\" \/>\n\t\t<meta property=\"og:type\" content=\"article\" \/>\n\t\t<meta property=\"og:title\" content=\"Miguel D\u00edaz-Canel inicia su presidencia recibiendo a Nicol\u00e1s Maduro - El Digital de Asturias\" \/>\n\t\t<meta property=\"og:description\" content=\"La Habana, 21 abr (dpa) - El presidente cubano Miguel D\u00edaz-Canel se reuni\u00f3 hoy con el mandatario venezolano Nicol\u00e1s Maduro, en lo que fue el primer acto oficial de su presidencia. Maduro comenz\u00f3 su agenda este s\u00e1bado con una ofrenda floral al H\u00e9roe Nacional cubano Jos\u00e9 Mart\u00ed, acompa\u00f1ado por el canciller venezolano, Jorge Arreaza y\" \/>\n\t\t<meta property=\"og:url\" content=\"https:\/\/www.eldigitaldeasturias.com\/noticias\/miguel-diaz-canel-inicia-su-presidencia-recibiendo-a-nicolas-maduro\/\" \/>\n\t\t<meta property=\"article:tag\" content=\"actualidad\" \/>\n\t\t<meta property=\"article:published_time\" content=\"2018-04-22T00:53:05+00:00\" \/>\n\t\t<meta property=\"article:modified_time\" content=\"2018-04-22T00:53:05+00:00\" \/>\n\t\t<meta property=\"article:publisher\" content=\"https:\/\/facebook.com\/eldigitaldeasturias\" \/>\n\t\t<meta name=\"twitter:card\" content=\"summary_large_image\" \/>\n\t\t<meta name=\"twitter:title\" content=\"Miguel D\u00edaz-Canel inicia su presidencia recibiendo a Nicol\u00e1s Maduro - El Digital de Asturias\" \/>\n\t\t<meta name=\"twitter:description\" content=\"La Habana, 21 abr (dpa) - El presidente cubano Miguel D\u00edaz-Canel se reuni\u00f3 hoy con el mandatario venezolano Nicol\u00e1s Maduro, en lo que fue el primer acto oficial de su presidencia. Maduro comenz\u00f3 su agenda este s\u00e1bado con una ofrenda floral al H\u00e9roe Nacional cubano Jos\u00e9 Mart\u00ed, acompa\u00f1ado por el canciller venezolano, Jorge Arreaza y\" \/>\n\t\t<meta name=\"twitter:image\" content=\"https:\/\/www.eldigitaldeasturias.com\/noticias\/wp-content\/uploads\/2020\/12\/EDA-1.jpg\" \/>\n\t\t<meta name=\"twitter:label1\" content=\"Escrito por\" \/>\n\t\t<meta name=\"twitter:data1\" content=\"El Digital de Asturias\" \/>\n\t\t<meta name=\"twitter:label2\" content=\"Tiempo de lectura estimado\" \/>\n\t\t<meta name=\"twitter:data2\" content=\"2 minutos\" \/>\n\t\t<script type=\"application\/ld+json\" class=\"aioseo-schema\">\n\t\t\t{\"@context\":\"https:\\\/\\\/schema.org\",\"@graph\":[{\"@type\":\"BlogPosting\",\"@id\":\"https:\\\/\\\/www.eldigitaldeasturias.com\\\/noticias\\\/miguel-diaz-canel-inicia-su-presidencia-recibiendo-a-nicolas-maduro\\\/#blogposting\",\"name\":\"Miguel D\\u00edaz-Canel inicia su presidencia recibiendo a Nicol\\u00e1s Maduro - El Digital de Asturias\",\"headline\":\"Miguel D\\u00edaz-Canel inicia su presidencia recibiendo a Nicol\\u00e1s Maduro\",\"author\":{\"@id\":\"https:\\\/\\\/www.eldigitaldeasturias.com\\\/noticias\\\/author\\\/admin\\\/#author\"},\"publisher\":{\"@id\":\"https:\\\/\\\/www.eldigitaldeasturias.com\\\/noticias\\\/#organization\"},\"image\":{\"@type\":\"ImageObject\",\"url\":976326},\"datePublished\":\"2018-04-22T00:53:05+02:00\",\"dateModified\":\"2018-04-22T00:53:05+02:00\",\"inLanguage\":\"es-ES\",\"mainEntityOfPage\":{\"@id\":\"https:\\\/\\\/www.eldigitaldeasturias.com\\\/noticias\\\/miguel-diaz-canel-inicia-su-presidencia-recibiendo-a-nicolas-maduro\\\/#webpage\"},\"isPartOf\":{\"@id\":\"https:\\\/\\\/www.eldigitaldeasturias.com\\\/noticias\\\/miguel-diaz-canel-inicia-su-presidencia-recibiendo-a-nicolas-maduro\\\/#webpage\"},\"articleSection\":\"Actualidad\"},{\"@type\":\"BreadcrumbList\",\"@id\":\"https:\\\/\\\/www.eldigitaldeasturias.com\\\/noticias\\\/miguel-diaz-canel-inicia-su-presidencia-recibiendo-a-nicolas-maduro\\\/#breadcrumblist\",\"itemListElement\":[{\"@type\":\"ListItem\",\"@id\":\"https:\\\/\\\/www.eldigitaldeasturias.com\\\/noticias#listItem\",\"position\":1,\"name\":\"Home\",\"item\":\"https:\\\/\\\/www.eldigitaldeasturias.com\\\/noticias\",\"nextItem\":{\"@type\":\"ListItem\",\"@id\":\"https:\\\/\\\/www.eldigitaldeasturias.com\\\/noticias\\\/category\\\/actualidad\\\/#listItem\",\"name\":\"Actualidad\"}},{\"@type\":\"ListItem\",\"@id\":\"https:\\\/\\\/www.eldigitaldeasturias.com\\\/noticias\\\/category\\\/actualidad\\\/#listItem\",\"position\":2,\"name\":\"Actualidad\",\"item\":\"https:\\\/\\\/www.eldigitaldeasturias.com\\\/noticias\\\/category\\\/actualidad\\\/\",\"nextItem\":{\"@type\":\"ListItem\",\"@id\":\"https:\\\/\\\/www.eldigitaldeasturias.com\\\/noticias\\\/miguel-diaz-canel-inicia-su-presidencia-recibiendo-a-nicolas-maduro\\\/#listItem\",\"name\":\"Miguel D\\u00edaz-Canel inicia su presidencia recibiendo a Nicol\\u00e1s Maduro\"},\"previousItem\":{\"@type\":\"ListItem\",\"@id\":\"https:\\\/\\\/www.eldigitaldeasturias.com\\\/noticias#listItem\",\"name\":\"Home\"}},{\"@type\":\"ListItem\",\"@id\":\"https:\\\/\\\/www.eldigitaldeasturias.com\\\/noticias\\\/miguel-diaz-canel-inicia-su-presidencia-recibiendo-a-nicolas-maduro\\\/#listItem\",\"position\":3,\"name\":\"Miguel D\\u00edaz-Canel inicia su presidencia recibiendo a Nicol\\u00e1s Maduro\",\"previousItem\":{\"@type\":\"ListItem\",\"@id\":\"https:\\\/\\\/www.eldigitaldeasturias.com\\\/noticias\\\/category\\\/actualidad\\\/#listItem\",\"name\":\"Actualidad\"}}]},{\"@type\":\"Organization\",\"@id\":\"https:\\\/\\\/www.eldigitaldeasturias.com\\\/noticias\\\/#organization\",\"name\":\"El Digital de Asturias\",\"description\":\"Hemeroteca\",\"url\":\"https:\\\/\\\/www.eldigitaldeasturias.com\\\/noticias\\\/\",\"email\":\"info@eldigitaldeasturias.com\",\"telephone\":\"+34652131393\",\"logo\":{\"@type\":\"ImageObject\",\"url\":\"https:\\\/\\\/www.eldigitaldeasturias.com\\\/noticias\\\/wp-content\\\/uploads\\\/2020\\\/12\\\/EDA.jpg\",\"@id\":\"https:\\\/\\\/www.eldigitaldeasturias.com\\\/noticias\\\/miguel-diaz-canel-inicia-su-presidencia-recibiendo-a-nicolas-maduro\\\/#organizationLogo\"},\"image\":{\"@id\":\"https:\\\/\\\/www.eldigitaldeasturias.com\\\/noticias\\\/miguel-diaz-canel-inicia-su-presidencia-recibiendo-a-nicolas-maduro\\\/#organizationLogo\"},\"sameAs\":[\"https:\\\/\\\/facebook.com\\\/eldigitaldeasturias\",\"https:\\\/\\\/www.youtube.com\\\/channel\\\/UCZP-2wLEB9Rv6erhFmqVnvg\"],\"address\":{\"@id\":\"https:\\\/\\\/www.eldigitaldeasturias.com\\\/noticias\\\/#postaladdress\",\"@type\":\"PostalAddress\",\"streetAddress\":\"san antonio 4\",\"postalCode\":\"33430\",\"addressLocality\":\"Cand\\u00e1s\",\"addressRegion\":\"Asturias\",\"addressCountry\":\"ES\"}},{\"@type\":\"Person\",\"@id\":\"https:\\\/\\\/www.eldigitaldeasturias.com\\\/noticias\\\/author\\\/admin\\\/#author\",\"url\":\"https:\\\/\\\/www.eldigitaldeasturias.com\\\/noticias\\\/author\\\/admin\\\/\",\"name\":\"El Digital de Asturias\",\"image\":{\"@type\":\"ImageObject\",\"@id\":\"https:\\\/\\\/www.eldigitaldeasturias.com\\\/noticias\\\/miguel-diaz-canel-inicia-su-presidencia-recibiendo-a-nicolas-maduro\\\/#authorImage\",\"url\":\"https:\\\/\\\/secure.gravatar.com\\\/avatar\\\/df2aeffc32bcd13f8d26072ef8a91b623d677766deac7f97ca815868cd41bf5e?s=96&d=mm&r=g\",\"width\":96,\"height\":96,\"caption\":\"El Digital de Asturias\"}},{\"@type\":\"WebPage\",\"@id\":\"https:\\\/\\\/www.eldigitaldeasturias.com\\\/noticias\\\/miguel-diaz-canel-inicia-su-presidencia-recibiendo-a-nicolas-maduro\\\/#webpage\",\"url\":\"https:\\\/\\\/www.eldigitaldeasturias.com\\\/noticias\\\/miguel-diaz-canel-inicia-su-presidencia-recibiendo-a-nicolas-maduro\\\/\",\"name\":\"Miguel D\\u00edaz-Canel inicia su presidencia recibiendo a Nicol\\u00e1s Maduro - El Digital de Asturias\",\"description\":\"La Habana, 21 abr (dpa) - El presidente cubano Miguel D\\u00edaz-Canel se reuni\\u00f3 hoy con el mandatario venezolano Nicol\\u00e1s Maduro, en lo que fue el primer acto oficial de su presidencia. Maduro comenz\\u00f3 su agenda este s\\u00e1bado con una ofrenda floral al H\\u00e9roe Nacional cubano Jos\\u00e9 Mart\\u00ed, acompa\\u00f1ado por el canciller venezolano, Jorge Arreaza y\",\"inLanguage\":\"es-ES\",\"isPartOf\":{\"@id\":\"https:\\\/\\\/www.eldigitaldeasturias.com\\\/noticias\\\/#website\"},\"breadcrumb\":{\"@id\":\"https:\\\/\\\/www.eldigitaldeasturias.com\\\/noticias\\\/miguel-diaz-canel-inicia-su-presidencia-recibiendo-a-nicolas-maduro\\\/#breadcrumblist\"},\"author\":{\"@id\":\"https:\\\/\\\/www.eldigitaldeasturias.com\\\/noticias\\\/author\\\/admin\\\/#author\"},\"creator\":{\"@id\":\"https:\\\/\\\/www.eldigitaldeasturias.com\\\/noticias\\\/author\\\/admin\\\/#author\"},\"image\":{\"@type\":\"ImageObject\",\"url\":976326,\"@id\":\"https:\\\/\\\/www.eldigitaldeasturias.com\\\/noticias\\\/miguel-diaz-canel-inicia-su-presidencia-recibiendo-a-nicolas-maduro\\\/#mainImage\"},\"primaryImageOfPage\":{\"@id\":\"https:\\\/\\\/www.eldigitaldeasturias.com\\\/noticias\\\/miguel-diaz-canel-inicia-su-presidencia-recibiendo-a-nicolas-maduro\\\/#mainImage\"},\"datePublished\":\"2018-04-22T00:53:05+02:00\",\"dateModified\":\"2018-04-22T00:53:05+02:00\"},{\"@type\":\"WebSite\",\"@id\":\"https:\\\/\\\/www.eldigitaldeasturias.com\\\/noticias\\\/#website\",\"url\":\"https:\\\/\\\/www.eldigitaldeasturias.com\\\/noticias\\\/\",\"name\":\"El Digital de Asturias - Diario de actualidad y noticias\",\"alternateName\":\"El Digital de Asturias - Diario de actualidad y noticias\",\"description\":\"Hemeroteca\",\"inLanguage\":\"es-ES\",\"publisher\":{\"@id\":\"https:\\\/\\\/www.eldigitaldeasturias.com\\\/noticias\\\/#organization\"}}]}\n\t\t<\/script>\n\t\t<!-- All in One SEO Pro -->\r\n\t\t<title>Miguel D\u00edaz-Canel inicia su presidencia recibiendo a Nicol\u00e1s Maduro - El Digital de Asturias<\/title>\n\n","aioseo_head_json":{"title":"Miguel D\u00edaz-Canel inicia su presidencia recibiendo a Nicol\u00e1s Maduro - El Digital de Asturias","description":"La Habana, 21 abr (dpa) - El presidente cubano Miguel D\u00edaz-Canel se reuni\u00f3 hoy con el mandatario venezolano Nicol\u00e1s Maduro, en lo que fue el primer acto oficial de su presidencia. Maduro comenz\u00f3 su agenda este s\u00e1bado con una ofrenda floral al H\u00e9roe Nacional cubano Jos\u00e9 Mart\u00ed, acompa\u00f1ado por el canciller venezolano, Jorge Arreaza y","canonical_url":"https:\/\/www.eldigitaldeasturias.com\/noticias\/miguel-diaz-canel-inicia-su-presidencia-recibiendo-a-nicolas-maduro\/","robots":"max-image-preview:large","keywords":"actualidad","webmasterTools":{"google-site-verification":"UA-38556648-1","msvalidate.01":"7dfe9f3f1b24437ab69f4f2559babe99","miscellaneous":""},"schema":{"@context":"https:\/\/schema.org","@graph":[{"@type":"BlogPosting","@id":"https:\/\/www.eldigitaldeasturias.com\/noticias\/miguel-diaz-canel-inicia-su-presidencia-recibiendo-a-nicolas-maduro\/#blogposting","name":"Miguel D\u00edaz-Canel inicia su presidencia recibiendo a Nicol\u00e1s Maduro - El Digital de Asturias","headline":"Miguel D\u00edaz-Canel inicia su presidencia recibiendo a Nicol\u00e1s Maduro","author":{"@id":"https:\/\/www.eldigitaldeasturias.com\/noticias\/author\/admin\/#author"},"publisher":{"@id":"https:\/\/www.eldigitaldeasturias.com\/noticias\/#organization"},"image":{"@type":"ImageObject","url":976326},"datePublished":"2018-04-22T00:53:05+02:00","dateModified":"2018-04-22T00:53:05+02:00","inLanguage":"es-ES","mainEntityOfPage":{"@id":"https:\/\/www.eldigitaldeasturias.com\/noticias\/miguel-diaz-canel-inicia-su-presidencia-recibiendo-a-nicolas-maduro\/#webpage"},"isPartOf":{"@id":"https:\/\/www.eldigitaldeasturias.com\/noticias\/miguel-diaz-canel-inicia-su-presidencia-recibiendo-a-nicolas-maduro\/#webpage"},"articleSection":"Actualidad"},{"@type":"BreadcrumbList","@id":"https:\/\/www.eldigitaldeasturias.com\/noticias\/miguel-diaz-canel-inicia-su-presidencia-recibiendo-a-nicolas-maduro\/#breadcrumblist","itemListElement":[{"@type":"ListItem","@id":"https:\/\/www.eldigitaldeasturias.com\/noticias#listItem","position":1,"name":"Home","item":"https:\/\/www.eldigitaldeasturias.com\/noticias","nextItem":{"@type":"ListItem","@id":"https:\/\/www.eldigitaldeasturias.com\/noticias\/category\/actualidad\/#listItem","name":"Actualidad"}},{"@type":"ListItem","@id":"https:\/\/www.eldigitaldeasturias.com\/noticias\/category\/actualidad\/#listItem","position":2,"name":"Actualidad","item":"https:\/\/www.eldigitaldeasturias.com\/noticias\/category\/actualidad\/","nextItem":{"@type":"ListItem","@id":"https:\/\/www.eldigitaldeasturias.com\/noticias\/miguel-diaz-canel-inicia-su-presidencia-recibiendo-a-nicolas-maduro\/#listItem","name":"Miguel D\u00edaz-Canel inicia su presidencia recibiendo a Nicol\u00e1s Maduro"},"previousItem":{"@type":"ListItem","@id":"https:\/\/www.eldigitaldeasturias.com\/noticias#listItem","name":"Home"}},{"@type":"ListItem","@id":"https:\/\/www.eldigitaldeasturias.com\/noticias\/miguel-diaz-canel-inicia-su-presidencia-recibiendo-a-nicolas-maduro\/#listItem","position":3,"name":"Miguel D\u00edaz-Canel inicia su presidencia recibiendo a Nicol\u00e1s Maduro","previousItem":{"@type":"ListItem","@id":"https:\/\/www.eldigitaldeasturias.com\/noticias\/category\/actualidad\/#listItem","name":"Actualidad"}}]},{"@type":"Organization","@id":"https:\/\/www.eldigitaldeasturias.com\/noticias\/#organization","name":"El Digital de Asturias","description":"Hemeroteca","url":"https:\/\/www.eldigitaldeasturias.com\/noticias\/","email":"info@eldigitaldeasturias.com","telephone":"+34652131393","logo":{"@type":"ImageObject","url":"https:\/\/www.eldigitaldeasturias.com\/noticias\/wp-content\/uploads\/2020\/12\/EDA.jpg","@id":"https:\/\/www.eldigitaldeasturias.com\/noticias\/miguel-diaz-canel-inicia-su-presidencia-recibiendo-a-nicolas-maduro\/#organizationLogo"},"image":{"@id":"https:\/\/www.eldigitaldeasturias.com\/noticias\/miguel-diaz-canel-inicia-su-presidencia-recibiendo-a-nicolas-maduro\/#organizationLogo"},"sameAs":["https:\/\/facebook.com\/eldigitaldeasturias","https:\/\/www.youtube.com\/channel\/UCZP-2wLEB9Rv6erhFmqVnvg"],"address":{"@id":"https:\/\/www.eldigitaldeasturias.com\/noticias\/#postaladdress","@type":"PostalAddress","streetAddress":"san antonio 4","postalCode":"33430","addressLocality":"Cand\u00e1s","addressRegion":"Asturias","addressCountry":"ES"}},{"@type":"Person","@id":"https:\/\/www.eldigitaldeasturias.com\/noticias\/author\/admin\/#author","url":"https:\/\/www.eldigitaldeasturias.com\/noticias\/author\/admin\/","name":"El Digital de Asturias","image":{"@type":"ImageObject","@id":"https:\/\/www.eldigitaldeasturias.com\/noticias\/miguel-diaz-canel-inicia-su-presidencia-recibiendo-a-nicolas-maduro\/#authorImage","url":"https:\/\/secure.gravatar.com\/avatar\/df2aeffc32bcd13f8d26072ef8a91b623d677766deac7f97ca815868cd41bf5e?s=96&d=mm&r=g","width":96,"height":96,"caption":"El Digital de Asturias"}},{"@type":"WebPage","@id":"https:\/\/www.eldigitaldeasturias.com\/noticias\/miguel-diaz-canel-inicia-su-presidencia-recibiendo-a-nicolas-maduro\/#webpage","url":"https:\/\/www.eldigitaldeasturias.com\/noticias\/miguel-diaz-canel-inicia-su-presidencia-recibiendo-a-nicolas-maduro\/","name":"Miguel D\u00edaz-Canel inicia su presidencia recibiendo a Nicol\u00e1s Maduro - El Digital de Asturias","description":"La Habana, 21 abr (dpa) - El presidente cubano Miguel D\u00edaz-Canel se reuni\u00f3 hoy con el mandatario venezolano Nicol\u00e1s Maduro, en lo que fue el primer acto oficial de su presidencia. Maduro comenz\u00f3 su agenda este s\u00e1bado con una ofrenda floral al H\u00e9roe Nacional cubano Jos\u00e9 Mart\u00ed, acompa\u00f1ado por el canciller venezolano, Jorge Arreaza y","inLanguage":"es-ES","isPartOf":{"@id":"https:\/\/www.eldigitaldeasturias.com\/noticias\/#website"},"breadcrumb":{"@id":"https:\/\/www.eldigitaldeasturias.com\/noticias\/miguel-diaz-canel-inicia-su-presidencia-recibiendo-a-nicolas-maduro\/#breadcrumblist"},"author":{"@id":"https:\/\/www.eldigitaldeasturias.com\/noticias\/author\/admin\/#author"},"creator":{"@id":"https:\/\/www.eldigitaldeasturias.com\/noticias\/author\/admin\/#author"},"image":{"@type":"ImageObject","url":976326,"@id":"https:\/\/www.eldigitaldeasturias.com\/noticias\/miguel-diaz-canel-inicia-su-presidencia-recibiendo-a-nicolas-maduro\/#mainImage"},"primaryImageOfPage":{"@id":"https:\/\/www.eldigitaldeasturias.com\/noticias\/miguel-diaz-canel-inicia-su-presidencia-recibiendo-a-nicolas-maduro\/#mainImage"},"datePublished":"2018-04-22T00:53:05+02:00","dateModified":"2018-04-22T00:53:05+02:00"},{"@type":"WebSite","@id":"https:\/\/www.eldigitaldeasturias.com\/noticias\/#website","url":"https:\/\/www.eldigitaldeasturias.com\/noticias\/","name":"El Digital de Asturias - Diario de actualidad y noticias","alternateName":"El Digital de Asturias - Diario de actualidad y noticias","description":"Hemeroteca","inLanguage":"es-ES","publisher":{"@id":"https:\/\/www.eldigitaldeasturias.com\/noticias\/#organization"}}]},"og:locale":"es_ES","og:site_name":"El Digital de Asturias","og:type":"article","og:title":"Miguel D\u00edaz-Canel inicia su presidencia recibiendo a Nicol\u00e1s Maduro - El Digital de Asturias","og:description":"La Habana, 21 abr (dpa) - El presidente cubano Miguel D\u00edaz-Canel se reuni\u00f3 hoy con el mandatario venezolano Nicol\u00e1s Maduro, en lo que fue el primer acto oficial de su presidencia. Maduro comenz\u00f3 su agenda este s\u00e1bado con una ofrenda floral al H\u00e9roe Nacional cubano Jos\u00e9 Mart\u00ed, acompa\u00f1ado por el canciller venezolano, Jorge Arreaza y","og:url":"https:\/\/www.eldigitaldeasturias.com\/noticias\/miguel-diaz-canel-inicia-su-presidencia-recibiendo-a-nicolas-maduro\/","article:tag":["actualidad"],"article:published_time":"2018-04-22T00:53:05+00:00","article:modified_time":"2018-04-22T00:53:05+00:00","article:publisher":"https:\/\/facebook.com\/eldigitaldeasturias","twitter:card":"summary_large_image","twitter:title":"Miguel D\u00edaz-Canel inicia su presidencia recibiendo a Nicol\u00e1s Maduro - El Digital de Asturias","twitter:description":"La Habana, 21 abr (dpa) - El presidente cubano Miguel D\u00edaz-Canel se reuni\u00f3 hoy con el mandatario venezolano Nicol\u00e1s Maduro, en lo que fue el primer acto oficial de su presidencia. Maduro comenz\u00f3 su agenda este s\u00e1bado con una ofrenda floral al H\u00e9roe Nacional cubano Jos\u00e9 Mart\u00ed, acompa\u00f1ado por el canciller venezolano, Jorge Arreaza y","twitter:image":"https:\/\/www.eldigitaldeasturias.com\/noticias\/wp-content\/uploads\/2020\/12\/EDA-1.jpg","twitter:label1":"Escrito por","twitter:data1":"El Digital de Asturias","twitter:label2":"Tiempo de lectura estimado","twitter:data2":"2 minutos"},"aioseo_meta_data":{"post_id":"976888","title":null,"description":null,"keywords":null,"keyphrases":null,"primary_term":null,"canonical_url":null,"og_title":null,"og_description":null,"og_object_type":"default","og_image_type":"default","og_image_url":null,"og_image_width":null,"og_image_height":null,"og_image_custom_url":null,"og_image_custom_fields":null,"og_video":null,"og_custom_url":null,"og_article_section":null,"og_article_tags":null,"twitter_use_og":false,"twitter_card":"default","twitter_image_type":"default","twitter_image_url":null,"twitter_image_custom_url":null,"twitter_image_custom_fields":null,"twitter_title":null,"twitter_description":null,"schema":{"blockGraphs":[],"customGraphs":[],"default":{"data":{"Article":[],"Course":[],"Dataset":[],"FAQPage":[],"Movie":[],"Person":[],"Product":[],"ProductReview":[],"Car":[],"Recipe":[],"Service":[],"SoftwareApplication":[],"WebPage":[]},"graphName":"","isEnabled":true},"graphs":[],"defaultGraph":"","defaultPostTypeGraph":""},"schema_type":null,"schema_type_options":null,"pillar_content":false,"robots_default":true,"robots_noindex":false,"robots_noarchive":false,"robots_nosnippet":false,"robots_nofollow":false,"robots_noimageindex":false,"robots_noodp":false,"robots_notranslate":false,"robots_max_snippet":null,"robots_max_videopreview":null,"robots_max_imagepreview":"large","priority":null,"frequency":null,"local_seo":null,"seo_analyzer_scan_date":"2025-10-08 05:26:05","breadcrumb_settings":null,"limit_modified_date":false,"open_ai":null,"ai":null,"created":"2020-12-21 12:06:39","updated":"2025-10-08 05:26:05","focus_keyword":null,"additional_keywords":null,"truseo_locale":null},"aioseo_breadcrumb":"<div class=\"aioseo-breadcrumbs\"><span class=\"aioseo-breadcrumb\">\n\t<a href=\"https:\/\/www.eldigitaldeasturias.com\/noticias\" title=\"Home\">Home<\/a>\n<\/span><span class=\"aioseo-breadcrumb-separator\">\u2013<\/span><span class=\"aioseo-breadcrumb\">\n\t<a href=\"https:\/\/www.eldigitaldeasturias.com\/noticias\/category\/actualidad\/\" title=\"Actualidad\">Actualidad<\/a>\n<\/span><span class=\"aioseo-breadcrumb-separator\">\u2013<\/span><span class=\"aioseo-breadcrumb\">\n\t<a href=\"https:\/\/www.eldigitaldeasturias.com\/noticias\/miguel-diaz-canel-inicia-su-presidencia-recibiendo-a-nicolas-maduro\/\" title=\"Miguel D\u00edaz-Canel inicia su presidencia recibiendo a Nicol\u00e1s Maduro\">Miguel D\u00edaz-Canel inicia su presidencia recibiendo a Nicol\u00e1s Maduro<\/a>\n<\/span><\/div>","aioseo_breadcrumb_json":[{"label":"Home","link":"https:\/\/www.eldigitaldeasturias.com\/noticias"},{"label":"Actualidad","link":"https:\/\/www.eldigitaldeasturias.com\/noticias\/category\/actualidad\/"},{"label":"Miguel D\u00edaz-Canel inicia su presidencia recibiendo a Nicol\u00e1s Maduro","link":"https:\/\/www.eldigitaldeasturias.com\/noticias\/miguel-diaz-canel-inicia-su-presidencia-recibiendo-a-nicolas-maduro\/"}],"_links":{"self":[{"href":"https:\/\/www.eldigitaldeasturias.com\/noticias\/wp-json\/wp\/v2\/posts\/976888","targetHints":{"allow":["GET"]}}],"collection":[{"href":"https:\/\/www.eldigitaldeasturias.com\/noticias\/wp-json\/wp\/v2\/posts"}],"about":[{"href":"https:\/\/www.eldigitaldeasturias.com\/noticias\/wp-json\/wp\/v2\/types\/post"}],"author":[{"embeddable":true,"href":"https:\/\/www.eldigitaldeasturias.com\/noticias\/wp-json\/wp\/v2\/users\/1"}],"replies":[{"embeddable":true,"href":"https:\/\/www.eldigitaldeasturias.com\/noticias\/wp-json\/wp\/v2\/comments?post=976888"}],"version-history":[{"count":0,"href":"https:\/\/www.eldigitaldeasturias.com\/noticias\/wp-json\/wp\/v2\/posts\/976888\/revisions"}],"wp:attachment":[{"href":"https:\/\/www.eldigitaldeasturias.com\/noticias\/wp-json\/wp\/v2\/media?parent=976888"}],"wp:term":[{"taxonomy":"category","embeddable":true,"href":"https:\/\/www.eldigitaldeasturias.com\/noticias\/wp-json\/wp\/v2\/categories?post=976888"},{"taxonomy":"post_tag","embeddable":true,"href":"https:\/\/www.eldigitaldeasturias.com\/noticias\/wp-json\/wp\/v2\/tags?post=976888"}],"curies":[{"name":"wp","href":"https:\/\/api.w.org\/{rel}","templated":true}]}}