{"id":976878,"date":"2018-04-22T00:36:39","date_gmt":"2018-04-22T00:36:39","guid":{"rendered":"http:\/\/www.eldigitaldeasturias.com\/noticias\/?p=976878"},"modified":"2018-04-22T00:36:39","modified_gmt":"2018-04-22T00:36:39","slug":"las-barricadas-volvieron-a-levantarse-en-las-calles-de-nicaragua","status":"publish","type":"post","link":"https:\/\/www.eldigitaldeasturias.com\/noticias\/las-barricadas-volvieron-a-levantarse-en-las-calles-de-nicaragua\/","title":{"rendered":"Las barricadas volvieron a levantarse en las calles de Nicaragua"},"content":{"rendered":"<p><img loading=\"lazy\" decoding=\"async\" class=\"alignleft size-medium wp-image-581461\" src=\"https:\/\/www.eldigitaldeasturias.com\/noticias\/wp-content\/uploads\/2014\/08\/6555334w-360x241.jpg\" alt=\"\" width=\"360\" height=\"241\" \/>Managua, 21 abr (dpa) \u2013 Casi 40 a\u00f1os despu\u00e9s de la ca\u00edda del dictador Anastasio Somoza, las barricadas volvieron a levantarse esta semana en las calles de Nicaragua. Miles de personas quemaron neum\u00e1ticos, incendiaron edificios y se enfrentaron a la Polic\u00eda, en la primera gran protesta que encara el presidente Daniel Ortega en sus 11 a\u00f1os de Gobierno.<\/p>\n<p>\u201cEstoy luchando porque quieren reducir las pensiones de mis padres y dejarlos sin seguro social mientras el presidente y su familia se dan la gran vida\u201d, dice Luis Guillermo, un alumno de segundo a\u00f1o de ingenier\u00eda de una universidad p\u00fablica.<\/p>\n<p>\u201cEsto no es pol\u00edtica, es un asunto de justicia\u201d, agrega a su lado Tania, otra adolescente, mientras que se cubre de la nube de gases lacrim\u00f3genos de los antimotines que rodearon la universidad. \u201cDemocracia s\u00ed, dictadura no\u201d, gritan decenas de estudiantes.<\/p>\n<p>La sorpresiva rebeli\u00f3n se inici\u00f3 el martes pasado y en tres d\u00edas dej\u00f3 casi una decena de muertos y al menos 45 heridos, seg\u00fan las m\u00e1s recientes cifras oficiales. Las protestas ocurrieron en Managua y en otras 14 ciudades, donde la Polic\u00eda y grupos de choque del Gobierno reprimieron a los manifestantes.<\/p>\n<p>La noche (local) del viernes, la vicepresidenta y primera dama, Rosario Murillo, anunci\u00f3 que el presidente Daniel Ortega aceptaba \u201cretomar el di\u00e1logo\u201d con el sector privado para discutir una pol\u00e9mica reforma al Seguro Social, eje y detonante de la revuelta. Dijo que el Ortega hablar\u00eda a la naci\u00f3n este s\u00e1bado, arropado por la comandancia del Ej\u00e9rcito y la Polic\u00eda.<\/p>\n<p>Una semana antes de los hechos, alumnos de universidades privadas hab\u00edan protestado espont\u00e1neamente por la indolencia oficial ante un voraz incendio que consumi\u00f3 5.000 hect\u00e1reas de la reserva ecol\u00f3gica Indio Ma\u00edz (sur).<\/p>\n<p>Sin que el fuego se extinguiera por completo en el bosque, el Gobierno encendi\u00f3 otra caldera al modificar, sin consenso con el empresariado, el r\u00e9gimen de cuotas laborales y patronales del Instituto de Seguridad Social (INSS), entidad al borde de la quiebra y con un d\u00e9ficit de 75 millones de d\u00f3lares por malos manejos administrativos.<\/p>\n<p>La reforma supone aumentar hasta en 22,5 por ciento los aportes econ\u00f3micos de las empresas y de m\u00e1s de 700.000 empleados del sector formal a partir del 1 de julio pr\u00f3ximo, y aplicar un impuesto del cinco por ciento a las ya precarias pensiones de miles de jubilados.<\/p>\n<p>Las barricadas de adoquines, s\u00edmbolo de la insurrecci\u00f3n contra el tirano Somoza en 1979, volvieron a levantarse en las ciudades de Estel\u00ed y Matagalpa (norte) y en Masaya, cerca de Managua, donde viejos y aguerridos combatientes del barrio ind\u00edgena de Monimb\u00f3 se sumaron a las protestas.<\/p>\n<p>Para la soci\u00f3loga Elvira Cuadra, se trata de \u201cuna movilizaci\u00f3n social sin precedentes\u201d en los \u00faltimos a\u00f1os, un fen\u00f3meno de protesta in\u00e9dito pues los actuales protagonistas no son dirigidos por guerrilleros, partidos pol\u00edticos o figuras de la oposici\u00f3n.<\/p>\n<p>\u201cEllos pertenecen a las generaciones \u2018de la democracia\u2019, los que nacieron mucho despu\u00e9s de la revoluci\u00f3n y de la guerra (1979-90) y crecieron convencidos de que tienen derechos\u201d, se\u00f1al\u00f3.<\/p>\n<p>Opin\u00f3 que la juventud sorprendi\u00f3 as\u00ed a quienes les recriminaban su aparente apat\u00eda o su desinter\u00e9s en apoyar a la dispersa y desacreditada oposici\u00f3n y sus insistentes denuncias de fraudes electorales. S\u00f3lo les faltaba reaccionar.<\/p>\n<p>Seg\u00fan Cuadra, la reforma fue la gota que rebas\u00f3 un vaso colmado de acciones impopulares. \u201cEl Gobierno pens\u00f3 que podr\u00eda contener infinitamente el descontento acumulado por la quiebra del INSS, el incendio en Indio Ma\u00edz, las alzas a la gasolina y la electricidad, la descarada corrupci\u00f3n y otros abusos\u00bb, subray\u00f3.<\/p>\n<p>Los disturbios continuaron hasta muy tarde el viernes, mientras la Polic\u00eda manten\u00eda sitiadas tres importantes universidades en Managua, con decenas de alumnos atrincherados en su interior. Como hace 40 a\u00f1os, las iglesias abrieron sus puertas para dar refugio a j\u00f3venes perseguidos, mientras en los barrios la gente recolectaba agua y medicinas para los estudiantes.<\/p>\n<p>Otros grupos, aparentemente asociados a pandillas juveniles, incendiaron la sede del sandinista Consejo Universitario en Le\u00f3n (oeste) y las instalaciones de Radio Dar\u00edo, mientras en Granada (sureste) fue parcialmente quemado el edificio de la Alcald\u00eda. En Estel\u00ed, el Ej\u00e9rcito sali\u00f3 por primera vez a patrullar las calles.<\/p>\n<p>R\u00f3tulos gigantes con los rostros de Ortega y su esposa fueron destruidos en Jinotepe (sur), mientras en Managua cayeron derribados al menos cuatro de los 134 \u201c\u00e1rboles de la vida\u201d o \u201carbolatas\u201d, los m\u00e1s conocidos s\u00edmbolos \u201ckitch\u201d del poder y que la primera dama instal\u00f3 en calles y rotondas hace cinco a\u00f1os.<\/p>\n<p>Se espera que el Gobierno y el sector privado se sienten a conversar el lunes pr\u00f3ximo. L\u00edderes estudiantiles y de la sociedad civil que les apoya han anticipado en las redes sociales que \u201clos empresarios no nos representan\u201d y exigen \u201cun verdadero di\u00e1logo nacional\u201d. Los m\u00e1s radicales quieren \u201ca Ortega y su desgobierno fuera del poder\u201d.<\/p>\n<p>Por Gabriela Selser (dpa)<\/p>\n","protected":false},"excerpt":{"rendered":"<p>Managua, 21 abr (dpa) \u2013 Casi 40 a\u00f1os despu\u00e9s de la ca\u00edda del dictador Anastasio Somoza, las barricadas volvieron a levantarse esta semana en las calles de Nicaragua. Miles de personas quemaron neum\u00e1ticos, incendiaron edificios y se enfrentaron a la Polic\u00eda, en la primera gran protesta que encara el presidente Daniel Ortega en sus 11 [&hellip;]<\/p>\n","protected":false},"author":1,"featured_media":581461,"comment_status":"closed","ping_status":"closed","sticky":false,"template":"","format":"standard","meta":{"footnotes":""},"categories":[1],"tags":[],"class_list":["post-976878","post","type-post","status-publish","format-standard","has-post-thumbnail","hentry","category-actualidad"],"aioseo_notices":[],"aioseo_head":"\n\t\t<!-- All in One SEO Pro 5.0.1 - aioseo.com -->\n\t<meta name=\"description\" content=\"Managua, 21 abr (dpa) \u2013 Casi 40 a\u00f1os despu\u00e9s de la ca\u00edda del dictador Anastasio Somoza, las barricadas volvieron a levantarse esta semana en las calles de Nicaragua. Miles de personas quemaron neum\u00e1ticos, incendiaron edificios y se enfrentaron a la Polic\u00eda, en la primera gran protesta que encara el presidente Daniel Ortega en sus 11\" \/>\n\t<meta name=\"robots\" content=\"max-image-preview:large\" \/>\n\t<meta name=\"author\" content=\"El Digital de Asturias\"\/>\n\t<meta name=\"google-site-verification\" content=\"UA-38556648-1\" \/>\n\t<meta name=\"msvalidate.01\" content=\"7dfe9f3f1b24437ab69f4f2559babe99\" \/>\n\t<meta name=\"keywords\" content=\"actualidad\" \/>\n\t<link rel=\"canonical\" href=\"https:\/\/www.eldigitaldeasturias.com\/noticias\/las-barricadas-volvieron-a-levantarse-en-las-calles-de-nicaragua\/\" \/>\n\t<meta name=\"generator\" content=\"All in One SEO Pro (AIOSEO) 5.0.1\" \/>\n\t\t<meta property=\"og:locale\" content=\"es_ES\" \/>\n\t\t<meta property=\"og:site_name\" content=\"El Digital de Asturias\" \/>\n\t\t<meta property=\"og:type\" content=\"article\" \/>\n\t\t<meta property=\"og:title\" content=\"Las barricadas volvieron a levantarse en las calles de Nicaragua - El Digital de Asturias\" \/>\n\t\t<meta property=\"og:description\" content=\"Managua, 21 abr (dpa) \u2013 Casi 40 a\u00f1os despu\u00e9s de la ca\u00edda del dictador Anastasio Somoza, las barricadas volvieron a levantarse esta semana en las calles de Nicaragua. Miles de personas quemaron neum\u00e1ticos, incendiaron edificios y se enfrentaron a la Polic\u00eda, en la primera gran protesta que encara el presidente Daniel Ortega en sus 11\" \/>\n\t\t<meta property=\"og:url\" content=\"https:\/\/www.eldigitaldeasturias.com\/noticias\/las-barricadas-volvieron-a-levantarse-en-las-calles-de-nicaragua\/\" \/>\n\t\t<meta property=\"article:tag\" content=\"actualidad\" \/>\n\t\t<meta property=\"article:published_time\" content=\"2018-04-22T00:36:39+00:00\" \/>\n\t\t<meta property=\"article:modified_time\" content=\"2018-04-22T00:36:39+00:00\" \/>\n\t\t<meta property=\"article:publisher\" content=\"https:\/\/facebook.com\/eldigitaldeasturias\" \/>\n\t\t<meta name=\"twitter:card\" content=\"summary_large_image\" \/>\n\t\t<meta name=\"twitter:title\" content=\"Las barricadas volvieron a levantarse en las calles de Nicaragua - El Digital de Asturias\" \/>\n\t\t<meta name=\"twitter:description\" content=\"Managua, 21 abr (dpa) \u2013 Casi 40 a\u00f1os despu\u00e9s de la ca\u00edda del dictador Anastasio Somoza, las barricadas volvieron a levantarse esta semana en las calles de Nicaragua. Miles de personas quemaron neum\u00e1ticos, incendiaron edificios y se enfrentaron a la Polic\u00eda, en la primera gran protesta que encara el presidente Daniel Ortega en sus 11\" \/>\n\t\t<meta name=\"twitter:image\" content=\"https:\/\/www.eldigitaldeasturias.com\/noticias\/wp-content\/uploads\/2020\/12\/EDA-1.jpg\" \/>\n\t\t<meta name=\"twitter:label1\" content=\"Escrito por\" \/>\n\t\t<meta name=\"twitter:data1\" content=\"El Digital de Asturias\" \/>\n\t\t<meta name=\"twitter:label2\" content=\"Tiempo de lectura estimado\" \/>\n\t\t<meta name=\"twitter:data2\" content=\"4 minutos\" \/>\n\t\t<script type=\"application\/ld+json\" class=\"aioseo-schema\">\n\t\t\t{\"@context\":\"https:\\\/\\\/schema.org\",\"@graph\":[{\"@type\":\"BlogPosting\",\"@id\":\"https:\\\/\\\/www.eldigitaldeasturias.com\\\/noticias\\\/las-barricadas-volvieron-a-levantarse-en-las-calles-de-nicaragua\\\/#blogposting\",\"name\":\"Las barricadas volvieron a levantarse en las calles de Nicaragua - El Digital de Asturias\",\"headline\":\"Las barricadas volvieron a levantarse en las calles de Nicaragua\",\"author\":{\"@id\":\"https:\\\/\\\/www.eldigitaldeasturias.com\\\/noticias\\\/author\\\/admin\\\/#author\"},\"publisher\":{\"@id\":\"https:\\\/\\\/www.eldigitaldeasturias.com\\\/noticias\\\/#organization\"},\"image\":{\"@type\":\"ImageObject\",\"url\":581461},\"datePublished\":\"2018-04-22T00:36:39+02:00\",\"dateModified\":\"2018-04-22T00:36:39+02:00\",\"inLanguage\":\"es-ES\",\"mainEntityOfPage\":{\"@id\":\"https:\\\/\\\/www.eldigitaldeasturias.com\\\/noticias\\\/las-barricadas-volvieron-a-levantarse-en-las-calles-de-nicaragua\\\/#webpage\"},\"isPartOf\":{\"@id\":\"https:\\\/\\\/www.eldigitaldeasturias.com\\\/noticias\\\/las-barricadas-volvieron-a-levantarse-en-las-calles-de-nicaragua\\\/#webpage\"},\"articleSection\":\"Actualidad\"},{\"@type\":\"BreadcrumbList\",\"@id\":\"https:\\\/\\\/www.eldigitaldeasturias.com\\\/noticias\\\/las-barricadas-volvieron-a-levantarse-en-las-calles-de-nicaragua\\\/#breadcrumblist\",\"itemListElement\":[{\"@type\":\"ListItem\",\"@id\":\"https:\\\/\\\/www.eldigitaldeasturias.com\\\/noticias#listItem\",\"position\":1,\"name\":\"Home\",\"item\":\"https:\\\/\\\/www.eldigitaldeasturias.com\\\/noticias\",\"nextItem\":{\"@type\":\"ListItem\",\"@id\":\"https:\\\/\\\/www.eldigitaldeasturias.com\\\/noticias\\\/category\\\/actualidad\\\/#listItem\",\"name\":\"Actualidad\"}},{\"@type\":\"ListItem\",\"@id\":\"https:\\\/\\\/www.eldigitaldeasturias.com\\\/noticias\\\/category\\\/actualidad\\\/#listItem\",\"position\":2,\"name\":\"Actualidad\",\"item\":\"https:\\\/\\\/www.eldigitaldeasturias.com\\\/noticias\\\/category\\\/actualidad\\\/\",\"nextItem\":{\"@type\":\"ListItem\",\"@id\":\"https:\\\/\\\/www.eldigitaldeasturias.com\\\/noticias\\\/las-barricadas-volvieron-a-levantarse-en-las-calles-de-nicaragua\\\/#listItem\",\"name\":\"Las barricadas volvieron a levantarse en las calles de Nicaragua\"},\"previousItem\":{\"@type\":\"ListItem\",\"@id\":\"https:\\\/\\\/www.eldigitaldeasturias.com\\\/noticias#listItem\",\"name\":\"Home\"}},{\"@type\":\"ListItem\",\"@id\":\"https:\\\/\\\/www.eldigitaldeasturias.com\\\/noticias\\\/las-barricadas-volvieron-a-levantarse-en-las-calles-de-nicaragua\\\/#listItem\",\"position\":3,\"name\":\"Las barricadas volvieron a levantarse en las calles de Nicaragua\",\"previousItem\":{\"@type\":\"ListItem\",\"@id\":\"https:\\\/\\\/www.eldigitaldeasturias.com\\\/noticias\\\/category\\\/actualidad\\\/#listItem\",\"name\":\"Actualidad\"}}]},{\"@type\":\"Organization\",\"@id\":\"https:\\\/\\\/www.eldigitaldeasturias.com\\\/noticias\\\/#organization\",\"name\":\"El Digital de Asturias\",\"description\":\"Hemeroteca\",\"url\":\"https:\\\/\\\/www.eldigitaldeasturias.com\\\/noticias\\\/\",\"email\":\"info@eldigitaldeasturias.com\",\"telephone\":\"+34652131393\",\"logo\":{\"@type\":\"ImageObject\",\"url\":\"https:\\\/\\\/www.eldigitaldeasturias.com\\\/noticias\\\/wp-content\\\/uploads\\\/2020\\\/12\\\/EDA.jpg\",\"@id\":\"https:\\\/\\\/www.eldigitaldeasturias.com\\\/noticias\\\/las-barricadas-volvieron-a-levantarse-en-las-calles-de-nicaragua\\\/#organizationLogo\"},\"image\":{\"@id\":\"https:\\\/\\\/www.eldigitaldeasturias.com\\\/noticias\\\/las-barricadas-volvieron-a-levantarse-en-las-calles-de-nicaragua\\\/#organizationLogo\"},\"sameAs\":[\"https:\\\/\\\/facebook.com\\\/eldigitaldeasturias\",\"https:\\\/\\\/www.youtube.com\\\/channel\\\/UCZP-2wLEB9Rv6erhFmqVnvg\"],\"address\":{\"@id\":\"https:\\\/\\\/www.eldigitaldeasturias.com\\\/noticias\\\/#postaladdress\",\"@type\":\"PostalAddress\",\"streetAddress\":\"san antonio 4\",\"postalCode\":\"33430\",\"addressLocality\":\"Cand\\u00e1s\",\"addressRegion\":\"Asturias\",\"addressCountry\":\"ES\"}},{\"@type\":\"Person\",\"@id\":\"https:\\\/\\\/www.eldigitaldeasturias.com\\\/noticias\\\/author\\\/admin\\\/#author\",\"url\":\"https:\\\/\\\/www.eldigitaldeasturias.com\\\/noticias\\\/author\\\/admin\\\/\",\"name\":\"El Digital de Asturias\",\"image\":{\"@type\":\"ImageObject\",\"@id\":\"https:\\\/\\\/www.eldigitaldeasturias.com\\\/noticias\\\/las-barricadas-volvieron-a-levantarse-en-las-calles-de-nicaragua\\\/#authorImage\",\"url\":\"https:\\\/\\\/secure.gravatar.com\\\/avatar\\\/df2aeffc32bcd13f8d26072ef8a91b623d677766deac7f97ca815868cd41bf5e?s=96&d=mm&r=g\",\"width\":96,\"height\":96,\"caption\":\"El Digital de Asturias\"}},{\"@type\":\"WebPage\",\"@id\":\"https:\\\/\\\/www.eldigitaldeasturias.com\\\/noticias\\\/las-barricadas-volvieron-a-levantarse-en-las-calles-de-nicaragua\\\/#webpage\",\"url\":\"https:\\\/\\\/www.eldigitaldeasturias.com\\\/noticias\\\/las-barricadas-volvieron-a-levantarse-en-las-calles-de-nicaragua\\\/\",\"name\":\"Las barricadas volvieron a levantarse en las calles de Nicaragua - El Digital de Asturias\",\"description\":\"Managua, 21 abr (dpa) \\u2013 Casi 40 a\\u00f1os despu\\u00e9s de la ca\\u00edda del dictador Anastasio Somoza, las barricadas volvieron a levantarse esta semana en las calles de Nicaragua. Miles de personas quemaron neum\\u00e1ticos, incendiaron edificios y se enfrentaron a la Polic\\u00eda, en la primera gran protesta que encara el presidente Daniel Ortega en sus 11\",\"inLanguage\":\"es-ES\",\"isPartOf\":{\"@id\":\"https:\\\/\\\/www.eldigitaldeasturias.com\\\/noticias\\\/#website\"},\"breadcrumb\":{\"@id\":\"https:\\\/\\\/www.eldigitaldeasturias.com\\\/noticias\\\/las-barricadas-volvieron-a-levantarse-en-las-calles-de-nicaragua\\\/#breadcrumblist\"},\"author\":{\"@id\":\"https:\\\/\\\/www.eldigitaldeasturias.com\\\/noticias\\\/author\\\/admin\\\/#author\"},\"creator\":{\"@id\":\"https:\\\/\\\/www.eldigitaldeasturias.com\\\/noticias\\\/author\\\/admin\\\/#author\"},\"image\":{\"@type\":\"ImageObject\",\"url\":581461,\"@id\":\"https:\\\/\\\/www.eldigitaldeasturias.com\\\/noticias\\\/las-barricadas-volvieron-a-levantarse-en-las-calles-de-nicaragua\\\/#mainImage\"},\"primaryImageOfPage\":{\"@id\":\"https:\\\/\\\/www.eldigitaldeasturias.com\\\/noticias\\\/las-barricadas-volvieron-a-levantarse-en-las-calles-de-nicaragua\\\/#mainImage\"},\"datePublished\":\"2018-04-22T00:36:39+02:00\",\"dateModified\":\"2018-04-22T00:36:39+02:00\"},{\"@type\":\"WebSite\",\"@id\":\"https:\\\/\\\/www.eldigitaldeasturias.com\\\/noticias\\\/#website\",\"url\":\"https:\\\/\\\/www.eldigitaldeasturias.com\\\/noticias\\\/\",\"name\":\"El Digital de Asturias - Diario de actualidad y noticias\",\"alternateName\":\"El Digital de Asturias - Diario de actualidad y noticias\",\"description\":\"Hemeroteca\",\"inLanguage\":\"es-ES\",\"publisher\":{\"@id\":\"https:\\\/\\\/www.eldigitaldeasturias.com\\\/noticias\\\/#organization\"}}]}\n\t\t<\/script>\n\t\t<!-- All in One SEO Pro -->\r\n\t\t<title>Las barricadas volvieron a levantarse en las calles de Nicaragua - El Digital de Asturias<\/title>\n\n","aioseo_head_json":{"title":"Las barricadas volvieron a levantarse en las calles de Nicaragua - El Digital de Asturias","description":"Managua, 21 abr (dpa) \u2013 Casi 40 a\u00f1os despu\u00e9s de la ca\u00edda del dictador Anastasio Somoza, las barricadas volvieron a levantarse esta semana en las calles de Nicaragua. Miles de personas quemaron neum\u00e1ticos, incendiaron edificios y se enfrentaron a la Polic\u00eda, en la primera gran protesta que encara el presidente Daniel Ortega en sus 11","canonical_url":"https:\/\/www.eldigitaldeasturias.com\/noticias\/las-barricadas-volvieron-a-levantarse-en-las-calles-de-nicaragua\/","robots":"max-image-preview:large","keywords":"actualidad","webmasterTools":{"google-site-verification":"UA-38556648-1","msvalidate.01":"7dfe9f3f1b24437ab69f4f2559babe99","miscellaneous":""},"schema":{"@context":"https:\/\/schema.org","@graph":[{"@type":"BlogPosting","@id":"https:\/\/www.eldigitaldeasturias.com\/noticias\/las-barricadas-volvieron-a-levantarse-en-las-calles-de-nicaragua\/#blogposting","name":"Las barricadas volvieron a levantarse en las calles de Nicaragua - El Digital de Asturias","headline":"Las barricadas volvieron a levantarse en las calles de Nicaragua","author":{"@id":"https:\/\/www.eldigitaldeasturias.com\/noticias\/author\/admin\/#author"},"publisher":{"@id":"https:\/\/www.eldigitaldeasturias.com\/noticias\/#organization"},"image":{"@type":"ImageObject","url":581461},"datePublished":"2018-04-22T00:36:39+02:00","dateModified":"2018-04-22T00:36:39+02:00","inLanguage":"es-ES","mainEntityOfPage":{"@id":"https:\/\/www.eldigitaldeasturias.com\/noticias\/las-barricadas-volvieron-a-levantarse-en-las-calles-de-nicaragua\/#webpage"},"isPartOf":{"@id":"https:\/\/www.eldigitaldeasturias.com\/noticias\/las-barricadas-volvieron-a-levantarse-en-las-calles-de-nicaragua\/#webpage"},"articleSection":"Actualidad"},{"@type":"BreadcrumbList","@id":"https:\/\/www.eldigitaldeasturias.com\/noticias\/las-barricadas-volvieron-a-levantarse-en-las-calles-de-nicaragua\/#breadcrumblist","itemListElement":[{"@type":"ListItem","@id":"https:\/\/www.eldigitaldeasturias.com\/noticias#listItem","position":1,"name":"Home","item":"https:\/\/www.eldigitaldeasturias.com\/noticias","nextItem":{"@type":"ListItem","@id":"https:\/\/www.eldigitaldeasturias.com\/noticias\/category\/actualidad\/#listItem","name":"Actualidad"}},{"@type":"ListItem","@id":"https:\/\/www.eldigitaldeasturias.com\/noticias\/category\/actualidad\/#listItem","position":2,"name":"Actualidad","item":"https:\/\/www.eldigitaldeasturias.com\/noticias\/category\/actualidad\/","nextItem":{"@type":"ListItem","@id":"https:\/\/www.eldigitaldeasturias.com\/noticias\/las-barricadas-volvieron-a-levantarse-en-las-calles-de-nicaragua\/#listItem","name":"Las barricadas volvieron a levantarse en las calles de Nicaragua"},"previousItem":{"@type":"ListItem","@id":"https:\/\/www.eldigitaldeasturias.com\/noticias#listItem","name":"Home"}},{"@type":"ListItem","@id":"https:\/\/www.eldigitaldeasturias.com\/noticias\/las-barricadas-volvieron-a-levantarse-en-las-calles-de-nicaragua\/#listItem","position":3,"name":"Las barricadas volvieron a levantarse en las calles de Nicaragua","previousItem":{"@type":"ListItem","@id":"https:\/\/www.eldigitaldeasturias.com\/noticias\/category\/actualidad\/#listItem","name":"Actualidad"}}]},{"@type":"Organization","@id":"https:\/\/www.eldigitaldeasturias.com\/noticias\/#organization","name":"El Digital de Asturias","description":"Hemeroteca","url":"https:\/\/www.eldigitaldeasturias.com\/noticias\/","email":"info@eldigitaldeasturias.com","telephone":"+34652131393","logo":{"@type":"ImageObject","url":"https:\/\/www.eldigitaldeasturias.com\/noticias\/wp-content\/uploads\/2020\/12\/EDA.jpg","@id":"https:\/\/www.eldigitaldeasturias.com\/noticias\/las-barricadas-volvieron-a-levantarse-en-las-calles-de-nicaragua\/#organizationLogo"},"image":{"@id":"https:\/\/www.eldigitaldeasturias.com\/noticias\/las-barricadas-volvieron-a-levantarse-en-las-calles-de-nicaragua\/#organizationLogo"},"sameAs":["https:\/\/facebook.com\/eldigitaldeasturias","https:\/\/www.youtube.com\/channel\/UCZP-2wLEB9Rv6erhFmqVnvg"],"address":{"@id":"https:\/\/www.eldigitaldeasturias.com\/noticias\/#postaladdress","@type":"PostalAddress","streetAddress":"san antonio 4","postalCode":"33430","addressLocality":"Cand\u00e1s","addressRegion":"Asturias","addressCountry":"ES"}},{"@type":"Person","@id":"https:\/\/www.eldigitaldeasturias.com\/noticias\/author\/admin\/#author","url":"https:\/\/www.eldigitaldeasturias.com\/noticias\/author\/admin\/","name":"El Digital de Asturias","image":{"@type":"ImageObject","@id":"https:\/\/www.eldigitaldeasturias.com\/noticias\/las-barricadas-volvieron-a-levantarse-en-las-calles-de-nicaragua\/#authorImage","url":"https:\/\/secure.gravatar.com\/avatar\/df2aeffc32bcd13f8d26072ef8a91b623d677766deac7f97ca815868cd41bf5e?s=96&d=mm&r=g","width":96,"height":96,"caption":"El Digital de Asturias"}},{"@type":"WebPage","@id":"https:\/\/www.eldigitaldeasturias.com\/noticias\/las-barricadas-volvieron-a-levantarse-en-las-calles-de-nicaragua\/#webpage","url":"https:\/\/www.eldigitaldeasturias.com\/noticias\/las-barricadas-volvieron-a-levantarse-en-las-calles-de-nicaragua\/","name":"Las barricadas volvieron a levantarse en las calles de Nicaragua - El Digital de Asturias","description":"Managua, 21 abr (dpa) \u2013 Casi 40 a\u00f1os despu\u00e9s de la ca\u00edda del dictador Anastasio Somoza, las barricadas volvieron a levantarse esta semana en las calles de Nicaragua. Miles de personas quemaron neum\u00e1ticos, incendiaron edificios y se enfrentaron a la Polic\u00eda, en la primera gran protesta que encara el presidente Daniel Ortega en sus 11","inLanguage":"es-ES","isPartOf":{"@id":"https:\/\/www.eldigitaldeasturias.com\/noticias\/#website"},"breadcrumb":{"@id":"https:\/\/www.eldigitaldeasturias.com\/noticias\/las-barricadas-volvieron-a-levantarse-en-las-calles-de-nicaragua\/#breadcrumblist"},"author":{"@id":"https:\/\/www.eldigitaldeasturias.com\/noticias\/author\/admin\/#author"},"creator":{"@id":"https:\/\/www.eldigitaldeasturias.com\/noticias\/author\/admin\/#author"},"image":{"@type":"ImageObject","url":581461,"@id":"https:\/\/www.eldigitaldeasturias.com\/noticias\/las-barricadas-volvieron-a-levantarse-en-las-calles-de-nicaragua\/#mainImage"},"primaryImageOfPage":{"@id":"https:\/\/www.eldigitaldeasturias.com\/noticias\/las-barricadas-volvieron-a-levantarse-en-las-calles-de-nicaragua\/#mainImage"},"datePublished":"2018-04-22T00:36:39+02:00","dateModified":"2018-04-22T00:36:39+02:00"},{"@type":"WebSite","@id":"https:\/\/www.eldigitaldeasturias.com\/noticias\/#website","url":"https:\/\/www.eldigitaldeasturias.com\/noticias\/","name":"El Digital de Asturias - Diario de actualidad y noticias","alternateName":"El Digital de Asturias - Diario de actualidad y noticias","description":"Hemeroteca","inLanguage":"es-ES","publisher":{"@id":"https:\/\/www.eldigitaldeasturias.com\/noticias\/#organization"}}]},"og:locale":"es_ES","og:site_name":"El Digital de Asturias","og:type":"article","og:title":"Las barricadas volvieron a levantarse en las calles de Nicaragua - El Digital de Asturias","og:description":"Managua, 21 abr (dpa) \u2013 Casi 40 a\u00f1os despu\u00e9s de la ca\u00edda del dictador Anastasio Somoza, las barricadas volvieron a levantarse esta semana en las calles de Nicaragua. Miles de personas quemaron neum\u00e1ticos, incendiaron edificios y se enfrentaron a la Polic\u00eda, en la primera gran protesta que encara el presidente Daniel Ortega en sus 11","og:url":"https:\/\/www.eldigitaldeasturias.com\/noticias\/las-barricadas-volvieron-a-levantarse-en-las-calles-de-nicaragua\/","article:tag":["actualidad"],"article:published_time":"2018-04-22T00:36:39+00:00","article:modified_time":"2018-04-22T00:36:39+00:00","article:publisher":"https:\/\/facebook.com\/eldigitaldeasturias","twitter:card":"summary_large_image","twitter:title":"Las barricadas volvieron a levantarse en las calles de Nicaragua - El Digital de Asturias","twitter:description":"Managua, 21 abr (dpa) \u2013 Casi 40 a\u00f1os despu\u00e9s de la ca\u00edda del dictador Anastasio Somoza, las barricadas volvieron a levantarse esta semana en las calles de Nicaragua. Miles de personas quemaron neum\u00e1ticos, incendiaron edificios y se enfrentaron a la Polic\u00eda, en la primera gran protesta que encara el presidente Daniel Ortega en sus 11","twitter:image":"https:\/\/www.eldigitaldeasturias.com\/noticias\/wp-content\/uploads\/2020\/12\/EDA-1.jpg","twitter:label1":"Escrito por","twitter:data1":"El Digital de Asturias","twitter:label2":"Tiempo de lectura estimado","twitter:data2":"4 minutos"},"aioseo_meta_data":{"post_id":"976878","title":null,"description":null,"keywords":null,"keyphrases":null,"primary_term":null,"canonical_url":null,"og_title":null,"og_description":null,"og_object_type":"default","og_image_type":"default","og_image_url":null,"og_image_width":null,"og_image_height":null,"og_image_custom_url":null,"og_image_custom_fields":null,"og_video":null,"og_custom_url":null,"og_article_section":null,"og_article_tags":null,"twitter_use_og":false,"twitter_card":"default","twitter_image_type":"default","twitter_image_url":null,"twitter_image_custom_url":null,"twitter_image_custom_fields":null,"twitter_title":null,"twitter_description":null,"schema":{"blockGraphs":[],"customGraphs":[],"default":{"data":{"Article":[],"Course":[],"Dataset":[],"FAQPage":[],"Movie":[],"Person":[],"Product":[],"ProductReview":[],"Car":[],"Recipe":[],"Service":[],"SoftwareApplication":[],"WebPage":[]},"graphName":"","isEnabled":true},"graphs":[],"defaultGraph":"","defaultPostTypeGraph":""},"schema_type":null,"schema_type_options":null,"pillar_content":false,"robots_default":true,"robots_noindex":false,"robots_noarchive":false,"robots_nosnippet":false,"robots_nofollow":false,"robots_noimageindex":false,"robots_noodp":false,"robots_notranslate":false,"robots_max_snippet":null,"robots_max_videopreview":null,"robots_max_imagepreview":"large","priority":null,"frequency":null,"local_seo":null,"seo_analyzer_scan_date":"2025-10-08 05:24:09","breadcrumb_settings":null,"limit_modified_date":false,"open_ai":null,"ai":null,"created":"2020-12-21 12:06:39","updated":"2025-10-08 05:24:09","focus_keyword":null,"additional_keywords":null,"truseo_locale":null},"aioseo_breadcrumb":"<div class=\"aioseo-breadcrumbs\"><span class=\"aioseo-breadcrumb\">\n\t<a href=\"https:\/\/www.eldigitaldeasturias.com\/noticias\" title=\"Home\">Home<\/a>\n<\/span><span class=\"aioseo-breadcrumb-separator\">\u2013<\/span><span class=\"aioseo-breadcrumb\">\n\t<a href=\"https:\/\/www.eldigitaldeasturias.com\/noticias\/category\/actualidad\/\" title=\"Actualidad\">Actualidad<\/a>\n<\/span><span class=\"aioseo-breadcrumb-separator\">\u2013<\/span><span class=\"aioseo-breadcrumb\">\n\t<a href=\"https:\/\/www.eldigitaldeasturias.com\/noticias\/las-barricadas-volvieron-a-levantarse-en-las-calles-de-nicaragua\/\" title=\"Las barricadas volvieron a levantarse en las calles de Nicaragua\">Las barricadas volvieron a levantarse en las calles de Nicaragua<\/a>\n<\/span><\/div>","aioseo_breadcrumb_json":[{"label":"Home","link":"https:\/\/www.eldigitaldeasturias.com\/noticias"},{"label":"Actualidad","link":"https:\/\/www.eldigitaldeasturias.com\/noticias\/category\/actualidad\/"},{"label":"Las barricadas volvieron a levantarse en las calles de Nicaragua","link":"https:\/\/www.eldigitaldeasturias.com\/noticias\/las-barricadas-volvieron-a-levantarse-en-las-calles-de-nicaragua\/"}],"_links":{"self":[{"href":"https:\/\/www.eldigitaldeasturias.com\/noticias\/wp-json\/wp\/v2\/posts\/976878","targetHints":{"allow":["GET"]}}],"collection":[{"href":"https:\/\/www.eldigitaldeasturias.com\/noticias\/wp-json\/wp\/v2\/posts"}],"about":[{"href":"https:\/\/www.eldigitaldeasturias.com\/noticias\/wp-json\/wp\/v2\/types\/post"}],"author":[{"embeddable":true,"href":"https:\/\/www.eldigitaldeasturias.com\/noticias\/wp-json\/wp\/v2\/users\/1"}],"replies":[{"embeddable":true,"href":"https:\/\/www.eldigitaldeasturias.com\/noticias\/wp-json\/wp\/v2\/comments?post=976878"}],"version-history":[{"count":0,"href":"https:\/\/www.eldigitaldeasturias.com\/noticias\/wp-json\/wp\/v2\/posts\/976878\/revisions"}],"wp:attachment":[{"href":"https:\/\/www.eldigitaldeasturias.com\/noticias\/wp-json\/wp\/v2\/media?parent=976878"}],"wp:term":[{"taxonomy":"category","embeddable":true,"href":"https:\/\/www.eldigitaldeasturias.com\/noticias\/wp-json\/wp\/v2\/categories?post=976878"},{"taxonomy":"post_tag","embeddable":true,"href":"https:\/\/www.eldigitaldeasturias.com\/noticias\/wp-json\/wp\/v2\/tags?post=976878"}],"curies":[{"name":"wp","href":"https:\/\/api.w.org\/{rel}","templated":true}]}}