{"id":976874,"date":"2018-04-22T00:24:45","date_gmt":"2018-04-22T00:24:45","guid":{"rendered":"http:\/\/www.eldigitaldeasturias.com\/noticias\/?p=976874"},"modified":"2018-04-22T00:24:45","modified_gmt":"2018-04-22T00:24:45","slug":"no-tenemos-nada-campesinos-paraguayos-no-creen-en-los-candidatos","status":"publish","type":"post","link":"https:\/\/www.eldigitaldeasturias.com\/noticias\/no-tenemos-nada-campesinos-paraguayos-no-creen-en-los-candidatos\/","title":{"rendered":"\u00abNo tenemos nada\u00bb: Campesinos paraguayos no creen en los candidatos"},"content":{"rendered":"<p><img loading=\"lazy\" decoding=\"async\" class=\"alignleft size-medium wp-image-976822\" src=\"https:\/\/www.eldigitaldeasturias.com\/noticias\/wp-content\/uploads\/2018\/04\/flag-2529009_960_720-360x270.jpg\" alt=\"\" width=\"360\" height=\"270\" \/>Asunci\u00f3n, 21 abr (dpa) \u2013 Sin tierra, con pocas semillas, poca agua y poca energ\u00eda el\u00e9ctrica, los peque\u00f1os campesinos resisten en Paraguay a lo que consideran un plan gubernamental para eliminarlos y no esperan que eso cambie tras las elecciones generales de este domingo.<\/p>\n<p>\u201cEl futuro as\u00ed mirado es negro, pero tenemos que resistir porque si no, ser\u00eda m\u00e1s negro\u201d, dice Carlos Aguilar, miembro de la direcci\u00f3n del Frente Nacional Campesino (FNC), una organizaci\u00f3n que lucha por una reforma agraria en este pa\u00eds sudamericano.<\/p>\n<p>A sus espaldas se extiende una franja de 500 metros de largo por unos 30 metros de ancho de tierra roja, salpicada de casas precarias, donde residen las 50 familias que conforman la comunidad hort\u00edcola Isla Pac\u00fa, en el Departamento (provincia) Central. Esa es la \u00fanica tierra que poseen. Las seis hect\u00e1reas que cultivan, a ambos lados de la franja, son alquiladas.<\/p>\n<p>Se estima que en Paraguay -donde el 40 por ciento de los casi siete millones de habitantes reside en el campo- hay 18 millones de hect\u00e1reas de tierra cultivable, pero el 80 por ciento de esa tierra est\u00e1 en manos del dos por ciento de la poblaci\u00f3n.<\/p>\n<p>Igualmente, no hay catastros oficiales y suele haber dos t\u00edtulos de propiedad para una misma tierra, porque los papeles se venden al mejor postor y m\u00e1s de una vez.<\/p>\n<p>Las familias que no tienen tierra y no pueden pagar un alquiler se asientan a la vera de los caminos o viven de la solidaridad de otros peque\u00f1os productores.<\/p>\n<p>El emblema de la lucha ante la concentraci\u00f3n de la tierra son las ocupaciones. Los terrenos a ocupar se eligen cuidadosamente, teniendo en cuenta la envergadura del latifundio y cu\u00e1ntas familias sin tierra hay en la zona.<\/p>\n<p>Los preparativos llevan hasta un a\u00f1o porque incluyen acopio de comida surgida de varias cosechas y tambi\u00e9n la preparaci\u00f3n de los elementos de resistencia que usar\u00e1n ante la represi\u00f3n policial.<\/p>\n<p>\u201cPreparamos ondas para tirar piedras, palos de madera que llamamos &#8216;s\u00edmbolos&#8217;, aceite usado de autom\u00f3viles y tambi\u00e9n madera para armar barricadas y quemar cuando nos tiran gases lacrim\u00f3genos\u201d, cuenta a dpa Teodolina Villalba, secretaria general de la FNC.<\/p>\n<p>A veces hay muertos. Los campesinos, incluyendo mujeres y ni\u00f1os, se repliegan y al poco tiempo vuelven a ocupar. Y as\u00ed, las veces que sea necesario hasta lograr que el Gobierno ceda y les entregue al menos una porci\u00f3n de las tierras ocupadas, muchas de las cuales est\u00e1n abocadas al cultivo de soja.<\/p>\n<p>Los sojeros, por su parte, tienen otras estrategias, seg\u00fan denuncian los peque\u00f1os productores. Cuando los campesinos est\u00e1n a punto de cosechar su mandioca o su poroto, riegan con glifosato y la cosecha queda arruinada. Adem\u00e1s, contratan a civiles armados para expulsar a los campesinos e incluso quemar sus viviendas.<\/p>\n<p>Son dos modelos de producci\u00f3n que luchan cuerpo a cuerpo, s\u00f3lo que con desventajas de recursos: el de la soja de exportaci\u00f3n y el de la producci\u00f3n de alimentos para el consumo nacional. Paraguay es el cuarto exportador de soja del mundo, pero importa el 90 por ciento de los vegetales que consume.<\/p>\n<p>Igualmente, la falta de tierra no es el \u00fanico problema. A \u00e9ste se suman la escasez de agua, luz, infraestructura en general y el dif\u00edcil acceso a las semillas.<\/p>\n<p>\u201cMirando nuestros pozos, mirando nuestras ca\u00f1er\u00edas, te dan ganas de llorar. No tenemos nada\u201d, dice el campesino C\u00e9sar Rivero, intentando encontrar en espa\u00f1ol las palabras que naturalmente le salen en guaran\u00ed, la lengua ind\u00edgena que se habla en esta zona, a poco m\u00e1s de una hora de la capital, Asunci\u00f3n.<\/p>\n<p>Rivero cuenta que los pozos de agua de 30 metros de profundidad se hacen a mano, pero que \u00e9stos se secan en verano cuando el term\u00f3metro pasa los 40 grados cent\u00edgrados o cuando las grandes plantaciones se chupan toda el agua con pozos m\u00e1s profundos. Tambi\u00e9n se turnan para usar las bombas extractoras porque si no, se quedan sin luz.<\/p>\n<p>Al momento de comprar las semillas, muchas veces no encuentran reservas en el mercado porque son importadas y las acaparan los grandes productores.<\/p>\n<p>\u201cNo se habla de todo esto porque el Estado tiene una pol\u00edtica intencional de eliminar al campesino. Entonces, lo primero que hace es invisibilizarlo\u201d, denuncia Aguilar, quien dice que los sucesivos gobiernos han representado siempre los intereses de los grandes capitales.<\/p>\n<p>Por eso, en Isla Pac\u00fa poco importa qui\u00e9n gane las elecciones del 22 de abril. Votar por el candidato oficialista a la presidencia, Mario Abdo Ben\u00edtez, del Partido Colorado, significa perpetrar \u00abel continuismo\u00bb tras m\u00e1s de seis d\u00e9cadas en el poder. El candidato opositor Efra\u00edn Alegre, de la Alianza GANAR, no es m\u00e1s que \u201cperfumar a la oligarqu\u00eda\u201d.<\/p>\n<p>Para ellos, la \u00fanica salida posible es la organizaci\u00f3n popular, la fuerza del pueblo organizado. Por eso, este domingo van a anular el voto, tachando con una cruz la cara de los candidatos.<\/p>\n<p>Por Ivonne Jeannot Laens (dpa)<\/p>\n","protected":false},"excerpt":{"rendered":"<p>Asunci\u00f3n, 21 abr (dpa) \u2013 Sin tierra, con pocas semillas, poca agua y poca energ\u00eda el\u00e9ctrica, los peque\u00f1os campesinos resisten en Paraguay a lo que consideran un plan gubernamental para eliminarlos y no esperan que eso cambie tras las elecciones generales de este domingo. \u201cEl futuro as\u00ed mirado es negro, pero tenemos que resistir porque [&hellip;]<\/p>\n","protected":false},"author":1,"featured_media":976822,"comment_status":"closed","ping_status":"closed","sticky":false,"template":"","format":"standard","meta":{"footnotes":""},"categories":[1],"tags":[],"class_list":["post-976874","post","type-post","status-publish","format-standard","has-post-thumbnail","hentry","category-actualidad"],"aioseo_notices":[],"aioseo_head":"\n\t\t<!-- All in One SEO Pro 5.0.1 - aioseo.com -->\n\t<meta name=\"description\" content=\"Asunci\u00f3n, 21 abr (dpa) \u2013 Sin tierra, con pocas semillas, poca agua y poca energ\u00eda el\u00e9ctrica, los peque\u00f1os campesinos resisten en Paraguay a lo que consideran un plan gubernamental para eliminarlos y no esperan que eso cambie tras las elecciones generales de este domingo. \u201cEl futuro as\u00ed mirado es negro, pero tenemos que resistir porque\" \/>\n\t<meta name=\"robots\" content=\"max-image-preview:large\" \/>\n\t<meta name=\"author\" content=\"El Digital de Asturias\"\/>\n\t<meta name=\"google-site-verification\" content=\"UA-38556648-1\" \/>\n\t<meta name=\"msvalidate.01\" content=\"7dfe9f3f1b24437ab69f4f2559babe99\" \/>\n\t<meta name=\"keywords\" content=\"actualidad\" \/>\n\t<link rel=\"canonical\" href=\"https:\/\/www.eldigitaldeasturias.com\/noticias\/no-tenemos-nada-campesinos-paraguayos-no-creen-en-los-candidatos\/\" \/>\n\t<meta name=\"generator\" content=\"All in One SEO Pro (AIOSEO) 5.0.1\" \/>\n\t\t<meta property=\"og:locale\" content=\"es_ES\" \/>\n\t\t<meta property=\"og:site_name\" content=\"El Digital de Asturias\" \/>\n\t\t<meta property=\"og:type\" content=\"article\" \/>\n\t\t<meta property=\"og:title\" content=\"\u00abNo tenemos nada\u00bb: Campesinos paraguayos no creen en los candidatos - El Digital de Asturias\" \/>\n\t\t<meta property=\"og:description\" content=\"Asunci\u00f3n, 21 abr (dpa) \u2013 Sin tierra, con pocas semillas, poca agua y poca energ\u00eda el\u00e9ctrica, los peque\u00f1os campesinos resisten en Paraguay a lo que consideran un plan gubernamental para eliminarlos y no esperan que eso cambie tras las elecciones generales de este domingo. \u201cEl futuro as\u00ed mirado es negro, pero tenemos que resistir porque\" \/>\n\t\t<meta property=\"og:url\" content=\"https:\/\/www.eldigitaldeasturias.com\/noticias\/no-tenemos-nada-campesinos-paraguayos-no-creen-en-los-candidatos\/\" \/>\n\t\t<meta property=\"article:tag\" content=\"actualidad\" \/>\n\t\t<meta property=\"article:published_time\" content=\"2018-04-22T00:24:45+00:00\" \/>\n\t\t<meta property=\"article:modified_time\" content=\"2018-04-22T00:24:45+00:00\" \/>\n\t\t<meta property=\"article:publisher\" content=\"https:\/\/facebook.com\/eldigitaldeasturias\" \/>\n\t\t<meta name=\"twitter:card\" content=\"summary_large_image\" \/>\n\t\t<meta name=\"twitter:title\" content=\"\u00abNo tenemos nada\u00bb: Campesinos paraguayos no creen en los candidatos - El Digital de Asturias\" \/>\n\t\t<meta name=\"twitter:description\" content=\"Asunci\u00f3n, 21 abr (dpa) \u2013 Sin tierra, con pocas semillas, poca agua y poca energ\u00eda el\u00e9ctrica, los peque\u00f1os campesinos resisten en Paraguay a lo que consideran un plan gubernamental para eliminarlos y no esperan que eso cambie tras las elecciones generales de este domingo. \u201cEl futuro as\u00ed mirado es negro, pero tenemos que resistir porque\" \/>\n\t\t<meta name=\"twitter:image\" content=\"https:\/\/www.eldigitaldeasturias.com\/noticias\/wp-content\/uploads\/2020\/12\/EDA-1.jpg\" \/>\n\t\t<meta name=\"twitter:label1\" content=\"Escrito por\" \/>\n\t\t<meta name=\"twitter:data1\" content=\"El Digital de Asturias\" \/>\n\t\t<meta name=\"twitter:label2\" content=\"Tiempo de lectura estimado\" \/>\n\t\t<meta name=\"twitter:data2\" content=\"4 minutos\" \/>\n\t\t<script type=\"application\/ld+json\" class=\"aioseo-schema\">\n\t\t\t{\"@context\":\"https:\\\/\\\/schema.org\",\"@graph\":[{\"@type\":\"BlogPosting\",\"@id\":\"https:\\\/\\\/www.eldigitaldeasturias.com\\\/noticias\\\/no-tenemos-nada-campesinos-paraguayos-no-creen-en-los-candidatos\\\/#blogposting\",\"name\":\"\\u00abNo tenemos nada\\u00bb: Campesinos paraguayos no creen en los candidatos - El Digital de Asturias\",\"headline\":\"\\u00abNo tenemos nada\\u00bb: Campesinos paraguayos no creen en los candidatos\",\"author\":{\"@id\":\"https:\\\/\\\/www.eldigitaldeasturias.com\\\/noticias\\\/author\\\/admin\\\/#author\"},\"publisher\":{\"@id\":\"https:\\\/\\\/www.eldigitaldeasturias.com\\\/noticias\\\/#organization\"},\"image\":{\"@type\":\"ImageObject\",\"url\":976822},\"datePublished\":\"2018-04-22T00:24:45+02:00\",\"dateModified\":\"2018-04-22T00:24:45+02:00\",\"inLanguage\":\"es-ES\",\"mainEntityOfPage\":{\"@id\":\"https:\\\/\\\/www.eldigitaldeasturias.com\\\/noticias\\\/no-tenemos-nada-campesinos-paraguayos-no-creen-en-los-candidatos\\\/#webpage\"},\"isPartOf\":{\"@id\":\"https:\\\/\\\/www.eldigitaldeasturias.com\\\/noticias\\\/no-tenemos-nada-campesinos-paraguayos-no-creen-en-los-candidatos\\\/#webpage\"},\"articleSection\":\"Actualidad\"},{\"@type\":\"BreadcrumbList\",\"@id\":\"https:\\\/\\\/www.eldigitaldeasturias.com\\\/noticias\\\/no-tenemos-nada-campesinos-paraguayos-no-creen-en-los-candidatos\\\/#breadcrumblist\",\"itemListElement\":[{\"@type\":\"ListItem\",\"@id\":\"https:\\\/\\\/www.eldigitaldeasturias.com\\\/noticias#listItem\",\"position\":1,\"name\":\"Home\",\"item\":\"https:\\\/\\\/www.eldigitaldeasturias.com\\\/noticias\",\"nextItem\":{\"@type\":\"ListItem\",\"@id\":\"https:\\\/\\\/www.eldigitaldeasturias.com\\\/noticias\\\/category\\\/actualidad\\\/#listItem\",\"name\":\"Actualidad\"}},{\"@type\":\"ListItem\",\"@id\":\"https:\\\/\\\/www.eldigitaldeasturias.com\\\/noticias\\\/category\\\/actualidad\\\/#listItem\",\"position\":2,\"name\":\"Actualidad\",\"item\":\"https:\\\/\\\/www.eldigitaldeasturias.com\\\/noticias\\\/category\\\/actualidad\\\/\",\"nextItem\":{\"@type\":\"ListItem\",\"@id\":\"https:\\\/\\\/www.eldigitaldeasturias.com\\\/noticias\\\/no-tenemos-nada-campesinos-paraguayos-no-creen-en-los-candidatos\\\/#listItem\",\"name\":\"\\u00abNo tenemos nada\\u00bb: Campesinos paraguayos no creen en los candidatos\"},\"previousItem\":{\"@type\":\"ListItem\",\"@id\":\"https:\\\/\\\/www.eldigitaldeasturias.com\\\/noticias#listItem\",\"name\":\"Home\"}},{\"@type\":\"ListItem\",\"@id\":\"https:\\\/\\\/www.eldigitaldeasturias.com\\\/noticias\\\/no-tenemos-nada-campesinos-paraguayos-no-creen-en-los-candidatos\\\/#listItem\",\"position\":3,\"name\":\"\\u00abNo tenemos nada\\u00bb: Campesinos paraguayos no creen en los candidatos\",\"previousItem\":{\"@type\":\"ListItem\",\"@id\":\"https:\\\/\\\/www.eldigitaldeasturias.com\\\/noticias\\\/category\\\/actualidad\\\/#listItem\",\"name\":\"Actualidad\"}}]},{\"@type\":\"Organization\",\"@id\":\"https:\\\/\\\/www.eldigitaldeasturias.com\\\/noticias\\\/#organization\",\"name\":\"El Digital de Asturias\",\"description\":\"Hemeroteca\",\"url\":\"https:\\\/\\\/www.eldigitaldeasturias.com\\\/noticias\\\/\",\"email\":\"info@eldigitaldeasturias.com\",\"telephone\":\"+34652131393\",\"logo\":{\"@type\":\"ImageObject\",\"url\":\"https:\\\/\\\/www.eldigitaldeasturias.com\\\/noticias\\\/wp-content\\\/uploads\\\/2020\\\/12\\\/EDA.jpg\",\"@id\":\"https:\\\/\\\/www.eldigitaldeasturias.com\\\/noticias\\\/no-tenemos-nada-campesinos-paraguayos-no-creen-en-los-candidatos\\\/#organizationLogo\"},\"image\":{\"@id\":\"https:\\\/\\\/www.eldigitaldeasturias.com\\\/noticias\\\/no-tenemos-nada-campesinos-paraguayos-no-creen-en-los-candidatos\\\/#organizationLogo\"},\"sameAs\":[\"https:\\\/\\\/facebook.com\\\/eldigitaldeasturias\",\"https:\\\/\\\/www.youtube.com\\\/channel\\\/UCZP-2wLEB9Rv6erhFmqVnvg\"],\"address\":{\"@id\":\"https:\\\/\\\/www.eldigitaldeasturias.com\\\/noticias\\\/#postaladdress\",\"@type\":\"PostalAddress\",\"streetAddress\":\"san antonio 4\",\"postalCode\":\"33430\",\"addressLocality\":\"Cand\\u00e1s\",\"addressRegion\":\"Asturias\",\"addressCountry\":\"ES\"}},{\"@type\":\"Person\",\"@id\":\"https:\\\/\\\/www.eldigitaldeasturias.com\\\/noticias\\\/author\\\/admin\\\/#author\",\"url\":\"https:\\\/\\\/www.eldigitaldeasturias.com\\\/noticias\\\/author\\\/admin\\\/\",\"name\":\"El Digital de Asturias\",\"image\":{\"@type\":\"ImageObject\",\"@id\":\"https:\\\/\\\/www.eldigitaldeasturias.com\\\/noticias\\\/no-tenemos-nada-campesinos-paraguayos-no-creen-en-los-candidatos\\\/#authorImage\",\"url\":\"https:\\\/\\\/secure.gravatar.com\\\/avatar\\\/df2aeffc32bcd13f8d26072ef8a91b623d677766deac7f97ca815868cd41bf5e?s=96&d=mm&r=g\",\"width\":96,\"height\":96,\"caption\":\"El Digital de Asturias\"}},{\"@type\":\"WebPage\",\"@id\":\"https:\\\/\\\/www.eldigitaldeasturias.com\\\/noticias\\\/no-tenemos-nada-campesinos-paraguayos-no-creen-en-los-candidatos\\\/#webpage\",\"url\":\"https:\\\/\\\/www.eldigitaldeasturias.com\\\/noticias\\\/no-tenemos-nada-campesinos-paraguayos-no-creen-en-los-candidatos\\\/\",\"name\":\"\\u00abNo tenemos nada\\u00bb: Campesinos paraguayos no creen en los candidatos - El Digital de Asturias\",\"description\":\"Asunci\\u00f3n, 21 abr (dpa) \\u2013 Sin tierra, con pocas semillas, poca agua y poca energ\\u00eda el\\u00e9ctrica, los peque\\u00f1os campesinos resisten en Paraguay a lo que consideran un plan gubernamental para eliminarlos y no esperan que eso cambie tras las elecciones generales de este domingo. \\u201cEl futuro as\\u00ed mirado es negro, pero tenemos que resistir porque\",\"inLanguage\":\"es-ES\",\"isPartOf\":{\"@id\":\"https:\\\/\\\/www.eldigitaldeasturias.com\\\/noticias\\\/#website\"},\"breadcrumb\":{\"@id\":\"https:\\\/\\\/www.eldigitaldeasturias.com\\\/noticias\\\/no-tenemos-nada-campesinos-paraguayos-no-creen-en-los-candidatos\\\/#breadcrumblist\"},\"author\":{\"@id\":\"https:\\\/\\\/www.eldigitaldeasturias.com\\\/noticias\\\/author\\\/admin\\\/#author\"},\"creator\":{\"@id\":\"https:\\\/\\\/www.eldigitaldeasturias.com\\\/noticias\\\/author\\\/admin\\\/#author\"},\"image\":{\"@type\":\"ImageObject\",\"url\":976822,\"@id\":\"https:\\\/\\\/www.eldigitaldeasturias.com\\\/noticias\\\/no-tenemos-nada-campesinos-paraguayos-no-creen-en-los-candidatos\\\/#mainImage\"},\"primaryImageOfPage\":{\"@id\":\"https:\\\/\\\/www.eldigitaldeasturias.com\\\/noticias\\\/no-tenemos-nada-campesinos-paraguayos-no-creen-en-los-candidatos\\\/#mainImage\"},\"datePublished\":\"2018-04-22T00:24:45+02:00\",\"dateModified\":\"2018-04-22T00:24:45+02:00\"},{\"@type\":\"WebSite\",\"@id\":\"https:\\\/\\\/www.eldigitaldeasturias.com\\\/noticias\\\/#website\",\"url\":\"https:\\\/\\\/www.eldigitaldeasturias.com\\\/noticias\\\/\",\"name\":\"El Digital de Asturias - Diario de actualidad y noticias\",\"alternateName\":\"El Digital de Asturias - Diario de actualidad y noticias\",\"description\":\"Hemeroteca\",\"inLanguage\":\"es-ES\",\"publisher\":{\"@id\":\"https:\\\/\\\/www.eldigitaldeasturias.com\\\/noticias\\\/#organization\"}}]}\n\t\t<\/script>\n\t\t<!-- All in One SEO Pro -->\r\n\t\t<title>\u00abNo tenemos nada\u00bb: Campesinos paraguayos no creen en los candidatos - El Digital de Asturias<\/title>\n\n","aioseo_head_json":{"title":"\u00abNo tenemos nada\u00bb: Campesinos paraguayos no creen en los candidatos - El Digital de Asturias","description":"Asunci\u00f3n, 21 abr (dpa) \u2013 Sin tierra, con pocas semillas, poca agua y poca energ\u00eda el\u00e9ctrica, los peque\u00f1os campesinos resisten en Paraguay a lo que consideran un plan gubernamental para eliminarlos y no esperan que eso cambie tras las elecciones generales de este domingo. \u201cEl futuro as\u00ed mirado es negro, pero tenemos que resistir porque","canonical_url":"https:\/\/www.eldigitaldeasturias.com\/noticias\/no-tenemos-nada-campesinos-paraguayos-no-creen-en-los-candidatos\/","robots":"max-image-preview:large","keywords":"actualidad","webmasterTools":{"google-site-verification":"UA-38556648-1","msvalidate.01":"7dfe9f3f1b24437ab69f4f2559babe99","miscellaneous":""},"schema":{"@context":"https:\/\/schema.org","@graph":[{"@type":"BlogPosting","@id":"https:\/\/www.eldigitaldeasturias.com\/noticias\/no-tenemos-nada-campesinos-paraguayos-no-creen-en-los-candidatos\/#blogposting","name":"\u00abNo tenemos nada\u00bb: Campesinos paraguayos no creen en los candidatos - El Digital de Asturias","headline":"\u00abNo tenemos nada\u00bb: Campesinos paraguayos no creen en los candidatos","author":{"@id":"https:\/\/www.eldigitaldeasturias.com\/noticias\/author\/admin\/#author"},"publisher":{"@id":"https:\/\/www.eldigitaldeasturias.com\/noticias\/#organization"},"image":{"@type":"ImageObject","url":976822},"datePublished":"2018-04-22T00:24:45+02:00","dateModified":"2018-04-22T00:24:45+02:00","inLanguage":"es-ES","mainEntityOfPage":{"@id":"https:\/\/www.eldigitaldeasturias.com\/noticias\/no-tenemos-nada-campesinos-paraguayos-no-creen-en-los-candidatos\/#webpage"},"isPartOf":{"@id":"https:\/\/www.eldigitaldeasturias.com\/noticias\/no-tenemos-nada-campesinos-paraguayos-no-creen-en-los-candidatos\/#webpage"},"articleSection":"Actualidad"},{"@type":"BreadcrumbList","@id":"https:\/\/www.eldigitaldeasturias.com\/noticias\/no-tenemos-nada-campesinos-paraguayos-no-creen-en-los-candidatos\/#breadcrumblist","itemListElement":[{"@type":"ListItem","@id":"https:\/\/www.eldigitaldeasturias.com\/noticias#listItem","position":1,"name":"Home","item":"https:\/\/www.eldigitaldeasturias.com\/noticias","nextItem":{"@type":"ListItem","@id":"https:\/\/www.eldigitaldeasturias.com\/noticias\/category\/actualidad\/#listItem","name":"Actualidad"}},{"@type":"ListItem","@id":"https:\/\/www.eldigitaldeasturias.com\/noticias\/category\/actualidad\/#listItem","position":2,"name":"Actualidad","item":"https:\/\/www.eldigitaldeasturias.com\/noticias\/category\/actualidad\/","nextItem":{"@type":"ListItem","@id":"https:\/\/www.eldigitaldeasturias.com\/noticias\/no-tenemos-nada-campesinos-paraguayos-no-creen-en-los-candidatos\/#listItem","name":"\u00abNo tenemos nada\u00bb: Campesinos paraguayos no creen en los candidatos"},"previousItem":{"@type":"ListItem","@id":"https:\/\/www.eldigitaldeasturias.com\/noticias#listItem","name":"Home"}},{"@type":"ListItem","@id":"https:\/\/www.eldigitaldeasturias.com\/noticias\/no-tenemos-nada-campesinos-paraguayos-no-creen-en-los-candidatos\/#listItem","position":3,"name":"\u00abNo tenemos nada\u00bb: Campesinos paraguayos no creen en los candidatos","previousItem":{"@type":"ListItem","@id":"https:\/\/www.eldigitaldeasturias.com\/noticias\/category\/actualidad\/#listItem","name":"Actualidad"}}]},{"@type":"Organization","@id":"https:\/\/www.eldigitaldeasturias.com\/noticias\/#organization","name":"El Digital de Asturias","description":"Hemeroteca","url":"https:\/\/www.eldigitaldeasturias.com\/noticias\/","email":"info@eldigitaldeasturias.com","telephone":"+34652131393","logo":{"@type":"ImageObject","url":"https:\/\/www.eldigitaldeasturias.com\/noticias\/wp-content\/uploads\/2020\/12\/EDA.jpg","@id":"https:\/\/www.eldigitaldeasturias.com\/noticias\/no-tenemos-nada-campesinos-paraguayos-no-creen-en-los-candidatos\/#organizationLogo"},"image":{"@id":"https:\/\/www.eldigitaldeasturias.com\/noticias\/no-tenemos-nada-campesinos-paraguayos-no-creen-en-los-candidatos\/#organizationLogo"},"sameAs":["https:\/\/facebook.com\/eldigitaldeasturias","https:\/\/www.youtube.com\/channel\/UCZP-2wLEB9Rv6erhFmqVnvg"],"address":{"@id":"https:\/\/www.eldigitaldeasturias.com\/noticias\/#postaladdress","@type":"PostalAddress","streetAddress":"san antonio 4","postalCode":"33430","addressLocality":"Cand\u00e1s","addressRegion":"Asturias","addressCountry":"ES"}},{"@type":"Person","@id":"https:\/\/www.eldigitaldeasturias.com\/noticias\/author\/admin\/#author","url":"https:\/\/www.eldigitaldeasturias.com\/noticias\/author\/admin\/","name":"El Digital de Asturias","image":{"@type":"ImageObject","@id":"https:\/\/www.eldigitaldeasturias.com\/noticias\/no-tenemos-nada-campesinos-paraguayos-no-creen-en-los-candidatos\/#authorImage","url":"https:\/\/secure.gravatar.com\/avatar\/df2aeffc32bcd13f8d26072ef8a91b623d677766deac7f97ca815868cd41bf5e?s=96&d=mm&r=g","width":96,"height":96,"caption":"El Digital de Asturias"}},{"@type":"WebPage","@id":"https:\/\/www.eldigitaldeasturias.com\/noticias\/no-tenemos-nada-campesinos-paraguayos-no-creen-en-los-candidatos\/#webpage","url":"https:\/\/www.eldigitaldeasturias.com\/noticias\/no-tenemos-nada-campesinos-paraguayos-no-creen-en-los-candidatos\/","name":"\u00abNo tenemos nada\u00bb: Campesinos paraguayos no creen en los candidatos - El Digital de Asturias","description":"Asunci\u00f3n, 21 abr (dpa) \u2013 Sin tierra, con pocas semillas, poca agua y poca energ\u00eda el\u00e9ctrica, los peque\u00f1os campesinos resisten en Paraguay a lo que consideran un plan gubernamental para eliminarlos y no esperan que eso cambie tras las elecciones generales de este domingo. \u201cEl futuro as\u00ed mirado es negro, pero tenemos que resistir porque","inLanguage":"es-ES","isPartOf":{"@id":"https:\/\/www.eldigitaldeasturias.com\/noticias\/#website"},"breadcrumb":{"@id":"https:\/\/www.eldigitaldeasturias.com\/noticias\/no-tenemos-nada-campesinos-paraguayos-no-creen-en-los-candidatos\/#breadcrumblist"},"author":{"@id":"https:\/\/www.eldigitaldeasturias.com\/noticias\/author\/admin\/#author"},"creator":{"@id":"https:\/\/www.eldigitaldeasturias.com\/noticias\/author\/admin\/#author"},"image":{"@type":"ImageObject","url":976822,"@id":"https:\/\/www.eldigitaldeasturias.com\/noticias\/no-tenemos-nada-campesinos-paraguayos-no-creen-en-los-candidatos\/#mainImage"},"primaryImageOfPage":{"@id":"https:\/\/www.eldigitaldeasturias.com\/noticias\/no-tenemos-nada-campesinos-paraguayos-no-creen-en-los-candidatos\/#mainImage"},"datePublished":"2018-04-22T00:24:45+02:00","dateModified":"2018-04-22T00:24:45+02:00"},{"@type":"WebSite","@id":"https:\/\/www.eldigitaldeasturias.com\/noticias\/#website","url":"https:\/\/www.eldigitaldeasturias.com\/noticias\/","name":"El Digital de Asturias - Diario de actualidad y noticias","alternateName":"El Digital de Asturias - Diario de actualidad y noticias","description":"Hemeroteca","inLanguage":"es-ES","publisher":{"@id":"https:\/\/www.eldigitaldeasturias.com\/noticias\/#organization"}}]},"og:locale":"es_ES","og:site_name":"El Digital de Asturias","og:type":"article","og:title":"\u00abNo tenemos nada\u00bb: Campesinos paraguayos no creen en los candidatos - El Digital de Asturias","og:description":"Asunci\u00f3n, 21 abr (dpa) \u2013 Sin tierra, con pocas semillas, poca agua y poca energ\u00eda el\u00e9ctrica, los peque\u00f1os campesinos resisten en Paraguay a lo que consideran un plan gubernamental para eliminarlos y no esperan que eso cambie tras las elecciones generales de este domingo. \u201cEl futuro as\u00ed mirado es negro, pero tenemos que resistir porque","og:url":"https:\/\/www.eldigitaldeasturias.com\/noticias\/no-tenemos-nada-campesinos-paraguayos-no-creen-en-los-candidatos\/","article:tag":["actualidad"],"article:published_time":"2018-04-22T00:24:45+00:00","article:modified_time":"2018-04-22T00:24:45+00:00","article:publisher":"https:\/\/facebook.com\/eldigitaldeasturias","twitter:card":"summary_large_image","twitter:title":"\u00abNo tenemos nada\u00bb: Campesinos paraguayos no creen en los candidatos - El Digital de Asturias","twitter:description":"Asunci\u00f3n, 21 abr (dpa) \u2013 Sin tierra, con pocas semillas, poca agua y poca energ\u00eda el\u00e9ctrica, los peque\u00f1os campesinos resisten en Paraguay a lo que consideran un plan gubernamental para eliminarlos y no esperan que eso cambie tras las elecciones generales de este domingo. \u201cEl futuro as\u00ed mirado es negro, pero tenemos que resistir porque","twitter:image":"https:\/\/www.eldigitaldeasturias.com\/noticias\/wp-content\/uploads\/2020\/12\/EDA-1.jpg","twitter:label1":"Escrito por","twitter:data1":"El Digital de Asturias","twitter:label2":"Tiempo de lectura estimado","twitter:data2":"4 minutos"},"aioseo_meta_data":{"post_id":"976874","title":null,"description":null,"keywords":null,"keyphrases":null,"primary_term":null,"canonical_url":null,"og_title":null,"og_description":null,"og_object_type":"default","og_image_type":"default","og_image_url":null,"og_image_width":null,"og_image_height":null,"og_image_custom_url":null,"og_image_custom_fields":null,"og_video":null,"og_custom_url":null,"og_article_section":null,"og_article_tags":null,"twitter_use_og":false,"twitter_card":"default","twitter_image_type":"default","twitter_image_url":null,"twitter_image_custom_url":null,"twitter_image_custom_fields":null,"twitter_title":null,"twitter_description":null,"schema":{"blockGraphs":[],"customGraphs":[],"default":{"data":{"Article":[],"Course":[],"Dataset":[],"FAQPage":[],"Movie":[],"Person":[],"Product":[],"ProductReview":[],"Car":[],"Recipe":[],"Service":[],"SoftwareApplication":[],"WebPage":[]},"graphName":"","isEnabled":true},"graphs":[],"defaultGraph":"","defaultPostTypeGraph":""},"schema_type":null,"schema_type_options":null,"pillar_content":false,"robots_default":true,"robots_noindex":false,"robots_noarchive":false,"robots_nosnippet":false,"robots_nofollow":false,"robots_noimageindex":false,"robots_noodp":false,"robots_notranslate":false,"robots_max_snippet":null,"robots_max_videopreview":null,"robots_max_imagepreview":"large","priority":null,"frequency":null,"local_seo":null,"seo_analyzer_scan_date":"2025-10-08 05:24:07","breadcrumb_settings":null,"limit_modified_date":false,"open_ai":null,"ai":null,"created":"2020-12-21 12:06:39","updated":"2025-10-08 05:24:07","focus_keyword":null,"additional_keywords":null,"truseo_locale":null},"aioseo_breadcrumb":"<div class=\"aioseo-breadcrumbs\"><span class=\"aioseo-breadcrumb\">\n\t<a href=\"https:\/\/www.eldigitaldeasturias.com\/noticias\" title=\"Home\">Home<\/a>\n<\/span><span class=\"aioseo-breadcrumb-separator\">\u2013<\/span><span class=\"aioseo-breadcrumb\">\n\t<a href=\"https:\/\/www.eldigitaldeasturias.com\/noticias\/category\/actualidad\/\" title=\"Actualidad\">Actualidad<\/a>\n<\/span><span class=\"aioseo-breadcrumb-separator\">\u2013<\/span><span class=\"aioseo-breadcrumb\">\n\t<a href=\"https:\/\/www.eldigitaldeasturias.com\/noticias\/no-tenemos-nada-campesinos-paraguayos-no-creen-en-los-candidatos\/\" title=\"\u00abNo tenemos nada\u00bb: Campesinos paraguayos no creen en los candidatos\">\u00abNo tenemos nada\u00bb: Campesinos paraguayos no creen en los candidatos<\/a>\n<\/span><\/div>","aioseo_breadcrumb_json":[{"label":"Home","link":"https:\/\/www.eldigitaldeasturias.com\/noticias"},{"label":"Actualidad","link":"https:\/\/www.eldigitaldeasturias.com\/noticias\/category\/actualidad\/"},{"label":"\u00abNo tenemos nada\u00bb: Campesinos paraguayos no creen en los candidatos","link":"https:\/\/www.eldigitaldeasturias.com\/noticias\/no-tenemos-nada-campesinos-paraguayos-no-creen-en-los-candidatos\/"}],"_links":{"self":[{"href":"https:\/\/www.eldigitaldeasturias.com\/noticias\/wp-json\/wp\/v2\/posts\/976874","targetHints":{"allow":["GET"]}}],"collection":[{"href":"https:\/\/www.eldigitaldeasturias.com\/noticias\/wp-json\/wp\/v2\/posts"}],"about":[{"href":"https:\/\/www.eldigitaldeasturias.com\/noticias\/wp-json\/wp\/v2\/types\/post"}],"author":[{"embeddable":true,"href":"https:\/\/www.eldigitaldeasturias.com\/noticias\/wp-json\/wp\/v2\/users\/1"}],"replies":[{"embeddable":true,"href":"https:\/\/www.eldigitaldeasturias.com\/noticias\/wp-json\/wp\/v2\/comments?post=976874"}],"version-history":[{"count":0,"href":"https:\/\/www.eldigitaldeasturias.com\/noticias\/wp-json\/wp\/v2\/posts\/976874\/revisions"}],"wp:attachment":[{"href":"https:\/\/www.eldigitaldeasturias.com\/noticias\/wp-json\/wp\/v2\/media?parent=976874"}],"wp:term":[{"taxonomy":"category","embeddable":true,"href":"https:\/\/www.eldigitaldeasturias.com\/noticias\/wp-json\/wp\/v2\/categories?post=976874"},{"taxonomy":"post_tag","embeddable":true,"href":"https:\/\/www.eldigitaldeasturias.com\/noticias\/wp-json\/wp\/v2\/tags?post=976874"}],"curies":[{"name":"wp","href":"https:\/\/api.w.org\/{rel}","templated":true}]}}