{"id":976866,"date":"2018-04-22T00:14:21","date_gmt":"2018-04-22T00:14:21","guid":{"rendered":"http:\/\/www.eldigitaldeasturias.com\/noticias\/?p=976866"},"modified":"2018-04-22T00:14:21","modified_gmt":"2018-04-22T00:14:21","slug":"corea-del-norte-anuncia-la-suspension-de-tests-atomicos-y-misilisticos","status":"publish","type":"post","link":"https:\/\/www.eldigitaldeasturias.com\/noticias\/corea-del-norte-anuncia-la-suspension-de-tests-atomicos-y-misilisticos\/","title":{"rendered":"Corea del Norte anuncia la suspensi\u00f3n de tests at\u00f3micos y misil\u00edsticos"},"content":{"rendered":"<p><img loading=\"lazy\" decoding=\"async\" class=\"alignleft size-medium wp-image-976867\" src=\"https:\/\/www.eldigitaldeasturias.com\/noticias\/wp-content\/uploads\/2018\/04\/flag-2528969_960_720-360x270.jpg\" alt=\"\" width=\"360\" height=\"270\" \/>Se\u00fal\/Pyongyang\/Washington, 21 abr (dpa) &#8211; El l\u00edder norcoreano, Kim Jong-un, anunci\u00f3 sorpresivamente la suspensi\u00f3n de las pruebas at\u00f3micas y misil\u00edsticas de su pa\u00eds, una decisi\u00f3n que fue calificada como un avance significativo por el presidente estadounidense Donald Trump y las autoridades surcoreanas.<\/p>\n<p>Kim tambi\u00e9n dio a conocer el cierre de una instalaci\u00f3n de tests nucleares en el norte del pa\u00eds, report\u00f3 este s\u00e1bado la agencia de noticias surcoreana Yonhap citando a su par estatal norcoreana KCNA.<\/p>\n<p>\u00abDesde el 21 de abril, Corea del Norte frenar\u00e1 tests nucleares y lanzamientos de misiles bal\u00edsticos interncontinentales\u00bb, se\u00f1al\u00f3 KCNA.<\/p>\n<p>Kim justific\u00f3 la medida apuntando entre otros a que el desarrollo de armas at\u00f3micas fue exitosamente concluido, por lo que no se requieren m\u00e1s pruebas, explic\u00f3.<\/p>\n<p>En la instalaci\u00f3n de test nucleares que ahora dejar\u00e1 de funcionar Corea del Norte realiz\u00f3 seis pruebas at\u00f3micas desde 2006, la \u00faltima y m\u00e1s fuerte de ellas en septiembre del a\u00f1o pasado.<\/p>\n<p>El cierre de la instalaci\u00f3n nuclear busca recalcar la voluntad de suspensi\u00f3n de los tests nucleares, se indic\u00f3. La decisi\u00f3n al respecto fue tomada este viernes durante una sesi\u00f3n del comit\u00e9 central del partido gubernamental norcoreano.<\/p>\n<p>La suspensi\u00f3n de los ensayos nucleares era importante para el desarme global y Corea del Norte se sumar\u00e1 a los esfuerzos internacionales por detener por completo los tests at\u00f3micos, seg\u00fan la agencia estatal norcoreana.<\/p>\n<p>Trump dijo v\u00eda Twitter que la decisi\u00f3n de Pyongyang de suspender todas las pruebas nucleares y cerrar la instalaci\u00f3n de tests at\u00f3micos es \u00abuna muy buena noticia para Corea del Norte y para el mundo\u00bb.<\/p>\n<p>En su tuit tambi\u00e9n indic\u00f3 que el anuncio representa un \u00ab\u00a1gran avance!\u00bb Asimismo escribi\u00f3 que est\u00e1 a la expectativa de su cumbre con el l\u00edder norcoreano. El mandatario norteamericano baraj\u00f3 \u00faltimamente como fecha posible comienzos de junio.<\/p>\n<p>Por su parte, las autoridades de Corea del Sur saludaron este s\u00e1bado como un importante paso para desmontar las tensiones en la regi\u00f3n el anuncio de Pyongyang.<\/p>\n<p>\u00abLa decisi\u00f3n de Corea del Norte es un avance significativo para la desnuclearizaci\u00f3n de la pen\u00ednsula coreana que desea el mundo\u00bb, inform\u00f3 hoy la presidencia en Se\u00fal.<\/p>\n<p>Adem\u00e1s, funciona como una \u00abbase muy positiva\u00bb de cara a la pr\u00f3xima cita entre el l\u00edder norcoreano y el presidente surcoreano Moon Jae-in, para lograr la desnuclearizaci\u00f3n y una paz duradera en la pen\u00ednsula coreana.<\/p>\n<p>La tercera cumbre entre las Coreas tendr\u00e1 lugar el pr\u00f3ximo viernes 27 en la localidad fronteriza de Panmunjom.<\/p>\n<p>Las tensiones en la pen\u00ednsula coreana, as\u00ed como el programa de armas at\u00f3micas y misil\u00edstico norcoreano, se cuentan desde hace a\u00f1os entre las m\u00e1s peligrosas crisis de la pol\u00edtica internacional.<\/p>\n<p>Se intensificaron adem\u00e1s fuertemente en 2017, luego de que Corea del Norte probara varios misiles y otra bomba at\u00f3mica a comienzos de septiembre, violando as\u00ed las resoluciones de las Naciones Unidas.<\/p>\n<p>Kim y Trump intercambiaron en el pasado una y otra vez ofensas, amenazas y comentarios \u00e1cidos. Esto aliment\u00f3 los temores de que el conflicto pudiera escalar, incluso quiz\u00e1s a nivel at\u00f3mico.<\/p>\n<p>Sin embargo, en el \u00faltimo tiempo se registraron acercamientos entre Estados Unidos y Corea del Norte. El mi\u00e9rcoles se supo que el jefe de la Agencia Central de Inteligencia (CIA) Mike Pompeo, secretario de Estado designado, fue recibido por el l\u00edder norcoreano, la primera reuni\u00f3n de este tipo en casi dos d\u00e9cadas.<\/p>\n<p>Se\u00fal, en tanto, quiere aprovechar la pr\u00f3xima cumbre como una oportunidad para hablar sobre la posibilidad de crear un mecanismo de paz permanente en la pen\u00ednsula de Corea, inform\u00f3 un funcionario de alto rango del Gobierno surcoreano.<\/p>\n<p>Desde el punto de vista del derecho internacional, la pen\u00ednsula de Corea sigue en estado de guerra, ya que la Guerra de Corea (1950-53) termin\u00f3 con un armisticio pero no con un acuerdo de paz.<\/p>\n","protected":false},"excerpt":{"rendered":"<p>Se\u00fal\/Pyongyang\/Washington, 21 abr (dpa) &#8211; El l\u00edder norcoreano, Kim Jong-un, anunci\u00f3 sorpresivamente la suspensi\u00f3n de las pruebas at\u00f3micas y misil\u00edsticas de su pa\u00eds, una decisi\u00f3n que fue calificada como un avance significativo por el presidente estadounidense Donald Trump y las autoridades surcoreanas. Kim tambi\u00e9n dio a conocer el cierre de una instalaci\u00f3n de tests nucleares [&hellip;]<\/p>\n","protected":false},"author":1,"featured_media":976867,"comment_status":"closed","ping_status":"closed","sticky":false,"template":"","format":"standard","meta":{"footnotes":""},"categories":[1],"tags":[],"class_list":["post-976866","post","type-post","status-publish","format-standard","has-post-thumbnail","hentry","category-actualidad"],"aioseo_notices":[],"aioseo_head":"\n\t\t<!-- All in One SEO Pro 5.0.1 - aioseo.com -->\n\t<meta name=\"description\" content=\"Se\u00fal\/Pyongyang\/Washington, 21 abr (dpa) - El l\u00edder norcoreano, Kim Jong-un, anunci\u00f3 sorpresivamente la suspensi\u00f3n de las pruebas at\u00f3micas y misil\u00edsticas de su pa\u00eds, una decisi\u00f3n que fue calificada como un avance significativo por el presidente estadounidense Donald Trump y las autoridades surcoreanas. Kim tambi\u00e9n dio a conocer el cierre de una instalaci\u00f3n de tests nucleares\" \/>\n\t<meta name=\"robots\" content=\"max-image-preview:large\" \/>\n\t<meta name=\"author\" content=\"El Digital de Asturias\"\/>\n\t<meta name=\"google-site-verification\" content=\"UA-38556648-1\" \/>\n\t<meta name=\"msvalidate.01\" content=\"7dfe9f3f1b24437ab69f4f2559babe99\" \/>\n\t<meta name=\"keywords\" content=\"actualidad\" \/>\n\t<link rel=\"canonical\" href=\"https:\/\/www.eldigitaldeasturias.com\/noticias\/corea-del-norte-anuncia-la-suspension-de-tests-atomicos-y-misilisticos\/\" \/>\n\t<meta name=\"generator\" content=\"All in One SEO Pro (AIOSEO) 5.0.1\" \/>\n\t\t<meta property=\"og:locale\" content=\"es_ES\" \/>\n\t\t<meta property=\"og:site_name\" content=\"El Digital de Asturias\" \/>\n\t\t<meta property=\"og:type\" content=\"article\" \/>\n\t\t<meta property=\"og:title\" content=\"Corea del Norte anuncia la suspensi\u00f3n de tests at\u00f3micos y misil\u00edsticos - El Digital de Asturias\" \/>\n\t\t<meta property=\"og:description\" content=\"Se\u00fal\/Pyongyang\/Washington, 21 abr (dpa) - El l\u00edder norcoreano, Kim Jong-un, anunci\u00f3 sorpresivamente la suspensi\u00f3n de las pruebas at\u00f3micas y misil\u00edsticas de su pa\u00eds, una decisi\u00f3n que fue calificada como un avance significativo por el presidente estadounidense Donald Trump y las autoridades surcoreanas. Kim tambi\u00e9n dio a conocer el cierre de una instalaci\u00f3n de tests nucleares\" \/>\n\t\t<meta property=\"og:url\" content=\"https:\/\/www.eldigitaldeasturias.com\/noticias\/corea-del-norte-anuncia-la-suspension-de-tests-atomicos-y-misilisticos\/\" \/>\n\t\t<meta property=\"article:tag\" content=\"actualidad\" \/>\n\t\t<meta property=\"article:published_time\" content=\"2018-04-22T00:14:21+00:00\" \/>\n\t\t<meta property=\"article:modified_time\" content=\"2018-04-22T00:14:21+00:00\" \/>\n\t\t<meta property=\"article:publisher\" content=\"https:\/\/facebook.com\/eldigitaldeasturias\" \/>\n\t\t<meta name=\"twitter:card\" content=\"summary_large_image\" \/>\n\t\t<meta name=\"twitter:title\" content=\"Corea del Norte anuncia la suspensi\u00f3n de tests at\u00f3micos y misil\u00edsticos - El Digital de Asturias\" \/>\n\t\t<meta name=\"twitter:description\" content=\"Se\u00fal\/Pyongyang\/Washington, 21 abr (dpa) - El l\u00edder norcoreano, Kim Jong-un, anunci\u00f3 sorpresivamente la suspensi\u00f3n de las pruebas at\u00f3micas y misil\u00edsticas de su pa\u00eds, una decisi\u00f3n que fue calificada como un avance significativo por el presidente estadounidense Donald Trump y las autoridades surcoreanas. Kim tambi\u00e9n dio a conocer el cierre de una instalaci\u00f3n de tests nucleares\" \/>\n\t\t<meta name=\"twitter:image\" content=\"https:\/\/www.eldigitaldeasturias.com\/noticias\/wp-content\/uploads\/2020\/12\/EDA-1.jpg\" \/>\n\t\t<meta name=\"twitter:label1\" content=\"Escrito por\" \/>\n\t\t<meta name=\"twitter:data1\" content=\"El Digital de Asturias\" \/>\n\t\t<meta name=\"twitter:label2\" content=\"Tiempo de lectura estimado\" \/>\n\t\t<meta name=\"twitter:data2\" content=\"3 minutos\" \/>\n\t\t<script type=\"application\/ld+json\" class=\"aioseo-schema\">\n\t\t\t{\"@context\":\"https:\\\/\\\/schema.org\",\"@graph\":[{\"@type\":\"BlogPosting\",\"@id\":\"https:\\\/\\\/www.eldigitaldeasturias.com\\\/noticias\\\/corea-del-norte-anuncia-la-suspension-de-tests-atomicos-y-misilisticos\\\/#blogposting\",\"name\":\"Corea del Norte anuncia la suspensi\\u00f3n de tests at\\u00f3micos y misil\\u00edsticos - El Digital de Asturias\",\"headline\":\"Corea del Norte anuncia la suspensi\\u00f3n de tests at\\u00f3micos y misil\\u00edsticos\",\"author\":{\"@id\":\"https:\\\/\\\/www.eldigitaldeasturias.com\\\/noticias\\\/author\\\/admin\\\/#author\"},\"publisher\":{\"@id\":\"https:\\\/\\\/www.eldigitaldeasturias.com\\\/noticias\\\/#organization\"},\"image\":{\"@type\":\"ImageObject\",\"url\":976867},\"datePublished\":\"2018-04-22T00:14:21+02:00\",\"dateModified\":\"2018-04-22T00:14:21+02:00\",\"inLanguage\":\"es-ES\",\"mainEntityOfPage\":{\"@id\":\"https:\\\/\\\/www.eldigitaldeasturias.com\\\/noticias\\\/corea-del-norte-anuncia-la-suspension-de-tests-atomicos-y-misilisticos\\\/#webpage\"},\"isPartOf\":{\"@id\":\"https:\\\/\\\/www.eldigitaldeasturias.com\\\/noticias\\\/corea-del-norte-anuncia-la-suspension-de-tests-atomicos-y-misilisticos\\\/#webpage\"},\"articleSection\":\"Actualidad\"},{\"@type\":\"BreadcrumbList\",\"@id\":\"https:\\\/\\\/www.eldigitaldeasturias.com\\\/noticias\\\/corea-del-norte-anuncia-la-suspension-de-tests-atomicos-y-misilisticos\\\/#breadcrumblist\",\"itemListElement\":[{\"@type\":\"ListItem\",\"@id\":\"https:\\\/\\\/www.eldigitaldeasturias.com\\\/noticias#listItem\",\"position\":1,\"name\":\"Home\",\"item\":\"https:\\\/\\\/www.eldigitaldeasturias.com\\\/noticias\",\"nextItem\":{\"@type\":\"ListItem\",\"@id\":\"https:\\\/\\\/www.eldigitaldeasturias.com\\\/noticias\\\/category\\\/actualidad\\\/#listItem\",\"name\":\"Actualidad\"}},{\"@type\":\"ListItem\",\"@id\":\"https:\\\/\\\/www.eldigitaldeasturias.com\\\/noticias\\\/category\\\/actualidad\\\/#listItem\",\"position\":2,\"name\":\"Actualidad\",\"item\":\"https:\\\/\\\/www.eldigitaldeasturias.com\\\/noticias\\\/category\\\/actualidad\\\/\",\"nextItem\":{\"@type\":\"ListItem\",\"@id\":\"https:\\\/\\\/www.eldigitaldeasturias.com\\\/noticias\\\/corea-del-norte-anuncia-la-suspension-de-tests-atomicos-y-misilisticos\\\/#listItem\",\"name\":\"Corea del Norte anuncia la suspensi\\u00f3n de tests at\\u00f3micos y misil\\u00edsticos\"},\"previousItem\":{\"@type\":\"ListItem\",\"@id\":\"https:\\\/\\\/www.eldigitaldeasturias.com\\\/noticias#listItem\",\"name\":\"Home\"}},{\"@type\":\"ListItem\",\"@id\":\"https:\\\/\\\/www.eldigitaldeasturias.com\\\/noticias\\\/corea-del-norte-anuncia-la-suspension-de-tests-atomicos-y-misilisticos\\\/#listItem\",\"position\":3,\"name\":\"Corea del Norte anuncia la suspensi\\u00f3n de tests at\\u00f3micos y misil\\u00edsticos\",\"previousItem\":{\"@type\":\"ListItem\",\"@id\":\"https:\\\/\\\/www.eldigitaldeasturias.com\\\/noticias\\\/category\\\/actualidad\\\/#listItem\",\"name\":\"Actualidad\"}}]},{\"@type\":\"Organization\",\"@id\":\"https:\\\/\\\/www.eldigitaldeasturias.com\\\/noticias\\\/#organization\",\"name\":\"El Digital de Asturias\",\"description\":\"Hemeroteca\",\"url\":\"https:\\\/\\\/www.eldigitaldeasturias.com\\\/noticias\\\/\",\"email\":\"info@eldigitaldeasturias.com\",\"telephone\":\"+34652131393\",\"logo\":{\"@type\":\"ImageObject\",\"url\":\"https:\\\/\\\/www.eldigitaldeasturias.com\\\/noticias\\\/wp-content\\\/uploads\\\/2020\\\/12\\\/EDA.jpg\",\"@id\":\"https:\\\/\\\/www.eldigitaldeasturias.com\\\/noticias\\\/corea-del-norte-anuncia-la-suspension-de-tests-atomicos-y-misilisticos\\\/#organizationLogo\"},\"image\":{\"@id\":\"https:\\\/\\\/www.eldigitaldeasturias.com\\\/noticias\\\/corea-del-norte-anuncia-la-suspension-de-tests-atomicos-y-misilisticos\\\/#organizationLogo\"},\"sameAs\":[\"https:\\\/\\\/facebook.com\\\/eldigitaldeasturias\",\"https:\\\/\\\/www.youtube.com\\\/channel\\\/UCZP-2wLEB9Rv6erhFmqVnvg\"],\"address\":{\"@id\":\"https:\\\/\\\/www.eldigitaldeasturias.com\\\/noticias\\\/#postaladdress\",\"@type\":\"PostalAddress\",\"streetAddress\":\"san antonio 4\",\"postalCode\":\"33430\",\"addressLocality\":\"Cand\\u00e1s\",\"addressRegion\":\"Asturias\",\"addressCountry\":\"ES\"}},{\"@type\":\"Person\",\"@id\":\"https:\\\/\\\/www.eldigitaldeasturias.com\\\/noticias\\\/author\\\/admin\\\/#author\",\"url\":\"https:\\\/\\\/www.eldigitaldeasturias.com\\\/noticias\\\/author\\\/admin\\\/\",\"name\":\"El Digital de Asturias\",\"image\":{\"@type\":\"ImageObject\",\"@id\":\"https:\\\/\\\/www.eldigitaldeasturias.com\\\/noticias\\\/corea-del-norte-anuncia-la-suspension-de-tests-atomicos-y-misilisticos\\\/#authorImage\",\"url\":\"https:\\\/\\\/secure.gravatar.com\\\/avatar\\\/df2aeffc32bcd13f8d26072ef8a91b623d677766deac7f97ca815868cd41bf5e?s=96&d=mm&r=g\",\"width\":96,\"height\":96,\"caption\":\"El Digital de Asturias\"}},{\"@type\":\"WebPage\",\"@id\":\"https:\\\/\\\/www.eldigitaldeasturias.com\\\/noticias\\\/corea-del-norte-anuncia-la-suspension-de-tests-atomicos-y-misilisticos\\\/#webpage\",\"url\":\"https:\\\/\\\/www.eldigitaldeasturias.com\\\/noticias\\\/corea-del-norte-anuncia-la-suspension-de-tests-atomicos-y-misilisticos\\\/\",\"name\":\"Corea del Norte anuncia la suspensi\\u00f3n de tests at\\u00f3micos y misil\\u00edsticos - El Digital de Asturias\",\"description\":\"Se\\u00fal\\\/Pyongyang\\\/Washington, 21 abr (dpa) - El l\\u00edder norcoreano, Kim Jong-un, anunci\\u00f3 sorpresivamente la suspensi\\u00f3n de las pruebas at\\u00f3micas y misil\\u00edsticas de su pa\\u00eds, una decisi\\u00f3n que fue calificada como un avance significativo por el presidente estadounidense Donald Trump y las autoridades surcoreanas. Kim tambi\\u00e9n dio a conocer el cierre de una instalaci\\u00f3n de tests nucleares\",\"inLanguage\":\"es-ES\",\"isPartOf\":{\"@id\":\"https:\\\/\\\/www.eldigitaldeasturias.com\\\/noticias\\\/#website\"},\"breadcrumb\":{\"@id\":\"https:\\\/\\\/www.eldigitaldeasturias.com\\\/noticias\\\/corea-del-norte-anuncia-la-suspension-de-tests-atomicos-y-misilisticos\\\/#breadcrumblist\"},\"author\":{\"@id\":\"https:\\\/\\\/www.eldigitaldeasturias.com\\\/noticias\\\/author\\\/admin\\\/#author\"},\"creator\":{\"@id\":\"https:\\\/\\\/www.eldigitaldeasturias.com\\\/noticias\\\/author\\\/admin\\\/#author\"},\"image\":{\"@type\":\"ImageObject\",\"url\":976867,\"@id\":\"https:\\\/\\\/www.eldigitaldeasturias.com\\\/noticias\\\/corea-del-norte-anuncia-la-suspension-de-tests-atomicos-y-misilisticos\\\/#mainImage\"},\"primaryImageOfPage\":{\"@id\":\"https:\\\/\\\/www.eldigitaldeasturias.com\\\/noticias\\\/corea-del-norte-anuncia-la-suspension-de-tests-atomicos-y-misilisticos\\\/#mainImage\"},\"datePublished\":\"2018-04-22T00:14:21+02:00\",\"dateModified\":\"2018-04-22T00:14:21+02:00\"},{\"@type\":\"WebSite\",\"@id\":\"https:\\\/\\\/www.eldigitaldeasturias.com\\\/noticias\\\/#website\",\"url\":\"https:\\\/\\\/www.eldigitaldeasturias.com\\\/noticias\\\/\",\"name\":\"El Digital de Asturias - Diario de actualidad y noticias\",\"alternateName\":\"El Digital de Asturias - Diario de actualidad y noticias\",\"description\":\"Hemeroteca\",\"inLanguage\":\"es-ES\",\"publisher\":{\"@id\":\"https:\\\/\\\/www.eldigitaldeasturias.com\\\/noticias\\\/#organization\"}}]}\n\t\t<\/script>\n\t\t<!-- All in One SEO Pro -->\r\n\t\t<title>Corea del Norte anuncia la suspensi\u00f3n de tests at\u00f3micos y misil\u00edsticos - El Digital de Asturias<\/title>\n\n","aioseo_head_json":{"title":"Corea del Norte anuncia la suspensi\u00f3n de tests at\u00f3micos y misil\u00edsticos - El Digital de Asturias","description":"Se\u00fal\/Pyongyang\/Washington, 21 abr (dpa) - El l\u00edder norcoreano, Kim Jong-un, anunci\u00f3 sorpresivamente la suspensi\u00f3n de las pruebas at\u00f3micas y misil\u00edsticas de su pa\u00eds, una decisi\u00f3n que fue calificada como un avance significativo por el presidente estadounidense Donald Trump y las autoridades surcoreanas. Kim tambi\u00e9n dio a conocer el cierre de una instalaci\u00f3n de tests nucleares","canonical_url":"https:\/\/www.eldigitaldeasturias.com\/noticias\/corea-del-norte-anuncia-la-suspension-de-tests-atomicos-y-misilisticos\/","robots":"max-image-preview:large","keywords":"actualidad","webmasterTools":{"google-site-verification":"UA-38556648-1","msvalidate.01":"7dfe9f3f1b24437ab69f4f2559babe99","miscellaneous":""},"schema":{"@context":"https:\/\/schema.org","@graph":[{"@type":"BlogPosting","@id":"https:\/\/www.eldigitaldeasturias.com\/noticias\/corea-del-norte-anuncia-la-suspension-de-tests-atomicos-y-misilisticos\/#blogposting","name":"Corea del Norte anuncia la suspensi\u00f3n de tests at\u00f3micos y misil\u00edsticos - El Digital de Asturias","headline":"Corea del Norte anuncia la suspensi\u00f3n de tests at\u00f3micos y misil\u00edsticos","author":{"@id":"https:\/\/www.eldigitaldeasturias.com\/noticias\/author\/admin\/#author"},"publisher":{"@id":"https:\/\/www.eldigitaldeasturias.com\/noticias\/#organization"},"image":{"@type":"ImageObject","url":976867},"datePublished":"2018-04-22T00:14:21+02:00","dateModified":"2018-04-22T00:14:21+02:00","inLanguage":"es-ES","mainEntityOfPage":{"@id":"https:\/\/www.eldigitaldeasturias.com\/noticias\/corea-del-norte-anuncia-la-suspension-de-tests-atomicos-y-misilisticos\/#webpage"},"isPartOf":{"@id":"https:\/\/www.eldigitaldeasturias.com\/noticias\/corea-del-norte-anuncia-la-suspension-de-tests-atomicos-y-misilisticos\/#webpage"},"articleSection":"Actualidad"},{"@type":"BreadcrumbList","@id":"https:\/\/www.eldigitaldeasturias.com\/noticias\/corea-del-norte-anuncia-la-suspension-de-tests-atomicos-y-misilisticos\/#breadcrumblist","itemListElement":[{"@type":"ListItem","@id":"https:\/\/www.eldigitaldeasturias.com\/noticias#listItem","position":1,"name":"Home","item":"https:\/\/www.eldigitaldeasturias.com\/noticias","nextItem":{"@type":"ListItem","@id":"https:\/\/www.eldigitaldeasturias.com\/noticias\/category\/actualidad\/#listItem","name":"Actualidad"}},{"@type":"ListItem","@id":"https:\/\/www.eldigitaldeasturias.com\/noticias\/category\/actualidad\/#listItem","position":2,"name":"Actualidad","item":"https:\/\/www.eldigitaldeasturias.com\/noticias\/category\/actualidad\/","nextItem":{"@type":"ListItem","@id":"https:\/\/www.eldigitaldeasturias.com\/noticias\/corea-del-norte-anuncia-la-suspension-de-tests-atomicos-y-misilisticos\/#listItem","name":"Corea del Norte anuncia la suspensi\u00f3n de tests at\u00f3micos y misil\u00edsticos"},"previousItem":{"@type":"ListItem","@id":"https:\/\/www.eldigitaldeasturias.com\/noticias#listItem","name":"Home"}},{"@type":"ListItem","@id":"https:\/\/www.eldigitaldeasturias.com\/noticias\/corea-del-norte-anuncia-la-suspension-de-tests-atomicos-y-misilisticos\/#listItem","position":3,"name":"Corea del Norte anuncia la suspensi\u00f3n de tests at\u00f3micos y misil\u00edsticos","previousItem":{"@type":"ListItem","@id":"https:\/\/www.eldigitaldeasturias.com\/noticias\/category\/actualidad\/#listItem","name":"Actualidad"}}]},{"@type":"Organization","@id":"https:\/\/www.eldigitaldeasturias.com\/noticias\/#organization","name":"El Digital de Asturias","description":"Hemeroteca","url":"https:\/\/www.eldigitaldeasturias.com\/noticias\/","email":"info@eldigitaldeasturias.com","telephone":"+34652131393","logo":{"@type":"ImageObject","url":"https:\/\/www.eldigitaldeasturias.com\/noticias\/wp-content\/uploads\/2020\/12\/EDA.jpg","@id":"https:\/\/www.eldigitaldeasturias.com\/noticias\/corea-del-norte-anuncia-la-suspension-de-tests-atomicos-y-misilisticos\/#organizationLogo"},"image":{"@id":"https:\/\/www.eldigitaldeasturias.com\/noticias\/corea-del-norte-anuncia-la-suspension-de-tests-atomicos-y-misilisticos\/#organizationLogo"},"sameAs":["https:\/\/facebook.com\/eldigitaldeasturias","https:\/\/www.youtube.com\/channel\/UCZP-2wLEB9Rv6erhFmqVnvg"],"address":{"@id":"https:\/\/www.eldigitaldeasturias.com\/noticias\/#postaladdress","@type":"PostalAddress","streetAddress":"san antonio 4","postalCode":"33430","addressLocality":"Cand\u00e1s","addressRegion":"Asturias","addressCountry":"ES"}},{"@type":"Person","@id":"https:\/\/www.eldigitaldeasturias.com\/noticias\/author\/admin\/#author","url":"https:\/\/www.eldigitaldeasturias.com\/noticias\/author\/admin\/","name":"El Digital de Asturias","image":{"@type":"ImageObject","@id":"https:\/\/www.eldigitaldeasturias.com\/noticias\/corea-del-norte-anuncia-la-suspension-de-tests-atomicos-y-misilisticos\/#authorImage","url":"https:\/\/secure.gravatar.com\/avatar\/df2aeffc32bcd13f8d26072ef8a91b623d677766deac7f97ca815868cd41bf5e?s=96&d=mm&r=g","width":96,"height":96,"caption":"El Digital de Asturias"}},{"@type":"WebPage","@id":"https:\/\/www.eldigitaldeasturias.com\/noticias\/corea-del-norte-anuncia-la-suspension-de-tests-atomicos-y-misilisticos\/#webpage","url":"https:\/\/www.eldigitaldeasturias.com\/noticias\/corea-del-norte-anuncia-la-suspension-de-tests-atomicos-y-misilisticos\/","name":"Corea del Norte anuncia la suspensi\u00f3n de tests at\u00f3micos y misil\u00edsticos - El Digital de Asturias","description":"Se\u00fal\/Pyongyang\/Washington, 21 abr (dpa) - El l\u00edder norcoreano, Kim Jong-un, anunci\u00f3 sorpresivamente la suspensi\u00f3n de las pruebas at\u00f3micas y misil\u00edsticas de su pa\u00eds, una decisi\u00f3n que fue calificada como un avance significativo por el presidente estadounidense Donald Trump y las autoridades surcoreanas. Kim tambi\u00e9n dio a conocer el cierre de una instalaci\u00f3n de tests nucleares","inLanguage":"es-ES","isPartOf":{"@id":"https:\/\/www.eldigitaldeasturias.com\/noticias\/#website"},"breadcrumb":{"@id":"https:\/\/www.eldigitaldeasturias.com\/noticias\/corea-del-norte-anuncia-la-suspension-de-tests-atomicos-y-misilisticos\/#breadcrumblist"},"author":{"@id":"https:\/\/www.eldigitaldeasturias.com\/noticias\/author\/admin\/#author"},"creator":{"@id":"https:\/\/www.eldigitaldeasturias.com\/noticias\/author\/admin\/#author"},"image":{"@type":"ImageObject","url":976867,"@id":"https:\/\/www.eldigitaldeasturias.com\/noticias\/corea-del-norte-anuncia-la-suspension-de-tests-atomicos-y-misilisticos\/#mainImage"},"primaryImageOfPage":{"@id":"https:\/\/www.eldigitaldeasturias.com\/noticias\/corea-del-norte-anuncia-la-suspension-de-tests-atomicos-y-misilisticos\/#mainImage"},"datePublished":"2018-04-22T00:14:21+02:00","dateModified":"2018-04-22T00:14:21+02:00"},{"@type":"WebSite","@id":"https:\/\/www.eldigitaldeasturias.com\/noticias\/#website","url":"https:\/\/www.eldigitaldeasturias.com\/noticias\/","name":"El Digital de Asturias - Diario de actualidad y noticias","alternateName":"El Digital de Asturias - Diario de actualidad y noticias","description":"Hemeroteca","inLanguage":"es-ES","publisher":{"@id":"https:\/\/www.eldigitaldeasturias.com\/noticias\/#organization"}}]},"og:locale":"es_ES","og:site_name":"El Digital de Asturias","og:type":"article","og:title":"Corea del Norte anuncia la suspensi\u00f3n de tests at\u00f3micos y misil\u00edsticos - El Digital de Asturias","og:description":"Se\u00fal\/Pyongyang\/Washington, 21 abr (dpa) - El l\u00edder norcoreano, Kim Jong-un, anunci\u00f3 sorpresivamente la suspensi\u00f3n de las pruebas at\u00f3micas y misil\u00edsticas de su pa\u00eds, una decisi\u00f3n que fue calificada como un avance significativo por el presidente estadounidense Donald Trump y las autoridades surcoreanas. Kim tambi\u00e9n dio a conocer el cierre de una instalaci\u00f3n de tests nucleares","og:url":"https:\/\/www.eldigitaldeasturias.com\/noticias\/corea-del-norte-anuncia-la-suspension-de-tests-atomicos-y-misilisticos\/","article:tag":["actualidad"],"article:published_time":"2018-04-22T00:14:21+00:00","article:modified_time":"2018-04-22T00:14:21+00:00","article:publisher":"https:\/\/facebook.com\/eldigitaldeasturias","twitter:card":"summary_large_image","twitter:title":"Corea del Norte anuncia la suspensi\u00f3n de tests at\u00f3micos y misil\u00edsticos - El Digital de Asturias","twitter:description":"Se\u00fal\/Pyongyang\/Washington, 21 abr (dpa) - El l\u00edder norcoreano, Kim Jong-un, anunci\u00f3 sorpresivamente la suspensi\u00f3n de las pruebas at\u00f3micas y misil\u00edsticas de su pa\u00eds, una decisi\u00f3n que fue calificada como un avance significativo por el presidente estadounidense Donald Trump y las autoridades surcoreanas. Kim tambi\u00e9n dio a conocer el cierre de una instalaci\u00f3n de tests nucleares","twitter:image":"https:\/\/www.eldigitaldeasturias.com\/noticias\/wp-content\/uploads\/2020\/12\/EDA-1.jpg","twitter:label1":"Escrito por","twitter:data1":"El Digital de Asturias","twitter:label2":"Tiempo de lectura estimado","twitter:data2":"3 minutos"},"aioseo_meta_data":{"post_id":"976866","title":null,"description":null,"keywords":null,"keyphrases":null,"primary_term":null,"canonical_url":null,"og_title":null,"og_description":null,"og_object_type":"default","og_image_type":"default","og_image_url":null,"og_image_width":null,"og_image_height":null,"og_image_custom_url":null,"og_image_custom_fields":null,"og_video":null,"og_custom_url":null,"og_article_section":null,"og_article_tags":null,"twitter_use_og":false,"twitter_card":"default","twitter_image_type":"default","twitter_image_url":null,"twitter_image_custom_url":null,"twitter_image_custom_fields":null,"twitter_title":null,"twitter_description":null,"schema":{"blockGraphs":[],"customGraphs":[],"default":{"data":{"Article":[],"Course":[],"Dataset":[],"FAQPage":[],"Movie":[],"Person":[],"Product":[],"ProductReview":[],"Car":[],"Recipe":[],"Service":[],"SoftwareApplication":[],"WebPage":[]},"graphName":"","isEnabled":true},"graphs":[],"defaultGraph":"","defaultPostTypeGraph":""},"schema_type":null,"schema_type_options":null,"pillar_content":false,"robots_default":true,"robots_noindex":false,"robots_noarchive":false,"robots_nosnippet":false,"robots_nofollow":false,"robots_noimageindex":false,"robots_noodp":false,"robots_notranslate":false,"robots_max_snippet":null,"robots_max_videopreview":null,"robots_max_imagepreview":"large","priority":null,"frequency":null,"local_seo":null,"seo_analyzer_scan_date":"2025-10-08 05:21:59","breadcrumb_settings":null,"limit_modified_date":false,"open_ai":null,"ai":null,"created":"2020-12-21 12:06:39","updated":"2025-10-08 05:21:59","focus_keyword":null,"additional_keywords":null,"truseo_locale":null},"aioseo_breadcrumb":"<div class=\"aioseo-breadcrumbs\"><span class=\"aioseo-breadcrumb\">\n\t<a href=\"https:\/\/www.eldigitaldeasturias.com\/noticias\" title=\"Home\">Home<\/a>\n<\/span><span class=\"aioseo-breadcrumb-separator\">\u2013<\/span><span class=\"aioseo-breadcrumb\">\n\t<a href=\"https:\/\/www.eldigitaldeasturias.com\/noticias\/category\/actualidad\/\" title=\"Actualidad\">Actualidad<\/a>\n<\/span><span class=\"aioseo-breadcrumb-separator\">\u2013<\/span><span class=\"aioseo-breadcrumb\">\n\t<a href=\"https:\/\/www.eldigitaldeasturias.com\/noticias\/corea-del-norte-anuncia-la-suspension-de-tests-atomicos-y-misilisticos\/\" title=\"Corea del Norte anuncia la suspensi\u00f3n de tests at\u00f3micos y misil\u00edsticos\">Corea del Norte anuncia la suspensi\u00f3n de tests at\u00f3micos y misil\u00edsticos<\/a>\n<\/span><\/div>","aioseo_breadcrumb_json":[{"label":"Home","link":"https:\/\/www.eldigitaldeasturias.com\/noticias"},{"label":"Actualidad","link":"https:\/\/www.eldigitaldeasturias.com\/noticias\/category\/actualidad\/"},{"label":"Corea del Norte anuncia la suspensi\u00f3n de tests at\u00f3micos y misil\u00edsticos","link":"https:\/\/www.eldigitaldeasturias.com\/noticias\/corea-del-norte-anuncia-la-suspension-de-tests-atomicos-y-misilisticos\/"}],"_links":{"self":[{"href":"https:\/\/www.eldigitaldeasturias.com\/noticias\/wp-json\/wp\/v2\/posts\/976866","targetHints":{"allow":["GET"]}}],"collection":[{"href":"https:\/\/www.eldigitaldeasturias.com\/noticias\/wp-json\/wp\/v2\/posts"}],"about":[{"href":"https:\/\/www.eldigitaldeasturias.com\/noticias\/wp-json\/wp\/v2\/types\/post"}],"author":[{"embeddable":true,"href":"https:\/\/www.eldigitaldeasturias.com\/noticias\/wp-json\/wp\/v2\/users\/1"}],"replies":[{"embeddable":true,"href":"https:\/\/www.eldigitaldeasturias.com\/noticias\/wp-json\/wp\/v2\/comments?post=976866"}],"version-history":[{"count":0,"href":"https:\/\/www.eldigitaldeasturias.com\/noticias\/wp-json\/wp\/v2\/posts\/976866\/revisions"}],"wp:attachment":[{"href":"https:\/\/www.eldigitaldeasturias.com\/noticias\/wp-json\/wp\/v2\/media?parent=976866"}],"wp:term":[{"taxonomy":"category","embeddable":true,"href":"https:\/\/www.eldigitaldeasturias.com\/noticias\/wp-json\/wp\/v2\/categories?post=976866"},{"taxonomy":"post_tag","embeddable":true,"href":"https:\/\/www.eldigitaldeasturias.com\/noticias\/wp-json\/wp\/v2\/tags?post=976866"}],"curies":[{"name":"wp","href":"https:\/\/api.w.org\/{rel}","templated":true}]}}