{"id":976856,"date":"2018-04-21T23:55:31","date_gmt":"2018-04-21T23:55:31","guid":{"rendered":"http:\/\/www.eldigitaldeasturias.com\/noticias\/?p=976856"},"modified":"2018-04-21T23:55:31","modified_gmt":"2018-04-21T23:55:31","slug":"el-partido-socialdemocrata-aleman-celebrara-este-domingo-un-congreso-extraordinario","status":"publish","type":"post","link":"https:\/\/www.eldigitaldeasturias.com\/noticias\/el-partido-socialdemocrata-aleman-celebrara-este-domingo-un-congreso-extraordinario\/","title":{"rendered":"El Partido Socialdem\u00f3crata alem\u00e1n celebrar\u00e1 este domingo un congreso extraordinario"},"content":{"rendered":"<p><img loading=\"lazy\" decoding=\"async\" class=\"alignleft size-medium wp-image-970727\" src=\"https:\/\/www.eldigitaldeasturias.com\/noticias\/wp-content\/uploads\/2018\/03\/bundestag-2463231_1280-360x240.jpg\" alt=\"\" width=\"360\" height=\"240\" \/>Berl\u00edn, 21 abr (dpa) &#8211; El Partido Socialdem\u00f3crata alem\u00e1n (SPD) celebrar\u00e1 este domingo un congreso extraordinario en el que se encomendar\u00e1 por primera vez a una mujer como presidenta en el intento de frenar su dram\u00e1tica ca\u00edda de popularidad.<\/p>\n<p>Como gran favorita para convertirse en la primera mujer que dirija el destino del partido m\u00e1s antiguo del pa\u00eds, con casi 155 a\u00f1os de historia, parte la actual jefa parlamentaria y ex ministra de Trabajo, Andrea Nahles.<\/p>\n<p>Los socialdem\u00f3cratas germanos han vivido meses muy turbulentos desde que sufrieron con un 20,5 por ciento de los votos el peor resultado hist\u00f3rico en las elecciones generales del 24 de septiembre.<\/p>\n<p>El l\u00edder de la formaci\u00f3n, el ex presidente del Parlamento Europeo Martin Schulz, fracas\u00f3 en el intento de desbancar a la democristiana Angela Merkel con la que el SPD acababa de gobernar por segunda vez en una gran coalici\u00f3n y anunci\u00f3 que el partido se pasaba a la oposici\u00f3n.<\/p>\n<p>Schulz era la gran promesa para los socialdem\u00f3cratas, que lo eligieron en marzo de 2017 con el 100 por ciento de los votos. Pero cay\u00f3 con la misma fuerza con que ascendi\u00f3.<\/p>\n<p>Tras fracasar las negociaciones de Merkel para formar un Gobierno tripartito con liberales y verdes, Schulz volvi\u00f3 a descartar una gran coalici\u00f3n y asegur\u00f3 que nunca ser\u00eda ministro en un Ejecutivo de Merkel.<\/p>\n<p>Las cosas se dieron de otra manera y los socialdem\u00f3cratas tras muchos debates internos que los dejaron divididos y un congreso extraordinario accedieron a jugar nuevamente el rol de socio menor de Merkel.<\/p>\n<p>Schulz se vio obligado a renunciar tanto a la presidencia del SPD como a la posibilidad de ser ministro de Exteriores. \u00abEl \u00cdcaro de W\u00fcrselen\u00bb, se mofaron los medios en alusi\u00f3n al pueblo natal del Schulz, en el oeste alem\u00e1n.<\/p>\n<p>La Ejecutiva del partido r\u00e1pidamente encontr\u00f3 una sucesora para Schulz, la ex titular de Trabajo y ex secretaria general del partido Andrea Nahles.<\/p>\n<p>El descontento de las bases no se hizo esperar y la agrupaci\u00f3n qued\u00f3 de forma interina al mando del hamburgu\u00e9s Olaf Scholz a la espera de que un nuevo presidente sea elegido el congreso extraordinario del 22 de abril<\/p>\n<p>Nahles, actual jefa de la bancada del SPD en el Parlamento alem\u00e1n, no es la \u00fanica candidata a ser la primera presidenta. Tambi\u00e9n se ha presentado Simone Lange, alcaldesa de la ciudad m\u00e1s septentrional de Alemania, Flensburg, casi en la frontera con Dinamarca.<\/p>\n<p>Nahles, de 47 a\u00f1os, cuenta con los mayores apoyos. La pol\u00edtica comenz\u00f3 su carrera como dirigente de las Juventudes Socialdem\u00f3cratas (Jusos) y lleg\u00f3 a ocupar la secretar\u00eda general.<\/p>\n<p>Es conocida por una forma de hablar directa y poco diplom\u00e1tica. Durante su gesti\u00f3n de ministra se granje\u00f3 el respeto de Merkel y de los conservadores por ser una trabajadora minuciosa y siempre preparada.<\/p>\n<p>Adem\u00e1s de la elecci\u00f3n de presidenta, los socialdem\u00f3cratas debatir\u00e1n sobre su situaci\u00f3n. En su tercera gran coalici\u00f3n con Merkel han ca\u00eddo claramente por debajo del 20 por ciento en la intenci\u00f3n de voto.<\/p>\n<p>Parecen haber pasado siglos desde que al comienzo del milenio eran el partido m\u00e1s votado del pa\u00eds. Entonces reg\u00eda Alemania el canciller Gerhard Schr\u00f6der, impulsor de la \u00abAgenda 2010\u00bb, el programa de recortes de beneficios sociales y laborales con el que quer\u00eda mejorar la competitividad y reactivar una econom\u00eda con a\u00f1os de estancamiento.<\/p>\n<p>No son pocos los socialdem\u00f3cratas que achacan a este programa su paulatino ocaso. Mientras que democristianos, liberales y empresarios creen que fue la base para la actual bonanza econ\u00f3mica, sectores de izquierda piensan que el SPD traicion\u00f3 a sus votantes trabajadores.<\/p>\n<p>Por Mar\u00eda Laura Ar\u00e1oz (dpa)<\/p>\n","protected":false},"excerpt":{"rendered":"<p>Berl\u00edn, 21 abr (dpa) &#8211; El Partido Socialdem\u00f3crata alem\u00e1n (SPD) celebrar\u00e1 este domingo un congreso extraordinario en el que se encomendar\u00e1 por primera vez a una mujer como presidenta en el intento de frenar su dram\u00e1tica ca\u00edda de popularidad. Como gran favorita para convertirse en la primera mujer que dirija el destino del partido m\u00e1s [&hellip;]<\/p>\n","protected":false},"author":1,"featured_media":970727,"comment_status":"closed","ping_status":"closed","sticky":false,"template":"","format":"standard","meta":{"footnotes":""},"categories":[1],"tags":[],"class_list":["post-976856","post","type-post","status-publish","format-standard","has-post-thumbnail","hentry","category-actualidad"],"aioseo_notices":[],"aioseo_head":"\n\t\t<!-- All in One SEO Pro 5.0.1 - aioseo.com -->\n\t<meta name=\"description\" content=\"Berl\u00edn, 21 abr (dpa) - El Partido Socialdem\u00f3crata alem\u00e1n (SPD) celebrar\u00e1 este domingo un congreso extraordinario en el que se encomendar\u00e1 por primera vez a una mujer como presidenta en el intento de frenar su dram\u00e1tica ca\u00edda de popularidad. Como gran favorita para convertirse en la primera mujer que dirija el destino del partido m\u00e1s\" \/>\n\t<meta name=\"robots\" content=\"max-image-preview:large\" \/>\n\t<meta name=\"author\" content=\"El Digital de Asturias\"\/>\n\t<meta name=\"google-site-verification\" content=\"UA-38556648-1\" \/>\n\t<meta name=\"msvalidate.01\" content=\"7dfe9f3f1b24437ab69f4f2559babe99\" \/>\n\t<meta name=\"keywords\" content=\"actualidad\" \/>\n\t<link rel=\"canonical\" href=\"https:\/\/www.eldigitaldeasturias.com\/noticias\/el-partido-socialdemocrata-aleman-celebrara-este-domingo-un-congreso-extraordinario\/\" \/>\n\t<meta name=\"generator\" content=\"All in One SEO Pro (AIOSEO) 5.0.1\" \/>\n\t\t<meta property=\"og:locale\" content=\"es_ES\" \/>\n\t\t<meta property=\"og:site_name\" content=\"El Digital de Asturias\" \/>\n\t\t<meta property=\"og:type\" content=\"article\" \/>\n\t\t<meta property=\"og:title\" content=\"El Partido Socialdem\u00f3crata alem\u00e1n celebrar\u00e1 este domingo un congreso extraordinario - El Digital de Asturias\" \/>\n\t\t<meta property=\"og:description\" content=\"Berl\u00edn, 21 abr (dpa) - El Partido Socialdem\u00f3crata alem\u00e1n (SPD) celebrar\u00e1 este domingo un congreso extraordinario en el que se encomendar\u00e1 por primera vez a una mujer como presidenta en el intento de frenar su dram\u00e1tica ca\u00edda de popularidad. Como gran favorita para convertirse en la primera mujer que dirija el destino del partido m\u00e1s\" \/>\n\t\t<meta property=\"og:url\" content=\"https:\/\/www.eldigitaldeasturias.com\/noticias\/el-partido-socialdemocrata-aleman-celebrara-este-domingo-un-congreso-extraordinario\/\" \/>\n\t\t<meta property=\"article:tag\" content=\"actualidad\" \/>\n\t\t<meta property=\"article:published_time\" content=\"2018-04-21T23:55:31+00:00\" \/>\n\t\t<meta property=\"article:modified_time\" content=\"2018-04-21T23:55:31+00:00\" \/>\n\t\t<meta property=\"article:publisher\" content=\"https:\/\/facebook.com\/eldigitaldeasturias\" \/>\n\t\t<meta name=\"twitter:card\" content=\"summary_large_image\" \/>\n\t\t<meta name=\"twitter:title\" content=\"El Partido Socialdem\u00f3crata alem\u00e1n celebrar\u00e1 este domingo un congreso extraordinario - El Digital de Asturias\" \/>\n\t\t<meta name=\"twitter:description\" content=\"Berl\u00edn, 21 abr (dpa) - El Partido Socialdem\u00f3crata alem\u00e1n (SPD) celebrar\u00e1 este domingo un congreso extraordinario en el que se encomendar\u00e1 por primera vez a una mujer como presidenta en el intento de frenar su dram\u00e1tica ca\u00edda de popularidad. Como gran favorita para convertirse en la primera mujer que dirija el destino del partido m\u00e1s\" \/>\n\t\t<meta name=\"twitter:image\" content=\"https:\/\/www.eldigitaldeasturias.com\/noticias\/wp-content\/uploads\/2020\/12\/EDA-1.jpg\" \/>\n\t\t<meta name=\"twitter:label1\" content=\"Escrito por\" \/>\n\t\t<meta name=\"twitter:data1\" content=\"El Digital de Asturias\" \/>\n\t\t<meta name=\"twitter:label2\" content=\"Tiempo de lectura estimado\" \/>\n\t\t<meta name=\"twitter:data2\" content=\"3 minutos\" \/>\n\t\t<script type=\"application\/ld+json\" class=\"aioseo-schema\">\n\t\t\t{\"@context\":\"https:\\\/\\\/schema.org\",\"@graph\":[{\"@type\":\"BlogPosting\",\"@id\":\"https:\\\/\\\/www.eldigitaldeasturias.com\\\/noticias\\\/el-partido-socialdemocrata-aleman-celebrara-este-domingo-un-congreso-extraordinario\\\/#blogposting\",\"name\":\"El Partido Socialdem\\u00f3crata alem\\u00e1n celebrar\\u00e1 este domingo un congreso extraordinario - El Digital de Asturias\",\"headline\":\"El Partido Socialdem\\u00f3crata alem\\u00e1n celebrar\\u00e1 este domingo un congreso extraordinario\",\"author\":{\"@id\":\"https:\\\/\\\/www.eldigitaldeasturias.com\\\/noticias\\\/author\\\/admin\\\/#author\"},\"publisher\":{\"@id\":\"https:\\\/\\\/www.eldigitaldeasturias.com\\\/noticias\\\/#organization\"},\"image\":{\"@type\":\"ImageObject\",\"url\":970727},\"datePublished\":\"2018-04-21T23:55:31+02:00\",\"dateModified\":\"2018-04-21T23:55:31+02:00\",\"inLanguage\":\"es-ES\",\"mainEntityOfPage\":{\"@id\":\"https:\\\/\\\/www.eldigitaldeasturias.com\\\/noticias\\\/el-partido-socialdemocrata-aleman-celebrara-este-domingo-un-congreso-extraordinario\\\/#webpage\"},\"isPartOf\":{\"@id\":\"https:\\\/\\\/www.eldigitaldeasturias.com\\\/noticias\\\/el-partido-socialdemocrata-aleman-celebrara-este-domingo-un-congreso-extraordinario\\\/#webpage\"},\"articleSection\":\"Actualidad\"},{\"@type\":\"BreadcrumbList\",\"@id\":\"https:\\\/\\\/www.eldigitaldeasturias.com\\\/noticias\\\/el-partido-socialdemocrata-aleman-celebrara-este-domingo-un-congreso-extraordinario\\\/#breadcrumblist\",\"itemListElement\":[{\"@type\":\"ListItem\",\"@id\":\"https:\\\/\\\/www.eldigitaldeasturias.com\\\/noticias#listItem\",\"position\":1,\"name\":\"Home\",\"item\":\"https:\\\/\\\/www.eldigitaldeasturias.com\\\/noticias\",\"nextItem\":{\"@type\":\"ListItem\",\"@id\":\"https:\\\/\\\/www.eldigitaldeasturias.com\\\/noticias\\\/category\\\/actualidad\\\/#listItem\",\"name\":\"Actualidad\"}},{\"@type\":\"ListItem\",\"@id\":\"https:\\\/\\\/www.eldigitaldeasturias.com\\\/noticias\\\/category\\\/actualidad\\\/#listItem\",\"position\":2,\"name\":\"Actualidad\",\"item\":\"https:\\\/\\\/www.eldigitaldeasturias.com\\\/noticias\\\/category\\\/actualidad\\\/\",\"nextItem\":{\"@type\":\"ListItem\",\"@id\":\"https:\\\/\\\/www.eldigitaldeasturias.com\\\/noticias\\\/el-partido-socialdemocrata-aleman-celebrara-este-domingo-un-congreso-extraordinario\\\/#listItem\",\"name\":\"El Partido Socialdem\\u00f3crata alem\\u00e1n celebrar\\u00e1 este domingo un congreso extraordinario\"},\"previousItem\":{\"@type\":\"ListItem\",\"@id\":\"https:\\\/\\\/www.eldigitaldeasturias.com\\\/noticias#listItem\",\"name\":\"Home\"}},{\"@type\":\"ListItem\",\"@id\":\"https:\\\/\\\/www.eldigitaldeasturias.com\\\/noticias\\\/el-partido-socialdemocrata-aleman-celebrara-este-domingo-un-congreso-extraordinario\\\/#listItem\",\"position\":3,\"name\":\"El Partido Socialdem\\u00f3crata alem\\u00e1n celebrar\\u00e1 este domingo un congreso extraordinario\",\"previousItem\":{\"@type\":\"ListItem\",\"@id\":\"https:\\\/\\\/www.eldigitaldeasturias.com\\\/noticias\\\/category\\\/actualidad\\\/#listItem\",\"name\":\"Actualidad\"}}]},{\"@type\":\"Organization\",\"@id\":\"https:\\\/\\\/www.eldigitaldeasturias.com\\\/noticias\\\/#organization\",\"name\":\"El Digital de Asturias\",\"description\":\"Hemeroteca\",\"url\":\"https:\\\/\\\/www.eldigitaldeasturias.com\\\/noticias\\\/\",\"email\":\"info@eldigitaldeasturias.com\",\"telephone\":\"+34652131393\",\"logo\":{\"@type\":\"ImageObject\",\"url\":\"https:\\\/\\\/www.eldigitaldeasturias.com\\\/noticias\\\/wp-content\\\/uploads\\\/2020\\\/12\\\/EDA.jpg\",\"@id\":\"https:\\\/\\\/www.eldigitaldeasturias.com\\\/noticias\\\/el-partido-socialdemocrata-aleman-celebrara-este-domingo-un-congreso-extraordinario\\\/#organizationLogo\"},\"image\":{\"@id\":\"https:\\\/\\\/www.eldigitaldeasturias.com\\\/noticias\\\/el-partido-socialdemocrata-aleman-celebrara-este-domingo-un-congreso-extraordinario\\\/#organizationLogo\"},\"sameAs\":[\"https:\\\/\\\/facebook.com\\\/eldigitaldeasturias\",\"https:\\\/\\\/www.youtube.com\\\/channel\\\/UCZP-2wLEB9Rv6erhFmqVnvg\"],\"address\":{\"@id\":\"https:\\\/\\\/www.eldigitaldeasturias.com\\\/noticias\\\/#postaladdress\",\"@type\":\"PostalAddress\",\"streetAddress\":\"san antonio 4\",\"postalCode\":\"33430\",\"addressLocality\":\"Cand\\u00e1s\",\"addressRegion\":\"Asturias\",\"addressCountry\":\"ES\"}},{\"@type\":\"Person\",\"@id\":\"https:\\\/\\\/www.eldigitaldeasturias.com\\\/noticias\\\/author\\\/admin\\\/#author\",\"url\":\"https:\\\/\\\/www.eldigitaldeasturias.com\\\/noticias\\\/author\\\/admin\\\/\",\"name\":\"El Digital de Asturias\",\"image\":{\"@type\":\"ImageObject\",\"@id\":\"https:\\\/\\\/www.eldigitaldeasturias.com\\\/noticias\\\/el-partido-socialdemocrata-aleman-celebrara-este-domingo-un-congreso-extraordinario\\\/#authorImage\",\"url\":\"https:\\\/\\\/secure.gravatar.com\\\/avatar\\\/df2aeffc32bcd13f8d26072ef8a91b623d677766deac7f97ca815868cd41bf5e?s=96&d=mm&r=g\",\"width\":96,\"height\":96,\"caption\":\"El Digital de Asturias\"}},{\"@type\":\"WebPage\",\"@id\":\"https:\\\/\\\/www.eldigitaldeasturias.com\\\/noticias\\\/el-partido-socialdemocrata-aleman-celebrara-este-domingo-un-congreso-extraordinario\\\/#webpage\",\"url\":\"https:\\\/\\\/www.eldigitaldeasturias.com\\\/noticias\\\/el-partido-socialdemocrata-aleman-celebrara-este-domingo-un-congreso-extraordinario\\\/\",\"name\":\"El Partido Socialdem\\u00f3crata alem\\u00e1n celebrar\\u00e1 este domingo un congreso extraordinario - El Digital de Asturias\",\"description\":\"Berl\\u00edn, 21 abr (dpa) - El Partido Socialdem\\u00f3crata alem\\u00e1n (SPD) celebrar\\u00e1 este domingo un congreso extraordinario en el que se encomendar\\u00e1 por primera vez a una mujer como presidenta en el intento de frenar su dram\\u00e1tica ca\\u00edda de popularidad. Como gran favorita para convertirse en la primera mujer que dirija el destino del partido m\\u00e1s\",\"inLanguage\":\"es-ES\",\"isPartOf\":{\"@id\":\"https:\\\/\\\/www.eldigitaldeasturias.com\\\/noticias\\\/#website\"},\"breadcrumb\":{\"@id\":\"https:\\\/\\\/www.eldigitaldeasturias.com\\\/noticias\\\/el-partido-socialdemocrata-aleman-celebrara-este-domingo-un-congreso-extraordinario\\\/#breadcrumblist\"},\"author\":{\"@id\":\"https:\\\/\\\/www.eldigitaldeasturias.com\\\/noticias\\\/author\\\/admin\\\/#author\"},\"creator\":{\"@id\":\"https:\\\/\\\/www.eldigitaldeasturias.com\\\/noticias\\\/author\\\/admin\\\/#author\"},\"image\":{\"@type\":\"ImageObject\",\"url\":970727,\"@id\":\"https:\\\/\\\/www.eldigitaldeasturias.com\\\/noticias\\\/el-partido-socialdemocrata-aleman-celebrara-este-domingo-un-congreso-extraordinario\\\/#mainImage\"},\"primaryImageOfPage\":{\"@id\":\"https:\\\/\\\/www.eldigitaldeasturias.com\\\/noticias\\\/el-partido-socialdemocrata-aleman-celebrara-este-domingo-un-congreso-extraordinario\\\/#mainImage\"},\"datePublished\":\"2018-04-21T23:55:31+02:00\",\"dateModified\":\"2018-04-21T23:55:31+02:00\"},{\"@type\":\"WebSite\",\"@id\":\"https:\\\/\\\/www.eldigitaldeasturias.com\\\/noticias\\\/#website\",\"url\":\"https:\\\/\\\/www.eldigitaldeasturias.com\\\/noticias\\\/\",\"name\":\"El Digital de Asturias - Diario de actualidad y noticias\",\"alternateName\":\"El Digital de Asturias - Diario de actualidad y noticias\",\"description\":\"Hemeroteca\",\"inLanguage\":\"es-ES\",\"publisher\":{\"@id\":\"https:\\\/\\\/www.eldigitaldeasturias.com\\\/noticias\\\/#organization\"}}]}\n\t\t<\/script>\n\t\t<!-- All in One SEO Pro -->\r\n\t\t<title>El Partido Socialdem\u00f3crata alem\u00e1n celebrar\u00e1 este domingo un congreso extraordinario - El Digital de Asturias<\/title>\n\n","aioseo_head_json":{"title":"El Partido Socialdem\u00f3crata alem\u00e1n celebrar\u00e1 este domingo un congreso extraordinario - El Digital de Asturias","description":"Berl\u00edn, 21 abr (dpa) - El Partido Socialdem\u00f3crata alem\u00e1n (SPD) celebrar\u00e1 este domingo un congreso extraordinario en el que se encomendar\u00e1 por primera vez a una mujer como presidenta en el intento de frenar su dram\u00e1tica ca\u00edda de popularidad. Como gran favorita para convertirse en la primera mujer que dirija el destino del partido m\u00e1s","canonical_url":"https:\/\/www.eldigitaldeasturias.com\/noticias\/el-partido-socialdemocrata-aleman-celebrara-este-domingo-un-congreso-extraordinario\/","robots":"max-image-preview:large","keywords":"actualidad","webmasterTools":{"google-site-verification":"UA-38556648-1","msvalidate.01":"7dfe9f3f1b24437ab69f4f2559babe99","miscellaneous":""},"schema":{"@context":"https:\/\/schema.org","@graph":[{"@type":"BlogPosting","@id":"https:\/\/www.eldigitaldeasturias.com\/noticias\/el-partido-socialdemocrata-aleman-celebrara-este-domingo-un-congreso-extraordinario\/#blogposting","name":"El Partido Socialdem\u00f3crata alem\u00e1n celebrar\u00e1 este domingo un congreso extraordinario - El Digital de Asturias","headline":"El Partido Socialdem\u00f3crata alem\u00e1n celebrar\u00e1 este domingo un congreso extraordinario","author":{"@id":"https:\/\/www.eldigitaldeasturias.com\/noticias\/author\/admin\/#author"},"publisher":{"@id":"https:\/\/www.eldigitaldeasturias.com\/noticias\/#organization"},"image":{"@type":"ImageObject","url":970727},"datePublished":"2018-04-21T23:55:31+02:00","dateModified":"2018-04-21T23:55:31+02:00","inLanguage":"es-ES","mainEntityOfPage":{"@id":"https:\/\/www.eldigitaldeasturias.com\/noticias\/el-partido-socialdemocrata-aleman-celebrara-este-domingo-un-congreso-extraordinario\/#webpage"},"isPartOf":{"@id":"https:\/\/www.eldigitaldeasturias.com\/noticias\/el-partido-socialdemocrata-aleman-celebrara-este-domingo-un-congreso-extraordinario\/#webpage"},"articleSection":"Actualidad"},{"@type":"BreadcrumbList","@id":"https:\/\/www.eldigitaldeasturias.com\/noticias\/el-partido-socialdemocrata-aleman-celebrara-este-domingo-un-congreso-extraordinario\/#breadcrumblist","itemListElement":[{"@type":"ListItem","@id":"https:\/\/www.eldigitaldeasturias.com\/noticias#listItem","position":1,"name":"Home","item":"https:\/\/www.eldigitaldeasturias.com\/noticias","nextItem":{"@type":"ListItem","@id":"https:\/\/www.eldigitaldeasturias.com\/noticias\/category\/actualidad\/#listItem","name":"Actualidad"}},{"@type":"ListItem","@id":"https:\/\/www.eldigitaldeasturias.com\/noticias\/category\/actualidad\/#listItem","position":2,"name":"Actualidad","item":"https:\/\/www.eldigitaldeasturias.com\/noticias\/category\/actualidad\/","nextItem":{"@type":"ListItem","@id":"https:\/\/www.eldigitaldeasturias.com\/noticias\/el-partido-socialdemocrata-aleman-celebrara-este-domingo-un-congreso-extraordinario\/#listItem","name":"El Partido Socialdem\u00f3crata alem\u00e1n celebrar\u00e1 este domingo un congreso extraordinario"},"previousItem":{"@type":"ListItem","@id":"https:\/\/www.eldigitaldeasturias.com\/noticias#listItem","name":"Home"}},{"@type":"ListItem","@id":"https:\/\/www.eldigitaldeasturias.com\/noticias\/el-partido-socialdemocrata-aleman-celebrara-este-domingo-un-congreso-extraordinario\/#listItem","position":3,"name":"El Partido Socialdem\u00f3crata alem\u00e1n celebrar\u00e1 este domingo un congreso extraordinario","previousItem":{"@type":"ListItem","@id":"https:\/\/www.eldigitaldeasturias.com\/noticias\/category\/actualidad\/#listItem","name":"Actualidad"}}]},{"@type":"Organization","@id":"https:\/\/www.eldigitaldeasturias.com\/noticias\/#organization","name":"El Digital de Asturias","description":"Hemeroteca","url":"https:\/\/www.eldigitaldeasturias.com\/noticias\/","email":"info@eldigitaldeasturias.com","telephone":"+34652131393","logo":{"@type":"ImageObject","url":"https:\/\/www.eldigitaldeasturias.com\/noticias\/wp-content\/uploads\/2020\/12\/EDA.jpg","@id":"https:\/\/www.eldigitaldeasturias.com\/noticias\/el-partido-socialdemocrata-aleman-celebrara-este-domingo-un-congreso-extraordinario\/#organizationLogo"},"image":{"@id":"https:\/\/www.eldigitaldeasturias.com\/noticias\/el-partido-socialdemocrata-aleman-celebrara-este-domingo-un-congreso-extraordinario\/#organizationLogo"},"sameAs":["https:\/\/facebook.com\/eldigitaldeasturias","https:\/\/www.youtube.com\/channel\/UCZP-2wLEB9Rv6erhFmqVnvg"],"address":{"@id":"https:\/\/www.eldigitaldeasturias.com\/noticias\/#postaladdress","@type":"PostalAddress","streetAddress":"san antonio 4","postalCode":"33430","addressLocality":"Cand\u00e1s","addressRegion":"Asturias","addressCountry":"ES"}},{"@type":"Person","@id":"https:\/\/www.eldigitaldeasturias.com\/noticias\/author\/admin\/#author","url":"https:\/\/www.eldigitaldeasturias.com\/noticias\/author\/admin\/","name":"El Digital de Asturias","image":{"@type":"ImageObject","@id":"https:\/\/www.eldigitaldeasturias.com\/noticias\/el-partido-socialdemocrata-aleman-celebrara-este-domingo-un-congreso-extraordinario\/#authorImage","url":"https:\/\/secure.gravatar.com\/avatar\/df2aeffc32bcd13f8d26072ef8a91b623d677766deac7f97ca815868cd41bf5e?s=96&d=mm&r=g","width":96,"height":96,"caption":"El Digital de Asturias"}},{"@type":"WebPage","@id":"https:\/\/www.eldigitaldeasturias.com\/noticias\/el-partido-socialdemocrata-aleman-celebrara-este-domingo-un-congreso-extraordinario\/#webpage","url":"https:\/\/www.eldigitaldeasturias.com\/noticias\/el-partido-socialdemocrata-aleman-celebrara-este-domingo-un-congreso-extraordinario\/","name":"El Partido Socialdem\u00f3crata alem\u00e1n celebrar\u00e1 este domingo un congreso extraordinario - El Digital de Asturias","description":"Berl\u00edn, 21 abr (dpa) - El Partido Socialdem\u00f3crata alem\u00e1n (SPD) celebrar\u00e1 este domingo un congreso extraordinario en el que se encomendar\u00e1 por primera vez a una mujer como presidenta en el intento de frenar su dram\u00e1tica ca\u00edda de popularidad. Como gran favorita para convertirse en la primera mujer que dirija el destino del partido m\u00e1s","inLanguage":"es-ES","isPartOf":{"@id":"https:\/\/www.eldigitaldeasturias.com\/noticias\/#website"},"breadcrumb":{"@id":"https:\/\/www.eldigitaldeasturias.com\/noticias\/el-partido-socialdemocrata-aleman-celebrara-este-domingo-un-congreso-extraordinario\/#breadcrumblist"},"author":{"@id":"https:\/\/www.eldigitaldeasturias.com\/noticias\/author\/admin\/#author"},"creator":{"@id":"https:\/\/www.eldigitaldeasturias.com\/noticias\/author\/admin\/#author"},"image":{"@type":"ImageObject","url":970727,"@id":"https:\/\/www.eldigitaldeasturias.com\/noticias\/el-partido-socialdemocrata-aleman-celebrara-este-domingo-un-congreso-extraordinario\/#mainImage"},"primaryImageOfPage":{"@id":"https:\/\/www.eldigitaldeasturias.com\/noticias\/el-partido-socialdemocrata-aleman-celebrara-este-domingo-un-congreso-extraordinario\/#mainImage"},"datePublished":"2018-04-21T23:55:31+02:00","dateModified":"2018-04-21T23:55:31+02:00"},{"@type":"WebSite","@id":"https:\/\/www.eldigitaldeasturias.com\/noticias\/#website","url":"https:\/\/www.eldigitaldeasturias.com\/noticias\/","name":"El Digital de Asturias - Diario de actualidad y noticias","alternateName":"El Digital de Asturias - Diario de actualidad y noticias","description":"Hemeroteca","inLanguage":"es-ES","publisher":{"@id":"https:\/\/www.eldigitaldeasturias.com\/noticias\/#organization"}}]},"og:locale":"es_ES","og:site_name":"El Digital de Asturias","og:type":"article","og:title":"El Partido Socialdem\u00f3crata alem\u00e1n celebrar\u00e1 este domingo un congreso extraordinario - El Digital de Asturias","og:description":"Berl\u00edn, 21 abr (dpa) - El Partido Socialdem\u00f3crata alem\u00e1n (SPD) celebrar\u00e1 este domingo un congreso extraordinario en el que se encomendar\u00e1 por primera vez a una mujer como presidenta en el intento de frenar su dram\u00e1tica ca\u00edda de popularidad. Como gran favorita para convertirse en la primera mujer que dirija el destino del partido m\u00e1s","og:url":"https:\/\/www.eldigitaldeasturias.com\/noticias\/el-partido-socialdemocrata-aleman-celebrara-este-domingo-un-congreso-extraordinario\/","article:tag":["actualidad"],"article:published_time":"2018-04-21T23:55:31+00:00","article:modified_time":"2018-04-21T23:55:31+00:00","article:publisher":"https:\/\/facebook.com\/eldigitaldeasturias","twitter:card":"summary_large_image","twitter:title":"El Partido Socialdem\u00f3crata alem\u00e1n celebrar\u00e1 este domingo un congreso extraordinario - El Digital de Asturias","twitter:description":"Berl\u00edn, 21 abr (dpa) - El Partido Socialdem\u00f3crata alem\u00e1n (SPD) celebrar\u00e1 este domingo un congreso extraordinario en el que se encomendar\u00e1 por primera vez a una mujer como presidenta en el intento de frenar su dram\u00e1tica ca\u00edda de popularidad. Como gran favorita para convertirse en la primera mujer que dirija el destino del partido m\u00e1s","twitter:image":"https:\/\/www.eldigitaldeasturias.com\/noticias\/wp-content\/uploads\/2020\/12\/EDA-1.jpg","twitter:label1":"Escrito por","twitter:data1":"El Digital de Asturias","twitter:label2":"Tiempo de lectura estimado","twitter:data2":"3 minutos"},"aioseo_meta_data":{"post_id":"976856","title":null,"description":null,"keywords":null,"keyphrases":null,"primary_term":null,"canonical_url":null,"og_title":null,"og_description":null,"og_object_type":"default","og_image_type":"default","og_image_url":null,"og_image_width":null,"og_image_height":null,"og_image_custom_url":null,"og_image_custom_fields":null,"og_video":null,"og_custom_url":null,"og_article_section":null,"og_article_tags":null,"twitter_use_og":false,"twitter_card":"default","twitter_image_type":"default","twitter_image_url":null,"twitter_image_custom_url":null,"twitter_image_custom_fields":null,"twitter_title":null,"twitter_description":null,"schema":{"blockGraphs":[],"customGraphs":[],"default":{"data":{"Article":[],"Course":[],"Dataset":[],"FAQPage":[],"Movie":[],"Person":[],"Product":[],"ProductReview":[],"Car":[],"Recipe":[],"Service":[],"SoftwareApplication":[],"WebPage":[]},"graphName":"","isEnabled":true},"graphs":[],"defaultGraph":"","defaultPostTypeGraph":""},"schema_type":null,"schema_type_options":null,"pillar_content":false,"robots_default":true,"robots_noindex":false,"robots_noarchive":false,"robots_nosnippet":false,"robots_nofollow":false,"robots_noimageindex":false,"robots_noodp":false,"robots_notranslate":false,"robots_max_snippet":null,"robots_max_videopreview":null,"robots_max_imagepreview":"large","priority":null,"frequency":null,"local_seo":null,"seo_analyzer_scan_date":"2025-10-08 05:20:19","breadcrumb_settings":null,"limit_modified_date":false,"open_ai":null,"ai":null,"created":"2020-12-21 12:06:39","updated":"2025-10-08 05:20:19","focus_keyword":null,"additional_keywords":null,"truseo_locale":null},"aioseo_breadcrumb":"<div class=\"aioseo-breadcrumbs\"><span class=\"aioseo-breadcrumb\">\n\t<a href=\"https:\/\/www.eldigitaldeasturias.com\/noticias\" title=\"Home\">Home<\/a>\n<\/span><span class=\"aioseo-breadcrumb-separator\">\u2013<\/span><span class=\"aioseo-breadcrumb\">\n\t<a href=\"https:\/\/www.eldigitaldeasturias.com\/noticias\/category\/actualidad\/\" title=\"Actualidad\">Actualidad<\/a>\n<\/span><span class=\"aioseo-breadcrumb-separator\">\u2013<\/span><span class=\"aioseo-breadcrumb\">\n\t<a href=\"https:\/\/www.eldigitaldeasturias.com\/noticias\/el-partido-socialdemocrata-aleman-celebrara-este-domingo-un-congreso-extraordinario\/\" title=\"El Partido Socialdem\u00f3crata alem\u00e1n celebrar\u00e1 este domingo un congreso extraordinario\">El Partido Socialdem\u00f3crata alem\u00e1n celebrar\u00e1 este domingo un congreso extraordinario<\/a>\n<\/span><\/div>","aioseo_breadcrumb_json":[{"label":"Home","link":"https:\/\/www.eldigitaldeasturias.com\/noticias"},{"label":"Actualidad","link":"https:\/\/www.eldigitaldeasturias.com\/noticias\/category\/actualidad\/"},{"label":"El Partido Socialdem\u00f3crata alem\u00e1n celebrar\u00e1 este domingo un congreso extraordinario","link":"https:\/\/www.eldigitaldeasturias.com\/noticias\/el-partido-socialdemocrata-aleman-celebrara-este-domingo-un-congreso-extraordinario\/"}],"_links":{"self":[{"href":"https:\/\/www.eldigitaldeasturias.com\/noticias\/wp-json\/wp\/v2\/posts\/976856","targetHints":{"allow":["GET"]}}],"collection":[{"href":"https:\/\/www.eldigitaldeasturias.com\/noticias\/wp-json\/wp\/v2\/posts"}],"about":[{"href":"https:\/\/www.eldigitaldeasturias.com\/noticias\/wp-json\/wp\/v2\/types\/post"}],"author":[{"embeddable":true,"href":"https:\/\/www.eldigitaldeasturias.com\/noticias\/wp-json\/wp\/v2\/users\/1"}],"replies":[{"embeddable":true,"href":"https:\/\/www.eldigitaldeasturias.com\/noticias\/wp-json\/wp\/v2\/comments?post=976856"}],"version-history":[{"count":0,"href":"https:\/\/www.eldigitaldeasturias.com\/noticias\/wp-json\/wp\/v2\/posts\/976856\/revisions"}],"wp:attachment":[{"href":"https:\/\/www.eldigitaldeasturias.com\/noticias\/wp-json\/wp\/v2\/media?parent=976856"}],"wp:term":[{"taxonomy":"category","embeddable":true,"href":"https:\/\/www.eldigitaldeasturias.com\/noticias\/wp-json\/wp\/v2\/categories?post=976856"},{"taxonomy":"post_tag","embeddable":true,"href":"https:\/\/www.eldigitaldeasturias.com\/noticias\/wp-json\/wp\/v2\/tags?post=976856"}],"curies":[{"name":"wp","href":"https:\/\/api.w.org\/{rel}","templated":true}]}}