{"id":976844,"date":"2018-04-21T23:26:06","date_gmt":"2018-04-21T23:26:06","guid":{"rendered":"http:\/\/www.eldigitaldeasturias.com\/noticias\/?p=976844"},"modified":"2018-04-21T23:26:06","modified_gmt":"2018-04-21T23:26:06","slug":"torturas-sobrepoblacion-y-tratos-degradantes-en-las-carceles-argentinas","status":"publish","type":"post","link":"https:\/\/www.eldigitaldeasturias.com\/noticias\/torturas-sobrepoblacion-y-tratos-degradantes-en-las-carceles-argentinas\/","title":{"rendered":"Torturas, sobrepoblaci\u00f3n y tratos degradantes en las c\u00e1rceles argentinas"},"content":{"rendered":"<p><img loading=\"lazy\" decoding=\"async\" class=\"alignleft size-medium wp-image-976845\" src=\"https:\/\/www.eldigitaldeasturias.com\/noticias\/wp-content\/uploads\/2018\/04\/fence-2163951_960_720-360x238.jpg\" alt=\"\" width=\"360\" height=\"238\" \/>Buenos Aires, 20 abr (dpa) &#8211; Calabozos infestados de insectos y roedores, algunos de ellos sin ventilaci\u00f3n, luz natural o artificial, agua ni ba\u00f1os. All\u00ed, los detenidos orinan y defecan en recipientes pl\u00e1sticos dentro de sus celdas.<\/p>\n<p>Este panorama, que es cotidiano, pudo observar el relator especial de las Naciones Unidas para la Tortura, Nils Melzer, en diferentes c\u00e1rceles y comisar\u00edas de la capital y tres provincias argentinas que visit\u00f3 en los \u00faltimos diez d\u00edas en el pa\u00eds.<\/p>\n<p>Melzer destac\u00f3 que en otros lugares de prisi\u00f3n donde los grifos no funcionan, los detenidos est\u00e1n obligados \u00aba tomar el agua de los inodoros que utilizan para orinar y defecar\u00bb.<\/p>\n<p>Algunos de los prisioneros dijeron \u00abhaber sido detenidos por la polic\u00eda durante per\u00edodos prolongados de varias semanas y hasta m\u00e1s de seis meses, muchas veces sin haber visto a un juez o a un defensor p\u00fablico y sin acceso al aire fresco ni a la luz solar\u00bb.<\/p>\n<p>En el Establecimiento Penitenciario n\u00famero nueve de la provincia de C\u00f3rdoba, en el centro del pa\u00eds, diez detenidos conviven durante 16 horas en una celda de tres metros por cuatro de dimensi\u00f3n. Lo hacen, la mayor\u00eda del tiempo, acostados o sentados en sus literas.<\/p>\n<p>No tienen instalaciones sanitarias, luz artificial ni realizan actividad de ning\u00fan tipo por falta de espacio.<\/p>\n<p>\u00abLos internos permanecen en estas condiciones sin ning\u00fan acceso ni a la luz del sol ni a espacios abiertos durante semanas o meses\u00bb, explic\u00f3 hoy Melzer en una conferencia de prensa en Buenos Aires.<\/p>\n<p>En la unidad penitenciaria de Cruz del Eje, tambi\u00e9n en C\u00f3rdoba, los detenidos dijeron haber sido \u00abgolpeados duramente\u00bb mientras estaban encadenados a las camas de metal durante varios d\u00edas.<\/p>\n<p>En el penal de Bower, situado en las afueras de la capital cordobesa, los reclusos declararon haber sido encadenados o esposados por per\u00edodos de hasta tres d\u00edas.<\/p>\n<p>En casi todas las unidades carcelarias visitadas, Melzer comprob\u00f3 que \u00abno existen programas especiales para los detenidos que sufren enfermedades de larga duraci\u00f3n, incluidos el c\u00e1ncer y VIH\u00bb.<\/p>\n<p>\u00abRecib\u00ed varias denuncias sobre el uso de t\u00e9cnicas de asfixia conocidas como &#8216;submarino&#8217; tanto &#8216;mojado&#8217; (sumergir la cabeza en un l\u00edquido) como &#8216;seco&#8217; (colocar una bolsa de pl\u00e1stico sobre la cabeza)\u00bb, detall\u00f3 Melzer entre otros tratos \u00abdegradantes\u00bb.<\/p>\n<p>En m\u00e1s del 70 por ciento de los casos informados de tortura y maltrato, las v\u00edctimas aceptaron registrar sus denuncias pero no presentarlas ante las autoridades, agreg\u00f3 el informe.<\/p>\n<p>En ese contexto, la violencia institucional por parte de las fuerzas de seguridad y carcelarias \u00abparece ser generalizada y la impunidad, enorme\u00bb, agreg\u00f3 el relator de la ONU.<\/p>\n<p>Seg\u00fan los datos recibidos en su visita, Melzer dijo que el 60 por ciento de la poblaci\u00f3n carcelaria pasa detenida preventivamente, en ocasiones, hasta cinco a\u00f1os.<\/p>\n<p>La privaci\u00f3n de la libertad, entonces, \u00abaparece como la medida de rutina en respuesta a cualquier sospecha de delito\u00bb, sostuvo Melzer.<\/p>\n<p>Para poner fin a esta situaci\u00f3n, coment\u00f3 el relator de la ONU, \u00abdebe existir la voluntad pol\u00edtica de actuar ya, porque esto no puede continuar. Los prisioneros no pueden vivir en estas condiciones. Es como una casa que se incendia\u00bb, dijo.<\/p>\n<p><i class=\"lang-es\"><span class=\" readonly\" title=\"\">Por Gabriel Tu\u00f1ez (dpa)<\/span><\/i><\/p>\n","protected":false},"excerpt":{"rendered":"<p>Buenos Aires, 20 abr (dpa) &#8211; Calabozos infestados de insectos y roedores, algunos de ellos sin ventilaci\u00f3n, luz natural o artificial, agua ni ba\u00f1os. All\u00ed, los detenidos orinan y defecan en recipientes pl\u00e1sticos dentro de sus celdas. Este panorama, que es cotidiano, pudo observar el relator especial de las Naciones Unidas para la Tortura, Nils [&hellip;]<\/p>\n","protected":false},"author":1,"featured_media":976845,"comment_status":"closed","ping_status":"closed","sticky":false,"template":"","format":"standard","meta":{"footnotes":""},"categories":[1],"tags":[],"class_list":["post-976844","post","type-post","status-publish","format-standard","has-post-thumbnail","hentry","category-actualidad"],"aioseo_notices":[],"aioseo_head":"\n\t\t<!-- All in One SEO Pro 5.0.1 - aioseo.com -->\n\t<meta name=\"description\" content=\"Buenos Aires, 20 abr (dpa) - Calabozos infestados de insectos y roedores, algunos de ellos sin ventilaci\u00f3n, luz natural o artificial, agua ni ba\u00f1os. All\u00ed, los detenidos orinan y defecan en recipientes pl\u00e1sticos dentro de sus celdas. Este panorama, que es cotidiano, pudo observar el relator especial de las Naciones Unidas para la Tortura, Nils\" \/>\n\t<meta name=\"robots\" content=\"max-image-preview:large\" \/>\n\t<meta name=\"author\" content=\"El Digital de Asturias\"\/>\n\t<meta name=\"google-site-verification\" content=\"UA-38556648-1\" \/>\n\t<meta name=\"msvalidate.01\" content=\"7dfe9f3f1b24437ab69f4f2559babe99\" \/>\n\t<meta name=\"keywords\" content=\"actualidad\" \/>\n\t<link rel=\"canonical\" href=\"https:\/\/www.eldigitaldeasturias.com\/noticias\/torturas-sobrepoblacion-y-tratos-degradantes-en-las-carceles-argentinas\/\" \/>\n\t<meta name=\"generator\" content=\"All in One SEO Pro (AIOSEO) 5.0.1\" \/>\n\t\t<meta property=\"og:locale\" content=\"es_ES\" \/>\n\t\t<meta property=\"og:site_name\" content=\"El Digital de Asturias\" \/>\n\t\t<meta property=\"og:type\" content=\"article\" \/>\n\t\t<meta property=\"og:title\" content=\"Torturas, sobrepoblaci\u00f3n y tratos degradantes en las c\u00e1rceles argentinas - El Digital de Asturias\" \/>\n\t\t<meta property=\"og:description\" content=\"Buenos Aires, 20 abr (dpa) - Calabozos infestados de insectos y roedores, algunos de ellos sin ventilaci\u00f3n, luz natural o artificial, agua ni ba\u00f1os. All\u00ed, los detenidos orinan y defecan en recipientes pl\u00e1sticos dentro de sus celdas. Este panorama, que es cotidiano, pudo observar el relator especial de las Naciones Unidas para la Tortura, Nils\" \/>\n\t\t<meta property=\"og:url\" content=\"https:\/\/www.eldigitaldeasturias.com\/noticias\/torturas-sobrepoblacion-y-tratos-degradantes-en-las-carceles-argentinas\/\" \/>\n\t\t<meta property=\"article:tag\" content=\"actualidad\" \/>\n\t\t<meta property=\"article:published_time\" content=\"2018-04-21T23:26:06+00:00\" \/>\n\t\t<meta property=\"article:modified_time\" content=\"2018-04-21T23:26:06+00:00\" \/>\n\t\t<meta property=\"article:publisher\" content=\"https:\/\/facebook.com\/eldigitaldeasturias\" \/>\n\t\t<meta name=\"twitter:card\" content=\"summary_large_image\" \/>\n\t\t<meta name=\"twitter:title\" content=\"Torturas, sobrepoblaci\u00f3n y tratos degradantes en las c\u00e1rceles argentinas - El Digital de Asturias\" \/>\n\t\t<meta name=\"twitter:description\" content=\"Buenos Aires, 20 abr (dpa) - Calabozos infestados de insectos y roedores, algunos de ellos sin ventilaci\u00f3n, luz natural o artificial, agua ni ba\u00f1os. All\u00ed, los detenidos orinan y defecan en recipientes pl\u00e1sticos dentro de sus celdas. Este panorama, que es cotidiano, pudo observar el relator especial de las Naciones Unidas para la Tortura, Nils\" \/>\n\t\t<meta name=\"twitter:image\" content=\"https:\/\/www.eldigitaldeasturias.com\/noticias\/wp-content\/uploads\/2020\/12\/EDA-1.jpg\" \/>\n\t\t<meta name=\"twitter:label1\" content=\"Escrito por\" \/>\n\t\t<meta name=\"twitter:data1\" content=\"El Digital de Asturias\" \/>\n\t\t<meta name=\"twitter:label2\" content=\"Tiempo de lectura estimado\" \/>\n\t\t<meta name=\"twitter:data2\" content=\"3 minutos\" \/>\n\t\t<script type=\"application\/ld+json\" class=\"aioseo-schema\">\n\t\t\t{\"@context\":\"https:\\\/\\\/schema.org\",\"@graph\":[{\"@type\":\"BlogPosting\",\"@id\":\"https:\\\/\\\/www.eldigitaldeasturias.com\\\/noticias\\\/torturas-sobrepoblacion-y-tratos-degradantes-en-las-carceles-argentinas\\\/#blogposting\",\"name\":\"Torturas, sobrepoblaci\\u00f3n y tratos degradantes en las c\\u00e1rceles argentinas - El Digital de Asturias\",\"headline\":\"Torturas, sobrepoblaci\\u00f3n y tratos degradantes en las c\\u00e1rceles argentinas\",\"author\":{\"@id\":\"https:\\\/\\\/www.eldigitaldeasturias.com\\\/noticias\\\/author\\\/admin\\\/#author\"},\"publisher\":{\"@id\":\"https:\\\/\\\/www.eldigitaldeasturias.com\\\/noticias\\\/#organization\"},\"image\":{\"@type\":\"ImageObject\",\"url\":976845},\"datePublished\":\"2018-04-21T23:26:06+02:00\",\"dateModified\":\"2018-04-21T23:26:06+02:00\",\"inLanguage\":\"es-ES\",\"mainEntityOfPage\":{\"@id\":\"https:\\\/\\\/www.eldigitaldeasturias.com\\\/noticias\\\/torturas-sobrepoblacion-y-tratos-degradantes-en-las-carceles-argentinas\\\/#webpage\"},\"isPartOf\":{\"@id\":\"https:\\\/\\\/www.eldigitaldeasturias.com\\\/noticias\\\/torturas-sobrepoblacion-y-tratos-degradantes-en-las-carceles-argentinas\\\/#webpage\"},\"articleSection\":\"Actualidad\"},{\"@type\":\"BreadcrumbList\",\"@id\":\"https:\\\/\\\/www.eldigitaldeasturias.com\\\/noticias\\\/torturas-sobrepoblacion-y-tratos-degradantes-en-las-carceles-argentinas\\\/#breadcrumblist\",\"itemListElement\":[{\"@type\":\"ListItem\",\"@id\":\"https:\\\/\\\/www.eldigitaldeasturias.com\\\/noticias#listItem\",\"position\":1,\"name\":\"Home\",\"item\":\"https:\\\/\\\/www.eldigitaldeasturias.com\\\/noticias\",\"nextItem\":{\"@type\":\"ListItem\",\"@id\":\"https:\\\/\\\/www.eldigitaldeasturias.com\\\/noticias\\\/category\\\/actualidad\\\/#listItem\",\"name\":\"Actualidad\"}},{\"@type\":\"ListItem\",\"@id\":\"https:\\\/\\\/www.eldigitaldeasturias.com\\\/noticias\\\/category\\\/actualidad\\\/#listItem\",\"position\":2,\"name\":\"Actualidad\",\"item\":\"https:\\\/\\\/www.eldigitaldeasturias.com\\\/noticias\\\/category\\\/actualidad\\\/\",\"nextItem\":{\"@type\":\"ListItem\",\"@id\":\"https:\\\/\\\/www.eldigitaldeasturias.com\\\/noticias\\\/torturas-sobrepoblacion-y-tratos-degradantes-en-las-carceles-argentinas\\\/#listItem\",\"name\":\"Torturas, sobrepoblaci\\u00f3n y tratos degradantes en las c\\u00e1rceles argentinas\"},\"previousItem\":{\"@type\":\"ListItem\",\"@id\":\"https:\\\/\\\/www.eldigitaldeasturias.com\\\/noticias#listItem\",\"name\":\"Home\"}},{\"@type\":\"ListItem\",\"@id\":\"https:\\\/\\\/www.eldigitaldeasturias.com\\\/noticias\\\/torturas-sobrepoblacion-y-tratos-degradantes-en-las-carceles-argentinas\\\/#listItem\",\"position\":3,\"name\":\"Torturas, sobrepoblaci\\u00f3n y tratos degradantes en las c\\u00e1rceles argentinas\",\"previousItem\":{\"@type\":\"ListItem\",\"@id\":\"https:\\\/\\\/www.eldigitaldeasturias.com\\\/noticias\\\/category\\\/actualidad\\\/#listItem\",\"name\":\"Actualidad\"}}]},{\"@type\":\"Organization\",\"@id\":\"https:\\\/\\\/www.eldigitaldeasturias.com\\\/noticias\\\/#organization\",\"name\":\"El Digital de Asturias\",\"description\":\"Hemeroteca\",\"url\":\"https:\\\/\\\/www.eldigitaldeasturias.com\\\/noticias\\\/\",\"email\":\"info@eldigitaldeasturias.com\",\"telephone\":\"+34652131393\",\"logo\":{\"@type\":\"ImageObject\",\"url\":\"https:\\\/\\\/www.eldigitaldeasturias.com\\\/noticias\\\/wp-content\\\/uploads\\\/2020\\\/12\\\/EDA.jpg\",\"@id\":\"https:\\\/\\\/www.eldigitaldeasturias.com\\\/noticias\\\/torturas-sobrepoblacion-y-tratos-degradantes-en-las-carceles-argentinas\\\/#organizationLogo\"},\"image\":{\"@id\":\"https:\\\/\\\/www.eldigitaldeasturias.com\\\/noticias\\\/torturas-sobrepoblacion-y-tratos-degradantes-en-las-carceles-argentinas\\\/#organizationLogo\"},\"sameAs\":[\"https:\\\/\\\/facebook.com\\\/eldigitaldeasturias\",\"https:\\\/\\\/www.youtube.com\\\/channel\\\/UCZP-2wLEB9Rv6erhFmqVnvg\"],\"address\":{\"@id\":\"https:\\\/\\\/www.eldigitaldeasturias.com\\\/noticias\\\/#postaladdress\",\"@type\":\"PostalAddress\",\"streetAddress\":\"san antonio 4\",\"postalCode\":\"33430\",\"addressLocality\":\"Cand\\u00e1s\",\"addressRegion\":\"Asturias\",\"addressCountry\":\"ES\"}},{\"@type\":\"Person\",\"@id\":\"https:\\\/\\\/www.eldigitaldeasturias.com\\\/noticias\\\/author\\\/admin\\\/#author\",\"url\":\"https:\\\/\\\/www.eldigitaldeasturias.com\\\/noticias\\\/author\\\/admin\\\/\",\"name\":\"El Digital de Asturias\",\"image\":{\"@type\":\"ImageObject\",\"@id\":\"https:\\\/\\\/www.eldigitaldeasturias.com\\\/noticias\\\/torturas-sobrepoblacion-y-tratos-degradantes-en-las-carceles-argentinas\\\/#authorImage\",\"url\":\"https:\\\/\\\/secure.gravatar.com\\\/avatar\\\/df2aeffc32bcd13f8d26072ef8a91b623d677766deac7f97ca815868cd41bf5e?s=96&d=mm&r=g\",\"width\":96,\"height\":96,\"caption\":\"El Digital de Asturias\"}},{\"@type\":\"WebPage\",\"@id\":\"https:\\\/\\\/www.eldigitaldeasturias.com\\\/noticias\\\/torturas-sobrepoblacion-y-tratos-degradantes-en-las-carceles-argentinas\\\/#webpage\",\"url\":\"https:\\\/\\\/www.eldigitaldeasturias.com\\\/noticias\\\/torturas-sobrepoblacion-y-tratos-degradantes-en-las-carceles-argentinas\\\/\",\"name\":\"Torturas, sobrepoblaci\\u00f3n y tratos degradantes en las c\\u00e1rceles argentinas - El Digital de Asturias\",\"description\":\"Buenos Aires, 20 abr (dpa) - Calabozos infestados de insectos y roedores, algunos de ellos sin ventilaci\\u00f3n, luz natural o artificial, agua ni ba\\u00f1os. All\\u00ed, los detenidos orinan y defecan en recipientes pl\\u00e1sticos dentro de sus celdas. Este panorama, que es cotidiano, pudo observar el relator especial de las Naciones Unidas para la Tortura, Nils\",\"inLanguage\":\"es-ES\",\"isPartOf\":{\"@id\":\"https:\\\/\\\/www.eldigitaldeasturias.com\\\/noticias\\\/#website\"},\"breadcrumb\":{\"@id\":\"https:\\\/\\\/www.eldigitaldeasturias.com\\\/noticias\\\/torturas-sobrepoblacion-y-tratos-degradantes-en-las-carceles-argentinas\\\/#breadcrumblist\"},\"author\":{\"@id\":\"https:\\\/\\\/www.eldigitaldeasturias.com\\\/noticias\\\/author\\\/admin\\\/#author\"},\"creator\":{\"@id\":\"https:\\\/\\\/www.eldigitaldeasturias.com\\\/noticias\\\/author\\\/admin\\\/#author\"},\"image\":{\"@type\":\"ImageObject\",\"url\":976845,\"@id\":\"https:\\\/\\\/www.eldigitaldeasturias.com\\\/noticias\\\/torturas-sobrepoblacion-y-tratos-degradantes-en-las-carceles-argentinas\\\/#mainImage\"},\"primaryImageOfPage\":{\"@id\":\"https:\\\/\\\/www.eldigitaldeasturias.com\\\/noticias\\\/torturas-sobrepoblacion-y-tratos-degradantes-en-las-carceles-argentinas\\\/#mainImage\"},\"datePublished\":\"2018-04-21T23:26:06+02:00\",\"dateModified\":\"2018-04-21T23:26:06+02:00\"},{\"@type\":\"WebSite\",\"@id\":\"https:\\\/\\\/www.eldigitaldeasturias.com\\\/noticias\\\/#website\",\"url\":\"https:\\\/\\\/www.eldigitaldeasturias.com\\\/noticias\\\/\",\"name\":\"El Digital de Asturias - Diario de actualidad y noticias\",\"alternateName\":\"El Digital de Asturias - Diario de actualidad y noticias\",\"description\":\"Hemeroteca\",\"inLanguage\":\"es-ES\",\"publisher\":{\"@id\":\"https:\\\/\\\/www.eldigitaldeasturias.com\\\/noticias\\\/#organization\"}}]}\n\t\t<\/script>\n\t\t<!-- All in One SEO Pro -->\r\n\t\t<title>Torturas, sobrepoblaci\u00f3n y tratos degradantes en las c\u00e1rceles argentinas - El Digital de Asturias<\/title>\n\n","aioseo_head_json":{"title":"Torturas, sobrepoblaci\u00f3n y tratos degradantes en las c\u00e1rceles argentinas - El Digital de Asturias","description":"Buenos Aires, 20 abr (dpa) - Calabozos infestados de insectos y roedores, algunos de ellos sin ventilaci\u00f3n, luz natural o artificial, agua ni ba\u00f1os. All\u00ed, los detenidos orinan y defecan en recipientes pl\u00e1sticos dentro de sus celdas. Este panorama, que es cotidiano, pudo observar el relator especial de las Naciones Unidas para la Tortura, Nils","canonical_url":"https:\/\/www.eldigitaldeasturias.com\/noticias\/torturas-sobrepoblacion-y-tratos-degradantes-en-las-carceles-argentinas\/","robots":"max-image-preview:large","keywords":"actualidad","webmasterTools":{"google-site-verification":"UA-38556648-1","msvalidate.01":"7dfe9f3f1b24437ab69f4f2559babe99","miscellaneous":""},"schema":{"@context":"https:\/\/schema.org","@graph":[{"@type":"BlogPosting","@id":"https:\/\/www.eldigitaldeasturias.com\/noticias\/torturas-sobrepoblacion-y-tratos-degradantes-en-las-carceles-argentinas\/#blogposting","name":"Torturas, sobrepoblaci\u00f3n y tratos degradantes en las c\u00e1rceles argentinas - El Digital de Asturias","headline":"Torturas, sobrepoblaci\u00f3n y tratos degradantes en las c\u00e1rceles argentinas","author":{"@id":"https:\/\/www.eldigitaldeasturias.com\/noticias\/author\/admin\/#author"},"publisher":{"@id":"https:\/\/www.eldigitaldeasturias.com\/noticias\/#organization"},"image":{"@type":"ImageObject","url":976845},"datePublished":"2018-04-21T23:26:06+02:00","dateModified":"2018-04-21T23:26:06+02:00","inLanguage":"es-ES","mainEntityOfPage":{"@id":"https:\/\/www.eldigitaldeasturias.com\/noticias\/torturas-sobrepoblacion-y-tratos-degradantes-en-las-carceles-argentinas\/#webpage"},"isPartOf":{"@id":"https:\/\/www.eldigitaldeasturias.com\/noticias\/torturas-sobrepoblacion-y-tratos-degradantes-en-las-carceles-argentinas\/#webpage"},"articleSection":"Actualidad"},{"@type":"BreadcrumbList","@id":"https:\/\/www.eldigitaldeasturias.com\/noticias\/torturas-sobrepoblacion-y-tratos-degradantes-en-las-carceles-argentinas\/#breadcrumblist","itemListElement":[{"@type":"ListItem","@id":"https:\/\/www.eldigitaldeasturias.com\/noticias#listItem","position":1,"name":"Home","item":"https:\/\/www.eldigitaldeasturias.com\/noticias","nextItem":{"@type":"ListItem","@id":"https:\/\/www.eldigitaldeasturias.com\/noticias\/category\/actualidad\/#listItem","name":"Actualidad"}},{"@type":"ListItem","@id":"https:\/\/www.eldigitaldeasturias.com\/noticias\/category\/actualidad\/#listItem","position":2,"name":"Actualidad","item":"https:\/\/www.eldigitaldeasturias.com\/noticias\/category\/actualidad\/","nextItem":{"@type":"ListItem","@id":"https:\/\/www.eldigitaldeasturias.com\/noticias\/torturas-sobrepoblacion-y-tratos-degradantes-en-las-carceles-argentinas\/#listItem","name":"Torturas, sobrepoblaci\u00f3n y tratos degradantes en las c\u00e1rceles argentinas"},"previousItem":{"@type":"ListItem","@id":"https:\/\/www.eldigitaldeasturias.com\/noticias#listItem","name":"Home"}},{"@type":"ListItem","@id":"https:\/\/www.eldigitaldeasturias.com\/noticias\/torturas-sobrepoblacion-y-tratos-degradantes-en-las-carceles-argentinas\/#listItem","position":3,"name":"Torturas, sobrepoblaci\u00f3n y tratos degradantes en las c\u00e1rceles argentinas","previousItem":{"@type":"ListItem","@id":"https:\/\/www.eldigitaldeasturias.com\/noticias\/category\/actualidad\/#listItem","name":"Actualidad"}}]},{"@type":"Organization","@id":"https:\/\/www.eldigitaldeasturias.com\/noticias\/#organization","name":"El Digital de Asturias","description":"Hemeroteca","url":"https:\/\/www.eldigitaldeasturias.com\/noticias\/","email":"info@eldigitaldeasturias.com","telephone":"+34652131393","logo":{"@type":"ImageObject","url":"https:\/\/www.eldigitaldeasturias.com\/noticias\/wp-content\/uploads\/2020\/12\/EDA.jpg","@id":"https:\/\/www.eldigitaldeasturias.com\/noticias\/torturas-sobrepoblacion-y-tratos-degradantes-en-las-carceles-argentinas\/#organizationLogo"},"image":{"@id":"https:\/\/www.eldigitaldeasturias.com\/noticias\/torturas-sobrepoblacion-y-tratos-degradantes-en-las-carceles-argentinas\/#organizationLogo"},"sameAs":["https:\/\/facebook.com\/eldigitaldeasturias","https:\/\/www.youtube.com\/channel\/UCZP-2wLEB9Rv6erhFmqVnvg"],"address":{"@id":"https:\/\/www.eldigitaldeasturias.com\/noticias\/#postaladdress","@type":"PostalAddress","streetAddress":"san antonio 4","postalCode":"33430","addressLocality":"Cand\u00e1s","addressRegion":"Asturias","addressCountry":"ES"}},{"@type":"Person","@id":"https:\/\/www.eldigitaldeasturias.com\/noticias\/author\/admin\/#author","url":"https:\/\/www.eldigitaldeasturias.com\/noticias\/author\/admin\/","name":"El Digital de Asturias","image":{"@type":"ImageObject","@id":"https:\/\/www.eldigitaldeasturias.com\/noticias\/torturas-sobrepoblacion-y-tratos-degradantes-en-las-carceles-argentinas\/#authorImage","url":"https:\/\/secure.gravatar.com\/avatar\/df2aeffc32bcd13f8d26072ef8a91b623d677766deac7f97ca815868cd41bf5e?s=96&d=mm&r=g","width":96,"height":96,"caption":"El Digital de Asturias"}},{"@type":"WebPage","@id":"https:\/\/www.eldigitaldeasturias.com\/noticias\/torturas-sobrepoblacion-y-tratos-degradantes-en-las-carceles-argentinas\/#webpage","url":"https:\/\/www.eldigitaldeasturias.com\/noticias\/torturas-sobrepoblacion-y-tratos-degradantes-en-las-carceles-argentinas\/","name":"Torturas, sobrepoblaci\u00f3n y tratos degradantes en las c\u00e1rceles argentinas - El Digital de Asturias","description":"Buenos Aires, 20 abr (dpa) - Calabozos infestados de insectos y roedores, algunos de ellos sin ventilaci\u00f3n, luz natural o artificial, agua ni ba\u00f1os. All\u00ed, los detenidos orinan y defecan en recipientes pl\u00e1sticos dentro de sus celdas. Este panorama, que es cotidiano, pudo observar el relator especial de las Naciones Unidas para la Tortura, Nils","inLanguage":"es-ES","isPartOf":{"@id":"https:\/\/www.eldigitaldeasturias.com\/noticias\/#website"},"breadcrumb":{"@id":"https:\/\/www.eldigitaldeasturias.com\/noticias\/torturas-sobrepoblacion-y-tratos-degradantes-en-las-carceles-argentinas\/#breadcrumblist"},"author":{"@id":"https:\/\/www.eldigitaldeasturias.com\/noticias\/author\/admin\/#author"},"creator":{"@id":"https:\/\/www.eldigitaldeasturias.com\/noticias\/author\/admin\/#author"},"image":{"@type":"ImageObject","url":976845,"@id":"https:\/\/www.eldigitaldeasturias.com\/noticias\/torturas-sobrepoblacion-y-tratos-degradantes-en-las-carceles-argentinas\/#mainImage"},"primaryImageOfPage":{"@id":"https:\/\/www.eldigitaldeasturias.com\/noticias\/torturas-sobrepoblacion-y-tratos-degradantes-en-las-carceles-argentinas\/#mainImage"},"datePublished":"2018-04-21T23:26:06+02:00","dateModified":"2018-04-21T23:26:06+02:00"},{"@type":"WebSite","@id":"https:\/\/www.eldigitaldeasturias.com\/noticias\/#website","url":"https:\/\/www.eldigitaldeasturias.com\/noticias\/","name":"El Digital de Asturias - Diario de actualidad y noticias","alternateName":"El Digital de Asturias - Diario de actualidad y noticias","description":"Hemeroteca","inLanguage":"es-ES","publisher":{"@id":"https:\/\/www.eldigitaldeasturias.com\/noticias\/#organization"}}]},"og:locale":"es_ES","og:site_name":"El Digital de Asturias","og:type":"article","og:title":"Torturas, sobrepoblaci\u00f3n y tratos degradantes en las c\u00e1rceles argentinas - El Digital de Asturias","og:description":"Buenos Aires, 20 abr (dpa) - Calabozos infestados de insectos y roedores, algunos de ellos sin ventilaci\u00f3n, luz natural o artificial, agua ni ba\u00f1os. All\u00ed, los detenidos orinan y defecan en recipientes pl\u00e1sticos dentro de sus celdas. Este panorama, que es cotidiano, pudo observar el relator especial de las Naciones Unidas para la Tortura, Nils","og:url":"https:\/\/www.eldigitaldeasturias.com\/noticias\/torturas-sobrepoblacion-y-tratos-degradantes-en-las-carceles-argentinas\/","article:tag":["actualidad"],"article:published_time":"2018-04-21T23:26:06+00:00","article:modified_time":"2018-04-21T23:26:06+00:00","article:publisher":"https:\/\/facebook.com\/eldigitaldeasturias","twitter:card":"summary_large_image","twitter:title":"Torturas, sobrepoblaci\u00f3n y tratos degradantes en las c\u00e1rceles argentinas - El Digital de Asturias","twitter:description":"Buenos Aires, 20 abr (dpa) - Calabozos infestados de insectos y roedores, algunos de ellos sin ventilaci\u00f3n, luz natural o artificial, agua ni ba\u00f1os. All\u00ed, los detenidos orinan y defecan en recipientes pl\u00e1sticos dentro de sus celdas. Este panorama, que es cotidiano, pudo observar el relator especial de las Naciones Unidas para la Tortura, Nils","twitter:image":"https:\/\/www.eldigitaldeasturias.com\/noticias\/wp-content\/uploads\/2020\/12\/EDA-1.jpg","twitter:label1":"Escrito por","twitter:data1":"El Digital de Asturias","twitter:label2":"Tiempo de lectura estimado","twitter:data2":"3 minutos"},"aioseo_meta_data":{"post_id":"976844","title":null,"description":null,"keywords":null,"keyphrases":null,"primary_term":null,"canonical_url":null,"og_title":null,"og_description":null,"og_object_type":"default","og_image_type":"default","og_image_url":null,"og_image_width":null,"og_image_height":null,"og_image_custom_url":null,"og_image_custom_fields":null,"og_video":null,"og_custom_url":null,"og_article_section":null,"og_article_tags":null,"twitter_use_og":false,"twitter_card":"default","twitter_image_type":"default","twitter_image_url":null,"twitter_image_custom_url":null,"twitter_image_custom_fields":null,"twitter_title":null,"twitter_description":null,"schema":{"blockGraphs":[],"customGraphs":[],"default":{"data":{"Article":[],"Course":[],"Dataset":[],"FAQPage":[],"Movie":[],"Person":[],"Product":[],"ProductReview":[],"Car":[],"Recipe":[],"Service":[],"SoftwareApplication":[],"WebPage":[]},"graphName":"","isEnabled":true},"graphs":[],"defaultGraph":"","defaultPostTypeGraph":""},"schema_type":null,"schema_type_options":null,"pillar_content":false,"robots_default":true,"robots_noindex":false,"robots_noarchive":false,"robots_nosnippet":false,"robots_nofollow":false,"robots_noimageindex":false,"robots_noodp":false,"robots_notranslate":false,"robots_max_snippet":null,"robots_max_videopreview":null,"robots_max_imagepreview":"large","priority":null,"frequency":null,"local_seo":null,"seo_analyzer_scan_date":"2025-10-08 05:18:13","breadcrumb_settings":null,"limit_modified_date":false,"open_ai":null,"ai":null,"created":"2020-12-21 12:06:39","updated":"2025-10-08 05:18:13","focus_keyword":null,"additional_keywords":null,"truseo_locale":null},"aioseo_breadcrumb":"<div class=\"aioseo-breadcrumbs\"><span class=\"aioseo-breadcrumb\">\n\t<a href=\"https:\/\/www.eldigitaldeasturias.com\/noticias\" title=\"Home\">Home<\/a>\n<\/span><span class=\"aioseo-breadcrumb-separator\">\u2013<\/span><span class=\"aioseo-breadcrumb\">\n\t<a href=\"https:\/\/www.eldigitaldeasturias.com\/noticias\/category\/actualidad\/\" title=\"Actualidad\">Actualidad<\/a>\n<\/span><span class=\"aioseo-breadcrumb-separator\">\u2013<\/span><span class=\"aioseo-breadcrumb\">\n\t<a href=\"https:\/\/www.eldigitaldeasturias.com\/noticias\/torturas-sobrepoblacion-y-tratos-degradantes-en-las-carceles-argentinas\/\" title=\"Torturas, sobrepoblaci\u00f3n y tratos degradantes en las c\u00e1rceles argentinas\">Torturas, sobrepoblaci\u00f3n y tratos degradantes en las c\u00e1rceles argentinas<\/a>\n<\/span><\/div>","aioseo_breadcrumb_json":[{"label":"Home","link":"https:\/\/www.eldigitaldeasturias.com\/noticias"},{"label":"Actualidad","link":"https:\/\/www.eldigitaldeasturias.com\/noticias\/category\/actualidad\/"},{"label":"Torturas, sobrepoblaci\u00f3n y tratos degradantes en las c\u00e1rceles argentinas","link":"https:\/\/www.eldigitaldeasturias.com\/noticias\/torturas-sobrepoblacion-y-tratos-degradantes-en-las-carceles-argentinas\/"}],"_links":{"self":[{"href":"https:\/\/www.eldigitaldeasturias.com\/noticias\/wp-json\/wp\/v2\/posts\/976844","targetHints":{"allow":["GET"]}}],"collection":[{"href":"https:\/\/www.eldigitaldeasturias.com\/noticias\/wp-json\/wp\/v2\/posts"}],"about":[{"href":"https:\/\/www.eldigitaldeasturias.com\/noticias\/wp-json\/wp\/v2\/types\/post"}],"author":[{"embeddable":true,"href":"https:\/\/www.eldigitaldeasturias.com\/noticias\/wp-json\/wp\/v2\/users\/1"}],"replies":[{"embeddable":true,"href":"https:\/\/www.eldigitaldeasturias.com\/noticias\/wp-json\/wp\/v2\/comments?post=976844"}],"version-history":[{"count":0,"href":"https:\/\/www.eldigitaldeasturias.com\/noticias\/wp-json\/wp\/v2\/posts\/976844\/revisions"}],"wp:attachment":[{"href":"https:\/\/www.eldigitaldeasturias.com\/noticias\/wp-json\/wp\/v2\/media?parent=976844"}],"wp:term":[{"taxonomy":"category","embeddable":true,"href":"https:\/\/www.eldigitaldeasturias.com\/noticias\/wp-json\/wp\/v2\/categories?post=976844"},{"taxonomy":"post_tag","embeddable":true,"href":"https:\/\/www.eldigitaldeasturias.com\/noticias\/wp-json\/wp\/v2\/tags?post=976844"}],"curies":[{"name":"wp","href":"https:\/\/api.w.org\/{rel}","templated":true}]}}