{"id":976840,"date":"2018-04-21T23:23:11","date_gmt":"2018-04-21T23:23:11","guid":{"rendered":"http:\/\/www.eldigitaldeasturias.com\/noticias\/?p=976840"},"modified":"2018-04-21T23:23:11","modified_gmt":"2018-04-21T23:23:11","slug":"murio-a-los-28-anos-el-dj-sueco-avicii","status":"publish","type":"post","link":"https:\/\/www.eldigitaldeasturias.com\/noticias\/murio-a-los-28-anos-el-dj-sueco-avicii\/","title":{"rendered":"Muri\u00f3 a los 28 a\u00f1os el DJ sueco Avicii"},"content":{"rendered":"<p><img loading=\"lazy\" decoding=\"async\" class=\"alignleft size-medium wp-image-969030\" src=\"https:\/\/www.eldigitaldeasturias.com\/noticias\/wp-content\/uploads\/2018\/02\/macbook-577758_1280-1-360x239.jpg\" alt=\"\" width=\"360\" height=\"239\" \/>Estocolmo, 20 abr (dpa) &#8211; El DJ y productor sueco Avicii (\u00abWake Me Up\u00bb) muri\u00f3 hoy a los 28 a\u00f1os en Mascate, la capital de Om\u00e1n, inform\u00f3 hoy su portavoz, Ebba Lindqvist.<\/p>\n<p>El famoso DJ, nacido como Tim Bergling, fue encontrado muerto, sin que por ahora se sepa m\u00e1s acerca de las circunstancias de su deceso. \u00abSu familia est\u00e1 destruida, y le pedimos a todos respetar su necesidad de mantener esto en la esfera privada en estos duros tiempos\u00bb, se\u00f1al\u00f3 su portavoz.<\/p>\n<p>Nacido en Estocolmo el 8 de septiembre de 1989, Bergling comenz\u00f3 a trabajar como DJ desde adolescente. Su primer single fue lanzado en 2007, al que siguieron muchos m\u00e1s.<\/p>\n<p>Su primer \u00e9xito internacional fue en 2011 con \u00abLevels\u00bb. Tanto este tema como \u00abSunshine\u00bb recibieron nominaciones a los premios Grammy en la categor\u00eda de mejor canci\u00f3n dance. Cosech\u00f3 muchos otros premios, incluyendo un MTV Europe Music Award.<\/p>\n<p>El m\u00fasico logr\u00f3 gran \u00e9xito en 2013 con \u00abWake Me Up\u00bb, incluido en su \u00e1lbum debut, con la voz de Aloe Blacc, y que se convirti\u00f3 en un hit del verano europeo. Blacc escribi\u00f3 hoy en Twitter: \u00abConocerlo (a Avicii) cambi\u00f3 mi vida. Era una persona incre\u00edblemente talentosa y me duele mucho que se haya ido\u00bb. Su segundo \u00e1lbum, \u00abStories\u00bb, fue editado en 2015.<\/p>\n<p>De acuerdo con la revista especializada estadounidense \u00abVariety\u00bb, el DJ detr\u00e1s de temas como \u00abHey, Brother\u00bb se hab\u00eda retirado de las actuaciones en vivo en 2016 aduciendo problemas de salud. Hab\u00eda tenido problemas de salud por varios a\u00f1os, incluyendo una pancreatitis aguda debido en parte a problemas de alcoholismos severo. En 2014 le hab\u00edan extirpado el ap\u00e9ndice y la ves\u00edcula biliar.<\/p>\n<p>\u00abTengo grandes intereses por distintas cosas, pero poco tiempo para hacerlas\u00bb, dijo al retirarse de los escenarios. Sin embargo, sigui\u00f3 activo en el mundo de la m\u00fasica.<\/p>\n<p>En su p\u00e1gina web a\u00fan se puede leer un comunicado anterior titulado \u00abTodos llegamos a un punto en nuestras vidas y carreras en las que entendemos lo que m\u00e1s nos importa\u00bb, que reza: \u00abEl a\u00f1o pasado dej\u00e9 de actuar en vivo y muchos de ustedes pensaron que era el fin. Pero dejar de actuar en vivo nunca signific\u00f3 el fin de Avicii o de mi m\u00fasica. En lugar de ello, regres\u00e9 al lugar donde todo cobr\u00f3 sentido: el estudio\u00bb.<\/p>\n<p>Avicii era considerado uno de los mezcladores m\u00e1s exitosos de la m\u00fasica electro. Trabaj\u00f3 junto a m\u00fasicos como Chris Martin (Coldplay), Wyclef Jean, Jon Bon Jovi, Robbie Williams y Madonna. La revista brit\u00e1nica \u00abDJ Magazine\u00bb lo distingui\u00f3 en 2012 y 2013 como el tercer mejor discjockey. En 2017 a\u00fan estaba en el puesto 28 de los 100 mejores.<\/p>\n<p>Hace pocos d\u00edas hab\u00eda escrito en Facebook que se sent\u00eda muy honrado de estar nominado a los Billboard Music Awards de 2018, donde compet\u00eda en la categor\u00eda de mejor \u00e1lbum electr\u00f3nico por \u00abAV\u0128CI (01)\u00bb junto a otros artistas como el DJ Calvin Harris, y dec\u00eda que no hab\u00eda que perderse la premiaci\u00f3n.<\/p>\n<p>Los premios son entregados desde 1990 por la revista estadounidense de mismo nombre y se basan sobre todo en las ubicaciones de los artistas en los rankings.<\/p>\n<p>Por Theresa M\u00fcnch y Michael Kieffer (dpa)<\/p>\n","protected":false},"excerpt":{"rendered":"<p>Estocolmo, 20 abr (dpa) &#8211; El DJ y productor sueco Avicii (\u00abWake Me Up\u00bb) muri\u00f3 hoy a los 28 a\u00f1os en Mascate, la capital de Om\u00e1n, inform\u00f3 hoy su portavoz, Ebba Lindqvist. El famoso DJ, nacido como Tim Bergling, fue encontrado muerto, sin que por ahora se sepa m\u00e1s acerca de las circunstancias de su [&hellip;]<\/p>\n","protected":false},"author":1,"featured_media":969030,"comment_status":"closed","ping_status":"closed","sticky":false,"template":"","format":"standard","meta":{"footnotes":""},"categories":[1],"tags":[],"class_list":["post-976840","post","type-post","status-publish","format-standard","has-post-thumbnail","hentry","category-actualidad"],"aioseo_notices":[],"aioseo_head":"\n\t\t<!-- All in One SEO Pro 5.0.1 - aioseo.com -->\n\t<meta name=\"description\" content=\"Estocolmo, 20 abr (dpa) - El DJ y productor sueco Avicii (&quot;Wake Me Up&quot;) muri\u00f3 hoy a los 28 a\u00f1os en Mascate, la capital de Om\u00e1n, inform\u00f3 hoy su portavoz, Ebba Lindqvist. El famoso DJ, nacido como Tim Bergling, fue encontrado muerto, sin que por ahora se sepa m\u00e1s acerca de las circunstancias de su\" \/>\n\t<meta name=\"robots\" content=\"max-image-preview:large\" \/>\n\t<meta name=\"author\" content=\"El Digital de Asturias\"\/>\n\t<meta name=\"google-site-verification\" content=\"UA-38556648-1\" \/>\n\t<meta name=\"msvalidate.01\" content=\"7dfe9f3f1b24437ab69f4f2559babe99\" \/>\n\t<meta name=\"keywords\" content=\"actualidad\" \/>\n\t<link rel=\"canonical\" href=\"https:\/\/www.eldigitaldeasturias.com\/noticias\/murio-a-los-28-anos-el-dj-sueco-avicii\/\" \/>\n\t<meta name=\"generator\" content=\"All in One SEO Pro (AIOSEO) 5.0.1\" \/>\n\t\t<meta property=\"og:locale\" content=\"es_ES\" \/>\n\t\t<meta property=\"og:site_name\" content=\"El Digital de Asturias\" \/>\n\t\t<meta property=\"og:type\" content=\"article\" \/>\n\t\t<meta property=\"og:title\" content=\"Muri\u00f3 a los 28 a\u00f1os el DJ sueco Avicii - El Digital de Asturias\" \/>\n\t\t<meta property=\"og:description\" content=\"Estocolmo, 20 abr (dpa) - El DJ y productor sueco Avicii (&quot;Wake Me Up&quot;) muri\u00f3 hoy a los 28 a\u00f1os en Mascate, la capital de Om\u00e1n, inform\u00f3 hoy su portavoz, Ebba Lindqvist. El famoso DJ, nacido como Tim Bergling, fue encontrado muerto, sin que por ahora se sepa m\u00e1s acerca de las circunstancias de su\" \/>\n\t\t<meta property=\"og:url\" content=\"https:\/\/www.eldigitaldeasturias.com\/noticias\/murio-a-los-28-anos-el-dj-sueco-avicii\/\" \/>\n\t\t<meta property=\"article:tag\" content=\"actualidad\" \/>\n\t\t<meta property=\"article:published_time\" content=\"2018-04-21T23:23:11+00:00\" \/>\n\t\t<meta property=\"article:modified_time\" content=\"2018-04-21T23:23:11+00:00\" \/>\n\t\t<meta property=\"article:publisher\" content=\"https:\/\/facebook.com\/eldigitaldeasturias\" \/>\n\t\t<meta name=\"twitter:card\" content=\"summary_large_image\" \/>\n\t\t<meta name=\"twitter:title\" content=\"Muri\u00f3 a los 28 a\u00f1os el DJ sueco Avicii - El Digital de Asturias\" \/>\n\t\t<meta name=\"twitter:description\" content=\"Estocolmo, 20 abr (dpa) - El DJ y productor sueco Avicii (&quot;Wake Me Up&quot;) muri\u00f3 hoy a los 28 a\u00f1os en Mascate, la capital de Om\u00e1n, inform\u00f3 hoy su portavoz, Ebba Lindqvist. El famoso DJ, nacido como Tim Bergling, fue encontrado muerto, sin que por ahora se sepa m\u00e1s acerca de las circunstancias de su\" \/>\n\t\t<meta name=\"twitter:image\" content=\"https:\/\/www.eldigitaldeasturias.com\/noticias\/wp-content\/uploads\/2020\/12\/EDA-1.jpg\" \/>\n\t\t<meta name=\"twitter:label1\" content=\"Escrito por\" \/>\n\t\t<meta name=\"twitter:data1\" content=\"El Digital de Asturias\" \/>\n\t\t<meta name=\"twitter:label2\" content=\"Tiempo de lectura estimado\" \/>\n\t\t<meta name=\"twitter:data2\" content=\"3 minutos\" \/>\n\t\t<script type=\"application\/ld+json\" class=\"aioseo-schema\">\n\t\t\t{\"@context\":\"https:\\\/\\\/schema.org\",\"@graph\":[{\"@type\":\"BlogPosting\",\"@id\":\"https:\\\/\\\/www.eldigitaldeasturias.com\\\/noticias\\\/murio-a-los-28-anos-el-dj-sueco-avicii\\\/#blogposting\",\"name\":\"Muri\\u00f3 a los 28 a\\u00f1os el DJ sueco Avicii - El Digital de Asturias\",\"headline\":\"Muri\\u00f3 a los 28 a\\u00f1os el DJ sueco Avicii\",\"author\":{\"@id\":\"https:\\\/\\\/www.eldigitaldeasturias.com\\\/noticias\\\/author\\\/admin\\\/#author\"},\"publisher\":{\"@id\":\"https:\\\/\\\/www.eldigitaldeasturias.com\\\/noticias\\\/#organization\"},\"image\":{\"@type\":\"ImageObject\",\"url\":969030},\"datePublished\":\"2018-04-21T23:23:11+02:00\",\"dateModified\":\"2018-04-21T23:23:11+02:00\",\"inLanguage\":\"es-ES\",\"mainEntityOfPage\":{\"@id\":\"https:\\\/\\\/www.eldigitaldeasturias.com\\\/noticias\\\/murio-a-los-28-anos-el-dj-sueco-avicii\\\/#webpage\"},\"isPartOf\":{\"@id\":\"https:\\\/\\\/www.eldigitaldeasturias.com\\\/noticias\\\/murio-a-los-28-anos-el-dj-sueco-avicii\\\/#webpage\"},\"articleSection\":\"Actualidad\"},{\"@type\":\"BreadcrumbList\",\"@id\":\"https:\\\/\\\/www.eldigitaldeasturias.com\\\/noticias\\\/murio-a-los-28-anos-el-dj-sueco-avicii\\\/#breadcrumblist\",\"itemListElement\":[{\"@type\":\"ListItem\",\"@id\":\"https:\\\/\\\/www.eldigitaldeasturias.com\\\/noticias#listItem\",\"position\":1,\"name\":\"Home\",\"item\":\"https:\\\/\\\/www.eldigitaldeasturias.com\\\/noticias\",\"nextItem\":{\"@type\":\"ListItem\",\"@id\":\"https:\\\/\\\/www.eldigitaldeasturias.com\\\/noticias\\\/category\\\/actualidad\\\/#listItem\",\"name\":\"Actualidad\"}},{\"@type\":\"ListItem\",\"@id\":\"https:\\\/\\\/www.eldigitaldeasturias.com\\\/noticias\\\/category\\\/actualidad\\\/#listItem\",\"position\":2,\"name\":\"Actualidad\",\"item\":\"https:\\\/\\\/www.eldigitaldeasturias.com\\\/noticias\\\/category\\\/actualidad\\\/\",\"nextItem\":{\"@type\":\"ListItem\",\"@id\":\"https:\\\/\\\/www.eldigitaldeasturias.com\\\/noticias\\\/murio-a-los-28-anos-el-dj-sueco-avicii\\\/#listItem\",\"name\":\"Muri\\u00f3 a los 28 a\\u00f1os el DJ sueco Avicii\"},\"previousItem\":{\"@type\":\"ListItem\",\"@id\":\"https:\\\/\\\/www.eldigitaldeasturias.com\\\/noticias#listItem\",\"name\":\"Home\"}},{\"@type\":\"ListItem\",\"@id\":\"https:\\\/\\\/www.eldigitaldeasturias.com\\\/noticias\\\/murio-a-los-28-anos-el-dj-sueco-avicii\\\/#listItem\",\"position\":3,\"name\":\"Muri\\u00f3 a los 28 a\\u00f1os el DJ sueco Avicii\",\"previousItem\":{\"@type\":\"ListItem\",\"@id\":\"https:\\\/\\\/www.eldigitaldeasturias.com\\\/noticias\\\/category\\\/actualidad\\\/#listItem\",\"name\":\"Actualidad\"}}]},{\"@type\":\"Organization\",\"@id\":\"https:\\\/\\\/www.eldigitaldeasturias.com\\\/noticias\\\/#organization\",\"name\":\"El Digital de Asturias\",\"description\":\"Hemeroteca\",\"url\":\"https:\\\/\\\/www.eldigitaldeasturias.com\\\/noticias\\\/\",\"email\":\"info@eldigitaldeasturias.com\",\"telephone\":\"+34652131393\",\"logo\":{\"@type\":\"ImageObject\",\"url\":\"https:\\\/\\\/www.eldigitaldeasturias.com\\\/noticias\\\/wp-content\\\/uploads\\\/2020\\\/12\\\/EDA.jpg\",\"@id\":\"https:\\\/\\\/www.eldigitaldeasturias.com\\\/noticias\\\/murio-a-los-28-anos-el-dj-sueco-avicii\\\/#organizationLogo\"},\"image\":{\"@id\":\"https:\\\/\\\/www.eldigitaldeasturias.com\\\/noticias\\\/murio-a-los-28-anos-el-dj-sueco-avicii\\\/#organizationLogo\"},\"sameAs\":[\"https:\\\/\\\/facebook.com\\\/eldigitaldeasturias\",\"https:\\\/\\\/www.youtube.com\\\/channel\\\/UCZP-2wLEB9Rv6erhFmqVnvg\"],\"address\":{\"@id\":\"https:\\\/\\\/www.eldigitaldeasturias.com\\\/noticias\\\/#postaladdress\",\"@type\":\"PostalAddress\",\"streetAddress\":\"san antonio 4\",\"postalCode\":\"33430\",\"addressLocality\":\"Cand\\u00e1s\",\"addressRegion\":\"Asturias\",\"addressCountry\":\"ES\"}},{\"@type\":\"Person\",\"@id\":\"https:\\\/\\\/www.eldigitaldeasturias.com\\\/noticias\\\/author\\\/admin\\\/#author\",\"url\":\"https:\\\/\\\/www.eldigitaldeasturias.com\\\/noticias\\\/author\\\/admin\\\/\",\"name\":\"El Digital de Asturias\",\"image\":{\"@type\":\"ImageObject\",\"@id\":\"https:\\\/\\\/www.eldigitaldeasturias.com\\\/noticias\\\/murio-a-los-28-anos-el-dj-sueco-avicii\\\/#authorImage\",\"url\":\"https:\\\/\\\/secure.gravatar.com\\\/avatar\\\/df2aeffc32bcd13f8d26072ef8a91b623d677766deac7f97ca815868cd41bf5e?s=96&d=mm&r=g\",\"width\":96,\"height\":96,\"caption\":\"El Digital de Asturias\"}},{\"@type\":\"WebPage\",\"@id\":\"https:\\\/\\\/www.eldigitaldeasturias.com\\\/noticias\\\/murio-a-los-28-anos-el-dj-sueco-avicii\\\/#webpage\",\"url\":\"https:\\\/\\\/www.eldigitaldeasturias.com\\\/noticias\\\/murio-a-los-28-anos-el-dj-sueco-avicii\\\/\",\"name\":\"Muri\\u00f3 a los 28 a\\u00f1os el DJ sueco Avicii - El Digital de Asturias\",\"description\":\"Estocolmo, 20 abr (dpa) - El DJ y productor sueco Avicii (\\\"Wake Me Up\\\") muri\\u00f3 hoy a los 28 a\\u00f1os en Mascate, la capital de Om\\u00e1n, inform\\u00f3 hoy su portavoz, Ebba Lindqvist. El famoso DJ, nacido como Tim Bergling, fue encontrado muerto, sin que por ahora se sepa m\\u00e1s acerca de las circunstancias de su\",\"inLanguage\":\"es-ES\",\"isPartOf\":{\"@id\":\"https:\\\/\\\/www.eldigitaldeasturias.com\\\/noticias\\\/#website\"},\"breadcrumb\":{\"@id\":\"https:\\\/\\\/www.eldigitaldeasturias.com\\\/noticias\\\/murio-a-los-28-anos-el-dj-sueco-avicii\\\/#breadcrumblist\"},\"author\":{\"@id\":\"https:\\\/\\\/www.eldigitaldeasturias.com\\\/noticias\\\/author\\\/admin\\\/#author\"},\"creator\":{\"@id\":\"https:\\\/\\\/www.eldigitaldeasturias.com\\\/noticias\\\/author\\\/admin\\\/#author\"},\"image\":{\"@type\":\"ImageObject\",\"url\":969030,\"@id\":\"https:\\\/\\\/www.eldigitaldeasturias.com\\\/noticias\\\/murio-a-los-28-anos-el-dj-sueco-avicii\\\/#mainImage\"},\"primaryImageOfPage\":{\"@id\":\"https:\\\/\\\/www.eldigitaldeasturias.com\\\/noticias\\\/murio-a-los-28-anos-el-dj-sueco-avicii\\\/#mainImage\"},\"datePublished\":\"2018-04-21T23:23:11+02:00\",\"dateModified\":\"2018-04-21T23:23:11+02:00\"},{\"@type\":\"WebSite\",\"@id\":\"https:\\\/\\\/www.eldigitaldeasturias.com\\\/noticias\\\/#website\",\"url\":\"https:\\\/\\\/www.eldigitaldeasturias.com\\\/noticias\\\/\",\"name\":\"El Digital de Asturias - Diario de actualidad y noticias\",\"alternateName\":\"El Digital de Asturias - Diario de actualidad y noticias\",\"description\":\"Hemeroteca\",\"inLanguage\":\"es-ES\",\"publisher\":{\"@id\":\"https:\\\/\\\/www.eldigitaldeasturias.com\\\/noticias\\\/#organization\"}}]}\n\t\t<\/script>\n\t\t<!-- All in One SEO Pro -->\r\n\t\t<title>Muri\u00f3 a los 28 a\u00f1os el DJ sueco Avicii - El Digital de Asturias<\/title>\n\n","aioseo_head_json":{"title":"Muri\u00f3 a los 28 a\u00f1os el DJ sueco Avicii - El Digital de Asturias","description":"Estocolmo, 20 abr (dpa) - El DJ y productor sueco Avicii (\"Wake Me Up\") muri\u00f3 hoy a los 28 a\u00f1os en Mascate, la capital de Om\u00e1n, inform\u00f3 hoy su portavoz, Ebba Lindqvist. El famoso DJ, nacido como Tim Bergling, fue encontrado muerto, sin que por ahora se sepa m\u00e1s acerca de las circunstancias de su","canonical_url":"https:\/\/www.eldigitaldeasturias.com\/noticias\/murio-a-los-28-anos-el-dj-sueco-avicii\/","robots":"max-image-preview:large","keywords":"actualidad","webmasterTools":{"google-site-verification":"UA-38556648-1","msvalidate.01":"7dfe9f3f1b24437ab69f4f2559babe99","miscellaneous":""},"schema":{"@context":"https:\/\/schema.org","@graph":[{"@type":"BlogPosting","@id":"https:\/\/www.eldigitaldeasturias.com\/noticias\/murio-a-los-28-anos-el-dj-sueco-avicii\/#blogposting","name":"Muri\u00f3 a los 28 a\u00f1os el DJ sueco Avicii - El Digital de Asturias","headline":"Muri\u00f3 a los 28 a\u00f1os el DJ sueco Avicii","author":{"@id":"https:\/\/www.eldigitaldeasturias.com\/noticias\/author\/admin\/#author"},"publisher":{"@id":"https:\/\/www.eldigitaldeasturias.com\/noticias\/#organization"},"image":{"@type":"ImageObject","url":969030},"datePublished":"2018-04-21T23:23:11+02:00","dateModified":"2018-04-21T23:23:11+02:00","inLanguage":"es-ES","mainEntityOfPage":{"@id":"https:\/\/www.eldigitaldeasturias.com\/noticias\/murio-a-los-28-anos-el-dj-sueco-avicii\/#webpage"},"isPartOf":{"@id":"https:\/\/www.eldigitaldeasturias.com\/noticias\/murio-a-los-28-anos-el-dj-sueco-avicii\/#webpage"},"articleSection":"Actualidad"},{"@type":"BreadcrumbList","@id":"https:\/\/www.eldigitaldeasturias.com\/noticias\/murio-a-los-28-anos-el-dj-sueco-avicii\/#breadcrumblist","itemListElement":[{"@type":"ListItem","@id":"https:\/\/www.eldigitaldeasturias.com\/noticias#listItem","position":1,"name":"Home","item":"https:\/\/www.eldigitaldeasturias.com\/noticias","nextItem":{"@type":"ListItem","@id":"https:\/\/www.eldigitaldeasturias.com\/noticias\/category\/actualidad\/#listItem","name":"Actualidad"}},{"@type":"ListItem","@id":"https:\/\/www.eldigitaldeasturias.com\/noticias\/category\/actualidad\/#listItem","position":2,"name":"Actualidad","item":"https:\/\/www.eldigitaldeasturias.com\/noticias\/category\/actualidad\/","nextItem":{"@type":"ListItem","@id":"https:\/\/www.eldigitaldeasturias.com\/noticias\/murio-a-los-28-anos-el-dj-sueco-avicii\/#listItem","name":"Muri\u00f3 a los 28 a\u00f1os el DJ sueco Avicii"},"previousItem":{"@type":"ListItem","@id":"https:\/\/www.eldigitaldeasturias.com\/noticias#listItem","name":"Home"}},{"@type":"ListItem","@id":"https:\/\/www.eldigitaldeasturias.com\/noticias\/murio-a-los-28-anos-el-dj-sueco-avicii\/#listItem","position":3,"name":"Muri\u00f3 a los 28 a\u00f1os el DJ sueco Avicii","previousItem":{"@type":"ListItem","@id":"https:\/\/www.eldigitaldeasturias.com\/noticias\/category\/actualidad\/#listItem","name":"Actualidad"}}]},{"@type":"Organization","@id":"https:\/\/www.eldigitaldeasturias.com\/noticias\/#organization","name":"El Digital de Asturias","description":"Hemeroteca","url":"https:\/\/www.eldigitaldeasturias.com\/noticias\/","email":"info@eldigitaldeasturias.com","telephone":"+34652131393","logo":{"@type":"ImageObject","url":"https:\/\/www.eldigitaldeasturias.com\/noticias\/wp-content\/uploads\/2020\/12\/EDA.jpg","@id":"https:\/\/www.eldigitaldeasturias.com\/noticias\/murio-a-los-28-anos-el-dj-sueco-avicii\/#organizationLogo"},"image":{"@id":"https:\/\/www.eldigitaldeasturias.com\/noticias\/murio-a-los-28-anos-el-dj-sueco-avicii\/#organizationLogo"},"sameAs":["https:\/\/facebook.com\/eldigitaldeasturias","https:\/\/www.youtube.com\/channel\/UCZP-2wLEB9Rv6erhFmqVnvg"],"address":{"@id":"https:\/\/www.eldigitaldeasturias.com\/noticias\/#postaladdress","@type":"PostalAddress","streetAddress":"san antonio 4","postalCode":"33430","addressLocality":"Cand\u00e1s","addressRegion":"Asturias","addressCountry":"ES"}},{"@type":"Person","@id":"https:\/\/www.eldigitaldeasturias.com\/noticias\/author\/admin\/#author","url":"https:\/\/www.eldigitaldeasturias.com\/noticias\/author\/admin\/","name":"El Digital de Asturias","image":{"@type":"ImageObject","@id":"https:\/\/www.eldigitaldeasturias.com\/noticias\/murio-a-los-28-anos-el-dj-sueco-avicii\/#authorImage","url":"https:\/\/secure.gravatar.com\/avatar\/df2aeffc32bcd13f8d26072ef8a91b623d677766deac7f97ca815868cd41bf5e?s=96&d=mm&r=g","width":96,"height":96,"caption":"El Digital de Asturias"}},{"@type":"WebPage","@id":"https:\/\/www.eldigitaldeasturias.com\/noticias\/murio-a-los-28-anos-el-dj-sueco-avicii\/#webpage","url":"https:\/\/www.eldigitaldeasturias.com\/noticias\/murio-a-los-28-anos-el-dj-sueco-avicii\/","name":"Muri\u00f3 a los 28 a\u00f1os el DJ sueco Avicii - El Digital de Asturias","description":"Estocolmo, 20 abr (dpa) - El DJ y productor sueco Avicii (\"Wake Me Up\") muri\u00f3 hoy a los 28 a\u00f1os en Mascate, la capital de Om\u00e1n, inform\u00f3 hoy su portavoz, Ebba Lindqvist. El famoso DJ, nacido como Tim Bergling, fue encontrado muerto, sin que por ahora se sepa m\u00e1s acerca de las circunstancias de su","inLanguage":"es-ES","isPartOf":{"@id":"https:\/\/www.eldigitaldeasturias.com\/noticias\/#website"},"breadcrumb":{"@id":"https:\/\/www.eldigitaldeasturias.com\/noticias\/murio-a-los-28-anos-el-dj-sueco-avicii\/#breadcrumblist"},"author":{"@id":"https:\/\/www.eldigitaldeasturias.com\/noticias\/author\/admin\/#author"},"creator":{"@id":"https:\/\/www.eldigitaldeasturias.com\/noticias\/author\/admin\/#author"},"image":{"@type":"ImageObject","url":969030,"@id":"https:\/\/www.eldigitaldeasturias.com\/noticias\/murio-a-los-28-anos-el-dj-sueco-avicii\/#mainImage"},"primaryImageOfPage":{"@id":"https:\/\/www.eldigitaldeasturias.com\/noticias\/murio-a-los-28-anos-el-dj-sueco-avicii\/#mainImage"},"datePublished":"2018-04-21T23:23:11+02:00","dateModified":"2018-04-21T23:23:11+02:00"},{"@type":"WebSite","@id":"https:\/\/www.eldigitaldeasturias.com\/noticias\/#website","url":"https:\/\/www.eldigitaldeasturias.com\/noticias\/","name":"El Digital de Asturias - Diario de actualidad y noticias","alternateName":"El Digital de Asturias - Diario de actualidad y noticias","description":"Hemeroteca","inLanguage":"es-ES","publisher":{"@id":"https:\/\/www.eldigitaldeasturias.com\/noticias\/#organization"}}]},"og:locale":"es_ES","og:site_name":"El Digital de Asturias","og:type":"article","og:title":"Muri\u00f3 a los 28 a\u00f1os el DJ sueco Avicii - El Digital de Asturias","og:description":"Estocolmo, 20 abr (dpa) - El DJ y productor sueco Avicii (&quot;Wake Me Up&quot;) muri\u00f3 hoy a los 28 a\u00f1os en Mascate, la capital de Om\u00e1n, inform\u00f3 hoy su portavoz, Ebba Lindqvist. El famoso DJ, nacido como Tim Bergling, fue encontrado muerto, sin que por ahora se sepa m\u00e1s acerca de las circunstancias de su","og:url":"https:\/\/www.eldigitaldeasturias.com\/noticias\/murio-a-los-28-anos-el-dj-sueco-avicii\/","article:tag":["actualidad"],"article:published_time":"2018-04-21T23:23:11+00:00","article:modified_time":"2018-04-21T23:23:11+00:00","article:publisher":"https:\/\/facebook.com\/eldigitaldeasturias","twitter:card":"summary_large_image","twitter:title":"Muri\u00f3 a los 28 a\u00f1os el DJ sueco Avicii - El Digital de Asturias","twitter:description":"Estocolmo, 20 abr (dpa) - El DJ y productor sueco Avicii (&quot;Wake Me Up&quot;) muri\u00f3 hoy a los 28 a\u00f1os en Mascate, la capital de Om\u00e1n, inform\u00f3 hoy su portavoz, Ebba Lindqvist. El famoso DJ, nacido como Tim Bergling, fue encontrado muerto, sin que por ahora se sepa m\u00e1s acerca de las circunstancias de su","twitter:image":"https:\/\/www.eldigitaldeasturias.com\/noticias\/wp-content\/uploads\/2020\/12\/EDA-1.jpg","twitter:label1":"Escrito por","twitter:data1":"El Digital de Asturias","twitter:label2":"Tiempo de lectura estimado","twitter:data2":"3 minutos"},"aioseo_meta_data":{"post_id":"976840","title":null,"description":null,"keywords":null,"keyphrases":null,"primary_term":null,"canonical_url":null,"og_title":null,"og_description":null,"og_object_type":"default","og_image_type":"default","og_image_url":null,"og_image_width":null,"og_image_height":null,"og_image_custom_url":null,"og_image_custom_fields":null,"og_video":null,"og_custom_url":null,"og_article_section":null,"og_article_tags":null,"twitter_use_og":false,"twitter_card":"default","twitter_image_type":"default","twitter_image_url":null,"twitter_image_custom_url":null,"twitter_image_custom_fields":null,"twitter_title":null,"twitter_description":null,"schema":{"blockGraphs":[],"customGraphs":[],"default":{"data":{"Article":[],"Course":[],"Dataset":[],"FAQPage":[],"Movie":[],"Person":[],"Product":[],"ProductReview":[],"Car":[],"Recipe":[],"Service":[],"SoftwareApplication":[],"WebPage":[]},"graphName":"","isEnabled":true},"graphs":[],"defaultGraph":"","defaultPostTypeGraph":""},"schema_type":null,"schema_type_options":null,"pillar_content":false,"robots_default":true,"robots_noindex":false,"robots_noarchive":false,"robots_nosnippet":false,"robots_nofollow":false,"robots_noimageindex":false,"robots_noodp":false,"robots_notranslate":false,"robots_max_snippet":null,"robots_max_videopreview":null,"robots_max_imagepreview":"large","priority":null,"frequency":null,"local_seo":null,"seo_analyzer_scan_date":"2025-10-08 05:15:59","breadcrumb_settings":null,"limit_modified_date":false,"open_ai":null,"ai":null,"created":"2020-12-21 12:06:39","updated":"2025-10-08 05:15:59","focus_keyword":null,"additional_keywords":null,"truseo_locale":null},"aioseo_breadcrumb":"<div class=\"aioseo-breadcrumbs\"><span class=\"aioseo-breadcrumb\">\n\t<a href=\"https:\/\/www.eldigitaldeasturias.com\/noticias\" title=\"Home\">Home<\/a>\n<\/span><span class=\"aioseo-breadcrumb-separator\">\u2013<\/span><span class=\"aioseo-breadcrumb\">\n\t<a href=\"https:\/\/www.eldigitaldeasturias.com\/noticias\/category\/actualidad\/\" title=\"Actualidad\">Actualidad<\/a>\n<\/span><span class=\"aioseo-breadcrumb-separator\">\u2013<\/span><span class=\"aioseo-breadcrumb\">\n\t<a href=\"https:\/\/www.eldigitaldeasturias.com\/noticias\/murio-a-los-28-anos-el-dj-sueco-avicii\/\" title=\"Muri\u00f3 a los 28 a\u00f1os el DJ sueco Avicii\">Muri\u00f3 a los 28 a\u00f1os el DJ sueco Avicii<\/a>\n<\/span><\/div>","aioseo_breadcrumb_json":[{"label":"Home","link":"https:\/\/www.eldigitaldeasturias.com\/noticias"},{"label":"Actualidad","link":"https:\/\/www.eldigitaldeasturias.com\/noticias\/category\/actualidad\/"},{"label":"Muri\u00f3 a los 28 a\u00f1os el DJ sueco Avicii","link":"https:\/\/www.eldigitaldeasturias.com\/noticias\/murio-a-los-28-anos-el-dj-sueco-avicii\/"}],"_links":{"self":[{"href":"https:\/\/www.eldigitaldeasturias.com\/noticias\/wp-json\/wp\/v2\/posts\/976840","targetHints":{"allow":["GET"]}}],"collection":[{"href":"https:\/\/www.eldigitaldeasturias.com\/noticias\/wp-json\/wp\/v2\/posts"}],"about":[{"href":"https:\/\/www.eldigitaldeasturias.com\/noticias\/wp-json\/wp\/v2\/types\/post"}],"author":[{"embeddable":true,"href":"https:\/\/www.eldigitaldeasturias.com\/noticias\/wp-json\/wp\/v2\/users\/1"}],"replies":[{"embeddable":true,"href":"https:\/\/www.eldigitaldeasturias.com\/noticias\/wp-json\/wp\/v2\/comments?post=976840"}],"version-history":[{"count":0,"href":"https:\/\/www.eldigitaldeasturias.com\/noticias\/wp-json\/wp\/v2\/posts\/976840\/revisions"}],"wp:attachment":[{"href":"https:\/\/www.eldigitaldeasturias.com\/noticias\/wp-json\/wp\/v2\/media?parent=976840"}],"wp:term":[{"taxonomy":"category","embeddable":true,"href":"https:\/\/www.eldigitaldeasturias.com\/noticias\/wp-json\/wp\/v2\/categories?post=976840"},{"taxonomy":"post_tag","embeddable":true,"href":"https:\/\/www.eldigitaldeasturias.com\/noticias\/wp-json\/wp\/v2\/tags?post=976840"}],"curies":[{"name":"wp","href":"https:\/\/api.w.org\/{rel}","templated":true}]}}