{"id":976838,"date":"2018-04-21T23:21:32","date_gmt":"2018-04-21T23:21:32","guid":{"rendered":"http:\/\/www.eldigitaldeasturias.com\/noticias\/?p=976838"},"modified":"2018-04-21T23:21:32","modified_gmt":"2018-04-21T23:21:32","slug":"maduro-viaja-a-cuba-para-ofrecer-su-apoyo-a-diaz-canel","status":"publish","type":"post","link":"https:\/\/www.eldigitaldeasturias.com\/noticias\/maduro-viaja-a-cuba-para-ofrecer-su-apoyo-a-diaz-canel\/","title":{"rendered":"Maduro viaja a Cuba para ofrecer su apoyo a D\u00edaz-Canel"},"content":{"rendered":"<p><img loading=\"lazy\" decoding=\"async\" class=\"alignleft size-medium wp-image-976323\" src=\"https:\/\/www.eldigitaldeasturias.com\/noticias\/wp-content\/uploads\/2018\/04\/city-3245250_960_720-360x240.jpg\" alt=\"\" width=\"360\" height=\"240\" \/>Caracas, 20 abr (dpa) \u2013 El presidente de Venezuela, Nicol\u00e1s Maduro, viaj\u00f3 hoy a Cuba con el fin de ofrecer nuevas formas de cooperaci\u00f3n al flamante presidente cubano, Miguel D\u00edaz-Canel.<\/p>\n<p>Maduro dijo en una rueda de prensa en el aeropuerto internacional de Maiquet\u00eda, en la costa caribe\u00f1a cerca de Caracas, que ofrecer\u00e1 sus palabras de solidaridad y apoyo al nuevo presidente cubano, apenas confirmado el jueves en el cargo.<\/p>\n<p>Dijo que en su visita a La Habana se reunir\u00e1 para visualizar el futuro y ratificar la hermandad entre Venezuela y Cuba.<\/p>\n<p>\u00abEspero darle adem\u00e1s un abrazo a nuestro hermano mayor, Ra\u00fal Castro, para ratificar nuestra hermandad, de labor cumplida en seis d\u00e9cadas junto a Fidel y luego al frente de agrupaciones como la ALBA, Petrocaribe, una uni\u00f3n gestada por el comandante Hugo Ch\u00e1vez y Fidel\u00bb, se\u00f1al\u00f3.<\/p>\n<p>Agreg\u00f3 que su plan es seguir avanzando en la alianza con Cuba, para lo cual lleva propuestas sobre la base de su experiencia de cinco a\u00f1os en el poder en Venezuela.<\/p>\n<p>\u00abVamos visualizando estos a\u00f1os que est\u00e1n por venir en esta segunda d\u00e9cada del siglo XXI que va terminando, visualizando 2025, el futuro. Llevo nuevas propuestas para solidificar la alianza humana, econ\u00f3mica, energ\u00e9tica e integral entre Cuba y Venezuela, a decirle (a D\u00edaz-Canel): siempre unidos, Cuba y Venezuela\u00bb, indic\u00f3.<\/p>\n<p>Asimismo, Maduro afirm\u00f3 que las relaciones entre Venezuela y Cuba han llegado en la presente etapa al m\u00e1s alto nivel de confianza pol\u00edtica, de cooperaci\u00f3n y desarrollo \u00abcompartido\u00bb.<\/p>\n<p>Al respecto, destac\u00f3 la labor de los m\u00e1s de 30.000 cubanos que participan en las misiones sociales que atienden a la poblaci\u00f3n m\u00e1s vulnerable en Venezuela.<\/p>\n<p>\u00abLa prioridad de esta etapa que se ve para los pr\u00f3ximos 10 a\u00f1os tiene que ser el desarrollo econ\u00f3mico, cient\u00edfico, tecnol\u00f3gico compartido, de ganar-ganar, de resolver los problemas materiales de nuestros pueblos. Cuba tiene una experiencia de 60 a\u00f1os y Venezuela una fuerza inmensa. Debemos provocar en lo econ\u00f3mico un cambio que d\u00e9 al pueblo estabilidad y prosperidad\u00bb, asever\u00f3.<\/p>\n","protected":false},"excerpt":{"rendered":"<p>Caracas, 20 abr (dpa) \u2013 El presidente de Venezuela, Nicol\u00e1s Maduro, viaj\u00f3 hoy a Cuba con el fin de ofrecer nuevas formas de cooperaci\u00f3n al flamante presidente cubano, Miguel D\u00edaz-Canel. Maduro dijo en una rueda de prensa en el aeropuerto internacional de Maiquet\u00eda, en la costa caribe\u00f1a cerca de Caracas, que ofrecer\u00e1 sus palabras de [&hellip;]<\/p>\n","protected":false},"author":1,"featured_media":976323,"comment_status":"closed","ping_status":"closed","sticky":false,"template":"","format":"standard","meta":{"footnotes":""},"categories":[1],"tags":[],"class_list":["post-976838","post","type-post","status-publish","format-standard","has-post-thumbnail","hentry","category-actualidad"],"aioseo_notices":[],"aioseo_head":"\n\t\t<!-- All in One SEO Pro 5.0.1 - aioseo.com -->\n\t<meta name=\"description\" content=\"Caracas, 20 abr (dpa) \u2013 El presidente de Venezuela, Nicol\u00e1s Maduro, viaj\u00f3 hoy a Cuba con el fin de ofrecer nuevas formas de cooperaci\u00f3n al flamante presidente cubano, Miguel D\u00edaz-Canel. Maduro dijo en una rueda de prensa en el aeropuerto internacional de Maiquet\u00eda, en la costa caribe\u00f1a cerca de Caracas, que ofrecer\u00e1 sus palabras de\" \/>\n\t<meta name=\"robots\" content=\"max-image-preview:large\" \/>\n\t<meta name=\"author\" content=\"El Digital de Asturias\"\/>\n\t<meta name=\"google-site-verification\" content=\"UA-38556648-1\" \/>\n\t<meta name=\"msvalidate.01\" content=\"7dfe9f3f1b24437ab69f4f2559babe99\" \/>\n\t<meta name=\"keywords\" content=\"actualidad\" \/>\n\t<link rel=\"canonical\" href=\"https:\/\/www.eldigitaldeasturias.com\/noticias\/maduro-viaja-a-cuba-para-ofrecer-su-apoyo-a-diaz-canel\/\" \/>\n\t<meta name=\"generator\" content=\"All in One SEO Pro (AIOSEO) 5.0.1\" \/>\n\t\t<meta property=\"og:locale\" content=\"es_ES\" \/>\n\t\t<meta property=\"og:site_name\" content=\"El Digital de Asturias\" \/>\n\t\t<meta property=\"og:type\" content=\"article\" \/>\n\t\t<meta property=\"og:title\" content=\"Maduro viaja a Cuba para ofrecer su apoyo a D\u00edaz-Canel - El Digital de Asturias\" \/>\n\t\t<meta property=\"og:description\" content=\"Caracas, 20 abr (dpa) \u2013 El presidente de Venezuela, Nicol\u00e1s Maduro, viaj\u00f3 hoy a Cuba con el fin de ofrecer nuevas formas de cooperaci\u00f3n al flamante presidente cubano, Miguel D\u00edaz-Canel. Maduro dijo en una rueda de prensa en el aeropuerto internacional de Maiquet\u00eda, en la costa caribe\u00f1a cerca de Caracas, que ofrecer\u00e1 sus palabras de\" \/>\n\t\t<meta property=\"og:url\" content=\"https:\/\/www.eldigitaldeasturias.com\/noticias\/maduro-viaja-a-cuba-para-ofrecer-su-apoyo-a-diaz-canel\/\" \/>\n\t\t<meta property=\"article:tag\" content=\"actualidad\" \/>\n\t\t<meta property=\"article:published_time\" content=\"2018-04-21T23:21:32+00:00\" \/>\n\t\t<meta property=\"article:modified_time\" content=\"2018-04-21T23:21:32+00:00\" \/>\n\t\t<meta property=\"article:publisher\" content=\"https:\/\/facebook.com\/eldigitaldeasturias\" \/>\n\t\t<meta name=\"twitter:card\" content=\"summary_large_image\" \/>\n\t\t<meta name=\"twitter:title\" content=\"Maduro viaja a Cuba para ofrecer su apoyo a D\u00edaz-Canel - El Digital de Asturias\" \/>\n\t\t<meta name=\"twitter:description\" content=\"Caracas, 20 abr (dpa) \u2013 El presidente de Venezuela, Nicol\u00e1s Maduro, viaj\u00f3 hoy a Cuba con el fin de ofrecer nuevas formas de cooperaci\u00f3n al flamante presidente cubano, Miguel D\u00edaz-Canel. Maduro dijo en una rueda de prensa en el aeropuerto internacional de Maiquet\u00eda, en la costa caribe\u00f1a cerca de Caracas, que ofrecer\u00e1 sus palabras de\" \/>\n\t\t<meta name=\"twitter:image\" content=\"https:\/\/www.eldigitaldeasturias.com\/noticias\/wp-content\/uploads\/2020\/12\/EDA-1.jpg\" \/>\n\t\t<meta name=\"twitter:label1\" content=\"Escrito por\" \/>\n\t\t<meta name=\"twitter:data1\" content=\"El Digital de Asturias\" \/>\n\t\t<meta name=\"twitter:label2\" content=\"Tiempo de lectura estimado\" \/>\n\t\t<meta name=\"twitter:data2\" content=\"2 minutos\" \/>\n\t\t<script type=\"application\/ld+json\" class=\"aioseo-schema\">\n\t\t\t{\"@context\":\"https:\\\/\\\/schema.org\",\"@graph\":[{\"@type\":\"BlogPosting\",\"@id\":\"https:\\\/\\\/www.eldigitaldeasturias.com\\\/noticias\\\/maduro-viaja-a-cuba-para-ofrecer-su-apoyo-a-diaz-canel\\\/#blogposting\",\"name\":\"Maduro viaja a Cuba para ofrecer su apoyo a D\\u00edaz-Canel - El Digital de Asturias\",\"headline\":\"Maduro viaja a Cuba para ofrecer su apoyo a D\\u00edaz-Canel\",\"author\":{\"@id\":\"https:\\\/\\\/www.eldigitaldeasturias.com\\\/noticias\\\/author\\\/admin\\\/#author\"},\"publisher\":{\"@id\":\"https:\\\/\\\/www.eldigitaldeasturias.com\\\/noticias\\\/#organization\"},\"image\":{\"@type\":\"ImageObject\",\"url\":976323},\"datePublished\":\"2018-04-21T23:21:32+02:00\",\"dateModified\":\"2018-04-21T23:21:32+02:00\",\"inLanguage\":\"es-ES\",\"mainEntityOfPage\":{\"@id\":\"https:\\\/\\\/www.eldigitaldeasturias.com\\\/noticias\\\/maduro-viaja-a-cuba-para-ofrecer-su-apoyo-a-diaz-canel\\\/#webpage\"},\"isPartOf\":{\"@id\":\"https:\\\/\\\/www.eldigitaldeasturias.com\\\/noticias\\\/maduro-viaja-a-cuba-para-ofrecer-su-apoyo-a-diaz-canel\\\/#webpage\"},\"articleSection\":\"Actualidad\"},{\"@type\":\"BreadcrumbList\",\"@id\":\"https:\\\/\\\/www.eldigitaldeasturias.com\\\/noticias\\\/maduro-viaja-a-cuba-para-ofrecer-su-apoyo-a-diaz-canel\\\/#breadcrumblist\",\"itemListElement\":[{\"@type\":\"ListItem\",\"@id\":\"https:\\\/\\\/www.eldigitaldeasturias.com\\\/noticias#listItem\",\"position\":1,\"name\":\"Home\",\"item\":\"https:\\\/\\\/www.eldigitaldeasturias.com\\\/noticias\",\"nextItem\":{\"@type\":\"ListItem\",\"@id\":\"https:\\\/\\\/www.eldigitaldeasturias.com\\\/noticias\\\/category\\\/actualidad\\\/#listItem\",\"name\":\"Actualidad\"}},{\"@type\":\"ListItem\",\"@id\":\"https:\\\/\\\/www.eldigitaldeasturias.com\\\/noticias\\\/category\\\/actualidad\\\/#listItem\",\"position\":2,\"name\":\"Actualidad\",\"item\":\"https:\\\/\\\/www.eldigitaldeasturias.com\\\/noticias\\\/category\\\/actualidad\\\/\",\"nextItem\":{\"@type\":\"ListItem\",\"@id\":\"https:\\\/\\\/www.eldigitaldeasturias.com\\\/noticias\\\/maduro-viaja-a-cuba-para-ofrecer-su-apoyo-a-diaz-canel\\\/#listItem\",\"name\":\"Maduro viaja a Cuba para ofrecer su apoyo a D\\u00edaz-Canel\"},\"previousItem\":{\"@type\":\"ListItem\",\"@id\":\"https:\\\/\\\/www.eldigitaldeasturias.com\\\/noticias#listItem\",\"name\":\"Home\"}},{\"@type\":\"ListItem\",\"@id\":\"https:\\\/\\\/www.eldigitaldeasturias.com\\\/noticias\\\/maduro-viaja-a-cuba-para-ofrecer-su-apoyo-a-diaz-canel\\\/#listItem\",\"position\":3,\"name\":\"Maduro viaja a Cuba para ofrecer su apoyo a D\\u00edaz-Canel\",\"previousItem\":{\"@type\":\"ListItem\",\"@id\":\"https:\\\/\\\/www.eldigitaldeasturias.com\\\/noticias\\\/category\\\/actualidad\\\/#listItem\",\"name\":\"Actualidad\"}}]},{\"@type\":\"Organization\",\"@id\":\"https:\\\/\\\/www.eldigitaldeasturias.com\\\/noticias\\\/#organization\",\"name\":\"El Digital de Asturias\",\"description\":\"Hemeroteca\",\"url\":\"https:\\\/\\\/www.eldigitaldeasturias.com\\\/noticias\\\/\",\"email\":\"info@eldigitaldeasturias.com\",\"telephone\":\"+34652131393\",\"logo\":{\"@type\":\"ImageObject\",\"url\":\"https:\\\/\\\/www.eldigitaldeasturias.com\\\/noticias\\\/wp-content\\\/uploads\\\/2020\\\/12\\\/EDA.jpg\",\"@id\":\"https:\\\/\\\/www.eldigitaldeasturias.com\\\/noticias\\\/maduro-viaja-a-cuba-para-ofrecer-su-apoyo-a-diaz-canel\\\/#organizationLogo\"},\"image\":{\"@id\":\"https:\\\/\\\/www.eldigitaldeasturias.com\\\/noticias\\\/maduro-viaja-a-cuba-para-ofrecer-su-apoyo-a-diaz-canel\\\/#organizationLogo\"},\"sameAs\":[\"https:\\\/\\\/facebook.com\\\/eldigitaldeasturias\",\"https:\\\/\\\/www.youtube.com\\\/channel\\\/UCZP-2wLEB9Rv6erhFmqVnvg\"],\"address\":{\"@id\":\"https:\\\/\\\/www.eldigitaldeasturias.com\\\/noticias\\\/#postaladdress\",\"@type\":\"PostalAddress\",\"streetAddress\":\"san antonio 4\",\"postalCode\":\"33430\",\"addressLocality\":\"Cand\\u00e1s\",\"addressRegion\":\"Asturias\",\"addressCountry\":\"ES\"}},{\"@type\":\"Person\",\"@id\":\"https:\\\/\\\/www.eldigitaldeasturias.com\\\/noticias\\\/author\\\/admin\\\/#author\",\"url\":\"https:\\\/\\\/www.eldigitaldeasturias.com\\\/noticias\\\/author\\\/admin\\\/\",\"name\":\"El Digital de Asturias\",\"image\":{\"@type\":\"ImageObject\",\"@id\":\"https:\\\/\\\/www.eldigitaldeasturias.com\\\/noticias\\\/maduro-viaja-a-cuba-para-ofrecer-su-apoyo-a-diaz-canel\\\/#authorImage\",\"url\":\"https:\\\/\\\/secure.gravatar.com\\\/avatar\\\/df2aeffc32bcd13f8d26072ef8a91b623d677766deac7f97ca815868cd41bf5e?s=96&d=mm&r=g\",\"width\":96,\"height\":96,\"caption\":\"El Digital de Asturias\"}},{\"@type\":\"WebPage\",\"@id\":\"https:\\\/\\\/www.eldigitaldeasturias.com\\\/noticias\\\/maduro-viaja-a-cuba-para-ofrecer-su-apoyo-a-diaz-canel\\\/#webpage\",\"url\":\"https:\\\/\\\/www.eldigitaldeasturias.com\\\/noticias\\\/maduro-viaja-a-cuba-para-ofrecer-su-apoyo-a-diaz-canel\\\/\",\"name\":\"Maduro viaja a Cuba para ofrecer su apoyo a D\\u00edaz-Canel - El Digital de Asturias\",\"description\":\"Caracas, 20 abr (dpa) \\u2013 El presidente de Venezuela, Nicol\\u00e1s Maduro, viaj\\u00f3 hoy a Cuba con el fin de ofrecer nuevas formas de cooperaci\\u00f3n al flamante presidente cubano, Miguel D\\u00edaz-Canel. Maduro dijo en una rueda de prensa en el aeropuerto internacional de Maiquet\\u00eda, en la costa caribe\\u00f1a cerca de Caracas, que ofrecer\\u00e1 sus palabras de\",\"inLanguage\":\"es-ES\",\"isPartOf\":{\"@id\":\"https:\\\/\\\/www.eldigitaldeasturias.com\\\/noticias\\\/#website\"},\"breadcrumb\":{\"@id\":\"https:\\\/\\\/www.eldigitaldeasturias.com\\\/noticias\\\/maduro-viaja-a-cuba-para-ofrecer-su-apoyo-a-diaz-canel\\\/#breadcrumblist\"},\"author\":{\"@id\":\"https:\\\/\\\/www.eldigitaldeasturias.com\\\/noticias\\\/author\\\/admin\\\/#author\"},\"creator\":{\"@id\":\"https:\\\/\\\/www.eldigitaldeasturias.com\\\/noticias\\\/author\\\/admin\\\/#author\"},\"image\":{\"@type\":\"ImageObject\",\"url\":976323,\"@id\":\"https:\\\/\\\/www.eldigitaldeasturias.com\\\/noticias\\\/maduro-viaja-a-cuba-para-ofrecer-su-apoyo-a-diaz-canel\\\/#mainImage\"},\"primaryImageOfPage\":{\"@id\":\"https:\\\/\\\/www.eldigitaldeasturias.com\\\/noticias\\\/maduro-viaja-a-cuba-para-ofrecer-su-apoyo-a-diaz-canel\\\/#mainImage\"},\"datePublished\":\"2018-04-21T23:21:32+02:00\",\"dateModified\":\"2018-04-21T23:21:32+02:00\"},{\"@type\":\"WebSite\",\"@id\":\"https:\\\/\\\/www.eldigitaldeasturias.com\\\/noticias\\\/#website\",\"url\":\"https:\\\/\\\/www.eldigitaldeasturias.com\\\/noticias\\\/\",\"name\":\"El Digital de Asturias - Diario de actualidad y noticias\",\"alternateName\":\"El Digital de Asturias - Diario de actualidad y noticias\",\"description\":\"Hemeroteca\",\"inLanguage\":\"es-ES\",\"publisher\":{\"@id\":\"https:\\\/\\\/www.eldigitaldeasturias.com\\\/noticias\\\/#organization\"}}]}\n\t\t<\/script>\n\t\t<!-- All in One SEO Pro -->\r\n\t\t<title>Maduro viaja a Cuba para ofrecer su apoyo a D\u00edaz-Canel - El Digital de Asturias<\/title>\n\n","aioseo_head_json":{"title":"Maduro viaja a Cuba para ofrecer su apoyo a D\u00edaz-Canel - El Digital de Asturias","description":"Caracas, 20 abr (dpa) \u2013 El presidente de Venezuela, Nicol\u00e1s Maduro, viaj\u00f3 hoy a Cuba con el fin de ofrecer nuevas formas de cooperaci\u00f3n al flamante presidente cubano, Miguel D\u00edaz-Canel. Maduro dijo en una rueda de prensa en el aeropuerto internacional de Maiquet\u00eda, en la costa caribe\u00f1a cerca de Caracas, que ofrecer\u00e1 sus palabras de","canonical_url":"https:\/\/www.eldigitaldeasturias.com\/noticias\/maduro-viaja-a-cuba-para-ofrecer-su-apoyo-a-diaz-canel\/","robots":"max-image-preview:large","keywords":"actualidad","webmasterTools":{"google-site-verification":"UA-38556648-1","msvalidate.01":"7dfe9f3f1b24437ab69f4f2559babe99","miscellaneous":""},"schema":{"@context":"https:\/\/schema.org","@graph":[{"@type":"BlogPosting","@id":"https:\/\/www.eldigitaldeasturias.com\/noticias\/maduro-viaja-a-cuba-para-ofrecer-su-apoyo-a-diaz-canel\/#blogposting","name":"Maduro viaja a Cuba para ofrecer su apoyo a D\u00edaz-Canel - El Digital de Asturias","headline":"Maduro viaja a Cuba para ofrecer su apoyo a D\u00edaz-Canel","author":{"@id":"https:\/\/www.eldigitaldeasturias.com\/noticias\/author\/admin\/#author"},"publisher":{"@id":"https:\/\/www.eldigitaldeasturias.com\/noticias\/#organization"},"image":{"@type":"ImageObject","url":976323},"datePublished":"2018-04-21T23:21:32+02:00","dateModified":"2018-04-21T23:21:32+02:00","inLanguage":"es-ES","mainEntityOfPage":{"@id":"https:\/\/www.eldigitaldeasturias.com\/noticias\/maduro-viaja-a-cuba-para-ofrecer-su-apoyo-a-diaz-canel\/#webpage"},"isPartOf":{"@id":"https:\/\/www.eldigitaldeasturias.com\/noticias\/maduro-viaja-a-cuba-para-ofrecer-su-apoyo-a-diaz-canel\/#webpage"},"articleSection":"Actualidad"},{"@type":"BreadcrumbList","@id":"https:\/\/www.eldigitaldeasturias.com\/noticias\/maduro-viaja-a-cuba-para-ofrecer-su-apoyo-a-diaz-canel\/#breadcrumblist","itemListElement":[{"@type":"ListItem","@id":"https:\/\/www.eldigitaldeasturias.com\/noticias#listItem","position":1,"name":"Home","item":"https:\/\/www.eldigitaldeasturias.com\/noticias","nextItem":{"@type":"ListItem","@id":"https:\/\/www.eldigitaldeasturias.com\/noticias\/category\/actualidad\/#listItem","name":"Actualidad"}},{"@type":"ListItem","@id":"https:\/\/www.eldigitaldeasturias.com\/noticias\/category\/actualidad\/#listItem","position":2,"name":"Actualidad","item":"https:\/\/www.eldigitaldeasturias.com\/noticias\/category\/actualidad\/","nextItem":{"@type":"ListItem","@id":"https:\/\/www.eldigitaldeasturias.com\/noticias\/maduro-viaja-a-cuba-para-ofrecer-su-apoyo-a-diaz-canel\/#listItem","name":"Maduro viaja a Cuba para ofrecer su apoyo a D\u00edaz-Canel"},"previousItem":{"@type":"ListItem","@id":"https:\/\/www.eldigitaldeasturias.com\/noticias#listItem","name":"Home"}},{"@type":"ListItem","@id":"https:\/\/www.eldigitaldeasturias.com\/noticias\/maduro-viaja-a-cuba-para-ofrecer-su-apoyo-a-diaz-canel\/#listItem","position":3,"name":"Maduro viaja a Cuba para ofrecer su apoyo a D\u00edaz-Canel","previousItem":{"@type":"ListItem","@id":"https:\/\/www.eldigitaldeasturias.com\/noticias\/category\/actualidad\/#listItem","name":"Actualidad"}}]},{"@type":"Organization","@id":"https:\/\/www.eldigitaldeasturias.com\/noticias\/#organization","name":"El Digital de Asturias","description":"Hemeroteca","url":"https:\/\/www.eldigitaldeasturias.com\/noticias\/","email":"info@eldigitaldeasturias.com","telephone":"+34652131393","logo":{"@type":"ImageObject","url":"https:\/\/www.eldigitaldeasturias.com\/noticias\/wp-content\/uploads\/2020\/12\/EDA.jpg","@id":"https:\/\/www.eldigitaldeasturias.com\/noticias\/maduro-viaja-a-cuba-para-ofrecer-su-apoyo-a-diaz-canel\/#organizationLogo"},"image":{"@id":"https:\/\/www.eldigitaldeasturias.com\/noticias\/maduro-viaja-a-cuba-para-ofrecer-su-apoyo-a-diaz-canel\/#organizationLogo"},"sameAs":["https:\/\/facebook.com\/eldigitaldeasturias","https:\/\/www.youtube.com\/channel\/UCZP-2wLEB9Rv6erhFmqVnvg"],"address":{"@id":"https:\/\/www.eldigitaldeasturias.com\/noticias\/#postaladdress","@type":"PostalAddress","streetAddress":"san antonio 4","postalCode":"33430","addressLocality":"Cand\u00e1s","addressRegion":"Asturias","addressCountry":"ES"}},{"@type":"Person","@id":"https:\/\/www.eldigitaldeasturias.com\/noticias\/author\/admin\/#author","url":"https:\/\/www.eldigitaldeasturias.com\/noticias\/author\/admin\/","name":"El Digital de Asturias","image":{"@type":"ImageObject","@id":"https:\/\/www.eldigitaldeasturias.com\/noticias\/maduro-viaja-a-cuba-para-ofrecer-su-apoyo-a-diaz-canel\/#authorImage","url":"https:\/\/secure.gravatar.com\/avatar\/df2aeffc32bcd13f8d26072ef8a91b623d677766deac7f97ca815868cd41bf5e?s=96&d=mm&r=g","width":96,"height":96,"caption":"El Digital de Asturias"}},{"@type":"WebPage","@id":"https:\/\/www.eldigitaldeasturias.com\/noticias\/maduro-viaja-a-cuba-para-ofrecer-su-apoyo-a-diaz-canel\/#webpage","url":"https:\/\/www.eldigitaldeasturias.com\/noticias\/maduro-viaja-a-cuba-para-ofrecer-su-apoyo-a-diaz-canel\/","name":"Maduro viaja a Cuba para ofrecer su apoyo a D\u00edaz-Canel - El Digital de Asturias","description":"Caracas, 20 abr (dpa) \u2013 El presidente de Venezuela, Nicol\u00e1s Maduro, viaj\u00f3 hoy a Cuba con el fin de ofrecer nuevas formas de cooperaci\u00f3n al flamante presidente cubano, Miguel D\u00edaz-Canel. Maduro dijo en una rueda de prensa en el aeropuerto internacional de Maiquet\u00eda, en la costa caribe\u00f1a cerca de Caracas, que ofrecer\u00e1 sus palabras de","inLanguage":"es-ES","isPartOf":{"@id":"https:\/\/www.eldigitaldeasturias.com\/noticias\/#website"},"breadcrumb":{"@id":"https:\/\/www.eldigitaldeasturias.com\/noticias\/maduro-viaja-a-cuba-para-ofrecer-su-apoyo-a-diaz-canel\/#breadcrumblist"},"author":{"@id":"https:\/\/www.eldigitaldeasturias.com\/noticias\/author\/admin\/#author"},"creator":{"@id":"https:\/\/www.eldigitaldeasturias.com\/noticias\/author\/admin\/#author"},"image":{"@type":"ImageObject","url":976323,"@id":"https:\/\/www.eldigitaldeasturias.com\/noticias\/maduro-viaja-a-cuba-para-ofrecer-su-apoyo-a-diaz-canel\/#mainImage"},"primaryImageOfPage":{"@id":"https:\/\/www.eldigitaldeasturias.com\/noticias\/maduro-viaja-a-cuba-para-ofrecer-su-apoyo-a-diaz-canel\/#mainImage"},"datePublished":"2018-04-21T23:21:32+02:00","dateModified":"2018-04-21T23:21:32+02:00"},{"@type":"WebSite","@id":"https:\/\/www.eldigitaldeasturias.com\/noticias\/#website","url":"https:\/\/www.eldigitaldeasturias.com\/noticias\/","name":"El Digital de Asturias - Diario de actualidad y noticias","alternateName":"El Digital de Asturias - Diario de actualidad y noticias","description":"Hemeroteca","inLanguage":"es-ES","publisher":{"@id":"https:\/\/www.eldigitaldeasturias.com\/noticias\/#organization"}}]},"og:locale":"es_ES","og:site_name":"El Digital de Asturias","og:type":"article","og:title":"Maduro viaja a Cuba para ofrecer su apoyo a D\u00edaz-Canel - El Digital de Asturias","og:description":"Caracas, 20 abr (dpa) \u2013 El presidente de Venezuela, Nicol\u00e1s Maduro, viaj\u00f3 hoy a Cuba con el fin de ofrecer nuevas formas de cooperaci\u00f3n al flamante presidente cubano, Miguel D\u00edaz-Canel. Maduro dijo en una rueda de prensa en el aeropuerto internacional de Maiquet\u00eda, en la costa caribe\u00f1a cerca de Caracas, que ofrecer\u00e1 sus palabras de","og:url":"https:\/\/www.eldigitaldeasturias.com\/noticias\/maduro-viaja-a-cuba-para-ofrecer-su-apoyo-a-diaz-canel\/","article:tag":["actualidad"],"article:published_time":"2018-04-21T23:21:32+00:00","article:modified_time":"2018-04-21T23:21:32+00:00","article:publisher":"https:\/\/facebook.com\/eldigitaldeasturias","twitter:card":"summary_large_image","twitter:title":"Maduro viaja a Cuba para ofrecer su apoyo a D\u00edaz-Canel - El Digital de Asturias","twitter:description":"Caracas, 20 abr (dpa) \u2013 El presidente de Venezuela, Nicol\u00e1s Maduro, viaj\u00f3 hoy a Cuba con el fin de ofrecer nuevas formas de cooperaci\u00f3n al flamante presidente cubano, Miguel D\u00edaz-Canel. Maduro dijo en una rueda de prensa en el aeropuerto internacional de Maiquet\u00eda, en la costa caribe\u00f1a cerca de Caracas, que ofrecer\u00e1 sus palabras de","twitter:image":"https:\/\/www.eldigitaldeasturias.com\/noticias\/wp-content\/uploads\/2020\/12\/EDA-1.jpg","twitter:label1":"Escrito por","twitter:data1":"El Digital de Asturias","twitter:label2":"Tiempo de lectura estimado","twitter:data2":"2 minutos"},"aioseo_meta_data":{"post_id":"976838","title":null,"description":null,"keywords":null,"keyphrases":null,"primary_term":null,"canonical_url":null,"og_title":null,"og_description":null,"og_object_type":"default","og_image_type":"default","og_image_url":null,"og_image_width":null,"og_image_height":null,"og_image_custom_url":null,"og_image_custom_fields":null,"og_video":null,"og_custom_url":null,"og_article_section":null,"og_article_tags":null,"twitter_use_og":false,"twitter_card":"default","twitter_image_type":"default","twitter_image_url":null,"twitter_image_custom_url":null,"twitter_image_custom_fields":null,"twitter_title":null,"twitter_description":null,"schema":{"blockGraphs":[],"customGraphs":[],"default":{"data":{"Article":[],"Course":[],"Dataset":[],"FAQPage":[],"Movie":[],"Person":[],"Product":[],"ProductReview":[],"Car":[],"Recipe":[],"Service":[],"SoftwareApplication":[],"WebPage":[]},"graphName":"","isEnabled":true},"graphs":[],"defaultGraph":"","defaultPostTypeGraph":""},"schema_type":null,"schema_type_options":null,"pillar_content":false,"robots_default":true,"robots_noindex":false,"robots_noarchive":false,"robots_nosnippet":false,"robots_nofollow":false,"robots_noimageindex":false,"robots_noodp":false,"robots_notranslate":false,"robots_max_snippet":null,"robots_max_videopreview":null,"robots_max_imagepreview":"large","priority":null,"frequency":null,"local_seo":null,"seo_analyzer_scan_date":"2025-10-08 05:15:59","breadcrumb_settings":null,"limit_modified_date":false,"open_ai":null,"ai":null,"created":"2020-12-21 12:06:39","updated":"2025-10-08 05:15:59","focus_keyword":null,"additional_keywords":null,"truseo_locale":null},"aioseo_breadcrumb":"<div class=\"aioseo-breadcrumbs\"><span class=\"aioseo-breadcrumb\">\n\t<a href=\"https:\/\/www.eldigitaldeasturias.com\/noticias\" title=\"Home\">Home<\/a>\n<\/span><span class=\"aioseo-breadcrumb-separator\">\u2013<\/span><span class=\"aioseo-breadcrumb\">\n\t<a href=\"https:\/\/www.eldigitaldeasturias.com\/noticias\/category\/actualidad\/\" title=\"Actualidad\">Actualidad<\/a>\n<\/span><span class=\"aioseo-breadcrumb-separator\">\u2013<\/span><span class=\"aioseo-breadcrumb\">\n\t<a href=\"https:\/\/www.eldigitaldeasturias.com\/noticias\/maduro-viaja-a-cuba-para-ofrecer-su-apoyo-a-diaz-canel\/\" title=\"Maduro viaja a Cuba para ofrecer su apoyo a D\u00edaz-Canel\">Maduro viaja a Cuba para ofrecer su apoyo a D\u00edaz-Canel<\/a>\n<\/span><\/div>","aioseo_breadcrumb_json":[{"label":"Home","link":"https:\/\/www.eldigitaldeasturias.com\/noticias"},{"label":"Actualidad","link":"https:\/\/www.eldigitaldeasturias.com\/noticias\/category\/actualidad\/"},{"label":"Maduro viaja a Cuba para ofrecer su apoyo a D\u00edaz-Canel","link":"https:\/\/www.eldigitaldeasturias.com\/noticias\/maduro-viaja-a-cuba-para-ofrecer-su-apoyo-a-diaz-canel\/"}],"_links":{"self":[{"href":"https:\/\/www.eldigitaldeasturias.com\/noticias\/wp-json\/wp\/v2\/posts\/976838","targetHints":{"allow":["GET"]}}],"collection":[{"href":"https:\/\/www.eldigitaldeasturias.com\/noticias\/wp-json\/wp\/v2\/posts"}],"about":[{"href":"https:\/\/www.eldigitaldeasturias.com\/noticias\/wp-json\/wp\/v2\/types\/post"}],"author":[{"embeddable":true,"href":"https:\/\/www.eldigitaldeasturias.com\/noticias\/wp-json\/wp\/v2\/users\/1"}],"replies":[{"embeddable":true,"href":"https:\/\/www.eldigitaldeasturias.com\/noticias\/wp-json\/wp\/v2\/comments?post=976838"}],"version-history":[{"count":0,"href":"https:\/\/www.eldigitaldeasturias.com\/noticias\/wp-json\/wp\/v2\/posts\/976838\/revisions"}],"wp:attachment":[{"href":"https:\/\/www.eldigitaldeasturias.com\/noticias\/wp-json\/wp\/v2\/media?parent=976838"}],"wp:term":[{"taxonomy":"category","embeddable":true,"href":"https:\/\/www.eldigitaldeasturias.com\/noticias\/wp-json\/wp\/v2\/categories?post=976838"},{"taxonomy":"post_tag","embeddable":true,"href":"https:\/\/www.eldigitaldeasturias.com\/noticias\/wp-json\/wp\/v2\/tags?post=976838"}],"curies":[{"name":"wp","href":"https:\/\/api.w.org\/{rel}","templated":true}]}}