{"id":976836,"date":"2018-04-21T23:20:31","date_gmt":"2018-04-21T23:20:31","guid":{"rendered":"http:\/\/www.eldigitaldeasturias.com\/noticias\/?p=976836"},"modified":"2018-04-21T23:20:31","modified_gmt":"2018-04-21T23:20:31","slug":"berlusconi-acusa-a-los-italianos-de-haber-votado-muy-mal","status":"publish","type":"post","link":"https:\/\/www.eldigitaldeasturias.com\/noticias\/berlusconi-acusa-a-los-italianos-de-haber-votado-muy-mal\/","title":{"rendered":"Berlusconi acusa a los italianos de haber votado \u00abmuy mal\u00bb"},"content":{"rendered":"<p><img loading=\"lazy\" decoding=\"async\" class=\"alignleft size-medium wp-image-785345\" src=\"https:\/\/www.eldigitaldeasturias.com\/noticias\/wp-content\/uploads\/2015\/05\/urnas-360x304.jpg\" alt=\"\" width=\"360\" height=\"304\" \/>Roma, 20 abr (dpa) &#8211; El ex primer ministro italiano Silvio Berlusconi afirm\u00f3 hoy que los ciudadanos \u00abvotaron muy mal\u00bb en las elecciones generales celebradas el pasado 4 de marzo, que alumbraron un Parlamento en el que ning\u00fan partido o ninguna alianza tiene mayor\u00eda.<\/p>\n<p>\u00abUstedes conocen la historia. Hay un gran l\u00edo y debo decir que los italianos votaron muy mal\u00bb, dijo Berlusconi, de 81 a\u00f1os, al hacer campa\u00f1a para las elecciones en la regi\u00f3n de Molise.<\/p>\n<p>Respecto del estancamiento de las conversaciones para formar Gobierno, el ex primer ministro descart\u00f3 cualquier acuerdo entre la alianza conservadora, de la que forma parte su partido, Forza Italia, y el Movimiento 5 Estrellas (M5S), una agrupaci\u00f3n antisistema.<\/p>\n<p>\u00abNunca podr\u00edamos gobernar [con ellos]\u00bb, dijo Berlusconi. \u00abEse Cinco Estrellas simplemente es un peligro para Italia y debemos absolutamente impedir que tome el poder\u00bb.<\/p>\n<p>Las conversaciones para formar un nuevo Gobierno en Italia se han empantanado principalmente por la insistencia del M5S en que Berlusconi quede excluido de cualquier acuerdo debido a su condena por fraude fiscal y los esc\u00e1ndalos que han manchado su carrera pol\u00edtica y vida privada.<\/p>\n<p>Berlusconi dijo que el centro-derecha deber\u00eda buscar el apoyo del Partido Democr\u00e1tico (PD) o de alg\u00fan sector de esta formaci\u00f3n de centro-izquierda. Sin embargo, esta es una l\u00ednea roja para el l\u00edder del bloque conservador, Matteo Salvini. \u00abNo quiero nada que ver con el PD\u00bb, tuite\u00f3 Salvini, l\u00edder de la ultraderechista Liga, el jueves.<\/p>\n<p>El M5S dice que solo podr\u00eda formar Gobierno con la Liga o con el PD. En ambos casos, el M5S ser\u00eda la fuerza dominante en el Gobierno, mientras que en una coalici\u00f3n con todo el bloque conservador ser\u00eda un socio menor.<\/p>\n<p>Tras el fracaso de los sondeos entre los conservadores y el M5S, la siguiente opci\u00f3n que tiene el presidente de Italia, Sergio Mattarella, consiste en la formaci\u00f3n de un Gobierno de unidad nacional con un mandato reformista limitado, que podr\u00eda obligar a convocar nuevas elecciones en 2019, coincidiendo con las elecciones al Parlamento Europeo.<\/p>\n","protected":false},"excerpt":{"rendered":"<p>Roma, 20 abr (dpa) &#8211; El ex primer ministro italiano Silvio Berlusconi afirm\u00f3 hoy que los ciudadanos \u00abvotaron muy mal\u00bb en las elecciones generales celebradas el pasado 4 de marzo, que alumbraron un Parlamento en el que ning\u00fan partido o ninguna alianza tiene mayor\u00eda. \u00abUstedes conocen la historia. Hay un gran l\u00edo y debo decir [&hellip;]<\/p>\n","protected":false},"author":1,"featured_media":785345,"comment_status":"closed","ping_status":"closed","sticky":false,"template":"","format":"standard","meta":{"footnotes":""},"categories":[1],"tags":[],"class_list":["post-976836","post","type-post","status-publish","format-standard","has-post-thumbnail","hentry","category-actualidad"],"aioseo_notices":[],"aioseo_head":"\n\t\t<!-- All in One SEO Pro 5.0.1 - aioseo.com -->\n\t<meta name=\"description\" content=\"Roma, 20 abr (dpa) - El ex primer ministro italiano Silvio Berlusconi afirm\u00f3 hoy que los ciudadanos &quot;votaron muy mal&quot; en las elecciones generales celebradas el pasado 4 de marzo, que alumbraron un Parlamento en el que ning\u00fan partido o ninguna alianza tiene mayor\u00eda. &quot;Ustedes conocen la historia. Hay un gran l\u00edo y debo decir\" \/>\n\t<meta name=\"robots\" content=\"max-image-preview:large\" \/>\n\t<meta name=\"author\" content=\"El Digital de Asturias\"\/>\n\t<meta name=\"google-site-verification\" content=\"UA-38556648-1\" \/>\n\t<meta name=\"msvalidate.01\" content=\"7dfe9f3f1b24437ab69f4f2559babe99\" \/>\n\t<meta name=\"keywords\" content=\"actualidad\" \/>\n\t<link rel=\"canonical\" href=\"https:\/\/www.eldigitaldeasturias.com\/noticias\/berlusconi-acusa-a-los-italianos-de-haber-votado-muy-mal\/\" \/>\n\t<meta name=\"generator\" content=\"All in One SEO Pro (AIOSEO) 5.0.1\" \/>\n\t\t<meta property=\"og:locale\" content=\"es_ES\" \/>\n\t\t<meta property=\"og:site_name\" content=\"El Digital de Asturias\" \/>\n\t\t<meta property=\"og:type\" content=\"article\" \/>\n\t\t<meta property=\"og:title\" content=\"Berlusconi acusa a los italianos de haber votado \u00abmuy mal\u00bb - El Digital de Asturias\" \/>\n\t\t<meta property=\"og:description\" content=\"Roma, 20 abr (dpa) - El ex primer ministro italiano Silvio Berlusconi afirm\u00f3 hoy que los ciudadanos &quot;votaron muy mal&quot; en las elecciones generales celebradas el pasado 4 de marzo, que alumbraron un Parlamento en el que ning\u00fan partido o ninguna alianza tiene mayor\u00eda. &quot;Ustedes conocen la historia. Hay un gran l\u00edo y debo decir\" \/>\n\t\t<meta property=\"og:url\" content=\"https:\/\/www.eldigitaldeasturias.com\/noticias\/berlusconi-acusa-a-los-italianos-de-haber-votado-muy-mal\/\" \/>\n\t\t<meta property=\"article:tag\" content=\"actualidad\" \/>\n\t\t<meta property=\"article:published_time\" content=\"2018-04-21T23:20:31+00:00\" \/>\n\t\t<meta property=\"article:modified_time\" content=\"2018-04-21T23:20:31+00:00\" \/>\n\t\t<meta property=\"article:publisher\" content=\"https:\/\/facebook.com\/eldigitaldeasturias\" \/>\n\t\t<meta name=\"twitter:card\" content=\"summary_large_image\" \/>\n\t\t<meta name=\"twitter:title\" content=\"Berlusconi acusa a los italianos de haber votado \u00abmuy mal\u00bb - El Digital de Asturias\" \/>\n\t\t<meta name=\"twitter:description\" content=\"Roma, 20 abr (dpa) - El ex primer ministro italiano Silvio Berlusconi afirm\u00f3 hoy que los ciudadanos &quot;votaron muy mal&quot; en las elecciones generales celebradas el pasado 4 de marzo, que alumbraron un Parlamento en el que ning\u00fan partido o ninguna alianza tiene mayor\u00eda. &quot;Ustedes conocen la historia. Hay un gran l\u00edo y debo decir\" \/>\n\t\t<meta name=\"twitter:image\" content=\"https:\/\/www.eldigitaldeasturias.com\/noticias\/wp-content\/uploads\/2020\/12\/EDA-1.jpg\" \/>\n\t\t<meta name=\"twitter:label1\" content=\"Escrito por\" \/>\n\t\t<meta name=\"twitter:data1\" content=\"El Digital de Asturias\" \/>\n\t\t<meta name=\"twitter:label2\" content=\"Tiempo de lectura estimado\" \/>\n\t\t<meta name=\"twitter:data2\" content=\"2 minutos\" \/>\n\t\t<script type=\"application\/ld+json\" class=\"aioseo-schema\">\n\t\t\t{\"@context\":\"https:\\\/\\\/schema.org\",\"@graph\":[{\"@type\":\"BlogPosting\",\"@id\":\"https:\\\/\\\/www.eldigitaldeasturias.com\\\/noticias\\\/berlusconi-acusa-a-los-italianos-de-haber-votado-muy-mal\\\/#blogposting\",\"name\":\"Berlusconi acusa a los italianos de haber votado \\u00abmuy mal\\u00bb - El Digital de Asturias\",\"headline\":\"Berlusconi acusa a los italianos de haber votado \\u00abmuy mal\\u00bb\",\"author\":{\"@id\":\"https:\\\/\\\/www.eldigitaldeasturias.com\\\/noticias\\\/author\\\/admin\\\/#author\"},\"publisher\":{\"@id\":\"https:\\\/\\\/www.eldigitaldeasturias.com\\\/noticias\\\/#organization\"},\"image\":{\"@type\":\"ImageObject\",\"url\":785345},\"datePublished\":\"2018-04-21T23:20:31+02:00\",\"dateModified\":\"2018-04-21T23:20:31+02:00\",\"inLanguage\":\"es-ES\",\"mainEntityOfPage\":{\"@id\":\"https:\\\/\\\/www.eldigitaldeasturias.com\\\/noticias\\\/berlusconi-acusa-a-los-italianos-de-haber-votado-muy-mal\\\/#webpage\"},\"isPartOf\":{\"@id\":\"https:\\\/\\\/www.eldigitaldeasturias.com\\\/noticias\\\/berlusconi-acusa-a-los-italianos-de-haber-votado-muy-mal\\\/#webpage\"},\"articleSection\":\"Actualidad\"},{\"@type\":\"BreadcrumbList\",\"@id\":\"https:\\\/\\\/www.eldigitaldeasturias.com\\\/noticias\\\/berlusconi-acusa-a-los-italianos-de-haber-votado-muy-mal\\\/#breadcrumblist\",\"itemListElement\":[{\"@type\":\"ListItem\",\"@id\":\"https:\\\/\\\/www.eldigitaldeasturias.com\\\/noticias#listItem\",\"position\":1,\"name\":\"Home\",\"item\":\"https:\\\/\\\/www.eldigitaldeasturias.com\\\/noticias\",\"nextItem\":{\"@type\":\"ListItem\",\"@id\":\"https:\\\/\\\/www.eldigitaldeasturias.com\\\/noticias\\\/category\\\/actualidad\\\/#listItem\",\"name\":\"Actualidad\"}},{\"@type\":\"ListItem\",\"@id\":\"https:\\\/\\\/www.eldigitaldeasturias.com\\\/noticias\\\/category\\\/actualidad\\\/#listItem\",\"position\":2,\"name\":\"Actualidad\",\"item\":\"https:\\\/\\\/www.eldigitaldeasturias.com\\\/noticias\\\/category\\\/actualidad\\\/\",\"nextItem\":{\"@type\":\"ListItem\",\"@id\":\"https:\\\/\\\/www.eldigitaldeasturias.com\\\/noticias\\\/berlusconi-acusa-a-los-italianos-de-haber-votado-muy-mal\\\/#listItem\",\"name\":\"Berlusconi acusa a los italianos de haber votado \\u00abmuy mal\\u00bb\"},\"previousItem\":{\"@type\":\"ListItem\",\"@id\":\"https:\\\/\\\/www.eldigitaldeasturias.com\\\/noticias#listItem\",\"name\":\"Home\"}},{\"@type\":\"ListItem\",\"@id\":\"https:\\\/\\\/www.eldigitaldeasturias.com\\\/noticias\\\/berlusconi-acusa-a-los-italianos-de-haber-votado-muy-mal\\\/#listItem\",\"position\":3,\"name\":\"Berlusconi acusa a los italianos de haber votado \\u00abmuy mal\\u00bb\",\"previousItem\":{\"@type\":\"ListItem\",\"@id\":\"https:\\\/\\\/www.eldigitaldeasturias.com\\\/noticias\\\/category\\\/actualidad\\\/#listItem\",\"name\":\"Actualidad\"}}]},{\"@type\":\"Organization\",\"@id\":\"https:\\\/\\\/www.eldigitaldeasturias.com\\\/noticias\\\/#organization\",\"name\":\"El Digital de Asturias\",\"description\":\"Hemeroteca\",\"url\":\"https:\\\/\\\/www.eldigitaldeasturias.com\\\/noticias\\\/\",\"email\":\"info@eldigitaldeasturias.com\",\"telephone\":\"+34652131393\",\"logo\":{\"@type\":\"ImageObject\",\"url\":\"https:\\\/\\\/www.eldigitaldeasturias.com\\\/noticias\\\/wp-content\\\/uploads\\\/2020\\\/12\\\/EDA.jpg\",\"@id\":\"https:\\\/\\\/www.eldigitaldeasturias.com\\\/noticias\\\/berlusconi-acusa-a-los-italianos-de-haber-votado-muy-mal\\\/#organizationLogo\"},\"image\":{\"@id\":\"https:\\\/\\\/www.eldigitaldeasturias.com\\\/noticias\\\/berlusconi-acusa-a-los-italianos-de-haber-votado-muy-mal\\\/#organizationLogo\"},\"sameAs\":[\"https:\\\/\\\/facebook.com\\\/eldigitaldeasturias\",\"https:\\\/\\\/www.youtube.com\\\/channel\\\/UCZP-2wLEB9Rv6erhFmqVnvg\"],\"address\":{\"@id\":\"https:\\\/\\\/www.eldigitaldeasturias.com\\\/noticias\\\/#postaladdress\",\"@type\":\"PostalAddress\",\"streetAddress\":\"san antonio 4\",\"postalCode\":\"33430\",\"addressLocality\":\"Cand\\u00e1s\",\"addressRegion\":\"Asturias\",\"addressCountry\":\"ES\"}},{\"@type\":\"Person\",\"@id\":\"https:\\\/\\\/www.eldigitaldeasturias.com\\\/noticias\\\/author\\\/admin\\\/#author\",\"url\":\"https:\\\/\\\/www.eldigitaldeasturias.com\\\/noticias\\\/author\\\/admin\\\/\",\"name\":\"El Digital de Asturias\",\"image\":{\"@type\":\"ImageObject\",\"@id\":\"https:\\\/\\\/www.eldigitaldeasturias.com\\\/noticias\\\/berlusconi-acusa-a-los-italianos-de-haber-votado-muy-mal\\\/#authorImage\",\"url\":\"https:\\\/\\\/secure.gravatar.com\\\/avatar\\\/df2aeffc32bcd13f8d26072ef8a91b623d677766deac7f97ca815868cd41bf5e?s=96&d=mm&r=g\",\"width\":96,\"height\":96,\"caption\":\"El Digital de Asturias\"}},{\"@type\":\"WebPage\",\"@id\":\"https:\\\/\\\/www.eldigitaldeasturias.com\\\/noticias\\\/berlusconi-acusa-a-los-italianos-de-haber-votado-muy-mal\\\/#webpage\",\"url\":\"https:\\\/\\\/www.eldigitaldeasturias.com\\\/noticias\\\/berlusconi-acusa-a-los-italianos-de-haber-votado-muy-mal\\\/\",\"name\":\"Berlusconi acusa a los italianos de haber votado \\u00abmuy mal\\u00bb - El Digital de Asturias\",\"description\":\"Roma, 20 abr (dpa) - El ex primer ministro italiano Silvio Berlusconi afirm\\u00f3 hoy que los ciudadanos \\\"votaron muy mal\\\" en las elecciones generales celebradas el pasado 4 de marzo, que alumbraron un Parlamento en el que ning\\u00fan partido o ninguna alianza tiene mayor\\u00eda. \\\"Ustedes conocen la historia. Hay un gran l\\u00edo y debo decir\",\"inLanguage\":\"es-ES\",\"isPartOf\":{\"@id\":\"https:\\\/\\\/www.eldigitaldeasturias.com\\\/noticias\\\/#website\"},\"breadcrumb\":{\"@id\":\"https:\\\/\\\/www.eldigitaldeasturias.com\\\/noticias\\\/berlusconi-acusa-a-los-italianos-de-haber-votado-muy-mal\\\/#breadcrumblist\"},\"author\":{\"@id\":\"https:\\\/\\\/www.eldigitaldeasturias.com\\\/noticias\\\/author\\\/admin\\\/#author\"},\"creator\":{\"@id\":\"https:\\\/\\\/www.eldigitaldeasturias.com\\\/noticias\\\/author\\\/admin\\\/#author\"},\"image\":{\"@type\":\"ImageObject\",\"url\":785345,\"@id\":\"https:\\\/\\\/www.eldigitaldeasturias.com\\\/noticias\\\/berlusconi-acusa-a-los-italianos-de-haber-votado-muy-mal\\\/#mainImage\"},\"primaryImageOfPage\":{\"@id\":\"https:\\\/\\\/www.eldigitaldeasturias.com\\\/noticias\\\/berlusconi-acusa-a-los-italianos-de-haber-votado-muy-mal\\\/#mainImage\"},\"datePublished\":\"2018-04-21T23:20:31+02:00\",\"dateModified\":\"2018-04-21T23:20:31+02:00\"},{\"@type\":\"WebSite\",\"@id\":\"https:\\\/\\\/www.eldigitaldeasturias.com\\\/noticias\\\/#website\",\"url\":\"https:\\\/\\\/www.eldigitaldeasturias.com\\\/noticias\\\/\",\"name\":\"El Digital de Asturias - Diario de actualidad y noticias\",\"alternateName\":\"El Digital de Asturias - Diario de actualidad y noticias\",\"description\":\"Hemeroteca\",\"inLanguage\":\"es-ES\",\"publisher\":{\"@id\":\"https:\\\/\\\/www.eldigitaldeasturias.com\\\/noticias\\\/#organization\"}}]}\n\t\t<\/script>\n\t\t<!-- All in One SEO Pro -->\r\n\t\t<title>Berlusconi acusa a los italianos de haber votado \u00abmuy mal\u00bb - El Digital de Asturias<\/title>\n\n","aioseo_head_json":{"title":"Berlusconi acusa a los italianos de haber votado \u00abmuy mal\u00bb - El Digital de Asturias","description":"Roma, 20 abr (dpa) - El ex primer ministro italiano Silvio Berlusconi afirm\u00f3 hoy que los ciudadanos \"votaron muy mal\" en las elecciones generales celebradas el pasado 4 de marzo, que alumbraron un Parlamento en el que ning\u00fan partido o ninguna alianza tiene mayor\u00eda. \"Ustedes conocen la historia. Hay un gran l\u00edo y debo decir","canonical_url":"https:\/\/www.eldigitaldeasturias.com\/noticias\/berlusconi-acusa-a-los-italianos-de-haber-votado-muy-mal\/","robots":"max-image-preview:large","keywords":"actualidad","webmasterTools":{"google-site-verification":"UA-38556648-1","msvalidate.01":"7dfe9f3f1b24437ab69f4f2559babe99","miscellaneous":""},"schema":{"@context":"https:\/\/schema.org","@graph":[{"@type":"BlogPosting","@id":"https:\/\/www.eldigitaldeasturias.com\/noticias\/berlusconi-acusa-a-los-italianos-de-haber-votado-muy-mal\/#blogposting","name":"Berlusconi acusa a los italianos de haber votado \u00abmuy mal\u00bb - El Digital de Asturias","headline":"Berlusconi acusa a los italianos de haber votado \u00abmuy mal\u00bb","author":{"@id":"https:\/\/www.eldigitaldeasturias.com\/noticias\/author\/admin\/#author"},"publisher":{"@id":"https:\/\/www.eldigitaldeasturias.com\/noticias\/#organization"},"image":{"@type":"ImageObject","url":785345},"datePublished":"2018-04-21T23:20:31+02:00","dateModified":"2018-04-21T23:20:31+02:00","inLanguage":"es-ES","mainEntityOfPage":{"@id":"https:\/\/www.eldigitaldeasturias.com\/noticias\/berlusconi-acusa-a-los-italianos-de-haber-votado-muy-mal\/#webpage"},"isPartOf":{"@id":"https:\/\/www.eldigitaldeasturias.com\/noticias\/berlusconi-acusa-a-los-italianos-de-haber-votado-muy-mal\/#webpage"},"articleSection":"Actualidad"},{"@type":"BreadcrumbList","@id":"https:\/\/www.eldigitaldeasturias.com\/noticias\/berlusconi-acusa-a-los-italianos-de-haber-votado-muy-mal\/#breadcrumblist","itemListElement":[{"@type":"ListItem","@id":"https:\/\/www.eldigitaldeasturias.com\/noticias#listItem","position":1,"name":"Home","item":"https:\/\/www.eldigitaldeasturias.com\/noticias","nextItem":{"@type":"ListItem","@id":"https:\/\/www.eldigitaldeasturias.com\/noticias\/category\/actualidad\/#listItem","name":"Actualidad"}},{"@type":"ListItem","@id":"https:\/\/www.eldigitaldeasturias.com\/noticias\/category\/actualidad\/#listItem","position":2,"name":"Actualidad","item":"https:\/\/www.eldigitaldeasturias.com\/noticias\/category\/actualidad\/","nextItem":{"@type":"ListItem","@id":"https:\/\/www.eldigitaldeasturias.com\/noticias\/berlusconi-acusa-a-los-italianos-de-haber-votado-muy-mal\/#listItem","name":"Berlusconi acusa a los italianos de haber votado \u00abmuy mal\u00bb"},"previousItem":{"@type":"ListItem","@id":"https:\/\/www.eldigitaldeasturias.com\/noticias#listItem","name":"Home"}},{"@type":"ListItem","@id":"https:\/\/www.eldigitaldeasturias.com\/noticias\/berlusconi-acusa-a-los-italianos-de-haber-votado-muy-mal\/#listItem","position":3,"name":"Berlusconi acusa a los italianos de haber votado \u00abmuy mal\u00bb","previousItem":{"@type":"ListItem","@id":"https:\/\/www.eldigitaldeasturias.com\/noticias\/category\/actualidad\/#listItem","name":"Actualidad"}}]},{"@type":"Organization","@id":"https:\/\/www.eldigitaldeasturias.com\/noticias\/#organization","name":"El Digital de Asturias","description":"Hemeroteca","url":"https:\/\/www.eldigitaldeasturias.com\/noticias\/","email":"info@eldigitaldeasturias.com","telephone":"+34652131393","logo":{"@type":"ImageObject","url":"https:\/\/www.eldigitaldeasturias.com\/noticias\/wp-content\/uploads\/2020\/12\/EDA.jpg","@id":"https:\/\/www.eldigitaldeasturias.com\/noticias\/berlusconi-acusa-a-los-italianos-de-haber-votado-muy-mal\/#organizationLogo"},"image":{"@id":"https:\/\/www.eldigitaldeasturias.com\/noticias\/berlusconi-acusa-a-los-italianos-de-haber-votado-muy-mal\/#organizationLogo"},"sameAs":["https:\/\/facebook.com\/eldigitaldeasturias","https:\/\/www.youtube.com\/channel\/UCZP-2wLEB9Rv6erhFmqVnvg"],"address":{"@id":"https:\/\/www.eldigitaldeasturias.com\/noticias\/#postaladdress","@type":"PostalAddress","streetAddress":"san antonio 4","postalCode":"33430","addressLocality":"Cand\u00e1s","addressRegion":"Asturias","addressCountry":"ES"}},{"@type":"Person","@id":"https:\/\/www.eldigitaldeasturias.com\/noticias\/author\/admin\/#author","url":"https:\/\/www.eldigitaldeasturias.com\/noticias\/author\/admin\/","name":"El Digital de Asturias","image":{"@type":"ImageObject","@id":"https:\/\/www.eldigitaldeasturias.com\/noticias\/berlusconi-acusa-a-los-italianos-de-haber-votado-muy-mal\/#authorImage","url":"https:\/\/secure.gravatar.com\/avatar\/df2aeffc32bcd13f8d26072ef8a91b623d677766deac7f97ca815868cd41bf5e?s=96&d=mm&r=g","width":96,"height":96,"caption":"El Digital de Asturias"}},{"@type":"WebPage","@id":"https:\/\/www.eldigitaldeasturias.com\/noticias\/berlusconi-acusa-a-los-italianos-de-haber-votado-muy-mal\/#webpage","url":"https:\/\/www.eldigitaldeasturias.com\/noticias\/berlusconi-acusa-a-los-italianos-de-haber-votado-muy-mal\/","name":"Berlusconi acusa a los italianos de haber votado \u00abmuy mal\u00bb - El Digital de Asturias","description":"Roma, 20 abr (dpa) - El ex primer ministro italiano Silvio Berlusconi afirm\u00f3 hoy que los ciudadanos \"votaron muy mal\" en las elecciones generales celebradas el pasado 4 de marzo, que alumbraron un Parlamento en el que ning\u00fan partido o ninguna alianza tiene mayor\u00eda. \"Ustedes conocen la historia. Hay un gran l\u00edo y debo decir","inLanguage":"es-ES","isPartOf":{"@id":"https:\/\/www.eldigitaldeasturias.com\/noticias\/#website"},"breadcrumb":{"@id":"https:\/\/www.eldigitaldeasturias.com\/noticias\/berlusconi-acusa-a-los-italianos-de-haber-votado-muy-mal\/#breadcrumblist"},"author":{"@id":"https:\/\/www.eldigitaldeasturias.com\/noticias\/author\/admin\/#author"},"creator":{"@id":"https:\/\/www.eldigitaldeasturias.com\/noticias\/author\/admin\/#author"},"image":{"@type":"ImageObject","url":785345,"@id":"https:\/\/www.eldigitaldeasturias.com\/noticias\/berlusconi-acusa-a-los-italianos-de-haber-votado-muy-mal\/#mainImage"},"primaryImageOfPage":{"@id":"https:\/\/www.eldigitaldeasturias.com\/noticias\/berlusconi-acusa-a-los-italianos-de-haber-votado-muy-mal\/#mainImage"},"datePublished":"2018-04-21T23:20:31+02:00","dateModified":"2018-04-21T23:20:31+02:00"},{"@type":"WebSite","@id":"https:\/\/www.eldigitaldeasturias.com\/noticias\/#website","url":"https:\/\/www.eldigitaldeasturias.com\/noticias\/","name":"El Digital de Asturias - Diario de actualidad y noticias","alternateName":"El Digital de Asturias - Diario de actualidad y noticias","description":"Hemeroteca","inLanguage":"es-ES","publisher":{"@id":"https:\/\/www.eldigitaldeasturias.com\/noticias\/#organization"}}]},"og:locale":"es_ES","og:site_name":"El Digital de Asturias","og:type":"article","og:title":"Berlusconi acusa a los italianos de haber votado \u00abmuy mal\u00bb - El Digital de Asturias","og:description":"Roma, 20 abr (dpa) - El ex primer ministro italiano Silvio Berlusconi afirm\u00f3 hoy que los ciudadanos &quot;votaron muy mal&quot; en las elecciones generales celebradas el pasado 4 de marzo, que alumbraron un Parlamento en el que ning\u00fan partido o ninguna alianza tiene mayor\u00eda. &quot;Ustedes conocen la historia. Hay un gran l\u00edo y debo decir","og:url":"https:\/\/www.eldigitaldeasturias.com\/noticias\/berlusconi-acusa-a-los-italianos-de-haber-votado-muy-mal\/","article:tag":["actualidad"],"article:published_time":"2018-04-21T23:20:31+00:00","article:modified_time":"2018-04-21T23:20:31+00:00","article:publisher":"https:\/\/facebook.com\/eldigitaldeasturias","twitter:card":"summary_large_image","twitter:title":"Berlusconi acusa a los italianos de haber votado \u00abmuy mal\u00bb - El Digital de Asturias","twitter:description":"Roma, 20 abr (dpa) - El ex primer ministro italiano Silvio Berlusconi afirm\u00f3 hoy que los ciudadanos &quot;votaron muy mal&quot; en las elecciones generales celebradas el pasado 4 de marzo, que alumbraron un Parlamento en el que ning\u00fan partido o ninguna alianza tiene mayor\u00eda. &quot;Ustedes conocen la historia. Hay un gran l\u00edo y debo decir","twitter:image":"https:\/\/www.eldigitaldeasturias.com\/noticias\/wp-content\/uploads\/2020\/12\/EDA-1.jpg","twitter:label1":"Escrito por","twitter:data1":"El Digital de Asturias","twitter:label2":"Tiempo de lectura estimado","twitter:data2":"2 minutos"},"aioseo_meta_data":{"post_id":"976836","title":null,"description":null,"keywords":null,"keyphrases":null,"primary_term":null,"canonical_url":null,"og_title":null,"og_description":null,"og_object_type":"default","og_image_type":"default","og_image_url":null,"og_image_width":null,"og_image_height":null,"og_image_custom_url":null,"og_image_custom_fields":null,"og_video":null,"og_custom_url":null,"og_article_section":null,"og_article_tags":null,"twitter_use_og":false,"twitter_card":"default","twitter_image_type":"default","twitter_image_url":null,"twitter_image_custom_url":null,"twitter_image_custom_fields":null,"twitter_title":null,"twitter_description":null,"schema":{"blockGraphs":[],"customGraphs":[],"default":{"data":{"Article":[],"Course":[],"Dataset":[],"FAQPage":[],"Movie":[],"Person":[],"Product":[],"ProductReview":[],"Car":[],"Recipe":[],"Service":[],"SoftwareApplication":[],"WebPage":[]},"graphName":"","isEnabled":true},"graphs":[],"defaultGraph":"","defaultPostTypeGraph":""},"schema_type":null,"schema_type_options":null,"pillar_content":false,"robots_default":true,"robots_noindex":false,"robots_noarchive":false,"robots_nosnippet":false,"robots_nofollow":false,"robots_noimageindex":false,"robots_noodp":false,"robots_notranslate":false,"robots_max_snippet":null,"robots_max_videopreview":null,"robots_max_imagepreview":"large","priority":null,"frequency":null,"local_seo":null,"seo_analyzer_scan_date":"2025-10-08 05:15:58","breadcrumb_settings":null,"limit_modified_date":false,"open_ai":null,"ai":null,"created":"2020-12-21 12:06:39","updated":"2025-10-08 05:15:58","focus_keyword":null,"additional_keywords":null,"truseo_locale":null},"aioseo_breadcrumb":"<div class=\"aioseo-breadcrumbs\"><span class=\"aioseo-breadcrumb\">\n\t<a href=\"https:\/\/www.eldigitaldeasturias.com\/noticias\" title=\"Home\">Home<\/a>\n<\/span><span class=\"aioseo-breadcrumb-separator\">\u2013<\/span><span class=\"aioseo-breadcrumb\">\n\t<a href=\"https:\/\/www.eldigitaldeasturias.com\/noticias\/category\/actualidad\/\" title=\"Actualidad\">Actualidad<\/a>\n<\/span><span class=\"aioseo-breadcrumb-separator\">\u2013<\/span><span class=\"aioseo-breadcrumb\">\n\t<a href=\"https:\/\/www.eldigitaldeasturias.com\/noticias\/berlusconi-acusa-a-los-italianos-de-haber-votado-muy-mal\/\" title=\"Berlusconi acusa a los italianos de haber votado \u00abmuy mal\u00bb\">Berlusconi acusa a los italianos de haber votado \u00abmuy mal\u00bb<\/a>\n<\/span><\/div>","aioseo_breadcrumb_json":[{"label":"Home","link":"https:\/\/www.eldigitaldeasturias.com\/noticias"},{"label":"Actualidad","link":"https:\/\/www.eldigitaldeasturias.com\/noticias\/category\/actualidad\/"},{"label":"Berlusconi acusa a los italianos de haber votado \u00abmuy mal\u00bb","link":"https:\/\/www.eldigitaldeasturias.com\/noticias\/berlusconi-acusa-a-los-italianos-de-haber-votado-muy-mal\/"}],"_links":{"self":[{"href":"https:\/\/www.eldigitaldeasturias.com\/noticias\/wp-json\/wp\/v2\/posts\/976836","targetHints":{"allow":["GET"]}}],"collection":[{"href":"https:\/\/www.eldigitaldeasturias.com\/noticias\/wp-json\/wp\/v2\/posts"}],"about":[{"href":"https:\/\/www.eldigitaldeasturias.com\/noticias\/wp-json\/wp\/v2\/types\/post"}],"author":[{"embeddable":true,"href":"https:\/\/www.eldigitaldeasturias.com\/noticias\/wp-json\/wp\/v2\/users\/1"}],"replies":[{"embeddable":true,"href":"https:\/\/www.eldigitaldeasturias.com\/noticias\/wp-json\/wp\/v2\/comments?post=976836"}],"version-history":[{"count":0,"href":"https:\/\/www.eldigitaldeasturias.com\/noticias\/wp-json\/wp\/v2\/posts\/976836\/revisions"}],"wp:attachment":[{"href":"https:\/\/www.eldigitaldeasturias.com\/noticias\/wp-json\/wp\/v2\/media?parent=976836"}],"wp:term":[{"taxonomy":"category","embeddable":true,"href":"https:\/\/www.eldigitaldeasturias.com\/noticias\/wp-json\/wp\/v2\/categories?post=976836"},{"taxonomy":"post_tag","embeddable":true,"href":"https:\/\/www.eldigitaldeasturias.com\/noticias\/wp-json\/wp\/v2\/tags?post=976836"}],"curies":[{"name":"wp","href":"https:\/\/api.w.org\/{rel}","templated":true}]}}