{"id":976821,"date":"2018-04-21T22:53:39","date_gmt":"2018-04-21T22:53:39","guid":{"rendered":"http:\/\/www.eldigitaldeasturias.com\/noticias\/?p=976821"},"modified":"2018-04-21T22:53:39","modified_gmt":"2018-04-21T22:53:39","slug":"ocho-claves-para-conocer-paraguay-y-enmarcar-las-elecciones-generales","status":"publish","type":"post","link":"https:\/\/www.eldigitaldeasturias.com\/noticias\/ocho-claves-para-conocer-paraguay-y-enmarcar-las-elecciones-generales\/","title":{"rendered":"Ocho claves para conocer Paraguay y enmarcar las elecciones generales"},"content":{"rendered":"<p><img loading=\"lazy\" decoding=\"async\" class=\"alignleft size-medium wp-image-976822\" src=\"https:\/\/www.eldigitaldeasturias.com\/noticias\/wp-content\/uploads\/2018\/04\/flag-2529009_960_720-360x270.jpg\" alt=\"\" width=\"360\" height=\"270\" \/>Asunci\u00f3n, 20 abr (dpa) \u2013 Paraguay celebrar\u00e1 este domingo unas elecciones generales en las que una alianza de oposici\u00f3n de amplio espectro intentar\u00e1 arrebatar el poder al conservador Partido Colorado, tras d\u00e9cadas de Gobierno casi ininterrumpido.<\/p>\n<p>A continuaci\u00f3n, algunas datos y curiosidades para conocer m\u00e1s a fondo este pa\u00eds sudamericano y entender el contexto en el que se enmarca el proceso electoral:<\/p>\n<p>&#8211; SU POBLACI\u00d3N EST\u00c1 COMPUESTA CASI EN PARTES IGUALES POR MUJERES Y HOMBRES: De los casi 7 millones de habitantes del Paraguay, 50,5 por ciento son hombres y 49,5 son mujeres. Esta proporci\u00f3n casi id\u00e9ntica entre ambos sexos dista mucho de la relaci\u00f3n de siete mujeres por cada hombre del per\u00edodo posterior a la Guerra de la Tripe Alianza (1864-1870) que acab\u00f3 con gran parte de la poblaci\u00f3n masculina de entonces. Actualmente, se vende en los mercados el \u201canillo de los siete ramales\u201d, en alusi\u00f3n al gran abanico de mujeres disponible para los hombres de aquella \u00e9poca. Esa desproporci\u00f3n es citada tambi\u00e9n por quienes hoy intentan explicar la etiqueta de infieles que popularmente se les atribuye a los hombres paraguayos.<\/p>\n<p>&#8211; TIENE DOS IDIOMAS OFICIALES, EL ESPA\u00d1OL Y EL GUARAN\u00cd: Paraguay es el \u00fanico pa\u00eds de Am\u00e9rica donde la mayor\u00eda de la poblaci\u00f3n habla una misma lengua ind\u00edgena. El idioma guaran\u00ed se imparte en las escuelas primarias y secundarias. A pesar de ser idioma oficial, las pr\u00f3ximas elecciones generales del 22 de abril ser\u00e1n las primeras en las que se podr\u00e1 votar en esta lengua. El 63,88 por ciento de la poblaci\u00f3n es biling\u00fce y casi un 8 por ciento habla s\u00f3lo guaran\u00ed. En lo cotidiano, el paraguayo va mezclando continuamente ambos idiomas. Se dice que el guaran\u00ed, heredado de la poblaci\u00f3n ind\u00edgena originaria, puede ser el idioma m\u00e1s dulce y m\u00e1s agresivo del mundo. Ser\u00e1 por eso que los paraguayos lo prefieren al momento de insultar.<\/p>\n<p>&#8211; GRAN PARTE DE SU POBLACI\u00d3N VIVE EN EL CAMPO: El 40 por ciento de la poblaci\u00f3n vive en zonas rurales, donde la tierra se conserva en manos de pocos y se destina mayoritariamente al cultivo de soja, con lo cual el pa\u00eds tiene que importar el 90 por ciento de los vegetales que consume. Acampadas y ocupaci\u00f3n de predios son algunas de las medidas que el campesinado pone en pr\u00e1ctica para demandar la distribuci\u00f3n de tierras en este pa\u00eds de 406.752 kil\u00f3metros cuadrados (apenas m\u00e1s grande que Jap\u00f3n). Una de estas ocupaciones pas\u00f3 a la historia como la tragedia de Curuguaty. Ocurri\u00f3 en 2012, dej\u00f3 17 muertos y propici\u00f3 la destituci\u00f3n del entonces presidente Fernando Lugo, bajo acusaciones de ser responsable pol\u00edtico de lo ocurrido.<\/p>\n<p>&#8211; ES UNO DE LOS MAYORES PRODUCTORES DE CANNABIS DEL MUNDO: Con un estimado de entre 6.000 y 7.000 hect\u00e1reas sembradas de este cultivo, Paraguay es el cuarto productor mundial y el segundo de Am\u00e9rica Latina, por detr\u00e1s de M\u00e9xico, seg\u00fan datos de las Naciones Unidas. Se calcula que el 80 por ciento de la producci\u00f3n se vende a organizaciones criminales brasile\u00f1as, que se encargan de su distribuci\u00f3n internacional. Parad\u00f3jicamente, menos del 1% de la poblaci\u00f3n paraguaya consume marihuana, seg\u00fan estimaciones del Gobierno nacional.<\/p>\n<p>&#8211; ES UNO DE LOS PRINCIPALES PRODUCTORES DE ENERG\u00cdA EL\u00c9CTRICA PER C\u00c1PITA A NIVEL MUNDIAL: La capacidad de producci\u00f3n de energ\u00eda el\u00e9ctrica (pr\u00f3xima a 60.000 GWh\/ a\u00f1o) es una de las mayores del mundo en cuanto a generaci\u00f3n el\u00e9ctrica por habitante (9.000 kWh por habitante). El 85 por ciento se exporta, principalmente a Argentina y Brasil, socios en las centrales hidroel\u00e9ctricas de Yaciret\u00e1 e Itap\u00fa, respectivamente. Estos tres pa\u00edses son, junto a Uruguay, los socios fundadores del Mercosur. En materia energ\u00e9tica, Paraguay tiene que importar todos los combustibles derivados del petr\u00f3leo que consume. La \u00faltima refiner\u00eda que ten\u00eda cerr\u00f3 en 2005.<\/p>\n<p>&#8211; LOS CONSERVADORES HAN EJERCIDO HIST\u00d3RICAMENTE EL PODER: La conservadora Asociaci\u00f3n Nacional Republicana-Partido Colorado (ANR) ha gobernado el pa\u00eds durante d\u00e9cadas, a excepci\u00f3n de un breve lapso entre 2008 y 2012 en el que Fernando Lugo encabez\u00f3 un Gobierno progresista de coalici\u00f3n. Los colorados se identifican con un pa\u00f1uelo rojo, que sus partidarios llevan y defienden como la camiseta de su equipo de f\u00fatbol. Y emulando ese deporte, se enfrentan visceralmente con los azules del Partido Liberal Radical Aut\u00e9ntico (PLRA), de centro derecha. Este partido buscar\u00e1 de la mano del Frente Guas\u00fa, de Lugo, arrebatarle el poder a los colorados el 22 de abril.<\/p>\n<p>&#8211; ATRAVES\u00d3 UNA SANGRIENTA DICTADURA MILITAR: Fue entre 1954 y 1989, bajo el liderazgo de Alfredo Stroessner y dej\u00f3 425 ejecutados o desaparecidos y casi 20.000 detenidos, en su gran mayor\u00eda v\u00edctimas de tortura, seg\u00fan la Comisi\u00f3n de Verdad y Justicia de Paraguay. A\u00fan hoy se buscan restos de desaparecidos.<\/p>\n<p>&#8211; EN SU TERRITORIO OPERA UN GRUPO GUERRILLERO: Se trata del Ej\u00e9rcito del Pueblo Paraguayo (EPP), un grupo de inspiraci\u00f3n marxista que no tiene m\u00e1s de diez a\u00f1os de antig\u00fcedad y que reivindica mejores condiciones de vida para la poblaci\u00f3n empobrecida. Alrededor del 30 por ciento de los paraguayos vive en pobreza o extrema pobreza. El EPP opera principalmente cerca de la frontera con Brasil, donde realiza incursiones armadas y secuestros. Las autoridades le endilgan el asesinato de 21 militares, 13 polic\u00edas y 27 civiles desde 2008.<\/p>\n","protected":false},"excerpt":{"rendered":"<p>Asunci\u00f3n, 20 abr (dpa) \u2013 Paraguay celebrar\u00e1 este domingo unas elecciones generales en las que una alianza de oposici\u00f3n de amplio espectro intentar\u00e1 arrebatar el poder al conservador Partido Colorado, tras d\u00e9cadas de Gobierno casi ininterrumpido. A continuaci\u00f3n, algunas datos y curiosidades para conocer m\u00e1s a fondo este pa\u00eds sudamericano y entender el contexto en [&hellip;]<\/p>\n","protected":false},"author":1,"featured_media":976822,"comment_status":"closed","ping_status":"closed","sticky":false,"template":"","format":"standard","meta":{"footnotes":""},"categories":[1],"tags":[],"class_list":["post-976821","post","type-post","status-publish","format-standard","has-post-thumbnail","hentry","category-actualidad"],"aioseo_notices":[],"aioseo_head":"\n\t\t<!-- All in One SEO Pro 5.0.1 - aioseo.com -->\n\t<meta name=\"description\" content=\"Asunci\u00f3n, 20 abr (dpa) \u2013 Paraguay celebrar\u00e1 este domingo unas elecciones generales en las que una alianza de oposici\u00f3n de amplio espectro intentar\u00e1 arrebatar el poder al conservador Partido Colorado, tras d\u00e9cadas de Gobierno casi ininterrumpido. A continuaci\u00f3n, algunas datos y curiosidades para conocer m\u00e1s a fondo este pa\u00eds sudamericano y entender el contexto en\" \/>\n\t<meta name=\"robots\" content=\"max-image-preview:large\" \/>\n\t<meta name=\"author\" content=\"El Digital de Asturias\"\/>\n\t<meta name=\"google-site-verification\" content=\"UA-38556648-1\" \/>\n\t<meta name=\"msvalidate.01\" content=\"7dfe9f3f1b24437ab69f4f2559babe99\" \/>\n\t<meta name=\"keywords\" content=\"actualidad\" \/>\n\t<link rel=\"canonical\" href=\"https:\/\/www.eldigitaldeasturias.com\/noticias\/ocho-claves-para-conocer-paraguay-y-enmarcar-las-elecciones-generales\/\" \/>\n\t<meta name=\"generator\" content=\"All in One SEO Pro (AIOSEO) 5.0.1\" \/>\n\t\t<meta property=\"og:locale\" content=\"es_ES\" \/>\n\t\t<meta property=\"og:site_name\" content=\"El Digital de Asturias\" \/>\n\t\t<meta property=\"og:type\" content=\"article\" \/>\n\t\t<meta property=\"og:title\" content=\"Ocho claves para conocer Paraguay y enmarcar las elecciones generales - El Digital de Asturias\" \/>\n\t\t<meta property=\"og:description\" content=\"Asunci\u00f3n, 20 abr (dpa) \u2013 Paraguay celebrar\u00e1 este domingo unas elecciones generales en las que una alianza de oposici\u00f3n de amplio espectro intentar\u00e1 arrebatar el poder al conservador Partido Colorado, tras d\u00e9cadas de Gobierno casi ininterrumpido. A continuaci\u00f3n, algunas datos y curiosidades para conocer m\u00e1s a fondo este pa\u00eds sudamericano y entender el contexto en\" \/>\n\t\t<meta property=\"og:url\" content=\"https:\/\/www.eldigitaldeasturias.com\/noticias\/ocho-claves-para-conocer-paraguay-y-enmarcar-las-elecciones-generales\/\" \/>\n\t\t<meta property=\"article:tag\" content=\"actualidad\" \/>\n\t\t<meta property=\"article:published_time\" content=\"2018-04-21T22:53:39+00:00\" \/>\n\t\t<meta property=\"article:modified_time\" content=\"2018-04-21T22:53:39+00:00\" \/>\n\t\t<meta property=\"article:publisher\" content=\"https:\/\/facebook.com\/eldigitaldeasturias\" \/>\n\t\t<meta name=\"twitter:card\" content=\"summary_large_image\" \/>\n\t\t<meta name=\"twitter:title\" content=\"Ocho claves para conocer Paraguay y enmarcar las elecciones generales - El Digital de Asturias\" \/>\n\t\t<meta name=\"twitter:description\" content=\"Asunci\u00f3n, 20 abr (dpa) \u2013 Paraguay celebrar\u00e1 este domingo unas elecciones generales en las que una alianza de oposici\u00f3n de amplio espectro intentar\u00e1 arrebatar el poder al conservador Partido Colorado, tras d\u00e9cadas de Gobierno casi ininterrumpido. A continuaci\u00f3n, algunas datos y curiosidades para conocer m\u00e1s a fondo este pa\u00eds sudamericano y entender el contexto en\" \/>\n\t\t<meta name=\"twitter:image\" content=\"https:\/\/www.eldigitaldeasturias.com\/noticias\/wp-content\/uploads\/2020\/12\/EDA-1.jpg\" \/>\n\t\t<meta name=\"twitter:label1\" content=\"Escrito por\" \/>\n\t\t<meta name=\"twitter:data1\" content=\"El Digital de Asturias\" \/>\n\t\t<meta name=\"twitter:label2\" content=\"Tiempo de lectura estimado\" \/>\n\t\t<meta name=\"twitter:data2\" content=\"5 minutos\" \/>\n\t\t<script type=\"application\/ld+json\" class=\"aioseo-schema\">\n\t\t\t{\"@context\":\"https:\\\/\\\/schema.org\",\"@graph\":[{\"@type\":\"BlogPosting\",\"@id\":\"https:\\\/\\\/www.eldigitaldeasturias.com\\\/noticias\\\/ocho-claves-para-conocer-paraguay-y-enmarcar-las-elecciones-generales\\\/#blogposting\",\"name\":\"Ocho claves para conocer Paraguay y enmarcar las elecciones generales - El Digital de Asturias\",\"headline\":\"Ocho claves para conocer Paraguay y enmarcar las elecciones generales\",\"author\":{\"@id\":\"https:\\\/\\\/www.eldigitaldeasturias.com\\\/noticias\\\/author\\\/admin\\\/#author\"},\"publisher\":{\"@id\":\"https:\\\/\\\/www.eldigitaldeasturias.com\\\/noticias\\\/#organization\"},\"image\":{\"@type\":\"ImageObject\",\"url\":976822},\"datePublished\":\"2018-04-21T22:53:39+02:00\",\"dateModified\":\"2018-04-21T22:53:39+02:00\",\"inLanguage\":\"es-ES\",\"mainEntityOfPage\":{\"@id\":\"https:\\\/\\\/www.eldigitaldeasturias.com\\\/noticias\\\/ocho-claves-para-conocer-paraguay-y-enmarcar-las-elecciones-generales\\\/#webpage\"},\"isPartOf\":{\"@id\":\"https:\\\/\\\/www.eldigitaldeasturias.com\\\/noticias\\\/ocho-claves-para-conocer-paraguay-y-enmarcar-las-elecciones-generales\\\/#webpage\"},\"articleSection\":\"Actualidad\"},{\"@type\":\"BreadcrumbList\",\"@id\":\"https:\\\/\\\/www.eldigitaldeasturias.com\\\/noticias\\\/ocho-claves-para-conocer-paraguay-y-enmarcar-las-elecciones-generales\\\/#breadcrumblist\",\"itemListElement\":[{\"@type\":\"ListItem\",\"@id\":\"https:\\\/\\\/www.eldigitaldeasturias.com\\\/noticias#listItem\",\"position\":1,\"name\":\"Home\",\"item\":\"https:\\\/\\\/www.eldigitaldeasturias.com\\\/noticias\",\"nextItem\":{\"@type\":\"ListItem\",\"@id\":\"https:\\\/\\\/www.eldigitaldeasturias.com\\\/noticias\\\/category\\\/actualidad\\\/#listItem\",\"name\":\"Actualidad\"}},{\"@type\":\"ListItem\",\"@id\":\"https:\\\/\\\/www.eldigitaldeasturias.com\\\/noticias\\\/category\\\/actualidad\\\/#listItem\",\"position\":2,\"name\":\"Actualidad\",\"item\":\"https:\\\/\\\/www.eldigitaldeasturias.com\\\/noticias\\\/category\\\/actualidad\\\/\",\"nextItem\":{\"@type\":\"ListItem\",\"@id\":\"https:\\\/\\\/www.eldigitaldeasturias.com\\\/noticias\\\/ocho-claves-para-conocer-paraguay-y-enmarcar-las-elecciones-generales\\\/#listItem\",\"name\":\"Ocho claves para conocer Paraguay y enmarcar las elecciones generales\"},\"previousItem\":{\"@type\":\"ListItem\",\"@id\":\"https:\\\/\\\/www.eldigitaldeasturias.com\\\/noticias#listItem\",\"name\":\"Home\"}},{\"@type\":\"ListItem\",\"@id\":\"https:\\\/\\\/www.eldigitaldeasturias.com\\\/noticias\\\/ocho-claves-para-conocer-paraguay-y-enmarcar-las-elecciones-generales\\\/#listItem\",\"position\":3,\"name\":\"Ocho claves para conocer Paraguay y enmarcar las elecciones generales\",\"previousItem\":{\"@type\":\"ListItem\",\"@id\":\"https:\\\/\\\/www.eldigitaldeasturias.com\\\/noticias\\\/category\\\/actualidad\\\/#listItem\",\"name\":\"Actualidad\"}}]},{\"@type\":\"Organization\",\"@id\":\"https:\\\/\\\/www.eldigitaldeasturias.com\\\/noticias\\\/#organization\",\"name\":\"El Digital de Asturias\",\"description\":\"Hemeroteca\",\"url\":\"https:\\\/\\\/www.eldigitaldeasturias.com\\\/noticias\\\/\",\"email\":\"info@eldigitaldeasturias.com\",\"telephone\":\"+34652131393\",\"logo\":{\"@type\":\"ImageObject\",\"url\":\"https:\\\/\\\/www.eldigitaldeasturias.com\\\/noticias\\\/wp-content\\\/uploads\\\/2020\\\/12\\\/EDA.jpg\",\"@id\":\"https:\\\/\\\/www.eldigitaldeasturias.com\\\/noticias\\\/ocho-claves-para-conocer-paraguay-y-enmarcar-las-elecciones-generales\\\/#organizationLogo\"},\"image\":{\"@id\":\"https:\\\/\\\/www.eldigitaldeasturias.com\\\/noticias\\\/ocho-claves-para-conocer-paraguay-y-enmarcar-las-elecciones-generales\\\/#organizationLogo\"},\"sameAs\":[\"https:\\\/\\\/facebook.com\\\/eldigitaldeasturias\",\"https:\\\/\\\/www.youtube.com\\\/channel\\\/UCZP-2wLEB9Rv6erhFmqVnvg\"],\"address\":{\"@id\":\"https:\\\/\\\/www.eldigitaldeasturias.com\\\/noticias\\\/#postaladdress\",\"@type\":\"PostalAddress\",\"streetAddress\":\"san antonio 4\",\"postalCode\":\"33430\",\"addressLocality\":\"Cand\\u00e1s\",\"addressRegion\":\"Asturias\",\"addressCountry\":\"ES\"}},{\"@type\":\"Person\",\"@id\":\"https:\\\/\\\/www.eldigitaldeasturias.com\\\/noticias\\\/author\\\/admin\\\/#author\",\"url\":\"https:\\\/\\\/www.eldigitaldeasturias.com\\\/noticias\\\/author\\\/admin\\\/\",\"name\":\"El Digital de Asturias\",\"image\":{\"@type\":\"ImageObject\",\"@id\":\"https:\\\/\\\/www.eldigitaldeasturias.com\\\/noticias\\\/ocho-claves-para-conocer-paraguay-y-enmarcar-las-elecciones-generales\\\/#authorImage\",\"url\":\"https:\\\/\\\/secure.gravatar.com\\\/avatar\\\/df2aeffc32bcd13f8d26072ef8a91b623d677766deac7f97ca815868cd41bf5e?s=96&d=mm&r=g\",\"width\":96,\"height\":96,\"caption\":\"El Digital de Asturias\"}},{\"@type\":\"WebPage\",\"@id\":\"https:\\\/\\\/www.eldigitaldeasturias.com\\\/noticias\\\/ocho-claves-para-conocer-paraguay-y-enmarcar-las-elecciones-generales\\\/#webpage\",\"url\":\"https:\\\/\\\/www.eldigitaldeasturias.com\\\/noticias\\\/ocho-claves-para-conocer-paraguay-y-enmarcar-las-elecciones-generales\\\/\",\"name\":\"Ocho claves para conocer Paraguay y enmarcar las elecciones generales - El Digital de Asturias\",\"description\":\"Asunci\\u00f3n, 20 abr (dpa) \\u2013 Paraguay celebrar\\u00e1 este domingo unas elecciones generales en las que una alianza de oposici\\u00f3n de amplio espectro intentar\\u00e1 arrebatar el poder al conservador Partido Colorado, tras d\\u00e9cadas de Gobierno casi ininterrumpido. A continuaci\\u00f3n, algunas datos y curiosidades para conocer m\\u00e1s a fondo este pa\\u00eds sudamericano y entender el contexto en\",\"inLanguage\":\"es-ES\",\"isPartOf\":{\"@id\":\"https:\\\/\\\/www.eldigitaldeasturias.com\\\/noticias\\\/#website\"},\"breadcrumb\":{\"@id\":\"https:\\\/\\\/www.eldigitaldeasturias.com\\\/noticias\\\/ocho-claves-para-conocer-paraguay-y-enmarcar-las-elecciones-generales\\\/#breadcrumblist\"},\"author\":{\"@id\":\"https:\\\/\\\/www.eldigitaldeasturias.com\\\/noticias\\\/author\\\/admin\\\/#author\"},\"creator\":{\"@id\":\"https:\\\/\\\/www.eldigitaldeasturias.com\\\/noticias\\\/author\\\/admin\\\/#author\"},\"image\":{\"@type\":\"ImageObject\",\"url\":976822,\"@id\":\"https:\\\/\\\/www.eldigitaldeasturias.com\\\/noticias\\\/ocho-claves-para-conocer-paraguay-y-enmarcar-las-elecciones-generales\\\/#mainImage\"},\"primaryImageOfPage\":{\"@id\":\"https:\\\/\\\/www.eldigitaldeasturias.com\\\/noticias\\\/ocho-claves-para-conocer-paraguay-y-enmarcar-las-elecciones-generales\\\/#mainImage\"},\"datePublished\":\"2018-04-21T22:53:39+02:00\",\"dateModified\":\"2018-04-21T22:53:39+02:00\"},{\"@type\":\"WebSite\",\"@id\":\"https:\\\/\\\/www.eldigitaldeasturias.com\\\/noticias\\\/#website\",\"url\":\"https:\\\/\\\/www.eldigitaldeasturias.com\\\/noticias\\\/\",\"name\":\"El Digital de Asturias - Diario de actualidad y noticias\",\"alternateName\":\"El Digital de Asturias - Diario de actualidad y noticias\",\"description\":\"Hemeroteca\",\"inLanguage\":\"es-ES\",\"publisher\":{\"@id\":\"https:\\\/\\\/www.eldigitaldeasturias.com\\\/noticias\\\/#organization\"}}]}\n\t\t<\/script>\n\t\t<!-- All in One SEO Pro -->\r\n\t\t<title>Ocho claves para conocer Paraguay y enmarcar las elecciones generales - El Digital de Asturias<\/title>\n\n","aioseo_head_json":{"title":"Ocho claves para conocer Paraguay y enmarcar las elecciones generales - El Digital de Asturias","description":"Asunci\u00f3n, 20 abr (dpa) \u2013 Paraguay celebrar\u00e1 este domingo unas elecciones generales en las que una alianza de oposici\u00f3n de amplio espectro intentar\u00e1 arrebatar el poder al conservador Partido Colorado, tras d\u00e9cadas de Gobierno casi ininterrumpido. A continuaci\u00f3n, algunas datos y curiosidades para conocer m\u00e1s a fondo este pa\u00eds sudamericano y entender el contexto en","canonical_url":"https:\/\/www.eldigitaldeasturias.com\/noticias\/ocho-claves-para-conocer-paraguay-y-enmarcar-las-elecciones-generales\/","robots":"max-image-preview:large","keywords":"actualidad","webmasterTools":{"google-site-verification":"UA-38556648-1","msvalidate.01":"7dfe9f3f1b24437ab69f4f2559babe99","miscellaneous":""},"schema":{"@context":"https:\/\/schema.org","@graph":[{"@type":"BlogPosting","@id":"https:\/\/www.eldigitaldeasturias.com\/noticias\/ocho-claves-para-conocer-paraguay-y-enmarcar-las-elecciones-generales\/#blogposting","name":"Ocho claves para conocer Paraguay y enmarcar las elecciones generales - El Digital de Asturias","headline":"Ocho claves para conocer Paraguay y enmarcar las elecciones generales","author":{"@id":"https:\/\/www.eldigitaldeasturias.com\/noticias\/author\/admin\/#author"},"publisher":{"@id":"https:\/\/www.eldigitaldeasturias.com\/noticias\/#organization"},"image":{"@type":"ImageObject","url":976822},"datePublished":"2018-04-21T22:53:39+02:00","dateModified":"2018-04-21T22:53:39+02:00","inLanguage":"es-ES","mainEntityOfPage":{"@id":"https:\/\/www.eldigitaldeasturias.com\/noticias\/ocho-claves-para-conocer-paraguay-y-enmarcar-las-elecciones-generales\/#webpage"},"isPartOf":{"@id":"https:\/\/www.eldigitaldeasturias.com\/noticias\/ocho-claves-para-conocer-paraguay-y-enmarcar-las-elecciones-generales\/#webpage"},"articleSection":"Actualidad"},{"@type":"BreadcrumbList","@id":"https:\/\/www.eldigitaldeasturias.com\/noticias\/ocho-claves-para-conocer-paraguay-y-enmarcar-las-elecciones-generales\/#breadcrumblist","itemListElement":[{"@type":"ListItem","@id":"https:\/\/www.eldigitaldeasturias.com\/noticias#listItem","position":1,"name":"Home","item":"https:\/\/www.eldigitaldeasturias.com\/noticias","nextItem":{"@type":"ListItem","@id":"https:\/\/www.eldigitaldeasturias.com\/noticias\/category\/actualidad\/#listItem","name":"Actualidad"}},{"@type":"ListItem","@id":"https:\/\/www.eldigitaldeasturias.com\/noticias\/category\/actualidad\/#listItem","position":2,"name":"Actualidad","item":"https:\/\/www.eldigitaldeasturias.com\/noticias\/category\/actualidad\/","nextItem":{"@type":"ListItem","@id":"https:\/\/www.eldigitaldeasturias.com\/noticias\/ocho-claves-para-conocer-paraguay-y-enmarcar-las-elecciones-generales\/#listItem","name":"Ocho claves para conocer Paraguay y enmarcar las elecciones generales"},"previousItem":{"@type":"ListItem","@id":"https:\/\/www.eldigitaldeasturias.com\/noticias#listItem","name":"Home"}},{"@type":"ListItem","@id":"https:\/\/www.eldigitaldeasturias.com\/noticias\/ocho-claves-para-conocer-paraguay-y-enmarcar-las-elecciones-generales\/#listItem","position":3,"name":"Ocho claves para conocer Paraguay y enmarcar las elecciones generales","previousItem":{"@type":"ListItem","@id":"https:\/\/www.eldigitaldeasturias.com\/noticias\/category\/actualidad\/#listItem","name":"Actualidad"}}]},{"@type":"Organization","@id":"https:\/\/www.eldigitaldeasturias.com\/noticias\/#organization","name":"El Digital de Asturias","description":"Hemeroteca","url":"https:\/\/www.eldigitaldeasturias.com\/noticias\/","email":"info@eldigitaldeasturias.com","telephone":"+34652131393","logo":{"@type":"ImageObject","url":"https:\/\/www.eldigitaldeasturias.com\/noticias\/wp-content\/uploads\/2020\/12\/EDA.jpg","@id":"https:\/\/www.eldigitaldeasturias.com\/noticias\/ocho-claves-para-conocer-paraguay-y-enmarcar-las-elecciones-generales\/#organizationLogo"},"image":{"@id":"https:\/\/www.eldigitaldeasturias.com\/noticias\/ocho-claves-para-conocer-paraguay-y-enmarcar-las-elecciones-generales\/#organizationLogo"},"sameAs":["https:\/\/facebook.com\/eldigitaldeasturias","https:\/\/www.youtube.com\/channel\/UCZP-2wLEB9Rv6erhFmqVnvg"],"address":{"@id":"https:\/\/www.eldigitaldeasturias.com\/noticias\/#postaladdress","@type":"PostalAddress","streetAddress":"san antonio 4","postalCode":"33430","addressLocality":"Cand\u00e1s","addressRegion":"Asturias","addressCountry":"ES"}},{"@type":"Person","@id":"https:\/\/www.eldigitaldeasturias.com\/noticias\/author\/admin\/#author","url":"https:\/\/www.eldigitaldeasturias.com\/noticias\/author\/admin\/","name":"El Digital de Asturias","image":{"@type":"ImageObject","@id":"https:\/\/www.eldigitaldeasturias.com\/noticias\/ocho-claves-para-conocer-paraguay-y-enmarcar-las-elecciones-generales\/#authorImage","url":"https:\/\/secure.gravatar.com\/avatar\/df2aeffc32bcd13f8d26072ef8a91b623d677766deac7f97ca815868cd41bf5e?s=96&d=mm&r=g","width":96,"height":96,"caption":"El Digital de Asturias"}},{"@type":"WebPage","@id":"https:\/\/www.eldigitaldeasturias.com\/noticias\/ocho-claves-para-conocer-paraguay-y-enmarcar-las-elecciones-generales\/#webpage","url":"https:\/\/www.eldigitaldeasturias.com\/noticias\/ocho-claves-para-conocer-paraguay-y-enmarcar-las-elecciones-generales\/","name":"Ocho claves para conocer Paraguay y enmarcar las elecciones generales - El Digital de Asturias","description":"Asunci\u00f3n, 20 abr (dpa) \u2013 Paraguay celebrar\u00e1 este domingo unas elecciones generales en las que una alianza de oposici\u00f3n de amplio espectro intentar\u00e1 arrebatar el poder al conservador Partido Colorado, tras d\u00e9cadas de Gobierno casi ininterrumpido. A continuaci\u00f3n, algunas datos y curiosidades para conocer m\u00e1s a fondo este pa\u00eds sudamericano y entender el contexto en","inLanguage":"es-ES","isPartOf":{"@id":"https:\/\/www.eldigitaldeasturias.com\/noticias\/#website"},"breadcrumb":{"@id":"https:\/\/www.eldigitaldeasturias.com\/noticias\/ocho-claves-para-conocer-paraguay-y-enmarcar-las-elecciones-generales\/#breadcrumblist"},"author":{"@id":"https:\/\/www.eldigitaldeasturias.com\/noticias\/author\/admin\/#author"},"creator":{"@id":"https:\/\/www.eldigitaldeasturias.com\/noticias\/author\/admin\/#author"},"image":{"@type":"ImageObject","url":976822,"@id":"https:\/\/www.eldigitaldeasturias.com\/noticias\/ocho-claves-para-conocer-paraguay-y-enmarcar-las-elecciones-generales\/#mainImage"},"primaryImageOfPage":{"@id":"https:\/\/www.eldigitaldeasturias.com\/noticias\/ocho-claves-para-conocer-paraguay-y-enmarcar-las-elecciones-generales\/#mainImage"},"datePublished":"2018-04-21T22:53:39+02:00","dateModified":"2018-04-21T22:53:39+02:00"},{"@type":"WebSite","@id":"https:\/\/www.eldigitaldeasturias.com\/noticias\/#website","url":"https:\/\/www.eldigitaldeasturias.com\/noticias\/","name":"El Digital de Asturias - Diario de actualidad y noticias","alternateName":"El Digital de Asturias - Diario de actualidad y noticias","description":"Hemeroteca","inLanguage":"es-ES","publisher":{"@id":"https:\/\/www.eldigitaldeasturias.com\/noticias\/#organization"}}]},"og:locale":"es_ES","og:site_name":"El Digital de Asturias","og:type":"article","og:title":"Ocho claves para conocer Paraguay y enmarcar las elecciones generales - El Digital de Asturias","og:description":"Asunci\u00f3n, 20 abr (dpa) \u2013 Paraguay celebrar\u00e1 este domingo unas elecciones generales en las que una alianza de oposici\u00f3n de amplio espectro intentar\u00e1 arrebatar el poder al conservador Partido Colorado, tras d\u00e9cadas de Gobierno casi ininterrumpido. A continuaci\u00f3n, algunas datos y curiosidades para conocer m\u00e1s a fondo este pa\u00eds sudamericano y entender el contexto en","og:url":"https:\/\/www.eldigitaldeasturias.com\/noticias\/ocho-claves-para-conocer-paraguay-y-enmarcar-las-elecciones-generales\/","article:tag":["actualidad"],"article:published_time":"2018-04-21T22:53:39+00:00","article:modified_time":"2018-04-21T22:53:39+00:00","article:publisher":"https:\/\/facebook.com\/eldigitaldeasturias","twitter:card":"summary_large_image","twitter:title":"Ocho claves para conocer Paraguay y enmarcar las elecciones generales - El Digital de Asturias","twitter:description":"Asunci\u00f3n, 20 abr (dpa) \u2013 Paraguay celebrar\u00e1 este domingo unas elecciones generales en las que una alianza de oposici\u00f3n de amplio espectro intentar\u00e1 arrebatar el poder al conservador Partido Colorado, tras d\u00e9cadas de Gobierno casi ininterrumpido. A continuaci\u00f3n, algunas datos y curiosidades para conocer m\u00e1s a fondo este pa\u00eds sudamericano y entender el contexto en","twitter:image":"https:\/\/www.eldigitaldeasturias.com\/noticias\/wp-content\/uploads\/2020\/12\/EDA-1.jpg","twitter:label1":"Escrito por","twitter:data1":"El Digital de Asturias","twitter:label2":"Tiempo de lectura estimado","twitter:data2":"5 minutos"},"aioseo_meta_data":{"post_id":"976821","title":null,"description":null,"keywords":null,"keyphrases":null,"primary_term":null,"canonical_url":null,"og_title":null,"og_description":null,"og_object_type":"default","og_image_type":"default","og_image_url":null,"og_image_width":null,"og_image_height":null,"og_image_custom_url":null,"og_image_custom_fields":null,"og_video":null,"og_custom_url":null,"og_article_section":null,"og_article_tags":null,"twitter_use_og":false,"twitter_card":"default","twitter_image_type":"default","twitter_image_url":null,"twitter_image_custom_url":null,"twitter_image_custom_fields":null,"twitter_title":null,"twitter_description":null,"schema":{"blockGraphs":[],"customGraphs":[],"default":{"data":{"Article":[],"Course":[],"Dataset":[],"FAQPage":[],"Movie":[],"Person":[],"Product":[],"ProductReview":[],"Car":[],"Recipe":[],"Service":[],"SoftwareApplication":[],"WebPage":[]},"graphName":"","isEnabled":true},"graphs":[],"defaultGraph":"","defaultPostTypeGraph":""},"schema_type":null,"schema_type_options":null,"pillar_content":false,"robots_default":true,"robots_noindex":false,"robots_noarchive":false,"robots_nosnippet":false,"robots_nofollow":false,"robots_noimageindex":false,"robots_noodp":false,"robots_notranslate":false,"robots_max_snippet":null,"robots_max_videopreview":null,"robots_max_imagepreview":"large","priority":null,"frequency":null,"local_seo":null,"seo_analyzer_scan_date":"2025-10-08 05:12:01","breadcrumb_settings":null,"limit_modified_date":false,"open_ai":null,"ai":null,"created":"2020-12-21 11:01:36","updated":"2025-10-08 05:12:01","focus_keyword":null,"additional_keywords":null,"truseo_locale":null},"aioseo_breadcrumb":"<div class=\"aioseo-breadcrumbs\"><span class=\"aioseo-breadcrumb\">\n\t<a href=\"https:\/\/www.eldigitaldeasturias.com\/noticias\" title=\"Home\">Home<\/a>\n<\/span><span class=\"aioseo-breadcrumb-separator\">\u2013<\/span><span class=\"aioseo-breadcrumb\">\n\t<a href=\"https:\/\/www.eldigitaldeasturias.com\/noticias\/category\/actualidad\/\" title=\"Actualidad\">Actualidad<\/a>\n<\/span><span class=\"aioseo-breadcrumb-separator\">\u2013<\/span><span class=\"aioseo-breadcrumb\">\n\t<a href=\"https:\/\/www.eldigitaldeasturias.com\/noticias\/ocho-claves-para-conocer-paraguay-y-enmarcar-las-elecciones-generales\/\" title=\"Ocho claves para conocer Paraguay y enmarcar las elecciones generales\">Ocho claves para conocer Paraguay y enmarcar las elecciones generales<\/a>\n<\/span><\/div>","aioseo_breadcrumb_json":[{"label":"Home","link":"https:\/\/www.eldigitaldeasturias.com\/noticias"},{"label":"Actualidad","link":"https:\/\/www.eldigitaldeasturias.com\/noticias\/category\/actualidad\/"},{"label":"Ocho claves para conocer Paraguay y enmarcar las elecciones generales","link":"https:\/\/www.eldigitaldeasturias.com\/noticias\/ocho-claves-para-conocer-paraguay-y-enmarcar-las-elecciones-generales\/"}],"_links":{"self":[{"href":"https:\/\/www.eldigitaldeasturias.com\/noticias\/wp-json\/wp\/v2\/posts\/976821","targetHints":{"allow":["GET"]}}],"collection":[{"href":"https:\/\/www.eldigitaldeasturias.com\/noticias\/wp-json\/wp\/v2\/posts"}],"about":[{"href":"https:\/\/www.eldigitaldeasturias.com\/noticias\/wp-json\/wp\/v2\/types\/post"}],"author":[{"embeddable":true,"href":"https:\/\/www.eldigitaldeasturias.com\/noticias\/wp-json\/wp\/v2\/users\/1"}],"replies":[{"embeddable":true,"href":"https:\/\/www.eldigitaldeasturias.com\/noticias\/wp-json\/wp\/v2\/comments?post=976821"}],"version-history":[{"count":0,"href":"https:\/\/www.eldigitaldeasturias.com\/noticias\/wp-json\/wp\/v2\/posts\/976821\/revisions"}],"wp:attachment":[{"href":"https:\/\/www.eldigitaldeasturias.com\/noticias\/wp-json\/wp\/v2\/media?parent=976821"}],"wp:term":[{"taxonomy":"category","embeddable":true,"href":"https:\/\/www.eldigitaldeasturias.com\/noticias\/wp-json\/wp\/v2\/categories?post=976821"},{"taxonomy":"post_tag","embeddable":true,"href":"https:\/\/www.eldigitaldeasturias.com\/noticias\/wp-json\/wp\/v2\/tags?post=976821"}],"curies":[{"name":"wp","href":"https:\/\/api.w.org\/{rel}","templated":true}]}}