{"id":976749,"date":"2018-04-20T15:38:24","date_gmt":"2018-04-20T15:38:24","guid":{"rendered":"http:\/\/www.eldigitaldeasturias.com\/noticias\/?p=976749"},"modified":"2018-04-20T15:38:24","modified_gmt":"2018-04-20T15:38:24","slug":"pedro-sanchez-eta-fue-derrotada-por-la-democracia-espanola-hace-tiempo","status":"publish","type":"post","link":"https:\/\/www.eldigitaldeasturias.com\/noticias\/pedro-sanchez-eta-fue-derrotada-por-la-democracia-espanola-hace-tiempo\/","title":{"rendered":"Pedro S\u00e1nchez: \u00abETA fue derrotada por la democracia espa\u00f1ola hace tiempo\u00bb"},"content":{"rendered":"<p><img loading=\"lazy\" decoding=\"async\" class=\"alignleft size-medium wp-image-793321\" src=\"https:\/\/www.eldigitaldeasturias.com\/noticias\/wp-content\/uploads\/2015\/07\/pedro-sanchez-360x240.jpg\" alt=\"\" width=\"360\" height=\"240\" \/>El secretario general, Pedro S\u00e1nchez, asegur\u00f3 hoy que el comunicado de ETA en el que lamenta el da\u00f1o causado y pide perd\u00f3n a las v\u00edctimas es \u201cel reconocimiento por parte de la banda terrorista de que fue derrotada por la democracia espa\u00f1ola\u201d. \u201cHan tardado en reconocerlo, pero al final la realidad se ha impuesto y la realidad es que ETA fue derrotada por la democracia espa\u00f1ola hace tiempo cuando anunciaron el fin de la violencia y dejaron de matar, es decir, en octubre de 2011\u201d, se\u00f1al\u00f3 S\u00e1nchez en una rueda de prensa en Ferraz.<\/p>\n<p>A su juicio, \u201cesta victoria de la democracia es una victoria amarga, porque a lo largo de estas d\u00e9cadas de combate de la democracia espa\u00f1ola frente al totalitarismo de ETA hemos dejado atr\u00e1s a mucha gente: cientos de personas que fueron asesinadas por ETA, otros tantos familiares o personas que de manera directa o indirecta sufrieron el terrorismo de ETA, o personas que todav\u00eda sufren las secuelas de los atentados\u201d.<\/p>\n<p>V\u00edctimas todas ellas que \u201cno merec\u00edan sufrir el zarpazo de la sinraz\u00f3n de ETA\u201d y que \u201csaben que cuentan con el abrigo, el apoyo, el amparo y, desde luego, tambi\u00e9n el reconocimiento y el respeto del Partido Socialista Obrero Espa\u00f1ol y del conjunto de la sociedad espa\u00f1ola ante su sufrimiento\u201d.<\/p>\n<p>\u201cMi recuerdo, en nombre del PSOE, a las v\u00edctimas del terrorismo; a sus familiares; a los concejales y concejalas del Pa\u00eds Vasco que sufrieron en primera persona la presi\u00f3n de ETA por defender los valores de todos; a los Cuerpos y Fuerzas de Seguridad del Estado; a los jueces y fiscales que lucharon contra ETA; a los militantes de todos los partidos pol\u00edticos que vieron caer a compa\u00f1eros suyos por defender el modelo de sociedad de todos y todas; a los compa\u00f1eros y compa\u00f1eras socialistas de Euskadi, porque estuvieron en primera l\u00ednea defendiendo los valores de la paz y la libertad, y tambi\u00e9n al conjunto de la ciudadan\u00eda espa\u00f1ola\u201d.<\/p>\n<p>El secretario general quiso recordar tambi\u00e9n especialmente la figura de tres personas \u201cque lideraron y culminaron el esfuerzo de generaciones de servidores p\u00fablicos en ese combate de la democracia frente a ETA: el presidente Zapatero, el vicepresidente entonces y ex secretario general del PSOE, Alfredo P\u00e9rez Rubalcaba, y el compa\u00f1ero de la CEF y ex lehendakari, Patxi L\u00f3pez\u201d. \u201cEllos culminaron una tarea de la democracia que dur\u00f3 generaciones y d\u00e9cadas y pusieron fin a la violencia en octubre de 2011\u201d.<\/p>\n<p>En cualquier caso, y esperando que este comunicado \u201csea el punto y final de ETA\u201d, S\u00e1nchez apunt\u00f3 que \u201cqueda mucho por hacer para los dem\u00f3cratas\u201d. En primer lugar,-dijo- pensando en las generaciones de hoy, \u201clos dem\u00f3cratas tenemos la tarea de que no se reescriba la historia en el Pa\u00eds Vasco\u201d. En segundo lugar, \u201cla izquierda abertzale tiene tambi\u00e9n que reconocer y asumir su responsabilidad\u201d. Y, en tercer lugar, resalt\u00f3 que \u201cla unidad de todos los dem\u00f3cratas frente a la lacra del terrorismo tiene que ser una de las principales lecciones que tenemos que asegurar y fortalecer en el combate que tenemos ahora contra otro tipo de terrorismo, como es el yihadista\u201d.<\/p>\n<p><strong>Caso Cifuentes<\/strong><\/p>\n<p>Respecto al caso Cifuentes, Pedro S\u00e1nchez ha vuelto a exigir hoy a la presidenta de la Asamblea de Madrid \u201cque fije fecha y hora a la moci\u00f3n de censura\u201d presentada por el PSOE, pues no tiene sentido tener pendiente \u201csustanciar\u201d esa moci\u00f3n al Gobierno y que \u201cse est\u00e9n celebrando plenos y aprobando de manera urgente leyes tan importantes como la Ley del Suelo, con el apoyo de PP y Ciudadanos\u201d.<\/p>\n<p>Tambi\u00e9n le ha pedido a Rivera y a Ciudadanos \u201cque reconsideren su posici\u00f3n\u201d porque \u201cdespu\u00e9s de Aguirre, Gonz\u00e1lez y ahora Cifuentes, si algo queda claro es que \u00e9ste no es un problema de nombres, es un problema de siglas. Y que la corrupci\u00f3n del PP no se soluciona buscando un sustituto\u201d a Cifuentes \u201cdel Partido Popular\u201d; \u201cla soluci\u00f3n\u201d pasa por \u201cabrir un nuevo tiempo\u201d, \u201capoyar la moci\u00f3n de censura\u201d y \u201cpermitir que sea \u00c1ngel Gabilondo el presidente de la Comunidad de Madrid\u201d.<\/p>\n<p><strong>Intervenci\u00f3n en el Congreso del SPD<\/strong><\/p>\n<p>S\u00e1nchez se ha referido tambi\u00e9n a su intervenci\u00f3n este domingo en el Congreso de los socialistas alemanes, donde, por un lado, afirmar\u00e1 que \u201cla causa que estamos defendiendo en Catalu\u00f1a\u201d el conjunto de fuerzas pol\u00edticas constitucionales frente al secesionismo \u201ces una causa Europea\u201d y que \u201cel europe\u00edsmo que abraza la socialdemocracia es incluyente, integrador, solidario y reconoce la fuerza y la legitimidad de Estado social y democr\u00e1tico de Derecho\u201d. Tambi\u00e9n que, \u201cl\u00f3gicamente, la izquierda no puede reconocerse\u201d en las ideas del secesionismo; \u201cun sentimiento y una opini\u00f3n que, me consta, es tambi\u00e9n compartido por los compa\u00f1eros del SPD\u201d, subray\u00f3.<\/p>\n","protected":false},"excerpt":{"rendered":"<p>El secretario general, Pedro S\u00e1nchez, asegur\u00f3 hoy que el comunicado de ETA en el que lamenta el da\u00f1o causado y pide perd\u00f3n a las v\u00edctimas es \u201cel reconocimiento por parte de la banda terrorista de que fue derrotada por la democracia espa\u00f1ola\u201d. \u201cHan tardado en reconocerlo, pero al final la realidad se ha impuesto y [&hellip;]<\/p>\n","protected":false},"author":1,"featured_media":793321,"comment_status":"closed","ping_status":"closed","sticky":false,"template":"","format":"standard","meta":{"footnotes":""},"categories":[1],"tags":[],"class_list":["post-976749","post","type-post","status-publish","format-standard","has-post-thumbnail","hentry","category-actualidad"],"aioseo_notices":[],"aioseo_head":"\n\t\t<!-- All in One SEO Pro 5.0.1 - aioseo.com -->\n\t<meta name=\"description\" content=\"El secretario general, Pedro S\u00e1nchez, asegur\u00f3 hoy que el comunicado de ETA en el que lamenta el da\u00f1o causado y pide perd\u00f3n a las v\u00edctimas es \u201cel reconocimiento por parte de la banda terrorista de que fue derrotada por la democracia espa\u00f1ola\u201d. \u201cHan tardado en reconocerlo, pero al final la realidad se ha impuesto y\" \/>\n\t<meta name=\"robots\" content=\"max-image-preview:large\" \/>\n\t<meta name=\"author\" content=\"El Digital de Asturias\"\/>\n\t<meta name=\"google-site-verification\" content=\"UA-38556648-1\" \/>\n\t<meta name=\"msvalidate.01\" content=\"7dfe9f3f1b24437ab69f4f2559babe99\" \/>\n\t<meta name=\"keywords\" content=\"actualidad\" \/>\n\t<link rel=\"canonical\" href=\"https:\/\/www.eldigitaldeasturias.com\/noticias\/pedro-sanchez-eta-fue-derrotada-por-la-democracia-espanola-hace-tiempo\/\" \/>\n\t<meta name=\"generator\" content=\"All in One SEO Pro (AIOSEO) 5.0.1\" \/>\n\t\t<meta property=\"og:locale\" content=\"es_ES\" \/>\n\t\t<meta property=\"og:site_name\" content=\"El Digital de Asturias\" \/>\n\t\t<meta property=\"og:type\" content=\"article\" \/>\n\t\t<meta property=\"og:title\" content=\"Pedro S\u00e1nchez: \u00abETA fue derrotada por la democracia espa\u00f1ola hace tiempo\u00bb - El Digital de Asturias\" \/>\n\t\t<meta property=\"og:description\" content=\"El secretario general, Pedro S\u00e1nchez, asegur\u00f3 hoy que el comunicado de ETA en el que lamenta el da\u00f1o causado y pide perd\u00f3n a las v\u00edctimas es \u201cel reconocimiento por parte de la banda terrorista de que fue derrotada por la democracia espa\u00f1ola\u201d. \u201cHan tardado en reconocerlo, pero al final la realidad se ha impuesto y\" \/>\n\t\t<meta property=\"og:url\" content=\"https:\/\/www.eldigitaldeasturias.com\/noticias\/pedro-sanchez-eta-fue-derrotada-por-la-democracia-espanola-hace-tiempo\/\" \/>\n\t\t<meta property=\"article:tag\" content=\"actualidad\" \/>\n\t\t<meta property=\"article:published_time\" content=\"2018-04-20T15:38:24+00:00\" \/>\n\t\t<meta property=\"article:modified_time\" content=\"2018-04-20T15:38:24+00:00\" \/>\n\t\t<meta property=\"article:publisher\" content=\"https:\/\/facebook.com\/eldigitaldeasturias\" \/>\n\t\t<meta name=\"twitter:card\" content=\"summary_large_image\" \/>\n\t\t<meta name=\"twitter:title\" content=\"Pedro S\u00e1nchez: \u00abETA fue derrotada por la democracia espa\u00f1ola hace tiempo\u00bb - El Digital de Asturias\" \/>\n\t\t<meta name=\"twitter:description\" content=\"El secretario general, Pedro S\u00e1nchez, asegur\u00f3 hoy que el comunicado de ETA en el que lamenta el da\u00f1o causado y pide perd\u00f3n a las v\u00edctimas es \u201cel reconocimiento por parte de la banda terrorista de que fue derrotada por la democracia espa\u00f1ola\u201d. \u201cHan tardado en reconocerlo, pero al final la realidad se ha impuesto y\" \/>\n\t\t<meta name=\"twitter:image\" content=\"https:\/\/www.eldigitaldeasturias.com\/noticias\/wp-content\/uploads\/2020\/12\/EDA-1.jpg\" \/>\n\t\t<meta name=\"twitter:label1\" content=\"Escrito por\" \/>\n\t\t<meta name=\"twitter:data1\" content=\"El Digital de Asturias\" \/>\n\t\t<meta name=\"twitter:label2\" content=\"Tiempo de lectura estimado\" \/>\n\t\t<meta name=\"twitter:data2\" content=\"4 minutos\" \/>\n\t\t<script type=\"application\/ld+json\" class=\"aioseo-schema\">\n\t\t\t{\"@context\":\"https:\\\/\\\/schema.org\",\"@graph\":[{\"@type\":\"BlogPosting\",\"@id\":\"https:\\\/\\\/www.eldigitaldeasturias.com\\\/noticias\\\/pedro-sanchez-eta-fue-derrotada-por-la-democracia-espanola-hace-tiempo\\\/#blogposting\",\"name\":\"Pedro S\\u00e1nchez: \\u00abETA fue derrotada por la democracia espa\\u00f1ola hace tiempo\\u00bb - El Digital de Asturias\",\"headline\":\"Pedro S\\u00e1nchez: \\u00abETA fue derrotada por la democracia espa\\u00f1ola hace tiempo\\u00bb\",\"author\":{\"@id\":\"https:\\\/\\\/www.eldigitaldeasturias.com\\\/noticias\\\/author\\\/admin\\\/#author\"},\"publisher\":{\"@id\":\"https:\\\/\\\/www.eldigitaldeasturias.com\\\/noticias\\\/#organization\"},\"image\":{\"@type\":\"ImageObject\",\"url\":793321},\"datePublished\":\"2018-04-20T15:38:24+02:00\",\"dateModified\":\"2018-04-20T15:38:24+02:00\",\"inLanguage\":\"es-ES\",\"mainEntityOfPage\":{\"@id\":\"https:\\\/\\\/www.eldigitaldeasturias.com\\\/noticias\\\/pedro-sanchez-eta-fue-derrotada-por-la-democracia-espanola-hace-tiempo\\\/#webpage\"},\"isPartOf\":{\"@id\":\"https:\\\/\\\/www.eldigitaldeasturias.com\\\/noticias\\\/pedro-sanchez-eta-fue-derrotada-por-la-democracia-espanola-hace-tiempo\\\/#webpage\"},\"articleSection\":\"Actualidad\"},{\"@type\":\"BreadcrumbList\",\"@id\":\"https:\\\/\\\/www.eldigitaldeasturias.com\\\/noticias\\\/pedro-sanchez-eta-fue-derrotada-por-la-democracia-espanola-hace-tiempo\\\/#breadcrumblist\",\"itemListElement\":[{\"@type\":\"ListItem\",\"@id\":\"https:\\\/\\\/www.eldigitaldeasturias.com\\\/noticias#listItem\",\"position\":1,\"name\":\"Home\",\"item\":\"https:\\\/\\\/www.eldigitaldeasturias.com\\\/noticias\",\"nextItem\":{\"@type\":\"ListItem\",\"@id\":\"https:\\\/\\\/www.eldigitaldeasturias.com\\\/noticias\\\/category\\\/actualidad\\\/#listItem\",\"name\":\"Actualidad\"}},{\"@type\":\"ListItem\",\"@id\":\"https:\\\/\\\/www.eldigitaldeasturias.com\\\/noticias\\\/category\\\/actualidad\\\/#listItem\",\"position\":2,\"name\":\"Actualidad\",\"item\":\"https:\\\/\\\/www.eldigitaldeasturias.com\\\/noticias\\\/category\\\/actualidad\\\/\",\"nextItem\":{\"@type\":\"ListItem\",\"@id\":\"https:\\\/\\\/www.eldigitaldeasturias.com\\\/noticias\\\/pedro-sanchez-eta-fue-derrotada-por-la-democracia-espanola-hace-tiempo\\\/#listItem\",\"name\":\"Pedro S\\u00e1nchez: \\u00abETA fue derrotada por la democracia espa\\u00f1ola hace tiempo\\u00bb\"},\"previousItem\":{\"@type\":\"ListItem\",\"@id\":\"https:\\\/\\\/www.eldigitaldeasturias.com\\\/noticias#listItem\",\"name\":\"Home\"}},{\"@type\":\"ListItem\",\"@id\":\"https:\\\/\\\/www.eldigitaldeasturias.com\\\/noticias\\\/pedro-sanchez-eta-fue-derrotada-por-la-democracia-espanola-hace-tiempo\\\/#listItem\",\"position\":3,\"name\":\"Pedro S\\u00e1nchez: \\u00abETA fue derrotada por la democracia espa\\u00f1ola hace tiempo\\u00bb\",\"previousItem\":{\"@type\":\"ListItem\",\"@id\":\"https:\\\/\\\/www.eldigitaldeasturias.com\\\/noticias\\\/category\\\/actualidad\\\/#listItem\",\"name\":\"Actualidad\"}}]},{\"@type\":\"Organization\",\"@id\":\"https:\\\/\\\/www.eldigitaldeasturias.com\\\/noticias\\\/#organization\",\"name\":\"El Digital de Asturias\",\"description\":\"Hemeroteca\",\"url\":\"https:\\\/\\\/www.eldigitaldeasturias.com\\\/noticias\\\/\",\"email\":\"info@eldigitaldeasturias.com\",\"telephone\":\"+34652131393\",\"logo\":{\"@type\":\"ImageObject\",\"url\":\"https:\\\/\\\/www.eldigitaldeasturias.com\\\/noticias\\\/wp-content\\\/uploads\\\/2020\\\/12\\\/EDA.jpg\",\"@id\":\"https:\\\/\\\/www.eldigitaldeasturias.com\\\/noticias\\\/pedro-sanchez-eta-fue-derrotada-por-la-democracia-espanola-hace-tiempo\\\/#organizationLogo\"},\"image\":{\"@id\":\"https:\\\/\\\/www.eldigitaldeasturias.com\\\/noticias\\\/pedro-sanchez-eta-fue-derrotada-por-la-democracia-espanola-hace-tiempo\\\/#organizationLogo\"},\"sameAs\":[\"https:\\\/\\\/facebook.com\\\/eldigitaldeasturias\",\"https:\\\/\\\/www.youtube.com\\\/channel\\\/UCZP-2wLEB9Rv6erhFmqVnvg\"],\"address\":{\"@id\":\"https:\\\/\\\/www.eldigitaldeasturias.com\\\/noticias\\\/#postaladdress\",\"@type\":\"PostalAddress\",\"streetAddress\":\"san antonio 4\",\"postalCode\":\"33430\",\"addressLocality\":\"Cand\\u00e1s\",\"addressRegion\":\"Asturias\",\"addressCountry\":\"ES\"}},{\"@type\":\"Person\",\"@id\":\"https:\\\/\\\/www.eldigitaldeasturias.com\\\/noticias\\\/author\\\/admin\\\/#author\",\"url\":\"https:\\\/\\\/www.eldigitaldeasturias.com\\\/noticias\\\/author\\\/admin\\\/\",\"name\":\"El Digital de Asturias\",\"image\":{\"@type\":\"ImageObject\",\"@id\":\"https:\\\/\\\/www.eldigitaldeasturias.com\\\/noticias\\\/pedro-sanchez-eta-fue-derrotada-por-la-democracia-espanola-hace-tiempo\\\/#authorImage\",\"url\":\"https:\\\/\\\/secure.gravatar.com\\\/avatar\\\/df2aeffc32bcd13f8d26072ef8a91b623d677766deac7f97ca815868cd41bf5e?s=96&d=mm&r=g\",\"width\":96,\"height\":96,\"caption\":\"El Digital de Asturias\"}},{\"@type\":\"WebPage\",\"@id\":\"https:\\\/\\\/www.eldigitaldeasturias.com\\\/noticias\\\/pedro-sanchez-eta-fue-derrotada-por-la-democracia-espanola-hace-tiempo\\\/#webpage\",\"url\":\"https:\\\/\\\/www.eldigitaldeasturias.com\\\/noticias\\\/pedro-sanchez-eta-fue-derrotada-por-la-democracia-espanola-hace-tiempo\\\/\",\"name\":\"Pedro S\\u00e1nchez: \\u00abETA fue derrotada por la democracia espa\\u00f1ola hace tiempo\\u00bb - El Digital de Asturias\",\"description\":\"El secretario general, Pedro S\\u00e1nchez, asegur\\u00f3 hoy que el comunicado de ETA en el que lamenta el da\\u00f1o causado y pide perd\\u00f3n a las v\\u00edctimas es \\u201cel reconocimiento por parte de la banda terrorista de que fue derrotada por la democracia espa\\u00f1ola\\u201d. \\u201cHan tardado en reconocerlo, pero al final la realidad se ha impuesto y\",\"inLanguage\":\"es-ES\",\"isPartOf\":{\"@id\":\"https:\\\/\\\/www.eldigitaldeasturias.com\\\/noticias\\\/#website\"},\"breadcrumb\":{\"@id\":\"https:\\\/\\\/www.eldigitaldeasturias.com\\\/noticias\\\/pedro-sanchez-eta-fue-derrotada-por-la-democracia-espanola-hace-tiempo\\\/#breadcrumblist\"},\"author\":{\"@id\":\"https:\\\/\\\/www.eldigitaldeasturias.com\\\/noticias\\\/author\\\/admin\\\/#author\"},\"creator\":{\"@id\":\"https:\\\/\\\/www.eldigitaldeasturias.com\\\/noticias\\\/author\\\/admin\\\/#author\"},\"image\":{\"@type\":\"ImageObject\",\"url\":793321,\"@id\":\"https:\\\/\\\/www.eldigitaldeasturias.com\\\/noticias\\\/pedro-sanchez-eta-fue-derrotada-por-la-democracia-espanola-hace-tiempo\\\/#mainImage\"},\"primaryImageOfPage\":{\"@id\":\"https:\\\/\\\/www.eldigitaldeasturias.com\\\/noticias\\\/pedro-sanchez-eta-fue-derrotada-por-la-democracia-espanola-hace-tiempo\\\/#mainImage\"},\"datePublished\":\"2018-04-20T15:38:24+02:00\",\"dateModified\":\"2018-04-20T15:38:24+02:00\"},{\"@type\":\"WebSite\",\"@id\":\"https:\\\/\\\/www.eldigitaldeasturias.com\\\/noticias\\\/#website\",\"url\":\"https:\\\/\\\/www.eldigitaldeasturias.com\\\/noticias\\\/\",\"name\":\"El Digital de Asturias - Diario de actualidad y noticias\",\"alternateName\":\"El Digital de Asturias - Diario de actualidad y noticias\",\"description\":\"Hemeroteca\",\"inLanguage\":\"es-ES\",\"publisher\":{\"@id\":\"https:\\\/\\\/www.eldigitaldeasturias.com\\\/noticias\\\/#organization\"}}]}\n\t\t<\/script>\n\t\t<!-- All in One SEO Pro -->\r\n\t\t<title>Pedro S\u00e1nchez: \u00abETA fue derrotada por la democracia espa\u00f1ola hace tiempo\u00bb - El Digital de Asturias<\/title>\n\n","aioseo_head_json":{"title":"Pedro S\u00e1nchez: \u00abETA fue derrotada por la democracia espa\u00f1ola hace tiempo\u00bb - El Digital de Asturias","description":"El secretario general, Pedro S\u00e1nchez, asegur\u00f3 hoy que el comunicado de ETA en el que lamenta el da\u00f1o causado y pide perd\u00f3n a las v\u00edctimas es \u201cel reconocimiento por parte de la banda terrorista de que fue derrotada por la democracia espa\u00f1ola\u201d. \u201cHan tardado en reconocerlo, pero al final la realidad se ha impuesto y","canonical_url":"https:\/\/www.eldigitaldeasturias.com\/noticias\/pedro-sanchez-eta-fue-derrotada-por-la-democracia-espanola-hace-tiempo\/","robots":"max-image-preview:large","keywords":"actualidad","webmasterTools":{"google-site-verification":"UA-38556648-1","msvalidate.01":"7dfe9f3f1b24437ab69f4f2559babe99","miscellaneous":""},"schema":{"@context":"https:\/\/schema.org","@graph":[{"@type":"BlogPosting","@id":"https:\/\/www.eldigitaldeasturias.com\/noticias\/pedro-sanchez-eta-fue-derrotada-por-la-democracia-espanola-hace-tiempo\/#blogposting","name":"Pedro S\u00e1nchez: \u00abETA fue derrotada por la democracia espa\u00f1ola hace tiempo\u00bb - El Digital de Asturias","headline":"Pedro S\u00e1nchez: \u00abETA fue derrotada por la democracia espa\u00f1ola hace tiempo\u00bb","author":{"@id":"https:\/\/www.eldigitaldeasturias.com\/noticias\/author\/admin\/#author"},"publisher":{"@id":"https:\/\/www.eldigitaldeasturias.com\/noticias\/#organization"},"image":{"@type":"ImageObject","url":793321},"datePublished":"2018-04-20T15:38:24+02:00","dateModified":"2018-04-20T15:38:24+02:00","inLanguage":"es-ES","mainEntityOfPage":{"@id":"https:\/\/www.eldigitaldeasturias.com\/noticias\/pedro-sanchez-eta-fue-derrotada-por-la-democracia-espanola-hace-tiempo\/#webpage"},"isPartOf":{"@id":"https:\/\/www.eldigitaldeasturias.com\/noticias\/pedro-sanchez-eta-fue-derrotada-por-la-democracia-espanola-hace-tiempo\/#webpage"},"articleSection":"Actualidad"},{"@type":"BreadcrumbList","@id":"https:\/\/www.eldigitaldeasturias.com\/noticias\/pedro-sanchez-eta-fue-derrotada-por-la-democracia-espanola-hace-tiempo\/#breadcrumblist","itemListElement":[{"@type":"ListItem","@id":"https:\/\/www.eldigitaldeasturias.com\/noticias#listItem","position":1,"name":"Home","item":"https:\/\/www.eldigitaldeasturias.com\/noticias","nextItem":{"@type":"ListItem","@id":"https:\/\/www.eldigitaldeasturias.com\/noticias\/category\/actualidad\/#listItem","name":"Actualidad"}},{"@type":"ListItem","@id":"https:\/\/www.eldigitaldeasturias.com\/noticias\/category\/actualidad\/#listItem","position":2,"name":"Actualidad","item":"https:\/\/www.eldigitaldeasturias.com\/noticias\/category\/actualidad\/","nextItem":{"@type":"ListItem","@id":"https:\/\/www.eldigitaldeasturias.com\/noticias\/pedro-sanchez-eta-fue-derrotada-por-la-democracia-espanola-hace-tiempo\/#listItem","name":"Pedro S\u00e1nchez: \u00abETA fue derrotada por la democracia espa\u00f1ola hace tiempo\u00bb"},"previousItem":{"@type":"ListItem","@id":"https:\/\/www.eldigitaldeasturias.com\/noticias#listItem","name":"Home"}},{"@type":"ListItem","@id":"https:\/\/www.eldigitaldeasturias.com\/noticias\/pedro-sanchez-eta-fue-derrotada-por-la-democracia-espanola-hace-tiempo\/#listItem","position":3,"name":"Pedro S\u00e1nchez: \u00abETA fue derrotada por la democracia espa\u00f1ola hace tiempo\u00bb","previousItem":{"@type":"ListItem","@id":"https:\/\/www.eldigitaldeasturias.com\/noticias\/category\/actualidad\/#listItem","name":"Actualidad"}}]},{"@type":"Organization","@id":"https:\/\/www.eldigitaldeasturias.com\/noticias\/#organization","name":"El Digital de Asturias","description":"Hemeroteca","url":"https:\/\/www.eldigitaldeasturias.com\/noticias\/","email":"info@eldigitaldeasturias.com","telephone":"+34652131393","logo":{"@type":"ImageObject","url":"https:\/\/www.eldigitaldeasturias.com\/noticias\/wp-content\/uploads\/2020\/12\/EDA.jpg","@id":"https:\/\/www.eldigitaldeasturias.com\/noticias\/pedro-sanchez-eta-fue-derrotada-por-la-democracia-espanola-hace-tiempo\/#organizationLogo"},"image":{"@id":"https:\/\/www.eldigitaldeasturias.com\/noticias\/pedro-sanchez-eta-fue-derrotada-por-la-democracia-espanola-hace-tiempo\/#organizationLogo"},"sameAs":["https:\/\/facebook.com\/eldigitaldeasturias","https:\/\/www.youtube.com\/channel\/UCZP-2wLEB9Rv6erhFmqVnvg"],"address":{"@id":"https:\/\/www.eldigitaldeasturias.com\/noticias\/#postaladdress","@type":"PostalAddress","streetAddress":"san antonio 4","postalCode":"33430","addressLocality":"Cand\u00e1s","addressRegion":"Asturias","addressCountry":"ES"}},{"@type":"Person","@id":"https:\/\/www.eldigitaldeasturias.com\/noticias\/author\/admin\/#author","url":"https:\/\/www.eldigitaldeasturias.com\/noticias\/author\/admin\/","name":"El Digital de Asturias","image":{"@type":"ImageObject","@id":"https:\/\/www.eldigitaldeasturias.com\/noticias\/pedro-sanchez-eta-fue-derrotada-por-la-democracia-espanola-hace-tiempo\/#authorImage","url":"https:\/\/secure.gravatar.com\/avatar\/df2aeffc32bcd13f8d26072ef8a91b623d677766deac7f97ca815868cd41bf5e?s=96&d=mm&r=g","width":96,"height":96,"caption":"El Digital de Asturias"}},{"@type":"WebPage","@id":"https:\/\/www.eldigitaldeasturias.com\/noticias\/pedro-sanchez-eta-fue-derrotada-por-la-democracia-espanola-hace-tiempo\/#webpage","url":"https:\/\/www.eldigitaldeasturias.com\/noticias\/pedro-sanchez-eta-fue-derrotada-por-la-democracia-espanola-hace-tiempo\/","name":"Pedro S\u00e1nchez: \u00abETA fue derrotada por la democracia espa\u00f1ola hace tiempo\u00bb - El Digital de Asturias","description":"El secretario general, Pedro S\u00e1nchez, asegur\u00f3 hoy que el comunicado de ETA en el que lamenta el da\u00f1o causado y pide perd\u00f3n a las v\u00edctimas es \u201cel reconocimiento por parte de la banda terrorista de que fue derrotada por la democracia espa\u00f1ola\u201d. \u201cHan tardado en reconocerlo, pero al final la realidad se ha impuesto y","inLanguage":"es-ES","isPartOf":{"@id":"https:\/\/www.eldigitaldeasturias.com\/noticias\/#website"},"breadcrumb":{"@id":"https:\/\/www.eldigitaldeasturias.com\/noticias\/pedro-sanchez-eta-fue-derrotada-por-la-democracia-espanola-hace-tiempo\/#breadcrumblist"},"author":{"@id":"https:\/\/www.eldigitaldeasturias.com\/noticias\/author\/admin\/#author"},"creator":{"@id":"https:\/\/www.eldigitaldeasturias.com\/noticias\/author\/admin\/#author"},"image":{"@type":"ImageObject","url":793321,"@id":"https:\/\/www.eldigitaldeasturias.com\/noticias\/pedro-sanchez-eta-fue-derrotada-por-la-democracia-espanola-hace-tiempo\/#mainImage"},"primaryImageOfPage":{"@id":"https:\/\/www.eldigitaldeasturias.com\/noticias\/pedro-sanchez-eta-fue-derrotada-por-la-democracia-espanola-hace-tiempo\/#mainImage"},"datePublished":"2018-04-20T15:38:24+02:00","dateModified":"2018-04-20T15:38:24+02:00"},{"@type":"WebSite","@id":"https:\/\/www.eldigitaldeasturias.com\/noticias\/#website","url":"https:\/\/www.eldigitaldeasturias.com\/noticias\/","name":"El Digital de Asturias - Diario de actualidad y noticias","alternateName":"El Digital de Asturias - Diario de actualidad y noticias","description":"Hemeroteca","inLanguage":"es-ES","publisher":{"@id":"https:\/\/www.eldigitaldeasturias.com\/noticias\/#organization"}}]},"og:locale":"es_ES","og:site_name":"El Digital de Asturias","og:type":"article","og:title":"Pedro S\u00e1nchez: \u00abETA fue derrotada por la democracia espa\u00f1ola hace tiempo\u00bb - El Digital de Asturias","og:description":"El secretario general, Pedro S\u00e1nchez, asegur\u00f3 hoy que el comunicado de ETA en el que lamenta el da\u00f1o causado y pide perd\u00f3n a las v\u00edctimas es \u201cel reconocimiento por parte de la banda terrorista de que fue derrotada por la democracia espa\u00f1ola\u201d. \u201cHan tardado en reconocerlo, pero al final la realidad se ha impuesto y","og:url":"https:\/\/www.eldigitaldeasturias.com\/noticias\/pedro-sanchez-eta-fue-derrotada-por-la-democracia-espanola-hace-tiempo\/","article:tag":["actualidad"],"article:published_time":"2018-04-20T15:38:24+00:00","article:modified_time":"2018-04-20T15:38:24+00:00","article:publisher":"https:\/\/facebook.com\/eldigitaldeasturias","twitter:card":"summary_large_image","twitter:title":"Pedro S\u00e1nchez: \u00abETA fue derrotada por la democracia espa\u00f1ola hace tiempo\u00bb - El Digital de Asturias","twitter:description":"El secretario general, Pedro S\u00e1nchez, asegur\u00f3 hoy que el comunicado de ETA en el que lamenta el da\u00f1o causado y pide perd\u00f3n a las v\u00edctimas es \u201cel reconocimiento por parte de la banda terrorista de que fue derrotada por la democracia espa\u00f1ola\u201d. \u201cHan tardado en reconocerlo, pero al final la realidad se ha impuesto y","twitter:image":"https:\/\/www.eldigitaldeasturias.com\/noticias\/wp-content\/uploads\/2020\/12\/EDA-1.jpg","twitter:label1":"Escrito por","twitter:data1":"El Digital de Asturias","twitter:label2":"Tiempo de lectura estimado","twitter:data2":"4 minutos"},"aioseo_meta_data":{"post_id":"976749","title":null,"description":null,"keywords":null,"keyphrases":null,"primary_term":null,"canonical_url":null,"og_title":null,"og_description":null,"og_object_type":"default","og_image_type":"default","og_image_url":null,"og_image_width":null,"og_image_height":null,"og_image_custom_url":null,"og_image_custom_fields":null,"og_video":null,"og_custom_url":null,"og_article_section":null,"og_article_tags":null,"twitter_use_og":false,"twitter_card":"default","twitter_image_type":"default","twitter_image_url":null,"twitter_image_custom_url":null,"twitter_image_custom_fields":null,"twitter_title":null,"twitter_description":null,"schema":{"blockGraphs":[],"customGraphs":[],"default":{"data":{"Article":[],"Course":[],"Dataset":[],"FAQPage":[],"Movie":[],"Person":[],"Product":[],"ProductReview":[],"Car":[],"Recipe":[],"Service":[],"SoftwareApplication":[],"WebPage":[]},"graphName":"","isEnabled":true},"graphs":[],"defaultGraph":"","defaultPostTypeGraph":""},"schema_type":null,"schema_type_options":null,"pillar_content":false,"robots_default":true,"robots_noindex":false,"robots_noarchive":false,"robots_nosnippet":false,"robots_nofollow":false,"robots_noimageindex":false,"robots_noodp":false,"robots_notranslate":false,"robots_max_snippet":null,"robots_max_videopreview":null,"robots_max_imagepreview":"large","priority":null,"frequency":null,"local_seo":null,"seo_analyzer_scan_date":"2025-10-08 04:57:11","breadcrumb_settings":null,"limit_modified_date":false,"open_ai":null,"ai":null,"created":"2020-12-21 12:07:37","updated":"2025-10-08 04:57:11","focus_keyword":null,"additional_keywords":null,"truseo_locale":null},"aioseo_breadcrumb":"<div class=\"aioseo-breadcrumbs\"><span class=\"aioseo-breadcrumb\">\n\t<a href=\"https:\/\/www.eldigitaldeasturias.com\/noticias\" title=\"Home\">Home<\/a>\n<\/span><span class=\"aioseo-breadcrumb-separator\">\u2013<\/span><span class=\"aioseo-breadcrumb\">\n\t<a href=\"https:\/\/www.eldigitaldeasturias.com\/noticias\/category\/actualidad\/\" title=\"Actualidad\">Actualidad<\/a>\n<\/span><span class=\"aioseo-breadcrumb-separator\">\u2013<\/span><span class=\"aioseo-breadcrumb\">\n\t<a href=\"https:\/\/www.eldigitaldeasturias.com\/noticias\/pedro-sanchez-eta-fue-derrotada-por-la-democracia-espanola-hace-tiempo\/\" title=\"Pedro S\u00e1nchez: \u00abETA fue derrotada por la democracia espa\u00f1ola hace tiempo\u00bb\">Pedro S\u00e1nchez: \u00abETA fue derrotada por la democracia espa\u00f1ola hace tiempo\u00bb<\/a>\n<\/span><\/div>","aioseo_breadcrumb_json":[{"label":"Home","link":"https:\/\/www.eldigitaldeasturias.com\/noticias"},{"label":"Actualidad","link":"https:\/\/www.eldigitaldeasturias.com\/noticias\/category\/actualidad\/"},{"label":"Pedro S\u00e1nchez: \u00abETA fue derrotada por la democracia espa\u00f1ola hace tiempo\u00bb","link":"https:\/\/www.eldigitaldeasturias.com\/noticias\/pedro-sanchez-eta-fue-derrotada-por-la-democracia-espanola-hace-tiempo\/"}],"_links":{"self":[{"href":"https:\/\/www.eldigitaldeasturias.com\/noticias\/wp-json\/wp\/v2\/posts\/976749","targetHints":{"allow":["GET"]}}],"collection":[{"href":"https:\/\/www.eldigitaldeasturias.com\/noticias\/wp-json\/wp\/v2\/posts"}],"about":[{"href":"https:\/\/www.eldigitaldeasturias.com\/noticias\/wp-json\/wp\/v2\/types\/post"}],"author":[{"embeddable":true,"href":"https:\/\/www.eldigitaldeasturias.com\/noticias\/wp-json\/wp\/v2\/users\/1"}],"replies":[{"embeddable":true,"href":"https:\/\/www.eldigitaldeasturias.com\/noticias\/wp-json\/wp\/v2\/comments?post=976749"}],"version-history":[{"count":0,"href":"https:\/\/www.eldigitaldeasturias.com\/noticias\/wp-json\/wp\/v2\/posts\/976749\/revisions"}],"wp:attachment":[{"href":"https:\/\/www.eldigitaldeasturias.com\/noticias\/wp-json\/wp\/v2\/media?parent=976749"}],"wp:term":[{"taxonomy":"category","embeddable":true,"href":"https:\/\/www.eldigitaldeasturias.com\/noticias\/wp-json\/wp\/v2\/categories?post=976749"},{"taxonomy":"post_tag","embeddable":true,"href":"https:\/\/www.eldigitaldeasturias.com\/noticias\/wp-json\/wp\/v2\/tags?post=976749"}],"curies":[{"name":"wp","href":"https:\/\/api.w.org\/{rel}","templated":true}]}}