{"id":976724,"date":"2018-04-20T06:00:42","date_gmt":"2018-04-20T06:00:42","guid":{"rendered":"http:\/\/www.eldigitaldeasturias.com\/noticias\/?p=976724"},"modified":"2018-04-20T06:00:42","modified_gmt":"2018-04-20T06:00:42","slug":"asume-diaz-canel-del-amamos-a-cuba-de-trump-al-apoyo-de-maduro","status":"publish","type":"post","link":"https:\/\/www.eldigitaldeasturias.com\/noticias\/asume-diaz-canel-del-amamos-a-cuba-de-trump-al-apoyo-de-maduro\/","title":{"rendered":"Asume D\u00edaz-Canel: Del \u00abAmamos a Cuba\u00bb de Trump al apoyo de Maduro"},"content":{"rendered":"<p><img loading=\"lazy\" decoding=\"async\" class=\"alignleft size-medium wp-image-976323\" src=\"https:\/\/www.eldigitaldeasturias.com\/noticias\/wp-content\/uploads\/2018\/04\/city-3245250_960_720-360x240.jpg\" alt=\"\" width=\"360\" height=\"240\" \/>Washington\/Caracas\/La Paz, 19 abr (dpa) &#8211; La designaci\u00f3n de Miguel D\u00edaz-Canel como sucesor de Ra\u00fal Castro en Cuba fue recibida hoy con escepticismo por los cubanos disidentes en Miami, aunque quien sorprendi\u00f3 con sus declaraciones fue el presidente de Estados Unidos, Donald Trump, quien afirm\u00f3: \u00abAmamos a Cuba\u00bb.<\/p>\n<p>Como era de esperar, D\u00edaz-Canel recibi\u00f3 apoyo de pa\u00edses como Venezuela y Bolivia. Aqu\u00ed, las principales reacciones:<\/p>\n<p>DONALD TRUMP: El presidente de Estados Unidos reaccion\u00f3 de una manera que caus\u00f3 cierta sorpresa en su pa\u00eds al ser preguntado por el relevo de Ra\u00fal Castro en Cuba. \u00abAmamos a Cuba. Vamos a ocuparnos de Cuba\u00bb, dijo el mandatario. El Departamento de Estado, por su parte, inst\u00f3 hoy a D\u00edaz-Canel a \u00abdar pasos concretos\u00bb en el respeto de los derechos humanos y las libertades pol\u00edticas y econ\u00f3micas.<\/p>\n<p>CUBANOS DISIDENTES EN MIAMI: La comunidad cubana en Miami coincidi\u00f3 en asegurar que el nuevo presidente de la isla \u00abno gobernara aut\u00f3nomamente\u00bb debido a que para ellos seguir\u00e1 al mando Ra\u00fal Castro. \u00abTristemente el discurso del nuevo presidente fue muy similar al de sus predecesores\u00bb, dijo a dpa el l\u00edder disidente y director del Movimiento Democracia, Ram\u00f3n Sa\u00fal S\u00e1nchez. \u00abTodo va a girar en torno a Ra\u00fal, eso lo sabemos todos\u00bb, sostuvo.<\/p>\n<p>NICOL\u00c1S MADURO: El presidente de Venezuela destac\u00f3 que D\u00edaz-Canel garantiza que la isla seguir\u00e1 siendo libre, soberana y socialista. En un comunicado, la Canciller\u00eda dijo que Maduro y su Gobierno felicitan al pueblo de Cuba por el desarrollo impecable, democr\u00e1tico y participativo de la designaci\u00f3n de sus autoridades legislativas y ejecutivas, que culmin\u00f3 con la elecci\u00f3n de D\u00edaz-Canel como presidente. Se\u00f1ala adem\u00e1s que D\u00edaz-Canel y el pueblo de Cuba cuentan con el apoyo irrestricto de Maduro y la revoluci\u00f3n bolivariana<\/p>\n<p>EVO MORALES: El mandatario boliviano salud\u00f3 la elecci\u00f3n de D\u00edaz-Canel. \u00abEs la garant\u00eda de la profundizaci\u00f3n del legado revolucionario del Cmdte. (comandante) Fidel Castro, su hermano Ra\u00fal y pueblo cubano\u00bb, escribi\u00f3 Morales en Twitter.<\/p>\n<p>ENRIQUE PE\u00d1A NIETO: El presidente de M\u00e9xico felicit\u00f3 al nuevo presidente de Cuba y le dese\u00f3 \u00ablos mejores \u00e9xitos\u00bb en su gesti\u00f3n. \u00abCon las elecciones generales se escribe una nueva p\u00e1gina en la historia de Cuba\u00bb, escribi\u00f3 en Twitter. Las relaciones entre M\u00e9xico y Cuba son fluidas.<\/p>\n<p>EL SALVADOR: El Secretario General del Frente Farabundo Mart\u00ed para la Liberaci\u00f3n Nacional (FMLN) de El Salvador, Medardo G\u00f3nzalez, recibi\u00f3 con benepl\u00e1cito la designaci\u00f3n y asegur\u00f3: \u00abCuba as\u00ed garantiza la continuidad de la revoluci\u00f3n y el socialismo\u00bb.<\/p>\n<p>SERGIO RAM\u00cdREZ: El escritor y pol\u00edtico nicarag\u00fcense Sergio Ram\u00edrez, ganador del Premio Cervantes 2017 y vicepresidente durante la revoluci\u00f3n sandinista (1979-1990), consider\u00f3 que \u00abno se puede hablar de cambio por el momento\u00bb en Cuba pese al final de la era de los Castro en el pa\u00eds. \u00abCon el actual sistema en Cuba, el Gobierno no es m\u00e1s que un asunto subalterno de estructura pol\u00edtica, que sigue intacta. El que gobierna es el partido oficial y no el Gobierno\u00bb, dijo.<\/p>\n","protected":false},"excerpt":{"rendered":"<p>Washington\/Caracas\/La Paz, 19 abr (dpa) &#8211; La designaci\u00f3n de Miguel D\u00edaz-Canel como sucesor de Ra\u00fal Castro en Cuba fue recibida hoy con escepticismo por los cubanos disidentes en Miami, aunque quien sorprendi\u00f3 con sus declaraciones fue el presidente de Estados Unidos, Donald Trump, quien afirm\u00f3: \u00abAmamos a Cuba\u00bb. Como era de esperar, D\u00edaz-Canel recibi\u00f3 apoyo [&hellip;]<\/p>\n","protected":false},"author":1,"featured_media":976323,"comment_status":"closed","ping_status":"closed","sticky":false,"template":"","format":"standard","meta":{"footnotes":""},"categories":[1],"tags":[],"class_list":["post-976724","post","type-post","status-publish","format-standard","has-post-thumbnail","hentry","category-actualidad"],"aioseo_notices":[],"aioseo_head":"\n\t\t<!-- All in One SEO Pro 5.0.1 - aioseo.com -->\n\t<meta name=\"description\" content=\"Washington\/Caracas\/La Paz, 19 abr (dpa) - La designaci\u00f3n de Miguel D\u00edaz-Canel como sucesor de Ra\u00fal Castro en Cuba fue recibida hoy con escepticismo por los cubanos disidentes en Miami, aunque quien sorprendi\u00f3 con sus declaraciones fue el presidente de Estados Unidos, Donald Trump, quien afirm\u00f3: &quot;Amamos a Cuba&quot;. Como era de esperar, D\u00edaz-Canel recibi\u00f3 apoyo\" \/>\n\t<meta name=\"robots\" content=\"max-image-preview:large\" \/>\n\t<meta name=\"author\" content=\"El Digital de Asturias\"\/>\n\t<meta name=\"google-site-verification\" content=\"UA-38556648-1\" \/>\n\t<meta name=\"msvalidate.01\" content=\"7dfe9f3f1b24437ab69f4f2559babe99\" \/>\n\t<meta name=\"keywords\" content=\"actualidad\" \/>\n\t<link rel=\"canonical\" href=\"https:\/\/www.eldigitaldeasturias.com\/noticias\/asume-diaz-canel-del-amamos-a-cuba-de-trump-al-apoyo-de-maduro\/\" \/>\n\t<meta name=\"generator\" content=\"All in One SEO Pro (AIOSEO) 5.0.1\" \/>\n\t\t<meta property=\"og:locale\" content=\"es_ES\" \/>\n\t\t<meta property=\"og:site_name\" content=\"El Digital de Asturias\" \/>\n\t\t<meta property=\"og:type\" content=\"article\" \/>\n\t\t<meta property=\"og:title\" content=\"Asume D\u00edaz-Canel: Del \u00abAmamos a Cuba\u00bb de Trump al apoyo de Maduro - El Digital de Asturias\" \/>\n\t\t<meta property=\"og:description\" content=\"Washington\/Caracas\/La Paz, 19 abr (dpa) - La designaci\u00f3n de Miguel D\u00edaz-Canel como sucesor de Ra\u00fal Castro en Cuba fue recibida hoy con escepticismo por los cubanos disidentes en Miami, aunque quien sorprendi\u00f3 con sus declaraciones fue el presidente de Estados Unidos, Donald Trump, quien afirm\u00f3: &quot;Amamos a Cuba&quot;. Como era de esperar, D\u00edaz-Canel recibi\u00f3 apoyo\" \/>\n\t\t<meta property=\"og:url\" content=\"https:\/\/www.eldigitaldeasturias.com\/noticias\/asume-diaz-canel-del-amamos-a-cuba-de-trump-al-apoyo-de-maduro\/\" \/>\n\t\t<meta property=\"article:tag\" content=\"actualidad\" \/>\n\t\t<meta property=\"article:published_time\" content=\"2018-04-20T06:00:42+00:00\" \/>\n\t\t<meta property=\"article:modified_time\" content=\"2018-04-20T06:00:42+00:00\" \/>\n\t\t<meta property=\"article:publisher\" content=\"https:\/\/facebook.com\/eldigitaldeasturias\" \/>\n\t\t<meta name=\"twitter:card\" content=\"summary_large_image\" \/>\n\t\t<meta name=\"twitter:title\" content=\"Asume D\u00edaz-Canel: Del \u00abAmamos a Cuba\u00bb de Trump al apoyo de Maduro - El Digital de Asturias\" \/>\n\t\t<meta name=\"twitter:description\" content=\"Washington\/Caracas\/La Paz, 19 abr (dpa) - La designaci\u00f3n de Miguel D\u00edaz-Canel como sucesor de Ra\u00fal Castro en Cuba fue recibida hoy con escepticismo por los cubanos disidentes en Miami, aunque quien sorprendi\u00f3 con sus declaraciones fue el presidente de Estados Unidos, Donald Trump, quien afirm\u00f3: &quot;Amamos a Cuba&quot;. Como era de esperar, D\u00edaz-Canel recibi\u00f3 apoyo\" \/>\n\t\t<meta name=\"twitter:image\" content=\"https:\/\/www.eldigitaldeasturias.com\/noticias\/wp-content\/uploads\/2020\/12\/EDA-1.jpg\" \/>\n\t\t<meta name=\"twitter:label1\" content=\"Escrito por\" \/>\n\t\t<meta name=\"twitter:data1\" content=\"El Digital de Asturias\" \/>\n\t\t<meta name=\"twitter:label2\" content=\"Tiempo de lectura estimado\" \/>\n\t\t<meta name=\"twitter:data2\" content=\"3 minutos\" \/>\n\t\t<script type=\"application\/ld+json\" class=\"aioseo-schema\">\n\t\t\t{\"@context\":\"https:\\\/\\\/schema.org\",\"@graph\":[{\"@type\":\"BlogPosting\",\"@id\":\"https:\\\/\\\/www.eldigitaldeasturias.com\\\/noticias\\\/asume-diaz-canel-del-amamos-a-cuba-de-trump-al-apoyo-de-maduro\\\/#blogposting\",\"name\":\"Asume D\\u00edaz-Canel: Del \\u00abAmamos a Cuba\\u00bb de Trump al apoyo de Maduro - El Digital de Asturias\",\"headline\":\"Asume D\\u00edaz-Canel: Del \\u00abAmamos a Cuba\\u00bb de Trump al apoyo de Maduro\",\"author\":{\"@id\":\"https:\\\/\\\/www.eldigitaldeasturias.com\\\/noticias\\\/author\\\/admin\\\/#author\"},\"publisher\":{\"@id\":\"https:\\\/\\\/www.eldigitaldeasturias.com\\\/noticias\\\/#organization\"},\"image\":{\"@type\":\"ImageObject\",\"url\":976323},\"datePublished\":\"2018-04-20T06:00:42+02:00\",\"dateModified\":\"2018-04-20T06:00:42+02:00\",\"inLanguage\":\"es-ES\",\"mainEntityOfPage\":{\"@id\":\"https:\\\/\\\/www.eldigitaldeasturias.com\\\/noticias\\\/asume-diaz-canel-del-amamos-a-cuba-de-trump-al-apoyo-de-maduro\\\/#webpage\"},\"isPartOf\":{\"@id\":\"https:\\\/\\\/www.eldigitaldeasturias.com\\\/noticias\\\/asume-diaz-canel-del-amamos-a-cuba-de-trump-al-apoyo-de-maduro\\\/#webpage\"},\"articleSection\":\"Actualidad\"},{\"@type\":\"BreadcrumbList\",\"@id\":\"https:\\\/\\\/www.eldigitaldeasturias.com\\\/noticias\\\/asume-diaz-canel-del-amamos-a-cuba-de-trump-al-apoyo-de-maduro\\\/#breadcrumblist\",\"itemListElement\":[{\"@type\":\"ListItem\",\"@id\":\"https:\\\/\\\/www.eldigitaldeasturias.com\\\/noticias#listItem\",\"position\":1,\"name\":\"Home\",\"item\":\"https:\\\/\\\/www.eldigitaldeasturias.com\\\/noticias\",\"nextItem\":{\"@type\":\"ListItem\",\"@id\":\"https:\\\/\\\/www.eldigitaldeasturias.com\\\/noticias\\\/category\\\/actualidad\\\/#listItem\",\"name\":\"Actualidad\"}},{\"@type\":\"ListItem\",\"@id\":\"https:\\\/\\\/www.eldigitaldeasturias.com\\\/noticias\\\/category\\\/actualidad\\\/#listItem\",\"position\":2,\"name\":\"Actualidad\",\"item\":\"https:\\\/\\\/www.eldigitaldeasturias.com\\\/noticias\\\/category\\\/actualidad\\\/\",\"nextItem\":{\"@type\":\"ListItem\",\"@id\":\"https:\\\/\\\/www.eldigitaldeasturias.com\\\/noticias\\\/asume-diaz-canel-del-amamos-a-cuba-de-trump-al-apoyo-de-maduro\\\/#listItem\",\"name\":\"Asume D\\u00edaz-Canel: Del \\u00abAmamos a Cuba\\u00bb de Trump al apoyo de Maduro\"},\"previousItem\":{\"@type\":\"ListItem\",\"@id\":\"https:\\\/\\\/www.eldigitaldeasturias.com\\\/noticias#listItem\",\"name\":\"Home\"}},{\"@type\":\"ListItem\",\"@id\":\"https:\\\/\\\/www.eldigitaldeasturias.com\\\/noticias\\\/asume-diaz-canel-del-amamos-a-cuba-de-trump-al-apoyo-de-maduro\\\/#listItem\",\"position\":3,\"name\":\"Asume D\\u00edaz-Canel: Del \\u00abAmamos a Cuba\\u00bb de Trump al apoyo de Maduro\",\"previousItem\":{\"@type\":\"ListItem\",\"@id\":\"https:\\\/\\\/www.eldigitaldeasturias.com\\\/noticias\\\/category\\\/actualidad\\\/#listItem\",\"name\":\"Actualidad\"}}]},{\"@type\":\"Organization\",\"@id\":\"https:\\\/\\\/www.eldigitaldeasturias.com\\\/noticias\\\/#organization\",\"name\":\"El Digital de Asturias\",\"description\":\"Hemeroteca\",\"url\":\"https:\\\/\\\/www.eldigitaldeasturias.com\\\/noticias\\\/\",\"email\":\"info@eldigitaldeasturias.com\",\"telephone\":\"+34652131393\",\"logo\":{\"@type\":\"ImageObject\",\"url\":\"https:\\\/\\\/www.eldigitaldeasturias.com\\\/noticias\\\/wp-content\\\/uploads\\\/2020\\\/12\\\/EDA.jpg\",\"@id\":\"https:\\\/\\\/www.eldigitaldeasturias.com\\\/noticias\\\/asume-diaz-canel-del-amamos-a-cuba-de-trump-al-apoyo-de-maduro\\\/#organizationLogo\"},\"image\":{\"@id\":\"https:\\\/\\\/www.eldigitaldeasturias.com\\\/noticias\\\/asume-diaz-canel-del-amamos-a-cuba-de-trump-al-apoyo-de-maduro\\\/#organizationLogo\"},\"sameAs\":[\"https:\\\/\\\/facebook.com\\\/eldigitaldeasturias\",\"https:\\\/\\\/www.youtube.com\\\/channel\\\/UCZP-2wLEB9Rv6erhFmqVnvg\"],\"address\":{\"@id\":\"https:\\\/\\\/www.eldigitaldeasturias.com\\\/noticias\\\/#postaladdress\",\"@type\":\"PostalAddress\",\"streetAddress\":\"san antonio 4\",\"postalCode\":\"33430\",\"addressLocality\":\"Cand\\u00e1s\",\"addressRegion\":\"Asturias\",\"addressCountry\":\"ES\"}},{\"@type\":\"Person\",\"@id\":\"https:\\\/\\\/www.eldigitaldeasturias.com\\\/noticias\\\/author\\\/admin\\\/#author\",\"url\":\"https:\\\/\\\/www.eldigitaldeasturias.com\\\/noticias\\\/author\\\/admin\\\/\",\"name\":\"El Digital de Asturias\",\"image\":{\"@type\":\"ImageObject\",\"@id\":\"https:\\\/\\\/www.eldigitaldeasturias.com\\\/noticias\\\/asume-diaz-canel-del-amamos-a-cuba-de-trump-al-apoyo-de-maduro\\\/#authorImage\",\"url\":\"https:\\\/\\\/secure.gravatar.com\\\/avatar\\\/df2aeffc32bcd13f8d26072ef8a91b623d677766deac7f97ca815868cd41bf5e?s=96&d=mm&r=g\",\"width\":96,\"height\":96,\"caption\":\"El Digital de Asturias\"}},{\"@type\":\"WebPage\",\"@id\":\"https:\\\/\\\/www.eldigitaldeasturias.com\\\/noticias\\\/asume-diaz-canel-del-amamos-a-cuba-de-trump-al-apoyo-de-maduro\\\/#webpage\",\"url\":\"https:\\\/\\\/www.eldigitaldeasturias.com\\\/noticias\\\/asume-diaz-canel-del-amamos-a-cuba-de-trump-al-apoyo-de-maduro\\\/\",\"name\":\"Asume D\\u00edaz-Canel: Del \\u00abAmamos a Cuba\\u00bb de Trump al apoyo de Maduro - El Digital de Asturias\",\"description\":\"Washington\\\/Caracas\\\/La Paz, 19 abr (dpa) - La designaci\\u00f3n de Miguel D\\u00edaz-Canel como sucesor de Ra\\u00fal Castro en Cuba fue recibida hoy con escepticismo por los cubanos disidentes en Miami, aunque quien sorprendi\\u00f3 con sus declaraciones fue el presidente de Estados Unidos, Donald Trump, quien afirm\\u00f3: \\\"Amamos a Cuba\\\". Como era de esperar, D\\u00edaz-Canel recibi\\u00f3 apoyo\",\"inLanguage\":\"es-ES\",\"isPartOf\":{\"@id\":\"https:\\\/\\\/www.eldigitaldeasturias.com\\\/noticias\\\/#website\"},\"breadcrumb\":{\"@id\":\"https:\\\/\\\/www.eldigitaldeasturias.com\\\/noticias\\\/asume-diaz-canel-del-amamos-a-cuba-de-trump-al-apoyo-de-maduro\\\/#breadcrumblist\"},\"author\":{\"@id\":\"https:\\\/\\\/www.eldigitaldeasturias.com\\\/noticias\\\/author\\\/admin\\\/#author\"},\"creator\":{\"@id\":\"https:\\\/\\\/www.eldigitaldeasturias.com\\\/noticias\\\/author\\\/admin\\\/#author\"},\"image\":{\"@type\":\"ImageObject\",\"url\":976323,\"@id\":\"https:\\\/\\\/www.eldigitaldeasturias.com\\\/noticias\\\/asume-diaz-canel-del-amamos-a-cuba-de-trump-al-apoyo-de-maduro\\\/#mainImage\"},\"primaryImageOfPage\":{\"@id\":\"https:\\\/\\\/www.eldigitaldeasturias.com\\\/noticias\\\/asume-diaz-canel-del-amamos-a-cuba-de-trump-al-apoyo-de-maduro\\\/#mainImage\"},\"datePublished\":\"2018-04-20T06:00:42+02:00\",\"dateModified\":\"2018-04-20T06:00:42+02:00\"},{\"@type\":\"WebSite\",\"@id\":\"https:\\\/\\\/www.eldigitaldeasturias.com\\\/noticias\\\/#website\",\"url\":\"https:\\\/\\\/www.eldigitaldeasturias.com\\\/noticias\\\/\",\"name\":\"El Digital de Asturias - Diario de actualidad y noticias\",\"alternateName\":\"El Digital de Asturias - Diario de actualidad y noticias\",\"description\":\"Hemeroteca\",\"inLanguage\":\"es-ES\",\"publisher\":{\"@id\":\"https:\\\/\\\/www.eldigitaldeasturias.com\\\/noticias\\\/#organization\"}}]}\n\t\t<\/script>\n\t\t<!-- All in One SEO Pro -->\r\n\t\t<title>Asume D\u00edaz-Canel: Del \u00abAmamos a Cuba\u00bb de Trump al apoyo de Maduro - El Digital de Asturias<\/title>\n\n","aioseo_head_json":{"title":"Asume D\u00edaz-Canel: Del \u00abAmamos a Cuba\u00bb de Trump al apoyo de Maduro - El Digital de Asturias","description":"Washington\/Caracas\/La Paz, 19 abr (dpa) - La designaci\u00f3n de Miguel D\u00edaz-Canel como sucesor de Ra\u00fal Castro en Cuba fue recibida hoy con escepticismo por los cubanos disidentes en Miami, aunque quien sorprendi\u00f3 con sus declaraciones fue el presidente de Estados Unidos, Donald Trump, quien afirm\u00f3: \"Amamos a Cuba\". Como era de esperar, D\u00edaz-Canel recibi\u00f3 apoyo","canonical_url":"https:\/\/www.eldigitaldeasturias.com\/noticias\/asume-diaz-canel-del-amamos-a-cuba-de-trump-al-apoyo-de-maduro\/","robots":"max-image-preview:large","keywords":"actualidad","webmasterTools":{"google-site-verification":"UA-38556648-1","msvalidate.01":"7dfe9f3f1b24437ab69f4f2559babe99","miscellaneous":""},"schema":{"@context":"https:\/\/schema.org","@graph":[{"@type":"BlogPosting","@id":"https:\/\/www.eldigitaldeasturias.com\/noticias\/asume-diaz-canel-del-amamos-a-cuba-de-trump-al-apoyo-de-maduro\/#blogposting","name":"Asume D\u00edaz-Canel: Del \u00abAmamos a Cuba\u00bb de Trump al apoyo de Maduro - El Digital de Asturias","headline":"Asume D\u00edaz-Canel: Del \u00abAmamos a Cuba\u00bb de Trump al apoyo de Maduro","author":{"@id":"https:\/\/www.eldigitaldeasturias.com\/noticias\/author\/admin\/#author"},"publisher":{"@id":"https:\/\/www.eldigitaldeasturias.com\/noticias\/#organization"},"image":{"@type":"ImageObject","url":976323},"datePublished":"2018-04-20T06:00:42+02:00","dateModified":"2018-04-20T06:00:42+02:00","inLanguage":"es-ES","mainEntityOfPage":{"@id":"https:\/\/www.eldigitaldeasturias.com\/noticias\/asume-diaz-canel-del-amamos-a-cuba-de-trump-al-apoyo-de-maduro\/#webpage"},"isPartOf":{"@id":"https:\/\/www.eldigitaldeasturias.com\/noticias\/asume-diaz-canel-del-amamos-a-cuba-de-trump-al-apoyo-de-maduro\/#webpage"},"articleSection":"Actualidad"},{"@type":"BreadcrumbList","@id":"https:\/\/www.eldigitaldeasturias.com\/noticias\/asume-diaz-canel-del-amamos-a-cuba-de-trump-al-apoyo-de-maduro\/#breadcrumblist","itemListElement":[{"@type":"ListItem","@id":"https:\/\/www.eldigitaldeasturias.com\/noticias#listItem","position":1,"name":"Home","item":"https:\/\/www.eldigitaldeasturias.com\/noticias","nextItem":{"@type":"ListItem","@id":"https:\/\/www.eldigitaldeasturias.com\/noticias\/category\/actualidad\/#listItem","name":"Actualidad"}},{"@type":"ListItem","@id":"https:\/\/www.eldigitaldeasturias.com\/noticias\/category\/actualidad\/#listItem","position":2,"name":"Actualidad","item":"https:\/\/www.eldigitaldeasturias.com\/noticias\/category\/actualidad\/","nextItem":{"@type":"ListItem","@id":"https:\/\/www.eldigitaldeasturias.com\/noticias\/asume-diaz-canel-del-amamos-a-cuba-de-trump-al-apoyo-de-maduro\/#listItem","name":"Asume D\u00edaz-Canel: Del \u00abAmamos a Cuba\u00bb de Trump al apoyo de Maduro"},"previousItem":{"@type":"ListItem","@id":"https:\/\/www.eldigitaldeasturias.com\/noticias#listItem","name":"Home"}},{"@type":"ListItem","@id":"https:\/\/www.eldigitaldeasturias.com\/noticias\/asume-diaz-canel-del-amamos-a-cuba-de-trump-al-apoyo-de-maduro\/#listItem","position":3,"name":"Asume D\u00edaz-Canel: Del \u00abAmamos a Cuba\u00bb de Trump al apoyo de Maduro","previousItem":{"@type":"ListItem","@id":"https:\/\/www.eldigitaldeasturias.com\/noticias\/category\/actualidad\/#listItem","name":"Actualidad"}}]},{"@type":"Organization","@id":"https:\/\/www.eldigitaldeasturias.com\/noticias\/#organization","name":"El Digital de Asturias","description":"Hemeroteca","url":"https:\/\/www.eldigitaldeasturias.com\/noticias\/","email":"info@eldigitaldeasturias.com","telephone":"+34652131393","logo":{"@type":"ImageObject","url":"https:\/\/www.eldigitaldeasturias.com\/noticias\/wp-content\/uploads\/2020\/12\/EDA.jpg","@id":"https:\/\/www.eldigitaldeasturias.com\/noticias\/asume-diaz-canel-del-amamos-a-cuba-de-trump-al-apoyo-de-maduro\/#organizationLogo"},"image":{"@id":"https:\/\/www.eldigitaldeasturias.com\/noticias\/asume-diaz-canel-del-amamos-a-cuba-de-trump-al-apoyo-de-maduro\/#organizationLogo"},"sameAs":["https:\/\/facebook.com\/eldigitaldeasturias","https:\/\/www.youtube.com\/channel\/UCZP-2wLEB9Rv6erhFmqVnvg"],"address":{"@id":"https:\/\/www.eldigitaldeasturias.com\/noticias\/#postaladdress","@type":"PostalAddress","streetAddress":"san antonio 4","postalCode":"33430","addressLocality":"Cand\u00e1s","addressRegion":"Asturias","addressCountry":"ES"}},{"@type":"Person","@id":"https:\/\/www.eldigitaldeasturias.com\/noticias\/author\/admin\/#author","url":"https:\/\/www.eldigitaldeasturias.com\/noticias\/author\/admin\/","name":"El Digital de Asturias","image":{"@type":"ImageObject","@id":"https:\/\/www.eldigitaldeasturias.com\/noticias\/asume-diaz-canel-del-amamos-a-cuba-de-trump-al-apoyo-de-maduro\/#authorImage","url":"https:\/\/secure.gravatar.com\/avatar\/df2aeffc32bcd13f8d26072ef8a91b623d677766deac7f97ca815868cd41bf5e?s=96&d=mm&r=g","width":96,"height":96,"caption":"El Digital de Asturias"}},{"@type":"WebPage","@id":"https:\/\/www.eldigitaldeasturias.com\/noticias\/asume-diaz-canel-del-amamos-a-cuba-de-trump-al-apoyo-de-maduro\/#webpage","url":"https:\/\/www.eldigitaldeasturias.com\/noticias\/asume-diaz-canel-del-amamos-a-cuba-de-trump-al-apoyo-de-maduro\/","name":"Asume D\u00edaz-Canel: Del \u00abAmamos a Cuba\u00bb de Trump al apoyo de Maduro - El Digital de Asturias","description":"Washington\/Caracas\/La Paz, 19 abr (dpa) - La designaci\u00f3n de Miguel D\u00edaz-Canel como sucesor de Ra\u00fal Castro en Cuba fue recibida hoy con escepticismo por los cubanos disidentes en Miami, aunque quien sorprendi\u00f3 con sus declaraciones fue el presidente de Estados Unidos, Donald Trump, quien afirm\u00f3: \"Amamos a Cuba\". Como era de esperar, D\u00edaz-Canel recibi\u00f3 apoyo","inLanguage":"es-ES","isPartOf":{"@id":"https:\/\/www.eldigitaldeasturias.com\/noticias\/#website"},"breadcrumb":{"@id":"https:\/\/www.eldigitaldeasturias.com\/noticias\/asume-diaz-canel-del-amamos-a-cuba-de-trump-al-apoyo-de-maduro\/#breadcrumblist"},"author":{"@id":"https:\/\/www.eldigitaldeasturias.com\/noticias\/author\/admin\/#author"},"creator":{"@id":"https:\/\/www.eldigitaldeasturias.com\/noticias\/author\/admin\/#author"},"image":{"@type":"ImageObject","url":976323,"@id":"https:\/\/www.eldigitaldeasturias.com\/noticias\/asume-diaz-canel-del-amamos-a-cuba-de-trump-al-apoyo-de-maduro\/#mainImage"},"primaryImageOfPage":{"@id":"https:\/\/www.eldigitaldeasturias.com\/noticias\/asume-diaz-canel-del-amamos-a-cuba-de-trump-al-apoyo-de-maduro\/#mainImage"},"datePublished":"2018-04-20T06:00:42+02:00","dateModified":"2018-04-20T06:00:42+02:00"},{"@type":"WebSite","@id":"https:\/\/www.eldigitaldeasturias.com\/noticias\/#website","url":"https:\/\/www.eldigitaldeasturias.com\/noticias\/","name":"El Digital de Asturias - Diario de actualidad y noticias","alternateName":"El Digital de Asturias - Diario de actualidad y noticias","description":"Hemeroteca","inLanguage":"es-ES","publisher":{"@id":"https:\/\/www.eldigitaldeasturias.com\/noticias\/#organization"}}]},"og:locale":"es_ES","og:site_name":"El Digital de Asturias","og:type":"article","og:title":"Asume D\u00edaz-Canel: Del \u00abAmamos a Cuba\u00bb de Trump al apoyo de Maduro - El Digital de Asturias","og:description":"Washington\/Caracas\/La Paz, 19 abr (dpa) - La designaci\u00f3n de Miguel D\u00edaz-Canel como sucesor de Ra\u00fal Castro en Cuba fue recibida hoy con escepticismo por los cubanos disidentes en Miami, aunque quien sorprendi\u00f3 con sus declaraciones fue el presidente de Estados Unidos, Donald Trump, quien afirm\u00f3: &quot;Amamos a Cuba&quot;. Como era de esperar, D\u00edaz-Canel recibi\u00f3 apoyo","og:url":"https:\/\/www.eldigitaldeasturias.com\/noticias\/asume-diaz-canel-del-amamos-a-cuba-de-trump-al-apoyo-de-maduro\/","article:tag":["actualidad"],"article:published_time":"2018-04-20T06:00:42+00:00","article:modified_time":"2018-04-20T06:00:42+00:00","article:publisher":"https:\/\/facebook.com\/eldigitaldeasturias","twitter:card":"summary_large_image","twitter:title":"Asume D\u00edaz-Canel: Del \u00abAmamos a Cuba\u00bb de Trump al apoyo de Maduro - El Digital de Asturias","twitter:description":"Washington\/Caracas\/La Paz, 19 abr (dpa) - La designaci\u00f3n de Miguel D\u00edaz-Canel como sucesor de Ra\u00fal Castro en Cuba fue recibida hoy con escepticismo por los cubanos disidentes en Miami, aunque quien sorprendi\u00f3 con sus declaraciones fue el presidente de Estados Unidos, Donald Trump, quien afirm\u00f3: &quot;Amamos a Cuba&quot;. Como era de esperar, D\u00edaz-Canel recibi\u00f3 apoyo","twitter:image":"https:\/\/www.eldigitaldeasturias.com\/noticias\/wp-content\/uploads\/2020\/12\/EDA-1.jpg","twitter:label1":"Escrito por","twitter:data1":"El Digital de Asturias","twitter:label2":"Tiempo de lectura estimado","twitter:data2":"3 minutos"},"aioseo_meta_data":{"post_id":"976724","title":null,"description":null,"keywords":null,"keyphrases":null,"primary_term":null,"canonical_url":null,"og_title":null,"og_description":null,"og_object_type":"default","og_image_type":"default","og_image_url":null,"og_image_width":null,"og_image_height":null,"og_image_custom_url":null,"og_image_custom_fields":null,"og_video":null,"og_custom_url":null,"og_article_section":null,"og_article_tags":null,"twitter_use_og":false,"twitter_card":"default","twitter_image_type":"default","twitter_image_url":null,"twitter_image_custom_url":null,"twitter_image_custom_fields":null,"twitter_title":null,"twitter_description":null,"schema":{"blockGraphs":[],"customGraphs":[],"default":{"data":{"Article":[],"Course":[],"Dataset":[],"FAQPage":[],"Movie":[],"Person":[],"Product":[],"ProductReview":[],"Car":[],"Recipe":[],"Service":[],"SoftwareApplication":[],"WebPage":[]},"graphName":"","isEnabled":true},"graphs":[],"defaultGraph":"","defaultPostTypeGraph":""},"schema_type":null,"schema_type_options":null,"pillar_content":false,"robots_default":true,"robots_noindex":false,"robots_noarchive":false,"robots_nosnippet":false,"robots_nofollow":false,"robots_noimageindex":false,"robots_noodp":false,"robots_notranslate":false,"robots_max_snippet":null,"robots_max_videopreview":null,"robots_max_imagepreview":"large","priority":null,"frequency":null,"local_seo":null,"seo_analyzer_scan_date":"2025-10-08 04:51:03","breadcrumb_settings":null,"limit_modified_date":false,"open_ai":null,"ai":null,"created":"2020-12-21 12:07:37","updated":"2025-10-08 04:51:03","focus_keyword":null,"additional_keywords":null,"truseo_locale":null},"aioseo_breadcrumb":"<div class=\"aioseo-breadcrumbs\"><span class=\"aioseo-breadcrumb\">\n\t<a href=\"https:\/\/www.eldigitaldeasturias.com\/noticias\" title=\"Home\">Home<\/a>\n<\/span><span class=\"aioseo-breadcrumb-separator\">\u2013<\/span><span class=\"aioseo-breadcrumb\">\n\t<a href=\"https:\/\/www.eldigitaldeasturias.com\/noticias\/category\/actualidad\/\" title=\"Actualidad\">Actualidad<\/a>\n<\/span><span class=\"aioseo-breadcrumb-separator\">\u2013<\/span><span class=\"aioseo-breadcrumb\">\n\t<a href=\"https:\/\/www.eldigitaldeasturias.com\/noticias\/asume-diaz-canel-del-amamos-a-cuba-de-trump-al-apoyo-de-maduro\/\" title=\"Asume D\u00edaz-Canel: Del \u00abAmamos a Cuba\u00bb de Trump al apoyo de Maduro\">Asume D\u00edaz-Canel: Del \u00abAmamos a Cuba\u00bb de Trump al apoyo de Maduro<\/a>\n<\/span><\/div>","aioseo_breadcrumb_json":[{"label":"Home","link":"https:\/\/www.eldigitaldeasturias.com\/noticias"},{"label":"Actualidad","link":"https:\/\/www.eldigitaldeasturias.com\/noticias\/category\/actualidad\/"},{"label":"Asume D\u00edaz-Canel: Del \u00abAmamos a Cuba\u00bb de Trump al apoyo de Maduro","link":"https:\/\/www.eldigitaldeasturias.com\/noticias\/asume-diaz-canel-del-amamos-a-cuba-de-trump-al-apoyo-de-maduro\/"}],"_links":{"self":[{"href":"https:\/\/www.eldigitaldeasturias.com\/noticias\/wp-json\/wp\/v2\/posts\/976724","targetHints":{"allow":["GET"]}}],"collection":[{"href":"https:\/\/www.eldigitaldeasturias.com\/noticias\/wp-json\/wp\/v2\/posts"}],"about":[{"href":"https:\/\/www.eldigitaldeasturias.com\/noticias\/wp-json\/wp\/v2\/types\/post"}],"author":[{"embeddable":true,"href":"https:\/\/www.eldigitaldeasturias.com\/noticias\/wp-json\/wp\/v2\/users\/1"}],"replies":[{"embeddable":true,"href":"https:\/\/www.eldigitaldeasturias.com\/noticias\/wp-json\/wp\/v2\/comments?post=976724"}],"version-history":[{"count":0,"href":"https:\/\/www.eldigitaldeasturias.com\/noticias\/wp-json\/wp\/v2\/posts\/976724\/revisions"}],"wp:attachment":[{"href":"https:\/\/www.eldigitaldeasturias.com\/noticias\/wp-json\/wp\/v2\/media?parent=976724"}],"wp:term":[{"taxonomy":"category","embeddable":true,"href":"https:\/\/www.eldigitaldeasturias.com\/noticias\/wp-json\/wp\/v2\/categories?post=976724"},{"taxonomy":"post_tag","embeddable":true,"href":"https:\/\/www.eldigitaldeasturias.com\/noticias\/wp-json\/wp\/v2\/tags?post=976724"}],"curies":[{"name":"wp","href":"https:\/\/api.w.org\/{rel}","templated":true}]}}