{"id":976721,"date":"2018-04-20T05:58:23","date_gmt":"2018-04-20T05:58:23","guid":{"rendered":"http:\/\/www.eldigitaldeasturias.com\/noticias\/?p=976721"},"modified":"2018-04-20T05:58:23","modified_gmt":"2018-04-20T05:58:23","slug":"jim-bridenstine-confirmado-por-el-senado-como-nuevo-jefe-de-la-nasa","status":"publish","type":"post","link":"https:\/\/www.eldigitaldeasturias.com\/noticias\/jim-bridenstine-confirmado-por-el-senado-como-nuevo-jefe-de-la-nasa\/","title":{"rendered":"Jim Bridenstine, confirmado por el Senado como nuevo jefe de la NASA"},"content":{"rendered":"<p><img loading=\"lazy\" decoding=\"async\" class=\"alignleft size-medium wp-image-976722\" src=\"https:\/\/www.eldigitaldeasturias.com\/noticias\/wp-content\/uploads\/2018\/04\/nasa-2313267_960_720-360x202.jpg\" alt=\"\" width=\"360\" height=\"202\" \/>Washington, 19 abr (dpa) &#8211; Despu\u00e9s de m\u00e1s de medio a\u00f1o sin un jefe oficial, el Senado de Estados Unidos confirm\u00f3 hoy a Jim Bridenstine al frente de la agencia espacial NASA.<\/p>\n<p>El legislador republicano del estado de Oklahoma hab\u00eda sido propuesto hace casi ocho meses para el cargo por el presidente Donald Trump.<\/p>\n<p>\u00abMe entusiasma trabajar con el maravilloso equipo de la NASA, para lograr la visi\u00f3n del presidente sobre el liderazgo estadounidense en el espacio\u00bb, se\u00f1al\u00f3, y apunt\u00f3 que la confirmaci\u00f3n era un honor para \u00e9l.<\/p>\n<p>Bridenstine ser\u00e1 el sucesor de Charles Bolden, un ex astronauta que renunci\u00f3 a su cargo despu\u00e9s de ocho a\u00f1os al frente de la NASA. El administrador Robert Lightfoot asumi\u00f3 el puesto temporalmente en estos meses.<\/p>\n<p>Los dem\u00f3cratas en el Senado votaron en contra de Bridenstine, al que acusan de tener poca experiencia en el sector aeroespacial.<\/p>\n","protected":false},"excerpt":{"rendered":"<p>Washington, 19 abr (dpa) &#8211; Despu\u00e9s de m\u00e1s de medio a\u00f1o sin un jefe oficial, el Senado de Estados Unidos confirm\u00f3 hoy a Jim Bridenstine al frente de la agencia espacial NASA. El legislador republicano del estado de Oklahoma hab\u00eda sido propuesto hace casi ocho meses para el cargo por el presidente Donald Trump. \u00abMe [&hellip;]<\/p>\n","protected":false},"author":1,"featured_media":976722,"comment_status":"closed","ping_status":"closed","sticky":false,"template":"","format":"standard","meta":{"footnotes":""},"categories":[1],"tags":[],"class_list":["post-976721","post","type-post","status-publish","format-standard","has-post-thumbnail","hentry","category-actualidad"],"aioseo_notices":[],"aioseo_head":"\n\t\t<!-- All in One SEO Pro 5.0.1 - aioseo.com -->\n\t<meta name=\"description\" content=\"Washington, 19 abr (dpa) - Despu\u00e9s de m\u00e1s de medio a\u00f1o sin un jefe oficial, el Senado de Estados Unidos confirm\u00f3 hoy a Jim Bridenstine al frente de la agencia espacial NASA. El legislador republicano del estado de Oklahoma hab\u00eda sido propuesto hace casi ocho meses para el cargo por el presidente Donald Trump. &quot;Me\" \/>\n\t<meta name=\"robots\" content=\"max-image-preview:large\" \/>\n\t<meta name=\"author\" content=\"El Digital de Asturias\"\/>\n\t<meta name=\"google-site-verification\" content=\"UA-38556648-1\" \/>\n\t<meta name=\"msvalidate.01\" content=\"7dfe9f3f1b24437ab69f4f2559babe99\" \/>\n\t<meta name=\"keywords\" content=\"actualidad\" \/>\n\t<link rel=\"canonical\" href=\"https:\/\/www.eldigitaldeasturias.com\/noticias\/jim-bridenstine-confirmado-por-el-senado-como-nuevo-jefe-de-la-nasa\/\" \/>\n\t<meta name=\"generator\" content=\"All in One SEO Pro (AIOSEO) 5.0.1\" \/>\n\t\t<meta property=\"og:locale\" content=\"es_ES\" \/>\n\t\t<meta property=\"og:site_name\" content=\"El Digital de Asturias\" \/>\n\t\t<meta property=\"og:type\" content=\"article\" \/>\n\t\t<meta property=\"og:title\" content=\"Jim Bridenstine, confirmado por el Senado como nuevo jefe de la NASA - El Digital de Asturias\" \/>\n\t\t<meta property=\"og:description\" content=\"Washington, 19 abr (dpa) - Despu\u00e9s de m\u00e1s de medio a\u00f1o sin un jefe oficial, el Senado de Estados Unidos confirm\u00f3 hoy a Jim Bridenstine al frente de la agencia espacial NASA. El legislador republicano del estado de Oklahoma hab\u00eda sido propuesto hace casi ocho meses para el cargo por el presidente Donald Trump. &quot;Me\" \/>\n\t\t<meta property=\"og:url\" content=\"https:\/\/www.eldigitaldeasturias.com\/noticias\/jim-bridenstine-confirmado-por-el-senado-como-nuevo-jefe-de-la-nasa\/\" \/>\n\t\t<meta property=\"article:tag\" content=\"actualidad\" \/>\n\t\t<meta property=\"article:published_time\" content=\"2018-04-20T05:58:23+00:00\" \/>\n\t\t<meta property=\"article:modified_time\" content=\"2018-04-20T05:58:23+00:00\" \/>\n\t\t<meta property=\"article:publisher\" content=\"https:\/\/facebook.com\/eldigitaldeasturias\" \/>\n\t\t<meta name=\"twitter:card\" content=\"summary_large_image\" \/>\n\t\t<meta name=\"twitter:title\" content=\"Jim Bridenstine, confirmado por el Senado como nuevo jefe de la NASA - El Digital de Asturias\" \/>\n\t\t<meta name=\"twitter:description\" content=\"Washington, 19 abr (dpa) - Despu\u00e9s de m\u00e1s de medio a\u00f1o sin un jefe oficial, el Senado de Estados Unidos confirm\u00f3 hoy a Jim Bridenstine al frente de la agencia espacial NASA. El legislador republicano del estado de Oklahoma hab\u00eda sido propuesto hace casi ocho meses para el cargo por el presidente Donald Trump. &quot;Me\" \/>\n\t\t<meta name=\"twitter:image\" content=\"https:\/\/www.eldigitaldeasturias.com\/noticias\/wp-content\/uploads\/2020\/12\/EDA-1.jpg\" \/>\n\t\t<meta name=\"twitter:label1\" content=\"Escrito por\" \/>\n\t\t<meta name=\"twitter:data1\" content=\"El Digital de Asturias\" \/>\n\t\t<meta name=\"twitter:label2\" content=\"Tiempo de lectura estimado\" \/>\n\t\t<meta name=\"twitter:data2\" content=\"1 minuto\" \/>\n\t\t<script type=\"application\/ld+json\" class=\"aioseo-schema\">\n\t\t\t{\"@context\":\"https:\\\/\\\/schema.org\",\"@graph\":[{\"@type\":\"BlogPosting\",\"@id\":\"https:\\\/\\\/www.eldigitaldeasturias.com\\\/noticias\\\/jim-bridenstine-confirmado-por-el-senado-como-nuevo-jefe-de-la-nasa\\\/#blogposting\",\"name\":\"Jim Bridenstine, confirmado por el Senado como nuevo jefe de la NASA - El Digital de Asturias\",\"headline\":\"Jim Bridenstine, confirmado por el Senado como nuevo jefe de la NASA\",\"author\":{\"@id\":\"https:\\\/\\\/www.eldigitaldeasturias.com\\\/noticias\\\/author\\\/admin\\\/#author\"},\"publisher\":{\"@id\":\"https:\\\/\\\/www.eldigitaldeasturias.com\\\/noticias\\\/#organization\"},\"image\":{\"@type\":\"ImageObject\",\"url\":976722},\"datePublished\":\"2018-04-20T05:58:23+02:00\",\"dateModified\":\"2018-04-20T05:58:23+02:00\",\"inLanguage\":\"es-ES\",\"mainEntityOfPage\":{\"@id\":\"https:\\\/\\\/www.eldigitaldeasturias.com\\\/noticias\\\/jim-bridenstine-confirmado-por-el-senado-como-nuevo-jefe-de-la-nasa\\\/#webpage\"},\"isPartOf\":{\"@id\":\"https:\\\/\\\/www.eldigitaldeasturias.com\\\/noticias\\\/jim-bridenstine-confirmado-por-el-senado-como-nuevo-jefe-de-la-nasa\\\/#webpage\"},\"articleSection\":\"Actualidad\"},{\"@type\":\"BreadcrumbList\",\"@id\":\"https:\\\/\\\/www.eldigitaldeasturias.com\\\/noticias\\\/jim-bridenstine-confirmado-por-el-senado-como-nuevo-jefe-de-la-nasa\\\/#breadcrumblist\",\"itemListElement\":[{\"@type\":\"ListItem\",\"@id\":\"https:\\\/\\\/www.eldigitaldeasturias.com\\\/noticias#listItem\",\"position\":1,\"name\":\"Home\",\"item\":\"https:\\\/\\\/www.eldigitaldeasturias.com\\\/noticias\",\"nextItem\":{\"@type\":\"ListItem\",\"@id\":\"https:\\\/\\\/www.eldigitaldeasturias.com\\\/noticias\\\/category\\\/actualidad\\\/#listItem\",\"name\":\"Actualidad\"}},{\"@type\":\"ListItem\",\"@id\":\"https:\\\/\\\/www.eldigitaldeasturias.com\\\/noticias\\\/category\\\/actualidad\\\/#listItem\",\"position\":2,\"name\":\"Actualidad\",\"item\":\"https:\\\/\\\/www.eldigitaldeasturias.com\\\/noticias\\\/category\\\/actualidad\\\/\",\"nextItem\":{\"@type\":\"ListItem\",\"@id\":\"https:\\\/\\\/www.eldigitaldeasturias.com\\\/noticias\\\/jim-bridenstine-confirmado-por-el-senado-como-nuevo-jefe-de-la-nasa\\\/#listItem\",\"name\":\"Jim Bridenstine, confirmado por el Senado como nuevo jefe de la NASA\"},\"previousItem\":{\"@type\":\"ListItem\",\"@id\":\"https:\\\/\\\/www.eldigitaldeasturias.com\\\/noticias#listItem\",\"name\":\"Home\"}},{\"@type\":\"ListItem\",\"@id\":\"https:\\\/\\\/www.eldigitaldeasturias.com\\\/noticias\\\/jim-bridenstine-confirmado-por-el-senado-como-nuevo-jefe-de-la-nasa\\\/#listItem\",\"position\":3,\"name\":\"Jim Bridenstine, confirmado por el Senado como nuevo jefe de la NASA\",\"previousItem\":{\"@type\":\"ListItem\",\"@id\":\"https:\\\/\\\/www.eldigitaldeasturias.com\\\/noticias\\\/category\\\/actualidad\\\/#listItem\",\"name\":\"Actualidad\"}}]},{\"@type\":\"Organization\",\"@id\":\"https:\\\/\\\/www.eldigitaldeasturias.com\\\/noticias\\\/#organization\",\"name\":\"El Digital de Asturias\",\"description\":\"Hemeroteca\",\"url\":\"https:\\\/\\\/www.eldigitaldeasturias.com\\\/noticias\\\/\",\"email\":\"info@eldigitaldeasturias.com\",\"telephone\":\"+34652131393\",\"logo\":{\"@type\":\"ImageObject\",\"url\":\"https:\\\/\\\/www.eldigitaldeasturias.com\\\/noticias\\\/wp-content\\\/uploads\\\/2020\\\/12\\\/EDA.jpg\",\"@id\":\"https:\\\/\\\/www.eldigitaldeasturias.com\\\/noticias\\\/jim-bridenstine-confirmado-por-el-senado-como-nuevo-jefe-de-la-nasa\\\/#organizationLogo\"},\"image\":{\"@id\":\"https:\\\/\\\/www.eldigitaldeasturias.com\\\/noticias\\\/jim-bridenstine-confirmado-por-el-senado-como-nuevo-jefe-de-la-nasa\\\/#organizationLogo\"},\"sameAs\":[\"https:\\\/\\\/facebook.com\\\/eldigitaldeasturias\",\"https:\\\/\\\/www.youtube.com\\\/channel\\\/UCZP-2wLEB9Rv6erhFmqVnvg\"],\"address\":{\"@id\":\"https:\\\/\\\/www.eldigitaldeasturias.com\\\/noticias\\\/#postaladdress\",\"@type\":\"PostalAddress\",\"streetAddress\":\"san antonio 4\",\"postalCode\":\"33430\",\"addressLocality\":\"Cand\\u00e1s\",\"addressRegion\":\"Asturias\",\"addressCountry\":\"ES\"}},{\"@type\":\"Person\",\"@id\":\"https:\\\/\\\/www.eldigitaldeasturias.com\\\/noticias\\\/author\\\/admin\\\/#author\",\"url\":\"https:\\\/\\\/www.eldigitaldeasturias.com\\\/noticias\\\/author\\\/admin\\\/\",\"name\":\"El Digital de Asturias\",\"image\":{\"@type\":\"ImageObject\",\"@id\":\"https:\\\/\\\/www.eldigitaldeasturias.com\\\/noticias\\\/jim-bridenstine-confirmado-por-el-senado-como-nuevo-jefe-de-la-nasa\\\/#authorImage\",\"url\":\"https:\\\/\\\/secure.gravatar.com\\\/avatar\\\/df2aeffc32bcd13f8d26072ef8a91b623d677766deac7f97ca815868cd41bf5e?s=96&d=mm&r=g\",\"width\":96,\"height\":96,\"caption\":\"El Digital de Asturias\"}},{\"@type\":\"WebPage\",\"@id\":\"https:\\\/\\\/www.eldigitaldeasturias.com\\\/noticias\\\/jim-bridenstine-confirmado-por-el-senado-como-nuevo-jefe-de-la-nasa\\\/#webpage\",\"url\":\"https:\\\/\\\/www.eldigitaldeasturias.com\\\/noticias\\\/jim-bridenstine-confirmado-por-el-senado-como-nuevo-jefe-de-la-nasa\\\/\",\"name\":\"Jim Bridenstine, confirmado por el Senado como nuevo jefe de la NASA - El Digital de Asturias\",\"description\":\"Washington, 19 abr (dpa) - Despu\\u00e9s de m\\u00e1s de medio a\\u00f1o sin un jefe oficial, el Senado de Estados Unidos confirm\\u00f3 hoy a Jim Bridenstine al frente de la agencia espacial NASA. El legislador republicano del estado de Oklahoma hab\\u00eda sido propuesto hace casi ocho meses para el cargo por el presidente Donald Trump. \\\"Me\",\"inLanguage\":\"es-ES\",\"isPartOf\":{\"@id\":\"https:\\\/\\\/www.eldigitaldeasturias.com\\\/noticias\\\/#website\"},\"breadcrumb\":{\"@id\":\"https:\\\/\\\/www.eldigitaldeasturias.com\\\/noticias\\\/jim-bridenstine-confirmado-por-el-senado-como-nuevo-jefe-de-la-nasa\\\/#breadcrumblist\"},\"author\":{\"@id\":\"https:\\\/\\\/www.eldigitaldeasturias.com\\\/noticias\\\/author\\\/admin\\\/#author\"},\"creator\":{\"@id\":\"https:\\\/\\\/www.eldigitaldeasturias.com\\\/noticias\\\/author\\\/admin\\\/#author\"},\"image\":{\"@type\":\"ImageObject\",\"url\":976722,\"@id\":\"https:\\\/\\\/www.eldigitaldeasturias.com\\\/noticias\\\/jim-bridenstine-confirmado-por-el-senado-como-nuevo-jefe-de-la-nasa\\\/#mainImage\"},\"primaryImageOfPage\":{\"@id\":\"https:\\\/\\\/www.eldigitaldeasturias.com\\\/noticias\\\/jim-bridenstine-confirmado-por-el-senado-como-nuevo-jefe-de-la-nasa\\\/#mainImage\"},\"datePublished\":\"2018-04-20T05:58:23+02:00\",\"dateModified\":\"2018-04-20T05:58:23+02:00\"},{\"@type\":\"WebSite\",\"@id\":\"https:\\\/\\\/www.eldigitaldeasturias.com\\\/noticias\\\/#website\",\"url\":\"https:\\\/\\\/www.eldigitaldeasturias.com\\\/noticias\\\/\",\"name\":\"El Digital de Asturias - Diario de actualidad y noticias\",\"alternateName\":\"El Digital de Asturias - Diario de actualidad y noticias\",\"description\":\"Hemeroteca\",\"inLanguage\":\"es-ES\",\"publisher\":{\"@id\":\"https:\\\/\\\/www.eldigitaldeasturias.com\\\/noticias\\\/#organization\"}}]}\n\t\t<\/script>\n\t\t<!-- All in One SEO Pro -->\r\n\t\t<title>Jim Bridenstine, confirmado por el Senado como nuevo jefe de la NASA - El Digital de Asturias<\/title>\n\n","aioseo_head_json":{"title":"Jim Bridenstine, confirmado por el Senado como nuevo jefe de la NASA - El Digital de Asturias","description":"Washington, 19 abr (dpa) - Despu\u00e9s de m\u00e1s de medio a\u00f1o sin un jefe oficial, el Senado de Estados Unidos confirm\u00f3 hoy a Jim Bridenstine al frente de la agencia espacial NASA. El legislador republicano del estado de Oklahoma hab\u00eda sido propuesto hace casi ocho meses para el cargo por el presidente Donald Trump. \"Me","canonical_url":"https:\/\/www.eldigitaldeasturias.com\/noticias\/jim-bridenstine-confirmado-por-el-senado-como-nuevo-jefe-de-la-nasa\/","robots":"max-image-preview:large","keywords":"actualidad","webmasterTools":{"google-site-verification":"UA-38556648-1","msvalidate.01":"7dfe9f3f1b24437ab69f4f2559babe99","miscellaneous":""},"schema":{"@context":"https:\/\/schema.org","@graph":[{"@type":"BlogPosting","@id":"https:\/\/www.eldigitaldeasturias.com\/noticias\/jim-bridenstine-confirmado-por-el-senado-como-nuevo-jefe-de-la-nasa\/#blogposting","name":"Jim Bridenstine, confirmado por el Senado como nuevo jefe de la NASA - El Digital de Asturias","headline":"Jim Bridenstine, confirmado por el Senado como nuevo jefe de la NASA","author":{"@id":"https:\/\/www.eldigitaldeasturias.com\/noticias\/author\/admin\/#author"},"publisher":{"@id":"https:\/\/www.eldigitaldeasturias.com\/noticias\/#organization"},"image":{"@type":"ImageObject","url":976722},"datePublished":"2018-04-20T05:58:23+02:00","dateModified":"2018-04-20T05:58:23+02:00","inLanguage":"es-ES","mainEntityOfPage":{"@id":"https:\/\/www.eldigitaldeasturias.com\/noticias\/jim-bridenstine-confirmado-por-el-senado-como-nuevo-jefe-de-la-nasa\/#webpage"},"isPartOf":{"@id":"https:\/\/www.eldigitaldeasturias.com\/noticias\/jim-bridenstine-confirmado-por-el-senado-como-nuevo-jefe-de-la-nasa\/#webpage"},"articleSection":"Actualidad"},{"@type":"BreadcrumbList","@id":"https:\/\/www.eldigitaldeasturias.com\/noticias\/jim-bridenstine-confirmado-por-el-senado-como-nuevo-jefe-de-la-nasa\/#breadcrumblist","itemListElement":[{"@type":"ListItem","@id":"https:\/\/www.eldigitaldeasturias.com\/noticias#listItem","position":1,"name":"Home","item":"https:\/\/www.eldigitaldeasturias.com\/noticias","nextItem":{"@type":"ListItem","@id":"https:\/\/www.eldigitaldeasturias.com\/noticias\/category\/actualidad\/#listItem","name":"Actualidad"}},{"@type":"ListItem","@id":"https:\/\/www.eldigitaldeasturias.com\/noticias\/category\/actualidad\/#listItem","position":2,"name":"Actualidad","item":"https:\/\/www.eldigitaldeasturias.com\/noticias\/category\/actualidad\/","nextItem":{"@type":"ListItem","@id":"https:\/\/www.eldigitaldeasturias.com\/noticias\/jim-bridenstine-confirmado-por-el-senado-como-nuevo-jefe-de-la-nasa\/#listItem","name":"Jim Bridenstine, confirmado por el Senado como nuevo jefe de la NASA"},"previousItem":{"@type":"ListItem","@id":"https:\/\/www.eldigitaldeasturias.com\/noticias#listItem","name":"Home"}},{"@type":"ListItem","@id":"https:\/\/www.eldigitaldeasturias.com\/noticias\/jim-bridenstine-confirmado-por-el-senado-como-nuevo-jefe-de-la-nasa\/#listItem","position":3,"name":"Jim Bridenstine, confirmado por el Senado como nuevo jefe de la NASA","previousItem":{"@type":"ListItem","@id":"https:\/\/www.eldigitaldeasturias.com\/noticias\/category\/actualidad\/#listItem","name":"Actualidad"}}]},{"@type":"Organization","@id":"https:\/\/www.eldigitaldeasturias.com\/noticias\/#organization","name":"El Digital de Asturias","description":"Hemeroteca","url":"https:\/\/www.eldigitaldeasturias.com\/noticias\/","email":"info@eldigitaldeasturias.com","telephone":"+34652131393","logo":{"@type":"ImageObject","url":"https:\/\/www.eldigitaldeasturias.com\/noticias\/wp-content\/uploads\/2020\/12\/EDA.jpg","@id":"https:\/\/www.eldigitaldeasturias.com\/noticias\/jim-bridenstine-confirmado-por-el-senado-como-nuevo-jefe-de-la-nasa\/#organizationLogo"},"image":{"@id":"https:\/\/www.eldigitaldeasturias.com\/noticias\/jim-bridenstine-confirmado-por-el-senado-como-nuevo-jefe-de-la-nasa\/#organizationLogo"},"sameAs":["https:\/\/facebook.com\/eldigitaldeasturias","https:\/\/www.youtube.com\/channel\/UCZP-2wLEB9Rv6erhFmqVnvg"],"address":{"@id":"https:\/\/www.eldigitaldeasturias.com\/noticias\/#postaladdress","@type":"PostalAddress","streetAddress":"san antonio 4","postalCode":"33430","addressLocality":"Cand\u00e1s","addressRegion":"Asturias","addressCountry":"ES"}},{"@type":"Person","@id":"https:\/\/www.eldigitaldeasturias.com\/noticias\/author\/admin\/#author","url":"https:\/\/www.eldigitaldeasturias.com\/noticias\/author\/admin\/","name":"El Digital de Asturias","image":{"@type":"ImageObject","@id":"https:\/\/www.eldigitaldeasturias.com\/noticias\/jim-bridenstine-confirmado-por-el-senado-como-nuevo-jefe-de-la-nasa\/#authorImage","url":"https:\/\/secure.gravatar.com\/avatar\/df2aeffc32bcd13f8d26072ef8a91b623d677766deac7f97ca815868cd41bf5e?s=96&d=mm&r=g","width":96,"height":96,"caption":"El Digital de Asturias"}},{"@type":"WebPage","@id":"https:\/\/www.eldigitaldeasturias.com\/noticias\/jim-bridenstine-confirmado-por-el-senado-como-nuevo-jefe-de-la-nasa\/#webpage","url":"https:\/\/www.eldigitaldeasturias.com\/noticias\/jim-bridenstine-confirmado-por-el-senado-como-nuevo-jefe-de-la-nasa\/","name":"Jim Bridenstine, confirmado por el Senado como nuevo jefe de la NASA - El Digital de Asturias","description":"Washington, 19 abr (dpa) - Despu\u00e9s de m\u00e1s de medio a\u00f1o sin un jefe oficial, el Senado de Estados Unidos confirm\u00f3 hoy a Jim Bridenstine al frente de la agencia espacial NASA. El legislador republicano del estado de Oklahoma hab\u00eda sido propuesto hace casi ocho meses para el cargo por el presidente Donald Trump. \"Me","inLanguage":"es-ES","isPartOf":{"@id":"https:\/\/www.eldigitaldeasturias.com\/noticias\/#website"},"breadcrumb":{"@id":"https:\/\/www.eldigitaldeasturias.com\/noticias\/jim-bridenstine-confirmado-por-el-senado-como-nuevo-jefe-de-la-nasa\/#breadcrumblist"},"author":{"@id":"https:\/\/www.eldigitaldeasturias.com\/noticias\/author\/admin\/#author"},"creator":{"@id":"https:\/\/www.eldigitaldeasturias.com\/noticias\/author\/admin\/#author"},"image":{"@type":"ImageObject","url":976722,"@id":"https:\/\/www.eldigitaldeasturias.com\/noticias\/jim-bridenstine-confirmado-por-el-senado-como-nuevo-jefe-de-la-nasa\/#mainImage"},"primaryImageOfPage":{"@id":"https:\/\/www.eldigitaldeasturias.com\/noticias\/jim-bridenstine-confirmado-por-el-senado-como-nuevo-jefe-de-la-nasa\/#mainImage"},"datePublished":"2018-04-20T05:58:23+02:00","dateModified":"2018-04-20T05:58:23+02:00"},{"@type":"WebSite","@id":"https:\/\/www.eldigitaldeasturias.com\/noticias\/#website","url":"https:\/\/www.eldigitaldeasturias.com\/noticias\/","name":"El Digital de Asturias - Diario de actualidad y noticias","alternateName":"El Digital de Asturias - Diario de actualidad y noticias","description":"Hemeroteca","inLanguage":"es-ES","publisher":{"@id":"https:\/\/www.eldigitaldeasturias.com\/noticias\/#organization"}}]},"og:locale":"es_ES","og:site_name":"El Digital de Asturias","og:type":"article","og:title":"Jim Bridenstine, confirmado por el Senado como nuevo jefe de la NASA - El Digital de Asturias","og:description":"Washington, 19 abr (dpa) - Despu\u00e9s de m\u00e1s de medio a\u00f1o sin un jefe oficial, el Senado de Estados Unidos confirm\u00f3 hoy a Jim Bridenstine al frente de la agencia espacial NASA. El legislador republicano del estado de Oklahoma hab\u00eda sido propuesto hace casi ocho meses para el cargo por el presidente Donald Trump. &quot;Me","og:url":"https:\/\/www.eldigitaldeasturias.com\/noticias\/jim-bridenstine-confirmado-por-el-senado-como-nuevo-jefe-de-la-nasa\/","article:tag":["actualidad"],"article:published_time":"2018-04-20T05:58:23+00:00","article:modified_time":"2018-04-20T05:58:23+00:00","article:publisher":"https:\/\/facebook.com\/eldigitaldeasturias","twitter:card":"summary_large_image","twitter:title":"Jim Bridenstine, confirmado por el Senado como nuevo jefe de la NASA - El Digital de Asturias","twitter:description":"Washington, 19 abr (dpa) - Despu\u00e9s de m\u00e1s de medio a\u00f1o sin un jefe oficial, el Senado de Estados Unidos confirm\u00f3 hoy a Jim Bridenstine al frente de la agencia espacial NASA. El legislador republicano del estado de Oklahoma hab\u00eda sido propuesto hace casi ocho meses para el cargo por el presidente Donald Trump. &quot;Me","twitter:image":"https:\/\/www.eldigitaldeasturias.com\/noticias\/wp-content\/uploads\/2020\/12\/EDA-1.jpg","twitter:label1":"Escrito por","twitter:data1":"El Digital de Asturias","twitter:label2":"Tiempo de lectura estimado","twitter:data2":"1 minuto"},"aioseo_meta_data":{"post_id":"976721","title":null,"description":null,"keywords":null,"keyphrases":null,"primary_term":null,"canonical_url":null,"og_title":null,"og_description":null,"og_object_type":"default","og_image_type":"default","og_image_url":null,"og_image_width":null,"og_image_height":null,"og_image_custom_url":null,"og_image_custom_fields":null,"og_video":null,"og_custom_url":null,"og_article_section":null,"og_article_tags":null,"twitter_use_og":false,"twitter_card":"default","twitter_image_type":"default","twitter_image_url":null,"twitter_image_custom_url":null,"twitter_image_custom_fields":null,"twitter_title":null,"twitter_description":null,"schema":{"blockGraphs":[],"customGraphs":[],"default":{"data":{"Article":[],"Course":[],"Dataset":[],"FAQPage":[],"Movie":[],"Person":[],"Product":[],"ProductReview":[],"Car":[],"Recipe":[],"Service":[],"SoftwareApplication":[],"WebPage":[]},"graphName":"","isEnabled":true},"graphs":[],"defaultGraph":"","defaultPostTypeGraph":""},"schema_type":null,"schema_type_options":null,"pillar_content":false,"robots_default":true,"robots_noindex":false,"robots_noarchive":false,"robots_nosnippet":false,"robots_nofollow":false,"robots_noimageindex":false,"robots_noodp":false,"robots_notranslate":false,"robots_max_snippet":null,"robots_max_videopreview":null,"robots_max_imagepreview":"large","priority":null,"frequency":null,"local_seo":null,"seo_analyzer_scan_date":"2025-10-08 04:51:03","breadcrumb_settings":null,"limit_modified_date":false,"open_ai":null,"ai":null,"created":"2020-12-21 12:07:37","updated":"2025-10-08 04:51:03","focus_keyword":null,"additional_keywords":null,"truseo_locale":null},"aioseo_breadcrumb":"<div class=\"aioseo-breadcrumbs\"><span class=\"aioseo-breadcrumb\">\n\t<a href=\"https:\/\/www.eldigitaldeasturias.com\/noticias\" title=\"Home\">Home<\/a>\n<\/span><span class=\"aioseo-breadcrumb-separator\">\u2013<\/span><span class=\"aioseo-breadcrumb\">\n\t<a href=\"https:\/\/www.eldigitaldeasturias.com\/noticias\/category\/actualidad\/\" title=\"Actualidad\">Actualidad<\/a>\n<\/span><span class=\"aioseo-breadcrumb-separator\">\u2013<\/span><span class=\"aioseo-breadcrumb\">\n\t<a href=\"https:\/\/www.eldigitaldeasturias.com\/noticias\/jim-bridenstine-confirmado-por-el-senado-como-nuevo-jefe-de-la-nasa\/\" title=\"Jim Bridenstine, confirmado por el Senado como nuevo jefe de la NASA\">Jim Bridenstine, confirmado por el Senado como nuevo jefe de la NASA<\/a>\n<\/span><\/div>","aioseo_breadcrumb_json":[{"label":"Home","link":"https:\/\/www.eldigitaldeasturias.com\/noticias"},{"label":"Actualidad","link":"https:\/\/www.eldigitaldeasturias.com\/noticias\/category\/actualidad\/"},{"label":"Jim Bridenstine, confirmado por el Senado como nuevo jefe de la NASA","link":"https:\/\/www.eldigitaldeasturias.com\/noticias\/jim-bridenstine-confirmado-por-el-senado-como-nuevo-jefe-de-la-nasa\/"}],"_links":{"self":[{"href":"https:\/\/www.eldigitaldeasturias.com\/noticias\/wp-json\/wp\/v2\/posts\/976721","targetHints":{"allow":["GET"]}}],"collection":[{"href":"https:\/\/www.eldigitaldeasturias.com\/noticias\/wp-json\/wp\/v2\/posts"}],"about":[{"href":"https:\/\/www.eldigitaldeasturias.com\/noticias\/wp-json\/wp\/v2\/types\/post"}],"author":[{"embeddable":true,"href":"https:\/\/www.eldigitaldeasturias.com\/noticias\/wp-json\/wp\/v2\/users\/1"}],"replies":[{"embeddable":true,"href":"https:\/\/www.eldigitaldeasturias.com\/noticias\/wp-json\/wp\/v2\/comments?post=976721"}],"version-history":[{"count":0,"href":"https:\/\/www.eldigitaldeasturias.com\/noticias\/wp-json\/wp\/v2\/posts\/976721\/revisions"}],"wp:attachment":[{"href":"https:\/\/www.eldigitaldeasturias.com\/noticias\/wp-json\/wp\/v2\/media?parent=976721"}],"wp:term":[{"taxonomy":"category","embeddable":true,"href":"https:\/\/www.eldigitaldeasturias.com\/noticias\/wp-json\/wp\/v2\/categories?post=976721"},{"taxonomy":"post_tag","embeddable":true,"href":"https:\/\/www.eldigitaldeasturias.com\/noticias\/wp-json\/wp\/v2\/tags?post=976721"}],"curies":[{"name":"wp","href":"https:\/\/api.w.org\/{rel}","templated":true}]}}