{"id":976716,"date":"2018-04-20T05:53:18","date_gmt":"2018-04-20T05:53:18","guid":{"rendered":"http:\/\/www.eldigitaldeasturias.com\/noticias\/?p=976716"},"modified":"2018-04-20T05:53:18","modified_gmt":"2018-04-20T05:53:18","slug":"rudolph-giuliani-se-suma-al-equipo-de-abogados-de-trump","status":"publish","type":"post","link":"https:\/\/www.eldigitaldeasturias.com\/noticias\/rudolph-giuliani-se-suma-al-equipo-de-abogados-de-trump\/","title":{"rendered":"Rudolph Giuliani se suma al equipo de abogados de Trump"},"content":{"rendered":"<p><img loading=\"lazy\" decoding=\"async\" class=\"alignleft size-medium wp-image-971860\" src=\"https:\/\/www.eldigitaldeasturias.com\/noticias\/wp-content\/uploads\/2018\/03\/administration-1846270_1280-360x270.jpg\" alt=\"\" width=\"360\" height=\"270\" \/>Washington, 19 abr (dpa) &#8211; El ex alcalde de Nueva York Rudy Giuliani se unir\u00e1 al equipo legal del presidente estadounidense, Donald Trump, que trata el caso de la supuesta injerencia rusa en las elecciones presidenciales.<\/p>\n<p>\u00abRudy es genial. Es mi amigo desde hace tiempo y por el bien de nuestro pa\u00eds quiere aclarar este asunto r\u00e1pidamente\u00bb, dijo Trump de acuerdo con una declaraci\u00f3n difundida esta noche por la Casa Blanca.<\/p>\n<p>Giuliani explic\u00f3 que lo hace porque espera que se llegue al fin de las investigaciones \u00abpor el bien del pa\u00eds\u00bb, inform\u00f3 el diario \u00abThe Washington Post\u00bb. A\u00f1adi\u00f3 que, adem\u00e1s, siente un gran respeto por el presidente y por el investigador especial del Bur\u00f3 Federal de Investigaciones (FBI), Robert Mueller.<\/p>\n<p>Mueller y su equipo investigan si Rusia influy\u00f3 en las elecciones presidenciales de 2016 y si hubo en ello colaboraci\u00f3n con el equipo de campa\u00f1a de Trump. Giuliani trabajar\u00e1 ahora junto a los abogados Ty Cobb y Jay Sekulow.<\/p>\n<p>El republicano Rudolph \u00abRudy\u00bb Giuliani se hizo conocido mundialmente famoso gracias a sus siete a\u00f1os como alcalde de Nueva York (1994 a fines de 2001) y su pol\u00edtica de \u00abtolerancia cero\u00bb. Durante la campa\u00f1a a la presidencia, fue uno de los principales promotores de Trump y difundi\u00f3 varias teor\u00edas conspirativas contra la candidata dem\u00f3crata, Hillary Clinton.<\/p>\n","protected":false},"excerpt":{"rendered":"<p>Washington, 19 abr (dpa) &#8211; El ex alcalde de Nueva York Rudy Giuliani se unir\u00e1 al equipo legal del presidente estadounidense, Donald Trump, que trata el caso de la supuesta injerencia rusa en las elecciones presidenciales. \u00abRudy es genial. Es mi amigo desde hace tiempo y por el bien de nuestro pa\u00eds quiere aclarar este [&hellip;]<\/p>\n","protected":false},"author":1,"featured_media":971860,"comment_status":"closed","ping_status":"closed","sticky":false,"template":"","format":"standard","meta":{"footnotes":""},"categories":[1],"tags":[],"class_list":["post-976716","post","type-post","status-publish","format-standard","has-post-thumbnail","hentry","category-actualidad"],"aioseo_notices":[],"aioseo_head":"\n\t\t<!-- All in One SEO Pro 5.0.1 - aioseo.com -->\n\t<meta name=\"description\" content=\"Washington, 19 abr (dpa) - El ex alcalde de Nueva York Rudy Giuliani se unir\u00e1 al equipo legal del presidente estadounidense, Donald Trump, que trata el caso de la supuesta injerencia rusa en las elecciones presidenciales. &quot;Rudy es genial. Es mi amigo desde hace tiempo y por el bien de nuestro pa\u00eds quiere aclarar este\" \/>\n\t<meta name=\"robots\" content=\"max-image-preview:large\" \/>\n\t<meta name=\"author\" content=\"El Digital de Asturias\"\/>\n\t<meta name=\"google-site-verification\" content=\"UA-38556648-1\" \/>\n\t<meta name=\"msvalidate.01\" content=\"7dfe9f3f1b24437ab69f4f2559babe99\" \/>\n\t<meta name=\"keywords\" content=\"actualidad\" \/>\n\t<link rel=\"canonical\" href=\"https:\/\/www.eldigitaldeasturias.com\/noticias\/rudolph-giuliani-se-suma-al-equipo-de-abogados-de-trump\/\" \/>\n\t<meta name=\"generator\" content=\"All in One SEO Pro (AIOSEO) 5.0.1\" \/>\n\t\t<meta property=\"og:locale\" content=\"es_ES\" \/>\n\t\t<meta property=\"og:site_name\" content=\"El Digital de Asturias\" \/>\n\t\t<meta property=\"og:type\" content=\"article\" \/>\n\t\t<meta property=\"og:title\" content=\"Rudolph Giuliani se suma al equipo de abogados de Trump - El Digital de Asturias\" \/>\n\t\t<meta property=\"og:description\" content=\"Washington, 19 abr (dpa) - El ex alcalde de Nueva York Rudy Giuliani se unir\u00e1 al equipo legal del presidente estadounidense, Donald Trump, que trata el caso de la supuesta injerencia rusa en las elecciones presidenciales. &quot;Rudy es genial. Es mi amigo desde hace tiempo y por el bien de nuestro pa\u00eds quiere aclarar este\" \/>\n\t\t<meta property=\"og:url\" content=\"https:\/\/www.eldigitaldeasturias.com\/noticias\/rudolph-giuliani-se-suma-al-equipo-de-abogados-de-trump\/\" \/>\n\t\t<meta property=\"article:tag\" content=\"actualidad\" \/>\n\t\t<meta property=\"article:published_time\" content=\"2018-04-20T05:53:18+00:00\" \/>\n\t\t<meta property=\"article:modified_time\" content=\"2018-04-20T05:53:18+00:00\" \/>\n\t\t<meta property=\"article:publisher\" content=\"https:\/\/facebook.com\/eldigitaldeasturias\" \/>\n\t\t<meta name=\"twitter:card\" content=\"summary_large_image\" \/>\n\t\t<meta name=\"twitter:title\" content=\"Rudolph Giuliani se suma al equipo de abogados de Trump - El Digital de Asturias\" \/>\n\t\t<meta name=\"twitter:description\" content=\"Washington, 19 abr (dpa) - El ex alcalde de Nueva York Rudy Giuliani se unir\u00e1 al equipo legal del presidente estadounidense, Donald Trump, que trata el caso de la supuesta injerencia rusa en las elecciones presidenciales. &quot;Rudy es genial. Es mi amigo desde hace tiempo y por el bien de nuestro pa\u00eds quiere aclarar este\" \/>\n\t\t<meta name=\"twitter:image\" content=\"https:\/\/www.eldigitaldeasturias.com\/noticias\/wp-content\/uploads\/2020\/12\/EDA-1.jpg\" \/>\n\t\t<meta name=\"twitter:label1\" content=\"Escrito por\" \/>\n\t\t<meta name=\"twitter:data1\" content=\"El Digital de Asturias\" \/>\n\t\t<meta name=\"twitter:label2\" content=\"Tiempo de lectura estimado\" \/>\n\t\t<meta name=\"twitter:data2\" content=\"1 minuto\" \/>\n\t\t<script type=\"application\/ld+json\" class=\"aioseo-schema\">\n\t\t\t{\"@context\":\"https:\\\/\\\/schema.org\",\"@graph\":[{\"@type\":\"BlogPosting\",\"@id\":\"https:\\\/\\\/www.eldigitaldeasturias.com\\\/noticias\\\/rudolph-giuliani-se-suma-al-equipo-de-abogados-de-trump\\\/#blogposting\",\"name\":\"Rudolph Giuliani se suma al equipo de abogados de Trump - El Digital de Asturias\",\"headline\":\"Rudolph Giuliani se suma al equipo de abogados de Trump\",\"author\":{\"@id\":\"https:\\\/\\\/www.eldigitaldeasturias.com\\\/noticias\\\/author\\\/admin\\\/#author\"},\"publisher\":{\"@id\":\"https:\\\/\\\/www.eldigitaldeasturias.com\\\/noticias\\\/#organization\"},\"image\":{\"@type\":\"ImageObject\",\"url\":971860},\"datePublished\":\"2018-04-20T05:53:18+02:00\",\"dateModified\":\"2018-04-20T05:53:18+02:00\",\"inLanguage\":\"es-ES\",\"mainEntityOfPage\":{\"@id\":\"https:\\\/\\\/www.eldigitaldeasturias.com\\\/noticias\\\/rudolph-giuliani-se-suma-al-equipo-de-abogados-de-trump\\\/#webpage\"},\"isPartOf\":{\"@id\":\"https:\\\/\\\/www.eldigitaldeasturias.com\\\/noticias\\\/rudolph-giuliani-se-suma-al-equipo-de-abogados-de-trump\\\/#webpage\"},\"articleSection\":\"Actualidad\"},{\"@type\":\"BreadcrumbList\",\"@id\":\"https:\\\/\\\/www.eldigitaldeasturias.com\\\/noticias\\\/rudolph-giuliani-se-suma-al-equipo-de-abogados-de-trump\\\/#breadcrumblist\",\"itemListElement\":[{\"@type\":\"ListItem\",\"@id\":\"https:\\\/\\\/www.eldigitaldeasturias.com\\\/noticias#listItem\",\"position\":1,\"name\":\"Home\",\"item\":\"https:\\\/\\\/www.eldigitaldeasturias.com\\\/noticias\",\"nextItem\":{\"@type\":\"ListItem\",\"@id\":\"https:\\\/\\\/www.eldigitaldeasturias.com\\\/noticias\\\/category\\\/actualidad\\\/#listItem\",\"name\":\"Actualidad\"}},{\"@type\":\"ListItem\",\"@id\":\"https:\\\/\\\/www.eldigitaldeasturias.com\\\/noticias\\\/category\\\/actualidad\\\/#listItem\",\"position\":2,\"name\":\"Actualidad\",\"item\":\"https:\\\/\\\/www.eldigitaldeasturias.com\\\/noticias\\\/category\\\/actualidad\\\/\",\"nextItem\":{\"@type\":\"ListItem\",\"@id\":\"https:\\\/\\\/www.eldigitaldeasturias.com\\\/noticias\\\/rudolph-giuliani-se-suma-al-equipo-de-abogados-de-trump\\\/#listItem\",\"name\":\"Rudolph Giuliani se suma al equipo de abogados de Trump\"},\"previousItem\":{\"@type\":\"ListItem\",\"@id\":\"https:\\\/\\\/www.eldigitaldeasturias.com\\\/noticias#listItem\",\"name\":\"Home\"}},{\"@type\":\"ListItem\",\"@id\":\"https:\\\/\\\/www.eldigitaldeasturias.com\\\/noticias\\\/rudolph-giuliani-se-suma-al-equipo-de-abogados-de-trump\\\/#listItem\",\"position\":3,\"name\":\"Rudolph Giuliani se suma al equipo de abogados de Trump\",\"previousItem\":{\"@type\":\"ListItem\",\"@id\":\"https:\\\/\\\/www.eldigitaldeasturias.com\\\/noticias\\\/category\\\/actualidad\\\/#listItem\",\"name\":\"Actualidad\"}}]},{\"@type\":\"Organization\",\"@id\":\"https:\\\/\\\/www.eldigitaldeasturias.com\\\/noticias\\\/#organization\",\"name\":\"El Digital de Asturias\",\"description\":\"Hemeroteca\",\"url\":\"https:\\\/\\\/www.eldigitaldeasturias.com\\\/noticias\\\/\",\"email\":\"info@eldigitaldeasturias.com\",\"telephone\":\"+34652131393\",\"logo\":{\"@type\":\"ImageObject\",\"url\":\"https:\\\/\\\/www.eldigitaldeasturias.com\\\/noticias\\\/wp-content\\\/uploads\\\/2020\\\/12\\\/EDA.jpg\",\"@id\":\"https:\\\/\\\/www.eldigitaldeasturias.com\\\/noticias\\\/rudolph-giuliani-se-suma-al-equipo-de-abogados-de-trump\\\/#organizationLogo\"},\"image\":{\"@id\":\"https:\\\/\\\/www.eldigitaldeasturias.com\\\/noticias\\\/rudolph-giuliani-se-suma-al-equipo-de-abogados-de-trump\\\/#organizationLogo\"},\"sameAs\":[\"https:\\\/\\\/facebook.com\\\/eldigitaldeasturias\",\"https:\\\/\\\/www.youtube.com\\\/channel\\\/UCZP-2wLEB9Rv6erhFmqVnvg\"],\"address\":{\"@id\":\"https:\\\/\\\/www.eldigitaldeasturias.com\\\/noticias\\\/#postaladdress\",\"@type\":\"PostalAddress\",\"streetAddress\":\"san antonio 4\",\"postalCode\":\"33430\",\"addressLocality\":\"Cand\\u00e1s\",\"addressRegion\":\"Asturias\",\"addressCountry\":\"ES\"}},{\"@type\":\"Person\",\"@id\":\"https:\\\/\\\/www.eldigitaldeasturias.com\\\/noticias\\\/author\\\/admin\\\/#author\",\"url\":\"https:\\\/\\\/www.eldigitaldeasturias.com\\\/noticias\\\/author\\\/admin\\\/\",\"name\":\"El Digital de Asturias\",\"image\":{\"@type\":\"ImageObject\",\"@id\":\"https:\\\/\\\/www.eldigitaldeasturias.com\\\/noticias\\\/rudolph-giuliani-se-suma-al-equipo-de-abogados-de-trump\\\/#authorImage\",\"url\":\"https:\\\/\\\/secure.gravatar.com\\\/avatar\\\/df2aeffc32bcd13f8d26072ef8a91b623d677766deac7f97ca815868cd41bf5e?s=96&d=mm&r=g\",\"width\":96,\"height\":96,\"caption\":\"El Digital de Asturias\"}},{\"@type\":\"WebPage\",\"@id\":\"https:\\\/\\\/www.eldigitaldeasturias.com\\\/noticias\\\/rudolph-giuliani-se-suma-al-equipo-de-abogados-de-trump\\\/#webpage\",\"url\":\"https:\\\/\\\/www.eldigitaldeasturias.com\\\/noticias\\\/rudolph-giuliani-se-suma-al-equipo-de-abogados-de-trump\\\/\",\"name\":\"Rudolph Giuliani se suma al equipo de abogados de Trump - El Digital de Asturias\",\"description\":\"Washington, 19 abr (dpa) - El ex alcalde de Nueva York Rudy Giuliani se unir\\u00e1 al equipo legal del presidente estadounidense, Donald Trump, que trata el caso de la supuesta injerencia rusa en las elecciones presidenciales. \\\"Rudy es genial. Es mi amigo desde hace tiempo y por el bien de nuestro pa\\u00eds quiere aclarar este\",\"inLanguage\":\"es-ES\",\"isPartOf\":{\"@id\":\"https:\\\/\\\/www.eldigitaldeasturias.com\\\/noticias\\\/#website\"},\"breadcrumb\":{\"@id\":\"https:\\\/\\\/www.eldigitaldeasturias.com\\\/noticias\\\/rudolph-giuliani-se-suma-al-equipo-de-abogados-de-trump\\\/#breadcrumblist\"},\"author\":{\"@id\":\"https:\\\/\\\/www.eldigitaldeasturias.com\\\/noticias\\\/author\\\/admin\\\/#author\"},\"creator\":{\"@id\":\"https:\\\/\\\/www.eldigitaldeasturias.com\\\/noticias\\\/author\\\/admin\\\/#author\"},\"image\":{\"@type\":\"ImageObject\",\"url\":971860,\"@id\":\"https:\\\/\\\/www.eldigitaldeasturias.com\\\/noticias\\\/rudolph-giuliani-se-suma-al-equipo-de-abogados-de-trump\\\/#mainImage\"},\"primaryImageOfPage\":{\"@id\":\"https:\\\/\\\/www.eldigitaldeasturias.com\\\/noticias\\\/rudolph-giuliani-se-suma-al-equipo-de-abogados-de-trump\\\/#mainImage\"},\"datePublished\":\"2018-04-20T05:53:18+02:00\",\"dateModified\":\"2018-04-20T05:53:18+02:00\"},{\"@type\":\"WebSite\",\"@id\":\"https:\\\/\\\/www.eldigitaldeasturias.com\\\/noticias\\\/#website\",\"url\":\"https:\\\/\\\/www.eldigitaldeasturias.com\\\/noticias\\\/\",\"name\":\"El Digital de Asturias - Diario de actualidad y noticias\",\"alternateName\":\"El Digital de Asturias - Diario de actualidad y noticias\",\"description\":\"Hemeroteca\",\"inLanguage\":\"es-ES\",\"publisher\":{\"@id\":\"https:\\\/\\\/www.eldigitaldeasturias.com\\\/noticias\\\/#organization\"}}]}\n\t\t<\/script>\n\t\t<!-- All in One SEO Pro -->\r\n\t\t<title>Rudolph Giuliani se suma al equipo de abogados de Trump - El Digital de Asturias<\/title>\n\n","aioseo_head_json":{"title":"Rudolph Giuliani se suma al equipo de abogados de Trump - El Digital de Asturias","description":"Washington, 19 abr (dpa) - El ex alcalde de Nueva York Rudy Giuliani se unir\u00e1 al equipo legal del presidente estadounidense, Donald Trump, que trata el caso de la supuesta injerencia rusa en las elecciones presidenciales. \"Rudy es genial. Es mi amigo desde hace tiempo y por el bien de nuestro pa\u00eds quiere aclarar este","canonical_url":"https:\/\/www.eldigitaldeasturias.com\/noticias\/rudolph-giuliani-se-suma-al-equipo-de-abogados-de-trump\/","robots":"max-image-preview:large","keywords":"actualidad","webmasterTools":{"google-site-verification":"UA-38556648-1","msvalidate.01":"7dfe9f3f1b24437ab69f4f2559babe99","miscellaneous":""},"schema":{"@context":"https:\/\/schema.org","@graph":[{"@type":"BlogPosting","@id":"https:\/\/www.eldigitaldeasturias.com\/noticias\/rudolph-giuliani-se-suma-al-equipo-de-abogados-de-trump\/#blogposting","name":"Rudolph Giuliani se suma al equipo de abogados de Trump - El Digital de Asturias","headline":"Rudolph Giuliani se suma al equipo de abogados de Trump","author":{"@id":"https:\/\/www.eldigitaldeasturias.com\/noticias\/author\/admin\/#author"},"publisher":{"@id":"https:\/\/www.eldigitaldeasturias.com\/noticias\/#organization"},"image":{"@type":"ImageObject","url":971860},"datePublished":"2018-04-20T05:53:18+02:00","dateModified":"2018-04-20T05:53:18+02:00","inLanguage":"es-ES","mainEntityOfPage":{"@id":"https:\/\/www.eldigitaldeasturias.com\/noticias\/rudolph-giuliani-se-suma-al-equipo-de-abogados-de-trump\/#webpage"},"isPartOf":{"@id":"https:\/\/www.eldigitaldeasturias.com\/noticias\/rudolph-giuliani-se-suma-al-equipo-de-abogados-de-trump\/#webpage"},"articleSection":"Actualidad"},{"@type":"BreadcrumbList","@id":"https:\/\/www.eldigitaldeasturias.com\/noticias\/rudolph-giuliani-se-suma-al-equipo-de-abogados-de-trump\/#breadcrumblist","itemListElement":[{"@type":"ListItem","@id":"https:\/\/www.eldigitaldeasturias.com\/noticias#listItem","position":1,"name":"Home","item":"https:\/\/www.eldigitaldeasturias.com\/noticias","nextItem":{"@type":"ListItem","@id":"https:\/\/www.eldigitaldeasturias.com\/noticias\/category\/actualidad\/#listItem","name":"Actualidad"}},{"@type":"ListItem","@id":"https:\/\/www.eldigitaldeasturias.com\/noticias\/category\/actualidad\/#listItem","position":2,"name":"Actualidad","item":"https:\/\/www.eldigitaldeasturias.com\/noticias\/category\/actualidad\/","nextItem":{"@type":"ListItem","@id":"https:\/\/www.eldigitaldeasturias.com\/noticias\/rudolph-giuliani-se-suma-al-equipo-de-abogados-de-trump\/#listItem","name":"Rudolph Giuliani se suma al equipo de abogados de Trump"},"previousItem":{"@type":"ListItem","@id":"https:\/\/www.eldigitaldeasturias.com\/noticias#listItem","name":"Home"}},{"@type":"ListItem","@id":"https:\/\/www.eldigitaldeasturias.com\/noticias\/rudolph-giuliani-se-suma-al-equipo-de-abogados-de-trump\/#listItem","position":3,"name":"Rudolph Giuliani se suma al equipo de abogados de Trump","previousItem":{"@type":"ListItem","@id":"https:\/\/www.eldigitaldeasturias.com\/noticias\/category\/actualidad\/#listItem","name":"Actualidad"}}]},{"@type":"Organization","@id":"https:\/\/www.eldigitaldeasturias.com\/noticias\/#organization","name":"El Digital de Asturias","description":"Hemeroteca","url":"https:\/\/www.eldigitaldeasturias.com\/noticias\/","email":"info@eldigitaldeasturias.com","telephone":"+34652131393","logo":{"@type":"ImageObject","url":"https:\/\/www.eldigitaldeasturias.com\/noticias\/wp-content\/uploads\/2020\/12\/EDA.jpg","@id":"https:\/\/www.eldigitaldeasturias.com\/noticias\/rudolph-giuliani-se-suma-al-equipo-de-abogados-de-trump\/#organizationLogo"},"image":{"@id":"https:\/\/www.eldigitaldeasturias.com\/noticias\/rudolph-giuliani-se-suma-al-equipo-de-abogados-de-trump\/#organizationLogo"},"sameAs":["https:\/\/facebook.com\/eldigitaldeasturias","https:\/\/www.youtube.com\/channel\/UCZP-2wLEB9Rv6erhFmqVnvg"],"address":{"@id":"https:\/\/www.eldigitaldeasturias.com\/noticias\/#postaladdress","@type":"PostalAddress","streetAddress":"san antonio 4","postalCode":"33430","addressLocality":"Cand\u00e1s","addressRegion":"Asturias","addressCountry":"ES"}},{"@type":"Person","@id":"https:\/\/www.eldigitaldeasturias.com\/noticias\/author\/admin\/#author","url":"https:\/\/www.eldigitaldeasturias.com\/noticias\/author\/admin\/","name":"El Digital de Asturias","image":{"@type":"ImageObject","@id":"https:\/\/www.eldigitaldeasturias.com\/noticias\/rudolph-giuliani-se-suma-al-equipo-de-abogados-de-trump\/#authorImage","url":"https:\/\/secure.gravatar.com\/avatar\/df2aeffc32bcd13f8d26072ef8a91b623d677766deac7f97ca815868cd41bf5e?s=96&d=mm&r=g","width":96,"height":96,"caption":"El Digital de Asturias"}},{"@type":"WebPage","@id":"https:\/\/www.eldigitaldeasturias.com\/noticias\/rudolph-giuliani-se-suma-al-equipo-de-abogados-de-trump\/#webpage","url":"https:\/\/www.eldigitaldeasturias.com\/noticias\/rudolph-giuliani-se-suma-al-equipo-de-abogados-de-trump\/","name":"Rudolph Giuliani se suma al equipo de abogados de Trump - El Digital de Asturias","description":"Washington, 19 abr (dpa) - El ex alcalde de Nueva York Rudy Giuliani se unir\u00e1 al equipo legal del presidente estadounidense, Donald Trump, que trata el caso de la supuesta injerencia rusa en las elecciones presidenciales. \"Rudy es genial. Es mi amigo desde hace tiempo y por el bien de nuestro pa\u00eds quiere aclarar este","inLanguage":"es-ES","isPartOf":{"@id":"https:\/\/www.eldigitaldeasturias.com\/noticias\/#website"},"breadcrumb":{"@id":"https:\/\/www.eldigitaldeasturias.com\/noticias\/rudolph-giuliani-se-suma-al-equipo-de-abogados-de-trump\/#breadcrumblist"},"author":{"@id":"https:\/\/www.eldigitaldeasturias.com\/noticias\/author\/admin\/#author"},"creator":{"@id":"https:\/\/www.eldigitaldeasturias.com\/noticias\/author\/admin\/#author"},"image":{"@type":"ImageObject","url":971860,"@id":"https:\/\/www.eldigitaldeasturias.com\/noticias\/rudolph-giuliani-se-suma-al-equipo-de-abogados-de-trump\/#mainImage"},"primaryImageOfPage":{"@id":"https:\/\/www.eldigitaldeasturias.com\/noticias\/rudolph-giuliani-se-suma-al-equipo-de-abogados-de-trump\/#mainImage"},"datePublished":"2018-04-20T05:53:18+02:00","dateModified":"2018-04-20T05:53:18+02:00"},{"@type":"WebSite","@id":"https:\/\/www.eldigitaldeasturias.com\/noticias\/#website","url":"https:\/\/www.eldigitaldeasturias.com\/noticias\/","name":"El Digital de Asturias - Diario de actualidad y noticias","alternateName":"El Digital de Asturias - Diario de actualidad y noticias","description":"Hemeroteca","inLanguage":"es-ES","publisher":{"@id":"https:\/\/www.eldigitaldeasturias.com\/noticias\/#organization"}}]},"og:locale":"es_ES","og:site_name":"El Digital de Asturias","og:type":"article","og:title":"Rudolph Giuliani se suma al equipo de abogados de Trump - El Digital de Asturias","og:description":"Washington, 19 abr (dpa) - El ex alcalde de Nueva York Rudy Giuliani se unir\u00e1 al equipo legal del presidente estadounidense, Donald Trump, que trata el caso de la supuesta injerencia rusa en las elecciones presidenciales. &quot;Rudy es genial. Es mi amigo desde hace tiempo y por el bien de nuestro pa\u00eds quiere aclarar este","og:url":"https:\/\/www.eldigitaldeasturias.com\/noticias\/rudolph-giuliani-se-suma-al-equipo-de-abogados-de-trump\/","article:tag":["actualidad"],"article:published_time":"2018-04-20T05:53:18+00:00","article:modified_time":"2018-04-20T05:53:18+00:00","article:publisher":"https:\/\/facebook.com\/eldigitaldeasturias","twitter:card":"summary_large_image","twitter:title":"Rudolph Giuliani se suma al equipo de abogados de Trump - El Digital de Asturias","twitter:description":"Washington, 19 abr (dpa) - El ex alcalde de Nueva York Rudy Giuliani se unir\u00e1 al equipo legal del presidente estadounidense, Donald Trump, que trata el caso de la supuesta injerencia rusa en las elecciones presidenciales. &quot;Rudy es genial. Es mi amigo desde hace tiempo y por el bien de nuestro pa\u00eds quiere aclarar este","twitter:image":"https:\/\/www.eldigitaldeasturias.com\/noticias\/wp-content\/uploads\/2020\/12\/EDA-1.jpg","twitter:label1":"Escrito por","twitter:data1":"El Digital de Asturias","twitter:label2":"Tiempo de lectura estimado","twitter:data2":"1 minuto"},"aioseo_meta_data":{"post_id":"976716","title":null,"description":null,"keywords":null,"keyphrases":null,"primary_term":null,"canonical_url":null,"og_title":null,"og_description":null,"og_object_type":"default","og_image_type":"default","og_image_url":null,"og_image_width":null,"og_image_height":null,"og_image_custom_url":null,"og_image_custom_fields":null,"og_video":null,"og_custom_url":null,"og_article_section":null,"og_article_tags":null,"twitter_use_og":false,"twitter_card":"default","twitter_image_type":"default","twitter_image_url":null,"twitter_image_custom_url":null,"twitter_image_custom_fields":null,"twitter_title":null,"twitter_description":null,"schema":{"blockGraphs":[],"customGraphs":[],"default":{"data":{"Article":[],"Course":[],"Dataset":[],"FAQPage":[],"Movie":[],"Person":[],"Product":[],"ProductReview":[],"Car":[],"Recipe":[],"Service":[],"SoftwareApplication":[],"WebPage":[]},"graphName":"","isEnabled":true},"graphs":[],"defaultGraph":"","defaultPostTypeGraph":""},"schema_type":null,"schema_type_options":null,"pillar_content":false,"robots_default":true,"robots_noindex":false,"robots_noarchive":false,"robots_nosnippet":false,"robots_nofollow":false,"robots_noimageindex":false,"robots_noodp":false,"robots_notranslate":false,"robots_max_snippet":null,"robots_max_videopreview":null,"robots_max_imagepreview":"large","priority":null,"frequency":null,"local_seo":null,"seo_analyzer_scan_date":"2025-10-08 04:49:01","breadcrumb_settings":null,"limit_modified_date":false,"open_ai":null,"ai":null,"created":"2020-12-21 12:07:37","updated":"2025-10-08 04:49:01","focus_keyword":null,"additional_keywords":null,"truseo_locale":null},"aioseo_breadcrumb":"<div class=\"aioseo-breadcrumbs\"><span class=\"aioseo-breadcrumb\">\n\t<a href=\"https:\/\/www.eldigitaldeasturias.com\/noticias\" title=\"Home\">Home<\/a>\n<\/span><span class=\"aioseo-breadcrumb-separator\">\u2013<\/span><span class=\"aioseo-breadcrumb\">\n\t<a href=\"https:\/\/www.eldigitaldeasturias.com\/noticias\/category\/actualidad\/\" title=\"Actualidad\">Actualidad<\/a>\n<\/span><span class=\"aioseo-breadcrumb-separator\">\u2013<\/span><span class=\"aioseo-breadcrumb\">\n\t<a href=\"https:\/\/www.eldigitaldeasturias.com\/noticias\/rudolph-giuliani-se-suma-al-equipo-de-abogados-de-trump\/\" title=\"Rudolph Giuliani se suma al equipo de abogados de Trump\">Rudolph Giuliani se suma al equipo de abogados de Trump<\/a>\n<\/span><\/div>","aioseo_breadcrumb_json":[{"label":"Home","link":"https:\/\/www.eldigitaldeasturias.com\/noticias"},{"label":"Actualidad","link":"https:\/\/www.eldigitaldeasturias.com\/noticias\/category\/actualidad\/"},{"label":"Rudolph Giuliani se suma al equipo de abogados de Trump","link":"https:\/\/www.eldigitaldeasturias.com\/noticias\/rudolph-giuliani-se-suma-al-equipo-de-abogados-de-trump\/"}],"_links":{"self":[{"href":"https:\/\/www.eldigitaldeasturias.com\/noticias\/wp-json\/wp\/v2\/posts\/976716","targetHints":{"allow":["GET"]}}],"collection":[{"href":"https:\/\/www.eldigitaldeasturias.com\/noticias\/wp-json\/wp\/v2\/posts"}],"about":[{"href":"https:\/\/www.eldigitaldeasturias.com\/noticias\/wp-json\/wp\/v2\/types\/post"}],"author":[{"embeddable":true,"href":"https:\/\/www.eldigitaldeasturias.com\/noticias\/wp-json\/wp\/v2\/users\/1"}],"replies":[{"embeddable":true,"href":"https:\/\/www.eldigitaldeasturias.com\/noticias\/wp-json\/wp\/v2\/comments?post=976716"}],"version-history":[{"count":0,"href":"https:\/\/www.eldigitaldeasturias.com\/noticias\/wp-json\/wp\/v2\/posts\/976716\/revisions"}],"wp:attachment":[{"href":"https:\/\/www.eldigitaldeasturias.com\/noticias\/wp-json\/wp\/v2\/media?parent=976716"}],"wp:term":[{"taxonomy":"category","embeddable":true,"href":"https:\/\/www.eldigitaldeasturias.com\/noticias\/wp-json\/wp\/v2\/categories?post=976716"},{"taxonomy":"post_tag","embeddable":true,"href":"https:\/\/www.eldigitaldeasturias.com\/noticias\/wp-json\/wp\/v2\/tags?post=976716"}],"curies":[{"name":"wp","href":"https:\/\/api.w.org\/{rel}","templated":true}]}}