{"id":976695,"date":"2018-04-20T05:30:09","date_gmt":"2018-04-20T05:30:09","guid":{"rendered":"http:\/\/www.eldigitaldeasturias.com\/noticias\/?p=976695"},"modified":"2018-04-20T05:30:09","modified_gmt":"2018-04-20T05:30:09","slug":"diaz-canel-asume-la-presidencia-de-cuba-la-revolucion-sigue-y-seguira","status":"publish","type":"post","link":"https:\/\/www.eldigitaldeasturias.com\/noticias\/diaz-canel-asume-la-presidencia-de-cuba-la-revolucion-sigue-y-seguira\/","title":{"rendered":"D\u00edaz-Canel asume la Presidencia de Cuba: \u00abLa Revoluci\u00f3n sigue y seguir\u00e1\u00bb"},"content":{"rendered":"<p><img loading=\"lazy\" decoding=\"async\" class=\"alignleft size-medium wp-image-976329\" src=\"https:\/\/www.eldigitaldeasturias.com\/noticias\/wp-content\/uploads\/2018\/04\/flag-2526259_960_720-360x270.jpg\" alt=\"\" width=\"360\" height=\"270\" \/>La Habana, 19 abr (dpa) &#8211; Cuba inici\u00f3 hoy una nueva era con el nombramiento como presidente de Miguel D\u00edaz-Canel, que se convierte en el primer gobernante en casi seis d\u00e9cadas que no pertenece a la familia Castro.<\/p>\n<p>\u00abLa Revoluci\u00f3n sigue y seguir\u00e1\u00bb, se\u00f1al\u00f3 D\u00edaz-Canel, que el viernes cumple 58 a\u00f1os, en su primer discurso como nuevo presidente de Cuba ante el pleno de la Asamblea Nacional, donde afirm\u00f3 que \u00abla Revoluci\u00f3n cubana sigue de verdeolivo dispuesta a todos los combates\u00bb.<\/p>\n<p>D\u00edaz-Canel obtuvo el 99,83 por ciento de los votos de los diputados, en un \u00f3rgano legislativo en el que no hay presencia opositora porque la disidencia no pudo presentarse a las elecciones cubanas celebradas el pasado marzo.<\/p>\n<p>\u00abAqu\u00ed no hay espacios para una transici\u00f3n que desconozca el legado de tantos a\u00f1os de lucha\u00bb, dijo D\u00edaz-Canel al asumir la Presidencia, en un claro mensaje de que no se saldr\u00e1 de la l\u00ednea trazada en el sistema unipartidista cubano.<\/p>\n<p>\u00abVengo a trabajar, no a prometer nada\u00bb, asegur\u00f3, y manifest\u00f3 su compromiso de trabajar por el cumplimiento del programa de los \u00ablineamientos\u00bb, que es como se conoce a la l\u00ednea econ\u00f3mica aprobada por el Partido Comunista de Cuba.<\/p>\n<p>A pesar de dejar la Presidencia, Ra\u00fal Castro no se aleja definitivamente del poder y se mantendr\u00e1 como primer secretario del poderoso Partido Comunista de Cuba (PCC) hasta 2021, cuando se celebre el pr\u00f3ximo congreso de la organizaci\u00f3n.<\/p>\n<p>El propio Castro propuso hoy a D\u00edaz-Canel para sucederlo al frente de la organizaci\u00f3n comunista y se\u00f1al\u00f3 que el nuevo presidente \u00abno es un improvisado y su ascenso no ha sido fruto del azar ni del apresuramiento\u00bb.<\/p>\n<p>\u00abCuando yo falte, D\u00edaz-Canel puede asumir tambi\u00e9n como primer secretario del Partido Comunista de Cuba\u00bb, dijo ante los diputados.<\/p>\n<p>\u00abA diferencia de lo sucedido en el pasado en otros casos de j\u00f3venes dirigentes, no cometimos el error de acelerar el proceso\u00bb de relevo generacional, manifest\u00f3.<\/p>\n<p>Sin llegar a mencionarlos, el discurso del saliente mandatario hizo referencia a pol\u00edticos como los ex cancilleres Roberto Robaina y Felipe P\u00e9rez Roque, y del vicepresidente Carlos Lage, que durante a\u00f1os fueron considerados los \u00abdelfines\u00bb de Fidel Castro pero que fueron defenestrados del poder.<\/p>\n<p>Durante el acto de traspaso, Ra\u00fal Castro se\u00f1al\u00f3 que es apremiante realizar una reforma constitucional que limite a dos mandatos la Jefatura del pa\u00eds, pero sin cuestionar el unipartidismo de la isla, para lo que se crear\u00e1 una comisi\u00f3n parlamentaria para su estudio y posteriormente se celebrar\u00e1 un refer\u00e9ndum para aprobar los cambios.<\/p>\n<p>\u00abAqu\u00ed no hay cambio, esto es m\u00e1s de lo mismo, solo cambian los nombres\u00bb, asegur\u00f3 a dpa Berta Soler, l\u00edder del grupo opositor Damas de Blanco, quien considera que en Cuba \u00abtodo va a seguir igual o peor que antes\u00bb.<\/p>\n<p>\u00abAqu\u00ed va a seguir ordenando y mandando Ra\u00fal Castro, porque en Cuba quien manda es el Partido Comunista\u00bb, se\u00f1al\u00f3 Soler.<\/p>\n<p>La comunidad cubana en Miami coincidi\u00f3 hoy en asegurar que el nuevo presidente de la isla \u00abno gobernara aut\u00f3nomamente\u00bb debido a que para ellos seguir\u00e1 al mando Ra\u00fal Castro.<\/p>\n<p>\u00abTristemente el discurso del nuevo presidente fue muy similar al de sus predecesores\u00bb, dijo a dpa el l\u00edder disidente y director del Movimiento Democracia, Ram\u00f3n Sa\u00fal S\u00e1nchez. \u00abTodo va a girar en torno a Ra\u00fal, eso lo sabemos todos\u00bb, sostuvo.<\/p>\n<p>\u00abAmamos a Cuba. Vamos a ocuparnos de Cuba\u00bb, fue la primera reacci\u00f3n del presidente estadounidense Donald Trump tras el nombramiento de D\u00edaz-Canel, en un mensaje que caus\u00f3 cierta sorpresa en su pa\u00eds, acostumbrado a un tono m\u00e1s cr\u00edtico de su mandatario hacia el Gobierno de la isla.<\/p>\n<p>Por su parte, el aliado venezolano Nicol\u00e1s Maduro confi\u00f3 que el nuevo presidente cubano mantendr\u00e1 el socialismo en la isla. \u00abSu elecci\u00f3n garantiza que la patria de Mart\u00ed y Fidel seguir\u00e1 siendo libre, soberana y socialista\u00bb, se\u00f1al\u00f3 un comunicado oficial.<\/p>\n<p><i class=\"lang-es\"><span class=\" readonly\" title=\"\">Por Guillermo Nova (dpa)<\/span><\/i><\/p>\n","protected":false},"excerpt":{"rendered":"<p>La Habana, 19 abr (dpa) &#8211; Cuba inici\u00f3 hoy una nueva era con el nombramiento como presidente de Miguel D\u00edaz-Canel, que se convierte en el primer gobernante en casi seis d\u00e9cadas que no pertenece a la familia Castro. \u00abLa Revoluci\u00f3n sigue y seguir\u00e1\u00bb, se\u00f1al\u00f3 D\u00edaz-Canel, que el viernes cumple 58 a\u00f1os, en su primer discurso [&hellip;]<\/p>\n","protected":false},"author":1,"featured_media":976329,"comment_status":"closed","ping_status":"closed","sticky":false,"template":"","format":"standard","meta":{"footnotes":""},"categories":[1],"tags":[],"class_list":["post-976695","post","type-post","status-publish","format-standard","has-post-thumbnail","hentry","category-actualidad"],"aioseo_notices":[],"aioseo_head":"\n\t\t<!-- All in One SEO Pro 5.0.1 - aioseo.com -->\n\t<meta name=\"description\" content=\"La Habana, 19 abr (dpa) - Cuba inici\u00f3 hoy una nueva era con el nombramiento como presidente de Miguel D\u00edaz-Canel, que se convierte en el primer gobernante en casi seis d\u00e9cadas que no pertenece a la familia Castro. &quot;La Revoluci\u00f3n sigue y seguir\u00e1&quot;, se\u00f1al\u00f3 D\u00edaz-Canel, que el viernes cumple 58 a\u00f1os, en su primer discurso\" \/>\n\t<meta name=\"robots\" content=\"max-image-preview:large\" \/>\n\t<meta name=\"author\" content=\"El Digital de Asturias\"\/>\n\t<meta name=\"google-site-verification\" content=\"UA-38556648-1\" \/>\n\t<meta name=\"msvalidate.01\" content=\"7dfe9f3f1b24437ab69f4f2559babe99\" \/>\n\t<meta name=\"keywords\" content=\"actualidad\" \/>\n\t<link rel=\"canonical\" href=\"https:\/\/www.eldigitaldeasturias.com\/noticias\/diaz-canel-asume-la-presidencia-de-cuba-la-revolucion-sigue-y-seguira\/\" \/>\n\t<meta name=\"generator\" content=\"All in One SEO Pro (AIOSEO) 5.0.1\" \/>\n\t\t<meta property=\"og:locale\" content=\"es_ES\" \/>\n\t\t<meta property=\"og:site_name\" content=\"El Digital de Asturias\" \/>\n\t\t<meta property=\"og:type\" content=\"article\" \/>\n\t\t<meta property=\"og:title\" content=\"D\u00edaz-Canel asume la Presidencia de Cuba: \u00abLa Revoluci\u00f3n sigue y seguir\u00e1\u00bb - El Digital de Asturias\" \/>\n\t\t<meta property=\"og:description\" content=\"La Habana, 19 abr (dpa) - Cuba inici\u00f3 hoy una nueva era con el nombramiento como presidente de Miguel D\u00edaz-Canel, que se convierte en el primer gobernante en casi seis d\u00e9cadas que no pertenece a la familia Castro. &quot;La Revoluci\u00f3n sigue y seguir\u00e1&quot;, se\u00f1al\u00f3 D\u00edaz-Canel, que el viernes cumple 58 a\u00f1os, en su primer discurso\" \/>\n\t\t<meta property=\"og:url\" content=\"https:\/\/www.eldigitaldeasturias.com\/noticias\/diaz-canel-asume-la-presidencia-de-cuba-la-revolucion-sigue-y-seguira\/\" \/>\n\t\t<meta property=\"article:tag\" content=\"actualidad\" \/>\n\t\t<meta property=\"article:published_time\" content=\"2018-04-20T05:30:09+00:00\" \/>\n\t\t<meta property=\"article:modified_time\" content=\"2018-04-20T05:30:09+00:00\" \/>\n\t\t<meta property=\"article:publisher\" content=\"https:\/\/facebook.com\/eldigitaldeasturias\" \/>\n\t\t<meta name=\"twitter:card\" content=\"summary_large_image\" \/>\n\t\t<meta name=\"twitter:title\" content=\"D\u00edaz-Canel asume la Presidencia de Cuba: \u00abLa Revoluci\u00f3n sigue y seguir\u00e1\u00bb - El Digital de Asturias\" \/>\n\t\t<meta name=\"twitter:description\" content=\"La Habana, 19 abr (dpa) - Cuba inici\u00f3 hoy una nueva era con el nombramiento como presidente de Miguel D\u00edaz-Canel, que se convierte en el primer gobernante en casi seis d\u00e9cadas que no pertenece a la familia Castro. &quot;La Revoluci\u00f3n sigue y seguir\u00e1&quot;, se\u00f1al\u00f3 D\u00edaz-Canel, que el viernes cumple 58 a\u00f1os, en su primer discurso\" \/>\n\t\t<meta name=\"twitter:image\" content=\"https:\/\/www.eldigitaldeasturias.com\/noticias\/wp-content\/uploads\/2020\/12\/EDA-1.jpg\" \/>\n\t\t<meta name=\"twitter:label1\" content=\"Escrito por\" \/>\n\t\t<meta name=\"twitter:data1\" content=\"El Digital de Asturias\" \/>\n\t\t<meta name=\"twitter:label2\" content=\"Tiempo de lectura estimado\" \/>\n\t\t<meta name=\"twitter:data2\" content=\"3 minutos\" \/>\n\t\t<script type=\"application\/ld+json\" class=\"aioseo-schema\">\n\t\t\t{\"@context\":\"https:\\\/\\\/schema.org\",\"@graph\":[{\"@type\":\"BlogPosting\",\"@id\":\"https:\\\/\\\/www.eldigitaldeasturias.com\\\/noticias\\\/diaz-canel-asume-la-presidencia-de-cuba-la-revolucion-sigue-y-seguira\\\/#blogposting\",\"name\":\"D\\u00edaz-Canel asume la Presidencia de Cuba: \\u00abLa Revoluci\\u00f3n sigue y seguir\\u00e1\\u00bb - El Digital de Asturias\",\"headline\":\"D\\u00edaz-Canel asume la Presidencia de Cuba: \\u00abLa Revoluci\\u00f3n sigue y seguir\\u00e1\\u00bb\",\"author\":{\"@id\":\"https:\\\/\\\/www.eldigitaldeasturias.com\\\/noticias\\\/author\\\/admin\\\/#author\"},\"publisher\":{\"@id\":\"https:\\\/\\\/www.eldigitaldeasturias.com\\\/noticias\\\/#organization\"},\"image\":{\"@type\":\"ImageObject\",\"url\":976329},\"datePublished\":\"2018-04-20T05:30:09+02:00\",\"dateModified\":\"2018-04-20T05:30:09+02:00\",\"inLanguage\":\"es-ES\",\"mainEntityOfPage\":{\"@id\":\"https:\\\/\\\/www.eldigitaldeasturias.com\\\/noticias\\\/diaz-canel-asume-la-presidencia-de-cuba-la-revolucion-sigue-y-seguira\\\/#webpage\"},\"isPartOf\":{\"@id\":\"https:\\\/\\\/www.eldigitaldeasturias.com\\\/noticias\\\/diaz-canel-asume-la-presidencia-de-cuba-la-revolucion-sigue-y-seguira\\\/#webpage\"},\"articleSection\":\"Actualidad\"},{\"@type\":\"BreadcrumbList\",\"@id\":\"https:\\\/\\\/www.eldigitaldeasturias.com\\\/noticias\\\/diaz-canel-asume-la-presidencia-de-cuba-la-revolucion-sigue-y-seguira\\\/#breadcrumblist\",\"itemListElement\":[{\"@type\":\"ListItem\",\"@id\":\"https:\\\/\\\/www.eldigitaldeasturias.com\\\/noticias#listItem\",\"position\":1,\"name\":\"Home\",\"item\":\"https:\\\/\\\/www.eldigitaldeasturias.com\\\/noticias\",\"nextItem\":{\"@type\":\"ListItem\",\"@id\":\"https:\\\/\\\/www.eldigitaldeasturias.com\\\/noticias\\\/category\\\/actualidad\\\/#listItem\",\"name\":\"Actualidad\"}},{\"@type\":\"ListItem\",\"@id\":\"https:\\\/\\\/www.eldigitaldeasturias.com\\\/noticias\\\/category\\\/actualidad\\\/#listItem\",\"position\":2,\"name\":\"Actualidad\",\"item\":\"https:\\\/\\\/www.eldigitaldeasturias.com\\\/noticias\\\/category\\\/actualidad\\\/\",\"nextItem\":{\"@type\":\"ListItem\",\"@id\":\"https:\\\/\\\/www.eldigitaldeasturias.com\\\/noticias\\\/diaz-canel-asume-la-presidencia-de-cuba-la-revolucion-sigue-y-seguira\\\/#listItem\",\"name\":\"D\\u00edaz-Canel asume la Presidencia de Cuba: \\u00abLa Revoluci\\u00f3n sigue y seguir\\u00e1\\u00bb\"},\"previousItem\":{\"@type\":\"ListItem\",\"@id\":\"https:\\\/\\\/www.eldigitaldeasturias.com\\\/noticias#listItem\",\"name\":\"Home\"}},{\"@type\":\"ListItem\",\"@id\":\"https:\\\/\\\/www.eldigitaldeasturias.com\\\/noticias\\\/diaz-canel-asume-la-presidencia-de-cuba-la-revolucion-sigue-y-seguira\\\/#listItem\",\"position\":3,\"name\":\"D\\u00edaz-Canel asume la Presidencia de Cuba: \\u00abLa Revoluci\\u00f3n sigue y seguir\\u00e1\\u00bb\",\"previousItem\":{\"@type\":\"ListItem\",\"@id\":\"https:\\\/\\\/www.eldigitaldeasturias.com\\\/noticias\\\/category\\\/actualidad\\\/#listItem\",\"name\":\"Actualidad\"}}]},{\"@type\":\"Organization\",\"@id\":\"https:\\\/\\\/www.eldigitaldeasturias.com\\\/noticias\\\/#organization\",\"name\":\"El Digital de Asturias\",\"description\":\"Hemeroteca\",\"url\":\"https:\\\/\\\/www.eldigitaldeasturias.com\\\/noticias\\\/\",\"email\":\"info@eldigitaldeasturias.com\",\"telephone\":\"+34652131393\",\"logo\":{\"@type\":\"ImageObject\",\"url\":\"https:\\\/\\\/www.eldigitaldeasturias.com\\\/noticias\\\/wp-content\\\/uploads\\\/2020\\\/12\\\/EDA.jpg\",\"@id\":\"https:\\\/\\\/www.eldigitaldeasturias.com\\\/noticias\\\/diaz-canel-asume-la-presidencia-de-cuba-la-revolucion-sigue-y-seguira\\\/#organizationLogo\"},\"image\":{\"@id\":\"https:\\\/\\\/www.eldigitaldeasturias.com\\\/noticias\\\/diaz-canel-asume-la-presidencia-de-cuba-la-revolucion-sigue-y-seguira\\\/#organizationLogo\"},\"sameAs\":[\"https:\\\/\\\/facebook.com\\\/eldigitaldeasturias\",\"https:\\\/\\\/www.youtube.com\\\/channel\\\/UCZP-2wLEB9Rv6erhFmqVnvg\"],\"address\":{\"@id\":\"https:\\\/\\\/www.eldigitaldeasturias.com\\\/noticias\\\/#postaladdress\",\"@type\":\"PostalAddress\",\"streetAddress\":\"san antonio 4\",\"postalCode\":\"33430\",\"addressLocality\":\"Cand\\u00e1s\",\"addressRegion\":\"Asturias\",\"addressCountry\":\"ES\"}},{\"@type\":\"Person\",\"@id\":\"https:\\\/\\\/www.eldigitaldeasturias.com\\\/noticias\\\/author\\\/admin\\\/#author\",\"url\":\"https:\\\/\\\/www.eldigitaldeasturias.com\\\/noticias\\\/author\\\/admin\\\/\",\"name\":\"El Digital de Asturias\",\"image\":{\"@type\":\"ImageObject\",\"@id\":\"https:\\\/\\\/www.eldigitaldeasturias.com\\\/noticias\\\/diaz-canel-asume-la-presidencia-de-cuba-la-revolucion-sigue-y-seguira\\\/#authorImage\",\"url\":\"https:\\\/\\\/secure.gravatar.com\\\/avatar\\\/df2aeffc32bcd13f8d26072ef8a91b623d677766deac7f97ca815868cd41bf5e?s=96&d=mm&r=g\",\"width\":96,\"height\":96,\"caption\":\"El Digital de Asturias\"}},{\"@type\":\"WebPage\",\"@id\":\"https:\\\/\\\/www.eldigitaldeasturias.com\\\/noticias\\\/diaz-canel-asume-la-presidencia-de-cuba-la-revolucion-sigue-y-seguira\\\/#webpage\",\"url\":\"https:\\\/\\\/www.eldigitaldeasturias.com\\\/noticias\\\/diaz-canel-asume-la-presidencia-de-cuba-la-revolucion-sigue-y-seguira\\\/\",\"name\":\"D\\u00edaz-Canel asume la Presidencia de Cuba: \\u00abLa Revoluci\\u00f3n sigue y seguir\\u00e1\\u00bb - El Digital de Asturias\",\"description\":\"La Habana, 19 abr (dpa) - Cuba inici\\u00f3 hoy una nueva era con el nombramiento como presidente de Miguel D\\u00edaz-Canel, que se convierte en el primer gobernante en casi seis d\\u00e9cadas que no pertenece a la familia Castro. \\\"La Revoluci\\u00f3n sigue y seguir\\u00e1\\\", se\\u00f1al\\u00f3 D\\u00edaz-Canel, que el viernes cumple 58 a\\u00f1os, en su primer discurso\",\"inLanguage\":\"es-ES\",\"isPartOf\":{\"@id\":\"https:\\\/\\\/www.eldigitaldeasturias.com\\\/noticias\\\/#website\"},\"breadcrumb\":{\"@id\":\"https:\\\/\\\/www.eldigitaldeasturias.com\\\/noticias\\\/diaz-canel-asume-la-presidencia-de-cuba-la-revolucion-sigue-y-seguira\\\/#breadcrumblist\"},\"author\":{\"@id\":\"https:\\\/\\\/www.eldigitaldeasturias.com\\\/noticias\\\/author\\\/admin\\\/#author\"},\"creator\":{\"@id\":\"https:\\\/\\\/www.eldigitaldeasturias.com\\\/noticias\\\/author\\\/admin\\\/#author\"},\"image\":{\"@type\":\"ImageObject\",\"url\":976329,\"@id\":\"https:\\\/\\\/www.eldigitaldeasturias.com\\\/noticias\\\/diaz-canel-asume-la-presidencia-de-cuba-la-revolucion-sigue-y-seguira\\\/#mainImage\"},\"primaryImageOfPage\":{\"@id\":\"https:\\\/\\\/www.eldigitaldeasturias.com\\\/noticias\\\/diaz-canel-asume-la-presidencia-de-cuba-la-revolucion-sigue-y-seguira\\\/#mainImage\"},\"datePublished\":\"2018-04-20T05:30:09+02:00\",\"dateModified\":\"2018-04-20T05:30:09+02:00\"},{\"@type\":\"WebSite\",\"@id\":\"https:\\\/\\\/www.eldigitaldeasturias.com\\\/noticias\\\/#website\",\"url\":\"https:\\\/\\\/www.eldigitaldeasturias.com\\\/noticias\\\/\",\"name\":\"El Digital de Asturias - Diario de actualidad y noticias\",\"alternateName\":\"El Digital de Asturias - Diario de actualidad y noticias\",\"description\":\"Hemeroteca\",\"inLanguage\":\"es-ES\",\"publisher\":{\"@id\":\"https:\\\/\\\/www.eldigitaldeasturias.com\\\/noticias\\\/#organization\"}}]}\n\t\t<\/script>\n\t\t<!-- All in One SEO Pro -->\r\n\t\t<title>D\u00edaz-Canel asume la Presidencia de Cuba: \u00abLa Revoluci\u00f3n sigue y seguir\u00e1\u00bb - El Digital de Asturias<\/title>\n\n","aioseo_head_json":{"title":"D\u00edaz-Canel asume la Presidencia de Cuba: \u00abLa Revoluci\u00f3n sigue y seguir\u00e1\u00bb - El Digital de Asturias","description":"La Habana, 19 abr (dpa) - Cuba inici\u00f3 hoy una nueva era con el nombramiento como presidente de Miguel D\u00edaz-Canel, que se convierte en el primer gobernante en casi seis d\u00e9cadas que no pertenece a la familia Castro. \"La Revoluci\u00f3n sigue y seguir\u00e1\", se\u00f1al\u00f3 D\u00edaz-Canel, que el viernes cumple 58 a\u00f1os, en su primer discurso","canonical_url":"https:\/\/www.eldigitaldeasturias.com\/noticias\/diaz-canel-asume-la-presidencia-de-cuba-la-revolucion-sigue-y-seguira\/","robots":"max-image-preview:large","keywords":"actualidad","webmasterTools":{"google-site-verification":"UA-38556648-1","msvalidate.01":"7dfe9f3f1b24437ab69f4f2559babe99","miscellaneous":""},"schema":{"@context":"https:\/\/schema.org","@graph":[{"@type":"BlogPosting","@id":"https:\/\/www.eldigitaldeasturias.com\/noticias\/diaz-canel-asume-la-presidencia-de-cuba-la-revolucion-sigue-y-seguira\/#blogposting","name":"D\u00edaz-Canel asume la Presidencia de Cuba: \u00abLa Revoluci\u00f3n sigue y seguir\u00e1\u00bb - El Digital de Asturias","headline":"D\u00edaz-Canel asume la Presidencia de Cuba: \u00abLa Revoluci\u00f3n sigue y seguir\u00e1\u00bb","author":{"@id":"https:\/\/www.eldigitaldeasturias.com\/noticias\/author\/admin\/#author"},"publisher":{"@id":"https:\/\/www.eldigitaldeasturias.com\/noticias\/#organization"},"image":{"@type":"ImageObject","url":976329},"datePublished":"2018-04-20T05:30:09+02:00","dateModified":"2018-04-20T05:30:09+02:00","inLanguage":"es-ES","mainEntityOfPage":{"@id":"https:\/\/www.eldigitaldeasturias.com\/noticias\/diaz-canel-asume-la-presidencia-de-cuba-la-revolucion-sigue-y-seguira\/#webpage"},"isPartOf":{"@id":"https:\/\/www.eldigitaldeasturias.com\/noticias\/diaz-canel-asume-la-presidencia-de-cuba-la-revolucion-sigue-y-seguira\/#webpage"},"articleSection":"Actualidad"},{"@type":"BreadcrumbList","@id":"https:\/\/www.eldigitaldeasturias.com\/noticias\/diaz-canel-asume-la-presidencia-de-cuba-la-revolucion-sigue-y-seguira\/#breadcrumblist","itemListElement":[{"@type":"ListItem","@id":"https:\/\/www.eldigitaldeasturias.com\/noticias#listItem","position":1,"name":"Home","item":"https:\/\/www.eldigitaldeasturias.com\/noticias","nextItem":{"@type":"ListItem","@id":"https:\/\/www.eldigitaldeasturias.com\/noticias\/category\/actualidad\/#listItem","name":"Actualidad"}},{"@type":"ListItem","@id":"https:\/\/www.eldigitaldeasturias.com\/noticias\/category\/actualidad\/#listItem","position":2,"name":"Actualidad","item":"https:\/\/www.eldigitaldeasturias.com\/noticias\/category\/actualidad\/","nextItem":{"@type":"ListItem","@id":"https:\/\/www.eldigitaldeasturias.com\/noticias\/diaz-canel-asume-la-presidencia-de-cuba-la-revolucion-sigue-y-seguira\/#listItem","name":"D\u00edaz-Canel asume la Presidencia de Cuba: \u00abLa Revoluci\u00f3n sigue y seguir\u00e1\u00bb"},"previousItem":{"@type":"ListItem","@id":"https:\/\/www.eldigitaldeasturias.com\/noticias#listItem","name":"Home"}},{"@type":"ListItem","@id":"https:\/\/www.eldigitaldeasturias.com\/noticias\/diaz-canel-asume-la-presidencia-de-cuba-la-revolucion-sigue-y-seguira\/#listItem","position":3,"name":"D\u00edaz-Canel asume la Presidencia de Cuba: \u00abLa Revoluci\u00f3n sigue y seguir\u00e1\u00bb","previousItem":{"@type":"ListItem","@id":"https:\/\/www.eldigitaldeasturias.com\/noticias\/category\/actualidad\/#listItem","name":"Actualidad"}}]},{"@type":"Organization","@id":"https:\/\/www.eldigitaldeasturias.com\/noticias\/#organization","name":"El Digital de Asturias","description":"Hemeroteca","url":"https:\/\/www.eldigitaldeasturias.com\/noticias\/","email":"info@eldigitaldeasturias.com","telephone":"+34652131393","logo":{"@type":"ImageObject","url":"https:\/\/www.eldigitaldeasturias.com\/noticias\/wp-content\/uploads\/2020\/12\/EDA.jpg","@id":"https:\/\/www.eldigitaldeasturias.com\/noticias\/diaz-canel-asume-la-presidencia-de-cuba-la-revolucion-sigue-y-seguira\/#organizationLogo"},"image":{"@id":"https:\/\/www.eldigitaldeasturias.com\/noticias\/diaz-canel-asume-la-presidencia-de-cuba-la-revolucion-sigue-y-seguira\/#organizationLogo"},"sameAs":["https:\/\/facebook.com\/eldigitaldeasturias","https:\/\/www.youtube.com\/channel\/UCZP-2wLEB9Rv6erhFmqVnvg"],"address":{"@id":"https:\/\/www.eldigitaldeasturias.com\/noticias\/#postaladdress","@type":"PostalAddress","streetAddress":"san antonio 4","postalCode":"33430","addressLocality":"Cand\u00e1s","addressRegion":"Asturias","addressCountry":"ES"}},{"@type":"Person","@id":"https:\/\/www.eldigitaldeasturias.com\/noticias\/author\/admin\/#author","url":"https:\/\/www.eldigitaldeasturias.com\/noticias\/author\/admin\/","name":"El Digital de Asturias","image":{"@type":"ImageObject","@id":"https:\/\/www.eldigitaldeasturias.com\/noticias\/diaz-canel-asume-la-presidencia-de-cuba-la-revolucion-sigue-y-seguira\/#authorImage","url":"https:\/\/secure.gravatar.com\/avatar\/df2aeffc32bcd13f8d26072ef8a91b623d677766deac7f97ca815868cd41bf5e?s=96&d=mm&r=g","width":96,"height":96,"caption":"El Digital de Asturias"}},{"@type":"WebPage","@id":"https:\/\/www.eldigitaldeasturias.com\/noticias\/diaz-canel-asume-la-presidencia-de-cuba-la-revolucion-sigue-y-seguira\/#webpage","url":"https:\/\/www.eldigitaldeasturias.com\/noticias\/diaz-canel-asume-la-presidencia-de-cuba-la-revolucion-sigue-y-seguira\/","name":"D\u00edaz-Canel asume la Presidencia de Cuba: \u00abLa Revoluci\u00f3n sigue y seguir\u00e1\u00bb - El Digital de Asturias","description":"La Habana, 19 abr (dpa) - Cuba inici\u00f3 hoy una nueva era con el nombramiento como presidente de Miguel D\u00edaz-Canel, que se convierte en el primer gobernante en casi seis d\u00e9cadas que no pertenece a la familia Castro. \"La Revoluci\u00f3n sigue y seguir\u00e1\", se\u00f1al\u00f3 D\u00edaz-Canel, que el viernes cumple 58 a\u00f1os, en su primer discurso","inLanguage":"es-ES","isPartOf":{"@id":"https:\/\/www.eldigitaldeasturias.com\/noticias\/#website"},"breadcrumb":{"@id":"https:\/\/www.eldigitaldeasturias.com\/noticias\/diaz-canel-asume-la-presidencia-de-cuba-la-revolucion-sigue-y-seguira\/#breadcrumblist"},"author":{"@id":"https:\/\/www.eldigitaldeasturias.com\/noticias\/author\/admin\/#author"},"creator":{"@id":"https:\/\/www.eldigitaldeasturias.com\/noticias\/author\/admin\/#author"},"image":{"@type":"ImageObject","url":976329,"@id":"https:\/\/www.eldigitaldeasturias.com\/noticias\/diaz-canel-asume-la-presidencia-de-cuba-la-revolucion-sigue-y-seguira\/#mainImage"},"primaryImageOfPage":{"@id":"https:\/\/www.eldigitaldeasturias.com\/noticias\/diaz-canel-asume-la-presidencia-de-cuba-la-revolucion-sigue-y-seguira\/#mainImage"},"datePublished":"2018-04-20T05:30:09+02:00","dateModified":"2018-04-20T05:30:09+02:00"},{"@type":"WebSite","@id":"https:\/\/www.eldigitaldeasturias.com\/noticias\/#website","url":"https:\/\/www.eldigitaldeasturias.com\/noticias\/","name":"El Digital de Asturias - Diario de actualidad y noticias","alternateName":"El Digital de Asturias - Diario de actualidad y noticias","description":"Hemeroteca","inLanguage":"es-ES","publisher":{"@id":"https:\/\/www.eldigitaldeasturias.com\/noticias\/#organization"}}]},"og:locale":"es_ES","og:site_name":"El Digital de Asturias","og:type":"article","og:title":"D\u00edaz-Canel asume la Presidencia de Cuba: \u00abLa Revoluci\u00f3n sigue y seguir\u00e1\u00bb - El Digital de Asturias","og:description":"La Habana, 19 abr (dpa) - Cuba inici\u00f3 hoy una nueva era con el nombramiento como presidente de Miguel D\u00edaz-Canel, que se convierte en el primer gobernante en casi seis d\u00e9cadas que no pertenece a la familia Castro. &quot;La Revoluci\u00f3n sigue y seguir\u00e1&quot;, se\u00f1al\u00f3 D\u00edaz-Canel, que el viernes cumple 58 a\u00f1os, en su primer discurso","og:url":"https:\/\/www.eldigitaldeasturias.com\/noticias\/diaz-canel-asume-la-presidencia-de-cuba-la-revolucion-sigue-y-seguira\/","article:tag":["actualidad"],"article:published_time":"2018-04-20T05:30:09+00:00","article:modified_time":"2018-04-20T05:30:09+00:00","article:publisher":"https:\/\/facebook.com\/eldigitaldeasturias","twitter:card":"summary_large_image","twitter:title":"D\u00edaz-Canel asume la Presidencia de Cuba: \u00abLa Revoluci\u00f3n sigue y seguir\u00e1\u00bb - El Digital de Asturias","twitter:description":"La Habana, 19 abr (dpa) - Cuba inici\u00f3 hoy una nueva era con el nombramiento como presidente de Miguel D\u00edaz-Canel, que se convierte en el primer gobernante en casi seis d\u00e9cadas que no pertenece a la familia Castro. &quot;La Revoluci\u00f3n sigue y seguir\u00e1&quot;, se\u00f1al\u00f3 D\u00edaz-Canel, que el viernes cumple 58 a\u00f1os, en su primer discurso","twitter:image":"https:\/\/www.eldigitaldeasturias.com\/noticias\/wp-content\/uploads\/2020\/12\/EDA-1.jpg","twitter:label1":"Escrito por","twitter:data1":"El Digital de Asturias","twitter:label2":"Tiempo de lectura estimado","twitter:data2":"3 minutos"},"aioseo_meta_data":{"post_id":"976695","title":null,"description":null,"keywords":null,"keyphrases":null,"primary_term":null,"canonical_url":null,"og_title":null,"og_description":null,"og_object_type":"default","og_image_type":"default","og_image_url":null,"og_image_width":null,"og_image_height":null,"og_image_custom_url":null,"og_image_custom_fields":null,"og_video":null,"og_custom_url":null,"og_article_section":null,"og_article_tags":null,"twitter_use_og":false,"twitter_card":"default","twitter_image_type":"default","twitter_image_url":null,"twitter_image_custom_url":null,"twitter_image_custom_fields":null,"twitter_title":null,"twitter_description":null,"schema":{"blockGraphs":[],"customGraphs":[],"default":{"data":{"Article":[],"Course":[],"Dataset":[],"FAQPage":[],"Movie":[],"Person":[],"Product":[],"ProductReview":[],"Car":[],"Recipe":[],"Service":[],"SoftwareApplication":[],"WebPage":[]},"graphName":"","isEnabled":true},"graphs":[],"defaultGraph":"","defaultPostTypeGraph":""},"schema_type":null,"schema_type_options":null,"pillar_content":false,"robots_default":true,"robots_noindex":false,"robots_noarchive":false,"robots_nosnippet":false,"robots_nofollow":false,"robots_noimageindex":false,"robots_noodp":false,"robots_notranslate":false,"robots_max_snippet":null,"robots_max_videopreview":null,"robots_max_imagepreview":"large","priority":null,"frequency":null,"local_seo":null,"seo_analyzer_scan_date":"2025-10-08 04:45:42","breadcrumb_settings":null,"limit_modified_date":false,"open_ai":null,"ai":null,"created":"2020-12-21 12:07:37","updated":"2025-10-08 04:45:42","focus_keyword":null,"additional_keywords":null,"truseo_locale":null},"aioseo_breadcrumb":"<div class=\"aioseo-breadcrumbs\"><span class=\"aioseo-breadcrumb\">\n\t<a href=\"https:\/\/www.eldigitaldeasturias.com\/noticias\" title=\"Home\">Home<\/a>\n<\/span><span class=\"aioseo-breadcrumb-separator\">\u2013<\/span><span class=\"aioseo-breadcrumb\">\n\t<a href=\"https:\/\/www.eldigitaldeasturias.com\/noticias\/category\/actualidad\/\" title=\"Actualidad\">Actualidad<\/a>\n<\/span><span class=\"aioseo-breadcrumb-separator\">\u2013<\/span><span class=\"aioseo-breadcrumb\">\n\t<a href=\"https:\/\/www.eldigitaldeasturias.com\/noticias\/diaz-canel-asume-la-presidencia-de-cuba-la-revolucion-sigue-y-seguira\/\" title=\"D\u00edaz-Canel asume la Presidencia de Cuba: \u00abLa Revoluci\u00f3n sigue y seguir\u00e1\u00bb\">D\u00edaz-Canel asume la Presidencia de Cuba: \u00abLa Revoluci\u00f3n sigue y seguir\u00e1\u00bb<\/a>\n<\/span><\/div>","aioseo_breadcrumb_json":[{"label":"Home","link":"https:\/\/www.eldigitaldeasturias.com\/noticias"},{"label":"Actualidad","link":"https:\/\/www.eldigitaldeasturias.com\/noticias\/category\/actualidad\/"},{"label":"D\u00edaz-Canel asume la Presidencia de Cuba: \u00abLa Revoluci\u00f3n sigue y seguir\u00e1\u00bb","link":"https:\/\/www.eldigitaldeasturias.com\/noticias\/diaz-canel-asume-la-presidencia-de-cuba-la-revolucion-sigue-y-seguira\/"}],"_links":{"self":[{"href":"https:\/\/www.eldigitaldeasturias.com\/noticias\/wp-json\/wp\/v2\/posts\/976695","targetHints":{"allow":["GET"]}}],"collection":[{"href":"https:\/\/www.eldigitaldeasturias.com\/noticias\/wp-json\/wp\/v2\/posts"}],"about":[{"href":"https:\/\/www.eldigitaldeasturias.com\/noticias\/wp-json\/wp\/v2\/types\/post"}],"author":[{"embeddable":true,"href":"https:\/\/www.eldigitaldeasturias.com\/noticias\/wp-json\/wp\/v2\/users\/1"}],"replies":[{"embeddable":true,"href":"https:\/\/www.eldigitaldeasturias.com\/noticias\/wp-json\/wp\/v2\/comments?post=976695"}],"version-history":[{"count":0,"href":"https:\/\/www.eldigitaldeasturias.com\/noticias\/wp-json\/wp\/v2\/posts\/976695\/revisions"}],"wp:attachment":[{"href":"https:\/\/www.eldigitaldeasturias.com\/noticias\/wp-json\/wp\/v2\/media?parent=976695"}],"wp:term":[{"taxonomy":"category","embeddable":true,"href":"https:\/\/www.eldigitaldeasturias.com\/noticias\/wp-json\/wp\/v2\/categories?post=976695"},{"taxonomy":"post_tag","embeddable":true,"href":"https:\/\/www.eldigitaldeasturias.com\/noticias\/wp-json\/wp\/v2\/tags?post=976695"}],"curies":[{"name":"wp","href":"https:\/\/api.w.org\/{rel}","templated":true}]}}