{"id":976676,"date":"2018-04-20T05:05:39","date_gmt":"2018-04-20T05:05:39","guid":{"rendered":"http:\/\/www.eldigitaldeasturias.com\/noticias\/?p=976676"},"modified":"2018-04-20T05:05:39","modified_gmt":"2018-04-20T05:05:39","slug":"70-anos-de-israel-de-pais-agricola-a-biotopo-ultramoderno","status":"publish","type":"post","link":"https:\/\/www.eldigitaldeasturias.com\/noticias\/70-anos-de-israel-de-pais-agricola-a-biotopo-ultramoderno\/","title":{"rendered":"70 a\u00f1os de Israel: de pa\u00eds agr\u00edcola a biotopo ultramoderno"},"content":{"rendered":"<p><img loading=\"lazy\" decoding=\"async\" class=\"alignleft size-medium wp-image-976677\" src=\"https:\/\/www.eldigitaldeasturias.com\/noticias\/wp-content\/uploads\/2018\/04\/flag-21096_960_720-360x270.jpg\" alt=\"\" width=\"360\" height=\"270\" \/>Jerusal\u00e9n, 19 abr (dpa) &#8211; Despu\u00e9s de los horrores del Holocausto, en 1948 se hizo realidad el viej\u00edsimo sue\u00f1o de una patria propia para los jud\u00edos en todo el mundo: embriagados de felicidad, miles bailaron tras la fundaci\u00f3n del Estado de Israel en las calles para celebrar el \u00abmilagro\u00bb.<\/p>\n<p>\u00abEst\u00e1bamos desbordados por la alegr\u00eda\u00bb, dice Chaim Kozienicki, superviviente del Holocausto, al recordar el momento en el que el fundador del Estado de Israel, David Ben Gurion, ley\u00f3 la declaraci\u00f3n de independencia el 14 de mayo en Tel Aviv.<\/p>\n<p>Sin embargo, inmediatamemnte despu\u00e9s cinco pa\u00edses \u00e1rabes atacaron Israel. Kozienicki, que hoy tiene casi 90 a\u00f1os, hab\u00eda sobrevivido al gueto de Lodz y al campo de concentraci\u00f3n cerca de Gdansk pero perdi\u00f3 a su familia durante el Holocausto. El joven hombre se enrol\u00f3 voluntariamente en el Ej\u00e9rcito para luchar por el nuevo Estado jud\u00edo.<\/p>\n<p>\u00abCuando efectu\u00e9 durante los combates por primera vez un disparo, creo que fue el momento m\u00e1s feliz de mi vida\u00bb, relata Kozienicki, quien a pesar de su avanzada edad irradia vitalidad y lucidez. \u00abYa de ni\u00f1o en Polonia so\u00f1aba con poder luchar por mi propia patria\u00bb.<\/p>\n<p>Para los palestinos, el d\u00eda de alegr\u00eda para los jud\u00edos fue una cat\u00e1strofe. Unos 700.000 huyeron o fueron expulsados a ra\u00edz de la fundaci\u00f3n del Estado israel\u00ed. Hoy, el n\u00famero de refugiados y sus descendientes asciende a m\u00e1s de cinco millones, porque pod\u00edan \u00ablegar\u00bb su estatus de refugiado a la siguiente generaci\u00f3n.<\/p>\n<p>Por esta raz\u00f3n, tambi\u00e9n los descendientes que viven en campos de refugiados en los territorios palestinos o en los pa\u00edses vecinos reclaman su \u00abderecho al retorno\u00bb a lo que hoy es territorio israel\u00ed. Israel rechaza esta demanda por temor a que esto significar\u00eda la destrucci\u00f3n del Estado jud\u00edo.<\/p>\n<p>Desde hace m\u00e1s de 50 a\u00f1os, Israel mantiene ocupada Cisjordania. El n\u00famero de colonos jud\u00edos en ese territorio y en Jerusal\u00e9n Este ha aumentado a unos 600.000 en ese tiempo. Algunos miembros del Gobierno derechista de Israel exigen que su pa\u00eds se anexione algunas partes de Cisjordania. Si eso llegase a ocurrir, el objetivo palestino de tener un Estado propio probablemente habr\u00eda recibido un golpe mortal.<\/p>\n<p>Debido a su pol\u00edtica inflexible hacia los palestinos, Israel recibe duras cr\u00edticas internacionales y se alzan cada vez m\u00e1s voces a favor de un boicot.<\/p>\n<p>Hasta el d\u00eda de hoy, el conflicto entre las dos partes no tiene visos de soluci\u00f3n. Todos los nuevos intentos de alcanzar un acuerdo de paz definitivo han fracasado. El problema se complica a\u00fan m\u00e1s por la divisi\u00f3n interna de los palestinos. En menos de una d\u00e9cada, Israel libr\u00f3 tres guerras con el movimiento radical Hamas, que gobierna en la Franja de Gaza.<\/p>\n<p>Desde 1860, m\u00e1s de 23.500 soldados y civiles israel\u00edes, as\u00ed como luchadores de la resistencia jud\u00edos han perdido la vida por el conflicto territorial. Desde 1948 ha habido seis guerras \u00e1rabe-israel\u00edes. En el otro bando, miles de personas murieron en dos Intifadas (levantamientos palestinos).<\/p>\n<p>Pese al permanente conflicto, el peque\u00f1o Estado de Israel se ha ido transformando durante sus 70 a\u00f1os de existencia de un pa\u00eds eminentemente agr\u00edcola en una naci\u00f3n desarrollada ultramoderna. En ese per\u00edodo, el n\u00famero de habitantes se ha decuplicado, de 806.000 a m\u00e1s de 8,8 millones. Alrededor de tres cuartas partes son jud\u00edos y poco m\u00e1s de un 20 por ciento, \u00e1rabes.<\/p>\n<p>La Oficina Central de Estad\u00edstica de Israel prev\u00e9 que el pa\u00eds tenga m\u00e1s de 15 millones de habitantes cuando cumpla 100 a\u00f1os, ya que Israel tiene la tasa de natalidad m\u00e1s alta del mundo occidental con una media de tres hijos por mujer.<\/p>\n<p>Pese a que los israel\u00edes se enfrentan a un coste de vida extremadamente alto y a la existencia de una gran brecha entre pobres y ricos, la Organizaci\u00f3n para la Cooperaci\u00f3n y el Desarrollo Econ\u00f3micos (OCDE) ha elogiado recientemente a Israel por su \u00abnotable desempe\u00f1o, con un fuerte crecimiento, una baja tasa de desempleo y unas s\u00f3lidas finanzas p\u00fablicas\u00bb.<\/p>\n<p>En Israel hay casi 6.000 empresas emergentes, muchas de ellas en Tel Aviv, y unos 300 institutos de investigaci\u00f3n y desarrollo de empresas multinacionales. El ex primer ministro Ehud Barak calific\u00f3 a Israel como una \u00abvilla en medio de la selva\u00bb, un biotopo ultramoderno rodeado de vecinos hostiles imprevisibles.<\/p>\n<p>La fundaci\u00f3n de Israel, una \u00abobra sionista\u00bb como la llaman los enemigos del pa\u00eds, dio lugar a una profunda enemistad y varias guerras con los vecinos. Es cierto que Egipto y Jordania cerraron hace muchos a\u00f1os acuerdos de paz con Israel, pero las relaciones siguen siendo g\u00e9lidas.<\/p>\n<p>Curiosamente, el ascenso de un enemigo com\u00fan en la regi\u00f3n podr\u00eda conducir a un acercamiento entre Israel y el mundo \u00e1rabe: tanto Israel como el reino sunita de Arabia Saud\u00ed aplican una pol\u00edtica hostil hacia Ir\u00e1n. Ello explica por qu\u00e9 el pr\u00edncipe heredero saud\u00ed, Mohamed bin Salman, reconoci\u00f3 recientemente el derecho de los israel\u00edes a tener un Estado propio, algo inesperado para un l\u00edder \u00e1rabe.<\/p>\n<p>Para muchos l\u00edderes en el mundo \u00e1rabe, el destino de los palestinos ya solo tiene una importancia secundaria, como tambi\u00e9n lo pusieron en evidencia las protestas relativamente d\u00e9biles por la decisi\u00f3n del presidente de Estados Unidos, Donald Trump, de reconocer Jerusal\u00e9n como capital de Israel.<\/p>\n<p>Por Sara Lemel y Jan Kuhlmann (dpa)<\/p>\n","protected":false},"excerpt":{"rendered":"<p>Jerusal\u00e9n, 19 abr (dpa) &#8211; Despu\u00e9s de los horrores del Holocausto, en 1948 se hizo realidad el viej\u00edsimo sue\u00f1o de una patria propia para los jud\u00edos en todo el mundo: embriagados de felicidad, miles bailaron tras la fundaci\u00f3n del Estado de Israel en las calles para celebrar el \u00abmilagro\u00bb. \u00abEst\u00e1bamos desbordados por la alegr\u00eda\u00bb, dice [&hellip;]<\/p>\n","protected":false},"author":1,"featured_media":976677,"comment_status":"closed","ping_status":"closed","sticky":false,"template":"","format":"standard","meta":{"footnotes":""},"categories":[1],"tags":[],"class_list":["post-976676","post","type-post","status-publish","format-standard","has-post-thumbnail","hentry","category-actualidad"],"aioseo_notices":[],"aioseo_head":"\n\t\t<!-- All in One SEO Pro 5.0.1 - aioseo.com -->\n\t<meta name=\"description\" content=\"Jerusal\u00e9n, 19 abr (dpa) - Despu\u00e9s de los horrores del Holocausto, en 1948 se hizo realidad el viej\u00edsimo sue\u00f1o de una patria propia para los jud\u00edos en todo el mundo: embriagados de felicidad, miles bailaron tras la fundaci\u00f3n del Estado de Israel en las calles para celebrar el &quot;milagro&quot;. &quot;Est\u00e1bamos desbordados por la alegr\u00eda&quot;, dice\" \/>\n\t<meta name=\"robots\" content=\"max-image-preview:large\" \/>\n\t<meta name=\"author\" content=\"El Digital de Asturias\"\/>\n\t<meta name=\"google-site-verification\" content=\"UA-38556648-1\" \/>\n\t<meta name=\"msvalidate.01\" content=\"7dfe9f3f1b24437ab69f4f2559babe99\" \/>\n\t<meta name=\"keywords\" content=\"actualidad\" \/>\n\t<link rel=\"canonical\" href=\"https:\/\/www.eldigitaldeasturias.com\/noticias\/70-anos-de-israel-de-pais-agricola-a-biotopo-ultramoderno\/\" \/>\n\t<meta name=\"generator\" content=\"All in One SEO Pro (AIOSEO) 5.0.1\" \/>\n\t\t<meta property=\"og:locale\" content=\"es_ES\" \/>\n\t\t<meta property=\"og:site_name\" content=\"El Digital de Asturias\" \/>\n\t\t<meta property=\"og:type\" content=\"article\" \/>\n\t\t<meta property=\"og:title\" content=\"70 a\u00f1os de Israel: de pa\u00eds agr\u00edcola a biotopo ultramoderno - El Digital de Asturias\" \/>\n\t\t<meta property=\"og:description\" content=\"Jerusal\u00e9n, 19 abr (dpa) - Despu\u00e9s de los horrores del Holocausto, en 1948 se hizo realidad el viej\u00edsimo sue\u00f1o de una patria propia para los jud\u00edos en todo el mundo: embriagados de felicidad, miles bailaron tras la fundaci\u00f3n del Estado de Israel en las calles para celebrar el &quot;milagro&quot;. &quot;Est\u00e1bamos desbordados por la alegr\u00eda&quot;, dice\" \/>\n\t\t<meta property=\"og:url\" content=\"https:\/\/www.eldigitaldeasturias.com\/noticias\/70-anos-de-israel-de-pais-agricola-a-biotopo-ultramoderno\/\" \/>\n\t\t<meta property=\"article:tag\" content=\"actualidad\" \/>\n\t\t<meta property=\"article:published_time\" content=\"2018-04-20T05:05:39+00:00\" \/>\n\t\t<meta property=\"article:modified_time\" content=\"2018-04-20T05:05:39+00:00\" \/>\n\t\t<meta property=\"article:publisher\" content=\"https:\/\/facebook.com\/eldigitaldeasturias\" \/>\n\t\t<meta name=\"twitter:card\" content=\"summary_large_image\" \/>\n\t\t<meta name=\"twitter:title\" content=\"70 a\u00f1os de Israel: de pa\u00eds agr\u00edcola a biotopo ultramoderno - El Digital de Asturias\" \/>\n\t\t<meta name=\"twitter:description\" content=\"Jerusal\u00e9n, 19 abr (dpa) - Despu\u00e9s de los horrores del Holocausto, en 1948 se hizo realidad el viej\u00edsimo sue\u00f1o de una patria propia para los jud\u00edos en todo el mundo: embriagados de felicidad, miles bailaron tras la fundaci\u00f3n del Estado de Israel en las calles para celebrar el &quot;milagro&quot;. &quot;Est\u00e1bamos desbordados por la alegr\u00eda&quot;, dice\" \/>\n\t\t<meta name=\"twitter:image\" content=\"https:\/\/www.eldigitaldeasturias.com\/noticias\/wp-content\/uploads\/2020\/12\/EDA-1.jpg\" \/>\n\t\t<meta name=\"twitter:label1\" content=\"Escrito por\" \/>\n\t\t<meta name=\"twitter:data1\" content=\"El Digital de Asturias\" \/>\n\t\t<meta name=\"twitter:label2\" content=\"Tiempo de lectura estimado\" \/>\n\t\t<meta name=\"twitter:data2\" content=\"5 minutos\" \/>\n\t\t<script type=\"application\/ld+json\" class=\"aioseo-schema\">\n\t\t\t{\"@context\":\"https:\\\/\\\/schema.org\",\"@graph\":[{\"@type\":\"BlogPosting\",\"@id\":\"https:\\\/\\\/www.eldigitaldeasturias.com\\\/noticias\\\/70-anos-de-israel-de-pais-agricola-a-biotopo-ultramoderno\\\/#blogposting\",\"name\":\"70 a\\u00f1os de Israel: de pa\\u00eds agr\\u00edcola a biotopo ultramoderno - El Digital de Asturias\",\"headline\":\"70 a\\u00f1os de Israel: de pa\\u00eds agr\\u00edcola a biotopo ultramoderno\",\"author\":{\"@id\":\"https:\\\/\\\/www.eldigitaldeasturias.com\\\/noticias\\\/author\\\/admin\\\/#author\"},\"publisher\":{\"@id\":\"https:\\\/\\\/www.eldigitaldeasturias.com\\\/noticias\\\/#organization\"},\"image\":{\"@type\":\"ImageObject\",\"url\":976677},\"datePublished\":\"2018-04-20T05:05:39+02:00\",\"dateModified\":\"2018-04-20T05:05:39+02:00\",\"inLanguage\":\"es-ES\",\"mainEntityOfPage\":{\"@id\":\"https:\\\/\\\/www.eldigitaldeasturias.com\\\/noticias\\\/70-anos-de-israel-de-pais-agricola-a-biotopo-ultramoderno\\\/#webpage\"},\"isPartOf\":{\"@id\":\"https:\\\/\\\/www.eldigitaldeasturias.com\\\/noticias\\\/70-anos-de-israel-de-pais-agricola-a-biotopo-ultramoderno\\\/#webpage\"},\"articleSection\":\"Actualidad\"},{\"@type\":\"BreadcrumbList\",\"@id\":\"https:\\\/\\\/www.eldigitaldeasturias.com\\\/noticias\\\/70-anos-de-israel-de-pais-agricola-a-biotopo-ultramoderno\\\/#breadcrumblist\",\"itemListElement\":[{\"@type\":\"ListItem\",\"@id\":\"https:\\\/\\\/www.eldigitaldeasturias.com\\\/noticias#listItem\",\"position\":1,\"name\":\"Home\",\"item\":\"https:\\\/\\\/www.eldigitaldeasturias.com\\\/noticias\",\"nextItem\":{\"@type\":\"ListItem\",\"@id\":\"https:\\\/\\\/www.eldigitaldeasturias.com\\\/noticias\\\/category\\\/actualidad\\\/#listItem\",\"name\":\"Actualidad\"}},{\"@type\":\"ListItem\",\"@id\":\"https:\\\/\\\/www.eldigitaldeasturias.com\\\/noticias\\\/category\\\/actualidad\\\/#listItem\",\"position\":2,\"name\":\"Actualidad\",\"item\":\"https:\\\/\\\/www.eldigitaldeasturias.com\\\/noticias\\\/category\\\/actualidad\\\/\",\"nextItem\":{\"@type\":\"ListItem\",\"@id\":\"https:\\\/\\\/www.eldigitaldeasturias.com\\\/noticias\\\/70-anos-de-israel-de-pais-agricola-a-biotopo-ultramoderno\\\/#listItem\",\"name\":\"70 a\\u00f1os de Israel: de pa\\u00eds agr\\u00edcola a biotopo ultramoderno\"},\"previousItem\":{\"@type\":\"ListItem\",\"@id\":\"https:\\\/\\\/www.eldigitaldeasturias.com\\\/noticias#listItem\",\"name\":\"Home\"}},{\"@type\":\"ListItem\",\"@id\":\"https:\\\/\\\/www.eldigitaldeasturias.com\\\/noticias\\\/70-anos-de-israel-de-pais-agricola-a-biotopo-ultramoderno\\\/#listItem\",\"position\":3,\"name\":\"70 a\\u00f1os de Israel: de pa\\u00eds agr\\u00edcola a biotopo ultramoderno\",\"previousItem\":{\"@type\":\"ListItem\",\"@id\":\"https:\\\/\\\/www.eldigitaldeasturias.com\\\/noticias\\\/category\\\/actualidad\\\/#listItem\",\"name\":\"Actualidad\"}}]},{\"@type\":\"Organization\",\"@id\":\"https:\\\/\\\/www.eldigitaldeasturias.com\\\/noticias\\\/#organization\",\"name\":\"El Digital de Asturias\",\"description\":\"Hemeroteca\",\"url\":\"https:\\\/\\\/www.eldigitaldeasturias.com\\\/noticias\\\/\",\"email\":\"info@eldigitaldeasturias.com\",\"telephone\":\"+34652131393\",\"logo\":{\"@type\":\"ImageObject\",\"url\":\"https:\\\/\\\/www.eldigitaldeasturias.com\\\/noticias\\\/wp-content\\\/uploads\\\/2020\\\/12\\\/EDA.jpg\",\"@id\":\"https:\\\/\\\/www.eldigitaldeasturias.com\\\/noticias\\\/70-anos-de-israel-de-pais-agricola-a-biotopo-ultramoderno\\\/#organizationLogo\"},\"image\":{\"@id\":\"https:\\\/\\\/www.eldigitaldeasturias.com\\\/noticias\\\/70-anos-de-israel-de-pais-agricola-a-biotopo-ultramoderno\\\/#organizationLogo\"},\"sameAs\":[\"https:\\\/\\\/facebook.com\\\/eldigitaldeasturias\",\"https:\\\/\\\/www.youtube.com\\\/channel\\\/UCZP-2wLEB9Rv6erhFmqVnvg\"],\"address\":{\"@id\":\"https:\\\/\\\/www.eldigitaldeasturias.com\\\/noticias\\\/#postaladdress\",\"@type\":\"PostalAddress\",\"streetAddress\":\"san antonio 4\",\"postalCode\":\"33430\",\"addressLocality\":\"Cand\\u00e1s\",\"addressRegion\":\"Asturias\",\"addressCountry\":\"ES\"}},{\"@type\":\"Person\",\"@id\":\"https:\\\/\\\/www.eldigitaldeasturias.com\\\/noticias\\\/author\\\/admin\\\/#author\",\"url\":\"https:\\\/\\\/www.eldigitaldeasturias.com\\\/noticias\\\/author\\\/admin\\\/\",\"name\":\"El Digital de Asturias\",\"image\":{\"@type\":\"ImageObject\",\"@id\":\"https:\\\/\\\/www.eldigitaldeasturias.com\\\/noticias\\\/70-anos-de-israel-de-pais-agricola-a-biotopo-ultramoderno\\\/#authorImage\",\"url\":\"https:\\\/\\\/secure.gravatar.com\\\/avatar\\\/df2aeffc32bcd13f8d26072ef8a91b623d677766deac7f97ca815868cd41bf5e?s=96&d=mm&r=g\",\"width\":96,\"height\":96,\"caption\":\"El Digital de Asturias\"}},{\"@type\":\"WebPage\",\"@id\":\"https:\\\/\\\/www.eldigitaldeasturias.com\\\/noticias\\\/70-anos-de-israel-de-pais-agricola-a-biotopo-ultramoderno\\\/#webpage\",\"url\":\"https:\\\/\\\/www.eldigitaldeasturias.com\\\/noticias\\\/70-anos-de-israel-de-pais-agricola-a-biotopo-ultramoderno\\\/\",\"name\":\"70 a\\u00f1os de Israel: de pa\\u00eds agr\\u00edcola a biotopo ultramoderno - El Digital de Asturias\",\"description\":\"Jerusal\\u00e9n, 19 abr (dpa) - Despu\\u00e9s de los horrores del Holocausto, en 1948 se hizo realidad el viej\\u00edsimo sue\\u00f1o de una patria propia para los jud\\u00edos en todo el mundo: embriagados de felicidad, miles bailaron tras la fundaci\\u00f3n del Estado de Israel en las calles para celebrar el \\\"milagro\\\". \\\"Est\\u00e1bamos desbordados por la alegr\\u00eda\\\", dice\",\"inLanguage\":\"es-ES\",\"isPartOf\":{\"@id\":\"https:\\\/\\\/www.eldigitaldeasturias.com\\\/noticias\\\/#website\"},\"breadcrumb\":{\"@id\":\"https:\\\/\\\/www.eldigitaldeasturias.com\\\/noticias\\\/70-anos-de-israel-de-pais-agricola-a-biotopo-ultramoderno\\\/#breadcrumblist\"},\"author\":{\"@id\":\"https:\\\/\\\/www.eldigitaldeasturias.com\\\/noticias\\\/author\\\/admin\\\/#author\"},\"creator\":{\"@id\":\"https:\\\/\\\/www.eldigitaldeasturias.com\\\/noticias\\\/author\\\/admin\\\/#author\"},\"image\":{\"@type\":\"ImageObject\",\"url\":976677,\"@id\":\"https:\\\/\\\/www.eldigitaldeasturias.com\\\/noticias\\\/70-anos-de-israel-de-pais-agricola-a-biotopo-ultramoderno\\\/#mainImage\"},\"primaryImageOfPage\":{\"@id\":\"https:\\\/\\\/www.eldigitaldeasturias.com\\\/noticias\\\/70-anos-de-israel-de-pais-agricola-a-biotopo-ultramoderno\\\/#mainImage\"},\"datePublished\":\"2018-04-20T05:05:39+02:00\",\"dateModified\":\"2018-04-20T05:05:39+02:00\"},{\"@type\":\"WebSite\",\"@id\":\"https:\\\/\\\/www.eldigitaldeasturias.com\\\/noticias\\\/#website\",\"url\":\"https:\\\/\\\/www.eldigitaldeasturias.com\\\/noticias\\\/\",\"name\":\"El Digital de Asturias - Diario de actualidad y noticias\",\"alternateName\":\"El Digital de Asturias - Diario de actualidad y noticias\",\"description\":\"Hemeroteca\",\"inLanguage\":\"es-ES\",\"publisher\":{\"@id\":\"https:\\\/\\\/www.eldigitaldeasturias.com\\\/noticias\\\/#organization\"}}]}\n\t\t<\/script>\n\t\t<!-- All in One SEO Pro -->\r\n\t\t<title>70 a\u00f1os de Israel: de pa\u00eds agr\u00edcola a biotopo ultramoderno - El Digital de Asturias<\/title>\n\n","aioseo_head_json":{"title":"70 a\u00f1os de Israel: de pa\u00eds agr\u00edcola a biotopo ultramoderno - El Digital de Asturias","description":"Jerusal\u00e9n, 19 abr (dpa) - Despu\u00e9s de los horrores del Holocausto, en 1948 se hizo realidad el viej\u00edsimo sue\u00f1o de una patria propia para los jud\u00edos en todo el mundo: embriagados de felicidad, miles bailaron tras la fundaci\u00f3n del Estado de Israel en las calles para celebrar el \"milagro\". \"Est\u00e1bamos desbordados por la alegr\u00eda\", dice","canonical_url":"https:\/\/www.eldigitaldeasturias.com\/noticias\/70-anos-de-israel-de-pais-agricola-a-biotopo-ultramoderno\/","robots":"max-image-preview:large","keywords":"actualidad","webmasterTools":{"google-site-verification":"UA-38556648-1","msvalidate.01":"7dfe9f3f1b24437ab69f4f2559babe99","miscellaneous":""},"schema":{"@context":"https:\/\/schema.org","@graph":[{"@type":"BlogPosting","@id":"https:\/\/www.eldigitaldeasturias.com\/noticias\/70-anos-de-israel-de-pais-agricola-a-biotopo-ultramoderno\/#blogposting","name":"70 a\u00f1os de Israel: de pa\u00eds agr\u00edcola a biotopo ultramoderno - El Digital de Asturias","headline":"70 a\u00f1os de Israel: de pa\u00eds agr\u00edcola a biotopo ultramoderno","author":{"@id":"https:\/\/www.eldigitaldeasturias.com\/noticias\/author\/admin\/#author"},"publisher":{"@id":"https:\/\/www.eldigitaldeasturias.com\/noticias\/#organization"},"image":{"@type":"ImageObject","url":976677},"datePublished":"2018-04-20T05:05:39+02:00","dateModified":"2018-04-20T05:05:39+02:00","inLanguage":"es-ES","mainEntityOfPage":{"@id":"https:\/\/www.eldigitaldeasturias.com\/noticias\/70-anos-de-israel-de-pais-agricola-a-biotopo-ultramoderno\/#webpage"},"isPartOf":{"@id":"https:\/\/www.eldigitaldeasturias.com\/noticias\/70-anos-de-israel-de-pais-agricola-a-biotopo-ultramoderno\/#webpage"},"articleSection":"Actualidad"},{"@type":"BreadcrumbList","@id":"https:\/\/www.eldigitaldeasturias.com\/noticias\/70-anos-de-israel-de-pais-agricola-a-biotopo-ultramoderno\/#breadcrumblist","itemListElement":[{"@type":"ListItem","@id":"https:\/\/www.eldigitaldeasturias.com\/noticias#listItem","position":1,"name":"Home","item":"https:\/\/www.eldigitaldeasturias.com\/noticias","nextItem":{"@type":"ListItem","@id":"https:\/\/www.eldigitaldeasturias.com\/noticias\/category\/actualidad\/#listItem","name":"Actualidad"}},{"@type":"ListItem","@id":"https:\/\/www.eldigitaldeasturias.com\/noticias\/category\/actualidad\/#listItem","position":2,"name":"Actualidad","item":"https:\/\/www.eldigitaldeasturias.com\/noticias\/category\/actualidad\/","nextItem":{"@type":"ListItem","@id":"https:\/\/www.eldigitaldeasturias.com\/noticias\/70-anos-de-israel-de-pais-agricola-a-biotopo-ultramoderno\/#listItem","name":"70 a\u00f1os de Israel: de pa\u00eds agr\u00edcola a biotopo ultramoderno"},"previousItem":{"@type":"ListItem","@id":"https:\/\/www.eldigitaldeasturias.com\/noticias#listItem","name":"Home"}},{"@type":"ListItem","@id":"https:\/\/www.eldigitaldeasturias.com\/noticias\/70-anos-de-israel-de-pais-agricola-a-biotopo-ultramoderno\/#listItem","position":3,"name":"70 a\u00f1os de Israel: de pa\u00eds agr\u00edcola a biotopo ultramoderno","previousItem":{"@type":"ListItem","@id":"https:\/\/www.eldigitaldeasturias.com\/noticias\/category\/actualidad\/#listItem","name":"Actualidad"}}]},{"@type":"Organization","@id":"https:\/\/www.eldigitaldeasturias.com\/noticias\/#organization","name":"El Digital de Asturias","description":"Hemeroteca","url":"https:\/\/www.eldigitaldeasturias.com\/noticias\/","email":"info@eldigitaldeasturias.com","telephone":"+34652131393","logo":{"@type":"ImageObject","url":"https:\/\/www.eldigitaldeasturias.com\/noticias\/wp-content\/uploads\/2020\/12\/EDA.jpg","@id":"https:\/\/www.eldigitaldeasturias.com\/noticias\/70-anos-de-israel-de-pais-agricola-a-biotopo-ultramoderno\/#organizationLogo"},"image":{"@id":"https:\/\/www.eldigitaldeasturias.com\/noticias\/70-anos-de-israel-de-pais-agricola-a-biotopo-ultramoderno\/#organizationLogo"},"sameAs":["https:\/\/facebook.com\/eldigitaldeasturias","https:\/\/www.youtube.com\/channel\/UCZP-2wLEB9Rv6erhFmqVnvg"],"address":{"@id":"https:\/\/www.eldigitaldeasturias.com\/noticias\/#postaladdress","@type":"PostalAddress","streetAddress":"san antonio 4","postalCode":"33430","addressLocality":"Cand\u00e1s","addressRegion":"Asturias","addressCountry":"ES"}},{"@type":"Person","@id":"https:\/\/www.eldigitaldeasturias.com\/noticias\/author\/admin\/#author","url":"https:\/\/www.eldigitaldeasturias.com\/noticias\/author\/admin\/","name":"El Digital de Asturias","image":{"@type":"ImageObject","@id":"https:\/\/www.eldigitaldeasturias.com\/noticias\/70-anos-de-israel-de-pais-agricola-a-biotopo-ultramoderno\/#authorImage","url":"https:\/\/secure.gravatar.com\/avatar\/df2aeffc32bcd13f8d26072ef8a91b623d677766deac7f97ca815868cd41bf5e?s=96&d=mm&r=g","width":96,"height":96,"caption":"El Digital de Asturias"}},{"@type":"WebPage","@id":"https:\/\/www.eldigitaldeasturias.com\/noticias\/70-anos-de-israel-de-pais-agricola-a-biotopo-ultramoderno\/#webpage","url":"https:\/\/www.eldigitaldeasturias.com\/noticias\/70-anos-de-israel-de-pais-agricola-a-biotopo-ultramoderno\/","name":"70 a\u00f1os de Israel: de pa\u00eds agr\u00edcola a biotopo ultramoderno - El Digital de Asturias","description":"Jerusal\u00e9n, 19 abr (dpa) - Despu\u00e9s de los horrores del Holocausto, en 1948 se hizo realidad el viej\u00edsimo sue\u00f1o de una patria propia para los jud\u00edos en todo el mundo: embriagados de felicidad, miles bailaron tras la fundaci\u00f3n del Estado de Israel en las calles para celebrar el \"milagro\". \"Est\u00e1bamos desbordados por la alegr\u00eda\", dice","inLanguage":"es-ES","isPartOf":{"@id":"https:\/\/www.eldigitaldeasturias.com\/noticias\/#website"},"breadcrumb":{"@id":"https:\/\/www.eldigitaldeasturias.com\/noticias\/70-anos-de-israel-de-pais-agricola-a-biotopo-ultramoderno\/#breadcrumblist"},"author":{"@id":"https:\/\/www.eldigitaldeasturias.com\/noticias\/author\/admin\/#author"},"creator":{"@id":"https:\/\/www.eldigitaldeasturias.com\/noticias\/author\/admin\/#author"},"image":{"@type":"ImageObject","url":976677,"@id":"https:\/\/www.eldigitaldeasturias.com\/noticias\/70-anos-de-israel-de-pais-agricola-a-biotopo-ultramoderno\/#mainImage"},"primaryImageOfPage":{"@id":"https:\/\/www.eldigitaldeasturias.com\/noticias\/70-anos-de-israel-de-pais-agricola-a-biotopo-ultramoderno\/#mainImage"},"datePublished":"2018-04-20T05:05:39+02:00","dateModified":"2018-04-20T05:05:39+02:00"},{"@type":"WebSite","@id":"https:\/\/www.eldigitaldeasturias.com\/noticias\/#website","url":"https:\/\/www.eldigitaldeasturias.com\/noticias\/","name":"El Digital de Asturias - Diario de actualidad y noticias","alternateName":"El Digital de Asturias - Diario de actualidad y noticias","description":"Hemeroteca","inLanguage":"es-ES","publisher":{"@id":"https:\/\/www.eldigitaldeasturias.com\/noticias\/#organization"}}]},"og:locale":"es_ES","og:site_name":"El Digital de Asturias","og:type":"article","og:title":"70 a\u00f1os de Israel: de pa\u00eds agr\u00edcola a biotopo ultramoderno - El Digital de Asturias","og:description":"Jerusal\u00e9n, 19 abr (dpa) - Despu\u00e9s de los horrores del Holocausto, en 1948 se hizo realidad el viej\u00edsimo sue\u00f1o de una patria propia para los jud\u00edos en todo el mundo: embriagados de felicidad, miles bailaron tras la fundaci\u00f3n del Estado de Israel en las calles para celebrar el &quot;milagro&quot;. &quot;Est\u00e1bamos desbordados por la alegr\u00eda&quot;, dice","og:url":"https:\/\/www.eldigitaldeasturias.com\/noticias\/70-anos-de-israel-de-pais-agricola-a-biotopo-ultramoderno\/","article:tag":["actualidad"],"article:published_time":"2018-04-20T05:05:39+00:00","article:modified_time":"2018-04-20T05:05:39+00:00","article:publisher":"https:\/\/facebook.com\/eldigitaldeasturias","twitter:card":"summary_large_image","twitter:title":"70 a\u00f1os de Israel: de pa\u00eds agr\u00edcola a biotopo ultramoderno - El Digital de Asturias","twitter:description":"Jerusal\u00e9n, 19 abr (dpa) - Despu\u00e9s de los horrores del Holocausto, en 1948 se hizo realidad el viej\u00edsimo sue\u00f1o de una patria propia para los jud\u00edos en todo el mundo: embriagados de felicidad, miles bailaron tras la fundaci\u00f3n del Estado de Israel en las calles para celebrar el &quot;milagro&quot;. &quot;Est\u00e1bamos desbordados por la alegr\u00eda&quot;, dice","twitter:image":"https:\/\/www.eldigitaldeasturias.com\/noticias\/wp-content\/uploads\/2020\/12\/EDA-1.jpg","twitter:label1":"Escrito por","twitter:data1":"El Digital de Asturias","twitter:label2":"Tiempo de lectura estimado","twitter:data2":"5 minutos"},"aioseo_meta_data":{"post_id":"976676","title":null,"description":null,"keywords":null,"keyphrases":null,"primary_term":null,"canonical_url":null,"og_title":null,"og_description":null,"og_object_type":"default","og_image_type":"default","og_image_url":null,"og_image_width":null,"og_image_height":null,"og_image_custom_url":null,"og_image_custom_fields":null,"og_video":null,"og_custom_url":null,"og_article_section":null,"og_article_tags":null,"twitter_use_og":false,"twitter_card":"default","twitter_image_type":"default","twitter_image_url":null,"twitter_image_custom_url":null,"twitter_image_custom_fields":null,"twitter_title":null,"twitter_description":null,"schema":{"blockGraphs":[],"customGraphs":[],"default":{"data":{"Article":[],"Course":[],"Dataset":[],"FAQPage":[],"Movie":[],"Person":[],"Product":[],"ProductReview":[],"Car":[],"Recipe":[],"Service":[],"SoftwareApplication":[],"WebPage":[]},"graphName":"","isEnabled":true},"graphs":[],"defaultGraph":"","defaultPostTypeGraph":""},"schema_type":null,"schema_type_options":null,"pillar_content":false,"robots_default":true,"robots_noindex":false,"robots_noarchive":false,"robots_nosnippet":false,"robots_nofollow":false,"robots_noimageindex":false,"robots_noodp":false,"robots_notranslate":false,"robots_max_snippet":null,"robots_max_videopreview":null,"robots_max_imagepreview":"large","priority":null,"frequency":null,"local_seo":null,"seo_analyzer_scan_date":"2025-10-08 04:42:02","breadcrumb_settings":null,"limit_modified_date":false,"open_ai":null,"ai":null,"created":"2020-12-21 12:07:38","updated":"2025-10-08 04:42:02","focus_keyword":null,"additional_keywords":null,"truseo_locale":null},"aioseo_breadcrumb":"<div class=\"aioseo-breadcrumbs\"><span class=\"aioseo-breadcrumb\">\n\t<a href=\"https:\/\/www.eldigitaldeasturias.com\/noticias\" title=\"Home\">Home<\/a>\n<\/span><span class=\"aioseo-breadcrumb-separator\">\u2013<\/span><span class=\"aioseo-breadcrumb\">\n\t<a href=\"https:\/\/www.eldigitaldeasturias.com\/noticias\/category\/actualidad\/\" title=\"Actualidad\">Actualidad<\/a>\n<\/span><span class=\"aioseo-breadcrumb-separator\">\u2013<\/span><span class=\"aioseo-breadcrumb\">\n\t<a href=\"https:\/\/www.eldigitaldeasturias.com\/noticias\/70-anos-de-israel-de-pais-agricola-a-biotopo-ultramoderno\/\" title=\"70 a\u00f1os de Israel: de pa\u00eds agr\u00edcola a biotopo ultramoderno\">70 a\u00f1os de Israel: de pa\u00eds agr\u00edcola a biotopo ultramoderno<\/a>\n<\/span><\/div>","aioseo_breadcrumb_json":[{"label":"Home","link":"https:\/\/www.eldigitaldeasturias.com\/noticias"},{"label":"Actualidad","link":"https:\/\/www.eldigitaldeasturias.com\/noticias\/category\/actualidad\/"},{"label":"70 a\u00f1os de Israel: de pa\u00eds agr\u00edcola a biotopo ultramoderno","link":"https:\/\/www.eldigitaldeasturias.com\/noticias\/70-anos-de-israel-de-pais-agricola-a-biotopo-ultramoderno\/"}],"_links":{"self":[{"href":"https:\/\/www.eldigitaldeasturias.com\/noticias\/wp-json\/wp\/v2\/posts\/976676","targetHints":{"allow":["GET"]}}],"collection":[{"href":"https:\/\/www.eldigitaldeasturias.com\/noticias\/wp-json\/wp\/v2\/posts"}],"about":[{"href":"https:\/\/www.eldigitaldeasturias.com\/noticias\/wp-json\/wp\/v2\/types\/post"}],"author":[{"embeddable":true,"href":"https:\/\/www.eldigitaldeasturias.com\/noticias\/wp-json\/wp\/v2\/users\/1"}],"replies":[{"embeddable":true,"href":"https:\/\/www.eldigitaldeasturias.com\/noticias\/wp-json\/wp\/v2\/comments?post=976676"}],"version-history":[{"count":0,"href":"https:\/\/www.eldigitaldeasturias.com\/noticias\/wp-json\/wp\/v2\/posts\/976676\/revisions"}],"wp:attachment":[{"href":"https:\/\/www.eldigitaldeasturias.com\/noticias\/wp-json\/wp\/v2\/media?parent=976676"}],"wp:term":[{"taxonomy":"category","embeddable":true,"href":"https:\/\/www.eldigitaldeasturias.com\/noticias\/wp-json\/wp\/v2\/categories?post=976676"},{"taxonomy":"post_tag","embeddable":true,"href":"https:\/\/www.eldigitaldeasturias.com\/noticias\/wp-json\/wp\/v2\/tags?post=976676"}],"curies":[{"name":"wp","href":"https:\/\/api.w.org\/{rel}","templated":true}]}}