{"id":976667,"date":"2018-04-19T22:25:17","date_gmt":"2018-04-19T22:25:17","guid":{"rendered":"http:\/\/www.eldigitaldeasturias.com\/noticias\/?p=976667"},"modified":"2018-04-19T22:25:17","modified_gmt":"2018-04-19T22:25:17","slug":"pedro-sanchez-en-albacete-no-nos-van-a-regalar-nada","status":"publish","type":"post","link":"https:\/\/www.eldigitaldeasturias.com\/noticias\/pedro-sanchez-en-albacete-no-nos-van-a-regalar-nada\/","title":{"rendered":"Pedro S\u00e1nchez en Albacete: \u201cNo nos van a regalar nada\u201d"},"content":{"rendered":"<p><img loading=\"lazy\" decoding=\"async\" class=\"alignleft size-medium wp-image-976668\" src=\"https:\/\/www.eldigitaldeasturias.com\/noticias\/wp-content\/uploads\/2018\/04\/albacete-1400x475-360x122.jpg\" alt=\"\" width=\"360\" height=\"122\" \/>Pedro S\u00e1nchez se ha referido esta tarde a los esc\u00e1ndalos de corrupci\u00f3n que afectan al PP en Madrid como los de \u201cAguirre, Gonz\u00e1lez, Granados, Cifuentes\u2026\u201d y ha subrayado que, \u201cal final, no es un problema de nombres, es un problema de siglas\u201d. \u201cLa soluci\u00f3n no est\u00e1 en el Partido Popular, est\u00e1 en el Partido Socialista \u2013ha dicho- y espero que los partidos de Madrid apoyen a \u00c1ngel Gabilondo como pr\u00f3ximo presidente\u201d, poniendo as\u00ed \u201cfin a 25 a\u00f1os de gobierno del PP y de corrupci\u00f3n en la Comunidad de Madrid, que falta hace\u201d.<\/p>\n<p>En un acto en Albacete, el l\u00edder socialista se ha referido tambi\u00e9n a la \u201cinoperancia\u201d del presidente del gobierno, Mariano Rajoy, \u201cque parece un conductor dormido al volante de un pa\u00eds\u201d. \u201cHay muchas cosas que hacer\u201d y, sin embargo, lo que tenemos es \u201cun gobierno agotado, paralizado, anegado por los casos de corrupci\u00f3n y en guerra fr\u00eda con su socio de gobierno\u201d, lament\u00f3 S\u00e1nchez, quien afirm\u00f3 que \u201ctenemos que cambiar el paso\u201d y ganar las elecciones, porque \u201cEspa\u00f1a tienen sed de futuro y el vaso que puede ofrecer Rajoy est\u00e1 vac\u00edo\u201d.<\/p>\n<p>Pedro S\u00e1nchez ha defendido la necesidad de poner en marcha pol\u00edticas de redistribuci\u00f3n que mejoren la situaci\u00f3n de los j\u00f3venes o de los pensionistas, as\u00ed como \u201cabrir un gran debate sobre la fiscalidad en nuestro pa\u00eds\u201d y sobre \u201cc\u00f3mo vamos a financiar nuestro Estado del bienestar presente y futuro\u201d. En ese sentido, record\u00f3 su propuesta de aplicar un impuesto extraordinario a la banca -un sector que fue \u201crescatado con el bolsillo de los contribuyentes\u201d- para financiar las pensiones; asegurando que \u201ces de justicia\u201d y \u201cno habr\u00e1 justicia social si no hay justicia fiscal\u201d.<\/p>\n<p>Se\u00f1al\u00f3 que, aunque \u201cno nos van a regalar nada\u201d, los socialistas deben seguir defendiendo \u201cunos intereses que no son los que defienden las derechas, porque nosotros defendemos a la clase trabajadora y a los que no tienen resuelto su futuro o a los que teni\u00e9ndolo resuelto no se desentienden del de los dem\u00e1s\u201d.<\/p>\n<p>Por eso, a\u00f1adi\u00f3, \u201ca un a\u00f1o vista de las elecciones municipales, auton\u00f3micas y europeas, os pido que trabajemos con ah\u00ednco los socialistas de coraz\u00f3n\u201d y \u201chag\u00e1moslo por aquellos que necesitan del amparo, del abierto del PSOE y de instituciones emp\u00e1ticas con sus causas sociales\u201d. Pedro S\u00e1nchez ha concluido afirmando que \u201cestamos a punto de ser la primera fuerza pol\u00edtica de nuestro pa\u00eds en las elecciones municipales, despu\u00e9s de 2003\u201d, y que \u201cquien gana las municipales, gana las generales\u201d.<\/p>\n","protected":false},"excerpt":{"rendered":"<p>Pedro S\u00e1nchez se ha referido esta tarde a los esc\u00e1ndalos de corrupci\u00f3n que afectan al PP en Madrid como los de \u201cAguirre, Gonz\u00e1lez, Granados, Cifuentes\u2026\u201d y ha subrayado que, \u201cal final, no es un problema de nombres, es un problema de siglas\u201d. \u201cLa soluci\u00f3n no est\u00e1 en el Partido Popular, est\u00e1 en el Partido Socialista [&hellip;]<\/p>\n","protected":false},"author":1,"featured_media":976668,"comment_status":"closed","ping_status":"closed","sticky":false,"template":"","format":"standard","meta":{"footnotes":""},"categories":[1],"tags":[],"class_list":["post-976667","post","type-post","status-publish","format-standard","has-post-thumbnail","hentry","category-actualidad"],"aioseo_notices":[],"aioseo_head":"\n\t\t<!-- All in One SEO Pro 5.0.1 - aioseo.com -->\n\t<meta name=\"description\" content=\"Pedro S\u00e1nchez se ha referido esta tarde a los esc\u00e1ndalos de corrupci\u00f3n que afectan al PP en Madrid como los de \u201cAguirre, Gonz\u00e1lez, Granados, Cifuentes\u2026\u201d y ha subrayado que, \u201cal final, no es un problema de nombres, es un problema de siglas\u201d. \u201cLa soluci\u00f3n no est\u00e1 en el Partido Popular, est\u00e1 en el Partido Socialista\" \/>\n\t<meta name=\"robots\" content=\"max-image-preview:large\" \/>\n\t<meta name=\"author\" content=\"El Digital de Asturias\"\/>\n\t<meta name=\"google-site-verification\" content=\"UA-38556648-1\" \/>\n\t<meta name=\"msvalidate.01\" content=\"7dfe9f3f1b24437ab69f4f2559babe99\" \/>\n\t<meta name=\"keywords\" content=\"actualidad\" \/>\n\t<link rel=\"canonical\" href=\"https:\/\/www.eldigitaldeasturias.com\/noticias\/pedro-sanchez-en-albacete-no-nos-van-a-regalar-nada\/\" \/>\n\t<meta name=\"generator\" content=\"All in One SEO Pro (AIOSEO) 5.0.1\" \/>\n\t\t<meta property=\"og:locale\" content=\"es_ES\" \/>\n\t\t<meta property=\"og:site_name\" content=\"El Digital de Asturias\" \/>\n\t\t<meta property=\"og:type\" content=\"article\" \/>\n\t\t<meta property=\"og:title\" content=\"Pedro S\u00e1nchez en Albacete: \u201cNo nos van a regalar nada\u201d - El Digital de Asturias\" \/>\n\t\t<meta property=\"og:description\" content=\"Pedro S\u00e1nchez se ha referido esta tarde a los esc\u00e1ndalos de corrupci\u00f3n que afectan al PP en Madrid como los de \u201cAguirre, Gonz\u00e1lez, Granados, Cifuentes\u2026\u201d y ha subrayado que, \u201cal final, no es un problema de nombres, es un problema de siglas\u201d. \u201cLa soluci\u00f3n no est\u00e1 en el Partido Popular, est\u00e1 en el Partido Socialista\" \/>\n\t\t<meta property=\"og:url\" content=\"https:\/\/www.eldigitaldeasturias.com\/noticias\/pedro-sanchez-en-albacete-no-nos-van-a-regalar-nada\/\" \/>\n\t\t<meta property=\"article:tag\" content=\"actualidad\" \/>\n\t\t<meta property=\"article:published_time\" content=\"2018-04-19T22:25:17+00:00\" \/>\n\t\t<meta property=\"article:modified_time\" content=\"2018-04-19T22:25:17+00:00\" \/>\n\t\t<meta property=\"article:publisher\" content=\"https:\/\/facebook.com\/eldigitaldeasturias\" \/>\n\t\t<meta name=\"twitter:card\" content=\"summary_large_image\" \/>\n\t\t<meta name=\"twitter:title\" content=\"Pedro S\u00e1nchez en Albacete: \u201cNo nos van a regalar nada\u201d - El Digital de Asturias\" \/>\n\t\t<meta name=\"twitter:description\" content=\"Pedro S\u00e1nchez se ha referido esta tarde a los esc\u00e1ndalos de corrupci\u00f3n que afectan al PP en Madrid como los de \u201cAguirre, Gonz\u00e1lez, Granados, Cifuentes\u2026\u201d y ha subrayado que, \u201cal final, no es un problema de nombres, es un problema de siglas\u201d. \u201cLa soluci\u00f3n no est\u00e1 en el Partido Popular, est\u00e1 en el Partido Socialista\" \/>\n\t\t<meta name=\"twitter:image\" content=\"https:\/\/www.eldigitaldeasturias.com\/noticias\/wp-content\/uploads\/2020\/12\/EDA-1.jpg\" \/>\n\t\t<meta name=\"twitter:label1\" content=\"Escrito por\" \/>\n\t\t<meta name=\"twitter:data1\" content=\"El Digital de Asturias\" \/>\n\t\t<meta name=\"twitter:label2\" content=\"Tiempo de lectura estimado\" \/>\n\t\t<meta name=\"twitter:data2\" content=\"2 minutos\" \/>\n\t\t<script type=\"application\/ld+json\" class=\"aioseo-schema\">\n\t\t\t{\"@context\":\"https:\\\/\\\/schema.org\",\"@graph\":[{\"@type\":\"BlogPosting\",\"@id\":\"https:\\\/\\\/www.eldigitaldeasturias.com\\\/noticias\\\/pedro-sanchez-en-albacete-no-nos-van-a-regalar-nada\\\/#blogposting\",\"name\":\"Pedro S\\u00e1nchez en Albacete: \\u201cNo nos van a regalar nada\\u201d - El Digital de Asturias\",\"headline\":\"Pedro S\\u00e1nchez en Albacete: \\u201cNo nos van a regalar nada\\u201d\",\"author\":{\"@id\":\"https:\\\/\\\/www.eldigitaldeasturias.com\\\/noticias\\\/author\\\/admin\\\/#author\"},\"publisher\":{\"@id\":\"https:\\\/\\\/www.eldigitaldeasturias.com\\\/noticias\\\/#organization\"},\"image\":{\"@type\":\"ImageObject\",\"url\":976668},\"datePublished\":\"2018-04-19T22:25:17+02:00\",\"dateModified\":\"2018-04-19T22:25:17+02:00\",\"inLanguage\":\"es-ES\",\"mainEntityOfPage\":{\"@id\":\"https:\\\/\\\/www.eldigitaldeasturias.com\\\/noticias\\\/pedro-sanchez-en-albacete-no-nos-van-a-regalar-nada\\\/#webpage\"},\"isPartOf\":{\"@id\":\"https:\\\/\\\/www.eldigitaldeasturias.com\\\/noticias\\\/pedro-sanchez-en-albacete-no-nos-van-a-regalar-nada\\\/#webpage\"},\"articleSection\":\"Actualidad\"},{\"@type\":\"BreadcrumbList\",\"@id\":\"https:\\\/\\\/www.eldigitaldeasturias.com\\\/noticias\\\/pedro-sanchez-en-albacete-no-nos-van-a-regalar-nada\\\/#breadcrumblist\",\"itemListElement\":[{\"@type\":\"ListItem\",\"@id\":\"https:\\\/\\\/www.eldigitaldeasturias.com\\\/noticias#listItem\",\"position\":1,\"name\":\"Home\",\"item\":\"https:\\\/\\\/www.eldigitaldeasturias.com\\\/noticias\",\"nextItem\":{\"@type\":\"ListItem\",\"@id\":\"https:\\\/\\\/www.eldigitaldeasturias.com\\\/noticias\\\/category\\\/actualidad\\\/#listItem\",\"name\":\"Actualidad\"}},{\"@type\":\"ListItem\",\"@id\":\"https:\\\/\\\/www.eldigitaldeasturias.com\\\/noticias\\\/category\\\/actualidad\\\/#listItem\",\"position\":2,\"name\":\"Actualidad\",\"item\":\"https:\\\/\\\/www.eldigitaldeasturias.com\\\/noticias\\\/category\\\/actualidad\\\/\",\"nextItem\":{\"@type\":\"ListItem\",\"@id\":\"https:\\\/\\\/www.eldigitaldeasturias.com\\\/noticias\\\/pedro-sanchez-en-albacete-no-nos-van-a-regalar-nada\\\/#listItem\",\"name\":\"Pedro S\\u00e1nchez en Albacete: \\u201cNo nos van a regalar nada\\u201d\"},\"previousItem\":{\"@type\":\"ListItem\",\"@id\":\"https:\\\/\\\/www.eldigitaldeasturias.com\\\/noticias#listItem\",\"name\":\"Home\"}},{\"@type\":\"ListItem\",\"@id\":\"https:\\\/\\\/www.eldigitaldeasturias.com\\\/noticias\\\/pedro-sanchez-en-albacete-no-nos-van-a-regalar-nada\\\/#listItem\",\"position\":3,\"name\":\"Pedro S\\u00e1nchez en Albacete: \\u201cNo nos van a regalar nada\\u201d\",\"previousItem\":{\"@type\":\"ListItem\",\"@id\":\"https:\\\/\\\/www.eldigitaldeasturias.com\\\/noticias\\\/category\\\/actualidad\\\/#listItem\",\"name\":\"Actualidad\"}}]},{\"@type\":\"Organization\",\"@id\":\"https:\\\/\\\/www.eldigitaldeasturias.com\\\/noticias\\\/#organization\",\"name\":\"El Digital de Asturias\",\"description\":\"Hemeroteca\",\"url\":\"https:\\\/\\\/www.eldigitaldeasturias.com\\\/noticias\\\/\",\"email\":\"info@eldigitaldeasturias.com\",\"telephone\":\"+34652131393\",\"logo\":{\"@type\":\"ImageObject\",\"url\":\"https:\\\/\\\/www.eldigitaldeasturias.com\\\/noticias\\\/wp-content\\\/uploads\\\/2020\\\/12\\\/EDA.jpg\",\"@id\":\"https:\\\/\\\/www.eldigitaldeasturias.com\\\/noticias\\\/pedro-sanchez-en-albacete-no-nos-van-a-regalar-nada\\\/#organizationLogo\"},\"image\":{\"@id\":\"https:\\\/\\\/www.eldigitaldeasturias.com\\\/noticias\\\/pedro-sanchez-en-albacete-no-nos-van-a-regalar-nada\\\/#organizationLogo\"},\"sameAs\":[\"https:\\\/\\\/facebook.com\\\/eldigitaldeasturias\",\"https:\\\/\\\/www.youtube.com\\\/channel\\\/UCZP-2wLEB9Rv6erhFmqVnvg\"],\"address\":{\"@id\":\"https:\\\/\\\/www.eldigitaldeasturias.com\\\/noticias\\\/#postaladdress\",\"@type\":\"PostalAddress\",\"streetAddress\":\"san antonio 4\",\"postalCode\":\"33430\",\"addressLocality\":\"Cand\\u00e1s\",\"addressRegion\":\"Asturias\",\"addressCountry\":\"ES\"}},{\"@type\":\"Person\",\"@id\":\"https:\\\/\\\/www.eldigitaldeasturias.com\\\/noticias\\\/author\\\/admin\\\/#author\",\"url\":\"https:\\\/\\\/www.eldigitaldeasturias.com\\\/noticias\\\/author\\\/admin\\\/\",\"name\":\"El Digital de Asturias\",\"image\":{\"@type\":\"ImageObject\",\"@id\":\"https:\\\/\\\/www.eldigitaldeasturias.com\\\/noticias\\\/pedro-sanchez-en-albacete-no-nos-van-a-regalar-nada\\\/#authorImage\",\"url\":\"https:\\\/\\\/secure.gravatar.com\\\/avatar\\\/df2aeffc32bcd13f8d26072ef8a91b623d677766deac7f97ca815868cd41bf5e?s=96&d=mm&r=g\",\"width\":96,\"height\":96,\"caption\":\"El Digital de Asturias\"}},{\"@type\":\"WebPage\",\"@id\":\"https:\\\/\\\/www.eldigitaldeasturias.com\\\/noticias\\\/pedro-sanchez-en-albacete-no-nos-van-a-regalar-nada\\\/#webpage\",\"url\":\"https:\\\/\\\/www.eldigitaldeasturias.com\\\/noticias\\\/pedro-sanchez-en-albacete-no-nos-van-a-regalar-nada\\\/\",\"name\":\"Pedro S\\u00e1nchez en Albacete: \\u201cNo nos van a regalar nada\\u201d - El Digital de Asturias\",\"description\":\"Pedro S\\u00e1nchez se ha referido esta tarde a los esc\\u00e1ndalos de corrupci\\u00f3n que afectan al PP en Madrid como los de \\u201cAguirre, Gonz\\u00e1lez, Granados, Cifuentes\\u2026\\u201d y ha subrayado que, \\u201cal final, no es un problema de nombres, es un problema de siglas\\u201d. \\u201cLa soluci\\u00f3n no est\\u00e1 en el Partido Popular, est\\u00e1 en el Partido Socialista\",\"inLanguage\":\"es-ES\",\"isPartOf\":{\"@id\":\"https:\\\/\\\/www.eldigitaldeasturias.com\\\/noticias\\\/#website\"},\"breadcrumb\":{\"@id\":\"https:\\\/\\\/www.eldigitaldeasturias.com\\\/noticias\\\/pedro-sanchez-en-albacete-no-nos-van-a-regalar-nada\\\/#breadcrumblist\"},\"author\":{\"@id\":\"https:\\\/\\\/www.eldigitaldeasturias.com\\\/noticias\\\/author\\\/admin\\\/#author\"},\"creator\":{\"@id\":\"https:\\\/\\\/www.eldigitaldeasturias.com\\\/noticias\\\/author\\\/admin\\\/#author\"},\"image\":{\"@type\":\"ImageObject\",\"url\":976668,\"@id\":\"https:\\\/\\\/www.eldigitaldeasturias.com\\\/noticias\\\/pedro-sanchez-en-albacete-no-nos-van-a-regalar-nada\\\/#mainImage\"},\"primaryImageOfPage\":{\"@id\":\"https:\\\/\\\/www.eldigitaldeasturias.com\\\/noticias\\\/pedro-sanchez-en-albacete-no-nos-van-a-regalar-nada\\\/#mainImage\"},\"datePublished\":\"2018-04-19T22:25:17+02:00\",\"dateModified\":\"2018-04-19T22:25:17+02:00\"},{\"@type\":\"WebSite\",\"@id\":\"https:\\\/\\\/www.eldigitaldeasturias.com\\\/noticias\\\/#website\",\"url\":\"https:\\\/\\\/www.eldigitaldeasturias.com\\\/noticias\\\/\",\"name\":\"El Digital de Asturias - Diario de actualidad y noticias\",\"alternateName\":\"El Digital de Asturias - Diario de actualidad y noticias\",\"description\":\"Hemeroteca\",\"inLanguage\":\"es-ES\",\"publisher\":{\"@id\":\"https:\\\/\\\/www.eldigitaldeasturias.com\\\/noticias\\\/#organization\"}}]}\n\t\t<\/script>\n\t\t<!-- All in One SEO Pro -->\r\n\t\t<title>Pedro S\u00e1nchez en Albacete: \u201cNo nos van a regalar nada\u201d - El Digital de Asturias<\/title>\n\n","aioseo_head_json":{"title":"Pedro S\u00e1nchez en Albacete: \u201cNo nos van a regalar nada\u201d - El Digital de Asturias","description":"Pedro S\u00e1nchez se ha referido esta tarde a los esc\u00e1ndalos de corrupci\u00f3n que afectan al PP en Madrid como los de \u201cAguirre, Gonz\u00e1lez, Granados, Cifuentes\u2026\u201d y ha subrayado que, \u201cal final, no es un problema de nombres, es un problema de siglas\u201d. \u201cLa soluci\u00f3n no est\u00e1 en el Partido Popular, est\u00e1 en el Partido Socialista","canonical_url":"https:\/\/www.eldigitaldeasturias.com\/noticias\/pedro-sanchez-en-albacete-no-nos-van-a-regalar-nada\/","robots":"max-image-preview:large","keywords":"actualidad","webmasterTools":{"google-site-verification":"UA-38556648-1","msvalidate.01":"7dfe9f3f1b24437ab69f4f2559babe99","miscellaneous":""},"schema":{"@context":"https:\/\/schema.org","@graph":[{"@type":"BlogPosting","@id":"https:\/\/www.eldigitaldeasturias.com\/noticias\/pedro-sanchez-en-albacete-no-nos-van-a-regalar-nada\/#blogposting","name":"Pedro S\u00e1nchez en Albacete: \u201cNo nos van a regalar nada\u201d - El Digital de Asturias","headline":"Pedro S\u00e1nchez en Albacete: \u201cNo nos van a regalar nada\u201d","author":{"@id":"https:\/\/www.eldigitaldeasturias.com\/noticias\/author\/admin\/#author"},"publisher":{"@id":"https:\/\/www.eldigitaldeasturias.com\/noticias\/#organization"},"image":{"@type":"ImageObject","url":976668},"datePublished":"2018-04-19T22:25:17+02:00","dateModified":"2018-04-19T22:25:17+02:00","inLanguage":"es-ES","mainEntityOfPage":{"@id":"https:\/\/www.eldigitaldeasturias.com\/noticias\/pedro-sanchez-en-albacete-no-nos-van-a-regalar-nada\/#webpage"},"isPartOf":{"@id":"https:\/\/www.eldigitaldeasturias.com\/noticias\/pedro-sanchez-en-albacete-no-nos-van-a-regalar-nada\/#webpage"},"articleSection":"Actualidad"},{"@type":"BreadcrumbList","@id":"https:\/\/www.eldigitaldeasturias.com\/noticias\/pedro-sanchez-en-albacete-no-nos-van-a-regalar-nada\/#breadcrumblist","itemListElement":[{"@type":"ListItem","@id":"https:\/\/www.eldigitaldeasturias.com\/noticias#listItem","position":1,"name":"Home","item":"https:\/\/www.eldigitaldeasturias.com\/noticias","nextItem":{"@type":"ListItem","@id":"https:\/\/www.eldigitaldeasturias.com\/noticias\/category\/actualidad\/#listItem","name":"Actualidad"}},{"@type":"ListItem","@id":"https:\/\/www.eldigitaldeasturias.com\/noticias\/category\/actualidad\/#listItem","position":2,"name":"Actualidad","item":"https:\/\/www.eldigitaldeasturias.com\/noticias\/category\/actualidad\/","nextItem":{"@type":"ListItem","@id":"https:\/\/www.eldigitaldeasturias.com\/noticias\/pedro-sanchez-en-albacete-no-nos-van-a-regalar-nada\/#listItem","name":"Pedro S\u00e1nchez en Albacete: \u201cNo nos van a regalar nada\u201d"},"previousItem":{"@type":"ListItem","@id":"https:\/\/www.eldigitaldeasturias.com\/noticias#listItem","name":"Home"}},{"@type":"ListItem","@id":"https:\/\/www.eldigitaldeasturias.com\/noticias\/pedro-sanchez-en-albacete-no-nos-van-a-regalar-nada\/#listItem","position":3,"name":"Pedro S\u00e1nchez en Albacete: \u201cNo nos van a regalar nada\u201d","previousItem":{"@type":"ListItem","@id":"https:\/\/www.eldigitaldeasturias.com\/noticias\/category\/actualidad\/#listItem","name":"Actualidad"}}]},{"@type":"Organization","@id":"https:\/\/www.eldigitaldeasturias.com\/noticias\/#organization","name":"El Digital de Asturias","description":"Hemeroteca","url":"https:\/\/www.eldigitaldeasturias.com\/noticias\/","email":"info@eldigitaldeasturias.com","telephone":"+34652131393","logo":{"@type":"ImageObject","url":"https:\/\/www.eldigitaldeasturias.com\/noticias\/wp-content\/uploads\/2020\/12\/EDA.jpg","@id":"https:\/\/www.eldigitaldeasturias.com\/noticias\/pedro-sanchez-en-albacete-no-nos-van-a-regalar-nada\/#organizationLogo"},"image":{"@id":"https:\/\/www.eldigitaldeasturias.com\/noticias\/pedro-sanchez-en-albacete-no-nos-van-a-regalar-nada\/#organizationLogo"},"sameAs":["https:\/\/facebook.com\/eldigitaldeasturias","https:\/\/www.youtube.com\/channel\/UCZP-2wLEB9Rv6erhFmqVnvg"],"address":{"@id":"https:\/\/www.eldigitaldeasturias.com\/noticias\/#postaladdress","@type":"PostalAddress","streetAddress":"san antonio 4","postalCode":"33430","addressLocality":"Cand\u00e1s","addressRegion":"Asturias","addressCountry":"ES"}},{"@type":"Person","@id":"https:\/\/www.eldigitaldeasturias.com\/noticias\/author\/admin\/#author","url":"https:\/\/www.eldigitaldeasturias.com\/noticias\/author\/admin\/","name":"El Digital de Asturias","image":{"@type":"ImageObject","@id":"https:\/\/www.eldigitaldeasturias.com\/noticias\/pedro-sanchez-en-albacete-no-nos-van-a-regalar-nada\/#authorImage","url":"https:\/\/secure.gravatar.com\/avatar\/df2aeffc32bcd13f8d26072ef8a91b623d677766deac7f97ca815868cd41bf5e?s=96&d=mm&r=g","width":96,"height":96,"caption":"El Digital de Asturias"}},{"@type":"WebPage","@id":"https:\/\/www.eldigitaldeasturias.com\/noticias\/pedro-sanchez-en-albacete-no-nos-van-a-regalar-nada\/#webpage","url":"https:\/\/www.eldigitaldeasturias.com\/noticias\/pedro-sanchez-en-albacete-no-nos-van-a-regalar-nada\/","name":"Pedro S\u00e1nchez en Albacete: \u201cNo nos van a regalar nada\u201d - El Digital de Asturias","description":"Pedro S\u00e1nchez se ha referido esta tarde a los esc\u00e1ndalos de corrupci\u00f3n que afectan al PP en Madrid como los de \u201cAguirre, Gonz\u00e1lez, Granados, Cifuentes\u2026\u201d y ha subrayado que, \u201cal final, no es un problema de nombres, es un problema de siglas\u201d. \u201cLa soluci\u00f3n no est\u00e1 en el Partido Popular, est\u00e1 en el Partido Socialista","inLanguage":"es-ES","isPartOf":{"@id":"https:\/\/www.eldigitaldeasturias.com\/noticias\/#website"},"breadcrumb":{"@id":"https:\/\/www.eldigitaldeasturias.com\/noticias\/pedro-sanchez-en-albacete-no-nos-van-a-regalar-nada\/#breadcrumblist"},"author":{"@id":"https:\/\/www.eldigitaldeasturias.com\/noticias\/author\/admin\/#author"},"creator":{"@id":"https:\/\/www.eldigitaldeasturias.com\/noticias\/author\/admin\/#author"},"image":{"@type":"ImageObject","url":976668,"@id":"https:\/\/www.eldigitaldeasturias.com\/noticias\/pedro-sanchez-en-albacete-no-nos-van-a-regalar-nada\/#mainImage"},"primaryImageOfPage":{"@id":"https:\/\/www.eldigitaldeasturias.com\/noticias\/pedro-sanchez-en-albacete-no-nos-van-a-regalar-nada\/#mainImage"},"datePublished":"2018-04-19T22:25:17+02:00","dateModified":"2018-04-19T22:25:17+02:00"},{"@type":"WebSite","@id":"https:\/\/www.eldigitaldeasturias.com\/noticias\/#website","url":"https:\/\/www.eldigitaldeasturias.com\/noticias\/","name":"El Digital de Asturias - Diario de actualidad y noticias","alternateName":"El Digital de Asturias - Diario de actualidad y noticias","description":"Hemeroteca","inLanguage":"es-ES","publisher":{"@id":"https:\/\/www.eldigitaldeasturias.com\/noticias\/#organization"}}]},"og:locale":"es_ES","og:site_name":"El Digital de Asturias","og:type":"article","og:title":"Pedro S\u00e1nchez en Albacete: \u201cNo nos van a regalar nada\u201d - El Digital de Asturias","og:description":"Pedro S\u00e1nchez se ha referido esta tarde a los esc\u00e1ndalos de corrupci\u00f3n que afectan al PP en Madrid como los de \u201cAguirre, Gonz\u00e1lez, Granados, Cifuentes\u2026\u201d y ha subrayado que, \u201cal final, no es un problema de nombres, es un problema de siglas\u201d. \u201cLa soluci\u00f3n no est\u00e1 en el Partido Popular, est\u00e1 en el Partido Socialista","og:url":"https:\/\/www.eldigitaldeasturias.com\/noticias\/pedro-sanchez-en-albacete-no-nos-van-a-regalar-nada\/","article:tag":["actualidad"],"article:published_time":"2018-04-19T22:25:17+00:00","article:modified_time":"2018-04-19T22:25:17+00:00","article:publisher":"https:\/\/facebook.com\/eldigitaldeasturias","twitter:card":"summary_large_image","twitter:title":"Pedro S\u00e1nchez en Albacete: \u201cNo nos van a regalar nada\u201d - El Digital de Asturias","twitter:description":"Pedro S\u00e1nchez se ha referido esta tarde a los esc\u00e1ndalos de corrupci\u00f3n que afectan al PP en Madrid como los de \u201cAguirre, Gonz\u00e1lez, Granados, Cifuentes\u2026\u201d y ha subrayado que, \u201cal final, no es un problema de nombres, es un problema de siglas\u201d. \u201cLa soluci\u00f3n no est\u00e1 en el Partido Popular, est\u00e1 en el Partido Socialista","twitter:image":"https:\/\/www.eldigitaldeasturias.com\/noticias\/wp-content\/uploads\/2020\/12\/EDA-1.jpg","twitter:label1":"Escrito por","twitter:data1":"El Digital de Asturias","twitter:label2":"Tiempo de lectura estimado","twitter:data2":"2 minutos"},"aioseo_meta_data":{"post_id":"976667","title":null,"description":null,"keywords":null,"keyphrases":null,"primary_term":null,"canonical_url":null,"og_title":null,"og_description":null,"og_object_type":"default","og_image_type":"default","og_image_url":null,"og_image_width":null,"og_image_height":null,"og_image_custom_url":null,"og_image_custom_fields":null,"og_video":null,"og_custom_url":null,"og_article_section":null,"og_article_tags":null,"twitter_use_og":false,"twitter_card":"default","twitter_image_type":"default","twitter_image_url":null,"twitter_image_custom_url":null,"twitter_image_custom_fields":null,"twitter_title":null,"twitter_description":null,"schema":{"blockGraphs":[],"customGraphs":[],"default":{"data":{"Article":[],"Course":[],"Dataset":[],"FAQPage":[],"Movie":[],"Person":[],"Product":[],"ProductReview":[],"Car":[],"Recipe":[],"Service":[],"SoftwareApplication":[],"WebPage":[]},"graphName":"","isEnabled":true},"graphs":[],"defaultGraph":"","defaultPostTypeGraph":""},"schema_type":null,"schema_type_options":null,"pillar_content":false,"robots_default":true,"robots_noindex":false,"robots_noarchive":false,"robots_nosnippet":false,"robots_nofollow":false,"robots_noimageindex":false,"robots_noodp":false,"robots_notranslate":false,"robots_max_snippet":null,"robots_max_videopreview":null,"robots_max_imagepreview":"large","priority":null,"frequency":null,"local_seo":null,"seo_analyzer_scan_date":"2025-10-08 04:42:00","breadcrumb_settings":null,"limit_modified_date":false,"open_ai":null,"ai":null,"created":"2020-12-21 12:07:38","updated":"2025-10-08 04:42:00","focus_keyword":null,"additional_keywords":null,"truseo_locale":null},"aioseo_breadcrumb":"<div class=\"aioseo-breadcrumbs\"><span class=\"aioseo-breadcrumb\">\n\t<a href=\"https:\/\/www.eldigitaldeasturias.com\/noticias\" title=\"Home\">Home<\/a>\n<\/span><span class=\"aioseo-breadcrumb-separator\">\u2013<\/span><span class=\"aioseo-breadcrumb\">\n\t<a href=\"https:\/\/www.eldigitaldeasturias.com\/noticias\/category\/actualidad\/\" title=\"Actualidad\">Actualidad<\/a>\n<\/span><span class=\"aioseo-breadcrumb-separator\">\u2013<\/span><span class=\"aioseo-breadcrumb\">\n\t<a href=\"https:\/\/www.eldigitaldeasturias.com\/noticias\/pedro-sanchez-en-albacete-no-nos-van-a-regalar-nada\/\" title=\"Pedro S\u00e1nchez en Albacete: \u201cNo nos van a regalar nada\u201d\">Pedro S\u00e1nchez en Albacete: \u201cNo nos van a regalar nada\u201d<\/a>\n<\/span><\/div>","aioseo_breadcrumb_json":[{"label":"Home","link":"https:\/\/www.eldigitaldeasturias.com\/noticias"},{"label":"Actualidad","link":"https:\/\/www.eldigitaldeasturias.com\/noticias\/category\/actualidad\/"},{"label":"Pedro S\u00e1nchez en Albacete: \u201cNo nos van a regalar nada\u201d","link":"https:\/\/www.eldigitaldeasturias.com\/noticias\/pedro-sanchez-en-albacete-no-nos-van-a-regalar-nada\/"}],"_links":{"self":[{"href":"https:\/\/www.eldigitaldeasturias.com\/noticias\/wp-json\/wp\/v2\/posts\/976667","targetHints":{"allow":["GET"]}}],"collection":[{"href":"https:\/\/www.eldigitaldeasturias.com\/noticias\/wp-json\/wp\/v2\/posts"}],"about":[{"href":"https:\/\/www.eldigitaldeasturias.com\/noticias\/wp-json\/wp\/v2\/types\/post"}],"author":[{"embeddable":true,"href":"https:\/\/www.eldigitaldeasturias.com\/noticias\/wp-json\/wp\/v2\/users\/1"}],"replies":[{"embeddable":true,"href":"https:\/\/www.eldigitaldeasturias.com\/noticias\/wp-json\/wp\/v2\/comments?post=976667"}],"version-history":[{"count":0,"href":"https:\/\/www.eldigitaldeasturias.com\/noticias\/wp-json\/wp\/v2\/posts\/976667\/revisions"}],"wp:attachment":[{"href":"https:\/\/www.eldigitaldeasturias.com\/noticias\/wp-json\/wp\/v2\/media?parent=976667"}],"wp:term":[{"taxonomy":"category","embeddable":true,"href":"https:\/\/www.eldigitaldeasturias.com\/noticias\/wp-json\/wp\/v2\/categories?post=976667"},{"taxonomy":"post_tag","embeddable":true,"href":"https:\/\/www.eldigitaldeasturias.com\/noticias\/wp-json\/wp\/v2\/tags?post=976667"}],"curies":[{"name":"wp","href":"https:\/\/api.w.org\/{rel}","templated":true}]}}