{"id":976596,"date":"2018-04-18T23:37:29","date_gmt":"2018-04-18T23:37:29","guid":{"rendered":"http:\/\/www.eldigitaldeasturias.com\/noticias\/?p=976596"},"modified":"2018-04-18T23:37:29","modified_gmt":"2018-04-18T23:37:29","slug":"pedro-sanchez-con-la-mocion-hemos-dado-un-paso-al-frente","status":"publish","type":"post","link":"https:\/\/www.eldigitaldeasturias.com\/noticias\/pedro-sanchez-con-la-mocion-hemos-dado-un-paso-al-frente\/","title":{"rendered":"Pedro S\u00e1nchez: \u00abCon la moci\u00f3n hemos dado un paso al frente\u00bb"},"content":{"rendered":"<p><img loading=\"lazy\" decoding=\"async\" class=\"alignleft size-medium wp-image-793321\" src=\"https:\/\/www.eldigitaldeasturias.com\/noticias\/wp-content\/uploads\/2015\/07\/pedro-sanchez-360x240.jpg\" alt=\"\" width=\"360\" height=\"240\" \/>El secretario general, Pedro S\u00e1nchez, asegur\u00f3 hoy que la posici\u00f3n de Ciudadanos ante la crisis provocada por el caso Cifuentes, lo que hace es \u201cdar una salida al PP y no a Madrid\u201d, ya que la dimisi\u00f3n que piden llevar\u00eda a tener otro miembro del PP al frente de la presidencia \u201cy no se habr\u00e1 solucionado nada, pues seguir\u00e1 la corrupci\u00f3n del PP gobernando la Comunidad de Madrid\u201d.<\/p>\n<p>Insisti\u00f3 en que \u201cel caso Cifuentes es bastante paradigm\u00e1tico de lo que est\u00e1 ocurriendo en Madrid, donde llevamos sufriendo a un Partido Popular anegado por la corrupci\u00f3n\u201d, y por eso \u201cla reflexi\u00f3n que tiene que hacer Ciudadanos, y Rivera en particular, es no dar una soluci\u00f3n al PP de Madrid; es dar una soluci\u00f3n a Madrid. Y eso pasa por abrir un nuevo tiempo con un nuevo l\u00edder\u201d como \u00c1ngel Gabilondo, \u201cque recupere el prestigio de las instituciones que est\u00e1n siendo da\u00f1adas\u201d.<\/p>\n<p>En una entrevista en \u2018Al Rojo Vivo\u2019 de La Sexta, se\u00f1al\u00f3 que, con la moci\u00f3n de censura, los socialistas \u201chemos dado un paso al frente y ejercido nuestra responsabilidad\u201d como \u201cped\u00edan los madrile\u00f1os\u201d. \u201cSi hubiera sido por Rivera o por Ciudadanos ahora mismo lo que tendr\u00edamos ser\u00eda una comisi\u00f3n de investigaci\u00f3n en la Asamblea\u201d.<\/p>\n<p>Tambi\u00e9n se ha referido tambi\u00e9n a las acusaciones que desde el PP est\u00e1n vertiendo contra sus rivales pol\u00edticos, afirmando que es \u201cla t\u00e1ctica del ventilador\u201d que siempre utiliza el PP cuando tiene \u201cun caso de corrupci\u00f3n tan evidente\u201d como es el caso Cifuentes. Primero lo niegan, luego mienten y despu\u00e9s atacan al adversario pol\u00edtico, \u201ces la hoja de ruta que siguen siempre\u201d frente a la corrupci\u00f3n, subray\u00f3.<\/p>\n<p>De prosperar la moci\u00f3n de censura, S\u00e1nchez ha se\u00f1alado que gobernar\u00e1 Gabilondo con consejeros del PSOE y personas independientes de reconocido prestigio, con la finalidad de devolver la estabilidad y el prestigio\u201d a una comunidad que \u201cvive de vaiv\u00e9n en vaiv\u00e9n primero con Esperanza Aguirre, despu\u00e9s con Ignacio Gonz\u00e1lez, con el caso Granados, ahora con el caso Cifuentes y que no se merece esta situaci\u00f3n pol\u00edtica\u201d.<\/p>\n","protected":false},"excerpt":{"rendered":"<p>El secretario general, Pedro S\u00e1nchez, asegur\u00f3 hoy que la posici\u00f3n de Ciudadanos ante la crisis provocada por el caso Cifuentes, lo que hace es \u201cdar una salida al PP y no a Madrid\u201d, ya que la dimisi\u00f3n que piden llevar\u00eda a tener otro miembro del PP al frente de la presidencia \u201cy no se habr\u00e1 [&hellip;]<\/p>\n","protected":false},"author":1,"featured_media":974887,"comment_status":"closed","ping_status":"closed","sticky":false,"template":"","format":"standard","meta":{"footnotes":""},"categories":[1],"tags":[],"class_list":["post-976596","post","type-post","status-publish","format-standard","has-post-thumbnail","hentry","category-actualidad"],"aioseo_notices":[],"aioseo_head":"\n\t\t<!-- All in One SEO Pro 5.0.1 - aioseo.com -->\n\t<meta name=\"description\" content=\"El secretario general, Pedro S\u00e1nchez, asegur\u00f3 hoy que la posici\u00f3n de Ciudadanos ante la crisis provocada por el caso Cifuentes, lo que hace es \u201cdar una salida al PP y no a Madrid\u201d, ya que la dimisi\u00f3n que piden llevar\u00eda a tener otro miembro del PP al frente de la presidencia \u201cy no se habr\u00e1\" \/>\n\t<meta name=\"robots\" content=\"max-image-preview:large\" \/>\n\t<meta name=\"author\" content=\"El Digital de Asturias\"\/>\n\t<meta name=\"google-site-verification\" content=\"UA-38556648-1\" \/>\n\t<meta name=\"msvalidate.01\" content=\"7dfe9f3f1b24437ab69f4f2559babe99\" \/>\n\t<meta name=\"keywords\" content=\"actualidad\" \/>\n\t<link rel=\"canonical\" href=\"https:\/\/www.eldigitaldeasturias.com\/noticias\/pedro-sanchez-con-la-mocion-hemos-dado-un-paso-al-frente\/\" \/>\n\t<meta name=\"generator\" content=\"All in One SEO Pro (AIOSEO) 5.0.1\" \/>\n\t\t<meta property=\"og:locale\" content=\"es_ES\" \/>\n\t\t<meta property=\"og:site_name\" content=\"El Digital de Asturias\" \/>\n\t\t<meta property=\"og:type\" content=\"article\" \/>\n\t\t<meta property=\"og:title\" content=\"Pedro S\u00e1nchez: \u00abCon la moci\u00f3n hemos dado un paso al frente\u00bb - El Digital de Asturias\" \/>\n\t\t<meta property=\"og:description\" content=\"El secretario general, Pedro S\u00e1nchez, asegur\u00f3 hoy que la posici\u00f3n de Ciudadanos ante la crisis provocada por el caso Cifuentes, lo que hace es \u201cdar una salida al PP y no a Madrid\u201d, ya que la dimisi\u00f3n que piden llevar\u00eda a tener otro miembro del PP al frente de la presidencia \u201cy no se habr\u00e1\" \/>\n\t\t<meta property=\"og:url\" content=\"https:\/\/www.eldigitaldeasturias.com\/noticias\/pedro-sanchez-con-la-mocion-hemos-dado-un-paso-al-frente\/\" \/>\n\t\t<meta property=\"article:tag\" content=\"actualidad\" \/>\n\t\t<meta property=\"article:published_time\" content=\"2018-04-18T23:37:29+00:00\" \/>\n\t\t<meta property=\"article:modified_time\" content=\"2018-04-18T23:37:29+00:00\" \/>\n\t\t<meta property=\"article:publisher\" content=\"https:\/\/facebook.com\/eldigitaldeasturias\" \/>\n\t\t<meta name=\"twitter:card\" content=\"summary_large_image\" \/>\n\t\t<meta name=\"twitter:title\" content=\"Pedro S\u00e1nchez: \u00abCon la moci\u00f3n hemos dado un paso al frente\u00bb - El Digital de Asturias\" \/>\n\t\t<meta name=\"twitter:description\" content=\"El secretario general, Pedro S\u00e1nchez, asegur\u00f3 hoy que la posici\u00f3n de Ciudadanos ante la crisis provocada por el caso Cifuentes, lo que hace es \u201cdar una salida al PP y no a Madrid\u201d, ya que la dimisi\u00f3n que piden llevar\u00eda a tener otro miembro del PP al frente de la presidencia \u201cy no se habr\u00e1\" \/>\n\t\t<meta name=\"twitter:image\" content=\"https:\/\/www.eldigitaldeasturias.com\/noticias\/wp-content\/uploads\/2020\/12\/EDA-1.jpg\" \/>\n\t\t<meta name=\"twitter:label1\" content=\"Escrito por\" \/>\n\t\t<meta name=\"twitter:data1\" content=\"El Digital de Asturias\" \/>\n\t\t<meta name=\"twitter:label2\" content=\"Tiempo de lectura estimado\" \/>\n\t\t<meta name=\"twitter:data2\" content=\"2 minutos\" \/>\n\t\t<script type=\"application\/ld+json\" class=\"aioseo-schema\">\n\t\t\t{\"@context\":\"https:\\\/\\\/schema.org\",\"@graph\":[{\"@type\":\"BlogPosting\",\"@id\":\"https:\\\/\\\/www.eldigitaldeasturias.com\\\/noticias\\\/pedro-sanchez-con-la-mocion-hemos-dado-un-paso-al-frente\\\/#blogposting\",\"name\":\"Pedro S\\u00e1nchez: \\u00abCon la moci\\u00f3n hemos dado un paso al frente\\u00bb - El Digital de Asturias\",\"headline\":\"Pedro S\\u00e1nchez: \\u00abCon la moci\\u00f3n hemos dado un paso al frente\\u00bb\",\"author\":{\"@id\":\"https:\\\/\\\/www.eldigitaldeasturias.com\\\/noticias\\\/author\\\/admin\\\/#author\"},\"publisher\":{\"@id\":\"https:\\\/\\\/www.eldigitaldeasturias.com\\\/noticias\\\/#organization\"},\"image\":{\"@type\":\"ImageObject\",\"url\":974887},\"datePublished\":\"2018-04-18T23:37:29+02:00\",\"dateModified\":\"2018-04-18T23:37:29+02:00\",\"inLanguage\":\"es-ES\",\"mainEntityOfPage\":{\"@id\":\"https:\\\/\\\/www.eldigitaldeasturias.com\\\/noticias\\\/pedro-sanchez-con-la-mocion-hemos-dado-un-paso-al-frente\\\/#webpage\"},\"isPartOf\":{\"@id\":\"https:\\\/\\\/www.eldigitaldeasturias.com\\\/noticias\\\/pedro-sanchez-con-la-mocion-hemos-dado-un-paso-al-frente\\\/#webpage\"},\"articleSection\":\"Actualidad\"},{\"@type\":\"BreadcrumbList\",\"@id\":\"https:\\\/\\\/www.eldigitaldeasturias.com\\\/noticias\\\/pedro-sanchez-con-la-mocion-hemos-dado-un-paso-al-frente\\\/#breadcrumblist\",\"itemListElement\":[{\"@type\":\"ListItem\",\"@id\":\"https:\\\/\\\/www.eldigitaldeasturias.com\\\/noticias#listItem\",\"position\":1,\"name\":\"Home\",\"item\":\"https:\\\/\\\/www.eldigitaldeasturias.com\\\/noticias\",\"nextItem\":{\"@type\":\"ListItem\",\"@id\":\"https:\\\/\\\/www.eldigitaldeasturias.com\\\/noticias\\\/category\\\/actualidad\\\/#listItem\",\"name\":\"Actualidad\"}},{\"@type\":\"ListItem\",\"@id\":\"https:\\\/\\\/www.eldigitaldeasturias.com\\\/noticias\\\/category\\\/actualidad\\\/#listItem\",\"position\":2,\"name\":\"Actualidad\",\"item\":\"https:\\\/\\\/www.eldigitaldeasturias.com\\\/noticias\\\/category\\\/actualidad\\\/\",\"nextItem\":{\"@type\":\"ListItem\",\"@id\":\"https:\\\/\\\/www.eldigitaldeasturias.com\\\/noticias\\\/pedro-sanchez-con-la-mocion-hemos-dado-un-paso-al-frente\\\/#listItem\",\"name\":\"Pedro S\\u00e1nchez: \\u00abCon la moci\\u00f3n hemos dado un paso al frente\\u00bb\"},\"previousItem\":{\"@type\":\"ListItem\",\"@id\":\"https:\\\/\\\/www.eldigitaldeasturias.com\\\/noticias#listItem\",\"name\":\"Home\"}},{\"@type\":\"ListItem\",\"@id\":\"https:\\\/\\\/www.eldigitaldeasturias.com\\\/noticias\\\/pedro-sanchez-con-la-mocion-hemos-dado-un-paso-al-frente\\\/#listItem\",\"position\":3,\"name\":\"Pedro S\\u00e1nchez: \\u00abCon la moci\\u00f3n hemos dado un paso al frente\\u00bb\",\"previousItem\":{\"@type\":\"ListItem\",\"@id\":\"https:\\\/\\\/www.eldigitaldeasturias.com\\\/noticias\\\/category\\\/actualidad\\\/#listItem\",\"name\":\"Actualidad\"}}]},{\"@type\":\"Organization\",\"@id\":\"https:\\\/\\\/www.eldigitaldeasturias.com\\\/noticias\\\/#organization\",\"name\":\"El Digital de Asturias\",\"description\":\"Hemeroteca\",\"url\":\"https:\\\/\\\/www.eldigitaldeasturias.com\\\/noticias\\\/\",\"email\":\"info@eldigitaldeasturias.com\",\"telephone\":\"+34652131393\",\"logo\":{\"@type\":\"ImageObject\",\"url\":\"https:\\\/\\\/www.eldigitaldeasturias.com\\\/noticias\\\/wp-content\\\/uploads\\\/2020\\\/12\\\/EDA.jpg\",\"@id\":\"https:\\\/\\\/www.eldigitaldeasturias.com\\\/noticias\\\/pedro-sanchez-con-la-mocion-hemos-dado-un-paso-al-frente\\\/#organizationLogo\"},\"image\":{\"@id\":\"https:\\\/\\\/www.eldigitaldeasturias.com\\\/noticias\\\/pedro-sanchez-con-la-mocion-hemos-dado-un-paso-al-frente\\\/#organizationLogo\"},\"sameAs\":[\"https:\\\/\\\/facebook.com\\\/eldigitaldeasturias\",\"https:\\\/\\\/www.youtube.com\\\/channel\\\/UCZP-2wLEB9Rv6erhFmqVnvg\"],\"address\":{\"@id\":\"https:\\\/\\\/www.eldigitaldeasturias.com\\\/noticias\\\/#postaladdress\",\"@type\":\"PostalAddress\",\"streetAddress\":\"san antonio 4\",\"postalCode\":\"33430\",\"addressLocality\":\"Cand\\u00e1s\",\"addressRegion\":\"Asturias\",\"addressCountry\":\"ES\"}},{\"@type\":\"Person\",\"@id\":\"https:\\\/\\\/www.eldigitaldeasturias.com\\\/noticias\\\/author\\\/admin\\\/#author\",\"url\":\"https:\\\/\\\/www.eldigitaldeasturias.com\\\/noticias\\\/author\\\/admin\\\/\",\"name\":\"El Digital de Asturias\",\"image\":{\"@type\":\"ImageObject\",\"@id\":\"https:\\\/\\\/www.eldigitaldeasturias.com\\\/noticias\\\/pedro-sanchez-con-la-mocion-hemos-dado-un-paso-al-frente\\\/#authorImage\",\"url\":\"https:\\\/\\\/secure.gravatar.com\\\/avatar\\\/df2aeffc32bcd13f8d26072ef8a91b623d677766deac7f97ca815868cd41bf5e?s=96&d=mm&r=g\",\"width\":96,\"height\":96,\"caption\":\"El Digital de Asturias\"}},{\"@type\":\"WebPage\",\"@id\":\"https:\\\/\\\/www.eldigitaldeasturias.com\\\/noticias\\\/pedro-sanchez-con-la-mocion-hemos-dado-un-paso-al-frente\\\/#webpage\",\"url\":\"https:\\\/\\\/www.eldigitaldeasturias.com\\\/noticias\\\/pedro-sanchez-con-la-mocion-hemos-dado-un-paso-al-frente\\\/\",\"name\":\"Pedro S\\u00e1nchez: \\u00abCon la moci\\u00f3n hemos dado un paso al frente\\u00bb - El Digital de Asturias\",\"description\":\"El secretario general, Pedro S\\u00e1nchez, asegur\\u00f3 hoy que la posici\\u00f3n de Ciudadanos ante la crisis provocada por el caso Cifuentes, lo que hace es \\u201cdar una salida al PP y no a Madrid\\u201d, ya que la dimisi\\u00f3n que piden llevar\\u00eda a tener otro miembro del PP al frente de la presidencia \\u201cy no se habr\\u00e1\",\"inLanguage\":\"es-ES\",\"isPartOf\":{\"@id\":\"https:\\\/\\\/www.eldigitaldeasturias.com\\\/noticias\\\/#website\"},\"breadcrumb\":{\"@id\":\"https:\\\/\\\/www.eldigitaldeasturias.com\\\/noticias\\\/pedro-sanchez-con-la-mocion-hemos-dado-un-paso-al-frente\\\/#breadcrumblist\"},\"author\":{\"@id\":\"https:\\\/\\\/www.eldigitaldeasturias.com\\\/noticias\\\/author\\\/admin\\\/#author\"},\"creator\":{\"@id\":\"https:\\\/\\\/www.eldigitaldeasturias.com\\\/noticias\\\/author\\\/admin\\\/#author\"},\"image\":{\"@type\":\"ImageObject\",\"url\":974887,\"@id\":\"https:\\\/\\\/www.eldigitaldeasturias.com\\\/noticias\\\/pedro-sanchez-con-la-mocion-hemos-dado-un-paso-al-frente\\\/#mainImage\"},\"primaryImageOfPage\":{\"@id\":\"https:\\\/\\\/www.eldigitaldeasturias.com\\\/noticias\\\/pedro-sanchez-con-la-mocion-hemos-dado-un-paso-al-frente\\\/#mainImage\"},\"datePublished\":\"2018-04-18T23:37:29+02:00\",\"dateModified\":\"2018-04-18T23:37:29+02:00\"},{\"@type\":\"WebSite\",\"@id\":\"https:\\\/\\\/www.eldigitaldeasturias.com\\\/noticias\\\/#website\",\"url\":\"https:\\\/\\\/www.eldigitaldeasturias.com\\\/noticias\\\/\",\"name\":\"El Digital de Asturias - Diario de actualidad y noticias\",\"alternateName\":\"El Digital de Asturias - Diario de actualidad y noticias\",\"description\":\"Hemeroteca\",\"inLanguage\":\"es-ES\",\"publisher\":{\"@id\":\"https:\\\/\\\/www.eldigitaldeasturias.com\\\/noticias\\\/#organization\"}}]}\n\t\t<\/script>\n\t\t<!-- All in One SEO Pro -->\r\n\t\t<title>Pedro S\u00e1nchez: \u00abCon la moci\u00f3n hemos dado un paso al frente\u00bb - El Digital de Asturias<\/title>\n\n","aioseo_head_json":{"title":"Pedro S\u00e1nchez: \u00abCon la moci\u00f3n hemos dado un paso al frente\u00bb - El Digital de Asturias","description":"El secretario general, Pedro S\u00e1nchez, asegur\u00f3 hoy que la posici\u00f3n de Ciudadanos ante la crisis provocada por el caso Cifuentes, lo que hace es \u201cdar una salida al PP y no a Madrid\u201d, ya que la dimisi\u00f3n que piden llevar\u00eda a tener otro miembro del PP al frente de la presidencia \u201cy no se habr\u00e1","canonical_url":"https:\/\/www.eldigitaldeasturias.com\/noticias\/pedro-sanchez-con-la-mocion-hemos-dado-un-paso-al-frente\/","robots":"max-image-preview:large","keywords":"actualidad","webmasterTools":{"google-site-verification":"UA-38556648-1","msvalidate.01":"7dfe9f3f1b24437ab69f4f2559babe99","miscellaneous":""},"schema":{"@context":"https:\/\/schema.org","@graph":[{"@type":"BlogPosting","@id":"https:\/\/www.eldigitaldeasturias.com\/noticias\/pedro-sanchez-con-la-mocion-hemos-dado-un-paso-al-frente\/#blogposting","name":"Pedro S\u00e1nchez: \u00abCon la moci\u00f3n hemos dado un paso al frente\u00bb - El Digital de Asturias","headline":"Pedro S\u00e1nchez: \u00abCon la moci\u00f3n hemos dado un paso al frente\u00bb","author":{"@id":"https:\/\/www.eldigitaldeasturias.com\/noticias\/author\/admin\/#author"},"publisher":{"@id":"https:\/\/www.eldigitaldeasturias.com\/noticias\/#organization"},"image":{"@type":"ImageObject","url":974887},"datePublished":"2018-04-18T23:37:29+02:00","dateModified":"2018-04-18T23:37:29+02:00","inLanguage":"es-ES","mainEntityOfPage":{"@id":"https:\/\/www.eldigitaldeasturias.com\/noticias\/pedro-sanchez-con-la-mocion-hemos-dado-un-paso-al-frente\/#webpage"},"isPartOf":{"@id":"https:\/\/www.eldigitaldeasturias.com\/noticias\/pedro-sanchez-con-la-mocion-hemos-dado-un-paso-al-frente\/#webpage"},"articleSection":"Actualidad"},{"@type":"BreadcrumbList","@id":"https:\/\/www.eldigitaldeasturias.com\/noticias\/pedro-sanchez-con-la-mocion-hemos-dado-un-paso-al-frente\/#breadcrumblist","itemListElement":[{"@type":"ListItem","@id":"https:\/\/www.eldigitaldeasturias.com\/noticias#listItem","position":1,"name":"Home","item":"https:\/\/www.eldigitaldeasturias.com\/noticias","nextItem":{"@type":"ListItem","@id":"https:\/\/www.eldigitaldeasturias.com\/noticias\/category\/actualidad\/#listItem","name":"Actualidad"}},{"@type":"ListItem","@id":"https:\/\/www.eldigitaldeasturias.com\/noticias\/category\/actualidad\/#listItem","position":2,"name":"Actualidad","item":"https:\/\/www.eldigitaldeasturias.com\/noticias\/category\/actualidad\/","nextItem":{"@type":"ListItem","@id":"https:\/\/www.eldigitaldeasturias.com\/noticias\/pedro-sanchez-con-la-mocion-hemos-dado-un-paso-al-frente\/#listItem","name":"Pedro S\u00e1nchez: \u00abCon la moci\u00f3n hemos dado un paso al frente\u00bb"},"previousItem":{"@type":"ListItem","@id":"https:\/\/www.eldigitaldeasturias.com\/noticias#listItem","name":"Home"}},{"@type":"ListItem","@id":"https:\/\/www.eldigitaldeasturias.com\/noticias\/pedro-sanchez-con-la-mocion-hemos-dado-un-paso-al-frente\/#listItem","position":3,"name":"Pedro S\u00e1nchez: \u00abCon la moci\u00f3n hemos dado un paso al frente\u00bb","previousItem":{"@type":"ListItem","@id":"https:\/\/www.eldigitaldeasturias.com\/noticias\/category\/actualidad\/#listItem","name":"Actualidad"}}]},{"@type":"Organization","@id":"https:\/\/www.eldigitaldeasturias.com\/noticias\/#organization","name":"El Digital de Asturias","description":"Hemeroteca","url":"https:\/\/www.eldigitaldeasturias.com\/noticias\/","email":"info@eldigitaldeasturias.com","telephone":"+34652131393","logo":{"@type":"ImageObject","url":"https:\/\/www.eldigitaldeasturias.com\/noticias\/wp-content\/uploads\/2020\/12\/EDA.jpg","@id":"https:\/\/www.eldigitaldeasturias.com\/noticias\/pedro-sanchez-con-la-mocion-hemos-dado-un-paso-al-frente\/#organizationLogo"},"image":{"@id":"https:\/\/www.eldigitaldeasturias.com\/noticias\/pedro-sanchez-con-la-mocion-hemos-dado-un-paso-al-frente\/#organizationLogo"},"sameAs":["https:\/\/facebook.com\/eldigitaldeasturias","https:\/\/www.youtube.com\/channel\/UCZP-2wLEB9Rv6erhFmqVnvg"],"address":{"@id":"https:\/\/www.eldigitaldeasturias.com\/noticias\/#postaladdress","@type":"PostalAddress","streetAddress":"san antonio 4","postalCode":"33430","addressLocality":"Cand\u00e1s","addressRegion":"Asturias","addressCountry":"ES"}},{"@type":"Person","@id":"https:\/\/www.eldigitaldeasturias.com\/noticias\/author\/admin\/#author","url":"https:\/\/www.eldigitaldeasturias.com\/noticias\/author\/admin\/","name":"El Digital de Asturias","image":{"@type":"ImageObject","@id":"https:\/\/www.eldigitaldeasturias.com\/noticias\/pedro-sanchez-con-la-mocion-hemos-dado-un-paso-al-frente\/#authorImage","url":"https:\/\/secure.gravatar.com\/avatar\/df2aeffc32bcd13f8d26072ef8a91b623d677766deac7f97ca815868cd41bf5e?s=96&d=mm&r=g","width":96,"height":96,"caption":"El Digital de Asturias"}},{"@type":"WebPage","@id":"https:\/\/www.eldigitaldeasturias.com\/noticias\/pedro-sanchez-con-la-mocion-hemos-dado-un-paso-al-frente\/#webpage","url":"https:\/\/www.eldigitaldeasturias.com\/noticias\/pedro-sanchez-con-la-mocion-hemos-dado-un-paso-al-frente\/","name":"Pedro S\u00e1nchez: \u00abCon la moci\u00f3n hemos dado un paso al frente\u00bb - El Digital de Asturias","description":"El secretario general, Pedro S\u00e1nchez, asegur\u00f3 hoy que la posici\u00f3n de Ciudadanos ante la crisis provocada por el caso Cifuentes, lo que hace es \u201cdar una salida al PP y no a Madrid\u201d, ya que la dimisi\u00f3n que piden llevar\u00eda a tener otro miembro del PP al frente de la presidencia \u201cy no se habr\u00e1","inLanguage":"es-ES","isPartOf":{"@id":"https:\/\/www.eldigitaldeasturias.com\/noticias\/#website"},"breadcrumb":{"@id":"https:\/\/www.eldigitaldeasturias.com\/noticias\/pedro-sanchez-con-la-mocion-hemos-dado-un-paso-al-frente\/#breadcrumblist"},"author":{"@id":"https:\/\/www.eldigitaldeasturias.com\/noticias\/author\/admin\/#author"},"creator":{"@id":"https:\/\/www.eldigitaldeasturias.com\/noticias\/author\/admin\/#author"},"image":{"@type":"ImageObject","url":974887,"@id":"https:\/\/www.eldigitaldeasturias.com\/noticias\/pedro-sanchez-con-la-mocion-hemos-dado-un-paso-al-frente\/#mainImage"},"primaryImageOfPage":{"@id":"https:\/\/www.eldigitaldeasturias.com\/noticias\/pedro-sanchez-con-la-mocion-hemos-dado-un-paso-al-frente\/#mainImage"},"datePublished":"2018-04-18T23:37:29+02:00","dateModified":"2018-04-18T23:37:29+02:00"},{"@type":"WebSite","@id":"https:\/\/www.eldigitaldeasturias.com\/noticias\/#website","url":"https:\/\/www.eldigitaldeasturias.com\/noticias\/","name":"El Digital de Asturias - Diario de actualidad y noticias","alternateName":"El Digital de Asturias - Diario de actualidad y noticias","description":"Hemeroteca","inLanguage":"es-ES","publisher":{"@id":"https:\/\/www.eldigitaldeasturias.com\/noticias\/#organization"}}]},"og:locale":"es_ES","og:site_name":"El Digital de Asturias","og:type":"article","og:title":"Pedro S\u00e1nchez: \u00abCon la moci\u00f3n hemos dado un paso al frente\u00bb - El Digital de Asturias","og:description":"El secretario general, Pedro S\u00e1nchez, asegur\u00f3 hoy que la posici\u00f3n de Ciudadanos ante la crisis provocada por el caso Cifuentes, lo que hace es \u201cdar una salida al PP y no a Madrid\u201d, ya que la dimisi\u00f3n que piden llevar\u00eda a tener otro miembro del PP al frente de la presidencia \u201cy no se habr\u00e1","og:url":"https:\/\/www.eldigitaldeasturias.com\/noticias\/pedro-sanchez-con-la-mocion-hemos-dado-un-paso-al-frente\/","article:tag":["actualidad"],"article:published_time":"2018-04-18T23:37:29+00:00","article:modified_time":"2018-04-18T23:37:29+00:00","article:publisher":"https:\/\/facebook.com\/eldigitaldeasturias","twitter:card":"summary_large_image","twitter:title":"Pedro S\u00e1nchez: \u00abCon la moci\u00f3n hemos dado un paso al frente\u00bb - El Digital de Asturias","twitter:description":"El secretario general, Pedro S\u00e1nchez, asegur\u00f3 hoy que la posici\u00f3n de Ciudadanos ante la crisis provocada por el caso Cifuentes, lo que hace es \u201cdar una salida al PP y no a Madrid\u201d, ya que la dimisi\u00f3n que piden llevar\u00eda a tener otro miembro del PP al frente de la presidencia \u201cy no se habr\u00e1","twitter:image":"https:\/\/www.eldigitaldeasturias.com\/noticias\/wp-content\/uploads\/2020\/12\/EDA-1.jpg","twitter:label1":"Escrito por","twitter:data1":"El Digital de Asturias","twitter:label2":"Tiempo de lectura estimado","twitter:data2":"2 minutos"},"aioseo_meta_data":{"post_id":"976596","title":null,"description":null,"keywords":null,"keyphrases":null,"primary_term":null,"canonical_url":null,"og_title":null,"og_description":null,"og_object_type":"default","og_image_type":"default","og_image_url":null,"og_image_width":null,"og_image_height":null,"og_image_custom_url":null,"og_image_custom_fields":null,"og_video":null,"og_custom_url":null,"og_article_section":null,"og_article_tags":null,"twitter_use_og":false,"twitter_card":"default","twitter_image_type":"default","twitter_image_url":null,"twitter_image_custom_url":null,"twitter_image_custom_fields":null,"twitter_title":null,"twitter_description":null,"schema":{"blockGraphs":[],"customGraphs":[],"default":{"data":{"Article":[],"Course":[],"Dataset":[],"FAQPage":[],"Movie":[],"Person":[],"Product":[],"ProductReview":[],"Car":[],"Recipe":[],"Service":[],"SoftwareApplication":[],"WebPage":[]},"graphName":"","isEnabled":true},"graphs":[],"defaultGraph":"","defaultPostTypeGraph":""},"schema_type":null,"schema_type_options":null,"pillar_content":false,"robots_default":true,"robots_noindex":false,"robots_noarchive":false,"robots_nosnippet":false,"robots_nofollow":false,"robots_noimageindex":false,"robots_noodp":false,"robots_notranslate":false,"robots_max_snippet":null,"robots_max_videopreview":null,"robots_max_imagepreview":"large","priority":null,"frequency":null,"local_seo":null,"seo_analyzer_scan_date":"2025-10-08 04:23:59","breadcrumb_settings":null,"limit_modified_date":false,"open_ai":null,"ai":null,"created":"2020-12-21 12:07:38","updated":"2025-10-08 04:23:59","focus_keyword":null,"additional_keywords":null,"truseo_locale":null},"aioseo_breadcrumb":"<div class=\"aioseo-breadcrumbs\"><span class=\"aioseo-breadcrumb\">\n\t<a href=\"https:\/\/www.eldigitaldeasturias.com\/noticias\" title=\"Home\">Home<\/a>\n<\/span><span class=\"aioseo-breadcrumb-separator\">\u2013<\/span><span class=\"aioseo-breadcrumb\">\n\t<a href=\"https:\/\/www.eldigitaldeasturias.com\/noticias\/category\/actualidad\/\" title=\"Actualidad\">Actualidad<\/a>\n<\/span><span class=\"aioseo-breadcrumb-separator\">\u2013<\/span><span class=\"aioseo-breadcrumb\">\n\t<a href=\"https:\/\/www.eldigitaldeasturias.com\/noticias\/pedro-sanchez-con-la-mocion-hemos-dado-un-paso-al-frente\/\" title=\"Pedro S\u00e1nchez: \u00abCon la moci\u00f3n hemos dado un paso al frente\u00bb\">Pedro S\u00e1nchez: \u00abCon la moci\u00f3n hemos dado un paso al frente\u00bb<\/a>\n<\/span><\/div>","aioseo_breadcrumb_json":[{"label":"Home","link":"https:\/\/www.eldigitaldeasturias.com\/noticias"},{"label":"Actualidad","link":"https:\/\/www.eldigitaldeasturias.com\/noticias\/category\/actualidad\/"},{"label":"Pedro S\u00e1nchez: \u00abCon la moci\u00f3n hemos dado un paso al frente\u00bb","link":"https:\/\/www.eldigitaldeasturias.com\/noticias\/pedro-sanchez-con-la-mocion-hemos-dado-un-paso-al-frente\/"}],"_links":{"self":[{"href":"https:\/\/www.eldigitaldeasturias.com\/noticias\/wp-json\/wp\/v2\/posts\/976596","targetHints":{"allow":["GET"]}}],"collection":[{"href":"https:\/\/www.eldigitaldeasturias.com\/noticias\/wp-json\/wp\/v2\/posts"}],"about":[{"href":"https:\/\/www.eldigitaldeasturias.com\/noticias\/wp-json\/wp\/v2\/types\/post"}],"author":[{"embeddable":true,"href":"https:\/\/www.eldigitaldeasturias.com\/noticias\/wp-json\/wp\/v2\/users\/1"}],"replies":[{"embeddable":true,"href":"https:\/\/www.eldigitaldeasturias.com\/noticias\/wp-json\/wp\/v2\/comments?post=976596"}],"version-history":[{"count":0,"href":"https:\/\/www.eldigitaldeasturias.com\/noticias\/wp-json\/wp\/v2\/posts\/976596\/revisions"}],"wp:attachment":[{"href":"https:\/\/www.eldigitaldeasturias.com\/noticias\/wp-json\/wp\/v2\/media?parent=976596"}],"wp:term":[{"taxonomy":"category","embeddable":true,"href":"https:\/\/www.eldigitaldeasturias.com\/noticias\/wp-json\/wp\/v2\/categories?post=976596"},{"taxonomy":"post_tag","embeddable":true,"href":"https:\/\/www.eldigitaldeasturias.com\/noticias\/wp-json\/wp\/v2\/tags?post=976596"}],"curies":[{"name":"wp","href":"https:\/\/api.w.org\/{rel}","templated":true}]}}