{"id":976584,"date":"2018-04-18T23:03:37","date_gmt":"2018-04-18T23:03:37","guid":{"rendered":"http:\/\/www.eldigitaldeasturias.com\/noticias\/?p=976584"},"modified":"2018-04-18T23:03:37","modified_gmt":"2018-04-18T23:03:37","slug":"el-conflicto-catalan-se-escenifica-en-el-corazon-politico-de-alemania","status":"publish","type":"post","link":"https:\/\/www.eldigitaldeasturias.com\/noticias\/el-conflicto-catalan-se-escenifica-en-el-corazon-politico-de-alemania\/","title":{"rendered":"El conflicto catal\u00e1n se escenifica en el coraz\u00f3n pol\u00edtico de Alemania"},"content":{"rendered":"<p><img loading=\"lazy\" decoding=\"async\" class=\"alignleft size-medium wp-image-973532\" src=\"https:\/\/www.eldigitaldeasturias.com\/noticias\/wp-content\/uploads\/2018\/03\/Puigdemont-360x202.jpg\" alt=\"\" width=\"360\" height=\"202\" \/>Berl\u00edn, 18 abr (dpa) &#8211; El conflicto pol\u00edtico que Catalu\u00f1a vive desde hace a\u00f1os se hizo hoy m\u00e1s visible que nunca en el coraz\u00f3n pol\u00edtico de Alemania y en uno de los grandes centros de influencia de la Uni\u00f3n Europea (UE), cuando dos actores enfrentados pujaron por atraer la atenci\u00f3n de la opini\u00f3n p\u00fablica alemana.<\/p>\n<p>El partido soberanista del expresidente catal\u00e1n Carles Puigdemont, Junts per Catalunya (JxCat), y Sociedad Civil Catalana (SCC), plataforma civil contraria a la independencia de Catalu\u00f1a, llegaron a Berl\u00edn con mensajes diametralmente opuestos.<\/p>\n<p>La formaci\u00f3n de Carles Puigdemont insisti\u00f3 en que estudia c\u00f3mo investirlo presidente de la comunidad aut\u00f3noma, al tiempo que har\u00e1 todo lo que est\u00e9 en su mano para evitar la celebraci\u00f3n de nuevas elecciones como soluci\u00f3n al laberinto pol\u00edtico en el que se encuentra Catalu\u00f1a.<\/p>\n<p>Eduard Pujol, portavoz parlamentario adjunto de JxCat, asegur\u00f3 que su partido es el primero que quiere tener un gobierno, pero tambi\u00e9n que se ha ganado \u00abel derecho de gestionar los tiempos\u00bb, porque hasta ahora su estrategia ha ido dando \u00abfrutos\u00bb. As\u00ed lo dijo al t\u00e9rmino de un encuentro celebrado en un hotel del oeste de Berl\u00edn con 30 de los 34 diputados del grupo parlamentario de JxCat, entre ellos Puigdemont.<\/p>\n<p>\u00abTenemos la posibilidad de la candidatura de Carles Puigdemont, porque de hecho sigue siendo el presidente de Catalu\u00f1a y la legitimidad del &#8216;president&#8217; es absoluta, el pa\u00eds lo reconoce como presidente y, por tanto, tenemos que encontrar el mecanismo para llevarlo al Parlamento\u00bb, declar\u00f3 Pujol tras el encuentro.<\/p>\n<p>Pese a defender la candidatura del ex presidente del gobierno regional, el portavoz de JxCat tampoco quiso descartar la investidura de Jordi Turull, ex consejero del Gobierno catal\u00e1n, ni la de Jordi S\u00e0nchez, ex presidente de la entidad civil independentista Asamblea Nacional Catalana (ANC), ambas bloqueadas por el Tribunal Supremo espa\u00f1ol. Turull y S\u00e0nchez est\u00e1n actualmente en prisi\u00f3n preventiva.<\/p>\n<p>\u00abSorprende que el independentismo no haya interiorizado la realidad catalana y que el se\u00f1or Puigdemont ya no es presidente, que hubo unas elecciones tras las cuales se debe conformar un gobierno que debe gobernar dentro de la ley y para todos los catalanes\u00bb, dijo a dpa Jos\u00e9 Rosi\u00f1ol, fundador y presidente de SCC. \u00abExijo que haya un gobierno pero que respete el principio de representatividad, es decir, que no s\u00f3lo gobierne para los independentistas\u00bb.<\/p>\n<p>Representantes de la plataforma c\u00edvica contraria a la independencia y defensora de la unidad de Espa\u00f1a acudieron por primera vez a Berl\u00edn para mantener una serie de reuniones privadas con fundaciones, periodistas y representantes pol\u00edticos. El objetivo fundamental de su viaje fue combatir la narrativa del independentismo en Alemania.<\/p>\n<p>En un primer momento, SCC anunci\u00f3 una reuni\u00f3n con la Fundaci\u00f3n Konrad Adenauer, dependiente de la conservadora Uni\u00f3n Cristianodem\u00f3crata (CDU) de la canciller Angela Merkel, para posteriormente desmentirla. \u00abNo hemos tenido ninguna reuni\u00f3n con esa fundaci\u00f3n, fue un error nuestro\u00bb, asegur\u00f3 Rosi\u00f1ol a dpa.<\/p>\n<p>El presidente de SCC s\u00ed confirm\u00f3 que su organizaci\u00f3n establecer\u00e1 una \u00abestructura permanente de voluntarios en Alemania\u00bb para hacer visible la pluralidad de la sociedad catalana y para enfrentar lo que considera la \u00abpropaganda\u00bb del soberanismo catal\u00e1n.<\/p>\n<p>Desde hace casi un mes, la actualidad pol\u00edtica de Catalu\u00f1a se ha trasladado a Alemania, pa\u00eds en el que el Puigdemont fue arrestado el pasado 25 de marzo por las autoridades alemanas cuando regresaba por carretera de Finlandia a Bruselas.<\/p>\n<p>Puigdemont fue detenido en virtud de una orden europea de arresto emitida por la Justicia espa\u00f1ola. Un tribunal alem\u00e1n decidi\u00f3 hace dos semanas descartar el delito de rebeli\u00f3n en su caso y, tras 12 d\u00edas en la prisi\u00f3n de Neum\u00fcnster, poner en libertad al pol\u00edtico catal\u00e1n a cambio de una fianza de 75.000 euros.<\/p>\n<p>El ex presidente del Gobierno catal\u00e1n, destituido por el Ejecutivo central de Madrid en octubre por encabezar el proceso independentista, se encuentra en Berl\u00edn a la espera de que la Justicia alemana decida si lo entrega o no a Espa\u00f1a, donde est\u00e1 procesado por delitos de rebeli\u00f3n y malversaci\u00f3n de fondos en relaci\u00f3n con el proceso separatista.<\/p>\n<p>Mientras sigue la espera de una resoluci\u00f3n de la Justicia alemana sobre la extradici\u00f3n de Puigdemont, el reloj sigue avanzando para la pol\u00edtica catalana: si hasta el pr\u00f3ximo d\u00eda 22 de mayo no hay nuevo gobierno auton\u00f3mico, y tal y como marca la ley electoral catalana, la dividida regi\u00f3n se ver\u00eda abocada a nuevas elecciones.<\/p>\n<p>Por Andreu Jerez (dpa)<\/p>\n","protected":false},"excerpt":{"rendered":"<p>Berl\u00edn, 18 abr (dpa) &#8211; El conflicto pol\u00edtico que Catalu\u00f1a vive desde hace a\u00f1os se hizo hoy m\u00e1s visible que nunca en el coraz\u00f3n pol\u00edtico de Alemania y en uno de los grandes centros de influencia de la Uni\u00f3n Europea (UE), cuando dos actores enfrentados pujaron por atraer la atenci\u00f3n de la opini\u00f3n p\u00fablica alemana. [&hellip;]<\/p>\n","protected":false},"author":1,"featured_media":973532,"comment_status":"closed","ping_status":"closed","sticky":false,"template":"","format":"standard","meta":{"footnotes":""},"categories":[1],"tags":[],"class_list":["post-976584","post","type-post","status-publish","format-standard","has-post-thumbnail","hentry","category-actualidad"],"aioseo_notices":[],"aioseo_head":"\n\t\t<!-- All in One SEO Pro 5.0.1 - aioseo.com -->\n\t<meta name=\"description\" content=\"Berl\u00edn, 18 abr (dpa) - El conflicto pol\u00edtico que Catalu\u00f1a vive desde hace a\u00f1os se hizo hoy m\u00e1s visible que nunca en el coraz\u00f3n pol\u00edtico de Alemania y en uno de los grandes centros de influencia de la Uni\u00f3n Europea (UE), cuando dos actores enfrentados pujaron por atraer la atenci\u00f3n de la opini\u00f3n p\u00fablica alemana.\" \/>\n\t<meta name=\"robots\" content=\"max-image-preview:large\" \/>\n\t<meta name=\"author\" content=\"El Digital de Asturias\"\/>\n\t<meta name=\"google-site-verification\" content=\"UA-38556648-1\" \/>\n\t<meta name=\"msvalidate.01\" content=\"7dfe9f3f1b24437ab69f4f2559babe99\" \/>\n\t<meta name=\"keywords\" content=\"actualidad\" \/>\n\t<link rel=\"canonical\" href=\"https:\/\/www.eldigitaldeasturias.com\/noticias\/el-conflicto-catalan-se-escenifica-en-el-corazon-politico-de-alemania\/\" \/>\n\t<meta name=\"generator\" content=\"All in One SEO Pro (AIOSEO) 5.0.1\" \/>\n\t\t<meta property=\"og:locale\" content=\"es_ES\" \/>\n\t\t<meta property=\"og:site_name\" content=\"El Digital de Asturias\" \/>\n\t\t<meta property=\"og:type\" content=\"article\" \/>\n\t\t<meta property=\"og:title\" content=\"El conflicto catal\u00e1n se escenifica en el coraz\u00f3n pol\u00edtico de Alemania - El Digital de Asturias\" \/>\n\t\t<meta property=\"og:description\" content=\"Berl\u00edn, 18 abr (dpa) - El conflicto pol\u00edtico que Catalu\u00f1a vive desde hace a\u00f1os se hizo hoy m\u00e1s visible que nunca en el coraz\u00f3n pol\u00edtico de Alemania y en uno de los grandes centros de influencia de la Uni\u00f3n Europea (UE), cuando dos actores enfrentados pujaron por atraer la atenci\u00f3n de la opini\u00f3n p\u00fablica alemana.\" \/>\n\t\t<meta property=\"og:url\" content=\"https:\/\/www.eldigitaldeasturias.com\/noticias\/el-conflicto-catalan-se-escenifica-en-el-corazon-politico-de-alemania\/\" \/>\n\t\t<meta property=\"article:tag\" content=\"actualidad\" \/>\n\t\t<meta property=\"article:published_time\" content=\"2018-04-18T23:03:37+00:00\" \/>\n\t\t<meta property=\"article:modified_time\" content=\"2018-04-18T23:03:37+00:00\" \/>\n\t\t<meta property=\"article:publisher\" content=\"https:\/\/facebook.com\/eldigitaldeasturias\" \/>\n\t\t<meta name=\"twitter:card\" content=\"summary_large_image\" \/>\n\t\t<meta name=\"twitter:title\" content=\"El conflicto catal\u00e1n se escenifica en el coraz\u00f3n pol\u00edtico de Alemania - El Digital de Asturias\" \/>\n\t\t<meta name=\"twitter:description\" content=\"Berl\u00edn, 18 abr (dpa) - El conflicto pol\u00edtico que Catalu\u00f1a vive desde hace a\u00f1os se hizo hoy m\u00e1s visible que nunca en el coraz\u00f3n pol\u00edtico de Alemania y en uno de los grandes centros de influencia de la Uni\u00f3n Europea (UE), cuando dos actores enfrentados pujaron por atraer la atenci\u00f3n de la opini\u00f3n p\u00fablica alemana.\" \/>\n\t\t<meta name=\"twitter:image\" content=\"https:\/\/www.eldigitaldeasturias.com\/noticias\/wp-content\/uploads\/2020\/12\/EDA-1.jpg\" \/>\n\t\t<meta name=\"twitter:label1\" content=\"Escrito por\" \/>\n\t\t<meta name=\"twitter:data1\" content=\"El Digital de Asturias\" \/>\n\t\t<meta name=\"twitter:label2\" content=\"Tiempo de lectura estimado\" \/>\n\t\t<meta name=\"twitter:data2\" content=\"4 minutos\" \/>\n\t\t<script type=\"application\/ld+json\" class=\"aioseo-schema\">\n\t\t\t{\"@context\":\"https:\\\/\\\/schema.org\",\"@graph\":[{\"@type\":\"BlogPosting\",\"@id\":\"https:\\\/\\\/www.eldigitaldeasturias.com\\\/noticias\\\/el-conflicto-catalan-se-escenifica-en-el-corazon-politico-de-alemania\\\/#blogposting\",\"name\":\"El conflicto catal\\u00e1n se escenifica en el coraz\\u00f3n pol\\u00edtico de Alemania - El Digital de Asturias\",\"headline\":\"El conflicto catal\\u00e1n se escenifica en el coraz\\u00f3n pol\\u00edtico de Alemania\",\"author\":{\"@id\":\"https:\\\/\\\/www.eldigitaldeasturias.com\\\/noticias\\\/author\\\/admin\\\/#author\"},\"publisher\":{\"@id\":\"https:\\\/\\\/www.eldigitaldeasturias.com\\\/noticias\\\/#organization\"},\"image\":{\"@type\":\"ImageObject\",\"url\":973532},\"datePublished\":\"2018-04-18T23:03:37+02:00\",\"dateModified\":\"2018-04-18T23:03:37+02:00\",\"inLanguage\":\"es-ES\",\"mainEntityOfPage\":{\"@id\":\"https:\\\/\\\/www.eldigitaldeasturias.com\\\/noticias\\\/el-conflicto-catalan-se-escenifica-en-el-corazon-politico-de-alemania\\\/#webpage\"},\"isPartOf\":{\"@id\":\"https:\\\/\\\/www.eldigitaldeasturias.com\\\/noticias\\\/el-conflicto-catalan-se-escenifica-en-el-corazon-politico-de-alemania\\\/#webpage\"},\"articleSection\":\"Actualidad\"},{\"@type\":\"BreadcrumbList\",\"@id\":\"https:\\\/\\\/www.eldigitaldeasturias.com\\\/noticias\\\/el-conflicto-catalan-se-escenifica-en-el-corazon-politico-de-alemania\\\/#breadcrumblist\",\"itemListElement\":[{\"@type\":\"ListItem\",\"@id\":\"https:\\\/\\\/www.eldigitaldeasturias.com\\\/noticias#listItem\",\"position\":1,\"name\":\"Home\",\"item\":\"https:\\\/\\\/www.eldigitaldeasturias.com\\\/noticias\",\"nextItem\":{\"@type\":\"ListItem\",\"@id\":\"https:\\\/\\\/www.eldigitaldeasturias.com\\\/noticias\\\/category\\\/actualidad\\\/#listItem\",\"name\":\"Actualidad\"}},{\"@type\":\"ListItem\",\"@id\":\"https:\\\/\\\/www.eldigitaldeasturias.com\\\/noticias\\\/category\\\/actualidad\\\/#listItem\",\"position\":2,\"name\":\"Actualidad\",\"item\":\"https:\\\/\\\/www.eldigitaldeasturias.com\\\/noticias\\\/category\\\/actualidad\\\/\",\"nextItem\":{\"@type\":\"ListItem\",\"@id\":\"https:\\\/\\\/www.eldigitaldeasturias.com\\\/noticias\\\/el-conflicto-catalan-se-escenifica-en-el-corazon-politico-de-alemania\\\/#listItem\",\"name\":\"El conflicto catal\\u00e1n se escenifica en el coraz\\u00f3n pol\\u00edtico de Alemania\"},\"previousItem\":{\"@type\":\"ListItem\",\"@id\":\"https:\\\/\\\/www.eldigitaldeasturias.com\\\/noticias#listItem\",\"name\":\"Home\"}},{\"@type\":\"ListItem\",\"@id\":\"https:\\\/\\\/www.eldigitaldeasturias.com\\\/noticias\\\/el-conflicto-catalan-se-escenifica-en-el-corazon-politico-de-alemania\\\/#listItem\",\"position\":3,\"name\":\"El conflicto catal\\u00e1n se escenifica en el coraz\\u00f3n pol\\u00edtico de Alemania\",\"previousItem\":{\"@type\":\"ListItem\",\"@id\":\"https:\\\/\\\/www.eldigitaldeasturias.com\\\/noticias\\\/category\\\/actualidad\\\/#listItem\",\"name\":\"Actualidad\"}}]},{\"@type\":\"Organization\",\"@id\":\"https:\\\/\\\/www.eldigitaldeasturias.com\\\/noticias\\\/#organization\",\"name\":\"El Digital de Asturias\",\"description\":\"Hemeroteca\",\"url\":\"https:\\\/\\\/www.eldigitaldeasturias.com\\\/noticias\\\/\",\"email\":\"info@eldigitaldeasturias.com\",\"telephone\":\"+34652131393\",\"logo\":{\"@type\":\"ImageObject\",\"url\":\"https:\\\/\\\/www.eldigitaldeasturias.com\\\/noticias\\\/wp-content\\\/uploads\\\/2020\\\/12\\\/EDA.jpg\",\"@id\":\"https:\\\/\\\/www.eldigitaldeasturias.com\\\/noticias\\\/el-conflicto-catalan-se-escenifica-en-el-corazon-politico-de-alemania\\\/#organizationLogo\"},\"image\":{\"@id\":\"https:\\\/\\\/www.eldigitaldeasturias.com\\\/noticias\\\/el-conflicto-catalan-se-escenifica-en-el-corazon-politico-de-alemania\\\/#organizationLogo\"},\"sameAs\":[\"https:\\\/\\\/facebook.com\\\/eldigitaldeasturias\",\"https:\\\/\\\/www.youtube.com\\\/channel\\\/UCZP-2wLEB9Rv6erhFmqVnvg\"],\"address\":{\"@id\":\"https:\\\/\\\/www.eldigitaldeasturias.com\\\/noticias\\\/#postaladdress\",\"@type\":\"PostalAddress\",\"streetAddress\":\"san antonio 4\",\"postalCode\":\"33430\",\"addressLocality\":\"Cand\\u00e1s\",\"addressRegion\":\"Asturias\",\"addressCountry\":\"ES\"}},{\"@type\":\"Person\",\"@id\":\"https:\\\/\\\/www.eldigitaldeasturias.com\\\/noticias\\\/author\\\/admin\\\/#author\",\"url\":\"https:\\\/\\\/www.eldigitaldeasturias.com\\\/noticias\\\/author\\\/admin\\\/\",\"name\":\"El Digital de Asturias\",\"image\":{\"@type\":\"ImageObject\",\"@id\":\"https:\\\/\\\/www.eldigitaldeasturias.com\\\/noticias\\\/el-conflicto-catalan-se-escenifica-en-el-corazon-politico-de-alemania\\\/#authorImage\",\"url\":\"https:\\\/\\\/secure.gravatar.com\\\/avatar\\\/df2aeffc32bcd13f8d26072ef8a91b623d677766deac7f97ca815868cd41bf5e?s=96&d=mm&r=g\",\"width\":96,\"height\":96,\"caption\":\"El Digital de Asturias\"}},{\"@type\":\"WebPage\",\"@id\":\"https:\\\/\\\/www.eldigitaldeasturias.com\\\/noticias\\\/el-conflicto-catalan-se-escenifica-en-el-corazon-politico-de-alemania\\\/#webpage\",\"url\":\"https:\\\/\\\/www.eldigitaldeasturias.com\\\/noticias\\\/el-conflicto-catalan-se-escenifica-en-el-corazon-politico-de-alemania\\\/\",\"name\":\"El conflicto catal\\u00e1n se escenifica en el coraz\\u00f3n pol\\u00edtico de Alemania - El Digital de Asturias\",\"description\":\"Berl\\u00edn, 18 abr (dpa) - El conflicto pol\\u00edtico que Catalu\\u00f1a vive desde hace a\\u00f1os se hizo hoy m\\u00e1s visible que nunca en el coraz\\u00f3n pol\\u00edtico de Alemania y en uno de los grandes centros de influencia de la Uni\\u00f3n Europea (UE), cuando dos actores enfrentados pujaron por atraer la atenci\\u00f3n de la opini\\u00f3n p\\u00fablica alemana.\",\"inLanguage\":\"es-ES\",\"isPartOf\":{\"@id\":\"https:\\\/\\\/www.eldigitaldeasturias.com\\\/noticias\\\/#website\"},\"breadcrumb\":{\"@id\":\"https:\\\/\\\/www.eldigitaldeasturias.com\\\/noticias\\\/el-conflicto-catalan-se-escenifica-en-el-corazon-politico-de-alemania\\\/#breadcrumblist\"},\"author\":{\"@id\":\"https:\\\/\\\/www.eldigitaldeasturias.com\\\/noticias\\\/author\\\/admin\\\/#author\"},\"creator\":{\"@id\":\"https:\\\/\\\/www.eldigitaldeasturias.com\\\/noticias\\\/author\\\/admin\\\/#author\"},\"image\":{\"@type\":\"ImageObject\",\"url\":973532,\"@id\":\"https:\\\/\\\/www.eldigitaldeasturias.com\\\/noticias\\\/el-conflicto-catalan-se-escenifica-en-el-corazon-politico-de-alemania\\\/#mainImage\"},\"primaryImageOfPage\":{\"@id\":\"https:\\\/\\\/www.eldigitaldeasturias.com\\\/noticias\\\/el-conflicto-catalan-se-escenifica-en-el-corazon-politico-de-alemania\\\/#mainImage\"},\"datePublished\":\"2018-04-18T23:03:37+02:00\",\"dateModified\":\"2018-04-18T23:03:37+02:00\"},{\"@type\":\"WebSite\",\"@id\":\"https:\\\/\\\/www.eldigitaldeasturias.com\\\/noticias\\\/#website\",\"url\":\"https:\\\/\\\/www.eldigitaldeasturias.com\\\/noticias\\\/\",\"name\":\"El Digital de Asturias - Diario de actualidad y noticias\",\"alternateName\":\"El Digital de Asturias - Diario de actualidad y noticias\",\"description\":\"Hemeroteca\",\"inLanguage\":\"es-ES\",\"publisher\":{\"@id\":\"https:\\\/\\\/www.eldigitaldeasturias.com\\\/noticias\\\/#organization\"}}]}\n\t\t<\/script>\n\t\t<!-- All in One SEO Pro -->\r\n\t\t<title>El conflicto catal\u00e1n se escenifica en el coraz\u00f3n pol\u00edtico de Alemania - El Digital de Asturias<\/title>\n\n","aioseo_head_json":{"title":"El conflicto catal\u00e1n se escenifica en el coraz\u00f3n pol\u00edtico de Alemania - El Digital de Asturias","description":"Berl\u00edn, 18 abr (dpa) - El conflicto pol\u00edtico que Catalu\u00f1a vive desde hace a\u00f1os se hizo hoy m\u00e1s visible que nunca en el coraz\u00f3n pol\u00edtico de Alemania y en uno de los grandes centros de influencia de la Uni\u00f3n Europea (UE), cuando dos actores enfrentados pujaron por atraer la atenci\u00f3n de la opini\u00f3n p\u00fablica alemana.","canonical_url":"https:\/\/www.eldigitaldeasturias.com\/noticias\/el-conflicto-catalan-se-escenifica-en-el-corazon-politico-de-alemania\/","robots":"max-image-preview:large","keywords":"actualidad","webmasterTools":{"google-site-verification":"UA-38556648-1","msvalidate.01":"7dfe9f3f1b24437ab69f4f2559babe99","miscellaneous":""},"schema":{"@context":"https:\/\/schema.org","@graph":[{"@type":"BlogPosting","@id":"https:\/\/www.eldigitaldeasturias.com\/noticias\/el-conflicto-catalan-se-escenifica-en-el-corazon-politico-de-alemania\/#blogposting","name":"El conflicto catal\u00e1n se escenifica en el coraz\u00f3n pol\u00edtico de Alemania - El Digital de Asturias","headline":"El conflicto catal\u00e1n se escenifica en el coraz\u00f3n pol\u00edtico de Alemania","author":{"@id":"https:\/\/www.eldigitaldeasturias.com\/noticias\/author\/admin\/#author"},"publisher":{"@id":"https:\/\/www.eldigitaldeasturias.com\/noticias\/#organization"},"image":{"@type":"ImageObject","url":973532},"datePublished":"2018-04-18T23:03:37+02:00","dateModified":"2018-04-18T23:03:37+02:00","inLanguage":"es-ES","mainEntityOfPage":{"@id":"https:\/\/www.eldigitaldeasturias.com\/noticias\/el-conflicto-catalan-se-escenifica-en-el-corazon-politico-de-alemania\/#webpage"},"isPartOf":{"@id":"https:\/\/www.eldigitaldeasturias.com\/noticias\/el-conflicto-catalan-se-escenifica-en-el-corazon-politico-de-alemania\/#webpage"},"articleSection":"Actualidad"},{"@type":"BreadcrumbList","@id":"https:\/\/www.eldigitaldeasturias.com\/noticias\/el-conflicto-catalan-se-escenifica-en-el-corazon-politico-de-alemania\/#breadcrumblist","itemListElement":[{"@type":"ListItem","@id":"https:\/\/www.eldigitaldeasturias.com\/noticias#listItem","position":1,"name":"Home","item":"https:\/\/www.eldigitaldeasturias.com\/noticias","nextItem":{"@type":"ListItem","@id":"https:\/\/www.eldigitaldeasturias.com\/noticias\/category\/actualidad\/#listItem","name":"Actualidad"}},{"@type":"ListItem","@id":"https:\/\/www.eldigitaldeasturias.com\/noticias\/category\/actualidad\/#listItem","position":2,"name":"Actualidad","item":"https:\/\/www.eldigitaldeasturias.com\/noticias\/category\/actualidad\/","nextItem":{"@type":"ListItem","@id":"https:\/\/www.eldigitaldeasturias.com\/noticias\/el-conflicto-catalan-se-escenifica-en-el-corazon-politico-de-alemania\/#listItem","name":"El conflicto catal\u00e1n se escenifica en el coraz\u00f3n pol\u00edtico de Alemania"},"previousItem":{"@type":"ListItem","@id":"https:\/\/www.eldigitaldeasturias.com\/noticias#listItem","name":"Home"}},{"@type":"ListItem","@id":"https:\/\/www.eldigitaldeasturias.com\/noticias\/el-conflicto-catalan-se-escenifica-en-el-corazon-politico-de-alemania\/#listItem","position":3,"name":"El conflicto catal\u00e1n se escenifica en el coraz\u00f3n pol\u00edtico de Alemania","previousItem":{"@type":"ListItem","@id":"https:\/\/www.eldigitaldeasturias.com\/noticias\/category\/actualidad\/#listItem","name":"Actualidad"}}]},{"@type":"Organization","@id":"https:\/\/www.eldigitaldeasturias.com\/noticias\/#organization","name":"El Digital de Asturias","description":"Hemeroteca","url":"https:\/\/www.eldigitaldeasturias.com\/noticias\/","email":"info@eldigitaldeasturias.com","telephone":"+34652131393","logo":{"@type":"ImageObject","url":"https:\/\/www.eldigitaldeasturias.com\/noticias\/wp-content\/uploads\/2020\/12\/EDA.jpg","@id":"https:\/\/www.eldigitaldeasturias.com\/noticias\/el-conflicto-catalan-se-escenifica-en-el-corazon-politico-de-alemania\/#organizationLogo"},"image":{"@id":"https:\/\/www.eldigitaldeasturias.com\/noticias\/el-conflicto-catalan-se-escenifica-en-el-corazon-politico-de-alemania\/#organizationLogo"},"sameAs":["https:\/\/facebook.com\/eldigitaldeasturias","https:\/\/www.youtube.com\/channel\/UCZP-2wLEB9Rv6erhFmqVnvg"],"address":{"@id":"https:\/\/www.eldigitaldeasturias.com\/noticias\/#postaladdress","@type":"PostalAddress","streetAddress":"san antonio 4","postalCode":"33430","addressLocality":"Cand\u00e1s","addressRegion":"Asturias","addressCountry":"ES"}},{"@type":"Person","@id":"https:\/\/www.eldigitaldeasturias.com\/noticias\/author\/admin\/#author","url":"https:\/\/www.eldigitaldeasturias.com\/noticias\/author\/admin\/","name":"El Digital de Asturias","image":{"@type":"ImageObject","@id":"https:\/\/www.eldigitaldeasturias.com\/noticias\/el-conflicto-catalan-se-escenifica-en-el-corazon-politico-de-alemania\/#authorImage","url":"https:\/\/secure.gravatar.com\/avatar\/df2aeffc32bcd13f8d26072ef8a91b623d677766deac7f97ca815868cd41bf5e?s=96&d=mm&r=g","width":96,"height":96,"caption":"El Digital de Asturias"}},{"@type":"WebPage","@id":"https:\/\/www.eldigitaldeasturias.com\/noticias\/el-conflicto-catalan-se-escenifica-en-el-corazon-politico-de-alemania\/#webpage","url":"https:\/\/www.eldigitaldeasturias.com\/noticias\/el-conflicto-catalan-se-escenifica-en-el-corazon-politico-de-alemania\/","name":"El conflicto catal\u00e1n se escenifica en el coraz\u00f3n pol\u00edtico de Alemania - El Digital de Asturias","description":"Berl\u00edn, 18 abr (dpa) - El conflicto pol\u00edtico que Catalu\u00f1a vive desde hace a\u00f1os se hizo hoy m\u00e1s visible que nunca en el coraz\u00f3n pol\u00edtico de Alemania y en uno de los grandes centros de influencia de la Uni\u00f3n Europea (UE), cuando dos actores enfrentados pujaron por atraer la atenci\u00f3n de la opini\u00f3n p\u00fablica alemana.","inLanguage":"es-ES","isPartOf":{"@id":"https:\/\/www.eldigitaldeasturias.com\/noticias\/#website"},"breadcrumb":{"@id":"https:\/\/www.eldigitaldeasturias.com\/noticias\/el-conflicto-catalan-se-escenifica-en-el-corazon-politico-de-alemania\/#breadcrumblist"},"author":{"@id":"https:\/\/www.eldigitaldeasturias.com\/noticias\/author\/admin\/#author"},"creator":{"@id":"https:\/\/www.eldigitaldeasturias.com\/noticias\/author\/admin\/#author"},"image":{"@type":"ImageObject","url":973532,"@id":"https:\/\/www.eldigitaldeasturias.com\/noticias\/el-conflicto-catalan-se-escenifica-en-el-corazon-politico-de-alemania\/#mainImage"},"primaryImageOfPage":{"@id":"https:\/\/www.eldigitaldeasturias.com\/noticias\/el-conflicto-catalan-se-escenifica-en-el-corazon-politico-de-alemania\/#mainImage"},"datePublished":"2018-04-18T23:03:37+02:00","dateModified":"2018-04-18T23:03:37+02:00"},{"@type":"WebSite","@id":"https:\/\/www.eldigitaldeasturias.com\/noticias\/#website","url":"https:\/\/www.eldigitaldeasturias.com\/noticias\/","name":"El Digital de Asturias - Diario de actualidad y noticias","alternateName":"El Digital de Asturias - Diario de actualidad y noticias","description":"Hemeroteca","inLanguage":"es-ES","publisher":{"@id":"https:\/\/www.eldigitaldeasturias.com\/noticias\/#organization"}}]},"og:locale":"es_ES","og:site_name":"El Digital de Asturias","og:type":"article","og:title":"El conflicto catal\u00e1n se escenifica en el coraz\u00f3n pol\u00edtico de Alemania - El Digital de Asturias","og:description":"Berl\u00edn, 18 abr (dpa) - El conflicto pol\u00edtico que Catalu\u00f1a vive desde hace a\u00f1os se hizo hoy m\u00e1s visible que nunca en el coraz\u00f3n pol\u00edtico de Alemania y en uno de los grandes centros de influencia de la Uni\u00f3n Europea (UE), cuando dos actores enfrentados pujaron por atraer la atenci\u00f3n de la opini\u00f3n p\u00fablica alemana.","og:url":"https:\/\/www.eldigitaldeasturias.com\/noticias\/el-conflicto-catalan-se-escenifica-en-el-corazon-politico-de-alemania\/","article:tag":["actualidad"],"article:published_time":"2018-04-18T23:03:37+00:00","article:modified_time":"2018-04-18T23:03:37+00:00","article:publisher":"https:\/\/facebook.com\/eldigitaldeasturias","twitter:card":"summary_large_image","twitter:title":"El conflicto catal\u00e1n se escenifica en el coraz\u00f3n pol\u00edtico de Alemania - El Digital de Asturias","twitter:description":"Berl\u00edn, 18 abr (dpa) - El conflicto pol\u00edtico que Catalu\u00f1a vive desde hace a\u00f1os se hizo hoy m\u00e1s visible que nunca en el coraz\u00f3n pol\u00edtico de Alemania y en uno de los grandes centros de influencia de la Uni\u00f3n Europea (UE), cuando dos actores enfrentados pujaron por atraer la atenci\u00f3n de la opini\u00f3n p\u00fablica alemana.","twitter:image":"https:\/\/www.eldigitaldeasturias.com\/noticias\/wp-content\/uploads\/2020\/12\/EDA-1.jpg","twitter:label1":"Escrito por","twitter:data1":"El Digital de Asturias","twitter:label2":"Tiempo de lectura estimado","twitter:data2":"4 minutos"},"aioseo_meta_data":{"post_id":"976584","title":null,"description":null,"keywords":null,"keyphrases":null,"primary_term":null,"canonical_url":null,"og_title":null,"og_description":null,"og_object_type":"default","og_image_type":"default","og_image_url":null,"og_image_width":null,"og_image_height":null,"og_image_custom_url":null,"og_image_custom_fields":null,"og_video":null,"og_custom_url":null,"og_article_section":null,"og_article_tags":null,"twitter_use_og":false,"twitter_card":"default","twitter_image_type":"default","twitter_image_url":null,"twitter_image_custom_url":null,"twitter_image_custom_fields":null,"twitter_title":null,"twitter_description":null,"schema":{"blockGraphs":[],"customGraphs":[],"default":{"data":{"Article":[],"Course":[],"Dataset":[],"FAQPage":[],"Movie":[],"Person":[],"Product":[],"ProductReview":[],"Car":[],"Recipe":[],"Service":[],"SoftwareApplication":[],"WebPage":[]},"graphName":"","isEnabled":true},"graphs":[],"defaultGraph":"","defaultPostTypeGraph":""},"schema_type":null,"schema_type_options":null,"pillar_content":false,"robots_default":true,"robots_noindex":false,"robots_noarchive":false,"robots_nosnippet":false,"robots_nofollow":false,"robots_noimageindex":false,"robots_noodp":false,"robots_notranslate":false,"robots_max_snippet":null,"robots_max_videopreview":null,"robots_max_imagepreview":"large","priority":null,"frequency":null,"local_seo":null,"seo_analyzer_scan_date":"2025-10-08 04:22:02","breadcrumb_settings":null,"limit_modified_date":false,"open_ai":null,"ai":null,"created":"2020-12-21 12:07:38","updated":"2025-10-08 04:22:02","focus_keyword":null,"additional_keywords":null,"truseo_locale":null},"aioseo_breadcrumb":"<div class=\"aioseo-breadcrumbs\"><span class=\"aioseo-breadcrumb\">\n\t<a href=\"https:\/\/www.eldigitaldeasturias.com\/noticias\" title=\"Home\">Home<\/a>\n<\/span><span class=\"aioseo-breadcrumb-separator\">\u2013<\/span><span class=\"aioseo-breadcrumb\">\n\t<a href=\"https:\/\/www.eldigitaldeasturias.com\/noticias\/category\/actualidad\/\" title=\"Actualidad\">Actualidad<\/a>\n<\/span><span class=\"aioseo-breadcrumb-separator\">\u2013<\/span><span class=\"aioseo-breadcrumb\">\n\t<a href=\"https:\/\/www.eldigitaldeasturias.com\/noticias\/el-conflicto-catalan-se-escenifica-en-el-corazon-politico-de-alemania\/\" title=\"El conflicto catal\u00e1n se escenifica en el coraz\u00f3n pol\u00edtico de Alemania\">El conflicto catal\u00e1n se escenifica en el coraz\u00f3n pol\u00edtico de Alemania<\/a>\n<\/span><\/div>","aioseo_breadcrumb_json":[{"label":"Home","link":"https:\/\/www.eldigitaldeasturias.com\/noticias"},{"label":"Actualidad","link":"https:\/\/www.eldigitaldeasturias.com\/noticias\/category\/actualidad\/"},{"label":"El conflicto catal\u00e1n se escenifica en el coraz\u00f3n pol\u00edtico de Alemania","link":"https:\/\/www.eldigitaldeasturias.com\/noticias\/el-conflicto-catalan-se-escenifica-en-el-corazon-politico-de-alemania\/"}],"_links":{"self":[{"href":"https:\/\/www.eldigitaldeasturias.com\/noticias\/wp-json\/wp\/v2\/posts\/976584","targetHints":{"allow":["GET"]}}],"collection":[{"href":"https:\/\/www.eldigitaldeasturias.com\/noticias\/wp-json\/wp\/v2\/posts"}],"about":[{"href":"https:\/\/www.eldigitaldeasturias.com\/noticias\/wp-json\/wp\/v2\/types\/post"}],"author":[{"embeddable":true,"href":"https:\/\/www.eldigitaldeasturias.com\/noticias\/wp-json\/wp\/v2\/users\/1"}],"replies":[{"embeddable":true,"href":"https:\/\/www.eldigitaldeasturias.com\/noticias\/wp-json\/wp\/v2\/comments?post=976584"}],"version-history":[{"count":0,"href":"https:\/\/www.eldigitaldeasturias.com\/noticias\/wp-json\/wp\/v2\/posts\/976584\/revisions"}],"wp:attachment":[{"href":"https:\/\/www.eldigitaldeasturias.com\/noticias\/wp-json\/wp\/v2\/media?parent=976584"}],"wp:term":[{"taxonomy":"category","embeddable":true,"href":"https:\/\/www.eldigitaldeasturias.com\/noticias\/wp-json\/wp\/v2\/categories?post=976584"},{"taxonomy":"post_tag","embeddable":true,"href":"https:\/\/www.eldigitaldeasturias.com\/noticias\/wp-json\/wp\/v2\/tags?post=976584"}],"curies":[{"name":"wp","href":"https:\/\/api.w.org\/{rel}","templated":true}]}}