{"id":976572,"date":"2018-04-18T22:48:05","date_gmt":"2018-04-18T22:48:05","guid":{"rendered":"http:\/\/www.eldigitaldeasturias.com\/noticias\/?p=976572"},"modified":"2018-04-18T22:48:05","modified_gmt":"2018-04-18T22:48:05","slug":"miguel-diaz-canel-es-propuesto-como-nuevo-presidente-de-cuba","status":"publish","type":"post","link":"https:\/\/www.eldigitaldeasturias.com\/noticias\/miguel-diaz-canel-es-propuesto-como-nuevo-presidente-de-cuba\/","title":{"rendered":"Miguel D\u00edaz-Canel es propuesto como nuevo presidente de Cuba"},"content":{"rendered":"<p><img loading=\"lazy\" decoding=\"async\" class=\"alignleft size-medium wp-image-976329\" src=\"https:\/\/www.eldigitaldeasturias.com\/noticias\/wp-content\/uploads\/2018\/04\/flag-2526259_960_720-360x270.jpg\" alt=\"\" width=\"360\" height=\"270\" \/>La Habana, 18 abr (dpa) \u2013 La Comisi\u00f3n Nacional de Candidaturas propuso hoy al Parlamento cubano la votaci\u00f3n de Miguel D\u00edaz-Canel como pr\u00f3ximo presidente de Cuba, en sustituci\u00f3n de Ra\u00fal Castro.<\/p>\n<p>Como nuevo vicepresidente primero fue propuesto Salvador Vald\u00e9s Mesa, que fue secretario de la Central de Trabajadores de Cuba y ministro de Trabajo. Hasta ahora ejerc\u00eda como uno de los vicepresidentes del Gobierno.<\/p>\n<p>Aunque el anuncio de la candidatura se hizo hoy a los 605 diputados que votar\u00e1n la propuesta durante este mi\u00e9rcoles, el resultado de la elecci\u00f3n se har\u00e1 p\u00fablico este jueves, seg\u00fan el programa oficial del legislativo.<\/p>\n<p>Los otros vicepresidentes propuestos son el hist\u00f3rico Comandante de la Revoluci\u00f3n, Ramiro Vald\u00e9s; el ministro de Salud P\u00fablica, Roberto Morales; la Contralora General, Gladys Bejerano; la presidenta del Instituto Nacional de Recursos Hidr\u00e1ulicos, In\u00e9s Mar\u00eda Chapman; y Beatriz Jhonson.<\/p>\n<p>La jornada parlamentaria inici\u00f3 hoy su reuni\u00f3n de dos d\u00edas con la elecci\u00f3n de la direcci\u00f3n de la Asamblea Nacional, que mantuvo la continuidad con la repetici\u00f3n de la presidencia de Esteban Lazo, y de Ana Mar\u00eda Mari Machado y Miriam Brito como vicepresidenta y secretaria, respectivamente.<\/p>\n<p>Ra\u00fal Castro apareci\u00f3 vestido de chaqueta y corbata, sin su tradicional traje militar de General de Ej\u00e9rcito, acompa\u00f1ado de los miembros de su Gobierno y aplaudido por el resto de diputados.<\/p>\n<p>Los 605 diputados votan hoy la propuesta de la Comisi\u00f3n Nacional de Candidaturas pero el resultado final se dar\u00e1 a conocer este jueves, aunque no est\u00e1 previsto que se produzcan cambios.<\/p>\n<p>D\u00edaz-Canel es un ingeniero de 57 a\u00f1os, que anteriormente fue ministro de Educaci\u00f3n Superior y dirigi\u00f3 al Partido Comunista de Cuba en la central provincia de Villa Clara y la oriental Holgu\u00edn.<\/p>\n<p>La llegada a la presidencia de Miguel D\u00edaz-Canel representa el relevo generacional que ha ido preparando durante los \u00faltimos a\u00f1os Ra\u00fal Castro dando responsabilidades a dirigentes que nacieron despu\u00e9s del triunfo revolucionario de 1959.<\/p>\n<p>El promedio de edad de la Asamblea Nacional es de 49 a\u00f1os y el 87 por ciento de los diputados nacieron despu\u00e9s de 1959, seg\u00fan datos oficiales del Parlamento.<\/p>\n<p>Pol\u00edticos como el vicepresidente econ\u00f3mico Marino Murillo, de 57 a\u00f1os, la dirigente comunista Mercedes L\u00f3pez Acea, de 53, el ministro de Salud P\u00fablica, Roberto Morales, de 50 a\u00f1os, o el canciller Bruno Rodr\u00edguez, de 60 a\u00f1os, ocupan ya puestos destacados.<\/p>\n<p>Ra\u00fal Castro de 86 a\u00f1os, dejar\u00e1 la Presidencia pero se mantendr\u00e1 al frente del poderoso Partido Comunista de Cuba hasta el 2021, cuando la agrupaci\u00f3n comunista celebre su pr\u00f3ximo congreso.<\/p>\n<p>\u00abDeja (Ra\u00fal Castro) un sistema estable pero fr\u00e1gil, con serios problemas de sostenibilidad\u00bb, afirm\u00f3 a dpa el acad\u00e9mico cubano Arturo L\u00f3pez-Levy, profesor de la Universidad de Texas-Rio Grande Valley.<\/p>\n<p>Los principales retos del nuevo presidente cubano ser\u00e1 mejorar la econom\u00eda nacional, que en 2016 vivi\u00f3 su primera recesi\u00f3n en los \u00faltimos 20 a\u00f1os con un decrecimiento del producto interno bruto inferior al 0,9 por ciento.<\/p>\n<p>La econom\u00eda nacional necesita atraer al a\u00f1o m\u00e1s de 2.500 millones de d\u00f3lares de inversi\u00f3n extranjera para crecer, mientras sufre la crisis econ\u00f3mica del aliado venezolano que ha reducido a la mitad el env\u00edo de crudo a la isla, con tan solo 50.000 barriles diarios.<\/p>\n<p>Por Guillermo Nova (dpa)<\/p>\n","protected":false},"excerpt":{"rendered":"<p>La Habana, 18 abr (dpa) \u2013 La Comisi\u00f3n Nacional de Candidaturas propuso hoy al Parlamento cubano la votaci\u00f3n de Miguel D\u00edaz-Canel como pr\u00f3ximo presidente de Cuba, en sustituci\u00f3n de Ra\u00fal Castro. Como nuevo vicepresidente primero fue propuesto Salvador Vald\u00e9s Mesa, que fue secretario de la Central de Trabajadores de Cuba y ministro de Trabajo. Hasta [&hellip;]<\/p>\n","protected":false},"author":1,"featured_media":976329,"comment_status":"closed","ping_status":"closed","sticky":false,"template":"","format":"standard","meta":{"footnotes":""},"categories":[1],"tags":[],"class_list":["post-976572","post","type-post","status-publish","format-standard","has-post-thumbnail","hentry","category-actualidad"],"aioseo_notices":[],"aioseo_head":"\n\t\t<!-- All in One SEO Pro 5.0.1 - aioseo.com -->\n\t<meta name=\"description\" content=\"La Habana, 18 abr (dpa) \u2013 La Comisi\u00f3n Nacional de Candidaturas propuso hoy al Parlamento cubano la votaci\u00f3n de Miguel D\u00edaz-Canel como pr\u00f3ximo presidente de Cuba, en sustituci\u00f3n de Ra\u00fal Castro. Como nuevo vicepresidente primero fue propuesto Salvador Vald\u00e9s Mesa, que fue secretario de la Central de Trabajadores de Cuba y ministro de Trabajo. Hasta\" \/>\n\t<meta name=\"robots\" content=\"max-image-preview:large\" \/>\n\t<meta name=\"author\" content=\"El Digital de Asturias\"\/>\n\t<meta name=\"google-site-verification\" content=\"UA-38556648-1\" \/>\n\t<meta name=\"msvalidate.01\" content=\"7dfe9f3f1b24437ab69f4f2559babe99\" \/>\n\t<meta name=\"keywords\" content=\"actualidad\" \/>\n\t<link rel=\"canonical\" href=\"https:\/\/www.eldigitaldeasturias.com\/noticias\/miguel-diaz-canel-es-propuesto-como-nuevo-presidente-de-cuba\/\" \/>\n\t<meta name=\"generator\" content=\"All in One SEO Pro (AIOSEO) 5.0.1\" \/>\n\t\t<meta property=\"og:locale\" content=\"es_ES\" \/>\n\t\t<meta property=\"og:site_name\" content=\"El Digital de Asturias\" \/>\n\t\t<meta property=\"og:type\" content=\"article\" \/>\n\t\t<meta property=\"og:title\" content=\"Miguel D\u00edaz-Canel es propuesto como nuevo presidente de Cuba - El Digital de Asturias\" \/>\n\t\t<meta property=\"og:description\" content=\"La Habana, 18 abr (dpa) \u2013 La Comisi\u00f3n Nacional de Candidaturas propuso hoy al Parlamento cubano la votaci\u00f3n de Miguel D\u00edaz-Canel como pr\u00f3ximo presidente de Cuba, en sustituci\u00f3n de Ra\u00fal Castro. Como nuevo vicepresidente primero fue propuesto Salvador Vald\u00e9s Mesa, que fue secretario de la Central de Trabajadores de Cuba y ministro de Trabajo. Hasta\" \/>\n\t\t<meta property=\"og:url\" content=\"https:\/\/www.eldigitaldeasturias.com\/noticias\/miguel-diaz-canel-es-propuesto-como-nuevo-presidente-de-cuba\/\" \/>\n\t\t<meta property=\"article:tag\" content=\"actualidad\" \/>\n\t\t<meta property=\"article:published_time\" content=\"2018-04-18T22:48:05+00:00\" \/>\n\t\t<meta property=\"article:modified_time\" content=\"2018-04-18T22:48:05+00:00\" \/>\n\t\t<meta property=\"article:publisher\" content=\"https:\/\/facebook.com\/eldigitaldeasturias\" \/>\n\t\t<meta name=\"twitter:card\" content=\"summary_large_image\" \/>\n\t\t<meta name=\"twitter:title\" content=\"Miguel D\u00edaz-Canel es propuesto como nuevo presidente de Cuba - El Digital de Asturias\" \/>\n\t\t<meta name=\"twitter:description\" content=\"La Habana, 18 abr (dpa) \u2013 La Comisi\u00f3n Nacional de Candidaturas propuso hoy al Parlamento cubano la votaci\u00f3n de Miguel D\u00edaz-Canel como pr\u00f3ximo presidente de Cuba, en sustituci\u00f3n de Ra\u00fal Castro. Como nuevo vicepresidente primero fue propuesto Salvador Vald\u00e9s Mesa, que fue secretario de la Central de Trabajadores de Cuba y ministro de Trabajo. Hasta\" \/>\n\t\t<meta name=\"twitter:image\" content=\"https:\/\/www.eldigitaldeasturias.com\/noticias\/wp-content\/uploads\/2020\/12\/EDA-1.jpg\" \/>\n\t\t<meta name=\"twitter:label1\" content=\"Escrito por\" \/>\n\t\t<meta name=\"twitter:data1\" content=\"El Digital de Asturias\" \/>\n\t\t<meta name=\"twitter:label2\" content=\"Tiempo de lectura estimado\" \/>\n\t\t<meta name=\"twitter:data2\" content=\"3 minutos\" \/>\n\t\t<script type=\"application\/ld+json\" class=\"aioseo-schema\">\n\t\t\t{\"@context\":\"https:\\\/\\\/schema.org\",\"@graph\":[{\"@type\":\"BlogPosting\",\"@id\":\"https:\\\/\\\/www.eldigitaldeasturias.com\\\/noticias\\\/miguel-diaz-canel-es-propuesto-como-nuevo-presidente-de-cuba\\\/#blogposting\",\"name\":\"Miguel D\\u00edaz-Canel es propuesto como nuevo presidente de Cuba - El Digital de Asturias\",\"headline\":\"Miguel D\\u00edaz-Canel es propuesto como nuevo presidente de Cuba\",\"author\":{\"@id\":\"https:\\\/\\\/www.eldigitaldeasturias.com\\\/noticias\\\/author\\\/admin\\\/#author\"},\"publisher\":{\"@id\":\"https:\\\/\\\/www.eldigitaldeasturias.com\\\/noticias\\\/#organization\"},\"image\":{\"@type\":\"ImageObject\",\"url\":976329},\"datePublished\":\"2018-04-18T22:48:05+02:00\",\"dateModified\":\"2018-04-18T22:48:05+02:00\",\"inLanguage\":\"es-ES\",\"mainEntityOfPage\":{\"@id\":\"https:\\\/\\\/www.eldigitaldeasturias.com\\\/noticias\\\/miguel-diaz-canel-es-propuesto-como-nuevo-presidente-de-cuba\\\/#webpage\"},\"isPartOf\":{\"@id\":\"https:\\\/\\\/www.eldigitaldeasturias.com\\\/noticias\\\/miguel-diaz-canel-es-propuesto-como-nuevo-presidente-de-cuba\\\/#webpage\"},\"articleSection\":\"Actualidad\"},{\"@type\":\"BreadcrumbList\",\"@id\":\"https:\\\/\\\/www.eldigitaldeasturias.com\\\/noticias\\\/miguel-diaz-canel-es-propuesto-como-nuevo-presidente-de-cuba\\\/#breadcrumblist\",\"itemListElement\":[{\"@type\":\"ListItem\",\"@id\":\"https:\\\/\\\/www.eldigitaldeasturias.com\\\/noticias#listItem\",\"position\":1,\"name\":\"Home\",\"item\":\"https:\\\/\\\/www.eldigitaldeasturias.com\\\/noticias\",\"nextItem\":{\"@type\":\"ListItem\",\"@id\":\"https:\\\/\\\/www.eldigitaldeasturias.com\\\/noticias\\\/category\\\/actualidad\\\/#listItem\",\"name\":\"Actualidad\"}},{\"@type\":\"ListItem\",\"@id\":\"https:\\\/\\\/www.eldigitaldeasturias.com\\\/noticias\\\/category\\\/actualidad\\\/#listItem\",\"position\":2,\"name\":\"Actualidad\",\"item\":\"https:\\\/\\\/www.eldigitaldeasturias.com\\\/noticias\\\/category\\\/actualidad\\\/\",\"nextItem\":{\"@type\":\"ListItem\",\"@id\":\"https:\\\/\\\/www.eldigitaldeasturias.com\\\/noticias\\\/miguel-diaz-canel-es-propuesto-como-nuevo-presidente-de-cuba\\\/#listItem\",\"name\":\"Miguel D\\u00edaz-Canel es propuesto como nuevo presidente de Cuba\"},\"previousItem\":{\"@type\":\"ListItem\",\"@id\":\"https:\\\/\\\/www.eldigitaldeasturias.com\\\/noticias#listItem\",\"name\":\"Home\"}},{\"@type\":\"ListItem\",\"@id\":\"https:\\\/\\\/www.eldigitaldeasturias.com\\\/noticias\\\/miguel-diaz-canel-es-propuesto-como-nuevo-presidente-de-cuba\\\/#listItem\",\"position\":3,\"name\":\"Miguel D\\u00edaz-Canel es propuesto como nuevo presidente de Cuba\",\"previousItem\":{\"@type\":\"ListItem\",\"@id\":\"https:\\\/\\\/www.eldigitaldeasturias.com\\\/noticias\\\/category\\\/actualidad\\\/#listItem\",\"name\":\"Actualidad\"}}]},{\"@type\":\"Organization\",\"@id\":\"https:\\\/\\\/www.eldigitaldeasturias.com\\\/noticias\\\/#organization\",\"name\":\"El Digital de Asturias\",\"description\":\"Hemeroteca\",\"url\":\"https:\\\/\\\/www.eldigitaldeasturias.com\\\/noticias\\\/\",\"email\":\"info@eldigitaldeasturias.com\",\"telephone\":\"+34652131393\",\"logo\":{\"@type\":\"ImageObject\",\"url\":\"https:\\\/\\\/www.eldigitaldeasturias.com\\\/noticias\\\/wp-content\\\/uploads\\\/2020\\\/12\\\/EDA.jpg\",\"@id\":\"https:\\\/\\\/www.eldigitaldeasturias.com\\\/noticias\\\/miguel-diaz-canel-es-propuesto-como-nuevo-presidente-de-cuba\\\/#organizationLogo\"},\"image\":{\"@id\":\"https:\\\/\\\/www.eldigitaldeasturias.com\\\/noticias\\\/miguel-diaz-canel-es-propuesto-como-nuevo-presidente-de-cuba\\\/#organizationLogo\"},\"sameAs\":[\"https:\\\/\\\/facebook.com\\\/eldigitaldeasturias\",\"https:\\\/\\\/www.youtube.com\\\/channel\\\/UCZP-2wLEB9Rv6erhFmqVnvg\"],\"address\":{\"@id\":\"https:\\\/\\\/www.eldigitaldeasturias.com\\\/noticias\\\/#postaladdress\",\"@type\":\"PostalAddress\",\"streetAddress\":\"san antonio 4\",\"postalCode\":\"33430\",\"addressLocality\":\"Cand\\u00e1s\",\"addressRegion\":\"Asturias\",\"addressCountry\":\"ES\"}},{\"@type\":\"Person\",\"@id\":\"https:\\\/\\\/www.eldigitaldeasturias.com\\\/noticias\\\/author\\\/admin\\\/#author\",\"url\":\"https:\\\/\\\/www.eldigitaldeasturias.com\\\/noticias\\\/author\\\/admin\\\/\",\"name\":\"El Digital de Asturias\",\"image\":{\"@type\":\"ImageObject\",\"@id\":\"https:\\\/\\\/www.eldigitaldeasturias.com\\\/noticias\\\/miguel-diaz-canel-es-propuesto-como-nuevo-presidente-de-cuba\\\/#authorImage\",\"url\":\"https:\\\/\\\/secure.gravatar.com\\\/avatar\\\/df2aeffc32bcd13f8d26072ef8a91b623d677766deac7f97ca815868cd41bf5e?s=96&d=mm&r=g\",\"width\":96,\"height\":96,\"caption\":\"El Digital de Asturias\"}},{\"@type\":\"WebPage\",\"@id\":\"https:\\\/\\\/www.eldigitaldeasturias.com\\\/noticias\\\/miguel-diaz-canel-es-propuesto-como-nuevo-presidente-de-cuba\\\/#webpage\",\"url\":\"https:\\\/\\\/www.eldigitaldeasturias.com\\\/noticias\\\/miguel-diaz-canel-es-propuesto-como-nuevo-presidente-de-cuba\\\/\",\"name\":\"Miguel D\\u00edaz-Canel es propuesto como nuevo presidente de Cuba - El Digital de Asturias\",\"description\":\"La Habana, 18 abr (dpa) \\u2013 La Comisi\\u00f3n Nacional de Candidaturas propuso hoy al Parlamento cubano la votaci\\u00f3n de Miguel D\\u00edaz-Canel como pr\\u00f3ximo presidente de Cuba, en sustituci\\u00f3n de Ra\\u00fal Castro. Como nuevo vicepresidente primero fue propuesto Salvador Vald\\u00e9s Mesa, que fue secretario de la Central de Trabajadores de Cuba y ministro de Trabajo. Hasta\",\"inLanguage\":\"es-ES\",\"isPartOf\":{\"@id\":\"https:\\\/\\\/www.eldigitaldeasturias.com\\\/noticias\\\/#website\"},\"breadcrumb\":{\"@id\":\"https:\\\/\\\/www.eldigitaldeasturias.com\\\/noticias\\\/miguel-diaz-canel-es-propuesto-como-nuevo-presidente-de-cuba\\\/#breadcrumblist\"},\"author\":{\"@id\":\"https:\\\/\\\/www.eldigitaldeasturias.com\\\/noticias\\\/author\\\/admin\\\/#author\"},\"creator\":{\"@id\":\"https:\\\/\\\/www.eldigitaldeasturias.com\\\/noticias\\\/author\\\/admin\\\/#author\"},\"image\":{\"@type\":\"ImageObject\",\"url\":976329,\"@id\":\"https:\\\/\\\/www.eldigitaldeasturias.com\\\/noticias\\\/miguel-diaz-canel-es-propuesto-como-nuevo-presidente-de-cuba\\\/#mainImage\"},\"primaryImageOfPage\":{\"@id\":\"https:\\\/\\\/www.eldigitaldeasturias.com\\\/noticias\\\/miguel-diaz-canel-es-propuesto-como-nuevo-presidente-de-cuba\\\/#mainImage\"},\"datePublished\":\"2018-04-18T22:48:05+02:00\",\"dateModified\":\"2018-04-18T22:48:05+02:00\"},{\"@type\":\"WebSite\",\"@id\":\"https:\\\/\\\/www.eldigitaldeasturias.com\\\/noticias\\\/#website\",\"url\":\"https:\\\/\\\/www.eldigitaldeasturias.com\\\/noticias\\\/\",\"name\":\"El Digital de Asturias - Diario de actualidad y noticias\",\"alternateName\":\"El Digital de Asturias - Diario de actualidad y noticias\",\"description\":\"Hemeroteca\",\"inLanguage\":\"es-ES\",\"publisher\":{\"@id\":\"https:\\\/\\\/www.eldigitaldeasturias.com\\\/noticias\\\/#organization\"}}]}\n\t\t<\/script>\n\t\t<!-- All in One SEO Pro -->\r\n\t\t<title>Miguel D\u00edaz-Canel es propuesto como nuevo presidente de Cuba - El Digital de Asturias<\/title>\n\n","aioseo_head_json":{"title":"Miguel D\u00edaz-Canel es propuesto como nuevo presidente de Cuba - El Digital de Asturias","description":"La Habana, 18 abr (dpa) \u2013 La Comisi\u00f3n Nacional de Candidaturas propuso hoy al Parlamento cubano la votaci\u00f3n de Miguel D\u00edaz-Canel como pr\u00f3ximo presidente de Cuba, en sustituci\u00f3n de Ra\u00fal Castro. Como nuevo vicepresidente primero fue propuesto Salvador Vald\u00e9s Mesa, que fue secretario de la Central de Trabajadores de Cuba y ministro de Trabajo. Hasta","canonical_url":"https:\/\/www.eldigitaldeasturias.com\/noticias\/miguel-diaz-canel-es-propuesto-como-nuevo-presidente-de-cuba\/","robots":"max-image-preview:large","keywords":"actualidad","webmasterTools":{"google-site-verification":"UA-38556648-1","msvalidate.01":"7dfe9f3f1b24437ab69f4f2559babe99","miscellaneous":""},"schema":{"@context":"https:\/\/schema.org","@graph":[{"@type":"BlogPosting","@id":"https:\/\/www.eldigitaldeasturias.com\/noticias\/miguel-diaz-canel-es-propuesto-como-nuevo-presidente-de-cuba\/#blogposting","name":"Miguel D\u00edaz-Canel es propuesto como nuevo presidente de Cuba - El Digital de Asturias","headline":"Miguel D\u00edaz-Canel es propuesto como nuevo presidente de Cuba","author":{"@id":"https:\/\/www.eldigitaldeasturias.com\/noticias\/author\/admin\/#author"},"publisher":{"@id":"https:\/\/www.eldigitaldeasturias.com\/noticias\/#organization"},"image":{"@type":"ImageObject","url":976329},"datePublished":"2018-04-18T22:48:05+02:00","dateModified":"2018-04-18T22:48:05+02:00","inLanguage":"es-ES","mainEntityOfPage":{"@id":"https:\/\/www.eldigitaldeasturias.com\/noticias\/miguel-diaz-canel-es-propuesto-como-nuevo-presidente-de-cuba\/#webpage"},"isPartOf":{"@id":"https:\/\/www.eldigitaldeasturias.com\/noticias\/miguel-diaz-canel-es-propuesto-como-nuevo-presidente-de-cuba\/#webpage"},"articleSection":"Actualidad"},{"@type":"BreadcrumbList","@id":"https:\/\/www.eldigitaldeasturias.com\/noticias\/miguel-diaz-canel-es-propuesto-como-nuevo-presidente-de-cuba\/#breadcrumblist","itemListElement":[{"@type":"ListItem","@id":"https:\/\/www.eldigitaldeasturias.com\/noticias#listItem","position":1,"name":"Home","item":"https:\/\/www.eldigitaldeasturias.com\/noticias","nextItem":{"@type":"ListItem","@id":"https:\/\/www.eldigitaldeasturias.com\/noticias\/category\/actualidad\/#listItem","name":"Actualidad"}},{"@type":"ListItem","@id":"https:\/\/www.eldigitaldeasturias.com\/noticias\/category\/actualidad\/#listItem","position":2,"name":"Actualidad","item":"https:\/\/www.eldigitaldeasturias.com\/noticias\/category\/actualidad\/","nextItem":{"@type":"ListItem","@id":"https:\/\/www.eldigitaldeasturias.com\/noticias\/miguel-diaz-canel-es-propuesto-como-nuevo-presidente-de-cuba\/#listItem","name":"Miguel D\u00edaz-Canel es propuesto como nuevo presidente de Cuba"},"previousItem":{"@type":"ListItem","@id":"https:\/\/www.eldigitaldeasturias.com\/noticias#listItem","name":"Home"}},{"@type":"ListItem","@id":"https:\/\/www.eldigitaldeasturias.com\/noticias\/miguel-diaz-canel-es-propuesto-como-nuevo-presidente-de-cuba\/#listItem","position":3,"name":"Miguel D\u00edaz-Canel es propuesto como nuevo presidente de Cuba","previousItem":{"@type":"ListItem","@id":"https:\/\/www.eldigitaldeasturias.com\/noticias\/category\/actualidad\/#listItem","name":"Actualidad"}}]},{"@type":"Organization","@id":"https:\/\/www.eldigitaldeasturias.com\/noticias\/#organization","name":"El Digital de Asturias","description":"Hemeroteca","url":"https:\/\/www.eldigitaldeasturias.com\/noticias\/","email":"info@eldigitaldeasturias.com","telephone":"+34652131393","logo":{"@type":"ImageObject","url":"https:\/\/www.eldigitaldeasturias.com\/noticias\/wp-content\/uploads\/2020\/12\/EDA.jpg","@id":"https:\/\/www.eldigitaldeasturias.com\/noticias\/miguel-diaz-canel-es-propuesto-como-nuevo-presidente-de-cuba\/#organizationLogo"},"image":{"@id":"https:\/\/www.eldigitaldeasturias.com\/noticias\/miguel-diaz-canel-es-propuesto-como-nuevo-presidente-de-cuba\/#organizationLogo"},"sameAs":["https:\/\/facebook.com\/eldigitaldeasturias","https:\/\/www.youtube.com\/channel\/UCZP-2wLEB9Rv6erhFmqVnvg"],"address":{"@id":"https:\/\/www.eldigitaldeasturias.com\/noticias\/#postaladdress","@type":"PostalAddress","streetAddress":"san antonio 4","postalCode":"33430","addressLocality":"Cand\u00e1s","addressRegion":"Asturias","addressCountry":"ES"}},{"@type":"Person","@id":"https:\/\/www.eldigitaldeasturias.com\/noticias\/author\/admin\/#author","url":"https:\/\/www.eldigitaldeasturias.com\/noticias\/author\/admin\/","name":"El Digital de Asturias","image":{"@type":"ImageObject","@id":"https:\/\/www.eldigitaldeasturias.com\/noticias\/miguel-diaz-canel-es-propuesto-como-nuevo-presidente-de-cuba\/#authorImage","url":"https:\/\/secure.gravatar.com\/avatar\/df2aeffc32bcd13f8d26072ef8a91b623d677766deac7f97ca815868cd41bf5e?s=96&d=mm&r=g","width":96,"height":96,"caption":"El Digital de Asturias"}},{"@type":"WebPage","@id":"https:\/\/www.eldigitaldeasturias.com\/noticias\/miguel-diaz-canel-es-propuesto-como-nuevo-presidente-de-cuba\/#webpage","url":"https:\/\/www.eldigitaldeasturias.com\/noticias\/miguel-diaz-canel-es-propuesto-como-nuevo-presidente-de-cuba\/","name":"Miguel D\u00edaz-Canel es propuesto como nuevo presidente de Cuba - El Digital de Asturias","description":"La Habana, 18 abr (dpa) \u2013 La Comisi\u00f3n Nacional de Candidaturas propuso hoy al Parlamento cubano la votaci\u00f3n de Miguel D\u00edaz-Canel como pr\u00f3ximo presidente de Cuba, en sustituci\u00f3n de Ra\u00fal Castro. Como nuevo vicepresidente primero fue propuesto Salvador Vald\u00e9s Mesa, que fue secretario de la Central de Trabajadores de Cuba y ministro de Trabajo. Hasta","inLanguage":"es-ES","isPartOf":{"@id":"https:\/\/www.eldigitaldeasturias.com\/noticias\/#website"},"breadcrumb":{"@id":"https:\/\/www.eldigitaldeasturias.com\/noticias\/miguel-diaz-canel-es-propuesto-como-nuevo-presidente-de-cuba\/#breadcrumblist"},"author":{"@id":"https:\/\/www.eldigitaldeasturias.com\/noticias\/author\/admin\/#author"},"creator":{"@id":"https:\/\/www.eldigitaldeasturias.com\/noticias\/author\/admin\/#author"},"image":{"@type":"ImageObject","url":976329,"@id":"https:\/\/www.eldigitaldeasturias.com\/noticias\/miguel-diaz-canel-es-propuesto-como-nuevo-presidente-de-cuba\/#mainImage"},"primaryImageOfPage":{"@id":"https:\/\/www.eldigitaldeasturias.com\/noticias\/miguel-diaz-canel-es-propuesto-como-nuevo-presidente-de-cuba\/#mainImage"},"datePublished":"2018-04-18T22:48:05+02:00","dateModified":"2018-04-18T22:48:05+02:00"},{"@type":"WebSite","@id":"https:\/\/www.eldigitaldeasturias.com\/noticias\/#website","url":"https:\/\/www.eldigitaldeasturias.com\/noticias\/","name":"El Digital de Asturias - Diario de actualidad y noticias","alternateName":"El Digital de Asturias - Diario de actualidad y noticias","description":"Hemeroteca","inLanguage":"es-ES","publisher":{"@id":"https:\/\/www.eldigitaldeasturias.com\/noticias\/#organization"}}]},"og:locale":"es_ES","og:site_name":"El Digital de Asturias","og:type":"article","og:title":"Miguel D\u00edaz-Canel es propuesto como nuevo presidente de Cuba - El Digital de Asturias","og:description":"La Habana, 18 abr (dpa) \u2013 La Comisi\u00f3n Nacional de Candidaturas propuso hoy al Parlamento cubano la votaci\u00f3n de Miguel D\u00edaz-Canel como pr\u00f3ximo presidente de Cuba, en sustituci\u00f3n de Ra\u00fal Castro. Como nuevo vicepresidente primero fue propuesto Salvador Vald\u00e9s Mesa, que fue secretario de la Central de Trabajadores de Cuba y ministro de Trabajo. Hasta","og:url":"https:\/\/www.eldigitaldeasturias.com\/noticias\/miguel-diaz-canel-es-propuesto-como-nuevo-presidente-de-cuba\/","article:tag":["actualidad"],"article:published_time":"2018-04-18T22:48:05+00:00","article:modified_time":"2018-04-18T22:48:05+00:00","article:publisher":"https:\/\/facebook.com\/eldigitaldeasturias","twitter:card":"summary_large_image","twitter:title":"Miguel D\u00edaz-Canel es propuesto como nuevo presidente de Cuba - El Digital de Asturias","twitter:description":"La Habana, 18 abr (dpa) \u2013 La Comisi\u00f3n Nacional de Candidaturas propuso hoy al Parlamento cubano la votaci\u00f3n de Miguel D\u00edaz-Canel como pr\u00f3ximo presidente de Cuba, en sustituci\u00f3n de Ra\u00fal Castro. Como nuevo vicepresidente primero fue propuesto Salvador Vald\u00e9s Mesa, que fue secretario de la Central de Trabajadores de Cuba y ministro de Trabajo. Hasta","twitter:image":"https:\/\/www.eldigitaldeasturias.com\/noticias\/wp-content\/uploads\/2020\/12\/EDA-1.jpg","twitter:label1":"Escrito por","twitter:data1":"El Digital de Asturias","twitter:label2":"Tiempo de lectura estimado","twitter:data2":"3 minutos"},"aioseo_meta_data":{"post_id":"976572","title":null,"description":null,"keywords":null,"keyphrases":null,"primary_term":null,"canonical_url":null,"og_title":null,"og_description":null,"og_object_type":"default","og_image_type":"default","og_image_url":null,"og_image_width":null,"og_image_height":null,"og_image_custom_url":null,"og_image_custom_fields":null,"og_video":null,"og_custom_url":null,"og_article_section":null,"og_article_tags":null,"twitter_use_og":false,"twitter_card":"default","twitter_image_type":"default","twitter_image_url":null,"twitter_image_custom_url":null,"twitter_image_custom_fields":null,"twitter_title":null,"twitter_description":null,"schema":{"blockGraphs":[],"customGraphs":[],"default":{"data":{"Article":[],"Course":[],"Dataset":[],"FAQPage":[],"Movie":[],"Person":[],"Product":[],"ProductReview":[],"Car":[],"Recipe":[],"Service":[],"SoftwareApplication":[],"WebPage":[]},"graphName":"","isEnabled":true},"graphs":[],"defaultGraph":"","defaultPostTypeGraph":""},"schema_type":null,"schema_type_options":null,"pillar_content":false,"robots_default":true,"robots_noindex":false,"robots_noarchive":false,"robots_nosnippet":false,"robots_nofollow":false,"robots_noimageindex":false,"robots_noodp":false,"robots_notranslate":false,"robots_max_snippet":null,"robots_max_videopreview":null,"robots_max_imagepreview":"large","priority":null,"frequency":null,"local_seo":null,"seo_analyzer_scan_date":"2025-10-08 04:20:03","breadcrumb_settings":null,"limit_modified_date":false,"open_ai":null,"ai":null,"created":"2020-12-21 12:07:38","updated":"2025-10-08 04:20:03","focus_keyword":null,"additional_keywords":null,"truseo_locale":null},"aioseo_breadcrumb":"<div class=\"aioseo-breadcrumbs\"><span class=\"aioseo-breadcrumb\">\n\t<a href=\"https:\/\/www.eldigitaldeasturias.com\/noticias\" title=\"Home\">Home<\/a>\n<\/span><span class=\"aioseo-breadcrumb-separator\">\u2013<\/span><span class=\"aioseo-breadcrumb\">\n\t<a href=\"https:\/\/www.eldigitaldeasturias.com\/noticias\/category\/actualidad\/\" title=\"Actualidad\">Actualidad<\/a>\n<\/span><span class=\"aioseo-breadcrumb-separator\">\u2013<\/span><span class=\"aioseo-breadcrumb\">\n\t<a href=\"https:\/\/www.eldigitaldeasturias.com\/noticias\/miguel-diaz-canel-es-propuesto-como-nuevo-presidente-de-cuba\/\" title=\"Miguel D\u00edaz-Canel es propuesto como nuevo presidente de Cuba\">Miguel D\u00edaz-Canel es propuesto como nuevo presidente de Cuba<\/a>\n<\/span><\/div>","aioseo_breadcrumb_json":[{"label":"Home","link":"https:\/\/www.eldigitaldeasturias.com\/noticias"},{"label":"Actualidad","link":"https:\/\/www.eldigitaldeasturias.com\/noticias\/category\/actualidad\/"},{"label":"Miguel D\u00edaz-Canel es propuesto como nuevo presidente de Cuba","link":"https:\/\/www.eldigitaldeasturias.com\/noticias\/miguel-diaz-canel-es-propuesto-como-nuevo-presidente-de-cuba\/"}],"_links":{"self":[{"href":"https:\/\/www.eldigitaldeasturias.com\/noticias\/wp-json\/wp\/v2\/posts\/976572","targetHints":{"allow":["GET"]}}],"collection":[{"href":"https:\/\/www.eldigitaldeasturias.com\/noticias\/wp-json\/wp\/v2\/posts"}],"about":[{"href":"https:\/\/www.eldigitaldeasturias.com\/noticias\/wp-json\/wp\/v2\/types\/post"}],"author":[{"embeddable":true,"href":"https:\/\/www.eldigitaldeasturias.com\/noticias\/wp-json\/wp\/v2\/users\/1"}],"replies":[{"embeddable":true,"href":"https:\/\/www.eldigitaldeasturias.com\/noticias\/wp-json\/wp\/v2\/comments?post=976572"}],"version-history":[{"count":0,"href":"https:\/\/www.eldigitaldeasturias.com\/noticias\/wp-json\/wp\/v2\/posts\/976572\/revisions"}],"wp:attachment":[{"href":"https:\/\/www.eldigitaldeasturias.com\/noticias\/wp-json\/wp\/v2\/media?parent=976572"}],"wp:term":[{"taxonomy":"category","embeddable":true,"href":"https:\/\/www.eldigitaldeasturias.com\/noticias\/wp-json\/wp\/v2\/categories?post=976572"},{"taxonomy":"post_tag","embeddable":true,"href":"https:\/\/www.eldigitaldeasturias.com\/noticias\/wp-json\/wp\/v2\/tags?post=976572"}],"curies":[{"name":"wp","href":"https:\/\/api.w.org\/{rel}","templated":true}]}}