{"id":976570,"date":"2018-04-18T22:46:06","date_gmt":"2018-04-18T22:46:06","guid":{"rendered":"http:\/\/www.eldigitaldeasturias.com\/noticias\/?p=976570"},"modified":"2018-04-18T22:46:06","modified_gmt":"2018-04-18T22:46:06","slug":"el-parlamento-europeo-reclama-la-comparecencia-de-zuckerberg","status":"publish","type":"post","link":"https:\/\/www.eldigitaldeasturias.com\/noticias\/el-parlamento-europeo-reclama-la-comparecencia-de-zuckerberg\/","title":{"rendered":"El Parlamento Europeo reclama la comparecencia de Zuckerberg"},"content":{"rendered":"<p><img loading=\"lazy\" decoding=\"async\" class=\"alignleft size-medium wp-image-973365\" src=\"https:\/\/www.eldigitaldeasturias.com\/noticias\/wp-content\/uploads\/2018\/03\/Facebook-tocado-y-hundido_image_380-360x262.jpg\" alt=\"\" width=\"360\" height=\"262\" \/>Estrasburgo, 18 abr (dpa) &#8211; El presidente del Parlamento Europeo, Antonio Tajani, llam\u00f3 al jefe ejecutivo de Facebook, Mark Zuckerberg, a presentarse ante esa c\u00e1mara, subrayando en una carta enviada hoy \u00abla absoluta necesidad\u00bb de su presencia tras el esc\u00e1ndalo global de datos.<\/p>\n<p>El desarrollador de una aplicaci\u00f3n con una encuesta desvi\u00f3 informaci\u00f3n de usuarios de Facebook hace m\u00e1s de cuatro a\u00f1os de forma ilegal a Cambridge Analytica, empresa que luego trabaj\u00f3 para la campa\u00f1a electoral del presidente de Estados Unidos, Donald Trump.<\/p>\n<p>El tema fue discutido la semana pasada por los l\u00edderes de las facciones pol\u00edticas en el Parlamento Europeo, que en su totalidad \u00abexpresaron su profunda preocupaci\u00f3n\u00bb y decisi\u00f3n de arrojar toda la luz sobre el esc\u00e1ndalo, le escribi\u00f3 Tajani a Zuckerberg.<\/p>\n<p>El fundador de Facebook, quien testific\u00f3 la semana pasada ante legisladores estadounidenses, ofreci\u00f3 hasta ahora enviar un alto ejecutivo de la compa\u00f1\u00eda a Estrasburgo, pero Tajani indic\u00f3 que esto no es suficiente.<\/p>\n<p>\u00abTodos los grupos pol\u00edticos subrayaron la absoluta necesidad de su presencia personal, como fue el caso ante el Congreso de Estados Unidos\u00bb, escribi\u00f3 Tajani.<\/p>\n<p>La presencia de Zuckerberg, de 33 a\u00f1os, enviar\u00eda una \u00abse\u00f1al decisiva\u00bb de que Facebook cooperar\u00eda para proteger ciudadanos en el mercado digital, a\u00f1adi\u00f3. Tajani tambi\u00e9n recalc\u00f3 que el Parlamento Europeo representa a m\u00e1s de 500 millones de ciudadanos.<\/p>\n<p>\u00abLos millones de europeos afectados por el esc\u00e1ndalo de Cambridge Analytica merecen una explicaci\u00f3n completa y rigurosa del m\u00e1ximo jefe de Facebook\u00bb, se\u00f1ala en la misiva.<\/p>\n","protected":false},"excerpt":{"rendered":"<p>Estrasburgo, 18 abr (dpa) &#8211; El presidente del Parlamento Europeo, Antonio Tajani, llam\u00f3 al jefe ejecutivo de Facebook, Mark Zuckerberg, a presentarse ante esa c\u00e1mara, subrayando en una carta enviada hoy \u00abla absoluta necesidad\u00bb de su presencia tras el esc\u00e1ndalo global de datos. El desarrollador de una aplicaci\u00f3n con una encuesta desvi\u00f3 informaci\u00f3n de usuarios [&hellip;]<\/p>\n","protected":false},"author":1,"featured_media":973365,"comment_status":"closed","ping_status":"closed","sticky":false,"template":"","format":"standard","meta":{"footnotes":""},"categories":[1],"tags":[],"class_list":["post-976570","post","type-post","status-publish","format-standard","has-post-thumbnail","hentry","category-actualidad"],"aioseo_notices":[],"aioseo_head":"\n\t\t<!-- All in One SEO Pro 5.0.1 - aioseo.com -->\n\t<meta name=\"description\" content=\"Estrasburgo, 18 abr (dpa) - El presidente del Parlamento Europeo, Antonio Tajani, llam\u00f3 al jefe ejecutivo de Facebook, Mark Zuckerberg, a presentarse ante esa c\u00e1mara, subrayando en una carta enviada hoy &quot;la absoluta necesidad&quot; de su presencia tras el esc\u00e1ndalo global de datos. El desarrollador de una aplicaci\u00f3n con una encuesta desvi\u00f3 informaci\u00f3n de usuarios\" \/>\n\t<meta name=\"robots\" content=\"max-image-preview:large\" \/>\n\t<meta name=\"author\" content=\"El Digital de Asturias\"\/>\n\t<meta name=\"google-site-verification\" content=\"UA-38556648-1\" \/>\n\t<meta name=\"msvalidate.01\" content=\"7dfe9f3f1b24437ab69f4f2559babe99\" \/>\n\t<meta name=\"keywords\" content=\"actualidad\" \/>\n\t<link rel=\"canonical\" href=\"https:\/\/www.eldigitaldeasturias.com\/noticias\/el-parlamento-europeo-reclama-la-comparecencia-de-zuckerberg\/\" \/>\n\t<meta name=\"generator\" content=\"All in One SEO Pro (AIOSEO) 5.0.1\" \/>\n\t\t<meta property=\"og:locale\" content=\"es_ES\" \/>\n\t\t<meta property=\"og:site_name\" content=\"El Digital de Asturias\" \/>\n\t\t<meta property=\"og:type\" content=\"article\" \/>\n\t\t<meta property=\"og:title\" content=\"El Parlamento Europeo reclama la comparecencia de Zuckerberg - El Digital de Asturias\" \/>\n\t\t<meta property=\"og:description\" content=\"Estrasburgo, 18 abr (dpa) - El presidente del Parlamento Europeo, Antonio Tajani, llam\u00f3 al jefe ejecutivo de Facebook, Mark Zuckerberg, a presentarse ante esa c\u00e1mara, subrayando en una carta enviada hoy &quot;la absoluta necesidad&quot; de su presencia tras el esc\u00e1ndalo global de datos. El desarrollador de una aplicaci\u00f3n con una encuesta desvi\u00f3 informaci\u00f3n de usuarios\" \/>\n\t\t<meta property=\"og:url\" content=\"https:\/\/www.eldigitaldeasturias.com\/noticias\/el-parlamento-europeo-reclama-la-comparecencia-de-zuckerberg\/\" \/>\n\t\t<meta property=\"article:tag\" content=\"actualidad\" \/>\n\t\t<meta property=\"article:published_time\" content=\"2018-04-18T22:46:06+00:00\" \/>\n\t\t<meta property=\"article:modified_time\" content=\"2018-04-18T22:46:06+00:00\" \/>\n\t\t<meta property=\"article:publisher\" content=\"https:\/\/facebook.com\/eldigitaldeasturias\" \/>\n\t\t<meta name=\"twitter:card\" content=\"summary_large_image\" \/>\n\t\t<meta name=\"twitter:title\" content=\"El Parlamento Europeo reclama la comparecencia de Zuckerberg - El Digital de Asturias\" \/>\n\t\t<meta name=\"twitter:description\" content=\"Estrasburgo, 18 abr (dpa) - El presidente del Parlamento Europeo, Antonio Tajani, llam\u00f3 al jefe ejecutivo de Facebook, Mark Zuckerberg, a presentarse ante esa c\u00e1mara, subrayando en una carta enviada hoy &quot;la absoluta necesidad&quot; de su presencia tras el esc\u00e1ndalo global de datos. El desarrollador de una aplicaci\u00f3n con una encuesta desvi\u00f3 informaci\u00f3n de usuarios\" \/>\n\t\t<meta name=\"twitter:image\" content=\"https:\/\/www.eldigitaldeasturias.com\/noticias\/wp-content\/uploads\/2020\/12\/EDA-1.jpg\" \/>\n\t\t<meta name=\"twitter:label1\" content=\"Escrito por\" \/>\n\t\t<meta name=\"twitter:data1\" content=\"El Digital de Asturias\" \/>\n\t\t<meta name=\"twitter:label2\" content=\"Tiempo de lectura estimado\" \/>\n\t\t<meta name=\"twitter:data2\" content=\"1 minuto\" \/>\n\t\t<script type=\"application\/ld+json\" class=\"aioseo-schema\">\n\t\t\t{\"@context\":\"https:\\\/\\\/schema.org\",\"@graph\":[{\"@type\":\"BlogPosting\",\"@id\":\"https:\\\/\\\/www.eldigitaldeasturias.com\\\/noticias\\\/el-parlamento-europeo-reclama-la-comparecencia-de-zuckerberg\\\/#blogposting\",\"name\":\"El Parlamento Europeo reclama la comparecencia de Zuckerberg - El Digital de Asturias\",\"headline\":\"El Parlamento Europeo reclama la comparecencia de Zuckerberg\",\"author\":{\"@id\":\"https:\\\/\\\/www.eldigitaldeasturias.com\\\/noticias\\\/author\\\/admin\\\/#author\"},\"publisher\":{\"@id\":\"https:\\\/\\\/www.eldigitaldeasturias.com\\\/noticias\\\/#organization\"},\"image\":{\"@type\":\"ImageObject\",\"url\":973365},\"datePublished\":\"2018-04-18T22:46:06+02:00\",\"dateModified\":\"2018-04-18T22:46:06+02:00\",\"inLanguage\":\"es-ES\",\"mainEntityOfPage\":{\"@id\":\"https:\\\/\\\/www.eldigitaldeasturias.com\\\/noticias\\\/el-parlamento-europeo-reclama-la-comparecencia-de-zuckerberg\\\/#webpage\"},\"isPartOf\":{\"@id\":\"https:\\\/\\\/www.eldigitaldeasturias.com\\\/noticias\\\/el-parlamento-europeo-reclama-la-comparecencia-de-zuckerberg\\\/#webpage\"},\"articleSection\":\"Actualidad\"},{\"@type\":\"BreadcrumbList\",\"@id\":\"https:\\\/\\\/www.eldigitaldeasturias.com\\\/noticias\\\/el-parlamento-europeo-reclama-la-comparecencia-de-zuckerberg\\\/#breadcrumblist\",\"itemListElement\":[{\"@type\":\"ListItem\",\"@id\":\"https:\\\/\\\/www.eldigitaldeasturias.com\\\/noticias#listItem\",\"position\":1,\"name\":\"Home\",\"item\":\"https:\\\/\\\/www.eldigitaldeasturias.com\\\/noticias\",\"nextItem\":{\"@type\":\"ListItem\",\"@id\":\"https:\\\/\\\/www.eldigitaldeasturias.com\\\/noticias\\\/category\\\/actualidad\\\/#listItem\",\"name\":\"Actualidad\"}},{\"@type\":\"ListItem\",\"@id\":\"https:\\\/\\\/www.eldigitaldeasturias.com\\\/noticias\\\/category\\\/actualidad\\\/#listItem\",\"position\":2,\"name\":\"Actualidad\",\"item\":\"https:\\\/\\\/www.eldigitaldeasturias.com\\\/noticias\\\/category\\\/actualidad\\\/\",\"nextItem\":{\"@type\":\"ListItem\",\"@id\":\"https:\\\/\\\/www.eldigitaldeasturias.com\\\/noticias\\\/el-parlamento-europeo-reclama-la-comparecencia-de-zuckerberg\\\/#listItem\",\"name\":\"El Parlamento Europeo reclama la comparecencia de Zuckerberg\"},\"previousItem\":{\"@type\":\"ListItem\",\"@id\":\"https:\\\/\\\/www.eldigitaldeasturias.com\\\/noticias#listItem\",\"name\":\"Home\"}},{\"@type\":\"ListItem\",\"@id\":\"https:\\\/\\\/www.eldigitaldeasturias.com\\\/noticias\\\/el-parlamento-europeo-reclama-la-comparecencia-de-zuckerberg\\\/#listItem\",\"position\":3,\"name\":\"El Parlamento Europeo reclama la comparecencia de Zuckerberg\",\"previousItem\":{\"@type\":\"ListItem\",\"@id\":\"https:\\\/\\\/www.eldigitaldeasturias.com\\\/noticias\\\/category\\\/actualidad\\\/#listItem\",\"name\":\"Actualidad\"}}]},{\"@type\":\"Organization\",\"@id\":\"https:\\\/\\\/www.eldigitaldeasturias.com\\\/noticias\\\/#organization\",\"name\":\"El Digital de Asturias\",\"description\":\"Hemeroteca\",\"url\":\"https:\\\/\\\/www.eldigitaldeasturias.com\\\/noticias\\\/\",\"email\":\"info@eldigitaldeasturias.com\",\"telephone\":\"+34652131393\",\"logo\":{\"@type\":\"ImageObject\",\"url\":\"https:\\\/\\\/www.eldigitaldeasturias.com\\\/noticias\\\/wp-content\\\/uploads\\\/2020\\\/12\\\/EDA.jpg\",\"@id\":\"https:\\\/\\\/www.eldigitaldeasturias.com\\\/noticias\\\/el-parlamento-europeo-reclama-la-comparecencia-de-zuckerberg\\\/#organizationLogo\"},\"image\":{\"@id\":\"https:\\\/\\\/www.eldigitaldeasturias.com\\\/noticias\\\/el-parlamento-europeo-reclama-la-comparecencia-de-zuckerberg\\\/#organizationLogo\"},\"sameAs\":[\"https:\\\/\\\/facebook.com\\\/eldigitaldeasturias\",\"https:\\\/\\\/www.youtube.com\\\/channel\\\/UCZP-2wLEB9Rv6erhFmqVnvg\"],\"address\":{\"@id\":\"https:\\\/\\\/www.eldigitaldeasturias.com\\\/noticias\\\/#postaladdress\",\"@type\":\"PostalAddress\",\"streetAddress\":\"san antonio 4\",\"postalCode\":\"33430\",\"addressLocality\":\"Cand\\u00e1s\",\"addressRegion\":\"Asturias\",\"addressCountry\":\"ES\"}},{\"@type\":\"Person\",\"@id\":\"https:\\\/\\\/www.eldigitaldeasturias.com\\\/noticias\\\/author\\\/admin\\\/#author\",\"url\":\"https:\\\/\\\/www.eldigitaldeasturias.com\\\/noticias\\\/author\\\/admin\\\/\",\"name\":\"El Digital de Asturias\",\"image\":{\"@type\":\"ImageObject\",\"@id\":\"https:\\\/\\\/www.eldigitaldeasturias.com\\\/noticias\\\/el-parlamento-europeo-reclama-la-comparecencia-de-zuckerberg\\\/#authorImage\",\"url\":\"https:\\\/\\\/secure.gravatar.com\\\/avatar\\\/df2aeffc32bcd13f8d26072ef8a91b623d677766deac7f97ca815868cd41bf5e?s=96&d=mm&r=g\",\"width\":96,\"height\":96,\"caption\":\"El Digital de Asturias\"}},{\"@type\":\"WebPage\",\"@id\":\"https:\\\/\\\/www.eldigitaldeasturias.com\\\/noticias\\\/el-parlamento-europeo-reclama-la-comparecencia-de-zuckerberg\\\/#webpage\",\"url\":\"https:\\\/\\\/www.eldigitaldeasturias.com\\\/noticias\\\/el-parlamento-europeo-reclama-la-comparecencia-de-zuckerberg\\\/\",\"name\":\"El Parlamento Europeo reclama la comparecencia de Zuckerberg - El Digital de Asturias\",\"description\":\"Estrasburgo, 18 abr (dpa) - El presidente del Parlamento Europeo, Antonio Tajani, llam\\u00f3 al jefe ejecutivo de Facebook, Mark Zuckerberg, a presentarse ante esa c\\u00e1mara, subrayando en una carta enviada hoy \\\"la absoluta necesidad\\\" de su presencia tras el esc\\u00e1ndalo global de datos. El desarrollador de una aplicaci\\u00f3n con una encuesta desvi\\u00f3 informaci\\u00f3n de usuarios\",\"inLanguage\":\"es-ES\",\"isPartOf\":{\"@id\":\"https:\\\/\\\/www.eldigitaldeasturias.com\\\/noticias\\\/#website\"},\"breadcrumb\":{\"@id\":\"https:\\\/\\\/www.eldigitaldeasturias.com\\\/noticias\\\/el-parlamento-europeo-reclama-la-comparecencia-de-zuckerberg\\\/#breadcrumblist\"},\"author\":{\"@id\":\"https:\\\/\\\/www.eldigitaldeasturias.com\\\/noticias\\\/author\\\/admin\\\/#author\"},\"creator\":{\"@id\":\"https:\\\/\\\/www.eldigitaldeasturias.com\\\/noticias\\\/author\\\/admin\\\/#author\"},\"image\":{\"@type\":\"ImageObject\",\"url\":973365,\"@id\":\"https:\\\/\\\/www.eldigitaldeasturias.com\\\/noticias\\\/el-parlamento-europeo-reclama-la-comparecencia-de-zuckerberg\\\/#mainImage\"},\"primaryImageOfPage\":{\"@id\":\"https:\\\/\\\/www.eldigitaldeasturias.com\\\/noticias\\\/el-parlamento-europeo-reclama-la-comparecencia-de-zuckerberg\\\/#mainImage\"},\"datePublished\":\"2018-04-18T22:46:06+02:00\",\"dateModified\":\"2018-04-18T22:46:06+02:00\"},{\"@type\":\"WebSite\",\"@id\":\"https:\\\/\\\/www.eldigitaldeasturias.com\\\/noticias\\\/#website\",\"url\":\"https:\\\/\\\/www.eldigitaldeasturias.com\\\/noticias\\\/\",\"name\":\"El Digital de Asturias - Diario de actualidad y noticias\",\"alternateName\":\"El Digital de Asturias - Diario de actualidad y noticias\",\"description\":\"Hemeroteca\",\"inLanguage\":\"es-ES\",\"publisher\":{\"@id\":\"https:\\\/\\\/www.eldigitaldeasturias.com\\\/noticias\\\/#organization\"}}]}\n\t\t<\/script>\n\t\t<!-- All in One SEO Pro -->\r\n\t\t<title>El Parlamento Europeo reclama la comparecencia de Zuckerberg - El Digital de Asturias<\/title>\n\n","aioseo_head_json":{"title":"El Parlamento Europeo reclama la comparecencia de Zuckerberg - El Digital de Asturias","description":"Estrasburgo, 18 abr (dpa) - El presidente del Parlamento Europeo, Antonio Tajani, llam\u00f3 al jefe ejecutivo de Facebook, Mark Zuckerberg, a presentarse ante esa c\u00e1mara, subrayando en una carta enviada hoy \"la absoluta necesidad\" de su presencia tras el esc\u00e1ndalo global de datos. El desarrollador de una aplicaci\u00f3n con una encuesta desvi\u00f3 informaci\u00f3n de usuarios","canonical_url":"https:\/\/www.eldigitaldeasturias.com\/noticias\/el-parlamento-europeo-reclama-la-comparecencia-de-zuckerberg\/","robots":"max-image-preview:large","keywords":"actualidad","webmasterTools":{"google-site-verification":"UA-38556648-1","msvalidate.01":"7dfe9f3f1b24437ab69f4f2559babe99","miscellaneous":""},"schema":{"@context":"https:\/\/schema.org","@graph":[{"@type":"BlogPosting","@id":"https:\/\/www.eldigitaldeasturias.com\/noticias\/el-parlamento-europeo-reclama-la-comparecencia-de-zuckerberg\/#blogposting","name":"El Parlamento Europeo reclama la comparecencia de Zuckerberg - El Digital de Asturias","headline":"El Parlamento Europeo reclama la comparecencia de Zuckerberg","author":{"@id":"https:\/\/www.eldigitaldeasturias.com\/noticias\/author\/admin\/#author"},"publisher":{"@id":"https:\/\/www.eldigitaldeasturias.com\/noticias\/#organization"},"image":{"@type":"ImageObject","url":973365},"datePublished":"2018-04-18T22:46:06+02:00","dateModified":"2018-04-18T22:46:06+02:00","inLanguage":"es-ES","mainEntityOfPage":{"@id":"https:\/\/www.eldigitaldeasturias.com\/noticias\/el-parlamento-europeo-reclama-la-comparecencia-de-zuckerberg\/#webpage"},"isPartOf":{"@id":"https:\/\/www.eldigitaldeasturias.com\/noticias\/el-parlamento-europeo-reclama-la-comparecencia-de-zuckerberg\/#webpage"},"articleSection":"Actualidad"},{"@type":"BreadcrumbList","@id":"https:\/\/www.eldigitaldeasturias.com\/noticias\/el-parlamento-europeo-reclama-la-comparecencia-de-zuckerberg\/#breadcrumblist","itemListElement":[{"@type":"ListItem","@id":"https:\/\/www.eldigitaldeasturias.com\/noticias#listItem","position":1,"name":"Home","item":"https:\/\/www.eldigitaldeasturias.com\/noticias","nextItem":{"@type":"ListItem","@id":"https:\/\/www.eldigitaldeasturias.com\/noticias\/category\/actualidad\/#listItem","name":"Actualidad"}},{"@type":"ListItem","@id":"https:\/\/www.eldigitaldeasturias.com\/noticias\/category\/actualidad\/#listItem","position":2,"name":"Actualidad","item":"https:\/\/www.eldigitaldeasturias.com\/noticias\/category\/actualidad\/","nextItem":{"@type":"ListItem","@id":"https:\/\/www.eldigitaldeasturias.com\/noticias\/el-parlamento-europeo-reclama-la-comparecencia-de-zuckerberg\/#listItem","name":"El Parlamento Europeo reclama la comparecencia de Zuckerberg"},"previousItem":{"@type":"ListItem","@id":"https:\/\/www.eldigitaldeasturias.com\/noticias#listItem","name":"Home"}},{"@type":"ListItem","@id":"https:\/\/www.eldigitaldeasturias.com\/noticias\/el-parlamento-europeo-reclama-la-comparecencia-de-zuckerberg\/#listItem","position":3,"name":"El Parlamento Europeo reclama la comparecencia de Zuckerberg","previousItem":{"@type":"ListItem","@id":"https:\/\/www.eldigitaldeasturias.com\/noticias\/category\/actualidad\/#listItem","name":"Actualidad"}}]},{"@type":"Organization","@id":"https:\/\/www.eldigitaldeasturias.com\/noticias\/#organization","name":"El Digital de Asturias","description":"Hemeroteca","url":"https:\/\/www.eldigitaldeasturias.com\/noticias\/","email":"info@eldigitaldeasturias.com","telephone":"+34652131393","logo":{"@type":"ImageObject","url":"https:\/\/www.eldigitaldeasturias.com\/noticias\/wp-content\/uploads\/2020\/12\/EDA.jpg","@id":"https:\/\/www.eldigitaldeasturias.com\/noticias\/el-parlamento-europeo-reclama-la-comparecencia-de-zuckerberg\/#organizationLogo"},"image":{"@id":"https:\/\/www.eldigitaldeasturias.com\/noticias\/el-parlamento-europeo-reclama-la-comparecencia-de-zuckerberg\/#organizationLogo"},"sameAs":["https:\/\/facebook.com\/eldigitaldeasturias","https:\/\/www.youtube.com\/channel\/UCZP-2wLEB9Rv6erhFmqVnvg"],"address":{"@id":"https:\/\/www.eldigitaldeasturias.com\/noticias\/#postaladdress","@type":"PostalAddress","streetAddress":"san antonio 4","postalCode":"33430","addressLocality":"Cand\u00e1s","addressRegion":"Asturias","addressCountry":"ES"}},{"@type":"Person","@id":"https:\/\/www.eldigitaldeasturias.com\/noticias\/author\/admin\/#author","url":"https:\/\/www.eldigitaldeasturias.com\/noticias\/author\/admin\/","name":"El Digital de Asturias","image":{"@type":"ImageObject","@id":"https:\/\/www.eldigitaldeasturias.com\/noticias\/el-parlamento-europeo-reclama-la-comparecencia-de-zuckerberg\/#authorImage","url":"https:\/\/secure.gravatar.com\/avatar\/df2aeffc32bcd13f8d26072ef8a91b623d677766deac7f97ca815868cd41bf5e?s=96&d=mm&r=g","width":96,"height":96,"caption":"El Digital de Asturias"}},{"@type":"WebPage","@id":"https:\/\/www.eldigitaldeasturias.com\/noticias\/el-parlamento-europeo-reclama-la-comparecencia-de-zuckerberg\/#webpage","url":"https:\/\/www.eldigitaldeasturias.com\/noticias\/el-parlamento-europeo-reclama-la-comparecencia-de-zuckerberg\/","name":"El Parlamento Europeo reclama la comparecencia de Zuckerberg - El Digital de Asturias","description":"Estrasburgo, 18 abr (dpa) - El presidente del Parlamento Europeo, Antonio Tajani, llam\u00f3 al jefe ejecutivo de Facebook, Mark Zuckerberg, a presentarse ante esa c\u00e1mara, subrayando en una carta enviada hoy \"la absoluta necesidad\" de su presencia tras el esc\u00e1ndalo global de datos. El desarrollador de una aplicaci\u00f3n con una encuesta desvi\u00f3 informaci\u00f3n de usuarios","inLanguage":"es-ES","isPartOf":{"@id":"https:\/\/www.eldigitaldeasturias.com\/noticias\/#website"},"breadcrumb":{"@id":"https:\/\/www.eldigitaldeasturias.com\/noticias\/el-parlamento-europeo-reclama-la-comparecencia-de-zuckerberg\/#breadcrumblist"},"author":{"@id":"https:\/\/www.eldigitaldeasturias.com\/noticias\/author\/admin\/#author"},"creator":{"@id":"https:\/\/www.eldigitaldeasturias.com\/noticias\/author\/admin\/#author"},"image":{"@type":"ImageObject","url":973365,"@id":"https:\/\/www.eldigitaldeasturias.com\/noticias\/el-parlamento-europeo-reclama-la-comparecencia-de-zuckerberg\/#mainImage"},"primaryImageOfPage":{"@id":"https:\/\/www.eldigitaldeasturias.com\/noticias\/el-parlamento-europeo-reclama-la-comparecencia-de-zuckerberg\/#mainImage"},"datePublished":"2018-04-18T22:46:06+02:00","dateModified":"2018-04-18T22:46:06+02:00"},{"@type":"WebSite","@id":"https:\/\/www.eldigitaldeasturias.com\/noticias\/#website","url":"https:\/\/www.eldigitaldeasturias.com\/noticias\/","name":"El Digital de Asturias - Diario de actualidad y noticias","alternateName":"El Digital de Asturias - Diario de actualidad y noticias","description":"Hemeroteca","inLanguage":"es-ES","publisher":{"@id":"https:\/\/www.eldigitaldeasturias.com\/noticias\/#organization"}}]},"og:locale":"es_ES","og:site_name":"El Digital de Asturias","og:type":"article","og:title":"El Parlamento Europeo reclama la comparecencia de Zuckerberg - El Digital de Asturias","og:description":"Estrasburgo, 18 abr (dpa) - El presidente del Parlamento Europeo, Antonio Tajani, llam\u00f3 al jefe ejecutivo de Facebook, Mark Zuckerberg, a presentarse ante esa c\u00e1mara, subrayando en una carta enviada hoy &quot;la absoluta necesidad&quot; de su presencia tras el esc\u00e1ndalo global de datos. El desarrollador de una aplicaci\u00f3n con una encuesta desvi\u00f3 informaci\u00f3n de usuarios","og:url":"https:\/\/www.eldigitaldeasturias.com\/noticias\/el-parlamento-europeo-reclama-la-comparecencia-de-zuckerberg\/","article:tag":["actualidad"],"article:published_time":"2018-04-18T22:46:06+00:00","article:modified_time":"2018-04-18T22:46:06+00:00","article:publisher":"https:\/\/facebook.com\/eldigitaldeasturias","twitter:card":"summary_large_image","twitter:title":"El Parlamento Europeo reclama la comparecencia de Zuckerberg - El Digital de Asturias","twitter:description":"Estrasburgo, 18 abr (dpa) - El presidente del Parlamento Europeo, Antonio Tajani, llam\u00f3 al jefe ejecutivo de Facebook, Mark Zuckerberg, a presentarse ante esa c\u00e1mara, subrayando en una carta enviada hoy &quot;la absoluta necesidad&quot; de su presencia tras el esc\u00e1ndalo global de datos. El desarrollador de una aplicaci\u00f3n con una encuesta desvi\u00f3 informaci\u00f3n de usuarios","twitter:image":"https:\/\/www.eldigitaldeasturias.com\/noticias\/wp-content\/uploads\/2020\/12\/EDA-1.jpg","twitter:label1":"Escrito por","twitter:data1":"El Digital de Asturias","twitter:label2":"Tiempo de lectura estimado","twitter:data2":"1 minuto"},"aioseo_meta_data":{"post_id":"976570","title":null,"description":null,"keywords":null,"keyphrases":null,"primary_term":null,"canonical_url":null,"og_title":null,"og_description":null,"og_object_type":"default","og_image_type":"default","og_image_url":null,"og_image_width":null,"og_image_height":null,"og_image_custom_url":null,"og_image_custom_fields":null,"og_video":null,"og_custom_url":null,"og_article_section":null,"og_article_tags":null,"twitter_use_og":false,"twitter_card":"default","twitter_image_type":"default","twitter_image_url":null,"twitter_image_custom_url":null,"twitter_image_custom_fields":null,"twitter_title":null,"twitter_description":null,"schema":{"blockGraphs":[],"customGraphs":[],"default":{"data":{"Article":[],"Course":[],"Dataset":[],"FAQPage":[],"Movie":[],"Person":[],"Product":[],"ProductReview":[],"Car":[],"Recipe":[],"Service":[],"SoftwareApplication":[],"WebPage":[]},"graphName":"","isEnabled":true},"graphs":[],"defaultGraph":"","defaultPostTypeGraph":""},"schema_type":null,"schema_type_options":null,"pillar_content":false,"robots_default":true,"robots_noindex":false,"robots_noarchive":false,"robots_nosnippet":false,"robots_nofollow":false,"robots_noimageindex":false,"robots_noodp":false,"robots_notranslate":false,"robots_max_snippet":null,"robots_max_videopreview":null,"robots_max_imagepreview":"large","priority":null,"frequency":null,"local_seo":null,"seo_analyzer_scan_date":"2025-10-08 04:18:12","breadcrumb_settings":null,"limit_modified_date":false,"open_ai":null,"ai":null,"created":"2020-12-21 12:07:38","updated":"2025-10-08 04:18:12","focus_keyword":null,"additional_keywords":null,"truseo_locale":null},"aioseo_breadcrumb":"<div class=\"aioseo-breadcrumbs\"><span class=\"aioseo-breadcrumb\">\n\t<a href=\"https:\/\/www.eldigitaldeasturias.com\/noticias\" title=\"Home\">Home<\/a>\n<\/span><span class=\"aioseo-breadcrumb-separator\">\u2013<\/span><span class=\"aioseo-breadcrumb\">\n\t<a href=\"https:\/\/www.eldigitaldeasturias.com\/noticias\/category\/actualidad\/\" title=\"Actualidad\">Actualidad<\/a>\n<\/span><span class=\"aioseo-breadcrumb-separator\">\u2013<\/span><span class=\"aioseo-breadcrumb\">\n\t<a href=\"https:\/\/www.eldigitaldeasturias.com\/noticias\/el-parlamento-europeo-reclama-la-comparecencia-de-zuckerberg\/\" title=\"El Parlamento Europeo reclama la comparecencia de Zuckerberg\">El Parlamento Europeo reclama la comparecencia de Zuckerberg<\/a>\n<\/span><\/div>","aioseo_breadcrumb_json":[{"label":"Home","link":"https:\/\/www.eldigitaldeasturias.com\/noticias"},{"label":"Actualidad","link":"https:\/\/www.eldigitaldeasturias.com\/noticias\/category\/actualidad\/"},{"label":"El Parlamento Europeo reclama la comparecencia de Zuckerberg","link":"https:\/\/www.eldigitaldeasturias.com\/noticias\/el-parlamento-europeo-reclama-la-comparecencia-de-zuckerberg\/"}],"_links":{"self":[{"href":"https:\/\/www.eldigitaldeasturias.com\/noticias\/wp-json\/wp\/v2\/posts\/976570","targetHints":{"allow":["GET"]}}],"collection":[{"href":"https:\/\/www.eldigitaldeasturias.com\/noticias\/wp-json\/wp\/v2\/posts"}],"about":[{"href":"https:\/\/www.eldigitaldeasturias.com\/noticias\/wp-json\/wp\/v2\/types\/post"}],"author":[{"embeddable":true,"href":"https:\/\/www.eldigitaldeasturias.com\/noticias\/wp-json\/wp\/v2\/users\/1"}],"replies":[{"embeddable":true,"href":"https:\/\/www.eldigitaldeasturias.com\/noticias\/wp-json\/wp\/v2\/comments?post=976570"}],"version-history":[{"count":0,"href":"https:\/\/www.eldigitaldeasturias.com\/noticias\/wp-json\/wp\/v2\/posts\/976570\/revisions"}],"wp:attachment":[{"href":"https:\/\/www.eldigitaldeasturias.com\/noticias\/wp-json\/wp\/v2\/media?parent=976570"}],"wp:term":[{"taxonomy":"category","embeddable":true,"href":"https:\/\/www.eldigitaldeasturias.com\/noticias\/wp-json\/wp\/v2\/categories?post=976570"},{"taxonomy":"post_tag","embeddable":true,"href":"https:\/\/www.eldigitaldeasturias.com\/noticias\/wp-json\/wp\/v2\/tags?post=976570"}],"curies":[{"name":"wp","href":"https:\/\/api.w.org\/{rel}","templated":true}]}}