{"id":976558,"date":"2018-04-18T22:26:56","date_gmt":"2018-04-18T22:26:56","guid":{"rendered":"http:\/\/www.eldigitaldeasturias.com\/noticias\/?p=976558"},"modified":"2018-04-18T22:26:56","modified_gmt":"2018-04-18T22:26:56","slug":"erdogan-convoca-elecciones-anticipadas-en-turquia","status":"publish","type":"post","link":"https:\/\/www.eldigitaldeasturias.com\/noticias\/erdogan-convoca-elecciones-anticipadas-en-turquia\/","title":{"rendered":"Erdogan convoca elecciones anticipadas en Turqu\u00eda"},"content":{"rendered":"<p><img loading=\"lazy\" decoding=\"async\" class=\"alignleft size-medium wp-image-872935\" src=\"https:\/\/www.eldigitaldeasturias.com\/noticias\/wp-content\/uploads\/2016\/04\/erdogan-360x198.jpg\" alt=\"\" width=\"360\" height=\"198\" \/>Estambul, 18 abr (dpa) &#8211; El presidente de Turqu\u00eda, Recep Tayyip Erdogan, adelant\u00f3 hoy tentativamente al pr\u00f3ximo 24 de junio las elecciones presidenciales y parlamentarias originalmente programadas para noviembre de 2019.<\/p>\n<p>En una breve comparecencia televisada, Erdogan cit\u00f3 como motivos para adelantar los comicios la situaci\u00f3n en Irak y Siria, aspectos econ\u00f3micos y la aspiraci\u00f3n de implementar m\u00e1s r\u00e1pidamente cambios constitucionales que le dar\u00e1n m\u00e1s poder a la presidencia.<\/p>\n<p>El mandatario se\u00f1al\u00f3 que, si bien la Comisi\u00f3n Electoral a\u00fan debe confirmar la fecha de las elecciones, los preparativos ya se pondr\u00e1n en marcha.<\/p>\n<p>Erdogan hizo el anuncio despu\u00e9s de reunirse en Ankara con el l\u00edder del ultraderechista Partido de Acci\u00f3n Nacionalista (MHP), Devlet Bahceli, con quien ha forjado una alianza electoral.<\/p>\n<p>Bahceli apoy\u00f3 el a\u00f1o pasado a Erdogan cuando se celebr\u00f3 en Turqu\u00eda un refer\u00e9ndum que ampli\u00f3 considerablemente los poderes del presidente. La mayor\u00eda de los cambios se implementar\u00e1n tras las pr\u00f3ximas elecciones.<\/p>\n<p>El l\u00edder del MHP hab\u00eda llamado el martes a la celebraci\u00f3n de elecciones anticipadas y propuso como fecha el 26 de agosto.<\/p>\n<p>\u00abEl cambio al nuevo sistema de gobierno se convirti\u00f3 en urgente, de manera que las decisiones respecto del futuro de nuestro pa\u00eds puedan ser tomadas e implementadas m\u00e1s vigorosamente\u00bb, consider\u00f3 Erdogan.<\/p>\n<p>Turqu\u00eda se encuentra bajo estado de emergencia, en vigencia desde el frustrado golpe de Estado del 15 de julio de 2016. El Parlamento, dominado por el partido conservador isl\u00e1mico AKP de Erdogan, vot\u00f3 hoy su extensi\u00f3n por otros tres meses.<\/p>\n<p>Bulent Tezcan, portavoz del principal partido opositor CHP, reaccion\u00f3 al anuncio de Erdogan llamando al Gobierno a levantar de inmediato el estado de emergencia, pero insisti\u00f3 en que su agrupaci\u00f3n est\u00e1 preparada.<\/p>\n<p>\u00abNos libraremos de este r\u00e9gimen individual\u00bb, apunt\u00f3 Tezcan, aludiendo a quejas de la oposici\u00f3n que argumentan que Erdogan ya es demasiado poderoso y autoritario.<\/p>\n<p>El Gobierno ha estado poniendo en marcha paquetes de est\u00edmulo y otras medidas similares para impulsar la econom\u00eda y el crecimiento fue de m\u00e1s del siete por ciento el a\u00f1o pasado, seg\u00fan cifras oficiales.<\/p>\n<p>Sin embargo, la inflaci\u00f3n se mantiene por encima del diez por ciento y el desempleo contin\u00faa siendo elevado.<\/p>\n<p>Un nuevo partido opositor derechista que amenaza con llevarse algunos votos de la alianza AKP-MHP podr\u00eda no ser autorizado para participar en los pr\u00f3ximos comicios a ra\u00edz de un tecnicismo, mientras reportes de los medios se\u00f1alan que se convertir\u00e1 en una agrupaci\u00f3n que puede competir electoralmente poco despu\u00e9s de la fecha propuesta para los comicios.<\/p>\n<p>Mientras que el AKP hab\u00eda rechazado hasta ahora rumores de que hubiera elecciones anticipadas, Erdogan mantuvo mitines casi cada semana, en lo que se asemej\u00f3 a una campa\u00f1a electoral.<\/p>\n<p>El mes pasado, Turqu\u00eda concluy\u00f3 operaciones militares en Siria para capturar un enclave kurdo en el norte del pa\u00eds. Las operaciones militares contra militantes kurdos se encuentran en curso en el norte de Irak, adem\u00e1s de algunos choques internos.<\/p>\n","protected":false},"excerpt":{"rendered":"<p>Estambul, 18 abr (dpa) &#8211; El presidente de Turqu\u00eda, Recep Tayyip Erdogan, adelant\u00f3 hoy tentativamente al pr\u00f3ximo 24 de junio las elecciones presidenciales y parlamentarias originalmente programadas para noviembre de 2019. En una breve comparecencia televisada, Erdogan cit\u00f3 como motivos para adelantar los comicios la situaci\u00f3n en Irak y Siria, aspectos econ\u00f3micos y la aspiraci\u00f3n [&hellip;]<\/p>\n","protected":false},"author":1,"featured_media":872935,"comment_status":"closed","ping_status":"closed","sticky":false,"template":"","format":"standard","meta":{"footnotes":""},"categories":[1],"tags":[],"class_list":["post-976558","post","type-post","status-publish","format-standard","has-post-thumbnail","hentry","category-actualidad"],"aioseo_notices":[],"aioseo_head":"\n\t\t<!-- All in One SEO Pro 5.0.1 - aioseo.com -->\n\t<meta name=\"description\" content=\"Estambul, 18 abr (dpa) - El presidente de Turqu\u00eda, Recep Tayyip Erdogan, adelant\u00f3 hoy tentativamente al pr\u00f3ximo 24 de junio las elecciones presidenciales y parlamentarias originalmente programadas para noviembre de 2019. En una breve comparecencia televisada, Erdogan cit\u00f3 como motivos para adelantar los comicios la situaci\u00f3n en Irak y Siria, aspectos econ\u00f3micos y la aspiraci\u00f3n\" \/>\n\t<meta name=\"robots\" content=\"max-image-preview:large\" \/>\n\t<meta name=\"author\" content=\"El Digital de Asturias\"\/>\n\t<meta name=\"google-site-verification\" content=\"UA-38556648-1\" \/>\n\t<meta name=\"msvalidate.01\" content=\"7dfe9f3f1b24437ab69f4f2559babe99\" \/>\n\t<meta name=\"keywords\" content=\"actualidad\" \/>\n\t<link rel=\"canonical\" href=\"https:\/\/www.eldigitaldeasturias.com\/noticias\/erdogan-convoca-elecciones-anticipadas-en-turquia\/\" \/>\n\t<meta name=\"generator\" content=\"All in One SEO Pro (AIOSEO) 5.0.1\" \/>\n\t\t<meta property=\"og:locale\" content=\"es_ES\" \/>\n\t\t<meta property=\"og:site_name\" content=\"El Digital de Asturias\" \/>\n\t\t<meta property=\"og:type\" content=\"article\" \/>\n\t\t<meta property=\"og:title\" content=\"Erdogan convoca elecciones anticipadas en Turqu\u00eda - El Digital de Asturias\" \/>\n\t\t<meta property=\"og:description\" content=\"Estambul, 18 abr (dpa) - El presidente de Turqu\u00eda, Recep Tayyip Erdogan, adelant\u00f3 hoy tentativamente al pr\u00f3ximo 24 de junio las elecciones presidenciales y parlamentarias originalmente programadas para noviembre de 2019. En una breve comparecencia televisada, Erdogan cit\u00f3 como motivos para adelantar los comicios la situaci\u00f3n en Irak y Siria, aspectos econ\u00f3micos y la aspiraci\u00f3n\" \/>\n\t\t<meta property=\"og:url\" content=\"https:\/\/www.eldigitaldeasturias.com\/noticias\/erdogan-convoca-elecciones-anticipadas-en-turquia\/\" \/>\n\t\t<meta property=\"article:tag\" content=\"actualidad\" \/>\n\t\t<meta property=\"article:published_time\" content=\"2018-04-18T22:26:56+00:00\" \/>\n\t\t<meta property=\"article:modified_time\" content=\"2018-04-18T22:26:56+00:00\" \/>\n\t\t<meta property=\"article:publisher\" content=\"https:\/\/facebook.com\/eldigitaldeasturias\" \/>\n\t\t<meta name=\"twitter:card\" content=\"summary_large_image\" \/>\n\t\t<meta name=\"twitter:title\" content=\"Erdogan convoca elecciones anticipadas en Turqu\u00eda - El Digital de Asturias\" \/>\n\t\t<meta name=\"twitter:description\" content=\"Estambul, 18 abr (dpa) - El presidente de Turqu\u00eda, Recep Tayyip Erdogan, adelant\u00f3 hoy tentativamente al pr\u00f3ximo 24 de junio las elecciones presidenciales y parlamentarias originalmente programadas para noviembre de 2019. En una breve comparecencia televisada, Erdogan cit\u00f3 como motivos para adelantar los comicios la situaci\u00f3n en Irak y Siria, aspectos econ\u00f3micos y la aspiraci\u00f3n\" \/>\n\t\t<meta name=\"twitter:image\" content=\"https:\/\/www.eldigitaldeasturias.com\/noticias\/wp-content\/uploads\/2020\/12\/EDA-1.jpg\" \/>\n\t\t<meta name=\"twitter:label1\" content=\"Escrito por\" \/>\n\t\t<meta name=\"twitter:data1\" content=\"El Digital de Asturias\" \/>\n\t\t<meta name=\"twitter:label2\" content=\"Tiempo de lectura estimado\" \/>\n\t\t<meta name=\"twitter:data2\" content=\"3 minutos\" \/>\n\t\t<script type=\"application\/ld+json\" class=\"aioseo-schema\">\n\t\t\t{\"@context\":\"https:\\\/\\\/schema.org\",\"@graph\":[{\"@type\":\"BlogPosting\",\"@id\":\"https:\\\/\\\/www.eldigitaldeasturias.com\\\/noticias\\\/erdogan-convoca-elecciones-anticipadas-en-turquia\\\/#blogposting\",\"name\":\"Erdogan convoca elecciones anticipadas en Turqu\\u00eda - El Digital de Asturias\",\"headline\":\"Erdogan convoca elecciones anticipadas en Turqu\\u00eda\",\"author\":{\"@id\":\"https:\\\/\\\/www.eldigitaldeasturias.com\\\/noticias\\\/author\\\/admin\\\/#author\"},\"publisher\":{\"@id\":\"https:\\\/\\\/www.eldigitaldeasturias.com\\\/noticias\\\/#organization\"},\"image\":{\"@type\":\"ImageObject\",\"url\":872935},\"datePublished\":\"2018-04-18T22:26:56+02:00\",\"dateModified\":\"2018-04-18T22:26:56+02:00\",\"inLanguage\":\"es-ES\",\"mainEntityOfPage\":{\"@id\":\"https:\\\/\\\/www.eldigitaldeasturias.com\\\/noticias\\\/erdogan-convoca-elecciones-anticipadas-en-turquia\\\/#webpage\"},\"isPartOf\":{\"@id\":\"https:\\\/\\\/www.eldigitaldeasturias.com\\\/noticias\\\/erdogan-convoca-elecciones-anticipadas-en-turquia\\\/#webpage\"},\"articleSection\":\"Actualidad\"},{\"@type\":\"BreadcrumbList\",\"@id\":\"https:\\\/\\\/www.eldigitaldeasturias.com\\\/noticias\\\/erdogan-convoca-elecciones-anticipadas-en-turquia\\\/#breadcrumblist\",\"itemListElement\":[{\"@type\":\"ListItem\",\"@id\":\"https:\\\/\\\/www.eldigitaldeasturias.com\\\/noticias#listItem\",\"position\":1,\"name\":\"Home\",\"item\":\"https:\\\/\\\/www.eldigitaldeasturias.com\\\/noticias\",\"nextItem\":{\"@type\":\"ListItem\",\"@id\":\"https:\\\/\\\/www.eldigitaldeasturias.com\\\/noticias\\\/category\\\/actualidad\\\/#listItem\",\"name\":\"Actualidad\"}},{\"@type\":\"ListItem\",\"@id\":\"https:\\\/\\\/www.eldigitaldeasturias.com\\\/noticias\\\/category\\\/actualidad\\\/#listItem\",\"position\":2,\"name\":\"Actualidad\",\"item\":\"https:\\\/\\\/www.eldigitaldeasturias.com\\\/noticias\\\/category\\\/actualidad\\\/\",\"nextItem\":{\"@type\":\"ListItem\",\"@id\":\"https:\\\/\\\/www.eldigitaldeasturias.com\\\/noticias\\\/erdogan-convoca-elecciones-anticipadas-en-turquia\\\/#listItem\",\"name\":\"Erdogan convoca elecciones anticipadas en Turqu\\u00eda\"},\"previousItem\":{\"@type\":\"ListItem\",\"@id\":\"https:\\\/\\\/www.eldigitaldeasturias.com\\\/noticias#listItem\",\"name\":\"Home\"}},{\"@type\":\"ListItem\",\"@id\":\"https:\\\/\\\/www.eldigitaldeasturias.com\\\/noticias\\\/erdogan-convoca-elecciones-anticipadas-en-turquia\\\/#listItem\",\"position\":3,\"name\":\"Erdogan convoca elecciones anticipadas en Turqu\\u00eda\",\"previousItem\":{\"@type\":\"ListItem\",\"@id\":\"https:\\\/\\\/www.eldigitaldeasturias.com\\\/noticias\\\/category\\\/actualidad\\\/#listItem\",\"name\":\"Actualidad\"}}]},{\"@type\":\"Organization\",\"@id\":\"https:\\\/\\\/www.eldigitaldeasturias.com\\\/noticias\\\/#organization\",\"name\":\"El Digital de Asturias\",\"description\":\"Hemeroteca\",\"url\":\"https:\\\/\\\/www.eldigitaldeasturias.com\\\/noticias\\\/\",\"email\":\"info@eldigitaldeasturias.com\",\"telephone\":\"+34652131393\",\"logo\":{\"@type\":\"ImageObject\",\"url\":\"https:\\\/\\\/www.eldigitaldeasturias.com\\\/noticias\\\/wp-content\\\/uploads\\\/2020\\\/12\\\/EDA.jpg\",\"@id\":\"https:\\\/\\\/www.eldigitaldeasturias.com\\\/noticias\\\/erdogan-convoca-elecciones-anticipadas-en-turquia\\\/#organizationLogo\"},\"image\":{\"@id\":\"https:\\\/\\\/www.eldigitaldeasturias.com\\\/noticias\\\/erdogan-convoca-elecciones-anticipadas-en-turquia\\\/#organizationLogo\"},\"sameAs\":[\"https:\\\/\\\/facebook.com\\\/eldigitaldeasturias\",\"https:\\\/\\\/www.youtube.com\\\/channel\\\/UCZP-2wLEB9Rv6erhFmqVnvg\"],\"address\":{\"@id\":\"https:\\\/\\\/www.eldigitaldeasturias.com\\\/noticias\\\/#postaladdress\",\"@type\":\"PostalAddress\",\"streetAddress\":\"san antonio 4\",\"postalCode\":\"33430\",\"addressLocality\":\"Cand\\u00e1s\",\"addressRegion\":\"Asturias\",\"addressCountry\":\"ES\"}},{\"@type\":\"Person\",\"@id\":\"https:\\\/\\\/www.eldigitaldeasturias.com\\\/noticias\\\/author\\\/admin\\\/#author\",\"url\":\"https:\\\/\\\/www.eldigitaldeasturias.com\\\/noticias\\\/author\\\/admin\\\/\",\"name\":\"El Digital de Asturias\",\"image\":{\"@type\":\"ImageObject\",\"@id\":\"https:\\\/\\\/www.eldigitaldeasturias.com\\\/noticias\\\/erdogan-convoca-elecciones-anticipadas-en-turquia\\\/#authorImage\",\"url\":\"https:\\\/\\\/secure.gravatar.com\\\/avatar\\\/df2aeffc32bcd13f8d26072ef8a91b623d677766deac7f97ca815868cd41bf5e?s=96&d=mm&r=g\",\"width\":96,\"height\":96,\"caption\":\"El Digital de Asturias\"}},{\"@type\":\"WebPage\",\"@id\":\"https:\\\/\\\/www.eldigitaldeasturias.com\\\/noticias\\\/erdogan-convoca-elecciones-anticipadas-en-turquia\\\/#webpage\",\"url\":\"https:\\\/\\\/www.eldigitaldeasturias.com\\\/noticias\\\/erdogan-convoca-elecciones-anticipadas-en-turquia\\\/\",\"name\":\"Erdogan convoca elecciones anticipadas en Turqu\\u00eda - El Digital de Asturias\",\"description\":\"Estambul, 18 abr (dpa) - El presidente de Turqu\\u00eda, Recep Tayyip Erdogan, adelant\\u00f3 hoy tentativamente al pr\\u00f3ximo 24 de junio las elecciones presidenciales y parlamentarias originalmente programadas para noviembre de 2019. En una breve comparecencia televisada, Erdogan cit\\u00f3 como motivos para adelantar los comicios la situaci\\u00f3n en Irak y Siria, aspectos econ\\u00f3micos y la aspiraci\\u00f3n\",\"inLanguage\":\"es-ES\",\"isPartOf\":{\"@id\":\"https:\\\/\\\/www.eldigitaldeasturias.com\\\/noticias\\\/#website\"},\"breadcrumb\":{\"@id\":\"https:\\\/\\\/www.eldigitaldeasturias.com\\\/noticias\\\/erdogan-convoca-elecciones-anticipadas-en-turquia\\\/#breadcrumblist\"},\"author\":{\"@id\":\"https:\\\/\\\/www.eldigitaldeasturias.com\\\/noticias\\\/author\\\/admin\\\/#author\"},\"creator\":{\"@id\":\"https:\\\/\\\/www.eldigitaldeasturias.com\\\/noticias\\\/author\\\/admin\\\/#author\"},\"image\":{\"@type\":\"ImageObject\",\"url\":872935,\"@id\":\"https:\\\/\\\/www.eldigitaldeasturias.com\\\/noticias\\\/erdogan-convoca-elecciones-anticipadas-en-turquia\\\/#mainImage\"},\"primaryImageOfPage\":{\"@id\":\"https:\\\/\\\/www.eldigitaldeasturias.com\\\/noticias\\\/erdogan-convoca-elecciones-anticipadas-en-turquia\\\/#mainImage\"},\"datePublished\":\"2018-04-18T22:26:56+02:00\",\"dateModified\":\"2018-04-18T22:26:56+02:00\"},{\"@type\":\"WebSite\",\"@id\":\"https:\\\/\\\/www.eldigitaldeasturias.com\\\/noticias\\\/#website\",\"url\":\"https:\\\/\\\/www.eldigitaldeasturias.com\\\/noticias\\\/\",\"name\":\"El Digital de Asturias - Diario de actualidad y noticias\",\"alternateName\":\"El Digital de Asturias - Diario de actualidad y noticias\",\"description\":\"Hemeroteca\",\"inLanguage\":\"es-ES\",\"publisher\":{\"@id\":\"https:\\\/\\\/www.eldigitaldeasturias.com\\\/noticias\\\/#organization\"}}]}\n\t\t<\/script>\n\t\t<!-- All in One SEO Pro -->\r\n\t\t<title>Erdogan convoca elecciones anticipadas en Turqu\u00eda - El Digital de Asturias<\/title>\n\n","aioseo_head_json":{"title":"Erdogan convoca elecciones anticipadas en Turqu\u00eda - El Digital de Asturias","description":"Estambul, 18 abr (dpa) - El presidente de Turqu\u00eda, Recep Tayyip Erdogan, adelant\u00f3 hoy tentativamente al pr\u00f3ximo 24 de junio las elecciones presidenciales y parlamentarias originalmente programadas para noviembre de 2019. En una breve comparecencia televisada, Erdogan cit\u00f3 como motivos para adelantar los comicios la situaci\u00f3n en Irak y Siria, aspectos econ\u00f3micos y la aspiraci\u00f3n","canonical_url":"https:\/\/www.eldigitaldeasturias.com\/noticias\/erdogan-convoca-elecciones-anticipadas-en-turquia\/","robots":"max-image-preview:large","keywords":"actualidad","webmasterTools":{"google-site-verification":"UA-38556648-1","msvalidate.01":"7dfe9f3f1b24437ab69f4f2559babe99","miscellaneous":""},"schema":{"@context":"https:\/\/schema.org","@graph":[{"@type":"BlogPosting","@id":"https:\/\/www.eldigitaldeasturias.com\/noticias\/erdogan-convoca-elecciones-anticipadas-en-turquia\/#blogposting","name":"Erdogan convoca elecciones anticipadas en Turqu\u00eda - El Digital de Asturias","headline":"Erdogan convoca elecciones anticipadas en Turqu\u00eda","author":{"@id":"https:\/\/www.eldigitaldeasturias.com\/noticias\/author\/admin\/#author"},"publisher":{"@id":"https:\/\/www.eldigitaldeasturias.com\/noticias\/#organization"},"image":{"@type":"ImageObject","url":872935},"datePublished":"2018-04-18T22:26:56+02:00","dateModified":"2018-04-18T22:26:56+02:00","inLanguage":"es-ES","mainEntityOfPage":{"@id":"https:\/\/www.eldigitaldeasturias.com\/noticias\/erdogan-convoca-elecciones-anticipadas-en-turquia\/#webpage"},"isPartOf":{"@id":"https:\/\/www.eldigitaldeasturias.com\/noticias\/erdogan-convoca-elecciones-anticipadas-en-turquia\/#webpage"},"articleSection":"Actualidad"},{"@type":"BreadcrumbList","@id":"https:\/\/www.eldigitaldeasturias.com\/noticias\/erdogan-convoca-elecciones-anticipadas-en-turquia\/#breadcrumblist","itemListElement":[{"@type":"ListItem","@id":"https:\/\/www.eldigitaldeasturias.com\/noticias#listItem","position":1,"name":"Home","item":"https:\/\/www.eldigitaldeasturias.com\/noticias","nextItem":{"@type":"ListItem","@id":"https:\/\/www.eldigitaldeasturias.com\/noticias\/category\/actualidad\/#listItem","name":"Actualidad"}},{"@type":"ListItem","@id":"https:\/\/www.eldigitaldeasturias.com\/noticias\/category\/actualidad\/#listItem","position":2,"name":"Actualidad","item":"https:\/\/www.eldigitaldeasturias.com\/noticias\/category\/actualidad\/","nextItem":{"@type":"ListItem","@id":"https:\/\/www.eldigitaldeasturias.com\/noticias\/erdogan-convoca-elecciones-anticipadas-en-turquia\/#listItem","name":"Erdogan convoca elecciones anticipadas en Turqu\u00eda"},"previousItem":{"@type":"ListItem","@id":"https:\/\/www.eldigitaldeasturias.com\/noticias#listItem","name":"Home"}},{"@type":"ListItem","@id":"https:\/\/www.eldigitaldeasturias.com\/noticias\/erdogan-convoca-elecciones-anticipadas-en-turquia\/#listItem","position":3,"name":"Erdogan convoca elecciones anticipadas en Turqu\u00eda","previousItem":{"@type":"ListItem","@id":"https:\/\/www.eldigitaldeasturias.com\/noticias\/category\/actualidad\/#listItem","name":"Actualidad"}}]},{"@type":"Organization","@id":"https:\/\/www.eldigitaldeasturias.com\/noticias\/#organization","name":"El Digital de Asturias","description":"Hemeroteca","url":"https:\/\/www.eldigitaldeasturias.com\/noticias\/","email":"info@eldigitaldeasturias.com","telephone":"+34652131393","logo":{"@type":"ImageObject","url":"https:\/\/www.eldigitaldeasturias.com\/noticias\/wp-content\/uploads\/2020\/12\/EDA.jpg","@id":"https:\/\/www.eldigitaldeasturias.com\/noticias\/erdogan-convoca-elecciones-anticipadas-en-turquia\/#organizationLogo"},"image":{"@id":"https:\/\/www.eldigitaldeasturias.com\/noticias\/erdogan-convoca-elecciones-anticipadas-en-turquia\/#organizationLogo"},"sameAs":["https:\/\/facebook.com\/eldigitaldeasturias","https:\/\/www.youtube.com\/channel\/UCZP-2wLEB9Rv6erhFmqVnvg"],"address":{"@id":"https:\/\/www.eldigitaldeasturias.com\/noticias\/#postaladdress","@type":"PostalAddress","streetAddress":"san antonio 4","postalCode":"33430","addressLocality":"Cand\u00e1s","addressRegion":"Asturias","addressCountry":"ES"}},{"@type":"Person","@id":"https:\/\/www.eldigitaldeasturias.com\/noticias\/author\/admin\/#author","url":"https:\/\/www.eldigitaldeasturias.com\/noticias\/author\/admin\/","name":"El Digital de Asturias","image":{"@type":"ImageObject","@id":"https:\/\/www.eldigitaldeasturias.com\/noticias\/erdogan-convoca-elecciones-anticipadas-en-turquia\/#authorImage","url":"https:\/\/secure.gravatar.com\/avatar\/df2aeffc32bcd13f8d26072ef8a91b623d677766deac7f97ca815868cd41bf5e?s=96&d=mm&r=g","width":96,"height":96,"caption":"El Digital de Asturias"}},{"@type":"WebPage","@id":"https:\/\/www.eldigitaldeasturias.com\/noticias\/erdogan-convoca-elecciones-anticipadas-en-turquia\/#webpage","url":"https:\/\/www.eldigitaldeasturias.com\/noticias\/erdogan-convoca-elecciones-anticipadas-en-turquia\/","name":"Erdogan convoca elecciones anticipadas en Turqu\u00eda - El Digital de Asturias","description":"Estambul, 18 abr (dpa) - El presidente de Turqu\u00eda, Recep Tayyip Erdogan, adelant\u00f3 hoy tentativamente al pr\u00f3ximo 24 de junio las elecciones presidenciales y parlamentarias originalmente programadas para noviembre de 2019. En una breve comparecencia televisada, Erdogan cit\u00f3 como motivos para adelantar los comicios la situaci\u00f3n en Irak y Siria, aspectos econ\u00f3micos y la aspiraci\u00f3n","inLanguage":"es-ES","isPartOf":{"@id":"https:\/\/www.eldigitaldeasturias.com\/noticias\/#website"},"breadcrumb":{"@id":"https:\/\/www.eldigitaldeasturias.com\/noticias\/erdogan-convoca-elecciones-anticipadas-en-turquia\/#breadcrumblist"},"author":{"@id":"https:\/\/www.eldigitaldeasturias.com\/noticias\/author\/admin\/#author"},"creator":{"@id":"https:\/\/www.eldigitaldeasturias.com\/noticias\/author\/admin\/#author"},"image":{"@type":"ImageObject","url":872935,"@id":"https:\/\/www.eldigitaldeasturias.com\/noticias\/erdogan-convoca-elecciones-anticipadas-en-turquia\/#mainImage"},"primaryImageOfPage":{"@id":"https:\/\/www.eldigitaldeasturias.com\/noticias\/erdogan-convoca-elecciones-anticipadas-en-turquia\/#mainImage"},"datePublished":"2018-04-18T22:26:56+02:00","dateModified":"2018-04-18T22:26:56+02:00"},{"@type":"WebSite","@id":"https:\/\/www.eldigitaldeasturias.com\/noticias\/#website","url":"https:\/\/www.eldigitaldeasturias.com\/noticias\/","name":"El Digital de Asturias - Diario de actualidad y noticias","alternateName":"El Digital de Asturias - Diario de actualidad y noticias","description":"Hemeroteca","inLanguage":"es-ES","publisher":{"@id":"https:\/\/www.eldigitaldeasturias.com\/noticias\/#organization"}}]},"og:locale":"es_ES","og:site_name":"El Digital de Asturias","og:type":"article","og:title":"Erdogan convoca elecciones anticipadas en Turqu\u00eda - El Digital de Asturias","og:description":"Estambul, 18 abr (dpa) - El presidente de Turqu\u00eda, Recep Tayyip Erdogan, adelant\u00f3 hoy tentativamente al pr\u00f3ximo 24 de junio las elecciones presidenciales y parlamentarias originalmente programadas para noviembre de 2019. En una breve comparecencia televisada, Erdogan cit\u00f3 como motivos para adelantar los comicios la situaci\u00f3n en Irak y Siria, aspectos econ\u00f3micos y la aspiraci\u00f3n","og:url":"https:\/\/www.eldigitaldeasturias.com\/noticias\/erdogan-convoca-elecciones-anticipadas-en-turquia\/","article:tag":["actualidad"],"article:published_time":"2018-04-18T22:26:56+00:00","article:modified_time":"2018-04-18T22:26:56+00:00","article:publisher":"https:\/\/facebook.com\/eldigitaldeasturias","twitter:card":"summary_large_image","twitter:title":"Erdogan convoca elecciones anticipadas en Turqu\u00eda - El Digital de Asturias","twitter:description":"Estambul, 18 abr (dpa) - El presidente de Turqu\u00eda, Recep Tayyip Erdogan, adelant\u00f3 hoy tentativamente al pr\u00f3ximo 24 de junio las elecciones presidenciales y parlamentarias originalmente programadas para noviembre de 2019. En una breve comparecencia televisada, Erdogan cit\u00f3 como motivos para adelantar los comicios la situaci\u00f3n en Irak y Siria, aspectos econ\u00f3micos y la aspiraci\u00f3n","twitter:image":"https:\/\/www.eldigitaldeasturias.com\/noticias\/wp-content\/uploads\/2020\/12\/EDA-1.jpg","twitter:label1":"Escrito por","twitter:data1":"El Digital de Asturias","twitter:label2":"Tiempo de lectura estimado","twitter:data2":"3 minutos"},"aioseo_meta_data":{"post_id":"976558","title":null,"description":null,"keywords":null,"keyphrases":null,"primary_term":null,"canonical_url":null,"og_title":null,"og_description":null,"og_object_type":"default","og_image_type":"default","og_image_url":null,"og_image_width":null,"og_image_height":null,"og_image_custom_url":null,"og_image_custom_fields":null,"og_video":null,"og_custom_url":null,"og_article_section":null,"og_article_tags":null,"twitter_use_og":false,"twitter_card":"default","twitter_image_type":"default","twitter_image_url":null,"twitter_image_custom_url":null,"twitter_image_custom_fields":null,"twitter_title":null,"twitter_description":null,"schema":{"blockGraphs":[],"customGraphs":[],"default":{"data":{"Article":[],"Course":[],"Dataset":[],"FAQPage":[],"Movie":[],"Person":[],"Product":[],"ProductReview":[],"Car":[],"Recipe":[],"Service":[],"SoftwareApplication":[],"WebPage":[]},"graphName":"","isEnabled":true},"graphs":[],"defaultGraph":"","defaultPostTypeGraph":""},"schema_type":null,"schema_type_options":null,"pillar_content":false,"robots_default":true,"robots_noindex":false,"robots_noarchive":false,"robots_nosnippet":false,"robots_nofollow":false,"robots_noimageindex":false,"robots_noodp":false,"robots_notranslate":false,"robots_max_snippet":null,"robots_max_videopreview":null,"robots_max_imagepreview":"large","priority":null,"frequency":null,"local_seo":null,"seo_analyzer_scan_date":"2025-10-08 04:16:02","breadcrumb_settings":null,"limit_modified_date":false,"open_ai":null,"ai":null,"created":"2020-12-21 12:07:38","updated":"2025-10-08 04:16:02","focus_keyword":null,"additional_keywords":null,"truseo_locale":null},"aioseo_breadcrumb":"<div class=\"aioseo-breadcrumbs\"><span class=\"aioseo-breadcrumb\">\n\t<a href=\"https:\/\/www.eldigitaldeasturias.com\/noticias\" title=\"Home\">Home<\/a>\n<\/span><span class=\"aioseo-breadcrumb-separator\">\u2013<\/span><span class=\"aioseo-breadcrumb\">\n\t<a href=\"https:\/\/www.eldigitaldeasturias.com\/noticias\/category\/actualidad\/\" title=\"Actualidad\">Actualidad<\/a>\n<\/span><span class=\"aioseo-breadcrumb-separator\">\u2013<\/span><span class=\"aioseo-breadcrumb\">\n\t<a href=\"https:\/\/www.eldigitaldeasturias.com\/noticias\/erdogan-convoca-elecciones-anticipadas-en-turquia\/\" title=\"Erdogan convoca elecciones anticipadas en Turqu\u00eda\">Erdogan convoca elecciones anticipadas en Turqu\u00eda<\/a>\n<\/span><\/div>","aioseo_breadcrumb_json":[{"label":"Home","link":"https:\/\/www.eldigitaldeasturias.com\/noticias"},{"label":"Actualidad","link":"https:\/\/www.eldigitaldeasturias.com\/noticias\/category\/actualidad\/"},{"label":"Erdogan convoca elecciones anticipadas en Turqu\u00eda","link":"https:\/\/www.eldigitaldeasturias.com\/noticias\/erdogan-convoca-elecciones-anticipadas-en-turquia\/"}],"_links":{"self":[{"href":"https:\/\/www.eldigitaldeasturias.com\/noticias\/wp-json\/wp\/v2\/posts\/976558","targetHints":{"allow":["GET"]}}],"collection":[{"href":"https:\/\/www.eldigitaldeasturias.com\/noticias\/wp-json\/wp\/v2\/posts"}],"about":[{"href":"https:\/\/www.eldigitaldeasturias.com\/noticias\/wp-json\/wp\/v2\/types\/post"}],"author":[{"embeddable":true,"href":"https:\/\/www.eldigitaldeasturias.com\/noticias\/wp-json\/wp\/v2\/users\/1"}],"replies":[{"embeddable":true,"href":"https:\/\/www.eldigitaldeasturias.com\/noticias\/wp-json\/wp\/v2\/comments?post=976558"}],"version-history":[{"count":0,"href":"https:\/\/www.eldigitaldeasturias.com\/noticias\/wp-json\/wp\/v2\/posts\/976558\/revisions"}],"wp:attachment":[{"href":"https:\/\/www.eldigitaldeasturias.com\/noticias\/wp-json\/wp\/v2\/media?parent=976558"}],"wp:term":[{"taxonomy":"category","embeddable":true,"href":"https:\/\/www.eldigitaldeasturias.com\/noticias\/wp-json\/wp\/v2\/categories?post=976558"},{"taxonomy":"post_tag","embeddable":true,"href":"https:\/\/www.eldigitaldeasturias.com\/noticias\/wp-json\/wp\/v2\/tags?post=976558"}],"curies":[{"name":"wp","href":"https:\/\/api.w.org\/{rel}","templated":true}]}}