{"id":976500,"date":"2018-04-18T16:27:12","date_gmt":"2018-04-18T16:27:12","guid":{"rendered":"http:\/\/www.eldigitaldeasturias.com\/noticias\/?p=976500"},"modified":"2018-04-18T16:27:12","modified_gmt":"2018-04-18T16:27:12","slug":"manola-brunet-nombrada-presidenta-de-la-comision-internacional-de-climatologia","status":"publish","type":"post","link":"https:\/\/www.eldigitaldeasturias.com\/noticias\/manola-brunet-nombrada-presidenta-de-la-comision-internacional-de-climatologia\/","title":{"rendered":"Manola Brunet nombrada presidenta de la Comisi\u00f3n internacional de Climatolog\u00eda"},"content":{"rendered":"<p><img loading=\"lazy\" decoding=\"async\" class=\"alignleft size-medium wp-image-976501\" src=\"https:\/\/www.eldigitaldeasturias.com\/noticias\/wp-content\/uploads\/2018\/04\/180418OMM-360x239.jpg\" alt=\"\" width=\"360\" height=\"239\" \/>La 17\u00aa Conferencia de la Comisi\u00f3n de Climatolog\u00eda (CCl) de la Organizaci\u00f3n Meteorol\u00f3gica Mundial (OMM), celebrada recientemente en Ginebra (Suiza), ha elegido como presidenta de esta Comisi\u00f3n internacional a la espa\u00f1ola Manola Brunet, y como vicepresidenta a la chilena B\u00e1rbara Tapia.<\/p>\n<p>El proceso de elecci\u00f3n de ambas cient\u00edficas ha sido apoyado activamente por la Agencia Estatal de Meteorolog\u00eda (AEMET) del Ministerio de Agricultura y Pesca, Alimentaci\u00f3n y Medio Ambiente, como Servicio Meteorol\u00f3gico Nacional de Espa\u00f1a, y por la Conferencia de Directores de Servicios Meteorol\u00f3gicos Iberoamericanos (CIMHET).<\/p>\n<p>Bajo el punto de vista cient\u00edfico, el resultado es positivo para nuestro pa\u00eds, puesto que por primera vez un espa\u00f1ol preside una Comisi\u00f3n de la OMM. Tambi\u00e9n es positivo para la comunidad iberoamericana. Es la primera vez en sus casi 90 a\u00f1os de historia que una Comisi\u00f3n de la OMM estar\u00e1 presidida por una mujer.<\/p>\n<p>La doctora Brunet es profesora de Climatolog\u00eda en el Departamento de Geograf\u00eda de la Universidad Rovira i Virgili (URV), directora del Centro de Cambio Clim\u00e1tico de la URV y profesora visitante de la Climatic Research Unit de la Universidad de East Anglia (Norwich, Reino Unido).<\/p>\n<p><strong>Experta en an\u00e1lisis del clima<\/strong><\/p>\n<p>Brunet es una reconocida experta internacional en los campos de la reconstrucci\u00f3n instrumental y an\u00e1lisis de clima y tiene una larga trayectoria de colaboraci\u00f3n con la OMM, participando desde 2001 en las actividades de la CCl. En 2005 fue designada copresidenta del Grupo dedicado a la vigilancia y el an\u00e1lisis del clima, posici\u00f3n que ha ocupado hasta el momento actual.<\/p>\n<p>La OMM es una agencia especializada de Naciones Unidas con competencia en tiempo, clima y agua, que se organiza cient\u00edficamente en ocho Comisiones T\u00e9cnicas con diferentes competencias.<\/p>\n<p>La CCI dirige las actividades para el conocimiento del clima en apoyo de un desarrollo socioecon\u00f3mico sostenible y la protecci\u00f3n del medio ambiente. Con esta finalidad coordina la red de Centros Clim\u00e1ticos Regionales de la OMM, que suministran predicciones estacionales; es responsable de las declaraciones de la OMM sobre el estado del clima mundial y emite regularmente informes de seguimiento del estado de anomal\u00edas de la circulaci\u00f3n atmosf\u00e9rica y oce\u00e1nica como El Ni\u00f1o\/La Ni\u00f1a y Oscilaci\u00f3n del Sur. Adem\u00e1s, supervisa el archivo de registros clim\u00e1ticos extremos y promueve el intercambio de datos y su preservaci\u00f3n, animando la recuperaci\u00f3n de datos hist\u00f3ricos mundiales de calidad.<\/p>\n<p><strong>Visi\u00f3n global del clima<\/strong><\/p>\n<p>En consecuencia, durante los pr\u00f3ximos a\u00f1os el papel de la CCI y su nueva presidenta ser\u00e1 esencial para entender, detectar y predecir la variabilidad clim\u00e1tica global, por lo que en el futuro ser\u00e1 clave para la toma motivada de decisiones.<\/p>\n<p>Al mismo tiempo, la misi\u00f3n de los Servicios Meteorol\u00f3gicos Nacionales en este terreno se centrar\u00e1 en el dise\u00f1o e implementaci\u00f3n de servicios clim\u00e1ticos nacionales robustos, para lo que ser\u00e1 necesario participar activamente con la Comisi\u00f3n, mejorando las oportunidades de obtener el m\u00e1ximo beneficio social.<\/p>\n<p>AEMET, junto con los Servicios Meteorol\u00f3gicos Iberoamericanos que se organizan en CIMHET desde 2003, fijan el fortalecimiento de sus servicios clim\u00e1ticos como una de sus prioridades estrat\u00e9gicas y se felicitan del liderazgo conseguido por la comunidad iberoamericana para afrontar este problema global.<\/p>\n","protected":false},"excerpt":{"rendered":"<p>La 17\u00aa Conferencia de la Comisi\u00f3n de Climatolog\u00eda (CCl) de la Organizaci\u00f3n Meteorol\u00f3gica Mundial (OMM), celebrada recientemente en Ginebra (Suiza), ha elegido como presidenta de esta Comisi\u00f3n internacional a la espa\u00f1ola Manola Brunet, y como vicepresidenta a la chilena B\u00e1rbara Tapia. El proceso de elecci\u00f3n de ambas cient\u00edficas ha sido apoyado activamente por la Agencia [&hellip;]<\/p>\n","protected":false},"author":1,"featured_media":976501,"comment_status":"closed","ping_status":"closed","sticky":false,"template":"","format":"standard","meta":{"footnotes":""},"categories":[1],"tags":[],"class_list":["post-976500","post","type-post","status-publish","format-standard","has-post-thumbnail","hentry","category-actualidad"],"aioseo_notices":[],"aioseo_head":"\n\t\t<!-- All in One SEO Pro 5.0.1 - aioseo.com -->\n\t<meta name=\"description\" content=\"La 17\u00aa Conferencia de la Comisi\u00f3n de Climatolog\u00eda (CCl) de la Organizaci\u00f3n Meteorol\u00f3gica Mundial (OMM), celebrada recientemente en Ginebra (Suiza), ha elegido como presidenta de esta Comisi\u00f3n internacional a la espa\u00f1ola Manola Brunet, y como vicepresidenta a la chilena B\u00e1rbara Tapia. El proceso de elecci\u00f3n de ambas cient\u00edficas ha sido apoyado activamente por la Agencia\" \/>\n\t<meta name=\"robots\" content=\"max-image-preview:large\" \/>\n\t<meta name=\"author\" content=\"El Digital de Asturias\"\/>\n\t<meta name=\"google-site-verification\" content=\"UA-38556648-1\" \/>\n\t<meta name=\"msvalidate.01\" content=\"7dfe9f3f1b24437ab69f4f2559babe99\" \/>\n\t<meta name=\"keywords\" content=\"actualidad\" \/>\n\t<link rel=\"canonical\" href=\"https:\/\/www.eldigitaldeasturias.com\/noticias\/manola-brunet-nombrada-presidenta-de-la-comision-internacional-de-climatologia\/\" \/>\n\t<meta name=\"generator\" content=\"All in One SEO Pro (AIOSEO) 5.0.1\" \/>\n\t\t<meta property=\"og:locale\" content=\"es_ES\" \/>\n\t\t<meta property=\"og:site_name\" content=\"El Digital de Asturias\" \/>\n\t\t<meta property=\"og:type\" content=\"article\" \/>\n\t\t<meta property=\"og:title\" content=\"Manola Brunet nombrada presidenta de la Comisi\u00f3n internacional de Climatolog\u00eda - El Digital de Asturias\" \/>\n\t\t<meta property=\"og:description\" content=\"La 17\u00aa Conferencia de la Comisi\u00f3n de Climatolog\u00eda (CCl) de la Organizaci\u00f3n Meteorol\u00f3gica Mundial (OMM), celebrada recientemente en Ginebra (Suiza), ha elegido como presidenta de esta Comisi\u00f3n internacional a la espa\u00f1ola Manola Brunet, y como vicepresidenta a la chilena B\u00e1rbara Tapia. El proceso de elecci\u00f3n de ambas cient\u00edficas ha sido apoyado activamente por la Agencia\" \/>\n\t\t<meta property=\"og:url\" content=\"https:\/\/www.eldigitaldeasturias.com\/noticias\/manola-brunet-nombrada-presidenta-de-la-comision-internacional-de-climatologia\/\" \/>\n\t\t<meta property=\"article:tag\" content=\"actualidad\" \/>\n\t\t<meta property=\"article:published_time\" content=\"2018-04-18T16:27:12+00:00\" \/>\n\t\t<meta property=\"article:modified_time\" content=\"2018-04-18T16:27:12+00:00\" \/>\n\t\t<meta property=\"article:publisher\" content=\"https:\/\/facebook.com\/eldigitaldeasturias\" \/>\n\t\t<meta name=\"twitter:card\" content=\"summary_large_image\" \/>\n\t\t<meta name=\"twitter:title\" content=\"Manola Brunet nombrada presidenta de la Comisi\u00f3n internacional de Climatolog\u00eda - El Digital de Asturias\" \/>\n\t\t<meta name=\"twitter:description\" content=\"La 17\u00aa Conferencia de la Comisi\u00f3n de Climatolog\u00eda (CCl) de la Organizaci\u00f3n Meteorol\u00f3gica Mundial (OMM), celebrada recientemente en Ginebra (Suiza), ha elegido como presidenta de esta Comisi\u00f3n internacional a la espa\u00f1ola Manola Brunet, y como vicepresidenta a la chilena B\u00e1rbara Tapia. El proceso de elecci\u00f3n de ambas cient\u00edficas ha sido apoyado activamente por la Agencia\" \/>\n\t\t<meta name=\"twitter:image\" content=\"https:\/\/www.eldigitaldeasturias.com\/noticias\/wp-content\/uploads\/2020\/12\/EDA-1.jpg\" \/>\n\t\t<meta name=\"twitter:label1\" content=\"Escrito por\" \/>\n\t\t<meta name=\"twitter:data1\" content=\"El Digital de Asturias\" \/>\n\t\t<meta name=\"twitter:label2\" content=\"Tiempo de lectura estimado\" \/>\n\t\t<meta name=\"twitter:data2\" content=\"3 minutos\" \/>\n\t\t<script type=\"application\/ld+json\" class=\"aioseo-schema\">\n\t\t\t{\"@context\":\"https:\\\/\\\/schema.org\",\"@graph\":[{\"@type\":\"BlogPosting\",\"@id\":\"https:\\\/\\\/www.eldigitaldeasturias.com\\\/noticias\\\/manola-brunet-nombrada-presidenta-de-la-comision-internacional-de-climatologia\\\/#blogposting\",\"name\":\"Manola Brunet nombrada presidenta de la Comisi\\u00f3n internacional de Climatolog\\u00eda - El Digital de Asturias\",\"headline\":\"Manola Brunet nombrada presidenta de la Comisi\\u00f3n internacional de Climatolog\\u00eda\",\"author\":{\"@id\":\"https:\\\/\\\/www.eldigitaldeasturias.com\\\/noticias\\\/author\\\/admin\\\/#author\"},\"publisher\":{\"@id\":\"https:\\\/\\\/www.eldigitaldeasturias.com\\\/noticias\\\/#organization\"},\"image\":{\"@type\":\"ImageObject\",\"url\":976501},\"datePublished\":\"2018-04-18T16:27:12+02:00\",\"dateModified\":\"2018-04-18T16:27:12+02:00\",\"inLanguage\":\"es-ES\",\"mainEntityOfPage\":{\"@id\":\"https:\\\/\\\/www.eldigitaldeasturias.com\\\/noticias\\\/manola-brunet-nombrada-presidenta-de-la-comision-internacional-de-climatologia\\\/#webpage\"},\"isPartOf\":{\"@id\":\"https:\\\/\\\/www.eldigitaldeasturias.com\\\/noticias\\\/manola-brunet-nombrada-presidenta-de-la-comision-internacional-de-climatologia\\\/#webpage\"},\"articleSection\":\"Actualidad\"},{\"@type\":\"BreadcrumbList\",\"@id\":\"https:\\\/\\\/www.eldigitaldeasturias.com\\\/noticias\\\/manola-brunet-nombrada-presidenta-de-la-comision-internacional-de-climatologia\\\/#breadcrumblist\",\"itemListElement\":[{\"@type\":\"ListItem\",\"@id\":\"https:\\\/\\\/www.eldigitaldeasturias.com\\\/noticias#listItem\",\"position\":1,\"name\":\"Home\",\"item\":\"https:\\\/\\\/www.eldigitaldeasturias.com\\\/noticias\",\"nextItem\":{\"@type\":\"ListItem\",\"@id\":\"https:\\\/\\\/www.eldigitaldeasturias.com\\\/noticias\\\/category\\\/actualidad\\\/#listItem\",\"name\":\"Actualidad\"}},{\"@type\":\"ListItem\",\"@id\":\"https:\\\/\\\/www.eldigitaldeasturias.com\\\/noticias\\\/category\\\/actualidad\\\/#listItem\",\"position\":2,\"name\":\"Actualidad\",\"item\":\"https:\\\/\\\/www.eldigitaldeasturias.com\\\/noticias\\\/category\\\/actualidad\\\/\",\"nextItem\":{\"@type\":\"ListItem\",\"@id\":\"https:\\\/\\\/www.eldigitaldeasturias.com\\\/noticias\\\/manola-brunet-nombrada-presidenta-de-la-comision-internacional-de-climatologia\\\/#listItem\",\"name\":\"Manola Brunet nombrada presidenta de la Comisi\\u00f3n internacional de Climatolog\\u00eda\"},\"previousItem\":{\"@type\":\"ListItem\",\"@id\":\"https:\\\/\\\/www.eldigitaldeasturias.com\\\/noticias#listItem\",\"name\":\"Home\"}},{\"@type\":\"ListItem\",\"@id\":\"https:\\\/\\\/www.eldigitaldeasturias.com\\\/noticias\\\/manola-brunet-nombrada-presidenta-de-la-comision-internacional-de-climatologia\\\/#listItem\",\"position\":3,\"name\":\"Manola Brunet nombrada presidenta de la Comisi\\u00f3n internacional de Climatolog\\u00eda\",\"previousItem\":{\"@type\":\"ListItem\",\"@id\":\"https:\\\/\\\/www.eldigitaldeasturias.com\\\/noticias\\\/category\\\/actualidad\\\/#listItem\",\"name\":\"Actualidad\"}}]},{\"@type\":\"Organization\",\"@id\":\"https:\\\/\\\/www.eldigitaldeasturias.com\\\/noticias\\\/#organization\",\"name\":\"El Digital de Asturias\",\"description\":\"Hemeroteca\",\"url\":\"https:\\\/\\\/www.eldigitaldeasturias.com\\\/noticias\\\/\",\"email\":\"info@eldigitaldeasturias.com\",\"telephone\":\"+34652131393\",\"logo\":{\"@type\":\"ImageObject\",\"url\":\"https:\\\/\\\/www.eldigitaldeasturias.com\\\/noticias\\\/wp-content\\\/uploads\\\/2020\\\/12\\\/EDA.jpg\",\"@id\":\"https:\\\/\\\/www.eldigitaldeasturias.com\\\/noticias\\\/manola-brunet-nombrada-presidenta-de-la-comision-internacional-de-climatologia\\\/#organizationLogo\"},\"image\":{\"@id\":\"https:\\\/\\\/www.eldigitaldeasturias.com\\\/noticias\\\/manola-brunet-nombrada-presidenta-de-la-comision-internacional-de-climatologia\\\/#organizationLogo\"},\"sameAs\":[\"https:\\\/\\\/facebook.com\\\/eldigitaldeasturias\",\"https:\\\/\\\/www.youtube.com\\\/channel\\\/UCZP-2wLEB9Rv6erhFmqVnvg\"],\"address\":{\"@id\":\"https:\\\/\\\/www.eldigitaldeasturias.com\\\/noticias\\\/#postaladdress\",\"@type\":\"PostalAddress\",\"streetAddress\":\"san antonio 4\",\"postalCode\":\"33430\",\"addressLocality\":\"Cand\\u00e1s\",\"addressRegion\":\"Asturias\",\"addressCountry\":\"ES\"}},{\"@type\":\"Person\",\"@id\":\"https:\\\/\\\/www.eldigitaldeasturias.com\\\/noticias\\\/author\\\/admin\\\/#author\",\"url\":\"https:\\\/\\\/www.eldigitaldeasturias.com\\\/noticias\\\/author\\\/admin\\\/\",\"name\":\"El Digital de Asturias\",\"image\":{\"@type\":\"ImageObject\",\"@id\":\"https:\\\/\\\/www.eldigitaldeasturias.com\\\/noticias\\\/manola-brunet-nombrada-presidenta-de-la-comision-internacional-de-climatologia\\\/#authorImage\",\"url\":\"https:\\\/\\\/secure.gravatar.com\\\/avatar\\\/df2aeffc32bcd13f8d26072ef8a91b623d677766deac7f97ca815868cd41bf5e?s=96&d=mm&r=g\",\"width\":96,\"height\":96,\"caption\":\"El Digital de Asturias\"}},{\"@type\":\"WebPage\",\"@id\":\"https:\\\/\\\/www.eldigitaldeasturias.com\\\/noticias\\\/manola-brunet-nombrada-presidenta-de-la-comision-internacional-de-climatologia\\\/#webpage\",\"url\":\"https:\\\/\\\/www.eldigitaldeasturias.com\\\/noticias\\\/manola-brunet-nombrada-presidenta-de-la-comision-internacional-de-climatologia\\\/\",\"name\":\"Manola Brunet nombrada presidenta de la Comisi\\u00f3n internacional de Climatolog\\u00eda - El Digital de Asturias\",\"description\":\"La 17\\u00aa Conferencia de la Comisi\\u00f3n de Climatolog\\u00eda (CCl) de la Organizaci\\u00f3n Meteorol\\u00f3gica Mundial (OMM), celebrada recientemente en Ginebra (Suiza), ha elegido como presidenta de esta Comisi\\u00f3n internacional a la espa\\u00f1ola Manola Brunet, y como vicepresidenta a la chilena B\\u00e1rbara Tapia. El proceso de elecci\\u00f3n de ambas cient\\u00edficas ha sido apoyado activamente por la Agencia\",\"inLanguage\":\"es-ES\",\"isPartOf\":{\"@id\":\"https:\\\/\\\/www.eldigitaldeasturias.com\\\/noticias\\\/#website\"},\"breadcrumb\":{\"@id\":\"https:\\\/\\\/www.eldigitaldeasturias.com\\\/noticias\\\/manola-brunet-nombrada-presidenta-de-la-comision-internacional-de-climatologia\\\/#breadcrumblist\"},\"author\":{\"@id\":\"https:\\\/\\\/www.eldigitaldeasturias.com\\\/noticias\\\/author\\\/admin\\\/#author\"},\"creator\":{\"@id\":\"https:\\\/\\\/www.eldigitaldeasturias.com\\\/noticias\\\/author\\\/admin\\\/#author\"},\"image\":{\"@type\":\"ImageObject\",\"url\":976501,\"@id\":\"https:\\\/\\\/www.eldigitaldeasturias.com\\\/noticias\\\/manola-brunet-nombrada-presidenta-de-la-comision-internacional-de-climatologia\\\/#mainImage\"},\"primaryImageOfPage\":{\"@id\":\"https:\\\/\\\/www.eldigitaldeasturias.com\\\/noticias\\\/manola-brunet-nombrada-presidenta-de-la-comision-internacional-de-climatologia\\\/#mainImage\"},\"datePublished\":\"2018-04-18T16:27:12+02:00\",\"dateModified\":\"2018-04-18T16:27:12+02:00\"},{\"@type\":\"WebSite\",\"@id\":\"https:\\\/\\\/www.eldigitaldeasturias.com\\\/noticias\\\/#website\",\"url\":\"https:\\\/\\\/www.eldigitaldeasturias.com\\\/noticias\\\/\",\"name\":\"El Digital de Asturias - Diario de actualidad y noticias\",\"alternateName\":\"El Digital de Asturias - Diario de actualidad y noticias\",\"description\":\"Hemeroteca\",\"inLanguage\":\"es-ES\",\"publisher\":{\"@id\":\"https:\\\/\\\/www.eldigitaldeasturias.com\\\/noticias\\\/#organization\"}}]}\n\t\t<\/script>\n\t\t<!-- All in One SEO Pro -->\r\n\t\t<title>Manola Brunet nombrada presidenta de la Comisi\u00f3n internacional de Climatolog\u00eda - El Digital de Asturias<\/title>\n\n","aioseo_head_json":{"title":"Manola Brunet nombrada presidenta de la Comisi\u00f3n internacional de Climatolog\u00eda - El Digital de Asturias","description":"La 17\u00aa Conferencia de la Comisi\u00f3n de Climatolog\u00eda (CCl) de la Organizaci\u00f3n Meteorol\u00f3gica Mundial (OMM), celebrada recientemente en Ginebra (Suiza), ha elegido como presidenta de esta Comisi\u00f3n internacional a la espa\u00f1ola Manola Brunet, y como vicepresidenta a la chilena B\u00e1rbara Tapia. El proceso de elecci\u00f3n de ambas cient\u00edficas ha sido apoyado activamente por la Agencia","canonical_url":"https:\/\/www.eldigitaldeasturias.com\/noticias\/manola-brunet-nombrada-presidenta-de-la-comision-internacional-de-climatologia\/","robots":"max-image-preview:large","keywords":"actualidad","webmasterTools":{"google-site-verification":"UA-38556648-1","msvalidate.01":"7dfe9f3f1b24437ab69f4f2559babe99","miscellaneous":""},"schema":{"@context":"https:\/\/schema.org","@graph":[{"@type":"BlogPosting","@id":"https:\/\/www.eldigitaldeasturias.com\/noticias\/manola-brunet-nombrada-presidenta-de-la-comision-internacional-de-climatologia\/#blogposting","name":"Manola Brunet nombrada presidenta de la Comisi\u00f3n internacional de Climatolog\u00eda - El Digital de Asturias","headline":"Manola Brunet nombrada presidenta de la Comisi\u00f3n internacional de Climatolog\u00eda","author":{"@id":"https:\/\/www.eldigitaldeasturias.com\/noticias\/author\/admin\/#author"},"publisher":{"@id":"https:\/\/www.eldigitaldeasturias.com\/noticias\/#organization"},"image":{"@type":"ImageObject","url":976501},"datePublished":"2018-04-18T16:27:12+02:00","dateModified":"2018-04-18T16:27:12+02:00","inLanguage":"es-ES","mainEntityOfPage":{"@id":"https:\/\/www.eldigitaldeasturias.com\/noticias\/manola-brunet-nombrada-presidenta-de-la-comision-internacional-de-climatologia\/#webpage"},"isPartOf":{"@id":"https:\/\/www.eldigitaldeasturias.com\/noticias\/manola-brunet-nombrada-presidenta-de-la-comision-internacional-de-climatologia\/#webpage"},"articleSection":"Actualidad"},{"@type":"BreadcrumbList","@id":"https:\/\/www.eldigitaldeasturias.com\/noticias\/manola-brunet-nombrada-presidenta-de-la-comision-internacional-de-climatologia\/#breadcrumblist","itemListElement":[{"@type":"ListItem","@id":"https:\/\/www.eldigitaldeasturias.com\/noticias#listItem","position":1,"name":"Home","item":"https:\/\/www.eldigitaldeasturias.com\/noticias","nextItem":{"@type":"ListItem","@id":"https:\/\/www.eldigitaldeasturias.com\/noticias\/category\/actualidad\/#listItem","name":"Actualidad"}},{"@type":"ListItem","@id":"https:\/\/www.eldigitaldeasturias.com\/noticias\/category\/actualidad\/#listItem","position":2,"name":"Actualidad","item":"https:\/\/www.eldigitaldeasturias.com\/noticias\/category\/actualidad\/","nextItem":{"@type":"ListItem","@id":"https:\/\/www.eldigitaldeasturias.com\/noticias\/manola-brunet-nombrada-presidenta-de-la-comision-internacional-de-climatologia\/#listItem","name":"Manola Brunet nombrada presidenta de la Comisi\u00f3n internacional de Climatolog\u00eda"},"previousItem":{"@type":"ListItem","@id":"https:\/\/www.eldigitaldeasturias.com\/noticias#listItem","name":"Home"}},{"@type":"ListItem","@id":"https:\/\/www.eldigitaldeasturias.com\/noticias\/manola-brunet-nombrada-presidenta-de-la-comision-internacional-de-climatologia\/#listItem","position":3,"name":"Manola Brunet nombrada presidenta de la Comisi\u00f3n internacional de Climatolog\u00eda","previousItem":{"@type":"ListItem","@id":"https:\/\/www.eldigitaldeasturias.com\/noticias\/category\/actualidad\/#listItem","name":"Actualidad"}}]},{"@type":"Organization","@id":"https:\/\/www.eldigitaldeasturias.com\/noticias\/#organization","name":"El Digital de Asturias","description":"Hemeroteca","url":"https:\/\/www.eldigitaldeasturias.com\/noticias\/","email":"info@eldigitaldeasturias.com","telephone":"+34652131393","logo":{"@type":"ImageObject","url":"https:\/\/www.eldigitaldeasturias.com\/noticias\/wp-content\/uploads\/2020\/12\/EDA.jpg","@id":"https:\/\/www.eldigitaldeasturias.com\/noticias\/manola-brunet-nombrada-presidenta-de-la-comision-internacional-de-climatologia\/#organizationLogo"},"image":{"@id":"https:\/\/www.eldigitaldeasturias.com\/noticias\/manola-brunet-nombrada-presidenta-de-la-comision-internacional-de-climatologia\/#organizationLogo"},"sameAs":["https:\/\/facebook.com\/eldigitaldeasturias","https:\/\/www.youtube.com\/channel\/UCZP-2wLEB9Rv6erhFmqVnvg"],"address":{"@id":"https:\/\/www.eldigitaldeasturias.com\/noticias\/#postaladdress","@type":"PostalAddress","streetAddress":"san antonio 4","postalCode":"33430","addressLocality":"Cand\u00e1s","addressRegion":"Asturias","addressCountry":"ES"}},{"@type":"Person","@id":"https:\/\/www.eldigitaldeasturias.com\/noticias\/author\/admin\/#author","url":"https:\/\/www.eldigitaldeasturias.com\/noticias\/author\/admin\/","name":"El Digital de Asturias","image":{"@type":"ImageObject","@id":"https:\/\/www.eldigitaldeasturias.com\/noticias\/manola-brunet-nombrada-presidenta-de-la-comision-internacional-de-climatologia\/#authorImage","url":"https:\/\/secure.gravatar.com\/avatar\/df2aeffc32bcd13f8d26072ef8a91b623d677766deac7f97ca815868cd41bf5e?s=96&d=mm&r=g","width":96,"height":96,"caption":"El Digital de Asturias"}},{"@type":"WebPage","@id":"https:\/\/www.eldigitaldeasturias.com\/noticias\/manola-brunet-nombrada-presidenta-de-la-comision-internacional-de-climatologia\/#webpage","url":"https:\/\/www.eldigitaldeasturias.com\/noticias\/manola-brunet-nombrada-presidenta-de-la-comision-internacional-de-climatologia\/","name":"Manola Brunet nombrada presidenta de la Comisi\u00f3n internacional de Climatolog\u00eda - El Digital de Asturias","description":"La 17\u00aa Conferencia de la Comisi\u00f3n de Climatolog\u00eda (CCl) de la Organizaci\u00f3n Meteorol\u00f3gica Mundial (OMM), celebrada recientemente en Ginebra (Suiza), ha elegido como presidenta de esta Comisi\u00f3n internacional a la espa\u00f1ola Manola Brunet, y como vicepresidenta a la chilena B\u00e1rbara Tapia. El proceso de elecci\u00f3n de ambas cient\u00edficas ha sido apoyado activamente por la Agencia","inLanguage":"es-ES","isPartOf":{"@id":"https:\/\/www.eldigitaldeasturias.com\/noticias\/#website"},"breadcrumb":{"@id":"https:\/\/www.eldigitaldeasturias.com\/noticias\/manola-brunet-nombrada-presidenta-de-la-comision-internacional-de-climatologia\/#breadcrumblist"},"author":{"@id":"https:\/\/www.eldigitaldeasturias.com\/noticias\/author\/admin\/#author"},"creator":{"@id":"https:\/\/www.eldigitaldeasturias.com\/noticias\/author\/admin\/#author"},"image":{"@type":"ImageObject","url":976501,"@id":"https:\/\/www.eldigitaldeasturias.com\/noticias\/manola-brunet-nombrada-presidenta-de-la-comision-internacional-de-climatologia\/#mainImage"},"primaryImageOfPage":{"@id":"https:\/\/www.eldigitaldeasturias.com\/noticias\/manola-brunet-nombrada-presidenta-de-la-comision-internacional-de-climatologia\/#mainImage"},"datePublished":"2018-04-18T16:27:12+02:00","dateModified":"2018-04-18T16:27:12+02:00"},{"@type":"WebSite","@id":"https:\/\/www.eldigitaldeasturias.com\/noticias\/#website","url":"https:\/\/www.eldigitaldeasturias.com\/noticias\/","name":"El Digital de Asturias - Diario de actualidad y noticias","alternateName":"El Digital de Asturias - Diario de actualidad y noticias","description":"Hemeroteca","inLanguage":"es-ES","publisher":{"@id":"https:\/\/www.eldigitaldeasturias.com\/noticias\/#organization"}}]},"og:locale":"es_ES","og:site_name":"El Digital de Asturias","og:type":"article","og:title":"Manola Brunet nombrada presidenta de la Comisi\u00f3n internacional de Climatolog\u00eda - El Digital de Asturias","og:description":"La 17\u00aa Conferencia de la Comisi\u00f3n de Climatolog\u00eda (CCl) de la Organizaci\u00f3n Meteorol\u00f3gica Mundial (OMM), celebrada recientemente en Ginebra (Suiza), ha elegido como presidenta de esta Comisi\u00f3n internacional a la espa\u00f1ola Manola Brunet, y como vicepresidenta a la chilena B\u00e1rbara Tapia. El proceso de elecci\u00f3n de ambas cient\u00edficas ha sido apoyado activamente por la Agencia","og:url":"https:\/\/www.eldigitaldeasturias.com\/noticias\/manola-brunet-nombrada-presidenta-de-la-comision-internacional-de-climatologia\/","article:tag":["actualidad"],"article:published_time":"2018-04-18T16:27:12+00:00","article:modified_time":"2018-04-18T16:27:12+00:00","article:publisher":"https:\/\/facebook.com\/eldigitaldeasturias","twitter:card":"summary_large_image","twitter:title":"Manola Brunet nombrada presidenta de la Comisi\u00f3n internacional de Climatolog\u00eda - El Digital de Asturias","twitter:description":"La 17\u00aa Conferencia de la Comisi\u00f3n de Climatolog\u00eda (CCl) de la Organizaci\u00f3n Meteorol\u00f3gica Mundial (OMM), celebrada recientemente en Ginebra (Suiza), ha elegido como presidenta de esta Comisi\u00f3n internacional a la espa\u00f1ola Manola Brunet, y como vicepresidenta a la chilena B\u00e1rbara Tapia. El proceso de elecci\u00f3n de ambas cient\u00edficas ha sido apoyado activamente por la Agencia","twitter:image":"https:\/\/www.eldigitaldeasturias.com\/noticias\/wp-content\/uploads\/2020\/12\/EDA-1.jpg","twitter:label1":"Escrito por","twitter:data1":"El Digital de Asturias","twitter:label2":"Tiempo de lectura estimado","twitter:data2":"3 minutos"},"aioseo_meta_data":{"post_id":"976500","title":null,"description":null,"keywords":null,"keyphrases":null,"primary_term":null,"canonical_url":null,"og_title":null,"og_description":null,"og_object_type":"default","og_image_type":"default","og_image_url":null,"og_image_width":null,"og_image_height":null,"og_image_custom_url":null,"og_image_custom_fields":null,"og_video":null,"og_custom_url":null,"og_article_section":null,"og_article_tags":null,"twitter_use_og":false,"twitter_card":"default","twitter_image_type":"default","twitter_image_url":null,"twitter_image_custom_url":null,"twitter_image_custom_fields":null,"twitter_title":null,"twitter_description":null,"schema":{"blockGraphs":[],"customGraphs":[],"default":{"data":{"Article":[],"Course":[],"Dataset":[],"FAQPage":[],"Movie":[],"Person":[],"Product":[],"ProductReview":[],"Car":[],"Recipe":[],"Service":[],"SoftwareApplication":[],"WebPage":[]},"graphName":"","isEnabled":true},"graphs":[],"defaultGraph":"","defaultPostTypeGraph":""},"schema_type":null,"schema_type_options":null,"pillar_content":false,"robots_default":true,"robots_noindex":false,"robots_noarchive":false,"robots_nosnippet":false,"robots_nofollow":false,"robots_noimageindex":false,"robots_noodp":false,"robots_notranslate":false,"robots_max_snippet":null,"robots_max_videopreview":null,"robots_max_imagepreview":"large","priority":null,"frequency":null,"local_seo":null,"seo_analyzer_scan_date":"2025-10-08 04:04:11","breadcrumb_settings":null,"limit_modified_date":false,"open_ai":null,"ai":null,"created":"2020-12-21 12:07:38","updated":"2025-10-08 04:04:11","focus_keyword":null,"additional_keywords":null,"truseo_locale":null},"aioseo_breadcrumb":"<div class=\"aioseo-breadcrumbs\"><span class=\"aioseo-breadcrumb\">\n\t<a href=\"https:\/\/www.eldigitaldeasturias.com\/noticias\" title=\"Home\">Home<\/a>\n<\/span><span class=\"aioseo-breadcrumb-separator\">\u2013<\/span><span class=\"aioseo-breadcrumb\">\n\t<a href=\"https:\/\/www.eldigitaldeasturias.com\/noticias\/category\/actualidad\/\" title=\"Actualidad\">Actualidad<\/a>\n<\/span><span class=\"aioseo-breadcrumb-separator\">\u2013<\/span><span class=\"aioseo-breadcrumb\">\n\t<a href=\"https:\/\/www.eldigitaldeasturias.com\/noticias\/manola-brunet-nombrada-presidenta-de-la-comision-internacional-de-climatologia\/\" title=\"Manola Brunet nombrada presidenta de la Comisi\u00f3n internacional de Climatolog\u00eda\">Manola Brunet nombrada presidenta de la Comisi\u00f3n internacional de Climatolog\u00eda<\/a>\n<\/span><\/div>","aioseo_breadcrumb_json":[{"label":"Home","link":"https:\/\/www.eldigitaldeasturias.com\/noticias"},{"label":"Actualidad","link":"https:\/\/www.eldigitaldeasturias.com\/noticias\/category\/actualidad\/"},{"label":"Manola Brunet nombrada presidenta de la Comisi\u00f3n internacional de Climatolog\u00eda","link":"https:\/\/www.eldigitaldeasturias.com\/noticias\/manola-brunet-nombrada-presidenta-de-la-comision-internacional-de-climatologia\/"}],"_links":{"self":[{"href":"https:\/\/www.eldigitaldeasturias.com\/noticias\/wp-json\/wp\/v2\/posts\/976500","targetHints":{"allow":["GET"]}}],"collection":[{"href":"https:\/\/www.eldigitaldeasturias.com\/noticias\/wp-json\/wp\/v2\/posts"}],"about":[{"href":"https:\/\/www.eldigitaldeasturias.com\/noticias\/wp-json\/wp\/v2\/types\/post"}],"author":[{"embeddable":true,"href":"https:\/\/www.eldigitaldeasturias.com\/noticias\/wp-json\/wp\/v2\/users\/1"}],"replies":[{"embeddable":true,"href":"https:\/\/www.eldigitaldeasturias.com\/noticias\/wp-json\/wp\/v2\/comments?post=976500"}],"version-history":[{"count":0,"href":"https:\/\/www.eldigitaldeasturias.com\/noticias\/wp-json\/wp\/v2\/posts\/976500\/revisions"}],"wp:attachment":[{"href":"https:\/\/www.eldigitaldeasturias.com\/noticias\/wp-json\/wp\/v2\/media?parent=976500"}],"wp:term":[{"taxonomy":"category","embeddable":true,"href":"https:\/\/www.eldigitaldeasturias.com\/noticias\/wp-json\/wp\/v2\/categories?post=976500"},{"taxonomy":"post_tag","embeddable":true,"href":"https:\/\/www.eldigitaldeasturias.com\/noticias\/wp-json\/wp\/v2\/tags?post=976500"}],"curies":[{"name":"wp","href":"https:\/\/api.w.org\/{rel}","templated":true}]}}