{"id":976497,"date":"2018-04-18T16:25:04","date_gmt":"2018-04-18T16:25:04","guid":{"rendered":"http:\/\/www.eldigitaldeasturias.com\/noticias\/?p=976497"},"modified":"2018-04-18T16:25:04","modified_gmt":"2018-04-18T16:25:04","slug":"los-farmaceuticos-se-suman-a-la-lucha-contra-la-violencia-de-genero","status":"publish","type":"post","link":"https:\/\/www.eldigitaldeasturias.com\/noticias\/los-farmaceuticos-se-suman-a-la-lucha-contra-la-violencia-de-genero\/","title":{"rendered":"Los farmac\u00e9uticos se suman a la lucha contra la violencia de g\u00e9nero"},"content":{"rendered":"<p><img loading=\"lazy\" decoding=\"async\" class=\"alignleft size-medium wp-image-976498\" src=\"https:\/\/www.eldigitaldeasturias.com\/noticias\/wp-content\/uploads\/2018\/04\/180418Conv_farmacia-360x239.jpg\" alt=\"\" width=\"360\" height=\"239\" \/>La ministra de Sanidad Servicios Sociales e Igualdad, Dolors Montserrat, ha manifestado en la firma del convenio de colaboraci\u00f3n con el Consejo General de Colegios Oficiales de Farmac\u00e9uticos que las farmacias y los farmac\u00e9uticos son fundamentales en la lucha contra la violencia de g\u00e9nero.<\/p>\n<p>Durante la firma de este convenio para que los profesionales de la farmacia puedan informar y detectar casos de violencia de g\u00e9nero, la ministra ha dicho que \u00abcon este convenio, en el que colabor\u00e1is voluntariamente las oficinas de farmacias, damos un paso en la lucha contra la violencia de g\u00e9nero y se da cumplimiento a las medidas 27 y 157 del Pacto de Estado\u00bb.<\/p>\n<p>Estas medidas, ha recordado, recogen que se realizar\u00e1n campa\u00f1as de concienciaci\u00f3n social a trav\u00e9s de las Oficinas de Farmacia, se formar\u00e1 a los profesionales farmac\u00e9uticos en materia de violencia contra la mujer y se elaborar\u00e1 y difundir\u00e1 un Protocolo de Actuaci\u00f3n para el personal farmac\u00e9utico, con el fin de que puedan apoyar y acompa\u00f1ar a las mujeres v\u00edctimas de violencia de g\u00e9nero y actuar ante un posible caso.<\/p>\n<p>\u00abLas farmacias y los farmac\u00e9uticos lleg\u00e1is a todos los rincones y ten\u00e9is cercan\u00eda, proximidad y confianza con las personas que atend\u00e9is, por lo que las v\u00edctimas pueden sentirse c\u00f3modas para expresar lo que est\u00e1n sufriendo y dar el primer paso para salir de la violencia. Con este convenio m\u00e1s de 22.000 oficinas de farmacia se convierten en agentes activos por una Espa\u00f1a libre de violencia contra las mujeres\u00bb.<\/p>\n<p>La ministra ha agradecido a la profesi\u00f3n farmac\u00e9utica su implicaci\u00f3n en la lucha contra la violencia de g\u00e9nero y ha reiterado que \u00abesta lucha es una lucha de toda la sociedad\u00bb y ha recordado a las mujeres v\u00edctimas que no est\u00e1n solas y que hay salida.<\/p>\n","protected":false},"excerpt":{"rendered":"<p>La ministra de Sanidad Servicios Sociales e Igualdad, Dolors Montserrat, ha manifestado en la firma del convenio de colaboraci\u00f3n con el Consejo General de Colegios Oficiales de Farmac\u00e9uticos que las farmacias y los farmac\u00e9uticos son fundamentales en la lucha contra la violencia de g\u00e9nero. Durante la firma de este convenio para que los profesionales de [&hellip;]<\/p>\n","protected":false},"author":1,"featured_media":976498,"comment_status":"closed","ping_status":"closed","sticky":false,"template":"","format":"standard","meta":{"footnotes":""},"categories":[1],"tags":[],"class_list":["post-976497","post","type-post","status-publish","format-standard","has-post-thumbnail","hentry","category-actualidad"],"aioseo_notices":[],"aioseo_head":"\n\t\t<!-- All in One SEO Pro 5.0.1 - aioseo.com -->\n\t<meta name=\"description\" content=\"La ministra de Sanidad Servicios Sociales e Igualdad, Dolors Montserrat, ha manifestado en la firma del convenio de colaboraci\u00f3n con el Consejo General de Colegios Oficiales de Farmac\u00e9uticos que las farmacias y los farmac\u00e9uticos son fundamentales en la lucha contra la violencia de g\u00e9nero. Durante la firma de este convenio para que los profesionales de\" \/>\n\t<meta name=\"robots\" content=\"max-image-preview:large\" \/>\n\t<meta name=\"author\" content=\"El Digital de Asturias\"\/>\n\t<meta name=\"google-site-verification\" content=\"UA-38556648-1\" \/>\n\t<meta name=\"msvalidate.01\" content=\"7dfe9f3f1b24437ab69f4f2559babe99\" \/>\n\t<meta name=\"keywords\" content=\"actualidad\" \/>\n\t<link rel=\"canonical\" href=\"https:\/\/www.eldigitaldeasturias.com\/noticias\/los-farmaceuticos-se-suman-a-la-lucha-contra-la-violencia-de-genero\/\" \/>\n\t<meta name=\"generator\" content=\"All in One SEO Pro (AIOSEO) 5.0.1\" \/>\n\t\t<meta property=\"og:locale\" content=\"es_ES\" \/>\n\t\t<meta property=\"og:site_name\" content=\"El Digital de Asturias\" \/>\n\t\t<meta property=\"og:type\" content=\"article\" \/>\n\t\t<meta property=\"og:title\" content=\"Los farmac\u00e9uticos se suman a la lucha contra la violencia de g\u00e9nero - El Digital de Asturias\" \/>\n\t\t<meta property=\"og:description\" content=\"La ministra de Sanidad Servicios Sociales e Igualdad, Dolors Montserrat, ha manifestado en la firma del convenio de colaboraci\u00f3n con el Consejo General de Colegios Oficiales de Farmac\u00e9uticos que las farmacias y los farmac\u00e9uticos son fundamentales en la lucha contra la violencia de g\u00e9nero. Durante la firma de este convenio para que los profesionales de\" \/>\n\t\t<meta property=\"og:url\" content=\"https:\/\/www.eldigitaldeasturias.com\/noticias\/los-farmaceuticos-se-suman-a-la-lucha-contra-la-violencia-de-genero\/\" \/>\n\t\t<meta property=\"article:tag\" content=\"actualidad\" \/>\n\t\t<meta property=\"article:published_time\" content=\"2018-04-18T16:25:04+00:00\" \/>\n\t\t<meta property=\"article:modified_time\" content=\"2018-04-18T16:25:04+00:00\" \/>\n\t\t<meta property=\"article:publisher\" content=\"https:\/\/facebook.com\/eldigitaldeasturias\" \/>\n\t\t<meta name=\"twitter:card\" content=\"summary_large_image\" \/>\n\t\t<meta name=\"twitter:title\" content=\"Los farmac\u00e9uticos se suman a la lucha contra la violencia de g\u00e9nero - El Digital de Asturias\" \/>\n\t\t<meta name=\"twitter:description\" content=\"La ministra de Sanidad Servicios Sociales e Igualdad, Dolors Montserrat, ha manifestado en la firma del convenio de colaboraci\u00f3n con el Consejo General de Colegios Oficiales de Farmac\u00e9uticos que las farmacias y los farmac\u00e9uticos son fundamentales en la lucha contra la violencia de g\u00e9nero. Durante la firma de este convenio para que los profesionales de\" \/>\n\t\t<meta name=\"twitter:image\" content=\"https:\/\/www.eldigitaldeasturias.com\/noticias\/wp-content\/uploads\/2020\/12\/EDA-1.jpg\" \/>\n\t\t<meta name=\"twitter:label1\" content=\"Escrito por\" \/>\n\t\t<meta name=\"twitter:data1\" content=\"El Digital de Asturias\" \/>\n\t\t<meta name=\"twitter:label2\" content=\"Tiempo de lectura estimado\" \/>\n\t\t<meta name=\"twitter:data2\" content=\"2 minutos\" \/>\n\t\t<script type=\"application\/ld+json\" class=\"aioseo-schema\">\n\t\t\t{\"@context\":\"https:\\\/\\\/schema.org\",\"@graph\":[{\"@type\":\"BlogPosting\",\"@id\":\"https:\\\/\\\/www.eldigitaldeasturias.com\\\/noticias\\\/los-farmaceuticos-se-suman-a-la-lucha-contra-la-violencia-de-genero\\\/#blogposting\",\"name\":\"Los farmac\\u00e9uticos se suman a la lucha contra la violencia de g\\u00e9nero - El Digital de Asturias\",\"headline\":\"Los farmac\\u00e9uticos se suman a la lucha contra la violencia de g\\u00e9nero\",\"author\":{\"@id\":\"https:\\\/\\\/www.eldigitaldeasturias.com\\\/noticias\\\/author\\\/admin\\\/#author\"},\"publisher\":{\"@id\":\"https:\\\/\\\/www.eldigitaldeasturias.com\\\/noticias\\\/#organization\"},\"image\":{\"@type\":\"ImageObject\",\"url\":976498},\"datePublished\":\"2018-04-18T16:25:04+02:00\",\"dateModified\":\"2018-04-18T16:25:04+02:00\",\"inLanguage\":\"es-ES\",\"mainEntityOfPage\":{\"@id\":\"https:\\\/\\\/www.eldigitaldeasturias.com\\\/noticias\\\/los-farmaceuticos-se-suman-a-la-lucha-contra-la-violencia-de-genero\\\/#webpage\"},\"isPartOf\":{\"@id\":\"https:\\\/\\\/www.eldigitaldeasturias.com\\\/noticias\\\/los-farmaceuticos-se-suman-a-la-lucha-contra-la-violencia-de-genero\\\/#webpage\"},\"articleSection\":\"Actualidad\"},{\"@type\":\"BreadcrumbList\",\"@id\":\"https:\\\/\\\/www.eldigitaldeasturias.com\\\/noticias\\\/los-farmaceuticos-se-suman-a-la-lucha-contra-la-violencia-de-genero\\\/#breadcrumblist\",\"itemListElement\":[{\"@type\":\"ListItem\",\"@id\":\"https:\\\/\\\/www.eldigitaldeasturias.com\\\/noticias#listItem\",\"position\":1,\"name\":\"Home\",\"item\":\"https:\\\/\\\/www.eldigitaldeasturias.com\\\/noticias\",\"nextItem\":{\"@type\":\"ListItem\",\"@id\":\"https:\\\/\\\/www.eldigitaldeasturias.com\\\/noticias\\\/category\\\/actualidad\\\/#listItem\",\"name\":\"Actualidad\"}},{\"@type\":\"ListItem\",\"@id\":\"https:\\\/\\\/www.eldigitaldeasturias.com\\\/noticias\\\/category\\\/actualidad\\\/#listItem\",\"position\":2,\"name\":\"Actualidad\",\"item\":\"https:\\\/\\\/www.eldigitaldeasturias.com\\\/noticias\\\/category\\\/actualidad\\\/\",\"nextItem\":{\"@type\":\"ListItem\",\"@id\":\"https:\\\/\\\/www.eldigitaldeasturias.com\\\/noticias\\\/los-farmaceuticos-se-suman-a-la-lucha-contra-la-violencia-de-genero\\\/#listItem\",\"name\":\"Los farmac\\u00e9uticos se suman a la lucha contra la violencia de g\\u00e9nero\"},\"previousItem\":{\"@type\":\"ListItem\",\"@id\":\"https:\\\/\\\/www.eldigitaldeasturias.com\\\/noticias#listItem\",\"name\":\"Home\"}},{\"@type\":\"ListItem\",\"@id\":\"https:\\\/\\\/www.eldigitaldeasturias.com\\\/noticias\\\/los-farmaceuticos-se-suman-a-la-lucha-contra-la-violencia-de-genero\\\/#listItem\",\"position\":3,\"name\":\"Los farmac\\u00e9uticos se suman a la lucha contra la violencia de g\\u00e9nero\",\"previousItem\":{\"@type\":\"ListItem\",\"@id\":\"https:\\\/\\\/www.eldigitaldeasturias.com\\\/noticias\\\/category\\\/actualidad\\\/#listItem\",\"name\":\"Actualidad\"}}]},{\"@type\":\"Organization\",\"@id\":\"https:\\\/\\\/www.eldigitaldeasturias.com\\\/noticias\\\/#organization\",\"name\":\"El Digital de Asturias\",\"description\":\"Hemeroteca\",\"url\":\"https:\\\/\\\/www.eldigitaldeasturias.com\\\/noticias\\\/\",\"email\":\"info@eldigitaldeasturias.com\",\"telephone\":\"+34652131393\",\"logo\":{\"@type\":\"ImageObject\",\"url\":\"https:\\\/\\\/www.eldigitaldeasturias.com\\\/noticias\\\/wp-content\\\/uploads\\\/2020\\\/12\\\/EDA.jpg\",\"@id\":\"https:\\\/\\\/www.eldigitaldeasturias.com\\\/noticias\\\/los-farmaceuticos-se-suman-a-la-lucha-contra-la-violencia-de-genero\\\/#organizationLogo\"},\"image\":{\"@id\":\"https:\\\/\\\/www.eldigitaldeasturias.com\\\/noticias\\\/los-farmaceuticos-se-suman-a-la-lucha-contra-la-violencia-de-genero\\\/#organizationLogo\"},\"sameAs\":[\"https:\\\/\\\/facebook.com\\\/eldigitaldeasturias\",\"https:\\\/\\\/www.youtube.com\\\/channel\\\/UCZP-2wLEB9Rv6erhFmqVnvg\"],\"address\":{\"@id\":\"https:\\\/\\\/www.eldigitaldeasturias.com\\\/noticias\\\/#postaladdress\",\"@type\":\"PostalAddress\",\"streetAddress\":\"san antonio 4\",\"postalCode\":\"33430\",\"addressLocality\":\"Cand\\u00e1s\",\"addressRegion\":\"Asturias\",\"addressCountry\":\"ES\"}},{\"@type\":\"Person\",\"@id\":\"https:\\\/\\\/www.eldigitaldeasturias.com\\\/noticias\\\/author\\\/admin\\\/#author\",\"url\":\"https:\\\/\\\/www.eldigitaldeasturias.com\\\/noticias\\\/author\\\/admin\\\/\",\"name\":\"El Digital de Asturias\",\"image\":{\"@type\":\"ImageObject\",\"@id\":\"https:\\\/\\\/www.eldigitaldeasturias.com\\\/noticias\\\/los-farmaceuticos-se-suman-a-la-lucha-contra-la-violencia-de-genero\\\/#authorImage\",\"url\":\"https:\\\/\\\/secure.gravatar.com\\\/avatar\\\/df2aeffc32bcd13f8d26072ef8a91b623d677766deac7f97ca815868cd41bf5e?s=96&d=mm&r=g\",\"width\":96,\"height\":96,\"caption\":\"El Digital de Asturias\"}},{\"@type\":\"WebPage\",\"@id\":\"https:\\\/\\\/www.eldigitaldeasturias.com\\\/noticias\\\/los-farmaceuticos-se-suman-a-la-lucha-contra-la-violencia-de-genero\\\/#webpage\",\"url\":\"https:\\\/\\\/www.eldigitaldeasturias.com\\\/noticias\\\/los-farmaceuticos-se-suman-a-la-lucha-contra-la-violencia-de-genero\\\/\",\"name\":\"Los farmac\\u00e9uticos se suman a la lucha contra la violencia de g\\u00e9nero - El Digital de Asturias\",\"description\":\"La ministra de Sanidad Servicios Sociales e Igualdad, Dolors Montserrat, ha manifestado en la firma del convenio de colaboraci\\u00f3n con el Consejo General de Colegios Oficiales de Farmac\\u00e9uticos que las farmacias y los farmac\\u00e9uticos son fundamentales en la lucha contra la violencia de g\\u00e9nero. Durante la firma de este convenio para que los profesionales de\",\"inLanguage\":\"es-ES\",\"isPartOf\":{\"@id\":\"https:\\\/\\\/www.eldigitaldeasturias.com\\\/noticias\\\/#website\"},\"breadcrumb\":{\"@id\":\"https:\\\/\\\/www.eldigitaldeasturias.com\\\/noticias\\\/los-farmaceuticos-se-suman-a-la-lucha-contra-la-violencia-de-genero\\\/#breadcrumblist\"},\"author\":{\"@id\":\"https:\\\/\\\/www.eldigitaldeasturias.com\\\/noticias\\\/author\\\/admin\\\/#author\"},\"creator\":{\"@id\":\"https:\\\/\\\/www.eldigitaldeasturias.com\\\/noticias\\\/author\\\/admin\\\/#author\"},\"image\":{\"@type\":\"ImageObject\",\"url\":976498,\"@id\":\"https:\\\/\\\/www.eldigitaldeasturias.com\\\/noticias\\\/los-farmaceuticos-se-suman-a-la-lucha-contra-la-violencia-de-genero\\\/#mainImage\"},\"primaryImageOfPage\":{\"@id\":\"https:\\\/\\\/www.eldigitaldeasturias.com\\\/noticias\\\/los-farmaceuticos-se-suman-a-la-lucha-contra-la-violencia-de-genero\\\/#mainImage\"},\"datePublished\":\"2018-04-18T16:25:04+02:00\",\"dateModified\":\"2018-04-18T16:25:04+02:00\"},{\"@type\":\"WebSite\",\"@id\":\"https:\\\/\\\/www.eldigitaldeasturias.com\\\/noticias\\\/#website\",\"url\":\"https:\\\/\\\/www.eldigitaldeasturias.com\\\/noticias\\\/\",\"name\":\"El Digital de Asturias - Diario de actualidad y noticias\",\"alternateName\":\"El Digital de Asturias - Diario de actualidad y noticias\",\"description\":\"Hemeroteca\",\"inLanguage\":\"es-ES\",\"publisher\":{\"@id\":\"https:\\\/\\\/www.eldigitaldeasturias.com\\\/noticias\\\/#organization\"}}]}\n\t\t<\/script>\n\t\t<!-- All in One SEO Pro -->\r\n\t\t<title>Los farmac\u00e9uticos se suman a la lucha contra la violencia de g\u00e9nero - El Digital de Asturias<\/title>\n\n","aioseo_head_json":{"title":"Los farmac\u00e9uticos se suman a la lucha contra la violencia de g\u00e9nero - El Digital de Asturias","description":"La ministra de Sanidad Servicios Sociales e Igualdad, Dolors Montserrat, ha manifestado en la firma del convenio de colaboraci\u00f3n con el Consejo General de Colegios Oficiales de Farmac\u00e9uticos que las farmacias y los farmac\u00e9uticos son fundamentales en la lucha contra la violencia de g\u00e9nero. Durante la firma de este convenio para que los profesionales de","canonical_url":"https:\/\/www.eldigitaldeasturias.com\/noticias\/los-farmaceuticos-se-suman-a-la-lucha-contra-la-violencia-de-genero\/","robots":"max-image-preview:large","keywords":"actualidad","webmasterTools":{"google-site-verification":"UA-38556648-1","msvalidate.01":"7dfe9f3f1b24437ab69f4f2559babe99","miscellaneous":""},"schema":{"@context":"https:\/\/schema.org","@graph":[{"@type":"BlogPosting","@id":"https:\/\/www.eldigitaldeasturias.com\/noticias\/los-farmaceuticos-se-suman-a-la-lucha-contra-la-violencia-de-genero\/#blogposting","name":"Los farmac\u00e9uticos se suman a la lucha contra la violencia de g\u00e9nero - El Digital de Asturias","headline":"Los farmac\u00e9uticos se suman a la lucha contra la violencia de g\u00e9nero","author":{"@id":"https:\/\/www.eldigitaldeasturias.com\/noticias\/author\/admin\/#author"},"publisher":{"@id":"https:\/\/www.eldigitaldeasturias.com\/noticias\/#organization"},"image":{"@type":"ImageObject","url":976498},"datePublished":"2018-04-18T16:25:04+02:00","dateModified":"2018-04-18T16:25:04+02:00","inLanguage":"es-ES","mainEntityOfPage":{"@id":"https:\/\/www.eldigitaldeasturias.com\/noticias\/los-farmaceuticos-se-suman-a-la-lucha-contra-la-violencia-de-genero\/#webpage"},"isPartOf":{"@id":"https:\/\/www.eldigitaldeasturias.com\/noticias\/los-farmaceuticos-se-suman-a-la-lucha-contra-la-violencia-de-genero\/#webpage"},"articleSection":"Actualidad"},{"@type":"BreadcrumbList","@id":"https:\/\/www.eldigitaldeasturias.com\/noticias\/los-farmaceuticos-se-suman-a-la-lucha-contra-la-violencia-de-genero\/#breadcrumblist","itemListElement":[{"@type":"ListItem","@id":"https:\/\/www.eldigitaldeasturias.com\/noticias#listItem","position":1,"name":"Home","item":"https:\/\/www.eldigitaldeasturias.com\/noticias","nextItem":{"@type":"ListItem","@id":"https:\/\/www.eldigitaldeasturias.com\/noticias\/category\/actualidad\/#listItem","name":"Actualidad"}},{"@type":"ListItem","@id":"https:\/\/www.eldigitaldeasturias.com\/noticias\/category\/actualidad\/#listItem","position":2,"name":"Actualidad","item":"https:\/\/www.eldigitaldeasturias.com\/noticias\/category\/actualidad\/","nextItem":{"@type":"ListItem","@id":"https:\/\/www.eldigitaldeasturias.com\/noticias\/los-farmaceuticos-se-suman-a-la-lucha-contra-la-violencia-de-genero\/#listItem","name":"Los farmac\u00e9uticos se suman a la lucha contra la violencia de g\u00e9nero"},"previousItem":{"@type":"ListItem","@id":"https:\/\/www.eldigitaldeasturias.com\/noticias#listItem","name":"Home"}},{"@type":"ListItem","@id":"https:\/\/www.eldigitaldeasturias.com\/noticias\/los-farmaceuticos-se-suman-a-la-lucha-contra-la-violencia-de-genero\/#listItem","position":3,"name":"Los farmac\u00e9uticos se suman a la lucha contra la violencia de g\u00e9nero","previousItem":{"@type":"ListItem","@id":"https:\/\/www.eldigitaldeasturias.com\/noticias\/category\/actualidad\/#listItem","name":"Actualidad"}}]},{"@type":"Organization","@id":"https:\/\/www.eldigitaldeasturias.com\/noticias\/#organization","name":"El Digital de Asturias","description":"Hemeroteca","url":"https:\/\/www.eldigitaldeasturias.com\/noticias\/","email":"info@eldigitaldeasturias.com","telephone":"+34652131393","logo":{"@type":"ImageObject","url":"https:\/\/www.eldigitaldeasturias.com\/noticias\/wp-content\/uploads\/2020\/12\/EDA.jpg","@id":"https:\/\/www.eldigitaldeasturias.com\/noticias\/los-farmaceuticos-se-suman-a-la-lucha-contra-la-violencia-de-genero\/#organizationLogo"},"image":{"@id":"https:\/\/www.eldigitaldeasturias.com\/noticias\/los-farmaceuticos-se-suman-a-la-lucha-contra-la-violencia-de-genero\/#organizationLogo"},"sameAs":["https:\/\/facebook.com\/eldigitaldeasturias","https:\/\/www.youtube.com\/channel\/UCZP-2wLEB9Rv6erhFmqVnvg"],"address":{"@id":"https:\/\/www.eldigitaldeasturias.com\/noticias\/#postaladdress","@type":"PostalAddress","streetAddress":"san antonio 4","postalCode":"33430","addressLocality":"Cand\u00e1s","addressRegion":"Asturias","addressCountry":"ES"}},{"@type":"Person","@id":"https:\/\/www.eldigitaldeasturias.com\/noticias\/author\/admin\/#author","url":"https:\/\/www.eldigitaldeasturias.com\/noticias\/author\/admin\/","name":"El Digital de Asturias","image":{"@type":"ImageObject","@id":"https:\/\/www.eldigitaldeasturias.com\/noticias\/los-farmaceuticos-se-suman-a-la-lucha-contra-la-violencia-de-genero\/#authorImage","url":"https:\/\/secure.gravatar.com\/avatar\/df2aeffc32bcd13f8d26072ef8a91b623d677766deac7f97ca815868cd41bf5e?s=96&d=mm&r=g","width":96,"height":96,"caption":"El Digital de Asturias"}},{"@type":"WebPage","@id":"https:\/\/www.eldigitaldeasturias.com\/noticias\/los-farmaceuticos-se-suman-a-la-lucha-contra-la-violencia-de-genero\/#webpage","url":"https:\/\/www.eldigitaldeasturias.com\/noticias\/los-farmaceuticos-se-suman-a-la-lucha-contra-la-violencia-de-genero\/","name":"Los farmac\u00e9uticos se suman a la lucha contra la violencia de g\u00e9nero - El Digital de Asturias","description":"La ministra de Sanidad Servicios Sociales e Igualdad, Dolors Montserrat, ha manifestado en la firma del convenio de colaboraci\u00f3n con el Consejo General de Colegios Oficiales de Farmac\u00e9uticos que las farmacias y los farmac\u00e9uticos son fundamentales en la lucha contra la violencia de g\u00e9nero. Durante la firma de este convenio para que los profesionales de","inLanguage":"es-ES","isPartOf":{"@id":"https:\/\/www.eldigitaldeasturias.com\/noticias\/#website"},"breadcrumb":{"@id":"https:\/\/www.eldigitaldeasturias.com\/noticias\/los-farmaceuticos-se-suman-a-la-lucha-contra-la-violencia-de-genero\/#breadcrumblist"},"author":{"@id":"https:\/\/www.eldigitaldeasturias.com\/noticias\/author\/admin\/#author"},"creator":{"@id":"https:\/\/www.eldigitaldeasturias.com\/noticias\/author\/admin\/#author"},"image":{"@type":"ImageObject","url":976498,"@id":"https:\/\/www.eldigitaldeasturias.com\/noticias\/los-farmaceuticos-se-suman-a-la-lucha-contra-la-violencia-de-genero\/#mainImage"},"primaryImageOfPage":{"@id":"https:\/\/www.eldigitaldeasturias.com\/noticias\/los-farmaceuticos-se-suman-a-la-lucha-contra-la-violencia-de-genero\/#mainImage"},"datePublished":"2018-04-18T16:25:04+02:00","dateModified":"2018-04-18T16:25:04+02:00"},{"@type":"WebSite","@id":"https:\/\/www.eldigitaldeasturias.com\/noticias\/#website","url":"https:\/\/www.eldigitaldeasturias.com\/noticias\/","name":"El Digital de Asturias - Diario de actualidad y noticias","alternateName":"El Digital de Asturias - Diario de actualidad y noticias","description":"Hemeroteca","inLanguage":"es-ES","publisher":{"@id":"https:\/\/www.eldigitaldeasturias.com\/noticias\/#organization"}}]},"og:locale":"es_ES","og:site_name":"El Digital de Asturias","og:type":"article","og:title":"Los farmac\u00e9uticos se suman a la lucha contra la violencia de g\u00e9nero - El Digital de Asturias","og:description":"La ministra de Sanidad Servicios Sociales e Igualdad, Dolors Montserrat, ha manifestado en la firma del convenio de colaboraci\u00f3n con el Consejo General de Colegios Oficiales de Farmac\u00e9uticos que las farmacias y los farmac\u00e9uticos son fundamentales en la lucha contra la violencia de g\u00e9nero. Durante la firma de este convenio para que los profesionales de","og:url":"https:\/\/www.eldigitaldeasturias.com\/noticias\/los-farmaceuticos-se-suman-a-la-lucha-contra-la-violencia-de-genero\/","article:tag":["actualidad"],"article:published_time":"2018-04-18T16:25:04+00:00","article:modified_time":"2018-04-18T16:25:04+00:00","article:publisher":"https:\/\/facebook.com\/eldigitaldeasturias","twitter:card":"summary_large_image","twitter:title":"Los farmac\u00e9uticos se suman a la lucha contra la violencia de g\u00e9nero - El Digital de Asturias","twitter:description":"La ministra de Sanidad Servicios Sociales e Igualdad, Dolors Montserrat, ha manifestado en la firma del convenio de colaboraci\u00f3n con el Consejo General de Colegios Oficiales de Farmac\u00e9uticos que las farmacias y los farmac\u00e9uticos son fundamentales en la lucha contra la violencia de g\u00e9nero. Durante la firma de este convenio para que los profesionales de","twitter:image":"https:\/\/www.eldigitaldeasturias.com\/noticias\/wp-content\/uploads\/2020\/12\/EDA-1.jpg","twitter:label1":"Escrito por","twitter:data1":"El Digital de Asturias","twitter:label2":"Tiempo de lectura estimado","twitter:data2":"2 minutos"},"aioseo_meta_data":{"post_id":"976497","title":null,"description":null,"keywords":null,"keyphrases":null,"primary_term":null,"canonical_url":null,"og_title":null,"og_description":null,"og_object_type":"default","og_image_type":"default","og_image_url":null,"og_image_width":null,"og_image_height":null,"og_image_custom_url":null,"og_image_custom_fields":null,"og_video":null,"og_custom_url":null,"og_article_section":null,"og_article_tags":null,"twitter_use_og":false,"twitter_card":"default","twitter_image_type":"default","twitter_image_url":null,"twitter_image_custom_url":null,"twitter_image_custom_fields":null,"twitter_title":null,"twitter_description":null,"schema":{"blockGraphs":[],"customGraphs":[],"default":{"data":{"Article":[],"Course":[],"Dataset":[],"FAQPage":[],"Movie":[],"Person":[],"Product":[],"ProductReview":[],"Car":[],"Recipe":[],"Service":[],"SoftwareApplication":[],"WebPage":[]},"graphName":"","isEnabled":true},"graphs":[],"defaultGraph":"","defaultPostTypeGraph":""},"schema_type":null,"schema_type_options":null,"pillar_content":false,"robots_default":true,"robots_noindex":false,"robots_noarchive":false,"robots_nosnippet":false,"robots_nofollow":false,"robots_noimageindex":false,"robots_noodp":false,"robots_notranslate":false,"robots_max_snippet":null,"robots_max_videopreview":null,"robots_max_imagepreview":"large","priority":null,"frequency":null,"local_seo":null,"seo_analyzer_scan_date":"2025-10-08 04:04:10","breadcrumb_settings":null,"limit_modified_date":false,"open_ai":null,"ai":null,"created":"2020-12-21 12:07:38","updated":"2025-10-08 04:04:10","focus_keyword":null,"additional_keywords":null,"truseo_locale":null},"aioseo_breadcrumb":"<div class=\"aioseo-breadcrumbs\"><span class=\"aioseo-breadcrumb\">\n\t<a href=\"https:\/\/www.eldigitaldeasturias.com\/noticias\" title=\"Home\">Home<\/a>\n<\/span><span class=\"aioseo-breadcrumb-separator\">\u2013<\/span><span class=\"aioseo-breadcrumb\">\n\t<a href=\"https:\/\/www.eldigitaldeasturias.com\/noticias\/category\/actualidad\/\" title=\"Actualidad\">Actualidad<\/a>\n<\/span><span class=\"aioseo-breadcrumb-separator\">\u2013<\/span><span class=\"aioseo-breadcrumb\">\n\t<a href=\"https:\/\/www.eldigitaldeasturias.com\/noticias\/los-farmaceuticos-se-suman-a-la-lucha-contra-la-violencia-de-genero\/\" title=\"Los farmac\u00e9uticos se suman a la lucha contra la violencia de g\u00e9nero\">Los farmac\u00e9uticos se suman a la lucha contra la violencia de g\u00e9nero<\/a>\n<\/span><\/div>","aioseo_breadcrumb_json":[{"label":"Home","link":"https:\/\/www.eldigitaldeasturias.com\/noticias"},{"label":"Actualidad","link":"https:\/\/www.eldigitaldeasturias.com\/noticias\/category\/actualidad\/"},{"label":"Los farmac\u00e9uticos se suman a la lucha contra la violencia de g\u00e9nero","link":"https:\/\/www.eldigitaldeasturias.com\/noticias\/los-farmaceuticos-se-suman-a-la-lucha-contra-la-violencia-de-genero\/"}],"_links":{"self":[{"href":"https:\/\/www.eldigitaldeasturias.com\/noticias\/wp-json\/wp\/v2\/posts\/976497","targetHints":{"allow":["GET"]}}],"collection":[{"href":"https:\/\/www.eldigitaldeasturias.com\/noticias\/wp-json\/wp\/v2\/posts"}],"about":[{"href":"https:\/\/www.eldigitaldeasturias.com\/noticias\/wp-json\/wp\/v2\/types\/post"}],"author":[{"embeddable":true,"href":"https:\/\/www.eldigitaldeasturias.com\/noticias\/wp-json\/wp\/v2\/users\/1"}],"replies":[{"embeddable":true,"href":"https:\/\/www.eldigitaldeasturias.com\/noticias\/wp-json\/wp\/v2\/comments?post=976497"}],"version-history":[{"count":0,"href":"https:\/\/www.eldigitaldeasturias.com\/noticias\/wp-json\/wp\/v2\/posts\/976497\/revisions"}],"wp:attachment":[{"href":"https:\/\/www.eldigitaldeasturias.com\/noticias\/wp-json\/wp\/v2\/media?parent=976497"}],"wp:term":[{"taxonomy":"category","embeddable":true,"href":"https:\/\/www.eldigitaldeasturias.com\/noticias\/wp-json\/wp\/v2\/categories?post=976497"},{"taxonomy":"post_tag","embeddable":true,"href":"https:\/\/www.eldigitaldeasturias.com\/noticias\/wp-json\/wp\/v2\/tags?post=976497"}],"curies":[{"name":"wp","href":"https:\/\/api.w.org\/{rel}","templated":true}]}}