{"id":976369,"date":"2018-04-17T15:01:11","date_gmt":"2018-04-17T15:01:11","guid":{"rendered":"http:\/\/www.eldigitaldeasturias.com\/noticias\/?p=976369"},"modified":"2018-04-17T15:01:11","modified_gmt":"2018-04-17T15:01:11","slug":"pedro-sanchez-el-secesionismo-debe-independizarse-de-puigdemont","status":"publish","type":"post","link":"https:\/\/www.eldigitaldeasturias.com\/noticias\/pedro-sanchez-el-secesionismo-debe-independizarse-de-puigdemont\/","title":{"rendered":"Pedro S\u00e1nchez: \u201cEl secesionismo debe independizarse de Puigdemont\u00bb"},"content":{"rendered":"<p><img loading=\"lazy\" decoding=\"async\" class=\"alignleft size-medium wp-image-793321\" src=\"https:\/\/www.eldigitaldeasturias.com\/noticias\/wp-content\/uploads\/2015\/07\/pedro-sanchez-360x240.jpg\" alt=\"\" width=\"360\" height=\"240\" \/>La renuncia a su falso m\u00e1ster que ha anunciado hoy Cristina Cifuentes demuestra que \u201cha mentido\u201d y, por eso, el secretario general del PSOE considera que la renuncia no es suficiente y que en la comunidad se debe producir un cambio de gobierno que devuelva a los ciudadanos el prestigio de sus instituciones. Pedro S\u00e1nchez defiende que el esc\u00e1ndalo en torno al caso Cifuentes coloca a la comunidad madrile\u00f1a en la necesidad de \u201cabrir un tiempo nuevo\u201d tras 20 a\u00f1os de gobierno del PP. Un PP que para el l\u00edder socialista es el mismo de siempre: \u201cNo hay un viejo PP y un nuevo PP. Es el PP de siempre y para regenerarse debe pasar a la oposici\u00f3n\u201d. S\u00e1nchez ha vuelto a denunciar que ya han pasado 12 d\u00edas desde que el Partido Socialista madrile\u00f1o registr\u00f3 en la Asamblea una moci\u00f3n de censura contra Cifuentes y el debate a\u00fan no tiene fecha. Una moci\u00f3n de censura que debe desalojar al PP y dar paso a un gobierno \u201cviable, posible y progresista\u201d, liderado por \u00c1ngel Gabilondo, y en el que Podemos y Ciudadanos \u201cse sientan c\u00f3modos\u201d.<\/p>\n<p>Pedro S\u00e1nchez, en una entrevista en Las Ma\u00f1anas de RNE, ha vuelto a reprochar a Albert Rivera su c\u00e1lculo electoral en la crisis madrile\u00f1a y le ha recordado que s\u00f3lo hay 2 opciones: \u201cO se est\u00e1 con la regeneraci\u00f3n o se est\u00e1 perpetuando una inestabilidad injusta para todos los madrile\u00f1os\u201d. \u201cRivera est\u00e1 buscando una salida al PP de Madrid y no una salida que termine con el desprestigio de las instituciones y con la corrupci\u00f3n generalizada en el PP madrile\u00f1o\u201d, ha conclu\u00eddo el secretario general socialista. S\u00e1nchez ha recordado que la guerra fr\u00eda entre PP y Ciudadanos por disputarse el poder est\u00e1 llevando al<\/p>\n<p>pa\u00eds a una par\u00e1lisis en todos los niveles, que afecta a Madrid, pero tambi\u00e9n a la situaci\u00f3n pol\u00edtica en Catalu\u00f1a. En resumen, para S\u00e1nchez, el partido de Rivera no se puede conformar \u201ccon cambiar alguien del PP por alguien del PP\u201d, sino que debe apoyar la moci\u00f3n de censura porque Madrid \u201cmerece una oportunidad\u201d.<\/p>\n<p>Lo de Cifuentes, prosigue el l\u00edder socialista, se trata de una instrumentalizaci\u00f3n de las instituciones p\u00fablicas para beneficio personal. Es, adem\u00e1s, \u201cun caso de falsificaci\u00f3n documental porque la presidenta madrile\u00f1a ha utilizado su cargo p\u00fablico para inflar su curr\u00edculum y conseguir un m\u00e1ster regalado\u201d. Renunciar ahora al t\u00edtulo de posgrado, insiste S\u00e1nchez, demuestra la mentira de Cristina Cifuentes que debe irse para que en Madrid \u201cse abra un tiempo nuevo\u201d. Por tanto, la renuncia al m\u00e1ster es \u201ccondici\u00f3n necesaria, pero no suficiente\u201d.<\/p>\n<p><strong>El secesionismo debe independizarse de Puigdemont<\/strong><\/p>\n<p>La entrevista en la radio p\u00fablica ha abordado tambi\u00e9n la situaci\u00f3n pol\u00edtica en Catalu\u00f1a. Para Pedro S\u00e1nchez, \u201clo que quiere Carles Puigdemont es ir a nuevas elecciones\u201d. Otra cita electoral que lo \u00fanico que hace es perpetuar la inestabilidad en Catalu\u00f1a y en toda Espa\u00f1a, opina el secretario general del PSOE. Es por ello que ha hecho un llamamiento a ERC y al pdCat para que pueda superarse este escenario pol\u00edtico: que se independicen de Puigdemont. S\u00e1nchez defiende que los partidos secesionistas deben abrir una reflexi\u00f3n sobre las posibles salidas y esta reflexi\u00f3n debe ir dirigida a elegir \u201csi contin\u00faan siendo rehenes de su estrategia personalista o si dan un paso atr\u00e1s y quieren independizarse de una persona que ha situado fuera de todos los par\u00e1metros legales\u201d. \u201cDeben decidir si quieren ser mayores de edad y abandonar la casa de Puigdemont para ofrecer a todos los catalanes un horizonte de estabilidad\u201d.<\/p>\n<p>\u201cDeben recuperarse los puentes y dialogar\u201d, prosigue Pedro S\u00e1nchez. Y en este escenario ha criticado la pasividad y la falta de iniciativa de Ciudadanos, que gan\u00f3 las elecciones en Catalu\u00f1a. \u201c\u00bfQu\u00e9 pol\u00edtica est\u00e1n haciendo? \u00bfQu\u00e9 est\u00e1n haciendo para superar este bloqueo? \u00bfHacen algo?\u201d, se ha preguntado, para se\u00f1alar que \u201cme preocupa mucho esta colaboraci\u00f3n pasiva entre el Partido Popular y Ciudadanos\u201d en lo tocante a la crisis catalana. \u201cTienen los votos, pero Arrimadas no hace nada\u201d, apostilla.<\/p>\n<p>S\u00e1nchez ha criticado, igualmente, tanto a Ciudadanos como a Podemos por su comportamiento y actitud ante las posibles salidas a la situaci\u00f3n en Catalu\u00f1a y a la crisis territorial. De este modo, ha recordado a estas dos formaciones su ausencia parlamentaria en la Comisi\u00f3n Territorial para la Evaluaci\u00f3n y la Modernizaci\u00f3n del Estado Auton\u00f3mico que lleva meses trabajando en el Congreso de los Diputados. Una falta de participaci\u00f3n que para el l\u00edder del PSOE significa que los partidos que \u201cdijeron que ven\u00edan a regenerar Espa\u00f1a han dimitido de sus responsabilidades en la crisis territorial\u201d.<\/p>\n<p><strong>El PP bloquea la renovaci\u00f3n de RTVE<\/strong><\/p>\n<p>Hay acuerdo de todos los grupos parlamentarios para la renovaci\u00f3n inmediata del consejo de administraci\u00f3n de la corporaci\u00f3n RTVE. Menos del PP que no se ha sumado al documento acordado para poner en marcha un concurso p\u00fablico que terminar\u00e1 con la elecci\u00f3n de un nuevo presidente y de la c\u00fapula de la radio y televisi\u00f3n p\u00fablicas. El PP bloquea la renovaci\u00f3n porque el proceso parlamentario est\u00e1 en manos de la presidenta del Congreso y del presidente del Senado y \u201cespero que, al final, se sume\u201d, dice S\u00e1nchez, para que los trabajadores y las trabajadoras de RTVE \u201cdisfruten de un consejo de administraci\u00f3n comprometido con la pluralidad\u201d.<\/p>\n","protected":false},"excerpt":{"rendered":"<p>La renuncia a su falso m\u00e1ster que ha anunciado hoy Cristina Cifuentes demuestra que \u201cha mentido\u201d y, por eso, el secretario general del PSOE considera que la renuncia no es suficiente y que en la comunidad se debe producir un cambio de gobierno que devuelva a los ciudadanos el prestigio de sus instituciones. Pedro S\u00e1nchez [&hellip;]<\/p>\n","protected":false},"author":1,"featured_media":793321,"comment_status":"closed","ping_status":"closed","sticky":false,"template":"","format":"standard","meta":{"footnotes":""},"categories":[1],"tags":[],"class_list":["post-976369","post","type-post","status-publish","format-standard","has-post-thumbnail","hentry","category-actualidad"],"aioseo_notices":[],"aioseo_head":"\n\t\t<!-- All in One SEO Pro 5.0.1 - aioseo.com -->\n\t<meta name=\"description\" content=\"La renuncia a su falso m\u00e1ster que ha anunciado hoy Cristina Cifuentes demuestra que \u201cha mentido\u201d y, por eso, el secretario general del PSOE considera que la renuncia no es suficiente y que en la comunidad se debe producir un cambio de gobierno que devuelva a los ciudadanos el prestigio de sus instituciones. Pedro S\u00e1nchez\" \/>\n\t<meta name=\"robots\" content=\"max-image-preview:large\" \/>\n\t<meta name=\"author\" content=\"El Digital de Asturias\"\/>\n\t<meta name=\"google-site-verification\" content=\"UA-38556648-1\" \/>\n\t<meta name=\"msvalidate.01\" content=\"7dfe9f3f1b24437ab69f4f2559babe99\" \/>\n\t<meta name=\"keywords\" content=\"actualidad\" \/>\n\t<link rel=\"canonical\" href=\"https:\/\/www.eldigitaldeasturias.com\/noticias\/pedro-sanchez-el-secesionismo-debe-independizarse-de-puigdemont\/\" \/>\n\t<meta name=\"generator\" content=\"All in One SEO Pro (AIOSEO) 5.0.1\" \/>\n\t\t<meta property=\"og:locale\" content=\"es_ES\" \/>\n\t\t<meta property=\"og:site_name\" content=\"El Digital de Asturias\" \/>\n\t\t<meta property=\"og:type\" content=\"article\" \/>\n\t\t<meta property=\"og:title\" content=\"Pedro S\u00e1nchez: \u201cEl secesionismo debe independizarse de Puigdemont\u00bb - El Digital de Asturias\" \/>\n\t\t<meta property=\"og:description\" content=\"La renuncia a su falso m\u00e1ster que ha anunciado hoy Cristina Cifuentes demuestra que \u201cha mentido\u201d y, por eso, el secretario general del PSOE considera que la renuncia no es suficiente y que en la comunidad se debe producir un cambio de gobierno que devuelva a los ciudadanos el prestigio de sus instituciones. Pedro S\u00e1nchez\" \/>\n\t\t<meta property=\"og:url\" content=\"https:\/\/www.eldigitaldeasturias.com\/noticias\/pedro-sanchez-el-secesionismo-debe-independizarse-de-puigdemont\/\" \/>\n\t\t<meta property=\"article:tag\" content=\"actualidad\" \/>\n\t\t<meta property=\"article:published_time\" content=\"2018-04-17T15:01:11+00:00\" \/>\n\t\t<meta property=\"article:modified_time\" content=\"2018-04-17T15:01:11+00:00\" \/>\n\t\t<meta property=\"article:publisher\" content=\"https:\/\/facebook.com\/eldigitaldeasturias\" \/>\n\t\t<meta name=\"twitter:card\" content=\"summary_large_image\" \/>\n\t\t<meta name=\"twitter:title\" content=\"Pedro S\u00e1nchez: \u201cEl secesionismo debe independizarse de Puigdemont\u00bb - El Digital de Asturias\" \/>\n\t\t<meta name=\"twitter:description\" content=\"La renuncia a su falso m\u00e1ster que ha anunciado hoy Cristina Cifuentes demuestra que \u201cha mentido\u201d y, por eso, el secretario general del PSOE considera que la renuncia no es suficiente y que en la comunidad se debe producir un cambio de gobierno que devuelva a los ciudadanos el prestigio de sus instituciones. Pedro S\u00e1nchez\" \/>\n\t\t<meta name=\"twitter:image\" content=\"https:\/\/www.eldigitaldeasturias.com\/noticias\/wp-content\/uploads\/2020\/12\/EDA-1.jpg\" \/>\n\t\t<meta name=\"twitter:label1\" content=\"Escrito por\" \/>\n\t\t<meta name=\"twitter:data1\" content=\"El Digital de Asturias\" \/>\n\t\t<meta name=\"twitter:label2\" content=\"Tiempo de lectura estimado\" \/>\n\t\t<meta name=\"twitter:data2\" content=\"5 minutos\" \/>\n\t\t<script type=\"application\/ld+json\" class=\"aioseo-schema\">\n\t\t\t{\"@context\":\"https:\\\/\\\/schema.org\",\"@graph\":[{\"@type\":\"BlogPosting\",\"@id\":\"https:\\\/\\\/www.eldigitaldeasturias.com\\\/noticias\\\/pedro-sanchez-el-secesionismo-debe-independizarse-de-puigdemont\\\/#blogposting\",\"name\":\"Pedro S\\u00e1nchez: \\u201cEl secesionismo debe independizarse de Puigdemont\\u00bb - El Digital de Asturias\",\"headline\":\"Pedro S\\u00e1nchez: \\u201cEl secesionismo debe independizarse de Puigdemont\\u00bb\",\"author\":{\"@id\":\"https:\\\/\\\/www.eldigitaldeasturias.com\\\/noticias\\\/author\\\/admin\\\/#author\"},\"publisher\":{\"@id\":\"https:\\\/\\\/www.eldigitaldeasturias.com\\\/noticias\\\/#organization\"},\"image\":{\"@type\":\"ImageObject\",\"url\":793321},\"datePublished\":\"2018-04-17T15:01:11+02:00\",\"dateModified\":\"2018-04-17T15:01:11+02:00\",\"inLanguage\":\"es-ES\",\"mainEntityOfPage\":{\"@id\":\"https:\\\/\\\/www.eldigitaldeasturias.com\\\/noticias\\\/pedro-sanchez-el-secesionismo-debe-independizarse-de-puigdemont\\\/#webpage\"},\"isPartOf\":{\"@id\":\"https:\\\/\\\/www.eldigitaldeasturias.com\\\/noticias\\\/pedro-sanchez-el-secesionismo-debe-independizarse-de-puigdemont\\\/#webpage\"},\"articleSection\":\"Actualidad\"},{\"@type\":\"BreadcrumbList\",\"@id\":\"https:\\\/\\\/www.eldigitaldeasturias.com\\\/noticias\\\/pedro-sanchez-el-secesionismo-debe-independizarse-de-puigdemont\\\/#breadcrumblist\",\"itemListElement\":[{\"@type\":\"ListItem\",\"@id\":\"https:\\\/\\\/www.eldigitaldeasturias.com\\\/noticias#listItem\",\"position\":1,\"name\":\"Home\",\"item\":\"https:\\\/\\\/www.eldigitaldeasturias.com\\\/noticias\",\"nextItem\":{\"@type\":\"ListItem\",\"@id\":\"https:\\\/\\\/www.eldigitaldeasturias.com\\\/noticias\\\/category\\\/actualidad\\\/#listItem\",\"name\":\"Actualidad\"}},{\"@type\":\"ListItem\",\"@id\":\"https:\\\/\\\/www.eldigitaldeasturias.com\\\/noticias\\\/category\\\/actualidad\\\/#listItem\",\"position\":2,\"name\":\"Actualidad\",\"item\":\"https:\\\/\\\/www.eldigitaldeasturias.com\\\/noticias\\\/category\\\/actualidad\\\/\",\"nextItem\":{\"@type\":\"ListItem\",\"@id\":\"https:\\\/\\\/www.eldigitaldeasturias.com\\\/noticias\\\/pedro-sanchez-el-secesionismo-debe-independizarse-de-puigdemont\\\/#listItem\",\"name\":\"Pedro S\\u00e1nchez: \\u201cEl secesionismo debe independizarse de Puigdemont\\u00bb\"},\"previousItem\":{\"@type\":\"ListItem\",\"@id\":\"https:\\\/\\\/www.eldigitaldeasturias.com\\\/noticias#listItem\",\"name\":\"Home\"}},{\"@type\":\"ListItem\",\"@id\":\"https:\\\/\\\/www.eldigitaldeasturias.com\\\/noticias\\\/pedro-sanchez-el-secesionismo-debe-independizarse-de-puigdemont\\\/#listItem\",\"position\":3,\"name\":\"Pedro S\\u00e1nchez: \\u201cEl secesionismo debe independizarse de Puigdemont\\u00bb\",\"previousItem\":{\"@type\":\"ListItem\",\"@id\":\"https:\\\/\\\/www.eldigitaldeasturias.com\\\/noticias\\\/category\\\/actualidad\\\/#listItem\",\"name\":\"Actualidad\"}}]},{\"@type\":\"Organization\",\"@id\":\"https:\\\/\\\/www.eldigitaldeasturias.com\\\/noticias\\\/#organization\",\"name\":\"El Digital de Asturias\",\"description\":\"Hemeroteca\",\"url\":\"https:\\\/\\\/www.eldigitaldeasturias.com\\\/noticias\\\/\",\"email\":\"info@eldigitaldeasturias.com\",\"telephone\":\"+34652131393\",\"logo\":{\"@type\":\"ImageObject\",\"url\":\"https:\\\/\\\/www.eldigitaldeasturias.com\\\/noticias\\\/wp-content\\\/uploads\\\/2020\\\/12\\\/EDA.jpg\",\"@id\":\"https:\\\/\\\/www.eldigitaldeasturias.com\\\/noticias\\\/pedro-sanchez-el-secesionismo-debe-independizarse-de-puigdemont\\\/#organizationLogo\"},\"image\":{\"@id\":\"https:\\\/\\\/www.eldigitaldeasturias.com\\\/noticias\\\/pedro-sanchez-el-secesionismo-debe-independizarse-de-puigdemont\\\/#organizationLogo\"},\"sameAs\":[\"https:\\\/\\\/facebook.com\\\/eldigitaldeasturias\",\"https:\\\/\\\/www.youtube.com\\\/channel\\\/UCZP-2wLEB9Rv6erhFmqVnvg\"],\"address\":{\"@id\":\"https:\\\/\\\/www.eldigitaldeasturias.com\\\/noticias\\\/#postaladdress\",\"@type\":\"PostalAddress\",\"streetAddress\":\"san antonio 4\",\"postalCode\":\"33430\",\"addressLocality\":\"Cand\\u00e1s\",\"addressRegion\":\"Asturias\",\"addressCountry\":\"ES\"}},{\"@type\":\"Person\",\"@id\":\"https:\\\/\\\/www.eldigitaldeasturias.com\\\/noticias\\\/author\\\/admin\\\/#author\",\"url\":\"https:\\\/\\\/www.eldigitaldeasturias.com\\\/noticias\\\/author\\\/admin\\\/\",\"name\":\"El Digital de Asturias\",\"image\":{\"@type\":\"ImageObject\",\"@id\":\"https:\\\/\\\/www.eldigitaldeasturias.com\\\/noticias\\\/pedro-sanchez-el-secesionismo-debe-independizarse-de-puigdemont\\\/#authorImage\",\"url\":\"https:\\\/\\\/secure.gravatar.com\\\/avatar\\\/df2aeffc32bcd13f8d26072ef8a91b623d677766deac7f97ca815868cd41bf5e?s=96&d=mm&r=g\",\"width\":96,\"height\":96,\"caption\":\"El Digital de Asturias\"}},{\"@type\":\"WebPage\",\"@id\":\"https:\\\/\\\/www.eldigitaldeasturias.com\\\/noticias\\\/pedro-sanchez-el-secesionismo-debe-independizarse-de-puigdemont\\\/#webpage\",\"url\":\"https:\\\/\\\/www.eldigitaldeasturias.com\\\/noticias\\\/pedro-sanchez-el-secesionismo-debe-independizarse-de-puigdemont\\\/\",\"name\":\"Pedro S\\u00e1nchez: \\u201cEl secesionismo debe independizarse de Puigdemont\\u00bb - El Digital de Asturias\",\"description\":\"La renuncia a su falso m\\u00e1ster que ha anunciado hoy Cristina Cifuentes demuestra que \\u201cha mentido\\u201d y, por eso, el secretario general del PSOE considera que la renuncia no es suficiente y que en la comunidad se debe producir un cambio de gobierno que devuelva a los ciudadanos el prestigio de sus instituciones. Pedro S\\u00e1nchez\",\"inLanguage\":\"es-ES\",\"isPartOf\":{\"@id\":\"https:\\\/\\\/www.eldigitaldeasturias.com\\\/noticias\\\/#website\"},\"breadcrumb\":{\"@id\":\"https:\\\/\\\/www.eldigitaldeasturias.com\\\/noticias\\\/pedro-sanchez-el-secesionismo-debe-independizarse-de-puigdemont\\\/#breadcrumblist\"},\"author\":{\"@id\":\"https:\\\/\\\/www.eldigitaldeasturias.com\\\/noticias\\\/author\\\/admin\\\/#author\"},\"creator\":{\"@id\":\"https:\\\/\\\/www.eldigitaldeasturias.com\\\/noticias\\\/author\\\/admin\\\/#author\"},\"image\":{\"@type\":\"ImageObject\",\"url\":793321,\"@id\":\"https:\\\/\\\/www.eldigitaldeasturias.com\\\/noticias\\\/pedro-sanchez-el-secesionismo-debe-independizarse-de-puigdemont\\\/#mainImage\"},\"primaryImageOfPage\":{\"@id\":\"https:\\\/\\\/www.eldigitaldeasturias.com\\\/noticias\\\/pedro-sanchez-el-secesionismo-debe-independizarse-de-puigdemont\\\/#mainImage\"},\"datePublished\":\"2018-04-17T15:01:11+02:00\",\"dateModified\":\"2018-04-17T15:01:11+02:00\"},{\"@type\":\"WebSite\",\"@id\":\"https:\\\/\\\/www.eldigitaldeasturias.com\\\/noticias\\\/#website\",\"url\":\"https:\\\/\\\/www.eldigitaldeasturias.com\\\/noticias\\\/\",\"name\":\"El Digital de Asturias - Diario de actualidad y noticias\",\"alternateName\":\"El Digital de Asturias - Diario de actualidad y noticias\",\"description\":\"Hemeroteca\",\"inLanguage\":\"es-ES\",\"publisher\":{\"@id\":\"https:\\\/\\\/www.eldigitaldeasturias.com\\\/noticias\\\/#organization\"}}]}\n\t\t<\/script>\n\t\t<!-- All in One SEO Pro -->\r\n\t\t<title>Pedro S\u00e1nchez: \u201cEl secesionismo debe independizarse de Puigdemont\u00bb - El Digital de Asturias<\/title>\n\n","aioseo_head_json":{"title":"Pedro S\u00e1nchez: \u201cEl secesionismo debe independizarse de Puigdemont\u00bb - El Digital de Asturias","description":"La renuncia a su falso m\u00e1ster que ha anunciado hoy Cristina Cifuentes demuestra que \u201cha mentido\u201d y, por eso, el secretario general del PSOE considera que la renuncia no es suficiente y que en la comunidad se debe producir un cambio de gobierno que devuelva a los ciudadanos el prestigio de sus instituciones. Pedro S\u00e1nchez","canonical_url":"https:\/\/www.eldigitaldeasturias.com\/noticias\/pedro-sanchez-el-secesionismo-debe-independizarse-de-puigdemont\/","robots":"max-image-preview:large","keywords":"actualidad","webmasterTools":{"google-site-verification":"UA-38556648-1","msvalidate.01":"7dfe9f3f1b24437ab69f4f2559babe99","miscellaneous":""},"schema":{"@context":"https:\/\/schema.org","@graph":[{"@type":"BlogPosting","@id":"https:\/\/www.eldigitaldeasturias.com\/noticias\/pedro-sanchez-el-secesionismo-debe-independizarse-de-puigdemont\/#blogposting","name":"Pedro S\u00e1nchez: \u201cEl secesionismo debe independizarse de Puigdemont\u00bb - El Digital de Asturias","headline":"Pedro S\u00e1nchez: \u201cEl secesionismo debe independizarse de Puigdemont\u00bb","author":{"@id":"https:\/\/www.eldigitaldeasturias.com\/noticias\/author\/admin\/#author"},"publisher":{"@id":"https:\/\/www.eldigitaldeasturias.com\/noticias\/#organization"},"image":{"@type":"ImageObject","url":793321},"datePublished":"2018-04-17T15:01:11+02:00","dateModified":"2018-04-17T15:01:11+02:00","inLanguage":"es-ES","mainEntityOfPage":{"@id":"https:\/\/www.eldigitaldeasturias.com\/noticias\/pedro-sanchez-el-secesionismo-debe-independizarse-de-puigdemont\/#webpage"},"isPartOf":{"@id":"https:\/\/www.eldigitaldeasturias.com\/noticias\/pedro-sanchez-el-secesionismo-debe-independizarse-de-puigdemont\/#webpage"},"articleSection":"Actualidad"},{"@type":"BreadcrumbList","@id":"https:\/\/www.eldigitaldeasturias.com\/noticias\/pedro-sanchez-el-secesionismo-debe-independizarse-de-puigdemont\/#breadcrumblist","itemListElement":[{"@type":"ListItem","@id":"https:\/\/www.eldigitaldeasturias.com\/noticias#listItem","position":1,"name":"Home","item":"https:\/\/www.eldigitaldeasturias.com\/noticias","nextItem":{"@type":"ListItem","@id":"https:\/\/www.eldigitaldeasturias.com\/noticias\/category\/actualidad\/#listItem","name":"Actualidad"}},{"@type":"ListItem","@id":"https:\/\/www.eldigitaldeasturias.com\/noticias\/category\/actualidad\/#listItem","position":2,"name":"Actualidad","item":"https:\/\/www.eldigitaldeasturias.com\/noticias\/category\/actualidad\/","nextItem":{"@type":"ListItem","@id":"https:\/\/www.eldigitaldeasturias.com\/noticias\/pedro-sanchez-el-secesionismo-debe-independizarse-de-puigdemont\/#listItem","name":"Pedro S\u00e1nchez: \u201cEl secesionismo debe independizarse de Puigdemont\u00bb"},"previousItem":{"@type":"ListItem","@id":"https:\/\/www.eldigitaldeasturias.com\/noticias#listItem","name":"Home"}},{"@type":"ListItem","@id":"https:\/\/www.eldigitaldeasturias.com\/noticias\/pedro-sanchez-el-secesionismo-debe-independizarse-de-puigdemont\/#listItem","position":3,"name":"Pedro S\u00e1nchez: \u201cEl secesionismo debe independizarse de Puigdemont\u00bb","previousItem":{"@type":"ListItem","@id":"https:\/\/www.eldigitaldeasturias.com\/noticias\/category\/actualidad\/#listItem","name":"Actualidad"}}]},{"@type":"Organization","@id":"https:\/\/www.eldigitaldeasturias.com\/noticias\/#organization","name":"El Digital de Asturias","description":"Hemeroteca","url":"https:\/\/www.eldigitaldeasturias.com\/noticias\/","email":"info@eldigitaldeasturias.com","telephone":"+34652131393","logo":{"@type":"ImageObject","url":"https:\/\/www.eldigitaldeasturias.com\/noticias\/wp-content\/uploads\/2020\/12\/EDA.jpg","@id":"https:\/\/www.eldigitaldeasturias.com\/noticias\/pedro-sanchez-el-secesionismo-debe-independizarse-de-puigdemont\/#organizationLogo"},"image":{"@id":"https:\/\/www.eldigitaldeasturias.com\/noticias\/pedro-sanchez-el-secesionismo-debe-independizarse-de-puigdemont\/#organizationLogo"},"sameAs":["https:\/\/facebook.com\/eldigitaldeasturias","https:\/\/www.youtube.com\/channel\/UCZP-2wLEB9Rv6erhFmqVnvg"],"address":{"@id":"https:\/\/www.eldigitaldeasturias.com\/noticias\/#postaladdress","@type":"PostalAddress","streetAddress":"san antonio 4","postalCode":"33430","addressLocality":"Cand\u00e1s","addressRegion":"Asturias","addressCountry":"ES"}},{"@type":"Person","@id":"https:\/\/www.eldigitaldeasturias.com\/noticias\/author\/admin\/#author","url":"https:\/\/www.eldigitaldeasturias.com\/noticias\/author\/admin\/","name":"El Digital de Asturias","image":{"@type":"ImageObject","@id":"https:\/\/www.eldigitaldeasturias.com\/noticias\/pedro-sanchez-el-secesionismo-debe-independizarse-de-puigdemont\/#authorImage","url":"https:\/\/secure.gravatar.com\/avatar\/df2aeffc32bcd13f8d26072ef8a91b623d677766deac7f97ca815868cd41bf5e?s=96&d=mm&r=g","width":96,"height":96,"caption":"El Digital de Asturias"}},{"@type":"WebPage","@id":"https:\/\/www.eldigitaldeasturias.com\/noticias\/pedro-sanchez-el-secesionismo-debe-independizarse-de-puigdemont\/#webpage","url":"https:\/\/www.eldigitaldeasturias.com\/noticias\/pedro-sanchez-el-secesionismo-debe-independizarse-de-puigdemont\/","name":"Pedro S\u00e1nchez: \u201cEl secesionismo debe independizarse de Puigdemont\u00bb - El Digital de Asturias","description":"La renuncia a su falso m\u00e1ster que ha anunciado hoy Cristina Cifuentes demuestra que \u201cha mentido\u201d y, por eso, el secretario general del PSOE considera que la renuncia no es suficiente y que en la comunidad se debe producir un cambio de gobierno que devuelva a los ciudadanos el prestigio de sus instituciones. Pedro S\u00e1nchez","inLanguage":"es-ES","isPartOf":{"@id":"https:\/\/www.eldigitaldeasturias.com\/noticias\/#website"},"breadcrumb":{"@id":"https:\/\/www.eldigitaldeasturias.com\/noticias\/pedro-sanchez-el-secesionismo-debe-independizarse-de-puigdemont\/#breadcrumblist"},"author":{"@id":"https:\/\/www.eldigitaldeasturias.com\/noticias\/author\/admin\/#author"},"creator":{"@id":"https:\/\/www.eldigitaldeasturias.com\/noticias\/author\/admin\/#author"},"image":{"@type":"ImageObject","url":793321,"@id":"https:\/\/www.eldigitaldeasturias.com\/noticias\/pedro-sanchez-el-secesionismo-debe-independizarse-de-puigdemont\/#mainImage"},"primaryImageOfPage":{"@id":"https:\/\/www.eldigitaldeasturias.com\/noticias\/pedro-sanchez-el-secesionismo-debe-independizarse-de-puigdemont\/#mainImage"},"datePublished":"2018-04-17T15:01:11+02:00","dateModified":"2018-04-17T15:01:11+02:00"},{"@type":"WebSite","@id":"https:\/\/www.eldigitaldeasturias.com\/noticias\/#website","url":"https:\/\/www.eldigitaldeasturias.com\/noticias\/","name":"El Digital de Asturias - Diario de actualidad y noticias","alternateName":"El Digital de Asturias - Diario de actualidad y noticias","description":"Hemeroteca","inLanguage":"es-ES","publisher":{"@id":"https:\/\/www.eldigitaldeasturias.com\/noticias\/#organization"}}]},"og:locale":"es_ES","og:site_name":"El Digital de Asturias","og:type":"article","og:title":"Pedro S\u00e1nchez: \u201cEl secesionismo debe independizarse de Puigdemont\u00bb - El Digital de Asturias","og:description":"La renuncia a su falso m\u00e1ster que ha anunciado hoy Cristina Cifuentes demuestra que \u201cha mentido\u201d y, por eso, el secretario general del PSOE considera que la renuncia no es suficiente y que en la comunidad se debe producir un cambio de gobierno que devuelva a los ciudadanos el prestigio de sus instituciones. Pedro S\u00e1nchez","og:url":"https:\/\/www.eldigitaldeasturias.com\/noticias\/pedro-sanchez-el-secesionismo-debe-independizarse-de-puigdemont\/","article:tag":["actualidad"],"article:published_time":"2018-04-17T15:01:11+00:00","article:modified_time":"2018-04-17T15:01:11+00:00","article:publisher":"https:\/\/facebook.com\/eldigitaldeasturias","twitter:card":"summary_large_image","twitter:title":"Pedro S\u00e1nchez: \u201cEl secesionismo debe independizarse de Puigdemont\u00bb - El Digital de Asturias","twitter:description":"La renuncia a su falso m\u00e1ster que ha anunciado hoy Cristina Cifuentes demuestra que \u201cha mentido\u201d y, por eso, el secretario general del PSOE considera que la renuncia no es suficiente y que en la comunidad se debe producir un cambio de gobierno que devuelva a los ciudadanos el prestigio de sus instituciones. Pedro S\u00e1nchez","twitter:image":"https:\/\/www.eldigitaldeasturias.com\/noticias\/wp-content\/uploads\/2020\/12\/EDA-1.jpg","twitter:label1":"Escrito por","twitter:data1":"El Digital de Asturias","twitter:label2":"Tiempo de lectura estimado","twitter:data2":"5 minutos"},"aioseo_meta_data":{"post_id":"976369","title":null,"description":null,"keywords":null,"keyphrases":null,"primary_term":null,"canonical_url":null,"og_title":null,"og_description":null,"og_object_type":"default","og_image_type":"default","og_image_url":null,"og_image_width":null,"og_image_height":null,"og_image_custom_url":null,"og_image_custom_fields":null,"og_video":null,"og_custom_url":null,"og_article_section":null,"og_article_tags":null,"twitter_use_og":false,"twitter_card":"default","twitter_image_type":"default","twitter_image_url":null,"twitter_image_custom_url":null,"twitter_image_custom_fields":null,"twitter_title":null,"twitter_description":null,"schema":{"blockGraphs":[],"customGraphs":[],"default":{"data":{"Article":[],"Course":[],"Dataset":[],"FAQPage":[],"Movie":[],"Person":[],"Product":[],"ProductReview":[],"Car":[],"Recipe":[],"Service":[],"SoftwareApplication":[],"WebPage":[]},"graphName":"","isEnabled":true},"graphs":[],"defaultGraph":"","defaultPostTypeGraph":""},"schema_type":null,"schema_type_options":null,"pillar_content":false,"robots_default":true,"robots_noindex":false,"robots_noarchive":false,"robots_nosnippet":false,"robots_nofollow":false,"robots_noimageindex":false,"robots_noodp":false,"robots_notranslate":false,"robots_max_snippet":null,"robots_max_videopreview":null,"robots_max_imagepreview":"large","priority":null,"frequency":null,"local_seo":null,"seo_analyzer_scan_date":"2025-10-08 03:38:01","breadcrumb_settings":null,"limit_modified_date":false,"open_ai":null,"ai":null,"created":"2020-12-21 12:08:36","updated":"2025-10-08 03:38:01","focus_keyword":null,"additional_keywords":null,"truseo_locale":null},"aioseo_breadcrumb":"<div class=\"aioseo-breadcrumbs\"><span class=\"aioseo-breadcrumb\">\n\t<a href=\"https:\/\/www.eldigitaldeasturias.com\/noticias\" title=\"Home\">Home<\/a>\n<\/span><span class=\"aioseo-breadcrumb-separator\">\u2013<\/span><span class=\"aioseo-breadcrumb\">\n\t<a href=\"https:\/\/www.eldigitaldeasturias.com\/noticias\/category\/actualidad\/\" title=\"Actualidad\">Actualidad<\/a>\n<\/span><span class=\"aioseo-breadcrumb-separator\">\u2013<\/span><span class=\"aioseo-breadcrumb\">\n\t<a href=\"https:\/\/www.eldigitaldeasturias.com\/noticias\/pedro-sanchez-el-secesionismo-debe-independizarse-de-puigdemont\/\" title=\"Pedro S\u00e1nchez: \u201cEl secesionismo debe independizarse de Puigdemont\u00bb\">Pedro S\u00e1nchez: \u201cEl secesionismo debe independizarse de Puigdemont\u00bb<\/a>\n<\/span><\/div>","aioseo_breadcrumb_json":[{"label":"Home","link":"https:\/\/www.eldigitaldeasturias.com\/noticias"},{"label":"Actualidad","link":"https:\/\/www.eldigitaldeasturias.com\/noticias\/category\/actualidad\/"},{"label":"Pedro S\u00e1nchez: \u201cEl secesionismo debe independizarse de Puigdemont\u00bb","link":"https:\/\/www.eldigitaldeasturias.com\/noticias\/pedro-sanchez-el-secesionismo-debe-independizarse-de-puigdemont\/"}],"_links":{"self":[{"href":"https:\/\/www.eldigitaldeasturias.com\/noticias\/wp-json\/wp\/v2\/posts\/976369","targetHints":{"allow":["GET"]}}],"collection":[{"href":"https:\/\/www.eldigitaldeasturias.com\/noticias\/wp-json\/wp\/v2\/posts"}],"about":[{"href":"https:\/\/www.eldigitaldeasturias.com\/noticias\/wp-json\/wp\/v2\/types\/post"}],"author":[{"embeddable":true,"href":"https:\/\/www.eldigitaldeasturias.com\/noticias\/wp-json\/wp\/v2\/users\/1"}],"replies":[{"embeddable":true,"href":"https:\/\/www.eldigitaldeasturias.com\/noticias\/wp-json\/wp\/v2\/comments?post=976369"}],"version-history":[{"count":0,"href":"https:\/\/www.eldigitaldeasturias.com\/noticias\/wp-json\/wp\/v2\/posts\/976369\/revisions"}],"wp:attachment":[{"href":"https:\/\/www.eldigitaldeasturias.com\/noticias\/wp-json\/wp\/v2\/media?parent=976369"}],"wp:term":[{"taxonomy":"category","embeddable":true,"href":"https:\/\/www.eldigitaldeasturias.com\/noticias\/wp-json\/wp\/v2\/categories?post=976369"},{"taxonomy":"post_tag","embeddable":true,"href":"https:\/\/www.eldigitaldeasturias.com\/noticias\/wp-json\/wp\/v2\/tags?post=976369"}],"curies":[{"name":"wp","href":"https:\/\/api.w.org\/{rel}","templated":true}]}}